{"id":9557,"date":"2013-08-26T06:30:19","date_gmt":"2013-08-26T05:30:19","guid":{"rendered":"http:\/\/www.emiliosilveravazquez.com\/blog\/?p=9557"},"modified":"2013-08-26T06:31:39","modified_gmt":"2013-08-26T05:31:39","slug":"el-universo-y-la-vida-3","status":"publish","type":"post","link":"http:\/\/www.emiliosilveravazquez.com\/blog\/2013\/08\/26\/el-universo-y-la-vida-3\/","title":{"rendered":"El Universo y la Vida"},"content":{"rendered":"<div>\n<blockquote>\n<p style=\"text-align: justify;\"><strong>&#8220;Los Cometas lo dieron y los cometas se lo llevaron&#8221;<\/strong><\/p>\n<\/blockquote>\n<p style=\"text-align: justify;\">Carl Sagan<\/p>\n<p style=\"text-align: justify;\"><img decoding=\"async\" loading=\"lazy\" id=\"irc_mi\" src=\"http:\/\/www.iac.es\/gabinete\/difus\/cometas\/cartel_640.jpg\" alt=\"\" width=\"555\" height=\"393\" \/><\/p>\n<p style=\"text-align: justify;\">A diferencia de los asteroides que viajan alrededor del Sol en \u00f3rbitas circulares confinadas al cintur\u00f3n de asteroides y al plano de la ecl\u00edptica, los cometas lo hacen en \u00f3rbitas el\u00edpticas inclinadas al azar con respecto al plano de la ecl\u00edptica. En la historia pasada, algunos de esos cometas, npos visitaron&#8230; \u00a1demasiado de cerca! Por otra parte, algunos dicen que puede ser que, precisamente, sea eso lo que trajo la vida a nuestro planeta.<\/p>\n<p style=\"text-align: justify;\"><img decoding=\"async\" loading=\"lazy\" id=\"irc_mi\" style=\"margin-top: 47px;\" src=\"http:\/\/3.bp.blogspot.com\/-BoQGFONzsTI\/UPFV4VmKu_I\/AAAAAAAAEtI\/J6GQNhhH9no\/s1600\/alfred6.JPG\" alt=\"\" width=\"400\" height=\"300\" \/><\/p>\n<p style=\"text-align: justify;\">Cuando un cometa se acerca al Sol, el calor solar vaporiza el hielo. Los gases liberados comienzan a brillar, formando una luminosa bola llamada coma. Empujados por el viento solar, estos gases luminosos forman una larga y brillante cola, en uno de los espect\u00e1culos m\u00e1s impresionantes que pueden contemplarse en el cielo nocturno.<\/p>\n<p style=\"text-align: justify;\">Como antes digo, m\u00e1s de uno apuesta por el hecho de que, la Vida en el planeta Tierra, fue tra\u00edda por alg\u00fan Cometa que impact\u00f3 con ella en el pasado. Si nos paramos a pensar un poco, caeremos en la cuenta de que, el hecho de que la Biblia sea tan buena lectura reside en que est\u00e1 llena de drama y espect\u00e1culo: fuego y azufre, se\u00f1ales en los cielos, diluvios, aguas que se separan, plagas y pestilencias. Si el mundo fue creado hace seis mil a\u00f1os, como muchos cristianos cre\u00edan en un tiempo (y algunos aparentemente todav\u00eda lo creen). Dios habr\u00eda estado verdaderamente ocupado en dar la forma actual a nuestro mundo, construyendo monta\u00f1as y oc\u00e9anos, excavando valles, moviendo glaciares\u2026 \u00a1En tan poco tiempo!<\/p>\n<p style=\"text-align: justify;\"><img decoding=\"async\" loading=\"lazy\" id=\"irc_mi\" style=\"margin-top: 0px;\" src=\"http:\/\/3.bp.blogspot.com\/_oiY85NKc8WU\/S-q742U_PhI\/AAAAAAAAABY\/EKAu7uhUcRM\/s1600\/imagenes-paisajes-niebla-montana.jpg\" alt=\"\" width=\"491\" height=\"393\" \/><\/p>\n<p style=\"text-align: justify;\">Cuando los ge\u00f3logos del siglo XVIII trataron de explicar las monta\u00f1as y los valles fluviales, los oc\u00e9anos salados y la glaciaci\u00f3n, los estratos rocosos y los f\u00f3siles en t\u00e9rminos de procesos f\u00edsicos antes que de acci\u00f3n divina, se dieron cuenta de que ser\u00edan necesarios muchos m\u00e1s de aquellos seis mil a\u00f1os para formar estos accidentes. Est\u00e1 claro que todos los accidentes de la Tierra han sido moldeados poco a poco por cambios sucesivos que se extendieron a lo largo de enormes per\u00edodos de tiempo. Son necesariosmuchos millones de a\u00f1os para asentar los sedimentos rocosos y levantar y erosionar las monta\u00f1as.<\/p>\n<p style=\"text-align: justify;\">As\u00ed que, el Diluvio de No\u00e9, la vor\u00e1gine volc\u00e1nica y los rayos celestiales deben ser atribu\u00eddos a otros \u00e1mbitos m\u00e1s naturales que fueron bien explicados por Charles Lyell, en su libro publicado en 1830 con el t\u00edtulo de Principios de Geolog\u00eda (el que se llev\u00f3 Darwin como compa\u00f1ero de viaje en su viaje alrededor del mundo en el Beagle).<\/p>\n<p style=\"text-align: justify;\"><em>Falla Azores-Gibraltar<\/em><\/p>\n<p style=\"text-align: justify;\"><strong><img decoding=\"async\" loading=\"lazy\" src=\"http:\/\/4.bp.blogspot.com\/_jZi-veZOenE\/TJpYMBFnO3I\/AAAAAAAAB6Y\/ESBV9BQTzZk\/s1600\/terremoto+lisboa.jpg\" alt=\"\" width=\"524\" height=\"323\" border=\"0\" \/><\/strong><img decoding=\"async\" loading=\"lazy\" id=\"irc_mi\" style=\"margin-top: 107px;\" src=\"http:\/\/t0.gstatic.com\/images?q=tbn:ANd9GcTWCUaBrUH-W2kjozKMORc_Y_mQACTH0jd1uJDep9zOEhXrru0lFw\" alt=\"\" width=\"390\" height=\"180\" \/><\/p>\n<p style=\"text-align: justify;\">La Falla de Azores-Gibraltar o Falla transformante de Azores-Gibraltar, llamada tambi\u00e9n Zona de falla de Azores-Gibraltar, es una gran falla geol\u00f3gica que se extiende hacia el este desde el final del \u201crift\u201d de Terceira en las Azores, prolong\u00e1ndose hacia el estrecho de Gibraltar hacia el Mar Mediterr\u00e1neo. Esta forma parte del l\u00edmite de placas entre la Placa Euroasi\u00e1tica y la Placa Africana. El tramo situado al este del Estrecho de Gibraltar est\u00e1 pobremente estudiado y es habitual considerarlo un l\u00edmite \u201cdifuso\u201d. En algunos puntos cerca de la Pen\u00ednsula It\u00e1lica algunos ge\u00f3logos creen que la falla conecta con una zona de subducci\u00f3n donde la placa Africana est\u00e1 subduciendo lentamente por debajo de la placa Euroasi\u00e1tica.<\/p>\n<p style=\"text-align: justify;\">Si miramos en retrospectiva, podemos ver que el uniformismo de James Hutton ten\u00eda un impulso ideol\u00f3gico: era una reacci\u00f3n contra contra las interpretaciones religiosas de la naturaleza. Al final, ha resultado ser una doctrina notablemente tozuda. La evidencia de cat\u00e1str\u00f3fes geol\u00f3gicas y biol\u00f3gicas repentinas fue obvia durante mucho tiempo, y pese a todo fue generalmente ignorada. Quienes llamaban la atenci\u00f3n sobre esto tend\u00edan a ser llamados charlatanes. Cuando el respetado astr\u00f3nomo Edmon Halley conjetur\u00f3 en 1694 que un cometa podr\u00eda chocar ocasionalmente con un planeta, su sugerencia no mereci\u00f3 ninguna atenci\u00f3n. El astr\u00f3nomo H.A. Proctor fue lo bastante temerario como para proponer que los cr\u00e1teres de la lunares podr\u00edan ser el resultado de impactos de meteoritos.<\/p>\n<p style=\"text-align: justify;\"><img decoding=\"async\" loading=\"lazy\" src=\"http:\/\/martianchronicles.files.wordpress.com\/2008\/04\/psp_007769_9010_irb_stickney.jpg?w=532&amp;h=394\" alt=\"\" width=\"532\" height=\"394\" \/><\/p>\n<p style=\"text-align: justify;\">\u00a0\u00a0\u00a0\u00a0\u00a0\u00a0\u00a0 Ser\u00eda raro que encontr\u00e1ramos un objeto espacial sin se\u00f1ales en su superficie<\/p>\n<p style=\"text-align: justify;\">Si contemplamos la fotograf\u00eda de planetas y lunas, todos, sin ecepci\u00f3n, nos muestran una imagen muy similar a la de la Luna con intensa formaci\u00f3n de cr\u00e1teres debidos a los impactos recibidos de cuerpos provenientes del espacio exterior: Mercurio y Marte proporcionan ejemplos excelentes. Estos cuerpos han conservado el registro de colisiones porque carecen de una atm\u00f3sfera espesa y tienen poca actividad geol\u00f3gica. Por el contrario, la mayor\u00eda de los impactos en la Tierra\u2026<\/p>\n<p style=\"text-align: justify;\">\u00a0<img decoding=\"async\" loading=\"lazy\" id=\"irc_mi\" style=\"margin-top: 73px;\" src=\"http:\/\/img.irtve.es\/imagenes\/meteorito-acabo-vida-dinosaurios\/1208197440664.jpg\" alt=\"\" width=\"218\" height=\"247\" \/><img decoding=\"async\" loading=\"lazy\" id=\"irc_mi\" style=\"margin-top: 57px;\" src=\"http:\/\/www.periodistadigital.com\/imagenes\/2009\/10\/16\/meteorito_560x280.jpg\" alt=\"\" width=\"560\" height=\"280\" \/><\/p>\n<p style=\"text-align: justify;\">\u00a0\u00a0\u00a0\u00a0\u00a0\u00a0\u00a0\u00a0\u00a0\u00a0\u00a0\u00a0\u00a0\u00a0\u00a0\u00a0\u00a0\u00a0\u00a0\u00a0\u00a0\u00a0\u00a0 Temible situaci\u00f3n. El de Yucatan a los Dinosaurios les vino mal pero,\u00a0 a nosotros, se nos abri\u00f3 una puerta<\/p>\n<p style=\"text-align: justify;\">Como podr\u00e9is observar si mirais im\u00e1genes de aquellos cr\u00e1teres que se formaron en la Tierra en el pasado lejano, han sido borrados por la erosi\u00f3n. Pero no todos. Al menos veinticinco lugares de impactos han sido positivamente identificados tan s\u00f3lo en Australia. Estados Unidos tiene una de los cr\u00e1teres m\u00e1s famosos, pr\u00f3ximo a la ciudad de Winslow, en Arizona. Conocido como el Cr\u00e1ter del Meteoro o Cr\u00e1ter Berringer, tiene 1,2 Kil\u00f3metros de di\u00e1metro, cien metros de profundidad y treinta mil a\u00f1os de antig\u00fcedad. Se conocen cr\u00e1teres mucho m\u00e1s grandes y m\u00e1s viejos. Se sabe que, fue hace entre 4.000 y 3.800 milllones de a\u00f1os, cuando se paso una fase de intensa violencia que cre\u00f3 los cr\u00e1teres lunares.<\/p>\n<p style=\"text-align: justify;\" align=\"center\">El periodo medio de la \u00f3rbita del cometa Halley es de 76 a\u00f1os, pero no se pueden calcular las fechas con exactitud ya que la garvedad de los planetas mayores altera el periodo del cometa en cada vuelta. La \u00f3rbita del Halley es retr\u00f3grada e inclinada 18 grados respecto de la ecl\u00edptica. Y, como la de todos los cometas, altamente exc\u00e9ntrica.El n\u00facleo del cometa Halley mide aproximadamente 16 x 8 x 8 kil\u00f3metros. El n\u00facleo del Halley es muy oscuro: su albedo es de s\u00f3lo 0.03, por lo que es m\u00e1s negro que el carb\u00f3n y uno de los objetos m\u00e1s oscuros del sistema solar. La densidad del n\u00facleo del Halley es muy baja: unos 0.1 gramos\/cm3, indicando que probablemente es poroso, quiz\u00e1 debido a la gran cantidad de polvo que queda despu\u00e9s de que los hielos se sublimen.<\/p>\n<p style=\"text-align: justify;\" align=\"center\"><img decoding=\"async\" loading=\"lazy\" id=\"irc_mi\" src=\"http:\/\/t1.gstatic.com\/images?q=tbn:ANd9GcTVCOWYbzpWaZO0kUxNLspbttMqcLFIahoax5OvwDZoIA1MC02kEg\" alt=\"\" width=\"539\" height=\"393\" \/><\/p>\n<p style=\"text-align: justify;\">El Halley es casi \u00fanico entre los cometas, ya que es a la vez grande y activo, y tiene una \u00f3rbita regular y bien definida. \u00c9sto lo convierte en un objetivo relativamente f\u00e1cil para los astr\u00f3nomos, aunque no es el m\u00e1s representativo de los cometas. El cometa Halley volver\u00e1 a acercarse al Sol en el a\u00f1o 2061.<\/p>\n<p style=\"text-align: justify;\">Se especula con la idea de que el Sistema Solar entero pas\u00f3 por una intensa fase de bombardeo de grandes meteoritos y que fue debido a la destrucci\u00f3n de una luna o de alg\u00fan cometa monstruoso. Desde el punto de vista de la vida, despu\u00e9s de esta intensa andanada, la Tierra pudo quedar \u201csembrada\u201d de sustancias org\u00e1nicas. Cuando la nave espacial <em>Giotto<\/em> pas\u00f3 cerca del Cometa Halley en 1986, mostr\u00f3 un n\u00facleo negro-alquitr\u00e1n que conten\u00eda Carbono, Hidr\u00f3geno, Nitr\u00f3geno y Azufre. Los an\u00e1lisis de los granos de polvo que manaban de su parte frontal probaron que hasta una tercerqa parte era material org\u00e1nico<\/p>\n<p style=\"text-align: justify;\"><img decoding=\"async\" src=\"http:\/\/www.estrellasyborrascas.com\/images\/astronomia\/articulo12\/foto3.jpg\" alt=\"\" \/><\/p>\n<p style=\"text-align: justify;\">Ilustraci\u00f3n de Donald E. Davis que recrea el impacto de un asteroide hace 65 millones de a\u00f1os en la pen\u00ednsula de Yucat\u00e1n, donde form\u00f3 el cr\u00e1ter de Chicxulub. Esta colisi\u00f3n c\u00f3smica caus\u00f3 la extinci\u00f3n masiva que hizo desaparecer a los dinosaurios. Fred Hoyle pensaba que, adem\u00e1s de destrucci\u00f3n, este tipo de impactos pudieron traer la vida a la Tierra y, Arrenius propuso antes la misma idea y la llam\u00f3 Panspermia (Imagen: NASA\/JPL-Caltech)<\/p>\n<p style=\"text-align: justify;\">El origen de la vida en la Tierra a\u00fan esconde secretos para la ciencia. Uno de los puntos de debate es si los bloques de la qu\u00edmica de la vida se formaron in situ o si llegaron a bordo de meteoritos. De ser cierta esta segunda hip\u00f3tesis, ser\u00eda m\u00e1s f\u00e1cil explicar c\u00f3mo surgieron las enormes y complejas mol\u00e9culas bioqu\u00edmicas, ya que nuestro planeta se habr\u00eda encontrado con parte del trabajo hecho, incluyendo componentes posiblemente escasos en la Tierra primitiva. Pero, adem\u00e1s, esta siembra de semillas qu\u00edmicas pudo disparar la evoluci\u00f3n de la vida no s\u00f3lo aqu\u00ed, sino en lugares como Marte, cuya primera infancia fue muy similar a la de la Tierra.<\/p>\n<p style=\"text-align: justify;\">El descubrimiento de que la Tierra sufri\u00f3 agotadoras andanadas c\u00f3smicas hace 3.800 millones de a\u00f1os nos pone delante de un aut\u00e9ntico rompecabezas. Si hay que creer en el registro f\u00f3sil, la vida estaba floreciendo ciertamente hace 3.500 millones de a\u00f1os, y posiblemente ya hace 3.850 millones de a\u00f1os. Dadas las funestas consecuencias de un impacto importante, \u00bfpodr\u00eda la vida haber sobrevivido durante el \u00faltimo bombardeo intenso?<\/p>\n<p style=\"text-align: justify;\"><img decoding=\"async\" loading=\"lazy\" src=\"http:\/\/lh3.ggpht.com\/ctxarly\/SNkbesZjcUI\/AAAAAAAABDw\/Eeod2EOzSfc\/s1600\/kleopatra2c1_cr_1_ws_browse%5B4%5D.jpg\" alt=\"[kleopatra2c1_cr_1_ws_browse[4].jpg]\" width=\"300\" height=\"240\" border=\"0\" \/><img decoding=\"async\" loading=\"lazy\" id=\"irc_mi\" style=\"margin-top: 6px;\" src=\"http:\/\/www.doob.cl\/wp-content\/uploads\/2013\/02\/impact2sc.gif\" alt=\"\" width=\"500\" height=\"382\" \/><\/p>\n<p style=\"text-align: justify;\">Por desgracia, el rastro de evidencia se acaba precisamente cuando este problema se hace m\u00e1s interesante. Aunque los ge\u00f3logos han encontrado cristales de zirconio aislados de 4.200 millones de a\u00f1os de antig\u00fcedad, y han inferido que alg\u00fan tipo de corteza s\u00f3lida deb\u00eda haber existido en dicha \u00e9poca, las m\u00e1s antiguas rocas intactas encontradas datan de hace 4.030 millones de a\u00f1os. Los procesos geol\u00f3gicos han eliminado casi toda la evidencia de lo que pudio haber sido nuestro planeta antes de hace aproximadamente unos 3.800 millones de a\u00f1os. La Tierra se muestra reacia a ofrecernos secretos de su juventud. Sin embargo, las evidencias indirectas de las condiciones que hab\u00eda antes de hace 3.800 millones de a\u00f1os puede estar justo debajo (\u00a1incluso dentro!) de nuestras narices.<\/p>\n<p style=\"text-align: justify;\"><img decoding=\"async\" loading=\"lazy\" src=\"http:\/\/genemol.org\/biomolespa\/la-molecula-de-adn\/nucleo-02.jpg\" alt=\"http:\/\/genemol.org\/biomolespa\/la-molecula-de-adn\/nucleo-02.jpg\" width=\"454\" height=\"289\" \/><\/p>\n<p style=\"text-align: justify;\">El ADN humano contiene a 6 mil millones de pares de bases de nucle\u00f3tidos. Esto hace por lo menos dos metros de cadenas de ADN. Aquellas cadenas tienen que ser almacenadas dentro de \u00b1 6 \u00b5 el n\u00facleo clasificado de m de cada c\u00e9lula.: Claramente demasiado grande para caber en el n\u00facleo. Hace falta pues un mecanismo que permita almacenar todo. Este mecanismo deber\u00eda permitir a ciertas prote\u00ednas para tener acceso a las partes espec\u00edficas del ADN y el puesto en otras partes. Los eucariotas utilizan los nucleosomas. Un nucleosoma est\u00e1 constituido de:\u00b1 200 pb de DNA<\/p>\n<p style=\"text-align: justify;\">2 mol\u00e9culas de histona H<sub>2<\/sub>a<br \/>\n2 mol\u00e9culas de histona H<sub>2<\/sub>b<br \/>\n2 mol\u00e9culas de histona H<sub>3<\/sub><br \/>\n2 mol\u00e9culas de histona H<sub>4<\/sub><br \/>\n1 mol\u00e9cula de histona H<sub>1<\/sub><\/p>\n<p style=\"text-align: justify;\"><img decoding=\"async\" loading=\"lazy\" id=\"irc_mi\" style=\"margin-top: 64px;\" src=\"http:\/\/4.bp.blogspot.com\/-MkCGoiWsYWs\/TciJdcC8f6I\/AAAAAAAAadc\/QjMgOb_lu78\/s1600\/1255993624ADN.jpg\" alt=\"\" width=\"400\" height=\"266\" \/><img decoding=\"async\" loading=\"lazy\" id=\"irc_mi\" style=\"margin-top: 0px;\" src=\"http:\/\/t3.gstatic.com\/images?q=tbn:ANd9GcS8TkZNbYeQq7wTaM74Ao0Q0iBJvbLkKZLK3RmKr-AgpUc46xFiAw\" alt=\"\" width=\"262\" height=\"393\" \/><\/p>\n<p style=\"text-align: justify;\">El ADN de nuestros cuerpos contienen un registro del pasado, porque nuestros genes han sido moldeados por circunstancias ambientales. Aunque el registro gen\u00e9tico, como el registro geol\u00f3gico, ha quedado envuelto y oscurecido por los estragos del tiempo, no est\u00e1 completamente borrado. Sonsacando informaci\u00f3n de los genes, los microbi\u00f3logos pueden decir mucho sobre el ancestro universal que pudo haber vivido hace unos 4.000 millones de a\u00f1os, y con esta infromaci\u00f3n podemos conjeturar algo sobre las condiciones que imperaban en aquella \u00e9poca. El mensaje que se extrae es una aut\u00e9ntica sorpresa.<\/p>\n<p style=\"text-align: justify;\"><img decoding=\"async\" class=\"CSS_LIGHTBOX_SCALED_IMAGE_IMG\" style=\"width: 400px; height: 287px;\" src=\"http:\/\/1.bp.blogspot.com\/-pC1WNElBST4\/T-1B0YLKNjI\/AAAAAAAARjQ\/Xrpczc9D6xU\/s1600\/tierra-primitiva.jpg\" alt=\"\" \/><img decoding=\"async\" loading=\"lazy\" id=\"irc_mi\" style=\"margin-top: 47px;\" src=\"http:\/\/2.bp.blogspot.com\/_X4cS98LX4IU\/SdSXCr3Nu_I\/AAAAAAAAAYM\/hYbkI4sSsMQ\/s400\/virus_large.jpg\" alt=\"\" width=\"400\" height=\"300\" \/><\/p>\n<p style=\"text-align: justify;\">La primera forma de vida en la Tierra, flotando en la proverbial espuma de los mares primordiales que finalmente dio lugar a los \u00e1rboles, abejas y humanos, no es s\u00f3lo un popular concepto darwiniano, sino tambi\u00e9n una premisa biol\u00f3gica esencial de la que dependen muchos investigadores como parte de las bases de su trabajo.<\/p>\n<p style=\"text-align: justify;\">En el siglo XIX, Charles Darwin yendo m\u00e1s all\u00e1 que otros, que propon\u00edan que podr\u00eda haber un ancestro com\u00fan para mam\u00edferos u otros animales, y sugiri\u00f3 que hab\u00eda un ancestro com\u00fan probablemente para toda la vida del planeta \u2013 plantas, animales y bacterias.<\/p>\n<p style=\"text-align: justify;\">Un nuevo an\u00e1lisis estad\u00edstico lleva esta suposici\u00f3n al banco de pruebas y ha encontrado que no s\u00f3lo se mantiene a flote, sino que es extremadamente s\u00f3lida.<\/p>\n<p style=\"text-align: justify;\">\u00bfNo era algo obvio, desde el descubrimiento y descifrado del ADN, que todas las formas de vida son descendientes de un \u00fanico organismo com\u00fan \u2014 o al menos una especie basal? No, dice Douglas Theobald, profesor ayudante de bioqu\u00edmica en la Universidad de Brandeis y autor del nuevo estudio, detallado en el ejemplar del 13 de mayo de la revista Nature. De hecho, dice: \u201cCuando me propuse esto, realmente no sab\u00eda cu\u00e1l ser\u00eda la respuesta\u201d.<\/p>\n<p style=\"text-align: justify;\">\u00a0<img decoding=\"async\" loading=\"lazy\" src=\"http:\/\/2.bp.blogspot.com\/_wv5tn24xSmc\/TMlTHTMZyTI\/AAAAAAAAAZk\/k8TxcwYWsPM\/s1600\/ast.jpg\" alt=\"http:\/\/2.bp.blogspot.com\/_wv5tn24xSmc\/TMlTHTMZyTI\/AAAAAAAAAZk\/k8TxcwYWsPM\/s1600\/ast.jpg\" width=\"400\" height=\"404\" \/><\/p>\n<p style=\"text-align: justify;\">Imagin\u00e9mos que pasaba durante la \u00e9poca de intenso bombaredeo c\u00f3smico. Todo gran impacto provocaba una gran convulsi\u00f3n global. La magnitud del desbarajuste era mucho peor incluso que el golpe que destruy\u00f3 a los dinosaurios. En una \u00e9poca tan tad\u00eda como 3.800 millones de a\u00f1os, la Luna fue golpeada por un objeto de noventa kil\u00f3metros de di\u00e1metro, lo que produjo ujna colosal cuenca del tama\u00f1o de las Islas Brit\u00e1nicas. Varios cataclismos similares han dejado se\u00f1ales en forma de cercos de monta\u00f1as. Al ser mucho m\u00e1s grande, la Tierra debe haber sufrido docenas de colisiones de esta magnitud, adem\u00e1sd de algunas otras que eran incluso mayores.<\/p>\n<p style=\"text-align: justify;\">\u00a0<img decoding=\"async\" loading=\"lazy\" src=\"http:\/\/spf.fotolog.com\/photo\/63\/11\/123\/d0n_quyj0te\/1223444875000_f.jpg\" alt=\"PROYECTO DON QUIJOTE\" width=\"455\" height=\"499\" \/><\/p>\n<p style=\"text-align: justify;\">Si alguno como el de arriba se nos viene encima, siempre me viene a la memoria la imagen (con los medios que tenemos para poder solucionar el problema hoy) de que parecer\u00e9mos como Don Quijote queriendo derribar aquellos Molinos con su pobre lanza. \u00bfQu\u00e9 podr\u00edamos hacer? NADA, s\u00f3lo pagar las consecuencias.<\/p>\n<p style=\"text-align: justify;\">Podr\u00edamos continuar analizando m\u00e1s a fondo las consecuencias de lo que, un impacto de esta \u00edndole podr\u00eda producir en la Tierra. Un cuerpo impactante de 500 kil\u00f3metros de di\u00e1metro escavar\u00eda un agujero de 1.500 kil\u00f3metros de di\u00e1metro y de unos 50 kil\u00f3metros de profundidad. Un enorme volumen de rocas quedar\u00eda vaporizado en una gigantesca bola de fuego que se extender\u00eda r\u00e1pidamente por todo el planeta, desalojando la atm\u00f3sfera y creando un horno global. La temperatura superficial ascender\u00eda a m\u00e1s de mil grados Celsius, lo que provocar\u00eda la ebullici\u00f3n de todos los oc\u00e9anos del mundo y fundir\u00eda las rocas hasta una profundidad de casi un kil\u00f3metro.<\/p>\n<p style=\"text-align: justify;\">QA medida que la atm\u00f3sfera, aplastantemente densa de vapor de roca y vapor supercalentado se enfriaba lentamente durante un per\u00edodo de algunos meses, empezar\u00eda a llover gotas de roca fundida. Pasar\u00eda todo un milenio antes de que pudiera haber lluvia normal, preludio de un gran aguacero de dos mil a\u00f1os (Un Diluvio) que finalmente rellenaria los oc\u00e9anos y har\u00eda volver el planeta a alg\u00fan tipo de normalidad.<\/p>\n<p style=\"text-align: justify;\">El \u201cTiempo\u201d no me permite continuar con lo que todo esto supondr\u00eda para la vida tal como la conocemos y, si despu\u00e9s de un desastre as\u00ed, volver\u00edamos a estar presentes en \u00e9ste mundo que hoy es nuestra casa. Ya sabeis, amigos m\u00edos, que la Naturaleza cuando act\u00faa, no tiene en cuenta que nsootros estamos aqu\u00ed.<\/p>\n<p style=\"text-align: justify;\"><em>emilio silvera<\/em><\/p>\n<\/div>\n<div class='bookmark'>\r\n\t\t<table align='left' border='0' cellpadding='0' width='100%'>\r\n\t\t<tr><td><span class='pushbutton'><a href='http:\/\/delicious.com\/post?url=http%3A%2F%2Fwww.emiliosilveravazquez.com%2Fblog%2F2013%2F08%2F26%2Fel-universo-y-la-vida-3%2F&amp;title=El+Universo+y+la+Vida' title='Delicious' target='_blank' rel='nofollow'><img src='http:\/\/www.emiliosilveravazquez.com\/blog\/wp-content\/plugins\/knxdt-bookmarks-wordpress-plugin\/images\/delicious.png'  alt='' class='book_img' border='none' style='margin:1px; padding: 0;'  \/><\/a><\/span><span class='pushbutton'><a href='http:\/\/digg.com\/submit?url=http%3A%2F%2Fwww.emiliosilveravazquez.com%2Fblog%2F2013%2F08%2F26%2Fel-universo-y-la-vida-3%2F&amp;title=El+Universo+y+la+Vida' title='Digg' target='_blank' rel='nofollow'><img src='http:\/\/www.emiliosilveravazquez.com\/blog\/wp-content\/plugins\/knxdt-bookmarks-wordpress-plugin\/images\/digg.png'  alt='' class='book_img' border='none' style='margin:1px; padding: 0;'  \/><\/a><\/span><span class='pushbutton'><a href='http:\/\/www.google.com\/bookmarks\/mark?op=edit&amp;bkmk=http%3A%2F%2Fwww.emiliosilveravazquez.com%2Fblog%2F2013%2F08%2F26%2Fel-universo-y-la-vida-3%2F&amp;title=El+Universo+y+la+Vida' title='Google' target='_blank' rel='nofollow'><img src='http:\/\/www.emiliosilveravazquez.com\/blog\/wp-content\/plugins\/knxdt-bookmarks-wordpress-plugin\/images\/google.png'   alt='' class='book_img' border='none' style='margin:1px; padding: 0;'  \/><\/a><\/span><span class='pushbutton'><a href='http:\/\/myweb2.search.yahoo.com\/myresults\/bookmarklet?u=http%3A%2F%2Fwww.emiliosilveravazquez.com%2Fblog%2F2013%2F08%2F26%2Fel-universo-y-la-vida-3%2F&amp;t=El+Universo+y+la+Vida' title='Yahoo' target='_blank' rel='nofollow'><img src='http:\/\/www.emiliosilveravazquez.com\/blog\/wp-content\/plugins\/knxdt-bookmarks-wordpress-plugin\/images\/yahoo.png'  alt='' class='book_img' border='none' style='margin:1px; padding: 0;'  \/><\/a><\/span><span class='pushbutton'><a href='http:\/\/www.technorati.com\/faves?add=http%3A%2F%2Fwww.emiliosilveravazquez.com%2Fblog%2F2013%2F08%2F26%2Fel-universo-y-la-vida-3%2F' title='Technorati' target='_blank' rel='nofollow'><img src='http:\/\/www.emiliosilveravazquez.com\/blog\/wp-content\/plugins\/knxdt-bookmarks-wordpress-plugin\/images\/technorati.png'  alt='' class='book_img' border='none' style='margin:1px; padding: 0;'  \/><\/a><\/span><span class='pushbutton'><a href='http:\/\/meneame.net\/submit.php?url=http%3A%2F%2Fwww.emiliosilveravazquez.com%2Fblog%2F2013%2F08%2F26%2Fel-universo-y-la-vida-3%2F' title='Meneame' target='_blank' rel='nofollow'><img src='http:\/\/www.emiliosilveravazquez.com\/blog\/wp-content\/plugins\/knxdt-bookmarks-wordpress-plugin\/images\/meneame.png'  alt='' class='book_img' border='none' style='margin:1px; padding: 0;'  \/><\/a><\/span><span class='pushbutton'><a href='http:\/\/enchilame.com\/submit.php?url=http:\/\/www.emiliosilveravazquez.com\/blog\/2013\/08\/26\/el-universo-y-la-vida-3\/' target='_blank' rel='nofollow'><img title='Enchilame' src='http:\/\/www.emiliosilveravazquez.com\/blog\/wp-content\/plugins\/knxdt-bookmarks-wordpress-plugin\/images\/enchilame.png'  alt='' class='book_img' border='none' style='margin:1px; padding: 0;'  \/><\/a><\/span><span class='pushbutton'><a href='http:\/\/www.blinklist.com\/index.php?Action=Blink\/addblink.php&amp;Description=&amp;Url=http%3A%2F%2Fwww.emiliosilveravazquez.com%2Fblog%2F2013%2F08%2F26%2Fel-universo-y-la-vida-3%2F&amp;title=El+Universo+y+la+Vida' title='BlinkList' target='_blank' rel='nofollow'><img src='http:\/\/www.emiliosilveravazquez.com\/blog\/wp-content\/plugins\/knxdt-bookmarks-wordpress-plugin\/images\/blinklist.png'  alt='' class='book_img' border='none' style='margin:1px; padding: 0;'  \/><\/a><\/span><span class='pushbutton'><a href='http:\/\/reddit.com\/submit?url=http%3A%2F%2Fwww.emiliosilveravazquez.com%2Fblog%2F2013%2F08%2F26%2Fel-universo-y-la-vida-3%2F&amp;title=El+Universo+y+la+Vida' title='Reddit' target='_blank' rel='nofollow'><img src='http:\/\/www.emiliosilveravazquez.com\/blog\/wp-content\/plugins\/knxdt-bookmarks-wordpress-plugin\/images\/reddit.png'  alt='' class='book_img' border='none' style='margin:1px; padding: 0;'  \/><\/a><\/span><span class='pushbutton'><a href='http:\/\/www.tecnologiadiaria.com\/2009\/07\/abrir-com-hotmail-correo.html' target='_blank' title='hotmail'><img src='http:\/\/www.emiliosilveravazquez.com\/blog\/wp-content\/plugins\/knxdt-bookmarks-wordpress-plugin\/images\/linklove.png' alt='hotmail correo' class='book_img' border='none' style='margin:1px; padding: 0;' \/><\/a><\/span><span class='pushbutton'><a href='http:\/\/bitacoras.com\/votar\/anotacion\/externo\/mini\/www.emiliosilveravazquez.com\/blog\/2013\/08\/26\/el-universo-y-la-vida-3\/' title='Bitacoras.com' target='_blank' rel='nofollow'><img src='http:\/\/www.emiliosilveravazquez.com\/blog\/wp-content\/plugins\/knxdt-bookmarks-wordpress-plugin\/images\/bitacoras.png'  alt='' class='book_img' border='none' style='margin:1px; padding: 0;'  \/><\/a><\/span><span class='pushbutton'><a href='http:\/\/www.wikio.es\/vote?url=http%3A%2F%2Fwww.emiliosilveravazquez.com%2Fblog%2F2013%2F08%2F26%2Fel-universo-y-la-vida-3%2F' title='Wikio' target='_blank' rel='nofollow'><img src='http:\/\/www.emiliosilveravazquez.com\/blog\/wp-content\/plugins\/knxdt-bookmarks-wordpress-plugin\/images\/wikio.png'   alt='' class='book_img' border='none' style='margin:1px; padding: 0;'   \/><\/a><\/span><span class='pushbutton'><a href='http:\/\/friendfeed.com\/?url=http%3A%2F%2Fwww.emiliosilveravazquez.com%2Fblog%2F2013%2F08%2F26%2Fel-universo-y-la-vida-3%2F&amp;title=El+Universo+y+la+Vida' title='Friend Feed' target='_blank' rel='nofollow'><img src='http:\/\/www.emiliosilveravazquez.com\/blog\/wp-content\/plugins\/knxdt-bookmarks-wordpress-plugin\/images\/friendfeed.png'  alt='' class='book_img' border='none' style='margin:1px; padding: 0;'  \/><\/a><\/span><span class='pushbutton'><a href='http:\/\/www.facebook.com\/share.php?u=http%3A%2F%2Fwww.emiliosilveravazquez.com%2Fblog%2F2013%2F08%2F26%2Fel-universo-y-la-vida-3%2F&amp;t=El+Universo+y+la+Vida' title='Facebook' target='_blank' rel='nofollow'><img src='http:\/\/www.emiliosilveravazquez.com\/blog\/wp-content\/plugins\/knxdt-bookmarks-wordpress-plugin\/images\/facebook.png'  alt='' class='book_img' border='none' style='margin:1px; padding: 0;'  \/><\/a><\/span><span class='pushbutton'><a href='http:\/\/twitter.com\/home?status=El+Universo+y+la+Vida: http%3A%2F%2Fwww.emiliosilveravazquez.com%2Fblog%2F2013%2F08%2F26%2Fel-universo-y-la-vida-3%2F' title='Twitter' target='_blank' rel='nofollow'><img src='http:\/\/www.emiliosilveravazquez.com\/blog\/wp-content\/plugins\/knxdt-bookmarks-wordpress-plugin\/images\/twitter.png'  alt='' class='book_img' border='none' style='margin:1px; padding: 0;'  \/><\/a><\/span><span class='pushbutton'><a href='http:\/\/www.feedburner.com\/fb\/a\/emailFlare?itemTitle=El+Universo+y+la+Vida&amp;uri=http%3A%2F%2Fwww.emiliosilveravazquez.com%2Fblog%2F2013%2F08%2F26%2Fel-universo-y-la-vida-3%2F' title='Enviar por Email' target='_blank' rel='nofollow'><img src='http:\/\/www.emiliosilveravazquez.com\/blog\/wp-content\/plugins\/knxdt-bookmarks-wordpress-plugin\/images\/email.png'  alt='' class='book_img' border='none' style='margin:1px; padding: 0;'  \/><\/a><\/span><span style='font-weight:bold; padding-left: 5px;'><a href='http:\/\/wordpress.org\/extend\/plugins\/knxdt-bookmarks-wordpress-plugin\/' title='Plugin' rel='nofollow' target='_blank'>[?]<\/a><\/span><\/td><\/tr><\/table><br\/><br\/><\/div>","protected":false},"excerpt":{"rendered":"<p>&#8220;Los Cometas lo dieron y los cometas se lo llevaron&#8221; Carl Sagan A diferencia de los asteroides que viajan alrededor del Sol en \u00f3rbitas circulares confinadas al cintur\u00f3n de asteroides y al plano de la ecl\u00edptica, los cometas lo hacen en \u00f3rbitas el\u00edpticas inclinadas al azar con respecto al plano de la ecl\u00edptica. En la [&hellip;]<\/p>\n","protected":false},"author":2,"featured_media":0,"comment_status":"open","ping_status":"open","sticky":false,"template":"","format":"standard","meta":{"_s2mail":"yes","footnotes":""},"categories":[132],"tags":[],"_links":{"self":[{"href":"http:\/\/www.emiliosilveravazquez.com\/blog\/wp-json\/wp\/v2\/posts\/9557"}],"collection":[{"href":"http:\/\/www.emiliosilveravazquez.com\/blog\/wp-json\/wp\/v2\/posts"}],"about":[{"href":"http:\/\/www.emiliosilveravazquez.com\/blog\/wp-json\/wp\/v2\/types\/post"}],"author":[{"embeddable":true,"href":"http:\/\/www.emiliosilveravazquez.com\/blog\/wp-json\/wp\/v2\/users\/2"}],"replies":[{"embeddable":true,"href":"http:\/\/www.emiliosilveravazquez.com\/blog\/wp-json\/wp\/v2\/comments?post=9557"}],"version-history":[{"count":0,"href":"http:\/\/www.emiliosilveravazquez.com\/blog\/wp-json\/wp\/v2\/posts\/9557\/revisions"}],"wp:attachment":[{"href":"http:\/\/www.emiliosilveravazquez.com\/blog\/wp-json\/wp\/v2\/media?parent=9557"}],"wp:term":[{"taxonomy":"category","embeddable":true,"href":"http:\/\/www.emiliosilveravazquez.com\/blog\/wp-json\/wp\/v2\/categories?post=9557"},{"taxonomy":"post_tag","embeddable":true,"href":"http:\/\/www.emiliosilveravazquez.com\/blog\/wp-json\/wp\/v2\/tags?post=9557"}],"curies":[{"name":"wp","href":"https:\/\/api.w.org\/{rel}","templated":true}]}}