{"id":9548,"date":"2013-08-25T07:10:35","date_gmt":"2013-08-25T06:10:35","guid":{"rendered":"http:\/\/www.emiliosilveravazquez.com\/blog\/?p=9548"},"modified":"2013-08-25T07:10:35","modified_gmt":"2013-08-25T06:10:35","slug":"interacciones-fundamentales-de-la-naturaleza-breve-resena","status":"publish","type":"post","link":"http:\/\/www.emiliosilveravazquez.com\/blog\/2013\/08\/25\/interacciones-fundamentales-de-la-naturaleza-breve-resena\/","title":{"rendered":"Interacciones fundamentales de la Naturaleza (breve rese\u00f1a)"},"content":{"rendered":"<p style=\"text-align: justify;\">Como pueden haber deducido por el t\u00edtulo, me estoy refiriendo a cualquiera de los cuatro tipos diferentes de interacciones que pueden ocurrir entre los cuerpos.\u00a0 Estas interacciones pueden tener lugar incluso cuando los cuerpos no est\u00e1n en contacto f\u00edsico y juntas pueden explicar todas las fuerzas que se observan en el universo.<\/p>\n<p style=\"text-align: justify;\">Todos recordamos lecturas en las que nos hablaban sobre aquellos pensadores del pasado que como Emp\u00e9docles, Leucipo o Dem\u00f3crito nos hablaban de sustancias y elementos y hasta de \u00e1tomos, ellos ten\u00edan la untuici\u00f3n de que la materia, estaba compuesta por esos min\u00fasculos objetos que hoy llamamos part\u00edculas elementales. Pasado mucho tiempo y cerca ya del siglo XX, llegaron cient\u00edficos como Dalton,\u00a0 J.J Tomson (que descibri\u00f3 el <a href=\"#\" onclick=\"referencia('electron',event); return false;\">electr\u00f3n<\/a>) y propuso en modelo at\u00f3mico con el <a href=\"#\" onclick=\"referencia('electron',event); return false;\">electr\u00f3n<\/a> dentro del \u00e1tomo, <strong>Eugen Goldstein <\/strong>descubri\u00f3 los rayos canales (con carga positiva) y despu\u00e9s Rutherford el nombre del pro\u00f3n, esa part\u00edcula positiva generada a partir del hidr\u00f3geno y se completaron la presencia de las part\u00edculas fundamentales en la que cada una ten\u00eda un tipo de carga (la del prpt\u00f3n y la del <a href=\"#\" onclick=\"referencia('electron',event); return false;\">electr\u00f3n<\/a> eran id\u00e9nticas para nivelar la simetr\u00eda del \u00e1tomo con esa igualdad de fuerzas). Ya en el siglo XX se postu\u00f3 la existencia del <a href=\"#\" onclick=\"referencia('neutron',event); return false;\">neutr\u00f3n<\/a> algo m\u00e1s masivo que el <a href=\"#\" onclick=\"referencia('proton',event); return false;\">prot\u00f3n<\/a> pero sin carga el\u00e9ctrica, su existencia se c onfirm\u00f3 en 1932.<\/p>\n<div style=\"text-align: justify;\">\u00a0<img decoding=\"async\" loading=\"lazy\" src=\"http:\/\/1.bp.blogspot.com\/-gz6PoSkZbBk\/UA6a7xoWDVI\/AAAAAAAAAFw\/nMw7qlAL6Ys\/s320\/500px-Elementary-particle-interactions-es.svg.png\" alt=\"\" width=\"320\" height=\"232\" border=\"0\" \/><\/div>\n<div style=\"text-align: justify;\">\u201cUn diagrama resumiendo las interacciones a nivel \u00e1rbol entre las part\u00edculas del\u00a0<a href=\"http:\/\/es.wikipedia.org\/wiki\/modelo_est%C3%A1ndar\">modelo est\u00e1ndar<\/a>. Cada c\u00edrculo oscuro es un tipo de part\u00edcula. Una l\u00ednea conecta dos c\u00edrculos cuando las part\u00edculas correspondientes pueden interaccionar.<\/div>\n<div style=\"text-align: justify;\">En la primera fila est\u00e1n los\u00a0<a href=\"http:\/\/es.wikipedia.org\/wiki\/fermi%C3%B3n\"><a href=\"#\" onclick=\"referencia('fermion',event); return false;\">fermiones<\/a><\/a>\u00a0o &#8220;part\u00edculas de materia&#8221; del modelo est\u00e1ndar (<a href=\"#\" onclick=\"referencia('leptones',event); return false;\">leptones<\/a> y <a href=\"#\" onclick=\"referencia('quarks',event); return false;\">quarks<\/a>). En la segunda los\u00a0<a href=\"http:\/\/es.wikipedia.org\/wiki\/bos%C3%B3n_vectorial\"><a href=\"#\" onclick=\"referencia('bosones',event); return false;\">bosones<\/a> vectoriales<\/a>\u00a0o &#8220;part\u00edculas mediadoras&#8221; asociadas con cada interacci\u00f3n del modelo est\u00e1ndar (<a href=\"http:\/\/es.wikipedia.org\/wiki\/fot%C3%B3n\">fot\u00f3n<\/a>,\u00a0<a href=\"http:\/\/es.wikipedia.org\/wiki\/bosones_W_y_Z\"><a href=\"#\" onclick=\"referencia('bosones',event); return false;\">bosones<\/a> W y Z<\/a>,\u00a0<a href=\"http:\/\/es.wikipedia.org\/wiki\/gluones\"><a href=\"#\" onclick=\"referencia('gluones',event); return false;\">gluones<\/a><\/a>). En la \u00faltima fila se encuentra el\u00a0<a href=\"http:\/\/es.wikipedia.org\/wiki\/bos%C3%B3n_de_Higgs\"><a href=\"#\" onclick=\"referencia('bosones',event); return false;\">bos\u00f3n<\/a> de <a href=\"#\" onclick=\"referencia('higgs',event); return false;\">Higgs<\/a><\/a>.Las l\u00edneas que unen los <a href=\"#\" onclick=\"referencia('leptones',event); return false;\">leptones<\/a> con el <a href=\"#\" onclick=\"referencia('foton',event); return false;\">fot\u00f3n<\/a> y el <a href=\"#\" onclick=\"referencia('higgs',event); return false;\">Higgs<\/a> son de color distinto al resto. El <a href=\"#\" onclick=\"referencia('foton',event); return false;\">fot\u00f3n<\/a> no interacciona con los\u00a0<a href=\"http:\/\/es.wikipedia.org\/wiki\/neutrinos\">neutrinos<\/a>, s\u00f3lo con los <a href=\"#\" onclick=\"referencia('leptones',event); return false;\">leptones<\/a> cargados. En el modelo est\u00e1ndar estricto, el <a href=\"#\" onclick=\"referencia('higgs',event); return false;\">Higgs<\/a> no interacciona tampoco con los <a href=\"#\" onclick=\"referencia('neutrinos',event); return false;\">neutrinos<\/a>, aunque esto es a\u00fan objeto de investigaci\u00f3n.\u201d\u201cUn diagrama resumiendo las interacciones a nivel \u00e1rbol entre las part\u00edculas del\u00a0<a href=\"http:\/\/es.wikipedia.org\/wiki\/modelo_est%C3%A1ndar\">modelo est\u00e1ndar<\/a>. Cada c\u00edrculo oscuro es un tipo de part\u00edcula. Una l\u00ednea conecta dos c\u00edrculos cuando las part\u00edculas correspondientes pueden interaccionar.<\/div>\n<p style=\"text-align: justify;\"><img decoding=\"async\" loading=\"lazy\" id=\"irc_mi\" src=\"http:\/\/linuxupc.upc.es\/%7Eoscar\/wordpress\/wp-content\/uploads\/fig02_1eng1.gif\" alt=\"\" width=\"402\" height=\"178\" \/><img decoding=\"async\" loading=\"lazy\" id=\"irc_mi\" src=\"http:\/\/palmera.pntic.mec.es\/%7Efbarrada\/profesores\/imp\/114.gif\" alt=\"\" width=\"425\" height=\"303\" \/><\/p>\n<p style=\"text-align: justify;\">\u00a0\u00a0\u00a0\u00a0\u00a0\u00a0\u00a0\u00a0\u00a0\u00a0\u00a0\u00a0\u00a0\u00a0\u00a0\u00a0\u00a0\u00a0\u00a0\u00a0\u00a0\u00a0\u00a0\u00a0\u00a0\u00a0\u00a0\u00a0\u00a0\u00a0\u00a0\u00a0\u00a0\u00a0\u00a0\u00a0\u00a0\u00a0\u00a0\u00a0\u00a0\u00a0\u00a0\u00a0\u00a0\u00a0\u00a0\u00a0\u00a0\u00a0\u00a0\u00a0\u00a0\u00a0\u00a0\u00a0\u00a0\u00a0\u00a0\u00a0 Poco a poco se fueron comprendiendo las interacciones entre las part\u00edculas de materia<\/p>\n<p style=\"text-align: justify;\">A comienzos del siglo XX, el desarrollo del modelo at\u00f3mico de Rutherford, coloca a los <a href=\"#\" onclick=\"referencia('proton',event); return false;\">protones<\/a> y <a href=\"#\" onclick=\"referencia('neutron',event); return false;\">neutrones<\/a> en el n\u00facleo del \u00e1tomo y a los <a href=\"#\" onclick=\"referencia('electron',event); return false;\">electrones<\/a> en su corteza. Las investigaciones sobre el efecto fotoel\u00e9ctrico llevan a <a href=\"#\" onclick=\"referencia('einstein',event); return false;\">Einstein<\/a> a formular su teor\u00eda corpuscular de la luz y predecir la existencia del <strong>fot\u00f3n<\/strong>, que ser\u00eda una part\u00edcula sin masa ni carga el\u00e9ctrica.\u00a0 As\u00ed pues, hasta 1932 pod\u00eda explicarse la constituci\u00f3n de la materia s\u00f3lo con cuatro part\u00edculas elementales: el <strong>electr\u00f3n<\/strong>, el <strong><a href=\"#\" onclick=\"referencia('proton',event); return false;\">prot\u00f3n<\/a><\/strong>, el <strong><a href=\"#\" onclick=\"referencia('neutron',event); return false;\">neutr\u00f3n<\/a><\/strong> y el <strong>fot\u00f3n<\/strong>. Sin embargo, pronto se comprob\u00f3 que el n\u00famero de part\u00edculas elementales era mucho mayor.<\/p>\n<p style=\"text-align: justify;\">Investigando sobre una hip\u00f3tesis de <strong>Paul Dirac<\/strong>, se descubri\u00f3 en ese a\u00f1o el <strong>positr\u00f3n<\/strong> por <strong>Carl Anderson<\/strong><strong>. <\/strong>Es esta una part\u00edcula con la misma masa que el <a href=\"#\" onclick=\"referencia('electron',event); return false;\">electr\u00f3n<\/a> y el mismo valor absoluto de carga, s\u00f3lo que positiva (e<sup>+<\/sup>) . Tambi\u00e9n se denomina anti<a href=\"#\" onclick=\"referencia('electron',event); return false;\">electr\u00f3n<\/a>.<\/p>\n<p style=\"text-align: justify;\">Otra part\u00edcula descubierta a principio de los a\u00f1os treinta del pasado siglo fue el <strong>neutrino<\/strong>, que ya hab\u00eda sido postulado por <strong>W. Pauli<\/strong>, para poder explicar una aparente violaci\u00f3n en el principio de conservaci\u00f3n del principio de conservaci\u00f3n de la energ\u00eda cuando se produc\u00eda una desintegraci\u00f3n <strong>b<\/strong>. Fue detectado en 1956 por un equipo de f\u00edsicos de la universidad de Berkeley, entre los cuales se encontraban <strong>Segre<\/strong> y <strong>Chamberlain<\/strong>, que posteriormente fueron galardonados con el premio Nobel por su descubrimiento.<\/p>\n<p style=\"text-align: justify;\"><img decoding=\"async\" loading=\"lazy\" id=\"il_fi\" src=\"http:\/\/www.google.es\/url?source=imglanding&amp;ct=img&amp;q=http:\/\/i.ytimg.com\/vi\/cvTIqHdTQhg\/0.jpg&amp;sa=X&amp;ei=lbStUIX6EMeR0QW4x4GQBA&amp;ved=0CAwQ8wc&amp;usg=AFQjCNFmeryNvbCnWkZqCzImHxIvcGHnJg\" alt=\"\" width=\"480\" height=\"360\" \/><\/p>\n<p style=\"text-align: justify;\">\u00a0\u00a0\u00a0\u00a0\u00a0\u00a0\u00a0\u00a0\u00a0\u00a0\u00a0\u00a0\u00a0\u00a0\u00a0\u00a0\u00a0\u00a0\u00a0\u00a0\u00a0\u00a0\u00a0\u00a0\u00a0\u00a0 Los <a href=\"#\" onclick=\"referencia('pion',event); return false;\">piones<\/a> de Huideki eran en realidad Gluones<\/p>\n<p style=\"text-align: justify;\">En 1935 <strong>Hideki Yukawa<\/strong> propone la existencia de una part\u00edcula para explicar las fuerzas que mantienen unidos a los <a href=\"#\" onclick=\"referencia('nucleones',event); return false;\">nucleones<\/a>. Esta part\u00edcula se denomin\u00f3 <strong>mes\u00f3n<\/strong>, ya que ten\u00eda una masa intermedia entre la del <a href=\"#\" onclick=\"referencia('proton',event); return false;\">prot\u00f3n<\/a> y la del <a href=\"#\" onclick=\"referencia('electron',event); return false;\">electr\u00f3n<\/a> (unas 200 veces la masa de \u00e9ste). Actualmente esta part\u00edcula se denomina <strong>pi\u00f3n<\/strong> o <strong><a href=\"#\" onclick=\"referencia('mesones',event); return false;\">mes\u00f3n<\/a> <\/strong><strong>p<\/strong> y se detect\u00f3 por primera vez en la radiaci\u00f3n c\u00f3smica que llega a la Tierra (1947).<\/p>\n<p style=\"text-align: justify;\">En 1937 se descubre el <strong>mu\u00f3n<\/strong>, una part\u00edcula con la misma carga que el <a href=\"#\" onclick=\"referencia('electron',event); return false;\">electr\u00f3n<\/a>, pero con una masa de una 200 veces la de \u00e9ste.\u00a0 A partir de 1940 se descubrieron cientos de part\u00edculas elementales y adem\u00e1s las correspondientes antipart\u00edculas, id\u00e9nticas en masa y vida media, pero con carga opuesta. Esta proliferanci\u00f3n de part\u00edculas hizo que los f\u00edsicos desarrollasen unos criterios para clasificarlas y llegar a comprender tanto la estructura interna de la materia como la naturaleza de las interacciones que existen entre ellas.<\/p>\n<p style=\"text-align: justify;\"><img decoding=\"async\" loading=\"lazy\" id=\"il_fi\" src=\"http:\/\/www.google.es\/url?source=imglanding&amp;ct=img&amp;q=http:\/\/www.molwick.com\/es\/leyes-gravitacionales\/r-nasa-perlas-cosmicas-explosion-estrella.jpg&amp;sa=X&amp;ei=OLWtUPSvJZOM0wXe8ICABA&amp;ved=0CAwQ8wc&amp;usg=AFQjCNGIp8xkVtQb_kIR2WyCePGPgXsozw\" alt=\"\" width=\"400\" height=\"313\" \/><\/p>\n<p style=\"text-align: justify;\">\u00a0\u00a0\u00a0\u00a0\u00a0\u00a0\u00a0 el electromagnetismo est\u00e1 presente en todo el Universo<\/p>\n<p style=\"text-align: justify;\">De todos aquellas ideas semilanes y\u00a0 trabajos pioneros, hemos llegado a dioscernir lo que, en realidad, son las interacciones fundamentales y viene de lejos el deseo de muchos f\u00edsicos que han tratado de unificar en una teor\u00eda o modelo a las cuatro fuerzas, que pudieran expresarse mediante un conjunto de ecuaciones. <a href=\"#\" onclick=\"referencia('einstein',event); return false;\">Einstein<\/a> se pas\u00f3 los \u00faltimos a\u00f1os de su vida intent\u00e1ndolo, pero igual que otros antes y despu\u00e9s de \u00e9l, a\u00fan no se ha conseguido dicha teor\u00eda unificadora de los cuatro interacciones fundamentales del universo. Se han hecho progresos en la unificaci\u00f3n de interacciones electromagn\u00e9ticas y d\u00e9biles. Veamos donde estamos hoy:<\/p>\n<p style=\"text-align: justify;\"><strong>La Interacci\u00f3n electromagn\u00e9tica<\/strong><\/p>\n<p style=\"text-align: justify;\">Es la fuerza con la cual las part\u00edculas cargadas se repelen (si sus cargas son iguales) o se atraen (si sus cargas sis diferentes, de signos opuestos). La Interacciones magn\u00e9tica es la fuerza que experimenta una part\u00edcula el\u00e9ctricamente cargada que se mueve a trav\u00e9s de un campo magn\u00e9tico. Las part\u00edculas cargadas en movimiento generan un campo magn\u00e9tico como, por ejemplo, los <a href=\"#\" onclick=\"referencia('electron',event); return false;\">electrones<\/a> que fluyen a trav\u00e9s de las espiras de una bobina.<\/p>\n<p style=\"text-align: justify;\"><img decoding=\"async\" loading=\"lazy\" id=\"il_fi\" src=\"http:\/\/www.google.es\/url?source=imglanding&amp;ct=img&amp;q=http:\/\/img.seti.cl\/vacuum1.gif&amp;sa=X&amp;ei=U7etUODrG4jI0AXMvIGoCw&amp;ved=0CAwQ8wc&amp;usg=AFQjCNGyzNcES5XOIBVZK7np9dewvfPeUA\" alt=\"\" width=\"640\" height=\"480\" \/><\/p>\n<p style=\"text-align: justify;\">Un <a href=\"http:\/\/www.emiliosilveravazquez.com\/blog\/#\">electr\u00f3n<\/a> y un <a href=\"http:\/\/www.emiliosilveravazquez.com\/blog\/#\"><a href=\"#\" onclick=\"referencia('proton',event); return false;\">prot\u00f3n<\/a><\/a> se atraen de dos maneras, por un lado a causa de que el primero tiene carga el\u00e9ctrica positiva y el segundo negativa, y ya se sabe que cargas contrarias se atraen. Por el otro, a causa de sus propias masas, como efecto de la fuerza de la gravedad. Se puede calcular que la atracci\u00f3n causada por las cargas el\u00e9ctricas es aproximadamente \u201c10<sup>40<\/sup>\u201d veces mayor que la atracci\u00f3n gravitatoria.<\/p>\n<p style=\"text-align: justify;\">Las fuerzas magn\u00e9ticas y el\u00e9ctricas est\u00e1n entrelazadas. En 1873, James Clerk Maxwell consigui\u00f3 formular las ecuaciones completas que rigen las fuerzas el\u00e9ctricas y magn\u00e9ticas, descubiertas experimentalmente por Michael Faraday. Se consigui\u00f3 la teor\u00eda unificada del electromagnetismo que nos vino a decir que la electricidad y el magnetismo eran dos aspectos de una misma cosa.<\/p>\n<p style=\"text-align: justify;\">La interacci\u00f3n es universal, de muy largo alcance (se extiende entre las estrellas), es bastante d\u00e9bil. Su intensidad depende del cociente entre el cuadrado de la carga del <a href=\"http:\/\/www.emiliosilveravazquez.com\/blog\/#\">electr\u00f3n<\/a> y <em>2hc<\/em> (dos veces la <a href=\"http:\/\/www.emiliosilveravazquez.com\/blog\/#\"><a href=\"#\" onclick=\"referencia('planck constante de',event); return false;\">constante de Planck<\/a><\/a> por la velocidad de la luz). Esta fracci\u00f3n es aproximadamente igual a 1\/137\u2019036\u2026, o lo que llamamos \u03b1 y se conoce como <em>constante de estructura fina<\/em>.<\/p>\n<p style=\"text-align: justify;\">En general, el alcance de una interacci\u00f3n electromagn\u00e9tica es inversamente proporcional a la masa de la part\u00edcula mediadora, en este caso, el <a href=\"http:\/\/www.emiliosilveravazquez.com\/blog\/#\">fot\u00f3n<\/a>, sin masa.<\/p>\n<p style=\"text-align: justify;\"><strong><\/strong><img decoding=\"async\" loading=\"lazy\" id=\"il_fi\" src=\"http:\/\/www.google.es\/url?source=imglanding&amp;ct=img&amp;q=http:\/\/3.bp.blogspot.com\/_xBXZbW6ivIs\/SqpvjP3SBJI\/AAAAAAAAEqc\/fh3ULAFurbs\/s1600\/stephan_quinteto_2009_hubble.jpg&amp;sa=X&amp;ei=iLmtUL35KOaR0QX1w4HwDA&amp;ved=0CAwQ8wc&amp;usg=AFQjCNHTulHVeQ22fqdTBzv0b8n_EyZL9A\" alt=\"\" width=\"451\" height=\"503\" \/><\/p>\n<p style=\"text-align: justify;\"><strong>La Interacci\u00f3n Gravitatoria que mantiene unidos los planetas alredor del Sol y las galaxias en los C\u00famulos, Tambi\u00e9n nuestros pies unidos al suelo de la Tierra. Sin la Gravedad, todo el Universo ser\u00eda un gran Caos de objetos dispersos y flot\u00e1ndo de manera aleatoria por todas partes.<\/strong><\/p>\n<p style=\"text-align: justify;\">As\u00ed que la Gravedad es una Interacci\u00f3n fundamental de la Que <a href=\"#\" onclick=\"referencia('newton',event); return false;\">Newton<\/a> y despu\u00e9s <a href=\"#\" onclick=\"referencia('einstein',event); return false;\">Einstein<\/a>, nos dejaron bien claras sus complejas estructuras (al menos las que al momento creemos que son) que fueron relacionadas a partir de 1915 con las estructuras del espaciotiempo. Sin embargo, a\u00fan no sabemos como poder conciliar las leyes de la gravedad, con las leyes de la mec\u00e1nica cu\u00e1ntica (excepto cuando la interacci\u00f3n gravitatoria es extremadamente d\u00e9bil -entre dos part\u00edculas por ejemplo).<\/p>\n<p style=\"text-align: justify;\">&#8211; La interacci\u00f3n gravitatoria act\u00faa exclusivamente sobre la masa de las part\u00edcualas.<\/p>\n<p style=\"text-align: justify;\">&#8211; La interacci\u00f3n es de largo alcance (probablemente llegue a los m\u00f1\u00e1s lejanos confines del Universo conocido).<\/p>\n<p style=\"text-align: justify;\">&#8211; La Interacci\u00f3n es tan debido que probablemente nunca podremos detectar experimentalmente la atracci\u00f3n gravitatoria entre dos part\u00edculas elementales. La \u00fanica raz\u00f3n por la que podemos medir esta interacci\u00f3n es porque es colectiva: todas las part\u00edculas (de la Tierra) atraen a todas las part\u00edculas (de nuestro cuerpo) en la misma direcci\u00f3n.<\/p>\n<p style=\"text-align: justify;\">. La part\u00edcula mediadora es el hipot\u00e9tico &#8220;Gravit\u00f3n&#8221;. Aunque a\u00fan nos e ha descubierto experimentalmente, sabemos lo que predice la mec\u00e1nica cu\u00e1ntica: que tiene una masa nula y <a href=\"#\" onclick=\"referencia('espin',event); return false;\">esp\u00edn<\/a> 2.<\/p>\n<p style=\"text-align: justify;\">Una ley general para las interacciones es que, si el mediador tiene <a href=\"#\" onclick=\"referencia('espin',event); return false;\">esp\u00edn<\/a> par, la fuerza entre cargas iguales es atractiva y entre cargas opuestas repulsivas. Si el Esp\u00edn es impar (como en el electromagnetismo) se cumple la inversaa<strong><\/strong><\/p>\n<p style=\"text-align: justify;\"><strong><br \/>\n<\/strong><\/p>\n<p style=\"text-align: justify;\"><img decoding=\"async\" id=\"BLOGGER_PHOTO_ID_5261971034678142754\" src=\"http:\/\/1.bp.blogspot.com\/_KEyp4Ss2REw\/SQZGxuRipyI\/AAAAAAAAAPw\/cAbS9SHuMws\/s320\/neutron.png\" alt=\"\" border=\"0\" \/><img decoding=\"async\" loading=\"lazy\" id=\"irc_mi\" src=\"http:\/\/definicion.de\/wp-content\/uploads\/2008\/10\/interaccion.jpg\" alt=\"\" width=\"224\" height=\"224\" \/><\/p>\n<p style=\"text-align: justify;\"><strong>La Interacci\u00f3n fuerte mantiene unidos los <a href=\"#\" onclick=\"referencia('quarks',event); return false;\">quarks<\/a> en el n\u00facleo del \u00e1tomo formando <a href=\"#\" onclick=\"referencia('proton',event); return false;\">protones<\/a> y <a href=\"#\" onclick=\"referencia('neutron',event); return false;\">neutrones<\/a><\/strong><\/p>\n<p style=\"text-align: justify;\"><strong><br \/>\n<\/strong><\/p>\n<p style=\"text-align: justify;\">Hasta 1972, s\u00f3lo se conoc\u00edan las reglas de simetr\u00eda de las interacci\u00f3n fuerte y nio fuimos capaces de formulas las leyes de esta Interacci\u00f3n con la debida precisi\u00f3n.:<\/p>\n<p style=\"text-align: justify;\">&#8211; El alcance de esta interacci\u00f3n no se extiende m\u00e1s all\u00e1 del radio del n\u00facleo at\u00f3mico (10<sup>-13<\/sup> cm aproximadamente)..<\/p>\n<p style=\"text-align: justify;\">-La interacci\u00f3n es fuerte. Bajo la influiencia de esta interacci\u00f3n, las part\u00edculas que pueden desintegrarse, las &#8220;resonancias&#8221; lo hacen muy r\u00e1pidamente. Un ejemplo es la resonancia \u0394, con una vida media de solamente 0,6 x 10<sup>-23<\/sup> s Esta colis\u00f3n es extremadamente probable cuando dos <a href=\"#\" onclick=\"referencia('hadrones',event); return false;\">hadrones<\/a> se encuentran a una distancia cercana a 10<sup>-13 <\/sup>cm.<\/p>\n<p style=\"text-align: justify;\">Hasta 1972 se pensaba que los mediadores de las interacciones fuertes eran <a href=\"#\" onclick=\"referencia('pion',event); return false;\">piones<\/a>, que tienen <a href=\"#\" onclick=\"referencia('espin',event); return false;\">esp\u00edn<\/a> 0 y masa comprendida entre 135 y 140 MeV. Por ejemplo, la fuerte atracci\u00f3n entre dos <a href=\"#\" onclick=\"referencia('proton',event); return false;\">protones<\/a> se debe fundamentalmente al intercambio de un <a href=\"#\" onclick=\"referencia('pion',event); return false;\">pi\u00f3n<\/a>. Hoy d\u00eda se dice que esto obedece al hecho que de que los <a href=\"#\" onclick=\"referencia('pion',event); return false;\">piones<\/a> son los <a href=\"#\" onclick=\"referencia('hadrones',event); return false;\">hadrones<\/a> m\u00e1s ligeros y que como los demas adrones, est\u00e1n formados por &#8220;Quarks&#8221;. La interacciones fuerte es entonces un efecto secundario de una interacci\u00f3n m\u00e1s fuerte incluso entre Quarks. Los mediadores de esta interacci\u00f3n m\u00e1s fuerte son los <a href=\"#\" onclick=\"referencia('gluones',event); return false;\">gluones<\/a>.<\/p>\n<p style=\"text-align: justify;\">La <em>interacci\u00f3n fuerte<\/em> es unas 10<sup>2<\/sup> veces mayor que la interacci\u00f3n electromagn\u00e9tica y, como ya se dijo antes, aparece s\u00f3lo entre los <a href=\"http:\/\/www.emiliosilveravazquez.com\/blog\/2012\/09\/27\/interacciones\/#\"><a href=\"#\" onclick=\"referencia('hadrones',event); return false;\">hadrones<\/a><\/a> y es la responsable de las fuerzas entre <a href=\"http:\/\/www.emiliosilveravazquez.com\/blog\/2012\/09\/27\/interacciones\/#\"><a href=\"#\" onclick=\"referencia('nucleones',event); return false;\">nucleones<\/a><\/a> que confiere a los n\u00facleos de los \u00e1tomos su gran estabilidad. Act\u00faa a muy corta distancia dentro del n\u00facleo (10<sup>-15<\/sup> metros) y se puede interpretar como una interacci\u00f3n mediada por el intercambio de <a href=\"http:\/\/www.emiliosilveravazquez.com\/blog\/2012\/09\/27\/interacciones\/#\"><a href=\"#\" onclick=\"referencia('mesones',event); return false;\">mesones<\/a><\/a> virtuales llamados Gluones. Est\u00e1 descrita por una teor\u00eda <a href=\"http:\/\/www.emiliosilveravazquez.com\/blog\/2012\/09\/27\/interacciones\/#\"><a href=\"#\" onclick=\"referencia('gauge',event); return false;\">gauge<\/a><\/a> llamada Cromodin\u00e1mica cu\u00e1ntica.<\/p>\n<p style=\"text-align: justify;\"><img decoding=\"async\" loading=\"lazy\" src=\"http:\/\/upload.wikimedia.org\/wikipedia\/commons\/thumb\/2\/21\/CNO_Cycle.svg\/280px-CNO_Cycle.svg.png\" alt=\"\" width=\"280\" height=\"280\" \/><\/p>\n<p style=\"text-align: justify;\">La interacci\u00f3n fuerte, como se ha explicado muchas veces, es la m\u00e1s fuerte de todas las fuerzas fundamentales de la Naturaleza, es la responsable de mantener unidos los <a href=\"http:\/\/www.emiliosilveravazquez.com\/blog\/2012\/09\/27\/interacciones\/#\">protones<\/a> y <a href=\"http:\/\/www.emiliosilveravazquez.com\/blog\/2012\/09\/27\/interacciones\/#\">neutrones<\/a> en el n\u00facleo del \u00e1tomo. Como los <a href=\"http:\/\/www.emiliosilveravazquez.com\/blog\/2012\/09\/27\/interacciones\/#\">protones<\/a> y <a href=\"http:\/\/www.emiliosilveravazquez.com\/blog\/2012\/09\/27\/interacciones\/#\">neutrones<\/a> est\u00e1n compuestos de Quarks, \u00e9stos dentro de dichos <a href=\"http:\/\/www.emiliosilveravazquez.com\/blog\/2012\/09\/27\/interacciones\/#\">bariones<\/a>, est\u00e1n sometidos o confinados en aquel recinto, y, no se pueden separar por impedirlo los <a href=\"http:\/\/www.emiliosilveravazquez.com\/blog\/2012\/09\/27\/interacciones\/#\"><a href=\"#\" onclick=\"referencia('gluones',event); return false;\">gluones<\/a><\/a> que ejercen la fuerza fuerte, es decir, esta fuerza, al contrario que las dem\u00e1s, cuando m\u00e1s se alejan los <a href=\"http:\/\/www.emiliosilveravazquez.com\/blog\/2012\/09\/27\/interacciones\/#\">quarks<\/a> los unos de los otros m\u00e1s intensa se vuelve. Aumenta con la distancia.<\/p>\n<p style=\"text-align: justify;\"><img decoding=\"async\" loading=\"lazy\" src=\"http:\/\/francisthemulenews.files.wordpress.com\/2008\/06\/dibujo20070604quantum.jpg\" alt=\"\" width=\"602\" height=\"517\" \/><\/p>\n<p style=\"text-align: justify;\">El concepto de campo de Faraday ha dado mucho juego en F\u00edsica, es un concepto ideal para explicar cierttos fen\u00f3menos que se han podido observar en las investigaciones de las fuerzas fundamentales y otros. El campo no se ve, sin embargo, est\u00e1 ah\u00ed, rodea los cuerpos como, por ejemplo, un <a href=\"http:\/\/www.emiliosilveravazquez.com\/blog\/2012\/09\/27\/interacciones\/#\">electr\u00f3n<\/a> o el planeta Tierra que emite su campo electromagn\u00e9tico a su alrededor y que tan \u00fatil nos resulta para evitar problemas.<\/p>\n<p style=\"text-align: justify;\">Me he referido a una teor\u00eda <a href=\"http:\/\/www.emiliosilveravazquez.com\/blog\/2012\/09\/27\/interacciones\/#\"><a href=\"#\" onclick=\"referencia('gauge',event); return false;\">gauge<\/a><\/a> que son teor\u00edas cu\u00e1nticas de campo creadas para explicar las interacciones fundamentales. Una teor\u00eda <a href=\"http:\/\/www.emiliosilveravazquez.com\/blog\/2012\/09\/27\/interacciones\/#\"><a href=\"#\" onclick=\"referencia('gauge',event); return false;\">gauge<\/a><\/a> requiere un grupo de simetr\u00eda para los campos y las potenciales (el grupo <a href=\"http:\/\/www.emiliosilveravazquez.com\/blog\/2012\/09\/27\/interacciones\/#\"><a href=\"#\" onclick=\"referencia('gauge',event); return false;\">gauge<\/a><\/a>). En el caso de la electrodin\u00e1mica, el grupo es abeliano, mientras que las teor\u00edas <a href=\"http:\/\/www.emiliosilveravazquez.com\/blog\/2012\/09\/27\/interacciones\/#\"><a href=\"#\" onclick=\"referencia('gauge',event); return false;\">gauge<\/a><\/a> para las interacciones fuertes y d\u00e9biles utilizan grupos no abelianos. Las teor\u00edas <a href=\"http:\/\/www.emiliosilveravazquez.com\/blog\/2012\/09\/27\/interacciones\/#\"><a href=\"#\" onclick=\"referencia('gauge',event); return false;\">gauge<\/a><\/a> no abelianas son conocidas como teor\u00edas de Yang\u2013Mills. Esta diferencia explica por qu\u00e9 la electrodin\u00e1mica cu\u00e1ntica es una teor\u00eda mucho m\u00e1s simple que la <a href=\"http:\/\/www.emiliosilveravazquez.com\/blog\/2012\/09\/27\/interacciones\/#\"><a href=\"#\" onclick=\"referencia('cromodinamica cuantica',event); return false;\">cromodin\u00e1mica cu\u00e1ntica<\/a><\/a>, que describe las interacciones fuertes, y la teor\u00eda electrod\u00e9bil que unifica la fuerza d\u00e9bil con la electromagn\u00e9tica. En el caso de la gravedad cu\u00e1ntica, el grupo <a href=\"http:\/\/www.emiliosilveravazquez.com\/blog\/2012\/09\/27\/interacciones\/#\"><a href=\"#\" onclick=\"referencia('gauge',event); return false;\">gauge<\/a><\/a> es mucho m\u00e1s complicado que los anteriores necesarios para la fuerza fuerte y electrod\u00e9bil.<\/p>\n<p style=\"text-align: justify;\">En las teor\u00edas <a href=\"http:\/\/www.emiliosilveravazquez.com\/blog\/2012\/09\/27\/interacciones\/#\"><a href=\"#\" onclick=\"referencia('gauge',event); return false;\">gauge<\/a><\/a>, las interacciones entre part\u00edculas se pueden explicar por el intercambio de part\u00edculas (<a href=\"http:\/\/www.emiliosilveravazquez.com\/blog\/2012\/09\/27\/interacciones\/#\"><a href=\"#\" onclick=\"referencia('bosones',event); return false;\">bosones<\/a><\/a> vectoriales intermediarios o <a href=\"http:\/\/www.emiliosilveravazquez.com\/blog\/2012\/09\/27\/interacciones\/#\"><a href=\"#\" onclick=\"referencia('bosones',event); return false;\">bosones<\/a><\/a> gante), como los <a href=\"http:\/\/www.emiliosilveravazquez.com\/blog\/2012\/09\/27\/interacciones\/#\"><a href=\"#\" onclick=\"referencia('gluones',event); return false;\">gluones<\/a><\/a>, <a href=\"http:\/\/www.emiliosilveravazquez.com\/blog\/2012\/09\/27\/interacciones\/#\"><a href=\"#\" onclick=\"referencia('foton',event); return false;\">fotones<\/a><\/a> y los W y Z.<\/p>\n<p style=\"text-align: justify;\"><strong>Interacci\u00f3n d\u00e9bil<\/strong><\/p>\n<p style=\"text-align: justify;\"><img decoding=\"async\" loading=\"lazy\" id=\"il_fi\" src=\"http:\/\/www.astrosurf.com\/astronosur\/imagenes\/est_fusion7.gif\" alt=\"\" width=\"260\" height=\"300\" \/><\/p>\n<p style=\"text-align: justify;\">La Interacci\u00f3n d\u00e9bil es la responsable de que muchas part\u00edculas y tambi\u00e9n muchos nucleos at\u00f3micos ex\u00f3ticos sean inestables. Esta interacci\u00f3n piede provocar que una part\u00edcula se transforme en otra relacionada, por emisi\u00f3n de un <a href=\"#\" onclick=\"referencia('electron',event); return false;\">electr\u00f3n<\/a> y un <a href=\"#\" onclick=\"referencia('neutrinos',event); return false;\">neutrino<\/a>. Enrico <a href=\"#\" onclick=\"referencia('fermi',event); return false;\">Fermi<\/a> en 1934 estableci\u00f3 una regla general de la interacci\u00f3n d\u00e9bil, que fue mejorada posteriormente por George Sudarshan, Robert Marshak, Murray Gell Mann, Rychard Feyman y otros. La f\u00f3rmula mejorada funcinaba muy bien, pero hizo evidente que no era adecuada en todas las circunstancias. En 1970 de las siguientes caracter\u00edsticas de las interacciones d\u00e9biles s\u00f3lo se conoc\u00edan las tres primeras:<\/p>\n<p style=\"text-align: justify;\">&#8211; La interacci\u00f3n act\u00faa de forma universal sobre muchos tipos diferentes de part\u00edculas y su intensidad es aproximadamente igual para todas (aunque sus efectos pueden ser muy diferentes en cada caso). A los <a href=\"#\" onclick=\"referencia('neutrinos',event); return false;\">neutrinos<\/a> les afecta exclusicamente la interacci\u00f3n d\u00e9bil.<\/p>\n<p style=\"text-align: justify;\">&#8211; Comparada con las dem\u00e1s interacciones, \u00e9sta tiene un alcance muy corto.<\/p>\n<p style=\"text-align: justify;\">&#8211; La interacci\u00f3n es muy d\u00e9bil. Consecuentemente, los choques en part\u00edculas de los cuales los <a href=\"#\" onclick=\"referencia('neutrinos',event); return false;\">neutrinos<\/a> involucrados son tan poco frecuentes que se necesitan chorros muy intensos de <a href=\"#\" onclick=\"referencia('neutrinos',event); return false;\">neutrinos<\/a> para poder estudiar los sucesos.<\/p>\n<p style=\"text-align: justify;\">&#8211; Los mediadores de las interacci\u00f3n d\u00e9bil, llamados W<sup>+<\/sup> y W<sup>&#8211;<\/sup>, no se detectaron hasta la d\u00e9cada de 1980. Al igual que el <a href=\"#\" onclick=\"referencia('foton',event); return false;\">fot\u00f3n<\/a> tienen <a href=\"#\" onclick=\"referencia('espin',event); return false;\">esp\u00edn<\/a> 1, pero est\u00e1n el\u00e9ctricamente cargados y son muy pesados (esta es la causa por el que el alcance de la interacci\u00f3n es tan corto). Hay un tercer mediador Z\u00ba, que es responsable de un tercer tipo de interacci\u00f3n d\u00e9bil que no tiene nada que ver con la desintegraci\u00f3n de las part\u00edculas.; la &#8220;corriente neutra&#8221;. Permite que los <a href=\"#\" onclick=\"referencia('neutrinos',event); return false;\">neutrinos<\/a> puedan colisionar con otras part\u00edculas sin cambiar su identidad.<\/p>\n<p style=\"text-align: justify;\">A partir de 1970, qued\u00f3 clara la relaci\u00f3n entre la intereracci\u00f3n d\u00e9bil y la intereccci\u00f3n electromagn\u00e9tica, que dio lugar a la teor\u00eda electrod\u00e9bil tan conopcida hoy.<\/p>\n<p style=\"text-align: justify;\">\u00a0<img decoding=\"async\" loading=\"lazy\" id=\"il_fi\" src=\"http:\/\/www.google.es\/url?source=imglanding&amp;ct=img&amp;q=http:\/\/2.bp.blogspot.com\/_4dhOvMVTxeQ\/S0lKQecdFFI\/AAAAAAAAAoU\/8wlM4TMq0hs\/s400\/fuerzas-fundamentales-5.jpg&amp;sa=X&amp;ei=U8ytUMC1KoPS0QXFwYCgBg&amp;ved=0CAwQ8wc&amp;usg=AFQjCNHHInVtOgSPDtLg5pKR0fDdsyIPZg\" alt=\"\" width=\"400\" height=\"288\" \/><\/p>\n<p style=\"text-align: justify;\">As\u00ed, estas cuatro fuerzas fundamentales de la Naturaleza son las leyes que rigen en el Universo y, est\u00e1n presentes en todos sus campos y regiones por muy alejados que estos se puedan encontrar e inciden en los comportamientos de todos los objetos que conocemos como los mundos, las estrellas, los seres vivos, las galaxias y las Nebulosas y, tambi\u00e9n, en aquellos que no podemos ver pero que, de seguro est\u00e1n ah\u00ed supeditados a esas interacciones que todo lo rigen y hacen de nuestro mundo el que todos conocemos.<\/p>\n<p style=\"text-align: justify;\">\u00a0<img decoding=\"async\" loading=\"lazy\" src=\"http:\/\/www.espacial.org\/images\/jpg2\/bigbang.jpg\" alt=\"Evoluci\u00f3n del Universo\" width=\"500\" height=\"378\" \/><\/p>\n<p style=\"text-align: justify;\">Todo ello lo hemos podido discernir a lo largo de un proceso largo de observaci\u00f3n y experimento y mucha intuici\u00f3n de mentes privilegiadas que intutyeron donde se encontraban las respuestas. Nosotros, tenemos la suerte de encontrarnos ahora en una \u00e9poca m\u00e1s o menos avanzada y en la que contamos con tecnolog\u00edas que nos llevar\u00edan mucho m\u00e1s all\u00e1 del mundo que conocemos para adentrarnos en ese otro del futuro en el que, la F\u00edsica, no tenga tantos secretos para nosotros y, si eso lo conseguimos, estaremos en un mundo mejor y conoceremos por f\u00edn, nuestro Universo y, de camino tambi\u00e9n a nosotros mismos&#8230;\u00a1que falta hace!<\/p>\n<p style=\"text-align: justify;\">emilio silvera<\/p>\n<div class='bookmark'>\r\n\t\t<table align='left' border='0' cellpadding='0' width='100%'>\r\n\t\t<tr><td><span class='pushbutton'><a href='http:\/\/delicious.com\/post?url=http%3A%2F%2Fwww.emiliosilveravazquez.com%2Fblog%2F2013%2F08%2F25%2Finteracciones-fundamentales-de-la-naturaleza-breve-resena%2F&amp;title=Interacciones+fundamentales+de+la+Naturaleza+%28breve+rese%C3%B1a%29' title='Delicious' target='_blank' rel='nofollow'><img src='http:\/\/www.emiliosilveravazquez.com\/blog\/wp-content\/plugins\/knxdt-bookmarks-wordpress-plugin\/images\/delicious.png'  alt='' class='book_img' border='none' style='margin:1px; padding: 0;'  \/><\/a><\/span><span class='pushbutton'><a href='http:\/\/digg.com\/submit?url=http%3A%2F%2Fwww.emiliosilveravazquez.com%2Fblog%2F2013%2F08%2F25%2Finteracciones-fundamentales-de-la-naturaleza-breve-resena%2F&amp;title=Interacciones+fundamentales+de+la+Naturaleza+%28breve+rese%C3%B1a%29' title='Digg' target='_blank' rel='nofollow'><img src='http:\/\/www.emiliosilveravazquez.com\/blog\/wp-content\/plugins\/knxdt-bookmarks-wordpress-plugin\/images\/digg.png'  alt='' class='book_img' border='none' style='margin:1px; padding: 0;'  \/><\/a><\/span><span class='pushbutton'><a href='http:\/\/www.google.com\/bookmarks\/mark?op=edit&amp;bkmk=http%3A%2F%2Fwww.emiliosilveravazquez.com%2Fblog%2F2013%2F08%2F25%2Finteracciones-fundamentales-de-la-naturaleza-breve-resena%2F&amp;title=Interacciones+fundamentales+de+la+Naturaleza+%28breve+rese%C3%B1a%29' title='Google' target='_blank' rel='nofollow'><img src='http:\/\/www.emiliosilveravazquez.com\/blog\/wp-content\/plugins\/knxdt-bookmarks-wordpress-plugin\/images\/google.png'   alt='' class='book_img' border='none' style='margin:1px; padding: 0;'  \/><\/a><\/span><span class='pushbutton'><a href='http:\/\/myweb2.search.yahoo.com\/myresults\/bookmarklet?u=http%3A%2F%2Fwww.emiliosilveravazquez.com%2Fblog%2F2013%2F08%2F25%2Finteracciones-fundamentales-de-la-naturaleza-breve-resena%2F&amp;t=Interacciones+fundamentales+de+la+Naturaleza+%28breve+rese%C3%B1a%29' title='Yahoo' target='_blank' rel='nofollow'><img src='http:\/\/www.emiliosilveravazquez.com\/blog\/wp-content\/plugins\/knxdt-bookmarks-wordpress-plugin\/images\/yahoo.png'  alt='' class='book_img' border='none' style='margin:1px; padding: 0;'  \/><\/a><\/span><span class='pushbutton'><a href='http:\/\/www.technorati.com\/faves?add=http%3A%2F%2Fwww.emiliosilveravazquez.com%2Fblog%2F2013%2F08%2F25%2Finteracciones-fundamentales-de-la-naturaleza-breve-resena%2F' title='Technorati' target='_blank' rel='nofollow'><img src='http:\/\/www.emiliosilveravazquez.com\/blog\/wp-content\/plugins\/knxdt-bookmarks-wordpress-plugin\/images\/technorati.png'  alt='' class='book_img' border='none' style='margin:1px; padding: 0;'  \/><\/a><\/span><span class='pushbutton'><a href='http:\/\/meneame.net\/submit.php?url=http%3A%2F%2Fwww.emiliosilveravazquez.com%2Fblog%2F2013%2F08%2F25%2Finteracciones-fundamentales-de-la-naturaleza-breve-resena%2F' title='Meneame' target='_blank' rel='nofollow'><img src='http:\/\/www.emiliosilveravazquez.com\/blog\/wp-content\/plugins\/knxdt-bookmarks-wordpress-plugin\/images\/meneame.png'  alt='' class='book_img' border='none' style='margin:1px; padding: 0;'  \/><\/a><\/span><span class='pushbutton'><a href='http:\/\/enchilame.com\/submit.php?url=http:\/\/www.emiliosilveravazquez.com\/blog\/2013\/08\/25\/interacciones-fundamentales-de-la-naturaleza-breve-resena\/' target='_blank' rel='nofollow'><img title='Enchilame' src='http:\/\/www.emiliosilveravazquez.com\/blog\/wp-content\/plugins\/knxdt-bookmarks-wordpress-plugin\/images\/enchilame.png'  alt='' class='book_img' border='none' style='margin:1px; padding: 0;'  \/><\/a><\/span><span class='pushbutton'><a href='http:\/\/www.blinklist.com\/index.php?Action=Blink\/addblink.php&amp;Description=&amp;Url=http%3A%2F%2Fwww.emiliosilveravazquez.com%2Fblog%2F2013%2F08%2F25%2Finteracciones-fundamentales-de-la-naturaleza-breve-resena%2F&amp;title=Interacciones+fundamentales+de+la+Naturaleza+%28breve+rese%C3%B1a%29' title='BlinkList' target='_blank' rel='nofollow'><img src='http:\/\/www.emiliosilveravazquez.com\/blog\/wp-content\/plugins\/knxdt-bookmarks-wordpress-plugin\/images\/blinklist.png'  alt='' class='book_img' border='none' style='margin:1px; padding: 0;'  \/><\/a><\/span><span class='pushbutton'><a href='http:\/\/reddit.com\/submit?url=http%3A%2F%2Fwww.emiliosilveravazquez.com%2Fblog%2F2013%2F08%2F25%2Finteracciones-fundamentales-de-la-naturaleza-breve-resena%2F&amp;title=Interacciones+fundamentales+de+la+Naturaleza+%28breve+rese%C3%B1a%29' title='Reddit' target='_blank' rel='nofollow'><img src='http:\/\/www.emiliosilveravazquez.com\/blog\/wp-content\/plugins\/knxdt-bookmarks-wordpress-plugin\/images\/reddit.png'  alt='' class='book_img' border='none' style='margin:1px; padding: 0;'  \/><\/a><\/span><span class='pushbutton'><a href='http:\/\/www.tecnologiadiaria.com\/2009\/07\/abrir-com-hotmail-correo.html' target='_blank' title='hotmail'><img src='http:\/\/www.emiliosilveravazquez.com\/blog\/wp-content\/plugins\/knxdt-bookmarks-wordpress-plugin\/images\/linklove.png' alt='hotmail correo' class='book_img' border='none' style='margin:1px; padding: 0;' \/><\/a><\/span><span class='pushbutton'><a href='http:\/\/bitacoras.com\/votar\/anotacion\/externo\/mini\/www.emiliosilveravazquez.com\/blog\/2013\/08\/25\/interacciones-fundamentales-de-la-naturaleza-breve-resena\/' title='Bitacoras.com' target='_blank' rel='nofollow'><img src='http:\/\/www.emiliosilveravazquez.com\/blog\/wp-content\/plugins\/knxdt-bookmarks-wordpress-plugin\/images\/bitacoras.png'  alt='' class='book_img' border='none' style='margin:1px; padding: 0;'  \/><\/a><\/span><span class='pushbutton'><a href='http:\/\/www.wikio.es\/vote?url=http%3A%2F%2Fwww.emiliosilveravazquez.com%2Fblog%2F2013%2F08%2F25%2Finteracciones-fundamentales-de-la-naturaleza-breve-resena%2F' title='Wikio' target='_blank' rel='nofollow'><img src='http:\/\/www.emiliosilveravazquez.com\/blog\/wp-content\/plugins\/knxdt-bookmarks-wordpress-plugin\/images\/wikio.png'   alt='' class='book_img' border='none' style='margin:1px; padding: 0;'   \/><\/a><\/span><span class='pushbutton'><a href='http:\/\/friendfeed.com\/?url=http%3A%2F%2Fwww.emiliosilveravazquez.com%2Fblog%2F2013%2F08%2F25%2Finteracciones-fundamentales-de-la-naturaleza-breve-resena%2F&amp;title=Interacciones+fundamentales+de+la+Naturaleza+%28breve+rese%C3%B1a%29' title='Friend Feed' target='_blank' rel='nofollow'><img src='http:\/\/www.emiliosilveravazquez.com\/blog\/wp-content\/plugins\/knxdt-bookmarks-wordpress-plugin\/images\/friendfeed.png'  alt='' class='book_img' border='none' style='margin:1px; padding: 0;'  \/><\/a><\/span><span class='pushbutton'><a href='http:\/\/www.facebook.com\/share.php?u=http%3A%2F%2Fwww.emiliosilveravazquez.com%2Fblog%2F2013%2F08%2F25%2Finteracciones-fundamentales-de-la-naturaleza-breve-resena%2F&amp;t=Interacciones+fundamentales+de+la+Naturaleza+%28breve+rese%C3%B1a%29' title='Facebook' target='_blank' rel='nofollow'><img src='http:\/\/www.emiliosilveravazquez.com\/blog\/wp-content\/plugins\/knxdt-bookmarks-wordpress-plugin\/images\/facebook.png'  alt='' class='book_img' border='none' style='margin:1px; padding: 0;'  \/><\/a><\/span><span class='pushbutton'><a href='http:\/\/twitter.com\/home?status=Interacciones+fundamentales+de+la+Naturaleza+%28breve+rese%C3%B1a%29: http%3A%2F%2Fwww.emiliosilveravazquez.com%2Fblog%2F2013%2F08%2F25%2Finteracciones-fundamentales-de-la-naturaleza-breve-resena%2F' title='Twitter' target='_blank' rel='nofollow'><img src='http:\/\/www.emiliosilveravazquez.com\/blog\/wp-content\/plugins\/knxdt-bookmarks-wordpress-plugin\/images\/twitter.png'  alt='' class='book_img' border='none' style='margin:1px; padding: 0;'  \/><\/a><\/span><span class='pushbutton'><a href='http:\/\/www.feedburner.com\/fb\/a\/emailFlare?itemTitle=Interacciones+fundamentales+de+la+Naturaleza+%28breve+rese%C3%B1a%29&amp;uri=http%3A%2F%2Fwww.emiliosilveravazquez.com%2Fblog%2F2013%2F08%2F25%2Finteracciones-fundamentales-de-la-naturaleza-breve-resena%2F' title='Enviar por Email' target='_blank' rel='nofollow'><img src='http:\/\/www.emiliosilveravazquez.com\/blog\/wp-content\/plugins\/knxdt-bookmarks-wordpress-plugin\/images\/email.png'  alt='' class='book_img' border='none' style='margin:1px; padding: 0;'  \/><\/a><\/span><span style='font-weight:bold; padding-left: 5px;'><a href='http:\/\/wordpress.org\/extend\/plugins\/knxdt-bookmarks-wordpress-plugin\/' title='Plugin' rel='nofollow' target='_blank'>[?]<\/a><\/span><\/td><\/tr><\/table><br\/><br\/><\/div>","protected":false},"excerpt":{"rendered":"<p>Como pueden haber deducido por el t\u00edtulo, me estoy refiriendo a cualquiera de los cuatro tipos diferentes de interacciones que pueden ocurrir entre los cuerpos.\u00a0 Estas interacciones pueden tener lugar incluso cuando los cuerpos no est\u00e1n en contacto f\u00edsico y juntas pueden explicar todas las fuerzas que se observan en el universo. Todos recordamos lecturas [&hellip;]<\/p>\n","protected":false},"author":2,"featured_media":0,"comment_status":"open","ping_status":"open","sticky":false,"template":"","format":"standard","meta":{"_s2mail":"yes","footnotes":""},"categories":[6],"tags":[],"_links":{"self":[{"href":"http:\/\/www.emiliosilveravazquez.com\/blog\/wp-json\/wp\/v2\/posts\/9548"}],"collection":[{"href":"http:\/\/www.emiliosilveravazquez.com\/blog\/wp-json\/wp\/v2\/posts"}],"about":[{"href":"http:\/\/www.emiliosilveravazquez.com\/blog\/wp-json\/wp\/v2\/types\/post"}],"author":[{"embeddable":true,"href":"http:\/\/www.emiliosilveravazquez.com\/blog\/wp-json\/wp\/v2\/users\/2"}],"replies":[{"embeddable":true,"href":"http:\/\/www.emiliosilveravazquez.com\/blog\/wp-json\/wp\/v2\/comments?post=9548"}],"version-history":[{"count":0,"href":"http:\/\/www.emiliosilveravazquez.com\/blog\/wp-json\/wp\/v2\/posts\/9548\/revisions"}],"wp:attachment":[{"href":"http:\/\/www.emiliosilveravazquez.com\/blog\/wp-json\/wp\/v2\/media?parent=9548"}],"wp:term":[{"taxonomy":"category","embeddable":true,"href":"http:\/\/www.emiliosilveravazquez.com\/blog\/wp-json\/wp\/v2\/categories?post=9548"},{"taxonomy":"post_tag","embeddable":true,"href":"http:\/\/www.emiliosilveravazquez.com\/blog\/wp-json\/wp\/v2\/tags?post=9548"}],"curies":[{"name":"wp","href":"https:\/\/api.w.org\/{rel}","templated":true}]}}