{"id":9302,"date":"2025-07-06T05:53:09","date_gmt":"2025-07-06T04:53:09","guid":{"rendered":"http:\/\/www.emiliosilveravazquez.com\/blog\/?p=9302"},"modified":"2025-07-06T05:53:56","modified_gmt":"2025-07-06T04:53:56","slug":"%c2%bfla-vida-%c2%bfquien-puede-pararla","status":"publish","type":"post","link":"http:\/\/www.emiliosilveravazquez.com\/blog\/2025\/07\/06\/%c2%bfla-vida-%c2%bfquien-puede-pararla\/","title":{"rendered":"\u00bfLa Vida? \u00bfQui\u00e9n puede pararla?"},"content":{"rendered":"<p style=\"text-align: justify;\"><img decoding=\"async\" loading=\"lazy\" class=\"\" src=\"https:\/\/img.freepik.com\/fotos-premium\/fondo-pantalla-galaxia-supernova-muestra-nebulosa-nubes-coloridas-cosmos-ia-generativa_846485-24216.jpg?w=360\" alt=\"El fondo de pantalla de la galaxia supernova muestra una nebulosa de nubes coloridas en el cosmos IA generativa | Imagen Premium generada con IA\" width=\"639\" height=\"799\" \/><\/p>\n<p>&nbsp;<\/p>\n<div style=\"text-align: justify;\">Simulaci\u00f3n en alta resoluci\u00f3n de una galaxia que alberga una supernova super-luminosa en el universo primitivo. Se cree que a partir de sucesos como esos, el Universo evolucion\u00f3 hasta llegar a lo que hoy conocemos. Las primeras estrellas muy masivas, incluso algunas sobrepasaban las 150 masas solares, eran destruidas por su propia radiaci\u00f3n y se formaban inmensas nebulosas de las que volv\u00edan a surgir nuevas estrellas m\u00e1s estables hasta que, todo se fue acoplando de manera paulatina hacia una normalidad que ahora podemos contemplar a nuestro alrededor.<\/div>\n<div><\/div>\n<div><\/div>\n<div><img decoding=\"async\" loading=\"lazy\" class=\"\" src=\"https:\/\/www.ambientum.com\/wp-content\/uploads\/2020\/01\/universo-primordial.jpg\" alt=\"Hallan el origen de una supernova superluminosa - Ambientum\" width=\"735\" height=\"490\" \/><\/div>\n<div><\/div>\n<p style=\"text-align: justify;\"><strong>\u00a0\u00a0\u00a0\u00a0 \u00a0 \u00a0 \u00a0\u00a0 Sin movernos del planeta Tierra, hemos llegado a saber d\u00f3nde estamos y c\u00f3mo es, el Universo<\/strong><\/p>\n<p style=\"text-align: justify;\">Ahora sabemos que el universo tiene que tener miles de millones de a\u00f1os para que haya transcurrido el tiempo necesario par que las mol\u00e9culas\u00a0 de la vida pudieran ser fabricadas en las estrellas y la gravitaci\u00f3n nos dice que la edad del universo esta directamente ligada con otras propiedades como la densidad, temperatura, y el brillo del cielo.<\/p>\n<p style=\"text-align: justify;\">Puesto que el universo debe expandirse durante miles de millones de a\u00f1os, debe llegar a tener una extensi\u00f3n visible de miles de millones de a\u00f1os luz. Puesto que su temperatura y densidad disminuyen a medida que se expande, necesariamente se hace fr\u00edo y disperso. Como hemos llegado a saber, la densidad del universo es hoy de poco m\u00e1s que 1 \u00e1tomo por m<sup>3 <\/sup>de espacio. Traducida en una medida de las distancias medias entre estrellas o galaxias, esta densidad tan baja muestra por qu\u00e9 no es sorprendente que otros sistemas estelares est\u00e9n tan alejados y sea dif\u00edcil el contacto con seres de otros mundos. Si existen en el universo otras formas de v\u00eda avanzada, entonces, como nosotros, habr\u00e1n evolucionado sin ser perturbadas por otros seres visitantes y podr\u00e1n (como nosotros), alcanzar una fase tecnol\u00f3gica avanzada.<\/p>\n<p>&nbsp;<\/p>\n<p style=\"text-align: justify;\"><img decoding=\"async\" loading=\"lazy\" class=\"\" src=\"http:\/\/1.bp.blogspot.com\/-9hHfyPjmk5w\/T4f85p2h0uI\/AAAAAAAAATM\/l_twws2dohA\/s1600\/evolucion%2Bde%2Bgalaxias.jpg\" alt=\"\" width=\"690\" height=\"434\" \/><\/p>\n<p>&nbsp;<\/p>\n<p style=\"text-align: justify;\">La expansi\u00f3n del universo es precisamente la que ha hecho posible que el alejamiento entre estrellas, con sus enormes fuentes de radiaci\u00f3n, no incidieran en las c\u00e9lulas org\u00e1nicas que m\u00e1s tarde evolucionar\u00edan hasta llegar a nosotros. Diez mil millones de a\u00f1os de alejamiento continuado y el enfriamiento que acompa\u00f1a a dicha expansi\u00f3n permitieron que, con la temperatura ideal y una radiaci\u00f3n baja, los seres vivos continuaran su andadura en este planeta min\u00fasculo, situado en la periferia de la galaxia que comparado al conjunto de esta, es s\u00f3lo una mota de polvo donde unos insignificantes seres laboriosos, curiosos y osados, son conscientes de estar all\u00ed y est\u00e1n pretendiendo determinar las leyes, no ya de su mundo o de su galaxia, sino que su osad\u00eda ilimitada les lleva a pretender conocer el destino de todo el universo: es decir,\u00a0 de lo muy grande y, de lo muy peque\u00f1o.<\/p>\n<p>&nbsp;<\/p>\n<p style=\"text-align: justify;\"><img decoding=\"async\" loading=\"lazy\" id=\"irc_mi\" src=\"http:\/\/4.bp.blogspot.com\/-UbVayh3j55g\/TZQ_7r00FmI\/AAAAAAAAASs\/EwBilREderQ\/s1600\/cumulo_galaxias.jpg\" alt=\"\" width=\"308\" height=\"306\" \/><img decoding=\"async\" loading=\"lazy\" class=\"\" src=\"https:\/\/www.sea-astronomia.es\/sites\/default\/files\/cumulo_galaxias_.iac_irh.jpg\" alt=\"c\u00famulo de galaxias | Sociedad espa\u00f1ola de astronom\u00eda\" width=\"404\" height=\"303\" \/><\/p>\n<p>&nbsp;<\/p>\n<p style=\"text-align: justify;\">Otras veces hemos hablado aqu\u00ed de las Constantes Fundamentales\u00a0 y de las que m\u00e1s conocemos y o\u00edmos mencionar: La carga del <a href=\"http:\/\/www.emiliosilveravazquez.com\/blog\/2012\/10\/29\/relacion-de-masas-electron-proton-%C2%BFla-vida\/#\">electr\u00f3n<\/a> (e), la velocidad de la luz (c), la <a href=\"http:\/\/www.emiliosilveravazquez.com\/blog\/2012\/10\/29\/relacion-de-masas-electron-proton-%C2%BFla-vida\/#\"><a href=\"#\" onclick=\"referencia('planck constante de',event); return false;\">Constante de Planck<\/a><\/a> (h), la Constante Gravitacional (G), otras, como la constante magn\u00e9tica (\u03bc<sub>o<\/sub>), la masa en reposo del <a href=\"http:\/\/www.emiliosilveravazquez.com\/blog\/2012\/10\/29\/relacion-de-masas-electron-proton-%C2%BFla-vida\/#\">electr\u00f3n<\/a> (m<sub>e<\/sub>), o, la Constante de estructura Fina (1\/137) denotada como \u03b1 = 2\u03c0 e<sup>2<\/sup> \/ hc y cuyo resultado es 137\u2026El n\u00famero puro y adimensional.<\/p>\n<p style=\"text-align: justify;\">La estructura de los \u00e1tomos y las mol\u00e9culas est\u00e1 controlada casi por completo por dos n\u00fameros: la raz\u00f3n entre las masas del <a href=\"#\" onclick=\"referencia('electron',event); return false;\">electr\u00f3n<\/a> y el <a href=\"#\" onclick=\"referencia('proton',event); return false;\">prot\u00f3n<\/a>, \u03b2, que es aproximadamente igual a 1\/1.836, y la constante de estructura fina, \u03b1, que es aproximadamente 1\/137. Supongamos que permitimos que estas dos constantes cambien su valor de forma independiente y supongamos tambi\u00e9n (para hacerlo sencillo) que ninguna otra constante de la Naturaleza cambie. \u00bfQu\u00e9 le sucede al mundo si las leyes de la naturaleza siguen siendo las mismas?<\/p>\n<p>&nbsp;<\/p>\n<p><img decoding=\"async\" src=\"https:\/\/image.slidesharecdn.com\/clase2reaccionesenlacequin122-160911144907\/85\/Quimica-Organica-Clase-2-Reacciones-de-enlace-Quimico-6-320.jpg\" alt=\"Quimica Organica | Clase 2 Reacciones de enlace Quimico | PPT\" \/><img decoding=\"async\" src=\"https:\/\/image.slidesharecdn.com\/tiposderupturadeenlaces-120809100957-phpapp01\/85\/Tipos-de-ruptura-de-enlaces-5-320.jpg\" alt=\"Tipos de ruptura de enlaces | PPT | Descarga Gratuita\" \/><\/p>\n<p>&nbsp;<\/p>\n<p style=\"text-align: justify;\">Sistemas flexibles donde no hay rompimiento de enlaces. Si cambi\u00e1ramos las cosas, el mundo molecular se vendr\u00eda abajo y todo ser\u00eda diferente. Nada puede conformarse en s\u00f3lidas estructuras sin la solidez de los \u00e1tomos para formar mol\u00e9culas y estas poder formar cuerpos<\/p>\n<p style=\"text-align: justify;\">Si deducimos las consecuencias pronto encontramos que no hay muchos espacios para maniobrar. Incrementemos\u00a0\u03b2 demasiado y no puede haber estructuras moleculares ordenadas porque es el peque\u00f1o valor de beta el que asegura que los <a href=\"#\" onclick=\"referencia('electron',event); return false;\">electrones<\/a> ocupen posiciones bien definidas alrededor de un n\u00facleo at\u00f3mico y las cargas negativas de los <a href=\"#\" onclick=\"referencia('electron',event); return false;\">electrones<\/a> igualan las cargas positivas de los <a href=\"#\" onclick=\"referencia('proton',event); return false;\">protones<\/a> haciendo estable el n\u00facleo y el \u00e1tomo.<\/p>\n<p>&nbsp;<\/p>\n<p><img decoding=\"async\" loading=\"lazy\" class=\"\" src=\"https:\/\/thumbs.dreamstime.com\/b\/n%C3%BAcleo-at%C3%B3mico-con-electrones-en-%C3%B3rbita-neutrones-y-protones-ai-generativo-representaci%C3%B3n-art%C3%ADstica-de-un-generador-270325591.jpg\" alt=\"N\u00facleo At\u00f3mico Con Electrones En \u00f3rbita Neutrones Y Protones ...\" width=\"546\" height=\"312\" \/><\/p>\n<p>&nbsp;<\/p>\n<p style=\"text-align: justify;\">Si en lugar de a versi\u00f3n \u03b2, jugamos a cambiar la intensidad de la <a href=\"#\" onclick=\"referencia('fuerza nuclear fuerte',event); return false;\">fuerza nuclear fuerte<\/a> \u03b1<sub>F<\/sub>, junto con la de \u03b1, entonces, a menos que\u00a0 \u03b1<sub>F <\/sub>&gt; 0,3 a<sup>\u00bd<\/sup>, los elementos como el carbono no existir\u00edan. No podr\u00edan existir qu\u00edmicos org\u00e1nicos, no podr\u00edan mantenerse unidos. Si aumentamos a<sub>F<\/sub> en solo un 4 por 100, aparece un desastre potencial porque ahora puede existir un nuevo n\u00facleo de helio, el helio-2, hecho de 2 <a href=\"#\" onclick=\"referencia('proton',event); return false;\">protones<\/a> y ning\u00fan <a href=\"#\" onclick=\"referencia('neutron',event); return false;\">neutr\u00f3n<\/a>, que permite reacciones nucleares directas y m\u00e1s r\u00e1pidas que de <a href=\"#\" onclick=\"referencia('proton',event); return false;\">prot\u00f3n<\/a> + <a href=\"#\" onclick=\"referencia('proton',event); return false;\">prot\u00f3n<\/a> \u2192\u00a0 helio-2.<\/p>\n<p style=\"text-align: justify;\">Las estrellas agotar\u00edan r\u00e1pidamente su combustible y se hundir\u00edan en estados degenerados o en <a href=\"#\" onclick=\"referencia('agujero negro',event); return false;\">agujeros negros<\/a>. Por el contrario, si a<sub>F<\/sub> decreciera en un 10 por 100, el n\u00facleo de <a href=\"#\" onclick=\"referencia('deuterio',event); return false;\">deuterio<\/a> dejar\u00eda de estar ligado y se bloquear\u00eda el camino a los caminos astrof\u00edsicos nucleares hacia los elementos bioqu\u00edmicos necesarios para la vida.<\/p>\n<p>&nbsp;<\/p>\n<p style=\"text-align: justify;\"><a href=\"http:\/\/www.emiliosilveravazquez.com\/blog\/wp-content\/uploads\/2008\/09\/vida_frente_a_alfa_y_beta.jpg\" target=\"_blank\" rel=\"noopener\"><img decoding=\"async\" loading=\"lazy\" title=\"vida_frente_a_alfa_y_beta\" src=\"http:\/\/www.emiliosilveravazquez.com\/blog\/wp-content\/uploads\/2008\/09\/vida_frente_a_alfa_y_beta.jpg\" alt=\"\" width=\"414\" height=\"347\" border=\"0\" \/><\/a><\/p>\n<p style=\"text-align: justify;\">Gr\u00e1fico: Zona habitable donde la complejidad que sustenta la vida puede existir si se permite que los valores que sustentan b y a var\u00eden independientemente. En la zona inferior derecha no puede haber estrellas. En la superior derecha est\u00e1n ausentes los \u00e1tomos no relativistas. En la superior izquierda los <a href=\"#\" onclick=\"referencia('electron',event); return false;\">electrones<\/a> est\u00e1n insuficientemente localizados para que existan mol\u00e9culas auto reproductoras altamente ordenadas. Las estrechas &#8220;v\u00edas de tranv\u00edas&#8221; distingue la regi\u00f3n necesaria para que la materia sea estable para evolucionar.<\/p>\n<p>&nbsp;<\/p>\n<p style=\"text-align: justify;\"><a href=\"http:\/\/antwrp.gsfc.nasa.gov\/apod\/image\/0804\/phages_wikipedia.jpg\"><img decoding=\"async\" loading=\"lazy\" id=\"imagenprincipal\" title=\"Bacteriofagos: la forma de vida m\u00e1s com\u00fan de la Tierra\" src=\"http:\/\/antwrp.gsfc.nasa.gov\/apod\/image\/0804\/phages_wikipedia.jpg\" alt=\"Bacteriofagos: la forma de vida m\u00e1s com\u00fan de la Tierra\" width=\"630\" height=\"420\" \/><\/a><\/p>\n<p>&nbsp;<\/p>\n<p style=\"text-align: justify;\">Hay m\u00e1s bacteriofagos en la Tierra que cualquier otra forma de vida. Estos peque\u00f1os <a href=\"http:\/\/serc.carleton.edu\/microbelife\/yellowstone\/viruslive.html\">virus no son claramente una forma de vida<\/a>, ya que no adjuntos a una bacteria est\u00e1n completamente aletargados.<a href=\"http:\/\/en.wikipedia.org\/wiki\/Bacteriophage\"> Los bacteriofagos<\/a> atacan y comen <a href=\"http:\/\/en.wikipedia.org\/wiki\/Bacteria\">bacterias<\/a> y han estado haci\u00e9ndolo desde hace m\u00e1s de 3.000 millones de a\u00f1os. Aunque inicialmente se descubrieron a principios del siglo pasado, la tremenda abundancia de <a href=\"http:\/\/www.sciencenews.org\/articles\/20030712\/bob9.asp\">fagos<\/a> se realiz\u00f3 recientemente cuando se encontr\u00f3 que una simple gota de agua de mar conten\u00eda de forma media millones de ellos. Extraplotando, los <a href=\"http:\/\/www.npr.org\/templates\/story\/story.php?storyId=89380684\">fagos<\/a> parece que son al menos millones de billones m\u00e1s numerosos que los humanos.<a href=\"http:\/\/en.wikipedia.org\/wiki\/Image:Phage.jpg\"> La imagen de arriba<\/a> es una <a href=\"http:\/\/en.wikipedia.org\/wiki\/Micrograph\">micrograf\u00eda electr\u00f3nica<\/a> de m\u00e1s de una docena de bacteriofagos adjuntados a una s\u00f3la bacteria.<a href=\"http:\/\/www.intralytix.com\/Intral_PhageHistory.htm\"> Los fagos<\/a> son muy <a href=\"http:\/\/web.uct.ac.za\/depts\/mmi\/stannard\/emimages.html\">peque\u00f1os<\/a>, har\u00eda falta aproximadamente un mill\u00f3n de ellos puestos en fila para ocupar apenas un mil\u00edmetro. La habilidad de matar bacterias hace de los fagos un <a href=\"http:\/\/www.encyclopedia.com\/doc\/1G1-158576750.html\">potencial aliado<\/a> en contra de las bacterias que causan enfermedades humanas, aunque no se conoce todav\u00eda bien a los <a href=\"http:\/\/www.biochem.wisc.edu\/faculty\/inman\/empics\/virus.htm\">bacteriofagos<\/a> para ser usados en la medicina.<\/p>\n<p style=\"text-align: justify;\"><strong>\u00a0Fuente: Observatorio de imagen y traducci\u00f3n.<\/strong><\/p>\n<p style=\"text-align: justify;\" align=\"right\">M\u00faltiples formas de vida, tanto macro como microsc\u00f3picas, est\u00e1n presentes en nuestro planeta, y, de la misma manera, lo estar\u00e1n en otros que, estando en la zona habitable de su estrella, tengan condiciones similares o parecidas a las nuestras. La vida en el Universo, con las constantes que en \u00e9l est\u00e1n presentes&#8230;\u00a1es imparable!<\/p>\n<p style=\"text-align: justify;\" align=\"right\">Hemos comentado aqu\u00ed otras veces que, los bi\u00f3logos, parecen admitir sin problemas la posibilidad de otras formas de vida, pero no est\u00e1n tan seguros de que sea probable que se desarrollen espont\u00e1neamente, sin un empuj\u00f3n de formas de vida basadas en el carbono. La mayor\u00eda de las estimaciones de la probabilidad de que haya inteligencias extraterrestres en el universo se centran en formas de vida similares a nosotros que habiten en planetas parecidos a la Tierra y que necesiten agua y ox\u00edgeno o similar con una atm\u00f3sfera gaseosa y las dem\u00e1s condiciones de la distancia entre el planeta y su estrella, la radiaci\u00f3n recibida, etc. En este punto, parece l\u00f3gico recordar que antes de 1.957 se descubri\u00f3 la coincidencia entre los valores de las <strong>constantes de la Naturaleza<\/strong> que tienen importantes consecuencias para la posible existencia de carbono y ox\u00edgeno, y con ello para la vida en el universo.<\/p>\n<p align=\"right\">\n<p style=\"text-align: justify;\" align=\"right\"><img decoding=\"async\" loading=\"lazy\" class=\"\" src=\"https:\/\/fotografias.larazon.es\/clipping\/cmsimages02\/2020\/02\/12\/DB290AA7-F783-4D5F-B64E-4FEED6491FE7\/98.jpg?crop=1280,720,x0,y267&amp;width=1900&amp;height=1069&amp;optimize=low&amp;format=webply\" alt=\"El enigm\u00e1tico origen de los c\u00famulos globulares\" width=\"620\" height=\"349\" \/><\/p>\n<p align=\"right\">\n<p style=\"text-align: justify;\" align=\"right\">Las estrellas m\u00e1s viejas se nuestra Galaxia se encuentran en agrupaciones (c\u00famulos globulares) que est\u00e1n m\u00e1s o menos sim\u00e9tricamente distribuidas en torno al centro gal\u00e1ctico. La teor\u00eda de la evoluci\u00f3n estelar, qued\u00f3 aceptablemente establecida all\u00e1 por los a\u00f1os 30, y nos proporciona las edades de estas estrellas que, seg\u00fan todos los indicios, parecen indicar que existen estrellas tan viejas como 13 Ga (trece mil millones de a\u00f1os). As\u00ed, la edad del Universo debe ser algo mayor como ha quedado establecida.<\/p>\n<p style=\"text-align: justify;\">Hay una coincidencia o curiosidad adicional que existe entre el tiempo de evoluci\u00f3n biol\u00f3gico y la astronom\u00eda. Puesto que no es sorprendente que las edades de las estrellas t\u00edpicas sean similares a la edad actual del universo, hay tambi\u00e9n una aparente coincidencia entre la edad del universo y el tiempo que ha necesitado para desarrollar formas de vida como nosotros.<\/p>\n<p>&nbsp;<\/p>\n<blockquote>\n<p style=\"text-align: justify;\"><img decoding=\"async\" loading=\"lazy\" title=\"Mol\u00e9culas org\u00e1nicas observadas por Herschel en Ori\u00f3n. | ESA, HIFI, Bergin &amp; HEXOS\" src=\"http:\/\/estaticos01.cache.el-mundo.net\/elmundo\/imagenes\/2010\/06\/15\/1276602760_0.jpg\" alt=\"Mol\u00e9culas org\u00e1nicas observadas por Herschel en Ori\u00f3n. | ESA, HIFI, Bergin &amp; HEXOS\" width=\"470\" height=\"313\" border=\"0\" \/><\/p>\n<\/blockquote>\n<p>&nbsp;<\/p>\n<p style=\"text-align: justify;\">Particularmente interesantes son las mol\u00e9culas org\u00e1nicas que se encuentran de manera generalizada en las nubes interestelares densas de nuestra V\u00eda L\u00e1ctea. <strong>Alcoholes, \u00e9teres, e incluso alg\u00fan az\u00facar simple <\/strong>(como el glicoaldeh\u00eddo) poseen abundancias significativas en tales nubes. La detecci\u00f3n de <strong>la glicina, un amino\u00e1cido simple<\/strong>, en el espacio interestelar se viene intentando desde hace varios a\u00f1os. Pero aunque se tienen indicios muy positivos sobre su presencia en el espacio -algunos meteoritos la tienen presente-, su detecci\u00f3n todav\u00eda ha de ser confirmada de manera inequ\u00edvoca. La posibilidad de que existan amino\u00e1cidos en el espacio puede tener consecuencias de gran importancia para nuestra comprensi\u00f3n del origen de la vida. Amino\u00e1cidos simples, como la glicina, son los ladrillos con los se construyen las cadenas de prote\u00ednas y \u00e9stas, a su vez, son los constituyentes del ADN.<\/p>\n<p style=\"text-align: justify;\">Hasta ahora se viene considerando que las condiciones necesarias para el desarrollo de la vida son extremadamente exigentes y que en la Tierra se da una larga y complicada serie de circunstancias que ha permitido el desarrollo de la vida. Sin embargo, si se confirmase la detecci\u00f3n de amino\u00e1cidos interestelares, tendr\u00edamos que concluir que los procesos f\u00edsicos m\u00e1s fundamentales para originar vida son extremadamente comunes, lo que sugerir\u00eda que <strong>podr\u00eda crearse vida de manera generalizada en el Universo<\/strong>.<\/p>\n<p>&nbsp;<\/p>\n<p style=\"text-align: justify;\"><img decoding=\"async\" loading=\"lazy\" id=\"irc_mi\" class=\"\" src=\"http:\/\/1.bp.blogspot.com\/_wYvrtOpDCfU\/S_fwkPcfH2I\/AAAAAAAAAaU\/VFI5j8jCmks\/s1600\/Neanderthals_-_Artist%2527s_rendition_of_Earth_approximately_60,000_years_ago.jpg\" alt=\"\" width=\"580\" height=\"435\" \/><\/p>\n<p>&nbsp;<\/p>\n<p style=\"text-align: justify;\">Si miramos retrospectivamente cu\u00e1nto tiempo han estado en escena nuestros ancestros inteligentes (Homo Sapiens) vemos que han sido s\u00f3lo unos pocos cientos de miles de a\u00f1os, mucho menos que la edad del universo, trece mil setecientos millones de a\u00f1os, o sea, menos de dos cent\u00e9simos de la Historia del Universo.\u00a0 Pero si nuestros descendientes se prolongan en el futuro indefinidamente, la situaci\u00f3n dar\u00e1 la vuelta y cuando se precise el tiempo que llevamos en el universo, se hablar\u00e1 de miles de millones de a\u00f1os.<\/p>\n<p>&nbsp;<\/p>\n<p><img decoding=\"async\" loading=\"lazy\" class=\"\" src=\"https:\/\/encrypted-tbn0.gstatic.com\/images?q=tbn:ANd9GcSbBeuxo2LYwwOLFw2lDOS8Z9dOGcupvl7Xaw&amp;s\" alt=\"Introducci\u00f3n al estudio de la c\u00e9lula\" width=\"398\" height=\"248\" \/><img decoding=\"async\" loading=\"lazy\" class=\"\" src=\"https:\/\/blogger.googleusercontent.com\/img\/b\/R29vZ2xl\/AVvXsEiXJAAVY3PsTAASlUSF6tv5l2Ybr0TWLHa8MHRymdm3kWGaEX73dZDlP6d5lhH4F11FD_3gpgG0NkhMPgEFKagSt2BNn1EbbqX8XNpxs24PemlBVVfJQMCndRdQ0DiVSkcnX1YB1v9Yqkrg\/s1600\/Diferencias+de+la+transcripcion+y+traduccion+en+procariotas+y+eucariotas2.jpg\" alt=\"Apuntes de Biotecnolog\u00eda: 2014\" width=\"392\" height=\"249\" \/><img decoding=\"async\" loading=\"lazy\" class=\"\" src=\"https:\/\/static.wixstatic.com\/media\/197113_141a46bbd38a432aa77dec62cdea71d3~mv2.jpg\/v1\/fill\/w_279,h_259,al_c,q_80,usm_0.66_1.00_0.01,enc_avif,quality_auto\/celula.jpg\" alt=\"Copia de Biolog\u00eda Celular Parte I | Instituto Superior d\" width=\"392\" height=\"364\" \/><img decoding=\"async\" loading=\"lazy\" class=\"\" src=\"https:\/\/upload.wikimedia.org\/wikipedia\/commons\/thumb\/b\/b3\/Chromosome-es.svg\/1200px-Chromosome-es.svg.png\" alt=\"\u00c1cido desoxirribonucleico - Wikipedia, la enciclopedia libre\" width=\"330\" height=\"378\" \/><\/p>\n<p>&nbsp;<\/p>\n<div style=\"text-align: justify;\">Todas las c\u00e9lulas est\u00e1n formadas por elementos qu\u00edmicos que al combinarse forman una amplia variedad de mol\u00e9culas que a su vez forman agregados moleculares y \u00e9stos los diversos organelos celulares. Los elementos constitutivos de las biomol\u00e9culas m\u00e1s importantes son:<\/div>\n<ul style=\"text-align: justify;\">\n<li>\n<div><strong>C: Carbono<\/strong><\/div>\n<\/li>\n<li>\n<div><strong>H: Hidr\u00f3geno<\/strong><\/div>\n<\/li>\n<li>\n<div><strong>O: Ox\u00edgeno<\/strong><\/div>\n<\/li>\n<li>\n<div><strong>N: Nitr\u00f3geno<\/strong><\/div>\n<\/li>\n<\/ul>\n<div style=\"text-align: justify;\">Tambi\u00e9n son importantes los siguientes:<\/div>\n<ul style=\"text-align: justify;\">\n<li>\n<div><strong>P: F\u00f3sforo<\/strong><\/div>\n<\/li>\n<li>\n<div><strong>Fe: Hierro<\/strong><\/div>\n<\/li>\n<li>\n<div><strong>S: Azufre<\/strong><\/div>\n<\/li>\n<li>\n<div><strong>Ca: Calcio<\/strong><\/div>\n<\/li>\n<li>\n<div><strong>I: Yodo<\/strong><\/div>\n<\/li>\n<li>\n<div><strong>Na: Sodio<\/strong><\/div>\n<\/li>\n<li>\n<div><strong>K: Potasio<\/strong><\/div>\n<\/li>\n<li>\n<div><strong>Cl: Cloro<\/strong><\/div>\n<\/li>\n<li>\n<div><strong>Mg: Magnesio<\/strong><\/div>\n<\/li>\n<li>\n<div><strong>F: Fl\u00faor<\/strong><\/div>\n<\/li>\n<li>\n<div><strong>Cu: Cobre<\/strong><\/div>\n<\/li>\n<li>\n<div><strong>Zn: Zinc<\/strong><\/div>\n<\/li>\n<\/ul>\n<div style=\"text-align: justify;\">Las biomol\u00e9culas pertenecen a cuatro grupos principales denominados:<\/div>\n<ol style=\"text-align: justify;\">\n<li>\n<div><strong>Gl\u00facidos o Hidratos de Carbono<\/strong><\/div>\n<\/li>\n<li>\n<div><strong>L\u00edpidos<\/strong><\/div>\n<\/li>\n<li>\n<div><strong>Prote\u00ednas<\/strong><\/div>\n<\/li>\n<li>\n<div><strong>\u00c1cidos Nucleicos<\/strong><\/div>\n<\/li>\n<\/ol>\n<p>&nbsp;<\/p>\n<p>&nbsp;<\/p>\n<p style=\"text-align: justify;\">\u00a0<img decoding=\"async\" loading=\"lazy\" id=\"irc_mi\" src=\"http:\/\/2.bp.blogspot.com\/_1Zsfq_vlRfo\/TMxqiewPgSI\/AAAAAAAADxU\/M395b6VfOXc\/s1600\/elfos.jpg\" alt=\"\" width=\"524\" height=\"393\" \/><\/p>\n<p>&nbsp;<\/p>\n<p style=\"text-align: justify;\">A veces, nuestra imaginaci\u00f3n dibuja mundos de ilusi\u00f3n y fantas\u00eda pero,\u00a0 en realidad\u2026 \u00bfser\u00e1n s\u00f3lo sue\u00f1os?, o, por el contrario, pudieran estar en alguna parte del Universo todas esas cosas que imaginamos aqu\u00ed y que pudieran estar presentes en otros mundos lejanos que, como el nuestro\u2026posibilito la llegada de la vida.<\/p>\n<p style=\"text-align: justify;\">Siguiendo con el hilo de los pensamientos con los que comenzamos este trabajo, podr\u00edamos imaginar f\u00e1cilmente n\u00fameros diferentes para las constantes de la Naturaleza de forma tal que los mundos tambi\u00e9n ser\u00edan distintos al planeta Tierra y la vida no ser\u00eda posible en ellos. Aumentemos la constante de estructura fina y no podr\u00e1 haber \u00e1tomos, hagamos la intensidad de la gravedad mayor y las estrellas agotar\u00e1n su combustible muy r\u00e1pidamente, reduzcamos la intensidad de las fuerzas nucleares y no podr\u00e1 haber bioqu\u00edmica, y as\u00ed sucesivamente. El Universo es como es porque, sus leyes y constantes son las que son. Al menos eso, s\u00ed hemos podido llegar a saber sobre la presencia de la vida posibilitada por estos factores fundamentales.<\/p>\n<p>&nbsp;<\/p>\n<p style=\"text-align: justify;\"><img decoding=\"async\" loading=\"lazy\" class=\"\" title=\"Cient\u00edficos espa\u00f1oles hallan las mol\u00e9culas m\u00e1s complejas del Universo\" src=\"http:\/\/www.abc.es\/Media\/201301\/29\/000000000000A1%201AAAfullerenos--644x362.jpg\" alt=\"Cient\u00edficos espa\u00f1oles hallan las mol\u00e9culas m\u00e1s complejas del Universo\" width=\"525\" height=\"295\" \/><\/p>\n<p>&nbsp;<\/p>\n<p style=\"text-align: justify;\">Sabemos que mol\u00e9culas complejas y biomol\u00e9culas est\u00e1n presentes en el espacio interestelar. Los cient\u00edficos han descubierto alrededor de las nebulosas planetarias Tc-1 y M1-20\u00a0 (situadas entre 600 y 2.500 a\u00f1os luz de la Tierra), por primera vez evidencias de<a title=\"fullerenos complejos, denominados \u00abcebollas de carbono\u00bb\" href=\"http:\/\/www.abc.es\/20101028\/ciencia\/asombrosas-cantidades-buckybolas-aparecen-201010281346.html\"> fullerenos complejos, denominados \u00abcebollas de carbono\u00bb<\/a>, las mol\u00e9culas m\u00e1s complejas observadas hasta el momento en el espacio exterior. Un hallazgo que tiene importantes implicaciones a la hora de entender la f\u00edsica y qu\u00edmica del Universo y del origen y composici\u00f3n de las bandas difusas interestelares (DIBs), uno de los fen\u00f3menos m\u00e1s enigm\u00e1ticos de la astrof\u00edsica.<\/p>\n<p>&nbsp;<\/p>\n<p style=\"text-align: justify;\"><img decoding=\"async\" src=\"https:\/\/puntocritico.com\/ausajpuntocritico\/wp-content\/uploads\/2023\/01\/UNAM-cosmos-ADN-1-678x381.jpg\" alt=\"LA VIDA, POLVO DE ESTRELLAS: &quot;El RNA y el Origen de la Vida&quot; y &quot;De la  formaci\u00f3n del Universo al origen de la Vida&quot;. - Punto Cr\u00edtico Derechos  Humanos\" \/><img decoding=\"async\" loading=\"lazy\" class=\"\" src=\"https:\/\/outreach.iac.es\/cosmoeduca\/universo\/anexos\/275\/estrellasyelementos_clip_image003.jpg\" alt=\"Origen y evoluci\u00f3n del Universo\" width=\"675\" height=\"506\" \/><\/p>\n<blockquote><p><strong>Miles de millones de a\u00f1os para &#8220;fabricar&#8221; los elementos de la vida<\/strong><\/p><\/blockquote>\n<p style=\"text-align: justify;\">Ahora conocemos muchas cosas antes ignoradas y, parece,\u00a0 que la similitud en los \u201ctiempos\u201d no es una simple coincidencia.\u00a0 El argumento, en su forma m\u00e1s simple, nos lleva a pensar que,\u00a0 al menos en el primer sistema solar habitado observado, \u00a1el nuestro!, parece que s\u00ed hay alguna relaci\u00f3n entre tiempo(bio-l\u00f3gico) y tiempo(estrella) que son aproximadamente iguales; el t(bio) \u2013tiempo biol\u00f3gico para la aparici\u00f3n de la vida, result\u00f3 ser algo m\u00e1s extenso, es decir, es necesario para que las estrellas pusieran fabricar, en sus hornos nucleares, los elementos que dar\u00edan lugar, mucho m\u00e1s tarde, a la formaci\u00f3n de las mol\u00e9culas de la vida.<\/p>\n<p style=\"text-align: justify;\">Hasta donde sabemos, en nuestro sistema solar la vida se desarroll\u00f3 por primera vez sorprendentemente pronto tras la formaci\u00f3n de un entorno terrestre hospitalario. El secreto reside en el tiempo biol\u00f3gico necesario para desarrollar la vida y el tiempo necesario para desarrollar estrellas de segunda generaci\u00f3n y siguientes que en <a href=\"http:\/\/www.emiliosilveravazquez.com\/blog\/2013\/01\/20\/el-universo-la-vida-y-el-azar\/#\">novas<\/a> y supernovas que llegaran a poder cristalizar los materiales complejos necesarios para la vida, tales como el hidr\u00f3geno, nitr\u00f3geno, ox\u00edgeno, carbono&#8230; Si miramos por ah\u00ed, encontraremos m\u00faltiples noticias como estas:<\/p>\n<p>&nbsp;<\/p>\n<p style=\"text-align: justify;\"><img decoding=\"async\" loading=\"lazy\" id=\"il_fi\" src=\"http:\/\/www.spitzer.caltech.edu\/uploaded_files\/graphics\/high_definition_graphics\/0009\/1891\/ssc2003-06h_Ti.jpg?1349994194\" alt=\"\" width=\"589\" height=\"471\" \/><\/p>\n<p>&nbsp;<\/p>\n<p style=\"text-align: justify;\">Telescopio Spitzer de la NASA ha detectado los pilares de la vida en el universo distante, aunque en un entorno violento.\u00a0Ha posado\u00a0su poderoso ojo infrarrojo en un d\u00e9bil objeto situado a una distancia de 3.200 millones\u00a0de a\u00f1os luz (recuadro), Spitzer ha observado la presencia de<strong> agua y mol\u00e9culas org\u00e1nicas en la galaxia IRAS F00183-7111<\/strong>.<\/p>\n<p>&nbsp;<\/p>\n<p><img decoding=\"async\" src=\"https:\/\/farm7.staticflickr.com\/6103\/6282093801_8c353a7280_z.jpg\" alt=\"Plasma, Nebulosas, Gases, elementos, mol\u00e9culas. : Blog de Emilio Silvera V.\" \/><\/p>\n<p style=\"text-align: justify;\">Donde menos lo podemos esperar, saltar\u00e1 la sorpresa y encontraremos los elementos necesarios para la vida<\/p>\n<p style=\"text-align: justify;\">Como podemos ver, amigos m\u00edos, la vida, como tantas veces vengo diciendo aqu\u00ed, pulula por todo el Universo en la inmensa familia gal\u00e1ctica compuesta por m\u00e1s de ciento veinticinco mil millones y, de ese n\u00famero descomunal, nos podr\u00edamos preguntar: \u00bfCu\u00e1ntos mundos situados en las zonas habitables de sus estrellas habr\u00e1 y, de entre todos esos innumerables mundos, cu\u00e1ntos albergaran la vida?<\/p>\n<p style=\"text-align: justify;\">A muchos les cuesta trabajo admitir la presencia de vida en el universo como algo natural, ellos abogan por la inevitabilidad de un universo grande y fr\u00edo en el que es dif\u00edcil la aparici\u00f3n de la vida. Yo (como muchos otros), estoy convencido de que la vida es, de lo m\u00e1s natural en el universo y estar\u00e1 presente en miles de millones de planetas que, como la Tierra, tienen las condiciones para ello. Una cosa no se aparta de mi mente, muchas de esas formas de vida, ser\u00e1n como las nuestras aqu\u00ed en la Tierra y estar\u00e1n tambi\u00e9n, basadas en el Carbono. Sin embargo, no niego que puedan existir otras formas de vida diferentes a las terrestres.<\/p>\n<p style=\"text-align: justify;\"><strong>Emilio Silvera V\u00e1zquez<\/strong><\/p>\n<div class='bookmark'>\r\n\t\t<table align='left' border='0' cellpadding='0' width='100%'>\r\n\t\t<tr><td><span class='pushbutton'><a href='http:\/\/delicious.com\/post?url=http%3A%2F%2Fwww.emiliosilveravazquez.com%2Fblog%2F2025%2F07%2F06%2F%25c2%25bfla-vida-%25c2%25bfquien-puede-pararla%2F&amp;title=%C2%BFLa+Vida%3F+%C2%BFQui%C3%A9n+puede+pararla%3F' title='Delicious' target='_blank' rel='nofollow'><img src='http:\/\/www.emiliosilveravazquez.com\/blog\/wp-content\/plugins\/knxdt-bookmarks-wordpress-plugin\/images\/delicious.png'  alt='' class='book_img' border='none' style='margin:1px; padding: 0;'  \/><\/a><\/span><span class='pushbutton'><a href='http:\/\/digg.com\/submit?url=http%3A%2F%2Fwww.emiliosilveravazquez.com%2Fblog%2F2025%2F07%2F06%2F%25c2%25bfla-vida-%25c2%25bfquien-puede-pararla%2F&amp;title=%C2%BFLa+Vida%3F+%C2%BFQui%C3%A9n+puede+pararla%3F' title='Digg' target='_blank' rel='nofollow'><img src='http:\/\/www.emiliosilveravazquez.com\/blog\/wp-content\/plugins\/knxdt-bookmarks-wordpress-plugin\/images\/digg.png'  alt='' class='book_img' border='none' style='margin:1px; padding: 0;'  \/><\/a><\/span><span class='pushbutton'><a href='http:\/\/www.google.com\/bookmarks\/mark?op=edit&amp;bkmk=http%3A%2F%2Fwww.emiliosilveravazquez.com%2Fblog%2F2025%2F07%2F06%2F%25c2%25bfla-vida-%25c2%25bfquien-puede-pararla%2F&amp;title=%C2%BFLa+Vida%3F+%C2%BFQui%C3%A9n+puede+pararla%3F' title='Google' target='_blank' rel='nofollow'><img src='http:\/\/www.emiliosilveravazquez.com\/blog\/wp-content\/plugins\/knxdt-bookmarks-wordpress-plugin\/images\/google.png'   alt='' class='book_img' border='none' style='margin:1px; padding: 0;'  \/><\/a><\/span><span class='pushbutton'><a href='http:\/\/myweb2.search.yahoo.com\/myresults\/bookmarklet?u=http%3A%2F%2Fwww.emiliosilveravazquez.com%2Fblog%2F2025%2F07%2F06%2F%25c2%25bfla-vida-%25c2%25bfquien-puede-pararla%2F&amp;t=%C2%BFLa+Vida%3F+%C2%BFQui%C3%A9n+puede+pararla%3F' title='Yahoo' target='_blank' rel='nofollow'><img src='http:\/\/www.emiliosilveravazquez.com\/blog\/wp-content\/plugins\/knxdt-bookmarks-wordpress-plugin\/images\/yahoo.png'  alt='' class='book_img' border='none' style='margin:1px; padding: 0;'  \/><\/a><\/span><span class='pushbutton'><a href='http:\/\/www.technorati.com\/faves?add=http%3A%2F%2Fwww.emiliosilveravazquez.com%2Fblog%2F2025%2F07%2F06%2F%25c2%25bfla-vida-%25c2%25bfquien-puede-pararla%2F' title='Technorati' target='_blank' rel='nofollow'><img src='http:\/\/www.emiliosilveravazquez.com\/blog\/wp-content\/plugins\/knxdt-bookmarks-wordpress-plugin\/images\/technorati.png'  alt='' class='book_img' border='none' style='margin:1px; padding: 0;'  \/><\/a><\/span><span class='pushbutton'><a href='http:\/\/meneame.net\/submit.php?url=http%3A%2F%2Fwww.emiliosilveravazquez.com%2Fblog%2F2025%2F07%2F06%2F%25c2%25bfla-vida-%25c2%25bfquien-puede-pararla%2F' title='Meneame' target='_blank' rel='nofollow'><img src='http:\/\/www.emiliosilveravazquez.com\/blog\/wp-content\/plugins\/knxdt-bookmarks-wordpress-plugin\/images\/meneame.png'  alt='' class='book_img' border='none' style='margin:1px; padding: 0;'  \/><\/a><\/span><span class='pushbutton'><a href='http:\/\/enchilame.com\/submit.php?url=http:\/\/www.emiliosilveravazquez.com\/blog\/2025\/07\/06\/%c2%bfla-vida-%c2%bfquien-puede-pararla\/' target='_blank' rel='nofollow'><img title='Enchilame' src='http:\/\/www.emiliosilveravazquez.com\/blog\/wp-content\/plugins\/knxdt-bookmarks-wordpress-plugin\/images\/enchilame.png'  alt='' class='book_img' border='none' style='margin:1px; padding: 0;'  \/><\/a><\/span><span class='pushbutton'><a href='http:\/\/www.blinklist.com\/index.php?Action=Blink\/addblink.php&amp;Description=&amp;Url=http%3A%2F%2Fwww.emiliosilveravazquez.com%2Fblog%2F2025%2F07%2F06%2F%25c2%25bfla-vida-%25c2%25bfquien-puede-pararla%2F&amp;title=%C2%BFLa+Vida%3F+%C2%BFQui%C3%A9n+puede+pararla%3F' title='BlinkList' target='_blank' rel='nofollow'><img src='http:\/\/www.emiliosilveravazquez.com\/blog\/wp-content\/plugins\/knxdt-bookmarks-wordpress-plugin\/images\/blinklist.png'  alt='' class='book_img' border='none' style='margin:1px; padding: 0;'  \/><\/a><\/span><span class='pushbutton'><a href='http:\/\/reddit.com\/submit?url=http%3A%2F%2Fwww.emiliosilveravazquez.com%2Fblog%2F2025%2F07%2F06%2F%25c2%25bfla-vida-%25c2%25bfquien-puede-pararla%2F&amp;title=%C2%BFLa+Vida%3F+%C2%BFQui%C3%A9n+puede+pararla%3F' title='Reddit' target='_blank' rel='nofollow'><img src='http:\/\/www.emiliosilveravazquez.com\/blog\/wp-content\/plugins\/knxdt-bookmarks-wordpress-plugin\/images\/reddit.png'  alt='' class='book_img' border='none' style='margin:1px; padding: 0;'  \/><\/a><\/span><span class='pushbutton'><a href='http:\/\/www.tecnologiadiaria.com\/2009\/07\/abrir-com-hotmail-correo.html' target='_blank' title='hotmail'><img src='http:\/\/www.emiliosilveravazquez.com\/blog\/wp-content\/plugins\/knxdt-bookmarks-wordpress-plugin\/images\/linklove.png' alt='hotmail correo' class='book_img' border='none' style='margin:1px; padding: 0;' \/><\/a><\/span><span class='pushbutton'><a href='http:\/\/bitacoras.com\/votar\/anotacion\/externo\/mini\/www.emiliosilveravazquez.com\/blog\/2025\/07\/06\/%c2%bfla-vida-%c2%bfquien-puede-pararla\/' title='Bitacoras.com' target='_blank' rel='nofollow'><img src='http:\/\/www.emiliosilveravazquez.com\/blog\/wp-content\/plugins\/knxdt-bookmarks-wordpress-plugin\/images\/bitacoras.png'  alt='' class='book_img' border='none' style='margin:1px; padding: 0;'  \/><\/a><\/span><span class='pushbutton'><a href='http:\/\/www.wikio.es\/vote?url=http%3A%2F%2Fwww.emiliosilveravazquez.com%2Fblog%2F2025%2F07%2F06%2F%25c2%25bfla-vida-%25c2%25bfquien-puede-pararla%2F' title='Wikio' target='_blank' rel='nofollow'><img src='http:\/\/www.emiliosilveravazquez.com\/blog\/wp-content\/plugins\/knxdt-bookmarks-wordpress-plugin\/images\/wikio.png'   alt='' class='book_img' border='none' style='margin:1px; padding: 0;'   \/><\/a><\/span><span class='pushbutton'><a href='http:\/\/friendfeed.com\/?url=http%3A%2F%2Fwww.emiliosilveravazquez.com%2Fblog%2F2025%2F07%2F06%2F%25c2%25bfla-vida-%25c2%25bfquien-puede-pararla%2F&amp;title=%C2%BFLa+Vida%3F+%C2%BFQui%C3%A9n+puede+pararla%3F' title='Friend Feed' target='_blank' rel='nofollow'><img src='http:\/\/www.emiliosilveravazquez.com\/blog\/wp-content\/plugins\/knxdt-bookmarks-wordpress-plugin\/images\/friendfeed.png'  alt='' class='book_img' border='none' style='margin:1px; padding: 0;'  \/><\/a><\/span><span class='pushbutton'><a href='http:\/\/www.facebook.com\/share.php?u=http%3A%2F%2Fwww.emiliosilveravazquez.com%2Fblog%2F2025%2F07%2F06%2F%25c2%25bfla-vida-%25c2%25bfquien-puede-pararla%2F&amp;t=%C2%BFLa+Vida%3F+%C2%BFQui%C3%A9n+puede+pararla%3F' title='Facebook' target='_blank' rel='nofollow'><img src='http:\/\/www.emiliosilveravazquez.com\/blog\/wp-content\/plugins\/knxdt-bookmarks-wordpress-plugin\/images\/facebook.png'  alt='' class='book_img' border='none' style='margin:1px; padding: 0;'  \/><\/a><\/span><span class='pushbutton'><a href='http:\/\/twitter.com\/home?status=%C2%BFLa+Vida%3F+%C2%BFQui%C3%A9n+puede+pararla%3F: http%3A%2F%2Fwww.emiliosilveravazquez.com%2Fblog%2F2025%2F07%2F06%2F%25c2%25bfla-vida-%25c2%25bfquien-puede-pararla%2F' title='Twitter' target='_blank' rel='nofollow'><img src='http:\/\/www.emiliosilveravazquez.com\/blog\/wp-content\/plugins\/knxdt-bookmarks-wordpress-plugin\/images\/twitter.png'  alt='' class='book_img' border='none' style='margin:1px; padding: 0;'  \/><\/a><\/span><span class='pushbutton'><a href='http:\/\/www.feedburner.com\/fb\/a\/emailFlare?itemTitle=%C2%BFLa+Vida%3F+%C2%BFQui%C3%A9n+puede+pararla%3F&amp;uri=http%3A%2F%2Fwww.emiliosilveravazquez.com%2Fblog%2F2025%2F07%2F06%2F%25c2%25bfla-vida-%25c2%25bfquien-puede-pararla%2F' title='Enviar por Email' target='_blank' rel='nofollow'><img src='http:\/\/www.emiliosilveravazquez.com\/blog\/wp-content\/plugins\/knxdt-bookmarks-wordpress-plugin\/images\/email.png'  alt='' class='book_img' border='none' style='margin:1px; padding: 0;'  \/><\/a><\/span><span style='font-weight:bold; padding-left: 5px;'><a href='http:\/\/wordpress.org\/extend\/plugins\/knxdt-bookmarks-wordpress-plugin\/' title='Plugin' rel='nofollow' target='_blank'>[?]<\/a><\/span><\/td><\/tr><\/table><br\/><br\/><\/div>","protected":false},"excerpt":{"rendered":"<p>&nbsp; Simulaci\u00f3n en alta resoluci\u00f3n de una galaxia que alberga una supernova super-luminosa en el universo primitivo. Se cree que a partir de sucesos como esos, el Universo evolucion\u00f3 hasta llegar a lo que hoy conocemos. Las primeras estrellas muy masivas, incluso algunas sobrepasaban las 150 masas solares, eran destruidas por su propia radiaci\u00f3n y [&hellip;]<\/p>\n","protected":false},"author":2,"featured_media":0,"comment_status":"open","ping_status":"open","sticky":false,"template":"","format":"standard","meta":{"_s2mail":"yes","footnotes":""},"categories":[135],"tags":[],"_links":{"self":[{"href":"http:\/\/www.emiliosilveravazquez.com\/blog\/wp-json\/wp\/v2\/posts\/9302"}],"collection":[{"href":"http:\/\/www.emiliosilveravazquez.com\/blog\/wp-json\/wp\/v2\/posts"}],"about":[{"href":"http:\/\/www.emiliosilveravazquez.com\/blog\/wp-json\/wp\/v2\/types\/post"}],"author":[{"embeddable":true,"href":"http:\/\/www.emiliosilveravazquez.com\/blog\/wp-json\/wp\/v2\/users\/2"}],"replies":[{"embeddable":true,"href":"http:\/\/www.emiliosilveravazquez.com\/blog\/wp-json\/wp\/v2\/comments?post=9302"}],"version-history":[{"count":0,"href":"http:\/\/www.emiliosilveravazquez.com\/blog\/wp-json\/wp\/v2\/posts\/9302\/revisions"}],"wp:attachment":[{"href":"http:\/\/www.emiliosilveravazquez.com\/blog\/wp-json\/wp\/v2\/media?parent=9302"}],"wp:term":[{"taxonomy":"category","embeddable":true,"href":"http:\/\/www.emiliosilveravazquez.com\/blog\/wp-json\/wp\/v2\/categories?post=9302"},{"taxonomy":"post_tag","embeddable":true,"href":"http:\/\/www.emiliosilveravazquez.com\/blog\/wp-json\/wp\/v2\/tags?post=9302"}],"curies":[{"name":"wp","href":"https:\/\/api.w.org\/{rel}","templated":true}]}}