{"id":926,"date":"2013-10-22T03:10:19","date_gmt":"2013-10-22T02:10:19","guid":{"rendered":"http:\/\/www.emiliosilveravazquez.com\/blog\/?p=926"},"modified":"2013-10-22T05:31:29","modified_gmt":"2013-10-22T04:31:29","slug":"riemann-y-euclides","status":"publish","type":"post","link":"http:\/\/www.emiliosilveravazquez.com\/blog\/2013\/10\/22\/riemann-y-euclides\/","title":{"rendered":"Riemann y Euclides"},"content":{"rendered":"<p style=\"text-indent: 24pt; text-align: justify;\">La ruptura decisiva con la geometr\u00eda euclidiana lleg\u00f3 cuando Gauss pidi\u00f3 a su disc\u00edpulo Riemann que preparara una presentaci\u00f3n oral sobre los &#8220;fundamentos de la geometr\u00eda&#8221;. Gauss estaba muy interesado en ver si su disc\u00edpulo pod\u00eda desarrollar una alternativa a la geometr\u00eda de Euclides.<\/p>\n<p style=\"text-indent: 24pt; text-align: justify;\">Riemann desarroll\u00f3 su teor\u00eda de dimensiones m\u00e1s altas.<\/p>\n<p style=\"text-indent: 24pt; text-align: justify;\">Finalmente, cuando hizo su presentaci\u00f3n oral en 1.854, la recepci\u00f3n fue entusiasta. Visto en retrospectiva, esta fue, sin discusi\u00f3n, una de las conferencias p\u00fablicas m\u00e1s importantes en la historia de las matem\u00e1ticas. R\u00e1pidamente se entendi\u00f3 por toda Europa la noticia de que Riemann hab\u00eda roto definitivamente los l\u00edmites de la geometr\u00eda de Euclides que hab\u00eda regido las matem\u00e1ticas durante dos milenios.<\/p>\n<p style=\"text-indent: 24pt; text-align: justify;\">Riemann cre\u00f3 su <em style=\"mso-bidi-font-style: normal;\"><a href=\"#\" onclick=\"referencia('tensor metrico',event); return false;\">tensor m\u00e9trico<\/a><\/em> para que, a partir de ese momento, otros dispusieran de una poderosa herramienta que les hac\u00eda posible expresarse, a partir del famoso teorema de Pit\u00e1goras (uno de los grandes descubrimientos de los griegos en matem\u00e1ticas que establece la relaci\u00f3n entre las longitudes de los tres lados de un tri\u00e1ngulo rect\u00e1ngulo: afirma que la suma de los cuadrados de los lados menores es igual al cuadrado del lado mayor, la hipotenusa; es decir, si <em style=\"mso-bidi-font-style: normal;\">a<\/em> y <em style=\"mso-bidi-font-style: normal;\">b<\/em> son los longitudes de los dos catetos, y <em style=\"mso-bidi-font-style: normal;\">c<\/em> es la longitud de la hipotenusa, entonces a<sup>2 <\/sup>+ b<sup>2 <\/sup>= c<sup>2<\/sup>.\u00a0 El teorema de Pit\u00e1goras, por supuesto, es la base de toda la arquitectura; toda estructura construida en este planeta est\u00e1 basada en \u00e9l. Claro que, es una herramienta para utilizar en un mundo tridimensional).<\/p>\n<p><!--more--><\/p>\n<p style=\"text-indent: 24pt; text-align: justify;\">El <a href=\"#\" onclick=\"referencia('tensor metrico',event); return false;\">tensor m\u00e9trico<\/a> de Riemann, o <em style=\"mso-bidi-font-style: normal;\">N dimensiones<\/em>, fue mucho m\u00e1s all\u00e1 y podemos decir que es el teorema para dimensiones m\u00e1s altas con el que podemos describir fen\u00f3menos espaciales que no son planos, tales como un remolino causado en el agua o en la atm\u00f3sfera, como por ejemplo tambi\u00e9n la curvatura del espacio en presencia de grandes masas. Precisamente, el tensor de Riemann permiti\u00f3 a <a href=\"#\" onclick=\"referencia('einstein',event); return false;\">Einstein<\/a> formular su teor\u00eda de la gravedad y posteriormente lo utilizo Kaluza y Klein para su teor\u00eda en la quinta dimensi\u00f3n de la que a\u00f1os m\u00e1s tarde se derivaron las teor\u00edas de supergravedad, <a href=\"#\" onclick=\"referencia('supersimetria',event); return false;\">supersimetr\u00eda<\/a> y, finalmente, las supercuerdas.<\/p>\n<p style=\"text-indent: 24pt; text-align: justify;\">Para asombro de <a href=\"#\" onclick=\"referencia('einstein',event); return false;\">Einstein<\/a>, cuando tuvo ante sus ojos la conferencia de Riemann de 1.854 que le hab\u00eda enviado su amigo Marcel Grossman, r\u00e1pidamente se dio cuenta de que all\u00ed estaba la clave para resolver su problema.\u00a0 Descubri\u00f3 que pod\u00eda incorporar todo el cuerpo del trabajo de Riemann en la reformulaci\u00f3n de su principio. Casi l\u00ednea por l\u00ednea, el gran trabajo de Riemann encontraba su verdadero lugar en el principio de <a href=\"#\" onclick=\"referencia('einstein',event); return false;\">Einstein<\/a> de la <a href=\"#\" onclick=\"referencia('relatividad',event); return false;\">relatividad<\/a> general. Esta fue la obra m\u00e1s soberbia de <a href=\"#\" onclick=\"referencia('einstein',event); return false;\">Einstein<\/a>, incluso m\u00e1s que su celebrada ecuaci\u00f3n E = mc<sup>2<\/sup>. La reinterpretaci\u00f3n f\u00edsica de la famosa conferencia de Riemann se denomina ahora <a href=\"#\" onclick=\"referencia('relatividad',event); return false;\">relatividad<\/a> general, y las ecuaciones de campo de <a href=\"#\" onclick=\"referencia('einstein',event); return false;\">Einstein<\/a> se sit\u00faan entre las ideas m\u00e1s profundas de la historia de la ciencia.<\/p>\n<p style=\"text-align: center;\"><a href=\"http:\/\/www.emiliosilveravazquez.com\/blog\/wp-content\/uploads\/2008\/09\/formas-de-universos.jpg\" target=\"_blank\"><img decoding=\"async\" loading=\"lazy\" class=\"size-medium wp-image-935 aligncenter marco\" title=\"formas-de-universos\" src=\"http:\/\/www.emiliosilveravazquez.com\/blog\/wp-content\/uploads\/2008\/09\/formas-de-universos-300x149.jpg\" alt=\"\" width=\"429\" height=\"213\" border=\"0\" srcset=\"http:\/\/www.emiliosilveravazquez.com\/blog\/wp-content\/uploads\/2008\/09\/formas-de-universos-300x149.jpg 300w, http:\/\/www.emiliosilveravazquez.com\/blog\/wp-content\/uploads\/2008\/09\/formas-de-universos.jpg 800w\" sizes=\"(max-width: 429px) 100vw, 429px\" \/><\/a><\/p>\n<p style=\"text-indent: 24pt; text-align: justify;\">Pero volvamos al trabajo de Riemann. Su prop\u00f3sito era introducir un nuevo objeto en las matem\u00e1ticas que le capacitase para describir todas las superficies, por complicadas que fueran. \u00c9sto le condujo inevitablemente a reintroducir el concepto de campo de Faraday.<\/p>\n<p style=\"text-indent: 24pt; text-align: justify;\">El campo de Faraday, record\u00e9moslo, era como un campo de granjero que ocupa una regi\u00f3n de un espacio bidimensional. El campo de Faraday ocupa una regi\u00f3n de un espacio tridimensional; a cualquier punto del espacio le asignamos una colecci\u00f3n de n\u00fameros que describe la fuerza el\u00e9ctrica o magn\u00e9tica en dicho punto. La idea de Riemann consist\u00eda en introducir una colecci\u00f3n de n\u00fameros en cada punto del espacio que descubriera cu\u00e1nto estaba torcido o curvado.<\/p>\n<p style=\"text-indent: 24pt; text-align: justify;\">Por ejemplo, para una superficie bidimensional ordinaria, Riemann introdujo una colecci\u00f3n de tres n\u00fameros en cada punto que describe completamente la curvatura de dicha superficie. Riemann descubri\u00f3 que en cuatro dimensiones espaciales se necesita una colecci\u00f3n de diez n\u00fameros en cada punto del espacio para describir sus propiedades. Por muy retorcido o distorsionado que est\u00e9 el espacio, esta colecci\u00f3n de diez n\u00fameros en cada punto es suficiente para codificar toda la informaci\u00f3n sobre dicho espacio. Hoy, esta colecci\u00f3n de n\u00fameros se denomina el <em style=\"mso-bidi-font-style: normal;\">Tensor m\u00e9trico de Riemann<\/em>.\u00a0 Hablando crudamente, cuanto mayor es el valor del <a href=\"#\" onclick=\"referencia('tensor metrico',event); return false;\">tensor m\u00e9trico<\/a>, mayor es el arrugamiento de la superficie, digamos de una hoja de papel, y el <a href=\"#\" onclick=\"referencia('tensor metrico',event); return false;\">tensor m\u00e9trico<\/a> nos da un medio sencillo para medir la curvatura en cada punto.\u00a0 Si alisamos completamente la hoja arrugada, entonces recuperamos la f\u00f3rmula de Pit\u00e1goras.<\/p>\n<p style=\"text-indent: 24pt; text-align: justify;\">El <a href=\"#\" onclick=\"referencia('tensor metrico',event); return false;\">tensor m\u00e9trico<\/a> de Riemann le permiti\u00f3 erigir un potente aparato para describir espacios de cualquier dimensi\u00f3n con curvatura arbitrar\u00eda. Para su sorpresa, encontr\u00f3 que todos estos espacios est\u00e1n bien definidos y son autoconsistentes. Previamente, se pensaba que aparecer\u00edan terribles contradicciones al investigar el mundo prohibido de dimensiones m\u00e1s altas. Riemann no encontr\u00f3 ninguna. De hecho, resultaba casi trivial extender su trabajo a un espacio N-dimensional. El <a href=\"#\" onclick=\"referencia('tensor metrico',event); return false;\">tensor m\u00e9trico<\/a> se parec\u00eda ahora a un tablero de ajedrez de N x N casillas.<\/p>\n<p style=\"text-align: center;\"><img decoding=\"async\" loading=\"lazy\" class=\"size-medium wp-image-936 marco aligncenter\" style=\"border: 0pt none;\" title=\"matriz\" src=\"http:\/\/www.emiliosilveravazquez.com\/blog\/wp-content\/uploads\/2008\/09\/matriz.gif\" alt=\"\" width=\"157\" height=\"103\" border=\"0\" \/><\/p>\n<p style=\"text-indent: 24pt; text-align: justify;\">El tensor de Riemann contiene toda la informaci\u00f3n necesaria para poder describir un espacio curvo en N-dimensiones. Se necesita diecis\u00e9is n\u00fameros para describir el <a href=\"#\" onclick=\"referencia('tensor metrico',event); return false;\">tensor m\u00e9trico<\/a> en un espacio tetradimensional. Estos n\u00fameros pueden disponerse en una matriz cuadrada (seis de dichos n\u00fameros son realmente redundantes; de modo que el <a href=\"#\" onclick=\"referencia('tensor metrico',event); return false;\">tensor m\u00e9trico<\/a> tiene diez n\u00fameros independientes).<\/p>\n<p style=\"text-indent: 24pt; text-align: justify;\">De hecho, en las nuevas teor\u00edas de supercuerdas, planteadas en diez y veintis\u00e9is dimensiones, tendr\u00edamos que hablar del super<a href=\"#\" onclick=\"referencia('tensor metrico',event); return false;\">tensor m\u00e9trico<\/a> de Riemann y de cientos de componentes.<\/p>\n<p style=\"text-align: center;\"><img decoding=\"async\" loading=\"lazy\" class=\"size-medium wp-image-937 marco aligncenter\" title=\"corte-riemann\" src=\"http:\/\/www.emiliosilveravazquez.com\/blog\/wp-content\/uploads\/2008\/09\/corte-riemann.jpg\" alt=\"\" width=\"299\" height=\"172\" border=\"0\" \/><\/p>\n<p style=\"margin: auto 80pt; text-align: justify;\"><span style=\"text-decoration: underline;\">Gr\u00e1fico<\/span>: Un corte de Riemann, con dos hojas conectadas a lo largo de una l\u00ednea.\u00a0 Si caminamos alrededor del corte, permanecemos dentro del mismo espacio.\u00a0 Pero si atravesamos el corte, pasamos de una hoja a la continua.\u00a0 Esta es una superficie m\u00faltiplemente conexa<\/p>\n<p style=\"text-indent: 24pt; text-align: justify;\">De la lecci\u00f3n de Riemann se deduce que en espacios multidimensionales se crea el principio de que el espacio m\u00faltiple (de m\u00e1s dimensiones) unifica las leyes de la naturaleza encaj\u00e1ndolas en el <a href=\"#\" onclick=\"referencia('tensor metrico',event); return false;\">tensor m\u00e9trico<\/a> como piezas de un rompecabezas N-dimensional.<\/p>\n<p style=\"text-indent: 24pt; text-align: justify;\">Riemann anticip\u00f3 otro desarrollo de la f\u00edsica; fue uno de los primeros en discutir espacios m\u00faltiples y conexos, o <a href=\"#\" onclick=\"referencia('agujero de gusano',event); return false; return false;\">agujeros de gusano<\/a>.<\/p>\n<p style=\"text-align: center;\"><img decoding=\"async\" loading=\"lazy\" class=\"size-medium wp-image-938 aligncenter marco\" title=\"agujero-de-gusano\" src=\"http:\/\/www.emiliosilveravazquez.com\/blog\/wp-content\/uploads\/2008\/09\/agujero-de-gusano.jpg\" alt=\"\" width=\"212\" height=\"362\" border=\"0\" \/><\/p>\n<p style=\"text-indent: 24pt; text-align: justify;\">Topol\u00f3gicamente hablando, el dibujo adjunto es equivalente a lo que ser\u00eda un <a href=\"#\" onclick=\"referencia('agujero de gusano',event); return false;\">agujero de gusano<\/a> con boca de entrada y de salida en regiones que nos llevar\u00edan a otro tiempo (as\u00ed lo asegur\u00f3 en 1.988, el f\u00edsico Kip S. Thorne, del MIT \u00ad- Instituto Tecnol\u00f3gico de Massachuse en California -).<\/p>\n<p style=\"text-indent: 24pt; text-align: justify;\">El legado de Riemann (a pesar de su muerte prematura) fue extenso y en general muy valioso. En 1958, anunci\u00f3 incluso que finalmente hab\u00eda logrado una descripci\u00f3n unificada de la luz y la electricidad. Escribi\u00f3: &#8220;<em style=\"mso-bidi-font-style: normal;\">Estoy completamente convencido de que mi teor\u00eda es la correcta, y de que en pocos a\u00f1os ser\u00e1 reconocida como tal<\/em>&#8220;. Aunque su <a href=\"#\" onclick=\"referencia('tensor metrico',event); return false;\">tensor m\u00e9trico<\/a> le proporcion\u00f3 un medio poderoso de describir cualquier espacio curvo en cualquier dimensi\u00f3n, \u00e9l no conoc\u00eda las ecuaciones exactas a que obedec\u00eda el <a href=\"#\" onclick=\"referencia('tensor metrico',event); return false;\">tensor m\u00e9trico<\/a>; es decir, no sab\u00eda qu\u00e7e es lo que hac\u00eda que la hoja se arrugase, eso lo vio seis d\u00e9cadas m\u00e1s tarde <a href=\"#\" onclick=\"referencia('einstein',event); return false;\">Einstein<\/a> que se dio cuenta de que, en presencia de grandes masas, tales como planetas o estrellas &#8211; entre otros -, el espacio se &#8220;arruga&#8221; o &#8220;distorsiona&#8221;, se curva. Sin embargo <a href=\"#\" onclick=\"referencia('einstein',event); return false;\">Einstein<\/a> sab\u00eda el origen de las arrugas y le faltaba el <a href=\"#\" onclick=\"referencia('tensor metrico',event); return false;\">tensor m\u00e9trico<\/a> que, finalmente, le permiti\u00f3 legar al mundo su magnifica teor\u00eda.<\/p>\n<p style=\"text-indent: 24pt; text-align: justify;\">El trabajo de Riemann, al utilizar el espacio multidimensional, logr\u00f3 simplificar las leyes de la naturaleza, es decir, para \u00e9l, la electricidad y el magnetismo y tambi\u00e9n la gravedad eran simplemente los efectos causados por el arrugamiento o distorsi\u00f3n del hiperespacio.<\/p>\n<p style=\"text-indent: 24pt; text-align: justify;\">Su asombroso trabajo (que no termin\u00f3), fue rematado por dos genios como Maxwell (electricidad y magnetismo) y <a href=\"#\" onclick=\"referencia('einstein',event); return false;\">Einstein<\/a> (gravedad).<\/p>\n<p style=\"text-indent: 24pt; text-align: justify;\">El mensajero de la cuarta dimensi\u00f3n, un pintoresco matem\u00e1tico ingl\u00e9s llamado Charles Howard Hinton que atraves\u00f3 el Atl\u00e1ntico y la llev\u00f3 a Norteam\u00e9rica, form\u00f3 bastante ruido a cuenta de la cuarta dimensi\u00f3n y se presentaba como experto en ella; ten\u00eda respuesta para cualquier pregunta.<\/p>\n<p style=\"text-indent: 24pt; text-align: justify;\">Si le preguntaban \u00bfd\u00f3nde est\u00e1 la cuarta dimensi\u00f3n?, su respuesta era invariable: &#8220;<em style=\"mso-bidi-font-style: normal;\">Est\u00e1 aqu\u00ed, con nosotros, pero es tan peque\u00f1a que no la podemos ver<\/em>&#8220;.<\/p>\n<p style=\"text-indent: 24pt; text-align: justify;\">B\u00e1sicamente, la respuesta de Hinton fue la misma que despu\u00e9s dieron Kaluza y Klein para su quinta dimensi\u00f3n (la famosa teor\u00eda que un\u00eda el electromagnetismo de Maxwell y la gravedad de <a href=\"#\" onclick=\"referencia('einstein',event); return false;\">Einstein<\/a> mediante la ocurrencia de elevar la teor\u00eda einsteniana en una dimensi\u00f3n m\u00e1s) y las que han dado otros f\u00edsicos y matem\u00e1ticos para explicar las teor\u00edas decadimensionales. En todas, cuando naci\u00f3 el tiempo y el espacio, en el <a href=\"#\" onclick=\"referencia('big bang',event); return false;\">Big Bang<\/a>, result\u00f3 que tres dimensiones espaciales y una de tiempo se expandieron con el universo; las otras dimensiones se quedaron compactados en min\u00fasculos c\u00edrculos en la <a href=\"#\" onclick=\"referencia('planck longitud de',event); return false;\">longitud de Planck<\/a>, es decir una distancia de 10<sup>-33<\/sup> cm que se formula mediante <img decoding=\"async\" loading=\"lazy\" class=\"alignnone size-medium wp-image-417\" style=\"vertical-align: middle;\" title=\"long_planck\" src=\"http:\/\/www.emiliosilveravazquez.com\/blog\/wp-content\/uploads\/2008\/07\/long_planck.png\" alt=\"\" width=\"101\" height=\"22\" border=\"0\" \/>,\u00a0 donde <em style=\"mso-bidi-font-style: normal;\">G<\/em>,\u00a0 es la constante gravitacional de <a href=\"#\" onclick=\"referencia('newton',event); return false;\">Newton<\/a>, <em style=\"mso-bidi-font-style: normal;\">\u0127<\/em> es la <a href=\"#\" onclick=\"referencia('planck constante de',event); return false;\">constante de Planck<\/a> racionalizada, y <em style=\"mso-bidi-font-style: normal;\">c<\/em> es la velocidad de la luz en el vac\u00edo. Esa es una distancia que, hoy por hoy, nuestros aparatos tecnol\u00f3gicos (microsc\u00f3picos electr\u00f3nicos, etc), no est\u00e1n capacitados para alcanzar.<\/p>\n<p style=\"text-indent: 24pt; text-align: justify;\">Hay asuntos que en f\u00edsica, matem\u00e1ticas o astronom\u00eda, est\u00e1n esperando una respuesta urgente.<\/p>\n<p style=\"text-indent: 24pt; text-align: right;\"><em>emilio silvera<\/em><\/p>\n<div class='bookmark'>\r\n\t\t<table align='left' border='0' cellpadding='0' width='100%'>\r\n\t\t<tr><td><span class='pushbutton'><a href='http:\/\/delicious.com\/post?url=http%3A%2F%2Fwww.emiliosilveravazquez.com%2Fblog%2F2013%2F10%2F22%2Friemann-y-euclides%2F&amp;title=Riemann+y+Euclides' title='Delicious' target='_blank' rel='nofollow'><img src='http:\/\/www.emiliosilveravazquez.com\/blog\/wp-content\/plugins\/knxdt-bookmarks-wordpress-plugin\/images\/delicious.png'  alt='' class='book_img' border='none' style='margin:1px; padding: 0;'  \/><\/a><\/span><span class='pushbutton'><a href='http:\/\/digg.com\/submit?url=http%3A%2F%2Fwww.emiliosilveravazquez.com%2Fblog%2F2013%2F10%2F22%2Friemann-y-euclides%2F&amp;title=Riemann+y+Euclides' title='Digg' target='_blank' rel='nofollow'><img src='http:\/\/www.emiliosilveravazquez.com\/blog\/wp-content\/plugins\/knxdt-bookmarks-wordpress-plugin\/images\/digg.png'  alt='' class='book_img' border='none' style='margin:1px; padding: 0;'  \/><\/a><\/span><span class='pushbutton'><a href='http:\/\/www.google.com\/bookmarks\/mark?op=edit&amp;bkmk=http%3A%2F%2Fwww.emiliosilveravazquez.com%2Fblog%2F2013%2F10%2F22%2Friemann-y-euclides%2F&amp;title=Riemann+y+Euclides' title='Google' target='_blank' rel='nofollow'><img src='http:\/\/www.emiliosilveravazquez.com\/blog\/wp-content\/plugins\/knxdt-bookmarks-wordpress-plugin\/images\/google.png'   alt='' class='book_img' border='none' style='margin:1px; padding: 0;'  \/><\/a><\/span><span class='pushbutton'><a href='http:\/\/myweb2.search.yahoo.com\/myresults\/bookmarklet?u=http%3A%2F%2Fwww.emiliosilveravazquez.com%2Fblog%2F2013%2F10%2F22%2Friemann-y-euclides%2F&amp;t=Riemann+y+Euclides' title='Yahoo' target='_blank' rel='nofollow'><img src='http:\/\/www.emiliosilveravazquez.com\/blog\/wp-content\/plugins\/knxdt-bookmarks-wordpress-plugin\/images\/yahoo.png'  alt='' class='book_img' border='none' style='margin:1px; padding: 0;'  \/><\/a><\/span><span class='pushbutton'><a href='http:\/\/www.technorati.com\/faves?add=http%3A%2F%2Fwww.emiliosilveravazquez.com%2Fblog%2F2013%2F10%2F22%2Friemann-y-euclides%2F' title='Technorati' target='_blank' rel='nofollow'><img src='http:\/\/www.emiliosilveravazquez.com\/blog\/wp-content\/plugins\/knxdt-bookmarks-wordpress-plugin\/images\/technorati.png'  alt='' class='book_img' border='none' style='margin:1px; padding: 0;'  \/><\/a><\/span><span class='pushbutton'><a href='http:\/\/meneame.net\/submit.php?url=http%3A%2F%2Fwww.emiliosilveravazquez.com%2Fblog%2F2013%2F10%2F22%2Friemann-y-euclides%2F' title='Meneame' target='_blank' rel='nofollow'><img src='http:\/\/www.emiliosilveravazquez.com\/blog\/wp-content\/plugins\/knxdt-bookmarks-wordpress-plugin\/images\/meneame.png'  alt='' class='book_img' border='none' style='margin:1px; padding: 0;'  \/><\/a><\/span><span class='pushbutton'><a href='http:\/\/enchilame.com\/submit.php?url=http:\/\/www.emiliosilveravazquez.com\/blog\/2013\/10\/22\/riemann-y-euclides\/' target='_blank' rel='nofollow'><img title='Enchilame' src='http:\/\/www.emiliosilveravazquez.com\/blog\/wp-content\/plugins\/knxdt-bookmarks-wordpress-plugin\/images\/enchilame.png'  alt='' class='book_img' border='none' style='margin:1px; padding: 0;'  \/><\/a><\/span><span class='pushbutton'><a href='http:\/\/www.blinklist.com\/index.php?Action=Blink\/addblink.php&amp;Description=&amp;Url=http%3A%2F%2Fwww.emiliosilveravazquez.com%2Fblog%2F2013%2F10%2F22%2Friemann-y-euclides%2F&amp;title=Riemann+y+Euclides' title='BlinkList' target='_blank' rel='nofollow'><img src='http:\/\/www.emiliosilveravazquez.com\/blog\/wp-content\/plugins\/knxdt-bookmarks-wordpress-plugin\/images\/blinklist.png'  alt='' class='book_img' border='none' style='margin:1px; padding: 0;'  \/><\/a><\/span><span class='pushbutton'><a href='http:\/\/reddit.com\/submit?url=http%3A%2F%2Fwww.emiliosilveravazquez.com%2Fblog%2F2013%2F10%2F22%2Friemann-y-euclides%2F&amp;title=Riemann+y+Euclides' title='Reddit' target='_blank' rel='nofollow'><img src='http:\/\/www.emiliosilveravazquez.com\/blog\/wp-content\/plugins\/knxdt-bookmarks-wordpress-plugin\/images\/reddit.png'  alt='' class='book_img' border='none' style='margin:1px; padding: 0;'  \/><\/a><\/span><span class='pushbutton'><a href='http:\/\/www.tecnologiadiaria.com\/2009\/07\/abrir-com-hotmail-correo.html' target='_blank' title='hotmail'><img src='http:\/\/www.emiliosilveravazquez.com\/blog\/wp-content\/plugins\/knxdt-bookmarks-wordpress-plugin\/images\/linklove.png' alt='hotmail correo' class='book_img' border='none' style='margin:1px; padding: 0;' \/><\/a><\/span><span class='pushbutton'><a href='http:\/\/bitacoras.com\/votar\/anotacion\/externo\/mini\/www.emiliosilveravazquez.com\/blog\/2013\/10\/22\/riemann-y-euclides\/' title='Bitacoras.com' target='_blank' rel='nofollow'><img src='http:\/\/www.emiliosilveravazquez.com\/blog\/wp-content\/plugins\/knxdt-bookmarks-wordpress-plugin\/images\/bitacoras.png'  alt='' class='book_img' border='none' style='margin:1px; padding: 0;'  \/><\/a><\/span><span class='pushbutton'><a href='http:\/\/www.wikio.es\/vote?url=http%3A%2F%2Fwww.emiliosilveravazquez.com%2Fblog%2F2013%2F10%2F22%2Friemann-y-euclides%2F' title='Wikio' target='_blank' rel='nofollow'><img src='http:\/\/www.emiliosilveravazquez.com\/blog\/wp-content\/plugins\/knxdt-bookmarks-wordpress-plugin\/images\/wikio.png'   alt='' class='book_img' border='none' style='margin:1px; padding: 0;'   \/><\/a><\/span><span class='pushbutton'><a href='http:\/\/friendfeed.com\/?url=http%3A%2F%2Fwww.emiliosilveravazquez.com%2Fblog%2F2013%2F10%2F22%2Friemann-y-euclides%2F&amp;title=Riemann+y+Euclides' title='Friend Feed' target='_blank' rel='nofollow'><img src='http:\/\/www.emiliosilveravazquez.com\/blog\/wp-content\/plugins\/knxdt-bookmarks-wordpress-plugin\/images\/friendfeed.png'  alt='' class='book_img' border='none' style='margin:1px; padding: 0;'  \/><\/a><\/span><span class='pushbutton'><a href='http:\/\/www.facebook.com\/share.php?u=http%3A%2F%2Fwww.emiliosilveravazquez.com%2Fblog%2F2013%2F10%2F22%2Friemann-y-euclides%2F&amp;t=Riemann+y+Euclides' title='Facebook' target='_blank' rel='nofollow'><img src='http:\/\/www.emiliosilveravazquez.com\/blog\/wp-content\/plugins\/knxdt-bookmarks-wordpress-plugin\/images\/facebook.png'  alt='' class='book_img' border='none' style='margin:1px; padding: 0;'  \/><\/a><\/span><span class='pushbutton'><a href='http:\/\/twitter.com\/home?status=Riemann+y+Euclides: http%3A%2F%2Fwww.emiliosilveravazquez.com%2Fblog%2F2013%2F10%2F22%2Friemann-y-euclides%2F' title='Twitter' target='_blank' rel='nofollow'><img src='http:\/\/www.emiliosilveravazquez.com\/blog\/wp-content\/plugins\/knxdt-bookmarks-wordpress-plugin\/images\/twitter.png'  alt='' class='book_img' border='none' style='margin:1px; padding: 0;'  \/><\/a><\/span><span class='pushbutton'><a href='http:\/\/www.feedburner.com\/fb\/a\/emailFlare?itemTitle=Riemann+y+Euclides&amp;uri=http%3A%2F%2Fwww.emiliosilveravazquez.com%2Fblog%2F2013%2F10%2F22%2Friemann-y-euclides%2F' title='Enviar por Email' target='_blank' rel='nofollow'><img src='http:\/\/www.emiliosilveravazquez.com\/blog\/wp-content\/plugins\/knxdt-bookmarks-wordpress-plugin\/images\/email.png'  alt='' class='book_img' border='none' style='margin:1px; padding: 0;'  \/><\/a><\/span><span style='font-weight:bold; padding-left: 5px;'><a href='http:\/\/wordpress.org\/extend\/plugins\/knxdt-bookmarks-wordpress-plugin\/' title='Plugin' rel='nofollow' target='_blank'>[?]<\/a><\/span><\/td><\/tr><\/table><br\/><br\/><\/div>","protected":false},"excerpt":{"rendered":"<p>La ruptura decisiva con la geometr\u00eda euclidiana lleg\u00f3 cuando Gauss pidi\u00f3 a su disc\u00edpulo Riemann que preparara una presentaci\u00f3n oral sobre los &#8220;fundamentos de la geometr\u00eda&#8221;. Gauss estaba muy interesado en ver si su disc\u00edpulo pod\u00eda desarrollar una alternativa a la geometr\u00eda de Euclides. Riemann desarroll\u00f3 su teor\u00eda de dimensiones m\u00e1s altas. Finalmente, cuando hizo [&hellip;]<\/p>\n","protected":false},"author":2,"featured_media":0,"comment_status":"open","ping_status":"open","sticky":false,"template":"","format":"standard","meta":{"_s2mail":"yes","footnotes":""},"categories":[6],"tags":[],"_links":{"self":[{"href":"http:\/\/www.emiliosilveravazquez.com\/blog\/wp-json\/wp\/v2\/posts\/926"}],"collection":[{"href":"http:\/\/www.emiliosilveravazquez.com\/blog\/wp-json\/wp\/v2\/posts"}],"about":[{"href":"http:\/\/www.emiliosilveravazquez.com\/blog\/wp-json\/wp\/v2\/types\/post"}],"author":[{"embeddable":true,"href":"http:\/\/www.emiliosilveravazquez.com\/blog\/wp-json\/wp\/v2\/users\/2"}],"replies":[{"embeddable":true,"href":"http:\/\/www.emiliosilveravazquez.com\/blog\/wp-json\/wp\/v2\/comments?post=926"}],"version-history":[{"count":0,"href":"http:\/\/www.emiliosilveravazquez.com\/blog\/wp-json\/wp\/v2\/posts\/926\/revisions"}],"wp:attachment":[{"href":"http:\/\/www.emiliosilveravazquez.com\/blog\/wp-json\/wp\/v2\/media?parent=926"}],"wp:term":[{"taxonomy":"category","embeddable":true,"href":"http:\/\/www.emiliosilveravazquez.com\/blog\/wp-json\/wp\/v2\/categories?post=926"},{"taxonomy":"post_tag","embeddable":true,"href":"http:\/\/www.emiliosilveravazquez.com\/blog\/wp-json\/wp\/v2\/tags?post=926"}],"curies":[{"name":"wp","href":"https:\/\/api.w.org\/{rel}","templated":true}]}}