{"id":9233,"date":"2013-07-18T08:41:05","date_gmt":"2013-07-18T07:41:05","guid":{"rendered":"http:\/\/www.emiliosilveravazquez.com\/blog\/?p=9233"},"modified":"2013-07-18T08:41:05","modified_gmt":"2013-07-18T07:41:05","slug":"consecuencias-biologicas-si-las-constantes-fuesen-variables","status":"publish","type":"post","link":"http:\/\/www.emiliosilveravazquez.com\/blog\/2013\/07\/18\/consecuencias-biologicas-si-las-constantes-fuesen-variables\/","title":{"rendered":"Consecuencias biol\u00f3gicas si las constantes fuesen variables"},"content":{"rendered":"<p style=\"text-align: justify;\">No var\u00edan con el paso del Tiempo. Existen muchas constantes f\u00edsicas; algunas de las m\u00e1s conocidas son la constante de Planc racionalizada <img decoding=\"async\" src=\"http:\/\/upload.wikimedia.org\/wikipedia\/es\/math\/2\/2\/c\/22c1e4c2633d9b563f2c5c1f3ac2f52d.png\" alt=\" \\hbar \\ \" \/>, la constante de gravitaci\u00f3n <img decoding=\"async\" src=\"http:\/\/upload.wikimedia.org\/wikipedia\/es\/math\/a\/4\/7\/a4745b3db5b0c52d8fc318335e14dc32.png\" alt=\" G \\ \" \/>, la velocidad de la luz <img decoding=\"async\" src=\"http:\/\/upload.wikimedia.org\/wikipedia\/es\/math\/e\/2\/0\/e20b66269882d781ddca343afdcb34e2.png\" alt=\" c \\ \" \/>, la permitividad en el vac\u00edo <img decoding=\"async\" src=\"http:\/\/upload.wikimedia.org\/wikipedia\/es\/math\/e\/a\/e\/eae818cd3a83d0832ae93ffc91376f1f.png\" alt=\" \\epsilon_0 \\ \" \/>, La constante de estructura fina \u03b1, la permeabilidad magn\u00e9tica en el vac\u00edo <img decoding=\"async\" src=\"http:\/\/upload.wikimedia.org\/wikipedia\/es\/math\/0\/0\/a\/00a60ebc2590b45c2151ec6b12e3fd39.png\" alt=\" \\mu_0 \\ \" \/> y la carga elemental <img decoding=\"async\" src=\"http:\/\/upload.wikimedia.org\/wikipedia\/es\/math\/d\/a\/a\/daa379ae6d08730dd5052a339d73f471.png\" alt=\" e \\ \" \/>. Todas \u00e9stas, por ser tan fundamentales, son llamadas <em>constantes universales<\/em>.<\/p>\n<p style=\"text-align: justify;\"><img decoding=\"async\" loading=\"lazy\" src=\"http:\/\/www.meteored.com\/ram\/numero7\/imagenes\/image004.jpg\" alt=\"\" width=\"266\" height=\"266\" \/><\/p>\n<p style=\"text-align: justify;\">Seg\u00fan todos los indicios de los que podemos disponer, si esas constantes hubieran tenido variables, en tan s\u00f3lo unas simples fracciones infinitesimales de millon\u00e9simas, la vida, no habr\u00eda podido surgir en nuestro planeta.<\/p>\n<p style=\"text-align: justify;\">Muchos han sido los que se han sentido atra\u00eddos por las posibles consecuencias biol\u00f3gicas de las teor\u00edas cosmol\u00f3gicas en que las \u201cconstantes\u201d tradicionales cambian con el paso del tiempo o donde los procesos gravitatorios se despliegan de acuerdo con un reloj c\u00f3smico diferente del de los procesos at\u00f3micos (\u00bfser\u00e1 precisamente por eso que la <a href=\"#\" onclick=\"referencia('relatividad',event); return false;\">relatividad<\/a> general \u2013 el cosmos \u2013, no se lleva bien con la mec\u00e1nica cu\u00e1ntica \u2013 el \u00e1tomo \u2013?).<\/p>\n<p style=\"text-align: justify;\" align=\"center\"><a href=\"http:\/\/descartes.cnice.mec.es\/edad\/4esofisicaquimica\/4quincena6\/4q6_contenidos_3e.htm\" target=\"_blank\"><img decoding=\"async\" loading=\"lazy\" src=\"http:\/\/descartes.cnice.mec.es\/edad\/4esofisicaquimica\/4quincena6\/imagenes6\/fision.png\" alt=\"fisi\u00f3n nuclear\" width=\"370\" height=\"300\" border=\"0\" \/><\/a><\/p>\n<p style=\"text-align: justify;\" align=\"center\">La <a href=\"#\" onclick=\"referencia('radiactividad',event); return false;\">radiactividad<\/a> natural es el proceso de emisi\u00f3n espont\u00e1nea de radiaciones por parte de n\u00facleos at\u00f3micos inestables, que se fisionan y se transforman en otros n\u00facleos. No hace mucho tiempo que sabemos de ella. Las radiaciones nos llegan de distintas fuentes,\u00a0 estamos constantemente expuestos\u00a0 a radiaciones naturales.<\/p>\n<p style=\"text-align: justify;\">Universos de dos tiempos hab\u00edan sido propuestos por Milne y fueron las primeras sugerencias de que <em>G<\/em> podr\u00eda no ser constante. Unos procesos, como la desintegraci\u00f3n radiactiva o los ritmos de interacci\u00f3n molecular, podr\u00edan ser constantes sobre una escala de tiempo pero significativamente variables con respecto a la otra. Esto daba lugar a un escenario en el que la bioqu\u00edmica que sustentaba la vida s\u00f3lo se hac\u00eda posible despu\u00e9s de una particular \u00e9poca c\u00f3smica, y, algunos, como Haldane,\u00a0 han sugerido que:<\/p>\n<p style=\"text-align: justify;\"><em>\u201cHubo, de hecho, un momento en el que se hizo posible por primera vez la vida de cualquier tipo, y las formas superiores de vida s\u00f3lo pueden haberse hecho posibles en una fecha posterior.\u00a0 An\u00e1logamente, un cambio en las propiedades de la materia puede explicar algunas de las peculiaridades de la geolog\u00eda prec\u00e1mbrica.\u201d<\/em><\/p>\n<p style=\"text-align: justify;\">Este imaginativo escenario no es diferente del que ahora se conoce como \u201cequilibrio interrumpido\u201d, en el que la evoluci\u00f3n ocurre en una sucesi\u00f3n discontinua de brotes acelerados entre los que se intercalan largos periodos de cambio lento. Sin embargo, Haldane ofrece una explicaci\u00f3n para los cambios.<\/p>\n<p style=\"text-align: justify;\">Lo que tienen en com\u00fan todas estas respuestas a las ideas de Eddington y Dirac es una apreciaci\u00f3n creciente de que las <strong>constantes de la naturaleza<\/strong> desempe\u00f1an un papel cosmol\u00f3gico vital en el Universo para todo lo que contiene y, sobre todo, para la vida de las estrellas y, tambi\u00e9n, para la vida de seres como nosotros que, con unas constantes diferentes, simplemente no estar\u00edamos aqu\u00ed.<\/p>\n<p style=\"text-align: justify;\"><img decoding=\"async\" loading=\"lazy\" src=\"http:\/\/3.bp.blogspot.com\/-eobUiaQ6jaQ\/Tcncx4BrU5I\/AAAAAAAAAQQ\/Y9QHhkt9SLc\/s1600\/A%25C3%25B1o+luz%252C+distancia+que+recorre+la+luz+en+un+a%25C3%25B1o.png\" alt=\"\" width=\"600\" height=\"392\" \/><\/p>\n<p style=\"text-align: justify;\">El mayor misterio que rodea a los valores de las constantes de la naturaleza es sin duda la ubicuidad de algunos n\u00fameros enormes que aparecen en una variedad de consideraciones aparentemente inconexas. El n\u00famero de Eddington es un ejemplo notable. El n\u00famero total de <a href=\"#\" onclick=\"referencia('proton',event); return false;\">protones<\/a> que hay\u00a0\u00a0\u00a0 \u00a0dentro del alcance del universo observable esta pr\u00f3ximo al n\u00famero<\/p>\n<p style=\"text-align: justify;\" align=\"center\"><strong>10<sup>80<\/sup><\/strong><\/p>\n<p style=\"text-align: justify;\">Si preguntamos ahora por la raz\u00f3n entre las intensidades de las fuerzas electromagn\u00e9ticas y gravitatoria entre dos <a href=\"#\" onclick=\"referencia('proton',event); return false;\">protones<\/a>, la respuesta no depende de su separaci\u00f3n, sino que es aproximadamente igual a<\/p>\n<p style=\"text-align: justify;\" align=\"center\"><strong>10<sup>40<\/sup><\/strong><\/p>\n<p style=\"text-align: justify;\">Es un misterio. Es bastante habitual que los n\u00fameros puros que incluyen las constantes de la naturaleza difieran de 1 en un factor del orden de 10<sup>2<\/sup>, \u00a1pero 10<sup>40<\/sup>, y su cuadrado 10<sup>80<\/sup>, es rar\u00edsimo! Y esto no es todo. Si seguimos a Max Planck y calculamos en valor estimado para la \u201cacci\u00f3n\u201d del universo observable en unidades fundamentales de Planck para la acci\u00f3n, obtenemos.<\/p>\n<p style=\"text-align: justify;\" align=\"center\"><strong>10<sup>120<\/sup><\/strong><\/p>\n<p style=\"text-align: justify;\">Existe un lazo entre la estructura del universo en conjunto y las condiciones locales internas que se necesitan para que la vida se desarrolle y persista. Si las constantes tradicionales var\u00edan, entonces las teor\u00edas astron\u00f3micas tienen grandes consecuencias para la biolog\u00eda, la geolog\u00eda y la propia vida.<\/p>\n<p style=\"text-align: justify;\">No podemos descartar la idea ni abandonar la posibilidad de que algunas \u201cconstantes\u201d tradicionales de la naturaleza pudieran estar variando muy lentamente durante el transcurso de los miles de millones de a\u00f1os de la historia del universo. Es comprensible por tanto el inter\u00e9s por los grandes n\u00fameros que incluyen las constantes de la naturaleza. Recordemos que <a href=\"#\" onclick=\"referencia('newton',event); return false;\">Newton<\/a> nos trajo su teor\u00eda de la Gravedad Universal, que m\u00e1s tarde mejora <a href=\"#\" onclick=\"referencia('einstein',event); return false;\">Einstein<\/a> y que, no ser\u00eda extra\u00f1o, en el futuro mejorar\u00e1 alg\u00fan otro con una nueva teor\u00eda m\u00e1s completa y ambiciosa que explique lo grande (el cosmos) y lo peque\u00f1o (el \u00e1tomo), las part\u00edculas (la materia) y la energ\u00eda por interacci\u00f3n de las cuatro fuerzas fundamentales.<\/p>\n<p style=\"text-align: justify;\">\u00a0<img decoding=\"async\" src=\"http:\/\/www.iesfuentenueva.net\/proyecto\/images\/stories\/Fisica\/newton.jpg\" alt=\"\" align=\"right\" \/><\/p>\n<p style=\"text-align: justify;\">\u00a0\u00a0\u00a0\u00a0\u00a0\u00a0\u00a0\u00a0\u00a0\u00a0\u00a0\u00a0\u00a0\u00a0\u00a0\u00a0\u00a0\u00a0\u00a0\u00a0\u00a0\u00a0\u00a0\u00a0\u00a0\u00a0\u00a0\u00a0\u00a0\u00a0\u00a0\u00a0\u00a0\u00a0\u00a0\u00a0\u00a0\u00a0\u00a0\u00a0\u00a0\u00a0\u00a0\u00a0\u00a0\u00a0\u00a0\u00a0\u00a0\u00a0\u00a0\u00a0\u00a0\u00a0\u00a0\u00a0\u00a0\u00a0\u00a0\u00a0\u00a0\u00a0\u00a0\u00a0\u00a0\u00a0\u00a0\u00a0\u00a0\u00a0\u00a0\u00a0\u00a0\u00a0\u00a0\u00a0\u00a0\u00a0\u00a0\u00a0\u00a0\u00a0\u00a0\u00a0\u00a0\u00a0\u00a0\u00a0\u00a0\u00a0\u00a0\u00a0\u00a0\u00a0\u00a0\u00a0\u00a0\u00a0\u00a0\u00a0\u00a0\u00a0 Gravitaci\u00f3n universal de Isaac <a href=\"#\" onclick=\"referencia('newton',event); return false;\">Newton<\/a>.<\/p>\n<p style=\"text-align: justify;\">Aqu\u00ed, hablamos de lo que pasar\u00eda con la vida en caso de que esas constantes universales pudieran variar con el tiempo, y, seg\u00fan todos los indicios, la cosa no pinta nada bien.<\/p>\n<p style=\"text-align: justify;\">La Carga del <a href=\"#\" onclick=\"referencia('electron',event); return false;\">electr\u00f3n<\/a>, la <a href=\"#\" onclick=\"referencia('planck constante de',event); return false;\">Constante de Planck<\/a>, la Constante Gravitacional, la masa en reposo del <a href=\"#\" onclick=\"referencia('electron',event); return false;\">electr\u00f3n<\/a>, <a href=\"#\" onclick=\"referencia('proton',event); return false;\">prot\u00f3n<\/a> o neutron, o, la velocidad de la luz, se tienen todas por constantes de la naturaleza, es decir, no var\u00edan con el paso del tiempo, y, los c\u00e1lculos que se han realizado en el sentido de una peque\u00f1a variaci\u00f3n en alguna de ellas, son catastr\u00f3ficas, por ejemplo, si la carga del eletr\u00f3n, variar\u00e1, tan solo una diez mill\u00f3nesima, ser\u00eda m\u00e1s que suficiente para que no se conformaran los \u00e1tomos y, la materia no podr\u00eda existir tal como la conocemos y, siendo as\u00ed (que lo es) \u00bfqu\u00e9 pasar\u00eda con la vida?<\/p>\n<p style=\"text-align: justify;\"><img decoding=\"async\" src=\"http:\/\/1.bp.blogspot.com\/-LOuvr0yJJQg\/Tpzj7xaPHoI\/AAAAAAAAVxI\/do2h5pGPw2o\/s1600\/mundo_al_reves.jpg\" alt=\"http:\/\/1.bp.blogspot.com\/-LOuvr0yJJQg\/Tpzj7xaPHoI\/AAAAAAAAVxI\/do2h5pGPw2o\/s1600\/mundo_al_reves.jpg\" \/><\/p>\n<p style=\"text-align: justify;\">Bueno, el cambio de las constantes no es que pusiera el mundo del rev\u00e9s, sino que, simplemente, el mundo tal como lo conocemos, no ser\u00eda. Igualmente, el Universo ser\u00eda tambi\u00e9n distinto y, vaya usted a saber que clase de universos y mundos ser\u00edan. \u00bfUn <a href=\"#\" onclick=\"referencia('electron',event); return false;\">electr\u00f3n<\/a> diferente? \u00bfQu\u00e9 pasar\u00eda con los \u00e1tomos y la materia, y las estrellas y&#8230;nosotros?<\/p>\n<p style=\"text-align: justify;\">El Universo es como es gracias a equilibrios entre fuerzas y, por ejemplo, en un \u00e1tomo la carga negativa de los <a href=\"#\" onclick=\"referencia('electron',event); return false;\">electrones<\/a> es similar a la carga positiva de los <a href=\"#\" onclick=\"referencia('proton',event); return false;\">protones<\/a>, y, tal equilibrio de fuerzas hace posible la estabilidad para que se formen y se junten para formar mol\u00e9culas y materia. En las estrellas, una fuerza, la fusi\u00f3n tienede a expandir a la estrella, otra fuerza, la de Gravedad, tiende a comprimirla, y, de esta manera, aparece el equilibrio necesario para que las estrellas brillen durante miles de millones de a\u00f1os y lancen al espacio interestelar su luz y su calor, creen elementos complejos, y, en su final, hagan que sea posible sembrar de materiales diversos en inmensas nubes la materia primigenia para la vida, y, todo ello, en presencia de las fuerzas fundamentales y las constantes de la naturaleza.<\/p>\n<p style=\"text-align: justify;\">As\u00ed que, ser\u00eda preferible que las constantes de la Naturaleza se queden tal cual. \u00bfQu\u00e9 ganar\u00edamos nosotros si cambiaran? \u00bfDesaparecer? No gracias. Aunque no como quisieramos pero, estamos bien aqu\u00ed, al menos hay una oportunidad para cambiar las cosas.<\/p>\n<div style=\"text-align: justify;\"><img decoding=\"async\" loading=\"lazy\" id=\"irc_mi\" src=\"http:\/\/1.bp.blogspot.com\/_BD61z6e5Fho\/S_7aLH9grZI\/AAAAAAAAAFo\/qv1kRUcDUO4\/s1600\/Ni%C3%B1os+insoportables.jpg\" alt=\"\" width=\"474\" height=\"306\" \/><\/div>\n<div style=\"text-align: justify;\">\u00a0\u00a0\u00a0\u00a0\u00a0\u00a0\u00a0\u00a0\u00a0\u00a0\u00a0 \u00bfA qui\u00e9n no le gustar\u00eda poder cambiar algunas cosas?<\/div>\n<div style=\"text-align: justify;\">Resulta del todo insoportable contemplar el llanto de un ni\u00f1o, o,\u00a0 ojo de una mujer del que escapan las l\u00e1grimas, es algo superior a m\u00ed, esa imagen es dolorosa y, mi sensibilidad no permite ni me deja asimilar, y, sin embargo, en este mundo nuestro, lloran m\u00e1s mujeres de las que deber\u00edamos permitir. Y, tal anomal\u00eda, es, actualmente en nuestro mundo, una constante que s\u00ed deber\u00eda cambiar. \u00bfPodremos conseguirlo? Tendr\u00edamos que comenzar por cambiar esas malas y brutales costumbres de la India para con las indefensas mujeres.<\/div>\n<div style=\"text-align: justify;\"><a id=\"TB_ImageOff\" title=\"Cerrar\" href=\"http:\/\/www.elperiodico.com\/es\/noticias\/internacional\/violacion-grupo-india-una-nina-anos-2296128\"><img decoding=\"async\" id=\"TB_Image\" src=\"http:\/\/estaticos.elperiodico.com\/resources\/jpg\/8\/5\/1358081544158.jpg\" alt=\"Protesta contra las violaciones en la India, en Bombay el pasado diciembre. DIVYAKANT SOLANKI | EFE\" width=\"590.2042253521128\" height=\"401\" \/><\/a><\/div>\n<div style=\"text-align: justify;\">\n<div id=\"TB_caption\">Protesta contra las violaciones en la India, en Bombay el pasado diciembre. DIVYAKANT SOLANKI | EFE<\/div>\n<\/div>\n<div style=\"text-align: justify;\">Si somos capaces de mantener la mente clara y la mirada limpia, si somos conscientes de que hay cosas que s\u00ed deben cambiar, si todos ponemos un poco de nuestra parte para que, aunando esfuerzos, no se dispersen las fuerzas y podamos remar todos en la misma direcci\u00f3n, entonces, amigos m\u00edos, s\u00ed que podremos cambiar aquello que no est\u00e1 bien.<\/div>\n<div style=\"text-align: justify;\"><img decoding=\"async\" src=\"http:\/\/api.ning.com\/files\/ERCE2uoHAZSFh4CERXk*n8vxDlli3PCEY1e75WTiL9xjxUGUudpAe1tOmZ9BqKtqobJEpcdKn4FSGDDjCsvNuN9ZggETTJ2j\/0josconpajaros.jpg\" alt=\"\" border=\"0\" \/><\/div>\n<div style=\"text-align: justify;\">No es suficienter con cambiar las cosas dentro de los sue\u00f1os. Al despertar, la cruda realidad nos resultar\u00e1 m\u00e1s dura. Si so\u00f1amos con el cambio, que sea para poder <a href=\"#\" onclick=\"referencia('plasma',event); return false;\">plasma<\/a>rlos en realidad. Expulsar lo negativo y poder implantar lo positivo para todos.<\/div>\n<div style=\"text-align: justify;\">\u00a0\u00a0\u00a0\u00a0\u00a0\u00a0\u00a0\u00a0\u00a0\u00a0\u00a0\u00a0\u00a0\u00a0\u00a0\u00a0\u00a0\u00a0\u00a0\u00a0\u00a0\u00a0\u00a0\u00a0\u00a0\u00a0\u00a0\u00a0\u00a0 Por ellos, y&#8230;<\/div>\n<div style=\"text-align: justify;\"><img decoding=\"async\" src=\"http:\/\/3.bp.blogspot.com\/_MIT8sc50uKM\/SmYAx_MD9GI\/AAAAAAAABjM\/otgkD-6T7ng\/s400\/amistad+2.jpg\" alt=\"\" \/><\/div>\n<div style=\"text-align: justify;\">\u00a0 \u00a0 \u00a0 \u00a0 \u00a0 \u00a0 Por ellos, debemos cambiar las cosas<\/div>\n<div style=\"text-align: justify;\"><img decoding=\"async\" title=\"Culpa, llanto y l\u00e1grimas de mujer.\" src=\"http:\/\/www.periodistadigital.com\/imagenes\/2011\/01\/07\/mujer-lagrimas_560x280.jpg\" alt=\"\" \/><\/div>\n<div style=\"text-align: justify;\">\u00a0\u00a0\u00a0\u00a0\u00a0\u00a0\u00a0\u00a0\u00a0\u00a0\u00a0\u00a0 Tenemos que erradicar im\u00e1genes como \u00e9sta. Nada lo justifica, y&#8230;<\/div>\n<div style=\"text-align: justify;\">\n<p><img decoding=\"async\" src=\"http:\/\/spd.fotolog.com\/photo\/13\/19\/6\/somoselgallinero\/1238770202437_f.jpg\" alt=\"LO PRIMERO QUE LOS HOMBRES MIRAN EN UNA MUJER...LA SONRISA!!!!!\" \/><\/p>\n<\/div>\n<div style=\"text-align: justify;\">\u00a0 \u00a0 \u00a0 \u00a0 \u00a0 \u00a0 \u00a0 \u00a0 \u00a0 \u00a0 \u00a0 \u00a0 \u00a0 \u00a0 \u00a0 \u00a0 \u00a0 \u00a0 \u00a0 \u00a0 \u00a0 \u00a0 \u00a0 \u00a0 \u00a0 \u00a0 \u00a0 \u00a0 \u00a0\u00a0 Cambiarla por esta otra y,<\/div>\n<div style=\"text-align: justify;\"><img decoding=\"async\" id=\"image\" src=\"http:\/\/www.subeimagenes.com\/img\/familia-feliz-4396.jpg\" alt=\"\" border=\"0\" \/><\/div>\n<div style=\"text-align: justify;\">Por esta que, desgraciadamente, cada d\u00eda se aleja m\u00e1s de nuestro panorama. \u00bfEstamos perdiendo los valores de lo que entendemos por familia y que es, lo \u00fanico que forja una Sociedad fuerte?<\/div>\n<div style=\"text-align: justify;\">Bueno, y, a todo esto&#8230;\u00bfNo est\u00e1bamos hablando de las constantes universales? \u00bfC\u00f3mo pude venir a parar aqu\u00ed? Algunas veces el subconsciente te traiciona y, los pensamientos que subyacen en el interior de tu mente, luchan por salir a la superficie y hacerse oir.<\/div>\n<div style=\"text-align: justify;\">\u00a1Qu\u00e9 cosas!<\/div>\n<div style=\"text-align: justify;\">emilio silvera<\/div>\n<div class='bookmark'>\r\n\t\t<table align='left' border='0' cellpadding='0' width='100%'>\r\n\t\t<tr><td><span class='pushbutton'><a href='http:\/\/delicious.com\/post?url=http%3A%2F%2Fwww.emiliosilveravazquez.com%2Fblog%2F2013%2F07%2F18%2Fconsecuencias-biologicas-si-las-constantes-fuesen-variables%2F&amp;title=Consecuencias+biol%C3%B3gicas+si+las+constantes+fuesen+variables' title='Delicious' target='_blank' rel='nofollow'><img src='http:\/\/www.emiliosilveravazquez.com\/blog\/wp-content\/plugins\/knxdt-bookmarks-wordpress-plugin\/images\/delicious.png'  alt='' class='book_img' border='none' style='margin:1px; padding: 0;'  \/><\/a><\/span><span class='pushbutton'><a href='http:\/\/digg.com\/submit?url=http%3A%2F%2Fwww.emiliosilveravazquez.com%2Fblog%2F2013%2F07%2F18%2Fconsecuencias-biologicas-si-las-constantes-fuesen-variables%2F&amp;title=Consecuencias+biol%C3%B3gicas+si+las+constantes+fuesen+variables' title='Digg' target='_blank' rel='nofollow'><img src='http:\/\/www.emiliosilveravazquez.com\/blog\/wp-content\/plugins\/knxdt-bookmarks-wordpress-plugin\/images\/digg.png'  alt='' class='book_img' border='none' style='margin:1px; padding: 0;'  \/><\/a><\/span><span class='pushbutton'><a href='http:\/\/www.google.com\/bookmarks\/mark?op=edit&amp;bkmk=http%3A%2F%2Fwww.emiliosilveravazquez.com%2Fblog%2F2013%2F07%2F18%2Fconsecuencias-biologicas-si-las-constantes-fuesen-variables%2F&amp;title=Consecuencias+biol%C3%B3gicas+si+las+constantes+fuesen+variables' title='Google' target='_blank' rel='nofollow'><img src='http:\/\/www.emiliosilveravazquez.com\/blog\/wp-content\/plugins\/knxdt-bookmarks-wordpress-plugin\/images\/google.png'   alt='' class='book_img' border='none' style='margin:1px; padding: 0;'  \/><\/a><\/span><span class='pushbutton'><a href='http:\/\/myweb2.search.yahoo.com\/myresults\/bookmarklet?u=http%3A%2F%2Fwww.emiliosilveravazquez.com%2Fblog%2F2013%2F07%2F18%2Fconsecuencias-biologicas-si-las-constantes-fuesen-variables%2F&amp;t=Consecuencias+biol%C3%B3gicas+si+las+constantes+fuesen+variables' title='Yahoo' target='_blank' rel='nofollow'><img src='http:\/\/www.emiliosilveravazquez.com\/blog\/wp-content\/plugins\/knxdt-bookmarks-wordpress-plugin\/images\/yahoo.png'  alt='' class='book_img' border='none' style='margin:1px; padding: 0;'  \/><\/a><\/span><span class='pushbutton'><a href='http:\/\/www.technorati.com\/faves?add=http%3A%2F%2Fwww.emiliosilveravazquez.com%2Fblog%2F2013%2F07%2F18%2Fconsecuencias-biologicas-si-las-constantes-fuesen-variables%2F' title='Technorati' target='_blank' rel='nofollow'><img src='http:\/\/www.emiliosilveravazquez.com\/blog\/wp-content\/plugins\/knxdt-bookmarks-wordpress-plugin\/images\/technorati.png'  alt='' class='book_img' border='none' style='margin:1px; padding: 0;'  \/><\/a><\/span><span class='pushbutton'><a href='http:\/\/meneame.net\/submit.php?url=http%3A%2F%2Fwww.emiliosilveravazquez.com%2Fblog%2F2013%2F07%2F18%2Fconsecuencias-biologicas-si-las-constantes-fuesen-variables%2F' title='Meneame' target='_blank' rel='nofollow'><img src='http:\/\/www.emiliosilveravazquez.com\/blog\/wp-content\/plugins\/knxdt-bookmarks-wordpress-plugin\/images\/meneame.png'  alt='' class='book_img' border='none' style='margin:1px; padding: 0;'  \/><\/a><\/span><span class='pushbutton'><a href='http:\/\/enchilame.com\/submit.php?url=http:\/\/www.emiliosilveravazquez.com\/blog\/2013\/07\/18\/consecuencias-biologicas-si-las-constantes-fuesen-variables\/' target='_blank' rel='nofollow'><img title='Enchilame' src='http:\/\/www.emiliosilveravazquez.com\/blog\/wp-content\/plugins\/knxdt-bookmarks-wordpress-plugin\/images\/enchilame.png'  alt='' class='book_img' border='none' style='margin:1px; padding: 0;'  \/><\/a><\/span><span class='pushbutton'><a href='http:\/\/www.blinklist.com\/index.php?Action=Blink\/addblink.php&amp;Description=&amp;Url=http%3A%2F%2Fwww.emiliosilveravazquez.com%2Fblog%2F2013%2F07%2F18%2Fconsecuencias-biologicas-si-las-constantes-fuesen-variables%2F&amp;title=Consecuencias+biol%C3%B3gicas+si+las+constantes+fuesen+variables' title='BlinkList' target='_blank' rel='nofollow'><img src='http:\/\/www.emiliosilveravazquez.com\/blog\/wp-content\/plugins\/knxdt-bookmarks-wordpress-plugin\/images\/blinklist.png'  alt='' class='book_img' border='none' style='margin:1px; padding: 0;'  \/><\/a><\/span><span class='pushbutton'><a href='http:\/\/reddit.com\/submit?url=http%3A%2F%2Fwww.emiliosilveravazquez.com%2Fblog%2F2013%2F07%2F18%2Fconsecuencias-biologicas-si-las-constantes-fuesen-variables%2F&amp;title=Consecuencias+biol%C3%B3gicas+si+las+constantes+fuesen+variables' title='Reddit' target='_blank' rel='nofollow'><img src='http:\/\/www.emiliosilveravazquez.com\/blog\/wp-content\/plugins\/knxdt-bookmarks-wordpress-plugin\/images\/reddit.png'  alt='' class='book_img' border='none' style='margin:1px; padding: 0;'  \/><\/a><\/span><span class='pushbutton'><a href='http:\/\/www.tecnologiadiaria.com\/2009\/07\/abrir-com-hotmail-correo.html' target='_blank' title='hotmail'><img src='http:\/\/www.emiliosilveravazquez.com\/blog\/wp-content\/plugins\/knxdt-bookmarks-wordpress-plugin\/images\/linklove.png' alt='hotmail correo' class='book_img' border='none' style='margin:1px; padding: 0;' \/><\/a><\/span><span class='pushbutton'><a href='http:\/\/bitacoras.com\/votar\/anotacion\/externo\/mini\/www.emiliosilveravazquez.com\/blog\/2013\/07\/18\/consecuencias-biologicas-si-las-constantes-fuesen-variables\/' title='Bitacoras.com' target='_blank' rel='nofollow'><img src='http:\/\/www.emiliosilveravazquez.com\/blog\/wp-content\/plugins\/knxdt-bookmarks-wordpress-plugin\/images\/bitacoras.png'  alt='' class='book_img' border='none' style='margin:1px; padding: 0;'  \/><\/a><\/span><span class='pushbutton'><a href='http:\/\/www.wikio.es\/vote?url=http%3A%2F%2Fwww.emiliosilveravazquez.com%2Fblog%2F2013%2F07%2F18%2Fconsecuencias-biologicas-si-las-constantes-fuesen-variables%2F' title='Wikio' target='_blank' rel='nofollow'><img src='http:\/\/www.emiliosilveravazquez.com\/blog\/wp-content\/plugins\/knxdt-bookmarks-wordpress-plugin\/images\/wikio.png'   alt='' class='book_img' border='none' style='margin:1px; padding: 0;'   \/><\/a><\/span><span class='pushbutton'><a href='http:\/\/friendfeed.com\/?url=http%3A%2F%2Fwww.emiliosilveravazquez.com%2Fblog%2F2013%2F07%2F18%2Fconsecuencias-biologicas-si-las-constantes-fuesen-variables%2F&amp;title=Consecuencias+biol%C3%B3gicas+si+las+constantes+fuesen+variables' title='Friend Feed' target='_blank' rel='nofollow'><img src='http:\/\/www.emiliosilveravazquez.com\/blog\/wp-content\/plugins\/knxdt-bookmarks-wordpress-plugin\/images\/friendfeed.png'  alt='' class='book_img' border='none' style='margin:1px; padding: 0;'  \/><\/a><\/span><span class='pushbutton'><a href='http:\/\/www.facebook.com\/share.php?u=http%3A%2F%2Fwww.emiliosilveravazquez.com%2Fblog%2F2013%2F07%2F18%2Fconsecuencias-biologicas-si-las-constantes-fuesen-variables%2F&amp;t=Consecuencias+biol%C3%B3gicas+si+las+constantes+fuesen+variables' title='Facebook' target='_blank' rel='nofollow'><img src='http:\/\/www.emiliosilveravazquez.com\/blog\/wp-content\/plugins\/knxdt-bookmarks-wordpress-plugin\/images\/facebook.png'  alt='' class='book_img' border='none' style='margin:1px; padding: 0;'  \/><\/a><\/span><span class='pushbutton'><a href='http:\/\/twitter.com\/home?status=Consecuencias+biol%C3%B3gicas+si+las+constantes+fuesen+variables: http%3A%2F%2Fwww.emiliosilveravazquez.com%2Fblog%2F2013%2F07%2F18%2Fconsecuencias-biologicas-si-las-constantes-fuesen-variables%2F' title='Twitter' target='_blank' rel='nofollow'><img src='http:\/\/www.emiliosilveravazquez.com\/blog\/wp-content\/plugins\/knxdt-bookmarks-wordpress-plugin\/images\/twitter.png'  alt='' class='book_img' border='none' style='margin:1px; padding: 0;'  \/><\/a><\/span><span class='pushbutton'><a href='http:\/\/www.feedburner.com\/fb\/a\/emailFlare?itemTitle=Consecuencias+biol%C3%B3gicas+si+las+constantes+fuesen+variables&amp;uri=http%3A%2F%2Fwww.emiliosilveravazquez.com%2Fblog%2F2013%2F07%2F18%2Fconsecuencias-biologicas-si-las-constantes-fuesen-variables%2F' title='Enviar por Email' target='_blank' rel='nofollow'><img src='http:\/\/www.emiliosilveravazquez.com\/blog\/wp-content\/plugins\/knxdt-bookmarks-wordpress-plugin\/images\/email.png'  alt='' class='book_img' border='none' style='margin:1px; padding: 0;'  \/><\/a><\/span><span style='font-weight:bold; padding-left: 5px;'><a href='http:\/\/wordpress.org\/extend\/plugins\/knxdt-bookmarks-wordpress-plugin\/' title='Plugin' rel='nofollow' target='_blank'>[?]<\/a><\/span><\/td><\/tr><\/table><br\/><br\/><\/div>","protected":false},"excerpt":{"rendered":"<p>No var\u00edan con el paso del Tiempo. Existen muchas constantes f\u00edsicas; algunas de las m\u00e1s conocidas son la constante de Planc racionalizada , la constante de gravitaci\u00f3n , la velocidad de la luz , la permitividad en el vac\u00edo , La constante de estructura fina \u03b1, la permeabilidad magn\u00e9tica en el vac\u00edo y la carga [&hellip;]<\/p>\n","protected":false},"author":2,"featured_media":0,"comment_status":"open","ping_status":"open","sticky":false,"template":"","format":"standard","meta":{"_s2mail":"yes","footnotes":""},"categories":[52],"tags":[],"_links":{"self":[{"href":"http:\/\/www.emiliosilveravazquez.com\/blog\/wp-json\/wp\/v2\/posts\/9233"}],"collection":[{"href":"http:\/\/www.emiliosilveravazquez.com\/blog\/wp-json\/wp\/v2\/posts"}],"about":[{"href":"http:\/\/www.emiliosilveravazquez.com\/blog\/wp-json\/wp\/v2\/types\/post"}],"author":[{"embeddable":true,"href":"http:\/\/www.emiliosilveravazquez.com\/blog\/wp-json\/wp\/v2\/users\/2"}],"replies":[{"embeddable":true,"href":"http:\/\/www.emiliosilveravazquez.com\/blog\/wp-json\/wp\/v2\/comments?post=9233"}],"version-history":[{"count":0,"href":"http:\/\/www.emiliosilveravazquez.com\/blog\/wp-json\/wp\/v2\/posts\/9233\/revisions"}],"wp:attachment":[{"href":"http:\/\/www.emiliosilveravazquez.com\/blog\/wp-json\/wp\/v2\/media?parent=9233"}],"wp:term":[{"taxonomy":"category","embeddable":true,"href":"http:\/\/www.emiliosilveravazquez.com\/blog\/wp-json\/wp\/v2\/categories?post=9233"},{"taxonomy":"post_tag","embeddable":true,"href":"http:\/\/www.emiliosilveravazquez.com\/blog\/wp-json\/wp\/v2\/tags?post=9233"}],"curies":[{"name":"wp","href":"https:\/\/api.w.org\/{rel}","templated":true}]}}