{"id":9220,"date":"2013-07-16T04:11:23","date_gmt":"2013-07-16T03:11:23","guid":{"rendered":"http:\/\/www.emiliosilveravazquez.com\/blog\/?p=9220"},"modified":"2013-07-16T04:11:23","modified_gmt":"2013-07-16T03:11:23","slug":"magnetismo-gravedad-las-fuerzas-nucleares-y-%c2%bfque-mas","status":"publish","type":"post","link":"http:\/\/www.emiliosilveravazquez.com\/blog\/2013\/07\/16\/magnetismo-gravedad-las-fuerzas-nucleares-y-%c2%bfque-mas\/","title":{"rendered":"Magnetismo, Gravedad, las fuerzas Nucleares, y&#8230; \u00bfQu\u00e9 m\u00e1s?"},"content":{"rendered":"<p style=\"text-align: justify;\">\u00bfPodr\u00e1 el magnetismo y la Gravedad estar unidos en un universo de m\u00e1s dimensiones? Cuando <a href=\"#\" onclick=\"referencia('einstein',event); return false;\">Einstein<\/a> oy\u00f3 hablar de esta idea se entusiasm\u00f3 con ella,\u00a0 pero pronto comprendi\u00f3 que con esa teor\u00eda no se pod\u00eda predecir nada y la abandon\u00f3. Cuando recibi\u00f3 la carta de Kaluza en la que le mostraba que en cinco dimensiones se pod\u00edan unir el magnetismo y la Gravedad, se qued\u00f3 perplejo y, aunque el abandon\u00f3 pronto la idea, a\u00f1os m\u00e1s tarde, dar\u00eda lugar a la teor\u00eda de cuerdas.<\/p>\n<p style=\"text-align: justify;\">La caracter\u00edstica esencial del diagrama que vemos m\u00e1s abajo es que la materia, junto con las ecuaciones de <a href=\"http:\/\/www.emiliosilveravazquez.com\/blog\/2010\/02\/22\/%C2%BFnos-traera-el-lhc-un-nuevo-modelo-de-la-fisica\/#\"><a href=\"#\" onclick=\"referencia('yang mills',event); return false;\">Yang-Mills<\/a><\/a> y de <a href=\"http:\/\/www.emiliosilveravazquez.com\/blog\/2010\/02\/22\/%C2%BFnos-traera-el-lhc-un-nuevo-modelo-de-la-fisica\/#\"><a href=\"#\" onclick=\"referencia('einstein',event); return false;\">Einstein<\/a><\/a>, est\u00e1 ahora incluida en el mismo campo de supergravedad de 11 dimensiones. Ve\u00e1moslo as\u00ed:<\/p>\n<p style=\"text-align: justify;\"><img decoding=\"async\" loading=\"lazy\" title=\"supergravedad2\" src=\"http:\/\/www.emiliosilveravazquez.com\/blog\/wp-content\/uploads\/2008\/07\/supergravedad2.jpg\" alt=\"\" width=\"470\" height=\"348\" \/><\/p>\n<p style=\"text-align: justify;\">La materia con todas las fuerzas fundamentales de la naturaleza. Los <a href=\"http:\/\/www.emiliosilveravazquez.com\/blog\/2010\/02\/22\/%C2%BFnos-traera-el-lhc-un-nuevo-modelo-de-la-fisica\/#\"><a href=\"#\" onclick=\"referencia('bosones',event); return false;\">bosones<\/a><\/a> intermediarios o part\u00edculas portadoras de las fuerzas como el <a href=\"http:\/\/www.emiliosilveravazquez.com\/blog\/2010\/02\/22\/%C2%BFnos-traera-el-lhc-un-nuevo-modelo-de-la-fisica\/#\">fot\u00f3n<\/a> para el electromagnetismo, los <a href=\"http:\/\/www.emiliosilveravazquez.com\/blog\/2010\/02\/22\/%C2%BFnos-traera-el-lhc-un-nuevo-modelo-de-la-fisica\/#\"><a href=\"#\" onclick=\"referencia('gluones',event); return false;\">gluones<\/a><\/a> para la <a href=\"http:\/\/www.emiliosilveravazquez.com\/blog\/2010\/02\/22\/%C2%BFnos-traera-el-lhc-un-nuevo-modelo-de-la-fisica\/#\"><a href=\"#\" onclick=\"referencia('fuerza nuclear fuerte',event); return false;\">fuerza nuclear fuerte<\/a><\/a>, las part\u00edculas W y Z para la nuclear d\u00e9bil y, en la part\u00edcula portadora de la gravedad, el <a href=\"http:\/\/www.emiliosilveravazquez.com\/blog\/2010\/02\/22\/%C2%BFnos-traera-el-lhc-un-nuevo-modelo-de-la-fisica\/#\"><a href=\"#\" onclick=\"referencia('graviton',event); return false;\">gravit\u00f3n<\/a><\/a>, ponemos el signo de interrogaci\u00f3n, ya que se sabe que esta ah\u00ed en alg\u00fan sitio pero hasta la fecha no ha sido detectado.<\/p>\n<p style=\"text-align: justify;\">Los expertos en supergravedad redescubrieron esta idea de Kaluza y Klein.Una vez que hemos empezado a considerar muchas dimensiones extra, entramos en una especie de Valhalla de las matem\u00e1ticas donde podemos enrollar las cosas de muchas maneras diferentes. Las componentes de los campos de fuerza gravitatorias en las direcciones enrolladas act\u00faan como diferentes campos <a href=\"#\" onclick=\"referencia('gauge',event); return false;\">gauge<\/a>. Obtenemos as\u00ed, pr\u00e1cticamente por nada, no s\u00f3lo electromagnetismo sino tambi\u00e9n otras fuerzas <a href=\"#\" onclick=\"referencia('gauge',event); return false;\">gauge<\/a>. El n\u00famero m\u00e1gico de dimensiones es 11, tres de las cuales forman el espacio ordinario, una el tiempo y las siete restantes est\u00e1n enrolladas. Haciendo ciertos trucos con los n\u00fameros, este sistema resulta tener una simetr\u00eda mayor que nuestro viejo sistema espacio-temporal de cuatro dimensiones. Los campos y las part\u00edculas observadas ahora pueden ser f\u00e1cilmente acomodados, ya que una simetr\u00eda mayor significa que los indeseados infinitos se cancelan unos a otros con mayor perfecci\u00f3n que antes.<\/p>\n<p style=\"text-align: justify;\"><img decoding=\"async\" loading=\"lazy\" id=\"il_fi\" src=\"http:\/\/perso.wanadoo.es\/s952422205\/teoriam\/m_03.jpg\" alt=\"\" width=\"500\" height=\"363\" \/><\/p>\n<p style=\"text-align: justify;\">Ciertamente esta idea, esta idea parece ser la contraria a la noci\u00f3n de que el espacio y el tiempo sean nada m\u00e1s que puntos aislados, ya que entonces la noci\u00f3n de &#8220;dimensi\u00f3n&#8221; deja de tener sentido. Pero los matem\u00e1ticos no se sienten amenazados por tales contracciones aparentes. De acuerdo con ellos,\u00a0 hay todo tipo de relaciones entre los espacios enrollados y la matem\u00e1tica de los n\u00fameros enteros, &#8220;sueltos&#8221; (uno podr\u00eda indicar los puntos aislados del espaciotiempo con enteros). \u00bfPodr\u00eda ser que exitieran diferentes formas de describir nuestro espacio y el tiempo que todas fueran matem\u00e1ticamente equivalentes? Simplemente no lo sabemos.<\/p>\n<p style=\"text-align: justify;\">Lo que sospecho es que la Supergravedad de dimensi\u00f3n once puede que s\u00f3lo sea, en el mejor de los casos, la punta de un amravilloso Iceberg que nosotros podemos intuir pero, tambi\u00e9n es simplemente posible\u00a0 que sea err\u00f3nea. Los caminos de la Mente no son bien entendidos y resultan demasiado complejos. He hecho, se han podido lograr conocimientos que la Naturaleza manten\u00eda profundamente escondidos y, sin embargo, ah\u00ed est\u00e1n al descubierto y desnudos por medio de nuestros pensamientos que fueron capaces de llegar, hasta las entra\u00f1as mismas del Universo.<\/p>\n<p style=\"text-align: justify;\"><img decoding=\"async\" loading=\"lazy\" src=\"http:\/\/4.bp.blogspot.com\/_UVI5t7-bkhI\/TEBoambTnDI\/AAAAAAAAANM\/1TQiJMure4E\/s1600\/redneuronal.jpg\" alt=\"\" width=\"672\" height=\"504\" \/><\/p>\n<p style=\"text-align: justify;\">\u00a0\u00a0\u00a0\u00a0\u00a0\u00a0\u00a0\u00a0\u00a0\u00a0\u00a0\u00a0\u00a0\u00a0\u00a0\u00a0\u00a0\u00a0\u00a0\u00a0\u00a0\u00a0\u00a0\u00a0\u00a0\u00a0\u00a0\u00a0\u00a0\u00a0\u00a0\u00a0\u00a0\u00a0\u00a0\u00a0\u00a0\u00a0\u00a0\u00a0\u00a0 No siempre podemos ver todo lo que hay<\/p>\n<p style=\"text-align: justify;\">En cuanto a las teor\u00edas f\u00edsicas m\u00e1s avanzadas, no deber\u00edamos olvidar en este\u00a0 momento que estamos tratando de suposiciones y que los argumentos te\u00f3ricos que la sustentan son a\u00fan, extremadamente d\u00e9biles. \u00bfPor qu\u00e9 <a href=\"#\" onclick=\"referencia('supersimetria',event); return false;\">supersimetr\u00eda<\/a>? \u00bfPor qu\u00e9 Once Dimensiones? \u00bfPor qu\u00e9 en este mundo todo deber\u00eda ser maravillosamente sim\u00e9trico? Y, sobre todo, \u00bfpor qu\u00e9 un continuo, si ya sabemos que el espacio y el tiempo han perdido su significado habitual a distancias ultracortas? Adem\u00e1s est\u00e1 la dificultad persistente en esta clase de teor\u00edas de que las interacciones entre part\u00edculas son siempre tratadas como perturbaciones que afectan a sus trayectorias las cuales, de otra manera, ser\u00edan perfectamente rectilineas.<\/p>\n<p style=\"text-align: justify;\"><img decoding=\"async\" loading=\"lazy\" id=\"rg_hi\" src=\"http:\/\/t0.gstatic.com\/images?q=tbn:ANd9GcRr88OIHCrLbhRDjRr8-hW8YfHdXKwZjATFUbs-E-09tBEhe9YI\" alt=\"\" width=\"280\" height=\"175\" data-height=\"175\" data-width=\"280\" \/><\/p>\n<p style=\"text-align: justify;\">Pero entonces habr\u00e1 nuevas (y diferentes) perturbaciones sobre esas trayectorias perturbadas, y perturbaciones sobre ellas, y as\u00ed sucesivamente. esta serie de perturbaciones no acaba nunca y este es un problema que se impone en cualquier proceso de formulaci\u00f3n exacta.<\/p>\n<p style=\"text-align: justify;\">Es cierto que este problema tambi\u00e9n afecta al viejo &#8220;modelo est\u00e1ndar&#8221;, pero al menos all\u00ed se podr\u00eda arg\u00fcir que, donde realmente importaba, las fuerzas podr\u00edan mantenerse peque\u00f1as\u00a0 y que la serie de perturbaciones converg\u00eda r\u00e1pidamente. Esto no se puede mantener as\u00ed en nuestra teor\u00eda de la (super)\u00a0 Gravedad, ya que a distancias peque\u00f1as las interacciones se hacen fuertes.<\/p>\n<p style=\"text-align: justify;\"><img decoding=\"async\" loading=\"lazy\" src=\"http:\/\/upload.wikimedia.org\/wikipedia\/commons\/thumb\/2\/21\/CNO_Cycle.svg\/280px-CNO_Cycle.svg.png\" alt=\"CNO Cycle.svg\" width=\"280\" height=\"280\" \/><\/p>\n<p style=\"text-align: justify;\">Los Quarks permacen confinados dentro del n\u00facleo formando <a href=\"#\" onclick=\"referencia('proton',event); return false;\">protones<\/a> y <a href=\"#\" onclick=\"referencia('neutron',event); return false;\">neutrones<\/a> y, cuando tratan de separase, la <a href=\"#\" onclick=\"referencia('fuerza nuclear fuerte',event); return false;\">fuerza nuclear fuerte<\/a> aumenta, en cambio, cuando los Quarks est\u00e1n juntos, se mueven con facilidad y la fuerza disminuye: Libertad asint\u00f3tica de los Quarkas.<\/p>\n<p style=\"text-align: justify;\">Es cierto que fue un alivio descubrir aquellas primeras dificultades serias en esta teor\u00eda, y result\u00f3 que no era posible tener infinitos que se cancelasen en diagramas con m\u00e1s de siete lazos cerrados. La teor\u00eda, o mejor dicho, la especulaci\u00f3n de que esto fuese una &#8220;teor\u00eda de todo&#8221; se abandon\u00f3 (como otras veces ocurri\u00f3) porque algo m\u00e1s interesante apareci\u00f3 en el horizonte de la F\u00edsica. \u00a1Las Supercuerdas!<\/p>\n<p style=\"text-align: justify;\">Aunque hemos hablado mucho de ellas, creo que debemos profundizar algo m\u00e1s en esta prometedora teor\u00eda y, aunque de momento es s\u00f3lo una especulaci\u00f3n avanzada&#8230;\u00bfqui\u00e9n sabe? lo que nos podr\u00edan traer esas ideas avanzadas que han dado lugar a matem\u00e1ticas profundas de un 2universo topol\u00f3gico&#8221; incomprensible para muchos y fascinantes para unos pocos.<\/p>\n<p style=\"text-align: justify;\"><img decoding=\"async\" loading=\"lazy\" title=\"Dibujo20101103_david_toms_coupling_constant_unification_gravity\" src=\"http:\/\/francisthemulenews.files.wordpress.com\/2010\/11\/dibujo20101103_david_toms_coupling_constant_unification_gravity.jpg?w=561&amp;h=323\" alt=\"\" width=\"561\" height=\"323\" \/><\/p>\n<p style=\"text-align: justify;\">Los tiempos cambian, y, con los cambios llegan las nuevas doctrinas o creencias, o, \u00bfpor qu\u00e9 no? nuevas teor\u00edas. Desde hace alg\u00fan tiempo venimos dando vueltas y vueltas, en el campo de la F\u00edsica, a esas avanzadas teor\u00edas que no podemos demostrar, toda vez que, al contrario del Modelo Est\u00e1ndar, no son (por ahora) verificables sus predicciones. Me estoy refiriendo, como habeis podido suponer a la Teor\u00eda de supercuerdas, La cuerdad Heter\u00f3tica, la Supergravedad y Supersimetr\u00eda, y, finalmente, la \u00faltima versi\u00f3n que viene a ser un compendio de todas las dem\u00e1s, la Teor\u00eda M.<\/p>\n<p style=\"text-align: justify;\">Como nos dice Brian Greene en uno de los cap\u00edtulos del libro El tejido del cosmos, que \u00e9l titula: \u201cEspeculaciones sobre el espacio y el tiempo en la <a href=\"http:\/\/www.emiliosilveravazquez.com\/blog\/category\/teoria-de-supercuerdas\/#\"><a href=\"#\" onclick=\"referencia('supercuerdas teoria',event); return false;\">teor\u00eda M<\/a><\/a>\u201d, hoy, tres d\u00e9cadas despu\u00e9s de la articulaci\u00f3n de la teor\u00eda de cuerdas,la mayor\u00eda de los que trabajan en ella, creen que a\u00fan no tenemos una respuesta general para la pregunta fundamental: \u00bfqu\u00e9 es la teor\u00eda de cuerdas? A pesar de que sabemos bastante de la teor\u00eda, sus caracter\u00edsticas m\u00e1s elementales son familiares y, a estas alturas, casi cercanas. Tampoco debemos despreciar los \u00e9xitos que ha cosechado y, desde luego, es bien sabido todo lo que nos promete y tambi\u00e9n \u00bfc\u00f3mo no? los desaf\u00edos que suponen lograr todas esas promesas que en ella est\u00e1n encerradas.<\/p>\n<p style=\"text-align: justify;\">La <a href=\"http:\/\/www.emiliosilveravazquez.com\/blog\/category\/teoria-de-supercuerdas\/#\"><a href=\"#\" onclick=\"referencia('relatividad',event); return false;\">relatividad<\/a><\/a> especial tiene la constancia de la Velocidad de la luz, la <a href=\"http:\/\/www.emiliosilveravazquez.com\/blog\/category\/teoria-de-supercuerdas\/#\"><a href=\"#\" onclick=\"referencia('relatividad',event); return false;\">relatividad<\/a><\/a> general tiene el principio de Equivalencia, la mec\u00e1nica cu\u00e1ntica tiene, el principio de Incertidumbre y, sin embargo, los te\u00f3ricos de cuerdas a\u00fan siguen buscando algo de lo que carece la teor\u00eda de cuerdas que, precisamente es: el tipo de principio nuclear que se encontraron en aquellas otras teor\u00edas y le dan raz\u00f3n de ser y la s\u00f3lida base que toda teo\u00b4ria necesita para ser.<\/p>\n<p>&nbsp;<\/p>\n<p>&nbsp;<\/p>\n<p><a href=\"http:\/\/2.bp.blogspot.com\/-VqGtc8uHM7E\/TVbrgTuIzMI\/AAAAAAAAAEA\/dONHLrQmQ8M\/s1600\/MOSAICO.jpg\" target=\"_blank\"><img decoding=\"async\" loading=\"lazy\" src=\"http:\/\/2.bp.blogspot.com\/-VqGtc8uHM7E\/TVbrgTuIzMI\/AAAAAAAAAEA\/dONHLrQmQ8M\/s1600\/MOSAICO.jpg\" alt=\"\" width=\"635\" height=\"311\" \/><\/a><\/p>\n<p>&nbsp;<\/p>\n<p style=\"text-align: justify;\">Esa nueva teor\u00edas quiere explicarlo todo. Nada puede estar fuera de ella: El Universo que es, todo lo que existe, ah\u00ed estar\u00e1<\/p>\n<p style=\"text-align: justify;\">Un universo de Supercuerdas. El sue\u00f1o de <a href=\"http:\/\/www.emiliosilveravazquez.com\/blog\/category\/teoria-de-supercuerdas\/#\"><a href=\"#\" onclick=\"referencia('einstein',event); return false;\">Einstein<\/a><\/a> comienza a tomar realidad, a trav\u00e9s de un nuevo paradigma de la ciencia que viene a romper con la toda la visi\u00f3n del mundo y del universo que ten\u00edamos hasta ahora, m\u00e1s all\u00e1 de lo imaginable. Si la Teor\u00eda de cuerdas, finalmente resultase ser cierta, ese descubrimiento llevar\u00eda al mundo y a la conciencia humana hasta una nueva dimensi\u00f3n de su propia conciencia.<\/p>\n<p style=\"text-align: justify;\">El sue\u00f1o de <a href=\"http:\/\/www.emiliosilveravazquez.com\/blog\/category\/teoria-de-supercuerdas\/#\"><a href=\"#\" onclick=\"referencia('einstein',event); return false;\">Einstein<\/a><\/a> es el sue\u00f1o de la f\u00edsica te\u00f3rica moderna: unificar la gravedad con las otras interacciones fundamentales de la naturaleza. Un art\u00edculo publicado en Nature estudia c\u00f3mo se ve afectado el electromagnetismo (una teor\u00eda <a href=\"http:\/\/www.emiliosilveravazquez.com\/blog\/category\/teoria-de-supercuerdas\/#\"><a href=\"#\" onclick=\"referencia('gauge',event); return false;\">gauge<\/a><\/a> abeliana) debido a la existencia de la gravedad. Las constantes de acoplamiento que caracterizan la \u201cfuerza\u201d de las interacciones fundamentales cambian con la energ\u00eda. A energ\u00edas muy altas, o distancias muy cortas, las tres constantes convergen entre s\u00ed (de forma aproximada en el modelo est\u00e1ndar y de forma exacta en las teor\u00edas supersim\u00e9tricas). Sin embargo, el comportamiento de la gravedad a distancias ultracortas, en el rango entre 10<sup>-32<\/sup> m y 10<sup>-35<\/sup> m, influye o afecta a las constantes de acoplamiento incluso aunque no se conoce la teor\u00eda cu\u00e1ntica correcta de la gravedad,\u00a0ya que dicha teor\u00eda solo es necesaria a\u00a0distancias menores de 10<sup>-35<\/sup> m. El nuevo an\u00e1lisis indica que el efecto de la gravedad sobre las otras interacciones fundamentales podr\u00eda ser observado a distancias entre 10<sup>-33<\/sup> m y 10<sup>-35<\/sup> m; en concreto se observar\u00eda\u00a0\u00a0un cambio en el fen\u00f3meno llamado <a href=\"http:\/\/www.emiliosilveravazquez.com\/blog\/category\/teoria-de-supercuerdas\/#\"><a href=\"#\" onclick=\"referencia('asintotica libertad',event); return false;\">libertad asint\u00f3tica<\/a><\/a> de las constantes de acoplamiento.<\/p>\n<p style=\"text-align: justify;\"><img decoding=\"async\" src=\"http:\/\/nobelprize.org\/physics\/laureates\/2004\/phypub1lowen.jpg\" alt=\"\" \/><\/p>\n<p style=\"text-align: justify;\">La Libertad Asint\u00f3tica nos habla de que las fuerzas entre part\u00edculas como los Quarks se hacen m\u00e1s d\u00e9biles a distancias m\u00e1s cortas (es decir, a altas energ\u00edas) y se anulan a medida que las distancias entre las\u00a0 part\u00edculas tienden a cero. Este fen\u00f3meno se puede observar en la <a href=\"http:\/\/www.emiliosilveravazquez.com\/blog\/category\/teoria-de-supercuerdas\/#\"><a href=\"#\" onclick=\"referencia('fuerza nuclear fuerte',event); return false;\">fuerza nuclear fuerte<\/a><\/a>, entre los <a href=\"http:\/\/www.emiliosilveravazquez.com\/blog\/category\/teoria-de-supercuerdas\/#\">quarks<\/a> que si se alejan los unos de los otros aumenta la fuerza y, cuando se juntan, esta disminuye.<\/p>\n<p style=\"text-align: justify;\">Lo primero que debemos entender es la inevitabilidad de la gravitaci\u00f3n en la Teor\u00eda de Cuerdas. Una vez conjugamos efectos cu\u00e1nticos con el car\u00e1cter extenso de la cuerda aparece inevitablemente en el espectro un <a href=\"http:\/\/www.emiliosilveravazquez.com\/blog\/category\/teoria-de-supercuerdas\/#\"><a href=\"#\" onclick=\"referencia('graviton',event); return false;\">gravit\u00f3n<\/a><\/a>, y es esta inevitabilidad de la gravitaci\u00f3n la que nos aporta una comprensi\u00f3n nueva de la escala de longitud de la cuerda. En breves palabras, si parametrizamos por g la amplitud cu\u00e1ntica de que una cuerda se divida en dos y por\u00a0 <em>L<\/em> la escala de longitud de la misma, nos encontramos conque g<em>L<\/em> es precisamente la <em><a href=\"http:\/\/www.emiliosilveravazquez.com\/blog\/category\/teoria-de-supercuerdas\/#\"><a href=\"#\" onclick=\"referencia('planck longitud de',event); return false;\">longitud de Planck<\/a><\/a>:<\/em><\/p>\n<p style=\"text-align: justify;\"><img decoding=\"async\" loading=\"lazy\" id=\"irc_mi\" src=\"http:\/\/upload.wikimedia.org\/math\/1\/d\/9\/1d991b20a261541cf226c1ae66631717.png\" alt=\"\" width=\"363\" height=\"51\" \/><\/p>\n<p style=\"text-align: justify;\">Dicho de otra manera, la constante de <a href=\"http:\/\/www.emiliosilveravazquez.com\/blog\/category\/teoria-de-supercuerdas\/#\"><a href=\"#\" onclick=\"referencia('newton',event); return false;\">Newton<\/a><\/a>\u00a0 G, que define la intensidad gravitatoria, \u00a1es simplemente (g<em>L<\/em>)! Y, este hecho, tiene important\u00edsimas consecuencias. En efecto, si la <a href=\"http:\/\/www.emiliosilveravazquez.com\/blog\/category\/teoria-de-supercuerdas\/#\"><a href=\"#\" onclick=\"referencia('planck longitud de',event); return false;\">longitud de Planck<\/a><\/a> est\u00e1 definida de manera intr\u00ednseca, podemos asociar, sin salirnos de la propia teor\u00eda, con cualquier modo de vibraci\u00f3n de la cuerda de masa M su radio gravitacional, o, si se prefiere, su tama\u00f1o gravitatorio: R(M) = MG. Una vez hacemos esto aparece de manera inmediata una masa o energ\u00eda cr\u00edtica por encima de la cual el modo de vibraci\u00f3n de la cuerda adquiere un tama\u00f1o gravitacional mayor que su propia longitud.<\/p>\n<p><img decoding=\"async\" loading=\"lazy\" id=\"irc_mi\" src=\"http:\/\/hiddennoise.files.wordpress.com\/2008\/09\/av117microblackhole.jpg\" alt=\"\" width=\"395\" height=\"306\" \/><\/p>\n<p>&nbsp;<\/p>\n<p>&nbsp;<\/p>\n<p style=\"text-align: justify;\">Este modo de vibraci\u00f3n se ha convertido en \u00a1un <a href=\"http:\/\/www.emiliosilveravazquez.com\/blog\/category\/teoria-de-supercuerdas\/#\"><a href=\"#\" onclick=\"referencia('agujero negro',event); return false;\">agujero negro<\/a><\/a>! Dicho con otras palabras, cuando profundizamos en el ultravioleta llega un momento en el que las excitaciones de la cuerda no nos desvelan una estructura de constituyentes m\u00e1s elementales sino algo completamente nuevo, a saber: <a href=\"http:\/\/www.emiliosilveravazquez.com\/blog\/category\/teoria-de-supercuerdas\/#\"><a href=\"#\" onclick=\"referencia('agujero negro',event); return false;\">agujeros negros<\/a><\/a> cuyo tama\u00f1o en vez de disminuir con la energ\u00eda aumenta. El paradigma de teor\u00eda cu\u00e1ntica de campos Wilsoniana caracterizado por la <a href=\"http:\/\/www.emiliosilveravazquez.com\/blog\/category\/teoria-de-supercuerdas\/#\"><a href=\"#\" onclick=\"referencia('asintotica libertad',event); return false;\">libertad asint\u00f3tica<\/a><\/a>, en suma por unos constituyentes casi libres, se transforma, en la Teor\u00eda de Cuerdas, en una oscuridad asint\u00f3tica controlada por <a href=\"http:\/\/www.emiliosilveravazquez.com\/blog\/category\/teoria-de-supercuerdas\/#\"><a href=\"#\" onclick=\"referencia('agujero negro',event); return false;\">agujeros negros<\/a><\/a>. En otras palabras, la cuerda, de manera inevitable, se completa en el ultravioleta gravitacionalmente sin desvelar una subestructura Wilsoniana de constituyentes m\u00e1s fundamentales regidos por alguna teor\u00eda conforme.<\/p>\n<p style=\"text-align: justify;\">Es importante que apreciemos que la manera en la que la teor\u00eda se completa en el ultravioleta no es en t\u00e9rmino de un espectro nuevo, como podr\u00edan ser los <a href=\"http:\/\/www.emiliosilveravazquez.com\/blog\/category\/teoria-de-supercuerdas\/#\">quarks<\/a> y <a href=\"http:\/\/www.emiliosilveravazquez.com\/blog\/category\/teoria-de-supercuerdas\/#\"><a href=\"#\" onclick=\"referencia('gluones',event); return false;\">gluones<\/a><\/a> en el caso de la QCD, sino en t\u00e9rmino de objetos, como son los <a href=\"http:\/\/www.emiliosilveravazquez.com\/blog\/category\/teoria-de-supercuerdas\/#\"><a href=\"#\" onclick=\"referencia('agujero negro',event); return false;\">agujeros negros<\/a><\/a>, cuya definici\u00f3n no nos exige en ning\u00fan momento invocar nuevos grados de libertad, sino tan solo la propia din\u00e1mica de la teor\u00eda.<\/p>\n<p style=\"text-align: justify;\">As\u00ed, la Teor\u00eda de Cuerdas es una teor\u00eda cu\u00e1ntica cuya f\u00edsica en el ultravioleta profundo, a distancias m\u00e1s peque\u00f1as que la propia longitud de la cuerda, est\u00e1 dominada por <a href=\"http:\/\/www.emiliosilveravazquez.com\/blog\/category\/teoria-de-supercuerdas\/#\"><a href=\"#\" onclick=\"referencia('agujero negro',event); return false;\">agujeros negros<\/a><\/a> cl\u00e1sicos. \u00bfC\u00f3mo derivar estos comentarios a un principio rector y definitorio de la Teor\u00eda?<\/p>\n<p style=\"text-align: justify;\"><img decoding=\"async\" src=\"http:\/\/www.cosmonoticias.org\/wp-content\/uploads\/2011\/07\/evento-experimento-cms.jpg\" alt=\"http:\/\/www.cosmonoticias.org\/wp-content\/uploads\/2011\/07\/evento-experimento-cms.jpg\" \/><\/p>\n<p style=\"text-align: justify;\">Lo cierto es que hemos creado enormes aceleradores de part\u00edculas para poder llegar hasta las entra\u00f1as de la materia y, estamos trat\u00e1ndo de &#8220;ver&#8221; si al menos, podemos atisbar aunque s\u00f3lo sea las sombras de las cuerdas vibrantes que, con sus resonancias, crean contiunuamente nuevas part\u00edculas. Pero no, la potencia utilizada en estas colisiones, no dejan ver las cuerdas que est\u00e1n mucho m\u00e1s all\u00e1 de las energ\u00edas que ahora podemos utilizar, se necesitar\u00eda la energ\u00eda de Planck para poder acercarnos a ese mundo so\u00f1ado de las cuerdas que residen en el pais de las once dimensiones.<\/p>\n<p style=\"text-align: justify;\">Hay que conseguir que se puedan hacer consistentes los principios de la Mec\u00e1nica Cu\u00e1ntica con nuevos postulados: el de la existencia de una longitud m\u00ednima. Cuando intentamos combinar estos dos principios de una manera consistente nos encontramos con una teor\u00eda en el ultravioleta, es decir, m\u00e1s all\u00e1 de la longitud m\u00ednima, debe poder ser descrita no en t\u00e9rminos de constituyentes m\u00e1s primitivos sino necesariamente en t\u00e9rminos de configuraciones o entidades de la propia teor\u00eda cuyo tama\u00f1o efectivo es necesariamente mayor que la longitud m\u00ednima. Esta descripci\u00f3n \u201cinfrarroja\u201d (grandes distancias) del mundo ultravioleta es lo que se conoce como correspondencia UV\/IR y es el coraz\u00f3n de la celebrad\u00edsima e important\u00edsima correspondencia descubierta hace ya m\u00e1s de diez a\u00f1os por Juan Maldacena.<\/p>\n<p style=\"text-align: justify;\">Todo esto es fascinante pero, no todos lo podemos comprender.<\/p>\n<p style=\"text-align: justify;\">emilio silvera<\/p>\n<div class='bookmark'>\r\n\t\t<table align='left' border='0' cellpadding='0' width='100%'>\r\n\t\t<tr><td><span class='pushbutton'><a href='http:\/\/delicious.com\/post?url=http%3A%2F%2Fwww.emiliosilveravazquez.com%2Fblog%2F2013%2F07%2F16%2Fmagnetismo-gravedad-las-fuerzas-nucleares-y-%25c2%25bfque-mas%2F&amp;title=Magnetismo%2C+Gravedad%2C+las+fuerzas+Nucleares%2C+y%26%238230%3B+%C2%BFQu%C3%A9+m%C3%A1s%3F' title='Delicious' target='_blank' rel='nofollow'><img src='http:\/\/www.emiliosilveravazquez.com\/blog\/wp-content\/plugins\/knxdt-bookmarks-wordpress-plugin\/images\/delicious.png'  alt='' class='book_img' border='none' style='margin:1px; padding: 0;'  \/><\/a><\/span><span class='pushbutton'><a href='http:\/\/digg.com\/submit?url=http%3A%2F%2Fwww.emiliosilveravazquez.com%2Fblog%2F2013%2F07%2F16%2Fmagnetismo-gravedad-las-fuerzas-nucleares-y-%25c2%25bfque-mas%2F&amp;title=Magnetismo%2C+Gravedad%2C+las+fuerzas+Nucleares%2C+y%26%238230%3B+%C2%BFQu%C3%A9+m%C3%A1s%3F' title='Digg' target='_blank' rel='nofollow'><img src='http:\/\/www.emiliosilveravazquez.com\/blog\/wp-content\/plugins\/knxdt-bookmarks-wordpress-plugin\/images\/digg.png'  alt='' class='book_img' border='none' style='margin:1px; padding: 0;'  \/><\/a><\/span><span class='pushbutton'><a href='http:\/\/www.google.com\/bookmarks\/mark?op=edit&amp;bkmk=http%3A%2F%2Fwww.emiliosilveravazquez.com%2Fblog%2F2013%2F07%2F16%2Fmagnetismo-gravedad-las-fuerzas-nucleares-y-%25c2%25bfque-mas%2F&amp;title=Magnetismo%2C+Gravedad%2C+las+fuerzas+Nucleares%2C+y%26%238230%3B+%C2%BFQu%C3%A9+m%C3%A1s%3F' title='Google' target='_blank' rel='nofollow'><img src='http:\/\/www.emiliosilveravazquez.com\/blog\/wp-content\/plugins\/knxdt-bookmarks-wordpress-plugin\/images\/google.png'   alt='' class='book_img' border='none' style='margin:1px; padding: 0;'  \/><\/a><\/span><span class='pushbutton'><a href='http:\/\/myweb2.search.yahoo.com\/myresults\/bookmarklet?u=http%3A%2F%2Fwww.emiliosilveravazquez.com%2Fblog%2F2013%2F07%2F16%2Fmagnetismo-gravedad-las-fuerzas-nucleares-y-%25c2%25bfque-mas%2F&amp;t=Magnetismo%2C+Gravedad%2C+las+fuerzas+Nucleares%2C+y%26%238230%3B+%C2%BFQu%C3%A9+m%C3%A1s%3F' title='Yahoo' target='_blank' rel='nofollow'><img src='http:\/\/www.emiliosilveravazquez.com\/blog\/wp-content\/plugins\/knxdt-bookmarks-wordpress-plugin\/images\/yahoo.png'  alt='' class='book_img' border='none' style='margin:1px; padding: 0;'  \/><\/a><\/span><span class='pushbutton'><a href='http:\/\/www.technorati.com\/faves?add=http%3A%2F%2Fwww.emiliosilveravazquez.com%2Fblog%2F2013%2F07%2F16%2Fmagnetismo-gravedad-las-fuerzas-nucleares-y-%25c2%25bfque-mas%2F' title='Technorati' target='_blank' rel='nofollow'><img src='http:\/\/www.emiliosilveravazquez.com\/blog\/wp-content\/plugins\/knxdt-bookmarks-wordpress-plugin\/images\/technorati.png'  alt='' class='book_img' border='none' style='margin:1px; padding: 0;'  \/><\/a><\/span><span class='pushbutton'><a href='http:\/\/meneame.net\/submit.php?url=http%3A%2F%2Fwww.emiliosilveravazquez.com%2Fblog%2F2013%2F07%2F16%2Fmagnetismo-gravedad-las-fuerzas-nucleares-y-%25c2%25bfque-mas%2F' title='Meneame' target='_blank' rel='nofollow'><img src='http:\/\/www.emiliosilveravazquez.com\/blog\/wp-content\/plugins\/knxdt-bookmarks-wordpress-plugin\/images\/meneame.png'  alt='' class='book_img' border='none' style='margin:1px; padding: 0;'  \/><\/a><\/span><span class='pushbutton'><a href='http:\/\/enchilame.com\/submit.php?url=http:\/\/www.emiliosilveravazquez.com\/blog\/2013\/07\/16\/magnetismo-gravedad-las-fuerzas-nucleares-y-%c2%bfque-mas\/' target='_blank' rel='nofollow'><img title='Enchilame' src='http:\/\/www.emiliosilveravazquez.com\/blog\/wp-content\/plugins\/knxdt-bookmarks-wordpress-plugin\/images\/enchilame.png'  alt='' class='book_img' border='none' style='margin:1px; padding: 0;'  \/><\/a><\/span><span class='pushbutton'><a href='http:\/\/www.blinklist.com\/index.php?Action=Blink\/addblink.php&amp;Description=&amp;Url=http%3A%2F%2Fwww.emiliosilveravazquez.com%2Fblog%2F2013%2F07%2F16%2Fmagnetismo-gravedad-las-fuerzas-nucleares-y-%25c2%25bfque-mas%2F&amp;title=Magnetismo%2C+Gravedad%2C+las+fuerzas+Nucleares%2C+y%26%238230%3B+%C2%BFQu%C3%A9+m%C3%A1s%3F' title='BlinkList' target='_blank' rel='nofollow'><img src='http:\/\/www.emiliosilveravazquez.com\/blog\/wp-content\/plugins\/knxdt-bookmarks-wordpress-plugin\/images\/blinklist.png'  alt='' class='book_img' border='none' style='margin:1px; padding: 0;'  \/><\/a><\/span><span class='pushbutton'><a href='http:\/\/reddit.com\/submit?url=http%3A%2F%2Fwww.emiliosilveravazquez.com%2Fblog%2F2013%2F07%2F16%2Fmagnetismo-gravedad-las-fuerzas-nucleares-y-%25c2%25bfque-mas%2F&amp;title=Magnetismo%2C+Gravedad%2C+las+fuerzas+Nucleares%2C+y%26%238230%3B+%C2%BFQu%C3%A9+m%C3%A1s%3F' title='Reddit' target='_blank' rel='nofollow'><img src='http:\/\/www.emiliosilveravazquez.com\/blog\/wp-content\/plugins\/knxdt-bookmarks-wordpress-plugin\/images\/reddit.png'  alt='' class='book_img' border='none' style='margin:1px; padding: 0;'  \/><\/a><\/span><span class='pushbutton'><a href='http:\/\/www.tecnologiadiaria.com\/2009\/07\/abrir-com-hotmail-correo.html' target='_blank' title='hotmail'><img src='http:\/\/www.emiliosilveravazquez.com\/blog\/wp-content\/plugins\/knxdt-bookmarks-wordpress-plugin\/images\/linklove.png' alt='hotmail correo' class='book_img' border='none' style='margin:1px; padding: 0;' \/><\/a><\/span><span class='pushbutton'><a href='http:\/\/bitacoras.com\/votar\/anotacion\/externo\/mini\/www.emiliosilveravazquez.com\/blog\/2013\/07\/16\/magnetismo-gravedad-las-fuerzas-nucleares-y-%c2%bfque-mas\/' title='Bitacoras.com' target='_blank' rel='nofollow'><img src='http:\/\/www.emiliosilveravazquez.com\/blog\/wp-content\/plugins\/knxdt-bookmarks-wordpress-plugin\/images\/bitacoras.png'  alt='' class='book_img' border='none' style='margin:1px; padding: 0;'  \/><\/a><\/span><span class='pushbutton'><a href='http:\/\/www.wikio.es\/vote?url=http%3A%2F%2Fwww.emiliosilveravazquez.com%2Fblog%2F2013%2F07%2F16%2Fmagnetismo-gravedad-las-fuerzas-nucleares-y-%25c2%25bfque-mas%2F' title='Wikio' target='_blank' rel='nofollow'><img src='http:\/\/www.emiliosilveravazquez.com\/blog\/wp-content\/plugins\/knxdt-bookmarks-wordpress-plugin\/images\/wikio.png'   alt='' class='book_img' border='none' style='margin:1px; padding: 0;'   \/><\/a><\/span><span class='pushbutton'><a href='http:\/\/friendfeed.com\/?url=http%3A%2F%2Fwww.emiliosilveravazquez.com%2Fblog%2F2013%2F07%2F16%2Fmagnetismo-gravedad-las-fuerzas-nucleares-y-%25c2%25bfque-mas%2F&amp;title=Magnetismo%2C+Gravedad%2C+las+fuerzas+Nucleares%2C+y%26%238230%3B+%C2%BFQu%C3%A9+m%C3%A1s%3F' title='Friend Feed' target='_blank' rel='nofollow'><img src='http:\/\/www.emiliosilveravazquez.com\/blog\/wp-content\/plugins\/knxdt-bookmarks-wordpress-plugin\/images\/friendfeed.png'  alt='' class='book_img' border='none' style='margin:1px; padding: 0;'  \/><\/a><\/span><span class='pushbutton'><a href='http:\/\/www.facebook.com\/share.php?u=http%3A%2F%2Fwww.emiliosilveravazquez.com%2Fblog%2F2013%2F07%2F16%2Fmagnetismo-gravedad-las-fuerzas-nucleares-y-%25c2%25bfque-mas%2F&amp;t=Magnetismo%2C+Gravedad%2C+las+fuerzas+Nucleares%2C+y%26%238230%3B+%C2%BFQu%C3%A9+m%C3%A1s%3F' title='Facebook' target='_blank' rel='nofollow'><img src='http:\/\/www.emiliosilveravazquez.com\/blog\/wp-content\/plugins\/knxdt-bookmarks-wordpress-plugin\/images\/facebook.png'  alt='' class='book_img' border='none' style='margin:1px; padding: 0;'  \/><\/a><\/span><span class='pushbutton'><a href='http:\/\/twitter.com\/home?status=Magnetismo%2C+Gravedad%2C+las+fuerzas+Nucleares%2C+y%26%238230%3B+%C2%BFQu%C3%A9+m%C3%A1s%3F: http%3A%2F%2Fwww.emiliosilveravazquez.com%2Fblog%2F2013%2F07%2F16%2Fmagnetismo-gravedad-las-fuerzas-nucleares-y-%25c2%25bfque-mas%2F' title='Twitter' target='_blank' rel='nofollow'><img src='http:\/\/www.emiliosilveravazquez.com\/blog\/wp-content\/plugins\/knxdt-bookmarks-wordpress-plugin\/images\/twitter.png'  alt='' class='book_img' border='none' style='margin:1px; padding: 0;'  \/><\/a><\/span><span class='pushbutton'><a href='http:\/\/www.feedburner.com\/fb\/a\/emailFlare?itemTitle=Magnetismo%2C+Gravedad%2C+las+fuerzas+Nucleares%2C+y%26%238230%3B+%C2%BFQu%C3%A9+m%C3%A1s%3F&amp;uri=http%3A%2F%2Fwww.emiliosilveravazquez.com%2Fblog%2F2013%2F07%2F16%2Fmagnetismo-gravedad-las-fuerzas-nucleares-y-%25c2%25bfque-mas%2F' title='Enviar por Email' target='_blank' rel='nofollow'><img src='http:\/\/www.emiliosilveravazquez.com\/blog\/wp-content\/plugins\/knxdt-bookmarks-wordpress-plugin\/images\/email.png'  alt='' class='book_img' border='none' style='margin:1px; padding: 0;'  \/><\/a><\/span><span style='font-weight:bold; padding-left: 5px;'><a href='http:\/\/wordpress.org\/extend\/plugins\/knxdt-bookmarks-wordpress-plugin\/' title='Plugin' rel='nofollow' target='_blank'>[?]<\/a><\/span><\/td><\/tr><\/table><br\/><br\/><\/div>","protected":false},"excerpt":{"rendered":"<p>\u00bfPodr\u00e1 el magnetismo y la Gravedad estar unidos en un universo de m\u00e1s dimensiones? Cuando Einstein oy\u00f3 hablar de esta idea se entusiasm\u00f3 con ella,\u00a0 pero pronto comprendi\u00f3 que con esa teor\u00eda no se pod\u00eda predecir nada y la abandon\u00f3. Cuando recibi\u00f3 la carta de Kaluza en la que le mostraba que en cinco dimensiones [&hellip;]<\/p>\n","protected":false},"author":2,"featured_media":0,"comment_status":"open","ping_status":"open","sticky":false,"template":"","format":"standard","meta":{"_s2mail":"yes","footnotes":""},"categories":[7],"tags":[],"_links":{"self":[{"href":"http:\/\/www.emiliosilveravazquez.com\/blog\/wp-json\/wp\/v2\/posts\/9220"}],"collection":[{"href":"http:\/\/www.emiliosilveravazquez.com\/blog\/wp-json\/wp\/v2\/posts"}],"about":[{"href":"http:\/\/www.emiliosilveravazquez.com\/blog\/wp-json\/wp\/v2\/types\/post"}],"author":[{"embeddable":true,"href":"http:\/\/www.emiliosilveravazquez.com\/blog\/wp-json\/wp\/v2\/users\/2"}],"replies":[{"embeddable":true,"href":"http:\/\/www.emiliosilveravazquez.com\/blog\/wp-json\/wp\/v2\/comments?post=9220"}],"version-history":[{"count":0,"href":"http:\/\/www.emiliosilveravazquez.com\/blog\/wp-json\/wp\/v2\/posts\/9220\/revisions"}],"wp:attachment":[{"href":"http:\/\/www.emiliosilveravazquez.com\/blog\/wp-json\/wp\/v2\/media?parent=9220"}],"wp:term":[{"taxonomy":"category","embeddable":true,"href":"http:\/\/www.emiliosilveravazquez.com\/blog\/wp-json\/wp\/v2\/categories?post=9220"},{"taxonomy":"post_tag","embeddable":true,"href":"http:\/\/www.emiliosilveravazquez.com\/blog\/wp-json\/wp\/v2\/tags?post=9220"}],"curies":[{"name":"wp","href":"https:\/\/api.w.org\/{rel}","templated":true}]}}