{"id":9046,"date":"2013-06-25T03:46:52","date_gmt":"2013-06-25T02:46:52","guid":{"rendered":"http:\/\/www.emiliosilveravazquez.com\/blog\/?p=9046"},"modified":"2013-06-25T03:46:52","modified_gmt":"2013-06-25T02:46:52","slug":"%c2%a1llegaremos-a-saber-del-mundo-%c2%a1y-de-nosotros","status":"publish","type":"post","link":"http:\/\/www.emiliosilveravazquez.com\/blog\/2013\/06\/25\/%c2%a1llegaremos-a-saber-del-mundo-%c2%a1y-de-nosotros\/","title":{"rendered":"\u00a1Llegaremos a saber! Del mundo&#8230; \u00a1y de nosotros!"},"content":{"rendered":"<p><img decoding=\"async\" loading=\"lazy\" src=\"http:\/\/juancarrion.files.wordpress.com\/2010\/05\/feynman.jpg\" alt=\"http:\/\/juancarrion.files.wordpress.com\/2010\/05\/feynman.jpg\" width=\"382\" height=\"254\" \/><\/p>\n<p>&nbsp;<\/p>\n<p>Richard Feynman<\/p>\n<p>&nbsp;<\/p>\n<blockquote>\n<p style=\"text-align: justify;\">\u201cSiempre me ha intrigado que, cuando se trata de aplicar las leyes tal como las entendemos actualmente, una computadora necesite hacer un n\u00famero infinito de operaciones l\u00f3gicas para efectuar c\u00e1lculos relativos a lo que sucede en cualquier zona insignificante del tiempo. \u00bfC\u00f3mo puede suceder todo eso en un espacio diminuto? \u00bfPor qu\u00e9 se necesita una cantidad infinita de operaciones l\u00f3gicas para averiguar lo que va a pasar en un fragmento diminuto de espacio-tiempo? A menudo he formulado la hip\u00f3tesis de que en \u00faltima instancia la f\u00edsica no necesitar\u00e1 una expresi\u00f3n matem\u00e1tica, ya que al fin se descubrir\u00e1 la maquinaria y las leyes llegagar\u00e1n a ser sencillas, como un juego de ajedrez con todas sus aparentes complejidades.\u201d<\/p>\n<p style=\"text-align: justify;\">\n<\/blockquote>\n<p style=\"text-align: justify;\"><img decoding=\"async\" loading=\"lazy\" src=\"http:\/\/recursostic.educacion.es\/ciencias\/biosfera\/web\/alumno\/1ESO\/planeta_habitado\/imagenes\/planetatierra.jpg\" alt=\"&quot;Planeta Tierra&quot;\" width=\"286\" height=\"226\" \/><img decoding=\"async\" loading=\"lazy\" id=\"irc_mi\" style=\"margin-top: 35px;\" src=\"http:\/\/3.bp.blogspot.com\/_bfit8l4I16c\/SVGub5Zw6FI\/AAAAAAAAA6c\/z8xBq3IrYz0\/s400\/evolucion1.jpg\" alt=\"\" width=\"400\" height=\"323\" \/><\/p>\n<p align=\"justify\">El mundo que nos rodea es m\u00e1s complejo de lo que parece, pero al tener y comprender los significados de los conceptos f\u00edsicos, nos permite redescubrir, inventar e interpretar el funcionamiento de las cosas. Precisamente por ser nuestro entorno como es, nos obliga a tener que tratar de comprenderlo. Nadie puede subsistir en un lugar que no comprende y, cuando se domina y sabemos c\u00f3mo adaptarnos al medio, la vida, adem\u00e1s de m\u00e1s sencilla, tambi\u00e9n ser\u00e1 m\u00e1s duradera. Mucho nos cost\u00f3 llegar a comprender tal cosa.<\/p>\n<p style=\"text-align: justify;\">Claro que, el mundo que nos rodea parece ser un lugar complicado (siempre nos resultar\u00e1 complicado lo que no sabemos entender). Aunque hay algunas verdades sencillas que parecen eternas: El Sol que se pone y se levanta siempre por los mismos lugares, la noche y el d\u00eda que nos trae cuando se esconde y cuando aparece, y, nuestras vidas, que a pesar de las modernas tecnolog\u00edas, siguen estando todav\u00eda, con demasiada frecuencia, a merced de los complicados procesos naturales que producen cambios dr\u00e1sticos y repentinos que no podemos ni predecir.<\/p>\n<p style=\"text-align: justify;\">Muchas son las fases por las que tuvieron que pasar los elementos qu\u00edmicos que, junto a la materia prebi\u00f3tica, dieron lugar, finalmente, al surgir de la Vida en nuestro Planeta, la Tierra. En la formaci\u00f3n que finalmente podemos contemplar de la Tierra no intervinieron \u00fanicamente los procesos c\u00f3smicos. Los animales, las plantas y los microorganismos influyeron de manera decisiva en las estructuras planetarias durante el curso de la historia de nuestro Planeta. Sin ellos no exitir\u00eda una atm\u00f3sfera con ox\u00edgeno, ni islas de coral, ni tierras f\u00e9rtiles, ni materias primas como el petr\u00f3leo o el carb\u00f3n. Y, por supuesto, tambi\u00e9n nosotros dejamos sentir nuestra huella en la superficie de la Tierra que, en muchas ocasiones a lo largo de nuestra historia, hemos podido devastar por nuestra enorme inconsciencia.<\/p>\n<p style=\"text-align: justify;\"><img decoding=\"async\" loading=\"lazy\" id=\"irc_mi\" style=\"margin-top: 0px;\" src=\"http:\/\/www.superateatimismo.com\/images\/huella-planeta.jpg\" alt=\"\" width=\"590\" height=\"393\" \/><img decoding=\"async\" loading=\"lazy\" id=\"irc_mi\" style=\"margin-top: 0px;\" src=\"http:\/\/m1.paperblog.com\/i\/21\/217066\/el-origen-vida-nuestro-planeta-un-enigma-cien-L-1.jpeg\" alt=\"\" width=\"394\" height=\"393\" \/><\/p>\n<p style=\"text-align: justify;\">\u00a0\u00a0\u00a0\u00a0\u00a0\u00a0 Lo cierto es, que no sabemos de d\u00f3nde venimos<\/p>\n<p style=\"text-align: justify;\">Hemos llegado a conseguir que, en la segunda d\u00e9cada del siglo XXII,\u00a0 los avances de nuestro saber est\u00e9n situados en un nivel espectacular y le puedan dar una respuesta consistente a todas las cosas sencillas. Conceptos tales como la teor\u00eda general de la <a href=\"http:\/\/www.emiliosilveravazquez.com\/blog\/2013\/01\/11\/%C2%A1siempre-queriendo-saber\/#\"><a href=\"#\" onclick=\"referencia('relatividad',event); return false;\">relatividad<\/a><\/a> y la mec\u00e1nica cu\u00e1ntica han podido explicar el funcionamiento global del universo a escalas muy grandes y muy peque\u00f1as respectivamente, mientras que el descubrimiento de la estructura del ADN y el modo en que este se copia de una generaci\u00f3n a otra hizo que la propia vida, as\u00ed como la evoluci\u00f3n parecieran sencillas a nivel molecular. Sin embargo, persisti\u00f3 la complejidad en del mundo a nivel humano -al nivel de la vida-. La cuesti\u00f3n m\u00e1s interesante de todas, la que plantea que la vida puede haber surgido a partir de la materia \u201cinerte\u201d ha seguido sin tener una respuesta.<\/p>\n<p><img decoding=\"async\" loading=\"lazy\" src=\"http:\/\/1.bp.blogspot.com\/_h7wQ7HPptZM\/TBVJr9-SaDI\/AAAAAAAAAI8\/By2AZunwryI\/s1600\/magia.bmp\" alt=\"http:\/\/1.bp.blogspot.com\/_h7wQ7HPptZM\/TBVJr9-SaDI\/AAAAAAAAAI8\/By2AZunwryI\/s1600\/magia.bmp\" width=\"280\" height=\"383\" \/><img decoding=\"async\" loading=\"lazy\" id=\"irc_mi\" style=\"margin-top: 0px;\" src=\"http:\/\/t3.gstatic.com\/images?q=tbn:ANd9GcSDDIwdiJFSQ5sSMSYziXt4hZZTsj7PGMWRKuOdKj-ZHkbTn9pJfA\" alt=\"\" width=\"382\" height=\"393\" \/><img decoding=\"async\" loading=\"lazy\" id=\"irc_mi\" style=\"margin-top: 0px;\" src=\"http:\/\/astrobiology2.arc.nasa.gov\/image.php\/HOEHLER_FTE%20Cover.JPG?image=\/team\/images\/2008\/2380\/HOEHLER_FTE%20Cover.JPG&amp;width=452\" alt=\"\" width=\"304\" height=\"393\" \/><\/p>\n<p>&nbsp;<\/p>\n<p>\u00bfD\u00f3nde empieza y termina la realidad?<\/p>\n<p>&nbsp;<\/p>\n<p style=\"text-align: justify;\">No debemos extra\u00f1arnos que sea precisamente a escala humana donde se den las caracter\u00edsticas m\u00e1s complejas del Universo, las que se resisten m\u00e1s a rendirse ante los m\u00e9todos tradicionales de la investigaci\u00f3n cient\u00edfica. Realmente, es posible que seamos lo m\u00e1s complejo que hay en el Universo (salvo posibles y similares formas de vida de cuya existencia no tenemos una certeza y s\u00ed una (l\u00f3gica) sospecha). La raz\u00f3n es que a escala m\u00e1s reducida, entidades tales como los \u00e1tomos se comportan individualmente de un modo relativamente sencillo en sus interacciones mutuas, y que las cosas complicadas e interesantes surgen, cuando se unen muchos \u00e1tomos de maneras complicadas e interesantes, para formar organismos tales como los seres humanos u otros seres vivos. Y, el climax de la complejidad aparece cuando una mente llega a poder generar ideas y es consciente de Ser.<\/p>\n<p style=\"text-align: justify;\"><img decoding=\"async\" loading=\"lazy\" title=\"cristales-del-alma\" src=\"http:\/\/planocreativo.files.wordpress.com\/2008\/12\/cristales-del-alma.jpg\" alt=\"cristales-del-alma\" width=\"400\" height=\"271\" \/><img decoding=\"async\" loading=\"lazy\" id=\"il_fi\" src=\"http:\/\/1.bp.blogspot.com\/_Dwh6LIJzQLQ\/TCCma9zzfYI\/AAAAAAAAAV4\/gxqCyZtIxXo\/s400\/angel_heart_jmhb.jpg\" alt=\"\" width=\"400\" height=\"307\" \/><\/p>\n<p style=\"text-align: justify;\">Hay un plano superior de la mente que sobrepasa lo estrictamente material, es un nivel m\u00e1s alto, inmaterial, que se sale del cuerpo, que no est\u00e1 limitado por las condiciones f\u00edsicas, que est\u00e1 en otro Universo que vemos s\u00f3lo en nuestras mentes y que no es posible tocar.\u00a0 All\u00ed residen los pensamientos, se forjan los sentimientos, conviven las ideas y nace lo mejor, y, lamentablemente, lo peor de nosotros. Lo cierto es que, al menos hasta el momento, no hemos sabido comprender lo que la mente es. Ah\u00ed residen los sue\u00f1os y est\u00e1 encerrado el pasado, se registra el presente y se presiente el futuro.<\/p>\n<p style=\"text-align: justify;\">Nosotros, como ocurre en las Galaxias que se sirven de la explosi\u00f3n supernova para renovarse y producir, a partir del material que eyecta al espacio circundante a la explosi\u00f3n, nuevas estrellas y mundos, de la misma manera, a trav\u00e9s de la explosi\u00f3n del Amor, tambi\u00e9n podemos reproducirnos e impedir que, la Entrop\u00eda se salga con la suya. Los mecanismos de la Narturaleza est\u00e1n ah\u00ed para preservar nuestra especie que, a pesar de todo&#8230; \u00bfSigue aqu\u00ed!<\/p>\n<p style=\"text-align: justify;\">Un \u00e1tomo, o incluso una mol\u00e9cula tan simple como la del agua, es algo m\u00e1s sencillo que el ser humano, porque tiene poca estructura interna; una estrella, o el interior de un planeta, es tambi\u00e9n algo m\u00e1s sencillo que un ser humano porque la gravedad aplasta cualquier estructura hasta aniquilarla cuando se pierde el equilibrio de las fuerzas que intervienen en la estabilidad. Esta es la raz\u00f3n por la que la Ciencia puede decir m\u00e1s sobre el comportamiento de los \u00e1tomos y el funcionamiento interno de las estrellas y los mundos que, del propio comportamiento de las personas y sobre el modo en el que se comportan.<\/p>\n<p style=\"text-align: justify;\"><img decoding=\"async\" loading=\"lazy\" class=\"aligncenter\" title=\"int-257830\" src=\"http:\/\/www.uam-lerma.mx\/blog\/wp-content\/uploads\/2011\/02\/int-2578302.jpg\" alt=\"\" width=\"300\" height=\"213\" \/><\/p>\n<p style=\"text-align: justify;\">Al menos de momento, no resulta posible saber el por qu\u00e9 nuestros pensamientos eligen los caminos que nos conducen a maneras de comportamiento que no siempre sabemos explicar. S\u00ed, pocas dudas nos pueden caber ya, somos sistemas complejos (muy, muy complejos dir\u00eda yo) que, habiendo brotado a la existencia a partir de los mecanismos y ritmos que imponen las fuerzas y constantes del Universo, podemos ser la muestra \u201cperfecta\u201d de una evoluci\u00f3n bioqu\u00edmica que se ha dado en la materia \u201cinerte\u201d bajo una serie de condiciones que, por otra parte, hacen imparable el surgir de la vida y de su evoluci\u00f3n.<\/p>\n<p style=\"text-align: justify;\">Se habla (muchas veces lo hemos podido escuchar)\u00a0 del Orden que surge del Caos. Antes de la revoluci\u00f3n cinet\u00edfica del siglo XVII, el mundo parec\u00eda estar regido por el caos (entendiendo la palabra al margen del mundo cient\u00edfico de hoy). En absoluto se suger\u00eda que hubieran leyes sencillas y ordenadas que pudieran sustentar la confusi\u00f3n reinante en el mundo.<\/p>\n<p style=\"text-align: justify;\">Mucho antes de todo aquello, las Civilizaciones hablaban de un dios o de dioses para poder explicar lo que no entend\u00edan. All\u00ed donde se percib\u00eda el orden del Universo, este orden se atribu\u00eda a una respuesta que daban los objetos f\u00edsicos a una necesidad de que se preservara la armon\u00eda y el orden siempre que fuera posible y, se supon\u00eda que las \u00f3rbitas de los planetas y la del Sol alrededor de la Tierra, estaba en el centro de todo, que era el centro de simetr\u00eda del universo, y por tanto, el lugar m\u00e1s deseable en el que cualquiera se podr\u00eda encontrar.<\/p>\n<p style=\"text-align: justify;\"><img decoding=\"async\" loading=\"lazy\" src=\"http:\/\/museovirtual.csic.es\/salas\/universo\/img\/modelo.jpg\" alt=\"Modelo de universo de arist\u00f3teles\" width=\"450\" height=\"252\" \/><\/p>\n<p style=\"text-align: justify;\" align=\"center\">Los planetas describ\u00edan peque\u00f1os c\u00edrculos (epiciclos) cuyo centro se desplazaba sobre un c\u00edrculo mayor (deferente) alrededor de la Tierra. Ptolomeo emple\u00f3 m\u00e1s de ochenta c\u00edrculos, entre deferentes y epiciclos, para describir el movimiento de los astros alrededor de la Tierra. Esta se supon\u00eda inm\u00f3vil y situada en el centro del universo (modelo geoc\u00e9ntrico). La raz\u00f3n fundamental para admitir la inmovilidad de la Tierra era la ausencia de movimiento de las estrellas fijas, que supon\u00edan habr\u00eda sido advertido por la modificaci\u00f3n del \u00e1ngulo con que estas se observaban desde la Tierra. No sab\u00edan que las estrellas estaban mucho m\u00e1s lejos de lo que ellos cre\u00edan.<\/p>\n<p>Esta visi\u00f3n geoc\u00e9ntrica del mundo se mantuvo casi dos mil a\u00f1os, hasta que Cop\u00e9rnico la modific\u00f3 con su modelo helioc\u00e9ntrico. El heliocentrismo tuvo ya precursores, como Her\u00e1clides (388-315 a. C.), disc\u00edpulo de Plat\u00f3n, que sugiri\u00f3 la rotaci\u00f3n de Mercurio y Venus en torno al Sol (para explicar por qu\u00e9 estos planetas siempre se ve\u00edan cerca del Sol) y Aristarco, que sugiri\u00f3 que las posiciones de los astros se explicar\u00edan m\u00e1s f\u00e1cilmente si algunos planetas giraran alrededor del Sol. Le extra\u00f1aba, adem\u00e1s, que el Sol, que era mucho mayor que la Tierra, girara alrededor de ella.<\/p>\n<p style=\"text-align: justify;\" align=\"center\">El fil\u00f3sofo Aristarco de Samos (un adelantado a su tiempo), sugiri\u00f3 que era la Tierra la que giraba alrededor del Sol. Nadie le prest\u00f3 atenci\u00f3n a su predicci\u00f3n intuitiva y, muchos a\u00f1os despu\u00e9s, lleg\u00f3 Cop\u00e9rnico a llevarse los honores. Estos ejemplos ilustran una diferencia absolutamente crucial entre la ciencia de los antiguos y la de los tiempos posteriores a Galileo.<\/p>\n<p style=\"text-align: justify;\"><img decoding=\"async\" loading=\"lazy\" class=\"aligncenter\" title=\"Galileo Galilei visto por Justus Sustermans painted en 1636. Wikipedia.\" src=\"http:\/\/www.tendencias21.net\/photo\/art\/default\/1870578-2557696.jpg?v=1289406232\" alt=\"Galileo Galilei visto por Justus Sustermans painted en 1636. Wikipedia.\" width=\"215\" height=\"263\" \/><\/p>\n<p style=\"text-align: justify;\" align=\"center\">Es justo reconocerle a Galileo el m\u00e9rito de haber sido el primero en apuntar al cielo con un Telescopio y, m\u00e1s a\u00fan, el primero en imponer el m\u00e9todo cient\u00edfico que a\u00fan hoy perdura: El experimento y la investigaci\u00f3n. Fue una combinaci\u00f3n del descubrimiento de las \u00f3rbitas el\u00edpticas por parte de Kepler, y de las teor\u00edas de Galileo sobre la aceleraci\u00f3n y el m\u00e9todo cient\u00edfico, lo que prepar\u00f3 el camino para el mayor descubrimiento cient\u00edfico del siglo XVII, y quiz\u00e1 de todos los siglos: la ley de la Gravitaci\u00f3n Universal de Isaacc <a href=\"http:\/\/www.emiliosilveravazquez.com\/blog\/2013\/01\/11\/%C2%A1siempre-queriendo-saber\/#\"><a href=\"#\" onclick=\"referencia('newton',event); return false;\">Newton<\/a><\/a>.<\/p>\n<p style=\"text-align: justify;\" align=\"center\">Independientemente de cuales fueran las t\u00e9cnicas matem\u00e1ticas que utilizara <a href=\"http:\/\/www.emiliosilveravazquez.com\/blog\/2013\/01\/11\/%C2%A1siempre-queriendo-saber\/#\"><a href=\"#\" onclick=\"referencia('newton',event); return false;\">Newton<\/a><\/a> de manera privada en la d\u00e9cada de 1680, en Los Principia demostr\u00f3, utilizando procedimientos que sus contempor\u00e1neos conoc\u00edan, que para que los planetas describieran \u00f3rbitas el\u00edpticas alrededor del Sol (y, por consiguiente, para que las observaciones concordaran con la teor\u00eda), la Gravedad deb\u00eda cumplir una Ley en la que apareciera la proporcionalidad inversa del cuadrado de la distancia. Concretamente, la fuerza de atracci\u00f3n entre dos masas situadas a una cierta distancia.<\/p>\n<p align=\"center\"><img decoding=\"async\" loading=\"lazy\" src=\"http:\/\/1.bp.blogspot.com\/_9qZScR42z3g\/TNIS0bfD_gI\/AAAAAAAAL74\/cuZ7Dw1b5QY\/s1600\/Amanecer.jpg\" alt=\"http:\/\/1.bp.blogspot.com\/_9qZScR42z3g\/TNIS0bfD_gI\/AAAAAAAAL74\/cuZ7Dw1b5QY\/s1600\/Amanecer.jpg\" width=\"630\" height=\"504\" \/><\/p>\n<p align=\"center\">Todos los cuerpos en el espacio est\u00e1n unidos por los hilos invisibles de la Gravedad<\/p>\n<p style=\"text-align: justify;\" align=\"center\">Todos (seguramente) habreis oido hablar del problema de los tres cuerpos al que no se sab\u00eda dar una soluci\u00f3n. Y, as\u00ed continu\u00f3, sin tener una soluci\u00f3n hasta finales del siglo XVIII, cuando el matem\u00e1tico franc\u00e9s Pierre Laplace (1749-1827) aparentemente puso orden en el Sistema Solar. Calcul\u00f3 mediante laboriosos procedimientos de correcciones sucesivas y paso a paso, las \u00f3rbitas de J\u00fapiter y Saturno, que son los planetas m\u00e1s grandes del Sistema Solar y ejercen la m\u00e1xima influencia gravitatoria el uno sobre el otro, y cada uno de ellos sobre los planetas menores, desp\u00faes de la que ejerce el Sol.<\/p>\n<p style=\"text-align: center;\"><img decoding=\"async\" loading=\"lazy\" class=\"aligncenter\" style=\"border-style: initial; border-color: initial; border-width: 0px;\" title=\"planetas-09\" src=\"http:\/\/www.iac.es\/astroparatodos\/astro1\/typo3temp\/pics\/eeba0e3021.jpg\" alt=\"\" width=\"540\" height=\"405\" border=\"0\" \/><\/p>\n<p style=\"text-align: center;\" align=\"center\">J\u00fapiter y Saturno<\/p>\n<p style=\"text-align: justify;\" align=\"center\">Laplace descubri\u00f3 que la \u00f3rbita de J\u00fapiter se est\u00e1 expandiendo de forma lenta, mientras que la de Sarturno se est\u00e1 reduciendo -justo el tipo de efecto que intu\u00eda <a href=\"http:\/\/www.emiliosilveravazquez.com\/blog\/2013\/01\/11\/%C2%A1siempre-queriendo-saber\/#\"><a href=\"#\" onclick=\"referencia('newton',event); return false;\">Newton<\/a><\/a> y al que no supo dar ninguna explicaci\u00f3n, lo dejaba en manos de Dios- Pero Laplace vio que estas modificaciones est\u00e1n ligadas a un cambio r\u00edtmico en la influencia gravitatoria que ejercen ambos planetas el uno sobre el otro, y que dicho cambio se produce\u00a0 porque Saturno describe dos \u00f3rbitas alrededor del Sol mientras que J\u00fapiter recorre su \u00f3rbita cinco veces. Esto significa que los dos planetas gigantes se encuentran a distancia m\u00ednima uno del otro cada cincuenta y nueve a\u00f1os.<\/p>\n<p style=\"text-align: justify;\" align=\"center\">Utilizando las leyes de <a href=\"http:\/\/www.emiliosilveravazquez.com\/blog\/2013\/01\/11\/%C2%A1siempre-queriendo-saber\/#\"><a href=\"#\" onclick=\"referencia('newton',event); return false;\">Newton<\/a><\/a> y la t\u00e9cnica de correcciones reiteradas paso a paso, Laplace calcul\u00f3 que el efecto producido por todo esto era la inversi\u00f3n de cambios globales observados\u00a0 en las \u00f3rbitas de los dos planetas cada 929 a\u00f1os -desp\u00faes de 929 durante los cuales la \u00f3rbita de J\u00fapiter se expande, mientras la de Saturno se contrae, hay otro intervalo de 929 a\u00f1os durante el cual la \u00f3rbita de J\u00fapiter se contrae, mientras que la de Saturno se expande, y as\u00ed sucesivamente-. Laplace pens\u00f3 que as\u00ed se hab\u00eda restablecido el orden del Sistema Solar.<\/p>\n<blockquote>\n<p style=\"text-align: justify;\" align=\"center\">\u00a1Qu\u00e9 cosas! \u00bfC\u00f3mo pudo la mente humana profundizar tanto con tan poco?<\/p>\n<p style=\"text-align: justify;\" align=\"center\">\n<\/blockquote>\n<p style=\"text-align: justify;\" align=\"center\"><img decoding=\"async\" class=\"imagen\" src=\"http:\/\/i1133.photobucket.com\/albums\/m583\/Bardokk\/Nebulosas-Asombrosas.jpg\" alt=\"\" border=\"0\" \/><\/p>\n<div style=\"text-align: justify;\">Pero comentemos un poco sobre el inicio de todo, es decir, sobre la fuente en la que se fundieron los materiales necesarios para la Vida en el coraz\u00f3n de las estrellas que, al final de sus vidas, implosionan y explosionan con la violencia que s\u00f3lo la Naturaleza sabe desatar para que, grandes regiones del espacio queden sembradas con esos materiales que, miles de millones de a\u00f1os m\u00e1s tarde, hacen posible que la vida surja en mundos que, como la Tierra, tengan las adecuadas condiciones para ello.<\/div>\n<div style=\"text-align: justify;\">La explosi\u00f3n de supernova provoca la expulsi\u00f3n de las capas externas de la estrella por medio de poderosas ondas de choque, enriqueciendo el espacio que la rodea con elementos pesados. Los restos eventualmente componen nubes de polvo y gas. Cuando el frente de onda de la explosi\u00f3n alcanza otras nubes de gas y polvo cercanas, las comprime y puede desencadenar la formaci\u00f3n de nuevas nebulosas que originan, despu\u00e9s de cierto tiempo, nuevos sistemas estelares (quiz\u00e1 con planetas, al estar las nebulosas enriquecidas con los elementos procedentes de la explosi\u00f3n).<\/div>\n<div style=\"text-align: justify;\"><img decoding=\"async\" loading=\"lazy\" id=\"irc_mi\" style=\"margin-top: 0px;\" src=\"http:\/\/conmdemalicia.files.wordpress.com\/2012\/06\/nebulosadeorion.jpg\" alt=\"\" width=\"604\" height=\"555\" \/><\/div>\n<div style=\"text-align: justify;\">Desde algunos lugares de la Tierra podemos contemplar parte de la V\u00eda L\u00e1ctea y s\u00f3lo podemos imaginar parte de su contenido\u2026 \u00a1t\u00e1ntos mundos! y, posiblemente\u2026 \u00a1t\u00e1ntas formas de vida! Ah\u00ed c\u00famulos y m\u00edriadas de estrellas surgen en las Nebulosas para fabricar los materiales complejos que hacen posible, muchos miles de millones de a\u00f1os despu\u00e9s\u2026 \u00a1La Vida!<\/div>\n<p style=\"text-align: justify;\">Como otras tantas veces os he contado, en una supernova, en orden decreciente tenemos la secuencia de n\u00facleos H, He, O, C, N, Fe, que coincide bastante bien con una ordenaci\u00f3n en la tabla peri\u00f3dica que es: H, He, (Li, Be, B) C, N, O\u2026 Fe \u00bfApreci\u00e1is la maravilla? Las estrellas brillan en el cielo para hacer posible que nosotros estemos aqu\u00ed descubriendo los enigmas del universo y\u2026 de la vida inteligente.<\/p>\n<p style=\"text-align: justify;\"><img decoding=\"async\" loading=\"lazy\" id=\"irc_mi\" style=\"margin-top: 0px;\" src=\"http:\/\/pendientedemigracion.ucm.es\/info\/pslogica\/mente\/neurona.jpg\" alt=\"\" width=\"379\" height=\"393\" \/><img decoding=\"async\" loading=\"lazy\" id=\"irc_mi\" style=\"margin-top: 0px;\" src=\"http:\/\/www.guiacuerpomente.com\/wp-content\/uploads\/2011\/02\/LavidaSecretaNeuronas.jpg\" alt=\"\" width=\"520\" height=\"393\" \/><\/p>\n<p style=\"text-align: justify;\"><strong>\u00a0\u00bfQu\u00e9 hizo posible que a partir de la materia \u201cinerte\u201d se den la conciencia y la inteligencia? \u00bfQu\u00e9 hace posible que existan la conciencia y la inteligencia?, porque aunque sepamos multitud de cosas de los lugares m\u00e1s rec\u00f3nditos del universo, a\u00fan sabemos muy poco de lo que hay dentro de nuestras cabezas, y esas dos cosas: <strong>Inteligencia y conciencia<\/strong>, son las que nos hacen ser lo que somos. Como dec\u00eda el sabio:<\/strong><\/p>\n<p style=\"text-align: justify;\"><strong><br \/>\n<\/strong><\/p>\n<blockquote>\n<p style=\"text-align: justify;\">&#8220;Creo que cuando sepamos comprender la Naturaleza, entonces, sabremos tambi\u00e9n sobre nosotros que, de alguna manera, somos parte del misterio que tratamos de desvelar. La Naturaleza somos tambi\u00e9n todos los seres vivos que est\u00e1n acompa\u00f1ados de infinidad de objetos materiales situados en otras fases del camino. La materia \u201cinerte\u201d simplemente es un estadio que est\u00e1 a la espera de su evoluci\u00f3n hacia algo superior.<strong>&#8220;<\/strong><\/p>\n<p style=\"text-align: justify;\"><strong><br \/>\n<\/strong><\/p>\n<\/blockquote>\n<p style=\"text-align: justify;\"><a href=\"http:\/\/3.bp.blogspot.com\/_xX5bLkX1Lu4\/S_MjCVaQEOI\/AAAAAAAAAB0\/oFg_QIg2okY\/s1600\/Representaciones_del_metano%5B1%5D.jpg\"><img decoding=\"async\" loading=\"lazy\" src=\"http:\/\/3.bp.blogspot.com\/_xX5bLkX1Lu4\/S_MjCVaQEOI\/AAAAAAAAAB0\/oFg_QIg2okY\/s1600\/Representaciones_del_metano%5B1%5D.jpg\" alt=\"\" width=\"640\" height=\"208\" border=\"0\" \/><\/a><\/p>\n<p>\u00a0\u00a0\u00a0\u00a0\u00a0\u00a0\u00a0\u00a0\u00a0\u00a0\u00a0\u00a0\u00a0\u00a0\u00a0\u00a0\u00a0\u00a0\u00a0\u00a0\u00a0\u00a0\u00a0\u00a0\u00a0\u00a0\u00a0\u00a0\u00a0\u00a0\u00a0\u00a0\u00a0\u00a0\u00a0\u00a0\u00a0\u00a0\u00a0\u00a0\u00a0\u00a0\u00a0\u00a0\u00a0\u00a0\u00a0\u00a0\u00a0\u00a0\u00a0\u00a0\u00a0\u00a0\u00a0\u00a0\u00a0\u00a0\u00a0\u00a0\u00a0\u00a0\u00a0\u00a0\u00a0\u00a0\u00a0\u00a0\u00a0\u00a0\u00a0\u00a0\u00a0\u00a0\u00a0\u00a0\u00a0\u00a0\u00a0\u00a0\u00a0\u00a0\u00a0\u00a0\u00a0 \u00bfLa Vida sin Carbono?<\/p>\n<p>&nbsp;<\/p>\n<p>&nbsp;<\/p>\n<p>&nbsp;<\/p>\n<p style=\"text-align: justify;\">La manera exponencial de nuestros avances en el conocimiento cient\u00edfico, har\u00e1 posible que en alg\u00fan momento de las pr\u00f3ximas d\u00e9cadas o en el siglo que viene, podamos descubrir el primer planeta albergando vida. Pero seguramente ser\u00e1 \u201cparecida\u201d a la nuestra; basada en enlaces de Carbono y agua como medio. Pero; \u00bfpodr\u00eda existir un tipode vida completamente diferente? \u00bfla reconoceremos cuando la veamos? \u00bfpodr\u00eda evolucionar hasta desarrollar inteligencia? La Naturaleza, hasta donde la conocemos, sigue siempre los mismos caminos, los m\u00e1s sencillos para conseguir sus objetivos y, si la vida aqu\u00ed en la Tierra est\u00e1 basada en el Carbono&#8230;<\/p>\n<p style=\"text-align: justify;\"><img decoding=\"async\" loading=\"lazy\" src=\"http:\/\/neofronteras.com\/wp-content\/photos\/quarks.jpg\" alt=\"Foto\" width=\"250\" height=\"216\" border=\"0\" hspace=\"10\" vspace=\"2\" \/><img decoding=\"async\" loading=\"lazy\" src=\"http:\/\/2.bp.blogspot.com\/_huXPkGruk3Y\/TH1jvFKyJGI\/AAAAAAAAAgg\/6FMDGN-OxTo\/s400\/MANO+DEL+UNIVERSO.jpg\" alt=\"\" width=\"400\" height=\"299\" border=\"0\" \/><\/p>\n<p style=\"text-align: justify;\">En las im\u00e1genes nos dicen que estamos conformados por objetos infinitesimales (Quarks y Leptones) que conforman la materia que podemos ver, y, por otra parte, se nos muestra &#8220;la mano de la Naturaleza&#8221; que, a partir del polvo de estrellas, hace posible que tan maravilla pudiera suceder.\u00a0 \u00a1Desde la materia inerte hasta los pendsamientos!<\/p>\n<p style=\"text-align: justify;\">Nos tenemos que asombrar primero y maravillarnos despu\u00e9s, cuando al recorrer los pasos de la historia de la vida, podemos constatar todas esas cuestiones.\u00a0 Ahora sabemos que el mundo inorg\u00e1nico es s\u00f3lo una parte del inmenso mundo molecular. El resto lo constituye el mundo org\u00e1nico, que es el de las mol\u00e9culas que contienen carbono y otros \u00e1tomos.<\/p>\n<p style=\"text-align: justify;\">El misterio es demasiado profundo para nosotros, seres casi \u201crecien llegados\u201d a este vasto universo, mucho nos queda por saber, nuestra evoluci\u00f3n tiene que recorrer muchos caminos a\u00fan inexplorados.\u00a0 Desde las mol\u00e9culas m\u00e1s sencillas, como la del hidr\u00f3geno con un total de 2 <a href=\"http:\/\/www.emiliosilveravazquez.com\/blog\/2013\/03\/23\/el-universo-y-la-vida-2\/\">electrones<\/a>, hasta las m\u00e1s complejas, como las de las prote\u00ednas con muchos miles de ellos, existe un largo recorrido que nos llev\u00f3&#8230;<\/p>\n<blockquote>\n<p style=\"text-align: justify;\">\u00a1desde la materia \u201cinerte\u201d hasta los pensamientos!<\/p>\n<\/blockquote>\n<p style=\"text-align: justify;\">emilio silvera<\/p>\n<div class='bookmark'>\r\n\t\t<table align='left' border='0' cellpadding='0' width='100%'>\r\n\t\t<tr><td><span class='pushbutton'><a href='http:\/\/delicious.com\/post?url=http%3A%2F%2Fwww.emiliosilveravazquez.com%2Fblog%2F2013%2F06%2F25%2F%25c2%25a1llegaremos-a-saber-del-mundo-%25c2%25a1y-de-nosotros%2F&amp;title=%C2%A1Llegaremos+a+saber%21+Del+mundo%26%238230%3B+%C2%A1y+de+nosotros%21' title='Delicious' target='_blank' rel='nofollow'><img src='http:\/\/www.emiliosilveravazquez.com\/blog\/wp-content\/plugins\/knxdt-bookmarks-wordpress-plugin\/images\/delicious.png'  alt='' class='book_img' border='none' style='margin:1px; padding: 0;'  \/><\/a><\/span><span class='pushbutton'><a href='http:\/\/digg.com\/submit?url=http%3A%2F%2Fwww.emiliosilveravazquez.com%2Fblog%2F2013%2F06%2F25%2F%25c2%25a1llegaremos-a-saber-del-mundo-%25c2%25a1y-de-nosotros%2F&amp;title=%C2%A1Llegaremos+a+saber%21+Del+mundo%26%238230%3B+%C2%A1y+de+nosotros%21' title='Digg' target='_blank' rel='nofollow'><img src='http:\/\/www.emiliosilveravazquez.com\/blog\/wp-content\/plugins\/knxdt-bookmarks-wordpress-plugin\/images\/digg.png'  alt='' class='book_img' border='none' style='margin:1px; padding: 0;'  \/><\/a><\/span><span class='pushbutton'><a href='http:\/\/www.google.com\/bookmarks\/mark?op=edit&amp;bkmk=http%3A%2F%2Fwww.emiliosilveravazquez.com%2Fblog%2F2013%2F06%2F25%2F%25c2%25a1llegaremos-a-saber-del-mundo-%25c2%25a1y-de-nosotros%2F&amp;title=%C2%A1Llegaremos+a+saber%21+Del+mundo%26%238230%3B+%C2%A1y+de+nosotros%21' title='Google' target='_blank' rel='nofollow'><img src='http:\/\/www.emiliosilveravazquez.com\/blog\/wp-content\/plugins\/knxdt-bookmarks-wordpress-plugin\/images\/google.png'   alt='' class='book_img' border='none' style='margin:1px; padding: 0;'  \/><\/a><\/span><span class='pushbutton'><a href='http:\/\/myweb2.search.yahoo.com\/myresults\/bookmarklet?u=http%3A%2F%2Fwww.emiliosilveravazquez.com%2Fblog%2F2013%2F06%2F25%2F%25c2%25a1llegaremos-a-saber-del-mundo-%25c2%25a1y-de-nosotros%2F&amp;t=%C2%A1Llegaremos+a+saber%21+Del+mundo%26%238230%3B+%C2%A1y+de+nosotros%21' title='Yahoo' target='_blank' rel='nofollow'><img src='http:\/\/www.emiliosilveravazquez.com\/blog\/wp-content\/plugins\/knxdt-bookmarks-wordpress-plugin\/images\/yahoo.png'  alt='' class='book_img' border='none' style='margin:1px; padding: 0;'  \/><\/a><\/span><span class='pushbutton'><a href='http:\/\/www.technorati.com\/faves?add=http%3A%2F%2Fwww.emiliosilveravazquez.com%2Fblog%2F2013%2F06%2F25%2F%25c2%25a1llegaremos-a-saber-del-mundo-%25c2%25a1y-de-nosotros%2F' title='Technorati' target='_blank' rel='nofollow'><img src='http:\/\/www.emiliosilveravazquez.com\/blog\/wp-content\/plugins\/knxdt-bookmarks-wordpress-plugin\/images\/technorati.png'  alt='' class='book_img' border='none' style='margin:1px; padding: 0;'  \/><\/a><\/span><span class='pushbutton'><a href='http:\/\/meneame.net\/submit.php?url=http%3A%2F%2Fwww.emiliosilveravazquez.com%2Fblog%2F2013%2F06%2F25%2F%25c2%25a1llegaremos-a-saber-del-mundo-%25c2%25a1y-de-nosotros%2F' title='Meneame' target='_blank' rel='nofollow'><img src='http:\/\/www.emiliosilveravazquez.com\/blog\/wp-content\/plugins\/knxdt-bookmarks-wordpress-plugin\/images\/meneame.png'  alt='' class='book_img' border='none' style='margin:1px; padding: 0;'  \/><\/a><\/span><span class='pushbutton'><a href='http:\/\/enchilame.com\/submit.php?url=http:\/\/www.emiliosilveravazquez.com\/blog\/2013\/06\/25\/%c2%a1llegaremos-a-saber-del-mundo-%c2%a1y-de-nosotros\/' target='_blank' rel='nofollow'><img title='Enchilame' src='http:\/\/www.emiliosilveravazquez.com\/blog\/wp-content\/plugins\/knxdt-bookmarks-wordpress-plugin\/images\/enchilame.png'  alt='' class='book_img' border='none' style='margin:1px; padding: 0;'  \/><\/a><\/span><span class='pushbutton'><a href='http:\/\/www.blinklist.com\/index.php?Action=Blink\/addblink.php&amp;Description=&amp;Url=http%3A%2F%2Fwww.emiliosilveravazquez.com%2Fblog%2F2013%2F06%2F25%2F%25c2%25a1llegaremos-a-saber-del-mundo-%25c2%25a1y-de-nosotros%2F&amp;title=%C2%A1Llegaremos+a+saber%21+Del+mundo%26%238230%3B+%C2%A1y+de+nosotros%21' title='BlinkList' target='_blank' rel='nofollow'><img src='http:\/\/www.emiliosilveravazquez.com\/blog\/wp-content\/plugins\/knxdt-bookmarks-wordpress-plugin\/images\/blinklist.png'  alt='' class='book_img' border='none' style='margin:1px; padding: 0;'  \/><\/a><\/span><span class='pushbutton'><a href='http:\/\/reddit.com\/submit?url=http%3A%2F%2Fwww.emiliosilveravazquez.com%2Fblog%2F2013%2F06%2F25%2F%25c2%25a1llegaremos-a-saber-del-mundo-%25c2%25a1y-de-nosotros%2F&amp;title=%C2%A1Llegaremos+a+saber%21+Del+mundo%26%238230%3B+%C2%A1y+de+nosotros%21' title='Reddit' target='_blank' rel='nofollow'><img src='http:\/\/www.emiliosilveravazquez.com\/blog\/wp-content\/plugins\/knxdt-bookmarks-wordpress-plugin\/images\/reddit.png'  alt='' class='book_img' border='none' style='margin:1px; padding: 0;'  \/><\/a><\/span><span class='pushbutton'><a href='http:\/\/www.tecnologiadiaria.com\/2009\/07\/abrir-com-hotmail-correo.html' target='_blank' title='hotmail'><img src='http:\/\/www.emiliosilveravazquez.com\/blog\/wp-content\/plugins\/knxdt-bookmarks-wordpress-plugin\/images\/linklove.png' alt='hotmail correo' class='book_img' border='none' style='margin:1px; padding: 0;' \/><\/a><\/span><span class='pushbutton'><a href='http:\/\/bitacoras.com\/votar\/anotacion\/externo\/mini\/www.emiliosilveravazquez.com\/blog\/2013\/06\/25\/%c2%a1llegaremos-a-saber-del-mundo-%c2%a1y-de-nosotros\/' title='Bitacoras.com' target='_blank' rel='nofollow'><img src='http:\/\/www.emiliosilveravazquez.com\/blog\/wp-content\/plugins\/knxdt-bookmarks-wordpress-plugin\/images\/bitacoras.png'  alt='' class='book_img' border='none' style='margin:1px; padding: 0;'  \/><\/a><\/span><span class='pushbutton'><a href='http:\/\/www.wikio.es\/vote?url=http%3A%2F%2Fwww.emiliosilveravazquez.com%2Fblog%2F2013%2F06%2F25%2F%25c2%25a1llegaremos-a-saber-del-mundo-%25c2%25a1y-de-nosotros%2F' title='Wikio' target='_blank' rel='nofollow'><img src='http:\/\/www.emiliosilveravazquez.com\/blog\/wp-content\/plugins\/knxdt-bookmarks-wordpress-plugin\/images\/wikio.png'   alt='' class='book_img' border='none' style='margin:1px; padding: 0;'   \/><\/a><\/span><span class='pushbutton'><a href='http:\/\/friendfeed.com\/?url=http%3A%2F%2Fwww.emiliosilveravazquez.com%2Fblog%2F2013%2F06%2F25%2F%25c2%25a1llegaremos-a-saber-del-mundo-%25c2%25a1y-de-nosotros%2F&amp;title=%C2%A1Llegaremos+a+saber%21+Del+mundo%26%238230%3B+%C2%A1y+de+nosotros%21' title='Friend Feed' target='_blank' rel='nofollow'><img src='http:\/\/www.emiliosilveravazquez.com\/blog\/wp-content\/plugins\/knxdt-bookmarks-wordpress-plugin\/images\/friendfeed.png'  alt='' class='book_img' border='none' style='margin:1px; padding: 0;'  \/><\/a><\/span><span class='pushbutton'><a href='http:\/\/www.facebook.com\/share.php?u=http%3A%2F%2Fwww.emiliosilveravazquez.com%2Fblog%2F2013%2F06%2F25%2F%25c2%25a1llegaremos-a-saber-del-mundo-%25c2%25a1y-de-nosotros%2F&amp;t=%C2%A1Llegaremos+a+saber%21+Del+mundo%26%238230%3B+%C2%A1y+de+nosotros%21' title='Facebook' target='_blank' rel='nofollow'><img src='http:\/\/www.emiliosilveravazquez.com\/blog\/wp-content\/plugins\/knxdt-bookmarks-wordpress-plugin\/images\/facebook.png'  alt='' class='book_img' border='none' style='margin:1px; padding: 0;'  \/><\/a><\/span><span class='pushbutton'><a href='http:\/\/twitter.com\/home?status=%C2%A1Llegaremos+a+saber%21+Del+mundo%26%238230%3B+%C2%A1y+de+nosotros%21: http%3A%2F%2Fwww.emiliosilveravazquez.com%2Fblog%2F2013%2F06%2F25%2F%25c2%25a1llegaremos-a-saber-del-mundo-%25c2%25a1y-de-nosotros%2F' title='Twitter' target='_blank' rel='nofollow'><img src='http:\/\/www.emiliosilveravazquez.com\/blog\/wp-content\/plugins\/knxdt-bookmarks-wordpress-plugin\/images\/twitter.png'  alt='' class='book_img' border='none' style='margin:1px; padding: 0;'  \/><\/a><\/span><span class='pushbutton'><a href='http:\/\/www.feedburner.com\/fb\/a\/emailFlare?itemTitle=%C2%A1Llegaremos+a+saber%21+Del+mundo%26%238230%3B+%C2%A1y+de+nosotros%21&amp;uri=http%3A%2F%2Fwww.emiliosilveravazquez.com%2Fblog%2F2013%2F06%2F25%2F%25c2%25a1llegaremos-a-saber-del-mundo-%25c2%25a1y-de-nosotros%2F' title='Enviar por Email' target='_blank' rel='nofollow'><img src='http:\/\/www.emiliosilveravazquez.com\/blog\/wp-content\/plugins\/knxdt-bookmarks-wordpress-plugin\/images\/email.png'  alt='' class='book_img' border='none' style='margin:1px; padding: 0;'  \/><\/a><\/span><span style='font-weight:bold; padding-left: 5px;'><a href='http:\/\/wordpress.org\/extend\/plugins\/knxdt-bookmarks-wordpress-plugin\/' title='Plugin' rel='nofollow' target='_blank'>[?]<\/a><\/span><\/td><\/tr><\/table><br\/><br\/><\/div>","protected":false},"excerpt":{"rendered":"<p>&nbsp; Richard Feynman &nbsp; \u201cSiempre me ha intrigado que, cuando se trata de aplicar las leyes tal como las entendemos actualmente, una computadora necesite hacer un n\u00famero infinito de operaciones l\u00f3gicas para efectuar c\u00e1lculos relativos a lo que sucede en cualquier zona insignificante del tiempo. \u00bfC\u00f3mo puede suceder todo eso en un espacio diminuto? \u00bfPor [&hellip;]<\/p>\n","protected":false},"author":2,"featured_media":0,"comment_status":"open","ping_status":"open","sticky":false,"template":"","format":"standard","meta":{"_s2mail":"yes","footnotes":""},"categories":[140],"tags":[],"_links":{"self":[{"href":"http:\/\/www.emiliosilveravazquez.com\/blog\/wp-json\/wp\/v2\/posts\/9046"}],"collection":[{"href":"http:\/\/www.emiliosilveravazquez.com\/blog\/wp-json\/wp\/v2\/posts"}],"about":[{"href":"http:\/\/www.emiliosilveravazquez.com\/blog\/wp-json\/wp\/v2\/types\/post"}],"author":[{"embeddable":true,"href":"http:\/\/www.emiliosilveravazquez.com\/blog\/wp-json\/wp\/v2\/users\/2"}],"replies":[{"embeddable":true,"href":"http:\/\/www.emiliosilveravazquez.com\/blog\/wp-json\/wp\/v2\/comments?post=9046"}],"version-history":[{"count":0,"href":"http:\/\/www.emiliosilveravazquez.com\/blog\/wp-json\/wp\/v2\/posts\/9046\/revisions"}],"wp:attachment":[{"href":"http:\/\/www.emiliosilveravazquez.com\/blog\/wp-json\/wp\/v2\/media?parent=9046"}],"wp:term":[{"taxonomy":"category","embeddable":true,"href":"http:\/\/www.emiliosilveravazquez.com\/blog\/wp-json\/wp\/v2\/categories?post=9046"},{"taxonomy":"post_tag","embeddable":true,"href":"http:\/\/www.emiliosilveravazquez.com\/blog\/wp-json\/wp\/v2\/tags?post=9046"}],"curies":[{"name":"wp","href":"https:\/\/api.w.org\/{rel}","templated":true}]}}