{"id":9028,"date":"2013-06-22T06:58:04","date_gmt":"2013-06-22T05:58:04","guid":{"rendered":"http:\/\/www.emiliosilveravazquez.com\/blog\/?p=9028"},"modified":"2013-06-22T06:58:04","modified_gmt":"2013-06-22T05:58:04","slug":"brebe-historia-del-universo-segun-timoty-ferris-i","status":"publish","type":"post","link":"http:\/\/www.emiliosilveravazquez.com\/blog\/2013\/06\/22\/brebe-historia-del-universo-segun-timoty-ferris-i\/","title":{"rendered":"Brebe Historia del Universo seg\u00fan Timoty Ferris I"},"content":{"rendered":"<div>\n<p style=\"text-align: justify;\"><img decoding=\"async\" loading=\"lazy\" id=\"irc_mi\" style=\"margin-top: 0px;\" src=\"http:\/\/www.blogodisea.com\/wp-content\/uploads\/2010\/10\/galaxias-universo.jpg\" alt=\"\" width=\"582\" height=\"393\" \/><\/p>\n<p style=\"text-align: justify;\">He creido que no estar\u00eda mal recordar de nuevo aquel viaje al pasado para asomarnos a los acontecimientos que tuvieron lugar para que, ahora, estemos nosotros aqu\u00ed. Al buscar c\u00f3mo lo podr\u00eda hacer para que fuese reducido y did\u00e1ctico, ca\u00ed en la cuenta de que, en el Libro de Timothy Ferris, La Aventura del Universo, al final, viene una recopilaci\u00f3n de los hechos del pasado a partir del Comienzo del Tiempo, es decir, cuando tuvo lugar el <a href=\"http:\/\/www.emiliosilveravazquez.com\/blog\/2012\/11\/30\/breve-historia-del-universo-i\/\"><a href=\"#\" onclick=\"referencia('big bang',event); return false;\">Big Bang<\/a><\/a>.<\/p>\n<p style=\"text-align: justify;\">As\u00ed que, crey\u00e9ndolo de inter\u00e9s aqu\u00ed lo dejo, sin im\u00e1genes que har\u00eda eterno el repaso, y, como de lo que se trata es de dejar una serie de datos en la memoria que, servir\u00e1 de base,\u00a0 para todo lo que vendr\u00e1 despu\u00e9s, a lo largo de los pr\u00f3ximos doce meses.<\/p>\n<p style=\"text-align: justify;\"><strong>Tiempo y los acontecimientos notables que en cada per\u00edodo de produjeron<\/strong><\/p>\n<p style=\"text-align: justify;\">&#8211; En el momemnto cero: Origen del Tiempo, el espacio y la energ\u00eda del universo que conocemos.<\/p>\n<p style=\"text-align: justify;\">&#8211; 10<sup>-43<\/sup> de segundo <strong>GCT (Despu\u00e9s del Comienzo del Tiempo)<\/strong>: Fin de la \u00e9poca de Planck; la radiaci\u00f3n gravitatoria sale del equilibrio t\u00e9rmico con el resto del Universo.<\/p>\n<p style=\"text-align: justify;\">&#8211; 10<sup>-34<\/sup> de segundo: El universo, en un estado de vac\u00edo, empieza a \u201cinflarse\u201d, esto es, expandirse a una tasa exponencial de unas 10<sup>50<\/sup> veces la tasa actual de expansi\u00f3n.<\/p>\n<p style=\"text-align: justify;\">&#8211; 10<sup>-30<\/sup> de segundo: Termina la \u00e9poca inflacionaria; las part\u00edculas se arrojan fuera del vac\u00edo.<\/p>\n<p style=\"text-align: justify;\">&#8211; 10<sup>-11<\/sup> de segundo: La transici\u00f3n de fase de la ruptura de la simetr\u00eda escinde la <a href=\"http:\/\/www.emiliosilveravazquez.com\/blog\/2012\/11\/30\/breve-historia-del-universo-i\/\"><a href=\"#\" onclick=\"referencia('fuerza nuclear debil',event); return false;\">fuerza electrod\u00e9bil<\/a><\/a> en la <a href=\"http:\/\/www.emiliosilveravazquez.com\/blog\/2012\/11\/30\/breve-historia-del-universo-i\/\"><a href=\"#\" onclick=\"referencia('fuerza electromagnetica',event); return false;\">fuerza electromagn\u00e9tica<\/a><\/a> y la <a href=\"http:\/\/www.emiliosilveravazquez.com\/blog\/2012\/11\/30\/breve-historia-del-universo-i\/\"><a href=\"#\" onclick=\"referencia('fuerza nuclear debil',event); return false;\">fuerza nuclear d\u00e9bil<\/a><\/a>.<\/p>\n<p style=\"text-align: justify;\">&#8211; 10<sup>-6 <\/sup>&#8211; 10<sup>-5<\/sup> de segundo: Los Quarks y antiquarks cesan su aniquilaci\u00f3n mutua. Los supervivientes se unen en tr\u00edos para formar <a href=\"http:\/\/www.emiliosilveravazquez.com\/blog\/2012\/11\/30\/breve-historia-del-universo-i\/\">protones<\/a> y <a href=\"http:\/\/www.emiliosilveravazquez.com\/blog\/2012\/11\/30\/breve-historia-del-universo-i\/\">neutrones<\/a>, los componentes de todos los futuros n\u00facleos at\u00f3micos.<\/p>\n<p style=\"text-align: justify;\">&#8211; 10<sup>-4 <\/sup>de segundo: El Universo tiene 1\/10.000 de segundo de antig\u00fcedad. La constante captura de <a href=\"http:\/\/www.emiliosilveravazquez.com\/blog\/2012\/11\/30\/breve-historia-del-universo-i\/\">electrones<\/a> y positrones convierte los <a href=\"http:\/\/www.emiliosilveravazquez.com\/blog\/2012\/11\/30\/breve-historia-del-universo-i\/\">neutrones<\/a> en <a href=\"http:\/\/www.emiliosilveravazquez.com\/blog\/2012\/11\/30\/breve-historia-del-universo-i\/\">protones<\/a> y a la inversa. Como se requiere un poco m\u00e1s de energ\u00eda para hacer <a href=\"http:\/\/www.emiliosilveravazquez.com\/blog\/2012\/11\/30\/breve-historia-del-universo-i\/\">neutrones<\/a> que <a href=\"http:\/\/www.emiliosilveravazquez.com\/blog\/2012\/11\/30\/breve-historia-del-universo-i\/\">protones<\/a>, el proceso deja el universo con cincuenta veces m\u00e1s <a href=\"http:\/\/www.emiliosilveravazquez.com\/blog\/2012\/11\/30\/breve-historia-del-universo-i\/\">protones<\/a> que <a href=\"http:\/\/www.emiliosilveravazquez.com\/blog\/2012\/11\/30\/breve-historia-del-universo-i\/\">neutrones<\/a>.<\/p>\n<p style=\"text-align: justify;\">-10<sup>-2<\/sup> de segundo: Part\u00edculas de materia y de energ\u00eda interaccionan en equilibrio t\u00e9rmico.<\/p>\n<p style=\"text-align: justify;\">&#8211; 1 segundo: Los <a href=\"http:\/\/www.emiliosilveravazquez.com\/blog\/2012\/11\/30\/breve-historia-del-universo-i\/\">neutrinos<\/a>, antes enredados con otras part\u00edculas, se desacoplan yn siguen su propio camino.<\/p>\n<p style=\"text-align: justify;\">&#8211; 3 minutos 42 segundos: Los <a href=\"http:\/\/www.emiliosilveravazquez.com\/blog\/2012\/11\/30\/breve-historia-del-universo-i\/\">protones<\/a> y los <a href=\"http:\/\/www.emiliosilveravazquez.com\/blog\/2012\/11\/30\/breve-historia-del-universo-i\/\">neutrones<\/a> se unen, formando n\u00facleos de helio. El universo ahora est\u00e1 compuesto de un 20 por 100 de helio y un 80 por 100 de hidr\u00f3geno.<\/p>\n<p style=\"text-align: justify;\">&#8211; 1 hora: El universo se ha enfriado hasta el punto de que se han detenido la mayor\u00eda de los procesos nucleares.<\/p>\n<p style=\"text-align: justify;\">&#8211; 1 a\u00f1o: La temperatura ambiente del universo es similar a la del interior de una estrella.<\/p>\n<p style=\"text-align: justify;\">&#8211; 10<sup>6<\/sup> a\u00f1os: Origen de la Radiaci\u00f3n C\u00f3smica de Fondo. Los <a href=\"http:\/\/www.emiliosilveravazquez.com\/blog\/2012\/11\/30\/breve-historia-del-universo-i\/\"><a href=\"#\" onclick=\"referencia('foton',event); return false;\">fotones<\/a><\/a> se desacoplan, dejando a los <a href=\"http:\/\/www.emiliosilveravazquez.com\/blog\/2012\/11\/30\/breve-historia-del-universo-i\/\">electrones<\/a> libres para combibnarse con nucleos y formar \u00e1tomos estables. El universo se vuelve transparente y, en lo sucesivo, la materia puede condensarse en estrellas y galaxias.<\/p>\n<p style=\"text-align: justify;\">&#8211; 10<sup>9<\/sup> a\u00f1os DCT (= 17.000 millones de a\u00f1os B. P.) -B.P. = Before present, es decir, antes del presente-: Aparecen las <a href=\"http:\/\/www.emiliosilveravazquez.com\/blog\/2012\/11\/30\/breve-historia-del-universo-i\/\"><a href=\"#\" onclick=\"referencia('protogalaxia',event); return false;\">protogalaxia<\/a><\/a>s, formando c\u00famulos globulares. Comienza la \u00e9poca de los Cu\u00e1sars.<\/p>\n<p style=\"text-align: justify;\">&#8211; 4.500 millones de a\u00f1os B.P.: El Sol y los planetas se condensan a partir de una nube de gas y polvo en un brazo espiral de la Galaxia de la V\u00eda L\u00e1ctea.<\/p>\n<p style=\"text-align: justify;\">&#8211; 3.800 millones de a\u00f1os B.P.: La Tierra se ha enfriado lo suficiente como para formar una corteza s\u00f3lida; es la edad de las m\u00e1s antiguas rocas terrestres fechadas.<\/p>\n<p style=\"text-align: justify;\">&#8211; 3.500-3.200 millones de a\u00f1os: C\u00e9lulas vivas microsc\u00f3picas evolucionan sobre la Tierra.<\/p>\n<p style=\"text-align: justify;\">&#8211; 1.800-1.300 Millones de a\u00f1os: Aparecen las plantas. El ox\u00edgeno envenena la atm\u00f3sfera de la Tierra y proliferan los organismos aer\u00f3bicos (\u201camantes del ox\u00edgeno\u201d).<\/p>\n<p style=\"text-align: justify;\">&#8211; 900-700 millones de a\u00f1os: Aparecen los animales, en su mayor\u00eda Platelmintos y medusas.<\/p>\n<p style=\"text-align: justify;\">&#8211; 600 millones de a\u00f1os: Primeros crust\u00e1ceos.<\/p>\n<p style=\"text-align: justify;\">&#8211; 500 millones de a\u00f1os: Primeros vertebrados.<\/p>\n<p style=\"text-align: justify;\">&#8211; 425 millones de a\u00f1os: La vida emigra a tierra seca.<\/p>\n<p style=\"text-align: justify;\">&#8211; 395 millones de a\u00f1os: Primeros Insectos.<\/p>\n<p style=\"text-align: justify;\">&#8211; 325 millones de a\u00f1os: Primeros vertebrados terrestres.<\/p>\n<p style=\"text-align: justify;\">&#8211; 200 millones de a\u00f1os: Primeros mam\u00edferos.<\/p>\n<p style=\"text-align: justify;\">&#8211; 180 millones de a\u00f1os: Norteam\u00e9rica se separa de \u00c1frica; g\u00e9nesis del Atl\u00e1ntico.<\/p>\n<p style=\"text-align: justify;\">&#8211; 100 millones de a\u00f1os: Hace medio a\u00f1o gal\u00e1ctico la Tierra daba al otro lado del Universo.<\/p>\n<p style=\"text-align: justify;\">&#8211; 70 millones de a\u00f1os:\u00a0 Evolucionan los preprimates.<\/p>\n<p style=\"text-align: justify;\">&#8211; 55 millones de a\u00f1os: Aparecen los primeros caballos.<\/p>\n<p style=\"text-align: justify;\">&#8211; 35 millones de a\u00f1os: Los primeros perros y gatos.<\/p>\n<p style=\"text-align: justify;\">&#8211; 24 millones de a\u00f1os: Aparecen los pastos.<\/p>\n<p style=\"text-align: justify;\">&#8211; 21 millones de a\u00f1os: Se separan los caminos evolutivos de los simios y los monos.<\/p>\n<p style=\"text-align: justify;\">&#8211; 20 millones de a\u00f1os: La Atm\u00f3sfera terrestre est\u00e1 a punto de obtener su composici\u00f1\u00f3n moderna.<\/p>\n<p style=\"text-align: justify;\">&#8211; 15 millones de a\u00f1os: La Ant\u00e1rtida se Hiela.<\/p>\n<p style=\"text-align: justify;\">&#8211; 11 millones de a\u00f1os: Proliferan los animales de pastoreo.<\/p>\n<p style=\"text-align: justify;\">&#8211; 5 millones de a\u00f1os: El hombre-mono se separa de la familia del chimpanc\u00e9.<\/p>\n<p style=\"text-align: justify;\">&#8211; 3,7 millones de a\u00f1os: El hombre-mono camina erguido.<\/p>\n<p style=\"text-align: justify;\">&#8211; 3,5 millones de a\u00f1os: Principio de la \u00faltima serie de glaciaciones.<\/p>\n<p style=\"text-align: justify;\">&#8211; 1,8 \u2013 1,7 millones de a\u00f1os: El Homo eructus, \u201cel primer hombre verdadero\u201d vive en China.<\/p>\n<p style=\"text-align: justify;\">&#8211; 600.000 a\u00f1os: Surge el Homo Sapiens.<\/p>\n<p style=\"text-align: justify;\">&#8211; 360.000 a\u00f1os: El uso controlado del fuego es com\u00fan entre el g\u00e9nero Homo.<\/p>\n<p style=\"text-align: justify;\">&#8211; 150.000 a\u00f1os: Presencia del mamut lanudo.<\/p>\n<p style=\"text-align: justify;\">&#8211; 100.000 a\u00f1os: Las estrellas adoptan las formas de las constelaciones modernas reconocibles.<\/p>\n<p style=\"text-align: justify;\">&#8211; 40.000 a\u00f1os: Invenci\u00f3n del lenguaje complejo; aparecen los seres humanos modernos.<\/p>\n<p style=\"text-align: justify;\">&#8211; 35.000 a\u00f1os: Desaparece el Hombre Neanderthal. Se construyen los primeros instrumentos musicales.<\/p>\n<p style=\"text-align: justify;\">&#8211; 20.000 \u2013 15.000 a\u00f1os: Se inventa la Agricultura.<\/p>\n<p style=\"text-align: justify;\">&#8211; 19.000 a\u00f1os: Empieza la poblaci\u00f3n de Am\u00e9rica.<\/p>\n<p style=\"text-align: justify;\">&#8211; 18.000 a\u00f1os: Los seres humanos cr\u00edan animales.<\/p>\n<p style=\"text-align: justify;\">&#8211; 14.000 a\u00f1os: Invenci\u00f3n de los anzuelos.<\/p>\n<p style=\"text-align: justify;\">&#8211; 13.000 a\u00f1os: Desarrollo de la Alfarer\u00eda.<\/p>\n<p style=\"text-align: justify;\">&#8211; 10.000 a\u00f1os: Comienza el cultivo de trigo y arroz.<\/p>\n<p style=\"text-align: justify;\">&#8211; 6.700 a\u00f1os: Entra en uso el primitivo calendario Babil\u00f3nico.<\/p>\n<p style=\"text-align: justify;\">&#8211; 6.500 a\u00f1os: se funde el cobre.<\/p>\n<p style=\"text-align: justify;\">&#8211; 6.200 a\u00f1os: Se emplea un calendario solar perfeccionado.<\/p>\n<p style=\"text-align: justify;\">&#8211; 5.600 a\u00f1os: Los primeros impuestos.<\/p>\n<p style=\"text-align: justify;\">5.500 a\u00f1os B.P.: Desarrollo de la escritura.<\/p>\n<p style=\"text-align: justify;\">(= 3.500 a\u00f1os a. C.)<\/p>\n<p style=\"text-align: justify;\">&#8211; 3.600 -3.400 a\u00f1os a.C.: En Per\u00fa y en M\u00e9xico se cultiva algod\u00f3n.<\/p>\n<p style=\"text-align: justify;\">&#8211; 2.500 a\u00f1os: Stonehenge.<\/p>\n<p style=\"text-align: justify;\">&#8211; 2.200 a\u00f1os: Surge la Astronom\u00eda sistem\u00e1tica en Egipto, Babilonia, la India y China.<\/p>\n<p style=\"text-align: justify;\">&#8211; 1.500 a\u00f1os: Se inventa el reloj de Sol en Egipto.<\/p>\n<p style=\"text-align: justify;\">&#8211; 1.000 a\u00f1os: Homero declama La Odisea.<\/p>\n<p style=\"text-align: justify;\">&#8211; 800 a\u00f1os: La cultura olmeca en M\u00e9xico.<\/p>\n<p style=\"text-align: justify;\">&#8211; 700 a\u00f1os: Hes\u00edodo escribe Los trabajos y los d\u00edas.<\/p>\n<p style=\"text-align: justify;\">&#8211; 650 a\u00f1os: Florece la cultura maya en Guatemala.<\/p>\n<p style=\"text-align: justify;\">&#8211; 600 a\u00f1os: Lao-tse, Confucio, Buda, Zoroastro, el Antiguo Testamento en hebreo.<\/p>\n<p style=\"text-align: justify;\">&#8211; 540 a\u00f1os: Pit\u00e1goras ense\u00f1a que \u201ctodo es n\u00famero\u201d y que la naturaleza es arm\u00f3nica.<\/p>\n<p style=\"text-align: justify;\">&#8211; 450 a\u00f1os: Leucipo y Dem\u00f3crito conjeturan que la materia est\u00e1 hecha de entidades indivisibles, los \u00e1tomos. Las paradojas de Zen\u00f3n plantean dudas sobre el concepto de lo infinitesimal.<\/p>\n<p style=\"text-align: justify;\">&#8211; 400 a\u00f1os: Plat\u00f3n ense\u00f1a que el mundo material s\u00f3lo es la sombra de una realidad geom\u00e9tricamente perfecta. Arist\u00f3teles y Euxodo especulan que el universo se compone de esferas cristalinas centradas en la Tierra.<\/p>\n<p style=\"text-align: justify;\">&#8211; 300 a\u00f1os: La geometr\u00eda de Euclides une la perfecci\u00f3n matem\u00e1tica al mundo de la experiencia.<\/p>\n<p style=\"text-align: justify;\">&#8211; 260 a\u00f1os: Aristarco de Samos adopta la hip\u00f3tesis de que la Tierra gira alrededor del Sol en un universo gigantesco.<\/p>\n<p style=\"text-align: justify;\">&#8211; 100 a\u00f1os: Claudio Tolomeo construye un complejo modelo cosmol\u00f3gico geoc\u00e9ntrico que \u201csalva las apariencias\u201d, es decir, hace predicciones razonablemente exactas a expensas de las pretensiones de representar la realidad f\u00edsica. Navegantes chinos llegan a la costa este de la India.<\/p>\n<p style=\"text-align: justify;\">&#8211; 60 a. C.: Lucrecio escribe De rerum natura (Sobre la naturaleza de las cosas), donde se muestra partidario de la cosmolog\u00eda epic\u00farea.<\/p>\n<p style=\"text-align: justify;\">Sigue en la parte II<\/p>\n<\/div>\n<div class='bookmark'>\r\n\t\t<table align='left' border='0' cellpadding='0' width='100%'>\r\n\t\t<tr><td><span class='pushbutton'><a href='http:\/\/delicious.com\/post?url=http%3A%2F%2Fwww.emiliosilveravazquez.com%2Fblog%2F2013%2F06%2F22%2Fbrebe-historia-del-universo-segun-timoty-ferris-i%2F&amp;title=Brebe+Historia+del+Universo+seg%C3%BAn+Timoty+Ferris+I' title='Delicious' target='_blank' rel='nofollow'><img src='http:\/\/www.emiliosilveravazquez.com\/blog\/wp-content\/plugins\/knxdt-bookmarks-wordpress-plugin\/images\/delicious.png'  alt='' class='book_img' border='none' style='margin:1px; padding: 0;'  \/><\/a><\/span><span class='pushbutton'><a href='http:\/\/digg.com\/submit?url=http%3A%2F%2Fwww.emiliosilveravazquez.com%2Fblog%2F2013%2F06%2F22%2Fbrebe-historia-del-universo-segun-timoty-ferris-i%2F&amp;title=Brebe+Historia+del+Universo+seg%C3%BAn+Timoty+Ferris+I' title='Digg' target='_blank' rel='nofollow'><img src='http:\/\/www.emiliosilveravazquez.com\/blog\/wp-content\/plugins\/knxdt-bookmarks-wordpress-plugin\/images\/digg.png'  alt='' class='book_img' border='none' style='margin:1px; padding: 0;'  \/><\/a><\/span><span class='pushbutton'><a href='http:\/\/www.google.com\/bookmarks\/mark?op=edit&amp;bkmk=http%3A%2F%2Fwww.emiliosilveravazquez.com%2Fblog%2F2013%2F06%2F22%2Fbrebe-historia-del-universo-segun-timoty-ferris-i%2F&amp;title=Brebe+Historia+del+Universo+seg%C3%BAn+Timoty+Ferris+I' title='Google' target='_blank' rel='nofollow'><img src='http:\/\/www.emiliosilveravazquez.com\/blog\/wp-content\/plugins\/knxdt-bookmarks-wordpress-plugin\/images\/google.png'   alt='' class='book_img' border='none' style='margin:1px; padding: 0;'  \/><\/a><\/span><span class='pushbutton'><a href='http:\/\/myweb2.search.yahoo.com\/myresults\/bookmarklet?u=http%3A%2F%2Fwww.emiliosilveravazquez.com%2Fblog%2F2013%2F06%2F22%2Fbrebe-historia-del-universo-segun-timoty-ferris-i%2F&amp;t=Brebe+Historia+del+Universo+seg%C3%BAn+Timoty+Ferris+I' title='Yahoo' target='_blank' rel='nofollow'><img src='http:\/\/www.emiliosilveravazquez.com\/blog\/wp-content\/plugins\/knxdt-bookmarks-wordpress-plugin\/images\/yahoo.png'  alt='' class='book_img' border='none' style='margin:1px; padding: 0;'  \/><\/a><\/span><span class='pushbutton'><a href='http:\/\/www.technorati.com\/faves?add=http%3A%2F%2Fwww.emiliosilveravazquez.com%2Fblog%2F2013%2F06%2F22%2Fbrebe-historia-del-universo-segun-timoty-ferris-i%2F' title='Technorati' target='_blank' rel='nofollow'><img src='http:\/\/www.emiliosilveravazquez.com\/blog\/wp-content\/plugins\/knxdt-bookmarks-wordpress-plugin\/images\/technorati.png'  alt='' class='book_img' border='none' style='margin:1px; padding: 0;'  \/><\/a><\/span><span class='pushbutton'><a href='http:\/\/meneame.net\/submit.php?url=http%3A%2F%2Fwww.emiliosilveravazquez.com%2Fblog%2F2013%2F06%2F22%2Fbrebe-historia-del-universo-segun-timoty-ferris-i%2F' title='Meneame' target='_blank' rel='nofollow'><img src='http:\/\/www.emiliosilveravazquez.com\/blog\/wp-content\/plugins\/knxdt-bookmarks-wordpress-plugin\/images\/meneame.png'  alt='' class='book_img' border='none' style='margin:1px; padding: 0;'  \/><\/a><\/span><span class='pushbutton'><a href='http:\/\/enchilame.com\/submit.php?url=http:\/\/www.emiliosilveravazquez.com\/blog\/2013\/06\/22\/brebe-historia-del-universo-segun-timoty-ferris-i\/' target='_blank' rel='nofollow'><img title='Enchilame' src='http:\/\/www.emiliosilveravazquez.com\/blog\/wp-content\/plugins\/knxdt-bookmarks-wordpress-plugin\/images\/enchilame.png'  alt='' class='book_img' border='none' style='margin:1px; padding: 0;'  \/><\/a><\/span><span class='pushbutton'><a href='http:\/\/www.blinklist.com\/index.php?Action=Blink\/addblink.php&amp;Description=&amp;Url=http%3A%2F%2Fwww.emiliosilveravazquez.com%2Fblog%2F2013%2F06%2F22%2Fbrebe-historia-del-universo-segun-timoty-ferris-i%2F&amp;title=Brebe+Historia+del+Universo+seg%C3%BAn+Timoty+Ferris+I' title='BlinkList' target='_blank' rel='nofollow'><img src='http:\/\/www.emiliosilveravazquez.com\/blog\/wp-content\/plugins\/knxdt-bookmarks-wordpress-plugin\/images\/blinklist.png'  alt='' class='book_img' border='none' style='margin:1px; padding: 0;'  \/><\/a><\/span><span class='pushbutton'><a href='http:\/\/reddit.com\/submit?url=http%3A%2F%2Fwww.emiliosilveravazquez.com%2Fblog%2F2013%2F06%2F22%2Fbrebe-historia-del-universo-segun-timoty-ferris-i%2F&amp;title=Brebe+Historia+del+Universo+seg%C3%BAn+Timoty+Ferris+I' title='Reddit' target='_blank' rel='nofollow'><img src='http:\/\/www.emiliosilveravazquez.com\/blog\/wp-content\/plugins\/knxdt-bookmarks-wordpress-plugin\/images\/reddit.png'  alt='' class='book_img' border='none' style='margin:1px; padding: 0;'  \/><\/a><\/span><span class='pushbutton'><a href='http:\/\/www.tecnologiadiaria.com\/2009\/07\/abrir-com-hotmail-correo.html' target='_blank' title='hotmail'><img src='http:\/\/www.emiliosilveravazquez.com\/blog\/wp-content\/plugins\/knxdt-bookmarks-wordpress-plugin\/images\/linklove.png' alt='hotmail correo' class='book_img' border='none' style='margin:1px; padding: 0;' \/><\/a><\/span><span class='pushbutton'><a href='http:\/\/bitacoras.com\/votar\/anotacion\/externo\/mini\/www.emiliosilveravazquez.com\/blog\/2013\/06\/22\/brebe-historia-del-universo-segun-timoty-ferris-i\/' title='Bitacoras.com' target='_blank' rel='nofollow'><img src='http:\/\/www.emiliosilveravazquez.com\/blog\/wp-content\/plugins\/knxdt-bookmarks-wordpress-plugin\/images\/bitacoras.png'  alt='' class='book_img' border='none' style='margin:1px; padding: 0;'  \/><\/a><\/span><span class='pushbutton'><a href='http:\/\/www.wikio.es\/vote?url=http%3A%2F%2Fwww.emiliosilveravazquez.com%2Fblog%2F2013%2F06%2F22%2Fbrebe-historia-del-universo-segun-timoty-ferris-i%2F' title='Wikio' target='_blank' rel='nofollow'><img src='http:\/\/www.emiliosilveravazquez.com\/blog\/wp-content\/plugins\/knxdt-bookmarks-wordpress-plugin\/images\/wikio.png'   alt='' class='book_img' border='none' style='margin:1px; padding: 0;'   \/><\/a><\/span><span class='pushbutton'><a href='http:\/\/friendfeed.com\/?url=http%3A%2F%2Fwww.emiliosilveravazquez.com%2Fblog%2F2013%2F06%2F22%2Fbrebe-historia-del-universo-segun-timoty-ferris-i%2F&amp;title=Brebe+Historia+del+Universo+seg%C3%BAn+Timoty+Ferris+I' title='Friend Feed' target='_blank' rel='nofollow'><img src='http:\/\/www.emiliosilveravazquez.com\/blog\/wp-content\/plugins\/knxdt-bookmarks-wordpress-plugin\/images\/friendfeed.png'  alt='' class='book_img' border='none' style='margin:1px; padding: 0;'  \/><\/a><\/span><span class='pushbutton'><a href='http:\/\/www.facebook.com\/share.php?u=http%3A%2F%2Fwww.emiliosilveravazquez.com%2Fblog%2F2013%2F06%2F22%2Fbrebe-historia-del-universo-segun-timoty-ferris-i%2F&amp;t=Brebe+Historia+del+Universo+seg%C3%BAn+Timoty+Ferris+I' title='Facebook' target='_blank' rel='nofollow'><img src='http:\/\/www.emiliosilveravazquez.com\/blog\/wp-content\/plugins\/knxdt-bookmarks-wordpress-plugin\/images\/facebook.png'  alt='' class='book_img' border='none' style='margin:1px; padding: 0;'  \/><\/a><\/span><span class='pushbutton'><a href='http:\/\/twitter.com\/home?status=Brebe+Historia+del+Universo+seg%C3%BAn+Timoty+Ferris+I: http%3A%2F%2Fwww.emiliosilveravazquez.com%2Fblog%2F2013%2F06%2F22%2Fbrebe-historia-del-universo-segun-timoty-ferris-i%2F' title='Twitter' target='_blank' rel='nofollow'><img src='http:\/\/www.emiliosilveravazquez.com\/blog\/wp-content\/plugins\/knxdt-bookmarks-wordpress-plugin\/images\/twitter.png'  alt='' class='book_img' border='none' style='margin:1px; padding: 0;'  \/><\/a><\/span><span class='pushbutton'><a href='http:\/\/www.feedburner.com\/fb\/a\/emailFlare?itemTitle=Brebe+Historia+del+Universo+seg%C3%BAn+Timoty+Ferris+I&amp;uri=http%3A%2F%2Fwww.emiliosilveravazquez.com%2Fblog%2F2013%2F06%2F22%2Fbrebe-historia-del-universo-segun-timoty-ferris-i%2F' title='Enviar por Email' target='_blank' rel='nofollow'><img src='http:\/\/www.emiliosilveravazquez.com\/blog\/wp-content\/plugins\/knxdt-bookmarks-wordpress-plugin\/images\/email.png'  alt='' class='book_img' border='none' style='margin:1px; padding: 0;'  \/><\/a><\/span><span style='font-weight:bold; padding-left: 5px;'><a href='http:\/\/wordpress.org\/extend\/plugins\/knxdt-bookmarks-wordpress-plugin\/' title='Plugin' rel='nofollow' target='_blank'>[?]<\/a><\/span><\/td><\/tr><\/table><br\/><br\/><\/div>","protected":false},"excerpt":{"rendered":"<p>He creido que no estar\u00eda mal recordar de nuevo aquel viaje al pasado para asomarnos a los acontecimientos que tuvieron lugar para que, ahora, estemos nosotros aqu\u00ed. Al buscar c\u00f3mo lo podr\u00eda hacer para que fuese reducido y did\u00e1ctico, ca\u00ed en la cuenta de que, en el Libro de Timothy Ferris, La Aventura del Universo, [&hellip;]<\/p>\n","protected":false},"author":2,"featured_media":0,"comment_status":"open","ping_status":"open","sticky":false,"template":"","format":"standard","meta":{"_s2mail":"yes","footnotes":""},"categories":[1],"tags":[],"_links":{"self":[{"href":"http:\/\/www.emiliosilveravazquez.com\/blog\/wp-json\/wp\/v2\/posts\/9028"}],"collection":[{"href":"http:\/\/www.emiliosilveravazquez.com\/blog\/wp-json\/wp\/v2\/posts"}],"about":[{"href":"http:\/\/www.emiliosilveravazquez.com\/blog\/wp-json\/wp\/v2\/types\/post"}],"author":[{"embeddable":true,"href":"http:\/\/www.emiliosilveravazquez.com\/blog\/wp-json\/wp\/v2\/users\/2"}],"replies":[{"embeddable":true,"href":"http:\/\/www.emiliosilveravazquez.com\/blog\/wp-json\/wp\/v2\/comments?post=9028"}],"version-history":[{"count":0,"href":"http:\/\/www.emiliosilveravazquez.com\/blog\/wp-json\/wp\/v2\/posts\/9028\/revisions"}],"wp:attachment":[{"href":"http:\/\/www.emiliosilveravazquez.com\/blog\/wp-json\/wp\/v2\/media?parent=9028"}],"wp:term":[{"taxonomy":"category","embeddable":true,"href":"http:\/\/www.emiliosilveravazquez.com\/blog\/wp-json\/wp\/v2\/categories?post=9028"},{"taxonomy":"post_tag","embeddable":true,"href":"http:\/\/www.emiliosilveravazquez.com\/blog\/wp-json\/wp\/v2\/tags?post=9028"}],"curies":[{"name":"wp","href":"https:\/\/api.w.org\/{rel}","templated":true}]}}