{"id":900,"date":"2010-05-20T08:47:47","date_gmt":"2010-05-20T06:47:47","guid":{"rendered":"http:\/\/www.emiliosilveravazquez.com\/blog\/?p=900"},"modified":"2010-05-20T08:47:43","modified_gmt":"2010-05-20T06:47:43","slug":"ano-internacional-de-la-astronomia-2009-en-espana-aia-iya2009-56","status":"publish","type":"post","link":"http:\/\/www.emiliosilveravazquez.com\/blog\/2010\/05\/20\/ano-internacional-de-la-astronomia-2009-en-espana-aia-iya2009-56\/","title":{"rendered":"\u00bfComo se curva el espacio-tiempo?"},"content":{"rendered":"<p style=\"margin: 18pt 0cm 7pt; text-indent: 28pt; line-height: 15pt; text-align: justify; mso-outline-level: 1; mso-para-margin-top: 1.5gd; mso-line-height-rule: exactly; mso-char-indent-count: 2.0; mso-para-margin-right: 0cm; mso-para-margin-bottom: 7.0pt; mso-para-margin-left: 0cm;\"><strong style=\"mso-bidi-font-weight: normal;\">Curvatura del Espacio-Tiempo<\/strong><\/p>\n<p style=\"margin: 18pt 0cm 7pt; text-indent: 24pt; line-height: 15pt; text-align: justify; mso-outline-level: 1; mso-para-margin-top: 1.5gd; mso-line-height-rule: exactly; mso-char-indent-count: 2.0; mso-para-margin-right: 0cm; mso-para-margin-bottom: 7.0pt; mso-para-margin-left: 0cm;\">Hay que entender que el espacio-tiempo es la descripci\u00f3n en cuatro dimensiones del universo en la que la posici\u00f3n de un objeto se especifica por tres coordenadas en el espacio y una en el tiempo.<\/p>\n<p style=\"margin: 18pt 0cm 7pt; text-indent: 24pt; line-height: 15pt; text-align: justify; mso-outline-level: 1; mso-para-margin-top: 1.5gd; mso-line-height-rule: exactly; mso-char-indent-count: 2.0; mso-para-margin-right: 0cm; mso-para-margin-bottom: 7.0pt; mso-para-margin-left: 0cm;\">De acuerdo con la <a href=\"#\" onclick=\"referencia('relatividad',event); return false;\">relatividad<\/a> especial, no existe un tiempo absoluto que pueda ser medido con independencia del observador, de manera que eventos simult\u00e1neos para un observador ocurren en instantes diferentes vistos desde otro lugar. El tiempo puede ser medido, por tanto, de manera relativa, como lo son las posiciones en el espacio (Euclides) tridimensional, y esto puede conseguirse mediante el concepto de espacio-tiempo. La trayectoria de un objeto en el espacio-tiempo se denomina por el nombre de <em style=\"mso-bidi-font-style: normal;\"><a href=\"#\" onclick=\"referencia('linea de universo',event); return false;\">l\u00ednea de universo<\/a><\/em>. La <a href=\"#\" onclick=\"referencia('relatividad',event); return false;\">relatividad<\/a> general nos explica lo que es un espacio-tiempo curvo con las posiciones y movimientos de las part\u00edculas de materia.<\/p>\n<p style=\"margin: 18pt 0cm 7pt; text-indent: 24pt; line-height: 15pt; text-align: justify; mso-outline-level: 1; mso-para-margin-top: 1.5gd; mso-line-height-rule: exactly; mso-char-indent-count: 2.0; mso-para-margin-right: 0cm; mso-para-margin-bottom: 7.0pt; mso-para-margin-left: 0cm;\">La curvatura del espacio-tiempo es la propiedad del espacio-tiempo en la que las leyes familiares de la geometr\u00eda no son aplicables en regiones donde los campos gravitatorios son intensos. La <a href=\"#\" onclick=\"referencia('relatividad',event); return false;\">relatividad<\/a> general de <a href=\"#\" onclick=\"referencia('einstein',event); return false;\">Einstein<\/a>, nos explica y demuestra que el espacio-tiempo est\u00e1 \u00edntimamente relacionado con la distribuci\u00f3n de materia en el universo, y nos dice que el espacio se curva en presencia de masas considerables como planetas, estrellas o galaxias (entre otros).<\/p>\n<p><!--more--><\/p>\n<p style=\"margin: 18pt 0cm 7pt; text-indent: 24pt; line-height: 15pt; text-align: justify; mso-outline-level: 1; mso-para-margin-top: 1.5gd; mso-line-height-rule: exactly; mso-char-indent-count: 2.0; mso-para-margin-right: 0cm; mso-para-margin-bottom: 7.0pt; mso-para-margin-left: 0cm;\">En un espacio de s\u00f3lo dos dimensiones, como una l\u00e1mina de goma plana, la geometr\u00eda de Euclides se aplica de manera que la suma de los \u00e1ngulos internos de un tri\u00e1ngulo en la l\u00e1mina es de 180\u00b0. Si colocamos un objeto masivo sobre la l\u00e1mina de goma, la l\u00e1mina se distorsionar\u00e1 y los caminos de los objetos que se muevan sobre ella se curvaran. Esto es, en esencia, lo que ocurre en <a href=\"#\" onclick=\"referencia('relatividad',event); return false;\">relatividad<\/a> general.<\/p>\n<p style=\"margin: 18pt 0pt 7pt 0cm; text-indent: 24pt; line-height: 15pt; text-align: justify; mso-outline-level: 1; mso-para-margin-top: 1.5gd; mso-line-height-rule: exactly; mso-para-margin-right: -.03gd; mso-para-margin-bottom: 7.0pt; mso-para-margin-left: 0cm;\">En los modelos cosmol\u00f3gicos m\u00e1s sencillos basados en los modelos de Friedmann, la curvatura de espacio-tiempo est\u00e1 relacionada simplemente con la densidad media de la materia, y se describe por una funci\u00f3n matem\u00e1tica denominada m\u00e9trica de Robertson-Walker. Si un universo tiene una densidad mayor que la <a href=\"#\" onclick=\"referencia('densidad critica',event); return false;\">densidad cr\u00edtica<\/a>, se dice que tiene curvatura positiva, queriendo decir que el espacio-tiempo est\u00e1 curvado sobre s\u00ed mismo, como la superficie de una esfera; la suma de los \u00e1ngulos de un tri\u00e1ngulo que se dibuje sobre la esfera es entonces mayor que 180\u00b0. Dicho universo ser\u00eda infinito y se expandir\u00eda para siempre, es el universo abierto. Un universo de <a href=\"#\" onclick=\"referencia('einstein',event); return false;\">Einstein<\/a>-de Sitter tiene <a href=\"#\" onclick=\"referencia('densidad critica',event); return false;\">densidad cr\u00edtica<\/a> exacta y es, por consiguiente, espacialmente plano (euclideo) infinito en el espacio y en el tiempo.<\/p>\n<p style=\"margin: 18pt 0cm 7pt; text-indent: 24pt; line-height: 15pt; text-align: justify; mso-outline-level: 1; mso-para-margin-top: 1.5gd; mso-char-indent-count: 2.0; mso-para-margin-right: 0cm; mso-para-margin-bottom: 7.0pt; mso-para-margin-left: 0cm;\">Hemos mencionado antes la <a href=\"#\" onclick=\"referencia('relatividad',event); return false;\">relatividad<\/a> del tiempo que para el mismo suceso ser\u00e1 distinto en funci\u00f3n de qui\u00e9n sea el que cronometre; por ejemplo, el tiempo transcurre m\u00e1s despacio para el astronauta que en nave espacial viaja a velocidades pr\u00f3ximas a <em style=\"mso-bidi-font-style: normal;\">c<\/em>, la velocidad de la luz. Seg\u00fan la teor\u00eda de la <a href=\"#\" onclick=\"referencia('relatividad',event); return false;\">relatividad<\/a> especial de <a href=\"#\" onclick=\"referencia('einstein',event); return false;\">Einstein<\/a>, en el caso antes se\u00f1alado, el tiempo del astronauta viajero avanza m\u00e1s lentamente en un factor que denotamos con la ecuaci\u00f3n <img decoding=\"async\" loading=\"lazy\" class=\"alignnone size-medium wp-image-467\" title=\"variacion_tiempo\" src=\"http:\/\/www.emiliosilveravazquez.com\/blog\/wp-content\/uploads\/2008\/07\/variacion_tiempo.gif\" border=\"0\" alt=\"\" width=\"52\" height=\"19\" \/>, cuando lo mide un sistema de referencia que viaja a una velocidad <em style=\"mso-bidi-font-style: normal;\">v<\/em> relativa al otro sistema de referencia; <em style=\"mso-bidi-font-style: normal;\">c<\/em> es la velocidad de la luz. Este principio ha sido verificado de muchas maneras; por ejemplo, comparando las vidas medias de los <a href=\"#\" onclick=\"referencia('muon',event); return false;\">muones<\/a> r\u00e1pidos, que aumentan con la velocidad de las part\u00edculas en una cantidad predicha en este factor de la anterior ecuaci\u00f3n.<\/p>\n<p style=\"margin: 18pt 0cm 7pt; text-indent: 24pt; line-height: 15pt; text-align: justify; mso-outline-level: 1; mso-para-margin-top: 1.5gd; mso-line-height-rule: exactly; mso-char-indent-count: 2.0; mso-para-margin-right: 0cm; mso-para-margin-bottom: 7.0pt; mso-para-margin-left: 0cm;\">Un ejemplo sencillo de la dilataci\u00f3n del tiempo es la conocida paradoja de los gemelos. Uno viaja al espacio y el otro lo espera en la Tierra. El primero hace un viaje a la velocidad de la luz hasta Alfa de Centauri y regresa. Cuando baja de la nave espacial, tiene 8&#8217;6 a\u00f1os m\u00e1s que cuando parti\u00f3 de la Tierra. Sin embargo, el segundo gemelo que esper\u00f3 en el planeta Tierra, al regreso de su hermano, era ya un viejo jubilado. El tiempo transcurrido hab\u00eda pasado m\u00e1s lento para el gemelo viajero.<\/p>\n<p style=\"margin: 18pt 0cm 7pt; text-indent: 24pt; line-height: 15pt; text-align: justify; mso-outline-level: 1; mso-para-margin-top: 1.5gd; mso-line-height-rule: exactly; mso-char-indent-count: 2.0; mso-para-margin-right: 0cm; mso-para-margin-bottom: 7.0pt; mso-para-margin-left: 0cm;\">Otra curiosidad de la <a href=\"#\" onclick=\"referencia('relatividad',event); return false;\">relatividad<\/a> especial es la que expres\u00f3 <a href=\"#\" onclick=\"referencia('einstein',event); return false;\">Einstein<\/a> mediante su famosa f\u00f3rmula de E = mc<sup>2<\/sup>, que nos viene a decir que masa y energ\u00eda son dos aspectos de una misma cosa. Podr\u00edamos considerar que la masa (materia), es energ\u00eda congelada. La bomba at\u00f3mica demuestra la certeza de esta ecuaci\u00f3n.<\/p>\n<p style=\"margin: 18pt 0cm 7pt; text-indent: 24pt; line-height: 15pt; text-align: justify; mso-outline-level: 1; mso-para-margin-top: 1.5gd; mso-line-height-rule: exactly; mso-char-indent-count: 2.0; mso-para-margin-right: 0cm; mso-para-margin-bottom: 7.0pt; mso-para-margin-left: 0cm;\">El gr\u00e1fico de la p\u00e1gina anterior, que es una muestra de las tres posibles maneras en que puede estar conformado nuestro universo, depender\u00e1 finalmente, de la densidad critica.<\/p>\n<p style=\"margin: 18pt 0cm 7pt; text-indent: 24pt; line-height: 15pt; text-align: justify; mso-outline-level: 1; mso-para-margin-top: 1.5gd; mso-line-height-rule: exactly; mso-char-indent-count: 2.0; mso-para-margin-right: 0cm; mso-para-margin-bottom: 7.0pt; mso-para-margin-left: 0cm;\">La <em style=\"mso-bidi-font-style: normal;\"><a href=\"#\" onclick=\"referencia('densidad critica',event); return false;\">densidad cr\u00edtica<\/a><\/em> est\u00e1 referida a la densidad media de materia requerida para que la gravedad detenga la expansi\u00f3n de nuestro universo. As\u00ed que si la densidad es baja se expandir\u00e1 para siempre, mientras que una densidad muy alta colapsar\u00e1 finalmente. Si tiene exactamente la <a href=\"#\" onclick=\"referencia('densidad critica',event); return false;\">densidad cr\u00edtica<\/a> ideal, de alrededor de 10<sup>-29<\/sup> g\/cm<sup>3<\/sup>, es descrito por el modelo al que antes nos referimos conocido como de <a href=\"#\" onclick=\"referencia('einstein',event); return false;\">Einstein<\/a>-de Sitter, que se encuentra en la l\u00ednea divisoria de estos dos extremos. La densidad media de materia que puede ser observada directamente en nuestro universo representa s\u00f3lo el 20% del valor cr\u00edtico. Puede haber, sin embargo, una gran cantidad de <a href=\"#\" onclick=\"referencia('materia oscura',event); return false;\">materia oscura<\/a> que elevar\u00eda la densidad hasta el valor cr\u00edtico. Las teor\u00edas de universo inflacionario predicen que la densidad presente deber\u00eda ser muy aproximada a la <a href=\"#\" onclick=\"referencia('densidad critica',event); return false;\">densidad cr\u00edtica<\/a>; estas teor\u00edas requieren la existencia de <a href=\"#\" onclick=\"referencia('materia oscura',event); return false;\">materia oscura<\/a>.<\/p>\n<p style=\"margin: 18pt 0cm 7pt; text-indent: 24pt; line-height: 15pt; text-align: justify; mso-outline-level: 1; mso-para-margin-top: 1.5gd; mso-line-height-rule: exactly; mso-char-indent-count: 2.0; mso-para-margin-right: 0cm; mso-para-margin-bottom: 7.0pt; mso-para-margin-left: 0cm;\">Conforme a lo antes dicho, la densidad media de materia est\u00e1 referida al hecho de distribuir de manera uniforme toda la materia contenida en las galaxias a lo largo de todo el universo. Aunque las estrellas y los planetas son m\u00e1s densos que el agua (alrededor de 1 g\/cm<sup>3<\/sup>), la densidad media cosmol\u00f3gica es extremadamente baja, como se dijo antes, unos 10<sup>-29<\/sup> g\/cm<sup>3<\/sup>, o 10<sup>-5<\/sup> \u00e1tomos\/cm<sup>3<\/sup>, ya que el universo est\u00e1 formado casi exclusivamente de espacios vac\u00edos, virtualmente vac\u00edos, entre las galaxias. La densidad media es la que determinar\u00e1 si el universo se expandir\u00e1 o no para siempre.<\/p>\n<p style=\"margin: 18pt 0cm 7pt; text-indent: 24pt; line-height: 15pt; text-align: justify; mso-outline-level: 1; mso-para-margin-top: 1.5gd; mso-line-height-rule: exactly; mso-char-indent-count: 2.0; mso-para-margin-right: 0cm; mso-para-margin-bottom: 7.0pt; mso-para-margin-left: 0cm;\">En presencia de grandes masas de materia, tales como planetas, estrellas y galaxias, est\u00e1 presente el fen\u00f3meno descrito por <a href=\"#\" onclick=\"referencia('einstein',event); return false;\">Einstein<\/a> en su teor\u00eda de la <a href=\"#\" onclick=\"referencia('relatividad',event); return false;\">relatividad<\/a> general, la curvatura del espacio-tiempo, eso que conocemos como gravedad, una fuerza de atracci\u00f3n que act\u00faa entre todos los cuerpos y cuya intensidad depende de las masas y de las distancias que los separan; la <a href=\"#\" onclick=\"referencia('fuerza gravitacional',event); return false;\">fuerza gravitacional<\/a> disminuye con el cuadrado. La gravitaci\u00f3n es la m\u00e1s d\u00e9bil de las cuatro fuerzas fundamentales de la naturaleza. Isaac <a href=\"#\" onclick=\"referencia('newton',event); return false;\">Newton<\/a> formul\u00f3 las leyes de la atracci\u00f3n gravitacional y mostr\u00f3 que un cuerpo se comporta gravitacionalmente como si toda su masa estuviera concentrada en su centro de gravedad. As\u00ed, pues, la <a href=\"#\" onclick=\"referencia('fuerza gravitacional',event); return false;\">fuerza gravitacional<\/a> act\u00faa a lo largo de la l\u00ednea que une los centros de gravedad de las dos masas (como la Tierra y la Luna, por ejemplo).<\/p>\n<p style=\"margin: 18pt 0cm 7pt; text-indent: 24pt; line-height: 15pt; text-align: justify; mso-outline-level: 1; mso-para-margin-top: 1.5gd; mso-line-height-rule: exactly; mso-char-indent-count: 2.0; mso-para-margin-right: 0cm; mso-para-margin-bottom: 7.0pt; mso-para-margin-left: 0cm;\">En la teor\u00eda de la <a href=\"#\" onclick=\"referencia('relatividad',event); return false;\">relatividad<\/a> general, la gravitaci\u00f3n se interpreta como una distorsi\u00f3n del espacio que se forma alrededor de la masa que provoca dicha distorsi\u00f3n, cuya importancia ir\u00eda en funci\u00f3n de la importancia de la masa que distorsiona el espacio que, en el caso de estrellas con gran volumen y densidad, tendr\u00e1n una importancia considerable, igualmente, la fuerza de gravedad de planetas, sat\u00e9lites y grandes objetos cosmol\u00f3gicos, es importante.<\/p>\n<p style=\"margin: 18pt 0cm 7pt; text-indent: 24pt; line-height: 15pt; text-align: justify; mso-outline-level: 1; mso-para-margin-top: 1.5gd; mso-line-height-rule: exactly; mso-char-indent-count: 2.0; mso-para-margin-right: 0cm; mso-para-margin-bottom: 7.0pt; mso-para-margin-left: 0cm;\">Esta fuerza es la responsable de tener cohexionado a todo el universo, de hacer posible que existan las galaxias, los sistemas solares y que nosotros mismos tengamos bien asentados los pies a la superficie de nuestro planeta Tierra, cuya gravedad tira de nosotros para que as\u00ed sea.<\/p>\n<p style=\"margin: 18pt 0cm 7pt; text-indent: 24pt; line-height: 15pt; text-align: justify; mso-outline-level: 1; mso-para-margin-top: 1.5gd; mso-line-height-rule: exactly; mso-char-indent-count: 2.0; mso-para-margin-right: 0cm; mso-para-margin-bottom: 7.0pt; mso-para-margin-left: 0cm;\">No obstante, a escala at\u00f3mica la <a href=\"#\" onclick=\"referencia('fuerza gravitacional',event); return false;\">fuerza gravitacional<\/a> resulta ser unos 10<sup>40<\/sup> veces m\u00e1s d\u00e9bil que la fuerza de atracci\u00f3n electromagn\u00e9tica, muy potente en el \u00e1mbito de la mec\u00e1nica cu\u00e1ntica donde las masas de las part\u00edculas son tan enormemente peque\u00f1as que la gravedad es despreciable.<\/p>\n<p style=\"margin: 18pt 0cm 7pt; text-indent: 24pt; line-height: 15pt; text-align: justify; mso-outline-level: 1; mso-para-margin-top: 1.5gd; mso-line-height-rule: exactly; mso-char-indent-count: 2.0; mso-para-margin-right: 0cm; mso-para-margin-bottom: 7.0pt; mso-para-margin-left: 0cm;\">La gravitaci\u00f3n cu\u00e1ntica es la teor\u00eda en la que las interacciones gravitacionales entre los cuerpos son descritas por el intercambio de part\u00edculas elementales hipot\u00e9ticas denominadas <a href=\"#\" onclick=\"referencia('graviton',event); return false;\">gravitones<\/a>. El <a href=\"#\" onclick=\"referencia('graviton',event); return false;\">gravit\u00f3n<\/a> es el cuanto del campo gravitacional. Los <a href=\"#\" onclick=\"referencia('graviton',event); return false;\">gravitones<\/a> no han sido observados, aunque se presume que existen por analog\u00eda a los <a href=\"#\" onclick=\"referencia('foton',event); return false;\">fotones<\/a> de luz.<\/p>\n<p style=\"margin: 18pt 0cm 7pt; text-indent: 24pt; line-height: 15pt; text-align: justify; mso-outline-level: 1; mso-para-margin-top: 1.5gd; mso-line-height-rule: exactly; mso-char-indent-count: 2.0; mso-para-margin-right: 0cm; mso-para-margin-bottom: 7.0pt; mso-para-margin-left: 0cm;\">La teor\u00eda cu\u00e1ntica es un ejemplo de talento que debemos al f\u00edsico alem\u00e1n Max Planck (1.858 &#8211; 1.947) que, en el a\u00f1o 1.900 para explicar la emisi\u00f3n de radiaci\u00f3n de cuerpo negro de cuerpos calientes, dijo que la energ\u00eda se emite en <em style=\"mso-bidi-font-style: normal;\">cuantos<\/em>, cada uno de los cuales tiene una energ\u00eda igual a <em style=\"mso-bidi-font-style: normal;\">hv<\/em>, donde <em style=\"mso-bidi-font-style: normal;\">h<\/em> es la <a href=\"#\" onclick=\"referencia('planck constante de',event); return false;\">constante de Planck<\/a> (E = hv o \u0127 = h\/2\u03c0) y <em style=\"mso-bidi-font-style: normal;\">v<\/em> es la frecuencia de la radiaci\u00f3n. Esta teor\u00eda condujo a la teor\u00eda moderna de la interacci\u00f3n entre materia y radiaci\u00f3n conocida como mec\u00e1nica cu\u00e1ntica, que generaliza y reemplaza a la mec\u00e1nica cl\u00e1sica y a la teor\u00eda electromagn\u00e9tica de Maxwell.\u00a0 En la teor\u00eda cu\u00e1ntica no relativista se supone que las part\u00edculas no son creadas ni destruidas, que se mueven despacio con respecto a la velocidad de la luz y que tienen una masa que no cambia con la velocidad. Estas suposiciones se aplican a los fen\u00f3menos at\u00f3micos y moleculares y a algunos aspectos de la f\u00edsica nuclear. La teor\u00eda cu\u00e1ntica relativista se aplica a part\u00edculas que viajan cerca de la velocidad de la luz, como por ejemplo, el <a href=\"#\" onclick=\"referencia('foton',event); return false;\">fot\u00f3n<\/a>.<\/p>\n<p style=\"margin: 18pt 0cm 7pt; text-indent: 24pt; line-height: 15pt; text-align: justify; mso-outline-level: 1; mso-para-margin-top: 1.5gd; mso-line-height-rule: exactly; mso-char-indent-count: 2.0; mso-para-margin-right: 0cm; mso-para-margin-bottom: 7.0pt; mso-para-margin-left: 0cm;\">Por haberlo mencionado antes me veo obligado a explicar brevemente el significado de &#8220;cuerpo negro&#8221;, que est\u00e1 referido a un cuerpo hipot\u00e9tico que absorbe toda la radiaci\u00f3n que incide sobre \u00e9l. Tiene, por tanto, una absortancia y una emisividad de 1. Mientras que un aut\u00e9ntico cuerpo negro es un concepto imaginario, un peque\u00f1o agujero en la pared de un recinto a temperatura uniforme es la mejor aproximaci\u00f3n que se puede tener de \u00e9l en la pr\u00e1ctica.<\/p>\n<p style=\"margin: 18pt 0cm 7pt; text-indent: 24pt; line-height: 15pt; text-align: justify; mso-outline-level: 1; mso-para-margin-top: 1.5gd; mso-line-height-rule: exactly; mso-char-indent-count: 2.0; mso-para-margin-right: 0cm; mso-para-margin-bottom: 7.0pt; mso-para-margin-left: 0cm;\">La radiaci\u00f3n de cuerpo negro es la radiaci\u00f3n electromagn\u00e9tica emitida por un cuerpo negro. Se extiende sobre todo el rango de longitudes de onda y la distribuci\u00f3n de energ\u00eda sobre este rango tiene una forma caracter\u00edstica con un m\u00e1ximo en una cierta longitud de onda, desplaz\u00e1ndose a longitudes de onda m\u00e1s cortas al aumento de temperaturas (ley de desplazamiento de Wien).<\/p>\n<p style=\"margin: 18pt 0cm 7pt; text-indent: 24pt; line-height: 15pt; text-align: justify; mso-outline-level: 1; mso-para-margin-top: 1.5gd; mso-line-height-rule: exactly; mso-char-indent-count: 2.0; mso-para-margin-right: 0cm; mso-para-margin-bottom: 7.0pt; mso-para-margin-left: 0cm;\">No puedo continuar adelante sin explicar aqu\u00ed lo que son las part\u00edculas elementales como &#8220;constituyentes fundamentales&#8221; de toda la materia del universo.<\/p>\n<p style=\"margin: 18pt 0cm 7pt; text-indent: 24pt; line-height: 15pt; text-align: justify; mso-outline-level: 1; mso-para-margin-top: 1.5gd; mso-line-height-rule: exactly; mso-char-indent-count: 2.0; mso-para-margin-right: 0cm; mso-para-margin-bottom: 7.0pt; mso-para-margin-left: 0cm;\">Hasta el descubrimiento del <a href=\"#\" onclick=\"referencia('electron',event); return false;\">electr\u00f3n<\/a> por J. J. Thomson en 1.897, se pensaba que los \u00e1tomos eran los constituyentes fundamentales de la materia, como hab\u00eda postulado 400 a\u00f1os a. de C. Dem\u00f3crito de Abdera. Pero el hallazgo de Thomson, junto al de Rutherford del n\u00facleo at\u00f3mico y del <a href=\"#\" onclick=\"referencia('proton',event); return false;\">prot\u00f3n<\/a> en 1.911, hizo evidente que los \u00e1tomos no eran elementales, en el sentido de que tienen estructura interna. El descubrimiento de Chadwick del <a href=\"#\" onclick=\"referencia('neutron',event); return false;\">neutr\u00f3n<\/a> en 1.932 complet\u00f3 el modelo at\u00f3mico basado en el n\u00facleo at\u00f3mico consistente en <a href=\"#\" onclick=\"referencia('proton',event); return false;\">protones<\/a> y <a href=\"#\" onclick=\"referencia('neutron',event); return false;\">neutrones<\/a> rodeados de un n\u00famero suficiente de <a href=\"#\" onclick=\"referencia('electron',event); return false;\">electrones<\/a> como para equilibrar la carga nuclear. Sin embargo, no explicaba la gran estabilidad del n\u00facleo, que claramente no pod\u00eda mantenerse unido por una interacci\u00f3n electromagn\u00e9tica, pues el <a href=\"#\" onclick=\"referencia('neutron',event); return false;\">neutr\u00f3n<\/a> no tiene carga el\u00e9ctrica.\u00a0 En 1.935, Yukawa sugiri\u00f3 que la fuerza de intercambio que lo manten\u00eda junto estaba mediada por part\u00edculas de vida corta, llamadas <a href=\"#\" onclick=\"referencia('mesones',event); return false;\">mesones<\/a>, que saltaban de un <a href=\"#\" onclick=\"referencia('proton',event); return false;\">prot\u00f3n<\/a> a un <a href=\"#\" onclick=\"referencia('neutron',event); return false;\">neutr\u00f3n<\/a> y hacia atr\u00e1s de nuevo. Este concepto dio lugar al descubrimiento de las interacciones fuertes y de las interacciones d\u00e9biles, dando un total de cuatro interacciones fundamentales.<\/p>\n<p style=\"margin: 18pt 0cm; text-indent: 24pt; line-height: 15pt; text-align: justify; mso-outline-level: 1; mso-para-margin-top: 1.5gd; mso-line-height-rule: exactly; mso-char-indent-count: 2.0; mso-para-margin-right: 0cm; mso-para-margin-bottom: 18.0pt; mso-para-margin-left: 0cm;\">Tambi\u00e9n dio lugar al descubrimiento de unas 200 part\u00edculas &#8220;elementales&#8221; de vida corta, algunas de las cuales eran claramente m\u00e1s elementales que las otras. En la clasificaci\u00f3n actual existen dos clases principales de part\u00edculas<\/p>\n<table style=\"margin: auto auto auto 14.4pt; border-collapse: collapse; mso-border-alt: solid windowtext .5pt; mso-yfti-tbllook: 480; mso-padding-alt: 0cm 5.4pt 0cm 5.4pt; mso-border-insideh: .5pt solid windowtext; mso-border-insidev: .5pt solid windowtext;\" border=\"1\" cellspacing=\"0\" cellpadding=\"0\">\n<tbody>\n<tr style=\"height: 52.2pt;\">\n<td style=\"padding: 0cm 5.4pt; width: 66.5pt; height: 52.2pt; background-color: transparent; border: 1pt solid windowtext;\" width=\"89\">\n<p style=\"margin: 0cm 0cm 0pt; mso-outline-level: 1;\"><strong style=\"mso-bidi-font-weight: normal;\">Leptones<\/strong>:<\/p>\n<\/td>\n<td style=\"border-right: 1pt solid windowtext; padding: 0cm 5.4pt; width: 295.2pt; height: 52.2pt; background-color: transparent; border: 1pt 1pt 1pt medium solid solid solid none windowtext windowtext windowtext #ffffff;\" colspan=\"2\" width=\"394\">\n<p style=\"margin: 0cm 0cm 0pt; text-indent: 1.7pt; text-align: justify; mso-outline-level: 1; mso-char-indent-count: .14;\">Electr\u00f3n, <a href=\"#\" onclick=\"referencia('muon',event); return false;\">mu\u00f3n<\/a>, <a href=\"#\" onclick=\"referencia('particula tau',event); return false;\">tau<\/a> y sus <a href=\"#\" onclick=\"referencia('neutrinos',event); return false;\">neutrinos<\/a>, que interaccionan tanto con las interacciones electromagn\u00e9ticas como con la interacci\u00f3n d\u00e9bil y que no tienen estructura interna aparente.<\/p>\n<\/td>\n<\/tr>\n<tr style=\"height: 17.35pt;\">\n<td style=\"border-right: 1pt solid windowtext; padding: 0cm 5.4pt; width: 66.5pt; height: 17.35pt; background-color: transparent; border: medium 1pt 1pt none solid solid #ffffff windowtext windowtext;\" rowspan=\"2\" width=\"89\">\n<p style=\"margin: 0cm 0cm 0pt; text-indent: 1.7pt; mso-outline-level: 1; mso-char-indent-count: .14;\"><strong style=\"mso-bidi-font-weight: normal;\">Hadrones:<\/strong><\/p>\n<\/td>\n<td style=\"border-right: 1pt solid windowtext; padding: 0cm 5.4pt; width: 61.2pt; height: 17.35pt; background-color: transparent; border: medium 1pt 1pt medium none solid solid none #ffffff windowtext windowtext #ffffff;\" width=\"82\">\n<p style=\"margin: 0cm 0cm 0pt; text-indent: 1.7pt; mso-outline-level: 1; mso-char-indent-count: .14;\"><strong style=\"mso-bidi-font-weight: normal;\"><em style=\"mso-bidi-font-style: normal;\">Bariones:<\/em><\/strong><\/p>\n<\/td>\n<td style=\"border-right: 1pt solid windowtext; padding: 0cm 5.4pt; width: 234pt; height: 17.35pt; background-color: transparent; border: medium 1pt 1pt medium none solid solid none #ffffff windowtext windowtext #ffffff;\" width=\"312\">\n<p style=\"margin: 0cm 0cm 0pt; text-indent: 1.7pt; mso-outline-level: 1; mso-char-indent-count: .14;\">Protones, <a href=\"#\" onclick=\"referencia('neutron',event); return false;\">neutrones<\/a>, <a href=\"#\" onclick=\"referencia('lambda',event); return false;\">lambda<\/a>, signa, <a href=\"#\" onclick=\"referencia('omega',event); return false;\">omega<\/a>.<\/p>\n<\/td>\n<\/tr>\n<tr style=\"height: 17.35pt;\">\n<td style=\"border-right: 1pt solid windowtext; padding: 0cm 5.4pt; width: 61.2pt; height: 17.35pt; background-color: transparent; border: medium 1pt 1pt medium none solid solid none #ffffff windowtext windowtext #ffffff;\" width=\"82\">\n<p style=\"margin: 0cm 0cm 0pt; text-indent: 1.7pt; mso-outline-level: 1; mso-char-indent-count: .14;\"><strong style=\"mso-bidi-font-weight: normal;\"><em style=\"mso-bidi-font-style: normal;\">Mesones<\/em><\/strong>:<\/p>\n<\/td>\n<td style=\"border-right: 1pt solid windowtext; padding: 0cm 5.4pt; width: 234pt; height: 17.35pt; background-color: transparent; border: medium 1pt 1pt medium none solid solid none #ffffff windowtext windowtext #ffffff;\" width=\"312\">\n<p style=\"margin: 0cm 0cm 0pt; text-indent: 1.7pt; mso-outline-level: 1; mso-char-indent-count: .14;\">Piones, <a href=\"#\" onclick=\"referencia('kaon',event); return false;\">kaones<\/a>, etc.<\/p>\n<\/td>\n<\/tr>\n<\/tbody>\n<\/table>\n<p style=\"margin: 18pt 0cm 7pt; text-indent: 24pt; line-height: 15pt; text-align: justify; mso-outline-level: 1; mso-para-margin-top: 1.5gd; mso-line-height-rule: exactly; mso-char-indent-count: 2.0; mso-para-margin-right: 0cm; mso-para-margin-bottom: 7.0pt; mso-para-margin-left: 0cm;\">que interaccionan con la interacci\u00f3n fuerte y tienen una estructura interna compleja.<\/p>\n<p style=\"margin: 18pt 0cm 7pt; text-indent: 24pt; line-height: 15pt; text-align: justify; mso-outline-level: 1; mso-para-margin-top: 1.5gd; mso-line-height-rule: exactly; mso-char-indent-count: 2.0; mso-para-margin-right: 0cm; mso-para-margin-bottom: 7.0pt; mso-para-margin-left: 0cm;\">La estructura hadr\u00f3nica est\u00e1 basada ahora en el concepto de <a href=\"#\" onclick=\"referencia('quarks',event); return false;\">quarks<\/a> de Murray Gell-Mann, introducido en 1.964. Este modelo nos dice que los <a href=\"#\" onclick=\"referencia('hadrones',event); return false;\">hadrones<\/a> est\u00e1n divididos en <em style=\"mso-bidi-font-style: normal;\">bariones<\/em> (que se desintegran en <a href=\"#\" onclick=\"referencia('proton',event); return false;\">protones<\/a>) y <em style=\"mso-bidi-font-style: normal;\"><a href=\"#\" onclick=\"referencia('mesones',event); return false;\">mesones<\/a><\/em>, que se desintegran en <a href=\"#\" onclick=\"referencia('leptones',event); return false;\">leptones<\/a> y <a href=\"#\" onclick=\"referencia('foton',event); return false;\">fotones<\/a>.<\/p>\n<p style=\"margin: 18pt 0cm 7pt; text-indent: 24pt; line-height: 15pt; text-align: justify; mso-outline-level: 1; mso-para-margin-top: 1.5gd; mso-line-height-rule: exactly; mso-char-indent-count: 2.0; mso-para-margin-right: 0cm; mso-para-margin-bottom: 7.0pt; mso-para-margin-left: 0cm;\">Los <a href=\"#\" onclick=\"referencia('barion',event); return false;\">bariones<\/a> est\u00e1n formados por tres <a href=\"#\" onclick=\"referencia('quarks',event); return false;\">quarks<\/a> y los <a href=\"#\" onclick=\"referencia('mesones',event); return false;\">mesones<\/a> por dos <a href=\"#\" onclick=\"referencia('quarks',event); return false;\">quarks<\/a> (un <a href=\"#\" onclick=\"referencia('quark',event); return false;\">quark<\/a> y un antiquark). En la teor\u00eda <a href=\"#\" onclick=\"referencia('quark',event); return false;\">quark<\/a>, por tanto, las \u00fanicas part\u00edculas elementales realmente, son los <a href=\"#\" onclick=\"referencia('leptones',event); return false;\">leptones<\/a> y los <a href=\"#\" onclick=\"referencia('quarks',event); return false;\">quarks<\/a>. Al contrario que los <a href=\"#\" onclick=\"referencia('electron',event); return false;\">electrones<\/a> y <a href=\"#\" onclick=\"referencia('proton',event); return false;\">protones<\/a>, que poseen cargas exactamente iguales en valor absoluto pero de signos opuestos (positiva el <a href=\"#\" onclick=\"referencia('proton',event); return false;\">prot\u00f3n<\/a> y negativa el <a href=\"#\" onclick=\"referencia('electron',event); return false;\">electr\u00f3n<\/a>), los <a href=\"#\" onclick=\"referencia('quark',event); return false;\">quark<\/a> tienen cargas que son fracciones de la carga electr\u00f3nica (+ 2\/3 \u00f3 -1\/3 de la carga electr\u00f3nica).<\/p>\n<p style=\"margin: 18pt 0cm 7pt; text-indent: 24pt; line-height: 15pt; text-align: justify; mso-outline-level: 1; mso-para-margin-top: 1.5gd; mso-line-height-rule: exactly; mso-char-indent-count: 2.0; mso-para-margin-right: 0cm; mso-para-margin-bottom: 7.0pt; mso-para-margin-left: 0cm;\">Los <a href=\"#\" onclick=\"referencia('quarks',event); return false;\">quarks<\/a> aparecen en seis variedades distintas que generalmente se escriben mediante las letras <em style=\"mso-bidi-font-style: normal;\">u<\/em>, <em style=\"mso-bidi-font-style: normal;\">d<\/em>, <em style=\"mso-bidi-font-style: normal;\">c<\/em>, <em style=\"mso-bidi-font-style: normal;\">s<\/em>, <em style=\"mso-bidi-font-style: normal;\">t<\/em> y <em style=\"mso-bidi-font-style: normal;\">b<\/em> que responden a los nombres de <em style=\"mso-bidi-font-style: normal;\">up<\/em>, <em style=\"mso-bidi-font-style: normal;\">down<\/em>, <em style=\"mso-bidi-font-style: normal;\">charmed<\/em>, <em style=\"mso-bidi-font-style: normal;\">strange<\/em>, <em style=\"mso-bidi-font-style: normal;\">top<\/em> y <em style=\"mso-bidi-font-style: normal;\">bottom<\/em>.<\/p>\n<p style=\"margin: 18pt 0cm 7pt; text-indent: 24pt; line-height: 15pt; text-align: justify; mso-outline-level: 1; mso-para-margin-top: 1.5gd; mso-line-height-rule: exactly; mso-char-indent-count: 2.0; mso-para-margin-right: 0cm; mso-para-margin-bottom: 7.0pt; mso-para-margin-left: 0cm;\">El <a href=\"#\" onclick=\"referencia('proton',event); return false;\">prot\u00f3n<\/a>, siendo un <a href=\"#\" onclick=\"referencia('barion',event); return false;\">bari\u00f3n<\/a>, est\u00e1 constituido por tres <a href=\"#\" onclick=\"referencia('quarks',event); return false;\">quarks<\/a>, <em style=\"mso-bidi-font-style: normal;\">uud<\/em> (2\/3 + 2\/3 &#8211; 1\/3 = 1) y el <a href=\"#\" onclick=\"referencia('neutron',event); return false;\">neutr\u00f3n<\/a> por <em style=\"mso-bidi-font-style: normal;\">udd<\/em> (2\/3 &#8211; 1\/3 -1\/3 = 0), para cada variedad de <a href=\"#\" onclick=\"referencia('quark',event); return false;\">quark<\/a> existen los equivalentes antiquarks que se denotan\u00a0<span style=\"border-top: 1px #000000 solid;\">u<\/span>, <span style=\"border-top: 1px #000000 solid;\">d<\/span>, <span style=\"border-top: 1px #000000 solid;\">c<\/span>, <span style=\"border-top: 1px #000000 solid;\">s<\/span>, <span style=\"border-top: 1px #000000 solid;\">t<\/span>, <span style=\"border-top: 1px #000000 solid;\">b<\/span>, que tienen valores exactos al <a href=\"#\" onclick=\"referencia('quark',event); return false;\">quark<\/a> pero con signos opuestos en su carga el\u00e9ctrica.<\/p>\n<p style=\"margin: 18pt 0cm 7pt; text-indent: 24pt; line-height: 15pt; text-align: justify; mso-outline-level: 1; mso-para-margin-top: 1.5gd; mso-line-height-rule: exactly; mso-char-indent-count: 2.0; mso-para-margin-right: 0cm; mso-para-margin-bottom: 7.0pt; mso-para-margin-left: 0cm;\">Para evitar conflictos con el <a href=\"#\" onclick=\"referencia('exclusion principio de',event); return false;\">principio de exclusi\u00f3n<\/a> de Pauli, se han a\u00f1adido conceptos de carga de color a las seis variedades de <a href=\"#\" onclick=\"referencia('quarks',event); return false;\">quarks<\/a>, cuya explicaci\u00f3n al resultar compleja obviamos por no ser fundamental en la meta que aqu\u00ed perseguimos.<\/p>\n<p style=\"margin: 18pt 0cm 7pt; text-indent: 24pt; line-height: 15pt; text-align: justify; mso-outline-level: 1; mso-para-margin-top: 1.5gd; mso-line-height-rule: exactly; mso-char-indent-count: 2.0; mso-para-margin-right: 0cm; mso-para-margin-bottom: 7.0pt; mso-para-margin-left: 0cm;\">Las interacciones fuertes entre <a href=\"#\" onclick=\"referencia('quarks',event); return false;\">quarks<\/a> se pueden entender por el intercambio de ocho part\u00edculas sin carga y sin masa en reposo, llamadas <a href=\"#\" onclick=\"referencia('gluones',event); return false;\">gluones<\/a> (porque pegan a los <a href=\"#\" onclick=\"referencia('quarks',event); return false;\">quarks<\/a> juntos). Aunque los <a href=\"#\" onclick=\"referencia('gluones',event); return false;\">gluones<\/a>, como los <a href=\"#\" onclick=\"referencia('foton',event); return false;\">fotones<\/a> que realizan una funci\u00f3n similar entre los <a href=\"#\" onclick=\"referencia('leptones',event); return false;\">leptones<\/a>, no tienen carga el\u00e9ctrica, s\u00ed que tienen una carga de color (tambi\u00e9n aqu\u00ed nos paramos para no enredar demasiado y confundir al lector).<\/p>\n<p style=\"margin: 18pt 0cm 7pt; text-indent: 24pt; line-height: 15pt; text-align: justify; mso-outline-level: 1; mso-para-margin-top: 1.5gd; mso-line-height-rule: exactly; mso-char-indent-count: 2.0; mso-para-margin-right: 0cm; mso-para-margin-bottom: 7.0pt; mso-para-margin-left: 0cm;\">La teor\u00eda <a href=\"#\" onclick=\"referencia('quark',event); return false;\">quark<\/a> completamente elaborada esta ahora bien establecida por evidencias experimentales, pero como ni los <a href=\"#\" onclick=\"referencia('quarks',event); return false;\">quarks<\/a> ni los <a href=\"#\" onclick=\"referencia('gluones',event); return false;\">gluones<\/a> han sido identificados nunca en experimentos, la teor\u00eda no se puede decir que haya sido directamente verificada. Los <a href=\"#\" onclick=\"referencia('quarks',event); return false;\">quarks<\/a> individuales pueden tener la curiosa propiedad de ser mucho m\u00e1s masivos que los <a href=\"#\" onclick=\"referencia('hadrones',event); return false;\">hadrones<\/a> que usualmente forman (debido a la enorme energ\u00eda potencial que tendr\u00edan cuando se separan), y algunos te\u00f3ricos creen que es, en consecuencia, imposible desde un punto de vista fundamental, que existan aislados. Sin embargo, algunos experimentales han anunciado resultados consistentes con la presencia de cargas fraccionarias, que tendr\u00edan los <a href=\"#\" onclick=\"referencia('quarks',event); return false;\">quarks<\/a> no ligados y en estados libres.<\/p>\n<p style=\"margin: 18pt 0cm 7pt; text-indent: 24pt; line-height: 15pt; text-align: justify; mso-outline-level: 1; mso-para-margin-top: 1.5gd; mso-line-height-rule: exactly; mso-char-indent-count: 2.0; mso-para-margin-right: 0cm; mso-para-margin-bottom: 7.0pt; mso-para-margin-left: 0cm;\">Los <a href=\"#\" onclick=\"referencia('quarks',event); return false;\">quarks<\/a> est\u00e1n confinados en una regi\u00f3n con radio R de valor:<\/p>\n<p style=\"margin: 18pt 0cm 7pt; line-height: 15pt; text-align: center; mso-outline-level: 1; mso-para-margin-top: 1.5gd; mso-line-height-rule: exactly; mso-para-margin-right: 0cm; mso-para-margin-bottom: 7.0pt; mso-para-margin-left: 0cm;\">R \u2248 hc \/\u00a0\u0394\u00a0\u2248 10<sup>-13<\/sup> cm<\/p>\n<p style=\"margin: 18pt 0cm 7pt; text-indent: 24pt; line-height: 15pt; text-align: justify; mso-outline-level: 1; mso-para-margin-top: 1.5gd; mso-line-height-rule: exactly; mso-char-indent-count: 2.0; mso-para-margin-right: 0cm; mso-para-margin-bottom: 7.0pt; mso-para-margin-left: 0cm;\">Lo que resulta de la teor\u00eda conocida como <a href=\"#\" onclick=\"referencia('cromodinamica cuantica',event); return false;\">cromodin\u00e1mica cu\u00e1ntica<\/a> es que en la propiedad de <em style=\"mso-bidi-font-style: normal;\"><a href=\"#\" onclick=\"referencia('asintotica libertad',event); return false;\">libertad asint\u00f3tica<\/a><\/em> obliga a que las interacciones entre los <a href=\"#\" onclick=\"referencia('quarks',event); return false;\">quarks<\/a> se hagan m\u00e1s d\u00e9biles a medida que la distancia entre ellos se hace menor y tienda a cero. De forma inversa, la atracci\u00f3n entre <a href=\"#\" onclick=\"referencia('quarks',event); return false;\">quarks<\/a> es mayor a medida que la distancia entre ellos es mayor y la hip\u00f3tesis del confinamiento de los <a href=\"#\" onclick=\"referencia('quarks',event); return false;\">quarks<\/a> obliga a que estos no puedan escapar uno del otro; lo impiden los <a href=\"#\" onclick=\"referencia('gluones',event); return false;\">gluones<\/a>, los <a href=\"#\" onclick=\"referencia('bosones',event); return false;\">bosones<\/a> intermediarios de la <a href=\"#\" onclick=\"referencia('fuerza nuclear fuerte',event); return false;\">fuerza nuclear fuerte<\/a> que es la \u00fanica fuerza que crece con la distancia, al contrario que las otras fuerzas que con el alejamiento se debilitan. Es posible que a muy altas temperaturas, como las existentes en el universo primitivo, los <a href=\"#\" onclick=\"referencia('quarks',event); return false;\">quarks<\/a> pudieran estar libres. Esta temperatura a la que esto ocurre es conocida como temperatura de desconfinamiento.<\/p>\n<p style=\"margin: 18pt 0cm 7pt; text-indent: 24pt; line-height: 15pt; text-align: justify; mso-outline-level: 1; mso-para-margin-top: 1.5gd; mso-line-height-rule: exactly; mso-char-indent-count: 2.0; mso-para-margin-right: 0cm; mso-para-margin-bottom: 7.0pt; mso-para-margin-left: 0cm;\">Es necesario que ahora se explique aqu\u00ed lo que son las interacciones, o <em style=\"mso-bidi-font-style: normal;\">fuerzas fundamentales<\/em>:<\/p>\n<p style=\"margin: 18pt 0cm 7pt; text-indent: 24pt; line-height: 15pt; text-align: justify; mso-outline-level: 1; mso-para-margin-top: 1.5gd; mso-line-height-rule: exactly; mso-char-indent-count: 2.0; mso-para-margin-right: 0cm; mso-para-margin-bottom: 7.0pt; mso-para-margin-left: 0cm;\">Como pueden haber deducido, me estoy refiriendo a cualquiera de los cuatro tipos diferentes de interacciones que pueden ocurrir entre los cuerpos.\u00a0 Estas interacciones pueden tener lugar incluso cuando los cuerpos no est\u00e1n en contacto f\u00edsico y juntas pueden explicar todas las fuerzas que se observan en el universo.<\/p>\n<p style=\"margin: 18pt 0cm 7pt; text-indent: 24pt; line-height: 15pt; text-align: justify; mso-outline-level: 1; mso-para-margin-top: 1.5gd; mso-line-height-rule: exactly; mso-char-indent-count: 2.0; mso-para-margin-right: 0cm; mso-para-margin-bottom: 7.0pt; mso-para-margin-left: 0cm; tab-stops: 45.0pt;\">Viene de lejos el deseo de muchos f\u00edsicos que han tratado de unificar en una teor\u00eda o modelo a las cuatro fuerzas, que pudieran expresarse mediante un conjunto de ecuaciones. <a href=\"#\" onclick=\"referencia('einstein',event); return false;\">Einstein<\/a> se pas\u00f3 los \u00faltimos a\u00f1os de su vida intent\u00e1ndolo, pero igual que otros antes y despu\u00e9s de \u00e9l, a\u00fan no se ha conseguido dicha teor\u00eda unificadora de los cuatro interacciones fundamentales del universo. Se han hecho progresos en la unificaci\u00f3n de interacciones electromagn\u00e9ticas y d\u00e9biles.<\/p>\n<p style=\"margin: 18pt 0cm 7pt; text-indent: 24pt; line-height: 15pt; text-align: justify; mso-outline-level: 1; mso-para-margin-top: 1.5gd; mso-line-height-rule: exactly; mso-char-indent-count: 2.0; mso-para-margin-right: 0cm; mso-para-margin-bottom: 7.0pt; mso-para-margin-left: 0cm;\">Antes, cuando hablamos de la <a href=\"#\" onclick=\"referencia('relatividad',event); return false;\">relatividad<\/a> general, ya se adelant\u00f3 el concepto de la fuerza gravitatoria, unas 10<sup>40<\/sup> veces m\u00e1s d\u00e9bil que la <a href=\"#\" onclick=\"referencia('fuerza electromagnetica',event); return false;\">fuerza electromagn\u00e9tica<\/a>. Es la m\u00e1s d\u00e9bil de todas las fuerzas y s\u00f3lo act\u00faa entre los cuerpos que tienen masa. Es siempre atractiva y pierde intensidad a medida que las distancias entre los cuerpos se agrandan. Como ya se ha dicho, su cuanto de gravitaci\u00f3n, el <a href=\"#\" onclick=\"referencia('graviton',event); return false;\">gravit\u00f3n<\/a>, es tambi\u00e9n un concepto \u00fatil en algunos contextos. En la escala at\u00f3mica, esta fuerza es despreciablemente d\u00e9bil, pero a escala cosmol\u00f3gica, donde las masas son enormes, es inmensamente importante para mantener a los componentes del universo juntos. De hecho, sin esta fuerza no existir\u00eda el Sistema Solar ni las galaxias, y seguramente, nosotros tampoco estar\u00edamos aqu\u00ed. Es la fuerza que tira de nuestros pies y los mantiene firmemente asentados a la superficie del planeta. Aunque la teor\u00eda cl\u00e1sica de la gravedad fue la que nos dej\u00f3 Isaac <a href=\"#\" onclick=\"referencia('newton',event); return false;\">Newton<\/a>, la teor\u00eda macrosc\u00f3pica bien definida y sin fisuras de la gravitaci\u00f3n universal es la <a href=\"#\" onclick=\"referencia('relatividad',event); return false;\">relatividad<\/a> general de <a href=\"#\" onclick=\"referencia('einstein',event); return false;\">Einstein<\/a>, mucho m\u00e1s completa y profunda.<\/p>\n<p style=\"margin: 18pt 0cm 7pt; text-indent: 24pt; line-height: 15pt; text-align: justify; mso-outline-level: 1; mso-para-margin-top: 1.5gd; mso-line-height-rule: exactly; mso-char-indent-count: 2.0; mso-para-margin-right: 0cm; mso-para-margin-bottom: 7.0pt; mso-para-margin-left: 0cm;\">Por el momento, no hay una teor\u00eda cu\u00e1ntica de la interacci\u00f3n gravitatoria satisfactoria. Es posible que la <em style=\"mso-bidi-font-style: normal;\"><a href=\"#\" onclick=\"referencia('supercuerdas teoria',event); return false;\">teor\u00eda de supercuerdas<\/a><\/em> pueda dar una teor\u00eda cu\u00e1ntica de la gravitaci\u00f3n consistente, adem\u00e1s de unificar la gravedad con los dem\u00e1s interacciones fundamentales sin que surjan los dichosos e indeseados infinitos.<\/p>\n<p style=\"margin: 18pt 0cm 7pt; text-indent: 24pt; line-height: 15pt; text-align: justify; mso-outline-level: 1; mso-para-margin-top: 1.5gd; mso-line-height-rule: exactly; mso-char-indent-count: 2.0; mso-para-margin-right: 0cm; mso-para-margin-bottom: 7.0pt; mso-para-margin-left: 0cm;\">La <em style=\"mso-bidi-font-style: normal;\">interacci\u00f3n d\u00e9bil<\/em>, que es unas 10<sup>10<\/sup> veces menor que la interacci\u00f3n y electromagn\u00e9tica, ocurre entre <a href=\"#\" onclick=\"referencia('leptones',event); return false;\">leptones<\/a> y en la desintegraci\u00f3n de los <a href=\"#\" onclick=\"referencia('hadrones',event); return false;\">hadrones<\/a>. Es responsable de la <a href=\"#\" onclick=\"referencia('desintegracion beta',event); return false;\">desintegraci\u00f3n beta<\/a> de las part\u00edculas y n\u00facleos. En el modelo actual, la interacci\u00f3n d\u00e9bil se entiende como una fuerza mediada por el intercambio de part\u00edculas virtuales, llamadas <a href=\"#\" onclick=\"referencia('bosones',event); return false;\">bosones<\/a> vectoriales intermediarios, que para esta fuerza son las part\u00edculas W<sup>+<\/sup>, W<sup>&#8211;<\/sup> y Z<sup>0<\/sup>.\u00a0 Las interacciones d\u00e9biles son descritas por la teor\u00eda electrod\u00e9bil, que las unifica con las interacciones electromagn\u00e9ticas.<\/p>\n<p style=\"margin: 18pt 0cm 7pt; text-indent: 24pt; line-height: 15pt; text-align: justify; mso-outline-level: 1; mso-para-margin-top: 1.5gd; mso-line-height-rule: exactly; mso-char-indent-count: 2.0; mso-para-margin-right: 0cm; mso-para-margin-bottom: 7.0pt; mso-para-margin-left: 0cm;\">La teor\u00eda electrod\u00e9bil es una teor\u00eda <a href=\"#\" onclick=\"referencia('gauge',event); return false;\">gauge<\/a> de \u00e9xito que fue propuesta en 1.967 por Steven Weinberg y Abdus Salam, conocida como <a href=\"#\" onclick=\"referencia('weinberg salam modelo de',event); return false;\">modelo WS<\/a>.\u00a0 Tambi\u00e9n Sheldon Glashow, propuso otra similar.<\/p>\n<p style=\"margin: 18pt 0cm 7pt; text-indent: 24pt; line-height: 15pt; text-align: justify; mso-outline-level: 1; mso-para-margin-top: 1.5gd; mso-line-height-rule: exactly; mso-char-indent-count: 2.0; mso-para-margin-right: 0cm; mso-para-margin-bottom: 7.0pt; mso-para-margin-left: 0cm;\">La <em style=\"mso-bidi-font-style: normal;\">interacci\u00f3n electromagn\u00e9tica<\/em> es la responsable de las fuerzas que controlan la estructura at\u00f3mica, reacciones qu\u00edmicas y todos los fen\u00f3menos electromagn\u00e9ticos. Puede explicar las fuerzas entre las part\u00edculas cargadas, pero al contrario que las interacciones gravitacionales, pueden ser tanto atractivas como repulsivas. Algunas part\u00edculas neutras se desintegran por interacciones electromagn\u00e9ticas. La interacci\u00f3n se puede interpretar tanto como un modelo cl\u00e1sico de fuerzas (ley de Coulomb) como por el intercambio de unos <a href=\"#\" onclick=\"referencia('foton',event); return false;\">fotones<\/a> virtuales. Igual que en las interacciones gravitatorias, el hecho de que las interacciones electromagn\u00e9ticas sean de largo alcance significa que tiene una teor\u00eda cl\u00e1sica bien definida dadas por las ecuaciones de Maxwell. La teor\u00eda cu\u00e1ntica de las interacciones electromagn\u00e9ticas se describe con la electrodin\u00e1mica cu\u00e1ntica, que es una forma sencilla de teor\u00eda <a href=\"#\" onclick=\"referencia('gauge',event); return false;\">gauge<\/a>.<\/p>\n<p style=\"margin: 18pt 0cm 7pt; text-indent: 24pt; line-height: 15pt; text-align: justify; mso-outline-level: 1; mso-para-margin-top: 1.5gd; mso-line-height-rule: exactly; mso-char-indent-count: 2.0; mso-para-margin-right: 0cm; mso-para-margin-bottom: 7.0pt; mso-para-margin-left: 0cm;\">La <em style=\"mso-bidi-font-style: normal;\">interacci\u00f3n fuerte<\/em> es unas 10<sup>2<\/sup> veces mayor que la interacci\u00f3n electromagn\u00e9tica y, como ya se dijo antes, aparece s\u00f3lo entre los <a href=\"#\" onclick=\"referencia('hadrones',event); return false;\">hadrones<\/a> y es la responsable de las fuerzas entre <a href=\"#\" onclick=\"referencia('nucleones',event); return false;\">nucleones<\/a> que confiere a los n\u00facleos de los \u00e1tomos su gran estabilidad. Act\u00faa a muy corta distancia dentro del n\u00facleo (10<sup>-15<\/sup> metros) y se puede interpretar como una interacci\u00f3n mediada por intercambio de <a href=\"#\" onclick=\"referencia('mesones',event); return false;\">mesones<\/a> virtuales. Est\u00e1 descrita por una teor\u00eda <a href=\"#\" onclick=\"referencia('gauge',event); return false;\">gauge<\/a> llamada <em style=\"mso-bidi-font-style: normal;\"><a href=\"#\" onclick=\"referencia('cromodinamica cuantica',event); return false;\">cromodin\u00e1mica cu\u00e1ntica<\/a><\/em>.<\/p>\n<p style=\"margin: 18pt 0cm 7pt; text-indent: 24pt; line-height: 15pt; text-align: justify; mso-outline-level: 1; mso-para-margin-top: 1.5gd; mso-line-height-rule: exactly; mso-char-indent-count: 2.0; mso-para-margin-right: 0cm; mso-para-margin-bottom: 7.0pt; mso-para-margin-left: 0cm;\">Me he referido a una teor\u00eda <a href=\"#\" onclick=\"referencia('gauge',event); return false;\">gauge<\/a> que son teor\u00edas cu\u00e1nticas de campo creadas para explicar las interacciones fundamentales. Una teor\u00eda <a href=\"#\" onclick=\"referencia('gauge',event); return false;\">gauge<\/a> requiere un grupo de simetr\u00eda para los campos y las potenciales (el grupo <a href=\"#\" onclick=\"referencia('gauge',event); return false;\">gauge<\/a>). En el caso de la electrodin\u00e1mica, el grupo es abeliano, mientras que las teor\u00edas <a href=\"#\" onclick=\"referencia('gauge',event); return false;\">gauge<\/a> para las interacciones fuertes y d\u00e9biles utilizan grupos no abelianos. Las teor\u00edas <a href=\"#\" onclick=\"referencia('gauge',event); return false;\">gauge<\/a> no abelianas son conocidas como teor\u00edas de <a href=\"#\" onclick=\"referencia('yang mills',event); return false;\">Yang-Mills<\/a>. Esta diferencia explica por qu\u00e9 la electrodin\u00e1mica cu\u00e1ntica es una teor\u00eda mucho m\u00e1s simple que la <a href=\"#\" onclick=\"referencia('cromodinamica cuantica',event); return false;\">cromodin\u00e1mica cu\u00e1ntica<\/a>, que describe las interacciones fuertes, y la teor\u00eda electrod\u00e9bil que unifica la fuerza d\u00e9bil con la electromagn\u00e9tica. En el caso de la gravedad cu\u00e1ntica, el grupo <a href=\"#\" onclick=\"referencia('gauge',event); return false;\">gauge<\/a> es mucho m\u00e1s complicado que los anteriores necesarios para la fuerza fuerte y electrod\u00e9bil.<\/p>\n<p style=\"margin: 18pt 0cm 7pt; text-indent: 24pt; line-height: 15pt; text-align: justify; mso-outline-level: 1; mso-para-margin-top: 1.5gd; mso-line-height-rule: exactly; mso-char-indent-count: 2.0; mso-para-margin-right: 0cm; mso-para-margin-bottom: 7.0pt; mso-para-margin-left: 0cm;\">En las teor\u00edas <a href=\"#\" onclick=\"referencia('gauge',event); return false;\">gauge<\/a>, las interacciones entre part\u00edculas se pueden explicar por el intercambio de part\u00edculas (<a href=\"#\" onclick=\"referencia('bosones',event); return false;\">bosones<\/a> vectoriales intermediarios o <a href=\"#\" onclick=\"referencia('bosones',event); return false;\">bosones<\/a> gante), como los <a href=\"#\" onclick=\"referencia('gluones',event); return false;\">gluones<\/a>, <a href=\"#\" onclick=\"referencia('foton',event); return false;\">fotones<\/a> y los W y Z.<\/p>\n<p style=\"margin: 18pt 0cm 7pt; text-indent: 24pt; line-height: 15pt; text-align: justify; mso-outline-level: 1; mso-para-margin-top: 1.5gd; mso-line-height-rule: exactly; mso-char-indent-count: 2.0; mso-para-margin-right: 0cm; mso-para-margin-bottom: 7.0pt; mso-para-margin-left: 0cm;\">El f\u00edsico Enrico <a href=\"#\" onclick=\"referencia('fermi',event); return false;\">Fermi<\/a>, refiri\u00e9ndose al gran n\u00famero de part\u00edculas existentes, dijo: &#8220;<em style=\"mso-bidi-font-style: normal;\">Si tuviera que saber el nombre de todas las part\u00edculas, me habr\u00eda hecho bot\u00e1nico.<\/em>&#8220;<\/p>\n<p style=\"margin: 18pt 0cm 7pt; text-indent: 24pt; line-height: 15pt; text-align: justify; mso-outline-level: 1; mso-para-margin-top: 1.5gd; mso-line-height-rule: exactly; mso-char-indent-count: 2.0; mso-para-margin-right: 0cm; mso-para-margin-bottom: 7.0pt; mso-para-margin-left: 0cm; tab-stops: 45.0pt;\">Por motivo parecido, aunque antes hemos descritos los grupos o familias m\u00e1s importantes de part\u00edculas, l\u00f3gicamente s\u00f3lo se nombraron las m\u00e1s comunes, importantes y conocidas como:<\/p>\n<ul>\n<li style=\"text-align: justify;\"><strong style=\"mso-bidi-font-weight: normal;\">Prot\u00f3n<\/strong>, que es una part\u00edcula elemental estable que tiene una carga positiva igual en magnitud a la del <a href=\"#\" onclick=\"referencia('electron',event); return false;\">electr\u00f3n<\/a> y posee una masa de 1&#8217;672614\u00d710<sup>-27<\/sup> Kg, que es 1.836&#8217;12 veces la del <a href=\"#\" onclick=\"referencia('electron',event); return false;\">electr\u00f3n<\/a>. El <a href=\"#\" onclick=\"referencia('proton',event); return false;\">prot\u00f3n<\/a> aparece en los n\u00facleos at\u00f3micos, por eso es un <a href=\"#\" onclick=\"referencia('nucleones',event); return false;\">nucle\u00f3n<\/a> que est\u00e1 formado por part\u00edculas m\u00e1s simples, los <a href=\"#\" onclick=\"referencia('quarks',event); return false;\">quarks<\/a>.<\/li>\n<li style=\"text-align: justify;\"><strong style=\"mso-bidi-font-weight: normal;\">Neutr\u00f3n<\/strong>, que es un <a href=\"#\" onclick=\"referencia('hadrones',event); return false;\">hadr\u00f3n<\/a> como el <a href=\"#\" onclick=\"referencia('proton',event); return false;\">prot\u00f3n<\/a> pero con carga neutra y tambi\u00e9n permanece en el n\u00facleo, pero que se desintegra en un <a href=\"#\" onclick=\"referencia('proton',event); return false;\">prot\u00f3n<\/a>, un <a href=\"#\" onclick=\"referencia('electron',event); return false;\">electr\u00f3n<\/a> y un antineutrino con una vida media de 12 minutos fuera del n\u00facleo. Su masa es ligeramente mayor que la del <a href=\"#\" onclick=\"referencia('proton',event); return false;\">prot\u00f3n<\/a> (s\u00edmbolo m<sub>n<\/sub>), siendo de 1&#8217;6749286(10)\u00d710<sup>-27<\/sup> Kg. Los <a href=\"#\" onclick=\"referencia('neutron',event); return false;\">neutrones<\/a> aparecen en todos los n\u00facleos at\u00f3micos excepto en el del hidr\u00f3geno normal que est\u00e1 formado por un solo <a href=\"#\" onclick=\"referencia('proton',event); return false;\">prot\u00f3n<\/a>. Su existencia fue descubierta y anunciada por primera vez en 1.932 por James Chadwick (1891 &#8211; 1974).<\/li>\n<li style=\"text-align: justify;\"><strong style=\"mso-bidi-font-weight: normal;\">Neutrino<\/strong>, que es un <a href=\"#\" onclick=\"referencia('leptones',event); return false;\">lept\u00f3n<\/a> que existe en tres formas exactas pero con distintas masas. Tenemos el <em style=\"mso-bidi-font-style: normal;\">v<sub>e<\/sub><\/em> (neutrino electr\u00f3nico) que acompa\u00f1a al <a href=\"#\" onclick=\"referencia('electron',event); return false;\">electr\u00f3n<\/a>, <em style=\"mso-bidi-font-style: normal;\">v<sub>\u03bc<\/sub><\/em> (neutrino mu\u00f3nico) que acompa\u00f1a al <a href=\"#\" onclick=\"referencia('muon',event); return false;\">mu\u00f3n<\/a>, y <em style=\"mso-bidi-font-style: normal;\">v<sub>t<\/sub><\/em> (neutrino <a href=\"#\" onclick=\"referencia('particula tau',event); return false;\">tau<\/a>) que acompa\u00f1a a la part\u00edcula <a href=\"#\" onclick=\"referencia('particula tau',event); return false;\">tau<\/a>, la m\u00e1s pesada de las tres. Cada forma de <a href=\"#\" onclick=\"referencia('neutrinos',event); return false;\">neutrino<\/a> tiene su propia antipart\u00edcula.\n<p style=\"text-indent: 24pt;\">El <a href=\"#\" onclick=\"referencia('neutrinos',event); return false;\">neutrino<\/a> fue postulado en 1.931 para explicar la &#8220;energ\u00eda perdida&#8221; en la <a href=\"#\" onclick=\"referencia('desintegracion beta',event); return false;\">desintegraci\u00f3n beta<\/a>. Fue identificado de forma tentativa en 1.953 y definitivamente en 1.956. Los <a href=\"#\" onclick=\"referencia('neutrinos',event); return false;\">neutrinos<\/a> no tienen carga y se piensa que tienen masa en reposo nula y viajan a la velocidad de la luz, como el <a href=\"#\" onclick=\"referencia('foton',event); return false;\">fot\u00f3n<\/a>. Hay teor\u00edas de gran unificaci\u00f3n que predicen <a href=\"#\" onclick=\"referencia('neutrinos',event); return false;\">neutrinos<\/a> con masa no nula, pero no hay evidencia concluyente.<\/p>\n<\/li>\n<li style=\"text-align: justify;\"><strong style=\"mso-bidi-font-weight: normal;\">Electr\u00f3n<\/strong>, que es una part\u00edcula elemental clasificada como <a href=\"#\" onclick=\"referencia('leptones',event); return false;\">lept\u00f3n<\/a>, con una carga de 9&#8217;109 3897 (54)\u00d710<sup>-31<\/sup> Kg y una carga negativa de 1&#8217;602 177 33 (49)\u00d710<sup>-19<\/sup> culombios. Los <a href=\"#\" onclick=\"referencia('electron',event); return false;\">electrones<\/a> est\u00e1n presentes en todos los \u00e1tomos en agrupamientos llamados capas alrededor est\u00e1n presentes en todos los \u00e1tomos en agrupamientos llamados capas alrededor del n\u00facleo; cuando son arrancados del \u00e1tomo se llaman <a href=\"#\" onclick=\"referencia('electron',event); return false;\">electrones<\/a> libres. Su antipart\u00edcula es el positr\u00f3n, predicha por Paul Dirac.\n<p style=\"text-indent: 24pt;\">El <a href=\"#\" onclick=\"referencia('electron',event); return false;\">electr\u00f3n<\/a> fue descubierto en 1.897 por el f\u00edsico brit\u00e1nico Joseph John Thomson (1.856 &#8211; 1940). El problema de la estructura (si la hay) del <a href=\"#\" onclick=\"referencia('electron',event); return false;\">electr\u00f3n<\/a> no est\u00e1 resuelto. Si el <a href=\"#\" onclick=\"referencia('electron',event); return false;\">electr\u00f3n<\/a> se considera como una carga puntual, su autoenerg\u00eda es infinita y surgen dificultades en la ecuaci\u00f3n conocida como de Lorente-Dirac.<\/p>\n<p style=\"text-indent: 24pt;\">Es posible dar al <a href=\"#\" onclick=\"referencia('electron',event); return false;\">electr\u00f3n<\/a> un tama\u00f1o no nulo con un radio r<sub>o<\/sub>, llamado radio cl\u00e1sico del <a href=\"#\" onclick=\"referencia('electron',event); return false;\">electr\u00f3n<\/a>, dado por e<sup>2<\/sup>\/(mc<sup>2<\/sup>) = 2&#8217;82\u00d710<sup>-13<\/sup> cm, donde <em style=\"mso-bidi-font-style: normal;\">e<\/em> y <em style=\"mso-bidi-font-style: normal;\">m<\/em> son la carga y la masa, respectivamente, del <a href=\"#\" onclick=\"referencia('electron',event); return false;\">electr\u00f3n<\/a> y <em style=\"mso-bidi-font-style: normal;\">c<\/em> es la velocidad de la luz. Este modelo tambi\u00e9n tiene problemas, como la necesidad de postular las tensiones de Poincar\u00e9.<\/p>\n<p style=\"text-indent: 24pt;\">Ahora se cree que los problemas asociados con el <a href=\"#\" onclick=\"referencia('electron',event); return false;\">electr\u00f3n<\/a> deben ser analizados utilizando electrodin\u00e1mica cu\u00e1ntica en vez de electrodin\u00e1mica cl\u00e1sica.<\/p>\n<\/li>\n<\/ul>\n<p style=\"text-indent: 24pt;\">emilio silvera<\/p>\n<div class='bookmark'>\r\n\t\t<table align='left' border='0' cellpadding='0' width='100%'>\r\n\t\t<tr><td><span class='pushbutton'><a href='http:\/\/delicious.com\/post?url=http%3A%2F%2Fwww.emiliosilveravazquez.com%2Fblog%2F2010%2F05%2F20%2Fano-internacional-de-la-astronomia-2009-en-espana-aia-iya2009-56%2F&amp;title=%C2%BFComo+se+curva+el+espacio-tiempo%3F' title='Delicious' target='_blank' rel='nofollow'><img src='http:\/\/www.emiliosilveravazquez.com\/blog\/wp-content\/plugins\/knxdt-bookmarks-wordpress-plugin\/images\/delicious.png'  alt='' class='book_img' border='none' style='margin:1px; padding: 0;'  \/><\/a><\/span><span class='pushbutton'><a href='http:\/\/digg.com\/submit?url=http%3A%2F%2Fwww.emiliosilveravazquez.com%2Fblog%2F2010%2F05%2F20%2Fano-internacional-de-la-astronomia-2009-en-espana-aia-iya2009-56%2F&amp;title=%C2%BFComo+se+curva+el+espacio-tiempo%3F' title='Digg' target='_blank' rel='nofollow'><img src='http:\/\/www.emiliosilveravazquez.com\/blog\/wp-content\/plugins\/knxdt-bookmarks-wordpress-plugin\/images\/digg.png'  alt='' class='book_img' border='none' style='margin:1px; padding: 0;'  \/><\/a><\/span><span class='pushbutton'><a href='http:\/\/www.google.com\/bookmarks\/mark?op=edit&amp;bkmk=http%3A%2F%2Fwww.emiliosilveravazquez.com%2Fblog%2F2010%2F05%2F20%2Fano-internacional-de-la-astronomia-2009-en-espana-aia-iya2009-56%2F&amp;title=%C2%BFComo+se+curva+el+espacio-tiempo%3F' title='Google' target='_blank' rel='nofollow'><img src='http:\/\/www.emiliosilveravazquez.com\/blog\/wp-content\/plugins\/knxdt-bookmarks-wordpress-plugin\/images\/google.png'   alt='' class='book_img' border='none' style='margin:1px; padding: 0;'  \/><\/a><\/span><span class='pushbutton'><a href='http:\/\/myweb2.search.yahoo.com\/myresults\/bookmarklet?u=http%3A%2F%2Fwww.emiliosilveravazquez.com%2Fblog%2F2010%2F05%2F20%2Fano-internacional-de-la-astronomia-2009-en-espana-aia-iya2009-56%2F&amp;t=%C2%BFComo+se+curva+el+espacio-tiempo%3F' title='Yahoo' target='_blank' rel='nofollow'><img src='http:\/\/www.emiliosilveravazquez.com\/blog\/wp-content\/plugins\/knxdt-bookmarks-wordpress-plugin\/images\/yahoo.png'  alt='' class='book_img' border='none' style='margin:1px; padding: 0;'  \/><\/a><\/span><span class='pushbutton'><a href='http:\/\/www.technorati.com\/faves?add=http%3A%2F%2Fwww.emiliosilveravazquez.com%2Fblog%2F2010%2F05%2F20%2Fano-internacional-de-la-astronomia-2009-en-espana-aia-iya2009-56%2F' title='Technorati' target='_blank' rel='nofollow'><img src='http:\/\/www.emiliosilveravazquez.com\/blog\/wp-content\/plugins\/knxdt-bookmarks-wordpress-plugin\/images\/technorati.png'  alt='' class='book_img' border='none' style='margin:1px; padding: 0;'  \/><\/a><\/span><span class='pushbutton'><a href='http:\/\/meneame.net\/submit.php?url=http%3A%2F%2Fwww.emiliosilveravazquez.com%2Fblog%2F2010%2F05%2F20%2Fano-internacional-de-la-astronomia-2009-en-espana-aia-iya2009-56%2F' title='Meneame' target='_blank' rel='nofollow'><img src='http:\/\/www.emiliosilveravazquez.com\/blog\/wp-content\/plugins\/knxdt-bookmarks-wordpress-plugin\/images\/meneame.png'  alt='' class='book_img' border='none' style='margin:1px; padding: 0;'  \/><\/a><\/span><span class='pushbutton'><a href='http:\/\/enchilame.com\/submit.php?url=http:\/\/www.emiliosilveravazquez.com\/blog\/2010\/05\/20\/ano-internacional-de-la-astronomia-2009-en-espana-aia-iya2009-56\/' target='_blank' rel='nofollow'><img title='Enchilame' src='http:\/\/www.emiliosilveravazquez.com\/blog\/wp-content\/plugins\/knxdt-bookmarks-wordpress-plugin\/images\/enchilame.png'  alt='' class='book_img' border='none' style='margin:1px; padding: 0;'  \/><\/a><\/span><span class='pushbutton'><a href='http:\/\/www.blinklist.com\/index.php?Action=Blink\/addblink.php&amp;Description=&amp;Url=http%3A%2F%2Fwww.emiliosilveravazquez.com%2Fblog%2F2010%2F05%2F20%2Fano-internacional-de-la-astronomia-2009-en-espana-aia-iya2009-56%2F&amp;title=%C2%BFComo+se+curva+el+espacio-tiempo%3F' title='BlinkList' target='_blank' rel='nofollow'><img src='http:\/\/www.emiliosilveravazquez.com\/blog\/wp-content\/plugins\/knxdt-bookmarks-wordpress-plugin\/images\/blinklist.png'  alt='' class='book_img' border='none' style='margin:1px; padding: 0;'  \/><\/a><\/span><span class='pushbutton'><a href='http:\/\/reddit.com\/submit?url=http%3A%2F%2Fwww.emiliosilveravazquez.com%2Fblog%2F2010%2F05%2F20%2Fano-internacional-de-la-astronomia-2009-en-espana-aia-iya2009-56%2F&amp;title=%C2%BFComo+se+curva+el+espacio-tiempo%3F' title='Reddit' target='_blank' rel='nofollow'><img src='http:\/\/www.emiliosilveravazquez.com\/blog\/wp-content\/plugins\/knxdt-bookmarks-wordpress-plugin\/images\/reddit.png'  alt='' class='book_img' border='none' style='margin:1px; padding: 0;'  \/><\/a><\/span><span class='pushbutton'><a href='http:\/\/www.tecnologiadiaria.com\/2009\/07\/abrir-com-hotmail-correo.html' target='_blank' title='hotmail'><img src='http:\/\/www.emiliosilveravazquez.com\/blog\/wp-content\/plugins\/knxdt-bookmarks-wordpress-plugin\/images\/linklove.png' alt='hotmail correo' class='book_img' border='none' style='margin:1px; padding: 0;' \/><\/a><\/span><span class='pushbutton'><a href='http:\/\/bitacoras.com\/votar\/anotacion\/externo\/mini\/www.emiliosilveravazquez.com\/blog\/2010\/05\/20\/ano-internacional-de-la-astronomia-2009-en-espana-aia-iya2009-56\/' title='Bitacoras.com' target='_blank' rel='nofollow'><img src='http:\/\/www.emiliosilveravazquez.com\/blog\/wp-content\/plugins\/knxdt-bookmarks-wordpress-plugin\/images\/bitacoras.png'  alt='' class='book_img' border='none' style='margin:1px; padding: 0;'  \/><\/a><\/span><span class='pushbutton'><a href='http:\/\/www.wikio.es\/vote?url=http%3A%2F%2Fwww.emiliosilveravazquez.com%2Fblog%2F2010%2F05%2F20%2Fano-internacional-de-la-astronomia-2009-en-espana-aia-iya2009-56%2F' title='Wikio' target='_blank' rel='nofollow'><img src='http:\/\/www.emiliosilveravazquez.com\/blog\/wp-content\/plugins\/knxdt-bookmarks-wordpress-plugin\/images\/wikio.png'   alt='' class='book_img' border='none' style='margin:1px; padding: 0;'   \/><\/a><\/span><span class='pushbutton'><a href='http:\/\/friendfeed.com\/?url=http%3A%2F%2Fwww.emiliosilveravazquez.com%2Fblog%2F2010%2F05%2F20%2Fano-internacional-de-la-astronomia-2009-en-espana-aia-iya2009-56%2F&amp;title=%C2%BFComo+se+curva+el+espacio-tiempo%3F' title='Friend Feed' target='_blank' rel='nofollow'><img src='http:\/\/www.emiliosilveravazquez.com\/blog\/wp-content\/plugins\/knxdt-bookmarks-wordpress-plugin\/images\/friendfeed.png'  alt='' class='book_img' border='none' style='margin:1px; padding: 0;'  \/><\/a><\/span><span class='pushbutton'><a href='http:\/\/www.facebook.com\/share.php?u=http%3A%2F%2Fwww.emiliosilveravazquez.com%2Fblog%2F2010%2F05%2F20%2Fano-internacional-de-la-astronomia-2009-en-espana-aia-iya2009-56%2F&amp;t=%C2%BFComo+se+curva+el+espacio-tiempo%3F' title='Facebook' target='_blank' rel='nofollow'><img src='http:\/\/www.emiliosilveravazquez.com\/blog\/wp-content\/plugins\/knxdt-bookmarks-wordpress-plugin\/images\/facebook.png'  alt='' class='book_img' border='none' style='margin:1px; padding: 0;'  \/><\/a><\/span><span class='pushbutton'><a href='http:\/\/twitter.com\/home?status=%C2%BFComo+se+curva+el+espacio-tiempo%3F: http%3A%2F%2Fwww.emiliosilveravazquez.com%2Fblog%2F2010%2F05%2F20%2Fano-internacional-de-la-astronomia-2009-en-espana-aia-iya2009-56%2F' title='Twitter' target='_blank' rel='nofollow'><img src='http:\/\/www.emiliosilveravazquez.com\/blog\/wp-content\/plugins\/knxdt-bookmarks-wordpress-plugin\/images\/twitter.png'  alt='' class='book_img' border='none' style='margin:1px; padding: 0;'  \/><\/a><\/span><span class='pushbutton'><a href='http:\/\/www.feedburner.com\/fb\/a\/emailFlare?itemTitle=%C2%BFComo+se+curva+el+espacio-tiempo%3F&amp;uri=http%3A%2F%2Fwww.emiliosilveravazquez.com%2Fblog%2F2010%2F05%2F20%2Fano-internacional-de-la-astronomia-2009-en-espana-aia-iya2009-56%2F' title='Enviar por Email' target='_blank' rel='nofollow'><img src='http:\/\/www.emiliosilveravazquez.com\/blog\/wp-content\/plugins\/knxdt-bookmarks-wordpress-plugin\/images\/email.png'  alt='' class='book_img' border='none' style='margin:1px; padding: 0;'  \/><\/a><\/span><span style='font-weight:bold; padding-left: 5px;'><a href='http:\/\/wordpress.org\/extend\/plugins\/knxdt-bookmarks-wordpress-plugin\/' title='Plugin' rel='nofollow' target='_blank'>[?]<\/a><\/span><\/td><\/tr><\/table><br\/><br\/><\/div>","protected":false},"excerpt":{"rendered":"<p>Curvatura del Espacio-Tiempo Hay que entender que el espacio-tiempo es la descripci\u00f3n en cuatro dimensiones del universo en la que la posici\u00f3n de un objeto se especifica por tres coordenadas en el espacio y una en el tiempo. De acuerdo con la relatividad especial, no existe un tiempo absoluto que pueda ser medido con independencia [&hellip;]<\/p>\n","protected":false},"author":2,"featured_media":0,"comment_status":"open","ping_status":"open","sticky":false,"template":"","format":"standard","meta":{"_s2mail":"","footnotes":""},"categories":[14],"tags":[],"_links":{"self":[{"href":"http:\/\/www.emiliosilveravazquez.com\/blog\/wp-json\/wp\/v2\/posts\/900"}],"collection":[{"href":"http:\/\/www.emiliosilveravazquez.com\/blog\/wp-json\/wp\/v2\/posts"}],"about":[{"href":"http:\/\/www.emiliosilveravazquez.com\/blog\/wp-json\/wp\/v2\/types\/post"}],"author":[{"embeddable":true,"href":"http:\/\/www.emiliosilveravazquez.com\/blog\/wp-json\/wp\/v2\/users\/2"}],"replies":[{"embeddable":true,"href":"http:\/\/www.emiliosilveravazquez.com\/blog\/wp-json\/wp\/v2\/comments?post=900"}],"version-history":[{"count":0,"href":"http:\/\/www.emiliosilveravazquez.com\/blog\/wp-json\/wp\/v2\/posts\/900\/revisions"}],"wp:attachment":[{"href":"http:\/\/www.emiliosilveravazquez.com\/blog\/wp-json\/wp\/v2\/media?parent=900"}],"wp:term":[{"taxonomy":"category","embeddable":true,"href":"http:\/\/www.emiliosilveravazquez.com\/blog\/wp-json\/wp\/v2\/categories?post=900"},{"taxonomy":"post_tag","embeddable":true,"href":"http:\/\/www.emiliosilveravazquez.com\/blog\/wp-json\/wp\/v2\/tags?post=900"}],"curies":[{"name":"wp","href":"https:\/\/api.w.org\/{rel}","templated":true}]}}