{"id":8989,"date":"2025-03-27T12:14:32","date_gmt":"2025-03-27T11:14:32","guid":{"rendered":"http:\/\/www.emiliosilveravazquez.com\/blog\/?p=8989"},"modified":"2025-03-27T12:14:54","modified_gmt":"2025-03-27T11:14:54","slug":"%c2%a1la-fisica-%c2%bfquien-tendra-la-llave","status":"publish","type":"post","link":"http:\/\/www.emiliosilveravazquez.com\/blog\/2025\/03\/27\/%c2%a1la-fisica-%c2%bfquien-tendra-la-llave\/","title":{"rendered":"\u00a1La F\u00edsica! \u00bfQui\u00e9n tendr\u00e1 la llave?"},"content":{"rendered":"<p><img decoding=\"async\" src=\"https:\/\/upload.wikimedia.org\/wikipedia\/commons\/0\/0c\/Gordykane.jpg\" alt=\"Gordon L. Kane - Wikipedia\" \/><\/p>\n<p style=\"text-align: justify;\"><strong>Gordon Kane (en 2003), un f\u00edsico te\u00f3rico de la Universidad de Michigan, dec\u00eda:<\/strong><\/p>\n<blockquote>\n<p style=\"text-align: justify;\">\u201c\u2026 el Modelo Est\u00e1ndar es, en la historia, la m\u00e1s sofisticada teor\u00eda matem\u00e1tica sobre la naturaleza. A pesar de la palabra \u201cmodelo\u201d en su nombre, el Modelo Est\u00e1ndar es una teor\u00eda comprensiva que identifica las part\u00edculas b\u00e1sicas y especifica c\u00f3mo interact\u00faan. Todo lo que pasa en nuestro mundo (excepto los efectos de la gravedad) es resultado de las part\u00edculas del Modelo Est\u00e1ndar interactuando de acuerdo con sus reglas y ecuaciones\u201d.<\/p>\n<\/blockquote>\n<p>&nbsp;<\/p>\n<p><img decoding=\"async\" src=\"https:\/\/lh3.googleusercontent.com\/proxy\/f9KbL9sJS3ZljQPUBAfaJjDAx0pQ62kLqnWAcqf1StwK8uOCuXkHB4uOspp-AaYx75k9qIxYgTw0LiJjlfuwW2jwjUahmY6s7ohys77PIp-hEqk89oV0WWAZ\" alt=\"La Masa y su Relaci\u00f3n con el Campo de Higgs\" \/><\/p>\n<p>&nbsp;<\/p>\n<p style=\"text-align: justify;\">De acuerdo con el Modelo Est\u00e1ndar, <a href=\"http:\/\/www.emiliosilveravazquez.com\/blog\/2013\/02\/26\/hay-que-ir-mas-alla-del-modelo-estandar\/#\"><a href=\"#\" onclick=\"referencia('leptones',event); return false;\">leptones<\/a><\/a> y <a href=\"http:\/\/www.emiliosilveravazquez.com\/blog\/2013\/02\/26\/hay-que-ir-mas-alla-del-modelo-estandar\/#\">quarks<\/a> son part\u00edculas verdaderamente elementales, en el sentido de que no poseen estructura interna. Las part\u00edculas que tienen estructura interna se llaman <a href=\"http:\/\/www.emiliosilveravazquez.com\/blog\/2013\/02\/26\/hay-que-ir-mas-alla-del-modelo-estandar\/#\"><a href=\"#\" onclick=\"referencia('hadrones',event); return false;\">hadrones<\/a><\/a>; est\u00e1n constituidas por <a href=\"http:\/\/www.emiliosilveravazquez.com\/blog\/2013\/02\/26\/hay-que-ir-mas-alla-del-modelo-estandar\/#\">quarks<\/a>: <a href=\"http:\/\/www.emiliosilveravazquez.com\/blog\/2013\/02\/26\/hay-que-ir-mas-alla-del-modelo-estandar\/#\">bariones<\/a> cuando est\u00e1n formadas por tres <a href=\"http:\/\/www.emiliosilveravazquez.com\/blog\/2013\/02\/26\/hay-que-ir-mas-alla-del-modelo-estandar\/#\">quarks<\/a> o tres anti-quarks, o <a href=\"http:\/\/www.emiliosilveravazquez.com\/blog\/2013\/02\/26\/hay-que-ir-mas-alla-del-modelo-estandar\/#\"><a href=\"#\" onclick=\"referencia('mesones',event); return false;\">mesones<\/a><\/a> cuando est\u00e1n constituidas por un <a href=\"http:\/\/www.emiliosilveravazquez.com\/blog\/2013\/02\/26\/hay-que-ir-mas-alla-del-modelo-estandar\/#\">quark<\/a> y un anti-quark.<\/p>\n<p>&nbsp;<\/p>\n<p style=\"text-align: justify;\"><img decoding=\"async\" loading=\"lazy\" id=\"il_fi\" src=\"http:\/\/noticiasdelaciencia.com\/upload\/img\/periodico\/img_9228.jpg\" alt=\"\" width=\"614\" height=\"475\" \/><\/p>\n<p>&nbsp;<\/p>\n<p style=\"text-align: justify;\">uevos datos del experimento BaBar, una colaboraci\u00f3n internacional que tiene su sede en California, Estados Unidos, fueron analizados recientemente y los resultados obtenidos parecen indicar que existen posibles fallos en el Modelo Est\u00e1ndar de la F\u00edsica de Part\u00edculas, teor\u00eda que hasta el momento es la que explica mejor c\u00f3mo funciona el universo a escalas subat\u00f3micas.<\/p>\n<p>&nbsp;<\/p>\n<p><iframe loading=\"lazy\" title=\"El acelerador de part\u00edculas del CERN se reenciende tras 3 a\u00f1os de &quot;reposo&quot;\" width=\"500\" height=\"281\" src=\"https:\/\/www.youtube.com\/embed\/kSiMPkp_p6c?feature=oembed\" frameborder=\"0\" allow=\"accelerometer; autoplay; clipboard-write; encrypted-media; gyroscope; picture-in-picture; web-share\" referrerpolicy=\"strict-origin-when-cross-origin\" allowfullscreen><\/iframe><\/p>\n<p>&nbsp;<\/p>\n<p style=\"text-align: justify;\">Claro que, ya estamos acostumbrados a que el imparable avance del conocimiento de la f\u00edsica, a medida que se van descubriendo nuevas tecnolog\u00edas, tambi\u00e9n nos posibilite para poder avanzar m\u00e1s y m\u00e1s profundamente en los modelos y teor\u00edas que manejamos y, lo que podemos ir viendo en los nuevos descubrimientos nos ayudan a mejorar los modelos y teor\u00edas actuales para ir adaptando la f\u00edsica a la realidad que la Naturaleza nos muestra.<\/p>\n<p>&nbsp;<\/p>\n<p><iframe loading=\"lazy\" title=\"Ecuaci\u00f3n Modelo Est\u00e1ndar de la F\u00edsica | Tu Minuto de F\u00edsica | At\u00f3mica\" width=\"500\" height=\"281\" src=\"https:\/\/www.youtube.com\/embed\/8Fk3C0DuEBA?feature=oembed\" frameborder=\"0\" allow=\"accelerometer; autoplay; clipboard-write; encrypted-media; gyroscope; picture-in-picture; web-share\" referrerpolicy=\"strict-origin-when-cross-origin\" allowfullscreen><\/iframe><\/p>\n<p>&nbsp;<\/p>\n<p style=\"text-align: justify;\">Sin embargo, y a pesar de ello, lo cierto es que, el llamado Modelo Est\u00e1ndar (en l\u00edneas generales) nos ha servido bien como una teor\u00eda coherente y de extraordinario \u00e9xito en relaci\u00f3n a las interacciones que operan en el Universo. De hecho, el Modelo Est\u00e1ndar incorpora las teor\u00edas relativistas y cu\u00e1nticas de interacciones fuertes, electromagn\u00e9ticas y d\u00e9biles (dejando fuera la Gravedad) que ha superado todas las pruebas con la evidencia experimental, desde las energ\u00edas m\u00e1s peque\u00f1as hasta los millones de millones de electr\u00f3n-voltios que se han alcanzado en los Laboratorios del Fermilab en Illinois; desde la precisi\u00f3n de las medidas de masas de estados ligados o de momentos magn\u00e9ticos, a baja energ\u00eda, hasta las fabulosas del acelerador LEP en el CERN y ahora del LHC los dos en Ginebra.<\/p>\n<p>&nbsp;<\/p>\n<p><img decoding=\"async\" loading=\"lazy\" src=\"http:\/\/upload.wikimedia.org\/wikipedia\/commons\/5\/5d\/Modelo_Estandar.png?uselang=es\" alt=\"http:\/\/upload.wikimedia.org\/wikipedia\/commons\/5\/5d\/Modelo_Estandar.png?uselang=es\" width=\"523\" height=\"523\" \/><\/p>\n<p style=\"text-align: justify;\">Un \u00e1tomo de Helio 4 seg\u00fan el modelo est\u00e1ndar, se muestra de color rojo las interacciones electromagn\u00e9ticas y de color naranja las Fuertes. Entrar en este \u201cuniverso\u201d de lo muy peque\u00f1o resulta verdaderamente fascinante. Ah\u00ed podemos ver cosas que, en la vida cotidiana est\u00e1n ausentes y, nos puede parecer habernos transportado a otro mundo donde las cosas funcionan de otra manera.<\/p>\n<p>&nbsp;<\/p>\n<p>&nbsp;<\/p>\n<p><img decoding=\"async\" loading=\"lazy\" class=\"\" src=\"https:\/\/es.gizmodo.com\/app\/uploads\/2020\/10\/zspqckkn7e6ffjlelyb2.jpg\" alt=\"El LHC descubre una nueva part\u00edcula distinta a la materia conocida\" width=\"627\" height=\"352\" \/><\/p>\n<blockquote><p><strong>Los aceleradores descubren nuevas part\u00edculas<\/strong><\/p><\/blockquote>\n<p style=\"text-align: justify;\">Seg\u00fan el Modelo Est\u00e1ndar, la gran cantidad de part\u00edculas elementales hasta hoy detectadas, cerca de 300, en aceleradores\/colisionadores de part\u00edculas o en rayos c\u00f3smicos, puede ser agrupada en <a href=\"http:\/\/www.emiliosilveravazquez.com\/blog\/2013\/02\/26\/hay-que-ir-mas-alla-del-modelo-estandar\/#\"><a href=\"#\" onclick=\"referencia('leptones',event); return false;\">leptones<\/a><\/a>, <a href=\"http:\/\/www.emiliosilveravazquez.com\/blog\/2013\/02\/26\/hay-que-ir-mas-alla-del-modelo-estandar\/#\">quarks<\/a> y <a href=\"http:\/\/www.emiliosilveravazquez.com\/blog\/2013\/02\/26\/hay-que-ir-mas-alla-del-modelo-estandar\/#\"><a href=\"#\" onclick=\"referencia('hadrones',event); return false;\">hadrones<\/a><\/a> o en <a href=\"http:\/\/www.emiliosilveravazquez.com\/blog\/2013\/02\/26\/hay-que-ir-mas-alla-del-modelo-estandar\/#\"><a href=\"#\" onclick=\"referencia('leptones',event); return false;\">leptones<\/a><\/a> y <a href=\"http:\/\/www.emiliosilveravazquez.com\/blog\/2013\/02\/26\/hay-que-ir-mas-alla-del-modelo-estandar\/#\"><a href=\"#\" onclick=\"referencia('hadrones',event); return false;\">hadrones<\/a><\/a>, ya que los <a href=\"http:\/\/www.emiliosilveravazquez.com\/blog\/2013\/02\/26\/hay-que-ir-mas-alla-del-modelo-estandar\/#\">quarks<\/a> son constituyentes de los <a href=\"http:\/\/www.emiliosilveravazquez.com\/blog\/2013\/02\/26\/hay-que-ir-mas-alla-del-modelo-estandar\/#\"><a href=\"#\" onclick=\"referencia('hadrones',event); return false;\">hadrones<\/a><\/a> o, tambi\u00e9n, en <a href=\"http:\/\/www.emiliosilveravazquez.com\/blog\/2013\/02\/26\/hay-que-ir-mas-alla-del-modelo-estandar\/#\"><a href=\"#\" onclick=\"referencia('leptones',event); return false;\">leptones<\/a><\/a>, <a href=\"http:\/\/www.emiliosilveravazquez.com\/blog\/2013\/02\/26\/hay-que-ir-mas-alla-del-modelo-estandar\/#\">bariones<\/a> y <a href=\"http:\/\/www.emiliosilveravazquez.com\/blog\/2013\/02\/26\/hay-que-ir-mas-alla-del-modelo-estandar\/#\"><a href=\"#\" onclick=\"referencia('mesones',event); return false;\">mesones<\/a><\/a>, pues los <a href=\"http:\/\/www.emiliosilveravazquez.com\/blog\/2013\/02\/26\/hay-que-ir-mas-alla-del-modelo-estandar\/#\"><a href=\"#\" onclick=\"referencia('hadrones',event); return false;\">hadrones<\/a><\/a> pueden ser divididos en <a href=\"http:\/\/www.emiliosilveravazquez.com\/blog\/2013\/02\/26\/hay-que-ir-mas-alla-del-modelo-estandar\/#\">bariones<\/a> y <a href=\"http:\/\/www.emiliosilveravazquez.com\/blog\/2013\/02\/26\/hay-que-ir-mas-alla-del-modelo-estandar\/#\"><a href=\"#\" onclick=\"referencia('mesones',event); return false;\">mesones<\/a><\/a>.<\/p>\n<p style=\"text-align: justify;\">Las interacciones fundamentales tienen lugar como si las part\u00edculas que interact\u00faan \u201cintercambiasen\u201d otras part\u00edculas entre s\u00ed. Esas part\u00edculas mediadoras ser\u00edan los <a href=\"http:\/\/www.emiliosilveravazquez.com\/blog\/2013\/02\/26\/hay-que-ir-mas-alla-del-modelo-estandar\/#\"><a href=\"#\" onclick=\"referencia('foton',event); return false;\">fotones<\/a><\/a> en la interacci\u00f3n electromagn\u00e9tica, los <a href=\"http:\/\/www.emiliosilveravazquez.com\/blog\/2013\/02\/26\/hay-que-ir-mas-alla-del-modelo-estandar\/#\"><a href=\"#\" onclick=\"referencia('gluones',event); return false;\">gluones<\/a><\/a> en la interacci\u00f3n fuerte, las part\u00edculas W y Z en la interacci\u00f3n d\u00e9bil y los <a href=\"http:\/\/www.emiliosilveravazquez.com\/blog\/2013\/02\/26\/hay-que-ir-mas-alla-del-modelo-estandar\/#\"><a href=\"#\" onclick=\"referencia('graviton',event); return false;\">gravitones<\/a><\/a> (a\u00fan no detectados) en la interacci\u00f3n gravitacional. Es decir, part\u00edculas el\u00e9ctricamente cargadas interactuar\u00edan intercambiando <a href=\"http:\/\/www.emiliosilveravazquez.com\/blog\/2013\/02\/26\/hay-que-ir-mas-alla-del-modelo-estandar\/#\"><a href=\"#\" onclick=\"referencia('foton',event); return false;\">fotones<\/a><\/a>, part\u00edculas con carga color interactuar\u00edan intercambiando <a href=\"http:\/\/www.emiliosilveravazquez.com\/blog\/2013\/02\/26\/hay-que-ir-mas-alla-del-modelo-estandar\/#\"><a href=\"#\" onclick=\"referencia('gluones',event); return false;\">gluones<\/a><\/a>, part\u00edculas con carga d\u00e9bil intercambiar\u00edan part\u00edculas W y Z, mientras que part\u00edculas con masa intercambiar\u00edan <a href=\"http:\/\/www.emiliosilveravazquez.com\/blog\/2013\/02\/26\/hay-que-ir-mas-alla-del-modelo-estandar\/#\"><a href=\"#\" onclick=\"referencia('graviton',event); return false;\">gravitones<\/a><\/a>.<\/p>\n<p>&nbsp;<\/p>\n<p>&nbsp;<\/p>\n<p><img decoding=\"async\" loading=\"lazy\" class=\"\" src=\"https:\/\/soloesciencia.com\/wp-content\/uploads\/2020\/06\/sin-tc3adtulo.jpg?w=839\" alt=\"Qu\u00e9 es el Bos\u00f3n de Higgs? \u2013 S\u00f3lo es Ciencia\" width=\"582\" height=\"265\" \/><img decoding=\"async\" src=\"https:\/\/conexioncausal.wordpress.com\/wp-content\/uploads\/2013\/06\/first_z.jpg?w=640\" alt=\"El bos\u00f3n Z cumple 30 a\u00f1os | Conexi\u00f3n causal\" \/><\/p>\n<blockquote><p><strong>Al Gravit\u00f3n lo mantenemos aparte&#8230; \u00a1No se ha podido encontrar!<\/strong><\/p><\/blockquote>\n<p style=\"text-align: justify;\">Las part\u00edculas mediadoras pueden no tener masa, pero tienen energ\u00eda, o sea, son pulsos de energ\u00eda. Por eso, se llaman virtuales. De los cuatro tipos de part\u00edculas mediadoras, las del tipo W y Z tienen masa, pero es com\u00fan que todas sean llamadas part\u00edculas virtuales.<\/p>\n<p style=\"text-align: justify;\">Entonces, se podr\u00eda decir que las part\u00edculas de materia o part\u00edculas reales (<a href=\"http:\/\/www.emiliosilveravazquez.com\/blog\/2013\/02\/26\/hay-que-ir-mas-alla-del-modelo-estandar\/#\"><a href=\"#\" onclick=\"referencia('leptones',event); return false;\">leptones<\/a><\/a>, <a href=\"http:\/\/www.emiliosilveravazquez.com\/blog\/2013\/02\/26\/hay-que-ir-mas-alla-del-modelo-estandar\/#\">quarks<\/a> y <a href=\"http:\/\/www.emiliosilveravazquez.com\/blog\/2013\/02\/26\/hay-que-ir-mas-alla-del-modelo-estandar\/#\"><a href=\"#\" onclick=\"referencia('hadrones',event); return false;\">hadrones<\/a><\/a>) interact\u00faan intercambiando part\u00edculas virtuales (<a href=\"http:\/\/www.emiliosilveravazquez.com\/blog\/2013\/02\/26\/hay-que-ir-mas-alla-del-modelo-estandar\/#\"><a href=\"#\" onclick=\"referencia('foton',event); return false;\">fotones<\/a><\/a>, <a href=\"http:\/\/www.emiliosilveravazquez.com\/blog\/2013\/02\/26\/hay-que-ir-mas-alla-del-modelo-estandar\/#\"><a href=\"#\" onclick=\"referencia('gluones',event); return false;\">gluones<\/a><\/a>, W y Z, y <a href=\"http:\/\/www.emiliosilveravazquez.com\/blog\/2013\/02\/26\/hay-que-ir-mas-alla-del-modelo-estandar\/#\"><a href=\"#\" onclick=\"referencia('graviton',event); return false;\">gravitones<\/a><\/a>). Aqu\u00ed hay que tener en cuenta que las part\u00edculas de materia pueden tener m\u00e1s de una carga, de modo que experimentar\u00edan varias interacciones y fuerzas, pero el \u00e1mbito de la interacci\u00f3n puede variar mucho, de tal manera que en un determinado dominio una cierta interacci\u00f3n puede ser irrelevante. La <a href=\"http:\/\/www.emiliosilveravazquez.com\/blog\/2013\/02\/26\/hay-que-ir-mas-alla-del-modelo-estandar\/#\"><a href=\"#\" onclick=\"referencia('fuerza gravitacional',event); return false;\">fuerza gravitacional<\/a><\/a>, por ejemplo, puede ser despreciada en el dominio subat\u00f3mico. Es decir, aunque existan cuatro interacciones fundamentales, cuatro cargas y cuatro fuerzas, eso no quiere decir que todas las part\u00edculas tengan las cuatro cargas y experimenten las cuatro interacciones. a Gravedad en este \u00e1mbito, es tan peque\u00f1a que, pasa desapercibida para nuestros actuales instrumentos. Y, mientras tanto, seguimos sin saber muchas cosas y formulamos preguntas como: \u00bfPor qu\u00e9 hay algo en vez de nada? \u00bfPor qu\u00e9 hay tantas part\u00edculas elementales diferentes?<\/p>\n<p>&nbsp;<\/p>\n<p><iframe loading=\"lazy\" title=\"Escuchando a la naturaleza: \u00bfel coraz\u00f3n tiene memoria? La simetr\u00eda y las se\u00f1ales de la vida\" width=\"500\" height=\"281\" src=\"https:\/\/www.youtube.com\/embed\/cX-ziE8_VmM?feature=oembed\" frameborder=\"0\" allow=\"accelerometer; autoplay; clipboard-write; encrypted-media; gyroscope; picture-in-picture; web-share\" referrerpolicy=\"strict-origin-when-cross-origin\" allowfullscreen><\/iframe><\/p>\n<p>&nbsp;<\/p>\n<p style=\"text-align: justify;\">La naturaleza de las leyes de simetr\u00eda se encuentran en el coraz\u00f3n de este asunto. O m\u00e1s bien, la ruptura de las simetr\u00edas, tanto las que parecen haber existido en nuestro universo desde el principio como aquellas que han perdido su simetr\u00eda original en alguna parte del camino.<\/p>\n<p>&nbsp;<\/p>\n<p><img decoding=\"async\" loading=\"lazy\" class=\"\" src=\"https:\/\/www.observatoriobioetica.org\/wp-content\/uploads\/2022\/01\/mariposa-scaled.jpg\" alt=\"La simetr\u00eda est\u00e1 en la esencia del universo.\" width=\"261\" height=\"173\" \/><img decoding=\"async\" loading=\"lazy\" class=\"\" src=\"https:\/\/www.lavanguardia.com\/files\/content_image_mobile_filter\/uploads\/2023\/06\/19\/64908cbf1d82f.jpeg\" alt=\"La asombrosa simetr\u00eda de la naturaleza\" width=\"317\" height=\"171\" \/><img decoding=\"async\" loading=\"lazy\" class=\"\" src=\"https:\/\/static.theclinic.cl\/media\/2013\/05\/simetria.jpg\" alt=\"La Naturaleza? \u00a1Simetr\u00eda dentro de la Diversidad! : Blog de Emilio Silvera  V.\" width=\"577\" height=\"408\" \/><\/p>\n<p>&nbsp;<\/p>\n<p style=\"text-align: justify;\">\n<p style=\"text-align: justify;\">La Naturaleza nos ense\u00f1a continuamente la simetr\u00eda pero&#8230; \u00a1Hay que fijarse en las simetr\u00edas rotas para saber<\/p>\n<p style=\"text-align: justify;\">De hecho, todos somos hijos de la simetr\u00eda rota. Ello debi\u00f3 ocurrir inmediatamente despu\u00e9s del <a href=\"http:\/\/www.emiliosilveravazquez.com\/blog\/2013\/02\/26\/hay-que-ir-mas-alla-del-modelo-estandar\/#\"><a href=\"#\" onclick=\"referencia('big bang',event); return false;\">Big Bang<\/a><\/a>, hace unos 14.000 millones de a\u00f1os cuando fueron creadas la materia y la antimateria. El contacto de materia y antimateria es fatal para ambas, se aniquilan mutuamente y se transforman en radiaci\u00f3n. Es evidente que la materia, al final, gan\u00f3 la partida a la antimateria, de otra manera nosotros no estar\u00edamos aqu\u00ed. Pero estamos, y una peque\u00f1a desviaci\u00f3n de la simetr\u00eda perfecta parece que ha sido suficiente \u2013un exceso de una part\u00edcula de materia por cada diez mil millones de part\u00edculas de antimateria fueron suficientes para hacer que nuestro mundo exista-. Este exceso de la materia fue la semilla de nuestro universo, lleno de galaxias, estrellas y planetas y, eventualmente, de vida. Pero lo que hay detr\u00e1s de esta violaci\u00f3n de la simetr\u00eda en el cosmos es a\u00fan un gran misterio y un activo campo de investigaci\u00f3n.<\/p>\n<p>&nbsp;<\/p>\n<p><img decoding=\"async\" src=\"https:\/\/fisquiweb.es\/PNob\/2008\/PartElem.gif\" alt=\"FisQuiWeb. Premios Nobel.\" \/><\/p>\n<p>&nbsp;<\/p>\n<p style=\"text-align: justify;\">La teor\u00eda de las part\u00edculas elementales considera tres formas b\u00e1sicas de simetr\u00eda: simetr\u00eda especular, simetr\u00eda de carga y simetr\u00eda temporal (en el lenguaje de la f\u00edsica la simetr\u00eda especular es denominada P, de paridad; la simetr\u00eda de carga, C y la simetr\u00eda temporal,T).<\/p>\n<p>&nbsp;<\/p>\n<p><img decoding=\"async\" src=\"https:\/\/francis.naukas.com\/files\/2010\/02\/Dibujo20150517-simetrias-c-p-t-cp-cpt-conservacion-y-violacion-slide_37.jpg\" alt=\"Simetr\u00edas C, P, T, CP y CPT - La Ciencia de la Mula Francis\" \/><\/p>\n<p style=\"text-align: justify;\">En la simetr\u00eda especular todos los sucesos ocurren exactamente igual si son observados directamente o reflejados en un espejo. Ello implica que no existe ninguna diferencia entre izquierda y derecha y nadie ser\u00eda capaz de distinguir su propio mundo de otro reflejado en un espejo. La simetr\u00eda de carga predice que las part\u00edculas cargadas se comportar\u00e1n exactamente igual que sus antipart\u00edculas, las cuales tiene exactamente las mismas propiedades pero carga opuesta. Y de acuerdo con la simetr\u00eda temporal, las cosas suceder\u00edan exactamente igual con independencia de que el tiempo transcurra hacia delante o hacia atr\u00e1s.<\/p>\n<p>&nbsp;<\/p>\n<p><img decoding=\"async\" src=\"https:\/\/www.lhc-closer.es\/webapp\/files\/1435504508_adba071e1145439e95c5e18390cd1302.jpg\" alt=\"Acerc\u00e1ndonos al LHC - Modelo est\u00e1ndar\" \/><\/p>\n<p>&nbsp;<\/p>\n<p style=\"text-align: justify;\">El acelerador de part\u00edculas LHC del CERN ha encontrado indicios de lo que podr\u00eda ser una nueva part\u00edcula elemental que podr\u00eda ser la primera que se descubre al margen del Modelo Est\u00e1ndar de la f\u00edsica de part\u00edculas. Podemos profundizar en esta teor\u00eda f\u00edsica, la composici\u00f3n de la materia y en los hallazgos del CERN a partir de distintos recursos interactivos.<\/p>\n<p style=\"text-align: justify;\">\n<p style=\"text-align: justify;\">El Modelo Est\u00e1ndar es una s\u00edntesis de todas las ideas que la f\u00edsica de part\u00edculas ha generado durante m\u00e1s de un siglo. Se asienta sobre la base te\u00f3rica de los principios de simetr\u00eda de la f\u00edsica cu\u00e1ntica y la teor\u00eda de la <a href=\"http:\/\/www.emiliosilveravazquez.com\/blog\/2013\/02\/26\/hay-que-ir-mas-alla-del-modelo-estandar\/#\"><a href=\"#\" onclick=\"referencia('relatividad',event); return false;\">relatividad<\/a><\/a> y ha resistido a innumerables pruebas. No obstante, varias crisis se sucedieron poniendo en peligro el bien construido edificio del modelo. Estas crisis tuvieron lugar porque los f\u00edsicos asum\u00edan que las leyes de la simetr\u00eda eran aplicables al micromundo de las part\u00edculas elementales. Pero esto no era totalmente\u00a0 cierto.<\/p>\n<p>&nbsp;<\/p>\n<p><img decoding=\"async\" loading=\"lazy\" class=\"\" src=\"https:\/\/thechinaproject.com\/wp-content\/uploads\/2020\/05\/Tsung-Dao-Lee-left-and-Chen-Ning-Yang-right.jpg\" alt=\"For science, or the 'motherland'? The dilemma facing China's brightest  minds \u2013 The China Project\" width=\"726\" height=\"485\" \/><\/p>\n<p>&nbsp;<\/p>\n<p style=\"text-align: justify;\">La primera sorpresa surgi\u00f3 en 1956 cuando dos f\u00edsicos te\u00f3ricos chino-americanos, <strong>Tsung Dao Lee y Chen Ning Yang<\/strong> (galardonados con el Premio Nobel al a\u00f1o siguiente, en 1967) comprobaron que la simetr\u00eda especular (simetr\u00eda P) era violada por la fuerza\u00a0 d\u00e9bil.<\/p>\n<p style=\"text-align: justify;\">Una nueva violaci\u00f3n de las leyes de la simetr\u00eda ten\u00eda lugar en la desintegraci\u00f3n de una extra\u00f1a part\u00edcula llamada <a href=\"http:\/\/www.emiliosilveravazquez.com\/blog\/2013\/02\/26\/hay-que-ir-mas-alla-del-modelo-estandar\/#\"><a href=\"#\" onclick=\"referencia('kaon',event); return false;\">ka\u00f3n<\/a><\/a> (Premio Nobel concedido a James Cronin y Val Fitch en 1980). Una peque\u00f1a fracci\u00f3n de los <a href=\"http:\/\/www.emiliosilveravazquez.com\/blog\/2013\/02\/26\/hay-que-ir-mas-alla-del-modelo-estandar\/#\"><a href=\"#\" onclick=\"referencia('kaon',event); return false;\">kaones<\/a><\/a> no segu\u00edan las leyes de la simetr\u00eda especular y de carga; se romp\u00eda la simetr\u00eda CP y se desafiaba la estructura misma de la teor\u00eda.<\/p>\n<p>&nbsp;<\/p>\n<p style=\"text-align: justify;\"><img decoding=\"async\" loading=\"lazy\" id=\"il_fi\" class=\"\" src=\"http:\/\/1.bp.blogspot.com\/-xoRvucrI-W8\/T12hABoXnhI\/AAAAAAAAHaM\/xhJ28uhGP0A\/s1600\/customevent_register.jpg\" alt=\"\" width=\"643\" height=\"325\" \/><\/p>\n<p>&nbsp;<\/p>\n<p style=\"text-align: justify;\">Uno de los m\u00e1s destacados f\u00edsicos experimentadores del CERN, que trabaja con el LHC en busca de las respuestas a las muchas preguntas planteadas que no han sido a\u00fan contestadas por ning\u00fan cient\u00edfico en el \u00e1mbito de la f\u00edsica, impotente ante tanta ignorancia y llevado de su desesperaci\u00f3n dijo:<\/p>\n<p>&nbsp;<\/p>\n<p><img decoding=\"async\" loading=\"lazy\" class=\"\" src=\"https:\/\/encrypted-tbn0.gstatic.com\/images?q=tbn:ANd9GcSfzbyAvPGRXRMMIOKWzRyDuhcfpC_11_3tFw&amp;s\" alt=\"El experimento LHCb reduce el espacio para descubrir nueva f\u00edsica\" width=\"315\" height=\"181\" \/><img decoding=\"async\" loading=\"lazy\" class=\"\" src=\"https:\/\/www.i-cpan.es\/fotos\/experimentos\/LHCb-ordenador.jpg\" alt=\"LHCb | CPAN - Centro Nacional de F\u00edsica de Part\u00edculas, Astropart\u00edculas y  Nuclear\" width=\"247\" height=\"185\" \/><\/p>\n<p>&nbsp;<\/p>\n<blockquote>\n<div style=\"text-align: justify;\">&#8220;Un nuevo experimento desarrollado en el <strong>LHCb<\/strong> del Gran Colisionador de Hadrones (<strong>LHC)<\/strong> de Ginebra ha puesto uno de los l\u00edmites m\u00e1s restrictivos del Modelo Est\u00e1ndar de la F\u00edsica de Part\u00edculas, una teor\u00eda ampliamente contrastada que da cuenta solamente del 4% del Universo visible. Se necesita una nueva f\u00edsica para explicar el 90% restante y los \u00faltimos resultados de <strong>LHCb,<\/strong> que restringen la tasa de desintegraci\u00f3n de los <a href=\"#\" onclick=\"referencia('mesones',event); return false;\">mesones<\/a> Bs, se\u00f1ala la nueva f\u00edsica que podemos esperar.&#8221;<\/div>\n<div><\/div>\n<p style=\"text-align: justify;\"><img decoding=\"async\" loading=\"lazy\" src=\"http:\/\/upload.wikimedia.org\/wikipedia\/commons\/thumb\/f\/fd\/Standard_Model_of_Elementary_Particles-es.svg\/300px-Standard_Model_of_Elementary_Particles-es.svg.png\" alt=\"\" width=\"300\" height=\"323\" \/><\/p>\n<p>&nbsp;<\/p><\/blockquote>\n<p style=\"text-align: justify;\">Como muchos otros modelos que los cient\u00edficos han creado para expresar \u00e9ste o aqu\u00e9l apartado de la Naturaleza, tambi\u00e9n en la f\u00edsica del part\u00edculas y de las interacciones fundamentales se ha creado el Modelo est\u00e1ndar que, no podemos negarlo, ha sido y sigue siendo una extraordinaria herramienta para los f\u00edsicos pero, est\u00e1 incompleto al no incluir la fuerza de Gravedad y, adem\u00e1s, es feo y tiene en su construcci\u00f3n, algunos par\u00e1metros, que no podemos explicar. Sobre todo, choca que cuando tratamos de unir\u00a0 el el mundo de la &#8220;peque\u00f1o&#8221; con el mundo de lo &#8220;grande&#8221;, es decir, la Mec\u00e1nica cu\u00e1ntica con la Relatividad General&#8230; \u00a1Todo se tambalea, los resultados son incomprensibles y, por todas partes, surgen infinitos indeseables que hacen de todo aquello un gran Caos! No podemos poner juntos, los cu\u00e1ntos con la gravedad. Planck y <a href=\"#\" onclick=\"referencia('einstein',event); return false;\">Einstein<\/a> eran amigos pero, sus inventos, no se llevan nada bien.<\/p>\n<p style=\"text-align: justify;\">Y, adem\u00e1s, el Modelo Est\u00e1ndar es feo y complicado:<\/p>\n<p>&nbsp;<\/p>\n<blockquote>\n<p style=\"text-align: justify;\"><img decoding=\"async\" loading=\"lazy\" src=\"http:\/\/upload.wikimedia.org\/wikipedia\/commons\/f\/fe\/Quarks.gif\" alt=\"File:Quarks.gif\" width=\"238\" height=\"182\" \/><\/p>\n<\/blockquote>\n<ol style=\"text-align: justify;\">\n<li><strong>36 <a href=\"#\" onclick=\"referencia('quarks',event); return false;\">quarks<\/a>, que se presentan en 6 \u201csabores\u201d y 3 \u201ccolores\u201d y sus r\u00e9plicas en antimateria para describir las interacciones fuertes.<\/strong><\/li>\n<li><strong>8 campos de <a href=\"#\" onclick=\"referencia('yang mills',event); return false;\">Yang-Mills<\/a> para describir los <a href=\"#\" onclick=\"referencia('gluones',event); return false;\">gluones<\/a>, que ligan los <a href=\"#\" onclick=\"referencia('quarks',event); return false;\">quarks<\/a>.<\/strong><\/li>\n<li><strong>4 campos de <a href=\"#\" onclick=\"referencia('yang mills',event); return false;\">Yang-Mills<\/a> para describir las fuerzas d\u00e9biles y electromagn\u00e9ticas.<\/strong><\/li>\n<li><strong>6 tipos de <a href=\"#\" onclick=\"referencia('leptones',event); return false;\">leptones<\/a> para describir las interacciones d\u00e9biles.<\/strong><\/li>\n<li><strong>Un gran n\u00famero de misteriosas part\u00edculas de \u201c<a href=\"#\" onclick=\"referencia('higgs',event); return false;\">Higgs<\/a>\u201d necesarias para ajustar las masas y las constantes que describen a las part\u00edculas.<\/strong><\/li>\n<li><strong>Al menos 19 constantes arbitrarias que describen las masas de las part\u00edculas y las intensidades de las diversas interacciones.\u00a0 Estas diecinueve constantes deben ser introducidas a la fuerza; no est\u00e1n determinadas en modo alguno por la teor\u00eda (actualmente, las 19 han sido elevadas a 26).<\/strong><\/li>\n<\/ol>\n<p>&nbsp;<\/p>\n<blockquote>\n<p style=\"text-align: justify;\"><img decoding=\"async\" loading=\"lazy\" src=\"http:\/\/upload.wikimedia.org\/wikipedia\/commons\/thumb\/1\/13\/Classical-quantum.svg\/280px-Classical-quantum.svg.png\" alt=\"Part\u00edculas y campos, cl\u00e1sicos y cu\u00e1nticos. Las nociones cl\u00e1sicas de part\u00edcula y campo comparadas con su contrapartida cu\u00e1ntica. Una part\u00edcula cu\u00e1ntica est\u00e1 deslocalizada: su posici\u00f3n se reparte en una distribuci\u00f3n de probabilidad. Un campo cu\u00e1ntico es equivalente a un colectivo de part\u00edculas cu\u00e1nticas.\" width=\"280\" height=\"182\" \/><\/p>\n<\/blockquote>\n<p style=\"text-align: justify;\"><strong>As\u00ed las cosas, est\u00e1 claro que hay que buscar otro modelo.<\/strong><\/p>\n<p style=\"text-align: justify;\">La fealdad del Modelo Est\u00e1ndar puede contrastarse con la simplicidad de las ecuaciones de <a href=\"#\" onclick=\"referencia('einstein',event); return false;\">Einstein<\/a>, en las que todo se deduc\u00eda de primeros principios. Para comprender el contraste est\u00e9tico entre el Modelo Est\u00e1ndar y la teor\u00eda de la <a href=\"#\" onclick=\"referencia('relatividad',event); return false;\">relatividad<\/a> general de <a href=\"#\" onclick=\"referencia('einstein',event); return false;\">Einstein<\/a> debemos comprender que, cuando los f\u00edsicos hablan de \u201cbelleza\u201d en sus teor\u00edas, realmente quieren decir que estas \u201cbellas\u201d teor\u00edas deben poseer al menos dos caracter\u00edsticas esenciales:<\/p>\n<p>&nbsp;<\/p>\n<ol style=\"text-align: justify;\">\n<li><strong>Una simetr\u00eda unificadora.<\/strong><\/li>\n<li><strong>La capacidad de explicar grandes cantidades de datos experimentales con las expresiones matem\u00e1ticas m\u00e1s econ\u00f3micas y, si atendemos la f\u00f3rmula de <a href=\"#\" onclick=\"referencia('einstein',event); return false;\">Einstein<\/a> E = mc<sup>2 <\/sup>, decir m\u00e1s con menos, parece imposible.<\/strong><\/li>\n<\/ol>\n<p style=\"text-align: justify;\">El Modelo Est\u00e1ndar falla en ambos aspectos, mientras que la <a href=\"#\" onclick=\"referencia('relatividad',event); return false;\">relatividad<\/a> general los exhibe, ambos, de manera bien patente. Nunca una teor\u00eda dijo tanto con tan poco; su sencillez es asombrosa y su profundidad incre\u00edble.\u00a0 De hecho, desde que se public\u00f3 en 1.915, no ha dejado de dar frutos, y a\u00fan no se han desvelado todos los mensajes que contiene. De hecho, es curioso como \u00e9stas ecuaciones emergen desde la teor\u00eda de cuerdas en la que subyacen sus postulados.<\/p>\n<p>&nbsp;<\/p>\n<p style=\"text-align: justify;\">\n<blockquote>\n<p style=\"text-align: justify;\"><img decoding=\"async\" loading=\"lazy\" class=\"\" src=\"https:\/\/encrypted-tbn0.gstatic.com\/images?q=tbn:ANd9GcTEKsN6lUJRMdu18o8BLvOFmTqh1M0Y4kWEgw&amp;s\" alt=\"Los fen\u00f3menos que ocurren en el universo, resumidos en elegantes  expresiones matem\u00e1ticas (3). En f\u00edsica, las ecuaciones de campo de Einstein  son un conjunto de diez ecuaciones de la teor\u00eda de la\" width=\"324\" height=\"324\" \/><\/p>\n<p><strong>Ideas asombrosas gestadas por la Mente humana<\/strong><\/p><\/blockquote>\n<p style=\"text-align: justify;\">Esa simple ecuaci\u00f3n de arriba, formulada por <a href=\"#\" onclick=\"referencia('einstein',event); return false;\">Einstein<\/a> en su <a href=\"#\" onclick=\"referencia('relatividad',event); return false;\">relatividad<\/a> general, refleja uno de los m\u00e1s profundos pensamientos de la mente Humana desde que el hombre descubri\u00f3 el mundo f\u00edsico de las cosas y las fuerzas que con la materia interaccionaba. De hecho, a partir de esa ecuaci\u00f3n, se podr\u00eda decir que naci\u00f3 la ciencia cosmol\u00f3gica antes dispersa.<\/p>\n<p>&nbsp;<\/p>\n<blockquote>\n<p style=\"text-align: justify;\"><img decoding=\"async\" loading=\"lazy\" src=\"http:\/\/4.bp.blogspot.com\/-YK6s1CWpoH0\/UL-P4EunXQI\/AAAAAAAABG0\/Bqfu8u1DRsg\/s400\/383099_228243553910456_100001744385396_522040_94415646_n.jpg\" alt=\"\" width=\"400\" height=\"285\" border=\"0\" \/><\/p>\n<p>&nbsp;<\/p><\/blockquote>\n<p style=\"text-align: justify;\">Al contrario de la <a href=\"#\" onclick=\"referencia('relatividad',event); return false;\">relatividad<\/a> general, la simetr\u00eda del Modelo Est\u00e1ndar, est\u00e1 realmente formada empalmando tres simetr\u00edas m\u00e1s peque\u00f1as, una por cada una de las fuerzas; el modelo es espeso e inc\u00f3modo en su forma. Ciertamente no es econ\u00f3mica en modo alguno. Por ejemplo, las ecuaciones de <a href=\"#\" onclick=\"referencia('einstein',event); return false;\">Einstein<\/a>, escritas en su totalidad, s\u00f3lo ocupan unos cent\u00edmetros y ni siquiera llenar\u00eda una l\u00ednea de esta p\u00e1gina. A partir de esta escasa l\u00ednea de ecuaciones, podemos ir m\u00e1s all\u00e1 de las leyes de <a href=\"#\" onclick=\"referencia('newton',event); return false;\">Newton<\/a> y derivar la distorsi\u00f3n del espacio, el <a href=\"#\" onclick=\"referencia('big bang',event); return false;\">Big Bang<\/a> y otros fen\u00f3menos astron\u00f3micos importantes como los <a href=\"#\" onclick=\"referencia('agujero negro',event); return false;\">agujeros negros<\/a>. Por el contrario, s\u00f3lo escribir el Modelo Est\u00e1ndar en su totalidad requerir\u00eda, siendo escueto, un par de p\u00e1ginas de esta libreta y parecer\u00eda un galimat\u00edas de s\u00edmbolos complejos s\u00f3lo entendibles por expertos.<\/p>\n<p>&nbsp;<\/p>\n<blockquote><p><img decoding=\"async\" loading=\"lazy\" class=\"\" src=\"https:\/\/akifrases.com\/imagenes\/henri-poincare.jpg\" alt=\"Henri Poincar\u00e9\" width=\"347\" height=\"468\" \/><\/p>\n<p><strong> Henri Poincar\u00e9<\/strong><\/p><\/blockquote>\n<p style=\"text-align: justify;\">Los cient\u00edficos quieren creer que la naturaleza prefiere la econom\u00eda en sus creaciones y que siempre parece evitar redundancias innecesarias al crear estructuras f\u00edsicas, biol\u00f3gicas y qu\u00edmicas. El matem\u00e1tico franc\u00e9s Henri Poincar\u00e9 lo expres\u00f3 de forma a\u00fan m\u00e1s franca cuando escribi\u00f3: \u201c<em>El cient\u00edfico no estudia la Naturaleza porque es \u00fatil; la estudia porque disfruta con ello, y disfruta con ello porque es bella<\/em>\u201d.<\/p>\n<p>&nbsp;<\/p>\n<blockquote>\n<p style=\"text-align: justify;\"><img decoding=\"async\" loading=\"lazy\" id=\"rg_hi\" src=\"http:\/\/t2.gstatic.com\/images?q=tbn:ANd9GcQUOiy8ArpZcItk0hsTmB8L3DUPQHZgim4VdXKjmF-n2G-FV-TN\" alt=\"\" width=\"234\" height=\"215\" data-height=\"215\" data-width=\"234\" \/><\/p>\n<\/blockquote>\n<p style=\"text-align: justify;\">\u00a0\u00a0\u00a0\u00a0\u00a0\u00a0\u00a0\u00a0\u00a0\u00a0\u00a0<strong>\u00a0\u00a0\u00a0\u00a0\u00a0\u00a0\u00a0\u00a0\u00a0\u00a0\u00a0\u00a0\u00a0 Rutherford<\/strong><\/p>\n<p style=\"text-align: justify;\">E. Rutherford, quien descubri\u00f3 el n\u00facleo del \u00e1tomo (entre otras muchas cosas), dijo una vez: \u201c<em>Toda ciencia es o f\u00edsica o coleccionar sello<\/em>\u201d.\u00a0 Se refer\u00eda a la enorme importancia que tiene la f\u00edsica para la ciencia, aunque se le olvid\u00f3 mencionar que la f\u00edsica est\u00e1 sostenida por las matem\u00e1ticas que la explica.<\/p>\n<p style=\"text-align: justify;\">Pero, a pesar de todos sus inconvenientes, el Modelo Est\u00e1ndar, desde su implantaci\u00f3n, ha cosechado un \u00e9xito tras otro, con sus inconvenientes y sus diecinueve par\u00e1metros aleatorios, lo cierto es que es lo mejor que tenemos por el momento para explicar las familias de part\u00edculas que conforman la materia y c\u00f3mo act\u00faan las fuerzas de la naturaleza, todas las fuerzas menos la gravedad; esa nos la explica a la perfecci\u00f3n y sin fisuras las ecuaciones de <a href=\"#\" onclick=\"referencia('einstein',event); return false;\">Einstein<\/a> de la <a href=\"#\" onclick=\"referencia('relatividad',event); return false;\">relatividad<\/a> general.<\/p>\n<p>&nbsp;<\/p>\n<p><iframe loading=\"lazy\" title=\"\u00bfConoces la super-gravedad?\" width=\"500\" height=\"281\" src=\"https:\/\/www.youtube.com\/embed\/4GtLvOnx-Gg?feature=oembed\" frameborder=\"0\" allow=\"accelerometer; autoplay; clipboard-write; encrypted-media; gyroscope; picture-in-picture; web-share\" referrerpolicy=\"strict-origin-when-cross-origin\" allowfullscreen><\/iframe><\/p>\n<p style=\"text-align: justify;\">\n<p style=\"text-align: justify;\"><strong>\u00a0\u00a0\u00a0\u00a0\u00a0 Llegan nuevas creencias que tienen origen en el pasado cercano<\/strong><\/p>\n<p style=\"text-align: justify;\">Hace tiempo que los f\u00edsicos tratan de mejorar el Modelo Est\u00e1ndar con otras teor\u00edas m\u00e1s avanzadas y modernas que puedan explicar la materia y el espacio-tiempo con mayor amplitud y, sobre todo, incluyendo la gravedad.\u00a0 As\u00ed que retomando la teor\u00eda de Kaluza de la quinta dimensi\u00f3n, se propuso la teor\u00eda de super-gravedad en 1.976 por los f\u00edsicos <strong>Daniel Freedman, Sergio Ferrara y Peter van Nieuwenhuizen<\/strong>, de la Universidad del Estado de Nueva York en Stoney Brook que desarrollaron esta nueva teor\u00eda en un espacio de once dimensiones.<\/p>\n<p>&nbsp;<\/p>\n<p style=\"text-align: justify;\"><img decoding=\"async\" loading=\"lazy\" id=\"il_fi\" class=\"\" src=\"http:\/\/3.bp.blogspot.com\/-rdkTYA8vfiw\/TjrIlom9ddI\/AAAAAAAAAPA\/ZMA2ysEFWEg\/s1600\/lhc-sim.jpg\" alt=\"\" width=\"714\" height=\"249\" \/><\/p>\n<p>&nbsp;<\/p>\n<p style=\"text-align: justify;\">Despu\u00e9s de mucho trabajo, mucho tiempo y mucho presupuesto, por fin, lleg\u00f3 el LHC que, cuando comience sus experimentos nos dir\u00e1 como mejorar el Modelo est\u00e1ndar actual y, seguramente, alguna cosa m\u00e1s. De momento han hecho en buen trabajo en busca del Bos\u00f3n de <a href=\"#\" onclick=\"referencia('higgs',event); return false;\">Higgs<\/a>, uno de esos par\u00e1metros aleatorios incluidos en el modelo y que, seg\u00fan parece, puede haber sido hallado aunque&#8230; mejor dejarlo hasta confirmarlo de manera m\u00e1s fehaciente.<\/p>\n<p style=\"text-align: justify;\">Claro que las cosas no son tan f\u00e1ciles y a pesar del largo camino recorrido, de los muchos instrumentos ideados por el hombre para desvelar los secretos que la Naturaleza esconde, a pesar del LHC y de los que detr\u00e1s de \u00e9l vendr\u00e1n, a pesar de todo eso, al final del camino lo que predominar\u00e1 ser\u00e1 la imaginaci\u00f3n de nuestras mentes que llegar\u00e1n a comprender el por qu\u00e9 de las cosas, de la materia y las fuerzas que con ella interaccionan haciendo de nuestro universo el que podemos contemplar.<\/p>\n<p>&nbsp;<\/p>\n<p>&nbsp;<\/p>\n<p><img decoding=\"async\" src=\"https:\/\/acelerandolaciencia.wordpress.com\/wp-content\/uploads\/2014\/01\/standard-model-particles-and-their-interactions.jpg?w=640\" alt=\"Un vistazo r\u00e1pido al Modelo Est\u00e1ndar de F\u00edsica de Part\u00edculas | Acelerando  la Ciencia\" \/><\/p>\n<p>&nbsp;<\/p>\n<p style=\"text-align: justify;\">\n<p style=\"text-align: justify;\">Como ya se ha explicado el Modelo Est\u00e1ndar comprende todas las part\u00edculas elementales conocidas y tres de las cuatro fuerzas fundamentales. Pero, \u00bfpor qu\u00e9 son estas fuerzas tan diferentes?. \u00bfY por qu\u00e9 las part\u00edculas tienen masas tan diferentes?. La m\u00e1s pesada, el <a href=\"http:\/\/www.emiliosilveravazquez.com\/blog\/2013\/02\/26\/hay-que-ir-mas-alla-del-modelo-estandar\/#\">quark<\/a> top, es m\u00e1s de tres mil cien veces m\u00e1s pesado que el <a href=\"http:\/\/www.emiliosilveravazquez.com\/blog\/2013\/02\/26\/hay-que-ir-mas-alla-del-modelo-estandar\/#\">electr\u00f3n<\/a>. \u00bfPor qu\u00e9 tienen todas masa? La fuerza d\u00e9bil destaca en este aspecto una vez m\u00e1s: sus portadores, las part\u00edculas Z y W son muy pesadas, mientras que el <a href=\"http:\/\/www.emiliosilveravazquez.com\/blog\/2013\/02\/26\/hay-que-ir-mas-alla-del-modelo-estandar\/#\">fot\u00f3n<\/a>, que transmite la <a href=\"http:\/\/www.emiliosilveravazquez.com\/blog\/2013\/02\/26\/hay-que-ir-mas-alla-del-modelo-estandar\/#\"><a href=\"#\" onclick=\"referencia('fuerza electromagnetica',event); return false;\">fuerza electromagn\u00e9tica<\/a><\/a>,\u00a0carece de masa.<\/p>\n<p style=\"text-align: justify;\">La mayor\u00eda de los f\u00edsicos piensa que el llamado mecanismo de <a href=\"http:\/\/www.emiliosilveravazquez.com\/blog\/2013\/02\/26\/hay-que-ir-mas-alla-del-modelo-estandar\/#\"><a href=\"#\" onclick=\"referencia('higgs',event); return false;\">Higgs<\/a><\/a> es el responsable de que la simetr\u00eda original entre fuerzas fuera destruido dando a las part\u00edculas sus masas en las primeras etapas del universo. Una especie de oc\u00e9ano de una sustancia invisible ten\u00eda que permear todo el espacio por el que se &#8220;paseaban&#8221; las part\u00edculas que, al &#8220;arrastrarse&#8221; por ese medio, se ve\u00edan frenadas y, dicha sustancia se quedaba adherida a ellas d\u00e1ndoles masa. Es lo que nuestro visitante, Ram\u00f3n M\u00e1rquez, llama el &#8220;efecto frenado&#8221;.<\/p>\n<p>&nbsp;<\/p>\n<blockquote><p><img decoding=\"async\" src=\"https:\/\/history.aip.org\/phn\/Photos\/nambu_yoichiro_a5.jpg\" alt=\"Nambu, Yoichiro, 1921-2015\" \/><\/p><\/blockquote>\n<p style=\"text-align: justify;\">\n<p style=\"text-align: justify;\">Pero, \u00bfqu\u00e9 viol\u00f3 la simetr\u00eda primera? El camino hacia<\/p>\n<p style=\"text-align: justify;\">ese descubrimiento fue trazado por <strong>Yoichiro Nambu<\/strong> quien, en 1960, fue el primero en introducir la violaci\u00f3n espont\u00e1nea de la simetr\u00eda en la f\u00edsica de part\u00edculas. Es por este descubrimiento por el que se le concede el Premio Nobel de F\u00edsica.<\/p>\n<p style=\"text-align: justify;\">Tenemos algunos ejemplos banales de violaci\u00f3n espont\u00e1nea de la simetr\u00eda en la vida diaria. Un l\u00e1piz en equilibrio sobre su punta lleva una existencia totalmente sim\u00e9trica en la cual todas las direcciones son equivalentes. Pero esta simetr\u00eda se pierde cuando cae -ahora s\u00f3lo una direcci\u00f3n cuenta-. Por otro lado su condici\u00f3n es ahora m\u00e1s estable, el l\u00e1piz no puede volver a caer, ha llegado a su nivel m\u00e1s bajo de energ\u00eda.<\/p>\n<p>&nbsp;<\/p>\n<blockquote>\n<p style=\"text-align: justify;\"><img decoding=\"async\" src=\"https:\/\/fotografias.larazon.es\/clipping\/cmsimages02\/2024\/10\/22\/0AE4FFE8-E42C-4501-A92C-837F857C56B8\/representacion-ilustrativa-tunel-cuantico-contexto-fisica-teorica-esta-representacion-visual-ilustra-concepto-exposicion-particulas-tunelizacion-cuant_92.jpg?crop=3770,2117,x8,y0&amp;width=390&amp;height=219&amp;optimize=high&amp;format=webply\" alt=\"Energ\u00eda del vac\u00edo: crear electricidad de la nada, \u00bfes posible?\" \/><\/p>\n<p>&nbsp;<\/p><\/blockquote>\n<p style=\"text-align: justify;\">El vac\u00edo tiene el nivel de energ\u00eda m\u00e1s bajo posible en el cosmos. En efecto, un vac\u00edo en f\u00edsica es precisamente un estado con la menor energ\u00eda posible. Sin embargo, no est\u00e1 totalmente vac\u00edo. Desde la llegada de la f\u00edsica cu\u00e1ntica, el vac\u00edo est\u00e1 lleno de una burbujeante sopa de part\u00edculas que aparecen e inmediatamente desaparecen en invisibles y ubicuos campos cu\u00e1nticos. Estamos rodeados por campos cu\u00e1nticos que se extienden por el espacio; las cuatro fuerzas fundamentales de la naturaleza tambi\u00e9n son descritas como campos. Uno de ellos, el gravitacional, es conocido por todos nosotros. Es el que nos mantiene pegados a la tierra y determina la direcci\u00f3n arriba-abajo.<\/p>\n<p style=\"text-align: justify;\">Nambu indic\u00f3 que las propiedades del vac\u00edo son de gran inter\u00e9s para el estudio de la rotura espont\u00e1nea de la simetr\u00eda. Un vac\u00edo, que es el estado m\u00e1s bajo de energ\u00eda, no se corresponde con el estado de mayor simetr\u00eda. Tan pronto como el l\u00e1piz se cae, la simetr\u00eda del campo cu\u00e1ntico queda rota y s\u00f3lo una de las muchas direcciones posibles es elegida. En las \u00faltimas d\u00e9cadas los m\u00e9todos de <strong>Nambu<\/strong> para tratar la violaci\u00f3n de la simetr\u00eda espont\u00e1nea en el Modelo Est\u00e1ndar han sido refinados y son frecuentemente usados hoy para calcular los efectos de la fuerza fuerte.<\/p>\n<p>&nbsp;<\/p>\n<p><img decoding=\"async\" loading=\"lazy\" class=\"\" src=\"https:\/\/francis.naukas.com\/files\/2011\/07\/dibujo20110727_flavor_physics_ckm_matrix_and_cp_violation.png\" alt=\"El m\u00e1s all\u00e1 del modelo est\u00e1ndar de las part\u00edculas elementales sin la  supersimetr\u00eda - La Ciencia de la Mula Francis\" width=\"634\" height=\"304\" \/><\/p>\n<p style=\"text-align: justify;\">\n<p style=\"text-align: justify;\"><strong>Hablar de todo esto nos lleva hacia caminos amplios y de un largo recorrido. Otros hablan de lo que habr\u00e1 m\u00e1s all\u00e1 del Modelo Est\u00e1ndar.<\/strong><\/p>\n<p style=\"text-align: justify;\">\u00a1Pero faltan los campos! Los cuatro campos. Sabemos que un cuerpo con masa crea alrededor de s\u00ed un <em>campo gravitacional<\/em>, un campo de fuerza que ejerce una fuerza sobre otro cuerpo masivo y viceversa. An\u00e1logamente, un cuerpo cargado el\u00e9ctricamente, crea un <em>campo electromagn\u00e9tico <\/em>(si est\u00e1 en reposo, se percibe s\u00f3lo su componente el\u00e9ctrico, si est\u00e1 en movimiento se manifiesta tambi\u00e9n el componente magn\u00e9tico) y ejerce una <a href=\"http:\/\/www.emiliosilveravazquez.com\/blog\/2013\/02\/26\/hay-que-ir-mas-alla-del-modelo-estandar\/#\"><a href=\"#\" onclick=\"referencia('fuerza electromagnetica',event); return false;\">fuerza electromagn\u00e9tica<\/a><\/a> sobre otro cuerpo electrizado y viceversa.<\/p>\n<p style=\"text-align: justify;\">De la misma manera, est\u00e1 el <em>campo de la fuerza fuerte <\/em>y el <em>campo de la fuerza d\u00e9bil. <\/em>O sea, hay cuatro campos fundamentales: el electromagn\u00e9tico, el fuerte, el d\u00e9bil y el gravitacional. Las\u00a0 part\u00edculas mediadoras son los cuantos de los campos correspondientes: los <a href=\"http:\/\/www.emiliosilveravazquez.com\/blog\/2013\/02\/26\/hay-que-ir-mas-alla-del-modelo-estandar\/#\"><a href=\"#\" onclick=\"referencia('foton',event); return false;\">fotones<\/a><\/a> son los cuantos del campo electromagn\u00e9tico, los <a href=\"http:\/\/www.emiliosilveravazquez.com\/blog\/2013\/02\/26\/hay-que-ir-mas-alla-del-modelo-estandar\/#\"><a href=\"#\" onclick=\"referencia('gluones',event); return false;\">gluones<\/a><\/a> son los cuantos del campo fuerte, las part\u00edculas W y Z del campo d\u00e9bil y los <a href=\"http:\/\/www.emiliosilveravazquez.com\/blog\/2013\/02\/26\/hay-que-ir-mas-alla-del-modelo-estandar\/#\"><a href=\"#\" onclick=\"referencia('graviton',event); return false;\">gravitones<\/a><\/a> ser\u00edan los cuantos del campo gravitatorio.<\/p>\n<p>&nbsp;<\/p>\n<p style=\"text-align: justify;\"><img decoding=\"async\" loading=\"lazy\" id=\"irc_mi\" style=\"margin-top: 0px;\" src=\"http:\/\/3.bp.blogspot.com\/-v5j90_Jlmnc\/TfiUq13lJqI\/AAAAAAAAAbA\/pi9YROlbO_8\/s1600\/fuerzas-fundamentales-5.jpg\" alt=\"\" width=\"547\" height=\"393\" \/><\/p>\n<p>&nbsp;<\/p>\n<p style=\"text-align: justify;\">En otras palabras, los cuatro campos fundamentales son el campo de <a href=\"http:\/\/www.emiliosilveravazquez.com\/blog\/2013\/02\/26\/hay-que-ir-mas-alla-del-modelo-estandar\/#\"><a href=\"#\" onclick=\"referencia('foton',event); return false;\">fotones<\/a><\/a> (electromagn\u00e9tico), el de <a href=\"http:\/\/www.emiliosilveravazquez.com\/blog\/2013\/02\/26\/hay-que-ir-mas-alla-del-modelo-estandar\/#\"><a href=\"#\" onclick=\"referencia('gluones',event); return false;\">gluones<\/a><\/a> (fuerte), el de part\u00edculas W y Z (d\u00e9bil) y el de <a href=\"http:\/\/www.emiliosilveravazquez.com\/blog\/2013\/02\/26\/hay-que-ir-mas-alla-del-modelo-estandar\/#\"><a href=\"#\" onclick=\"referencia('graviton',event); return false;\">gravitones<\/a><\/a> (gravitacional). El problema en esa bella simetr\u00eda de <em>cuatro cargas<\/em>, <em>cuatro interacciones<\/em>, <em>cuatro fuerzas<\/em>, <em>cuatro tipos de part\u00edculas mediadoras <\/em>y <em>cuatro campos <\/em>es que a\u00fan no fue detectado ning\u00fan <a href=\"http:\/\/www.emiliosilveravazquez.com\/blog\/2013\/02\/26\/hay-que-ir-mas-alla-del-modelo-estandar\/#\"><a href=\"#\" onclick=\"referencia('graviton',event); return false;\">gravit\u00f3n<\/a><\/a> y la gravedad, en s\u00ed, no encaja bien en esa teor\u00eda llamada Modelo Est\u00e1ndar y, por eso precisamente, se dice que es incompleto y que necesitamosm una teor\u00eda cu\u00e1ntica de la Gravedad. En ese aspecto, yo, no las tengo todas conmigo, dado que la fuerza de Gravedad parece una teor\u00eda aparte y no quiere mezclarse con las otras. Sin embargo, dicen los de la teor\u00eda de cuerdas que all\u00ed, s\u00ed encajan las cuatro fuerzas.<\/p>\n<p>&nbsp;<\/p>\n<p>&nbsp;<\/p>\n<p style=\"text-align: justify;\">Mucho, much\u00edsimo nos queda por explicar en relaci\u00f3n al Modelo est\u00e1ndar y a todo lo que en \u00e9l est\u00e1 unido. Sin embargo, en f\u00edsica se avanza poco a poco, vamos conociendo cositas que unidas a otras cositas finalmente forman un todo en el que podemos contemplar una perspectiva m\u00e1s amplia y general y, a veces, hasta puede llegar a ense\u00f1arnos la belleza que encierran esos escenarios que dibuja\u00a0 la Naturaleza y que nosotros, osados, tratamos de descubrir.<\/p>\n<p>&nbsp;<\/p>\n<p><img decoding=\"async\" loading=\"lazy\" class=\"\" src=\"https:\/\/imagenes.20minutos.es\/files\/image_640_auto\/uploads\/imagenes\/2022\/11\/22\/canon-de-takachiho.jpeg\" alt=\"Fotos: 20 espectaculares maravillas naturales y \u00fanicas de Jap\u00f3n | Im\u00e1genes\" width=\"612\" height=\"408\" \/><img decoding=\"async\" src=\"https:\/\/media.istockphoto.com\/id\/1403500817\/es\/foto\/los-craggies-en-las-monta%C3%B1as-blue-ridge.jpg?s=612x612&amp;w=0&amp;k=20&amp;c=Z-MwaW-16JT72Wup9Cs7I5FhGfp6fgiGH8k6l23R07o=\" alt=\"12.277.200+ Belleza De La Naturaleza Fotograf\u00edas de stock, fotos e im\u00e1genes  libres de derechos - iStock | Flores, Paisaje, Nature\" \/><img decoding=\"async\" loading=\"lazy\" class=\"\" src=\"https:\/\/img.freepik.com\/fotos-premium\/imagenes-naturales-capturan-impresionante-belleza-mundo-que-nos-rodea-mostrando-paisajes-impresionantes_1285550-3.jpg\" alt=\"Las im\u00e1genes naturales capturan la impresionante belleza del mundo que nos  rodea mostrando paisajes impresionantes. | Foto Premium\" width=\"607\" height=\"607\" \/><\/p>\n<p style=\"text-align: justify;\">C\u00f3mo podr\u00edamos nosotros imitar lo que hace la Naturaleza. De ella aprendemos, y, no pcoos de los adelantos de los que podemos disfrutar en el presente, son copiados de la Madre Naturaleza que es sabia y nos indica el camino a seguir.<\/p>\n<p style=\"text-align: justify;\"><strong>Emilio Silvera V\u00e1zquez<\/strong><\/p>\n<p>&nbsp;<\/p>\n<div class='bookmark'>\r\n\t\t<table align='left' border='0' cellpadding='0' width='100%'>\r\n\t\t<tr><td><span class='pushbutton'><a href='http:\/\/delicious.com\/post?url=http%3A%2F%2Fwww.emiliosilveravazquez.com%2Fblog%2F2025%2F03%2F27%2F%25c2%25a1la-fisica-%25c2%25bfquien-tendra-la-llave%2F&amp;title=%C2%A1La+F%C3%ADsica%21+%C2%BFQui%C3%A9n+tendr%C3%A1+la+llave%3F' title='Delicious' target='_blank' rel='nofollow'><img src='http:\/\/www.emiliosilveravazquez.com\/blog\/wp-content\/plugins\/knxdt-bookmarks-wordpress-plugin\/images\/delicious.png'  alt='' class='book_img' border='none' style='margin:1px; padding: 0;'  \/><\/a><\/span><span class='pushbutton'><a href='http:\/\/digg.com\/submit?url=http%3A%2F%2Fwww.emiliosilveravazquez.com%2Fblog%2F2025%2F03%2F27%2F%25c2%25a1la-fisica-%25c2%25bfquien-tendra-la-llave%2F&amp;title=%C2%A1La+F%C3%ADsica%21+%C2%BFQui%C3%A9n+tendr%C3%A1+la+llave%3F' title='Digg' target='_blank' rel='nofollow'><img src='http:\/\/www.emiliosilveravazquez.com\/blog\/wp-content\/plugins\/knxdt-bookmarks-wordpress-plugin\/images\/digg.png'  alt='' class='book_img' border='none' style='margin:1px; padding: 0;'  \/><\/a><\/span><span class='pushbutton'><a href='http:\/\/www.google.com\/bookmarks\/mark?op=edit&amp;bkmk=http%3A%2F%2Fwww.emiliosilveravazquez.com%2Fblog%2F2025%2F03%2F27%2F%25c2%25a1la-fisica-%25c2%25bfquien-tendra-la-llave%2F&amp;title=%C2%A1La+F%C3%ADsica%21+%C2%BFQui%C3%A9n+tendr%C3%A1+la+llave%3F' title='Google' target='_blank' rel='nofollow'><img src='http:\/\/www.emiliosilveravazquez.com\/blog\/wp-content\/plugins\/knxdt-bookmarks-wordpress-plugin\/images\/google.png'   alt='' class='book_img' border='none' style='margin:1px; padding: 0;'  \/><\/a><\/span><span class='pushbutton'><a href='http:\/\/myweb2.search.yahoo.com\/myresults\/bookmarklet?u=http%3A%2F%2Fwww.emiliosilveravazquez.com%2Fblog%2F2025%2F03%2F27%2F%25c2%25a1la-fisica-%25c2%25bfquien-tendra-la-llave%2F&amp;t=%C2%A1La+F%C3%ADsica%21+%C2%BFQui%C3%A9n+tendr%C3%A1+la+llave%3F' title='Yahoo' target='_blank' rel='nofollow'><img src='http:\/\/www.emiliosilveravazquez.com\/blog\/wp-content\/plugins\/knxdt-bookmarks-wordpress-plugin\/images\/yahoo.png'  alt='' class='book_img' border='none' style='margin:1px; padding: 0;'  \/><\/a><\/span><span class='pushbutton'><a href='http:\/\/www.technorati.com\/faves?add=http%3A%2F%2Fwww.emiliosilveravazquez.com%2Fblog%2F2025%2F03%2F27%2F%25c2%25a1la-fisica-%25c2%25bfquien-tendra-la-llave%2F' title='Technorati' target='_blank' rel='nofollow'><img src='http:\/\/www.emiliosilveravazquez.com\/blog\/wp-content\/plugins\/knxdt-bookmarks-wordpress-plugin\/images\/technorati.png'  alt='' class='book_img' border='none' style='margin:1px; padding: 0;'  \/><\/a><\/span><span class='pushbutton'><a href='http:\/\/meneame.net\/submit.php?url=http%3A%2F%2Fwww.emiliosilveravazquez.com%2Fblog%2F2025%2F03%2F27%2F%25c2%25a1la-fisica-%25c2%25bfquien-tendra-la-llave%2F' title='Meneame' target='_blank' rel='nofollow'><img src='http:\/\/www.emiliosilveravazquez.com\/blog\/wp-content\/plugins\/knxdt-bookmarks-wordpress-plugin\/images\/meneame.png'  alt='' class='book_img' border='none' style='margin:1px; padding: 0;'  \/><\/a><\/span><span class='pushbutton'><a href='http:\/\/enchilame.com\/submit.php?url=http:\/\/www.emiliosilveravazquez.com\/blog\/2025\/03\/27\/%c2%a1la-fisica-%c2%bfquien-tendra-la-llave\/' target='_blank' rel='nofollow'><img title='Enchilame' src='http:\/\/www.emiliosilveravazquez.com\/blog\/wp-content\/plugins\/knxdt-bookmarks-wordpress-plugin\/images\/enchilame.png'  alt='' class='book_img' border='none' style='margin:1px; padding: 0;'  \/><\/a><\/span><span class='pushbutton'><a href='http:\/\/www.blinklist.com\/index.php?Action=Blink\/addblink.php&amp;Description=&amp;Url=http%3A%2F%2Fwww.emiliosilveravazquez.com%2Fblog%2F2025%2F03%2F27%2F%25c2%25a1la-fisica-%25c2%25bfquien-tendra-la-llave%2F&amp;title=%C2%A1La+F%C3%ADsica%21+%C2%BFQui%C3%A9n+tendr%C3%A1+la+llave%3F' title='BlinkList' target='_blank' rel='nofollow'><img src='http:\/\/www.emiliosilveravazquez.com\/blog\/wp-content\/plugins\/knxdt-bookmarks-wordpress-plugin\/images\/blinklist.png'  alt='' class='book_img' border='none' style='margin:1px; padding: 0;'  \/><\/a><\/span><span class='pushbutton'><a href='http:\/\/reddit.com\/submit?url=http%3A%2F%2Fwww.emiliosilveravazquez.com%2Fblog%2F2025%2F03%2F27%2F%25c2%25a1la-fisica-%25c2%25bfquien-tendra-la-llave%2F&amp;title=%C2%A1La+F%C3%ADsica%21+%C2%BFQui%C3%A9n+tendr%C3%A1+la+llave%3F' title='Reddit' target='_blank' rel='nofollow'><img src='http:\/\/www.emiliosilveravazquez.com\/blog\/wp-content\/plugins\/knxdt-bookmarks-wordpress-plugin\/images\/reddit.png'  alt='' class='book_img' border='none' style='margin:1px; padding: 0;'  \/><\/a><\/span><span class='pushbutton'><a href='http:\/\/www.tecnologiadiaria.com\/2009\/07\/abrir-com-hotmail-correo.html' target='_blank' title='hotmail'><img src='http:\/\/www.emiliosilveravazquez.com\/blog\/wp-content\/plugins\/knxdt-bookmarks-wordpress-plugin\/images\/linklove.png' alt='hotmail correo' class='book_img' border='none' style='margin:1px; padding: 0;' \/><\/a><\/span><span class='pushbutton'><a href='http:\/\/bitacoras.com\/votar\/anotacion\/externo\/mini\/www.emiliosilveravazquez.com\/blog\/2025\/03\/27\/%c2%a1la-fisica-%c2%bfquien-tendra-la-llave\/' title='Bitacoras.com' target='_blank' rel='nofollow'><img src='http:\/\/www.emiliosilveravazquez.com\/blog\/wp-content\/plugins\/knxdt-bookmarks-wordpress-plugin\/images\/bitacoras.png'  alt='' class='book_img' border='none' style='margin:1px; padding: 0;'  \/><\/a><\/span><span class='pushbutton'><a href='http:\/\/www.wikio.es\/vote?url=http%3A%2F%2Fwww.emiliosilveravazquez.com%2Fblog%2F2025%2F03%2F27%2F%25c2%25a1la-fisica-%25c2%25bfquien-tendra-la-llave%2F' title='Wikio' target='_blank' rel='nofollow'><img src='http:\/\/www.emiliosilveravazquez.com\/blog\/wp-content\/plugins\/knxdt-bookmarks-wordpress-plugin\/images\/wikio.png'   alt='' class='book_img' border='none' style='margin:1px; padding: 0;'   \/><\/a><\/span><span class='pushbutton'><a href='http:\/\/friendfeed.com\/?url=http%3A%2F%2Fwww.emiliosilveravazquez.com%2Fblog%2F2025%2F03%2F27%2F%25c2%25a1la-fisica-%25c2%25bfquien-tendra-la-llave%2F&amp;title=%C2%A1La+F%C3%ADsica%21+%C2%BFQui%C3%A9n+tendr%C3%A1+la+llave%3F' title='Friend Feed' target='_blank' rel='nofollow'><img src='http:\/\/www.emiliosilveravazquez.com\/blog\/wp-content\/plugins\/knxdt-bookmarks-wordpress-plugin\/images\/friendfeed.png'  alt='' class='book_img' border='none' style='margin:1px; padding: 0;'  \/><\/a><\/span><span class='pushbutton'><a href='http:\/\/www.facebook.com\/share.php?u=http%3A%2F%2Fwww.emiliosilveravazquez.com%2Fblog%2F2025%2F03%2F27%2F%25c2%25a1la-fisica-%25c2%25bfquien-tendra-la-llave%2F&amp;t=%C2%A1La+F%C3%ADsica%21+%C2%BFQui%C3%A9n+tendr%C3%A1+la+llave%3F' title='Facebook' target='_blank' rel='nofollow'><img src='http:\/\/www.emiliosilveravazquez.com\/blog\/wp-content\/plugins\/knxdt-bookmarks-wordpress-plugin\/images\/facebook.png'  alt='' class='book_img' border='none' style='margin:1px; padding: 0;'  \/><\/a><\/span><span class='pushbutton'><a href='http:\/\/twitter.com\/home?status=%C2%A1La+F%C3%ADsica%21+%C2%BFQui%C3%A9n+tendr%C3%A1+la+llave%3F: http%3A%2F%2Fwww.emiliosilveravazquez.com%2Fblog%2F2025%2F03%2F27%2F%25c2%25a1la-fisica-%25c2%25bfquien-tendra-la-llave%2F' title='Twitter' target='_blank' rel='nofollow'><img src='http:\/\/www.emiliosilveravazquez.com\/blog\/wp-content\/plugins\/knxdt-bookmarks-wordpress-plugin\/images\/twitter.png'  alt='' class='book_img' border='none' style='margin:1px; padding: 0;'  \/><\/a><\/span><span class='pushbutton'><a href='http:\/\/www.feedburner.com\/fb\/a\/emailFlare?itemTitle=%C2%A1La+F%C3%ADsica%21+%C2%BFQui%C3%A9n+tendr%C3%A1+la+llave%3F&amp;uri=http%3A%2F%2Fwww.emiliosilveravazquez.com%2Fblog%2F2025%2F03%2F27%2F%25c2%25a1la-fisica-%25c2%25bfquien-tendra-la-llave%2F' title='Enviar por Email' target='_blank' rel='nofollow'><img src='http:\/\/www.emiliosilveravazquez.com\/blog\/wp-content\/plugins\/knxdt-bookmarks-wordpress-plugin\/images\/email.png'  alt='' class='book_img' border='none' style='margin:1px; padding: 0;'  \/><\/a><\/span><span style='font-weight:bold; padding-left: 5px;'><a href='http:\/\/wordpress.org\/extend\/plugins\/knxdt-bookmarks-wordpress-plugin\/' title='Plugin' rel='nofollow' target='_blank'>[?]<\/a><\/span><\/td><\/tr><\/table><br\/><br\/><\/div>","protected":false},"excerpt":{"rendered":"<p>Gordon Kane (en 2003), un f\u00edsico te\u00f3rico de la Universidad de Michigan, dec\u00eda: \u201c\u2026 el Modelo Est\u00e1ndar es, en la historia, la m\u00e1s sofisticada teor\u00eda matem\u00e1tica sobre la naturaleza. A pesar de la palabra \u201cmodelo\u201d en su nombre, el Modelo Est\u00e1ndar es una teor\u00eda comprensiva que identifica las part\u00edculas b\u00e1sicas y especifica c\u00f3mo interact\u00faan. Todo [&hellip;]<\/p>\n","protected":false},"author":2,"featured_media":0,"comment_status":"open","ping_status":"open","sticky":false,"template":"","format":"standard","meta":{"_s2mail":"yes","footnotes":""},"categories":[6],"tags":[],"_links":{"self":[{"href":"http:\/\/www.emiliosilveravazquez.com\/blog\/wp-json\/wp\/v2\/posts\/8989"}],"collection":[{"href":"http:\/\/www.emiliosilveravazquez.com\/blog\/wp-json\/wp\/v2\/posts"}],"about":[{"href":"http:\/\/www.emiliosilveravazquez.com\/blog\/wp-json\/wp\/v2\/types\/post"}],"author":[{"embeddable":true,"href":"http:\/\/www.emiliosilveravazquez.com\/blog\/wp-json\/wp\/v2\/users\/2"}],"replies":[{"embeddable":true,"href":"http:\/\/www.emiliosilveravazquez.com\/blog\/wp-json\/wp\/v2\/comments?post=8989"}],"version-history":[{"count":0,"href":"http:\/\/www.emiliosilveravazquez.com\/blog\/wp-json\/wp\/v2\/posts\/8989\/revisions"}],"wp:attachment":[{"href":"http:\/\/www.emiliosilveravazquez.com\/blog\/wp-json\/wp\/v2\/media?parent=8989"}],"wp:term":[{"taxonomy":"category","embeddable":true,"href":"http:\/\/www.emiliosilveravazquez.com\/blog\/wp-json\/wp\/v2\/categories?post=8989"},{"taxonomy":"post_tag","embeddable":true,"href":"http:\/\/www.emiliosilveravazquez.com\/blog\/wp-json\/wp\/v2\/tags?post=8989"}],"curies":[{"name":"wp","href":"https:\/\/api.w.org\/{rel}","templated":true}]}}