{"id":8848,"date":"2013-05-27T11:13:56","date_gmt":"2013-05-27T10:13:56","guid":{"rendered":"http:\/\/www.emiliosilveravazquez.com\/blog\/?p=8848"},"modified":"2013-05-27T11:13:56","modified_gmt":"2013-05-27T10:13:56","slug":"la-palma-del-condado","status":"publish","type":"post","link":"http:\/\/www.emiliosilveravazquez.com\/blog\/2013\/05\/27\/la-palma-del-condado\/","title":{"rendered":"La Palma del Condado"},"content":{"rendered":"<p>&nbsp;<\/p>\n<div style=\"width: 266px; float: none; clear: none;\">\n<div style=\"position: relative; padding: 0px; width: 266px;\"><a class=\"image\" title=\"La Palma del Condado\" href=\"http:\/\/commons.wikimedia.org\/wiki\/File:Huelva-loc.svg\"><img decoding=\"async\" loading=\"lazy\" src=\"http:\/\/upload.wikimedia.org\/wikipedia\/commons\/thumb\/e\/e4\/Huelva-loc.svg\/266px-Huelva-loc.svg.png\" alt=\"La Palma del Condado\" width=\"266\" height=\"348\" \/><\/a><\/p>\n<div style=\"position: absolute; z-index: 2; top: 56.7%; left: 66.5%; height: 0; width: 0; margin: 0; padding: 0;\">\n<div style=\"position: relative; text-align: center; left: -6px; top: -6px; width: 12px; font-size: 12px;\"><img decoding=\"async\" loading=\"lazy\" src=\"http:\/\/upload.wikimedia.org\/wikipedia\/commons\/thumb\/d\/d2\/Map_pointer.svg\/12px-Map_pointer.svg.png\" alt=\"\" width=\"12\" height=\"12\" \/><\/div>\n<div style=\"font-size: 90%; line-height: 110%; position: relative; top: -1.5em; width: 6em; left: 0.5em; text-align: left;\"><span style=\"padding: 1px;\">La Palma del Condado<\/span><\/div>\n<\/div>\n<\/div>\n<\/div>\n<p><center><span style=\"font-size: smaller;\">Ubicaci\u00f3n de La Palma del Condado en la provincia de Huelva.<\/span><\/center><center><\/center><center><\/center><\/p>\n<p style=\"text-align: justify;\">Entre todo el patrimonio municipal, se encuentran tres lugares de renombre en la provincia, como son su <strong>Iglesia Parroquial de San Juan Bautista<\/strong> (<a title=\"Siglo XVIII\" href=\"http:\/\/es.wikipedia.org\/wiki\/Siglo_XVIII\">siglo XVIII<\/a>). Su espl\u00e9ndida <strong>Iglesia-Castillo del Valle<\/strong> (lugar donde reside la Patrona de los palmerinos, la Virgen del Valle) y su <a title=\"Ermita\" href=\"http:\/\/es.wikipedia.org\/wiki\/Ermita\">ermita<\/a> reconstruida neo-<a title=\"Mud\u00e9jar\" href=\"http:\/\/es.wikipedia.org\/wiki\/Mud%C3%A9jar\">mud\u00e9jar<\/a> <strong>de San Sebasti\u00e1n<\/strong>.<\/p>\n<p style=\"text-align: justify;\">\n<p style=\"text-align: justify;\"><img decoding=\"async\" loading=\"lazy\" id=\"irc_mi\" style=\"margin-top: 25px;\" src=\"http:\/\/www.fotopaises.com\/Fotos-Paises\/t500\/2008\/8\/13\/5606_1218648239.jpg\" alt=\"\" width=\"439\" height=\"342\" \/><\/p>\n<p style=\"text-align: justify;\">\u00a0 \u00a0 \u00a0 \u00a0 \u00a0 \u00a0 \u00a0 \u00a0 \u00a0 \u00a0 \u00a0 \u00a0 \u00a0 \u00a0 \u00a0\u00a0 Iglesia Parroquial de San Juan Bautista<\/p>\n<p style=\"text-align: justify;\">\n<p style=\"text-align: justify;\"><img decoding=\"async\" loading=\"lazy\" id=\"irc_mi\" style=\"margin-top: 33px;\" src=\"http:\/\/www.andaluciaturismodigital.com\/imagenes\/upload\/200510LaPalma.jpg\" alt=\"\" width=\"400\" height=\"328\" \/><\/p>\n<p style=\"text-align: justify;\">\u00a0\u00a0\u00a0\u00a0\u00a0\u00a0\u00a0\u00a0\u00a0\u00a0\u00a0\u00a0\u00a0\u00a0\u00a0\u00a0\u00a0\u00a0\u00a0\u00a0\u00a0\u00a0\u00a0\u00a0\u00a0\u00a0\u00a0\u00a0\u00a0\u00a0\u00a0\u00a0\u00a0\u00a0\u00a0\u00a0\u00a0\u00a0\u00a0\u00a0\u00a0\u00a0\u00a0\u00a0\u00a0\u00a0\u00a0 Iglesia-Castilla del Valle<\/p>\n<p style=\"text-align: justify;\">\n<p style=\"text-align: justify;\">Tambi\u00e9n podemos encontrar otro lugares, menos conocidos, pero no de menor importancia que los anteriores. Como puede ser <strong>El Castillo de la Reina<\/strong>. Su historia es la de una fortaleza de origen \u00e1rabe que se encuentra bajo protecci\u00f3n por la Declaraci\u00f3n gen\u00e9rica del Decreto de 22 de abril de 1949, y la Ley 16\/1985 sobre el <strong>Patrimonio Hist\u00f3rico Espa\u00f1ol<\/strong><\/p>\n<p style=\"text-align: justify;\">\n<p style=\"text-align: justify;\">\n<p style=\"text-align: justify;\"><img decoding=\"async\" class=\"CSS_LIGHTBOX_SCALED_IMAGE_IMG\" style=\"width: 564px; height: 423px;\" src=\"http:\/\/4.bp.blogspot.com\/-YkL5G4UeTxc\/TsVpHVdZ04I\/AAAAAAAAHms\/BBgfWieolP0\/s1600\/puente+y+rio-1.jpg\" alt=\"\" \/><\/p>\n<p style=\"text-align: justify;\">\n<p style=\"text-align: justify;\">\u00a0 Puente de Gadea por donde pasa el R\u00edo Tinto camino de su desembocadura en el Odiel en Huelva<\/p>\n<p style=\"text-align: justify;\"><img decoding=\"async\" loading=\"lazy\" id=\"irc_mi\" style=\"margin-top: 50px;\" src=\"http:\/\/www.redes-cepalcala.org\/ciencias1\/Images\/molinos\/molinos_huelva\/rio.tinto\/molino_rio.tinto_palma.condado_f_4.jpg\" alt=\"\" width=\"489\" height=\"367\" \/><\/p>\n<p style=\"text-align: justify;\">\n<p style=\"text-align: justify;\">\u00a0Meandros y antiguas construcciones jalonan su recorrido camino de su destino. Como soy esp\u00edritu inquieto, todas estas im\u00e1genes me traen al recuerdo aquellos d\u00edas en los que, con mis hijos, entonces peque\u00f1os, los llevaba a estos lugares para sus juegos y correr\u00edas al mismo tiempo que les daba a conocer la provincia.<\/p>\n<p style=\"text-align: justify;\">\n<p style=\"text-align: justify;\"><img decoding=\"async\" src=\"http:\/\/photos.eltiempo.es.s3.amazonaws.com\/19\/27\/fd21805b98058c8c6f3447ac7ca18cb5_720x560.jpg\" alt=\"\" \/><\/p>\n<p style=\"text-align: justify;\">\u00a0\u00a0\u00a0\u00a0\u00a0\u00a0\u00a0\u00a0\u00a0\u00a0\u00a0\u00a0\u00a0\u00a0\u00a0\u00a0\u00a0\u00a0\u00a0\u00a0\u00a0 Las misma vista contemplada desde otro \u00e1ngulo, otra perspectiva<\/p>\n<p style=\"text-align: justify;\">\n<p style=\"text-align: justify;\">El Pueblo, eminentemente agr\u00edcola y sobre todo, dedicado a la producci\u00f3n de vino en sus grandes bodegas, es tranquilo y de un vivir armionioso. Su gente sana y amable, un lugar donde pasar el d\u00eda y poder contemplar todo lo que el pueblo ofrece. Sus calles, al menos algunas me matavillan por su arquitectura, limpieza y como conjunto urbano.<\/p>\n<p style=\"text-align: justify;\"><img decoding=\"async\" loading=\"lazy\" id=\"irc_mi\" style=\"margin-top: 48px;\" src=\"http:\/\/trapatroles.files.wordpress.com\/2011\/11\/10-calle-palma-del-condado.jpg\" alt=\"\" width=\"439\" height=\"296\" \/><img decoding=\"async\" loading=\"lazy\" id=\"irc_mi\" style=\"margin-top: 50px;\" src=\"http:\/\/fotos.lavozdigital.es\/200908\/dsc_0269-640x640x80.jpg\" alt=\"\" width=\"439\" height=\"294\" \/><img decoding=\"async\" loading=\"lazy\" id=\"irc_mi\" style=\"margin-top: 32px;\" src=\"http:\/\/archivos.wikanda.es\/huelvapedia\/Rondalegionarios.JPG\" alt=\"\" width=\"439\" height=\"329\" \/><\/p>\n<p style=\"text-align: justify;\">\n<p style=\"text-align: justify;\">La poblaci\u00f3n es trabajadora y siendo eminentemente agr\u00edcola, durante el d\u00eda la actividad principal se desarrolla en los vi\u00f1edos donde con primor se cuidan los campos de uvas que m\u00e1s tarde, ir\u00e1n a las Bodegas para la elaboraci\u00f3n del Vino. Aqu\u00ed, en La Palma del Condado, se elabora el famoso Co\u00f1ac Luis Felipe.<\/p>\n<p style=\"text-align: justify;\">Como todo buen Pueblo que se precie, tiene sus fiestas y la de la Crus de Mayo, llena las calles de gente que, con alegr\u00eda y jolgorio se la pasan en grande (sobre todo los j\u00f3venes que aprovechan esos momentos para confraternizar y divertirse).<\/p>\n<p style=\"text-align: justify;\">\n<p style=\"text-align: justify;\">\n<p style=\"text-align: justify;\"><img decoding=\"async\" loading=\"lazy\" id=\"irc_mi\" src=\"http:\/\/imagenes.forociudad.com\/fotos\/139466-la-palma-del-condado-santa-cruz-calle-sevilla.jpg\" alt=\"\" width=\"314\" height=\"393\" \/><img decoding=\"async\" loading=\"lazy\" id=\"irc_mi\" style=\"margin-top: 0px;\" src=\"http:\/\/2.bp.blogspot.com\/-xmBkuYb6gJQ\/TVVLANf6WoI\/AAAAAAAAFAk\/88_DNejHFvw\/s1600\/80.jpg\" alt=\"\" width=\"261\" height=\"393\" \/><\/p>\n<p style=\"text-align: justify;\"><img decoding=\"async\" title=\"Cruz de la Calle Sevilla\" src=\"http:\/\/imagenes.forociudad.com\/fotos\/137677-la-palma-del-condado-cruz-de-la-calle-sevilla.jpg\" alt=\"Cruz de la Calle Sevilla\" \/><\/p>\n<p style=\"text-align: justify;\">\n<p style=\"text-align: justify;\">Claro que no todo son fiestas y tambi\u00e9n, como en todas partes, el trabao es duro y conseguir lo que se quiere cuesta un gran esfuerzo.<\/p>\n<p style=\"text-align: justify;\"><img decoding=\"async\" loading=\"lazy\" id=\"irc_mi\" style=\"margin-top: 74px;\" src=\"http:\/\/blogs.canalsur.es\/saladeprensa\/files\/09_21_10_Vinosdelcondado.jpg\" alt=\"\" width=\"300\" height=\"245\" \/><img decoding=\"async\" loading=\"lazy\" id=\"irc_mi\" style=\"margin-top: 100px;\" src=\"http:\/\/www.elle.es\/var\/ellees\/storage\/images\/viajes\/escapadas\/la-palma-del-condado\/6959895-1-esl-ES\/la-palma-del-condado_bloqueTresCuadrada.jpg\" alt=\"\" width=\"194\" height=\"194\" \/><\/p>\n<p style=\"text-align: justify;\">\n<p style=\"text-align: justify;\">La plenitud del hombre\/mujer que se alcanza a trav\u00e9s del trabajo que cada cual ha elegido en su vida<\/p>\n<p style=\"text-align: justify;\">\n<p style=\"text-align: justify;\"><img decoding=\"async\" loading=\"lazy\" id=\"irc_mi\" src=\"http:\/\/2.bp.blogspot.com\/_hGvFuExx41k\/R1F0XjfUktI\/AAAAAAAAAeU\/AMhDkTdhdOM\/s1600-R\/salas02.JPG\" alt=\"\" width=\"295\" height=\"393\" \/><\/p>\n<p style=\"text-align: justify;\">\n<p style=\"text-align: justify;\">Grandes y viejas Bodegas del pasado que han dejado paso a m\u00e1s modernas estructuras y m\u00e9todos de elaboraci\u00f3n en los que, los viejos espectos intuitivos han dado paso a los qu\u00edmicos titulados. Cuando veo ah\u00ed ese nombre\u00a0 &#8220;S A L A S&#8221;, no puedo dejar de recordar la imagen de aquel empresario de La Palma del Condado, que era el arquetipo del hombre honrado y trabajador que con un apret\u00f3n de manos sellaba sus contratos. Hoy, pensar en que cosas as\u00ed puedan ocurrir es&#8230; un sue\u00f1o.<\/p>\n<p style=\"text-align: justify;\"><img decoding=\"async\" loading=\"lazy\" id=\"irc_mi\" style=\"margin-top: 32px;\" src=\"http:\/\/media-cdn.tripadvisor.com\/media\/photo-s\/03\/74\/d9\/c9\/taberna-el-chocaito.jpg\" alt=\"\" width=\"439\" height=\"329\" \/><img decoding=\"async\" loading=\"lazy\" id=\"irc_mi\" style=\"margin-top: 32px;\" src=\"http:\/\/www.cexjerez.com\/images\/2012\/act117_54.jpg\" alt=\"\" width=\"439\" height=\"329\" \/><img decoding=\"async\" loading=\"lazy\" id=\"irc_mi\" style=\"margin-top: 39px;\" src=\"http:\/\/tabernaelchocaito.restaurantesok.com\/aquiok\/fotos\/12154\/10.jpg\" alt=\"\" width=\"420\" height=\"315\" \/><\/p>\n<p style=\"text-align: justify;\">\n<p style=\"text-align: justify;\">Sin grandes lujos pero con calidad, en la Taberna El Chocaito de La Palma del Condado, puede el visitante saciar el hambre por una m\u00f3dica cantidad que le dar\u00e1 para degustar los m\u00e1s variados platos desde los mariscos de Huelva hasta el Jam\u00f3n de Jabugo.<\/p>\n<p style=\"text-align: justify;\">\n<p style=\"text-align: justify;\">\n<p style=\"text-align: justify;\"><img decoding=\"async\" loading=\"lazy\" class=\"decoded\" style=\"cursor: -moz-zoom-in;\" src=\"http:\/\/blogs.canalsur.es\/saladeprensa\/files\/11_12_11_Palma_del_Condado.jpg\" alt=\"http:\/\/blogs.canalsur.es\/saladeprensa\/files\/11_12_11_Palma_del_Condado.jpg\" width=\"762\" height=\"508\" \/><\/p>\n<p style=\"text-align: justify;\">\n<p style=\"text-align: justify;\">Este, como otros muchos pueblos de Huelva, merecen una visita y, para aquellos que puedan permitirse el lujo de viajar, aqu\u00ed les dejo esta referencia que, por otra parte es voluntaria y sin \u00e1nimo de lucro, toda vez que s\u00f3lo se trata (como ya hice otro d\u00eda con Jabugo), de dar a conocer los pueblos de mi entorno.<\/p>\n<p style=\"text-align: justify;\">emilio silvera<\/p>\n<div class='bookmark'>\r\n\t\t<table align='left' border='0' cellpadding='0' width='100%'>\r\n\t\t<tr><td><span class='pushbutton'><a href='http:\/\/delicious.com\/post?url=http%3A%2F%2Fwww.emiliosilveravazquez.com%2Fblog%2F2013%2F05%2F27%2Fla-palma-del-condado%2F&amp;title=La+Palma+del+Condado' title='Delicious' target='_blank' rel='nofollow'><img src='http:\/\/www.emiliosilveravazquez.com\/blog\/wp-content\/plugins\/knxdt-bookmarks-wordpress-plugin\/images\/delicious.png'  alt='' class='book_img' border='none' style='margin:1px; padding: 0;'  \/><\/a><\/span><span class='pushbutton'><a href='http:\/\/digg.com\/submit?url=http%3A%2F%2Fwww.emiliosilveravazquez.com%2Fblog%2F2013%2F05%2F27%2Fla-palma-del-condado%2F&amp;title=La+Palma+del+Condado' title='Digg' target='_blank' rel='nofollow'><img src='http:\/\/www.emiliosilveravazquez.com\/blog\/wp-content\/plugins\/knxdt-bookmarks-wordpress-plugin\/images\/digg.png'  alt='' class='book_img' border='none' style='margin:1px; padding: 0;'  \/><\/a><\/span><span class='pushbutton'><a href='http:\/\/www.google.com\/bookmarks\/mark?op=edit&amp;bkmk=http%3A%2F%2Fwww.emiliosilveravazquez.com%2Fblog%2F2013%2F05%2F27%2Fla-palma-del-condado%2F&amp;title=La+Palma+del+Condado' title='Google' target='_blank' rel='nofollow'><img src='http:\/\/www.emiliosilveravazquez.com\/blog\/wp-content\/plugins\/knxdt-bookmarks-wordpress-plugin\/images\/google.png'   alt='' class='book_img' border='none' style='margin:1px; padding: 0;'  \/><\/a><\/span><span class='pushbutton'><a href='http:\/\/myweb2.search.yahoo.com\/myresults\/bookmarklet?u=http%3A%2F%2Fwww.emiliosilveravazquez.com%2Fblog%2F2013%2F05%2F27%2Fla-palma-del-condado%2F&amp;t=La+Palma+del+Condado' title='Yahoo' target='_blank' rel='nofollow'><img src='http:\/\/www.emiliosilveravazquez.com\/blog\/wp-content\/plugins\/knxdt-bookmarks-wordpress-plugin\/images\/yahoo.png'  alt='' class='book_img' border='none' style='margin:1px; padding: 0;'  \/><\/a><\/span><span class='pushbutton'><a href='http:\/\/www.technorati.com\/faves?add=http%3A%2F%2Fwww.emiliosilveravazquez.com%2Fblog%2F2013%2F05%2F27%2Fla-palma-del-condado%2F' title='Technorati' target='_blank' rel='nofollow'><img src='http:\/\/www.emiliosilveravazquez.com\/blog\/wp-content\/plugins\/knxdt-bookmarks-wordpress-plugin\/images\/technorati.png'  alt='' class='book_img' border='none' style='margin:1px; padding: 0;'  \/><\/a><\/span><span class='pushbutton'><a href='http:\/\/meneame.net\/submit.php?url=http%3A%2F%2Fwww.emiliosilveravazquez.com%2Fblog%2F2013%2F05%2F27%2Fla-palma-del-condado%2F' title='Meneame' target='_blank' rel='nofollow'><img src='http:\/\/www.emiliosilveravazquez.com\/blog\/wp-content\/plugins\/knxdt-bookmarks-wordpress-plugin\/images\/meneame.png'  alt='' class='book_img' border='none' style='margin:1px; padding: 0;'  \/><\/a><\/span><span class='pushbutton'><a href='http:\/\/enchilame.com\/submit.php?url=http:\/\/www.emiliosilveravazquez.com\/blog\/2013\/05\/27\/la-palma-del-condado\/' target='_blank' rel='nofollow'><img title='Enchilame' src='http:\/\/www.emiliosilveravazquez.com\/blog\/wp-content\/plugins\/knxdt-bookmarks-wordpress-plugin\/images\/enchilame.png'  alt='' class='book_img' border='none' style='margin:1px; padding: 0;'  \/><\/a><\/span><span class='pushbutton'><a href='http:\/\/www.blinklist.com\/index.php?Action=Blink\/addblink.php&amp;Description=&amp;Url=http%3A%2F%2Fwww.emiliosilveravazquez.com%2Fblog%2F2013%2F05%2F27%2Fla-palma-del-condado%2F&amp;title=La+Palma+del+Condado' title='BlinkList' target='_blank' rel='nofollow'><img src='http:\/\/www.emiliosilveravazquez.com\/blog\/wp-content\/plugins\/knxdt-bookmarks-wordpress-plugin\/images\/blinklist.png'  alt='' class='book_img' border='none' style='margin:1px; padding: 0;'  \/><\/a><\/span><span class='pushbutton'><a href='http:\/\/reddit.com\/submit?url=http%3A%2F%2Fwww.emiliosilveravazquez.com%2Fblog%2F2013%2F05%2F27%2Fla-palma-del-condado%2F&amp;title=La+Palma+del+Condado' title='Reddit' target='_blank' rel='nofollow'><img src='http:\/\/www.emiliosilveravazquez.com\/blog\/wp-content\/plugins\/knxdt-bookmarks-wordpress-plugin\/images\/reddit.png'  alt='' class='book_img' border='none' style='margin:1px; padding: 0;'  \/><\/a><\/span><span class='pushbutton'><a href='http:\/\/www.tecnologiadiaria.com\/2009\/07\/abrir-com-hotmail-correo.html' target='_blank' title='hotmail'><img src='http:\/\/www.emiliosilveravazquez.com\/blog\/wp-content\/plugins\/knxdt-bookmarks-wordpress-plugin\/images\/linklove.png' alt='hotmail correo' class='book_img' border='none' style='margin:1px; padding: 0;' \/><\/a><\/span><span class='pushbutton'><a href='http:\/\/bitacoras.com\/votar\/anotacion\/externo\/mini\/www.emiliosilveravazquez.com\/blog\/2013\/05\/27\/la-palma-del-condado\/' title='Bitacoras.com' target='_blank' rel='nofollow'><img src='http:\/\/www.emiliosilveravazquez.com\/blog\/wp-content\/plugins\/knxdt-bookmarks-wordpress-plugin\/images\/bitacoras.png'  alt='' class='book_img' border='none' style='margin:1px; padding: 0;'  \/><\/a><\/span><span class='pushbutton'><a href='http:\/\/www.wikio.es\/vote?url=http%3A%2F%2Fwww.emiliosilveravazquez.com%2Fblog%2F2013%2F05%2F27%2Fla-palma-del-condado%2F' title='Wikio' target='_blank' rel='nofollow'><img src='http:\/\/www.emiliosilveravazquez.com\/blog\/wp-content\/plugins\/knxdt-bookmarks-wordpress-plugin\/images\/wikio.png'   alt='' class='book_img' border='none' style='margin:1px; padding: 0;'   \/><\/a><\/span><span class='pushbutton'><a href='http:\/\/friendfeed.com\/?url=http%3A%2F%2Fwww.emiliosilveravazquez.com%2Fblog%2F2013%2F05%2F27%2Fla-palma-del-condado%2F&amp;title=La+Palma+del+Condado' title='Friend Feed' target='_blank' rel='nofollow'><img src='http:\/\/www.emiliosilveravazquez.com\/blog\/wp-content\/plugins\/knxdt-bookmarks-wordpress-plugin\/images\/friendfeed.png'  alt='' class='book_img' border='none' style='margin:1px; padding: 0;'  \/><\/a><\/span><span class='pushbutton'><a href='http:\/\/www.facebook.com\/share.php?u=http%3A%2F%2Fwww.emiliosilveravazquez.com%2Fblog%2F2013%2F05%2F27%2Fla-palma-del-condado%2F&amp;t=La+Palma+del+Condado' title='Facebook' target='_blank' rel='nofollow'><img src='http:\/\/www.emiliosilveravazquez.com\/blog\/wp-content\/plugins\/knxdt-bookmarks-wordpress-plugin\/images\/facebook.png'  alt='' class='book_img' border='none' style='margin:1px; padding: 0;'  \/><\/a><\/span><span class='pushbutton'><a href='http:\/\/twitter.com\/home?status=La+Palma+del+Condado: http%3A%2F%2Fwww.emiliosilveravazquez.com%2Fblog%2F2013%2F05%2F27%2Fla-palma-del-condado%2F' title='Twitter' target='_blank' rel='nofollow'><img src='http:\/\/www.emiliosilveravazquez.com\/blog\/wp-content\/plugins\/knxdt-bookmarks-wordpress-plugin\/images\/twitter.png'  alt='' class='book_img' border='none' style='margin:1px; padding: 0;'  \/><\/a><\/span><span class='pushbutton'><a href='http:\/\/www.feedburner.com\/fb\/a\/emailFlare?itemTitle=La+Palma+del+Condado&amp;uri=http%3A%2F%2Fwww.emiliosilveravazquez.com%2Fblog%2F2013%2F05%2F27%2Fla-palma-del-condado%2F' title='Enviar por Email' target='_blank' rel='nofollow'><img src='http:\/\/www.emiliosilveravazquez.com\/blog\/wp-content\/plugins\/knxdt-bookmarks-wordpress-plugin\/images\/email.png'  alt='' class='book_img' border='none' style='margin:1px; padding: 0;'  \/><\/a><\/span><span style='font-weight:bold; padding-left: 5px;'><a href='http:\/\/wordpress.org\/extend\/plugins\/knxdt-bookmarks-wordpress-plugin\/' title='Plugin' rel='nofollow' target='_blank'>[?]<\/a><\/span><\/td><\/tr><\/table><br\/><br\/><\/div>","protected":false},"excerpt":{"rendered":"<p>&nbsp; La Palma del Condado Ubicaci\u00f3n de La Palma del Condado en la provincia de Huelva. Entre todo el patrimonio municipal, se encuentran tres lugares de renombre en la provincia, como son su Iglesia Parroquial de San Juan Bautista (siglo XVIII). Su espl\u00e9ndida Iglesia-Castillo del Valle (lugar donde reside la Patrona de los palmerinos, la [&hellip;]<\/p>\n","protected":false},"author":2,"featured_media":0,"comment_status":"open","ping_status":"open","sticky":false,"template":"","format":"standard","meta":{"_s2mail":"yes","footnotes":""},"categories":[227],"tags":[],"_links":{"self":[{"href":"http:\/\/www.emiliosilveravazquez.com\/blog\/wp-json\/wp\/v2\/posts\/8848"}],"collection":[{"href":"http:\/\/www.emiliosilveravazquez.com\/blog\/wp-json\/wp\/v2\/posts"}],"about":[{"href":"http:\/\/www.emiliosilveravazquez.com\/blog\/wp-json\/wp\/v2\/types\/post"}],"author":[{"embeddable":true,"href":"http:\/\/www.emiliosilveravazquez.com\/blog\/wp-json\/wp\/v2\/users\/2"}],"replies":[{"embeddable":true,"href":"http:\/\/www.emiliosilveravazquez.com\/blog\/wp-json\/wp\/v2\/comments?post=8848"}],"version-history":[{"count":0,"href":"http:\/\/www.emiliosilveravazquez.com\/blog\/wp-json\/wp\/v2\/posts\/8848\/revisions"}],"wp:attachment":[{"href":"http:\/\/www.emiliosilveravazquez.com\/blog\/wp-json\/wp\/v2\/media?parent=8848"}],"wp:term":[{"taxonomy":"category","embeddable":true,"href":"http:\/\/www.emiliosilveravazquez.com\/blog\/wp-json\/wp\/v2\/categories?post=8848"},{"taxonomy":"post_tag","embeddable":true,"href":"http:\/\/www.emiliosilveravazquez.com\/blog\/wp-json\/wp\/v2\/tags?post=8848"}],"curies":[{"name":"wp","href":"https:\/\/api.w.org\/{rel}","templated":true}]}}