{"id":876,"date":"2012-06-03T06:00:15","date_gmt":"2012-06-03T05:00:15","guid":{"rendered":"http:\/\/www.emiliosilveravazquez.com\/blog\/?p=876"},"modified":"2012-06-03T11:03:01","modified_gmt":"2012-06-03T10:03:01","slug":"el-modelo-estandar-la-relatividad-y-la-teoria-m","status":"publish","type":"post","link":"http:\/\/www.emiliosilveravazquez.com\/blog\/2012\/06\/03\/el-modelo-estandar-la-relatividad-y-la-teoria-m\/","title":{"rendered":"El Modelo Est\u00e1ndar, la Relatividad y la Teor\u00eda M"},"content":{"rendered":"<p style=\"text-align: justify;\">Los cient\u00edficos quieren creer que la naturaleza prefiere la econom\u00eda en sus creaciones y que siempre parece evitar redundancias innecesarias al crear estructuras f\u00edsicas, biol\u00f3gicas y qu\u00edmicas.<\/p>\n<p style=\"text-align: justify;\">El matem\u00e1tico franc\u00e9s Henri Poincar\u00e9 lo expres\u00f3 de forma a\u00fan m\u00e1s franca cuando escribi\u00f3: \u201c<em style=\"mso-bidi-font-style: normal;\">El cient\u00edfico no estudia la Naturaleza porque es \u00fatil; la estudia porque disfruta con ello, y disfruta con ello porque es bella<\/em>\u201d.<\/p>\n<p style=\"text-align: justify;\">E. Rutherford, quien descubri\u00f3 el n\u00facleo del \u00e1tomo (entre otras muchas cosas), dijo una vez: \u201c<em style=\"mso-bidi-font-style: normal;\">Toda ciencia es o f\u00edsica o coleccionar sello<\/em>\u201d.<span style=\"mso-spacerun: yes;\"> Se refer\u00eda a la enorme importancia que tiene la f\u00edsica para la ciencia, aunque se le olvid\u00f3 mencionar que la f\u00edsica est\u00e1 sostenida por las matem\u00e1ticas que la explica.<\/span><\/p>\n<p style=\"text-align: justify;\">Pero, a pesar de todos sus inconvenientes, el Modelo Est\u00e1ndar, desde su implantaci\u00f3n, ha cosechado un \u00e9xito tras otro, con sus inconvenientes y sus diecinueve par\u00e1metros aleatorios, lo cierto es que es lo mejor que tenemos por el momento para explicar las familias de part\u00edculas que conforman la materia y c\u00f3mo act\u00faan las fuerzas de la naturaleza, todas las fuerzas menos la gravedad; esa nos la explica a la perfecci\u00f3n y sin fisuras las ecuaciones de <a href=\"#\" onclick=\"referencia('einstein',event); return false;\">Einstein<\/a> de la <a href=\"#\" onclick=\"referencia('relatividad',event); return false;\">relatividad<\/a> general.<\/p>\n<p style=\"text-align: justify;\">Hace tiempo que los f\u00edsicos tratan de mejorar el Modelo Est\u00e1ndar con otras teor\u00edas m\u00e1s avanzadas y modernas que puedan explicar la materia y el espacio-tiempo con mayor amplitud y, sobre todo, incluyendo la gravedad. As\u00ed que retomando la teor\u00eda de Kaluza de la quinta dimensi\u00f3n, se propuso la teor\u00eda de supergravedad en 1976 por los f\u00edsicos Daniel Freedman, Sergio Ferrara y Peter van Nieuwenhuizen, de la Universidad del Estado de Nueva York en Stoney Brook que desarrollaron esta nueva teor\u00eda en un espacio de once dimensiones.<\/p>\n<p><!--more--><\/p>\n<p style=\"text-align: justify;\">Para desarrollar la superteor\u00eda de <a href=\"#\" onclick=\"referencia('kaluza klein',event); return false;\">Kaluza-Klein<\/a> en once dimensiones, uno tiene que incrementar<span style=\"mso-spacerun: yes;\"> enormemente las componentes del interior del Tensor m\u00e9trico de Riemann (que <a href=\"#\" onclick=\"referencia('einstein',event); return false;\">Einstein<\/a> utiliz\u00f3 en cuatro dimensiones, tres de espacio y una de tiempo para su <a href=\"#\" onclick=\"referencia('relatividad',event); return false;\">relatividad<\/a> general y m\u00e1s tarde, Kaluza, a\u00f1adiendo otra dimensi\u00f3n de espacio, la llev\u00f3 hasta la quinta dimensi\u00f3n haciendo as\u00ed posible unir la teor\u00eda de <a href=\"#\" onclick=\"referencia('einstein',event); return false;\">Einstein<\/a> de la gravedad, con la teor\u00eda de Maxwell del electromagnetismo), que ahora se convierte en el super<a href=\"#\" onclick=\"referencia('tensor metrico',event); return false;\">tensor m\u00e9trico<\/a> de Riemann.<\/span><\/p>\n<p style=\"text-align: justify;\">Esta nueva teor\u00eda de supergravedad pretend\u00eda la unificaci\u00f3n de todas las fuerzas conocidas con la materia, y, como en un rompecabezas, encajarlas en el Tensor de Riemann tan solo con elevar el n\u00famero de dimensiones que exig\u00eda m\u00e1s componentes y nos daba el espacio necesario para poder ubicar en sus apartados correspondientes, todas las fuerzas fundamentales y tambi\u00e9n la materia, la que pod\u00eda satisfacer, casi en su totalidad, el sue\u00f1o de <a href=\"#\" onclick=\"referencia('einstein',event); return false;\">Einstein<\/a>.<\/p>\n<p style=\"text-align: justify;\">Para visualizar esto, desarrollemos el <a href=\"#\" onclick=\"referencia('tensor metrico',event); return false;\">tensor m\u00e9trico<\/a> y mostremos un sencillo diagrama de c\u00f3mo se las arregla la supergravedad para encajar el campo de <a href=\"#\" onclick=\"referencia('einstein',event); return false;\">Einstein<\/a>, el campo de <a href=\"#\" onclick=\"referencia('yang mills',event); return false;\">Yang-Mills<\/a> y los campos de Maxwell y de la materia, todo ello en 11 dimensiones.<\/p>\n<p style=\"text-align: justify;\">La supergravedad casi consigue satisfacer el sue\u00f1o de <a href=\"#\" onclick=\"referencia('einstein',event); return false;\">Einstein<\/a> de dar una derivaci\u00f3n puramente geom\u00e9trica de todas las fuerzas y part\u00edculas del universo. Al a\u00f1adir la <a href=\"#\" onclick=\"referencia('supersimetria',event); return false;\">supersimetr\u00eda<\/a> al Tensor m\u00e9trico de Riemann, la m\u00e9trica se duplica en tama\u00f1o, d\u00e1ndonos la <a href=\"#\" onclick=\"referencia('supersimetria',event); return false;\">supersimetr\u00eda<\/a> de Riemann. Las nuevas componentes del s\u00faper tensor de Riemann corresponden a <a href=\"#\" onclick=\"referencia('quarks',event); return false;\">quarks<\/a> y <a href=\"#\" onclick=\"referencia('leptones',event); return false;\">leptones<\/a>, casi todas las part\u00edculas y fuerzas fundamentales de la naturaleza: la teor\u00eda de la gravedad de <a href=\"#\" onclick=\"referencia('einstein',event); return false;\">Einstein<\/a>, los campos de <a href=\"#\" onclick=\"referencia('yang mills',event); return false;\">Yang-Mills<\/a> y de Maxwell y los <a href=\"#\" onclick=\"referencia('quarks',event); return false;\">quarks<\/a> y <a href=\"#\" onclick=\"referencia('leptones',event); return false;\">leptones<\/a>. Pero el hecho de que ciertas part\u00edculas no est\u00e9n en esta imagen nos obliga a buscar un formalismo m\u00e1s potente:<\/p>\n<p style=\"text-align: center;\"><em>La teor\u00eda de Supercuerdas<\/em><\/p>\n<p style=\"text-align: justify;\">La caracter\u00edstica esencial de este diagrama es que la materia, junto con las ecuaciones de <a href=\"#\" onclick=\"referencia('yang mills',event); return false;\">Yang-Mills<\/a> y de <a href=\"#\" onclick=\"referencia('einstein',event); return false;\">Einstein<\/a>, est\u00e1 ahora incluida en el mismo campo de supergravedad de 11 dimensiones.<\/p>\n<p style=\"text-align: justify;\">La materia con todas las fuerzas fundamentales de la naturaleza. Los <a href=\"#\" onclick=\"referencia('bosones',event); return false;\">bosones<\/a> intermediarios o part\u00edculas portadoras de las fuerzas como el <a href=\"#\" onclick=\"referencia('foton',event); return false;\">fot\u00f3n<\/a> para el electromagnetismo, los <a href=\"#\" onclick=\"referencia('gluones',event); return false;\">gluones<\/a> para la <a href=\"#\" onclick=\"referencia('fuerza nuclear fuerte',event); return false;\">fuerza nuclear fuerte<\/a>, las part\u00edculas W y Z para la nuclear d\u00e9bil y, en la part\u00edcula portadora de la gravedad, el <a href=\"#\" onclick=\"referencia('graviton',event); return false;\">gravit\u00f3n<\/a>, ponemos el signo de interrogaci\u00f3n, ya que se sabe que esta ah\u00ed en alg\u00fan sitio pero hasta la fecha no ha sido detectado.<\/p>\n<p style=\"text-align: justify;\">Antes de continuar con la <a href=\"#\" onclick=\"referencia('supercuerdas teoria',event); return false;\">teor\u00eda de supercuerdas<\/a>, o con su versi\u00f3n m\u00e1s avanzada la <a href=\"#\" onclick=\"referencia('supercuerdas teoria',event); return false;\">teor\u00eda M<\/a>, parece conveniente recordar que hasta el momento los ladrillos del universo eran los <a href=\"#\" onclick=\"referencia('quarks',event); return false;\">quarks<\/a>, las part\u00edculas m\u00e1s peque\u00f1as detectadas en los aceleradores del CERN y FERMILAB. Pero \u00bfest\u00e1n hechos de cosas m\u00e1s peque\u00f1as?, eso no lo sabemos. El Modelo Est\u00e1ndar, menos avanzado que las otras teor\u00edas, nos dice que los <a href=\"#\" onclick=\"referencia('quarks',event); return false;\">quarks<\/a> son las part\u00edculas m\u00e1s peque\u00f1as y forman <a href=\"#\" onclick=\"referencia('proton',event); return false;\">protones<\/a> y <a href=\"#\" onclick=\"referencia('neutron',event); return false;\">neutrones<\/a> constituyendo la formaci\u00f3n interna del \u00e1tomo, el n\u00facleo. En la actualidad, nuestros aceleradores de part\u00edculas no tienen capacidad para ahondar m\u00e1s all\u00e1 de los <a href=\"#\" onclick=\"referencia('quarks',event); return false;\">quarks<\/a> y averiguar si a su vez, \u00e9stos est\u00e1n formados por part\u00edculas a\u00fan m\u00e1s peque\u00f1as.<\/p>\n<p style=\"text-align: justify;\">Por otro lado, los f\u00edsicos est\u00e1n casi seguros de que los <a href=\"#\" onclick=\"referencia('leptones',event); return false;\">leptones<\/a> no est\u00e1n compuestos de part\u00edculas m\u00e1s peque\u00f1as. Sin embargo, esta sospecha no se tiene en el caso de los <a href=\"#\" onclick=\"referencia('quarks',event); return false;\">quarks<\/a>; no se sabe qu\u00e9 puede haber detr\u00e1s de ellos.<span style=\"mso-spacerun: yes;\"> Tan s\u00f3lo se ha llegado a desconfinarlos junto con los <a href=\"#\" onclick=\"referencia('gluones',event); return false;\">gluones<\/a> y por un breve periodo de tiempo de los <a href=\"#\" onclick=\"referencia('proton',event); return false;\">protones<\/a> y <a href=\"#\" onclick=\"referencia('neutron',event); return false;\">neutrones<\/a> que los manten\u00edan aprisionados, formando \u2013 en esos breves instantes \u2013 una materia plasmosa. No es raro oir dentro de la comunidad cient\u00edfica a los f\u00edsicos te\u00f3ricos hablando de prequarks.<\/span><\/p>\n<p style=\"text-align: justify;\">Como antes hemos comentado de pasada, el Modelo Est\u00e1ndar agrupa las part\u00edculas en familias:<\/p>\n<table style=\"margin: auto;\" border=\"0\" cellspacing=\"0\" cellpadding=\"0\">\n<tbody>\n<tr>\n<td rowspan=\"2\" width=\"115\">\n<p style=\"margin: 0cm 0cm 0pt; line-height: 15pt; mso-outline-level: 1; mso-line-height-rule: exactly;\"><span style=\"font-size: small;\"><span style=\"font-family: Times New Roman;\">Hadrones:<\/span><\/span><\/p>\n<\/td>\n<td style=\"padding: 0cm 5.4pt; width: 258.95pt; height: 23.75pt; background-color: transparent; border: medium none #ffffff;\" valign=\"top\" width=\"345\">\n<p style=\"margin: 0cm 0cm 0pt; line-height: 15pt; mso-outline-level: 1; mso-line-height-rule: exactly;\"><span style=\"font-size: small;\"><span style=\"font-family: Times New Roman;\">Bariones: <a href=\"#\" onclick=\"referencia('proton',event); return false;\">prot\u00f3n<\/a>, <a href=\"#\" onclick=\"referencia('neutron',event); return false;\">neutr\u00f3n<\/a> , Lambda, <a href=\"#\" onclick=\"referencia('omega',event); return false;\">omega<\/a>, etc.<\/span><\/span><\/p>\n<\/td>\n<\/tr>\n<tr style=\"height: 26.95pt;\">\n<td style=\"padding: 0cm 5.4pt; width: 258.95pt; height: 26.95pt; background-color: transparent; border: medium none #ffffff;\" valign=\"bottom\" width=\"345\">\n<p style=\"margin: 0cm 0cm 0pt; line-height: 15pt; mso-outline-level: 1; mso-line-height-rule: exactly;\"><span style=\"font-size: small;\"><span style=\"font-family: Times New Roman;\">Mesones: <a href=\"#\" onclick=\"referencia('pion',event); return false;\">pi\u00f3n<\/a>, <a href=\"#\" onclick=\"referencia('kaon',event); return false;\">ka\u00f3n<\/a>, ps\u00ed, etc.<\/span><\/span><\/p>\n<\/td>\n<\/tr>\n<tr style=\"height: 35.55pt;\">\n<td style=\"padding: 0cm 5.4pt; width: 86.3pt; height: 35.55pt; background-color: transparent; border: medium none #ffffff;\" width=\"115\">\n<p style=\"margin: 0cm 0cm 0pt; line-height: 15pt; mso-outline-level: 1; mso-line-height-rule: exactly;\"><span style=\"font-size: small;\"><span style=\"font-family: Times New Roman;\"><span style=\"mso-ansi-language: EN-GB;\">Quarks:<\/span><\/span><\/span><\/p>\n<\/td>\n<td style=\"padding: 0cm 5.4pt; width: 258.95pt; height: 35.55pt; background-color: transparent; border: medium none #ffffff;\" width=\"345\">\n<p style=\"margin: 0cm 0cm 0pt; line-height: 15pt; mso-outline-level: 1; mso-line-height-rule: exactly;\"><span style=\"mso-ansi-language: EN-GB;\"><span style=\"font-size: small;\"><span style=\"font-family: Times New Roman;\">up, down, charmed, strange, top y botton<\/span><\/span><\/span><\/p>\n<\/td>\n<\/tr>\n<tr style=\"height: 36.05pt;\">\n<td style=\"padding: 0cm 5.4pt; width: 86.3pt; height: 36.05pt; background-color: transparent; border: medium none #ffffff;\" valign=\"top\" width=\"115\">\n<p style=\"margin: 0cm 0cm 0pt; line-height: 15pt; mso-outline-level: 1; mso-line-height-rule: exactly;\"><span style=\"font-size: small;\"><span style=\"font-family: Times New Roman;\">Leptones:<\/span><\/span><\/p>\n<\/td>\n<td style=\"padding: 0cm 5.4pt; width: 258.95pt; height: 36.05pt; background-color: transparent; border: medium none #ffffff;\" valign=\"top\" width=\"345\">\n<p style=\"margin: 0cm 0cm 0pt; line-height: 15pt; mso-outline-level: 1; mso-line-height-rule: exactly;\"><span style=\"font-size: small;\"><span style=\"font-family: Times New Roman;\"><a href=\"#\" onclick=\"referencia('electron',event); return false;\">electr\u00f3n<\/a>, <a href=\"#\" onclick=\"referencia('muon',event); return false;\">mu\u00f3n<\/a> y <a href=\"#\" onclick=\"referencia('particula tau',event); return false;\">tau<\/a> (y sus <a href=\"#\" onclick=\"referencia('neutrinos',event); return false;\">neutrinos<\/a> asociados), <span style=\"mso-spacerun: yes;\"> <a href=\"#\" onclick=\"referencia('neutrinos',event); return false;\">neutrino<\/a> electr\u00f3nico, mu\u00f3nico y tau\u00f3nico<\/span><\/span><\/span><\/p>\n<\/td>\n<\/tr>\n<\/tbody>\n<\/table>\n<p style=\"text-align: justify;\">Y describe las interacciones que estas part\u00edculas tienen con las cuatro fuerzas fundamentales de la naturaleza, sobre todo con las nucleares fuerte y d\u00e9bil y la electromagn\u00e9tica; la gravedad se queda aparte del Modelo Est\u00e1ndar, ya que su incidencia con las part\u00edculas elementales es inapreciable como consecuencia de las infinitesimales masas de \u00e9stas, y ya sabemos que la gravedad se deja sentir y se hace presente cuando aparecen las grandes masas como planetas, estrellas y galaxias.<\/p>\n<p style=\"text-align: justify;\">Como el Modelo Est\u00e1ndar es limitado, los f\u00edsicos buscan desesperadamente nuevas teor\u00edas que puedan corregir y perfeccionar este modelo. As\u00ed aparecieron las teor\u00edas de <a href=\"#\" onclick=\"referencia('supersimetria',event); return false;\">supersimetr\u00eda<\/a>, supergravedad, supercuerdas, y ahora por \u00faltimo, la <a href=\"#\" onclick=\"referencia('supercuerdas teoria',event); return false;\">teor\u00eda M<\/a> propuesta por Edward Witten en 1.995 y que nos quiere explicar, de manera m\u00e1s perfecta, el universo desde su origen, c\u00f3mo y por qu\u00e9 est\u00e1 conformado ese universo, las fuerzas que lo rigen, las constantes de la naturaleza que establecen las reglas, y todo ello, a partir de peque\u00f1os objetos infinitesimales, las cuerdas, que sustituyen a las part\u00edculas del modelo est\u00e1ndar que cre\u00edamos elementales.<\/p>\n<p style=\"text-align: justify;\">Esta nueva teor\u00eda, permite adem\u00e1s, unificar o incluir la gravedad con las otras fuerzas, como teor\u00eda cu\u00e1ntica de la gravedad, todo ello mediante una teor\u00eda estructurada y fundamentada con originalidad y compactificaci\u00f3n de las cuatro fuerzas de la naturaleza y dejando un gran espacio matem\u00e1tico para eliminar anomal\u00edas o perturbaciones, y se propugna con coherencia que la cuerda es el elemento m\u00e1s b\u00e1sico de la estructura de la materia; lo que estar\u00eda bajo los <a href=\"#\" onclick=\"referencia('quarks',event); return false;\">quarks<\/a> ser\u00edan unas diminutos c\u00edrculos semejantes a una membrana vibrante circular y de diferentes conformaciones.<\/p>\n<p style=\"text-align: justify;\">Ed Witten, en su trabajo, present\u00f3 amplias evidencias matem\u00e1ticas de que las cinco teor\u00edas obtenidas de la primera revoluci\u00f3n, junto con la m\u00e1s reciente conocida como la supergravedad (supercuerda despu\u00e9s), en 11 dimensiones, eran de hecho parte de una teor\u00eda inherentemente cu\u00e1ntica y no perturbativa conocida como <a href=\"#\" onclick=\"referencia('supercuerdas teoria',event); return false;\">teor\u00eda M<\/a>. Las seis teor\u00edas est\u00e1n conectadas entre s\u00ed por una serie de simetr\u00edas de dualidad T, S, y U. Adem\u00e1s, de la teor\u00eda propuesta por Witten se encuentran impl\u00edcitas muchas evidencias de que la <a href=\"#\" onclick=\"referencia('supercuerdas teoria',event); return false;\">teor\u00eda M<\/a> no es s\u00f3lo la suma de las partes, sino que se vislumbra un alentador horizonte que podr\u00eda concluir como la teor\u00eda definitiva tan largamente buscada.<\/p>\n<p style=\"text-align: justify;\">Las supercuerdas, en realidad, s\u00f3lo es otra manera utilizada por los cient\u00edficos a la b\u00fasqueda de la verdad que la Humanidad necesita y reclama para continuar con su propia evoluci\u00f3n que, sin esos conocimientos, quedar\u00eda estancada.<\/p>\n<p style=\"text-align: justify;\">Como se puede ver, las part\u00edculas implicadas en el Modelo Est\u00e1ndar est\u00e1n en un mundo microsc\u00f3pico de 10<sup>-17<\/sup> cm que s\u00ed dominan nuestros aceleradores, mientras que la cuerda est\u00e1 en una distancia de 10-33<span style=\"vertical-align: baseline;\"> cm que les est\u00e1 prohibida; all\u00ed no podemos llegar, no tenemos energ\u00eda suficiente para ello.<\/span><\/p>\n<p style=\"text-align: justify;\">Est\u00e1 muy claro para los f\u00edsicos que, aunque te\u00f3ricamente, en la TSC<a name=\"r_pie\" href=\"#pie\"><\/a>* se pueden unir todas las fuerzas, todav\u00eda tenemos que seguir sosteniendo que la gravedad resulta una fuerza solitaria para todos los efectos, ya que ha resistido todos los intentos para saber, con certeza, si finalmente se podr\u00e1 unir a las otras fuerzas de la naturaleza. La gravedad est\u00e1 descrita por la teor\u00eda de la <a href=\"#\" onclick=\"referencia('relatividad',event); return false;\">relatividad<\/a> general de <a href=\"#\" onclick=\"referencia('einstein',event); return false;\">Einstein<\/a> y tiene una naturaleza esencialmente geom\u00e9trica. Se entiende como la curvatura del espaciotiempo alrededor de un objeto masivo. En los gr\u00e1ficos, generalmente, se representa como un objeto pesado sobre una superficie fina y tensa (una pelota o bola pesada de jugar a los bolos que dejamos encima de una s\u00e1bana extendida tirando de las cuatro esquinas). El peso de la bola (materia) hundir\u00e1 la s\u00e1bana (espaciotiempo) con mayor intensidad en la distancia m\u00e1s cercana a donde se encuentre su <br style=\"mso-ignore: vglayout;\" \/>masa.<\/p>\n<p style=\"text-align: justify;\">El espacio tiempo se distorsiona all\u00ed donde residen objetos pesados como los planetas, las estrellas, galaxias y cualesquiera otros cuerpos masivos.<\/p>\n<p style=\"text-align: right;\"><em>emilio silvera<\/em><\/p>\n<hr size=\"1\" \/>\n<p style=\"text-align: justify;\"><a name=\"pie\"><\/a><\/p>\n<div class='bookmark'>\r\n\t\t<table align='left' border='0' cellpadding='0' width='100%'>\r\n\t\t<tr><td><span class='pushbutton'><a href='http:\/\/delicious.com\/post?url=http%3A%2F%2Fwww.emiliosilveravazquez.com%2Fblog%2F2012%2F06%2F03%2Fel-modelo-estandar-la-relatividad-y-la-teoria-m%2F&amp;title=El+Modelo+Est%C3%A1ndar%2C+la+Relatividad+y+la+Teor%C3%ADa+M' title='Delicious' target='_blank' rel='nofollow'><img src='http:\/\/www.emiliosilveravazquez.com\/blog\/wp-content\/plugins\/knxdt-bookmarks-wordpress-plugin\/images\/delicious.png'  alt='' class='book_img' border='none' style='margin:1px; padding: 0;'  \/><\/a><\/span><span class='pushbutton'><a href='http:\/\/digg.com\/submit?url=http%3A%2F%2Fwww.emiliosilveravazquez.com%2Fblog%2F2012%2F06%2F03%2Fel-modelo-estandar-la-relatividad-y-la-teoria-m%2F&amp;title=El+Modelo+Est%C3%A1ndar%2C+la+Relatividad+y+la+Teor%C3%ADa+M' title='Digg' target='_blank' rel='nofollow'><img src='http:\/\/www.emiliosilveravazquez.com\/blog\/wp-content\/plugins\/knxdt-bookmarks-wordpress-plugin\/images\/digg.png'  alt='' class='book_img' border='none' style='margin:1px; padding: 0;'  \/><\/a><\/span><span class='pushbutton'><a href='http:\/\/www.google.com\/bookmarks\/mark?op=edit&amp;bkmk=http%3A%2F%2Fwww.emiliosilveravazquez.com%2Fblog%2F2012%2F06%2F03%2Fel-modelo-estandar-la-relatividad-y-la-teoria-m%2F&amp;title=El+Modelo+Est%C3%A1ndar%2C+la+Relatividad+y+la+Teor%C3%ADa+M' title='Google' target='_blank' rel='nofollow'><img src='http:\/\/www.emiliosilveravazquez.com\/blog\/wp-content\/plugins\/knxdt-bookmarks-wordpress-plugin\/images\/google.png'   alt='' class='book_img' border='none' style='margin:1px; padding: 0;'  \/><\/a><\/span><span class='pushbutton'><a href='http:\/\/myweb2.search.yahoo.com\/myresults\/bookmarklet?u=http%3A%2F%2Fwww.emiliosilveravazquez.com%2Fblog%2F2012%2F06%2F03%2Fel-modelo-estandar-la-relatividad-y-la-teoria-m%2F&amp;t=El+Modelo+Est%C3%A1ndar%2C+la+Relatividad+y+la+Teor%C3%ADa+M' title='Yahoo' target='_blank' rel='nofollow'><img src='http:\/\/www.emiliosilveravazquez.com\/blog\/wp-content\/plugins\/knxdt-bookmarks-wordpress-plugin\/images\/yahoo.png'  alt='' class='book_img' border='none' style='margin:1px; padding: 0;'  \/><\/a><\/span><span class='pushbutton'><a href='http:\/\/www.technorati.com\/faves?add=http%3A%2F%2Fwww.emiliosilveravazquez.com%2Fblog%2F2012%2F06%2F03%2Fel-modelo-estandar-la-relatividad-y-la-teoria-m%2F' title='Technorati' target='_blank' rel='nofollow'><img src='http:\/\/www.emiliosilveravazquez.com\/blog\/wp-content\/plugins\/knxdt-bookmarks-wordpress-plugin\/images\/technorati.png'  alt='' class='book_img' border='none' style='margin:1px; padding: 0;'  \/><\/a><\/span><span class='pushbutton'><a href='http:\/\/meneame.net\/submit.php?url=http%3A%2F%2Fwww.emiliosilveravazquez.com%2Fblog%2F2012%2F06%2F03%2Fel-modelo-estandar-la-relatividad-y-la-teoria-m%2F' title='Meneame' target='_blank' rel='nofollow'><img src='http:\/\/www.emiliosilveravazquez.com\/blog\/wp-content\/plugins\/knxdt-bookmarks-wordpress-plugin\/images\/meneame.png'  alt='' class='book_img' border='none' style='margin:1px; padding: 0;'  \/><\/a><\/span><span class='pushbutton'><a href='http:\/\/enchilame.com\/submit.php?url=http:\/\/www.emiliosilveravazquez.com\/blog\/2012\/06\/03\/el-modelo-estandar-la-relatividad-y-la-teoria-m\/' target='_blank' rel='nofollow'><img title='Enchilame' src='http:\/\/www.emiliosilveravazquez.com\/blog\/wp-content\/plugins\/knxdt-bookmarks-wordpress-plugin\/images\/enchilame.png'  alt='' class='book_img' border='none' style='margin:1px; padding: 0;'  \/><\/a><\/span><span class='pushbutton'><a href='http:\/\/www.blinklist.com\/index.php?Action=Blink\/addblink.php&amp;Description=&amp;Url=http%3A%2F%2Fwww.emiliosilveravazquez.com%2Fblog%2F2012%2F06%2F03%2Fel-modelo-estandar-la-relatividad-y-la-teoria-m%2F&amp;title=El+Modelo+Est%C3%A1ndar%2C+la+Relatividad+y+la+Teor%C3%ADa+M' title='BlinkList' target='_blank' rel='nofollow'><img src='http:\/\/www.emiliosilveravazquez.com\/blog\/wp-content\/plugins\/knxdt-bookmarks-wordpress-plugin\/images\/blinklist.png'  alt='' class='book_img' border='none' style='margin:1px; padding: 0;'  \/><\/a><\/span><span class='pushbutton'><a href='http:\/\/reddit.com\/submit?url=http%3A%2F%2Fwww.emiliosilveravazquez.com%2Fblog%2F2012%2F06%2F03%2Fel-modelo-estandar-la-relatividad-y-la-teoria-m%2F&amp;title=El+Modelo+Est%C3%A1ndar%2C+la+Relatividad+y+la+Teor%C3%ADa+M' title='Reddit' target='_blank' rel='nofollow'><img src='http:\/\/www.emiliosilveravazquez.com\/blog\/wp-content\/plugins\/knxdt-bookmarks-wordpress-plugin\/images\/reddit.png'  alt='' class='book_img' border='none' style='margin:1px; padding: 0;'  \/><\/a><\/span><span class='pushbutton'><a href='http:\/\/www.tecnologiadiaria.com\/2009\/07\/abrir-com-hotmail-correo.html' target='_blank' title='hotmail'><img src='http:\/\/www.emiliosilveravazquez.com\/blog\/wp-content\/plugins\/knxdt-bookmarks-wordpress-plugin\/images\/linklove.png' alt='hotmail correo' class='book_img' border='none' style='margin:1px; padding: 0;' \/><\/a><\/span><span class='pushbutton'><a href='http:\/\/bitacoras.com\/votar\/anotacion\/externo\/mini\/www.emiliosilveravazquez.com\/blog\/2012\/06\/03\/el-modelo-estandar-la-relatividad-y-la-teoria-m\/' title='Bitacoras.com' target='_blank' rel='nofollow'><img src='http:\/\/www.emiliosilveravazquez.com\/blog\/wp-content\/plugins\/knxdt-bookmarks-wordpress-plugin\/images\/bitacoras.png'  alt='' class='book_img' border='none' style='margin:1px; padding: 0;'  \/><\/a><\/span><span class='pushbutton'><a href='http:\/\/www.wikio.es\/vote?url=http%3A%2F%2Fwww.emiliosilveravazquez.com%2Fblog%2F2012%2F06%2F03%2Fel-modelo-estandar-la-relatividad-y-la-teoria-m%2F' title='Wikio' target='_blank' rel='nofollow'><img src='http:\/\/www.emiliosilveravazquez.com\/blog\/wp-content\/plugins\/knxdt-bookmarks-wordpress-plugin\/images\/wikio.png'   alt='' class='book_img' border='none' style='margin:1px; padding: 0;'   \/><\/a><\/span><span class='pushbutton'><a href='http:\/\/friendfeed.com\/?url=http%3A%2F%2Fwww.emiliosilveravazquez.com%2Fblog%2F2012%2F06%2F03%2Fel-modelo-estandar-la-relatividad-y-la-teoria-m%2F&amp;title=El+Modelo+Est%C3%A1ndar%2C+la+Relatividad+y+la+Teor%C3%ADa+M' title='Friend Feed' target='_blank' rel='nofollow'><img src='http:\/\/www.emiliosilveravazquez.com\/blog\/wp-content\/plugins\/knxdt-bookmarks-wordpress-plugin\/images\/friendfeed.png'  alt='' class='book_img' border='none' style='margin:1px; padding: 0;'  \/><\/a><\/span><span class='pushbutton'><a href='http:\/\/www.facebook.com\/share.php?u=http%3A%2F%2Fwww.emiliosilveravazquez.com%2Fblog%2F2012%2F06%2F03%2Fel-modelo-estandar-la-relatividad-y-la-teoria-m%2F&amp;t=El+Modelo+Est%C3%A1ndar%2C+la+Relatividad+y+la+Teor%C3%ADa+M' title='Facebook' target='_blank' rel='nofollow'><img src='http:\/\/www.emiliosilveravazquez.com\/blog\/wp-content\/plugins\/knxdt-bookmarks-wordpress-plugin\/images\/facebook.png'  alt='' class='book_img' border='none' style='margin:1px; padding: 0;'  \/><\/a><\/span><span class='pushbutton'><a href='http:\/\/twitter.com\/home?status=El+Modelo+Est%C3%A1ndar%2C+la+Relatividad+y+la+Teor%C3%ADa+M: http%3A%2F%2Fwww.emiliosilveravazquez.com%2Fblog%2F2012%2F06%2F03%2Fel-modelo-estandar-la-relatividad-y-la-teoria-m%2F' title='Twitter' target='_blank' rel='nofollow'><img src='http:\/\/www.emiliosilveravazquez.com\/blog\/wp-content\/plugins\/knxdt-bookmarks-wordpress-plugin\/images\/twitter.png'  alt='' class='book_img' border='none' style='margin:1px; padding: 0;'  \/><\/a><\/span><span class='pushbutton'><a href='http:\/\/www.feedburner.com\/fb\/a\/emailFlare?itemTitle=El+Modelo+Est%C3%A1ndar%2C+la+Relatividad+y+la+Teor%C3%ADa+M&amp;uri=http%3A%2F%2Fwww.emiliosilveravazquez.com%2Fblog%2F2012%2F06%2F03%2Fel-modelo-estandar-la-relatividad-y-la-teoria-m%2F' title='Enviar por Email' target='_blank' rel='nofollow'><img src='http:\/\/www.emiliosilveravazquez.com\/blog\/wp-content\/plugins\/knxdt-bookmarks-wordpress-plugin\/images\/email.png'  alt='' class='book_img' border='none' style='margin:1px; padding: 0;'  \/><\/a><\/span><span style='font-weight:bold; padding-left: 5px;'><a href='http:\/\/wordpress.org\/extend\/plugins\/knxdt-bookmarks-wordpress-plugin\/' title='Plugin' rel='nofollow' target='_blank'>[?]<\/a><\/span><\/td><\/tr><\/table><br\/><br\/><\/div>","protected":false},"excerpt":{"rendered":"<p>Los cient\u00edficos quieren creer que la naturaleza prefiere la econom\u00eda en sus creaciones y que siempre parece evitar redundancias innecesarias al crear estructuras f\u00edsicas, biol\u00f3gicas y qu\u00edmicas. El matem\u00e1tico franc\u00e9s Henri Poincar\u00e9 lo expres\u00f3 de forma a\u00fan m\u00e1s franca cuando escribi\u00f3: \u201cEl cient\u00edfico no estudia la Naturaleza porque es \u00fatil; la estudia porque disfruta con [&hellip;]<\/p>\n","protected":false},"author":2,"featured_media":0,"comment_status":"open","ping_status":"open","sticky":false,"template":"","format":"standard","meta":{"_s2mail":"yes","footnotes":""},"categories":[7],"tags":[],"_links":{"self":[{"href":"http:\/\/www.emiliosilveravazquez.com\/blog\/wp-json\/wp\/v2\/posts\/876"}],"collection":[{"href":"http:\/\/www.emiliosilveravazquez.com\/blog\/wp-json\/wp\/v2\/posts"}],"about":[{"href":"http:\/\/www.emiliosilveravazquez.com\/blog\/wp-json\/wp\/v2\/types\/post"}],"author":[{"embeddable":true,"href":"http:\/\/www.emiliosilveravazquez.com\/blog\/wp-json\/wp\/v2\/users\/2"}],"replies":[{"embeddable":true,"href":"http:\/\/www.emiliosilveravazquez.com\/blog\/wp-json\/wp\/v2\/comments?post=876"}],"version-history":[{"count":0,"href":"http:\/\/www.emiliosilveravazquez.com\/blog\/wp-json\/wp\/v2\/posts\/876\/revisions"}],"wp:attachment":[{"href":"http:\/\/www.emiliosilveravazquez.com\/blog\/wp-json\/wp\/v2\/media?parent=876"}],"wp:term":[{"taxonomy":"category","embeddable":true,"href":"http:\/\/www.emiliosilveravazquez.com\/blog\/wp-json\/wp\/v2\/categories?post=876"},{"taxonomy":"post_tag","embeddable":true,"href":"http:\/\/www.emiliosilveravazquez.com\/blog\/wp-json\/wp\/v2\/tags?post=876"}],"curies":[{"name":"wp","href":"https:\/\/api.w.org\/{rel}","templated":true}]}}