{"id":8450,"date":"2013-03-20T11:54:59","date_gmt":"2013-03-20T10:54:59","guid":{"rendered":"http:\/\/www.emiliosilveravazquez.com\/blog\/?p=8450"},"modified":"2013-03-20T11:55:56","modified_gmt":"2013-03-20T10:55:56","slug":"%c2%a1fisica-siempre-la-fisica","status":"publish","type":"post","link":"http:\/\/www.emiliosilveravazquez.com\/blog\/2013\/03\/20\/%c2%a1fisica-siempre-la-fisica\/","title":{"rendered":"\u00a1Fisica! Siempre la F\u00edsica"},"content":{"rendered":"<p style=\"text-align: justify;\">\u00a0<img decoding=\"async\" loading=\"lazy\" title=\"oligoelemen\" src=\"http:\/\/marcianos.com.mx\/wp-content\/uploads\/2008\/07\/oligoelemen.jpg\" alt=\"\" width=\"320\" height=\"304\" \/><\/p>\n<p style=\"text-align: justify;\">Las sustancias formadas por una sola clase de \u00e1tomos se llaman elementos qu\u00edmicos. La palabra \u201c\u00e1tomo\u201d procede del griego \u03b1\u03c4\u03bf\u03bc\u03bf\u03c2, que significa \u201cindivisible\u201d y el uso de la palabra \u201celemento\u201d sugiere que se ha llegado a los ladrillos b\u00e1sicos con los que est\u00e1 formada la materia. De hecho, esta es la imagen que se ten\u00eda a mediados del siglo XIX cuando se acu\u00f1aron estos t\u00e9rminos. Sin embargo, hoy sabemos que todo esto es falso, que los \u00e1tomos se pueden dividir y que, de esta manera, los elementos han dejado de ser verdaderamente elementales. Los f\u00edsicos contin\u00faan con esta nomenclatura aunque sea formalmente incorrecta, ya que, la costumbre, como dicen los juristas, no pocas veces rigen la jerga de las leyes.<\/p>\n<p style=\"text-align: justify;\"><img decoding=\"async\" loading=\"lazy\" src=\"http:\/\/www.ojocientifico.com\/wp-content\/671260397.jpg\" alt=\"671260397.jpg\" width=\"450\" height=\"245\" \/><\/p>\n<p style=\"text-align: justify;\">\u00a0\u00a0\u00a0\u00a0\u00a0\u00a0\u00a0\u00a0\u00a0\u00a0\u00a0\u00a0\u00a0\u00a0\u00a0\u00a0\u00a0\u00a0\u00a0\u00a0\u00a0 Ser\u00e1n as\u00ed los <a href=\"#\" onclick=\"referencia('electron',event); return false;\">electrones<\/a>, los que tomaron la imagen dicen que s\u00ed<\/p>\n<p style=\"text-align: justify;\">A todo esto y hablando de los \u00e1tomos, por fuerza, nos tenemos que acordar del <a href=\"#\" onclick=\"referencia('electron',event); return false;\">electr\u00f3n<\/a> que da al \u00e1tomo su forma esf\u00e9rica. Son part\u00edculas cargadas el\u00e9ctricamente que se mueven alegremente alrededor del n\u00facleo. El <a href=\"#\" onclick=\"referencia('electron',event); return false;\">electr\u00f3n<\/a> es muy ligero: su masa es solamente 1\/1.8836 de la del n\u00facleo m\u00e1s ligero (el hidr\u00f3geno). La carga el\u00e9ctrica del <a href=\"#\" onclick=\"referencia('electron',event); return false;\">electr\u00f3n<\/a> es de signo opuesto a la del n\u00facleo, de manera que los <a href=\"#\" onclick=\"referencia('electron',event); return false;\">electrones<\/a> est\u00e1n fuertemente atra\u00eddos hacia el n\u00facleo y se repelen mutuamente. Si la carga el\u00e9ctrica total de los <a href=\"#\" onclick=\"referencia('electron',event); return false;\">electrones<\/a> en un \u00e1tomo iguala a la del n\u00facleo, para lo que generalmente se necesitan varios <a href=\"#\" onclick=\"referencia('electron',event); return false;\">electrones<\/a>, se dice que el \u00e1tomo est\u00e1 en equilibrio o que es el\u00e9ctricamente neutro.<\/p>\n<p style=\"text-align: justify;\"><img decoding=\"async\" title=\"Clic para aumentar\" src=\"http:\/\/es.sott.net\/image\/image\/s5\/114230\/medium\/_tomos_ultrafr_os.jpg\" alt=\"\u00e1tomos ultrafr\u00edos\" border=\"0\" \/><\/p>\n<p style=\"text-align: justify;\">Un experimento realizado por cient\u00edficos del Centro de Viena para la Ciencia y Tecnolog\u00eda Cu\u00e1nticas ha demostrado que, en el mundo cu\u00e1ntico, la transici\u00f3n hacia el equilibrio t\u00e9rmico es m\u00e1s interesante y m\u00e1s complicada de lo que se pensaba.<\/p>\n<p>Seg\u00fan destaca el trabajo, publicado en <em>&#8216;Science&#8217;<\/em>, entre un estado ordenado inicial y un estado final estad\u00edsticamente mixto, puede emerger un &#8220;cuasi-estacionario estado intermedio&#8221;. Este estado intermedio ya exhibe algunas propiedades como el equilibrio, pero parte de las caracter\u00edsticas del estado inicial permanecen visibles durante un per\u00edodo de tiempo muy largo.<\/p>\n<p>Este fen\u00f3meno se denomina &#8220;pre-termalizaci\u00f3n&#8221; y desempe\u00f1a un papel importante en diversos procesos de no equilibrio en la f\u00edsica cu\u00e1ntica. Podr\u00eda, por ejemplo, ayudarnos a comprender el estado del universo temprano.<\/p>\n<p style=\"text-align: justify;\"><img decoding=\"async\" src=\"http:\/\/webdelprofesor.ula.ve\/ciencias\/labdemfi\/electrostatica\/fotos\/carga_globo_g.gif\" alt=\"http:\/\/webdelprofesor.ula.ve\/ciencias\/labdemfi\/electrostatica\/fotos\/carga_globo_g.gif\" \/><\/p>\n<p style=\"text-align: justify;\">La fuerza a la que obedecen los <a href=\"#\" onclick=\"referencia('electron',event); return false;\">electrones<\/a>, la denominada fuerza electrost\u00e1tica o de Coulomb, es matem\u00e1ticamente bastante sencilla y, sin embargo, los <a href=\"#\" onclick=\"referencia('electron',event); return false;\">electrones<\/a> son los responsables de las importantes propiedades de los \u201cenlaces qu\u00edmicos\u201d. Esto se debe a que las leyes de movimiento de los <a href=\"#\" onclick=\"referencia('electron',event); return false;\">electrones<\/a> est\u00e1n regidas completamente por la \u201cmec\u00e1nica cu\u00e1ntica\u201d, teor\u00eda que se complet\u00f3 a principios del siglo XX. Es una teor\u00eda parad\u00f3jica y dif\u00edcil de entender y explicar, pero al mismo tiempo es muy interesante, fant\u00e1stica y revolucionaria. Cuando uno se introduce en las maravillas de la mec\u00e1nica cu\u00e1ntica es como si hiciera un viaje a un universo que est\u00e1 situado fuera de este mundo nuestro, ya que, las cosas que all\u00ed se ven, desdicen todo lo que dicta nuestro sentido com\u00fan de c\u00f3mo tiene que ser el mundo que nos rodea.<\/p>\n<p style=\"text-align: justify;\"><img decoding=\"async\" src=\"http:\/\/www.mpe.mpg.de\/410729\/orbits3d_small_gif.gif\" alt=\"http:\/\/www.mpe.mpg.de\/410729\/orbits3d_small_gif.gif\" \/><\/p>\n<p style=\"text-align: justify;\">Sincronizaci\u00f3n perfecta, es una sinfon\u00eda<\/p>\n<p style=\"text-align: justify;\">No solamente los <a href=\"#\" onclick=\"referencia('electron',event); return false;\">electrones<\/a>, sino tambi\u00e9n los n\u00facleos at\u00f3micos y los \u00e1tomos en su conjunto obedecen y se rigen por la mec\u00e1nica cu\u00e1ntica. La F\u00edsica del siglo XX empez\u00f3 exactamente en el a\u00f1o 1900, cuando el f\u00edsico alem\u00e1n Max Planck, escribi\u00f3 un art\u00edculo de ocho p\u00e1ginas y all\u00ed propuso una posible soluci\u00f3n a un problema que hab\u00eda estado intrigando a los f\u00edsicos durante a\u00f1os. Es el problema de la luz que emiten los cuerpos calentados a una cierta temperatura, y tambi\u00e9n la radiaci\u00f3n infrarroja emitida, con menos intensidad, por los objetos m\u00e1s fr\u00edos.<\/p>\n<p style=\"text-align: justify;\"><img decoding=\"async\" loading=\"lazy\" id=\"irc_mi\" src=\"http:\/\/www.cnechile.cl\/wp-content\/uploads\/2010\/09\/EXPOSICION-A-LA-RADIACION.jpg\" alt=\"\" width=\"457\" height=\"343\" \/><img decoding=\"async\" loading=\"lazy\" id=\"irc_mi\" src=\"http:\/\/astroverada.com\/_\/Graphics\/Extras\/radioactive.jpg\" alt=\"\" width=\"300\" height=\"270\" \/><\/p>\n<p style=\"text-align: justify;\"><img decoding=\"async\" title=\"M\u00e1s...\" src=\"http:\/\/www.emiliosilveravazquez.com\/blog\/wp-includes\/js\/tinymce\/plugins\/wordpress\/img\/trans.gif\" alt=\"\" \/><\/p>\n<p style=\"text-align: justify;\">Estaban bien aceptados entonces que esta radiaci\u00f3n ten\u00eda un origen electromagn\u00e9tico y que se conoc\u00edan las leyes de la naturaleza que reg\u00edan estas ondas electromagn\u00e9ticas. Tambi\u00e9n se conoc\u00edan las leyes para el fr\u00edo y el calor, la as\u00ed llamada \u201ctermodin\u00e1mica\u201d, o al menos eso parec\u00eda. Pero si usamos las leyes de la termodin\u00e1mica para calcular la intensidad de la radiaci\u00f3n, el resultado no tiene ning\u00fan sentido. Los c\u00e1lculos nos dicen que se emitir\u00eda una cantidad infinita de radiaci\u00f3n en el ultravioleta m\u00e1s lejano, y, desde luego, esto no es lo que sucede. Lo que se observa es que la intensidad de la radiaci\u00f3n muestra un pico a una cierta longitud de onda caracter\u00edstica, y que la intensidad disminuye tanto para las longitudes mayores como para las longitudes menores. Esta longitud caracter\u00edstica es inversamente proporcional a la temperatura absoluta del objeto radiante (la temperatura absoluta se define por una escala de temperatura que empieza a 273 \u00baC bajo cero). Cuando a 1.000 \u00baC un objeto se pone al \u201crojo vivo\u201d, el objeto est\u00e1 radiando en la zona de luz visible.<\/p>\n<p style=\"text-align: justify;\"><img decoding=\"async\" loading=\"lazy\" id=\"irc_mi\" src=\"http:\/\/www.quimicafisica.com\/sites\/default\/files\/images\/espectroscopia\/espectro-electromagnetico\/espectro-electromagnetico.png\" alt=\"\" width=\"457\" height=\"193\" \/><\/p>\n<p style=\"text-align: justify;\">El espectro electromagn\u00e9tico se extiende desde la radiaci\u00f3n de menor longitud de onda, como los <a href=\"#\" onclick=\"referencia('gamma rayos',event); return false;\">rayos gamma<\/a> y los <a href=\"#\" onclick=\"referencia('rayos x',event); return false;\">rayos X<\/a>, pasando por la luz ultravioleta, la luz visible y los rayos infrarrojos, hasta las ondas electromagn\u00e9ticas de mayor longitud de onda, como son las ondas de radio. Se cree que el l\u00edmite para la longitud de onda m\u00e1s peque\u00f1a posible es la <a href=\"#\" onclick=\"referencia('planck longitud de',event); return false;\">longitud de Planck<\/a> mientras que el l\u00edmite m\u00e1ximo ser\u00eda el tama\u00f1o del Universo.<\/p>\n<p style=\"text-align: justify;\">Lo que Planck propuso fue simplemente que la radiaci\u00f3n s\u00f3lo pod\u00eda ser emitida en paquetes de un tama\u00f1o dado. La cantidad de energ\u00eda de uno de esos paquetes, o cuantos, es inversamente proporcional a la longitud de la onda y, por lo tanto, proporcional a la frecuencia de la radiaci\u00f3n emitida. La sencilla f\u00f3rmula es:<\/p>\n<p style=\"text-align: justify;\">E = h x v<\/p>\n<p style=\"text-align: justify;\">Donde E es la energ\u00eda del paquete, v la frecuencia y h es una nueva constante fundamental de la naturaleza, la <a href=\"#\" onclick=\"referencia('planck constante de',event); return false;\">constante de Planck<\/a>. Cuando Planck calcul\u00f3 la intensidad de la radiaci\u00f3n t\u00e9rmica imponiendo esta nueva condici\u00f3n, el resultado coincidi\u00f3 perfectamente con las observaciones.<\/p>\n<p style=\"text-align: justify;\"><img decoding=\"async\" loading=\"lazy\" id=\"irc_mi\" src=\"http:\/\/bp2.blogger.com\/_tOGVphlEY4M\/SGM38OZhnAI\/AAAAAAAAAE4\/DpjgVzJw3TY\/S1600-R\/einstein02.jpg\" alt=\"\" width=\"242\" height=\"393\" \/><img decoding=\"async\" loading=\"lazy\" id=\"irc_mi\" src=\"http:\/\/web.educastur.princast.es\/proyectos\/jimena\/pj_franciscga\/fotoel.gif\" alt=\"\" width=\"457\" height=\"229\" \/><\/p>\n<p style=\"text-align: justify;\">Poco tiempo despu\u00e9s, en 1905, <a href=\"#\" onclick=\"referencia('einstein',event); return false;\">Einstein<\/a> formul\u00f3 esta teor\u00eda de una forma mucho m\u00e1s tajante: el sugiri\u00f3 que los objetos calientes no son los \u00fanicos que emiten radiaci\u00f3n en paquetes de energ\u00eda, sino que toda la radiaci\u00f3n consiste en m\u00faltiplos de los paquetes de energ\u00eda de Planck. El pr\u00edncipe franc\u00e9s Louis-Victor de Broglie, d\u00e1ndole otra vuelta a la teor\u00eda, propuso que no s\u00f3lo cualquier cosa que oscila tiene una energ\u00eda, sino que cualquier cosa con energ\u00eda se debe comportar como una \u201conda\u201d que se extiende en una cierta regi\u00f3n del espacio, y que la frecuencia, v, de la oscilaci\u00f3n verifica la ecuaci\u00f3n de Planck. Por lo tanto, los cuantos asociados con los rayos de luz deber\u00edan verse como una clase de part\u00edculas elementales: el <a href=\"#\" onclick=\"referencia('foton',event); return false;\">fot\u00f3n<\/a>. Todas las dem\u00e1s clases de part\u00edculas llevan asociadas diferentes ondas oscilatorias de campos de fuerza.<\/p>\n<div>\n<div><a href=\"http:\/\/commons.wikimedia.org\/wiki\/File:Dualite.jpg\"><img decoding=\"async\" loading=\"lazy\" src=\"http:\/\/upload.wikimedia.org\/wikipedia\/commons\/thumb\/6\/64\/Dualite.jpg\/300px-Dualite.jpg\" alt=\"\" width=\"300\" height=\"240\" \/><\/a><\/div>\n<\/div>\n<div style=\"text-align: justify;\">Imagen ilustrativa de la <strong>dualidad onda-part\u00edcula<\/strong>, en el cual se puede ver c\u00f3mo un mismo fen\u00f3meno puede tener dos percepciones distintas. Estas son las cosas que hacen de la mec\u00e1nica cu\u00e1ntica un &#8220;mundo&#8221; extra\u00f1o.<\/div>\n<p style=\"text-align: justify;\">El curioso comportamiento de los <a href=\"#\" onclick=\"referencia('electron',event); return false;\">electrones<\/a> en el interior del \u00e1tomo, descubierto y explicado por el famoso f\u00edsico dan\u00e9s Niels Bohr, se pudo atribuir a las ondas de De Broglie. Poco despu\u00e9s, en 1926, Erwin Schr\u00f6dinger descubri\u00f3 como escribir la teor\u00eda ondulatoria de Debroglie con ecuaciones matem\u00e1ticas exactas. La precisi\u00f3n con la cual se pod\u00edan realizar c\u00e1lculos era asombrosa, y pronto qued\u00f3 claro que el comportamiento de todos los objetos peque\u00f1os estaban exactamente determinados por la reci\u00e9n descubiertas \u201cecuaciones de onda cu\u00e1nticas\u201d.<\/p>\n<p style=\"text-align: justify;\"><img decoding=\"async\" loading=\"lazy\" id=\"irc_mi\" src=\"http:\/\/4.bp.blogspot.com\/-ERvzlfEuhMc\/TnqZrWFyJqI\/AAAAAAAAAWo\/PWGvOVwdKoE\/s640\/RELATIVIDAD+VS+CUANTICA.jpg\" alt=\"\" width=\"457\" height=\"343\" \/><\/p>\n<p style=\"text-align: justify;\">Pocas dudas nos pueden caber a estas alturas de que la mec\u00e1nica cu\u00e1ntica (de Planck) y, la Relatividad \u2013tanto especial como general- (de <a href=\"#\" onclick=\"referencia('einstein',event); return false;\">Einstein<\/a>), adem\u00e1s de ser las dos teor\u00edas m\u00e1s importantes de la F\u00edsica de nuestro tiempo, funcionan de tal forma que uno, cuando profundiza en sus predicciones y las compara con lo que ocurre en el Universo, no puede por menos que, asombrarse, al comprobar como unas mentes humanas han sido capaces de llegar a estos profundos pensamientos que nos acerca a la realidad de la Naturaleza, al mismo tiempo que nos aleja de nuestra propia realidad.<\/p>\n<p style=\"text-align: justify;\"><img decoding=\"async\" loading=\"lazy\" id=\"irc_mi\" src=\"http:\/\/www.carlaantonelli.com\/universo-se-expande.jpg\" alt=\"\" width=\"526\" height=\"250\" \/><\/p>\n<p style=\"text-align: justify;\">S\u00ed, est\u00e1n ah\u00ed pero, en realidad, no sabemos, a ciencia cierta, ni c\u00f3mo se formaron las galaxias<\/p>\n<p style=\"text-align: justify;\">\u00bfQu\u00e9 encontraremos cuando sea posible verificar la Teor\u00eda de cuerdas? \u00bfQu\u00e9 hay m\u00e1s all\u00e1 de los Quarks? \u00bfSabremos alguna vez lo que es una <a href=\"#\" onclick=\"referencia('singularidad',event); return false;\">singularidad<\/a>? \u00bfSer\u00e1 verdad la existencia de esa <a href=\"#\" onclick=\"referencia('materia oscura',event); return false;\">materia oscura<\/a> de la que tanto se habla? \u00bfPodremos al f\u00edn, encontrar esa fuente de energ\u00eda que tanto necesita la Humanidad para dar ese segundo paso hacia el futuro? \u00bfTendremos, acaso, alg\u00fan destino que no sea el de la irremisible extinci\u00f3n?<\/p>\n<p style=\"text-align: justify;\">\u00a1Preguntas! Preguntas y m\u00e1s preguntas que no podemos contestar. Es desesperante estar inmersos en este\u00a0inmenso oc\u00e9ano de ignorancia. \u00bfCu\u00e1ndo sabremos? El el epitafio que Hilbert orden\u00f3 esculpir en su Tumba, nos lo promet\u00eda: &#8220;Tenemos que saber, sabremos&#8221;. Si,\u00a0\u00bfpero cu\u00e1ndo?<\/p>\n<p style=\"text-align: justify;\"><img decoding=\"async\" loading=\"lazy\" id=\"irc_mi\" src=\"http:\/\/www.colombia.com\/SDI\/objetos\/2010\/12\/16\/791098142a35434f851a7a3a9a6c3ecd.jpg\" alt=\"\" width=\"457\" height=\"289\" \/><\/p>\n<p style=\"text-align: justify;\">Lo cierto es que, las reglas de la mec\u00e1nica cu\u00e1ntica tienen que ser aplicadas si queremos describir estad\u00edsticamente un sistema de part\u00edculas que obedece a reglas de \u00e9sta teor\u00eda en vez de las de la mec\u00e1nica cl\u00e1sica.\u00a0 En estad\u00edstica cuantica, los estados de energ\u00eda se considera que est\u00e1n cuantizados.\u00a0 La estad\u00edstica de Bose-<a href=\"http:\/\/www.emiliosilveravazquez.com\/blog\/2013\/02\/12\/%C2%A1mecanica-cuantica-extrano-mundo\/#\"><a href=\"#\" onclick=\"referencia('einstein',event); return false;\">Einstein<\/a><\/a> se aplica si cualquier n\u00famero de part\u00edculas puede ocupar un estado cu\u00e1ntico dado. Dichas part\u00edculas (como dije antes) son los <a href=\"http:\/\/www.emiliosilveravazquez.com\/blog\/2013\/02\/12\/%C2%A1mecanica-cuantica-extrano-mundo\/#\"><a href=\"#\" onclick=\"referencia('bosones',event); return false;\">bosones<\/a><\/a> que, tienden a juntarse.<\/p>\n<p style=\"text-align: justify;\">\u00a0\u00a0\u00a0\u00a0\u00a0\u00a0\u00a0\u00a0 Los <a href=\"http:\/\/www.emiliosilveravazquez.com\/blog\/2013\/02\/12\/%C2%A1mecanica-cuantica-extrano-mundo\/#\"><a href=\"#\" onclick=\"referencia('bosones',event); return false;\">bosones<\/a><\/a> tienen un momento angular n h \/ 2p, donde n es cero o un entero y h es la <a href=\"http:\/\/www.emiliosilveravazquez.com\/blog\/2013\/02\/12\/%C2%A1mecanica-cuantica-extrano-mundo\/#\"><a href=\"#\" onclick=\"referencia('planck constante de',event); return false;\">constante de Planck<\/a><\/a>.\u00a0 Para <a href=\"http:\/\/www.emiliosilveravazquez.com\/blog\/2013\/02\/12\/%C2%A1mecanica-cuantica-extrano-mundo\/#\"><a href=\"#\" onclick=\"referencia('bosones',event); return false;\">bosones<\/a><\/a> id\u00e9nticos, la funci\u00f3n de ondas es siempre sim\u00e9trica.\u00a0 Si solo una part\u00edcula puede ocupar un estado cu\u00e1ntico, tenemos que aplicar la estad\u00edstica Fermi-Dirac y las part\u00edculas (como tambi\u00e9n antes dije) son los <a href=\"http:\/\/www.emiliosilveravazquez.com\/blog\/2013\/02\/12\/%C2%A1mecanica-cuantica-extrano-mundo\/#\"><a href=\"#\" onclick=\"referencia('fermion',event); return false;\">fermiones<\/a><\/a> que tienen momento angular (n+\u00bd) h\/2p y cualquier funci\u00f3n de ondas de <a href=\"http:\/\/www.emiliosilveravazquez.com\/blog\/2013\/02\/12\/%C2%A1mecanica-cuantica-extrano-mundo\/#\"><a href=\"#\" onclick=\"referencia('fermion',event); return false;\">fermiones<\/a><\/a> id\u00e9nticos es siempre antisim\u00e9trica.<\/p>\n<p><img decoding=\"async\" src=\"http:\/\/farm5.static.flickr.com\/4140\/4745204958_afd02b2486.jpg\" alt=\"http:\/\/farm5.static.flickr.com\/4140\/4745204958_afd02b2486.jpg\" \/><\/p>\n<p>&nbsp;<\/p>\n<p>&nbsp;<\/p>\n<p style=\"text-align: justify;\">La mejor teor\u00eda para explicar el mundo subat\u00f3mico naci\u00f3 en 1928 cuando el te\u00f3rico Paul Dirac combin\u00f3 la mec\u00e1nica cu\u00e1ntica con la <a href=\"http:\/\/www.emiliosilveravazquez.com\/blog\/2013\/02\/12\/%C2%A1mecanica-cuantica-extrano-mundo\/#\"><a href=\"#\" onclick=\"referencia('relatividad',event); return false;\">relatividad<\/a><\/a> especial para explicar el comportamiento del <a href=\"http:\/\/www.emiliosilveravazquez.com\/blog\/2013\/02\/12\/%C2%A1mecanica-cuantica-extrano-mundo\/#\">electr\u00f3n<\/a>. El resultado fue la mec\u00e1nica cu\u00e1ntica relativista, que se transform\u00f3 en un ingrediente primario en la teor\u00eda cu\u00e1ntica de campos. Con unas pocas suposiciones y unos ajustes, la teor\u00eda cu\u00e1ntica de campos ha probado ser suficientemente poderosa para formar la base del modelo est\u00e1ndar de las part\u00edculas y las fuerzas que rigen el universo.<\/p>\n<p style=\"text-align: justify;\"><img decoding=\"async\" loading=\"lazy\" id=\"il_fi\" src=\"http:\/\/3.bp.blogspot.com\/_smqTYppro28\/S9iQ3oj-ANI\/AAAAAAAAC6g\/fep4oin1WPM\/s1600\/ESPIN.jpg\" alt=\"\" width=\"300\" height=\"153\" \/><\/p>\n<p style=\"text-align: justify;\">La relaci\u00f3n entre el <a href=\"http:\/\/www.emiliosilveravazquez.com\/blog\/2013\/02\/12\/%C2%A1mecanica-cuantica-extrano-mundo\/#\"><a href=\"#\" onclick=\"referencia('espin',event); return false;\">esp\u00edn<\/a><\/a> y la estad\u00edstica de las part\u00edculas est\u00e1 demostrada por el teorema <a href=\"http:\/\/www.emiliosilveravazquez.com\/blog\/2013\/02\/12\/%C2%A1mecanica-cuantica-extrano-mundo\/#\"><a href=\"#\" onclick=\"referencia('espin',event); return false;\">esp\u00edn<\/a><\/a>-estad\u00edstica. En un espacio de dos dimensiones es posible que\u00a0existan part\u00edculas (o cuasipart\u00edculas) con estad\u00edstica intermedia entre <a href=\"http:\/\/www.emiliosilveravazquez.com\/blog\/2013\/02\/12\/%C2%A1mecanica-cuantica-extrano-mundo\/#\"><a href=\"#\" onclick=\"referencia('bosones',event); return false;\">bosones<\/a><\/a> y <a href=\"http:\/\/www.emiliosilveravazquez.com\/blog\/2013\/02\/12\/%C2%A1mecanica-cuantica-extrano-mundo\/#\"><a href=\"#\" onclick=\"referencia('fermion',event); return false;\">fermiones<\/a><\/a>.\u00a0 Estas part\u00edculas se conocen con el nombre de aiones; para aniones id\u00e9nticos la funci\u00f3n de ondas no es sim\u00e9trica (un cambio de fase de+1) o antisim\u00e9trica (un cambio de fase de -1), sino que interpola continuamente entre +1 y -1.\u00a0 Los aniones pueden ser importantes en el an\u00e1lisis del efecto Hall cu\u00e1ntico fraccional y han sido sugeridos como un mecanismo para la superconductividad de alta temperatura.<\/p>\n<p style=\"text-align: justify;\"><img decoding=\"async\" loading=\"lazy\" id=\"irc_mi\" src=\"http:\/\/antwrp.gsfc.nasa.gov\/apod\/image\/0302\/fermiexclusion_hulet.jpg\" alt=\"\" width=\"339\" height=\"306\" \/><\/p>\n<p style=\"text-align: justify;\">Debido al <a href=\"http:\/\/www.emiliosilveravazquez.com\/blog\/2013\/02\/12\/%C2%A1mecanica-cuantica-extrano-mundo\/#\"><a href=\"#\" onclick=\"referencia('exclusion principio de',event); return false;\">principio de exclusi\u00f3n<\/a><\/a> de Pauli es imposible que dos <a href=\"http:\/\/www.emiliosilveravazquez.com\/blog\/2013\/02\/12\/%C2%A1mecanica-cuantica-extrano-mundo\/#\"><a href=\"#\" onclick=\"referencia('fermion',event); return false;\">fermiones<\/a><\/a> ocupen el mismo estado cu\u00e1ntico (al contrario de lo que ocurre con los <a href=\"http:\/\/www.emiliosilveravazquez.com\/blog\/2013\/02\/12\/%C2%A1mecanica-cuantica-extrano-mundo\/#\"><a href=\"#\" onclick=\"referencia('bosones',event); return false;\">bosones<\/a><\/a>). Y, precisamente por eso, se degeneran <a href=\"#\" onclick=\"referencia('electron',event); return false;\">electrones<\/a> y <a href=\"#\" onclick=\"referencia('neutron',event); return false;\">neutrones<\/a> dando lugar a la formaci\u00f3n de estrellas enanas blancas y de <a href=\"#\" onclick=\"referencia('neutron',event); return false;\">neutrones<\/a> que, encuentran la estabilidad frenando la fuerza de gravedad.<\/p>\n<p style=\"text-align: justify;\">La condensaci\u00f3n de Bose-<a href=\"http:\/\/www.emiliosilveravazquez.com\/blog\/2013\/02\/12\/%C2%A1mecanica-cuantica-extrano-mundo\/#\"><a href=\"#\" onclick=\"referencia('einstein',event); return false;\">Einstein<\/a><\/a> es de importancia fundamental para explicar el fen\u00f3meno de la superfluidez. A temperaturas muy bajas (del orden de 2\u00d710<sup>-7<\/sup>k) se puede formar un condensado de Bose-<a href=\"http:\/\/www.emiliosilveravazquez.com\/blog\/2013\/02\/12\/%C2%A1mecanica-cuantica-extrano-mundo\/#\"><a href=\"#\" onclick=\"referencia('einstein',event); return false;\">Einstein<\/a><\/a>, en el que varios miles de \u00e1tomos forman una \u00fanica entidad (un super\u00e1tomo). Este efecto ha sido observado con \u00e1tomos de rubidio y litio. Este efecto (condensaci\u00f3n Bose-<a href=\"http:\/\/www.emiliosilveravazquez.com\/blog\/2013\/02\/12\/%C2%A1mecanica-cuantica-extrano-mundo\/#\"><a href=\"#\" onclick=\"referencia('einstein',event); return false;\">Einstein<\/a><\/a>), como ya habr\u00e9is podido suponer, es llamado as\u00ed en honor al f\u00edsico Satyendra Naht Bose (1.894-1.974) y de Albert <a href=\"http:\/\/www.emiliosilveravazquez.com\/blog\/2013\/02\/12\/%C2%A1mecanica-cuantica-extrano-mundo\/#\"><a href=\"#\" onclick=\"referencia('einstein',event); return false;\">Einstein<\/a><\/a>.<\/p>\n<p style=\"text-align: justify;\"><img decoding=\"async\" loading=\"lazy\" title=\"condensado-bose-einstein\" src=\"http:\/\/teresaversyp.com\/wp-content\/uploads\/2009\/08\/condensado-bose-einstein.jpg\" alt=\"condensado-bose-einstein\" width=\"418\" height=\"279\" \/><\/p>\n<p style=\"text-align: justify;\">M\u00e1s reciente es la obtenci\u00f3n del Condensado de Bose-<a href=\"#\" onclick=\"referencia('einstein',event); return false;\">Einstein<\/a> (BEC); en este caso las bases te\u00f3ricas se postularon en la d\u00e9cada de los 20 en manos de Satyendra Nath Bose y Albert <a href=\"#\" onclick=\"referencia('einstein',event); return false;\">Einstein<\/a>. El primero describe ciertas reglas para determinar si dos <a href=\"#\" onclick=\"referencia('foton',event); return false;\">fotones<\/a> deber\u00edan considerarse id\u00e9nticos o diferentes (Estad\u00edsticas de Bose) y <a href=\"#\" onclick=\"referencia('einstein',event); return false;\">Einstein<\/a> aplica dichas reglas a los \u00e1tomos intentando averiguar como se comportar\u00edan. As\u00ed, halla los efectos de que a muy bajas temperaturas los \u00e1tomos est\u00e1n al mismo nivel cu\u00e1ntico produciendo fen\u00f3menos como la superfluidez o la superconductividad.<\/p>\n<p style=\"text-align: justify;\">Distribuci\u00f3n de momentos que confirma la existencia de un nuevo <a title=\"Estado de agregaci\u00f3n de la materia\" href=\"http:\/\/es.wikipedia.org\/wiki\/Estado_de_agregaci%C3%B3n_de_la_materia\">estado de agregaci\u00f3n de la materia<\/a>, el condensado de Bose-<a href=\"http:\/\/www.emiliosilveravazquez.com\/blog\/2013\/02\/12\/%C2%A1mecanica-cuantica-extrano-mundo\/#\"><a href=\"#\" onclick=\"referencia('einstein',event); return false;\">Einstein<\/a><\/a>. Datos obtenidos en un gas de \u00e1tomos de <a title=\"Rubidio\" href=\"http:\/\/es.wikipedia.org\/wiki\/Rubidio\">rubidio<\/a>, la coloraci\u00f3n indica la cantidad de \u00e1tomos a cada velocidad, con el rojo indicando la menor y el blanco indicando la mayor. Las \u00e1reas blancas y celestes indican las menores velocidades. A la izquierda se observa el diagrama inmediato anterior al condensado de Bose-<a href=\"http:\/\/www.emiliosilveravazquez.com\/blog\/2013\/02\/12\/%C2%A1mecanica-cuantica-extrano-mundo\/#\"><a href=\"#\" onclick=\"referencia('einstein',event); return false;\">Einstein<\/a><\/a> y al centro el inmediato posterior. A la derecha se observa el diagrama luego de cierta <a title=\"Evaporaci\u00f3n (proceso f\u00edsico)\" href=\"http:\/\/es.wikipedia.org\/wiki\/Evaporaci%C3%B3n_%28proceso_f%C3%ADsico%29\">evaporaci\u00f3n<\/a>, con la sustancia cercana a un condensado de Bose-<a href=\"http:\/\/www.emiliosilveravazquez.com\/blog\/2013\/02\/12\/%C2%A1mecanica-cuantica-extrano-mundo\/#\"><a href=\"#\" onclick=\"referencia('einstein',event); return false;\">Einstein<\/a><\/a> puro. El pico no es infinitamente angosto debido al <a title=\"Principio de indeterminaci\u00f3n de Heisenberg\" href=\"http:\/\/es.wikipedia.org\/wiki\/Principio_de_indeterminaci%C3%B3n_de_Heisenberg\">Principio de indeterminaci\u00f3n de Heisenberg<\/a>: dado que los \u00e1tomos est\u00e1n confinados en una regi\u00f3n del espacio, su distribuci\u00f3n de velocidades posee necesariamente un cierto ancho m\u00ednimo. La distribuci\u00f3n de la izquierda es para T &gt; Tc (sobre 400 nanokelvins (nK)), la central para T &lt; Tc (sobre 200 nK) y la de la derecha para T &lt;&lt; Tc (sobre 50 nK).<\/p>\n<p style=\"text-align: justify;\">\u00a0\u00a0\u00a0\u00a0\u00a0\u00a0\u00a0\u00a0 As\u00ed que, el <a href=\"http:\/\/www.emiliosilveravazquez.com\/blog\/2013\/02\/12\/%C2%A1mecanica-cuantica-extrano-mundo\/#\"><a href=\"#\" onclick=\"referencia('exclusion principio de',event); return false;\">principio de exclusi\u00f3n<\/a><\/a> de Pauli tiene aplicaci\u00f3n no s\u00f3lo a los <a href=\"http:\/\/www.emiliosilveravazquez.com\/blog\/2013\/02\/12\/%C2%A1mecanica-cuantica-extrano-mundo\/#\">electrones<\/a>, sino tambi\u00e9n a los <a href=\"http:\/\/www.emiliosilveravazquez.com\/blog\/2013\/02\/12\/%C2%A1mecanica-cuantica-extrano-mundo\/#\"><a href=\"#\" onclick=\"referencia('fermion',event); return false;\">fermiones<\/a><\/a>; pero no a los <a href=\"http:\/\/www.emiliosilveravazquez.com\/blog\/2013\/02\/12\/%C2%A1mecanica-cuantica-extrano-mundo\/#\"><a href=\"#\" onclick=\"referencia('bosones',event); return false;\">bosones<\/a><\/a>.\u00a0 Si nos fijamos en todo lo que estamos hablando aqu\u00ed, nos daremos cuenta de que la mec\u00e1nica cu\u00b4\u00e7antica es extra\u00f1a y siendo f\u00e1cil comprender como forma un campo magn\u00e9tico la part\u00edcula cargada que gira, no resulta tan f\u00e1cil saber por qu\u00e9 ha de hacer lo mismo un <a href=\"http:\/\/www.emiliosilveravazquez.com\/blog\/2013\/02\/12\/%C2%A1mecanica-cuantica-extrano-mundo\/#\"><a href=\"#\" onclick=\"referencia('neutron',event); return false;\">neutr\u00f3n<\/a><\/a> descargado.<\/p>\n<p style=\"text-align: justify;\">\u00a0\u00a0\u00a0\u00a0\u00a0\u00a0\u00a0 Lo cierto es que ocurre as\u00ed. La prueba directa m\u00e1s evidente de ello es que cuando un rayo de <a href=\"http:\/\/www.emiliosilveravazquez.com\/blog\/2013\/02\/12\/%C2%A1mecanica-cuantica-extrano-mundo\/#\">neutrones<\/a> incide sobre un hierro magnetizado, no se comporta de la misma forma que lo har\u00eda si el hierro no estuviese magnetizado.\u00a0 El magnetismo del <a href=\"http:\/\/www.emiliosilveravazquez.com\/blog\/2013\/02\/12\/%C2%A1mecanica-cuantica-extrano-mundo\/#\"><a href=\"#\" onclick=\"referencia('neutron',event); return false;\">neutr\u00f3n<\/a><\/a> sigue siendo un misterio; los f\u00edsicos sospechan que contiene cargas positivas y negativas equivalentes a cero, aunque por alguna raz\u00f3n desconocida, lograr crear un campo magn\u00e9tico cuando gira la part\u00edcula.<\/p>\n<p style=\"text-align: justify;\"><em>emilio silver<\/em><\/p>\n<div class='bookmark'>\r\n\t\t<table align='left' border='0' cellpadding='0' width='100%'>\r\n\t\t<tr><td><span class='pushbutton'><a href='http:\/\/delicious.com\/post?url=http%3A%2F%2Fwww.emiliosilveravazquez.com%2Fblog%2F2013%2F03%2F20%2F%25c2%25a1fisica-siempre-la-fisica%2F&amp;title=%C2%A1Fisica%21+Siempre+la+F%C3%ADsica' title='Delicious' target='_blank' rel='nofollow'><img src='http:\/\/www.emiliosilveravazquez.com\/blog\/wp-content\/plugins\/knxdt-bookmarks-wordpress-plugin\/images\/delicious.png'  alt='' class='book_img' border='none' style='margin:1px; padding: 0;'  \/><\/a><\/span><span class='pushbutton'><a href='http:\/\/digg.com\/submit?url=http%3A%2F%2Fwww.emiliosilveravazquez.com%2Fblog%2F2013%2F03%2F20%2F%25c2%25a1fisica-siempre-la-fisica%2F&amp;title=%C2%A1Fisica%21+Siempre+la+F%C3%ADsica' title='Digg' target='_blank' rel='nofollow'><img src='http:\/\/www.emiliosilveravazquez.com\/blog\/wp-content\/plugins\/knxdt-bookmarks-wordpress-plugin\/images\/digg.png'  alt='' class='book_img' border='none' style='margin:1px; padding: 0;'  \/><\/a><\/span><span class='pushbutton'><a href='http:\/\/www.google.com\/bookmarks\/mark?op=edit&amp;bkmk=http%3A%2F%2Fwww.emiliosilveravazquez.com%2Fblog%2F2013%2F03%2F20%2F%25c2%25a1fisica-siempre-la-fisica%2F&amp;title=%C2%A1Fisica%21+Siempre+la+F%C3%ADsica' title='Google' target='_blank' rel='nofollow'><img src='http:\/\/www.emiliosilveravazquez.com\/blog\/wp-content\/plugins\/knxdt-bookmarks-wordpress-plugin\/images\/google.png'   alt='' class='book_img' border='none' style='margin:1px; padding: 0;'  \/><\/a><\/span><span class='pushbutton'><a href='http:\/\/myweb2.search.yahoo.com\/myresults\/bookmarklet?u=http%3A%2F%2Fwww.emiliosilveravazquez.com%2Fblog%2F2013%2F03%2F20%2F%25c2%25a1fisica-siempre-la-fisica%2F&amp;t=%C2%A1Fisica%21+Siempre+la+F%C3%ADsica' title='Yahoo' target='_blank' rel='nofollow'><img src='http:\/\/www.emiliosilveravazquez.com\/blog\/wp-content\/plugins\/knxdt-bookmarks-wordpress-plugin\/images\/yahoo.png'  alt='' class='book_img' border='none' style='margin:1px; padding: 0;'  \/><\/a><\/span><span class='pushbutton'><a href='http:\/\/www.technorati.com\/faves?add=http%3A%2F%2Fwww.emiliosilveravazquez.com%2Fblog%2F2013%2F03%2F20%2F%25c2%25a1fisica-siempre-la-fisica%2F' title='Technorati' target='_blank' rel='nofollow'><img src='http:\/\/www.emiliosilveravazquez.com\/blog\/wp-content\/plugins\/knxdt-bookmarks-wordpress-plugin\/images\/technorati.png'  alt='' class='book_img' border='none' style='margin:1px; padding: 0;'  \/><\/a><\/span><span class='pushbutton'><a href='http:\/\/meneame.net\/submit.php?url=http%3A%2F%2Fwww.emiliosilveravazquez.com%2Fblog%2F2013%2F03%2F20%2F%25c2%25a1fisica-siempre-la-fisica%2F' title='Meneame' target='_blank' rel='nofollow'><img src='http:\/\/www.emiliosilveravazquez.com\/blog\/wp-content\/plugins\/knxdt-bookmarks-wordpress-plugin\/images\/meneame.png'  alt='' class='book_img' border='none' style='margin:1px; padding: 0;'  \/><\/a><\/span><span class='pushbutton'><a href='http:\/\/enchilame.com\/submit.php?url=http:\/\/www.emiliosilveravazquez.com\/blog\/2013\/03\/20\/%c2%a1fisica-siempre-la-fisica\/' target='_blank' rel='nofollow'><img title='Enchilame' src='http:\/\/www.emiliosilveravazquez.com\/blog\/wp-content\/plugins\/knxdt-bookmarks-wordpress-plugin\/images\/enchilame.png'  alt='' class='book_img' border='none' style='margin:1px; padding: 0;'  \/><\/a><\/span><span class='pushbutton'><a href='http:\/\/www.blinklist.com\/index.php?Action=Blink\/addblink.php&amp;Description=&amp;Url=http%3A%2F%2Fwww.emiliosilveravazquez.com%2Fblog%2F2013%2F03%2F20%2F%25c2%25a1fisica-siempre-la-fisica%2F&amp;title=%C2%A1Fisica%21+Siempre+la+F%C3%ADsica' title='BlinkList' target='_blank' rel='nofollow'><img src='http:\/\/www.emiliosilveravazquez.com\/blog\/wp-content\/plugins\/knxdt-bookmarks-wordpress-plugin\/images\/blinklist.png'  alt='' class='book_img' border='none' style='margin:1px; padding: 0;'  \/><\/a><\/span><span class='pushbutton'><a href='http:\/\/reddit.com\/submit?url=http%3A%2F%2Fwww.emiliosilveravazquez.com%2Fblog%2F2013%2F03%2F20%2F%25c2%25a1fisica-siempre-la-fisica%2F&amp;title=%C2%A1Fisica%21+Siempre+la+F%C3%ADsica' title='Reddit' target='_blank' rel='nofollow'><img src='http:\/\/www.emiliosilveravazquez.com\/blog\/wp-content\/plugins\/knxdt-bookmarks-wordpress-plugin\/images\/reddit.png'  alt='' class='book_img' border='none' style='margin:1px; padding: 0;'  \/><\/a><\/span><span class='pushbutton'><a href='http:\/\/www.tecnologiadiaria.com\/2009\/07\/abrir-com-hotmail-correo.html' target='_blank' title='hotmail'><img src='http:\/\/www.emiliosilveravazquez.com\/blog\/wp-content\/plugins\/knxdt-bookmarks-wordpress-plugin\/images\/linklove.png' alt='hotmail correo' class='book_img' border='none' style='margin:1px; padding: 0;' \/><\/a><\/span><span class='pushbutton'><a href='http:\/\/bitacoras.com\/votar\/anotacion\/externo\/mini\/www.emiliosilveravazquez.com\/blog\/2013\/03\/20\/%c2%a1fisica-siempre-la-fisica\/' title='Bitacoras.com' target='_blank' rel='nofollow'><img src='http:\/\/www.emiliosilveravazquez.com\/blog\/wp-content\/plugins\/knxdt-bookmarks-wordpress-plugin\/images\/bitacoras.png'  alt='' class='book_img' border='none' style='margin:1px; padding: 0;'  \/><\/a><\/span><span class='pushbutton'><a href='http:\/\/www.wikio.es\/vote?url=http%3A%2F%2Fwww.emiliosilveravazquez.com%2Fblog%2F2013%2F03%2F20%2F%25c2%25a1fisica-siempre-la-fisica%2F' title='Wikio' target='_blank' rel='nofollow'><img src='http:\/\/www.emiliosilveravazquez.com\/blog\/wp-content\/plugins\/knxdt-bookmarks-wordpress-plugin\/images\/wikio.png'   alt='' class='book_img' border='none' style='margin:1px; padding: 0;'   \/><\/a><\/span><span class='pushbutton'><a href='http:\/\/friendfeed.com\/?url=http%3A%2F%2Fwww.emiliosilveravazquez.com%2Fblog%2F2013%2F03%2F20%2F%25c2%25a1fisica-siempre-la-fisica%2F&amp;title=%C2%A1Fisica%21+Siempre+la+F%C3%ADsica' title='Friend Feed' target='_blank' rel='nofollow'><img src='http:\/\/www.emiliosilveravazquez.com\/blog\/wp-content\/plugins\/knxdt-bookmarks-wordpress-plugin\/images\/friendfeed.png'  alt='' class='book_img' border='none' style='margin:1px; padding: 0;'  \/><\/a><\/span><span class='pushbutton'><a href='http:\/\/www.facebook.com\/share.php?u=http%3A%2F%2Fwww.emiliosilveravazquez.com%2Fblog%2F2013%2F03%2F20%2F%25c2%25a1fisica-siempre-la-fisica%2F&amp;t=%C2%A1Fisica%21+Siempre+la+F%C3%ADsica' title='Facebook' target='_blank' rel='nofollow'><img src='http:\/\/www.emiliosilveravazquez.com\/blog\/wp-content\/plugins\/knxdt-bookmarks-wordpress-plugin\/images\/facebook.png'  alt='' class='book_img' border='none' style='margin:1px; padding: 0;'  \/><\/a><\/span><span class='pushbutton'><a href='http:\/\/twitter.com\/home?status=%C2%A1Fisica%21+Siempre+la+F%C3%ADsica: http%3A%2F%2Fwww.emiliosilveravazquez.com%2Fblog%2F2013%2F03%2F20%2F%25c2%25a1fisica-siempre-la-fisica%2F' title='Twitter' target='_blank' rel='nofollow'><img src='http:\/\/www.emiliosilveravazquez.com\/blog\/wp-content\/plugins\/knxdt-bookmarks-wordpress-plugin\/images\/twitter.png'  alt='' class='book_img' border='none' style='margin:1px; padding: 0;'  \/><\/a><\/span><span class='pushbutton'><a href='http:\/\/www.feedburner.com\/fb\/a\/emailFlare?itemTitle=%C2%A1Fisica%21+Siempre+la+F%C3%ADsica&amp;uri=http%3A%2F%2Fwww.emiliosilveravazquez.com%2Fblog%2F2013%2F03%2F20%2F%25c2%25a1fisica-siempre-la-fisica%2F' title='Enviar por Email' target='_blank' rel='nofollow'><img src='http:\/\/www.emiliosilveravazquez.com\/blog\/wp-content\/plugins\/knxdt-bookmarks-wordpress-plugin\/images\/email.png'  alt='' class='book_img' border='none' style='margin:1px; padding: 0;'  \/><\/a><\/span><span style='font-weight:bold; padding-left: 5px;'><a href='http:\/\/wordpress.org\/extend\/plugins\/knxdt-bookmarks-wordpress-plugin\/' title='Plugin' rel='nofollow' target='_blank'>[?]<\/a><\/span><\/td><\/tr><\/table><br\/><br\/><\/div>","protected":false},"excerpt":{"rendered":"<p>\u00a0 Las sustancias formadas por una sola clase de \u00e1tomos se llaman elementos qu\u00edmicos. La palabra \u201c\u00e1tomo\u201d procede del griego \u03b1\u03c4\u03bf\u03bc\u03bf\u03c2, que significa \u201cindivisible\u201d y el uso de la palabra \u201celemento\u201d sugiere que se ha llegado a los ladrillos b\u00e1sicos con los que est\u00e1 formada la materia. De hecho, esta es la imagen que se [&hellip;]<\/p>\n","protected":false},"author":2,"featured_media":0,"comment_status":"open","ping_status":"open","sticky":false,"template":"","format":"standard","meta":{"_s2mail":"yes","footnotes":""},"categories":[6],"tags":[],"_links":{"self":[{"href":"http:\/\/www.emiliosilveravazquez.com\/blog\/wp-json\/wp\/v2\/posts\/8450"}],"collection":[{"href":"http:\/\/www.emiliosilveravazquez.com\/blog\/wp-json\/wp\/v2\/posts"}],"about":[{"href":"http:\/\/www.emiliosilveravazquez.com\/blog\/wp-json\/wp\/v2\/types\/post"}],"author":[{"embeddable":true,"href":"http:\/\/www.emiliosilveravazquez.com\/blog\/wp-json\/wp\/v2\/users\/2"}],"replies":[{"embeddable":true,"href":"http:\/\/www.emiliosilveravazquez.com\/blog\/wp-json\/wp\/v2\/comments?post=8450"}],"version-history":[{"count":0,"href":"http:\/\/www.emiliosilveravazquez.com\/blog\/wp-json\/wp\/v2\/posts\/8450\/revisions"}],"wp:attachment":[{"href":"http:\/\/www.emiliosilveravazquez.com\/blog\/wp-json\/wp\/v2\/media?parent=8450"}],"wp:term":[{"taxonomy":"category","embeddable":true,"href":"http:\/\/www.emiliosilveravazquez.com\/blog\/wp-json\/wp\/v2\/categories?post=8450"},{"taxonomy":"post_tag","embeddable":true,"href":"http:\/\/www.emiliosilveravazquez.com\/blog\/wp-json\/wp\/v2\/tags?post=8450"}],"curies":[{"name":"wp","href":"https:\/\/api.w.org\/{rel}","templated":true}]}}