{"id":8446,"date":"2013-03-20T09:37:47","date_gmt":"2013-03-20T08:37:47","guid":{"rendered":"http:\/\/www.emiliosilveravazquez.com\/blog\/?p=8446"},"modified":"2013-03-20T09:37:47","modified_gmt":"2013-03-20T08:37:47","slug":"%c2%a1el-universo-%c2%bfseria-eso-lo-que-paso","status":"publish","type":"post","link":"http:\/\/www.emiliosilveravazquez.com\/blog\/2013\/03\/20\/%c2%a1el-universo-%c2%bfseria-eso-lo-que-paso\/","title":{"rendered":"\u00a1El Universo! \u00bfSer\u00eda eso lo que pas\u00f3?"},"content":{"rendered":"<p style=\"text-align: justify;\">Se cree que cuando el universo se expandi\u00f3 y se enfri\u00f3 a unos 3000 \u00baK, se volvi\u00f3 transparente a la radiaci\u00f3n, que es la que observamos en la actualidad, mucho m\u00e1s fr\u00eda y diluida, como radiaci\u00f3n t\u00e9rmica de microondas. El descubrimiento del fondo de microondas en 1.956 puso fin a una larga batalla entre el <a href=\"#\" onclick=\"referencia('big bang',event); return false;\">Big Bang<\/a> y su rival, la teor\u00eda del universo estacionario de Fred Hoyle y otros, que no pod\u00eda explicar la forma de cuerpo negro del fondo de microondas. Es ir\u00f3nico que el t\u00e9rmino <a href=\"#\" onclick=\"referencia('big bang',event); return false;\">Big Bang<\/a> tuviera inicialmente un sentido burlesco y fue acu\u00f1ado por Hoyle, contrario a la teor\u00eda del universo inflacionario que se invent\u00f3 el t\u00e9rmino <strong>&#8220;\u00a1La Gran Explosi\u00f3n!&#8221; <\/strong>para burlarse de la teor\u00eda.<\/p>\n<p><img decoding=\"async\" loading=\"lazy\" id=\"irc_mi\" src=\"http:\/\/www.ediciona.com\/portafolio\/image\/7\/7\/4\/1\/el_big_bang_1477.jpg\" alt=\"\" width=\"709\" height=\"357\" \/><\/p>\n<p>Seg\u00fan los datos con los que podemos contar se ha elaborado un trayecto que nos cuenta la historia del Universo \u00bfSer\u00e1 cierta?<\/p>\n<table border=\"1\" cellspacing=\"0\" cellpadding=\"0\">\n<tbody>\n<tr>\n<td colspan=\"3\" width=\"492\">\n<p align=\"center\"><strong>Cronolog\u00eda del <a href=\"#\" onclick=\"referencia('big bang',event); return false;\">Big Bang<\/a><\/strong><\/p>\n<\/td>\n<\/tr>\n<tr>\n<td width=\"144\">\n<p align=\"center\"><strong>Era<\/strong><\/p>\n<\/td>\n<td width=\"183\">\n<p align=\"center\"><strong>Duraci\u00f3n de<\/strong><\/p>\n<\/td>\n<td width=\"165\">\n<p align=\"center\"><strong>Temperatura<\/strong><\/p>\n<\/td>\n<\/tr>\n<tr>\n<td width=\"144\"><a href=\"#\" onclick=\"referencia('planck era de',event); return false;\">Era de Planck<\/a><\/td>\n<td width=\"183\">\n<p align=\"center\">\u00a00 a 10<sup>-43<\/sup> seg.<\/p>\n<\/td>\n<td width=\"165\">\n<p align=\"right\">a 10<sup>-34<\/sup> K<\/p>\n<\/td>\n<\/tr>\n<tr>\n<td width=\"144\">Era de radiaci\u00f3n<\/td>\n<td width=\"183\">\n<p align=\"center\">\u00a010<sup>-43 <\/sup>\u00a0a 30.000 a\u00f1os<\/p>\n<\/td>\n<td width=\"165\">\n<p align=\"right\">desde 10<sup>-34 <\/sup>\u00a0a 10<sup>4<\/sup> K<\/p>\n<\/td>\n<\/tr>\n<tr>\n<td width=\"144\">Era de la materia<\/td>\n<td width=\"183\">\u00a030.000 a\u00f1os al presente (13.500.000.000 a\u00f1os).<\/td>\n<td width=\"165\">\n<p align=\"right\">desde 10<sup>4<\/sup> a 3 K actual<\/p>\n<\/td>\n<\/tr>\n<\/tbody>\n<\/table>\n<p>Los expertos han dise\u00f1ado un proceso para fijar m\u00e1s claramente los hechos se queriendo extender la explicaci\u00f3n evolutiva del universo en las fases principales que son:\u00a0 Eras en la Historia del <a href=\"#\" onclick=\"referencia('big bang',event); return false;\">Big Bang<\/a><\/p>\n<p><strong>De la Materia<\/strong><\/p>\n<p><img decoding=\"async\" loading=\"lazy\" id=\"irc_mi\" src=\"http:\/\/3.bp.blogspot.com\/_vRcMu0fK4_Q\/TNngkHGKxiI\/AAAAAAAAABo\/X61BtuA4d-4\/s1600\/big+bang.jpg\" alt=\"\" width=\"500\" height=\"379\" \/><\/p>\n<p style=\"text-align: justify;\">Es la era que comenz\u00f3 cuando el efecto gravitacional de la materia comenz\u00f3 a dominar sobre el efecto de presi\u00f3n de radiaci\u00f3n. Aunque la radiaci\u00f3n es no masiva, tiene un efecto gravitacional que aumenta con la intensidad de la radiaci\u00f3n. Es m\u00e1s, a altas energ\u00edas, la propia materia se comporta como la radiaci\u00f3n electromagn\u00e9tica, ya que se mueve a velocidades pr\u00f3ximas a la de la luz. En las etapas muy ant\u00edguas del universo, el ritmo de expansi\u00f3n se encontraba dominado por el efecto gravitacional de la presi\u00f3n de radiaci\u00f3n, pero a medida que el universo se enfri\u00f3, este efecto se hizo menos importante que el efecto gravitacional de la materia. Se piensa que la materia se volvi\u00f3 predominante a una temperatura de unos 10<sup>4<\/sup> K, aproximadamente 30.000 a\u00f1os a partir del <a href=\"#\" onclick=\"referencia('big bang',event); return false;\">Big Bang<\/a>. Este hecho marc\u00f3 el comienzo de la era de la materia.<\/p>\n<p style=\"text-align: justify;\"><strong>De la Radiaci\u00f3n<\/strong><\/p>\n<p><img decoding=\"async\" loading=\"lazy\" id=\"irc_mi\" src=\"http:\/\/sophimania.pe\/files\/2012\/09\/materia-oscura.jpg\" alt=\"\" width=\"595\" height=\"390\" \/><\/p>\n<p style=\"text-align: justify;\">Periodo entre 10<sup>-43<\/sup> s (la era de Planck) y 300.000 a\u00f1os despu\u00e9s del <a href=\"#\" onclick=\"referencia('big bang',event); return false;\">Big Bang<\/a>. Durante este periodo, la expansi\u00f3n del universo estaba dominada por los efectos de la radiaci\u00f3n o de las part\u00edculas r\u00e1pidas (a altas energ\u00edas todas las part\u00edculas se comportan como la radiaci\u00f3n). De hecho, la era lept\u00f3nica y la era hadr\u00f3nica son ambas subdivisiones de la era de radiaci\u00f3n. La era de radiaci\u00f3n fue seguida por la era de la materia que antes he rese\u00f1ado, durante la cual los part\u00edculas lentas dominaron la expansi\u00f3n del universo.<\/p>\n<p><img decoding=\"async\" loading=\"lazy\" src=\"http:\/\/www.ldi5.com\/i\/astro\/bbcobe.jpg\" alt=\"\" width=\"268\" height=\"350\" \/><\/p>\n<p>Con nuestro conocimiento actual de f\u00edsica de part\u00edculas de altas energ\u00edas, podemos hacer avanzar el reloj hacia atr\u00e1s a trav\u00e9s de la teor\u00eda lept\u00f3nica y la era hadr\u00f3nica hasta una millon\u00e9sima de segundo despu\u00e9s del <a href=\"http:\/\/www.emiliosilveravazquez.com\/blog\/2012\/09\/04\/el-big-bang-creador-del-universo\/#\"><a href=\"#\" onclick=\"referencia('big bang',event); return false;\">Big Bang<\/a><\/a>, cuando la temperatura era de 10<sup>13<\/sup> K. Utilizando una teor\u00eda m\u00e1s especulativa, los cosm\u00f3logos han intentado llevar el modelo hasta 10<sup>35<\/sup> s despu\u00e9s de la <a href=\"http:\/\/www.emiliosilveravazquez.com\/blog\/2012\/09\/04\/el-big-bang-creador-del-universo\/#\"><a href=\"#\" onclick=\"referencia('singularidad',event); return false;\">singularidad<\/a><\/a>, cuando la temperatura era de 10<sup>28<\/sup> K. Esa infinitesimal escala de longitud es conocida como l\u00edmite de Planck, \u00a0= 10<sup>-35 <\/sup>m, que en la ley de radiaci\u00f3n de Planck, es distribuida la energ\u00eda radiada por un cuerpo negro mediante peque\u00f1os paquetes deiscretos llamados cuantos, en vez de una emisi\u00f3n continua. A estas distancias, la Graverdad est\u00e1 ausente para dejar actuar a la mec\u00e1nica cu\u00e1ntica.<\/p>\n<p>La teor\u00eda del <a href=\"http:\/\/www.emiliosilveravazquez.com\/blog\/2012\/09\/04\/el-big-bang-creador-del-universo\/#\"><a href=\"#\" onclick=\"referencia('big bang',event); return false;\">Big Bang<\/a><\/a> es capaz de explicar la expansi\u00f3n del universo, la existencia de una radiaci\u00f3n de fondo c\u00f3smica y la abundancia de n\u00facleos ligeros como el helio, el helio-3, el <a href=\"http:\/\/www.emiliosilveravazquez.com\/blog\/2012\/09\/04\/el-big-bang-creador-del-universo\/#\"><a href=\"#\" onclick=\"referencia('deuterio',event); return false;\">deuterio<\/a><\/a> y el litio-7, cuya formaci\u00f3n se predice que ocurri\u00f3 alrededor de un segundo despu\u00e9s del <a href=\"http:\/\/www.emiliosilveravazquez.com\/blog\/2012\/09\/04\/el-big-bang-creador-del-universo\/#\"><a href=\"#\" onclick=\"referencia('big bang',event); return false;\">Big Bang<\/a><\/a>, cuando la temperatura reinante era de 10<sup>10<\/sup> K.<\/p>\n<p><img decoding=\"async\" loading=\"lazy\" src=\"http:\/\/3.bp.blogspot.com\/_fXzRYbEw4hA\/TEDzrIIoViI\/AAAAAAAADwc\/68DN0Ghmf9I\/s1600\/quasar-universo-temprano.jpg\" alt=\"\" width=\"650\" height=\"488\" \/><\/p>\n<p><em>\u00a0 \u00a0 \u00a0 \u00a0 \u00a0 \u00a0 \u00a0 \u00a0 \u00a0 \u00a0 \u00a0 \u00a0 \u00a0 \u00a0 \u00a0 \u00a0 \u00a0 \u00a0 \u00a0 \u00a0Abundancia de n\u00facleos ligeros en el universo temprano<\/em><\/p>\n<p><strong>Era Hadr\u00f3nica<\/strong><\/p>\n<div style=\"text-align: justify;\">\n<div style=\"text-align: justify;\">\n<p>Corto periodo de tiempo entre 10<sup>-6<\/sup> s y 10<sup>-5<\/sup> s despu\u00e9s del <a href=\"#\" onclick=\"referencia('big bang',event); return false;\">Big Bang<\/a> en el que se formaron las part\u00edculas at\u00f3micas pesadas, como <a href=\"#\" onclick=\"referencia('proton',event); return false;\">protones<\/a>, <a href=\"#\" onclick=\"referencia('neutron',event); return false;\">neutrones<\/a>, <a href=\"#\" onclick=\"referencia('pion',event); return false;\">piones<\/a> y <a href=\"#\" onclick=\"referencia('kaon',event); return false;\">kaones<\/a> entre otras. Antes del comienzo de la era hadr\u00f3nica, los <a href=\"#\" onclick=\"referencia('quarks',event); return false;\">quarks<\/a> se comportaban como part\u00edculas libres. El proceso por el que se formaron los <a href=\"#\" onclick=\"referencia('quarks',event); return false;\">quarks<\/a> se denomina transici\u00f3n de fase quark-<a href=\"#\" onclick=\"referencia('hadrones',event); return false;\">hadr\u00f3n<\/a>. Al final de la era hadr\u00f3nica, todas las dem\u00e1s especies hadr\u00f3nicas hab\u00edan deca\u00eddo o se hab\u00edan desintegrado, dejando s\u00f3lo <a href=\"#\" onclick=\"referencia('proton',event); return false;\">protones<\/a> o <a href=\"#\" onclick=\"referencia('neutron',event); return false;\">neutrones<\/a>. Inmediatamente despu\u00e9s de esto el universo entr\u00f3 en la era lept\u00f3nica.<\/p>\n<p><a href=\"http:\/\/www.google.es\/imgres?imgurl=http%3A%2F%2F1.bp.blogspot.com%2F-TEjYqpesgjc%2FUKTbM8jhbtI%2FAAAAAAAAPc0%2FgjM5LhjZD6Q%2Fs1600%2Fhiggs16%2B%2B%2Bsubpart%2525C3%2525ADculas..jpg&amp;imgrefurl=http%3A%2F%2Fenroquedeciencia.blogspot.com%2F2012_11_01_archive.html&amp;docid=LFPhWsKVpC-qsM&amp;tbnid=yB5rpmikk_VZ6M&amp;w=960&amp;h=720&amp;ei=QT1JUe2IJYm2hQeRwYHQCA&amp;ved=0CAMQxiAwAQ&amp;iact=rics\" data-target-tbnid=\"upFovVI_0gBTEM:\" data-ved=\"0CAMQxiAwAQ\" data-item-id=\"yB5rpmikk_VZ6M\"><img decoding=\"async\" src=\"http:\/\/t0.gstatic.com\/images?q=tbn:ANd9GcSVzFAQTYyMFFjR_WYzX1Jgh7LXA_D37-5ZbAi7fjiVE0CkdM7g\" alt=\"\" \/><\/a><a href=\"http:\/\/www.google.es\/imgres?imgurl=http%3A%2F%2Fwww.monografias.com%2Ftrabajos52%2Fparticulas-subatomicas%2FImage5370.gif&amp;imgrefurl=http%3A%2F%2Fwww.monografias.com%2Ftrabajos52%2Fparticulas-subatomicas%2Fparticulas-subatomicas2.shtml&amp;docid=xkx9L7dJ5WzoRM&amp;tbnid=9vPjUiv7cuBNuM&amp;w=389&amp;h=415&amp;ei=QT1JUe2IJYm2hQeRwYHQCA&amp;ved=0CAQQxiAwAg&amp;iact=rics\" data-target-tbnid=\"upFovVI_0gBTEM:\" data-ved=\"0CAQQxiAwAg\" data-item-id=\"9vPjUiv7cuBNuM\"><img decoding=\"async\" src=\"http:\/\/t2.gstatic.com\/images?q=tbn:ANd9GcQmXzF_zhc_52Ad1Rj-OM8H4UZpd7R2YRNiNO6icMWQiBdRUoHf\" alt=\"\" \/><\/a><a href=\"http:\/\/www.google.es\/imgres?imgurl=http%3A%2F%2Ffrancisthemulenews.files.wordpress.com%2F2010%2F08%2Fdibujo20100805_three_generations_standard_model.jpg&amp;imgrefurl=http%3A%2F%2Ffrancisthemulenews.wordpress.com%2Fcategory%2Fmateria-oscura%2Fpage%2F2%2F&amp;docid=a8ntcQsl2_xXYM&amp;tbnid=hBVEi3RsWaLsUM&amp;w=489&amp;h=349&amp;ei=QT1JUe2IJYm2hQeRwYHQCA&amp;ved=0CAUQxiAwAw&amp;iact=rics\" data-target-tbnid=\"upFovVI_0gBTEM:\" data-ved=\"0CAUQxiAwAw\" data-item-id=\"hBVEi3RsWaLsUM\"><img decoding=\"async\" src=\"http:\/\/t0.gstatic.com\/images?q=tbn:ANd9GcSHn1gA35uSDT7o9QGK_vXyyLQJzr1QoefkF9ZK7SA2v36cX5Sf\" alt=\"\" \/><\/a><\/p>\n<p><strong>Era Lept\u00f3nica<\/strong><\/p>\n<p>Intervalo que comenz\u00f3 unos 10<sup>-5<\/sup> s despu\u00e9s del <a href=\"#\" onclick=\"referencia('big bang',event); return false;\">Big Bang<\/a>, en el que diversos tipos de <a href=\"#\" onclick=\"referencia('leptones',event); return false;\">leptones<\/a> eran la principal contribuci\u00f3n a la densidad del universo. Se crearon pares de <a href=\"#\" onclick=\"referencia('leptones',event); return false;\">leptones<\/a> y anti<a href=\"#\" onclick=\"referencia('leptones',event); return false;\">leptones<\/a> en gran n\u00famero en el universo primitivo, pero a medida que el universo se enfri\u00f3, la mayor parte de las especies lept\u00f3nicas fueron aniquiladas. La era lept\u00f3nica se entremezcla con la hadr\u00f3nica y ambas, como ya dije antes, son subdivisiones de la era de la radiaci\u00f3n. El final de la era lept\u00f3nica se considera normalmente que ocurri\u00f3 cuando se aniquilaron la mayor parte de los pares electr\u00f3n-positr\u00f3n, a una temperatura de 5<strong>\u00d7<\/strong>10<sup>9<\/sup> K, m\u00e1s o menos un segundo despu\u00e9s del <a href=\"#\" onclick=\"referencia('big bang',event); return false;\">Big Bang<\/a>. Despu\u00e9s, los <a href=\"#\" onclick=\"referencia('leptones',event); return false;\">leptones<\/a> se unieron a los hadr\u00f3nes para formar \u00e1tomos.<\/p>\n<p><a href=\"http:\/\/www.google.es\/imgres?imgurl=http%3A%2F%2Fcdn.dipity.com%2Fuploads%2Fevents%2F0f9f0b926d400782dfa308a9ff826808_1M.png&amp;imgrefurl=http%3A%2F%2Fwww.dipity.com%2Fsantiago94%2FEvaluacion-Digital_1%2F&amp;docid=WFzK7_l3QTMr9M&amp;tbnid=TZU9ULeJGfnftM%3A&amp;w=243&amp;h=250&amp;ei=fj9JUYnsGsamhAejqIGwBw&amp;ved=0CAIQxiAwAA&amp;iact=rics\" data-target-tbnid=\"TZU9ULeJGfnftM:\" data-ved=\"0CAIQxiAwAA\" data-item-id=\"TZU9ULeJGfnftM:\"><img decoding=\"async\" src=\"http:\/\/t1.gstatic.com\/images?q=tbn:ANd9GcSG1mBFxpZQNH19euGWrWUHej2_c_xzcivI_uiBEP9oTdhKXNxS\" alt=\"\" \/><\/a><a href=\"http:\/\/www.google.es\/imgres?imgurl=http%3A%2F%2Fec.comps.canstockphoto.com%2Fcan-stock-photo_csp9180344.jpg&amp;imgrefurl=http%3A%2F%2Fwww.canstockphoto.com%2Fatom-9180344.html&amp;docid=BpWR6B7NP1-37M&amp;tbnid=sEVkgVM44XZniM&amp;w=400&amp;h=415&amp;ei=fj9JUYnsGsamhAejqIGwBw&amp;ved=0CAMQxiAwAQ&amp;iact=rics\" data-target-tbnid=\"TZU9ULeJGfnftM:\" data-ved=\"0CAMQxiAwAQ\" data-item-id=\"sEVkgVM44XZniM\"><img decoding=\"async\" src=\"http:\/\/t0.gstatic.com\/images?q=tbn:ANd9GcTr-6YYPrSmisU-dELUt9RnSMASvWRXAH27h9xR0KnrHSstBePb\" alt=\"\" \/><\/a><a href=\"http:\/\/www.google.es\/imgres?imgurl=http%3A%2F%2F3.bp.blogspot.com%2F_CJrY6ru65rQ%2FTGBKhZvjvaI%2FAAAAAAAAACc%2F6x-OQ0oMahE%2FS350%2Festuctura.png&amp;imgrefurl=http%3A%2F%2Fatomosymolepe.blogspot.com%2F&amp;docid=tDuyE7wtr-MU5M&amp;tbnid=M2ds5qsOSnq_9M&amp;w=267&amp;h=277&amp;ei=fj9JUYnsGsamhAejqIGwBw&amp;ved=0CAQQxiAwAg&amp;iact=rics\" data-target-tbnid=\"TZU9ULeJGfnftM:\" data-ved=\"0CAQQxiAwAg\" data-item-id=\"M2ds5qsOSnq_9M\"><img decoding=\"async\" src=\"http:\/\/t3.gstatic.com\/images?q=tbn:ANd9GcRI8_qQuhS-8lhAR1ibH81gaHm5J73XMeUQhu7KbMCEOBnGwZuV\" alt=\"\" \/><\/a><\/p>\n<p>&nbsp;<\/p>\n<p>As\u00ed creemos que se form\u00f3 nuestro universo, a partir de una &#8220;<a href=\"#\" onclick=\"referencia('singularidad',event); return false;\">singularidad<\/a>&#8221; que explot\u00f3 expandiendo toda la densidad y energ\u00eda a unas temperaturas terror\u00edficas, y a partir de ese mismo instante conocido como <a href=\"#\" onclick=\"referencia('big bang',event); return false;\">Big Bang<\/a>, nacieron, como hermanos gemelos, el tiempo y el espacio junto con la materia que finalmente desemboc\u00f3 en lo que ahora conocemos como universo.<\/p>\n<p><img decoding=\"async\" loading=\"lazy\" id=\"irc_mi\" src=\"http:\/\/4.bp.blogspot.com\/-XPmudt6m6sw\/TfWhiBD_QvI\/AAAAAAAAAZk\/JCCjqeP65E4\/s1600\/Tama%25C3%25B1o+del+Universo.jpg\" alt=\"\" width=\"499\" height=\"393\" \/><\/p>\n<p>El universo es el conjunto de todo lo que existe, incluyendo el espacio, el tiempo y la materia.\u00a0 El estudio del universo se conoce como cosmolog\u00eda. Los cosm\u00f3logos distinguen al Universo con \u201cU\u201d may\u00fascula, significando el cosmos y su contenido, y el universo con \u201cu\u201d min\u00fascula, que es normalmente un modelo matem\u00e1tico deducido de alguna teor\u00eda f\u00edsica como por ejemplo, el universo de Friedmann o el universo de <a href=\"#\" onclick=\"referencia('einstein',event); return false;\">Einstein<\/a>\u2013de Sitter. El universo real est\u00e1 constituido en su mayor\u00eda de espacios que aparentemente est\u00e1n vac\u00edos, existiendo materia concentrada en galaxias formadas por estrellas, planetas, gases y otros objetos cosmol\u00f3gicos.<\/p>\n<p>De los estudios y observaciones realizadas ahora sabemos que, el universo se est\u00e1 expandiendo, de manera que el espacio entre las galaxias est\u00e1 aumentando gradualmente, provocando un desplazamiento al rojo cosmol\u00f3gico en la luz procedente de los objetos distantes.<\/p>\n<p><img decoding=\"async\" loading=\"lazy\" id=\"irc_mi\" src=\"http:\/\/www.thaispaceweather.com\/news\/July07\/070725B_03.jpg\" alt=\"\" width=\"596\" height=\"393\" \/><\/p>\n<p>Un Universo cada vez m\u00e1s grande y m\u00e1s fr\u00edo, dado que la expansi\u00f3n sigue y la materia se dispersa<\/p>\n<p>Los astr\u00f3nomos opinan que el 90 por 100 de los \u00e1tomos de universo son hidr\u00f3geno, el 9 por 100 helio y el 1 por 100 elementos m\u00e1s complejos.\u00a0 Una muestra de 100 gramos, o mejor 100 \u00e1tomos, consistir\u00eda entonces en 90 \u00e1tomos de hidr\u00f3geno, 9 de helio y 1 de ox\u00edgeno (por ejemplo). Los n\u00facleos de los \u00e1tomos de hidr\u00f3geno contendr\u00edan 1 <a href=\"#\" onclick=\"referencia('nucleones',event); return false;\">nucle\u00f3n<\/a> cada uno: 1 <a href=\"#\" onclick=\"referencia('proton',event); return false;\">prot\u00f3n<\/a>. Los n\u00facleos de los \u00e1tomos de helio contendr\u00edan 4 <a href=\"#\" onclick=\"referencia('nucleones',event); return false;\">nucleones<\/a> cada uno: 2 <a href=\"#\" onclick=\"referencia('proton',event); return false;\">protones<\/a> y 2 <a href=\"#\" onclick=\"referencia('neutron',event); return false;\">neutrones<\/a>. El n\u00facleo del \u00e1tomo de ox\u00edgeno contendr\u00eda 16 <a href=\"#\" onclick=\"referencia('nucleones',event); return false;\">nucleones<\/a>: 8 <a href=\"#\" onclick=\"referencia('proton',event); return false;\">protones<\/a> y 8 <a href=\"#\" onclick=\"referencia('neutron',event); return false;\">neutrones<\/a>. Los 100 \u00e1tomos juntos contendr\u00edan, por tanto, 145 <a href=\"#\" onclick=\"referencia('nucleones',event); return false;\">nucleones<\/a>: 116 <a href=\"#\" onclick=\"referencia('proton',event); return false;\">protones<\/a> y 26 <a href=\"#\" onclick=\"referencia('neutron',event); return false;\">neutrones<\/a>.<\/p>\n<p>Existe una diferencia entre estos dos tipos de <a href=\"#\" onclick=\"referencia('nucleones',event); return false;\">nucleones<\/a>. El <a href=\"#\" onclick=\"referencia('neutron',event); return false;\">neutr\u00f3n<\/a> no tiene carga el\u00e9ctrica y no es preciso considerar ninguna part\u00edcula que lo acompa\u00f1e. Pero el <a href=\"#\" onclick=\"referencia('proton',event); return false;\">prot\u00f3n<\/a> tiene una carga el\u00e9ctrica positiva, y como el universo es, seg\u00fan creemos, el\u00e9ctricamente neutro en su conjunto, tiene que existir un <a href=\"#\" onclick=\"referencia('electron',event); return false;\">electr\u00f3n<\/a> (con carga el\u00e9ctrica negativa) por cada <a href=\"#\" onclick=\"referencia('proton',event); return false;\">prot\u00f3n<\/a>, creando as\u00ed el equilibrio existente.<\/p>\n<p><a href=\"http:\/\/www.google.es\/imgres?imgurl=http%3A%2F%2Flh3.ggpht.com%2F_EuutPdvjcY0%2FSQ2T-i2zooI%2FAAAAAAAAAIw%2FNLMAXCnaOBA%2F003Gal.jpg&amp;imgrefurl=http%3A%2F%2Fwww.emiliosilveravazquez.com%2Fblog%2F2012%2F11%2F24%2Flos-secretos-del-universo-y-de-la-vida%2F&amp;docid=1APLMUsEgILVtM&amp;tbnid=rxoRtuurUXMFdM%3A&amp;w=512&amp;h=309&amp;ei=WUNJUbLoAcrItQbBuYD4CQ&amp;ved=0CAIQxiAwAA&amp;iact=rics\" data-target-tbnid=\"rxoRtuurUXMFdM:\" data-ved=\"0CAIQxiAwAA\" data-item-id=\"rxoRtuurUXMFdM:\"><img decoding=\"async\" src=\"http:\/\/t1.gstatic.com\/images?q=tbn:ANd9GcTMRrSsoLmymNxuycA0UaPyGSTOhp-HlOW5qA78uWBdM6830QJH\" alt=\"\" \/><\/a><a href=\"http:\/\/www.google.es\/imgres?imgurl=http%3A%2F%2Ffiles.seti.ee%2Fmilena%2Fkartinki%2F1%2F1%2F1%2F2%2Fearth1%2F1.jpg&amp;imgrefurl=http%3A%2F%2Fwww.seti.ee%2Fmodules%2Fnews%2Findex.php%3Fstorytopic%3D43%26start%3D960&amp;docid=8liyQOYtmPo_zM&amp;tbnid=hf_UARYUp0XhrM&amp;w=600&amp;h=419&amp;ei=WUNJUbLoAcrItQbBuYD4CQ&amp;ved=0CAMQxiAwAQ&amp;iact=rics\" data-target-tbnid=\"rxoRtuurUXMFdM:\" data-ved=\"0CAMQxiAwAQ\" data-item-id=\"hf_UARYUp0XhrM\"><img decoding=\"async\" src=\"http:\/\/t1.gstatic.com\/images?q=tbn:ANd9GcTPTAqQdNI2d7IzFIqQHqCo5aXALjaqY2NaWwOkq3kCKLKHeLCj\" alt=\"\" \/><\/a><a href=\"http:\/\/www.google.es\/imgres?imgurl=http%3A%2F%2Fwww.guerrillapop.com%2Fblog%2Fimages%2Fgalaxy.jpg&amp;imgrefurl=http%3A%2F%2Fwww.guerrillapop.com%2Fblog%2Fescepticismo%2Fmas-visualizaciones-del-tamano-del-universo&amp;docid=vRkETNQMLKFA-M&amp;tbnid=ZDWxK_lWMYcczM&amp;w=480&amp;h=396&amp;ei=WUNJUbLoAcrItQbBuYD4CQ&amp;ved=0CAQQxiAwAg&amp;iact=rics\" data-target-tbnid=\"rxoRtuurUXMFdM:\" data-ved=\"0CAQQxiAwAg\" data-item-id=\"ZDWxK_lWMYcczM\"><img decoding=\"async\" src=\"http:\/\/t0.gstatic.com\/images?q=tbn:ANd9GcSW5kphJrbiv1QOBt8Ty0I8w85HgEGa-LZk-1I7IQJkcRorLxZ9\" alt=\"\" \/><\/a><a href=\"http:\/\/www.google.es\/imgres?imgurl=http%3A%2F%2F4.bp.blogspot.com%2F--3_7W01UsSE%2FTa5QCqcOOzI%2FAAAAAAAADuw%2FEZ_9i9rJwi0%2Fs640%2FMultiverse1.jpg&amp;imgrefurl=http%3A%2F%2Fwww.emiliosilveravazquez.com%2Fblog%2Fcategory%2Fcosmologia%2F&amp;docid=Q6NX0RHvRtxCQM&amp;tbnid=xXc0bUa1VaDjDM&amp;w=640&amp;h=390&amp;ei=WUNJUbLoAcrItQbBuYD4CQ&amp;ved=0CAUQxiAwAw&amp;iact=rics\" data-target-tbnid=\"rxoRtuurUXMFdM:\" data-ved=\"0CAUQxiAwAw\" data-item-id=\"xXc0bUa1VaDjDM\"><img decoding=\"async\" src=\"http:\/\/t1.gstatic.com\/images?q=tbn:ANd9GcS259zyj1ZMiQpuyoPz9rfbFoclrR5mjduevguzSkc_QM8MvPTy\" alt=\"\" \/><\/a><\/p>\n<p>El Universo, en su conjunto, resulta neutro al estar las fuerzas compensadas y anularse las unas a las otras, es decir, en el n\u00facleo de un \u00e1tomo est\u00e1n los <a href=\"#\" onclick=\"referencia('proton',event); return false;\">protones<\/a> con carga positiva y para que el \u00e1tomo alcance su estabilidad, el n\u00facleo est\u00e1 orbitado por tantos <a href=\"#\" onclick=\"referencia('electron',event); return false;\">electrones<\/a> como <a href=\"#\" onclick=\"referencia('proton',event); return false;\">protones<\/a> all\u00ed existen y, de esa manera, nuestro mundo, el Universo en su conjunto es como lo podemos ver y, tambi\u00e9n, es posible nuestra presencia aqu\u00ed gracias a ese equilibrio de dos fuerzas contrapuestas que se igualan para que todo eso ocurra.<\/p>\n<p>De las dem\u00e1s part\u00edculas, las \u00fanicas que existen en cantidades importantes en el universo son los <a href=\"#\" onclick=\"referencia('foton',event); return false;\">fotones<\/a>, los <a href=\"#\" onclick=\"referencia('neutrinos',event); return false;\">neutrinos<\/a> y posiblemente los <a href=\"#\" onclick=\"referencia('graviton',event); return false;\">gravitones<\/a>, pero son part\u00edculas sin masa. Lo cierto es que nadie sabe dar una explicaci\u00f3n consistente del origen de la materia y a partir de qu\u00e9 semilla pudo surgir. S\u00ed, sabemos de esas part\u00edculas que la forman pero&#8230; \u00bfNo habr\u00e1 algo m\u00e1s que desconocemos?<\/p>\n<p><img decoding=\"async\" loading=\"lazy\" id=\"irc_mi\" src=\"http:\/\/2.bp.blogspot.com\/-WPViYePan3s\/TVgw5WtuPUI\/AAAAAAAAADQ\/5WTgM46OzjY\/s1600\/POSITRON+1.jpg\" alt=\"\" width=\"393\" height=\"393\" \/><\/p>\n<p>Isaac Asimov dec\u00eda que por su parte,<\/p>\n<blockquote><p>\u201c<em>La respuesta pod\u00eda estar en la existencia de \u201cenerg\u00eda negativa\u201d que igualara la \u201cenerg\u00eda positiva\u201d ordinaria, pero con la particularidad de que cantidades iguales de ambos se unir\u00edan para dar nada como resultado<\/em>\u201d (es decir, que +1 y -1 sumados dan 0).&#8221;<\/p><\/blockquote>\n<p>Claro que tambi\u00e9n,\u00a0 lo que antes era nada podr\u00eda cambiar de pronto y convertirse en una pompa de \u201cenerg\u00eda positiva\u201d y otra pompa igual de \u201cenerg\u00eda negativa\u201d. De ser as\u00ed, la pompa de energ\u00eda positiva se convirti\u00f3 en el universo que conocemos, mientras que en alguna otra parte, existir\u00eda el universo contrario, paralelo negativo.<\/p>\n<p><img decoding=\"async\" loading=\"lazy\" id=\"irc_mi\" src=\"http:\/\/4.bp.blogspot.com\/_IP-xhn2P2rQ\/TOSlml1b5jI\/AAAAAAAAF7w\/MNwq10JZHWk\/s1600\/3.jpg\" alt=\"\" width=\"404\" height=\"393\" \/><\/p>\n<p>El universo, en sus comienzos, produjo enormes cantidades de part\u00edculas de materia y de antimateria, y el n\u00famero de una y otra no era igual sino que, no se sabe por qu\u00e9 raz\u00f3n, las part\u00edculas positivas eran m\u00e1s que las negativas. Todos sabemos que un <a href=\"#\" onclick=\"referencia('proton',event); return false;\">prot\u00f3n<\/a>, cuando se encuentra con un anti<a href=\"#\" onclick=\"referencia('proton',event); return false;\">prot\u00f3n<\/a> (materia con antimateria) ambos se destruyen. Una vez destruidos todos los pares materia antimateria, qued\u00f3 el sobrante de part\u00edculas positivas que es la materia de nuestro universo.<\/p>\n<p><img decoding=\"async\" loading=\"lazy\" id=\"irc_mi\" src=\"http:\/\/www.astronavegador.com\/imagenes_encuesta\/Grandes\/Nebulosa_Carina_20ani.jpg\" alt=\"\" width=\"579\" height=\"393\" \/><\/p>\n<p>De esa manera se formaron, con esas part\u00edculas positivas y los <a href=\"#\" onclick=\"referencia('electron',event); return false;\">electrones<\/a> negativos (<a href=\"#\" onclick=\"referencia('hadrones',event); return false;\">hadrones<\/a> y <a href=\"#\" onclick=\"referencia('leptones',event); return false;\">leptones<\/a>), grandes conglomerados de gas y polvo que giraban lentamente, fragment\u00e1ndose en v\u00f3rtices turbulentos que se condensaban finalmente en estrellas. Estos conglomerados de gas y polvo pod\u00edan tener extensiones de a\u00f1os luz de di\u00e1metro y, en algunas regiones donde la formaci\u00f3n de estrellas fue muy activa, casi todo el polvo y el gas fue a parar a una estrella u otra. Poco o nada fue lo que quedo en los espacios intermedios. Esto es cierto para los c\u00famulos globulares, las galaxias el\u00edpticas y el n\u00facleo central de las galaxias espirales.<\/p>\n<p><img decoding=\"async\" loading=\"lazy\" id=\"irc_mi\" src=\"http:\/\/www.alucine.com\/img\/cieloprofundo\/Hercules1.jpg\" alt=\"\" width=\"600\" height=\"463\" \/><a href=\"http:\/\/commons.wikimedia.org\/wiki\/File:Camile_Flammarion.jpg\"><img decoding=\"async\" loading=\"lazy\" src=\"http:\/\/upload.wikimedia.org\/wikipedia\/commons\/thumb\/8\/8b\/Camile_Flammarion.jpg\/200px-Camile_Flammarion.jpg\" alt=\"Camile Flammarion.jpg\" width=\"200\" height=\"281\" \/><\/a><\/p>\n<p>En ese inmenso c\u00famulo de estrellas est\u00e1 presente una, la estrella \u03c0, de la que nos hablaba Camilo Flammarion que imagin\u00f3 como una gran flota de naves se dirig\u00eda hacia aquella lejana estrella, y, se hac\u00eda la pregunta: \u00bfLlegaremos all\u00ed alg\u00fan d\u00eda? Los que hemos tenido la suerte de leer algunas de sus obras, recordamos algunas como:<\/p>\n<p>La pluralidad de los mundos habitados.<br \/>\nMundos imaginarios y reales los mundos.<br \/>\nHistorias del infinito.<\/p>\n<p><img decoding=\"async\" loading=\"lazy\" id=\"rg_hi\" src=\"http:\/\/t3.gstatic.com\/images?q=tbn:ANd9GcQVuSmxa5c5RmNLzVhT_AXXAAcopubBfuaMU3pL_1U1MG09YqT3\" alt=\"\" width=\"235\" height=\"214\" data-height=\"214\" data-width=\"235\" \/><\/p>\n<p>Est\u00e1 claro que hemos podido acceder a muchos conocimientos que no hace mucho tiempo eran impensables pero, las teor\u00edas de <a href=\"http:\/\/www.emiliosilveravazquez.com\/blog\/2012\/12\/30\/#\"><a href=\"#\" onclick=\"referencia('einstein',event); return false;\">Einstein<\/a><\/a> y Planck, deben ser sobrepasadas y debemos ir mucho m\u00e1s lejos, all\u00ed donde residen esas respuestas que hasta el momento nadie ha sabido dar y que responder\u00e1n a preguntas que fueron posibles formular, gracias a <a href=\"http:\/\/www.emiliosilveravazquez.com\/blog\/2012\/12\/30\/#\"><a href=\"#\" onclick=\"referencia('einstein',event); return false;\">Einstein<\/a><\/a> y Planck, ya que, sin los conocimientos que ellos nos hicieron llegar, no podr\u00edamos intuir que hay muchas cosas que est\u00e1n m\u00e1s all\u00e1 de sus postulados.<\/p>\n<p><img decoding=\"async\" loading=\"lazy\" id=\"irc_mi\" src=\"http:\/\/4.bp.blogspot.com\/-5TmyhSHnhl8\/TxOs3NXeUHI\/AAAAAAAAA58\/PJO2HLotXw4\/s1600\/mundos%2Bparalelos.jpg\" alt=\"\" width=\"524\" height=\"393\" \/><\/p>\n<p>Como a otros muchos antes que yo, me gusta imaginar otros mundos que podr\u00edan ser y, si somos capaces de imaginarlos&#8230; \u00a1En alguna parte estar\u00e1n! De la misma manera, los cient\u00edficos deben dar rienda suelta a su imaginaci\u00f3n y, apoyados en la ciencia que ya nos es familiar, dar un paso m\u00e1s hacia adelante y llegar, a esos otros postulados, a esas nuevas teor\u00edas que, haciendo viejas las anteriores, nos lleven hacia el futuro conociendo, ahora s\u00ed, un universo real y sin fantas\u00edas que, como la del <a href=\"#\" onclick=\"referencia('big bang',event); return false;\">Big Bang<\/a>, nos tenga inmersos en una gran mentira.<\/p>\n<p style=\"text-align: right;\"><em>emilio silvera<\/em><\/p>\n<\/div>\n<\/div>\n<div class='bookmark'>\r\n\t\t<table align='left' border='0' cellpadding='0' width='100%'>\r\n\t\t<tr><td><span class='pushbutton'><a href='http:\/\/delicious.com\/post?url=http%3A%2F%2Fwww.emiliosilveravazquez.com%2Fblog%2F2013%2F03%2F20%2F%25c2%25a1el-universo-%25c2%25bfseria-eso-lo-que-paso%2F&amp;title=%C2%A1El+Universo%21+%C2%BFSer%C3%ADa+eso+lo+que+pas%C3%B3%3F' title='Delicious' target='_blank' rel='nofollow'><img src='http:\/\/www.emiliosilveravazquez.com\/blog\/wp-content\/plugins\/knxdt-bookmarks-wordpress-plugin\/images\/delicious.png'  alt='' class='book_img' border='none' style='margin:1px; padding: 0;'  \/><\/a><\/span><span class='pushbutton'><a href='http:\/\/digg.com\/submit?url=http%3A%2F%2Fwww.emiliosilveravazquez.com%2Fblog%2F2013%2F03%2F20%2F%25c2%25a1el-universo-%25c2%25bfseria-eso-lo-que-paso%2F&amp;title=%C2%A1El+Universo%21+%C2%BFSer%C3%ADa+eso+lo+que+pas%C3%B3%3F' title='Digg' target='_blank' rel='nofollow'><img src='http:\/\/www.emiliosilveravazquez.com\/blog\/wp-content\/plugins\/knxdt-bookmarks-wordpress-plugin\/images\/digg.png'  alt='' class='book_img' border='none' style='margin:1px; padding: 0;'  \/><\/a><\/span><span class='pushbutton'><a href='http:\/\/www.google.com\/bookmarks\/mark?op=edit&amp;bkmk=http%3A%2F%2Fwww.emiliosilveravazquez.com%2Fblog%2F2013%2F03%2F20%2F%25c2%25a1el-universo-%25c2%25bfseria-eso-lo-que-paso%2F&amp;title=%C2%A1El+Universo%21+%C2%BFSer%C3%ADa+eso+lo+que+pas%C3%B3%3F' title='Google' target='_blank' rel='nofollow'><img src='http:\/\/www.emiliosilveravazquez.com\/blog\/wp-content\/plugins\/knxdt-bookmarks-wordpress-plugin\/images\/google.png'   alt='' class='book_img' border='none' style='margin:1px; padding: 0;'  \/><\/a><\/span><span class='pushbutton'><a href='http:\/\/myweb2.search.yahoo.com\/myresults\/bookmarklet?u=http%3A%2F%2Fwww.emiliosilveravazquez.com%2Fblog%2F2013%2F03%2F20%2F%25c2%25a1el-universo-%25c2%25bfseria-eso-lo-que-paso%2F&amp;t=%C2%A1El+Universo%21+%C2%BFSer%C3%ADa+eso+lo+que+pas%C3%B3%3F' title='Yahoo' target='_blank' rel='nofollow'><img src='http:\/\/www.emiliosilveravazquez.com\/blog\/wp-content\/plugins\/knxdt-bookmarks-wordpress-plugin\/images\/yahoo.png'  alt='' class='book_img' border='none' style='margin:1px; padding: 0;'  \/><\/a><\/span><span class='pushbutton'><a href='http:\/\/www.technorati.com\/faves?add=http%3A%2F%2Fwww.emiliosilveravazquez.com%2Fblog%2F2013%2F03%2F20%2F%25c2%25a1el-universo-%25c2%25bfseria-eso-lo-que-paso%2F' title='Technorati' target='_blank' rel='nofollow'><img src='http:\/\/www.emiliosilveravazquez.com\/blog\/wp-content\/plugins\/knxdt-bookmarks-wordpress-plugin\/images\/technorati.png'  alt='' class='book_img' border='none' style='margin:1px; padding: 0;'  \/><\/a><\/span><span class='pushbutton'><a href='http:\/\/meneame.net\/submit.php?url=http%3A%2F%2Fwww.emiliosilveravazquez.com%2Fblog%2F2013%2F03%2F20%2F%25c2%25a1el-universo-%25c2%25bfseria-eso-lo-que-paso%2F' title='Meneame' target='_blank' rel='nofollow'><img src='http:\/\/www.emiliosilveravazquez.com\/blog\/wp-content\/plugins\/knxdt-bookmarks-wordpress-plugin\/images\/meneame.png'  alt='' class='book_img' border='none' style='margin:1px; padding: 0;'  \/><\/a><\/span><span class='pushbutton'><a href='http:\/\/enchilame.com\/submit.php?url=http:\/\/www.emiliosilveravazquez.com\/blog\/2013\/03\/20\/%c2%a1el-universo-%c2%bfseria-eso-lo-que-paso\/' target='_blank' rel='nofollow'><img title='Enchilame' src='http:\/\/www.emiliosilveravazquez.com\/blog\/wp-content\/plugins\/knxdt-bookmarks-wordpress-plugin\/images\/enchilame.png'  alt='' class='book_img' border='none' style='margin:1px; padding: 0;'  \/><\/a><\/span><span class='pushbutton'><a href='http:\/\/www.blinklist.com\/index.php?Action=Blink\/addblink.php&amp;Description=&amp;Url=http%3A%2F%2Fwww.emiliosilveravazquez.com%2Fblog%2F2013%2F03%2F20%2F%25c2%25a1el-universo-%25c2%25bfseria-eso-lo-que-paso%2F&amp;title=%C2%A1El+Universo%21+%C2%BFSer%C3%ADa+eso+lo+que+pas%C3%B3%3F' title='BlinkList' target='_blank' rel='nofollow'><img src='http:\/\/www.emiliosilveravazquez.com\/blog\/wp-content\/plugins\/knxdt-bookmarks-wordpress-plugin\/images\/blinklist.png'  alt='' class='book_img' border='none' style='margin:1px; padding: 0;'  \/><\/a><\/span><span class='pushbutton'><a href='http:\/\/reddit.com\/submit?url=http%3A%2F%2Fwww.emiliosilveravazquez.com%2Fblog%2F2013%2F03%2F20%2F%25c2%25a1el-universo-%25c2%25bfseria-eso-lo-que-paso%2F&amp;title=%C2%A1El+Universo%21+%C2%BFSer%C3%ADa+eso+lo+que+pas%C3%B3%3F' title='Reddit' target='_blank' rel='nofollow'><img src='http:\/\/www.emiliosilveravazquez.com\/blog\/wp-content\/plugins\/knxdt-bookmarks-wordpress-plugin\/images\/reddit.png'  alt='' class='book_img' border='none' style='margin:1px; padding: 0;'  \/><\/a><\/span><span class='pushbutton'><a href='http:\/\/www.tecnologiadiaria.com\/2009\/07\/abrir-com-hotmail-correo.html' target='_blank' title='hotmail'><img src='http:\/\/www.emiliosilveravazquez.com\/blog\/wp-content\/plugins\/knxdt-bookmarks-wordpress-plugin\/images\/linklove.png' alt='hotmail correo' class='book_img' border='none' style='margin:1px; padding: 0;' \/><\/a><\/span><span class='pushbutton'><a href='http:\/\/bitacoras.com\/votar\/anotacion\/externo\/mini\/www.emiliosilveravazquez.com\/blog\/2013\/03\/20\/%c2%a1el-universo-%c2%bfseria-eso-lo-que-paso\/' title='Bitacoras.com' target='_blank' rel='nofollow'><img src='http:\/\/www.emiliosilveravazquez.com\/blog\/wp-content\/plugins\/knxdt-bookmarks-wordpress-plugin\/images\/bitacoras.png'  alt='' class='book_img' border='none' style='margin:1px; padding: 0;'  \/><\/a><\/span><span class='pushbutton'><a href='http:\/\/www.wikio.es\/vote?url=http%3A%2F%2Fwww.emiliosilveravazquez.com%2Fblog%2F2013%2F03%2F20%2F%25c2%25a1el-universo-%25c2%25bfseria-eso-lo-que-paso%2F' title='Wikio' target='_blank' rel='nofollow'><img src='http:\/\/www.emiliosilveravazquez.com\/blog\/wp-content\/plugins\/knxdt-bookmarks-wordpress-plugin\/images\/wikio.png'   alt='' class='book_img' border='none' style='margin:1px; padding: 0;'   \/><\/a><\/span><span class='pushbutton'><a href='http:\/\/friendfeed.com\/?url=http%3A%2F%2Fwww.emiliosilveravazquez.com%2Fblog%2F2013%2F03%2F20%2F%25c2%25a1el-universo-%25c2%25bfseria-eso-lo-que-paso%2F&amp;title=%C2%A1El+Universo%21+%C2%BFSer%C3%ADa+eso+lo+que+pas%C3%B3%3F' title='Friend Feed' target='_blank' rel='nofollow'><img src='http:\/\/www.emiliosilveravazquez.com\/blog\/wp-content\/plugins\/knxdt-bookmarks-wordpress-plugin\/images\/friendfeed.png'  alt='' class='book_img' border='none' style='margin:1px; padding: 0;'  \/><\/a><\/span><span class='pushbutton'><a href='http:\/\/www.facebook.com\/share.php?u=http%3A%2F%2Fwww.emiliosilveravazquez.com%2Fblog%2F2013%2F03%2F20%2F%25c2%25a1el-universo-%25c2%25bfseria-eso-lo-que-paso%2F&amp;t=%C2%A1El+Universo%21+%C2%BFSer%C3%ADa+eso+lo+que+pas%C3%B3%3F' title='Facebook' target='_blank' rel='nofollow'><img src='http:\/\/www.emiliosilveravazquez.com\/blog\/wp-content\/plugins\/knxdt-bookmarks-wordpress-plugin\/images\/facebook.png'  alt='' class='book_img' border='none' style='margin:1px; padding: 0;'  \/><\/a><\/span><span class='pushbutton'><a href='http:\/\/twitter.com\/home?status=%C2%A1El+Universo%21+%C2%BFSer%C3%ADa+eso+lo+que+pas%C3%B3%3F: http%3A%2F%2Fwww.emiliosilveravazquez.com%2Fblog%2F2013%2F03%2F20%2F%25c2%25a1el-universo-%25c2%25bfseria-eso-lo-que-paso%2F' title='Twitter' target='_blank' rel='nofollow'><img src='http:\/\/www.emiliosilveravazquez.com\/blog\/wp-content\/plugins\/knxdt-bookmarks-wordpress-plugin\/images\/twitter.png'  alt='' class='book_img' border='none' style='margin:1px; padding: 0;'  \/><\/a><\/span><span class='pushbutton'><a href='http:\/\/www.feedburner.com\/fb\/a\/emailFlare?itemTitle=%C2%A1El+Universo%21+%C2%BFSer%C3%ADa+eso+lo+que+pas%C3%B3%3F&amp;uri=http%3A%2F%2Fwww.emiliosilveravazquez.com%2Fblog%2F2013%2F03%2F20%2F%25c2%25a1el-universo-%25c2%25bfseria-eso-lo-que-paso%2F' title='Enviar por Email' target='_blank' rel='nofollow'><img src='http:\/\/www.emiliosilveravazquez.com\/blog\/wp-content\/plugins\/knxdt-bookmarks-wordpress-plugin\/images\/email.png'  alt='' class='book_img' border='none' style='margin:1px; padding: 0;'  \/><\/a><\/span><span style='font-weight:bold; padding-left: 5px;'><a href='http:\/\/wordpress.org\/extend\/plugins\/knxdt-bookmarks-wordpress-plugin\/' title='Plugin' rel='nofollow' target='_blank'>[?]<\/a><\/span><\/td><\/tr><\/table><br\/><br\/><\/div>","protected":false},"excerpt":{"rendered":"<p>Se cree que cuando el universo se expandi\u00f3 y se enfri\u00f3 a unos 3000 \u00baK, se volvi\u00f3 transparente a la radiaci\u00f3n, que es la que observamos en la actualidad, mucho m\u00e1s fr\u00eda y diluida, como radiaci\u00f3n t\u00e9rmica de microondas. El descubrimiento del fondo de microondas en 1.956 puso fin a una larga batalla entre el [&hellip;]<\/p>\n","protected":false},"author":2,"featured_media":0,"comment_status":"open","ping_status":"open","sticky":false,"template":"","format":"standard","meta":{"_s2mail":"yes","footnotes":""},"categories":[51],"tags":[],"_links":{"self":[{"href":"http:\/\/www.emiliosilveravazquez.com\/blog\/wp-json\/wp\/v2\/posts\/8446"}],"collection":[{"href":"http:\/\/www.emiliosilveravazquez.com\/blog\/wp-json\/wp\/v2\/posts"}],"about":[{"href":"http:\/\/www.emiliosilveravazquez.com\/blog\/wp-json\/wp\/v2\/types\/post"}],"author":[{"embeddable":true,"href":"http:\/\/www.emiliosilveravazquez.com\/blog\/wp-json\/wp\/v2\/users\/2"}],"replies":[{"embeddable":true,"href":"http:\/\/www.emiliosilveravazquez.com\/blog\/wp-json\/wp\/v2\/comments?post=8446"}],"version-history":[{"count":0,"href":"http:\/\/www.emiliosilveravazquez.com\/blog\/wp-json\/wp\/v2\/posts\/8446\/revisions"}],"wp:attachment":[{"href":"http:\/\/www.emiliosilveravazquez.com\/blog\/wp-json\/wp\/v2\/media?parent=8446"}],"wp:term":[{"taxonomy":"category","embeddable":true,"href":"http:\/\/www.emiliosilveravazquez.com\/blog\/wp-json\/wp\/v2\/categories?post=8446"},{"taxonomy":"post_tag","embeddable":true,"href":"http:\/\/www.emiliosilveravazquez.com\/blog\/wp-json\/wp\/v2\/tags?post=8446"}],"curies":[{"name":"wp","href":"https:\/\/api.w.org\/{rel}","templated":true}]}}