{"id":843,"date":"2010-05-19T10:31:48","date_gmt":"2010-05-19T08:31:48","guid":{"rendered":"http:\/\/www.emiliosilveravazquez.com\/blog\/?p=843"},"modified":"2010-05-19T10:31:20","modified_gmt":"2010-05-19T08:31:20","slug":"%c2%bfcomo-es-nuestro-universo","status":"publish","type":"post","link":"http:\/\/www.emiliosilveravazquez.com\/blog\/2010\/05\/19\/%c2%bfcomo-es-nuestro-universo\/","title":{"rendered":"\u00bfC\u00f3mo es nuestro Universo?"},"content":{"rendered":"<p style=\"margin: 18pt 0cm 0pt; text-indent: 24pt; line-height: 15pt; text-align: justify; mso-para-margin-top: 1.5gd; mso-char-indent-count: 2.0; mso-line-height-rule: exactly; mso-outline-level: 1;\">El universo real est\u00e1 en funci\u00f3n de la <strong style=\"mso-bidi-font-weight: normal;\"><a href=\"#\" onclick=\"referencia('densidad critica',event); return false;\">densidad cr\u00edtica<\/a><\/strong> que es la densidad media de materia requerida para que la gravedad detenga la expansi\u00f3n del universo. Un universo con una densidad muy baja se expandir\u00e1 para siempre, mientras que uno con densidad muy alta colapsara finalmente. Un universo con exactamente la <a href=\"#\" onclick=\"referencia('densidad critica',event); return false;\">densidad cr\u00edtica<\/a>, alrededor de 10<sup>-29<\/sup>g\/cm<sup>3<\/sup>, es descrito por el modelo de universo de <a href=\"#\" onclick=\"referencia('einstein',event); return false;\">Einstein<\/a>-de Sitter, que se encuentra en la l\u00ednea divisoria de estos dos extremos. Pero la densidad media de materia que puede ser observada directamente en nuestro universo no representa la cantidad necesaria para generar la fuerza de gravedad que se observa en la velocidad de alejamiento de las galaxias, que necesita mucha m\u00e1s materia que la observada para generar esta fuerza gravitatoria, lo que nos da una prueba irrefutable de que ah\u00ed fuera, en el espacio entre galaxias, est\u00e1 oculta esa otra materia invisible, la &#8220;<a href=\"#\" onclick=\"referencia('materia oscura',event); return false;\">materia oscura<\/a>&#8221;, que nadie sabe lo que es, c\u00f3mo se genera o de qu\u00e9 esta hecha. As\u00ed que, cuando seamos capaces de abrir esa puerta cerrada ante nuestras narices, podremos por fin saber la clase de universo que vivimos; si es plano, si es abierto e infinito, o si es un universo que, por su contenido enorme de materia es curvo y cerrado.<\/p>\n<p style=\"margin: 18pt 0cm 0pt; text-indent: 24pt; line-height: 15pt; text-align: justify; mso-para-margin-top: 1.5gd; mso-char-indent-count: 2.0; mso-line-height-rule: exactly; mso-outline-level: 1;\">Pero la respuesta a la pregunta, a\u00fan sin saber exactamente cu\u00e1l es la <strong style=\"mso-bidi-font-weight: normal;\"><a href=\"#\" onclick=\"referencia('densidad critica',event); return false;\">densidad cr\u00edtica<\/a><\/strong> del universo, s\u00ed podemos contestarla en dos vertientes, en la seguridad de que al menos una de las dos es la verdadera.<\/p>\n<p style=\"margin: 18pt 0cm 0pt; text-indent: 24pt; line-height: 15pt; text-align: justify; mso-para-margin-top: 1.5gd; mso-char-indent-count: 2.0; mso-line-height-rule: exactly; mso-outline-level: 1;\">El destino final ser\u00e1:<\/p>\n<p style=\"margin: 18pt 0cm 0pt; text-indent: 24pt; line-height: 15pt; text-align: justify; mso-para-margin-top: 1.5gd; mso-char-indent-count: 2.0; mso-line-height-rule: exactly; mso-outline-level: 1; mso-para-margin-right: 0cm; mso-para-margin-bottom: .0001pt; mso-para-margin-left: 0cm; mso-list: l0 level1 lfo1;\">a)\u00a0 Si el universo es abierto y se expande para siempre, cada vez se har\u00e1 m\u00e1s frio, las galaxias se alejar\u00e1n las unas de las otras, la <a href=\"#\" onclick=\"referencia('entropia',event); return false;\">entrop\u00eda<\/a> har\u00e1 desaparecer la energ\u00eda y el frio ser\u00e1 tal que la temperatura alcanzar\u00e1 el cero absoluto, -273\u00baK.\u00a0 La vida no podr\u00e1 estar presente.<\/p>\n<p><!--more--><\/p>\n<p style=\"margin: 18pt 0cm 0pt; text-indent: 24pt; line-height: 15pt; text-align: justify; mso-para-margin-top: 1.5gd; mso-char-indent-count: 2.0; mso-line-height-rule: exactly; mso-outline-level: 1; mso-para-margin-right: 0cm; mso-para-margin-bottom: .0001pt; mso-para-margin-left: 0cm; mso-list: l0 level1 lfo1;\">b) Si el universo es cerrado por contener una mayor cantidad de materia, llegar\u00e1 un momento en que la fuerza de gravedad detendr\u00e1 la expansi\u00f3n de las galaxias, que poco a poco se quedar\u00e1n quietas y muy lentamente, comenzaran a moverse en el sentido inverso; correr\u00e1n ahora las unas hacia las otras hasta que\u00a0 un d\u00eda, a miles de millones de a\u00f1os en el futuro, todo la materia del universo se unir\u00e1 en una enorme bola de fuego, el <a href=\"#\" onclick=\"referencia('big crunch',event); return false; return false;\">Big Crunch<\/a>. Se formar\u00e1 una enorme concentraci\u00f3n de materia de energ\u00eda y densidad infinitas. Habr\u00e1 dejado de existir el espacio y el tiempo. Nacer\u00e1 una <a href=\"#\" onclick=\"referencia('singularidad',event); return false;\">singularidad<\/a> que, seguramente, dar\u00e1 lugar a otro <a href=\"#\" onclick=\"referencia('big bang',event); return false;\">Big Bang<\/a>. Todo empezar\u00e1 de nuevo, otro universo, otro ciclo \u00bfpero aparecemos tambi\u00e9n nosotros en ese nuevo universo?<\/p>\n<p style=\"margin: 18pt 0cm 0pt; text-indent: 24pt; line-height: 15pt; text-align: justify; mso-para-margin-top: 1.5gd; mso-char-indent-count: 2.0; mso-line-height-rule: exactly; mso-outline-level: 1;\">Esta pregunta s\u00ed que no s\u00e9 contestarla.<\/p>\n<p style=\"margin: 18pt 0cm 0pt; text-indent: 24pt; line-height: 15pt; text-align: justify; mso-para-margin-top: 1.5gd; mso-char-indent-count: 2.0; mso-line-height-rule: exactly; mso-outline-level: 1;\">As\u00ed las cosas, no parece que el futuro de la Humanidad sea muy alentador. Claro que los optimistas nos hablan de hiperespacio y universos paralelos a los que, para ese tiempo, ya habremos podido desplazarnos garantizando la continuidad de la especie Humana. Bien pensado, si no fuera as\u00ed \u00bfpara qu\u00e9 tantas dificultades vencidas y tantas calamidades pasadas? \u00bfPara terminar congelados o consumidos por un fuego abrasador?<\/p>\n<p style=\"margin: 18pt 0cm 0pt; text-indent: 24pt; line-height: 15pt; text-align: justify; mso-para-margin-top: 1.5gd; mso-char-indent-count: 2.0; mso-line-height-rule: exactly; mso-outline-level: 1;\">\u00a1Qui\u00e9n pudiera contestar a eso!<\/p>\n<p style=\"margin: 18pt 0cm 0pt; text-indent: 36pt; line-height: 15pt; text-align: justify; mso-para-margin-top: 1.5gd; mso-char-indent-count: 2.0; mso-line-height-rule: exactly; mso-outline-level: 1;\"><strong style=\"mso-bidi-font-weight: normal;\">BIOLOG\u00cdA Y ESTRELLAS<\/strong><\/p>\n<p style=\"margin: 18pt 0cm 0pt; text-indent: 28pt; line-height: 15pt; text-align: justify; mso-para-margin-top: 1.5gd; mso-char-indent-count: 2.0; mso-line-height-rule: exactly; mso-outline-level: 1;\"><strong style=\"mso-bidi-font-weight: normal;\"> <\/strong><\/p>\n<p style=\"margin: 18pt 0cm 0pt; text-indent: 28pt; line-height: 15pt; text-align: justify; mso-para-margin-top: 1.5gd; mso-char-indent-count: 2.0; mso-line-height-rule: exactly; mso-outline-level: 1;\"><strong style=\"mso-bidi-font-weight: normal;\">\u00bfEs viejo el universo?<\/strong><\/p>\n<p style=\"margin: 18pt 0cm 0pt; text-indent: 24pt; line-height: 15pt; text-align: right; mso-para-margin-top: 1.5gd; mso-char-indent-count: 2.0; mso-line-height-rule: exactly; mso-outline-level: 1;\"><em style=\"mso-bidi-font-style: normal;\">&#8220;Las cuatro edades del hombre: Lager, Aga, Saga y Gaga&#8221;. <\/em><\/p>\n<p style=\"margin: 12pt 0cm 0pt; text-indent: 24pt; line-height: 15pt; text-align: right; mso-para-margin-top: 1.0gd; mso-char-indent-count: 2.0; mso-line-height-rule: exactly; mso-outline-level: 1;\">An\u00f3nimo.<\/p>\n<p style=\"margin: 18pt 0cm 0pt; text-indent: 24pt; line-height: 15pt; text-align: justify; mso-para-margin-top: 1.5gd; mso-char-indent-count: 2.0; mso-line-height-rule: exactly; mso-outline-level: 1;\">Cuando pensamos en la edad y el tama\u00f1o del universo lo hacemos generalmente utilizando medidas de tiempo y espacio como a\u00f1os, kil\u00f3metros o a\u00f1os-luz. Como ya hemos visto, estas medidas son extraordinariamente antropom\u00f3rficas. \u00bfPor qu\u00e9 medir la edad del universo con un &#8220;reloj&#8221; que hace &#8220;tic&#8221; cada vez que nuestro planeta completa una \u00f3rbita alrededor de su estrella madre, el Sol? \u00bfPor qu\u00e9 medir su densidad en t\u00e9rminos de \u00e1tomos por metro c\u00fabico? Las respuestas a estas preguntas son por supuesto la misma: porque es conveniente y siempre lo hemos hecho as\u00ed.<\/p>\n<p style=\"margin: 18pt 0cm 0pt; text-indent: 24pt; line-height: 15pt; text-align: justify; mso-para-margin-top: 1.5gd; mso-char-indent-count: 2.0; mso-line-height-rule: exactly; mso-outline-level: 1;\">\u00c9sta es una situaci\u00f3n en donde resulta especialmente apropiado utilizar las unidades &#8220;naturales&#8221;; la masa, longitud y tiempo de Stoney y Planck, las que ellos introdujeron en la ciencia f\u00edsica para ayudarnos a escapar de la camisa de fuerza que supon\u00eda la perspectiva centrada e el ser humano.<\/p>\n<p style=\"margin: 18pt 0cm 0pt; text-indent: 24pt; line-height: 15pt; text-align: justify; mso-para-margin-top: 1.5gd; mso-char-indent-count: 2.0; mso-line-height-rule: exactly; mso-outline-level: 1;\">Es f\u00e1cil caer en la tentaci\u00f3n de mirarnos el ombligo y no hacerlo al entorno que nos rodea. Muchas m\u00e1s cosas habr\u00edamos evitado y habr\u00edamos descubierto si por una sola vez hubi\u00e9semos dejado el ego a un lado y, en lugar de estar pendientes de nosotros mismos, lo hubi\u00e9ramos hecho con respecto a la naturaleza que, en definitiva, es la que nos ense\u00f1a el camino a seguir.<\/p>\n<p style=\"margin: 18pt 0cm 0pt; line-height: 15pt; text-align: center; mso-para-margin-top: 1.5gd; mso-line-height-rule: exactly; mso-outline-level: 1;\"><em style=\"mso-bidi-font-style: normal;\">La edad actual del universo visible \u2248 10<sup>60<\/sup> tiempos de Planck<\/em><\/p>\n<p style=\"margin: 12pt 0cm 0pt; line-height: 15pt; text-align: center; mso-para-margin-top: 1.0gd; mso-line-height-rule: exactly; mso-outline-level: 1;\"><em style=\"mso-bidi-font-style: normal;\">Tama\u00f1o actual del Universo visible \u2248 10<sup>60<\/sup> longitudes de Planck<\/em><\/p>\n<p style=\"margin: 12pt 0cm 0pt; line-height: 15pt; text-align: center; mso-para-margin-top: 1.0gd; mso-line-height-rule: exactly; mso-outline-level: 1;\"><em style=\"mso-bidi-font-style: normal;\">La masa actual del Universo visible \u2248 10<sup>60<\/sup> masas de Planck<\/em><\/p>\n<p style=\"margin: 18pt 0cm 0pt; text-indent: 24pt; line-height: 15pt; text-align: justify; mso-para-margin-top: 1.5gd; mso-char-indent-count: 2.0; mso-line-height-rule: exactly; mso-outline-level: 1;\">Vemos as\u00ed que la baj\u00edsima densidad de materia en el universo es un reflejo del hecho de que:<\/p>\n<p style=\"margin: 18pt 0cm 0pt; line-height: 15pt; text-align: center; mso-para-margin-top: 1.5gd; mso-line-height-rule: exactly; mso-outline-level: 1;\"><em style=\"mso-bidi-font-style: normal;\">Densidad actual del universo visible \u224810<sup>-120<\/sup> de la densidad de Planck<\/em><\/p>\n<p style=\"margin: 18pt 0cm 0pt; text-indent: 24pt; line-height: 15pt; text-align: justify; mso-para-margin-top: 1.5gd; mso-char-indent-count: 2.0; mso-line-height-rule: exactly; mso-outline-level: 1;\">Y la temperatura del espacio, a 3 grados sobre el cero absoluto es, por tanto<\/p>\n<p style=\"margin: 18pt 0cm 0pt; line-height: 15pt; text-align: center; mso-para-margin-top: 1.5gd; mso-line-height-rule: exactly; mso-outline-level: 1;\"><em style=\"mso-bidi-font-style: normal;\">Temperatura actual del Universo visible \u2248 10<sup>-30<\/sup> de la Planck<\/em><\/p>\n<p style=\"margin: 18pt 0cm 0pt; text-indent: 24pt; line-height: 15pt; text-align: justify; mso-para-margin-top: 1.5gd; mso-char-indent-count: 2.0; mso-line-height-rule: exactly; mso-outline-level: 1;\">Estos n\u00fameros extraordinariamente grandes y estas fracciones extraordinariamente peque\u00f1as nos muestran inmediatamente que el universo est\u00e1 estructurado en una escala sobrehumana de proporciones asombrosas cuando la sopesamos en los balances de su propia construcci\u00f3n.<\/p>\n<p style=\"margin: 18pt 0cm 0pt; text-indent: 24pt; line-height: 15pt; text-align: justify; mso-para-margin-top: 1.5gd; mso-char-indent-count: 2.0; mso-line-height-rule: exactly; mso-outline-level: 1;\">Con respecto a sus propios patrones, el universo es viejo. El tiempo de vida natural de un mundo gobernado por la gravedad, la <a href=\"#\" onclick=\"referencia('relatividad',event); return false;\">relatividad<\/a> y la mec\u00e1nica cu\u00e1ntica es el fugaz breve <a href=\"#\" onclick=\"referencia('planck tiempo de',event); return false;\">tiempo de Planck<\/a>. Parece que es mucho m\u00e1s viejo de lo que deber\u00eda ser.<\/p>\n<p style=\"margin: 18pt 0cm 0pt; text-indent: 24pt; line-height: 15pt; text-align: justify; mso-para-margin-top: 1.5gd; mso-char-indent-count: 2.0; mso-line-height-rule: exactly; mso-outline-level: 1;\">Pero, pese a la enorme edad del universo en &#8220;tics&#8221; de Tiempo de Planck,\u00a0 hemos aprendido que casi todo este tiempo es necesario para producir estrellas y los elementos qu\u00edmicos que traen la vida.<\/p>\n<p style=\"margin: 18pt 0cm 0pt 54pt; text-indent: 24pt; line-height: 15pt; text-align: justify; mso-para-margin-top: 1.5gd; mso-char-indent-count: 2.0; mso-line-height-rule: exactly; mso-outline-level: 1; mso-para-margin-right: 0cm; mso-para-margin-bottom: .0001pt; mso-para-margin-left: 54.0pt;\"><em style=\"mso-bidi-font-style: normal;\">&#8220;En el final del universo uno tiene que utilizar mucho el tiempo pret\u00e9rito&#8230;\u00a0 todo ha sido hecho, \u00bfsabes?&#8221;. <\/em><\/p>\n<p style=\"margin: 18pt 0cm 0pt; text-indent: 24pt; line-height: 15pt; text-align: right; mso-para-margin-top: 1.5gd; mso-char-indent-count: 2.0; mso-line-height-rule: exactly; mso-outline-level: 1;\">Douglas Adams<\/p>\n<p style=\"margin: 18pt 0cm 0pt; text-indent: 24pt; line-height: 15pt; text-align: justify; mso-para-margin-top: 1.5gd; mso-char-indent-count: 2.0; mso-line-height-rule: exactly; mso-outline-level: 1;\">\u00bfPor qu\u00e9 nuestro universo no es mucho m\u00e1s viejo de lo que parece ser? Es f\u00e1cil entender por qu\u00e9 el universo no es mucho m\u00e1s joven. Las estrellas tardan mucho tiempo en formarse y producir elementos m\u00e1s pesados que son las que requiere la complejidad biol\u00f3gica. Pero los universos viejos tambi\u00e9n tienen sus problemas. Conforme para el tiempo en el universo el proceso de formaci\u00f3n de estrellas se frena. Todo el gas y el polvo c\u00f3smico que constituyen las materias primas de las estrellas habr\u00edan sido procesados por las estrellas y lanzados al espacio intergal\u00e1ctico donde no pueden enfriarse y fundirse en nuevas estrellas. Pocas estrellas hacen que, a su vez, tambi\u00e9n sean pocos los sistemas solares y los planetas. Los planetas que se forman son menos activos que los que se formaron antes, la <a href=\"#\" onclick=\"referencia('entropia',event); return false;\">entrop\u00eda<\/a> va debilitando la energ\u00eda del sistema para realizar trabajo. La producci\u00f3n de elementos radiactivos en las estrellas disminuir\u00e1, y los que se formen tendr\u00e1n semividas m\u00e1s largas. Los nuevos planetas ser\u00e1n menos activos geol\u00f3gicamente y carecer\u00e1n de muchos de los movimientos internos que impulsan el vulcanismo, la deriva continental y la elevaci\u00f3n de las monta\u00f1as en el planeta. Si esto tambi\u00e9n hace menos probable la presencia de un campo magn\u00e9tico en un planeta, entonces ser\u00e1 muy poco probable que la vida evolucione hasta formas complejas.<\/p>\n<p style=\"margin: 18pt 0cm 0pt; text-indent: 24pt; line-height: 15pt; text-align: justify; mso-para-margin-top: 1.5gd; mso-char-indent-count: 2.0; mso-line-height-rule: exactly; mso-outline-level: 1;\">Las estrellas t\u00edpicas como el Sol, emiten desde su superficie un viento de part\u00edculas cargadas el\u00e9ctricamente que barre las atm\u00f3sferas de los planetas en \u00f3rbitas a su alrededor y, a menos que el viento pueda ser desviado por un campo magn\u00e9tico, los posibles habitantes de ese planeta lo podr\u00edan tener complicado soportando tal lluvia de <a href=\"#\" onclick=\"referencia('radiactividad',event); return false;\">radiactividad<\/a>. En nuestro sistema solar el campo magn\u00e9tico de la Tierra ha protegido su atm\u00f3sfera del viento solar, pero Marte, que no est\u00e1 protegido por ning\u00fan campo magn\u00e9tico, perdi\u00f3 su atm\u00f3sfera hace tiempo.<\/p>\n<p style=\"margin: 18pt 0cm 0pt; text-indent: 24pt; line-height: 15pt; text-align: justify; mso-para-margin-top: 1.5gd; mso-char-indent-count: 2.0; mso-line-height-rule: exactly; mso-outline-level: 1;\">Probablemente no es f\u00e1cil mantener una larga vida en un planeta del Sistema solar. Poco a poco hemos llegado a apreciar cu\u00e1n precaria es. Dejando a un lado los intentos que siguen realizando los seres vivos de extinguirse a s\u00ed mismos, agotar los recursos naturales, propagar infecciones letales y venenos mortales y emponzo\u00f1ar la atm\u00f3sfera, tambi\u00e9n existen serias amenazas exteriores.<\/p>\n<p style=\"margin: 18pt 0cm 0pt; text-indent: 27pt; line-height: 15pt; text-align: justify; mso-para-margin-top: 1.5gd; mso-char-indent-count: 2.25; mso-line-height-rule: exactly; mso-outline-level: 1;\">Los movimientos de cometas y asteroides, a pesar de tener la defensa de J\u00fapiter, son una seria y cierta amenaza para el desarrollo y persistencia de vida inteligente en las primeras etapas. Los impactos no han sido infrecuentes en el pasado lejano de la Tierra, habiendo tenido efectos catastr\u00f3ficos.\u00a0 Somos afortunados al tener la protecci\u00f3n de la Luna y de la enorme masa de J\u00fapiter que atrae hacia s\u00ed los cuerpos que llegan desde el exterior desvi\u00e1ndolos de su probable trayectoria hacia nuestro planeta.<\/p>\n<p style=\"margin: 0pt 0cm 0pt; text-indent: 0pt; line-height: 15pt; text-align: center;\"><a href=\"http:\/\/www.emiliosilveravazquez.com\/blog\/wp-content\/uploads\/2008\/07\/grafico-impacto.jpg\"><img decoding=\"async\" loading=\"lazy\" class=\"alignnone size-medium wp-image-373\" title=\"grafico-impacto\" src=\"http:\/\/www.emiliosilveravazquez.com\/blog\/wp-content\/uploads\/2008\/07\/grafico-impacto.jpg\" border=\"0\" alt=\"\" width=\"324\" height=\"219\" \/><\/a><\/p>\n<p style=\"margin: 18pt 0cm 0pt; text-indent: 24pt; line-height: 15pt; text-align: justify; mso-para-margin-top: 1.5gd; mso-char-indent-count: 2.0; mso-line-height-rule: exactly; mso-outline-level: 1;\">La ca\u00edda en el planeta de uno de estos enormes pedruscos podr\u00eda producir extinciones globales y retrasar en millones de a\u00f1os la evoluci\u00f3n.<\/p>\n<div class='bookmark'>\r\n\t\t<table align='left' border='0' cellpadding='0' width='100%'>\r\n\t\t<tr><td><span class='pushbutton'><a href='http:\/\/delicious.com\/post?url=http%3A%2F%2Fwww.emiliosilveravazquez.com%2Fblog%2F2010%2F05%2F19%2F%25c2%25bfcomo-es-nuestro-universo%2F&amp;title=%C2%BFC%C3%B3mo+es+nuestro+Universo%3F' title='Delicious' target='_blank' rel='nofollow'><img src='http:\/\/www.emiliosilveravazquez.com\/blog\/wp-content\/plugins\/knxdt-bookmarks-wordpress-plugin\/images\/delicious.png'  alt='' class='book_img' border='none' style='margin:1px; padding: 0;'  \/><\/a><\/span><span class='pushbutton'><a href='http:\/\/digg.com\/submit?url=http%3A%2F%2Fwww.emiliosilveravazquez.com%2Fblog%2F2010%2F05%2F19%2F%25c2%25bfcomo-es-nuestro-universo%2F&amp;title=%C2%BFC%C3%B3mo+es+nuestro+Universo%3F' title='Digg' target='_blank' rel='nofollow'><img src='http:\/\/www.emiliosilveravazquez.com\/blog\/wp-content\/plugins\/knxdt-bookmarks-wordpress-plugin\/images\/digg.png'  alt='' class='book_img' border='none' style='margin:1px; padding: 0;'  \/><\/a><\/span><span class='pushbutton'><a href='http:\/\/www.google.com\/bookmarks\/mark?op=edit&amp;bkmk=http%3A%2F%2Fwww.emiliosilveravazquez.com%2Fblog%2F2010%2F05%2F19%2F%25c2%25bfcomo-es-nuestro-universo%2F&amp;title=%C2%BFC%C3%B3mo+es+nuestro+Universo%3F' title='Google' target='_blank' rel='nofollow'><img src='http:\/\/www.emiliosilveravazquez.com\/blog\/wp-content\/plugins\/knxdt-bookmarks-wordpress-plugin\/images\/google.png'   alt='' class='book_img' border='none' style='margin:1px; padding: 0;'  \/><\/a><\/span><span class='pushbutton'><a href='http:\/\/myweb2.search.yahoo.com\/myresults\/bookmarklet?u=http%3A%2F%2Fwww.emiliosilveravazquez.com%2Fblog%2F2010%2F05%2F19%2F%25c2%25bfcomo-es-nuestro-universo%2F&amp;t=%C2%BFC%C3%B3mo+es+nuestro+Universo%3F' title='Yahoo' target='_blank' rel='nofollow'><img src='http:\/\/www.emiliosilveravazquez.com\/blog\/wp-content\/plugins\/knxdt-bookmarks-wordpress-plugin\/images\/yahoo.png'  alt='' class='book_img' border='none' style='margin:1px; padding: 0;'  \/><\/a><\/span><span class='pushbutton'><a href='http:\/\/www.technorati.com\/faves?add=http%3A%2F%2Fwww.emiliosilveravazquez.com%2Fblog%2F2010%2F05%2F19%2F%25c2%25bfcomo-es-nuestro-universo%2F' title='Technorati' target='_blank' rel='nofollow'><img src='http:\/\/www.emiliosilveravazquez.com\/blog\/wp-content\/plugins\/knxdt-bookmarks-wordpress-plugin\/images\/technorati.png'  alt='' class='book_img' border='none' style='margin:1px; padding: 0;'  \/><\/a><\/span><span class='pushbutton'><a href='http:\/\/meneame.net\/submit.php?url=http%3A%2F%2Fwww.emiliosilveravazquez.com%2Fblog%2F2010%2F05%2F19%2F%25c2%25bfcomo-es-nuestro-universo%2F' title='Meneame' target='_blank' rel='nofollow'><img src='http:\/\/www.emiliosilveravazquez.com\/blog\/wp-content\/plugins\/knxdt-bookmarks-wordpress-plugin\/images\/meneame.png'  alt='' class='book_img' border='none' style='margin:1px; padding: 0;'  \/><\/a><\/span><span class='pushbutton'><a href='http:\/\/enchilame.com\/submit.php?url=http:\/\/www.emiliosilveravazquez.com\/blog\/2010\/05\/19\/%c2%bfcomo-es-nuestro-universo\/' target='_blank' rel='nofollow'><img title='Enchilame' src='http:\/\/www.emiliosilveravazquez.com\/blog\/wp-content\/plugins\/knxdt-bookmarks-wordpress-plugin\/images\/enchilame.png'  alt='' class='book_img' border='none' style='margin:1px; padding: 0;'  \/><\/a><\/span><span class='pushbutton'><a href='http:\/\/www.blinklist.com\/index.php?Action=Blink\/addblink.php&amp;Description=&amp;Url=http%3A%2F%2Fwww.emiliosilveravazquez.com%2Fblog%2F2010%2F05%2F19%2F%25c2%25bfcomo-es-nuestro-universo%2F&amp;title=%C2%BFC%C3%B3mo+es+nuestro+Universo%3F' title='BlinkList' target='_blank' rel='nofollow'><img src='http:\/\/www.emiliosilveravazquez.com\/blog\/wp-content\/plugins\/knxdt-bookmarks-wordpress-plugin\/images\/blinklist.png'  alt='' class='book_img' border='none' style='margin:1px; padding: 0;'  \/><\/a><\/span><span class='pushbutton'><a href='http:\/\/reddit.com\/submit?url=http%3A%2F%2Fwww.emiliosilveravazquez.com%2Fblog%2F2010%2F05%2F19%2F%25c2%25bfcomo-es-nuestro-universo%2F&amp;title=%C2%BFC%C3%B3mo+es+nuestro+Universo%3F' title='Reddit' target='_blank' rel='nofollow'><img src='http:\/\/www.emiliosilveravazquez.com\/blog\/wp-content\/plugins\/knxdt-bookmarks-wordpress-plugin\/images\/reddit.png'  alt='' class='book_img' border='none' style='margin:1px; padding: 0;'  \/><\/a><\/span><span class='pushbutton'><a href='http:\/\/www.tecnologiadiaria.com\/2009\/07\/abrir-com-hotmail-correo.html' target='_blank' title='hotmail'><img src='http:\/\/www.emiliosilveravazquez.com\/blog\/wp-content\/plugins\/knxdt-bookmarks-wordpress-plugin\/images\/linklove.png' alt='hotmail correo' class='book_img' border='none' style='margin:1px; padding: 0;' \/><\/a><\/span><span class='pushbutton'><a href='http:\/\/bitacoras.com\/votar\/anotacion\/externo\/mini\/www.emiliosilveravazquez.com\/blog\/2010\/05\/19\/%c2%bfcomo-es-nuestro-universo\/' title='Bitacoras.com' target='_blank' rel='nofollow'><img src='http:\/\/www.emiliosilveravazquez.com\/blog\/wp-content\/plugins\/knxdt-bookmarks-wordpress-plugin\/images\/bitacoras.png'  alt='' class='book_img' border='none' style='margin:1px; padding: 0;'  \/><\/a><\/span><span class='pushbutton'><a href='http:\/\/www.wikio.es\/vote?url=http%3A%2F%2Fwww.emiliosilveravazquez.com%2Fblog%2F2010%2F05%2F19%2F%25c2%25bfcomo-es-nuestro-universo%2F' title='Wikio' target='_blank' rel='nofollow'><img src='http:\/\/www.emiliosilveravazquez.com\/blog\/wp-content\/plugins\/knxdt-bookmarks-wordpress-plugin\/images\/wikio.png'   alt='' class='book_img' border='none' style='margin:1px; padding: 0;'   \/><\/a><\/span><span class='pushbutton'><a href='http:\/\/friendfeed.com\/?url=http%3A%2F%2Fwww.emiliosilveravazquez.com%2Fblog%2F2010%2F05%2F19%2F%25c2%25bfcomo-es-nuestro-universo%2F&amp;title=%C2%BFC%C3%B3mo+es+nuestro+Universo%3F' title='Friend Feed' target='_blank' rel='nofollow'><img src='http:\/\/www.emiliosilveravazquez.com\/blog\/wp-content\/plugins\/knxdt-bookmarks-wordpress-plugin\/images\/friendfeed.png'  alt='' class='book_img' border='none' style='margin:1px; padding: 0;'  \/><\/a><\/span><span class='pushbutton'><a href='http:\/\/www.facebook.com\/share.php?u=http%3A%2F%2Fwww.emiliosilveravazquez.com%2Fblog%2F2010%2F05%2F19%2F%25c2%25bfcomo-es-nuestro-universo%2F&amp;t=%C2%BFC%C3%B3mo+es+nuestro+Universo%3F' title='Facebook' target='_blank' rel='nofollow'><img src='http:\/\/www.emiliosilveravazquez.com\/blog\/wp-content\/plugins\/knxdt-bookmarks-wordpress-plugin\/images\/facebook.png'  alt='' class='book_img' border='none' style='margin:1px; padding: 0;'  \/><\/a><\/span><span class='pushbutton'><a href='http:\/\/twitter.com\/home?status=%C2%BFC%C3%B3mo+es+nuestro+Universo%3F: http%3A%2F%2Fwww.emiliosilveravazquez.com%2Fblog%2F2010%2F05%2F19%2F%25c2%25bfcomo-es-nuestro-universo%2F' title='Twitter' target='_blank' rel='nofollow'><img src='http:\/\/www.emiliosilveravazquez.com\/blog\/wp-content\/plugins\/knxdt-bookmarks-wordpress-plugin\/images\/twitter.png'  alt='' class='book_img' border='none' style='margin:1px; padding: 0;'  \/><\/a><\/span><span class='pushbutton'><a href='http:\/\/www.feedburner.com\/fb\/a\/emailFlare?itemTitle=%C2%BFC%C3%B3mo+es+nuestro+Universo%3F&amp;uri=http%3A%2F%2Fwww.emiliosilveravazquez.com%2Fblog%2F2010%2F05%2F19%2F%25c2%25bfcomo-es-nuestro-universo%2F' title='Enviar por Email' target='_blank' rel='nofollow'><img src='http:\/\/www.emiliosilveravazquez.com\/blog\/wp-content\/plugins\/knxdt-bookmarks-wordpress-plugin\/images\/email.png'  alt='' class='book_img' border='none' style='margin:1px; padding: 0;'  \/><\/a><\/span><span style='font-weight:bold; padding-left: 5px;'><a href='http:\/\/wordpress.org\/extend\/plugins\/knxdt-bookmarks-wordpress-plugin\/' title='Plugin' rel='nofollow' target='_blank'>[?]<\/a><\/span><\/td><\/tr><\/table><br\/><br\/><\/div>","protected":false},"excerpt":{"rendered":"<p>El universo real est\u00e1 en funci\u00f3n de la densidad cr\u00edtica que es la densidad media de materia requerida para que la gravedad detenga la expansi\u00f3n del universo. Un universo con una densidad muy baja se expandir\u00e1 para siempre, mientras que uno con densidad muy alta colapsara finalmente. Un universo con exactamente la densidad cr\u00edtica, alrededor [&hellip;]<\/p>\n","protected":false},"author":2,"featured_media":0,"comment_status":"open","ping_status":"open","sticky":false,"template":"","format":"standard","meta":{"_s2mail":"","footnotes":""},"categories":[9],"tags":[],"_links":{"self":[{"href":"http:\/\/www.emiliosilveravazquez.com\/blog\/wp-json\/wp\/v2\/posts\/843"}],"collection":[{"href":"http:\/\/www.emiliosilveravazquez.com\/blog\/wp-json\/wp\/v2\/posts"}],"about":[{"href":"http:\/\/www.emiliosilveravazquez.com\/blog\/wp-json\/wp\/v2\/types\/post"}],"author":[{"embeddable":true,"href":"http:\/\/www.emiliosilveravazquez.com\/blog\/wp-json\/wp\/v2\/users\/2"}],"replies":[{"embeddable":true,"href":"http:\/\/www.emiliosilveravazquez.com\/blog\/wp-json\/wp\/v2\/comments?post=843"}],"version-history":[{"count":0,"href":"http:\/\/www.emiliosilveravazquez.com\/blog\/wp-json\/wp\/v2\/posts\/843\/revisions"}],"wp:attachment":[{"href":"http:\/\/www.emiliosilveravazquez.com\/blog\/wp-json\/wp\/v2\/media?parent=843"}],"wp:term":[{"taxonomy":"category","embeddable":true,"href":"http:\/\/www.emiliosilveravazquez.com\/blog\/wp-json\/wp\/v2\/categories?post=843"},{"taxonomy":"post_tag","embeddable":true,"href":"http:\/\/www.emiliosilveravazquez.com\/blog\/wp-json\/wp\/v2\/tags?post=843"}],"curies":[{"name":"wp","href":"https:\/\/api.w.org\/{rel}","templated":true}]}}