{"id":81,"date":"2010-05-14T13:00:33","date_gmt":"2010-05-14T11:00:33","guid":{"rendered":"http:\/\/www.emiliosilveravazquez.com\/blog\/?p=81"},"modified":"2010-05-14T13:01:05","modified_gmt":"2010-05-14T11:01:05","slug":"la-materia-%c2%bfesta-viva","status":"publish","type":"post","link":"http:\/\/www.emiliosilveravazquez.com\/blog\/2010\/05\/14\/la-materia-%c2%bfesta-viva\/","title":{"rendered":"La Materia \u00bfEst\u00e1 viva?"},"content":{"rendered":"<p style=\"margin: 0cm 0cm 0pt; text-align: justify; text-indent: 35pt;\">\u00a1Parece que la materia est\u00e1 viva!<\/p>\n<p style=\"margin: 0cm 0cm 0pt; text-align: justify; text-indent: 35pt;\">Son muchas las cosas que desconocemos y, nuestra curiosidad nos empuja continuamente a buscar esas respuestas.<\/p>\n<p style=\"margin: 0cm 0cm 0pt; text-align: justify; text-indent: 35pt;\">El <a href=\"#\" onclick=\"referencia('electron',event); return false;\">electr\u00f3n<\/a> y el positr\u00f3n son notables por sus peque\u00f1as masas (s\u00f3lo 1\/1.836 de la del <a href=\"#\" onclick=\"referencia('proton',event); return false;\">prot\u00f3n<\/a>, el <a href=\"#\" onclick=\"referencia('neutron',event); return false;\">neutr\u00f3n<\/a>, el anti<a href=\"#\" onclick=\"referencia('proton',event); return false;\">prot\u00f3n<\/a> o anti<a href=\"#\" onclick=\"referencia('neutron',event); return false;\">neutr\u00f3n<\/a>), y, por lo tanto, han sido denominados <a href=\"#\" onclick=\"referencia('leptones',event); return false;\">leptones<\/a> (de la voz griega lentos, que significa &#8220;delgado&#8221;).<\/p>\n<p style=\"margin: 0cm 0cm 0pt; text-align: justify; text-indent: 35pt;\">Aunque el <a href=\"#\" onclick=\"referencia('electron',event); return false;\">electr\u00f3n<\/a> fue descubierto en 1.897 por el f\u00edsico brit\u00e1nico Josepth John Thomson (1856-1940), el problema de su estructura, si la hay, no est\u00e1 resuelto. Conocemos su masa y su carga negativa que responden a 9,1093897 (54)x10<sup>-31<\/sup>kg la primera y, 1,602 177 33 (49)x10<sup>-19<\/sup> culombios, la segunda, y tambi\u00e9n su radio cl\u00e1sico:  no se ha descubierto a\u00fan ninguna part\u00edcula que sea menos masiva que el <a href=\"#\" onclick=\"referencia('electron',event); return false;\">electr\u00f3n<\/a> (o positr\u00f3n) y que lleve una carga el\u00e9ctrica, sea lo que fuese (sabemos como act\u00faa y c\u00f3mo medir sus propiedades, pero aun no sabemos qu\u00e9 es), tenga asociada un m\u00ednimo de masa, y que esta es la que se muestra en el <a href=\"#\" onclick=\"referencia('electron',event); return false;\">electr\u00f3n<\/a>.<\/p>\n<p style=\"margin: 0cm 0cm 0pt; text-align: justify; text-indent: 35pt;\">Lo cierto es que, el <a href=\"#\" onclick=\"referencia('electron',event); return false;\">electr\u00f3n<\/a>, es una maravilla en s\u00ed mismo. El Universo no ser\u00eda como lo conocemos si el <a href=\"#\" onclick=\"referencia('electron',event); return false;\">electr\u00f3n<\/a> (esa cosita &#8220;insignificante&#8221;), fuese distinto a como es, bastar\u00eda un cambio infinitesimal para que, por ejemplo, nosotros no pudi\u00e9ramos estar aqu\u00ed ahora.<\/p>\n<p style=\"margin: 0cm 0cm 0pt; text-align: justify; text-indent: 35pt;\">\u00a1No por peque\u00f1o, se es insignificante!<\/p>\n<p style=\"margin: 0cm 0cm 0pt; text-align: justify; text-indent: 35pt;\">Record\u00e9moslo, todo lo grande est\u00e1 hecho de cosas peque\u00f1as.<\/p>\n<p><!--more--><\/p>\n<p style=\"margin: 0cm 0cm 0pt; text-align: justify; text-indent: 35pt;\">En realidad, existen part\u00edculas que no tienen en absoluto asociada en ellas ninguna masa (es decir, ninguna masa en reposo). Por ejemplo, las ondas de luz y otras formas de radiaci\u00f3n electromagn\u00e9ticas se comportan como part\u00edculas (<a href=\"#\" onclick=\"referencia('einstein',event); return false;\">Einstein<\/a> en su efecto fotoel\u00e9ctrico y De Broglie en la difracci\u00f3n de <a href=\"#\" onclick=\"referencia('electron',event); return false;\">electrones<\/a>*.<\/p>\n<p style=\"margin: 0cm 0cm 0pt; text-align: justify; text-indent: 35pt;\">Esta manifestaci\u00f3n en forma de part\u00edculas de lo que, de ordinario, concebimos como una onda se denomina <a href=\"#\" onclick=\"referencia('foton',event); return false;\">fot\u00f3n<\/a>, de la palabra griega que significa &#8220;luz&#8221;.<\/p>\n<p style=\"margin: 0cm 0cm 0pt; text-align: justify; text-indent: 35pt;\">El <a href=\"#\" onclick=\"referencia('foton',event); return false;\">fot\u00f3n<\/a> tiene una masa de 1, una carga el\u00e9ctrica de o, pero posee un <a href=\"#\" onclick=\"referencia('espin',event); return false;\">esp\u00edn<\/a> de 1, por lo que es un <a href=\"#\" onclick=\"referencia('bosones',event); return false;\">bos\u00f3n<\/a>. \u00bfC\u00f3mo se puede definir lo que es el <a href=\"#\" onclick=\"referencia('espin',event); return false;\">esp\u00edn<\/a>? Los <a href=\"#\" onclick=\"referencia('foton',event); return false;\">fotones<\/a> toman parte en las reacciones nucleares, pero el <a href=\"#\" onclick=\"referencia('espin',event); return false;\">esp\u00edn<\/a> total de las part\u00edculas implicadas antes y despu\u00e9s de la reacci\u00f3n deben permanecer inmutadas (conservaci\u00f3n del <a href=\"#\" onclick=\"referencia('espin',event); return false;\">esp\u00edn<\/a>). La \u00fanica forma que esto suceda en las reacciones nucleares que implican a los <a href=\"#\" onclick=\"referencia('foton',event); return false;\">fotones<\/a> radica en suponer que el <a href=\"#\" onclick=\"referencia('foton',event); return false;\">fot\u00f3n<\/a> tiene un <a href=\"#\" onclick=\"referencia('espin',event); return false;\">esp\u00edn<\/a> de 1. El <a href=\"#\" onclick=\"referencia('foton',event); return false;\">fot\u00f3n<\/a> no se considera un <a href=\"#\" onclick=\"referencia('leptones',event); return false;\">lept\u00f3n<\/a>, puesto que este termino se reserva para la familia formada por el <a href=\"#\" onclick=\"referencia('electron',event); return false;\">electr\u00f3n<\/a>, el <a href=\"#\" onclick=\"referencia('muon',event); return false;\">mu\u00f3n<\/a> y la part\u00edcula Tau con sus correspondientes <a href=\"#\" onclick=\"referencia('neutrinos',event); return false;\">neutrinos<\/a>: V<sub>e<\/sub>, V<sub>u<\/sub> y V<sub>T.<\/sub><\/p>\n<p style=\"margin: 0cm 0cm 0pt; text-align: justify; text-indent: 35pt;\"><sub> <\/sub>Existen razones te\u00f3ricas para suponer que, cuando las masas se aceleran (como cuando se mueven en \u00f3rbitas el\u00edpticas en torno a otra masa o llevan a cabo un colapso gravitacional), emiten energ\u00eda en forma de ondas gravitacionales. Esas ondas pueden as\u00ed mismo poseer aspecto de part\u00edcula, por lo que toda part\u00edcula gravitacional recibe el nombre de <a href=\"#\" onclick=\"referencia('graviton',event); return false;\">gravit\u00f3n<\/a>.<\/p>\n<p style=\"margin: 0cm 0cm 0pt; text-align: justify; text-indent: 35pt;\">La fuerza gravitatoria es mucho, mucho m\u00e1s d\u00e9bil que la <a href=\"#\" onclick=\"referencia('fuerza electromagnetica',event); return false;\">fuerza electromagn\u00e9tica<\/a>. Un <a href=\"#\" onclick=\"referencia('proton',event); return false;\">prot\u00f3n<\/a> y un <a href=\"#\" onclick=\"referencia('electron',event); return false;\">electr\u00f3n<\/a> se atraen gravitacionalmente con s\u00f3lo 1\/10<sup>39<\/sup> de la fuerza en que se atraen electromagn\u00e9ticamente. El <a href=\"#\" onclick=\"referencia('graviton',event); return false;\">gravit\u00f3n<\/a> (a\u00fan sin descubrir) debe poseer, correspondientemente, menos energ\u00eda que el <a href=\"#\" onclick=\"referencia('foton',event); return false;\">fot\u00f3n<\/a> y, por tanto, ha de ser inimaginablemente dif\u00edcil de detectar.<\/p>\n<p style=\"margin: 0cm 0cm 0pt; text-align: justify; text-indent: 35pt;\">De todos modos, el f\u00edsico norteamericano Joseph Weber emprendi\u00f3 en 1.957 la formidable tarea de detectar el <a href=\"#\" onclick=\"referencia('graviton',event); return false;\">gravit\u00f3n<\/a>. Lleg\u00f3 a emplear un par de cilindros de aluminio de 153 cm. De longitud y 66 de anchura, suspendidos de un cable en una c\u00e1mara de vac\u00edo. Los <a href=\"#\" onclick=\"referencia('graviton',event); return false;\">gravitones<\/a> (que ser\u00edan detectados en forma de ondas), desplazar\u00edan levemente esos cilindros, y se emple\u00f3 un sistema para detectar el desplazamiento que llegare a captar la cienmillon\u00e9sima parte de un cent\u00edmetro.<\/p>\n<p style=\"margin: 0cm 0cm 0pt; text-align: justify; text-indent: 35pt;\">Las d\u00e9biles ondas de los <a href=\"#\" onclick=\"referencia('graviton',event); return false;\">gravitones<\/a>, que producen del espacio profundo, deber\u00edan chocar contra todo el planeta, y los cilindros separados por grandes distancias se ver\u00e1n afectados de forma simult\u00e1nea. En 1.969, Weber anunci\u00f3 haber detectado los efectos de las ondas gravitatorias. Aquello produjo una enorme excitaci\u00f3n, puesto que apoyaba una teor\u00eda particularmente importante (la teor\u00eda de <a href=\"#\" onclick=\"referencia('einstein',event); return false;\">Einstein<\/a> de la <a href=\"#\" onclick=\"referencia('relatividad',event); return false;\">relatividad<\/a> general). Desgraciadamente, nunca se pudo comprobar mediante las pruebas realizadas por otros equipos de cient\u00edficos que duplicaran el hallazgo de Weber.<\/p>\n<hr size=\"1\" \/>\n<p style=\"margin: 0cm 0cm 0pt;\">* Dualidad onda part\u00edcula en el comportamiento del <a href=\"#\" onclick=\"referencia('electron',event); return false;\">electr\u00f3n<\/a>, por ejemplo.<\/p>\n<div class='bookmark'>\r\n\t\t<table align='left' border='0' cellpadding='0' width='100%'>\r\n\t\t<tr><td><span class='pushbutton'><a href='http:\/\/delicious.com\/post?url=http%3A%2F%2Fwww.emiliosilveravazquez.com%2Fblog%2F2010%2F05%2F14%2Fla-materia-%25c2%25bfesta-viva%2F&amp;title=La+Materia+%C2%BFEst%C3%A1+viva%3F' title='Delicious' target='_blank' rel='nofollow'><img src='http:\/\/www.emiliosilveravazquez.com\/blog\/wp-content\/plugins\/knxdt-bookmarks-wordpress-plugin\/images\/delicious.png'  alt='' class='book_img' border='none' style='margin:1px; padding: 0;'  \/><\/a><\/span><span class='pushbutton'><a href='http:\/\/digg.com\/submit?url=http%3A%2F%2Fwww.emiliosilveravazquez.com%2Fblog%2F2010%2F05%2F14%2Fla-materia-%25c2%25bfesta-viva%2F&amp;title=La+Materia+%C2%BFEst%C3%A1+viva%3F' title='Digg' target='_blank' rel='nofollow'><img src='http:\/\/www.emiliosilveravazquez.com\/blog\/wp-content\/plugins\/knxdt-bookmarks-wordpress-plugin\/images\/digg.png'  alt='' class='book_img' border='none' style='margin:1px; padding: 0;'  \/><\/a><\/span><span class='pushbutton'><a href='http:\/\/www.google.com\/bookmarks\/mark?op=edit&amp;bkmk=http%3A%2F%2Fwww.emiliosilveravazquez.com%2Fblog%2F2010%2F05%2F14%2Fla-materia-%25c2%25bfesta-viva%2F&amp;title=La+Materia+%C2%BFEst%C3%A1+viva%3F' title='Google' target='_blank' rel='nofollow'><img src='http:\/\/www.emiliosilveravazquez.com\/blog\/wp-content\/plugins\/knxdt-bookmarks-wordpress-plugin\/images\/google.png'   alt='' class='book_img' border='none' style='margin:1px; padding: 0;'  \/><\/a><\/span><span class='pushbutton'><a href='http:\/\/myweb2.search.yahoo.com\/myresults\/bookmarklet?u=http%3A%2F%2Fwww.emiliosilveravazquez.com%2Fblog%2F2010%2F05%2F14%2Fla-materia-%25c2%25bfesta-viva%2F&amp;t=La+Materia+%C2%BFEst%C3%A1+viva%3F' title='Yahoo' target='_blank' rel='nofollow'><img src='http:\/\/www.emiliosilveravazquez.com\/blog\/wp-content\/plugins\/knxdt-bookmarks-wordpress-plugin\/images\/yahoo.png'  alt='' class='book_img' border='none' style='margin:1px; padding: 0;'  \/><\/a><\/span><span class='pushbutton'><a href='http:\/\/www.technorati.com\/faves?add=http%3A%2F%2Fwww.emiliosilveravazquez.com%2Fblog%2F2010%2F05%2F14%2Fla-materia-%25c2%25bfesta-viva%2F' title='Technorati' target='_blank' rel='nofollow'><img src='http:\/\/www.emiliosilveravazquez.com\/blog\/wp-content\/plugins\/knxdt-bookmarks-wordpress-plugin\/images\/technorati.png'  alt='' class='book_img' border='none' style='margin:1px; padding: 0;'  \/><\/a><\/span><span class='pushbutton'><a href='http:\/\/meneame.net\/submit.php?url=http%3A%2F%2Fwww.emiliosilveravazquez.com%2Fblog%2F2010%2F05%2F14%2Fla-materia-%25c2%25bfesta-viva%2F' title='Meneame' target='_blank' rel='nofollow'><img src='http:\/\/www.emiliosilveravazquez.com\/blog\/wp-content\/plugins\/knxdt-bookmarks-wordpress-plugin\/images\/meneame.png'  alt='' class='book_img' border='none' style='margin:1px; padding: 0;'  \/><\/a><\/span><span class='pushbutton'><a href='http:\/\/enchilame.com\/submit.php?url=http:\/\/www.emiliosilveravazquez.com\/blog\/2010\/05\/14\/la-materia-%c2%bfesta-viva\/' target='_blank' rel='nofollow'><img title='Enchilame' src='http:\/\/www.emiliosilveravazquez.com\/blog\/wp-content\/plugins\/knxdt-bookmarks-wordpress-plugin\/images\/enchilame.png'  alt='' class='book_img' border='none' style='margin:1px; padding: 0;'  \/><\/a><\/span><span class='pushbutton'><a href='http:\/\/www.blinklist.com\/index.php?Action=Blink\/addblink.php&amp;Description=&amp;Url=http%3A%2F%2Fwww.emiliosilveravazquez.com%2Fblog%2F2010%2F05%2F14%2Fla-materia-%25c2%25bfesta-viva%2F&amp;title=La+Materia+%C2%BFEst%C3%A1+viva%3F' title='BlinkList' target='_blank' rel='nofollow'><img src='http:\/\/www.emiliosilveravazquez.com\/blog\/wp-content\/plugins\/knxdt-bookmarks-wordpress-plugin\/images\/blinklist.png'  alt='' class='book_img' border='none' style='margin:1px; padding: 0;'  \/><\/a><\/span><span class='pushbutton'><a href='http:\/\/reddit.com\/submit?url=http%3A%2F%2Fwww.emiliosilveravazquez.com%2Fblog%2F2010%2F05%2F14%2Fla-materia-%25c2%25bfesta-viva%2F&amp;title=La+Materia+%C2%BFEst%C3%A1+viva%3F' title='Reddit' target='_blank' rel='nofollow'><img src='http:\/\/www.emiliosilveravazquez.com\/blog\/wp-content\/plugins\/knxdt-bookmarks-wordpress-plugin\/images\/reddit.png'  alt='' class='book_img' border='none' style='margin:1px; padding: 0;'  \/><\/a><\/span><span class='pushbutton'><a href='http:\/\/www.tecnologiadiaria.com\/2009\/07\/abrir-com-hotmail-correo.html' target='_blank' title='hotmail'><img src='http:\/\/www.emiliosilveravazquez.com\/blog\/wp-content\/plugins\/knxdt-bookmarks-wordpress-plugin\/images\/linklove.png' alt='hotmail correo' class='book_img' border='none' style='margin:1px; padding: 0;' \/><\/a><\/span><span class='pushbutton'><a href='http:\/\/bitacoras.com\/votar\/anotacion\/externo\/mini\/www.emiliosilveravazquez.com\/blog\/2010\/05\/14\/la-materia-%c2%bfesta-viva\/' title='Bitacoras.com' target='_blank' rel='nofollow'><img src='http:\/\/www.emiliosilveravazquez.com\/blog\/wp-content\/plugins\/knxdt-bookmarks-wordpress-plugin\/images\/bitacoras.png'  alt='' class='book_img' border='none' style='margin:1px; padding: 0;'  \/><\/a><\/span><span class='pushbutton'><a href='http:\/\/www.wikio.es\/vote?url=http%3A%2F%2Fwww.emiliosilveravazquez.com%2Fblog%2F2010%2F05%2F14%2Fla-materia-%25c2%25bfesta-viva%2F' title='Wikio' target='_blank' rel='nofollow'><img src='http:\/\/www.emiliosilveravazquez.com\/blog\/wp-content\/plugins\/knxdt-bookmarks-wordpress-plugin\/images\/wikio.png'   alt='' class='book_img' border='none' style='margin:1px; padding: 0;'   \/><\/a><\/span><span class='pushbutton'><a href='http:\/\/friendfeed.com\/?url=http%3A%2F%2Fwww.emiliosilveravazquez.com%2Fblog%2F2010%2F05%2F14%2Fla-materia-%25c2%25bfesta-viva%2F&amp;title=La+Materia+%C2%BFEst%C3%A1+viva%3F' title='Friend Feed' target='_blank' rel='nofollow'><img src='http:\/\/www.emiliosilveravazquez.com\/blog\/wp-content\/plugins\/knxdt-bookmarks-wordpress-plugin\/images\/friendfeed.png'  alt='' class='book_img' border='none' style='margin:1px; padding: 0;'  \/><\/a><\/span><span class='pushbutton'><a href='http:\/\/www.facebook.com\/share.php?u=http%3A%2F%2Fwww.emiliosilveravazquez.com%2Fblog%2F2010%2F05%2F14%2Fla-materia-%25c2%25bfesta-viva%2F&amp;t=La+Materia+%C2%BFEst%C3%A1+viva%3F' title='Facebook' target='_blank' rel='nofollow'><img src='http:\/\/www.emiliosilveravazquez.com\/blog\/wp-content\/plugins\/knxdt-bookmarks-wordpress-plugin\/images\/facebook.png'  alt='' class='book_img' border='none' style='margin:1px; padding: 0;'  \/><\/a><\/span><span class='pushbutton'><a href='http:\/\/twitter.com\/home?status=La+Materia+%C2%BFEst%C3%A1+viva%3F: http%3A%2F%2Fwww.emiliosilveravazquez.com%2Fblog%2F2010%2F05%2F14%2Fla-materia-%25c2%25bfesta-viva%2F' title='Twitter' target='_blank' rel='nofollow'><img src='http:\/\/www.emiliosilveravazquez.com\/blog\/wp-content\/plugins\/knxdt-bookmarks-wordpress-plugin\/images\/twitter.png'  alt='' class='book_img' border='none' style='margin:1px; padding: 0;'  \/><\/a><\/span><span class='pushbutton'><a href='http:\/\/www.feedburner.com\/fb\/a\/emailFlare?itemTitle=La+Materia+%C2%BFEst%C3%A1+viva%3F&amp;uri=http%3A%2F%2Fwww.emiliosilveravazquez.com%2Fblog%2F2010%2F05%2F14%2Fla-materia-%25c2%25bfesta-viva%2F' title='Enviar por Email' target='_blank' rel='nofollow'><img src='http:\/\/www.emiliosilveravazquez.com\/blog\/wp-content\/plugins\/knxdt-bookmarks-wordpress-plugin\/images\/email.png'  alt='' class='book_img' border='none' style='margin:1px; padding: 0;'  \/><\/a><\/span><span style='font-weight:bold; padding-left: 5px;'><a href='http:\/\/wordpress.org\/extend\/plugins\/knxdt-bookmarks-wordpress-plugin\/' title='Plugin' rel='nofollow' target='_blank'>[?]<\/a><\/span><\/td><\/tr><\/table><br\/><br\/><\/div>","protected":false},"excerpt":{"rendered":"<p>\u00a1Parece que la materia est\u00e1 viva! Son muchas las cosas que desconocemos y, nuestra curiosidad nos empuja continuamente a buscar esas respuestas. El electr\u00f3n y el positr\u00f3n son notables por sus peque\u00f1as masas (s\u00f3lo 1\/1.836 de la del prot\u00f3n, el neutr\u00f3n, el antiprot\u00f3n o antineutr\u00f3n), y, por lo tanto, han sido denominados leptones (de la [&hellip;]<\/p>\n","protected":false},"author":2,"featured_media":0,"comment_status":"open","ping_status":"open","sticky":false,"template":"","format":"standard","meta":{"_s2mail":"","footnotes":""},"categories":[1],"tags":[],"_links":{"self":[{"href":"http:\/\/www.emiliosilveravazquez.com\/blog\/wp-json\/wp\/v2\/posts\/81"}],"collection":[{"href":"http:\/\/www.emiliosilveravazquez.com\/blog\/wp-json\/wp\/v2\/posts"}],"about":[{"href":"http:\/\/www.emiliosilveravazquez.com\/blog\/wp-json\/wp\/v2\/types\/post"}],"author":[{"embeddable":true,"href":"http:\/\/www.emiliosilveravazquez.com\/blog\/wp-json\/wp\/v2\/users\/2"}],"replies":[{"embeddable":true,"href":"http:\/\/www.emiliosilveravazquez.com\/blog\/wp-json\/wp\/v2\/comments?post=81"}],"version-history":[{"count":0,"href":"http:\/\/www.emiliosilveravazquez.com\/blog\/wp-json\/wp\/v2\/posts\/81\/revisions"}],"wp:attachment":[{"href":"http:\/\/www.emiliosilveravazquez.com\/blog\/wp-json\/wp\/v2\/media?parent=81"}],"wp:term":[{"taxonomy":"category","embeddable":true,"href":"http:\/\/www.emiliosilveravazquez.com\/blog\/wp-json\/wp\/v2\/categories?post=81"},{"taxonomy":"post_tag","embeddable":true,"href":"http:\/\/www.emiliosilveravazquez.com\/blog\/wp-json\/wp\/v2\/tags?post=81"}],"curies":[{"name":"wp","href":"https:\/\/api.w.org\/{rel}","templated":true}]}}