{"id":8093,"date":"2013-08-06T05:00:23","date_gmt":"2013-08-06T04:00:23","guid":{"rendered":"http:\/\/www.emiliosilveravazquez.com\/blog\/?p=8093"},"modified":"2013-08-06T06:09:56","modified_gmt":"2013-08-06T05:09:56","slug":"%c2%bfel-libre-albedrio-%c2%bfdonde-esta","status":"publish","type":"post","link":"http:\/\/www.emiliosilveravazquez.com\/blog\/2013\/08\/06\/%c2%bfel-libre-albedrio-%c2%bfdonde-esta\/","title":{"rendered":"\u00bfEl Libre Albedr\u00edo? \u00bfD\u00f3nde est\u00e1?"},"content":{"rendered":"<p style=\"text-align: justify;\"><img decoding=\"async\" loading=\"lazy\" src=\"http:\/\/3.bp.blogspot.com\/-zu5vAt3_8Wc\/Tke7g7iPa9I\/AAAAAAAAEhs\/YuR3-FYTa5Q\/s640\/display_1313947.jpg\" alt=\"\" width=\"640\" height=\"537\" border=\"0\" \/><\/p>\n<p style=\"text-align: justify;\">\n<h3>\u00a0\u00a0\u00a0\u00a0\u00a0\u00a0\u00a0\u00a0 El cerebro es capaz de inventar recuerdos de hechos que nunca ocurrieron<\/h3>\n<p>&nbsp;<\/p>\n<p style=\"text-align: justify;\">La capacidad humana para aprender, inventar, buscar recursos, y sobre todo, adaptarse a las circunstancias es bastante grande. A lo largo de los \u00faltimos milenios Civilizaciones del pasado han demostrado que puedes desarrollarse y constituir sociedades que apuntan maneras de querer hacer bien las cosas. Bueno, al menos esas son las sensaciones que yo he podido percibir.<\/p>\n<p style=\"text-align: justify;\">Aunque examinando la realidad de los hechos y la Historia del pasado, las perspectivas no se cunplieron&#8230;, del todo.\u00a0 No se cumplen dichas espectativas. Sociedades democr\u00e1ticas y de derecho &#8211;aquellas polis griegas del pasado-, El sue\u00f1o de un reparto equitativo de la riqueza es una quimera.<\/p>\n<p style=\"text-align: justify;\">\n<p style=\"text-align: justify;\">\n<p style=\"text-align: justify;\"><img decoding=\"async\" loading=\"lazy\" id=\"irc_mi\" src=\"http:\/\/www.radiocafayate.com\/wp-content\/uploads\/2009\/07\/hambre_1802.jpg\" alt=\"\" width=\"500\" height=\"343\" \/><\/p>\n<p style=\"text-align: justify;\">\n<p style=\"text-align: justify;\">Hay cosas de las que, sin ser los responsables directos, nos hacen sentir verguenza<\/p>\n<p style=\"text-align: justify;\">\n<p style=\"text-align: justify;\">Medio mundo se muere desnutrido y, el otro medio, se muere por la obesidad. Los pueblos, por motivos religiosos, de ocupaci\u00f3n de zonas ricas en recursos energ\u00e9ticos y por otras causas que nunca justificaron el resultado, se est\u00e1n matando en pleno comienzo del siglo XXI.<\/p>\n<p style=\"text-align: justify;\">\n<p style=\"text-align: justify;\">\n<p style=\"text-align: justify;\"><img decoding=\"async\" src=\"http:\/\/2.bp.blogspot.com\/_wNQ9g4v4vIs\/TDdW-dWHVJI\/AAAAAAAAAqE\/F1fSVyS-oWc\/s1600\/anexo_2__portaaviones_de_la_iv_flota.jpg\" alt=\"\" \/><\/p>\n<p style=\"text-align: justify;\">\n<p style=\"text-align: justify;\">\u00a0\u00a0\u00a0\u00a0\u00a0\u00a0\u00a0\u00a0\u00a0\u00a0\u00a0\u00a0\u00a0\u00a0\u00a0\u00a0\u00a0\u00a0\u00a0\u00a0\u00a0 Mientras estos monstruos sean necesarios&#8230; \u00a1Mal van las cosas!<\/p>\n<p style=\"text-align: justify;\">\n<p style=\"text-align: justify;\">Con tal panorama, nadie podr\u00e1 negar que la Humanidad, no se ha ganado el derecho a tal nombre, estamos deshumanizados y en pleno proceso de \u201chumanizaci\u00f3n\u201d. Tenemos ingenios espaciales que nos env\u00edan datos de las estrellas, robots que hacen fotos de planetas lejanos y hacen an\u00e1lisis de la composici\u00f3n del terreno de las lunas de J\u00fapiter o Saturno, sat\u00e9lites orbitando la Tierra que nos facilitan las comunicaciones y nos env\u00edan los par\u00e1metros del tiempo en los rincones m\u00e1s alejados del globo, ordenadores que se programan para que un <a href=\"#\" onclick=\"referencia('laser',event); return false;\">l\u00e1ser<\/a> opere un ojo humano o mil maravillas m\u00e1s. Sin embargo, a pesar de todo eso, dentro de nosotros prevalece el instinto animal salvaje que de manera inconciente, nos hace desconfiar de los dem\u00e1s y nos empuja incluso a matar, de forma inhumana, por defender aquello que consideramos nuestro o que simplemente queremos. Y mientras que sea as\u00ed, la \u201cHumanidad\u201d no ser\u00e1 &#8220;humana&#8221;&#8230;, todav\u00eda.\u00a0 Parece que nos falta evoluci\u00f3n y que el proceso contin\u00faa, a\u00fan falta bastante tiempo para alcanzar el nivel que, de manera definitiva, nos distinga de los animales irracionales. De momento, no hemos podido conquistar esa racionalidad que tanta falta nos hace. En algunos aspectos, nos comportamos como aut\u00e9nticos idiotas.<\/p>\n<p style=\"text-align: justify;\">\n<p style=\"text-align: justify;\">\n<p style=\"text-align: justify;\"><img decoding=\"async\" loading=\"lazy\" id=\"irc_mi\" src=\"http:\/\/www.imp.mx\/investigacion\/programas\/5imol.jpg\" alt=\"\" width=\"291\" height=\"264\" \/><\/p>\n<p style=\"text-align: justify;\">\n<p style=\"text-align: justify;\">\n<p style=\"text-align: justify;\">\u00bfCu\u00e1ntos problemas podr\u00edamos solucionar y cu\u00e1ntos programas de investigaci\u00f3n podr\u00edamos llevar a buen fin, si se destinaran los presupuestos de todos los pa\u00edses del mundo gastados en armas y ej\u00e9rcitos a causas m\u00e1s nobles? Estamos inmersos en una sociedad del miedo, en la que los poderosos, tienen dominado al mundo que se rige por sus intereses, y, la mayor\u00eda de las personas, aunque no tienen cadenas ni grilletes como los esclavos del pasado, s\u00ed tienen otros amarres que los tienen confinados en un mundo de Hipotecas y de trabajos precarios que, de alguna manera, viene a ser lo mismo.<\/p>\n<p style=\"text-align: justify;\">Hoy parece que me he salido del gui\u00f3n cient\u00edfico para explicar el motivo por el cual (guiado por el ego\u00edsmo de unos pocos), la Humanidad est\u00e1 dejando de lado su verdadera obligaci\u00f3n de avanzar en el sentido del conocimiento para que, llegado el momento, puedamos hacer frente a los terribles problemas que tendremos que resolver. De momento, el m\u00e1s prioritario y terrible de todos es el de conseguir una digna capacidad de vida para nuestros hermanos, tenemos que procurar una digna forma de vida para todos los seres del planeta y que, de manera pr\u00e1ctica y efectiva las regiones ricas acudan en ayuda de las regiones pobres del mundo evitando la miseria, el hambre, la enfermedad y la muerte que sin inmutarnos, estamos presenciando, cada d\u00eda, c\u00f3modamente sentados en nuestro confortable sof\u00e1 viendo y oyendo las horribles noticias que nos llegan desde esas desgraciadas regiones. Lo m\u00e1s lamentable es que tales sucesos, por su cotidianidad, han pasado a ser parte de nuestras vidas, se toma como algo inevitable que, al estar lejos de nosotros, no nos afecta.<\/p>\n<p style=\"text-align: justify;\">\n<p style=\"text-align: justify;\">\n<p style=\"text-align: justify;\"><img decoding=\"async\" src=\"http:\/\/4.bp.blogspot.com\/-7jfdoZ1Peho\/T_HkIMnP5zI\/AAAAAAAABgo\/OVAme_AbI9E\/s1600\/paisaje_1.jpg\" alt=\"\" \/><\/p>\n<p style=\"text-align: justify;\">\n<p style=\"text-align: justify;\">\n<p style=\"text-align: justify;\">Habr\u00e1 que despejar las brumas de la mente que nos impiden ver el paisaje. Tenemos que despertar de este terrible sue\u00f1o, para poder ver la horrible realidad. Tenemos la obligaci\u00f3n moral, \u00e9tica y social de cambiar el estado actual de las cosas. El mundo no puede seguir as\u00ed por mucho tiempo.<\/p>\n<p style=\"text-align: justify;\"><strong>Un futuro mejor<\/strong><\/p>\n<p style=\"text-align: justify;\">Sin importar la procedencia familiar, ni el lugar de nacimiento, y teniendo en cuenta las capacidades personales de cada uno, todos, sin excepci\u00f3n, recibir\u00e1n las ense\u00f1anzas m\u00e1s adecuadas a sus capacidades. No podemos dejar escapar mentes de inmensa imaginaci\u00f3n y poderosas ideas por el simple hecho de no tener los medios para poder desarrolarlas. Recuerdo, en neste punto que, el padre de <a href=\"#\" onclick=\"referencia('newton',event); return false;\">Newton<\/a>, era un humilde y peque\u00f1o agricultor que ni sabia escribir. Sin embargo, ello no impidi\u00f3 que su hijo destacara como uno de los cient\u00edficos m\u00e1s grandes de nuestro mundo.<\/p>\n<p style=\"text-align: justify;\">Matem\u00e1ticos, f\u00edsicos, qu\u00edmicos, bi\u00f3logos, astr\u00f3nomos, o simples peones de factor\u00edas, cada uno ser\u00e1 lo que quiera ser, lo que su mente le permita y sus deseos les exijan, hag\u00e1mos que sea una realidad el tan aireado -pero inexistente- libre albedrio. Dej\u00e9mos que cada cual pueda elegir su destino y que surjan escritores, m\u00fasicos pintores o actores. Tambi\u00e9n el esp\u00edritu tiene que ser alimentado.<\/p>\n<p style=\"text-align: justify;\">\n<p style=\"text-align: justify;\">\n<p style=\"text-align: justify;\"><img decoding=\"async\" loading=\"lazy\" id=\"irc_mi\" src=\"http:\/\/www.libros.org.es\/wp-content\/uploads\/literatura.jpg\" alt=\"\" width=\"500\" height=\"300\" \/><\/p>\n<p style=\"text-align: justify;\">\n<p style=\"text-align: justify;\">\n<p style=\"text-align: justify;\">El mejor amigo&#8230; \u00a1Un libro! All\u00ed, lo mismo encontramos bellas\u00a0 historias que hacen volar nuestra imaginaci\u00f3n, como las respuestas a preguntas que nadie nos supo contestar. Desde una fant\u00e1stica aventura, pasando por un poema de amor, hasta el m\u00e1s intrincado secreto de la Naturaleza<\/p>\n<p style=\"text-align: justify;\">Ahora, cada uno de nosotros -por lo general-, tiene lo que ha podido conseguir, no lo que verdaderamente quer\u00eda. \u00bfCu\u00e1ntos magn\u00edficos m\u00e9dicos, profesores, ingenieros o f\u00edsicos no se habr\u00e1n perdido por falta de apoyo? Tenemos que poner los medios que sean necesarios para que todos podamos ser lo que realmente queremos, una de las bases de la felicidad est\u00e1 en el principio de realizar aquello que m\u00e1s nos atrae. \u00bfCu\u00e1ntas veces hemos o\u00eddo decir\u2026 \u00a1me gusta tanto lo que hago que, m\u00e1s que un trabajo, es un gozo!?<\/p>\n<p style=\"text-align: justify;\">Es totalmente cierto, el que hace lo que le gusta no siente el paso del tiempo, se podr\u00eda pasar horas y horas inmerso en su trabajo, fascinado con lo que llena sus sentidos, mentalmente situado en su mundo particular, sin que nada le pueda distraer, se a\u00edsla del entorno y consigue la felicidad personal a trav\u00e9s de lo que hace.<\/p>\n<p style=\"text-align: justify;\">\n<p style=\"text-align: justify;\">\n<p style=\"text-align: justify;\"><img decoding=\"async\" src=\"http:\/\/img.desmotivaciones.es\/201203\/aaasnkala.jpg\" alt=\"Nada como esa felicidad, - al hacer lo que nos gusta\nsin miedo ni verg\u00fcenza\npor lo que vallan a decir los dem\u00e1s.\" \/><\/p>\n<p style=\"text-align: justify;\">\n<p style=\"text-align: justify;\">\n<p style=\"text-align: justify;\">Est\u00e1 claro que la calidad de vida, en todos los aspectos, estar\u00e1 presente all\u00ed donde se est\u00e9 desarrollando una actividad acorde con los deseos de las personas que la llevan a cabo. Quien desarrolla un trabajo no deseado se limita a cumplir de cualquier manera, est\u00e1 todo el rato mirando el reloj deseando que la jornada finalice, su rostro refleja el fastidio que la tarea le produce. Por el contrario, quien hace aquello que de verdad le gusta, lo har\u00e1 a conciencia, buscar\u00e1 la perfecci\u00f3n y la belleza en aquello que realiza, y, mientras lo hace, estar\u00e1 tan centrado y concentrado en su trabajo que, para un atento observador, parciera que est\u00e1 fuera de este mundo, fuera del entorno, sumergido en su propia realidad.<\/p>\n<p style=\"text-align: justify;\">Dicho todo lo anterior, si no conseguimos alg\u00fan d\u00eda que todo eso sea una realidad para todos, dif\u00edcilmente lograremos un mundo plenamente desarrollado y habitado por gente felices que, habiendo desarrollado sus intelectos, tambi\u00e9n, como consecuencia de ello, habr\u00e1n logrado construir una Sociedad en la que, todos tendr\u00e1n su lugar y nadie estar\u00e1 ni se sentir\u00e1 postergado.<\/p>\n<p style=\"text-align: justify;\">\u00bfCu\u00e1ntos problemas desaparecer\u00e1n si pudi\u00e9ramos conseguir eso? Qui\u00b4zas alg\u00fan d\u00eda lejos, muy lejos a\u00fan en el futuro, podremos gozar de un panorama as\u00ed, en el que todos, tengan la oportunidad de desarrollar sus cualidades y las mentes, plenamente evolucionadas, dar\u00e1n sus ideas para que todas las puedan compartir.<\/p>\n<p style=\"text-align: justify;\">\u00bfQue a\u00fan falta mucho para que eso llegue -si es que llega alg\u00fan d\u00eda-? No tanto como a simple vista nos pueda parecer, el transcurrir del tiempo es inexorable y, lo mismo que todo tuvo un principio, tambi\u00e9n tendr\u00e1 un final y, mientras ese final llega, si por el camino podemos alcanzar cosas buenas&#8230;, mucho mejor. Cuando me pongo a escribir y a dejar mis ideas por ah\u00ed, escritas en las hojas de papel de una libreta, o, en \u00e9stas mismas p\u00e1ginas del Blog&#8230; Pienso que:<\/p>\n<p style=\"text-align: justify;\">\n<p style=\"text-align: justify;\">\n<p><img decoding=\"async\" loading=\"lazy\" title=\"d-brana\" src=\"http:\/\/www.emiliosilveravazquez.com\/blog\/wp-content\/uploads\/2009\/01\/d-brana.jpg\" alt=\"d-brana\" width=\"400\" height=\"267\" \/><\/p>\n<p>&nbsp;<\/p>\n<p>&nbsp;<\/p>\n<p style=\"text-align: justify;\">&#8220;El gr\u00e1fico representa un modelo de manguera de un espacio-tiempo de dimensiones m\u00e1s altas de tipo <a href=\"http:\/\/www.emiliosilveravazquez.com\/blog\/2013\/05\/12\/fluctuaciones-de-vacio-d-branas-dimensiones-extra-%c2%bfsera-nuestro-universo-asi\/comment-page-1\/#\"><a href=\"#\" onclick=\"referencia('kaluza klein',event); return false;\">Kaluza-Klein<\/a><\/a>, donde la longitud, o mejor, la dimensi\u00f3n a lo largo de la longitud de la manguera representa el 4-espacio-tiempo normal, y la dimensi\u00f3n alrededor de la manguera representa la dimensi\u00f3n extra \u201cpeque\u00f1as\u201d (quiz\u00e1 escala de Planck). Imaginemos un \u201cser\u201d que habite en este mundo, que rebasa estas dimensiones extra \u201cpeque\u00f1as\u201d, y por ello no es realmente consciente de ellas.<\/p>\n<p style=\"text-align: justify;\">Es posible que, de la misma manera, tambi\u00e9n nosotros est\u00e9mos imposibilitados para ver esas dimensiones extra que, sin embargo,\u00a0 nos permita ver m\u00e1s all\u00e1 de las matem\u00e1ticas topol\u00f3gicas, m\u00e1s all\u00e1 de las fluctuaciones de vac\u00edo, m\u00e1s all\u00e1 de los <a href=\"http:\/\/www.emiliosilveravazquez.com\/blog\/2013\/05\/12\/fluctuaciones-de-vacio-d-branas-dimensiones-extra-%c2%bfsera-nuestro-universo-asi\/comment-page-1\/#\">quarks<\/a>, m\u00e1s all\u00e1 de las <a href=\"http:\/\/www.emiliosilveravazquez.com\/blog\/2013\/05\/12\/fluctuaciones-de-vacio-d-branas-dimensiones-extra-%c2%bfsera-nuestro-universo-asi\/comment-page-1\/#\"><a href=\"#\" onclick=\"referencia('singularidad',event); return false;\">singularidad<\/a><\/a>es y\u2026 \u00bfPor qu\u00e9 no decirlo? \u00a1M\u00e1s all\u00e1 de nuestro propio Universo! No podemos olvidarnos de que dentro de varios eones, nuestro Universo podr\u00eda morir.\u00a0 Estamos obligados a buscar la manera (si existe), de escapar de ese destino fatal.&#8221;<\/p>\n<p style=\"text-align: justify;\">\n<p style=\"text-align: justify;\"><strong>&#8220;Algo tuyo queda en esas hojas de papel o en las p\u00e1ginas escritas en un blog virtual que, de alguna manera, grita los mensajes que surgen de tu mente&#8221;.<\/strong><\/p>\n<p style=\"text-align: justify;\">\n<p style=\"text-align: justify;\">\n<p style=\"text-align: justify;\">\u00a0\u00a0\u00a0\u00a0\u00a0 <img decoding=\"async\" loading=\"lazy\" id=\"irc_mi\" style=\"margin-top: 0px;\" src=\"http:\/\/www.emiliosilveravazquez.com\/images\/cuadro.jpg\" alt=\"\" width=\"276\" height=\"393\" \/><\/p>\n<p style=\"text-align: justify;\">\n<p style=\"text-align: justify;\">Cuando escribo, mis pensamientos recorren los caminos m\u00e1s inesperados, y relaciono cosas que a simple vista nadan tienen que ver con el tema que estoy tratando, pero no es as\u00ed, todo, de alguna manera, est\u00e1 conectado. Nuestros cerebros son tan complejos que se podr\u00edan definir como los entes pensante del Universo -en otra ocasi\u00f3n trataremos sobre &#8220;<em>La expansi\u00f3n del Universo\u2013La expansi\u00f3n de la mente<\/em>&#8220;, un tema que nos habla de c\u00f3mo todo evoluciona, cambia y se transforma y, nosotros, no somos ninguna excepci\u00f3n.<\/p>\n<p style=\"text-align: justify;\">\u00a1Ah! Si no podemos hacer aquello que queremos hacer&#8230; \u00bfD\u00f3nde queda el libre Albedr\u00edo?<\/p>\n<p style=\"text-align: justify;\">emilio silvera<\/p>\n<div class='bookmark'>\r\n\t\t<table align='left' border='0' cellpadding='0' width='100%'>\r\n\t\t<tr><td><span class='pushbutton'><a href='http:\/\/delicious.com\/post?url=http%3A%2F%2Fwww.emiliosilveravazquez.com%2Fblog%2F2013%2F08%2F06%2F%25c2%25bfel-libre-albedrio-%25c2%25bfdonde-esta%2F&amp;title=%C2%BFEl+Libre+Albedr%C3%ADo%3F+%C2%BFD%C3%B3nde+est%C3%A1%3F' title='Delicious' target='_blank' rel='nofollow'><img src='http:\/\/www.emiliosilveravazquez.com\/blog\/wp-content\/plugins\/knxdt-bookmarks-wordpress-plugin\/images\/delicious.png'  alt='' class='book_img' border='none' style='margin:1px; padding: 0;'  \/><\/a><\/span><span class='pushbutton'><a href='http:\/\/digg.com\/submit?url=http%3A%2F%2Fwww.emiliosilveravazquez.com%2Fblog%2F2013%2F08%2F06%2F%25c2%25bfel-libre-albedrio-%25c2%25bfdonde-esta%2F&amp;title=%C2%BFEl+Libre+Albedr%C3%ADo%3F+%C2%BFD%C3%B3nde+est%C3%A1%3F' title='Digg' target='_blank' rel='nofollow'><img src='http:\/\/www.emiliosilveravazquez.com\/blog\/wp-content\/plugins\/knxdt-bookmarks-wordpress-plugin\/images\/digg.png'  alt='' class='book_img' border='none' style='margin:1px; padding: 0;'  \/><\/a><\/span><span class='pushbutton'><a href='http:\/\/www.google.com\/bookmarks\/mark?op=edit&amp;bkmk=http%3A%2F%2Fwww.emiliosilveravazquez.com%2Fblog%2F2013%2F08%2F06%2F%25c2%25bfel-libre-albedrio-%25c2%25bfdonde-esta%2F&amp;title=%C2%BFEl+Libre+Albedr%C3%ADo%3F+%C2%BFD%C3%B3nde+est%C3%A1%3F' title='Google' target='_blank' rel='nofollow'><img src='http:\/\/www.emiliosilveravazquez.com\/blog\/wp-content\/plugins\/knxdt-bookmarks-wordpress-plugin\/images\/google.png'   alt='' class='book_img' border='none' style='margin:1px; padding: 0;'  \/><\/a><\/span><span class='pushbutton'><a href='http:\/\/myweb2.search.yahoo.com\/myresults\/bookmarklet?u=http%3A%2F%2Fwww.emiliosilveravazquez.com%2Fblog%2F2013%2F08%2F06%2F%25c2%25bfel-libre-albedrio-%25c2%25bfdonde-esta%2F&amp;t=%C2%BFEl+Libre+Albedr%C3%ADo%3F+%C2%BFD%C3%B3nde+est%C3%A1%3F' title='Yahoo' target='_blank' rel='nofollow'><img src='http:\/\/www.emiliosilveravazquez.com\/blog\/wp-content\/plugins\/knxdt-bookmarks-wordpress-plugin\/images\/yahoo.png'  alt='' class='book_img' border='none' style='margin:1px; padding: 0;'  \/><\/a><\/span><span class='pushbutton'><a href='http:\/\/www.technorati.com\/faves?add=http%3A%2F%2Fwww.emiliosilveravazquez.com%2Fblog%2F2013%2F08%2F06%2F%25c2%25bfel-libre-albedrio-%25c2%25bfdonde-esta%2F' title='Technorati' target='_blank' rel='nofollow'><img src='http:\/\/www.emiliosilveravazquez.com\/blog\/wp-content\/plugins\/knxdt-bookmarks-wordpress-plugin\/images\/technorati.png'  alt='' class='book_img' border='none' style='margin:1px; padding: 0;'  \/><\/a><\/span><span class='pushbutton'><a href='http:\/\/meneame.net\/submit.php?url=http%3A%2F%2Fwww.emiliosilveravazquez.com%2Fblog%2F2013%2F08%2F06%2F%25c2%25bfel-libre-albedrio-%25c2%25bfdonde-esta%2F' title='Meneame' target='_blank' rel='nofollow'><img src='http:\/\/www.emiliosilveravazquez.com\/blog\/wp-content\/plugins\/knxdt-bookmarks-wordpress-plugin\/images\/meneame.png'  alt='' class='book_img' border='none' style='margin:1px; padding: 0;'  \/><\/a><\/span><span class='pushbutton'><a href='http:\/\/enchilame.com\/submit.php?url=http:\/\/www.emiliosilveravazquez.com\/blog\/2013\/08\/06\/%c2%bfel-libre-albedrio-%c2%bfdonde-esta\/' target='_blank' rel='nofollow'><img title='Enchilame' src='http:\/\/www.emiliosilveravazquez.com\/blog\/wp-content\/plugins\/knxdt-bookmarks-wordpress-plugin\/images\/enchilame.png'  alt='' class='book_img' border='none' style='margin:1px; padding: 0;'  \/><\/a><\/span><span class='pushbutton'><a href='http:\/\/www.blinklist.com\/index.php?Action=Blink\/addblink.php&amp;Description=&amp;Url=http%3A%2F%2Fwww.emiliosilveravazquez.com%2Fblog%2F2013%2F08%2F06%2F%25c2%25bfel-libre-albedrio-%25c2%25bfdonde-esta%2F&amp;title=%C2%BFEl+Libre+Albedr%C3%ADo%3F+%C2%BFD%C3%B3nde+est%C3%A1%3F' title='BlinkList' target='_blank' rel='nofollow'><img src='http:\/\/www.emiliosilveravazquez.com\/blog\/wp-content\/plugins\/knxdt-bookmarks-wordpress-plugin\/images\/blinklist.png'  alt='' class='book_img' border='none' style='margin:1px; padding: 0;'  \/><\/a><\/span><span class='pushbutton'><a href='http:\/\/reddit.com\/submit?url=http%3A%2F%2Fwww.emiliosilveravazquez.com%2Fblog%2F2013%2F08%2F06%2F%25c2%25bfel-libre-albedrio-%25c2%25bfdonde-esta%2F&amp;title=%C2%BFEl+Libre+Albedr%C3%ADo%3F+%C2%BFD%C3%B3nde+est%C3%A1%3F' title='Reddit' target='_blank' rel='nofollow'><img src='http:\/\/www.emiliosilveravazquez.com\/blog\/wp-content\/plugins\/knxdt-bookmarks-wordpress-plugin\/images\/reddit.png'  alt='' class='book_img' border='none' style='margin:1px; padding: 0;'  \/><\/a><\/span><span class='pushbutton'><a href='http:\/\/www.tecnologiadiaria.com\/2009\/07\/abrir-com-hotmail-correo.html' target='_blank' title='hotmail'><img src='http:\/\/www.emiliosilveravazquez.com\/blog\/wp-content\/plugins\/knxdt-bookmarks-wordpress-plugin\/images\/linklove.png' alt='hotmail correo' class='book_img' border='none' style='margin:1px; padding: 0;' \/><\/a><\/span><span class='pushbutton'><a href='http:\/\/bitacoras.com\/votar\/anotacion\/externo\/mini\/www.emiliosilveravazquez.com\/blog\/2013\/08\/06\/%c2%bfel-libre-albedrio-%c2%bfdonde-esta\/' title='Bitacoras.com' target='_blank' rel='nofollow'><img src='http:\/\/www.emiliosilveravazquez.com\/blog\/wp-content\/plugins\/knxdt-bookmarks-wordpress-plugin\/images\/bitacoras.png'  alt='' class='book_img' border='none' style='margin:1px; padding: 0;'  \/><\/a><\/span><span class='pushbutton'><a href='http:\/\/www.wikio.es\/vote?url=http%3A%2F%2Fwww.emiliosilveravazquez.com%2Fblog%2F2013%2F08%2F06%2F%25c2%25bfel-libre-albedrio-%25c2%25bfdonde-esta%2F' title='Wikio' target='_blank' rel='nofollow'><img src='http:\/\/www.emiliosilveravazquez.com\/blog\/wp-content\/plugins\/knxdt-bookmarks-wordpress-plugin\/images\/wikio.png'   alt='' class='book_img' border='none' style='margin:1px; padding: 0;'   \/><\/a><\/span><span class='pushbutton'><a href='http:\/\/friendfeed.com\/?url=http%3A%2F%2Fwww.emiliosilveravazquez.com%2Fblog%2F2013%2F08%2F06%2F%25c2%25bfel-libre-albedrio-%25c2%25bfdonde-esta%2F&amp;title=%C2%BFEl+Libre+Albedr%C3%ADo%3F+%C2%BFD%C3%B3nde+est%C3%A1%3F' title='Friend Feed' target='_blank' rel='nofollow'><img src='http:\/\/www.emiliosilveravazquez.com\/blog\/wp-content\/plugins\/knxdt-bookmarks-wordpress-plugin\/images\/friendfeed.png'  alt='' class='book_img' border='none' style='margin:1px; padding: 0;'  \/><\/a><\/span><span class='pushbutton'><a href='http:\/\/www.facebook.com\/share.php?u=http%3A%2F%2Fwww.emiliosilveravazquez.com%2Fblog%2F2013%2F08%2F06%2F%25c2%25bfel-libre-albedrio-%25c2%25bfdonde-esta%2F&amp;t=%C2%BFEl+Libre+Albedr%C3%ADo%3F+%C2%BFD%C3%B3nde+est%C3%A1%3F' title='Facebook' target='_blank' rel='nofollow'><img src='http:\/\/www.emiliosilveravazquez.com\/blog\/wp-content\/plugins\/knxdt-bookmarks-wordpress-plugin\/images\/facebook.png'  alt='' class='book_img' border='none' style='margin:1px; padding: 0;'  \/><\/a><\/span><span class='pushbutton'><a href='http:\/\/twitter.com\/home?status=%C2%BFEl+Libre+Albedr%C3%ADo%3F+%C2%BFD%C3%B3nde+est%C3%A1%3F: http%3A%2F%2Fwww.emiliosilveravazquez.com%2Fblog%2F2013%2F08%2F06%2F%25c2%25bfel-libre-albedrio-%25c2%25bfdonde-esta%2F' title='Twitter' target='_blank' rel='nofollow'><img src='http:\/\/www.emiliosilveravazquez.com\/blog\/wp-content\/plugins\/knxdt-bookmarks-wordpress-plugin\/images\/twitter.png'  alt='' class='book_img' border='none' style='margin:1px; padding: 0;'  \/><\/a><\/span><span class='pushbutton'><a href='http:\/\/www.feedburner.com\/fb\/a\/emailFlare?itemTitle=%C2%BFEl+Libre+Albedr%C3%ADo%3F+%C2%BFD%C3%B3nde+est%C3%A1%3F&amp;uri=http%3A%2F%2Fwww.emiliosilveravazquez.com%2Fblog%2F2013%2F08%2F06%2F%25c2%25bfel-libre-albedrio-%25c2%25bfdonde-esta%2F' title='Enviar por Email' target='_blank' rel='nofollow'><img src='http:\/\/www.emiliosilveravazquez.com\/blog\/wp-content\/plugins\/knxdt-bookmarks-wordpress-plugin\/images\/email.png'  alt='' class='book_img' border='none' style='margin:1px; padding: 0;'  \/><\/a><\/span><span style='font-weight:bold; padding-left: 5px;'><a href='http:\/\/wordpress.org\/extend\/plugins\/knxdt-bookmarks-wordpress-plugin\/' title='Plugin' rel='nofollow' target='_blank'>[?]<\/a><\/span><\/td><\/tr><\/table><br\/><br\/><\/div>","protected":false},"excerpt":{"rendered":"<p>\u00a0\u00a0\u00a0\u00a0\u00a0\u00a0\u00a0\u00a0 El cerebro es capaz de inventar recuerdos de hechos que nunca ocurrieron &nbsp; La capacidad humana para aprender, inventar, buscar recursos, y sobre todo, adaptarse a las circunstancias es bastante grande. A lo largo de los \u00faltimos milenios Civilizaciones del pasado han demostrado que puedes desarrollarse y constituir sociedades que apuntan maneras de querer [&hellip;]<\/p>\n","protected":false},"author":2,"featured_media":0,"comment_status":"open","ping_status":"open","sticky":false,"template":"","format":"standard","meta":{"_s2mail":"yes","footnotes":""},"categories":[140],"tags":[],"_links":{"self":[{"href":"http:\/\/www.emiliosilveravazquez.com\/blog\/wp-json\/wp\/v2\/posts\/8093"}],"collection":[{"href":"http:\/\/www.emiliosilveravazquez.com\/blog\/wp-json\/wp\/v2\/posts"}],"about":[{"href":"http:\/\/www.emiliosilveravazquez.com\/blog\/wp-json\/wp\/v2\/types\/post"}],"author":[{"embeddable":true,"href":"http:\/\/www.emiliosilveravazquez.com\/blog\/wp-json\/wp\/v2\/users\/2"}],"replies":[{"embeddable":true,"href":"http:\/\/www.emiliosilveravazquez.com\/blog\/wp-json\/wp\/v2\/comments?post=8093"}],"version-history":[{"count":0,"href":"http:\/\/www.emiliosilveravazquez.com\/blog\/wp-json\/wp\/v2\/posts\/8093\/revisions"}],"wp:attachment":[{"href":"http:\/\/www.emiliosilveravazquez.com\/blog\/wp-json\/wp\/v2\/media?parent=8093"}],"wp:term":[{"taxonomy":"category","embeddable":true,"href":"http:\/\/www.emiliosilveravazquez.com\/blog\/wp-json\/wp\/v2\/categories?post=8093"},{"taxonomy":"post_tag","embeddable":true,"href":"http:\/\/www.emiliosilveravazquez.com\/blog\/wp-json\/wp\/v2\/tags?post=8093"}],"curies":[{"name":"wp","href":"https:\/\/api.w.org\/{rel}","templated":true}]}}