{"id":8039,"date":"2013-01-12T08:15:30","date_gmt":"2013-01-12T07:15:30","guid":{"rendered":"http:\/\/www.emiliosilveravazquez.com\/blog\/?p=8039"},"modified":"2013-01-12T08:15:30","modified_gmt":"2013-01-12T07:15:30","slug":"faraday-%c2%a1que-personaje-ii","status":"publish","type":"post","link":"http:\/\/www.emiliosilveravazquez.com\/blog\/2013\/01\/12\/faraday-%c2%a1que-personaje-ii\/","title":{"rendered":"Faraday \u00a1Qu\u00e9 personaje! II"},"content":{"rendered":"<p style=\"text-align: justify;\">En 1838, Faraday ya ten\u00eda las bases para una nueva teor\u00eda de la electricidad. Ide\u00f3 un vocabulario completo y original compuesto por t\u00e9rminos como \u201celectrodo\u201d, \u201cc\u00e1todo\u201d y \u201celectr\u00f3lisis\u201d. Tal vez, aventur\u00f3 Faraday, las fuerzas el\u00e9ctricas eran intermoleculares y la electricidad transmit\u00eda energ\u00eda\u00a0 sin transferir materia. Faraday, que no deseaba utilizar el t\u00e9rmino \u201ccorriente\u201d a causa de sus connotaciones mec\u00e1nicas, describi\u00f3 esta transferencia como un proceso en el cual unas part\u00edculas diminutas eran sometidas a una presi\u00f3n que era entonces conducida de una part\u00edcula a otra.<\/p>\n<p style=\"text-align: justify;\"><img decoding=\"async\" loading=\"lazy\" id=\"il_fi\" src=\"http:\/\/cienciaescolar.net\/proyectos\/wp-content\/uploads\/2009\/10\/faraday.jpg\" alt=\"\" width=\"550\" height=\"372\" \/><\/p>\n<p style=\"text-align: justify;\">Despu\u00e9s de un dif\u00edcil intervalo de cinco a\u00f1os durante los cuales su mente aparentaba estar irremediablemente fatigada a ra\u00edz de los a\u00f1os anteriores de continua experimentaci\u00f3n, Faraday retorn\u00f3 a la primera l\u00ednea para dar un crucial paso al frente en su cadena de experimentos. Por aquel entonces el joven William Thomson (1824-1907), famoso despu\u00e9s como lord Kelvin, estaba intrigado por la naturaleza de la electricidad y la dificultad que entra\u00f1aba su incorporaci\u00f3n al esquema de <a href=\"http:\/\/www.emiliosilveravazquez.com\/blog\/2012\/03\/07\/un-recorrido-por-la-historia-del-atomo-ii\/#\"><a href=\"#\" onclick=\"referencia('newton',event); return false;\">Newton<\/a><\/a>. En agosto de 1845, Thomson escribi\u00f3 a Faraday comunic\u00e1ndole que hab\u00eda logrado formular matem\u00e1ticamente el concepto de l\u00edneas de fuerza de Faraday y sugiri\u00e9ndole m\u00e1s experimentos. Faraday no hab\u00eda convencido a ninguno de los f\u00edsicos eminentes de la \u00e9poca.<\/p>\n<p style=\"text-align: justify;\"><img decoding=\"async\" loading=\"lazy\" src=\"http:\/\/atlantic-cable.com\/CablePioneers\/WilliamThomson-i.jpg\" alt=\"http:\/\/atlantic-cable.com\/CablePioneers\/WilliamThomson-i.jpg\" width=\"342\" height=\"504\" \/><\/p>\n<p style=\"text-align: justify;\">\u00a0\u00a0\u00a0\u00a0\u00a0\u00a0\u00a0\u00a0\u00a0\u00a0\u00a0\u00a0\u00a0\u00a0\u00a0\u00a0\u00a0\u00a0\u00a0\u00a0\u00a0\u00a0\u00a0\u00a0\u00a0\u00a0\u00a0\u00a0 William Thomson<\/p>\n<p style=\"text-align: justify;\">Pero Thomson, que por entonces s\u00f3lo contaba veinti\u00fan a\u00f1os, estaba abierto a posibilidades a\u00fan m\u00e1s atrevidas. Si realmente exist\u00edan l\u00edneas y campos de fuerza, \u00bfno ser\u00eda posible demostrar mediante experimentos que hab\u00eda una relaci\u00f3n entre la electricidad y la luz? Faraday decidi\u00f3 seguir esta extravagante sugerencia. Al principio las dificultades parec\u00edan insuperables. \u201cS\u00f3lo la muy firme convicci\u00f3n de que la luz, el magnetismo y la electricidad ten\u00edan que estar relacionados\u2026me llev\u00f3 a retomar el tema y a perseverar\u201d.<\/p>\n<p style=\"text-align: justify;\">El 13 de Noviembre de 1845 Faraday intent\u00f3 hacer pasar un rayo a trav\u00e9s de un trozo de \u201ccristal grueso\u201d con un alto \u00edndice de refracci\u00f3n que hab\u00eda fabricado quince a\u00f1os antes, y en el campo de un potente electroim\u00e1n. \u201cSe produjo un efecto en el rayo polarizado y as\u00ed qued\u00f3 demostrado que la fuerza magn\u00e9tica y la luz est\u00e1n relacionadas. Es probable que este hecho demuestre ser sumamente f\u00e9rtil\u201d, escribi\u00f3 con satisfacci\u00f3n. Faraday se sinti\u00f3 a\u00fan m\u00e1s seguro cuando descubri\u00f3 que el \u00e1ngulo de rotaci\u00f3n del rayo de luz era directamente proporcional a la potencia de la <a href=\"http:\/\/www.emiliosilveravazquez.com\/blog\/2012\/03\/07\/un-recorrido-por-la-historia-del-atomo-ii\/#\"><a href=\"#\" onclick=\"referencia('fuerza electromagnetica',event); return false;\">fuerza electromagn\u00e9tica<\/a><\/a>.<\/p>\n<p style=\"text-align: justify;\"><img decoding=\"async\" loading=\"lazy\" src=\"http:\/\/ar.kalipedia.com\/kalipediamedia\/cienciasnaturales\/media\/200709\/24\/fisicayquimica\/20070924klpcnafyq_389.Ies.SCO.jpg\" alt=\"\" width=\"320\" height=\"204\" border=\"0\" \/><\/p>\n<p style=\"text-align: justify;\">A partir de ese momento Faraday consider\u00f3 que su anterior met\u00e1fora de la \u201cpresi\u00f3n\u201d entre part\u00edculas era inadecuada, y sugiri\u00f3 en su lugar un \u201cflujo de energ\u00eda\u201d; el electroim\u00e1n ser\u00eda una \u201chabitaci\u00f3n de l\u00edneas de fuerza\u201d. Al comparar la acci\u00f3n de diferentes sustancias en el paso de la fuerza magn\u00e9tica, Faraday contrast\u00f3 las sustancias \u201cparamagn\u00e9ticas\u201d, que conduc\u00edan bien la fuerza, con las \u201cdiamagn\u00e9ticas\u201d, que la conduc\u00edan mal. A continuaci\u00f3n demostr\u00f3 que sus \u201cl\u00edneas de fuerza\u201d no eran polares (dirigidas al polo m\u00e1s pr\u00f3ximo) como hubieran sugeridos las antiguas teor\u00edas newtonianas, sino curvas continuas. Su conclusi\u00f3n fundamental, el axioma de la moderna teor\u00eda \u201cdel campo\u201d en la f\u00edsica, fue que la energ\u00eda del im\u00e1n no se encontraba en el im\u00e1n propiamente dicho sino en el campo magn\u00e9tico.<\/p>\n<p style=\"text-align: justify;\"><img decoding=\"async\" loading=\"lazy\" id=\"il_fi\" src=\"http:\/\/histoptica.org\/wp-content\/uploads\/2012\/10\/Campo-Magn%C3%A9tico.jpg\" alt=\"\" width=\"688\" height=\"446\" \/><\/p>\n<p style=\"text-align: justify;\">El trabajo de investigaci\u00f3n de Faraday, posibilit\u00f3 que hoy nosotros, sepamos del campo magn\u00e9tico de las estrellas de <a href=\"http:\/\/www.emiliosilveravazquez.com\/blog\/2012\/03\/07\/un-recorrido-por-la-historia-del-atomo-ii\/#\">neutrones<\/a> y de las galaxias, o, del mismo Planeta Tierra.<\/p>\n<p style=\"text-align: justify;\">Faraday hab\u00eda esbozado las l\u00edneas maestras de un sorprendente mundo nuevo e invisible. Entre estos infinitesimales campos de fuerzas ejercidas por entidades misteriosas y diminutas, los f\u00edsicos encontrar\u00edan sus \u201cnuevos mundos\u201d y sus \u201ccontinentes oscuros\u201d, donde habr\u00eda secretos relativos a una entidad todav\u00eda m\u00e1s amplia y fen\u00f3menos misteriosos. En 1845, Faraday escrib\u00eda a la Real Society: \u201cHace mucho tiempo que soy de la opini\u00f3n, que casi es una convicci\u00f3n compartida con muchos otros amantes del conocimiento natural, de que las distintas formas bajo las que se manifiestan las fuerzas de la materia tienen un origen com\u00fan o, en otras palabras, est\u00e1n relacionadas tan directamente y son tan mutuamente dependientes que son convertibles la una en la otra, y poseen fuerzas equivalentes en su acci\u00f3n. En la \u00e9poca moderna se han multiplicado las pruebas de su convertibilidad, y se ha iniciado la determinaci\u00f3n de sus fuerzas equivalentes\u201d.<\/p>\n<p style=\"text-align: justify;\">La serie de pruebas que Faraday hab\u00eda profetizado se sucedieron con vertiginosa velocidad durante el siglo siguiente. La comunicaci\u00f3n entre cient\u00edficos era m\u00e1s constante y los \u00e9xitos eran, m\u00e1s\u00a0 que nunca, producto de la colaboraci\u00f3n. En algunas ocasiones era cuesti\u00f3n de suerte qui\u00e9n se atribu\u00eda (o le era atribuido) el m\u00e9rito de haber dado un paso adelante.<\/p>\n<p style=\"text-align: justify;\"><img decoding=\"async\" src=\"http:\/\/silas.psfc.mit.edu\/maxwell\/maxwell-left.jpg\" alt=\"maxwell-left.jpg\" \/><\/p>\n<p style=\"text-align: justify;\">\u00a0\u00a0\u00a0\u00a0\u00a0\u00a0\u00a0\u00a0\u00a0\u00a0\u00a0 James Clerk Maxwell<\/p>\n<p style=\"text-align: justify;\">Los descubrimientos de Faraday hab\u00edan sido el producto de una mente ajena a las matem\u00e1ticas, pero la verosimilitud y la convicci\u00f3n de la teor\u00eda del campo depender\u00edan de su formulaci\u00f3n matem\u00e1tica. Esto fue llevado a cabo por un admirador de Faraday, James Clerk Maxwell (1831-1879), que tradujo sus \u201cl\u00edneas\u201d o \u201ctubos\u201d de fuerza de Faraday a una descripci\u00f3n matem\u00e1tica de un campo continuo. Del mismo modo que <a href=\"http:\/\/www.emiliosilveravazquez.com\/blog\/2012\/03\/07\/un-recorrido-por-la-historia-del-atomo-ii\/#\"><a href=\"#\" onclick=\"referencia('newton',event); return false;\">Newton<\/a><\/a> hab\u00eda dado forma matem\u00e1tica a las intuiciones de Galileo, las ecuaciones de Maxwell, como observ\u00f3 <a href=\"http:\/\/www.emiliosilveravazquez.com\/blog\/2012\/03\/07\/un-recorrido-por-la-historia-del-atomo-ii\/#\"><a href=\"#\" onclick=\"referencia('einstein',event); return false;\">Einstein<\/a><\/a>, desempe\u00f1aron una funci\u00f3n similar para los descubrimientos de Faraday.<\/p>\n<p style=\"text-align: justify;\"><a href=\"http:\/\/www.emiliosilveravazquez.com\/blog\/2012\/03\/07\/un-recorrido-por-la-historia-del-atomo-ii\/#\"><a href=\"#\" onclick=\"referencia('einstein',event); return false;\">Einstein<\/a><\/a> y su colaborador Leopold Infeld afirmaron que \u201cla formulaci\u00f3n de estas ecuaciones\u201d es \u201cel acontecimiento m\u00e1s importante de la f\u00edsica desde la \u00e9poca de <a href=\"http:\/\/www.emiliosilveravazquez.com\/blog\/2012\/03\/07\/un-recorrido-por-la-historia-del-atomo-ii\/#\"><a href=\"#\" onclick=\"referencia('newton',event); return false;\">Newton<\/a><\/a>\u201d, no s\u00f3lo a causa de la riqueza de su contenido, sino tambi\u00e9n porque constituyen un modelo para un nuevo tipo de ley\u201d. Las principales caracter\u00edsticas de esas ecuaciones aparecer\u00edan \u201cen todas las dem\u00e1s ecuaciones de la f\u00edsica moderna\u201d.<\/p>\n<p style=\"text-align: justify;\">La teor\u00eda de <a href=\"http:\/\/www.emiliosilveravazquez.com\/blog\/2012\/03\/07\/un-recorrido-por-la-historia-del-atomo-ii\/#\"><a href=\"#\" onclick=\"referencia('einstein',event); return false;\">Einstein<\/a><\/a> sobre la <a href=\"http:\/\/www.emiliosilveravazquez.com\/blog\/2012\/03\/07\/un-recorrido-por-la-historia-del-atomo-ii\/#\"><a href=\"#\" onclick=\"referencia('relatividad',event); return false;\">relatividad<\/a><\/a> se basar\u00eda tambi\u00e9n en las ecuaciones de Maxwell. El paso siguiente, despu\u00e9s de Faraday, en la revisi\u00f3n de la f\u00edsica newtoniana y la disoluci\u00f3n del \u00e1tomo \u201cindestructible\u201d se vio con el descubrimiento de los rayos cat\u00f3dicos, los <a href=\"http:\/\/www.emiliosilveravazquez.com\/blog\/2012\/03\/07\/un-recorrido-por-la-historia-del-atomo-ii\/#\"><a href=\"#\" onclick=\"referencia('rayos x',event); return false;\">rayos X<\/a><\/a> y la <a href=\"http:\/\/www.emiliosilveravazquez.com\/blog\/2012\/03\/07\/un-recorrido-por-la-historia-del-atomo-ii\/#\"><a href=\"#\" onclick=\"referencia('radiactividad',event); return false;\">radiactividad<\/a><\/a>. J.J. Thomson (1856-1940) sigui\u00f3 la pista del <a href=\"http:\/\/www.emiliosilveravazquez.com\/blog\/2012\/03\/07\/un-recorrido-por-la-historia-del-atomo-ii\/#\">electr\u00f3n<\/a> y descubri\u00f3 diminutas part\u00edculas invisibles de masa uniforme, mil ochocientas veces m\u00e1s peque\u00f1as que el \u00e1tomo de hidr\u00f3geno, que era hasta entonces el objeto conocido de menor peso. Ernest Rutherford (1871-1937) descubri\u00f3 en 1911 un n\u00facleo at\u00f3mico (1\/100.000 del \u00e1tomo) que ser\u00eda explorado por la siguiente generaci\u00f3n de f\u00edsicos, del mismo modo que sus predecesores hab\u00edan explorado el <a href=\"http:\/\/www.emiliosilveravazquez.com\/blog\/2012\/03\/07\/un-recorrido-por-la-historia-del-atomo-ii\/#\">electr\u00f3n<\/a>. Estos nuevos f\u00edsicos fueron ya, el mismo <a href=\"http:\/\/www.emiliosilveravazquez.com\/blog\/2012\/03\/07\/un-recorrido-por-la-historia-del-atomo-ii\/#\"><a href=\"#\" onclick=\"referencia('einstein',event); return false;\">Einstein<\/a><\/a> y Planck, Heisenberg y Schr\u00f6dinger, Feynman, y muchos otros.<\/p>\n<p style=\"text-align: justify;\" align=\"center\"><img decoding=\"async\" loading=\"lazy\" src=\"http:\/\/www.quimicaweb.net\/grupo_trabajo_fyq3\/tema4\/imagenes\/atomo9.gif\" alt=\"\" width=\"237\" height=\"241\" border=\"0\" \/><\/p>\n<p style=\"text-align: justify;\">Los misterios del \u00e1tomo se multiplicaban con cada descubrimiento. Los l\u00edmites de las matem\u00e1ticas se revelaban con mayor claridad. En la mente de <a href=\"http:\/\/www.emiliosilveravazquez.com\/blog\/2012\/03\/07\/un-recorrido-por-la-historia-del-atomo-ii\/#\"><a href=\"#\" onclick=\"referencia('einstein',event); return false;\">Einstein<\/a><\/a> la unidad de los fen\u00f3menos -la b\u00fasqueda de Dalton y Faraday- plante\u00f3 problemas \u201ccient\u00edficos\u201d y paradojas que estaban m\u00e1s all\u00e1 de todo conocimiento anterior, excepto quiz\u00e1s el de los fil\u00f3sofos. As\u00ed como los f\u00edsicos explicaban el \u00e1tomo mediante los sistemas planetarios y celestes, lo infinitesimal ofrec\u00eda indicios que apuntaban al infinito. El tiempo y el espacio se unieron en un torturante y \u00fanico acertijo, que llev\u00f3 a <a href=\"http:\/\/www.emiliosilveravazquez.com\/blog\/2012\/03\/07\/un-recorrido-por-la-historia-del-atomo-ii\/#\"><a href=\"#\" onclick=\"referencia('einstein',event); return false;\">Einstein<\/a><\/a> a concluir que \u201cel misterio eterno del mundo es su comprensibilidad\u201d.<\/p>\n<p style=\"text-align: justify;\">Ahora, despu\u00e9s de todo aquellos primeros pasos, estamos mucho m\u00e1s adelantados ya en el conocimiento de la materia y, sin embargo, seguimos persiguiendo ese secreto que encierra y guarda mucho m\u00e1s profundamente\u00a0que el habitad de los <a href=\"http:\/\/www.emiliosilveravazquez.com\/blog\/2012\/03\/07\/un-recorrido-por-la-historia-del-atomo-ii\/#\">quarks<\/a>, y, que algunos dicen que son, infinitesimales y vibrantes cuerdas que nos hablar\u00e1n, en otras dimensiones m\u00e1s altas que, de momento, ni podemos ver ni comprender, de todo aquello que, con desesperada e incansable curiosidad buscamos\u2026la \u00faltima frontera de la materia que, finalmente, resultar\u00e1 ser\u2026\u00a1LA LUZ! Esa &#8220;materia-inmaterial&#8221; que es la pura energ\u00eda de lo que todo el Universo est\u00e1 hecho.<\/p>\n<p style=\"text-align: justify;\"><em>emilio silvera<\/em><\/p>\n<div class='bookmark'>\r\n\t\t<table align='left' border='0' cellpadding='0' width='100%'>\r\n\t\t<tr><td><span class='pushbutton'><a href='http:\/\/delicious.com\/post?url=http%3A%2F%2Fwww.emiliosilveravazquez.com%2Fblog%2F2013%2F01%2F12%2Ffaraday-%25c2%25a1que-personaje-ii%2F&amp;title=Faraday+%C2%A1Qu%C3%A9+personaje%21+II' title='Delicious' target='_blank' rel='nofollow'><img src='http:\/\/www.emiliosilveravazquez.com\/blog\/wp-content\/plugins\/knxdt-bookmarks-wordpress-plugin\/images\/delicious.png'  alt='' class='book_img' border='none' style='margin:1px; padding: 0;'  \/><\/a><\/span><span class='pushbutton'><a href='http:\/\/digg.com\/submit?url=http%3A%2F%2Fwww.emiliosilveravazquez.com%2Fblog%2F2013%2F01%2F12%2Ffaraday-%25c2%25a1que-personaje-ii%2F&amp;title=Faraday+%C2%A1Qu%C3%A9+personaje%21+II' title='Digg' target='_blank' rel='nofollow'><img src='http:\/\/www.emiliosilveravazquez.com\/blog\/wp-content\/plugins\/knxdt-bookmarks-wordpress-plugin\/images\/digg.png'  alt='' class='book_img' border='none' style='margin:1px; padding: 0;'  \/><\/a><\/span><span class='pushbutton'><a href='http:\/\/www.google.com\/bookmarks\/mark?op=edit&amp;bkmk=http%3A%2F%2Fwww.emiliosilveravazquez.com%2Fblog%2F2013%2F01%2F12%2Ffaraday-%25c2%25a1que-personaje-ii%2F&amp;title=Faraday+%C2%A1Qu%C3%A9+personaje%21+II' title='Google' target='_blank' rel='nofollow'><img src='http:\/\/www.emiliosilveravazquez.com\/blog\/wp-content\/plugins\/knxdt-bookmarks-wordpress-plugin\/images\/google.png'   alt='' class='book_img' border='none' style='margin:1px; padding: 0;'  \/><\/a><\/span><span class='pushbutton'><a href='http:\/\/myweb2.search.yahoo.com\/myresults\/bookmarklet?u=http%3A%2F%2Fwww.emiliosilveravazquez.com%2Fblog%2F2013%2F01%2F12%2Ffaraday-%25c2%25a1que-personaje-ii%2F&amp;t=Faraday+%C2%A1Qu%C3%A9+personaje%21+II' title='Yahoo' target='_blank' rel='nofollow'><img src='http:\/\/www.emiliosilveravazquez.com\/blog\/wp-content\/plugins\/knxdt-bookmarks-wordpress-plugin\/images\/yahoo.png'  alt='' class='book_img' border='none' style='margin:1px; padding: 0;'  \/><\/a><\/span><span class='pushbutton'><a href='http:\/\/www.technorati.com\/faves?add=http%3A%2F%2Fwww.emiliosilveravazquez.com%2Fblog%2F2013%2F01%2F12%2Ffaraday-%25c2%25a1que-personaje-ii%2F' title='Technorati' target='_blank' rel='nofollow'><img src='http:\/\/www.emiliosilveravazquez.com\/blog\/wp-content\/plugins\/knxdt-bookmarks-wordpress-plugin\/images\/technorati.png'  alt='' class='book_img' border='none' style='margin:1px; padding: 0;'  \/><\/a><\/span><span class='pushbutton'><a href='http:\/\/meneame.net\/submit.php?url=http%3A%2F%2Fwww.emiliosilveravazquez.com%2Fblog%2F2013%2F01%2F12%2Ffaraday-%25c2%25a1que-personaje-ii%2F' title='Meneame' target='_blank' rel='nofollow'><img src='http:\/\/www.emiliosilveravazquez.com\/blog\/wp-content\/plugins\/knxdt-bookmarks-wordpress-plugin\/images\/meneame.png'  alt='' class='book_img' border='none' style='margin:1px; padding: 0;'  \/><\/a><\/span><span class='pushbutton'><a href='http:\/\/enchilame.com\/submit.php?url=http:\/\/www.emiliosilveravazquez.com\/blog\/2013\/01\/12\/faraday-%c2%a1que-personaje-ii\/' target='_blank' rel='nofollow'><img title='Enchilame' src='http:\/\/www.emiliosilveravazquez.com\/blog\/wp-content\/plugins\/knxdt-bookmarks-wordpress-plugin\/images\/enchilame.png'  alt='' class='book_img' border='none' style='margin:1px; padding: 0;'  \/><\/a><\/span><span class='pushbutton'><a href='http:\/\/www.blinklist.com\/index.php?Action=Blink\/addblink.php&amp;Description=&amp;Url=http%3A%2F%2Fwww.emiliosilveravazquez.com%2Fblog%2F2013%2F01%2F12%2Ffaraday-%25c2%25a1que-personaje-ii%2F&amp;title=Faraday+%C2%A1Qu%C3%A9+personaje%21+II' title='BlinkList' target='_blank' rel='nofollow'><img src='http:\/\/www.emiliosilveravazquez.com\/blog\/wp-content\/plugins\/knxdt-bookmarks-wordpress-plugin\/images\/blinklist.png'  alt='' class='book_img' border='none' style='margin:1px; padding: 0;'  \/><\/a><\/span><span class='pushbutton'><a href='http:\/\/reddit.com\/submit?url=http%3A%2F%2Fwww.emiliosilveravazquez.com%2Fblog%2F2013%2F01%2F12%2Ffaraday-%25c2%25a1que-personaje-ii%2F&amp;title=Faraday+%C2%A1Qu%C3%A9+personaje%21+II' title='Reddit' target='_blank' rel='nofollow'><img src='http:\/\/www.emiliosilveravazquez.com\/blog\/wp-content\/plugins\/knxdt-bookmarks-wordpress-plugin\/images\/reddit.png'  alt='' class='book_img' border='none' style='margin:1px; padding: 0;'  \/><\/a><\/span><span class='pushbutton'><a href='http:\/\/www.tecnologiadiaria.com\/2009\/07\/abrir-com-hotmail-correo.html' target='_blank' title='hotmail'><img src='http:\/\/www.emiliosilveravazquez.com\/blog\/wp-content\/plugins\/knxdt-bookmarks-wordpress-plugin\/images\/linklove.png' alt='hotmail correo' class='book_img' border='none' style='margin:1px; padding: 0;' \/><\/a><\/span><span class='pushbutton'><a href='http:\/\/bitacoras.com\/votar\/anotacion\/externo\/mini\/www.emiliosilveravazquez.com\/blog\/2013\/01\/12\/faraday-%c2%a1que-personaje-ii\/' title='Bitacoras.com' target='_blank' rel='nofollow'><img src='http:\/\/www.emiliosilveravazquez.com\/blog\/wp-content\/plugins\/knxdt-bookmarks-wordpress-plugin\/images\/bitacoras.png'  alt='' class='book_img' border='none' style='margin:1px; padding: 0;'  \/><\/a><\/span><span class='pushbutton'><a href='http:\/\/www.wikio.es\/vote?url=http%3A%2F%2Fwww.emiliosilveravazquez.com%2Fblog%2F2013%2F01%2F12%2Ffaraday-%25c2%25a1que-personaje-ii%2F' title='Wikio' target='_blank' rel='nofollow'><img src='http:\/\/www.emiliosilveravazquez.com\/blog\/wp-content\/plugins\/knxdt-bookmarks-wordpress-plugin\/images\/wikio.png'   alt='' class='book_img' border='none' style='margin:1px; padding: 0;'   \/><\/a><\/span><span class='pushbutton'><a href='http:\/\/friendfeed.com\/?url=http%3A%2F%2Fwww.emiliosilveravazquez.com%2Fblog%2F2013%2F01%2F12%2Ffaraday-%25c2%25a1que-personaje-ii%2F&amp;title=Faraday+%C2%A1Qu%C3%A9+personaje%21+II' title='Friend Feed' target='_blank' rel='nofollow'><img src='http:\/\/www.emiliosilveravazquez.com\/blog\/wp-content\/plugins\/knxdt-bookmarks-wordpress-plugin\/images\/friendfeed.png'  alt='' class='book_img' border='none' style='margin:1px; padding: 0;'  \/><\/a><\/span><span class='pushbutton'><a href='http:\/\/www.facebook.com\/share.php?u=http%3A%2F%2Fwww.emiliosilveravazquez.com%2Fblog%2F2013%2F01%2F12%2Ffaraday-%25c2%25a1que-personaje-ii%2F&amp;t=Faraday+%C2%A1Qu%C3%A9+personaje%21+II' title='Facebook' target='_blank' rel='nofollow'><img src='http:\/\/www.emiliosilveravazquez.com\/blog\/wp-content\/plugins\/knxdt-bookmarks-wordpress-plugin\/images\/facebook.png'  alt='' class='book_img' border='none' style='margin:1px; padding: 0;'  \/><\/a><\/span><span class='pushbutton'><a href='http:\/\/twitter.com\/home?status=Faraday+%C2%A1Qu%C3%A9+personaje%21+II: http%3A%2F%2Fwww.emiliosilveravazquez.com%2Fblog%2F2013%2F01%2F12%2Ffaraday-%25c2%25a1que-personaje-ii%2F' title='Twitter' target='_blank' rel='nofollow'><img src='http:\/\/www.emiliosilveravazquez.com\/blog\/wp-content\/plugins\/knxdt-bookmarks-wordpress-plugin\/images\/twitter.png'  alt='' class='book_img' border='none' style='margin:1px; padding: 0;'  \/><\/a><\/span><span class='pushbutton'><a href='http:\/\/www.feedburner.com\/fb\/a\/emailFlare?itemTitle=Faraday+%C2%A1Qu%C3%A9+personaje%21+II&amp;uri=http%3A%2F%2Fwww.emiliosilveravazquez.com%2Fblog%2F2013%2F01%2F12%2Ffaraday-%25c2%25a1que-personaje-ii%2F' title='Enviar por Email' target='_blank' rel='nofollow'><img src='http:\/\/www.emiliosilveravazquez.com\/blog\/wp-content\/plugins\/knxdt-bookmarks-wordpress-plugin\/images\/email.png'  alt='' class='book_img' border='none' style='margin:1px; padding: 0;'  \/><\/a><\/span><span style='font-weight:bold; padding-left: 5px;'><a href='http:\/\/wordpress.org\/extend\/plugins\/knxdt-bookmarks-wordpress-plugin\/' title='Plugin' rel='nofollow' target='_blank'>[?]<\/a><\/span><\/td><\/tr><\/table><br\/><br\/><\/div>","protected":false},"excerpt":{"rendered":"<p>En 1838, Faraday ya ten\u00eda las bases para una nueva teor\u00eda de la electricidad. Ide\u00f3 un vocabulario completo y original compuesto por t\u00e9rminos como \u201celectrodo\u201d, \u201cc\u00e1todo\u201d y \u201celectr\u00f3lisis\u201d. Tal vez, aventur\u00f3 Faraday, las fuerzas el\u00e9ctricas eran intermoleculares y la electricidad transmit\u00eda energ\u00eda\u00a0 sin transferir materia. Faraday, que no deseaba utilizar el t\u00e9rmino \u201ccorriente\u201d a causa [&hellip;]<\/p>\n","protected":false},"author":2,"featured_media":0,"comment_status":"open","ping_status":"open","sticky":false,"template":"","format":"standard","meta":{"_s2mail":"yes","footnotes":""},"categories":[65],"tags":[],"_links":{"self":[{"href":"http:\/\/www.emiliosilveravazquez.com\/blog\/wp-json\/wp\/v2\/posts\/8039"}],"collection":[{"href":"http:\/\/www.emiliosilveravazquez.com\/blog\/wp-json\/wp\/v2\/posts"}],"about":[{"href":"http:\/\/www.emiliosilveravazquez.com\/blog\/wp-json\/wp\/v2\/types\/post"}],"author":[{"embeddable":true,"href":"http:\/\/www.emiliosilveravazquez.com\/blog\/wp-json\/wp\/v2\/users\/2"}],"replies":[{"embeddable":true,"href":"http:\/\/www.emiliosilveravazquez.com\/blog\/wp-json\/wp\/v2\/comments?post=8039"}],"version-history":[{"count":0,"href":"http:\/\/www.emiliosilveravazquez.com\/blog\/wp-json\/wp\/v2\/posts\/8039\/revisions"}],"wp:attachment":[{"href":"http:\/\/www.emiliosilveravazquez.com\/blog\/wp-json\/wp\/v2\/media?parent=8039"}],"wp:term":[{"taxonomy":"category","embeddable":true,"href":"http:\/\/www.emiliosilveravazquez.com\/blog\/wp-json\/wp\/v2\/categories?post=8039"},{"taxonomy":"post_tag","embeddable":true,"href":"http:\/\/www.emiliosilveravazquez.com\/blog\/wp-json\/wp\/v2\/tags?post=8039"}],"curies":[{"name":"wp","href":"https:\/\/api.w.org\/{rel}","templated":true}]}}