{"id":793,"date":"2025-03-19T11:35:26","date_gmt":"2025-03-19T10:35:26","guid":{"rendered":"http:\/\/www.emiliosilveravazquez.com\/blog\/?p=793"},"modified":"2025-03-19T11:34:38","modified_gmt":"2025-03-19T10:34:38","slug":"repasando-rumores-del-saber-xv","status":"publish","type":"post","link":"http:\/\/www.emiliosilveravazquez.com\/blog\/2025\/03\/19\/repasando-rumores-del-saber-xv\/","title":{"rendered":"Repasando Rumores del Saber XV"},"content":{"rendered":"<p><strong>Final de Rumores del saber del Mundo XIV.<\/strong><\/p>\n<p>&nbsp;<\/p>\n<p><img decoding=\"async\" loading=\"lazy\" class=\"\" src=\"https:\/\/s1.abcstatics.com\/abc\/www\/multimedia\/cultura\/2023\/12\/07\/peter15-RH7wj8H7butWLP4TdtprKdJ-1200x840@abc.JPG\" alt=\"CR\u00cdTICA DE:: 'Ignorancia. Una historia global', de Peter Burke: renglones torcidos\" width=\"372\" height=\"260\" \/><img decoding=\"async\" loading=\"lazy\" class=\"\" src=\"https:\/\/static.fnac-static.com\/multimedia\/Images\/ES\/NR\/b0\/f9\/84\/8714672\/1507-1.jpg\" alt=\"Ideas - Luis Noriega, Peter Watson \u00b7 5% de descuento | Fnac\" width=\"178\" height=\"261\" \/><\/p>\n<p>&nbsp;<\/p>\n<p style=\"margin: 0cm 0cm 0pt; text-align: justify; tab-stops: 68.25pt;\"><strong>Peter Burke, en su libreo Ideas,\u00a0<\/strong> ha destacado a quince hombres universales del Renacimiento, en tanto que evidenciaron su talento, m\u00e1s all\u00e1 del mero diletantismo, en tres o m\u00e1s campos):<\/p>\n<p>&nbsp;<\/p>\n<p><img decoding=\"async\" loading=\"lazy\" class=\"\" src=\"https:\/\/ciudadesrenacentistas.wordpress.com\/wp-content\/uploads\/2017\/02\/filippo-brunelleschi.jpg\" alt=\"Filippo Brunelleschi \u2013 Filosof\u00eda y poes\u00eda en las ciudades ...\" width=\"484\" height=\"672\" \/><\/p>\n<ul>\n<li><strong>Filippo Brunelleschi (1377-1446), arquitecto, ingeniero, escultor, pintor.<\/strong><\/li>\n<\/ul>\n<p>&nbsp;<\/p>\n<p><img decoding=\"async\" loading=\"lazy\" class=\"\" src=\"https:\/\/encrypted-tbn0.gstatic.com\/images?q=tbn:ANd9GcQeFn4gyjx7wK1WFN0fZ_Ifsz-Eq-vS7Q4jorx9I7pwwMJfWfP1\" alt=\"Collections - GetArchive\" width=\"477\" height=\"538\" \/><\/p>\n<ul>\n<li><strong>Antonio Filarete (1400-1465), arquitecto, escultor escritor.<\/strong><\/li>\n<\/ul>\n<p>&nbsp;<\/p>\n<p><img decoding=\"async\" loading=\"lazy\" class=\"\" src=\"https:\/\/upload.wikimedia.org\/wikipedia\/commons\/thumb\/b\/ba\/Leone_Batista_Alberti.jpg\/220px-Leone_Batista_Alberti.jpg\" width=\"444\" height=\"529\" \/><\/p>\n<ul>\n<li><strong>Le\u00f3n Battista Alberti (1404-1472), arquitecto, escritor, pintor.<\/strong><\/li>\n<\/ul>\n<p>&nbsp;<\/p>\n<p><img decoding=\"async\" loading=\"lazy\" class=\"\" src=\"https:\/\/encrypted-tbn3.gstatic.com\/images?q=tbn:ANd9GcQtf1r6J1_C0jy4dyYbU7_ucmOWq09SAEe4J0k7OdWHY9-eSLy8pQLy5Ow7xA88R4zihHiAhMeEBDWzWNrII4ANLQ\" alt=\"San Pietro di Vecchietta in Merchant's Loggia in Siena\" width=\"543\" height=\"543\" \/><\/p>\n<ul>\n<li><strong>Lorenzo Vecchietta (1405-1489), arquitecto, pintor, escultor, ingeniero.<\/strong><\/li>\n<\/ul>\n<p>&nbsp;<\/p>\n<p><img decoding=\"async\" loading=\"lazy\" class=\"\" src=\"https:\/\/upload.wikimedia.org\/wikipedia\/commons\/9\/93\/Bernardo_Butinone_e_Bernardino_Zenale_-_Polyptych.jpg\" alt=\"Bernardino Zenale - Wikipedia, la enciclopedia libre\" width=\"485\" height=\"648\" \/><\/p>\n<ul>\n<li><strong>Bernard Zenale (1436-1526), arquitecto, pintor, escritor.<\/strong><\/li>\n<\/ul>\n<p>&nbsp;<\/p>\n<p><img decoding=\"async\" loading=\"lazy\" class=\"\" src=\"https:\/\/upload.wikimedia.org\/wikipedia\/commons\/thumb\/9\/97\/Ritratto_di_Francesco_di_Giorgio_Martini.jpg\/1200px-Ritratto_di_Francesco_di_Giorgio_Martini.jpg\" alt=\"Francesco di Giorgio - Wikipedia, la enciclopedia libre\" width=\"499\" height=\"689\" \/><\/p>\n<ul>\n<li><strong>Francesco di Giorgio Mart\u00edn (1439-1506), arquitecto, ingeniero, escultor, pintor.<\/strong><\/li>\n<\/ul>\n<p>&nbsp;<\/p>\n<p>&nbsp;<\/p>\n<p><img decoding=\"async\" src=\"https:\/\/upload.wikimedia.org\/wikipedia\/commons\/3\/35\/Donato_Bramante.jpg\" alt=\"Donato d'Angelo Bramante - Wikipedia, la enciclopedia libre\" \/><\/p>\n<ul>\n<li><strong>Donato Bramante (1444-1514), arquitecto, ingeniero, pintor, poeta.<\/strong><\/li>\n<\/ul>\n<p>&nbsp;<\/p>\n<p><img decoding=\"async\" src=\"https:\/\/encrypted-tbn2.gstatic.com\/images?q=tbn:ANd9GcQgAgPpQ3XkIvdohs4895lMgXWc2otUhvFp07duEkuDxrPzZ84uos0qsCyF1PnCS6MY6D7glQrO_smPV5zb9ip5gA\" alt=\"What Made Leonardo da Vinci a Genius?\" \/><\/p>\n<ul>\n<li><strong>Leonardo da Vinci (1452-1519), arquitecto, escultor, pintor, cient\u00edfico.<\/strong><\/li>\n<\/ul>\n<p>&nbsp;<\/p>\n<p><img decoding=\"async\" loading=\"lazy\" class=\"\" src=\"https:\/\/upload.wikimedia.org\/wikipedia\/commons\/thumb\/2\/2f\/Giovanni_Giocondo.jpg\/640px-Giovanni_Giocondo.jpg\" alt=\"Giovanni Giocondo - Wikipedia\" width=\"527\" height=\"723\" \/><\/p>\n<ul>\n<li><strong>Giovanni Giocondo (1457-1525), arquitecto, ingeniero, humanista.<\/strong><\/li>\n<\/ul>\n<p>&nbsp;<\/p>\n<p><img decoding=\"async\" src=\"https:\/\/encrypted-tbn0.gstatic.com\/images?q=tbn:ANd9GcQsMpAQQtR9PgWpUJDHREf0Gtv189a2_lw7D0jC0B8Ek8JKJWDUEccMvf4&amp;s\" \/><img decoding=\"async\" src=\"https:\/\/encrypted-tbn0.gstatic.com\/images?q=tbn:ANd9GcRD2qwdVzJlKWhadNQ_BbxdJOKzyPyFubfWkx5mxinhrqHJ_Jou5MPvuw&amp;s\" \/><img decoding=\"async\" src=\"https:\/\/encrypted-tbn0.gstatic.com\/images?q=tbn:ANd9GcQo3pHnBCayPB0zDHTiqJZiJb-kYurmr7be3UTJnWzkpp0OkbspaaZm0w&amp;s\" \/><\/p>\n<ul>\n<li><strong>Silvestre Aquilano (antes de 1471-1504), arquitecto, escultor, pintor.<\/strong><\/li>\n<\/ul>\n<p>&nbsp;<\/p>\n<p><img decoding=\"async\" loading=\"lazy\" class=\"\" src=\"https:\/\/upload.wikimedia.org\/wikipedia\/commons\/8\/89\/PasserottiSerlio.jpg\" alt=\"Sebastiano Serlio - Wikipedia, la enciclopedia libre\" width=\"516\" height=\"690\" \/><\/p>\n<ul>\n<li><strong>Sebastiano Serlio\u00a0 (1475-1554), arquitecto, pintor, escritor.<\/strong><\/li>\n<\/ul>\n<p>&nbsp;<\/p>\n<p><img decoding=\"async\" loading=\"lazy\" class=\"\" src=\"https:\/\/upload.wikimedia.org\/wikipedia\/commons\/0\/02\/Michelangelo_Daniele_da_Volterra_%28dettaglio%29.jpg\" alt=\"Michelangelo - Wikipedia\" width=\"507\" height=\"587\" \/><\/p>\n<ul>\n<li><strong>Michelangelo Buonarroti (1475-1464), arquitecto, escultor, pintor, escritor.<\/strong><\/li>\n<li><strong>Guido Mas\u00f3n (antes de 1.477-1518), escritor, pintor, productor teatral.<\/strong><\/li>\n<\/ul>\n<p>&nbsp;<\/p>\n<p><img decoding=\"async\" loading=\"lazy\" class=\"\" src=\"https:\/\/www.islaelba.net\/wp-content\/uploads\/2021\/01\/marciana-chiesa-san-liborio-affresco.jpg\" alt=\"Affresco sopra l'altare di San Liborio\" width=\"502\" height=\"670\" \/><\/p>\n<ul>\n<li><strong>Piero Liborio (1500-1583), arquitecto, ingeniero, escultor, pintor.<\/strong><\/li>\n<\/ul>\n<p>&nbsp;<\/p>\n<p><img decoding=\"async\" loading=\"lazy\" class=\"\" src=\"https:\/\/encrypted-tbn0.gstatic.com\/images?q=tbn:ANd9GcQnNEABkKEnZj6m1eNYr0IYRMB9iBCW2suPXuxIFf7waZJ20xLvMt2xwkzImeKEoR8YKbP0YLjsc9evfEm9aMhMzA\" alt=\"How Giorgio Vasari Invented Art History as We Know It - The New York Times\" width=\"508\" height=\"285\" \/><\/p>\n<ul>\n<li><strong>Giorgio Vasari (1511-1574), arquitecto, escritor, escultor y pintor.<\/strong><\/li>\n<\/ul>\n<p style=\"margin: 0cm 0cm 0pt; text-align: justify; tab-stops: 68.25pt;\">El que esto est\u00e1 leyendo advertir\u00e1 que en esta lista, de un total de quince hombres universales, catorce eran arquitectos, trece pintores, diez escultores, seis ingenieros y seis escritores.\u00a0 Solo un cient\u00edfico.<\/p>\n<p style=\"margin: 0cm 0cm 0pt; text-align: justify; tab-stops: 68.25pt;\">Comienza XV.<\/p>\n<p>&nbsp;<\/p>\n<p><img decoding=\"async\" loading=\"lazy\" class=\"\" src=\"https:\/\/a-cero.com\/wp-content\/uploads\/2023\/01\/arquitectura-del-renacimiento.jpg\" alt=\"Arquitectura del Renacimiento: Historia y caracter\u00edsticas | A-cero\" width=\"592\" height=\"395\" \/><\/p>\n<p>&nbsp;<\/p>\n<p style=\"margin: 0cm 0cm 0pt; text-align: justify; tab-stops: 68.25pt;\">\u00bfQu\u00e9 ten\u00eda en particular la arquitectura para ocupar un lugar tan destacado frente a todas las dem\u00e1s actividades? En el Renacimiento, la aspiraci\u00f3n de muchos artistas era el progreso arquitect\u00f3nico.\u00a0 En el siglo XV la arquitectura era una de las actividades que m\u00e1s se aproximaban a las artes liberales, mientras que la pintura y la escultura era s\u00f3lo mec\u00e1nica.\u00a0 Esto cambiar\u00eda despu\u00e9s, pero ayuda a explicar las prioridades en la Italia del <strong>quattrocento<\/strong>.<\/p>\n<p><!--more--><\/p>\n<p>&nbsp;<\/p>\n<p><img decoding=\"async\" loading=\"lazy\" class=\"\" src=\"https:\/\/t5eduardovazquez.wordpress.com\/wp-content\/uploads\/2017\/02\/giorgio.jpg\" alt=\"Francesco di Giorgio Martini \u2013 Teor\u00eda e Historia de la arquitectura\" width=\"445\" height=\"478\" \/><img decoding=\"async\" loading=\"lazy\" class=\"\" src=\"https:\/\/upload.wikimedia.org\/wikipedia\/commons\/thumb\/3\/35\/Carnet_Francesco_di_Giorgio_Martini.jpg\/250px-Carnet_Francesco_di_Giorgio_Martini.jpg\" alt=\"Francesco di Giorgio - Wikipedia, la enciclopedia libre\" width=\"331\" height=\"481\" \/><\/p>\n<p>&nbsp;<\/p>\n<p style=\"margin: 0cm 0cm 0pt; text-align: justify; tab-stops: 68.25pt;\">Las carreras de algunos de estos hombres universales fueron extraordinarias.\u00a0 <strong>Francesco di Giorgio Mart\u00edn<\/strong>, por ejemplo, dise\u00f1\u00f3 un gran n\u00famero de fortalezas y m\u00e1quinas militares.<\/p>\n<p>&nbsp;<\/p>\n<p style=\"margin: 0cm 0cm 0pt; text-align: justify; tab-stops: 68.25pt;\">Y otra de sus ideas pueden apreciarse en los setenta y dos bajorrelieves que realiz\u00f3 dedicados todos a &#8220;instrumentos b\u00e9licos&#8221;.\u00a0 Concejal en Siena y esp\u00eda que informaba de los movimientos de las tropas papales y florentinas.\u00a0 Escribi\u00f3 un importante tratado de arquitectura.<\/p>\n<p>&nbsp;<\/p>\n<p style=\"margin: 0cm 0cm 0pt; text-align: justify; tab-stops: 68.25pt;\">Giovanni Giocondo fue un fraile dominico, del que alguien dijo que era &#8220;un hombre de muchas facetas y maestro de todas las facultades nobles&#8221;.<\/p>\n<p>&nbsp;<\/p>\n<p style=\"margin: 0cm 0cm 0pt; text-align: justify; tab-stops: 68.25pt;\">Vasari lo describe principalmente como hombre de letras, pero a\u00f1ade que era tambi\u00e9n un muy buen te\u00f3logo y fil\u00f3sofo, un gran conocedor del griego (en un momento en que tal cosa no era corriente en Italia), un magnifico arquitecto y un excelente maestro de la perspectiva.<\/p>\n<p>&nbsp;<\/p>\n<p><img decoding=\"async\" loading=\"lazy\" class=\"\" src=\"https:\/\/upload.wikimedia.org\/wikipedia\/commons\/6\/60\/Verona_%28119277577%29.jpeg\" alt=\"Ponte Pietra - Wikipedia\" width=\"704\" height=\"469\" \/><\/p>\n<p>&nbsp;<\/p>\n<p style=\"margin: 0cm 0cm 0pt; text-align: justify; tab-stops: 68.25pt;\">Adquiri\u00f3 fama en Verona, la ciudad en que viv\u00eda, por el papel que desempe\u00f1\u00f3 en el redise\u00f1o del Ponte Della Pietra, un puente construido sobre terreno tan inestable que siempre estaba derrumb\u00e1ndose.\u00a0 En su juventud pas\u00f3 muchos a\u00f1os en Roma, lo que le permiti\u00f3 familiarizarse con las reliquias de la antig\u00fcedad, de muchas de las cuales se ocup\u00f3 en un libro.<\/p>\n<p>&nbsp;<\/p>\n<p><img decoding=\"async\" loading=\"lazy\" class=\"\" src=\"https:\/\/es.zenit.org\/wp-content\/uploads\/sites\/3\/2017\/08\/keys.jpg\" alt=\"Misi\u00f3n de Pedro en la Iglesia: Presidir en la caridad - ZENIT - Espanol\" width=\"674\" height=\"427\" \/><\/p>\n<p style=\"margin: 0cm 0cm 0pt; text-align: justify; tab-stops: 68.25pt;\">llam\u00f3 a Giocondo &#8220;profundo maestro de antig\u00fcedades&#8221;.\u00a0 Escribi\u00f3 comentarios sobre Cesar y divulg\u00f3 a Vitruvio entre sus contempor\u00e1neos y descubri\u00f3 cartas de Plinio en una biblioteca parisina.<\/p>\n<p>&nbsp;<\/p>\n<p><img decoding=\"async\" loading=\"lazy\" class=\"\" src=\"https:\/\/www.mauricioluque.com\/wp-content\/uploads\/2024\/06\/Pont-Alexandre-III.jpg\" alt=\"Par\u00eds: puentes sobre el Sena\" width=\"659\" height=\"343\" \/><\/p>\n<p style=\"margin: 0cm 0cm 0pt; text-align: justify; tab-stops: 68.25pt;\">Construy\u00f3 dos puentes sobre el Sena por encargo del rey de Francia.<\/p>\n<p>&nbsp;<\/p>\n<p><img decoding=\"async\" loading=\"lazy\" class=\"\" src=\"https:\/\/dynamic-media-cdn.tripadvisor.com\/media\/photo-o\/0f\/b3\/99\/27\/iglesia-de-san-pedro.jpg?w=1200&amp;h=1200&amp;s=1\" alt=\"Iglesia de San Pedro (Huelva)\" width=\"693\" height=\"693\" \/><\/p>\n<p style=\"margin: 0cm 0cm 0pt; text-align: justify; tab-stops: 68.25pt;\">Tras la muerte de Bramante se le encomend\u00f3 completar, junto con Rafael, los trabajos de la Iglesia de San Pedro.<\/p>\n<p>&nbsp;<\/p>\n<p><img decoding=\"async\" loading=\"lazy\" class=\"\" src=\"https:\/\/images.ecestaticos.com\/Bq6cIbFKSLlKNQf3plWYRa8T8C0=\/0x0:2124x1411\/1200x1200\/filters:fill(white):format(jpg)\/f.elconfidencial.com%2Foriginal%2F258%2F965%2F0b5%2F2589650b5fdad5e0d42cf3cb71a619bf.jpg\" alt=\"Venecia y otros lugares que (probablemente) acabar\u00e1n bajo el agua\" width=\"615\" height=\"615\" \/><img decoding=\"async\" loading=\"lazy\" class=\"\" src=\"https:\/\/www.muyinteresante.com\/wp-content\/uploads\/sites\/5\/2024\/09\/09\/66df43988f0a0-og.jpeg\" alt=\"Qu\u00e9 ver en Venecia: un viaje por la historia de la ciudad sobre el agua\" width=\"611\" height=\"321\" \/><\/p>\n<p style=\"margin: 0cm 0cm 0pt; text-align: justify; tab-stops: 68.25pt;\">Con todo, es probable que su mayor logro fuera la soluci\u00f3n que ide\u00f3 para los grandes canales de Venecia, ya que al desviar las aguas del r\u00edo Brenta\u00a0 contribuy\u00f3 a que La Seren\u00edsima sobre viviera hasta nuestros d\u00edas.<\/p>\n<p>&nbsp;<\/p>\n<p><img decoding=\"async\" loading=\"lazy\" class=\"\" src=\"https:\/\/www.descubrirelarte.es\/wp-content\/uploads\/2020\/05\/santa-maria-de-fiore.jpg\" alt=\"Brunelleschi y la c\u00fapula que alcanzaba el cielo \u2013 Descubrir el Arte, la revista l\u00edder de arte en espa\u00f1ol\" width=\"764\" height=\"477\" \/><\/p>\n<p>&nbsp;<\/p>\n<p style=\"margin: 0cm 0cm 0pt; text-align: justify; tab-stops: 68.25pt;\">Los talentos de Brunelleschi superan los mencionados con anterioridad.\u00a0 Adem\u00e1s de haber dise\u00f1ado y dirigido la construcci\u00f3n de la maravillosa c\u00fapula de la catedral de Santa Mar\u00eda del Fiore en su ciudad, fue fabricante de relojes, orfebre y arque\u00f3logo.\u00a0 Amigo de Donatello y Massaccio, fue m\u00e1s polifac\u00e9tico que cualquier de ellos.<\/p>\n<p>&nbsp;<\/p>\n<p><img decoding=\"async\" loading=\"lazy\" class=\"\" src=\"https:\/\/www.gciencia.com\/wp-content\/uploads\/2015\/11\/homo-universalis.jpg\" alt=\"Homo Universalis - GCiencia\" width=\"634\" height=\"396\" \/><\/p>\n<p>&nbsp;<\/p>\n<p style=\"margin: 0cm 0cm 0pt; text-align: justify; tab-stops: 68.25pt;\">Cabria preguntarse si en realidad se ha exagerado la idea de hombre universal, de hombre renacentista.\u00a0 En el siglo XII ciertos estudiosos, como T\u00f3m\u00e1s de Aquino, estuvieron muy cerca de poseer un &#8220;saber universal&#8221;, ya que conoc\u00edan todo lo que pod\u00eda conocerse en la \u00e9poca.\u00a0 Todo el conocimiento all\u00ed, el conocimiento total (al que se pod\u00eda acceder) estaba resumido en poco m\u00e1s de un centenar de vol\u00famenes, lo que hac\u00eda posible saberlo casi todo.<\/p>\n<p>&nbsp;<\/p>\n<p><img decoding=\"async\" loading=\"lazy\" class=\"\" src=\"https:\/\/pbs.twimg.com\/media\/EYEpGDMWsAIA-7t.jpg:large\" alt=\"M\u00e9xico es Cultura on X: &quot;Este #D\u00edaDelMaestroYLaMaestra tambi\u00e9n te compartimos a cuatro de los grandes genios del Renacimiento: https:\/\/t.co\/PHdiBem2Xm&quot; \/ X\" width=\"648\" height=\"648\" \/><\/p>\n<p>&nbsp;<\/p>\n<p style=\"text-align: justify;\">Acaso lo que resulta realmente significativo en la idea renacentista del hombre universal sea la actitud de los individuos que la encarnaron, su conciencia de s\u00ed mismos, su optimista punto de mira sobre la soluci\u00f3n de problemas, lo que explica en buena medida la explosi\u00f3n de la imaginaci\u00f3n que caracteriza el periodo.<\/p>\n<p style=\"margin: 0cm 0cm 0pt; text-align: justify; tab-stops: 68.25pt;\">Acaso lo que resulta realmente significativo en la idea renacentista del hombre universal sea la actitud de los individuos que la encarnaron, su conciencia de s\u00ed mismos, su optimista punto de mira sobre la soluci\u00f3n de problemas, lo que explica en buena medida la explosi\u00f3n de la imaginaci\u00f3n que caracteriza el periodo.<\/p>\n<p>&nbsp;<\/p>\n<p><img decoding=\"async\" loading=\"lazy\" class=\"\" src=\"https:\/\/c.files.bbci.co.uk\/17C16\/production\/_117320379_giocondacerca.jpg\" alt=\"La Mona Lisa: el detalle aparentemente oculto que revela un nuevo significado del cuadro de Leonardo da Vinci - BBC News Mundo\" width=\"557\" height=\"588\" \/><\/p>\n<p style=\"margin: 0cm 0cm 0pt; text-align: justify; tab-stops: 68.25pt;\">Las ideas rivalizaban entre s\u00ed, \u00edntimamente ligada a la idea de universalidad estaba la cuesti\u00f3n del paragone: si la pintura era superior a la escultura y viceversa.\u00a0 El debate era enorme, en el siglo XV \u00e9ste era un asunto intelectual de enorme actualidad.\u00a0 Los escritos de Alberti, Filarete y el mismo Leonardo dejaron constancia de lo que pensaban sobre le tema.\u00a0 Leonardo pensaba que el bajorrelieve era una especie de h\u00edbrido entre la pintura y la escultura, lo que pod\u00eda hacerlo superior a ambos.<\/p>\n<p style=\"margin: 0cm 0cm 0pt; text-align: justify; tab-stops: 68.25pt;\">Tambi\u00e9n hab\u00eda debate sobre pintura y poes\u00eda.\u00a0 Durante un tiempo, se consider\u00f3 que ambas actividades eran muy similares.<\/p>\n<p>&nbsp;<\/p>\n<p><img decoding=\"async\" loading=\"lazy\" class=\"\" src=\"https:\/\/upload.wikimedia.org\/wikipedia\/commons\/3\/31\/Trattato_Della_Pittura_%2888395%29.jpg\" alt=\"Tratado de la pintura - Wikipedia, la enciclopedia libre\" width=\"531\" height=\"874\" \/><img decoding=\"async\" loading=\"lazy\" class=\"\" src=\"https:\/\/www.hilariobooks.com\/images\/catalog\/20210826-080644_65-B-negro-ach.jpg\" alt=\"El tratado de la pintura por Leonardo (...). 1827. - Hilario. Artes Letras Oficios..\" width=\"531\" height=\"398\" \/><\/p>\n<p style=\"margin: 0cm 0cm 0pt; text-align: justify; tab-stops: 68.25pt;\">Leonardo escribi\u00f3 un tratado sobre pintura y en el dec\u00eda que\u00a0 &#8220;&#8230;.la pintura era poes\u00eda muda y, por el contrario la poes\u00eda es pintura ciega&#8230; pero la pintura contin\u00faa siendo la m\u00e1s valiosa dado que sirve al sentido m\u00e1s noble&#8221;. \u00a1Lo que t\u00fa digas Leonardo!<\/p>\n<p>&nbsp;<\/p>\n<p><img decoding=\"async\" loading=\"lazy\" class=\"\" src=\"https:\/\/www.umaeditorial.uma.es\/media\/umaeditorial\/images\/edition-652.jpg\" alt=\"Grandes poetas renacentistas\" width=\"551\" height=\"859\" \/><\/p>\n<p style=\"margin: 0cm 0cm 0pt; text-align: justify; tab-stops: 68.25pt;\">Los c\u00edrculos intelectuales de la \u00e9poca ten\u00edan en m\u00e1s alta consideraci\u00f3n a los poetas que a los pintores.<\/p>\n<p>&nbsp;<\/p>\n<p style=\"margin: 0cm 0cm 0pt; text-align: justify; tab-stops: 68.25pt;\">De todos los artistas del Renacimiento que escribieron poes\u00eda el de mayor m\u00e9rito literario fue sin duda Miguel \u00c1ngel.<\/p>\n<p style=\"margin: 0cm 0cm 0pt; text-align: justify; tab-stops: 68.25pt;\">La misma idea de universalidad implicaba que el hombre universal era algo especial, diferente, un modelo del ideal.\u00a0 Por tanto, es natural que los hombres universales a los que antes me he referido estuvieran a la vanguardia del movimiento que consigui\u00f3 mejorar el estatus de los artistas en el siglo XV.<\/p>\n<p>&nbsp;<\/p>\n<p><img decoding=\"async\" loading=\"lazy\" class=\"\" src=\"https:\/\/content3.cdnprado.net\/imagenes\/Documentos\/imgsem\/13\/1326\/132673d0-1dd3-4546-8256-e971cf0d8884\/4eeb6136-9eea-5f4a-5984-a8ef09529bb6.jpg\" alt=\"El retrato del Renacimiento - Exposici\u00f3n - Museo Nacional del Prado\" width=\"381\" height=\"180\" \/><img decoding=\"async\" loading=\"lazy\" class=\"\" src=\"https:\/\/www.aparences.net\/wp-content\/uploads\/2018\/09\/autoportrait-au-quattrocento.jpg\" alt=\"El autorretrato en el Quattrocento\" width=\"364\" height=\"182\" \/><img decoding=\"async\" loading=\"lazy\" class=\"\" src=\"https:\/\/upload.wikimedia.org\/wikipedia\/commons\/f\/f6\/Raffaello_Sanzio.jpg\" alt=\"Autorretrato (Rafael) - Wikipedia, la enciclopedia libre\" width=\"737\" height=\"1005\" \/><\/p>\n<p>&nbsp;<\/p>\n<p style=\"margin: 0cm 0cm 0pt; text-align: justify; tab-stops: 68.25pt;\">Una de las formas en que se manifest\u00f3 este cambio la encontramos en la pr\u00e1ctica del autorretrato.\u00a0 Dada la autoconciencia que se hab\u00eda alcanzado hacia mediados de siglo sobre el valor del autorretrato y la imaginer\u00eda asociada a la promoci\u00f3n intelectual y social, la labor de Antonio Filarete sin parang\u00f3n.<\/p>\n<p>&nbsp;<\/p>\n<div class=\"nova-legacy-o-stack__item stage\">\n<div class=\"nova-legacy-l-flex__item nova-legacy-l-flex nova-legacy-l-flex--gutter-none nova-legacy-l-flex--direction-row@s-up nova-legacy-l-flex--align-items-center@s-up nova-legacy-l-flex--justify-content-space-between@s-up nova-legacy-l-flex--wrap-nowrap@s-up\">\n<div class=\"nova-legacy-l-flex__item nova-legacy-l-flex__item--grow figure-details-image__main-image-wrapper\"><img decoding=\"async\" loading=\"lazy\" class=\"figure-details-image__main-image\" src=\"https:\/\/www.researchgate.net\/profile\/Ainhoa-De-Miguel-Irureta\/publication\/317580224\/figure\/fig6\/AS:505093592018948@1497435104389\/Puertas-de-bronce-de-la-basilica-de-San-Pedro-Il-Filarete-1445-detalle.png\" alt=\"Puertas de bronce de la bas\u00edlica de San Pedro. Il Filarete 1445 (detalle).\u00a0\" width=\"678\" height=\"502\" \/><\/div>\n<div class=\"nova-legacy-l-flex__item\">\n<div class=\"nova-legacy-c-button__status\"><\/div>\n<\/div>\n<\/div>\n<\/div>\n<div class=\"nova-legacy-o-stack__item\">\n<h1 class=\"nova-legacy-e-text nova-legacy-e-text--size-m nova-legacy-e-text--family-display nova-legacy-e-text--spacing-none nova-legacy-e-text--color-inherit\">Puertas de bronce de la bas\u00edlica de San Pedro. Il Filarete 1445 (detalle).<\/h1>\n<\/div>\n<p>&nbsp;<\/p>\n<p style=\"margin: 0cm 0cm 0pt; text-align: justify; tab-stops: 68.25pt;\">Filarete incorpor\u00f3 no uno sino dos autorretratos suyos en la decoraci\u00f3n de las puertas de bronce de San Pedro, que realiz\u00f3 por encargo del papa\u00a0 Eugenio IV entre 1.435 y 1.445.\u00a0 El segundo testimonio que dej\u00f3 en su propia obra se aprecia en la cara interior de la puerta, en un relieve situado a nivel del suelo en el que aparecen Filarete y sus ayudantes, que ejecutan una danza, simbolizando as\u00ed lo que pensaba de que, el trabajo en equipo ten\u00eda que ser como una danza en la que todos estaban en armon\u00eda para la consecuci\u00f3n final y perfecta del trabajo a realizar.\u00a0 El trabajo en equipo es como un grupo que baila en perfecta conjunci\u00f3n para la\u00a0 buena realizaci\u00f3n del cometido final.<\/p>\n<p>&nbsp;<\/p>\n<p><img decoding=\"async\" loading=\"lazy\" class=\"\" src=\"https:\/\/upload.wikimedia.org\/wikipedia\/commons\/6\/6b\/Galileo_before_the_Holy_Office_-_Joseph-Nicolas_Robert-Fleury%2C_1847.png\" alt=\"Proceso a Galileo Galilei - Wikipedia, la enciclopedia libre\" width=\"534\" height=\"339\" \/><\/p>\n<p>&nbsp;<\/p>\n<p style=\"margin: 0cm 0cm 0pt; text-align: justify; tab-stops: 68.25pt;\">Pero Veronnoce en 1.573 compareci\u00f3 ante la Inquisici\u00f3n, la Reforma de la Iglesia cat\u00f3lica (el concilio de Trento que se reuni\u00f3n de forma intermitente de 1.544 1 1563 para decidir la pol\u00edtica de Roma) fue que las obras de arte pasaron a ser objeto de censura.\u00a0 8La ciencia tambi\u00e9n).<\/p>\n<p>&nbsp;<\/p>\n<p><img decoding=\"async\" src=\"https:\/\/bestveniceguides.it\/wp-content\/uploads\/2021\/04\/interno-sanSeba.jpg\" alt=\"Best Venice Guides - Pablo Veron\u00e9s. Las pinturas en la iglesia de San Sebastian\" \/><\/p>\n<p><strong>Veronece<\/strong> hab\u00eda pintado un inmenso y suntuoso lienzo para los cultos padres dominicos del Convento de Santi Giovanni e Paolo, en Venecia<\/p>\n<p style=\"margin: 0cm 0cm 0pt; text-align: justify; tab-stops: 68.25pt;\"><strong>Veronece<\/strong> hab\u00eda pintado un inmenso y suntuoso lienzo para los cultos padres dominicos del Convento de Santi Giovanni e Paolo, en Venecia, en donde era necesario para reemplazar una pintura de la \u00faltima cena de Tiziano que se hab\u00eda consumido en un incendio.<\/p>\n<p>&nbsp;<\/p>\n<p><img decoding=\"async\" loading=\"lazy\" class=\"\" src=\"https:\/\/upload.wikimedia.org\/wikipedia\/commons\/thumb\/2\/2d\/Rogier_van_der_Weyden_-_The_Altar_of_Our_Lady_%28Miraflores_Altar%29_-_Google_Art_Project.jpg\/1200px-Rogier_van_der_Weyden_-_The_Altar_of_Our_Lady_%28Miraflores_Altar%29_-_Google_Art_Project.jpg\" alt=\"Tr\u00edptico de Miraflores - Wikipedia, la enciclopedia libre\" width=\"738\" height=\"359\" \/><\/p>\n<p>&nbsp;<\/p>\n<p style=\"margin: 0cm 0cm 0pt; text-align: justify; tab-stops: 68.25pt;\">El trabajo de<strong> Veronece<\/strong> era en realidad un tr\u00edptico, tres arcos con Cristo en el centro al y escaleras que descienden del lienzo.\u00a0 A pesar del tema religioso, la pintura es\u00a0 muy viva y utiliza la perspectiva de forma sorprendente; representa una elaborada representaci\u00f3n veneciana, en la que los asistentes aparecen vestidos con finas prendas y rodeados de jarras de vino, abundante comida, negros con vestidos ex\u00f3ticos, perros y monos.<\/p>\n<p>&nbsp;<\/p>\n<p style=\"margin: 0cm 0cm 0pt; text-align: justify; tab-stops: 68.25pt;\">La Inquisici\u00f3n lo reprendi\u00f3 por ello.<\/p>\n<p>&nbsp;<\/p>\n<p style=\"margin: 0cm 0cm 0pt; text-align: justify; tab-stops: 68.25pt;\">Valiente servicio hizo la Iglesia, por aquella \u00e9poca a las artes y las ciencias.\u00a0 Si acaso, habr\u00e1 que reconocer la labor de conservaci\u00f3n y reproducci\u00f3n de libros que se llev\u00f3 a cabo en los conventos y monasterios.<\/p>\n<p>&nbsp;<\/p>\n<p><img decoding=\"async\" src=\"https:\/\/quijotediscipulo.wordpress.com\/wp-content\/uploads\/2013\/12\/50147-martin_luther_zum_reichstag_in_worms.jpg?w=500&amp;h=269\" alt=\"PAPAS DEL SIGLO XVI. | DON QUIJOTE, PREDICADOR Y TE\u00d3LOGO\" \/><\/p>\n<p style=\"margin: 0cm 0cm 0pt;\">Veronece present\u00f3 excusas ante el Tribunal Inquisidor y para defenderse de las preguntas lleg\u00f3 a decir:<\/p>\n<p>&nbsp;<\/p>\n<p style=\"margin: 0cm 0cm 0pt; text-align: justify; tab-stops: 68.25pt;\">&#8220;&#8230;. En efecto est\u00e1 mal, pero repito que me limito a seguir lo que mis superiores en el arte han hecho antes.<\/p>\n<p style=\"margin: 0cm 0cm 0pt; text-align: justify; tab-stops: 68.25pt;\">\u00bfQu\u00e9 han hecho ellos?<\/p>\n<p>&nbsp;<\/p>\n<p><img decoding=\"async\" loading=\"lazy\" class=\"\" src=\"https:\/\/historia-arte.com\/_\/eyJ0eXAiOiJKV1QiLCJhbGciOiJIUzI1NiJ9.eyJpbSI6WyJcL2FydHdvcmtcL2ltYWdlRmlsZVwvcGllZGFkLW1pZ3VlbC1hbmdlbC5qcGciLCJyZXNpemUsODAwIl19.FXiDxaXfKT3r80TZQ6cXu5615umFEHikZAAXlW2804I.jpg\" alt=\"La Piedad - Michelangelo Buonarroti - Historia Arte (HA!)\" width=\"711\" height=\"589\" \/><\/p>\n<p style=\"margin: 0cm 0cm 0pt; text-align: justify; tab-stops: 68.25pt;\">Miguel \u00c1ngel pint\u00f3 en Roma al Se\u00f1or, a Su Madre, a los Santos y a las Huestes Celestiales desnudos, incluso a la Virgen Mar\u00eda.&#8221;<\/p>\n<p>&nbsp;<\/p>\n<p style=\"margin: 0cm 0cm 0pt; text-align: justify; tab-stops: 68.25pt;\">Sali\u00f3 del trance con muchos apuros y su arte, como el de tantos otros entonces, que amputado al no estarle permitido utilizar su imaginaci\u00f3n.\u00a0 Algunos menos afortunados fueron torturados y finalmente quemados en las Hogueras por herejes.<\/p>\n<p>&nbsp;<\/p>\n<p><img decoding=\"async\" src=\"https:\/\/s1.abcstatics.com\/abc\/sevilla\/media\/pasionensevilla\/2016\/05\/5-auto-de-fe-en-la-parroquia-de-la-magdalena-por-lucas-valdes.jpg\" alt=\"El escudo de la Inquisici\u00f3n que conserva Los Gitanos\" \/><img decoding=\"async\" loading=\"lazy\" class=\"\" src=\"https:\/\/historia.nationalgeographic.com.es\/medio\/2019\/12\/12\/juana-de-arco_1936eba6_1280x720.jpg\" alt=\"Reportajes y fotograf\u00edas de Inquisici\u00f3n en National Geographic Historia\" width=\"648\" height=\"365\" \/><\/p>\n<p style=\"margin: 0cm 0cm 0pt; text-align: justify; tab-stops: 68.25pt;\"><strong>\u00a1Tiempos de mal recuerdo!<\/strong><\/p>\n<p>&nbsp;<\/p>\n<p>&nbsp;<\/p>\n<p>&nbsp;<\/p>\n<p style=\"margin: 0cm 0cm 0pt; text-align: justify; tab-stops: 68.25pt;\">Como aqu\u00ed estamos reflejando retazos de historia de los caminos recorridos por el saber y curiosas situaciones y hechos del pasado que, en su conjunto, nos ense\u00f1a como fueron las cosas en los \u00e1mbitos m\u00e1s diversos, os contar\u00e9 ahora otra curiosidad:<\/p>\n<p><img decoding=\"async\" loading=\"lazy\" class=\"\" src=\"https:\/\/upload.wikimedia.org\/wikipedia\/commons\/thumb\/d\/d2\/M%C3%A1ty%C3%A1s_Kir%C3%A1ly_arcm%C3%A1sa.jpg\/320px-M%C3%A1ty%C3%A1s_Kir%C3%A1ly_arcm%C3%A1sa.jpg\" alt=\"Mat\u00edas Corvino - Wikiwand\" width=\"214\" height=\"296\" \/><img decoding=\"async\" loading=\"lazy\" class=\"\" src=\"https:\/\/upload.wikimedia.org\/wikipedia\/commons\/thumb\/6\/69\/Ji%C5%99%C3%AD_of_Pod%C4%9Bbrady_and_Matthias_Corvinus_by_Mikol%C3%A1%C5%A1_Ale%C5%A1.jpg\/640px-Ji%C5%99%C3%AD_of_Pod%C4%9Bbrady_and_Matthias_Corvinus_by_Mikol%C3%A1%C5%A1_Ale%C5%A1.jpg\" alt=\"Mat\u00edas Corvino - Wikiwand\" width=\"416\" height=\"298\" \/><\/p>\n<p>&nbsp;<\/p>\n<p style=\"margin: 0cm 0cm 0pt; text-align: justify; tab-stops: 68.25pt;\">En 1.470, en Breslau, durante una fiesta p\u00fablicamente honor del matrimonio de Matias Corvino , rey de Hungr\u00eda los reci\u00e9n casados fueron agasajados por el sonido de muchas trompetas y de &#8220;toda clase de instrumentos de cuerdas&#8221;.\u00a0 Se considera que \u00e9ste es el testimonio m\u00e1s antiguo de un gran n\u00famero de instrumentos de cuerda, el ingrediente fundamental de lo que m\u00e1s tarde recibir\u00eda el nombre de orquestas.<\/p>\n<p>&nbsp;<\/p>\n<p><img decoding=\"async\" loading=\"lazy\" class=\"\" src=\"https:\/\/i.ytimg.com\/vi\/w7mVbcz8Ixg\/maxresdefault.jpg\" alt=\"Musicocracia - Visi\u00f3n global de la m\u00fasica\" width=\"611\" height=\"343\" \/><\/p>\n<p style=\"margin: 0cm 0cm 0pt; text-align: justify; tab-stops: 68.25pt;\">&#8220;.\u00a0 Se considera que \u00e9ste es el testimonio m\u00e1s antiguo de un gran n\u00famero de instrumentos de cuerda, el ingrediente fundamental de lo que m\u00e1s tarde recibir\u00eda el nombre de orquestas.<\/p>\n<p>&nbsp;<\/p>\n<p><img decoding=\"async\" loading=\"lazy\" class=\"\" src=\"https:\/\/www.muyinteresante.com\/wp-content\/uploads\/sites\/5\/2024\/04\/25\/662a5084f3cfa.png\" alt=\"Vicenzo Galilei: esta fue la influencia del padre, maestro y mentor sobre Galileo\" width=\"608\" height=\"409\" \/><\/p>\n<p><strong>\u00a0 \u00a0 \u00a0 \u00a0 \u00a0 \u00a0 \u00a0 \u00a0 \u00a0 \u00a0 \u00a0 \u00a0 \u00a0 \u00a0 \u00a0 \u00a0 \u00a0 \u00a0 \u00a0 \u00a0 \u00a0 \u00a0 \u00a0 \u00a0 \u00a0Vincenzo Galilei<\/strong><\/p>\n<p><strong><br \/>\n<a href=\"https:\/\/www.muyinteresante.com\/ciencia\/64603.html\">https:\/\/www.muyinteresante.com\/ciencia\/64603.html<\/a><br \/>\n<\/strong><\/p>\n<p style=\"margin: 0cm 0cm 0pt; text-align: justify; tab-stops: 68.25pt;\">Un centenar de a\u00f1os m\u00e1s tarde, aproximadamente entre\u00a0 1.580 y 1.589, algunos caballeros empezaron a reunirse de forma regular en casa del conde <strong>Giovanni dei Bardi<\/strong> en Florencia.\u00a0 Este grupo, conocido como la Camerana estaba compuesto por el c\u00e9lebre flautista <strong>Vincenzo Galilei<\/strong> (padre del astr\u00f3nomo Galileo Galilei),<strong> Jacobo Peri<\/strong> y <strong>Giulio<\/strong> <strong>Caccin<\/strong>i, tambi\u00e9n m\u00fasicos, a los que se sumaba el Poeta <strong>Octavio Rinuccini<\/strong>.<\/p>\n<p>&nbsp;<\/p>\n<p><img decoding=\"async\" src=\"https:\/\/upload.wikimedia.org\/wikipedia\/commons\/thumb\/b\/bd\/Jacopo_Peri_1.jpg\/220px-Jacopo_Peri_1.jpg\" \/><\/p>\n<p><strong> Jacobo Peri<\/strong><\/p>\n<p style=\"margin: 0cm 0cm 0pt; text-align: justify; tab-stops: 68.25pt;\">Durante el curso de sus conversaciones, principalmente dedicadas al teatro cl\u00e1sico, surgi\u00f3 la idea de que las obras cl\u00e1sicas pod\u00edan notarse &#8220;de forma declamatoria&#8221;. Fue as\u00ed como m\u00e1s adelante nacer\u00eda la opera.\u00a0 En t\u00e9rminos muy amplios, podemos afirmar que en el largo siglo que va de 1.470 a 1.590 aparecen\u00a0 los principales elementos de la m\u00fasica moderna en un proceso an\u00e1logo al que se observa en la pintura.<\/p>\n<p>&nbsp;<\/p>\n<p>&nbsp;<\/p>\n<p><iframe loading=\"lazy\" title=\"SALTARELLO de Vincenzo Galilei (S. XVI)\" width=\"500\" height=\"281\" src=\"https:\/\/www.youtube.com\/embed\/veDZBajnCR0?feature=oembed\" frameborder=\"0\" allow=\"accelerometer; autoplay; clipboard-write; encrypted-media; gyroscope; picture-in-picture; web-share\" referrerpolicy=\"strict-origin-when-cross-origin\" allowfullscreen><\/iframe><\/p>\n<p style=\"margin: 0cm 0cm 0pt; text-align: justify; tab-stops: 68.25pt;\">Los desarrollos en este campo pueden dividirse en tres grupos.\u00a0 En primer lugar, se dieron una serie de avances t\u00e9cnicos, tanto para instrumentos como para voces, que permitieron la evoluci\u00f3n de los tipos de sonido que escuchamos hoy.<\/p>\n<p>&nbsp;<\/p>\n<p style=\"margin: 0cm 0cm 0pt; text-align: justify; tab-stops: 68.25pt;\"><strong>Emilio Silvera V\u00e1zquez<\/strong><\/p>\n<div class='bookmark'>\r\n\t\t<table align='left' border='0' cellpadding='0' width='100%'>\r\n\t\t<tr><td><span class='pushbutton'><a href='http:\/\/delicious.com\/post?url=http%3A%2F%2Fwww.emiliosilveravazquez.com%2Fblog%2F2025%2F03%2F19%2Frepasando-rumores-del-saber-xv%2F&amp;title=Repasando+Rumores+del+Saber+XV' title='Delicious' target='_blank' rel='nofollow'><img src='http:\/\/www.emiliosilveravazquez.com\/blog\/wp-content\/plugins\/knxdt-bookmarks-wordpress-plugin\/images\/delicious.png'  alt='' class='book_img' border='none' style='margin:1px; padding: 0;'  \/><\/a><\/span><span class='pushbutton'><a href='http:\/\/digg.com\/submit?url=http%3A%2F%2Fwww.emiliosilveravazquez.com%2Fblog%2F2025%2F03%2F19%2Frepasando-rumores-del-saber-xv%2F&amp;title=Repasando+Rumores+del+Saber+XV' title='Digg' target='_blank' rel='nofollow'><img src='http:\/\/www.emiliosilveravazquez.com\/blog\/wp-content\/plugins\/knxdt-bookmarks-wordpress-plugin\/images\/digg.png'  alt='' class='book_img' border='none' style='margin:1px; padding: 0;'  \/><\/a><\/span><span class='pushbutton'><a href='http:\/\/www.google.com\/bookmarks\/mark?op=edit&amp;bkmk=http%3A%2F%2Fwww.emiliosilveravazquez.com%2Fblog%2F2025%2F03%2F19%2Frepasando-rumores-del-saber-xv%2F&amp;title=Repasando+Rumores+del+Saber+XV' title='Google' target='_blank' rel='nofollow'><img src='http:\/\/www.emiliosilveravazquez.com\/blog\/wp-content\/plugins\/knxdt-bookmarks-wordpress-plugin\/images\/google.png'   alt='' class='book_img' border='none' style='margin:1px; padding: 0;'  \/><\/a><\/span><span class='pushbutton'><a href='http:\/\/myweb2.search.yahoo.com\/myresults\/bookmarklet?u=http%3A%2F%2Fwww.emiliosilveravazquez.com%2Fblog%2F2025%2F03%2F19%2Frepasando-rumores-del-saber-xv%2F&amp;t=Repasando+Rumores+del+Saber+XV' title='Yahoo' target='_blank' rel='nofollow'><img src='http:\/\/www.emiliosilveravazquez.com\/blog\/wp-content\/plugins\/knxdt-bookmarks-wordpress-plugin\/images\/yahoo.png'  alt='' class='book_img' border='none' style='margin:1px; padding: 0;'  \/><\/a><\/span><span class='pushbutton'><a href='http:\/\/www.technorati.com\/faves?add=http%3A%2F%2Fwww.emiliosilveravazquez.com%2Fblog%2F2025%2F03%2F19%2Frepasando-rumores-del-saber-xv%2F' title='Technorati' target='_blank' rel='nofollow'><img src='http:\/\/www.emiliosilveravazquez.com\/blog\/wp-content\/plugins\/knxdt-bookmarks-wordpress-plugin\/images\/technorati.png'  alt='' class='book_img' border='none' style='margin:1px; padding: 0;'  \/><\/a><\/span><span class='pushbutton'><a href='http:\/\/meneame.net\/submit.php?url=http%3A%2F%2Fwww.emiliosilveravazquez.com%2Fblog%2F2025%2F03%2F19%2Frepasando-rumores-del-saber-xv%2F' title='Meneame' target='_blank' rel='nofollow'><img src='http:\/\/www.emiliosilveravazquez.com\/blog\/wp-content\/plugins\/knxdt-bookmarks-wordpress-plugin\/images\/meneame.png'  alt='' class='book_img' border='none' style='margin:1px; padding: 0;'  \/><\/a><\/span><span class='pushbutton'><a href='http:\/\/enchilame.com\/submit.php?url=http:\/\/www.emiliosilveravazquez.com\/blog\/2025\/03\/19\/repasando-rumores-del-saber-xv\/' target='_blank' rel='nofollow'><img title='Enchilame' src='http:\/\/www.emiliosilveravazquez.com\/blog\/wp-content\/plugins\/knxdt-bookmarks-wordpress-plugin\/images\/enchilame.png'  alt='' class='book_img' border='none' style='margin:1px; padding: 0;'  \/><\/a><\/span><span class='pushbutton'><a href='http:\/\/www.blinklist.com\/index.php?Action=Blink\/addblink.php&amp;Description=&amp;Url=http%3A%2F%2Fwww.emiliosilveravazquez.com%2Fblog%2F2025%2F03%2F19%2Frepasando-rumores-del-saber-xv%2F&amp;title=Repasando+Rumores+del+Saber+XV' title='BlinkList' target='_blank' rel='nofollow'><img src='http:\/\/www.emiliosilveravazquez.com\/blog\/wp-content\/plugins\/knxdt-bookmarks-wordpress-plugin\/images\/blinklist.png'  alt='' class='book_img' border='none' style='margin:1px; padding: 0;'  \/><\/a><\/span><span class='pushbutton'><a href='http:\/\/reddit.com\/submit?url=http%3A%2F%2Fwww.emiliosilveravazquez.com%2Fblog%2F2025%2F03%2F19%2Frepasando-rumores-del-saber-xv%2F&amp;title=Repasando+Rumores+del+Saber+XV' title='Reddit' target='_blank' rel='nofollow'><img src='http:\/\/www.emiliosilveravazquez.com\/blog\/wp-content\/plugins\/knxdt-bookmarks-wordpress-plugin\/images\/reddit.png'  alt='' class='book_img' border='none' style='margin:1px; padding: 0;'  \/><\/a><\/span><span class='pushbutton'><a href='http:\/\/www.tecnologiadiaria.com\/2009\/07\/abrir-com-hotmail-correo.html' target='_blank' title='hotmail'><img src='http:\/\/www.emiliosilveravazquez.com\/blog\/wp-content\/plugins\/knxdt-bookmarks-wordpress-plugin\/images\/linklove.png' alt='hotmail correo' class='book_img' border='none' style='margin:1px; padding: 0;' \/><\/a><\/span><span class='pushbutton'><a href='http:\/\/bitacoras.com\/votar\/anotacion\/externo\/mini\/www.emiliosilveravazquez.com\/blog\/2025\/03\/19\/repasando-rumores-del-saber-xv\/' title='Bitacoras.com' target='_blank' rel='nofollow'><img src='http:\/\/www.emiliosilveravazquez.com\/blog\/wp-content\/plugins\/knxdt-bookmarks-wordpress-plugin\/images\/bitacoras.png'  alt='' class='book_img' border='none' style='margin:1px; padding: 0;'  \/><\/a><\/span><span class='pushbutton'><a href='http:\/\/www.wikio.es\/vote?url=http%3A%2F%2Fwww.emiliosilveravazquez.com%2Fblog%2F2025%2F03%2F19%2Frepasando-rumores-del-saber-xv%2F' title='Wikio' target='_blank' rel='nofollow'><img src='http:\/\/www.emiliosilveravazquez.com\/blog\/wp-content\/plugins\/knxdt-bookmarks-wordpress-plugin\/images\/wikio.png'   alt='' class='book_img' border='none' style='margin:1px; padding: 0;'   \/><\/a><\/span><span class='pushbutton'><a href='http:\/\/friendfeed.com\/?url=http%3A%2F%2Fwww.emiliosilveravazquez.com%2Fblog%2F2025%2F03%2F19%2Frepasando-rumores-del-saber-xv%2F&amp;title=Repasando+Rumores+del+Saber+XV' title='Friend Feed' target='_blank' rel='nofollow'><img src='http:\/\/www.emiliosilveravazquez.com\/blog\/wp-content\/plugins\/knxdt-bookmarks-wordpress-plugin\/images\/friendfeed.png'  alt='' class='book_img' border='none' style='margin:1px; padding: 0;'  \/><\/a><\/span><span class='pushbutton'><a href='http:\/\/www.facebook.com\/share.php?u=http%3A%2F%2Fwww.emiliosilveravazquez.com%2Fblog%2F2025%2F03%2F19%2Frepasando-rumores-del-saber-xv%2F&amp;t=Repasando+Rumores+del+Saber+XV' title='Facebook' target='_blank' rel='nofollow'><img src='http:\/\/www.emiliosilveravazquez.com\/blog\/wp-content\/plugins\/knxdt-bookmarks-wordpress-plugin\/images\/facebook.png'  alt='' class='book_img' border='none' style='margin:1px; padding: 0;'  \/><\/a><\/span><span class='pushbutton'><a href='http:\/\/twitter.com\/home?status=Repasando+Rumores+del+Saber+XV: http%3A%2F%2Fwww.emiliosilveravazquez.com%2Fblog%2F2025%2F03%2F19%2Frepasando-rumores-del-saber-xv%2F' title='Twitter' target='_blank' rel='nofollow'><img src='http:\/\/www.emiliosilveravazquez.com\/blog\/wp-content\/plugins\/knxdt-bookmarks-wordpress-plugin\/images\/twitter.png'  alt='' class='book_img' border='none' style='margin:1px; padding: 0;'  \/><\/a><\/span><span class='pushbutton'><a href='http:\/\/www.feedburner.com\/fb\/a\/emailFlare?itemTitle=Repasando+Rumores+del+Saber+XV&amp;uri=http%3A%2F%2Fwww.emiliosilveravazquez.com%2Fblog%2F2025%2F03%2F19%2Frepasando-rumores-del-saber-xv%2F' title='Enviar por Email' target='_blank' rel='nofollow'><img src='http:\/\/www.emiliosilveravazquez.com\/blog\/wp-content\/plugins\/knxdt-bookmarks-wordpress-plugin\/images\/email.png'  alt='' class='book_img' border='none' style='margin:1px; padding: 0;'  \/><\/a><\/span><span style='font-weight:bold; padding-left: 5px;'><a href='http:\/\/wordpress.org\/extend\/plugins\/knxdt-bookmarks-wordpress-plugin\/' title='Plugin' rel='nofollow' target='_blank'>[?]<\/a><\/span><\/td><\/tr><\/table><br\/><br\/><\/div>","protected":false},"excerpt":{"rendered":"<p>Final de Rumores del saber del Mundo XIV. &nbsp; &nbsp; Peter Burke, en su libreo Ideas,\u00a0 ha destacado a quince hombres universales del Renacimiento, en tanto que evidenciaron su talento, m\u00e1s all\u00e1 del mero diletantismo, en tres o m\u00e1s campos): &nbsp; Filippo Brunelleschi (1377-1446), arquitecto, ingeniero, escultor, pintor. &nbsp; Antonio Filarete (1400-1465), arquitecto, escultor escritor. [&hellip;]<\/p>\n","protected":false},"author":2,"featured_media":0,"comment_status":"open","ping_status":"open","sticky":false,"template":"","format":"standard","meta":{"_s2mail":"yes","footnotes":""},"categories":[11],"tags":[],"_links":{"self":[{"href":"http:\/\/www.emiliosilveravazquez.com\/blog\/wp-json\/wp\/v2\/posts\/793"}],"collection":[{"href":"http:\/\/www.emiliosilveravazquez.com\/blog\/wp-json\/wp\/v2\/posts"}],"about":[{"href":"http:\/\/www.emiliosilveravazquez.com\/blog\/wp-json\/wp\/v2\/types\/post"}],"author":[{"embeddable":true,"href":"http:\/\/www.emiliosilveravazquez.com\/blog\/wp-json\/wp\/v2\/users\/2"}],"replies":[{"embeddable":true,"href":"http:\/\/www.emiliosilveravazquez.com\/blog\/wp-json\/wp\/v2\/comments?post=793"}],"version-history":[{"count":0,"href":"http:\/\/www.emiliosilveravazquez.com\/blog\/wp-json\/wp\/v2\/posts\/793\/revisions"}],"wp:attachment":[{"href":"http:\/\/www.emiliosilveravazquez.com\/blog\/wp-json\/wp\/v2\/media?parent=793"}],"wp:term":[{"taxonomy":"category","embeddable":true,"href":"http:\/\/www.emiliosilveravazquez.com\/blog\/wp-json\/wp\/v2\/categories?post=793"},{"taxonomy":"post_tag","embeddable":true,"href":"http:\/\/www.emiliosilveravazquez.com\/blog\/wp-json\/wp\/v2\/tags?post=793"}],"curies":[{"name":"wp","href":"https:\/\/api.w.org\/{rel}","templated":true}]}}