{"id":7855,"date":"2012-12-17T07:19:38","date_gmt":"2012-12-17T06:19:38","guid":{"rendered":"http:\/\/www.emiliosilveravazquez.com\/blog\/?p=7855"},"modified":"2012-12-17T07:19:38","modified_gmt":"2012-12-17T06:19:38","slug":"%c2%bfla-fisica-%c2%a1son-tantas-cosas-2","status":"publish","type":"post","link":"http:\/\/www.emiliosilveravazquez.com\/blog\/2012\/12\/17\/%c2%bfla-fisica-%c2%a1son-tantas-cosas-2\/","title":{"rendered":"\u00bfLa F\u00edsica? \u00a1Son tantas cosas!"},"content":{"rendered":"<p style=\"text-align: justify;\">Es cierto lo que dec\u00eda el profesor venezolano Alberto R. Mej\u00edas: &#8220;A pesar de carecer actualmente de formulaci\u00f3n din\u00e1mica, es posible obtener gran cantidad de informaci\u00f3n sobre Teor\u00eda M, teor\u00eda que se postula como unificadora de todas las interacciones, a partir de sus sectores perturbacionales y de baja energ\u00eda. En las regiones perturbacionales adecuadas, la Teor\u00eda M adopta la apariencia de la Teor\u00eda de Cuerdas. Al considerar su l\u00edmite de baja energ\u00eda, surge la supergravedad en once dimensiones. Aqu\u00ed se indica c\u00f3mo Teor\u00eda M puede ser considerada como una deformaci\u00f3n biparam\u00e9trica de Geometr\u00eda Cl\u00e1sica, d\u00f3nde un par\u00e1metro controla la generalizaci\u00f3n de puntos a lazos y el otro par\u00e1metro controla la suma sobre topolog\u00edas de superficies RIEMANN. La formulaci\u00f3n matem\u00e1tica final de Teor\u00eda M tendr\u00e1 que considerar Teor\u00eda de Fibrados Vectoriales, Teor\u00eda K y Geometr\u00eda No Conmutativa.<\/p>\n<p style=\"text-align: justify;\">\u00a0<img decoding=\"async\" loading=\"lazy\" id=\"il_fi\" src=\"http:\/\/www.puntoyrayafestival.com\/imagenes\/riemann.gif\" alt=\"\" width=\"563\" height=\"145\" \/><\/p>\n<p style=\"text-align: justify;\">Y es cierto que, actualmente, la Teor\u00eda M nos conduce de manera directa hasta el objeto matem\u00e1tico m\u00e1s complejo y m\u00e1s rico que jam\u00e1s se ha tocado en F\u00edsica. Finalmente, nos lleva a la unificaci\u00f3n de todas las grandes teor\u00edas anteriores y consigue, de manera natural, unificar la <a href=\"#\" onclick=\"referencia('relatividad',event); return false;\">relatividad<\/a> general de <a href=\"#\" onclick=\"referencia('einstein',event); return false;\">Einstein<\/a> con la cu\u00e1ntica de Planck. Es decir, all\u00ed, en la Toer\u00eda M, se describen juntas las cuatro fuerzas de la Naturaleza. Lo curioso del caso es que, cuando se desarrollan las ecuaciones de esta compleja teor\u00eda, aparezcan las ecuaciones de <a href=\"#\" onclick=\"referencia('einstein',event); return false;\">Einstein<\/a> de la Relatividad General que, subyacen dentro de ella.<\/p>\n<p style=\"text-align: justify;\">\u00a0<img decoding=\"async\" loading=\"lazy\" id=\"il_fi\" src=\"http:\/\/www.ugr.es\/%7Efmartin\/lmr2-2.jpg\" alt=\"\" width=\"454\" height=\"214\" \/><\/p>\n<p style=\"text-align: justify;\">Lo cierto es que, si miramos hacia atr\u00e1s en el tiempo, nos encontramos con el hecho cierto de que, <a href=\"#\" onclick=\"referencia('einstein',event); return false;\">Einstein<\/a> pudo formular su bella teor\u00eda de la <a href=\"#\" onclick=\"referencia('relatividad',event); return false;\">relatividad<\/a> general gracias a una conferencia que dio Riemann y que, habiendo pedido ayuda a su amigo Marcel Grosmman, \u00e9ste le mandara una copia en la que, aparec\u00eda el Tensor M\u00e9trico de Riemann que le dio a <a href=\"#\" onclick=\"referencia('einstein',event); return false;\">Einstein<\/a> las herramientas de las que carec\u00eda.<\/p>\n<p style=\"text-align: justify;\">Aquel trabajo de Riemann, su ensayo, de profunda importancia y elegancia excepcional, \u201c<em>sobre las hip\u00f3tesis que subyacen en los fundamentos de la geometr\u00eda<\/em>\u201d derrib\u00f3 pilares de la geometr\u00eda cl\u00e1sica griega, que hab\u00edan resistido con \u00e9xito todos los asaltos de los esc\u00e9pticos durante dos milenios. La vieja geometr\u00eda de Euclides, en la cual todas las figuras geom\u00e9tricas son de dos o tres dimensiones, se ven\u00eda abajo, mientras una nueva geometr\u00eda riemanniana surg\u00eda de sus ruinas. La revoluci\u00f3n riemanniana iba a tener grandes consecuencias para el futuro de las artes y las ciencias. En menos de tres decenios, la \u201cmisteriosa cuarta dimensi\u00f3n\u201d influir\u00eda en la evoluci\u00f3n del arte, la filosof\u00eda y la literatura en toda Europa. Antes de que hubieran pasado seis decenios a partir de la conferencia de Riemann, <a href=\"http:\/\/www.emiliosilveravazquez.com\/blog\/2012\/10\/30\/el-tiempo-de-planck-y-otros\/#\"><a href=\"#\" onclick=\"referencia('einstein',event); return false;\">Einstein<\/a><\/a> utilizar\u00eda la geometr\u00eda riemanniana tetradimensional para explicar la creaci\u00f3n del universo y su evoluci\u00f3n mediante su asombrosa teor\u00eda de la <a href=\"http:\/\/www.emiliosilveravazquez.com\/blog\/2012\/10\/30\/el-tiempo-de-planck-y-otros\/#\"><a href=\"#\" onclick=\"referencia('relatividad',event); return false;\">relatividad<\/a><\/a> general. Ciento treinta a\u00f1os despu\u00e9s de su conferencia, los f\u00edsicos utilizar\u00edan la geometr\u00eda decadimensional para intentar unir todas las leyes del universo. El n\u00facleo de la obra de Riemann era la comprensi\u00f3n de las leyes f\u00edsicas mediante su simplificaci\u00f3n al contemplarlas en espacios de m\u00e1s dimensiones.<\/p>\n<p style=\"text-align: justify;\">\u00a0<img decoding=\"async\" loading=\"lazy\" id=\"il_fi\" src=\"http:\/\/upload.wikimedia.org\/wikipedia\/commons\/e\/e2\/Riemann_surface_arcsin.jpg\" alt=\"\" width=\"496\" height=\"503\" \/><\/p>\n<p style=\"text-align: justify;\">De todo aquello y buscando nuevos caminos para poder responder a preguntas planteadas que nadie hab\u00eda sabido contestar, surgieron teor\u00edas que, como la de <a href=\"#\" onclick=\"referencia('kaluza klein',event); return false;\">Kaluza-Klein<\/a>, nos trajeron hasta la <a href=\"#\" onclick=\"referencia('supersimetria',event); return false;\">supersimetr\u00eda<\/a>, supergravedad y a todas lasversiones de la teor\u00eda de cuerdas que Witten ha unificado en la Teor\u00eda M. Pensar en las complejas matem\u00e1ticas topol\u00f3gicas requeridas por la <a href=\"#\" onclick=\"referencia('supercuerdas teoria',event); return false;\">teor\u00eda de supercuerdas<\/a> puede producir incomodidad en muchas personas que, a\u00fan siendo f\u00edsicos, no est\u00e1n tan capacitados para entender tan profundas ideas.<\/p>\n<p style=\"text-align: justify;\">Bernhard Riemann introdujo muchas nuevas ideas y fue uno de los m\u00e1s grandes matem\u00e1ticos. En su corta vida (1.826 &#8211; 1.866) propuso innumerables propuestas matem\u00e1ticas que cambiaron profundamente el curso del pensamiento de los n\u00fameros en el planeta Tierra, como el que subyace en la teor\u00eda relativista en su versi\u00f3n general de la gravedad, entre otras muchas (superficie de Riemann, etc.). Riemann les ense\u00f1\u00f3 a todos a considerar las cosas de un modo diferente.<\/p>\n<p>&nbsp;<\/p>\n<ul>\n<li>Numerosos ejemplos de superficies de Riemann no compactas se obtienen por el procedimiento de <a title=\"Extensi\u00f3n anal\u00edtica\" href=\"http:\/\/es.wikipedia.org\/wiki\/Extensi%C3%B3n_anal%C3%ADtica\">extensi\u00f3n anal\u00edtica<\/a>.<\/li>\n<\/ul>\n<p>&nbsp;<\/p>\n<ul>\n<li>\n<div>\n<div>\n<div><a href=\"http:\/\/commons.wikimedia.org\/wiki\/File:Riemann_surface_arcsin.jpg\"><img decoding=\"async\" loading=\"lazy\" src=\"http:\/\/upload.wikimedia.org\/wikipedia\/commons\/thumb\/e\/e2\/Riemann_surface_arcsin.jpg\/118px-Riemann_surface_arcsin.jpg\" alt=\"\" width=\"118\" height=\"120\" \/><\/a><\/div>\n<\/div>\n<div>\n<p><img decoding=\"async\" src=\"http:\/\/upload.wikimedia.org\/math\/1\/e\/9\/1e9308239cfdceef28a463727344b61d.png\" alt=\"f(z)=\\arcsin z,\\!\" \/><\/p>\n<\/div>\n<\/div>\n<\/li>\n<li>\n<div>\n<div>\n<div><a href=\"http:\/\/commons.wikimedia.org\/wiki\/File:Riemann_surface_log.jpg\"><img decoding=\"async\" loading=\"lazy\" src=\"http:\/\/upload.wikimedia.org\/wikipedia\/commons\/thumb\/4\/41\/Riemann_surface_log.jpg\/102px-Riemann_surface_log.jpg\" alt=\"\" width=\"102\" height=\"120\" \/><\/a><\/div>\n<\/div>\n<div>\n<p><img decoding=\"async\" src=\"http:\/\/upload.wikimedia.org\/math\/d\/c\/e\/dcebbcf9cfa1dfc5c21b8b42df822568.png\" alt=\"f(z)=\\log z,\\!\" \/><\/p>\n<\/div>\n<\/div>\n<\/li>\n<li>\n<div>\n<div>\n<div><a href=\"http:\/\/commons.wikimedia.org\/wiki\/File:Riemann_surface_cube_root.jpg\"><img decoding=\"async\" loading=\"lazy\" src=\"http:\/\/upload.wikimedia.org\/wikipedia\/commons\/thumb\/8\/85\/Riemann_surface_cube_root.jpg\/118px-Riemann_surface_cube_root.jpg\" alt=\"\" width=\"118\" height=\"120\" \/><\/a><\/div>\n<\/div>\n<div>\n<p><img decoding=\"async\" src=\"http:\/\/upload.wikimedia.org\/math\/8\/8\/4\/884d5b0c727b702427c9146d180d6429.png\" alt=\"f(z)=z^{\\frac{1}{3}}\" \/><\/p>\n<\/div>\n<\/div>\n<\/li>\n<li>\n<div>\n<div>\n<div><a href=\"http:\/\/commons.wikimedia.org\/wiki\/File:Riemann_surface_4th_root.jpg\"><img decoding=\"async\" loading=\"lazy\" src=\"http:\/\/upload.wikimedia.org\/wikipedia\/commons\/thumb\/6\/62\/Riemann_surface_4th_root.jpg\/119px-Riemann_surface_4th_root.jpg\" alt=\"\" width=\"119\" height=\"120\" \/><\/a><\/div>\n<\/div>\n<div>\n<p><img decoding=\"async\" src=\"http:\/\/upload.wikimedia.org\/math\/b\/b\/d\/bbd9612084dbd4d389728b5284328bab.png\" alt=\"f(z)=z^{\\frac{1}{4}}\" \/><\/p>\n<\/div>\n<\/div>\n<\/li>\n<\/ul>\n<p style=\"text-align: justify;\">La superficie de Riemann asociada a la funci\u00f3n holomorfa &#8220;tiene su propia opini\u00f3n&#8221; y decide por s\u00ed misma cu\u00e1l deber\u00eda ser el, o mejor, su dominio, con independencia de la regi\u00f3n del plano complejo que nosotros podamos haberle asignado inicialmente.<\/p>\n<p style=\"text-align: justify;\">Podr\u00edamos encontrar otros muchos tipos de superficies de Riemann.<\/p>\n<p style=\"text-align: justify;\">Este bello concepto desempe\u00f1a un papel importante en algunos de los intentos modernos de encontrar una nueva base para la f\u00edsica matem\u00e1tica (muy especialmente en la teor\u00eda de cuerdas), y al final, seguramente descubrir\u00e1 el mensaje que encierra.<\/p>\n<p style=\"text-align: justify;\">El caso de las superficies de Riemann es fascinante, aunque desgraciadamente s\u00f3lo es para iniciados. Proporcionaron los primeros ejemplos de la noci\u00f3n general de variedad, que es un espacio que puede pensarse &#8220;curvado&#8221; de diversas maneras, pero que localmente (por ejemplo, en un entorno peque\u00f1o de cualquiera de sus puntos), parece un fragmento de espacio eucl\u00eddeo ordinario.<\/p>\n<p style=\"text-align: justify;\">\u00a0<img decoding=\"async\" loading=\"lazy\" id=\"il_fi\" src=\"http:\/\/2.bp.blogspot.com\/-waWNmpIzYP8\/Tl9ruUuOlPI\/AAAAAAAAAHo\/hrltfYpYcSg\/s1600\/Riemann.jpg\" alt=\"\" width=\"619\" height=\"495\" \/><\/p>\n<p>La esfera de Riemann juega un papel fundamental en cualquier sistema cu\u00e1ntico de dos estados, describiendo el conjunto de estados cu\u00e1nticos posibles. Para una part\u00edcula de <a href=\"#\" onclick=\"referencia('espin',event); return false;\">esp\u00edn<\/a> 1\/2, su papel geom\u00e9trico es particularmente evidente puesto que los puntos de la esfera corresponden a las posibles direcciones espaciales para el eje de giro. En otras situaciones el papel de la esfera de posibilidades de Riemann est\u00e1 bastante m\u00e1s oculto, con una relaci\u00f3n mucho menos clara con la geometr\u00eda espacial.<\/p>\n<p style=\"text-align: justify;\">Si estudiamos de manera profunda lo que Riemann nos leg\u00f3, tendremos que convenir en el hecho irrefutable de que fue, junto con otros grandes matem\u00e1ticos, uno de los que posibilitaron que la humanidad siguiera avanzando en el conmocimiento de la Naturaleza. La esfera de Riemann, superficie de Riemann compacta, el teorema de la aplicaci\u00f3n de Riemann, las superficies de Riemann y aplicaciones complejas&#8230; Todo de una enorme importancia para las matem\u00e1ticas en general y la geometr\u00eda en particular&#8230; y, para la f\u00edsica tambi\u00e9n.<\/p>\n<p><img decoding=\"async\" loading=\"lazy\" title=\"ernst-mach\" src=\"http:\/\/www.pisitoenmadrid.com\/blog\/wp-content\/uploads\/2009\/11\/ernst-mach.jpg\" alt=\"\" width=\"480\" height=\"406\" \/><\/p>\n<p style=\"text-align: justify;\">\u00a0\u00a0\u00a0\u00a0\u00a0\u00a0\u00a0\u00a0\u00a0\u00a0\u00a0\u00a0\u00a0\u00a0\u00a0\u00a0\u00a0\u00a0\u00a0\u00a0\u00a0\u00a0\u00a0\u00a0\u00a0\u00a0\u00a0\u00a0\u00a0\u00a0\u00a0\u00a0\u00a0\u00a0 \u00a0 \u00a0 \u00a0 \u00a0 \u00a0 \u00a0 \u00a0 \u00a0 \u00a0 \u00a0 \u00a0 \u00a0\u00a0 Ernst Mach<\/p>\n<p style=\"text-align: justify;\"><a href=\"#\" onclick=\"referencia('einstein',event); return false;\">Einstein<\/a> supo captar algunas buenas ideas sueltas que aun\u00f3 en un s\u00f3lo conjunto para convertirlas en teor\u00eda unificada de todas ellas que sueltas no dec\u00edan tanto como juntas y bien colocadas. As\u00ed, hizo suyos los conceptos de Mach, Lorentz, Maxwell e incluso Galileo y finalmente Riemann -entre otros- para dejar sentadas las bases de c\u00f3mo era la Naturaleza mediante las dos versiones de la teor\u00eda relativista, la especial y la general.<\/p>\n<p style=\"text-align: justify;\"><em>&#8220;La <a title=\"Inercia\" href=\"http:\/\/es.wikipedia.org\/wiki\/Inercia\">inercia<\/a> de cualquier sistema es el resultado de su interacci\u00f3n con el resto del <a title=\"Universo\" href=\"http:\/\/es.wikipedia.org\/wiki\/Universo\">Universo<\/a>. En otras palabras, cada part\u00edcula del universo ejerce una influencia sobre todas las dem\u00e1s part\u00edculas.&#8221;<\/em><\/p>\n<p style=\"text-align: justify;\">Este concepto le hizo pensar profundamente y le llev\u00f3 a todas sus ideas de la <a href=\"#\" onclick=\"referencia('relatividad',event); return false;\">relatividad<\/a> general que pudo exponer gracias a Riemann. Sin la geometr\u00eda de Riemann de los espacios curvos, sin su <a href=\"#\" onclick=\"referencia('tensor metrico',event); return false;\">tensor m\u00e9trico<\/a>&#8230;<\/p>\n<p style=\"text-align: justify;\">\u00a0<img decoding=\"async\" loading=\"lazy\" title=\"flotanocaen\" src=\"http:\/\/rincones.educarex.es\/fyq\/images\/stories\/flotanocaen.png\" alt=\"flotanocaen\" width=\"291\" height=\"194\" border=\"0\" hspace=\"5\" vspace=\"5\" \/><\/p>\n<p style=\"text-align: justify;\">En escritos anteriores consideramos dos aspectos de la <a href=\"#\" onclick=\"referencia('relatividad',event); return false;\">relatividad<\/a> general de <a href=\"#\" onclick=\"referencia('einstein',event); return false;\">Einstein<\/a>, a saber, el principio de la <a href=\"#\" onclick=\"referencia('relatividad',event); return false;\">relatividad<\/a>, que nos dice que las leyes de la f\u00edsica son ciegas a la distinci\u00f3n entre reposo y movimiento uniforme; y el principio de equivalencia, que nos dice de qu\u00e9 forma sutil deben modificarse estas ideas para englobar el campo gravitatorio.<\/p>\n<p style=\"text-align: justify;\">Ahora hay que hablar del tercer ingrediente fundamental de la teor\u00eda de <a href=\"#\" onclick=\"referencia('einstein',event); return false;\">Einstein<\/a>, que est\u00e1 relacionada con la finitud de la velocidad de la luz. Es un hecho notable que estos tres ingredientes b\u00e1sicos puedan remontarse a Galileo; en efecto, parece que fue tambi\u00e9n Galileo el primero que tuvo una expectativa clara de que la luz deber\u00eda viajar con velocidad finita, hasta el punto de que intent\u00f3 medir dicha velocidad. El m\u00e9todo que propuso (1.638), que implica la sincronizaci\u00f3n de destellos de linternas entre colinas distantes, era, como sabemos hoy, demasiado tosco. \u00c9l no ten\u00eda forma alguna de anticipar la extraordinaria velocidad de la luz.<\/p>\n<p style=\"text-align: justify;\">\u00a0<img decoding=\"async\" loading=\"lazy\" src=\"http:\/\/museovirtual.csic.es\/salas\/luz\/imagenes\/exluz.jpg\" alt=\"determinaci\u00f3n de la velocidad de la luz por Galileo\" width=\"250\" height=\"167\" \/><\/p>\n<p style=\"text-align: justify;\">Parece que tanto Galileo como <a href=\"#\" onclick=\"referencia('newton',event); return false;\">Newton<\/a> ten\u00edan poderosas sospechas respecto a un profundo papel que conecta la naturaleza de la luz con las fuerzas que mantienen la materia unida.<\/p>\n<p style=\"text-align: justify;\">Pero la comprensi\u00f3n adecuada de estas ideas tuvo que esperar hasta el siglo XX, cuando se revel\u00f3 la verdadera naturaleza de las fuerzas qu\u00edmicas y de las fuerzas que mantienen unidos los \u00e1tomos individuales. Ahora sabemos que tales fuerzas tienen un origen fundamentalmente electromagn\u00e9tico (que vincula y concierne a la implicaci\u00f3n del campo electromagn\u00e9tico con part\u00edculas cargadas) y que la teor\u00eda del electromagnetismo es tambi\u00e9n la teor\u00eda de la luz.<\/p>\n<p style=\"text-align: justify;\">Para entender los \u00e1tomos y la qu\u00edmica se necesitan otros ingredientes procedentes de la teor\u00eda cu\u00e1ntica, pero las ecuaciones b\u00e1sicas que describen el electromagnetismo y la luz fueron propuestas en 1.865 por el f\u00edsico escoc\u00e9s James Clark Maxwell, que hab\u00eda sido inspirado por los magn\u00edficos descubrimientos experimentales de Michael Faraday unos treinta a\u00f1os antes y que \u00e9l plasm\u00f3 en una maravillosa teor\u00eda que <a href=\"#\" onclick=\"referencia('einstein',event); return false;\">Einstein<\/a> tambi\u00e9n aprovech\u00f3 para la suya.<\/p>\n<p style=\"text-align: justify;\">\u00a0<img decoding=\"async\" loading=\"lazy\" id=\"il_fi\" src=\"http:\/\/1.bp.blogspot.com\/-axV04vBbNcs\/UL3b6TJ35eI\/AAAAAAAAW9M\/eXIj0TDmh5U\/s1600\/Maxwell.png\" alt=\"\" width=\"320\" height=\"240\" \/><\/p>\n<p style=\"text-align: justify;\">Esta teor\u00eda del electromagnetismo de Maxwell ten\u00eda la particularidad de que requer\u00eda que la velocidad de la luz tuviera un valor fijo y definido, que normalmente se conoce como <em>c<\/em>, y que un unidades ordinarias es aproximadamente 3 \u00d7 10<sup>8<\/sup> metros por segundo.<\/p>\n<p style=\"text-align: justify;\">Sin embargo, esto nos presenta un enigma si queremos conservar el principio de <a href=\"#\" onclick=\"referencia('relatividad',event); return false;\">relatividad<\/a>. El sentido com\u00fan nos dir\u00eda que si se mide que la velocidad de la luz toma el valor concreto <em>c<\/em> en el sistema de referencia del observador, entonces un segundo observador que se mueva a una velocidad muy alta con respecto al primero medir\u00e1 que la luz viaja a una velocidad diferente, aumentada o disminuida, seg\u00fan sea el movimiento del segundo observador.<\/p>\n<p style=\"text-align: justify;\">Pero el principio de <a href=\"#\" onclick=\"referencia('relatividad',event); return false;\">relatividad<\/a> exigir\u00eda que las leyes f\u00edsicas del segundo observador (que definen en particular la velocidad de la luz que percibe el segundo observador) deber\u00edan ser id\u00e9nticas a las del primer observador. Esta aparente contradicci\u00f3n entre la constancia de la velocidad de la luz y el principio de <a href=\"#\" onclick=\"referencia('relatividad',event); return false;\">relatividad<\/a> condujo a <a href=\"#\" onclick=\"referencia('einstein',event); return false;\">Einstein<\/a> (como de hecho, hab\u00eda llevado previamente al f\u00edsico holand\u00e9s Hendrick Ant\u00f3n Lorentz y muy en especial al matem\u00e1tico franc\u00e9s Henri Poincar\u00e9) a un punto de vista notable por el que el principio de <a href=\"#\" onclick=\"referencia('relatividad',event); return false;\">relatividad<\/a> del movimiento puede hacerse compatible con la constancia de una velocidad finita de la luz.<\/p>\n<p style=\"text-align: justify;\"><strong>La velocidad de la luz en el\u00a0vac\u00edo\u00a0es la misma para todos los observadores inerciales, independientemente del estado de movimiento de la fuente de luz, c siempre ir\u00e1 a la velocidad de 299.792.458 metros por segundo.<\/strong><\/p>\n<p style=\"text-align: justify;\">\u00a0<a href=\"http:\/\/1.bp.blogspot.com\/_RRVCzsBa-HE\/TNGxoXLQKUI\/AAAAAAAAAdE\/TRrRwFJh-0c\/s1600\/conoluz.png\"><img decoding=\"async\" src=\"http:\/\/1.bp.blogspot.com\/_RRVCzsBa-HE\/TNGxoXLQKUI\/AAAAAAAAAdE\/TRrRwFJh-0c\/s1600\/conoluz.png\" alt=\"\" border=\"0\" \/><\/a><\/p>\n<p style=\"text-align: justify;\">En el caso de un espacio tiempo bidimensional (x,t) representamos el cono de luz como dos l\u00edneas cruzadas, una de pendiente 1 y otra de pendiente -1.(Estamos normalizando la velocidad de la luz al valor c=1).<\/p>\n<p style=\"text-align: justify;\">\u00bfC\u00f3mo funciona esto? Ser\u00eda normal que cualquier persona creyera en la existencia de un conflicto irresoluble entre los requisitos de una teor\u00eda como la de Maxwell, en la que existe una velocidad absoluta de la luz, y un principio de <a href=\"#\" onclick=\"referencia('relatividad',event); return false;\">relatividad<\/a> seg\u00fan el cual las leyes f\u00edsicas parecen las mismas con independencia de la velocidad del sistema de referencia utilizado para su descripci\u00f3n.<\/p>\n<p style=\"text-align: justify;\">\u00bfNo podr\u00eda hacerse que el sistema de referencia se moviera con una velocidad que se acercara o incluso superara a la de la luz? Y seg\u00fan este sistema, \u00bfno es cierto que la velocidad aparente de la luz no podr\u00eda seguir siendo la misma que era antes? Esta indudable paradoja no aparece en una teor\u00eda, tal como la originalmente preferida por <a href=\"#\" onclick=\"referencia('newton',event); return false;\">Newton<\/a> (y parece que tambi\u00e9n por Galileo), en la que la luz se comporta como part\u00edculas cuya velocidad depende de la velocidad de la fuente. En consecuencia, Galileo y <a href=\"#\" onclick=\"referencia('newton',event); return false;\">Newton<\/a> pod\u00edan seguir viviendo c\u00f3modamente con un principio de <a href=\"#\" onclick=\"referencia('relatividad',event); return false;\">relatividad<\/a>.<\/p>\n<p style=\"text-align: justify;\">\u00a0<img decoding=\"async\" loading=\"lazy\" id=\"il_fi\" src=\"http:\/\/www.cienciakanija.com\/wp-content\/uploads\/090402_orion_doublestarB_02.jpg\" alt=\"\" width=\"650\" height=\"310\" \/><\/p>\n<p style=\"text-align: justify;\">Pero semejante imagen de la naturaleza de la luz hab\u00eda entrado en conflicto con la observaci\u00f3n a lo largo de los a\u00f1os, como era el caso de observaciones de estrellas dobles lejanas que mostraban que la velocidad de la luz era independiente de la de su fuente. Por el contrario, la teor\u00eda de Maxwell hab\u00eda ganado fuerza, no s\u00f3lo por el poderoso apoyo que obtuvo de la observaci\u00f3n (muy especialmente en los experimentos de Heinrich Hertz en 1.888), sino tambi\u00e9n por la naturaleza convincente y unificadora de la propia teor\u00eda, por la que las leyes que gobiernan los campos el\u00e9ctricos, los campos magn\u00e9ticos y la luz est\u00e1n todos subsumidos en un esquema matem\u00e1tico de notable elegancia y simplicidad.<\/p>\n<p style=\"text-align: justify;\">En la teor\u00eda de Maxwell, la luz toma forma de ondas, no de part\u00edculas, y debemos enfrentarnos al hecho de que en esta teor\u00eda hay realmente una velocidad fija a la que deben viajar las ondas luminosas.<\/p>\n<p style=\"text-align: justify;\">El punto de vista geom\u00e9trico-espaciotemporal nos proporciona una ruta particularmente clara hacia la soluci\u00f3n de la paradoja que presenta el conflicto entre la teor\u00eda de Maxwell y el principio de <a href=\"#\" onclick=\"referencia('relatividad',event); return false;\">relatividad<\/a>.<\/p>\n<p style=\"text-align: justify;\">Este punto de vista espaciotemporal no fue el que <a href=\"#\" onclick=\"referencia('einstein',event); return false;\">Einstein<\/a> adopt\u00f3 originalmente (ni fue el punto de vista de Lorentz, ni siquiera, al parecer, de Poincar\u00e9), pero, mirando en retrospectiva, podemos ver la potencia de este enfoque. Por el momento, ignoremos la gravedad y las sutilezas y complicaciones asociadas que proporciona el principio de equivalencia y otras complejas cuestiones, que estimo aburrir\u00edan al lector no especialista, hablando de que en el espacio-tiempo se pueden concebir familias de todos los diferentes rayos de luz que pasan a ser familias de <a href=\"#\" onclick=\"referencia('linea de universo',event); return false;\">l\u00edneas de universo<\/a>, etc.<\/p>\n<p style=\"text-align: justify;\">\u00a0<img decoding=\"async\" loading=\"lazy\" id=\"il_fi\" src=\"http:\/\/www-revista.iaa.es\/sites\/www-revista.iaa.es\/files\/2_3.jpg\" alt=\"\" width=\"640\" height=\"480\" \/><\/p>\n<p style=\"text-align: justify;\">Baste saber que, como qued\u00f3 demostrado por <a href=\"#\" onclick=\"referencia('einstein',event); return false;\">Einstein<\/a>, la luz, independientemente de su fuente y de la velocidad con que \u00e9sta se pueda mover, tendr\u00e1 siempre la misma velocidad en el vac\u00edo, <em>c<\/em>, o 299.792.458 metros por segundo. Cuando la luz atraviesa un medio material, su velocidad se reduce. Precisamente, es la velocidad <em>c<\/em> el l\u00edmite alcanzable de la velocidad m\u00e1s alta del universo. Es una constante universal y, como hemos dicho, es independiente de la velocidad del observador y de la fuente emisora.<\/p>\n<p style=\"text-align: justify;\">En alguna ocasi\u00f3n (como contrapunto) he puesto el ejemplo del principio de <a href=\"#\" onclick=\"referencia('relatividad',event); return false;\">relatividad<\/a> contrario a lo que acabo de explicar: el ni\u00f1o que viaja con su padre en un tren que marcha a la velocidad de 80 Km\/h. Ambos est\u00e1n asomados por la ventanilla del tren. El ni\u00f1o, en el momento de pasar junto a la estaci\u00f3n (en la que el jefe de estaci\u00f3n parado en el and\u00e9n, observa el paso del tren), arroja una pelota por la ventanilla que sale disparada de su mano, en la misma direcci\u00f3n de la marcha del tren, a 20 Km\/h. Ahora, tanto el padre del ni\u00f1o como el jefe de estaci\u00f3n, tienen un aparato que mide la velocidad de la pelota. El resultado es dispar: el jefe de estaci\u00f3n ve que su aparato estima la velocidad de la pelota en 100 Km\/h, mientras que el padre del ni\u00f1o la sit\u00faa en 20 km\/h. La explicaci\u00f3n es sencilla. El aparato del jefe de estaci\u00f3n, parado e inm\u00f3vil al medir la velocidad de la pelota obtiene el resultado de la suma de la velocidad del tren (80 Km\/h) y de la velocidad de impulso del lanzamiento (20 Km\/h), pero el padre del ni\u00f1o, montado en el tren que marcha a 80 Km\/h, est\u00e1 en movimiento, y su aparato tambi\u00e9n, con lo cual s\u00f3lo puede medir la velocidad de lanzamiento (20 Km\/h). As\u00ed que las dos mediciones del mismo fen\u00f3meno nos ha dado un resultado muy diferente, todo vez que depende del observador y de que est\u00e9 en reposo o en movimiento.<\/p>\n<p style=\"text-align: justify;\"><img decoding=\"async\" loading=\"lazy\" src=\"http:\/\/1.bp.blogspot.com\/_by6Eug-5QIo\/S65egzYZ_jI\/AAAAAAAAAN0\/DmuxzlWhVKM\/s1600\/El%2520Tren%2520de%2520la%2520Vida.jpg\" alt=\"\" width=\"470\" height=\"325\" \/><\/p>\n<p style=\"text-align: justify;\">\u00a1Dichoso ni\u00f1o! Nos ha demostrado que, en ciertas situaciones&#8230;s\u00ed importa el movimiento<\/p>\n<p style=\"text-align: justify;\">Sin embargo, la velocidad de la luz es invariante, y si pudi\u00e9ramos suponer que el ni\u00f1o lanzaba un rayo de luz en lugar de una pelota, tanto el jefe de estaci\u00f3n como el padre del ni\u00f1o habr\u00edan medido la misma velocidad. La luz corre siempre lo mismo, independientemente de que su fuente est\u00e9 parada o en movimiento, o de que el observador que la\u00a0 mida est\u00e9 en reposo o en movimiento. Sin embargo, el fen\u00f3meno de ralentizaci\u00f3n del tiempo, cuando se viaja a velocidades relativistas, es otra historia.<\/p>\n<p style=\"text-align: justify;\">La imagen espaciotemporal fue introducida por primera vez por Hermann <a href=\"#\" onclick=\"referencia('minkowski',event); return false;\">Minkowski<\/a> (1.864 &#8211; 1.909), que era un matem\u00e1tico extraordinariamente bueno y original. Casualmente \u00e9l fue tambi\u00e9n uno de los profesores de <a href=\"#\" onclick=\"referencia('einstein',event); return false;\">Einstein<\/a> en el ETH, Instituto Federal de Tecnolog\u00eda de Zurich, a finales de la \u00faltima d\u00e9cada del siglo XIX.<\/p>\n<p style=\"text-align: justify;\">De hecho, la idea misma del espacio-tiempo es de <a href=\"#\" onclick=\"referencia('minkowski',event); return false;\">Minkowski<\/a>,\u00a0 que habiendo le\u00eddo la teor\u00eda de la <a href=\"#\" onclick=\"referencia('relatividad',event); return false;\">relatividad<\/a> especial de su antiguo alumno,\u00a0 en 1.908 escrib\u00eda:<\/p>\n<blockquote><p>&#8220;<em>En lo sucesivo, el espacio por s\u00ed solo y el tiempo por s\u00ed solo est\u00e1n condenados a desvanecerse en meras sombras, y s\u00f3lo un tipo de uni\u00f3n entre ambos conservar\u00e1 una realidad independiente<\/em>&#8220;.<\/p><\/blockquote>\n<p style=\"text-align: justify;\">Se deduce de estas palabras que <a href=\"#\" onclick=\"referencia('minkowski',event); return false;\">Minkowski<\/a>, cuando conoci\u00f3 la teor\u00eda de la <a href=\"#\" onclick=\"referencia('relatividad',event); return false;\">relatividad<\/a> de <a href=\"#\" onclick=\"referencia('einstein',event); return false;\">Einstein<\/a> sac\u00f3 sus propias consecuencias, y a pesar de las maravillosas intuiciones f\u00edsicas de su alumno y de las excelentes contribuciones de Lorentz y Poincar\u00e9, fue \u00e9l, <a href=\"#\" onclick=\"referencia('minkowski',event); return false;\">Minkowski<\/a>, el que aport\u00f3 un punto de vista fundamental y revolucionario, el <em>espacio-tiempo<\/em>, la geometr\u00eda subyacente en la teor\u00eda de la <a href=\"#\" onclick=\"referencia('relatividad',event); return false;\">relatividad<\/a> especial.<\/p>\n<p style=\"text-align: justify;\">\u00a0<img decoding=\"async\" loading=\"lazy\" src=\"http:\/\/www.eilatgordinlevitan.com\/kovno\/kovno_pix\/stories\/042707_06_s.gif\" alt=\"\" width=\"226\" height=\"250\" border=\"0\" \/><\/p>\n<p style=\"text-align: justify;\">\u00a0\u00a0\u00a0\u00a0\u00a0\u00a0\u00a0\u00a0\u00a0\u00a0 Hermann <a href=\"#\" onclick=\"referencia('minkowski',event); return false;\">Minkowski<\/a><\/p>\n<p style=\"text-align: justify;\">Sumergirse en este tema, sin que nos demos cuenta, nos puede llevar a plantearnos complejos tales como que la geometr\u00eda de <a href=\"#\" onclick=\"referencia('minkowski',event); return false;\">Minkowski<\/a> tiene grupos de simetr\u00eda tan grandes como el que tiene el espacio-tiempo G de la f\u00edsica galileana, y no s\u00f3lo est\u00e1n todos los puntos M (<a href=\"#\" onclick=\"referencia('minkowski',event); return false;\">Minkowski<\/a>) en pie de igualdad, sino que todas las velocidades posibles (direcciones de g\u00e9nero tiempo que apuntan al futuro) est\u00e1n tambi\u00e9n en pie de igualdad entre s\u00ed.<\/p>\n<p style=\"text-align: justify;\">Para evitar meterme en un callej\u00f3n sin salida (para m\u00ed), dejar\u00e9 aqu\u00ed el giro que est\u00e1 tomando el trabajo que, sin que pueda impedirlo, y como si tuviera vida propia, profundiza y se hace m\u00e1s complejo hasta sobrepasar mis limitados conocimientos. De todas las maneras, tendremos que convenir en el hecho cierto de que, en F\u00edsica, han pasado cosas que te cortan la respiraci\u00f3n, como por ejempo:<\/p>\n<blockquote><p>\u00a0<img decoding=\"async\" src=\"http:\/\/upload.wikimedia.org\/math\/0\/4\/1\/0417b5446909116f3142990205815417.png\" alt=\" \\left(\\alpha_0 mc^2 + \\sum_{j = 1}^3 \\alpha_j p_j \\, c\\right) \\psi (\\mathbf{x},t) = i\n\\hbar \\frac{\\partial\\psi}{\\partial t} (\\mathbf{x},t) \" \/><\/p>\n<p>&nbsp;<\/p><\/blockquote>\n<p style=\"text-align: justify;\">La <strong>ecuaci\u00f3n de Dirac<\/strong> de ondas <a title=\"Teor\u00eda de la relatividad\" href=\"http:\/\/es.wikipedia.org\/wiki\/Teor%C3%ADa_de_la_relatividad\">relativista<\/a> de la mec\u00e1nica cu\u00e1ntica fue formulada por <a title=\"Paul Dirac\" href=\"http:\/\/es.wikipedia.org\/wiki\/Paul_Dirac\">Paul Dirac<\/a> en <a title=\"1928\" href=\"http:\/\/es.wikipedia.org\/wiki\/1928\">1928<\/a>. Da una descripci\u00f3n de las <a title=\"Part\u00edculas elementales\" href=\"http:\/\/es.wikipedia.org\/wiki\/Part%C3%ADculas_elementales\">part\u00edculas elementales<\/a> de <a title=\"Esp\u00edn\" href=\"http:\/\/es.wikipedia.org\/wiki\/Esp%C3%ADn\"><a href=\"#\" onclick=\"referencia('espin',event); return false;\">esp\u00edn<\/a><\/a> \u00bd, como el <a title=\"Electr\u00f3n\" href=\"http:\/\/es.wikipedia.org\/wiki\/Electr%C3%B3n\">electr\u00f3n<\/a>, y es completamente consistente con los principios de la <a title=\"Mec\u00e1nica cu\u00e1ntica\" href=\"http:\/\/es.wikipedia.org\/wiki\/Mec%C3%A1nica_cu%C3%A1ntica\">mec\u00e1nica cu\u00e1ntica<\/a> y de la <a title=\"Teor\u00eda de la relatividad especial\" href=\"http:\/\/es.wikipedia.org\/wiki\/Teor%C3%ADa_de_la_relatividad_especial\">teor\u00eda de la <a href=\"#\" onclick=\"referencia('relatividad',event); return false;\">relatividad<\/a> especial<\/a>. Adem\u00e1s de dar cuenta del <a href=\"#\" onclick=\"referencia('espin',event); return false;\">esp\u00edn<\/a>, la ecuaci\u00f3n predice la existencia de <a title=\"Antipart\u00edcula\" href=\"http:\/\/es.wikipedia.org\/wiki\/Antipart%C3%ADcula\">antipart\u00edculas<\/a><\/p>\n<p style=\"text-align: justify;\">La ecuaci\u00f3n de Dirac para el <a href=\"#\" onclick=\"referencia('electron',event); return false;\">electr\u00f3n<\/a> supuso un momento crucial para la f\u00edsica en muchos aspectos. En 1.928, cuando Dirac propuso su ecuaci\u00f3n, las \u00fanicas part\u00edculas conocidas para la ciencia eran los <a href=\"#\" onclick=\"referencia('electron',event); return false;\">electrones<\/a>, los <a href=\"#\" onclick=\"referencia('proton',event); return false;\">protones<\/a> y los <a href=\"#\" onclick=\"referencia('foton',event); return false;\">fotones<\/a>. Las ecuaciones de Maxwell libres describen el <a href=\"#\" onclick=\"referencia('foton',event); return false;\">fot\u00f3n<\/a> (como fue previsto por <a href=\"#\" onclick=\"referencia('einstein',event); return false;\">Einstein<\/a> en 1.905) en un primer trabajo cuyas ideas fueron desarrolladas por <a href=\"#\" onclick=\"referencia('einstein',event); return false;\">Einstein<\/a>, Bose y otros, hasta que en 1.927 Jordan y Pauli proporcionaron un esquema matem\u00e1tico global para describir los <a href=\"#\" onclick=\"referencia('foton',event); return false;\">fotones<\/a> libres de acuerdo con la teor\u00eda de Maxwell para el campo libre cuantizado.<\/p>\n<p style=\"text-align: justify;\">Adem\u00e1s, tanto el <a href=\"#\" onclick=\"referencia('proton',event); return false;\">prot\u00f3n<\/a> como el <a href=\"#\" onclick=\"referencia('electron',event); return false;\">electr\u00f3n<\/a>, parec\u00edan estar muy bien descritos por las ecuaciones de Dirac. La interacci\u00f3n electromagn\u00e9tica, que describe la influencia de los <a href=\"#\" onclick=\"referencia('foton',event); return false;\">fotones<\/a> sobre los <a href=\"#\" onclick=\"referencia('electron',event); return false;\">electrones<\/a> y los <a href=\"#\" onclick=\"referencia('proton',event); return false;\">protones<\/a>, estaba excepcionalmente tratada mediante la receta de Dirac, a saber, mediante la idea <a href=\"#\" onclick=\"referencia('gauge',event); return false;\">gauge<\/a> (tal como fue introducida b\u00e1sicamente por Weyl en 1.918), y el propio Dirac ya hab\u00eda empezado a construir el 1.927 una formulaci\u00f3n de una teor\u00eda completa de los <a href=\"#\" onclick=\"referencia('electron',event); return false;\">electrones<\/a> (o <a href=\"#\" onclick=\"referencia('proton',event); return false;\">protones<\/a>) en interacci\u00f3n con <a href=\"#\" onclick=\"referencia('proton',event); return false;\">protones<\/a>.<\/p>\n<p style=\"text-align: justify;\">\u00a0<img decoding=\"async\" loading=\"lazy\" id=\"rg_hi\" src=\"http:\/\/t1.gstatic.com\/images?q=tbn:ANd9GcQcIAwM_fTUmal_UkgVjJOlo-DwNJ95sOUJNruj8rtp28Gm39xv\" alt=\"\" width=\"289\" height=\"174\" data-height=\"174\" data-width=\"289\" \/><\/p>\n<p style=\"text-align: justify;\">As\u00ed pues, todas las herramientas b\u00e1sicas parec\u00edan estar m\u00e1s o menos a punto para la descripci\u00f3n de todas las part\u00edculas conocidas de la naturaleza, junto con sus m\u00e1s destacadas interacciones.<\/p>\n<p style=\"text-align: justify;\">Los f\u00edsicos de la \u00e9poca no eran tan ilusos como para pensar que todo aquello les pudiera llevar pronto a una &#8220;teor\u00eda del todo&#8221;. Eran conscientes de que, ni las fuerzas necesarias para mantener unidos los n\u00facleos (las que ahora llamamos <em>nuclear fuerte<\/em>) ni los mecanismos responsables de la desintegraci\u00f3n radiactiva (ahora <em><a href=\"#\" onclick=\"referencia('fuerza nuclear debil',event); return false;\">fuerza nuclear d\u00e9bil<\/a><\/em>) podr\u00edan acomodarse sin importantes avances adicionales.<\/p>\n<p style=\"text-align: justify;\">All\u00ed algo no estaba bien, ya que si los <a href=\"#\" onclick=\"referencia('electron',event); return false;\">electrones<\/a> y los <a href=\"#\" onclick=\"referencia('proton',event); return false;\">protones<\/a> estilo Dirac, que s\u00f3lo interaccionaban electromagn\u00e9ticamente, fueran los \u00fanicos ingredientes de los \u00e1tomos, incluyendo sus n\u00facleos, entonces todos los n\u00facleos ordinarios (excepto el simple <a href=\"#\" onclick=\"referencia('proton',event); return false;\">prot\u00f3n<\/a> que constituye el n\u00facleo de hidr\u00f3geno) se desintegrar\u00edan al instante debido a la repulsi\u00f3n electrost\u00e1tica de las cargas positivas predominantes.<\/p>\n<p style=\"text-align: justify;\">\u00a1Ten\u00eda que estar actuando alguna otra cosa desconocida, algo que explicara una fuerte influencia atractiva dentro del n\u00facleo! En 1.932, Chadwick descubri\u00f3 el <a href=\"#\" onclick=\"referencia('neutron',event); return false;\">neutr\u00f3n<\/a>, y se comprendi\u00f3 por fin que el modelo <a href=\"#\" onclick=\"referencia('proton',event); return false;\">prot\u00f3n<\/a>\/<a href=\"#\" onclick=\"referencia('electron',event); return false;\">electr\u00f3n<\/a> para el n\u00facleo, que hab\u00eda sido popular hasta entonces, deb\u00eda ser reemplazado por otro en el que los <a href=\"#\" onclick=\"referencia('proton',event); return false;\">protones<\/a> y los <a href=\"#\" onclick=\"referencia('neutron',event); return false;\">neutrones<\/a> estar\u00edan presentes, y donde una fuerte interacci\u00f3n <a href=\"#\" onclick=\"referencia('proton',event); return false;\">prot\u00f3n<\/a>-<a href=\"#\" onclick=\"referencia('neutron',event); return false;\">neutr\u00f3n<\/a> mantendr\u00eda el n\u00facleo unido.<\/p>\n<p style=\"text-align: justify;\">\u00a0<img decoding=\"async\" src=\"http:\/\/4.bp.blogspot.com\/-5A7PfjgETdc\/T9QZuWbhgeI\/AAAAAAAAADI\/q7WRgDpBrkk\/s1600\/280px-CNO_Cycle.svg.png\" alt=\"\" border=\"0\" \/><\/p>\n<p style=\"text-align: justify;\">Pero esta fuerza fuerte no era lo \u00fanico que faltaba en el conocimiento de la \u00e9poca.<\/p>\n<p style=\"text-align: justify;\">La <a href=\"#\" onclick=\"referencia('radiactividad',event); return false;\">radiactividad<\/a> del uranio se conoc\u00eda desde las observaciones de Henri Becquerel en 1.896, y se presentaba como el resultado de otra interacci\u00f3n (la fuerza d\u00e9bil) diferente de la fuerte y de la electromagn\u00e9tica. Incluso un <a href=\"#\" onclick=\"referencia('neutron',event); return false;\">neutr\u00f3n<\/a>, si se deja libre, sufrir\u00eda una desintegraci\u00f3n radiactiva en un periodo de unos quince minutos.<\/p>\n<p style=\"text-align: justify;\">Uno de los misteriosos productos de la <a href=\"#\" onclick=\"referencia('radiactividad',event); return false;\">radiactividad<\/a> era el evasivo <a href=\"#\" onclick=\"referencia('neutrinos',event); return false;\">neutrino<\/a>, propuesto como hip\u00f3tesis provisional por Pauli en 1.929, aunque no fue obserado directamente hasta 1.956.<\/p>\n<p style=\"text-align: justify;\">Ahora, las cosas se conocen mejor y se dispone de una imagen m\u00e1s completa conocida como <em>modelo est\u00e1ndar de la f\u00edsica de part\u00edculas<\/em>. Este modelo parece acoger casi todo el comportamiento observado concerniente al vasto conjunto de part\u00edculas que hoy conocemos. Al <a href=\"#\" onclick=\"referencia('foton',event); return false;\">fot\u00f3n<\/a>, el <a href=\"#\" onclick=\"referencia('electron',event); return false;\">electr\u00f3n<\/a>, el <a href=\"#\" onclick=\"referencia('proton',event); return false;\">prot\u00f3n<\/a>, el positr\u00f3n y el <a href=\"#\" onclick=\"referencia('neutron',event); return false;\">neutr\u00f3n<\/a>, se han a\u00f1adido el <a href=\"#\" onclick=\"referencia('muon',event); return false;\">mu\u00f3n<\/a> y los diversos <a href=\"#\" onclick=\"referencia('neutrinos',event); return false;\">neutrinos<\/a>, los <a href=\"#\" onclick=\"referencia('pion',event); return false;\">piones<\/a> (predichos por Yukawa en 1.934), los <a href=\"#\" onclick=\"referencia('kaon',event); return false;\">kaones<\/a>, los <a href=\"#\" onclick=\"referencia('lambda',event); return false;\">lambda<\/a>s, los <a href=\"#\" onclick=\"referencia('sigma',event); return false;\">sigma<\/a>s y la celebradamente predicha por Gell-Mann, la <a href=\"#\" onclick=\"referencia('omega',event); return false;\">omega<\/a> menos.<\/p>\n<p style=\"text-align: justify;\">\u00a0<img decoding=\"async\" loading=\"lazy\" src=\"http:\/\/astroverada.com\/_\/Graphics\/Extras\/wdecay.GIF\" alt=\"\" width=\"150\" height=\"108\" align=\"BOTTOM\" hspace=\"0\" vspace=\"0\" \/><\/p>\n<p style=\"text-align: justify;\">El anti<a href=\"#\" onclick=\"referencia('proton',event); return false;\">prot\u00f3n<\/a> fue directamente observado en 1.955, y el anti<a href=\"#\" onclick=\"referencia('neutron',event); return false;\">neutr\u00f3n<\/a> en 1.956. hay nuevos tipos de entidades conocidas como los <a href=\"#\" onclick=\"referencia('quarks',event); return false;\">quarks<\/a>, <a href=\"#\" onclick=\"referencia('gluones',event); return false;\">gluones<\/a>, <a href=\"#\" onclick=\"referencia('bosones',event); return false;\">bosones<\/a> W<sup>+<\/sup>, W<sup>&#8211;<\/sup> y Z<sup>0<\/sup>; hay vastas hordas de part\u00edculas cuya existencia es tan fugaz que no han sido nunca directamente observadas, por lo que suelen llamar &#8220;resonancias&#8221;.<\/p>\n<p style=\"text-align: justify;\">El formalismo de la teor\u00eda moderna exige as\u00ed mismo entidades transitorias llamadas part\u00edculas &#8220;virtuales&#8221;, y tambi\u00e9n cantidades conocidas como &#8220;fantasmas&#8221; que est\u00e1n a\u00fan m\u00e1s lejos de poder ser observadas en directo. Existe un n\u00famero desmesurado de part\u00edculas propuestas (a\u00fan no observadas) que son predichas por ciertos modelos te\u00f3ricos, aunque no son en absoluto consecuencias del andamiaje general de la f\u00edsica de part\u00edculas aceptada: a saber, <a href=\"#\" onclick=\"referencia('bosones',event); return false;\">bosones<\/a> X, axiones, fotinos, gluinos, monopolos magn\u00e9ticos, dilatones, etc.<\/p>\n<p style=\"text-align: justify;\">Est\u00e1 tambi\u00e9n la misteriosa part\u00edcula de <a href=\"#\" onclick=\"referencia('higgs',event); return false;\">Higgs<\/a> (a\u00fan no observada) cuya existencia, de una u otra forma, es esencial para la f\u00edsica de part\u00edculas actual, donde la part\u00edcula de <a href=\"#\" onclick=\"referencia('higgs',event); return false;\">Higgs<\/a> se considera responsable de la masa de todas las part\u00edculas.<\/p>\n<p style=\"text-align: justify;\"><img decoding=\"async\" loading=\"lazy\" id=\"il_fi\" src=\"http:\/\/www.ociozero.com\/images\/20090611oc4.jpg\" alt=\"\" width=\"225\" height=\"312\" \/><\/p>\n<p style=\"text-align: justify;\">Bueno, no creo que el <a href=\"#\" onclick=\"referencia('graviton',event); return false;\">gravit\u00f3n<\/a> sea tan feo, y, adem\u00e1s, algo s\u00ed sabemos de \u00e9l, es un <a href=\"#\" onclick=\"referencia('bosones',event); return false;\">bos\u00f3n<\/a> de <a href=\"#\" onclick=\"referencia('espin',event); return false;\">esp\u00edn<\/a> par,\u00a0 ya que est\u00e1 asociado a un campo cl\u00e1sico tensorial de segundo orden. En cuanto a la masa del <a href=\"#\" onclick=\"referencia('graviton',event); return false;\">gravit\u00f3n<\/a> las mediciones experimentales dan una cota superior del orden de m<sub>g<\/sub> = 1,6 \u00d7 10<sup>\u221269<\/sup> kg, aunque podr\u00eda ser exactamente cero. Lo cierto es que est\u00e1 siendo muy esquiva \u00e9sta part\u00edcula a la hora de dejarse pillar. Se cree que es la part\u00edcula mediadora de la fuerza gravitatoria y, aunque no est\u00e1 inmersa en el Modelo est\u00e1ndar, s\u00ed est\u00e1 descrita por la teor\u00eda de <a href=\"#\" onclick=\"referencia('einstein',event); return false;\">Einstein<\/a> de la Gravedad.<\/p>\n<p style=\"text-align: justify;\">Es bien sabido que la mec\u00e1nica cu\u00e1ntica (el universo de las part\u00edculas subat\u00f3micas) y la <a href=\"#\" onclick=\"referencia('relatividad',event); return false;\">relatividad<\/a> general (el universo de los grandes objetos cosmol\u00f3gicos), de momento no han sido unidas; se rechazan mutuamente con una ferocidad asombrosa.<\/p>\n<p style=\"text-align: justify;\">Parece que la teor\u00eda de cuerdas no s\u00f3lo no rechaza estas dos teor\u00edas antag\u00f3nicas, sino que en sus m\u00e1s altas dimensiones las acoge de manera natural, y ambas se complementan para formar un todo en el que tienen cabida el universo de las part\u00edculas, de la gravedad, de las fuerzas fundamentales y de la materia.<\/p>\n<p style=\"text-align: justify;\">Es bonito pensar que un d\u00eda, pasado el tiempo,\u00a0se contar\u00e1 con ese modelo completo que, sin estridencias, d\u00e9 cabida a todo y nos lo pueda explicar todo. Un sue\u00f1o que cada d\u00eda est\u00e1 m\u00e1s cerca y, si nadie lo remedia y nuestra imaginaci\u00f3n sigue funcionando como hasta el momento lo ha venido haciendo&#8230; \u00a1Grandes cosas se ver\u00e1n!<\/p>\n<p style=\"text-align: justify;\">Si hemos sido capaces de vaticinar la existencia del positr\u00f3n (la antimateria), el <a href=\"#\" onclick=\"referencia('neutrinos',event); return false;\">neutrino<\/a> que explica la masa &#8220;perdida&#8221;, la existencia de <a href=\"#\" onclick=\"referencia('agujero negro',event); return false;\">agujeros negros<\/a>, o, llegar hasta el mismo coraz\u00f3n de la materia \u00a1los \u00e1tomos! \u00bfDe qu\u00e9 no seremos capaces?<\/p>\n<p style=\"text-align: justify;\">Pero, a todo \u00e9sto debenmos aprender con la Ciencia a&#8230;dudar de los &#8220;expoertos&#8221; (como nos recomensaba Feynman).<\/p>\n<p style=\"text-align: justify;\"><em>emilio silvera<\/em><\/p>\n<div class='bookmark'>\r\n\t\t<table align='left' border='0' cellpadding='0' width='100%'>\r\n\t\t<tr><td><span class='pushbutton'><a href='http:\/\/delicious.com\/post?url=http%3A%2F%2Fwww.emiliosilveravazquez.com%2Fblog%2F2012%2F12%2F17%2F%25c2%25bfla-fisica-%25c2%25a1son-tantas-cosas-2%2F&amp;title=%C2%BFLa+F%C3%ADsica%3F+%C2%A1Son+tantas+cosas%21' title='Delicious' target='_blank' rel='nofollow'><img src='http:\/\/www.emiliosilveravazquez.com\/blog\/wp-content\/plugins\/knxdt-bookmarks-wordpress-plugin\/images\/delicious.png'  alt='' class='book_img' border='none' style='margin:1px; padding: 0;'  \/><\/a><\/span><span class='pushbutton'><a href='http:\/\/digg.com\/submit?url=http%3A%2F%2Fwww.emiliosilveravazquez.com%2Fblog%2F2012%2F12%2F17%2F%25c2%25bfla-fisica-%25c2%25a1son-tantas-cosas-2%2F&amp;title=%C2%BFLa+F%C3%ADsica%3F+%C2%A1Son+tantas+cosas%21' title='Digg' target='_blank' rel='nofollow'><img src='http:\/\/www.emiliosilveravazquez.com\/blog\/wp-content\/plugins\/knxdt-bookmarks-wordpress-plugin\/images\/digg.png'  alt='' class='book_img' border='none' style='margin:1px; padding: 0;'  \/><\/a><\/span><span class='pushbutton'><a href='http:\/\/www.google.com\/bookmarks\/mark?op=edit&amp;bkmk=http%3A%2F%2Fwww.emiliosilveravazquez.com%2Fblog%2F2012%2F12%2F17%2F%25c2%25bfla-fisica-%25c2%25a1son-tantas-cosas-2%2F&amp;title=%C2%BFLa+F%C3%ADsica%3F+%C2%A1Son+tantas+cosas%21' title='Google' target='_blank' rel='nofollow'><img src='http:\/\/www.emiliosilveravazquez.com\/blog\/wp-content\/plugins\/knxdt-bookmarks-wordpress-plugin\/images\/google.png'   alt='' class='book_img' border='none' style='margin:1px; padding: 0;'  \/><\/a><\/span><span class='pushbutton'><a href='http:\/\/myweb2.search.yahoo.com\/myresults\/bookmarklet?u=http%3A%2F%2Fwww.emiliosilveravazquez.com%2Fblog%2F2012%2F12%2F17%2F%25c2%25bfla-fisica-%25c2%25a1son-tantas-cosas-2%2F&amp;t=%C2%BFLa+F%C3%ADsica%3F+%C2%A1Son+tantas+cosas%21' title='Yahoo' target='_blank' rel='nofollow'><img src='http:\/\/www.emiliosilveravazquez.com\/blog\/wp-content\/plugins\/knxdt-bookmarks-wordpress-plugin\/images\/yahoo.png'  alt='' class='book_img' border='none' style='margin:1px; padding: 0;'  \/><\/a><\/span><span class='pushbutton'><a href='http:\/\/www.technorati.com\/faves?add=http%3A%2F%2Fwww.emiliosilveravazquez.com%2Fblog%2F2012%2F12%2F17%2F%25c2%25bfla-fisica-%25c2%25a1son-tantas-cosas-2%2F' title='Technorati' target='_blank' rel='nofollow'><img src='http:\/\/www.emiliosilveravazquez.com\/blog\/wp-content\/plugins\/knxdt-bookmarks-wordpress-plugin\/images\/technorati.png'  alt='' class='book_img' border='none' style='margin:1px; padding: 0;'  \/><\/a><\/span><span class='pushbutton'><a href='http:\/\/meneame.net\/submit.php?url=http%3A%2F%2Fwww.emiliosilveravazquez.com%2Fblog%2F2012%2F12%2F17%2F%25c2%25bfla-fisica-%25c2%25a1son-tantas-cosas-2%2F' title='Meneame' target='_blank' rel='nofollow'><img src='http:\/\/www.emiliosilveravazquez.com\/blog\/wp-content\/plugins\/knxdt-bookmarks-wordpress-plugin\/images\/meneame.png'  alt='' class='book_img' border='none' style='margin:1px; padding: 0;'  \/><\/a><\/span><span class='pushbutton'><a href='http:\/\/enchilame.com\/submit.php?url=http:\/\/www.emiliosilveravazquez.com\/blog\/2012\/12\/17\/%c2%bfla-fisica-%c2%a1son-tantas-cosas-2\/' target='_blank' rel='nofollow'><img title='Enchilame' src='http:\/\/www.emiliosilveravazquez.com\/blog\/wp-content\/plugins\/knxdt-bookmarks-wordpress-plugin\/images\/enchilame.png'  alt='' class='book_img' border='none' style='margin:1px; padding: 0;'  \/><\/a><\/span><span class='pushbutton'><a href='http:\/\/www.blinklist.com\/index.php?Action=Blink\/addblink.php&amp;Description=&amp;Url=http%3A%2F%2Fwww.emiliosilveravazquez.com%2Fblog%2F2012%2F12%2F17%2F%25c2%25bfla-fisica-%25c2%25a1son-tantas-cosas-2%2F&amp;title=%C2%BFLa+F%C3%ADsica%3F+%C2%A1Son+tantas+cosas%21' title='BlinkList' target='_blank' rel='nofollow'><img src='http:\/\/www.emiliosilveravazquez.com\/blog\/wp-content\/plugins\/knxdt-bookmarks-wordpress-plugin\/images\/blinklist.png'  alt='' class='book_img' border='none' style='margin:1px; padding: 0;'  \/><\/a><\/span><span class='pushbutton'><a href='http:\/\/reddit.com\/submit?url=http%3A%2F%2Fwww.emiliosilveravazquez.com%2Fblog%2F2012%2F12%2F17%2F%25c2%25bfla-fisica-%25c2%25a1son-tantas-cosas-2%2F&amp;title=%C2%BFLa+F%C3%ADsica%3F+%C2%A1Son+tantas+cosas%21' title='Reddit' target='_blank' rel='nofollow'><img src='http:\/\/www.emiliosilveravazquez.com\/blog\/wp-content\/plugins\/knxdt-bookmarks-wordpress-plugin\/images\/reddit.png'  alt='' class='book_img' border='none' style='margin:1px; padding: 0;'  \/><\/a><\/span><span class='pushbutton'><a href='http:\/\/www.tecnologiadiaria.com\/2009\/07\/abrir-com-hotmail-correo.html' target='_blank' title='hotmail'><img src='http:\/\/www.emiliosilveravazquez.com\/blog\/wp-content\/plugins\/knxdt-bookmarks-wordpress-plugin\/images\/linklove.png' alt='hotmail correo' class='book_img' border='none' style='margin:1px; padding: 0;' \/><\/a><\/span><span class='pushbutton'><a href='http:\/\/bitacoras.com\/votar\/anotacion\/externo\/mini\/www.emiliosilveravazquez.com\/blog\/2012\/12\/17\/%c2%bfla-fisica-%c2%a1son-tantas-cosas-2\/' title='Bitacoras.com' target='_blank' rel='nofollow'><img src='http:\/\/www.emiliosilveravazquez.com\/blog\/wp-content\/plugins\/knxdt-bookmarks-wordpress-plugin\/images\/bitacoras.png'  alt='' class='book_img' border='none' style='margin:1px; padding: 0;'  \/><\/a><\/span><span class='pushbutton'><a href='http:\/\/www.wikio.es\/vote?url=http%3A%2F%2Fwww.emiliosilveravazquez.com%2Fblog%2F2012%2F12%2F17%2F%25c2%25bfla-fisica-%25c2%25a1son-tantas-cosas-2%2F' title='Wikio' target='_blank' rel='nofollow'><img src='http:\/\/www.emiliosilveravazquez.com\/blog\/wp-content\/plugins\/knxdt-bookmarks-wordpress-plugin\/images\/wikio.png'   alt='' class='book_img' border='none' style='margin:1px; padding: 0;'   \/><\/a><\/span><span class='pushbutton'><a href='http:\/\/friendfeed.com\/?url=http%3A%2F%2Fwww.emiliosilveravazquez.com%2Fblog%2F2012%2F12%2F17%2F%25c2%25bfla-fisica-%25c2%25a1son-tantas-cosas-2%2F&amp;title=%C2%BFLa+F%C3%ADsica%3F+%C2%A1Son+tantas+cosas%21' title='Friend Feed' target='_blank' rel='nofollow'><img src='http:\/\/www.emiliosilveravazquez.com\/blog\/wp-content\/plugins\/knxdt-bookmarks-wordpress-plugin\/images\/friendfeed.png'  alt='' class='book_img' border='none' style='margin:1px; padding: 0;'  \/><\/a><\/span><span class='pushbutton'><a href='http:\/\/www.facebook.com\/share.php?u=http%3A%2F%2Fwww.emiliosilveravazquez.com%2Fblog%2F2012%2F12%2F17%2F%25c2%25bfla-fisica-%25c2%25a1son-tantas-cosas-2%2F&amp;t=%C2%BFLa+F%C3%ADsica%3F+%C2%A1Son+tantas+cosas%21' title='Facebook' target='_blank' rel='nofollow'><img src='http:\/\/www.emiliosilveravazquez.com\/blog\/wp-content\/plugins\/knxdt-bookmarks-wordpress-plugin\/images\/facebook.png'  alt='' class='book_img' border='none' style='margin:1px; padding: 0;'  \/><\/a><\/span><span class='pushbutton'><a href='http:\/\/twitter.com\/home?status=%C2%BFLa+F%C3%ADsica%3F+%C2%A1Son+tantas+cosas%21: http%3A%2F%2Fwww.emiliosilveravazquez.com%2Fblog%2F2012%2F12%2F17%2F%25c2%25bfla-fisica-%25c2%25a1son-tantas-cosas-2%2F' title='Twitter' target='_blank' rel='nofollow'><img src='http:\/\/www.emiliosilveravazquez.com\/blog\/wp-content\/plugins\/knxdt-bookmarks-wordpress-plugin\/images\/twitter.png'  alt='' class='book_img' border='none' style='margin:1px; padding: 0;'  \/><\/a><\/span><span class='pushbutton'><a href='http:\/\/www.feedburner.com\/fb\/a\/emailFlare?itemTitle=%C2%BFLa+F%C3%ADsica%3F+%C2%A1Son+tantas+cosas%21&amp;uri=http%3A%2F%2Fwww.emiliosilveravazquez.com%2Fblog%2F2012%2F12%2F17%2F%25c2%25bfla-fisica-%25c2%25a1son-tantas-cosas-2%2F' title='Enviar por Email' target='_blank' rel='nofollow'><img src='http:\/\/www.emiliosilveravazquez.com\/blog\/wp-content\/plugins\/knxdt-bookmarks-wordpress-plugin\/images\/email.png'  alt='' class='book_img' border='none' style='margin:1px; padding: 0;'  \/><\/a><\/span><span style='font-weight:bold; padding-left: 5px;'><a href='http:\/\/wordpress.org\/extend\/plugins\/knxdt-bookmarks-wordpress-plugin\/' title='Plugin' rel='nofollow' target='_blank'>[?]<\/a><\/span><\/td><\/tr><\/table><br\/><br\/><\/div>","protected":false},"excerpt":{"rendered":"<p>Es cierto lo que dec\u00eda el profesor venezolano Alberto R. Mej\u00edas: &#8220;A pesar de carecer actualmente de formulaci\u00f3n din\u00e1mica, es posible obtener gran cantidad de informaci\u00f3n sobre Teor\u00eda M, teor\u00eda que se postula como unificadora de todas las interacciones, a partir de sus sectores perturbacionales y de baja energ\u00eda. En las regiones perturbacionales adecuadas, la [&hellip;]<\/p>\n","protected":false},"author":2,"featured_media":0,"comment_status":"open","ping_status":"open","sticky":false,"template":"","format":"standard","meta":{"_s2mail":"yes","footnotes":""},"categories":[6],"tags":[],"_links":{"self":[{"href":"http:\/\/www.emiliosilveravazquez.com\/blog\/wp-json\/wp\/v2\/posts\/7855"}],"collection":[{"href":"http:\/\/www.emiliosilveravazquez.com\/blog\/wp-json\/wp\/v2\/posts"}],"about":[{"href":"http:\/\/www.emiliosilveravazquez.com\/blog\/wp-json\/wp\/v2\/types\/post"}],"author":[{"embeddable":true,"href":"http:\/\/www.emiliosilveravazquez.com\/blog\/wp-json\/wp\/v2\/users\/2"}],"replies":[{"embeddable":true,"href":"http:\/\/www.emiliosilveravazquez.com\/blog\/wp-json\/wp\/v2\/comments?post=7855"}],"version-history":[{"count":0,"href":"http:\/\/www.emiliosilveravazquez.com\/blog\/wp-json\/wp\/v2\/posts\/7855\/revisions"}],"wp:attachment":[{"href":"http:\/\/www.emiliosilveravazquez.com\/blog\/wp-json\/wp\/v2\/media?parent=7855"}],"wp:term":[{"taxonomy":"category","embeddable":true,"href":"http:\/\/www.emiliosilveravazquez.com\/blog\/wp-json\/wp\/v2\/categories?post=7855"},{"taxonomy":"post_tag","embeddable":true,"href":"http:\/\/www.emiliosilveravazquez.com\/blog\/wp-json\/wp\/v2\/tags?post=7855"}],"curies":[{"name":"wp","href":"https:\/\/api.w.org\/{rel}","templated":true}]}}