{"id":7643,"date":"2012-11-04T06:38:48","date_gmt":"2012-11-04T05:38:48","guid":{"rendered":"http:\/\/www.emiliosilveravazquez.com\/blog\/?p=7643"},"modified":"2012-11-04T06:38:48","modified_gmt":"2012-11-04T05:38:48","slug":"recordando-el-pasado","status":"publish","type":"post","link":"http:\/\/www.emiliosilveravazquez.com\/blog\/2012\/11\/04\/recordando-el-pasado\/","title":{"rendered":"Recordando el pasado"},"content":{"rendered":"<p style=\"text-align: justify;\"><strong>La Ciencia avanza sin cesar<\/strong><\/p>\n<p style=\"text-align: justify;\"><img decoding=\"async\" loading=\"lazy\" id=\"imagenprincipal\" title=\"El tri\u00e1ngulo de verano sobre Catalu\u00f1a\" src=\"http:\/\/antwrp.gsfc.nasa.gov\/apod\/image\/1108\/stpan_casado_annotated_900.jpg\" alt=\"El tri\u00e1ngulo de verano sobre Catalu\u00f1a\" width=\"630\" height=\"420\" \/><\/p>\n<p style=\"text-align: justify;\">La madre Naturaleza,\u00a0 que si da un suspiro a destiempo, nos podr\u00eda alejar de la faz de la Tierra para siempre y, ah\u00ed se acab\u00f3 nuestro hist\u00f3rico recorrido por el este Valle de L\u00e1grimas que, aunque nos ha dado la posibilidad de conocer la Belleza, algo de Felicidad, el Amor y el placer de Descubrir para saber\u2026no nos ha entregado un Certificado de Garant\u00edas de nuestra permanencia para siempre en este bello planeta que, no siempre,\u00a0 hemos sabido tratar como se merece.<\/p>\n<p style=\"text-align: justify;\">En el siglo XX hemos podido ser testigos de m\u00faltiples y maravillosos descubrimientos cient\u00edficos que han cambiado la concepci\u00f3n que del mundo pod\u00edamos tener: La teor\u00eda de Planck del cuanto que nos llev\u00f3 directamente a la Mec\u00e1nica Cu\u00e1ntica, el Relatividad de <a href=\"#\" onclick=\"referencia('einstein',event); return false;\">Einstein<\/a> que nos lleva a un espacio-tiempo de cuatro dimensiones, nos dijo que la luz marcaba el l\u00edmite de transmitir la informaci\u00f3n y, tambi\u00e9n, que la masa y la energ\u00eda eran una misma cosa, as\u00ed como que, \u00a1el Tiempo!, era relativo y no absoluto. M\u00e1s tarde, en su ampliaci\u00f3n de la teor\u00eda en 1916, nos dijo que la presencia de grandes masas distorsionaba el espacio-tiempo.<\/p>\n<div id=\"attachment_21\"><a href=\"http:\/\/mikipediageek.files.wordpress.com\/2010\/05\/malla-espacio-tiempo1.jpeg\"><img decoding=\"async\" title=\"malla espacio-tiempo\" src=\"http:\/\/mikipediageek.files.wordpress.com\/2010\/05\/malla-espacio-tiempo1.jpeg?w=500\" alt=\"\" \/><\/a><\/div>\n<div>\u00a0 Deformaci\u00f3n de la malla espacio-tiempo<\/div>\n<p style=\"text-align: justify;\">Estos dos claros exponentes de aquella revoluci\u00f3n cient\u00edfica nos abrieron los ojos y la mente a un Universo distinto que ahora, despu\u00e9s de dichas teor\u00edas, ten\u00eda m\u00e1s sentido.<\/p>\n<p style=\"text-align: justify;\">Otro de aquellos descubrimientos explosivos, fue la teor\u00eda cosmol\u00f3gica del big bang, que surgi\u00f3 como combinaci\u00f3n de ambas, y, justo es que, se digan quienes fueron sus protagonistas que, no por sabido, estar\u00e1 dem\u00e1s dejar aqu\u00ed un peque\u00f1o homenaje.<\/p>\n<p style=\"text-align: justify;\">Cuando <a href=\"#\" onclick=\"referencia('einstein',event); return false;\">Einstein<\/a> public\u00f3 en 1916 la teor\u00eda de la <a href=\"#\" onclick=\"referencia('relatividad',event); return false;\">relatividad<\/a> general era consciente de que \u00e9sta modificar\u00eda la ley de la gravedad universal de <a href=\"#\" onclick=\"referencia('newton',event); return false;\">Newton<\/a>: la soluci\u00f3n a sus ecuaciones no s\u00f3lo sustituyo el planteamiento din\u00e1mico de fuerza de atracci\u00f3n por otro geom\u00e9trico de deformaci\u00f3n del espacio-tiempo, sino que permit\u00eda explicar el universo en su conjunto.<\/p>\n<p style=\"text-align: justify;\"><img decoding=\"async\" title=\"M\u00e1s...\" src=\"http:\/\/www.emiliosilveravazquez.com\/blog\/wp-includes\/js\/tinymce\/plugins\/wordpress\/img\/trans.gif\" alt=\"\" \/><\/p>\n<p style=\"text-align: justify;\">Fue \u00e9l el primer sorprendido al encontrar que dicha soluci\u00f3n global tra\u00eda como consecuencia un mundo cambiante, un universo que inicialmente estim\u00f3 en contracci\u00f3n. Como esto no le cab\u00eda en la cabeza introdujo un t\u00e9rmino en las ecuaciones que contrarrestara el efecto gravitatorio: una fuerza repulsiva, a la que llam\u00f3 constante cosmol\u00f3gica (\u039b) Esta constante dotaba al espacio vac\u00edo de una presi\u00f3n que manten\u00eda separados a los astros, logrando as\u00ed un mundo acorde a sus pensamientos: est\u00e1tico, finito, homog\u00e9neo e is\u00f3tropo.<\/p>\n<p id=\"gsImageView\" style=\"text-align: justify;\"><img decoding=\"async\" loading=\"lazy\" src=\"http:\/\/www.astrored.org\/astrofotos\/d\/3680-1\/ngc290_hst.jpg\" alt=\"El c\u00famulo abierto NGC 290: un joyero estelar\" longdesc=\"M\u00e1s informaci\u00f3n en http:\/\/observatorio.info\/2006\/05\/el-cumulo-abierto-ngc-290-un-joyero-estelar\" width=\"640\" height=\"480\" \/><\/p>\n<p style=\"text-align: justify;\">\u00a0\u00a0\u00a0\u00a0\u00a0\u00a0\u00a0\u00a0\u00a0\u00a0\u00a0\u00a0\u00a0\u00a0\u00a0\u00a0\u00a0\u00a0\u00a0\u00a0\u00a0\u00a0\u00a0\u00a0\u00a0\u00a0\u00a0\u00a0\u00a0\u00a0\u00a0\u00a0\u00a0\u00a0\u00a0\u00a0\u00a0\u00a0\u00a0\u00a0\u00a0\u00a0\u00a0\u00a0\u00a0\u00a0\u00a0\u00a0\u00a0\u00a0\u00a0\u00a0\u00a0\u00a0\u00a0\u00a0\u00a0\u00a0\u00a0\u00a0\u00a0\u00a0\u00a0\u00a0\u00a0\u00a0\u00a0\u00a0\u00a0\u00a0\u00a0\u00a0\u00a0\u00a0\u00a0\u00a0 El Universo se expande<\/p>\n<p style=\"text-align: justify;\">A\u00f1os m\u00e1s tarde, <a href=\"#\" onclick=\"referencia('einstein',event); return false;\">Einstein<\/a> comentar\u00eda que la introducci\u00f3n de esta constante, hab\u00eda sido el mayor error de su vida, porque (con una mejor estimaci\u00f3n de la densidad) pod\u00eda haber predicho la expansi\u00f3n del universo antes de que fuera observada experimentalmente. Claro que, su excusa era admisible, cuando el introdujo la constante cosmol\u00f3gica, nadie sab\u00eda que el universo estaba en expansi\u00f3n.<\/p>\n<p style=\"text-align: justify;\"><img decoding=\"async\" loading=\"lazy\" src=\"http:\/\/www.astroufo.com\/einstein.jpg\" alt=\"\" width=\"330\" height=\"220\" \/><\/p>\n<p style=\"text-align: justify;\">\u00a0\u00a0\u00a0\u00a0\u00a0\u00a0\u00a0\u00a0\u00a0\u00a0\u00a0\u00a0\u00a0\u00a0\u00a0\u00a0\u00a0\u00a0\u00a0\u00a0\u00a0\u00a0\u00a0\u00a0\u00a0\u00a0\u00a0\u00a0\u00a0\u00a0\u00a0 Albert <a href=\"#\" onclick=\"referencia('einstein',event); return false;\">Einstein<\/a><\/p>\n<p style=\"text-align: justify;\">Con todo y a pesar de su enorme importancia, la teor\u00eda de la <a href=\"#\" onclick=\"referencia('relatividad',event); return false;\">relatividad<\/a> no lleg\u00f3 a tener verdadera importancia hasta que, en 1919, Arthur Eddintong confirm\u00f3 la predicci\u00f3n del f\u00edsico alem\u00e1n con respecto a la curvatura de la luz, aprovech\u00f3 el eclipse solar de Sol de ese a\u00f1o. De la noche a la ma\u00f1ana, <a href=\"#\" onclick=\"referencia('einstein',event); return false;\">Einstein<\/a> se convirti\u00f3 en el f\u00edsico m\u00e1s popular del mundo al predecir con su ingenio y con su enorme intuici\u00f3n fen\u00f3menos que eran reales antes de que \u00e9stos fueran comprobados. As\u00ed, con car\u00e1cter desenfadado, expres\u00e1ndose en t\u00e9rminos sencillos y muy distintos (menos estirados) que los de sus colegas, hab\u00eda dado respuesta a preguntas que hab\u00edan sido formuladas pero, que nadie hasta entonces, hab\u00eda sabido contestar.<\/p>\n<p style=\"text-align: justify;\">Entre tanto, el astr\u00f3nomo holand\u00e9s Willem de Sitter obtuvo en 1917 una soluci\u00f3n a las ecuaciones del sabio alem\u00e1n, sugiriendo la posibilidad de que el universo fuera infinito, aparentemente est\u00e1tico y de densidad pr\u00e1cticamente nula en el que tan solo hab\u00eda energ\u00eda. Por otro lado, el matem\u00e1tico ruso Alexander Friedmann consigui\u00f3 en 1922 varias soluciones a las ecuaciones proponiendo universos que se contra\u00edan o que se expand\u00edan, seg\u00fan los valores que tomara la constante cosmol\u00f3gica. Cuando su trabajo se public\u00f3 en Alemania, <a href=\"#\" onclick=\"referencia('einstein',event); return false;\">Einstein<\/a> respondi\u00f3 con una nota en la misma revista presumiendo un error matem\u00e1tico. El error result\u00f3 finalmente inexistente, pero <a href=\"#\" onclick=\"referencia('einstein',event); return false;\">Einstein<\/a> tard\u00f3 en rectificar, por lo que la respuesta de Friedmann qued\u00f3 en un segundo plano.<\/p>\n<p style=\"text-align: justify;\">\u00a0<img decoding=\"async\" loading=\"lazy\" src=\"http:\/\/www.astroufo.com\/friedman.jpg\" alt=\"\" width=\"140\" height=\"149\" \/><\/p>\n<p style=\"text-align: justify;\">Los dos grandes retos que los Astr\u00f3nomos hab\u00edan tenido desde siempre hab\u00edan sido medir las distancias a las estrellas y averiguar su composici\u00f3n. Como sab\u00e9is, el primero de los problemas se solucion\u00f3 al utilizar las Cefeidas, estrellas de brillo variable, como est\u00e1ndares. Estas estrellas hab\u00edan sido estudiadas por la americana Henrietta Leavitt, y en 1912 hab\u00eda conseguido relacionar la magnitud absoluta (brillo intr\u00ednseco de una estrella) con el per\u00edodo de su oscilaci\u00f3n luminosa.<\/p>\n<p style=\"text-align: justify;\">Teniendo en cuenta esta Ley, Edwin <a href=\"#\" onclick=\"referencia('hubble',event); return false;\">Hubble<\/a> hab\u00eda detectado en 1925 en el Mount Wilson Observatory doce cefeidas en la \u201cNebulosa\u201d de Andr\u00f3meda que las situaban a una distancia mayor que el tama\u00f1o de nuestra Galaxia. Esto romp\u00eda todas las expectativas, ya que en ese momento se pensaba que todo el Universo estaba contenido en la V\u00eda L\u00e1ctea.<\/p>\n<p style=\"text-align: justify;\"><img decoding=\"async\" loading=\"lazy\" src=\"http:\/\/upload.wikimedia.org\/wikipedia\/commons\/thumb\/a\/a1\/Clark_dome.jpg\/250px-Clark_dome.jpg\" alt=\"Clark dome.jpg\" width=\"250\" height=\"222\" \/><\/p>\n<p style=\"text-align: justify;\">\u00a0\u00a0\u00a0\u00a0 Lowell Observatory de Flagstaff<\/p>\n<p style=\"text-align: justify;\">El segundo reto hab\u00eda llevado a los astr\u00f3nomos a estudiar el espectro de la luz que emiten las estrellas. Aunque en esa \u00e9poca la t\u00e9cnica espectrosc\u00f3pica era muy rudimentaria, comenz\u00f3 a dar sus frutos. Uno de ellos vino de la mano de Vesto Slipher, quien en la conferencia que imparti\u00f3 en el Lowell Observatory de Flagstaff (Arizona), en junio de 1925, anunci\u00f3 que el espectro de la luz que hab\u00eda recogido en la mayor parte de las galaxias estaba desplazado hacia el rojo. No se sab\u00eda a ciencia cierta lo que esto pod\u00eda significar, pero Harlow Shapley, apoyado en el Efecto Doppler, consider\u00f3 que ese corrimiento hacia el rojo era consecuencia de que las galaxias se desplazaban.<\/p>\n<p style=\"text-align: justify;\"><strong>Un Universo eterno en evoluci\u00f3n<\/strong><\/p>\n<p style=\"text-align: justify;\">Georges Lama\u00ectre irrumpi\u00f3 en ese escenario t\u00edmidamente, como un estudiante de postgrado. Hab\u00eda nacido a finales del siglo XIX en el sur de B\u00e9lgica. Era el mayor de cuatro hermanos. Su padre hab\u00eda estudiado Derecho en la Universidad de Louvain y ten\u00eda una f\u00e1brica de vidrio. Georges comenz\u00f3 la carrera de Ingeniero de Minas en Lovaina, pero sus estudios se vieron interrumpidos al estallar la Primera Guerra Mundial, en la que particip\u00f3 como artillero. Al acabar el conflicto b\u00e9lico, regreso a las Aulas, pero no para continuar sus estudios de Ingenier\u00eda, sino que, se matricul\u00f3 de en el segundo ciclo de F\u00edsica y Matem\u00e1ticas. A su t\u00e9rmino, ingres\u00f3 en el Seminario de Malinas y en 1923 recibi\u00f3 las \u00d3rdenes sagradas.<\/p>\n<p style=\"text-align: justify;\"><img decoding=\"async\" loading=\"lazy\" src=\"http:\/\/upload.wikimedia.org\/wikipedia\/commons\/thumb\/5\/52\/Lemaitre.jpg\/250px-Lemaitre.jpg\" alt=\"Lemaitre.jpg\" width=\"250\" height=\"366\" \/><\/p>\n<p style=\"text-align: justify;\">Georges Lema\u00eetre en 1933, durante una de sus exposiciones.<\/p>\n<p style=\"text-align: justify;\">Su condici\u00f3n de sacerdote no le impidi\u00f3 continuar en su carrera cient\u00edfica y pidi\u00f3 ser admitido como estudiante investigador de Astronom\u00eda en el Royal Observatory de Greenwich para el curso 1923-24. All\u00ed fue alumno de Eddintong, que le ense\u00f1\u00f3 a conjugar la Astronom\u00eda con la Teor\u00eda de la Relatividad. No dej\u00f3 de estar al d\u00eda con todos y cada uno de los adelantos y experimentos que se realizaban en aquel campo de la Astronom\u00eda Cosmol\u00f3gica.<\/p>\n<p style=\"text-align: justify;\">En 1926, el Jurado de su Doctorado le comunic\u00f3 que su tesis conten\u00edan todos y cada uno de los requisitos exigidos para su admisi\u00f3n y, resaltaban su grado de madurez matem\u00e1tica. En 1927, public\u00f3 un trabajo en el que presentaba una soluci\u00f3n a las ecuaciones de la Relatividad general y que explicaba el Universo en su Conjunto.<\/p>\n<p style=\"text-align: justify;\">Cuando escribi\u00f3 el trabajo no ten\u00eda noticias de trabajos previos de Friedmann, pues estaban escritos en ruso o alem\u00e1n, y ninguno de los modelos ni soluciones que conoc\u00eda hasta entonces le convenc\u00edan: el de <a href=\"#\" onclick=\"referencia('einstein',event); return false;\">Einstein<\/a> conten\u00eda materia, pero era est\u00e1tico; el de De Sitter ajustando la constante cosmol\u00f3gica: un universo de simetr\u00eda esf\u00e9rica era din\u00e1mico pero carec\u00eda de materia. Al considerar que la densidad de materia pod\u00eda variar en el tiempo, Lama\u00edtre propuso una soluci\u00f3n intermedia entre la de <a href=\"#\" onclick=\"referencia('einstein',event); return false;\">Einstein<\/a> y la de De Sitter ajustando la constante cosmol\u00f3gica: un universo de simetr\u00eda esf\u00e9rica, eterno y en evoluci\u00f3n. Con ese modelo no s\u00f3lo buscaba una soluci\u00f3n matem\u00e1tica correcta, sino que fuera compatible con la F\u00edsica, al dar explicaci\u00f3n a las observaciones astron\u00f3micas.<\/p>\n<p style=\"text-align: justify;\"><img decoding=\"async\" loading=\"lazy\" src=\"http:\/\/www.astroufo.com\/hubble.jpg\" alt=\"\" width=\"200\" height=\"220\" \/><\/p>\n<p style=\"text-align: justify;\">\u00a0\u00a0\u00a0\u00a0\u00a0\u00a0\u00a0\u00a0\u00a0 Edwin <a href=\"#\" onclick=\"referencia('hubble',event); return false;\">Hubble<\/a><\/p>\n<p style=\"text-align: justify;\">A\u00f1os m\u00e1s tarde, <a href=\"#\" onclick=\"referencia('hubble',event); return false;\">Hubble<\/a> hizo la misma propuesta que hoy conocemos como\u00a0 Constante de <a href=\"#\" onclick=\"referencia('hubble',event); return false;\">Hubble<\/a>. As\u00ed que, el trabajo de Lama\u00edtre pas\u00f3 muy desapercibido y ello, le oblig\u00f3 a darlo a conocer para que, al menos, se le diera el m\u00e9rito a que era acreedor por justicia. Lama\u00edtre consider\u00f3 que el universo estaba en expansi\u00f3n exponencial con un pasado infinito, donde su tama\u00f1o, era casi constante en un primer momento, para luego crecer r\u00e1pidamente.<\/p>\n<p style=\"text-align: justify;\"><img decoding=\"async\" loading=\"lazy\" id=\"il_fi\" src=\"http:\/\/bloginacabado.files.wordpress.com\/2008\/10\/solvay_conference_19271.jpg\" alt=\"\" width=\"651\" height=\"471\" \/><\/p>\n<p style=\"text-align: justify;\">La foto fue realizada en octubre de 1927 durante la celebraci\u00f3n del quinto <a href=\"http:\/\/es.wikipedia.org\/wiki\/Congreso_Solvay\">congreso Solvay<\/a>. El tema principal fue \u201cElectrones y Fotones\u201d y entre todos ellos discutieron sobre f\u00edsica cu\u00e1ntica, una nueva rama de la que ellos ser\u00edan los principales creadores. Fue una generaci\u00f3n de oro de la ciencia, posiblemente como no ha habido otra en en la historia. Para que os hag\u00e1is una idea diecisiete de los veintinueve asistentes eran o llegaron a ser ganadores de Premio Nobel.<\/p>\n<p style=\"text-align: justify;\">Los personajes:<\/p>\n<dl>\n<dd>\n<ol>\n<li><a title=\"Peter Debye\" href=\"http:\/\/es.wikipedia.org\/wiki\/Peter_Debye\">Peter Debye<\/a><\/li>\n<li><a title=\"Irving Langmuir\" href=\"http:\/\/es.wikipedia.org\/wiki\/Irving_Langmuir\">Irving Langmuir<\/a><\/li>\n<li><a title=\"Martin Knudsen (a\u00fan no redactado)\" href=\"http:\/\/en.wikipedia.org\/wiki\/Martin_Knudsen\">Martin Knudsen<\/a><\/li>\n<li><a title=\"Auguste Piccard\" href=\"http:\/\/es.wikipedia.org\/wiki\/Auguste_Piccard\">Auguste Piccard<\/a><\/li>\n<li><a title=\"Max Planck\" href=\"http:\/\/es.wikipedia.org\/wiki\/Max_Planck\">Max Planck<\/a><\/li>\n<li><a title=\"William Lawrence Bragg\" href=\"http:\/\/es.wikipedia.org\/wiki\/William_Lawrence_Bragg\">William Lawrence Bragg<\/a><\/li>\n<li><a title=\"\u00c9mile Henriot (a\u00fan no redactado)\" href=\"http:\/\/en.wikipedia.org\/wiki\/%C3%89mile_Henriot\">\u00c9mile Henriot<\/a><\/li>\n<li><a title=\"Paul Ehrenfest (a\u00fan no redactado)\" href=\"http:\/\/en.wikipedia.org\/wiki\/Paul_Ehrenfest\">Paul Ehrenfest<\/a><\/li>\n<li><a title=\"Marie Curie\" href=\"http:\/\/es.wikipedia.org\/wiki\/Marie_Curie\">Marie Curie<\/a><\/li>\n<li><a title=\"Hendrik Anthony Kramers\" href=\"http:\/\/es.wikipedia.org\/wiki\/Hendrik_Anthony_Kramers\">Hendrik Anthony Kramers<\/a><\/li>\n<li><a title=\"Edouard Herzen (a\u00fan no redactado)\" href=\"http:\/\/home.att.net\/%7Enumericana\/fame\/solvay.htm#herzen\">Edouard Herzen<\/a><\/li>\n<li><a title=\"Hendrik Antoon Lorentz\" href=\"http:\/\/es.wikipedia.org\/wiki\/Hendrik_Antoon_Lorentz\">Hendrik Antoon Lorentz<\/a><\/li>\n<li><a title=\"Th\u00e9ophile de Donder (a\u00fan no redactado)\" href=\"http:\/\/en.wikipedia.org\/wiki\/Th%C3%A9ophile_de_Donder\">Th\u00e9ophile de Donder<\/a><\/li>\n<li><a title=\"Paul Adrien Maurice Dirac\" href=\"http:\/\/es.wikipedia.org\/wiki\/Paul_Adrien_Maurice_Dirac\">Paul Adrien Maurice Dirac<\/a><\/li>\n<li><a title=\"Albert Einstein\" href=\"http:\/\/es.wikipedia.org\/wiki\/Albert_Einstein\">Albert <a href=\"#\" onclick=\"referencia('einstein',event); return false;\">Einstein<\/a><\/a><\/li>\n<li><a title=\"Erwin Schr\u00f6dinger\" href=\"http:\/\/es.wikipedia.org\/wiki\/Erwin_Schr%C3%B6dinger\">Erwin Schr\u00f6dinger<\/a><\/li>\n<li><a title=\"Arthur Holly Compton\" href=\"http:\/\/es.wikipedia.org\/wiki\/Arthur_Holly_Compton\">Arthur Holly Compton<\/a><\/li>\n<li><a title=\"Jules-\u00c9mile Verschaffelt (a\u00fan no redactado)\" href=\"http:\/\/en.wikipedia.org\/wiki\/Jules-%C3%89mile_Verschaffelt\">Jules-\u00c9mile Verschaffelt<\/a><\/li>\n<li><a title=\"Paul Langevin\" href=\"http:\/\/es.wikipedia.org\/wiki\/Paul_Langevin\">Paul Langevin<\/a><\/li>\n<li><a title=\"Louis-Victor de Broglie\" href=\"http:\/\/es.wikipedia.org\/wiki\/Louis-Victor_de_Broglie\">Louis-Victor de Broglie<\/a><\/li>\n<li><a title=\"Charles-Eug\u00e8ne Guye (a\u00fan no redactado)\" href=\"http:\/\/www.biografiasyvidas.com\/biografia\/g\/guye.htm\">Charles-Eug\u00e8ne Guye<\/a><\/li>\n<li><a title=\"Wolfgang Pauli\" href=\"http:\/\/es.wikipedia.org\/wiki\/Wolfgang_Pauli\">Wolfgang Pauli<\/a><\/li>\n<li><a title=\"Werner Heisenberg\" href=\"http:\/\/es.wikipedia.org\/wiki\/Werner_Heisenberg\">Werner Heisenberg<\/a><\/li>\n<li><a title=\"Max Born\" href=\"http:\/\/es.wikipedia.org\/wiki\/Max_Born\">Max Born<\/a><\/li>\n<li><a title=\"Charles Thomson Rees Wilson\" href=\"http:\/\/es.wikipedia.org\/wiki\/Charles_Thomson_Rees_Wilson\">Charles Thomson Rees Wilson<\/a><\/li>\n<li><a title=\"Ralph Howard Fowler (a\u00fan no redactado)\" href=\"http:\/\/en.wikipedia.org\/wiki\/Ralph_H._Fowler\">Ralph Howard Fowler<\/a><\/li>\n<li><a title=\"L\u00e9on Brillouin\" href=\"http:\/\/es.wikipedia.org\/wiki\/L%C3%A9on_Brillouin\">L\u00e9on Brillouin<\/a><\/li>\n<li><a title=\"Niels Bohr\" href=\"http:\/\/es.wikipedia.org\/wiki\/Niels_Bohr\">Niels Bohr<\/a><\/li>\n<li><a title=\"Owen Willans Richardson\" href=\"http:\/\/es.wikipedia.org\/wiki\/Owen_Willans_Richardson\">Owen Willans Richardson<\/a><\/li>\n<\/ol>\n<\/dd>\n<\/dl>\n<p style=\"text-align: justify;\">La celebraci\u00f3n del V Congreso Solvay de F\u00edsica, que tuvo lugar en Octubre de 1927 en Bruselas, le facilit\u00f3 a Lema\u00edtre la oportunidad de reivindicarse. Acudi\u00f3 y al t\u00e9rmino de una de ellas, se entrevist\u00f3 con <a href=\"#\" onclick=\"referencia('einstein',event); return false;\">Einstein<\/a>, que le coment\u00f3: \u201cHe le\u00eddo su art\u00edculo. Sus c\u00e1lculos son correctos, pero su f\u00edsica es abominable\u201d. A pesar de todo, Lema\u00edtre no se desanim\u00f3 y esper\u00f3 otra oportunidad. Esta se present\u00f3 en Enero de 1930, con motivo de la Reuni\u00f3n habitual de la Royal Astronomical Society. En ella, De\u00a0 Sitter mostr\u00f3 sus dudas sobre el modelo est\u00e1tico de <a href=\"#\" onclick=\"referencia('einstein',event); return false;\">Einstein<\/a>, opini\u00f3n que era compartida por Eddintong. Cuando Lema\u00edtre ley\u00f3 las Actas de la reuni\u00f3n, volvi\u00f3 a escribir a Eddintong, su antiguo profesor para recordarle que hac\u00eda tiempo que hab\u00eda propuesto una soluci\u00f3n a ese problema. Su Profesor cay\u00f3 en la cuenta del \u201colvido\u201d y rectific\u00f3 dando una conferencia titulada \u201cLa inestabilidad del universo esf\u00e9rico de <a href=\"#\" onclick=\"referencia('einstein',event); return false;\">Einstein<\/a>\u201d, en la que aplic\u00f3 la soluci\u00f3n de Lema\u00edtre.<\/p>\n<p style=\"text-align: justify;\">All\u00ed qued\u00f3 reconocido el m\u00e9rito debido al primero que expuso un universo en expansi\u00f3n que, por motivos misteriosos de la historia, se llev\u00f3 <a href=\"#\" onclick=\"referencia('hubble',event); return false;\">Hubble<\/a>. De la misma manera, Cop\u00e9rnico se adjudic\u00f3 lo que propuso, muchos a\u00f1os antes, Aristarco de Samos.<\/p>\n<p style=\"text-align: justify;\">\u00a1Qu\u00e9 cosas!<\/p>\n<p style=\"text-align: justify;\">emilio silvera<\/p>\n<div class='bookmark'>\r\n\t\t<table align='left' border='0' cellpadding='0' width='100%'>\r\n\t\t<tr><td><span class='pushbutton'><a href='http:\/\/delicious.com\/post?url=http%3A%2F%2Fwww.emiliosilveravazquez.com%2Fblog%2F2012%2F11%2F04%2Frecordando-el-pasado%2F&amp;title=Recordando+el+pasado' title='Delicious' target='_blank' rel='nofollow'><img src='http:\/\/www.emiliosilveravazquez.com\/blog\/wp-content\/plugins\/knxdt-bookmarks-wordpress-plugin\/images\/delicious.png'  alt='' class='book_img' border='none' style='margin:1px; padding: 0;'  \/><\/a><\/span><span class='pushbutton'><a href='http:\/\/digg.com\/submit?url=http%3A%2F%2Fwww.emiliosilveravazquez.com%2Fblog%2F2012%2F11%2F04%2Frecordando-el-pasado%2F&amp;title=Recordando+el+pasado' title='Digg' target='_blank' rel='nofollow'><img src='http:\/\/www.emiliosilveravazquez.com\/blog\/wp-content\/plugins\/knxdt-bookmarks-wordpress-plugin\/images\/digg.png'  alt='' class='book_img' border='none' style='margin:1px; padding: 0;'  \/><\/a><\/span><span class='pushbutton'><a href='http:\/\/www.google.com\/bookmarks\/mark?op=edit&amp;bkmk=http%3A%2F%2Fwww.emiliosilveravazquez.com%2Fblog%2F2012%2F11%2F04%2Frecordando-el-pasado%2F&amp;title=Recordando+el+pasado' title='Google' target='_blank' rel='nofollow'><img src='http:\/\/www.emiliosilveravazquez.com\/blog\/wp-content\/plugins\/knxdt-bookmarks-wordpress-plugin\/images\/google.png'   alt='' class='book_img' border='none' style='margin:1px; padding: 0;'  \/><\/a><\/span><span class='pushbutton'><a href='http:\/\/myweb2.search.yahoo.com\/myresults\/bookmarklet?u=http%3A%2F%2Fwww.emiliosilveravazquez.com%2Fblog%2F2012%2F11%2F04%2Frecordando-el-pasado%2F&amp;t=Recordando+el+pasado' title='Yahoo' target='_blank' rel='nofollow'><img src='http:\/\/www.emiliosilveravazquez.com\/blog\/wp-content\/plugins\/knxdt-bookmarks-wordpress-plugin\/images\/yahoo.png'  alt='' class='book_img' border='none' style='margin:1px; padding: 0;'  \/><\/a><\/span><span class='pushbutton'><a href='http:\/\/www.technorati.com\/faves?add=http%3A%2F%2Fwww.emiliosilveravazquez.com%2Fblog%2F2012%2F11%2F04%2Frecordando-el-pasado%2F' title='Technorati' target='_blank' rel='nofollow'><img src='http:\/\/www.emiliosilveravazquez.com\/blog\/wp-content\/plugins\/knxdt-bookmarks-wordpress-plugin\/images\/technorati.png'  alt='' class='book_img' border='none' style='margin:1px; padding: 0;'  \/><\/a><\/span><span class='pushbutton'><a href='http:\/\/meneame.net\/submit.php?url=http%3A%2F%2Fwww.emiliosilveravazquez.com%2Fblog%2F2012%2F11%2F04%2Frecordando-el-pasado%2F' title='Meneame' target='_blank' rel='nofollow'><img src='http:\/\/www.emiliosilveravazquez.com\/blog\/wp-content\/plugins\/knxdt-bookmarks-wordpress-plugin\/images\/meneame.png'  alt='' class='book_img' border='none' style='margin:1px; padding: 0;'  \/><\/a><\/span><span class='pushbutton'><a href='http:\/\/enchilame.com\/submit.php?url=http:\/\/www.emiliosilveravazquez.com\/blog\/2012\/11\/04\/recordando-el-pasado\/' target='_blank' rel='nofollow'><img title='Enchilame' src='http:\/\/www.emiliosilveravazquez.com\/blog\/wp-content\/plugins\/knxdt-bookmarks-wordpress-plugin\/images\/enchilame.png'  alt='' class='book_img' border='none' style='margin:1px; padding: 0;'  \/><\/a><\/span><span class='pushbutton'><a href='http:\/\/www.blinklist.com\/index.php?Action=Blink\/addblink.php&amp;Description=&amp;Url=http%3A%2F%2Fwww.emiliosilveravazquez.com%2Fblog%2F2012%2F11%2F04%2Frecordando-el-pasado%2F&amp;title=Recordando+el+pasado' title='BlinkList' target='_blank' rel='nofollow'><img src='http:\/\/www.emiliosilveravazquez.com\/blog\/wp-content\/plugins\/knxdt-bookmarks-wordpress-plugin\/images\/blinklist.png'  alt='' class='book_img' border='none' style='margin:1px; padding: 0;'  \/><\/a><\/span><span class='pushbutton'><a href='http:\/\/reddit.com\/submit?url=http%3A%2F%2Fwww.emiliosilveravazquez.com%2Fblog%2F2012%2F11%2F04%2Frecordando-el-pasado%2F&amp;title=Recordando+el+pasado' title='Reddit' target='_blank' rel='nofollow'><img src='http:\/\/www.emiliosilveravazquez.com\/blog\/wp-content\/plugins\/knxdt-bookmarks-wordpress-plugin\/images\/reddit.png'  alt='' class='book_img' border='none' style='margin:1px; padding: 0;'  \/><\/a><\/span><span class='pushbutton'><a href='http:\/\/www.tecnologiadiaria.com\/2009\/07\/abrir-com-hotmail-correo.html' target='_blank' title='hotmail'><img src='http:\/\/www.emiliosilveravazquez.com\/blog\/wp-content\/plugins\/knxdt-bookmarks-wordpress-plugin\/images\/linklove.png' alt='hotmail correo' class='book_img' border='none' style='margin:1px; padding: 0;' \/><\/a><\/span><span class='pushbutton'><a href='http:\/\/bitacoras.com\/votar\/anotacion\/externo\/mini\/www.emiliosilveravazquez.com\/blog\/2012\/11\/04\/recordando-el-pasado\/' title='Bitacoras.com' target='_blank' rel='nofollow'><img src='http:\/\/www.emiliosilveravazquez.com\/blog\/wp-content\/plugins\/knxdt-bookmarks-wordpress-plugin\/images\/bitacoras.png'  alt='' class='book_img' border='none' style='margin:1px; padding: 0;'  \/><\/a><\/span><span class='pushbutton'><a href='http:\/\/www.wikio.es\/vote?url=http%3A%2F%2Fwww.emiliosilveravazquez.com%2Fblog%2F2012%2F11%2F04%2Frecordando-el-pasado%2F' title='Wikio' target='_blank' rel='nofollow'><img src='http:\/\/www.emiliosilveravazquez.com\/blog\/wp-content\/plugins\/knxdt-bookmarks-wordpress-plugin\/images\/wikio.png'   alt='' class='book_img' border='none' style='margin:1px; padding: 0;'   \/><\/a><\/span><span class='pushbutton'><a href='http:\/\/friendfeed.com\/?url=http%3A%2F%2Fwww.emiliosilveravazquez.com%2Fblog%2F2012%2F11%2F04%2Frecordando-el-pasado%2F&amp;title=Recordando+el+pasado' title='Friend Feed' target='_blank' rel='nofollow'><img src='http:\/\/www.emiliosilveravazquez.com\/blog\/wp-content\/plugins\/knxdt-bookmarks-wordpress-plugin\/images\/friendfeed.png'  alt='' class='book_img' border='none' style='margin:1px; padding: 0;'  \/><\/a><\/span><span class='pushbutton'><a href='http:\/\/www.facebook.com\/share.php?u=http%3A%2F%2Fwww.emiliosilveravazquez.com%2Fblog%2F2012%2F11%2F04%2Frecordando-el-pasado%2F&amp;t=Recordando+el+pasado' title='Facebook' target='_blank' rel='nofollow'><img src='http:\/\/www.emiliosilveravazquez.com\/blog\/wp-content\/plugins\/knxdt-bookmarks-wordpress-plugin\/images\/facebook.png'  alt='' class='book_img' border='none' style='margin:1px; padding: 0;'  \/><\/a><\/span><span class='pushbutton'><a href='http:\/\/twitter.com\/home?status=Recordando+el+pasado: http%3A%2F%2Fwww.emiliosilveravazquez.com%2Fblog%2F2012%2F11%2F04%2Frecordando-el-pasado%2F' title='Twitter' target='_blank' rel='nofollow'><img src='http:\/\/www.emiliosilveravazquez.com\/blog\/wp-content\/plugins\/knxdt-bookmarks-wordpress-plugin\/images\/twitter.png'  alt='' class='book_img' border='none' style='margin:1px; padding: 0;'  \/><\/a><\/span><span class='pushbutton'><a href='http:\/\/www.feedburner.com\/fb\/a\/emailFlare?itemTitle=Recordando+el+pasado&amp;uri=http%3A%2F%2Fwww.emiliosilveravazquez.com%2Fblog%2F2012%2F11%2F04%2Frecordando-el-pasado%2F' title='Enviar por Email' target='_blank' rel='nofollow'><img src='http:\/\/www.emiliosilveravazquez.com\/blog\/wp-content\/plugins\/knxdt-bookmarks-wordpress-plugin\/images\/email.png'  alt='' class='book_img' border='none' style='margin:1px; padding: 0;'  \/><\/a><\/span><span style='font-weight:bold; padding-left: 5px;'><a href='http:\/\/wordpress.org\/extend\/plugins\/knxdt-bookmarks-wordpress-plugin\/' title='Plugin' rel='nofollow' target='_blank'>[?]<\/a><\/span><\/td><\/tr><\/table><br\/><br\/><\/div>","protected":false},"excerpt":{"rendered":"<p>La Ciencia avanza sin cesar La madre Naturaleza,\u00a0 que si da un suspiro a destiempo, nos podr\u00eda alejar de la faz de la Tierra para siempre y, ah\u00ed se acab\u00f3 nuestro hist\u00f3rico recorrido por el este Valle de L\u00e1grimas que, aunque nos ha dado la posibilidad de conocer la Belleza, algo de Felicidad, el Amor [&hellip;]<\/p>\n","protected":false},"author":2,"featured_media":0,"comment_status":"open","ping_status":"open","sticky":false,"template":"","format":"standard","meta":{"_s2mail":"yes","footnotes":""},"categories":[160],"tags":[],"_links":{"self":[{"href":"http:\/\/www.emiliosilveravazquez.com\/blog\/wp-json\/wp\/v2\/posts\/7643"}],"collection":[{"href":"http:\/\/www.emiliosilveravazquez.com\/blog\/wp-json\/wp\/v2\/posts"}],"about":[{"href":"http:\/\/www.emiliosilveravazquez.com\/blog\/wp-json\/wp\/v2\/types\/post"}],"author":[{"embeddable":true,"href":"http:\/\/www.emiliosilveravazquez.com\/blog\/wp-json\/wp\/v2\/users\/2"}],"replies":[{"embeddable":true,"href":"http:\/\/www.emiliosilveravazquez.com\/blog\/wp-json\/wp\/v2\/comments?post=7643"}],"version-history":[{"count":0,"href":"http:\/\/www.emiliosilveravazquez.com\/blog\/wp-json\/wp\/v2\/posts\/7643\/revisions"}],"wp:attachment":[{"href":"http:\/\/www.emiliosilveravazquez.com\/blog\/wp-json\/wp\/v2\/media?parent=7643"}],"wp:term":[{"taxonomy":"category","embeddable":true,"href":"http:\/\/www.emiliosilveravazquez.com\/blog\/wp-json\/wp\/v2\/categories?post=7643"},{"taxonomy":"post_tag","embeddable":true,"href":"http:\/\/www.emiliosilveravazquez.com\/blog\/wp-json\/wp\/v2\/tags?post=7643"}],"curies":[{"name":"wp","href":"https:\/\/api.w.org\/{rel}","templated":true}]}}