{"id":7509,"date":"2013-08-27T03:55:43","date_gmt":"2013-08-27T02:55:43","guid":{"rendered":"http:\/\/www.emiliosilveravazquez.com\/blog\/?p=7509"},"modified":"2013-08-27T08:50:15","modified_gmt":"2013-08-27T07:50:15","slug":"mesoamerica-region-formada-por-centroamerica-las-antillas-y-mexico","status":"publish","type":"post","link":"http:\/\/www.emiliosilveravazquez.com\/blog\/2013\/08\/27\/mesoamerica-region-formada-por-centroamerica-las-antillas-y-mexico\/","title":{"rendered":"Mesoam\u00e9rica (regi\u00f3n formada por Centroam\u00e9rica, las Antillas y M\u00e9xico)"},"content":{"rendered":"<p><img decoding=\"async\" loading=\"lazy\" id=\"il_fi\" src=\"http:\/\/4.bp.blogspot.com\/-PIQUa3pQR1Y\/TZK123rrnGI\/AAAAAAAADc0\/8Ip110bW_zM\/s1600\/19-old-copan.gif\" alt=\"\" width=\"680\" height=\"451\" \/><\/p>\n<p style=\"text-align: justify;\">\n<p style=\"text-align: justify;\">Hay historias del pasado que te hablan de pueblos y Civilizaciones que llegaron a tener una enorme visi\u00f3n del mundo. Sus sociedades alcanzaron cotas increibles en el saber de cuestiones que, a\u00fan hoy, nos parecen dif\u00edciles de creer y, sin embargo, ah\u00ed han quedado las huellas materiales de que, esos pueblos, mucho antes que nosotros, supieron entender el mundo y, de alguna manera, fueron incluso m\u00e1s pr\u00e1cticvos y naturales que nosotros ahora muchos siglos despu\u00e9s.<\/p>\n<p style=\"text-align: justify;\">Una pintura que puede verse en un vaso maya cl\u00e1sico representa un par de deidades. Una de ellas es un dios que tiene los rasgos faciales de un mono y es portador de un C\u00f3dice. El segundo dios apoya la mano en la espalda del primero y de su axila sale un pergamino que contiene n\u00fameros representados por eayas y puntos. El dios que lleva el C\u00f3dice representa la escritura. El de los n\u00fameros que fluyen de su axila representa las matem\u00e1ticas.<\/p>\n<p style=\"text-align: justify;\">La conclusi\u00f3n que podemos deducir de esta imagen es que los mayas no se limitaban a ser contables y calculistas, sino que adem\u00e1s distingu\u00edan las matem\u00e1ticas como una disciplina aparte, al mismo nivel que la escritura.<\/p>\n<p style=\"text-align: justify;\">\n<p style=\"text-align: justify;\"><img decoding=\"async\" loading=\"lazy\" id=\"il_fi\" src=\"http:\/\/culturamaya.unblog.fr\/files\/2007\/05\/maya.png\" alt=\"\" width=\"248\" height=\"286\" \/><\/p>\n<p style=\"text-align: justify;\">\n<p style=\"text-align: justify;\">Ya v\u00e9is la sencillez inteligente que desarrollaban. Al igual que otras civilizaciones mesoamericanas, los mayas utilizaban un sistema de numeraci\u00f3n de base 20 (vigesimal) y de base 5. Tambi\u00e9n los mayas precl\u00e1sicos (o sus predecesores olmecas) desarrollaron independientemente el concepto de cero alrededor del a\u00f1o 36 adC.<\/p>\n<p style=\"text-align: justify;\">Produjeron observaciones astron\u00f3micas extremadamente precisas, sus diagramas de los movimientos de la Luna y los planetas son iguales o superiores a los de cualquier otra civilizaci\u00f3n trabajando a simple vista.Asimismo, como otras civilizaciones mesoamericanas, los mayas descubrieron una medida exacta de la duraci\u00f3n del a\u00f1o solar, mucho m\u00e1s exacta que la usada en Europa con el calendario gregoriano.<\/p>\n<p style=\"text-align: justify;\">Sin embargo, no usaron este modelo de duraci\u00f3n en su calendario. En cambio, el calendario maya se bas\u00f3 en un a\u00f1o de duraci\u00f3n exacta de 365 d\u00edas, lo cual significa que el calendario tiene un error de un d\u00eda cada cuatro a\u00f1os.<\/p>\n<p style=\"text-align: justify;\">\n<p style=\"text-align: justify;\">\n<p style=\"text-align: justify;\"><img decoding=\"async\" loading=\"lazy\" id=\"il_fi\" src=\"http:\/\/verelcielonews.files.wordpress.com\/2012\/07\/calendario-maya.jpg\" alt=\"\" width=\"435\" height=\"333\" \/><\/p>\n<p style=\"text-align: justify;\">\u00a0\u00a0\u00a0\u00a0\u00a0\u00a0\u00a0\u00a0\u00a0\u00a0\u00a0\u00a0\u00a0\u00a0\u00a0\u00a0\u00a0\u00a0\u00a0\u00a0\u00a0\u00a0\u00a0\u00a0\u00a0\u00a0\u00a0\u00a0\u00a0\u00a0\u00a0\u00a0\u00a0\u00a0\u00a0\u00a0\u00a0\u00a0\u00a0\u00a0\u00a0\u00a0\u00a0\u00a0\u00a0\u00a0\u00a0\u00a0\u00a0\u00a0\u00a0\u00a0\u00a0\u00a0 Calendario maya<\/p>\n<p style=\"text-align: justify;\">\n<p style=\"text-align: justify;\">El significado de que los n\u00fameros emanen de una axila, lo cual es una imagen com\u00fan en el arte maya, no ha llegado a aclarase nunca. Esta Civilizaci\u00f3n misteriosa nos dej\u00f3 muchas preguntas que no han podiodo ser contestadas y los estudiosos y eruditos trabajan cada d\u00eda en desvelar los secretos de una de las culturas m\u00e1s avanzadas de todos los tiempos. Sus obras hablan por s\u00ed s\u00f3las.<\/p>\n<p style=\"text-align: justify;\">\n<p style=\"text-align: justify;\"><img decoding=\"async\" src=\"http:\/\/culturamaya.unblog.fr\/files\/2007\/05\/copan.jpg\" alt=\"copan.jpg\" \/><\/p>\n<p style=\"text-align: justify;\">\n<p style=\"text-align: justify;\">De pir\u00e1mides muy inclinadas, templos con crester\u00edas huecas y altas sobre cuartos traseros, palacios de dos plantas con anchos muros, cuartos angostos y falsos arcos mayas bajos. Ejemplo: Tikal, en Guatemala<\/p>\n<p style=\"text-align: justify;\">\u00a0<span style=\"text-decoration: underline;\">Palenque<\/span> :<\/p>\n<p style=\"text-align: justify;\">\n<p style=\"text-align: justify;\"><img decoding=\"async\" src=\"http:\/\/culturamaya.unblog.fr\/files\/2007\/05\/palenque16.jpg\" alt=\"palenque16.jpg\" width=\"400\" \/><\/p>\n<p style=\"text-align: justify;\">\n<p style=\"text-align: justify;\"><strong>R\u00edo Bec<\/strong>: Edificios de torres paralelas, esquinas redondeadas y escaleras simb\u00f3licas (las escaleras son casi verticales e imposibles de subir. El templo tiene como puerta una simple hendidura). La decoraci\u00f3n incluye m\u00e1scaras de forma animal y dise\u00f1os geom\u00e9tricos. Ejemplos: Bec\u00e1n, Xpuhil y Chicann\u00e1, en M\u00e9xico.<\/p>\n<p id=\"TWP115\" style=\"text-align: justify;\">6.-<strong>Chenes<\/strong>: Aqu\u00ed se encuentran elementos semejantes en los estilos R\u00edo Bec y Puuc. Sus edificios tienen fachadas en tres partes y las decoraciones forman m\u00e1scaras de animales en las puertas. Tambi\u00e9n utilizaban piedras salientes sobre las molduras para colocar estatuas, crester\u00edas de un muro, m\u00e1scaras de Chaac. Ejemplos: Hochob y El Tabasque\u00f1o, en M\u00e9xico.<\/p>\n<p style=\"text-align: justify;\"><span style=\"text-decoration: underline;\">Uxmal<\/span> :<\/p>\n<p style=\"text-align: justify;\">\n<p style=\"text-align: justify;\"><img decoding=\"async\" src=\"http:\/\/culturamaya.unblog.fr\/files\/2007\/05\/uxmal.jpg\" alt=\"uxmal.jpg\" width=\"400\" \/><\/p>\n<p style=\"text-align: justify;\">\n<p style=\"text-align: justify;\"><strong>Planicies noroccidentales<\/strong>; Con dos estilos arquitect\u00f3nicos: el estilo Maya Chich\u00e9n muestra semejanzas con el estilo Puuc tard\u00edo. El Maya Tolteca incluye pir\u00e1mides-templo, patios con columnas, patios-galer\u00edas y plataformas de Venus. La decoraci\u00f3n utiliza serpientes, \u00e1guilas, Chac Mool, jaguares y dise\u00f1os florales. Ejemplo: Chich\u00e9n Itz\u00e1, en M\u00e9xico.<\/p>\n<p id=\"TWP121\"><strong>Costa oriental<\/strong>: Muestra sitios arqueol\u00f3gicos peque\u00f1os, figuras del Dios Descendente, nichos y perfiles humanos entre las cornisas de las esquinas. Las esquinas de los edificios muestran muros inclinados hacia fuera. Ejemplo: Tulum, en M\u00e9xico.<\/p>\n<p>&nbsp;<\/p>\n<p style=\"text-align: justify;\"><span style=\"text-decoration: underline;\">Chich\u00e9n Itzal<\/span> :<\/p>\n<p style=\"text-align: justify;\">\n<p style=\"text-align: justify;\"><img decoding=\"async\" src=\"http:\/\/culturamaya.unblog.fr\/files\/2007\/05\/chichenitza.jpg\" alt=\"chichenitza.jpg\" width=\"400\" \/><\/p>\n<p style=\"text-align: justify;\"><img decoding=\"async\" src=\"http:\/\/culturamaya.unblog.fr\/files\/2007\/05\/amp10146.jpg\" alt=\"amp10146.jpg\" \/><\/p>\n<p style=\"text-align: justify;\">\n<p style=\"text-align: justify;\">A partir del 830 d.C. comienza un periodo de desintegraci\u00f3n de los viejos patrones que hab\u00edan alcanzado su punto culminante hacia el 650 d.C., inici\u00e1ndose un proceso de deterioro mediante el cual todos los centros del sur decaen antes del 900 d.C.; justo cuando la civilizaci\u00f3n cl\u00e1sica estaba en su m\u00e1ximo apogeo.<\/p>\n<p style=\"text-align: justify;\">Las causas de tal decadencia son complejas y no est\u00e1n definidas del todo; un hecho claro es que en un corto espacio temporal la cultura de la elite desapareci\u00f3, abandon\u00e1ndose los edificios p\u00fablicos y cesando la manufactura de productos de lujo y la erecci\u00f3n de estelas con escritura jerogl\u00edfica. Al mismo tiempo, se produjo una dram\u00e1tica despoblaci\u00f3n del sur de las tierras bajas. Este fen\u00f3meno no ocurri\u00f3 en el norte sino hasta 150 a\u00f1os m\u00e1s tarde. El exceso de poblaci\u00f3n, el agotamiento de las tierras f\u00e9rtiles, la malnutrici\u00f3n, la competici\u00f3n militar por los territorios para ampliar la producci\u00f3n en un sistema que tend\u00eda hacia el desequilibrio ecol\u00f3gico, la quiebra de las relaciones comerciales y la mayor distancia social entre una \u00e9lite cada vez m\u00e1s numerosa y falta de soluciones y una clase campesina cada vez m\u00e1s explotada, y presiones de sociedades del exterior con nuevas ideas acerca de la explotaci\u00f3n de las riquezas y de la guerra, se combinaron en este desastre de la civilizaci\u00f3n cl\u00e1sica del sur de las tierras bajas mayas.<\/p>\n<p style=\"text-align: justify;\">\n<p style=\"text-align: justify;\">\n<p style=\"text-align: justify;\"><img decoding=\"async\" src=\"http:\/\/culturamaya.unblog.fr\/files\/2007\/05\/800pxmayas.png\" alt=\"800pxmayas.png\" width=\"400\" \/><\/p>\n<p style=\"text-align: justify;\">\n<p style=\"text-align: justify;\">Durante la \u00e9poca Prehisp\u00e1nica, los mayas habitaron un extenso territorio con diferentes climas y variada vegetaci\u00f3n; monta\u00f1as y planicies, selvas con alta precipitaci\u00f3n pluvial y sitios secos, tierras con r\u00edos, lagos y cascadas, y una buena extensi\u00f3n de costas. La zona maya comprend\u00eda 389.610 km\u00b2, lo que en la actualidad son los estados de Quintana Roo, Campeche, Yucat\u00e1n, Tabasco y el oriente de Chiapas en M\u00e9xico; Guatemala, Belice y la parte poniente de Honduras y El Salvador en Centroam\u00e9rica.<\/p>\n<p style=\"text-align: justify;\">\n<p style=\"text-align: justify;\">\n<p style=\"text-align: justify;\">Tenemos unos conocimientos limitados sobre la gran civilizaci\u00f3n maya que se extendi\u00f3 en otro tiempo por regiones que incluye lo que actualmente es el centro y el sur de M\u00e9xico, adem\u00e1s de como decimos m\u00e1s arriba Belice, Guatemala, El Salvador y algunas zonas de Honduras.<\/p>\n<p style=\"text-align: justify;\">\n<p style=\"text-align: justify;\">\n<p style=\"text-align: justify;\"><img decoding=\"async\" src=\"http:\/\/www.estudiossocialesonline.com\/wp-content\/uploads\/2011\/06\/conquista-de-america1.jpg\" alt=\"http:\/\/www.estudiossocialesonline.com\/wp-content\/uploads\/2011\/06\/conquista-de-america1.jpg\" \/><\/p>\n<p style=\"text-align: justify;\">\n<p style=\"text-align: justify;\">\n<p style=\"text-align: justify;\">Desde la conquista de los espa\u00f1oles sobre estas tierras y el establecimiento de su gobierno y las formas de vida en este continente, hasta la independencia de Centroamerica de Espa\u00f1a. La colonizacion espa\u00f1ola marco la vida de muchos pueblos y ciudades de America porque significo la suplantacion de la vida y las constumbres indigenas prehispanicas del continente, por las costumbres y vida espa\u00f1ola.<\/p>\n<p style=\"text-align: justify;\">\u00a0Las tradiciones y la cultura prehispanica se perdieron en la conquista y colonizacion. Los espa\u00f1oles sometieron a los nativos que encontraban y los ponian al servicio de la Corona Espa\u00f1ola.\u00a0\u00a0 Asi desaparecieron religiones, idiomas, rasgos culturales, costumbres, tradiciones, literatura y el arte de la vida prehispanica de Centroamerica.<\/p>\n<p style=\"text-align: justify;\">Con la conquista espa\u00f1ola en Centroamerica ocurrieron procesos de:<\/p>\n<p style=\"text-align: justify;\">Sincretismo:\u00a0 se unieron y mezclaron las culturas, conservando algunos de los elementos propios, pero adoptando nuevos elementos de la otra cultura.<\/p>\n<p style=\"text-align: justify;\">Transculturacion:\u00a0 una de las culturas, la mas fuerte, logro imponerse sobre la otra. La cultura espa\u00f1ola impuso mas elementos sobre la cultura indigena prehispanica.<\/p>\n<p style=\"text-align: justify;\">Causas que facilitaron la conquista espa\u00f1ola:<\/p>\n<p style=\"text-align: justify;\">Centroamerica no utilizaba caballos, metales ni polvora para las armas. La desunion entre los pueblos centroamericanos hizo que no se enfrentaran como un solo ejercito frente a los espa\u00f1oles. Las enfermedades que traian los europeos, ya que los nativos centroamericanos no las conocian.<\/p>\n<p style=\"text-align: justify;\">\n<p style=\"text-align: justify;\">\n<p style=\"text-align: justify;\"><img decoding=\"async\" loading=\"lazy\" id=\"il_fi\" src=\"http:\/\/farm4.static.flickr.com\/3044\/3679035306_741befe9a9.jpg\" alt=\"\" width=\"317\" height=\"300\" \/><\/p>\n<p style=\"text-align: justify;\">\n<p style=\"text-align: justify;\">\n<p style=\"text-align: justify;\">La Historia, aunque no nos guste, no la podemos borrar y, lo que hoy tenemos es la consecuencia de todo aquello que fue. Entre las <a href=\"http:\/\/www.blogitravel.com\/2009\/12\/ciudades-con-mas-poblacion-a-nivel-mundial\/\">ciudades m\u00e1s pobladas<\/a> hallamos primero a Ciudad de Guatemala, la cual tiene un aproximado de 2.540.000 ciudadanos en una superficie de 996 kil\u00f3metros cuadrados, luego de esto hallamos cerca a Tegucigalpa en Honduras y sus 1.300.000 habitantes en 1.396 kil\u00f3metros cuadrados. En otros casos similares de gran densidad poblacional hallamos a San Salvador en El Salvador, Managua en Nicaragua y <a href=\"http:\/\/www.blogitravel.com\/2009\/11\/ciudad-de-panama-entre-la-tierra-y-el-mar\/\">Ciudad de Panam\u00e1<\/a>, justamente en Panam\u00e1. Por otro lado, si se tuviera que estimar el n\u00famero de pobladores de toda la <strong>regi\u00f3n centroamericana<\/strong>, se estima que estos lleguen a los 42.000.000 aproximadamente en la actualidad.<\/p>\n<p style=\"text-align: justify;\">\n<p style=\"text-align: justify;\">\n<p style=\"text-align: justify;\"><img decoding=\"async\" loading=\"lazy\" src=\"http:\/\/farm9.staticflickr.com\/8143\/7484459866_875722e000.jpg\" alt=\"Mapa de Centroamerica\" width=\"500\" height=\"407\" \/><\/p>\n<p style=\"text-align: justify;\">\n<p style=\"text-align: justify;\">\n<p style=\"text-align: justify;\">Si estos territorios nos pudieran contar todo lo que sobre ellos pas\u00f3, los hechos y sucesos de los que estas tierras fueron testigos, las m\u00e1s grandes gestas y tambi\u00e9n, las m\u00e1s humillantes infamias, en definitiva, simplemente nos contar\u00eda lo que es la Humanidad.<\/p>\n<p style=\"text-align: justify;\">Siempre me pasa lo mismo. Comienzo queriendo hablar de una cosa determinada y, no podr\u00eda explicar c\u00f3mo, mi imaginaci\u00f2n se desv\u00eda hacia otros temas y cuestiones que, aunque de alguna manera relacionadas, pierden el hilo inicial de lo que se estaba tratando.<\/p>\n<p style=\"text-align: justify;\">Vuelvo al inicio para recordar que los mayas estaban obsesionados con los procedimientos necesarios para contar porque estaban obsesionados con el tiempo, obsesionados con la idea de que el tiempo pod\u00eda acab\u00e1rseles y el universo pod\u00eda llegar al final. Ten\u00edan al menos seis calendarios, entre los cuales hab\u00eda uno venusiano de 584 d\u00edas, basado en los a\u00f1os de Venus. Los mayas descartaron sus tres primeros calendarios -el tzolkim- de 260 d\u00edas, o &#8220;a\u00f1o sagrado&#8221;; el haab, o &#8220;a\u00f1o civil&#8221;, y el tun, o &#8220;larga cuenta&#8221;- para evitar desastres cosmol\u00f3gicos. Tem\u00edan que, cuando el calendario llegara a su fin, pudiera pasar lo mismo con el universo, pero con calendarios de distinta duraci\u00f3n avanzando simult\u00e1neamente se sent\u00edan m\u00e1s seguros.<\/p>\n<p style=\"text-align: justify;\">\n<p style=\"text-align: justify;\">\n<p style=\"text-align: justify;\"><img decoding=\"async\" loading=\"lazy\" src=\"http:\/\/upload.wikimedia.org\/wikipedia\/commons\/thumb\/d\/d6\/Maya_civilization_location_map-blank.svg\/720px-Maya_civilization_location_map-blank.svg.png\" alt=\"File:Maya civilization location map-blank.svg\" width=\"720\" height=\"600\" \/><\/p>\n<p style=\"text-align: justify;\">\u00a0\u00a0\u00a0\u00a0\u00a0\u00a0\u00a0\u00a0\u00a0\u00a0\u00a0\u00a0\u00a0\u00a0\u00a0\u00a0\u00a0\u00a0\u00a0\u00a0\u00a0\u00a0\u00a0\u00a0\u00a0\u00a0\u00a0\u00a0\u00a0\u00a0\u00a0\u00a0\u00a0\u00a0\u00a0\u00a0\u00a0\u00a0\u00a0\u00a0\u00a0\u00a0\u00a0\u00a0\u00a0 Extensi\u00f3n del \u00e1rea maya y su localizaci\u00f3n en el globo terrestre.<\/p>\n<p style=\"text-align: justify;\">\n<p style=\"text-align: justify;\">Durante ese largo tiempo (3.000 a\u00f1os), en ese territorio se hablaron cientos de dialectos que generan hoy cerca de 44 lenguas diferentes. Hablar de los &#8220;antiguos mayas&#8221; es referirse a la historia de una de las culturas mesoamericana m\u00e1s importante, pues su legado cient\u00edfico y astron\u00f3mico es mundial. Contrariamente a una creencia muy generalizada, la civilizaci\u00f3n maya nunca &#8220;desapareci\u00f3&#8221;. Por lo menos, no por completo, pues sus descendientes a\u00fan viven en la regi\u00f3n y muchos de ellos hablan alguno de los idiomas de la familia mayense.<\/p>\n<p style=\"text-align: justify;\">estaban aislados de las culturas del viejo mundo y ubicada en los territorios que antes hemos rese\u00f1ado, surgi\u00f3 alrededor de la \u00e9poca del nacimiento de Cristo y luego, &#8220;desapareci\u00f3&#8221; abrupta y misteriosamente. Aparte de laas por\u00e1mides y las estelas de piedras talladas con elaborados glifos, su historia se conserva en unos pocos c\u00f3dices, entre los que figura el libro de la creaci\u00f3n escrito en lengua maya-quich\u00e9, el Popol Vug.<\/p>\n<p style=\"text-align: justify;\">\n<p style=\"text-align: justify;\">\n<p style=\"text-align: justify;\"><img decoding=\"async\" loading=\"lazy\" src=\"http:\/\/maestroviejo.files.wordpress.com\/2011\/06\/popol-vuh.jpg?w=332&amp;h=400\" alt=\"\" width=\"332\" height=\"400\" border=\"0\" \/><\/p>\n<p style=\"text-align: justify;\">\n<p style=\"text-align: justify;\"><strong>El significado de los t\u00e9rminos que conforman el nombre es:\u00a0 <\/strong><em><strong>Popol: Palabra maya que significa reuni\u00f3n, comunidad, casa com\u00fan, junta.<\/strong><\/em>Vuh: Libro, papel, \u00e1rbol de cuya corteza se hac\u00eda el papel.<\/p>\n<p style=\"text-align: justify;\"><strong>El \u201cPopol Vuh\u201d, \u201cLas antiguas Historias del Quich\u00e9\u201d, es el libro sagrado de los indios quich\u00e9s que habitaban en la zona de Guatemala.<\/strong> Se explicaba en \u00e9l el origen del mundo y de los \u2026indios mayas. Tambi\u00e9n se relataba la historia de todos los soberanos.<\/p>\n<p style=\"text-align: justify;\">Se puede se\u00f1alar que hay all\u00ed una conjunci\u00f3n de religi\u00f3n, mitolog\u00eda, historia, costumbres y leyendas. Es esencialmente una descripci\u00f3n del conjunto de tradiciones mayas de quienes habitaban la regi\u00f3n guatemalteca; pero tambi\u00e9n aparecen agregadas algunas ideas cristianas, lo que hace suponer que el autor conoc\u00eda a misioneros cat\u00f3licos. No se conoce el nombre del autor pero por datos sacados del contenido de la obra, se supone que ha sido escrito hacia 1544.<\/p>\n<p style=\"text-align: justify;\">Fue escrito originalmente en piel de venado, posteriormente trascripto en 1542 al lat\u00edn por Fray Alonso del Portillo de Nore\u00f1a.<\/p>\n<p style=\"text-align: justify;\">La versi\u00f3n espa\u00f1ola fue realizada sobre este \u00faltimo texto en el siglo XVIII (1701) por el fraile dominico Francisco Xim\u00e9nez que se hab\u00eda establecido en Santo Tom\u00e1s Chichicastenango. Y \u201cPopol Vuh\u201d lo llam\u00f3 un estudioso de temas americanistas, que en el siglo XIX lo tradujo al franc\u00e9s, Charles Etienne Brasseur de Bourbourg.<\/p>\n<p style=\"text-align: justify;\">De esta Cilivizaci\u00f3n podr\u00edamos hablar durante muchos meses y a\u00f1os y, seguramente, no podr\u00edamos contar muchas de las cosas que en ella est\u00e1n escondidas, dado que, como en otras muchas civilizaciones que fueron, el tiempo se encarg\u00f3 de borrar los hechos que no han podido ser encontrados en registros desaparecidos de una u otra manera.<\/p>\n<p style=\"text-align: justify;\">emilio silvera<\/p>\n<div class='bookmark'>\r\n\t\t<table align='left' border='0' cellpadding='0' width='100%'>\r\n\t\t<tr><td><span class='pushbutton'><a href='http:\/\/delicious.com\/post?url=http%3A%2F%2Fwww.emiliosilveravazquez.com%2Fblog%2F2013%2F08%2F27%2Fmesoamerica-region-formada-por-centroamerica-las-antillas-y-mexico%2F&amp;title=Mesoam%C3%A9rica+%28regi%C3%B3n+formada+por+Centroam%C3%A9rica%2C+las+Antillas+y+M%C3%A9xico%29' title='Delicious' target='_blank' rel='nofollow'><img src='http:\/\/www.emiliosilveravazquez.com\/blog\/wp-content\/plugins\/knxdt-bookmarks-wordpress-plugin\/images\/delicious.png'  alt='' class='book_img' border='none' style='margin:1px; padding: 0;'  \/><\/a><\/span><span class='pushbutton'><a href='http:\/\/digg.com\/submit?url=http%3A%2F%2Fwww.emiliosilveravazquez.com%2Fblog%2F2013%2F08%2F27%2Fmesoamerica-region-formada-por-centroamerica-las-antillas-y-mexico%2F&amp;title=Mesoam%C3%A9rica+%28regi%C3%B3n+formada+por+Centroam%C3%A9rica%2C+las+Antillas+y+M%C3%A9xico%29' title='Digg' target='_blank' rel='nofollow'><img src='http:\/\/www.emiliosilveravazquez.com\/blog\/wp-content\/plugins\/knxdt-bookmarks-wordpress-plugin\/images\/digg.png'  alt='' class='book_img' border='none' style='margin:1px; padding: 0;'  \/><\/a><\/span><span class='pushbutton'><a href='http:\/\/www.google.com\/bookmarks\/mark?op=edit&amp;bkmk=http%3A%2F%2Fwww.emiliosilveravazquez.com%2Fblog%2F2013%2F08%2F27%2Fmesoamerica-region-formada-por-centroamerica-las-antillas-y-mexico%2F&amp;title=Mesoam%C3%A9rica+%28regi%C3%B3n+formada+por+Centroam%C3%A9rica%2C+las+Antillas+y+M%C3%A9xico%29' title='Google' target='_blank' rel='nofollow'><img src='http:\/\/www.emiliosilveravazquez.com\/blog\/wp-content\/plugins\/knxdt-bookmarks-wordpress-plugin\/images\/google.png'   alt='' class='book_img' border='none' style='margin:1px; padding: 0;'  \/><\/a><\/span><span class='pushbutton'><a href='http:\/\/myweb2.search.yahoo.com\/myresults\/bookmarklet?u=http%3A%2F%2Fwww.emiliosilveravazquez.com%2Fblog%2F2013%2F08%2F27%2Fmesoamerica-region-formada-por-centroamerica-las-antillas-y-mexico%2F&amp;t=Mesoam%C3%A9rica+%28regi%C3%B3n+formada+por+Centroam%C3%A9rica%2C+las+Antillas+y+M%C3%A9xico%29' title='Yahoo' target='_blank' rel='nofollow'><img src='http:\/\/www.emiliosilveravazquez.com\/blog\/wp-content\/plugins\/knxdt-bookmarks-wordpress-plugin\/images\/yahoo.png'  alt='' class='book_img' border='none' style='margin:1px; padding: 0;'  \/><\/a><\/span><span class='pushbutton'><a href='http:\/\/www.technorati.com\/faves?add=http%3A%2F%2Fwww.emiliosilveravazquez.com%2Fblog%2F2013%2F08%2F27%2Fmesoamerica-region-formada-por-centroamerica-las-antillas-y-mexico%2F' title='Technorati' target='_blank' rel='nofollow'><img src='http:\/\/www.emiliosilveravazquez.com\/blog\/wp-content\/plugins\/knxdt-bookmarks-wordpress-plugin\/images\/technorati.png'  alt='' class='book_img' border='none' style='margin:1px; padding: 0;'  \/><\/a><\/span><span class='pushbutton'><a href='http:\/\/meneame.net\/submit.php?url=http%3A%2F%2Fwww.emiliosilveravazquez.com%2Fblog%2F2013%2F08%2F27%2Fmesoamerica-region-formada-por-centroamerica-las-antillas-y-mexico%2F' title='Meneame' target='_blank' rel='nofollow'><img src='http:\/\/www.emiliosilveravazquez.com\/blog\/wp-content\/plugins\/knxdt-bookmarks-wordpress-plugin\/images\/meneame.png'  alt='' class='book_img' border='none' style='margin:1px; padding: 0;'  \/><\/a><\/span><span class='pushbutton'><a href='http:\/\/enchilame.com\/submit.php?url=http:\/\/www.emiliosilveravazquez.com\/blog\/2013\/08\/27\/mesoamerica-region-formada-por-centroamerica-las-antillas-y-mexico\/' target='_blank' rel='nofollow'><img title='Enchilame' src='http:\/\/www.emiliosilveravazquez.com\/blog\/wp-content\/plugins\/knxdt-bookmarks-wordpress-plugin\/images\/enchilame.png'  alt='' class='book_img' border='none' style='margin:1px; padding: 0;'  \/><\/a><\/span><span class='pushbutton'><a href='http:\/\/www.blinklist.com\/index.php?Action=Blink\/addblink.php&amp;Description=&amp;Url=http%3A%2F%2Fwww.emiliosilveravazquez.com%2Fblog%2F2013%2F08%2F27%2Fmesoamerica-region-formada-por-centroamerica-las-antillas-y-mexico%2F&amp;title=Mesoam%C3%A9rica+%28regi%C3%B3n+formada+por+Centroam%C3%A9rica%2C+las+Antillas+y+M%C3%A9xico%29' title='BlinkList' target='_blank' rel='nofollow'><img src='http:\/\/www.emiliosilveravazquez.com\/blog\/wp-content\/plugins\/knxdt-bookmarks-wordpress-plugin\/images\/blinklist.png'  alt='' class='book_img' border='none' style='margin:1px; padding: 0;'  \/><\/a><\/span><span class='pushbutton'><a href='http:\/\/reddit.com\/submit?url=http%3A%2F%2Fwww.emiliosilveravazquez.com%2Fblog%2F2013%2F08%2F27%2Fmesoamerica-region-formada-por-centroamerica-las-antillas-y-mexico%2F&amp;title=Mesoam%C3%A9rica+%28regi%C3%B3n+formada+por+Centroam%C3%A9rica%2C+las+Antillas+y+M%C3%A9xico%29' title='Reddit' target='_blank' rel='nofollow'><img src='http:\/\/www.emiliosilveravazquez.com\/blog\/wp-content\/plugins\/knxdt-bookmarks-wordpress-plugin\/images\/reddit.png'  alt='' class='book_img' border='none' style='margin:1px; padding: 0;'  \/><\/a><\/span><span class='pushbutton'><a href='http:\/\/www.tecnologiadiaria.com\/2009\/07\/abrir-com-hotmail-correo.html' target='_blank' title='hotmail'><img src='http:\/\/www.emiliosilveravazquez.com\/blog\/wp-content\/plugins\/knxdt-bookmarks-wordpress-plugin\/images\/linklove.png' alt='hotmail correo' class='book_img' border='none' style='margin:1px; padding: 0;' \/><\/a><\/span><span class='pushbutton'><a href='http:\/\/bitacoras.com\/votar\/anotacion\/externo\/mini\/www.emiliosilveravazquez.com\/blog\/2013\/08\/27\/mesoamerica-region-formada-por-centroamerica-las-antillas-y-mexico\/' title='Bitacoras.com' target='_blank' rel='nofollow'><img src='http:\/\/www.emiliosilveravazquez.com\/blog\/wp-content\/plugins\/knxdt-bookmarks-wordpress-plugin\/images\/bitacoras.png'  alt='' class='book_img' border='none' style='margin:1px; padding: 0;'  \/><\/a><\/span><span class='pushbutton'><a href='http:\/\/www.wikio.es\/vote?url=http%3A%2F%2Fwww.emiliosilveravazquez.com%2Fblog%2F2013%2F08%2F27%2Fmesoamerica-region-formada-por-centroamerica-las-antillas-y-mexico%2F' title='Wikio' target='_blank' rel='nofollow'><img src='http:\/\/www.emiliosilveravazquez.com\/blog\/wp-content\/plugins\/knxdt-bookmarks-wordpress-plugin\/images\/wikio.png'   alt='' class='book_img' border='none' style='margin:1px; padding: 0;'   \/><\/a><\/span><span class='pushbutton'><a href='http:\/\/friendfeed.com\/?url=http%3A%2F%2Fwww.emiliosilveravazquez.com%2Fblog%2F2013%2F08%2F27%2Fmesoamerica-region-formada-por-centroamerica-las-antillas-y-mexico%2F&amp;title=Mesoam%C3%A9rica+%28regi%C3%B3n+formada+por+Centroam%C3%A9rica%2C+las+Antillas+y+M%C3%A9xico%29' title='Friend Feed' target='_blank' rel='nofollow'><img src='http:\/\/www.emiliosilveravazquez.com\/blog\/wp-content\/plugins\/knxdt-bookmarks-wordpress-plugin\/images\/friendfeed.png'  alt='' class='book_img' border='none' style='margin:1px; padding: 0;'  \/><\/a><\/span><span class='pushbutton'><a href='http:\/\/www.facebook.com\/share.php?u=http%3A%2F%2Fwww.emiliosilveravazquez.com%2Fblog%2F2013%2F08%2F27%2Fmesoamerica-region-formada-por-centroamerica-las-antillas-y-mexico%2F&amp;t=Mesoam%C3%A9rica+%28regi%C3%B3n+formada+por+Centroam%C3%A9rica%2C+las+Antillas+y+M%C3%A9xico%29' title='Facebook' target='_blank' rel='nofollow'><img src='http:\/\/www.emiliosilveravazquez.com\/blog\/wp-content\/plugins\/knxdt-bookmarks-wordpress-plugin\/images\/facebook.png'  alt='' class='book_img' border='none' style='margin:1px; padding: 0;'  \/><\/a><\/span><span class='pushbutton'><a href='http:\/\/twitter.com\/home?status=Mesoam%C3%A9rica+%28regi%C3%B3n+formada+por+Centroam%C3%A9rica%2C+las+Antillas+y+M%C3%A9xico%29: http%3A%2F%2Fwww.emiliosilveravazquez.com%2Fblog%2F2013%2F08%2F27%2Fmesoamerica-region-formada-por-centroamerica-las-antillas-y-mexico%2F' title='Twitter' target='_blank' rel='nofollow'><img src='http:\/\/www.emiliosilveravazquez.com\/blog\/wp-content\/plugins\/knxdt-bookmarks-wordpress-plugin\/images\/twitter.png'  alt='' class='book_img' border='none' style='margin:1px; padding: 0;'  \/><\/a><\/span><span class='pushbutton'><a href='http:\/\/www.feedburner.com\/fb\/a\/emailFlare?itemTitle=Mesoam%C3%A9rica+%28regi%C3%B3n+formada+por+Centroam%C3%A9rica%2C+las+Antillas+y+M%C3%A9xico%29&amp;uri=http%3A%2F%2Fwww.emiliosilveravazquez.com%2Fblog%2F2013%2F08%2F27%2Fmesoamerica-region-formada-por-centroamerica-las-antillas-y-mexico%2F' title='Enviar por Email' target='_blank' rel='nofollow'><img src='http:\/\/www.emiliosilveravazquez.com\/blog\/wp-content\/plugins\/knxdt-bookmarks-wordpress-plugin\/images\/email.png'  alt='' class='book_img' border='none' style='margin:1px; padding: 0;'  \/><\/a><\/span><span style='font-weight:bold; padding-left: 5px;'><a href='http:\/\/wordpress.org\/extend\/plugins\/knxdt-bookmarks-wordpress-plugin\/' title='Plugin' rel='nofollow' target='_blank'>[?]<\/a><\/span><\/td><\/tr><\/table><br\/><br\/><\/div>","protected":false},"excerpt":{"rendered":"<p>Hay historias del pasado que te hablan de pueblos y Civilizaciones que llegaron a tener una enorme visi\u00f3n del mundo. Sus sociedades alcanzaron cotas increibles en el saber de cuestiones que, a\u00fan hoy, nos parecen dif\u00edciles de creer y, sin embargo, ah\u00ed han quedado las huellas materiales de que, esos pueblos, mucho antes que nosotros, [&hellip;]<\/p>\n","protected":false},"author":2,"featured_media":0,"comment_status":"open","ping_status":"open","sticky":false,"template":"","format":"standard","meta":{"_s2mail":"yes","footnotes":""},"categories":[11],"tags":[],"_links":{"self":[{"href":"http:\/\/www.emiliosilveravazquez.com\/blog\/wp-json\/wp\/v2\/posts\/7509"}],"collection":[{"href":"http:\/\/www.emiliosilveravazquez.com\/blog\/wp-json\/wp\/v2\/posts"}],"about":[{"href":"http:\/\/www.emiliosilveravazquez.com\/blog\/wp-json\/wp\/v2\/types\/post"}],"author":[{"embeddable":true,"href":"http:\/\/www.emiliosilveravazquez.com\/blog\/wp-json\/wp\/v2\/users\/2"}],"replies":[{"embeddable":true,"href":"http:\/\/www.emiliosilveravazquez.com\/blog\/wp-json\/wp\/v2\/comments?post=7509"}],"version-history":[{"count":0,"href":"http:\/\/www.emiliosilveravazquez.com\/blog\/wp-json\/wp\/v2\/posts\/7509\/revisions"}],"wp:attachment":[{"href":"http:\/\/www.emiliosilveravazquez.com\/blog\/wp-json\/wp\/v2\/media?parent=7509"}],"wp:term":[{"taxonomy":"category","embeddable":true,"href":"http:\/\/www.emiliosilveravazquez.com\/blog\/wp-json\/wp\/v2\/categories?post=7509"},{"taxonomy":"post_tag","embeddable":true,"href":"http:\/\/www.emiliosilveravazquez.com\/blog\/wp-json\/wp\/v2\/tags?post=7509"}],"curies":[{"name":"wp","href":"https:\/\/api.w.org\/{rel}","templated":true}]}}