{"id":7309,"date":"2023-12-11T19:54:40","date_gmt":"2023-12-11T18:54:40","guid":{"rendered":"http:\/\/www.emiliosilveravazquez.com\/blog\/?p=7309"},"modified":"2023-12-11T19:54:57","modified_gmt":"2023-12-11T18:54:57","slug":"%c2%a1la-realidad-%c2%bfla-veremos-algun-dia","status":"publish","type":"post","link":"http:\/\/www.emiliosilveravazquez.com\/blog\/2023\/12\/11\/%c2%a1la-realidad-%c2%bfla-veremos-algun-dia\/","title":{"rendered":"\u00a1La realidad! \u00bfLa veremos alg\u00fan d\u00eda?"},"content":{"rendered":"<p><iframe loading=\"lazy\" title=\"Versi\u00f3n Completa. La neurociencia de las emociones. Marian Rojas-Estap\u00e9, psiquiatra y escritora\" width=\"500\" height=\"281\" src=\"https:\/\/www.youtube.com\/embed\/TjqrualxgkI?feature=oembed\" frameborder=\"0\" allow=\"accelerometer; autoplay; clipboard-write; encrypted-media; gyroscope; picture-in-picture; web-share\" allowfullscreen><\/iframe><\/p>\n<p>&nbsp;<\/p>\n<p style=\"text-align: justify;\">La Mente, con sus limitaciones intr\u00ednsecas, forma un marco dentro del cual nuestras ideas pueden juguetear; hasta la teor\u00eda m\u00e1s amplia est\u00e1 &#8220;enmarcada&#8221; en un vocabulario matem\u00e1tico, verbal o visual espec\u00edfico. Luego ponemos a prueba nuestras ideas compar\u00e1ndolas con una parte del mundo externo, que, sin embargo, tiene a su vez un marco a su alrededor. Este proceso es \u00fatil mientras no lleguemos a un campo sin marco, sin l\u00edmites. El teorema de G\u00f6del indica que esto nunca ocurrir\u00e1, que una teor\u00eda, por su misma naturaleza, requiere para su verificaci\u00f3n la existencia o contemplaci\u00f3n de un marco de referencia mayor. Es la condici\u00f3n l\u00edmite, pues, la que brinda la distinci\u00f3n esencial entre la mente y el universo: los pensamientos y los sucesos est\u00e1n limitados, aunque la totalidad no lo est\u00e9.<\/p>\n<p style=\"text-align: justify;\">\u00bfY de d\u00f3nde provienen los l\u00edmites? Muy posiblemente de la ruptura de simetr\u00edas c\u00f3smicas en aquellos primeros momentos de la g\u00e9nesis. Contemplamos un paisaje c\u00f3smico hundido por las l\u00edneas de fracturas de simetr\u00edas rotas, y tomamos de sus esquemas met\u00e1foras que aspiran a ser tan creativas, si no siempre tan agrietadas, como el universo que se proponen describir y que, en realidad, siempre nos parecer\u00e1 extra\u00f1o, dado que, nuestra ignorancia no nos deja contemplar la sencillez y belleza de su realidad escondida.<\/p>\n<p style=\"text-align: justify;\">\n<p>\u00a0 \u00a0 \u00a0 \u00a0 \u00a0 \u00a0 \u00a0 \u00a0 \u00a0 \u00a0 \u00a0 \u00a0<img decoding=\"async\" src=\"https:\/\/antwrp.gsfc.nasa.gov\/apod\/image\/0210\/cocoon_cfht.jpg\" alt=\"IC 5146: La Nebulosa del Capullo |\" \/><\/p>\n<p>&nbsp;<\/p>\n<p style=\"text-align: justify;\">Esta hermosa Nebulosa que conocemos por el nombre de &#8220;Nebulosa del Capullo&#8221;, se muestra hermosa y colorida y nos ense\u00f1a un paisaje encuadrado en una extensa regi\u00f3n del Universo. La miramos y nos extasiamos con su inmensa grandeza y hermosura pero, sabemos lo que ah\u00ed est\u00e1 presente, comprendemos c\u00f3mo surgen nuevas estrellas en esos conglomerados de gas y polvo interestelar, o, sabemos c\u00f3mo y por qu\u00e9 surgen los diferentes colores? No siempre nuestras percepciones, nos llevan a la realidad y, necesitamos del conocimiento profundo de las cosas, de los mecanismos de la Naturaleza para comprender lo que, no siempre, nos pueden decir nuestros sentidos.<\/p>\n<p style=\"text-align: justify;\">Finalmente, puede ser, pues, que el universo sea comprensible porque es defectuoso, que gracias a que renunci\u00f3 a la perfeccci\u00f3n del no ser por el revoltijo del ser existimos nosotros, percibimos la embrollada e imperfecta &#8220;realidad&#8221; y la sometemos a prueba con el fantasmal espectro de los pensamientos de la simetr\u00eda primordial que la precedi\u00f3. Y, como dijo aquel fil\u00f3sofo: Somos, por lo tanto, pensamos, o, como dijo el magistral cuentista Jorge Luis Borge: &#8220;Pese a uno mismo, uno piensa.&#8221;<\/p>\n<p>&nbsp;<\/p>\n<p style=\"text-align: justify;\"><img decoding=\"async\" loading=\"lazy\" class=\"\" src=\"http:\/\/1.bp.blogspot.com\/_-xT7MahYMs0\/TBBz2N62OQI\/AAAAAAAABSs\/Q1EqCQCMqDs\/s1600\/Gnosis.01.jpg\" alt=\"\" width=\"731\" height=\"473\" \/><\/p>\n<p>&nbsp;<\/p>\n<p style=\"text-align: justify;\">La Ciencia, amigos m\u00edos, es un proceso, no un edificio, y se despoja de los viejos conceptos a medida que va creciendo. &#8220;Las Teor\u00edas&#8221; -nos dec\u00eda Ernst Mach- son como hijas marchitas, que caen despu\u00e9s de haber permitido al organismo de la ciencia respirar por un tiempo.&#8221; En la Naturaleza, caen ls hojas viejas y dan paso a nuevas hojas m\u00e1s fuertes y vigorosas que permiten el crecimiento del ser al que ayudan, y, de la misma manera, ocurre con las teor\u00edas que van renov\u00e1ndose con el paso del tiempo y a medida que, las podemos perfeccionar para ir avanzando en el conocimiento de las cosas. Considerada en su totalidad, la empresa cient\u00edfica es tan abierta como la expansi\u00f3n del universo.<\/p>\n<p style=\"text-align: justify;\">As\u00ed, como le contest\u00e9 en alguna ocasi\u00f3n al contertulio Fandila al responder a un comentario suyo:<\/p>\n<p>&nbsp;<\/p>\n<p><img decoding=\"async\" loading=\"lazy\" class=\"\" src=\"https:\/\/www.elagoradiario.com\/wp-content\/uploads\/2021\/07\/Maravillas-naturales.jpg\" alt=\"Descubre 10 maravillas naturales de nuestro planeta\" width=\"731\" height=\"411\" \/><\/p>\n<p>&nbsp;<\/p>\n<blockquote>\n<p style=\"text-align: justify;\"><strong>&#8220;Nuestras explicaciones de la Naturaleza siempre ser\u00e1n inadecuadas, aunque s\u00f3lo sea porque es la diferencia entre la idea y la realidad lo que hace posible la idea. Puede darse por sentado que la Naturaleza siempre conservar\u00e1 la cualidad misteriosa y m\u00e1gica que surge del contraste entre sus innumerables esplendores y las limitaciones de nuestras met\u00e1foras. Nuestra realidad, est\u00e1 dise\u00f1ada por el cerebro donde reside la Mente, y, \u00e9sta, conforma nuestro propio &#8220;universo&#8221; a partir de los datos que, del mundo exterior, le proporcionan nuestros sentidos. Trat\u00e1ndose de que nuestras sentidos est\u00e1n limitados y tienen carencias (hay animales que nos superan en algunos de los sentidos), los datos que transmitimos al cerebro, son, en realidad, &#8220;nuestros datos&#8221; no los datos que est\u00e1n ah\u00ed, en la Naturaleza. De esa manera, la Mente, confecciona una realidad que no siempre coincide con la realidad del mundo que nos rodea.&#8221;<\/strong><\/p>\n<p>&nbsp;<\/p><\/blockquote>\n<p style=\"text-align: justify;\"><img decoding=\"async\" loading=\"lazy\" id=\"Header1_headerimg\" class=\"\" src=\"http:\/\/1.bp.blogspot.com\/_AVtxFMO2T-0\/TNg4h6wbUMI\/AAAAAAAAAC0\/xeFrVuMOimQ\/S1600-R\/fmoderna.jpg\" alt=\"FISICA\" width=\"722\" height=\"553\" \/><\/p>\n<p>&nbsp;<\/p>\n<p style=\"text-align: justify;\">S\u00ed, es cierto, y antes lo dec\u00eda. Hemos llegado a conseguir muchas cosas y hemos descubierto otras que nos han dado un conocimiento del Universo que nos acoge que, y si la imagen que de \u00e9l tenemos no es exactamente todo lo fiel que se podr\u00eda esperar, s\u00ed sabemos que se le aproxima bastante pero, eso, no debe hacernos olvidar la realidad y debemos ser conscientes de lo poco que sabemos. Si nos contemplamos desde una perspectiva fr\u00eda, estaremos dispuestos a rebajar un poco nuestra autoestima y, precisamente, ese reconocimiento de lo poco que sabemos, har\u00e1 posible que aumentemos ese saber que anhelantes perseguimos. Lo cierto es que somos seres de oscuridad y de luz y, aunque no lo confesemos, estamos enamorados de la muerte tanto como de la vida, estamos ansiosos por destruir y tambi\u00e9n por crear. Nuestras vidas, como nuestro planeta, la Tierra, oscilan suspendidas en una dualidad, mitad luz y mitad sombra. Si imploramos a la Naturaleza, ser\u00e1 en vano; ella es indiferente a nuestro destino, y su costumbre es ensayarlo todo y ser implacable con la incompetencia. El 99 por ciento de todas las especies que poblaron la Tierra han desaparecido, y, pod\u00e9is estar seguros, ninguna estrella titilar\u00e1 en nuestro homenaje si nosotros, en nuestra sin raz\u00f3n, las seguimos pronto.<\/p>\n<p>&nbsp;<\/p>\n<div><a href=\"http:\/\/2.bp.blogspot.com\/-s78sA45HTQ0\/TuyzsJbNk8I\/AAAAAAAAAtY\/XUhhGG3LNW4\/s1600\/4A1.jpg\"><img decoding=\"async\" loading=\"lazy\" src=\"http:\/\/2.bp.blogspot.com\/-s78sA45HTQ0\/TuyzsJbNk8I\/AAAAAAAAAtY\/XUhhGG3LNW4\/s320\/4A1.jpg\" alt=\"\" width=\"320\" height=\"320\" border=\"0\" \/><\/a><\/div>\n<div><\/div>\n<div><strong>\u00a0 Siempre hay otra forma de ver las cosas<\/strong><\/div>\n<p style=\"text-align: justify;\">Todas las cuestiones tienen dos asas, por una de las cuales se puede coger, y por la otra no. Si tu hermano te ofende, no abordes la cuesti\u00f3n por este lado, de esa asa no se puede coger la cuesti\u00f3n. En cambio, puedes abordarla por el otro lado, que \u00e9l es tu hermano, tu amigo nato, el que contigo comparti\u00f3 tantas cosas&#8230; tantos momentos&#8230;; y cogiendo la cuesti\u00f3n por ese asa, podr\u00e1s dominar la complicada cuesti\u00f3n que, de otra manera, habr\u00eda dado con todo al traste.<\/p>\n<p style=\"text-align: justify;\">De la misma manera debemos nosotros, como el hermano hizo, mirar hacia atr\u00e1s en el tiempo, ver lo que nos pas\u00f3 en el pasado y aprender de aquellos comportamientos que desembocaron en destrucci\u00f3n y locura, huir de lo que no dio resultados positivos y, coger el asa de &#8220;nuestra cuesti\u00f3n&#8221; por el lado bueno, el que nos podr\u00e1 llevar m\u00e1s lejos y evitar\u00e1 nuestra propia destrucci\u00f3n. Ya vamos teniendo, en nuestras manos, poderes demasiado peligrosos y, si no sabemos manejarlos&#8230;<\/p>\n<p>&nbsp;<\/p>\n<p style=\"text-align: justify;\"><img decoding=\"async\" loading=\"lazy\" id=\"il_fi\" class=\"\" src=\"http:\/\/2.bp.blogspot.com\/-2Z4qN95J3sU\/TaHtupD0uUI\/AAAAAAAAAzM\/RCa1-2ePWK0\/s400\/ni%2525C3%2525B1os_zolan_m%2525C3%2525A1gico_despertar.jpg\" alt=\"\" width=\"715\" height=\"536\" \/><\/p>\n<p><strong>\u00a0 \u00a0 \u00a0 \u00a0 \u00a0 \u00a0 \u00a0 \u00a0 \u00a0 \u00a0 \u00a0 \u00a0La edad m\u00e1s feliz de nuestras vidas&#8230;. \u00a1Todo inocencia y candor!<\/strong><\/p>\n<p style=\"text-align: justify;\">Por lo tanto, decimos -hablando como seres vivos y (creo) que como seres pensantes, como conquistadores del fuego que fuimos-, y decidimos elegir la Vida. Claro que para ello, debemos continuar el largo camino emprendido un d\u00eda por aquellas Civilizaciones perdidas de Mesopotamia, Babilonia, Egipto, La India, China, Grecia&#8230; y otras, que nos dejaron un legado que no podemos despreciar ni olvidar, sino que, es nuestra obligaci\u00f3n como especie, aumentar en cantidad y calidad para llegar a conocer el mundo que nos rodea observando la naturaleza que, en definitiva, es la \u00fanica que tiene todas las respuestas.<\/p>\n<p>&nbsp;<\/p>\n<p><img decoding=\"async\" src=\"https:\/\/www.psicoactiva.com\/wp-content\/uploads\/blog\/2019\/04\/frases-ignorancia2.jpg\" alt=\"50 Frases sobre la ignorancia: reflexiones y ense\u00f1anzas\" \/><\/p>\n<p>&nbsp;<\/p>\n<blockquote>\n<p style=\"text-align: justify;\"><strong>&#8220;Cuanto m\u00e1s aprendemos acerca del mundo y cuanto m\u00e1s profundo sea nuestro aprendizaje, tanto m\u00e1s conscientes, espec\u00edficos y articulados ser\u00e1 nuestro conocimiento de lo que no conocemos, nuestro conocimiento de nuestra ignorancia. Pues, en verdad la fuente principal de nuestra ignorancia es el hecho de que nuestro conocimiento s\u00f3lo puede ser finito, mientras que nuestra ignorancia es necesariamente infinita.&#8221;<\/strong><\/p>\n<\/blockquote>\n<p style=\"text-align: justify;\">Una cosa debemos tener presente, la Ciencia, no puede explicarlo todo. Los fen\u00f3menos que no tienen explicaci\u00f3n deben preocupar a los cient\u00edficos para que, haciendo uso de todos los medios a su alcance (tambi\u00e9n de la intuici\u00f3n y de la imaginaci\u00f3n que genere ideas), nos lleven hacia esa verdad perseguida, lo que, realmente, no ser\u00e1 nada f\u00e1cil. La Teor\u00eda de la Relatividad tiene ya un siglo y ah\u00ed la ten\u00e9is, tan firme como el Pe\u00f1\u00f3n de Gibraltar, es inamovible y no ser\u00e1 porque algunos no hayan tratado de derribarla.<\/p>\n<p style=\"text-align: justify;\">\n<p><img decoding=\"async\" loading=\"lazy\" class=\"\" src=\"https:\/\/www.elcastellano.org\/sites\/default\/files\/atapuerca.jpg\" alt=\"C\u00f3mo empez\u00f3 el lenguaje humano? | Castellano - La P\u00e1gina del Idioma Espa\u00f1ol  = El Castellano - Etimolog\u00eda - Lengua espa\u00f1ola\" width=\"700\" height=\"452\" \/><\/p>\n<p><strong>\u00a0 \u00a0 \u00a0 \u00a0 \u00a0 \u00a0 \u00a0 \u00a0 \u00a0 \u00a0 \u00a0 \u00a0 \u00a0 \u00a0 \u00a0 \u00a0 \u00a0 El camino ha sido duro&#8230; \u00bfNo lo estropearemos todo?<\/strong><\/p>\n<p style=\"text-align: justify;\">As\u00ed, como al principio os dec\u00eda, hay realizaciones de las que la Humanidad puede, con justicia, sentirse orgullosa. Desde que los antiguos griegos (y antes) pusieron el mundo occidental en el camino de la ciencia, nuestra medici\u00f3n del pasado se ha profundizado desde unos pocos miles de a\u00f1os a m\u00e1s de diez mil millones de a\u00f1os, y la del espacio se ha extendido desde un cielo de techo bajo no mucho mayor que la distancia que nos separa de la Luna hasta llegar a un radio de m\u00e1s de diez mil millones de a\u00f1os-luz del universo que hemos podido llegar a observar. Tenemos fundadas razones para esperar que, todos esos logros, no ser\u00e1n en vano y podr\u00e1n servir de palanca para conseguir mayores victorias y llegar a desvelar aquellos secretos de la naturaleza que, en definitiva, nos permitan continuar hacia adelante sin que nada, por imprevisto que pudiera ser, nos borre de la faz de la Tierra para que, dentro de algunos miles de millones de a\u00f1os, si por aqu\u00ed apareciera, una nueva Civilizaci\u00f3n, ni tendr\u00eda el menor rastro de nosotros.\u00a0 Procuremos que eso no pase y, el \u00fanico camino:<\/p>\n<p style=\"text-align: justify;\">\u00a1Saber!<\/p>\n<p style=\"text-align: justify;\">emilio silvera<\/p>\n<p><strong>\u00a0<\/strong><\/p>\n<div class='bookmark'>\r\n\t\t<table align='left' border='0' cellpadding='0' width='100%'>\r\n\t\t<tr><td><span class='pushbutton'><a href='http:\/\/delicious.com\/post?url=http%3A%2F%2Fwww.emiliosilveravazquez.com%2Fblog%2F2023%2F12%2F11%2F%25c2%25a1la-realidad-%25c2%25bfla-veremos-algun-dia%2F&amp;title=%C2%A1La+realidad%21+%C2%BFLa+veremos+alg%C3%BAn+d%C3%ADa%3F' title='Delicious' target='_blank' rel='nofollow'><img src='http:\/\/www.emiliosilveravazquez.com\/blog\/wp-content\/plugins\/knxdt-bookmarks-wordpress-plugin\/images\/delicious.png'  alt='' class='book_img' border='none' style='margin:1px; padding: 0;'  \/><\/a><\/span><span class='pushbutton'><a href='http:\/\/digg.com\/submit?url=http%3A%2F%2Fwww.emiliosilveravazquez.com%2Fblog%2F2023%2F12%2F11%2F%25c2%25a1la-realidad-%25c2%25bfla-veremos-algun-dia%2F&amp;title=%C2%A1La+realidad%21+%C2%BFLa+veremos+alg%C3%BAn+d%C3%ADa%3F' title='Digg' target='_blank' rel='nofollow'><img src='http:\/\/www.emiliosilveravazquez.com\/blog\/wp-content\/plugins\/knxdt-bookmarks-wordpress-plugin\/images\/digg.png'  alt='' class='book_img' border='none' style='margin:1px; padding: 0;'  \/><\/a><\/span><span class='pushbutton'><a href='http:\/\/www.google.com\/bookmarks\/mark?op=edit&amp;bkmk=http%3A%2F%2Fwww.emiliosilveravazquez.com%2Fblog%2F2023%2F12%2F11%2F%25c2%25a1la-realidad-%25c2%25bfla-veremos-algun-dia%2F&amp;title=%C2%A1La+realidad%21+%C2%BFLa+veremos+alg%C3%BAn+d%C3%ADa%3F' title='Google' target='_blank' rel='nofollow'><img src='http:\/\/www.emiliosilveravazquez.com\/blog\/wp-content\/plugins\/knxdt-bookmarks-wordpress-plugin\/images\/google.png'   alt='' class='book_img' border='none' style='margin:1px; padding: 0;'  \/><\/a><\/span><span class='pushbutton'><a href='http:\/\/myweb2.search.yahoo.com\/myresults\/bookmarklet?u=http%3A%2F%2Fwww.emiliosilveravazquez.com%2Fblog%2F2023%2F12%2F11%2F%25c2%25a1la-realidad-%25c2%25bfla-veremos-algun-dia%2F&amp;t=%C2%A1La+realidad%21+%C2%BFLa+veremos+alg%C3%BAn+d%C3%ADa%3F' title='Yahoo' target='_blank' rel='nofollow'><img src='http:\/\/www.emiliosilveravazquez.com\/blog\/wp-content\/plugins\/knxdt-bookmarks-wordpress-plugin\/images\/yahoo.png'  alt='' class='book_img' border='none' style='margin:1px; padding: 0;'  \/><\/a><\/span><span class='pushbutton'><a href='http:\/\/www.technorati.com\/faves?add=http%3A%2F%2Fwww.emiliosilveravazquez.com%2Fblog%2F2023%2F12%2F11%2F%25c2%25a1la-realidad-%25c2%25bfla-veremos-algun-dia%2F' title='Technorati' target='_blank' rel='nofollow'><img src='http:\/\/www.emiliosilveravazquez.com\/blog\/wp-content\/plugins\/knxdt-bookmarks-wordpress-plugin\/images\/technorati.png'  alt='' class='book_img' border='none' style='margin:1px; padding: 0;'  \/><\/a><\/span><span class='pushbutton'><a href='http:\/\/meneame.net\/submit.php?url=http%3A%2F%2Fwww.emiliosilveravazquez.com%2Fblog%2F2023%2F12%2F11%2F%25c2%25a1la-realidad-%25c2%25bfla-veremos-algun-dia%2F' title='Meneame' target='_blank' rel='nofollow'><img src='http:\/\/www.emiliosilveravazquez.com\/blog\/wp-content\/plugins\/knxdt-bookmarks-wordpress-plugin\/images\/meneame.png'  alt='' class='book_img' border='none' style='margin:1px; padding: 0;'  \/><\/a><\/span><span class='pushbutton'><a href='http:\/\/enchilame.com\/submit.php?url=http:\/\/www.emiliosilveravazquez.com\/blog\/2023\/12\/11\/%c2%a1la-realidad-%c2%bfla-veremos-algun-dia\/' target='_blank' rel='nofollow'><img title='Enchilame' src='http:\/\/www.emiliosilveravazquez.com\/blog\/wp-content\/plugins\/knxdt-bookmarks-wordpress-plugin\/images\/enchilame.png'  alt='' class='book_img' border='none' style='margin:1px; padding: 0;'  \/><\/a><\/span><span class='pushbutton'><a href='http:\/\/www.blinklist.com\/index.php?Action=Blink\/addblink.php&amp;Description=&amp;Url=http%3A%2F%2Fwww.emiliosilveravazquez.com%2Fblog%2F2023%2F12%2F11%2F%25c2%25a1la-realidad-%25c2%25bfla-veremos-algun-dia%2F&amp;title=%C2%A1La+realidad%21+%C2%BFLa+veremos+alg%C3%BAn+d%C3%ADa%3F' title='BlinkList' target='_blank' rel='nofollow'><img src='http:\/\/www.emiliosilveravazquez.com\/blog\/wp-content\/plugins\/knxdt-bookmarks-wordpress-plugin\/images\/blinklist.png'  alt='' class='book_img' border='none' style='margin:1px; padding: 0;'  \/><\/a><\/span><span class='pushbutton'><a href='http:\/\/reddit.com\/submit?url=http%3A%2F%2Fwww.emiliosilveravazquez.com%2Fblog%2F2023%2F12%2F11%2F%25c2%25a1la-realidad-%25c2%25bfla-veremos-algun-dia%2F&amp;title=%C2%A1La+realidad%21+%C2%BFLa+veremos+alg%C3%BAn+d%C3%ADa%3F' title='Reddit' target='_blank' rel='nofollow'><img src='http:\/\/www.emiliosilveravazquez.com\/blog\/wp-content\/plugins\/knxdt-bookmarks-wordpress-plugin\/images\/reddit.png'  alt='' class='book_img' border='none' style='margin:1px; padding: 0;'  \/><\/a><\/span><span class='pushbutton'><a href='http:\/\/www.tecnologiadiaria.com\/2009\/07\/abrir-com-hotmail-correo.html' target='_blank' title='hotmail'><img src='http:\/\/www.emiliosilveravazquez.com\/blog\/wp-content\/plugins\/knxdt-bookmarks-wordpress-plugin\/images\/linklove.png' alt='hotmail correo' class='book_img' border='none' style='margin:1px; padding: 0;' \/><\/a><\/span><span class='pushbutton'><a href='http:\/\/bitacoras.com\/votar\/anotacion\/externo\/mini\/www.emiliosilveravazquez.com\/blog\/2023\/12\/11\/%c2%a1la-realidad-%c2%bfla-veremos-algun-dia\/' title='Bitacoras.com' target='_blank' rel='nofollow'><img src='http:\/\/www.emiliosilveravazquez.com\/blog\/wp-content\/plugins\/knxdt-bookmarks-wordpress-plugin\/images\/bitacoras.png'  alt='' class='book_img' border='none' style='margin:1px; padding: 0;'  \/><\/a><\/span><span class='pushbutton'><a href='http:\/\/www.wikio.es\/vote?url=http%3A%2F%2Fwww.emiliosilveravazquez.com%2Fblog%2F2023%2F12%2F11%2F%25c2%25a1la-realidad-%25c2%25bfla-veremos-algun-dia%2F' title='Wikio' target='_blank' rel='nofollow'><img src='http:\/\/www.emiliosilveravazquez.com\/blog\/wp-content\/plugins\/knxdt-bookmarks-wordpress-plugin\/images\/wikio.png'   alt='' class='book_img' border='none' style='margin:1px; padding: 0;'   \/><\/a><\/span><span class='pushbutton'><a href='http:\/\/friendfeed.com\/?url=http%3A%2F%2Fwww.emiliosilveravazquez.com%2Fblog%2F2023%2F12%2F11%2F%25c2%25a1la-realidad-%25c2%25bfla-veremos-algun-dia%2F&amp;title=%C2%A1La+realidad%21+%C2%BFLa+veremos+alg%C3%BAn+d%C3%ADa%3F' title='Friend Feed' target='_blank' rel='nofollow'><img src='http:\/\/www.emiliosilveravazquez.com\/blog\/wp-content\/plugins\/knxdt-bookmarks-wordpress-plugin\/images\/friendfeed.png'  alt='' class='book_img' border='none' style='margin:1px; padding: 0;'  \/><\/a><\/span><span class='pushbutton'><a href='http:\/\/www.facebook.com\/share.php?u=http%3A%2F%2Fwww.emiliosilveravazquez.com%2Fblog%2F2023%2F12%2F11%2F%25c2%25a1la-realidad-%25c2%25bfla-veremos-algun-dia%2F&amp;t=%C2%A1La+realidad%21+%C2%BFLa+veremos+alg%C3%BAn+d%C3%ADa%3F' title='Facebook' target='_blank' rel='nofollow'><img src='http:\/\/www.emiliosilveravazquez.com\/blog\/wp-content\/plugins\/knxdt-bookmarks-wordpress-plugin\/images\/facebook.png'  alt='' class='book_img' border='none' style='margin:1px; padding: 0;'  \/><\/a><\/span><span class='pushbutton'><a href='http:\/\/twitter.com\/home?status=%C2%A1La+realidad%21+%C2%BFLa+veremos+alg%C3%BAn+d%C3%ADa%3F: http%3A%2F%2Fwww.emiliosilveravazquez.com%2Fblog%2F2023%2F12%2F11%2F%25c2%25a1la-realidad-%25c2%25bfla-veremos-algun-dia%2F' title='Twitter' target='_blank' rel='nofollow'><img src='http:\/\/www.emiliosilveravazquez.com\/blog\/wp-content\/plugins\/knxdt-bookmarks-wordpress-plugin\/images\/twitter.png'  alt='' class='book_img' border='none' style='margin:1px; padding: 0;'  \/><\/a><\/span><span class='pushbutton'><a href='http:\/\/www.feedburner.com\/fb\/a\/emailFlare?itemTitle=%C2%A1La+realidad%21+%C2%BFLa+veremos+alg%C3%BAn+d%C3%ADa%3F&amp;uri=http%3A%2F%2Fwww.emiliosilveravazquez.com%2Fblog%2F2023%2F12%2F11%2F%25c2%25a1la-realidad-%25c2%25bfla-veremos-algun-dia%2F' title='Enviar por Email' target='_blank' rel='nofollow'><img src='http:\/\/www.emiliosilveravazquez.com\/blog\/wp-content\/plugins\/knxdt-bookmarks-wordpress-plugin\/images\/email.png'  alt='' class='book_img' border='none' style='margin:1px; padding: 0;'  \/><\/a><\/span><span style='font-weight:bold; padding-left: 5px;'><a href='http:\/\/wordpress.org\/extend\/plugins\/knxdt-bookmarks-wordpress-plugin\/' title='Plugin' rel='nofollow' target='_blank'>[?]<\/a><\/span><\/td><\/tr><\/table><br\/><br\/><\/div>","protected":false},"excerpt":{"rendered":"<p>&nbsp; La Mente, con sus limitaciones intr\u00ednsecas, forma un marco dentro del cual nuestras ideas pueden juguetear; hasta la teor\u00eda m\u00e1s amplia est\u00e1 &#8220;enmarcada&#8221; en un vocabulario matem\u00e1tico, verbal o visual espec\u00edfico. Luego ponemos a prueba nuestras ideas compar\u00e1ndolas con una parte del mundo externo, que, sin embargo, tiene a su vez un marco a [&hellip;]<\/p>\n","protected":false},"author":2,"featured_media":0,"comment_status":"open","ping_status":"open","sticky":false,"template":"","format":"standard","meta":{"_s2mail":"yes","footnotes":""},"categories":[49],"tags":[],"_links":{"self":[{"href":"http:\/\/www.emiliosilveravazquez.com\/blog\/wp-json\/wp\/v2\/posts\/7309"}],"collection":[{"href":"http:\/\/www.emiliosilveravazquez.com\/blog\/wp-json\/wp\/v2\/posts"}],"about":[{"href":"http:\/\/www.emiliosilveravazquez.com\/blog\/wp-json\/wp\/v2\/types\/post"}],"author":[{"embeddable":true,"href":"http:\/\/www.emiliosilveravazquez.com\/blog\/wp-json\/wp\/v2\/users\/2"}],"replies":[{"embeddable":true,"href":"http:\/\/www.emiliosilveravazquez.com\/blog\/wp-json\/wp\/v2\/comments?post=7309"}],"version-history":[{"count":0,"href":"http:\/\/www.emiliosilveravazquez.com\/blog\/wp-json\/wp\/v2\/posts\/7309\/revisions"}],"wp:attachment":[{"href":"http:\/\/www.emiliosilveravazquez.com\/blog\/wp-json\/wp\/v2\/media?parent=7309"}],"wp:term":[{"taxonomy":"category","embeddable":true,"href":"http:\/\/www.emiliosilveravazquez.com\/blog\/wp-json\/wp\/v2\/categories?post=7309"},{"taxonomy":"post_tag","embeddable":true,"href":"http:\/\/www.emiliosilveravazquez.com\/blog\/wp-json\/wp\/v2\/tags?post=7309"}],"curies":[{"name":"wp","href":"https:\/\/api.w.org\/{rel}","templated":true}]}}