{"id":7250,"date":"2013-01-07T07:00:22","date_gmt":"2013-01-07T06:00:22","guid":{"rendered":"http:\/\/www.emiliosilveravazquez.com\/blog\/?p=7250"},"modified":"2013-01-07T13:24:00","modified_gmt":"2013-01-07T12:24:00","slug":"lo-que-creemos-que-pudo-suceder","status":"publish","type":"post","link":"http:\/\/www.emiliosilveravazquez.com\/blog\/2013\/01\/07\/lo-que-creemos-que-pudo-suceder\/","title":{"rendered":"Lo que creemos que pudo suceder"},"content":{"rendered":"<div>\n<p style=\"text-align: justify;\"><strong>UN RECORRIDO POR LA HISTORIA DEL UNIVERSO<\/strong><\/p>\n<p style=\"text-align: justify;\">En el tiempo cero, comenz\u00f3 el origen del espaciotiempo y la energ\u00eda del universo que conocemos. Despu\u00e9s del comienzo del tiempo, y, finalizada la \u00e9poca de Planck; la radiaci\u00f3n gravitatoria sale del equilibrio t\u00e9rmico con el resto del universo. El universo, en un estado de vac\u00edo, empieza a \u201cinflarse\u201d, esto es, a expandirse a una tasa exponencial de unas 10<sup>50<\/sup>, veces la tasa actual de expansi\u00f3n. Termina la tasa inflacionaria; las part\u00edculas se arrojan fuera del vac\u00edo. La transici\u00f3n de fase de la ruptura de la simetr\u00eda escinde la <a href=\"http:\/\/www.emiliosilveravazquez.com\/blog\/2012\/07\/17\/un-breve-recorrido-por-el-comienzo\/\"><a href=\"#\" onclick=\"referencia('fuerza nuclear debil',event); return false;\">fuerza electrod\u00e9bil<\/a><\/a> en la <a href=\"http:\/\/www.emiliosilveravazquez.com\/blog\/2012\/07\/17\/un-breve-recorrido-por-el-comienzo\/\"><a href=\"#\" onclick=\"referencia('fuerza electromagnetica',event); return false;\">fuerza electromagn\u00e9tica<\/a><\/a> y la <a href=\"http:\/\/www.emiliosilveravazquez.com\/blog\/2012\/07\/17\/un-breve-recorrido-por-el-comienzo\/\"><a href=\"#\" onclick=\"referencia('fuerza nuclear debil',event); return false;\">fuerza nuclear d\u00e9bil<\/a><\/a>.<\/p>\n<p style=\"text-align: justify;\">\n<p style=\"text-align: justify;\">\u00a0<img decoding=\"async\" src=\"http:\/\/1.bp.blogspot.com\/_IP-xhn2P2rQ\/TIfX2PjXiyI\/AAAAAAAAFaw\/e8IhhYqiNIo\/s1600\/3a.jpg\" alt=\"http:\/\/1.bp.blogspot.com\/_IP-xhn2P2rQ\/TIfX2PjXiyI\/AAAAAAAAFaw\/e8IhhYqiNIo\/s1600\/3a.jpg\" \/><\/p>\n<p style=\"text-align: justify;\">\n<p style=\"text-align: justify;\">Todo lo anterior ocurri\u00f3 antes del transcurso de un minuto, y, tambi\u00e9n antes de esa m\u00ednima fracci\u00f3n de tiempo, los <a href=\"http:\/\/www.emiliosilveravazquez.com\/blog\/2012\/07\/17\/un-breve-recorrido-por-el-comienzo\/\">quarks<\/a> y antiquarks cesan su aniquilaci\u00f3n mutua. Los supervivientes se unen en tr\u00edos para formar <a href=\"http:\/\/www.emiliosilveravazquez.com\/blog\/2012\/07\/17\/un-breve-recorrido-por-el-comienzo\/\">protones<\/a> y <a href=\"http:\/\/www.emiliosilveravazquez.com\/blog\/2012\/07\/17\/un-breve-recorrido-por-el-comienzo\/\">neutrones<\/a>, los componentes de todos los n\u00facleos at\u00f3micos.<\/p>\n<p style=\"text-align: justify;\">El universo tiene 1\/100.000 de segundo de antig\u00fcedad. La constante captura de <a href=\"http:\/\/www.emiliosilveravazquez.com\/blog\/2012\/07\/17\/un-breve-recorrido-por-el-comienzo\/\">electrones<\/a> y positrones convierte los <a href=\"http:\/\/www.emiliosilveravazquez.com\/blog\/2012\/07\/17\/un-breve-recorrido-por-el-comienzo\/\">neutrones<\/a> en <a href=\"http:\/\/www.emiliosilveravazquez.com\/blog\/2012\/07\/17\/un-breve-recorrido-por-el-comienzo\/\">protones<\/a> y a la inversa. Como se requiere un poco m\u00e1s de energ\u00eda para hacer <a href=\"http:\/\/www.emiliosilveravazquez.com\/blog\/2012\/07\/17\/un-breve-recorrido-por-el-comienzo\/\">neutrones<\/a> que <a href=\"http:\/\/www.emiliosilveravazquez.com\/blog\/2012\/07\/17\/un-breve-recorrido-por-el-comienzo\/\">protones<\/a>, el proceso deja el universo con cinco veces m\u00e1s <a href=\"http:\/\/www.emiliosilveravazquez.com\/blog\/2012\/07\/17\/un-breve-recorrido-por-el-comienzo\/\">protones<\/a> que <a href=\"http:\/\/www.emiliosilveravazquez.com\/blog\/2012\/07\/17\/un-breve-recorrido-por-el-comienzo\/\">neutrones<\/a>.<\/p>\n<p style=\"text-align: justify;\">Las part\u00edculas de materia y de energ\u00eda interaccionan en equilibrio t\u00e9rmico. Los <a href=\"http:\/\/www.emiliosilveravazquez.com\/blog\/2012\/07\/17\/un-breve-recorrido-por-el-comienzo\/\">neutrinos<\/a>, antes enredados con otras part\u00edculas se desacoplan y siguen su propio camino. Los <a href=\"http:\/\/www.emiliosilveravazquez.com\/blog\/2012\/07\/17\/un-breve-recorrido-por-el-comienzo\/\">protones<\/a> y <a href=\"http:\/\/www.emiliosilveravazquez.com\/blog\/2012\/07\/17\/un-breve-recorrido-por-el-comienzo\/\">neutrones<\/a> se unen, formando n\u00facleos de helio. El Universo ahora est\u00e1 compuesto de un 20 por ciento de n\u00facleos de helio y un 80 por ciento de n\u00facleos de hidr\u00f3geno. El universo, cuando ten\u00eda una hora de edad, se hab\u00eda enfriado hasta el punto de que se hab\u00edan detenido todos los procesos nucleares. Cuando cumpli\u00f3 1 a\u00f1o de edad, la temperatura ambiente del universo es aproximadamente la del centro de una estrella.<\/p>\n<p style=\"text-align: justify;\">\n<p style=\"text-align: justify;\">\u00a0<img decoding=\"async\" loading=\"lazy\" id=\"il_fi\" src=\"http:\/\/3.bp.blogspot.com\/-opFz9FL15No\/TVgeuiz83JI\/AAAAAAAAAxI\/TCuY4aalZ6g\/s1600\/big-bang.jpg\" alt=\"\" width=\"473\" height=\"473\" \/><\/p>\n<p style=\"text-align: justify;\">\u00a0\u00a0\u00a0\u00a0\u00a0\u00a0\u00a0\u00a0\u00a0\u00a0\u00a0\u00a0\u00a0\u00a0 Sus buenos 15 millones de grados hacen que la fusi\u00f3n se produzca<\/p>\n<p style=\"text-align: justify;\">\n<p style=\"text-align: justify;\">En 1965 se encontr\u00f3 la prueba \u201ctangible\u201d del <a href=\"http:\/\/www.emiliosilveravazquez.com\/blog\/2012\/07\/17\/un-breve-recorrido-por-el-comienzo\/\"><a href=\"#\" onclick=\"referencia('big bang',event); return false;\">Big Bang<\/a><\/a>. Comprobando un detector de microondas muy sensible, dos cient\u00edficos descubrieron una radiaci\u00f3n estra\u00f1a que proven\u00eda por igual de todos los puntos del espacio.<\/p>\n<p style=\"text-align: justify;\">Otros te\u00f3ricos ya hab\u00edan predicho que se habr\u00eda de observar, procediendo de todo el universo, un \u201cresplandor\u201d testimonio del <a href=\"http:\/\/www.emiliosilveravazquez.com\/blog\/2012\/07\/17\/un-breve-recorrido-por-el-comienzo\/\"><a href=\"#\" onclick=\"referencia('big bang',event); return false;\">Big Bang<\/a><\/a>, y que esta luz, debido a la expansi\u00f3n del Universo, se presentar\u00eda en forma de microondas.<\/p>\n<p style=\"text-align: justify;\">Con una edad de 10<sup>6<\/sup> a\u00f1os, se data el origen de la radiaci\u00f3n c\u00f3smica de fondo. Los <a href=\"http:\/\/www.emiliosilveravazquez.com\/blog\/2012\/07\/17\/un-breve-recorrido-por-el-comienzo\/\"><a href=\"#\" onclick=\"referencia('foton',event); return false;\">fotones<\/a><\/a> se desacoplan, dejando a los <a href=\"http:\/\/www.emiliosilveravazquez.com\/blog\/2012\/07\/17\/un-breve-recorrido-por-el-comienzo\/\">electrones<\/a> libres para combinarse con n\u00facleos y formar \u00e1tomos estables. En lo sucesivo, la materia puede condensarse en galaxias y estrellas.<\/p>\n<p style=\"text-align: justify;\">A los 10<sup>9<\/sup> a\u00f1os despu\u00e9s del comienzo del tiempo (DCT) aparecen las <a href=\"http:\/\/www.emiliosilveravazquez.com\/blog\/2012\/07\/17\/un-breve-recorrido-por-el-comienzo\/\"><a href=\"#\" onclick=\"referencia('protogalaxia',event); return false;\">protogalaxia<\/a><\/a>s, formando c\u00famulos globulares. Comienza la \u00e9poca de los <a href=\"http:\/\/www.emiliosilveravazquez.com\/blog\/2012\/07\/17\/un-breve-recorrido-por-el-comienzo\/\"><a href=\"#\" onclick=\"referencia('quasars',event); return false;\">quasars<\/a><\/a>.<\/p>\n<p style=\"text-align: justify;\">4.500 millones de a\u00f1os antes del presente, el Sol y los planetas se condensan a partir de una nube de gas y polvo en un brazo espiral de la Galaxia V\u00eda de la V\u00eda L\u00e1ctea. Hace 3.800 millones de a\u00f1os que la Tierra se ha enfriado lo suficiente como para formar una corteza s\u00f3lida; es la edad de las m\u00e1s antiguas rocas fechadas en las que se han encontrado f\u00f3siles de seres primarios.<\/p>\n<p style=\"text-align: justify;\">\n<p style=\"text-align: justify;\">\n<p style=\"text-align: justify;\">\u00a0<img decoding=\"async\" loading=\"lazy\" src=\"http:\/\/www.tudiscovery.com\/alienplanet\/alternate\/emergence\/asset\/48046798661589274_alternate5_An-Expanding-Bub.jpg\" alt=\"En octubre y noviembre de 1997, y en abril de 1999, los astr\u00f3nomos a bordo del Telescopio Espacial Hubble de la NASA, usando la C\u00e1mara Planetaria de Campo Amplio 2,  captaron la Burbuja Nebula (NGC 7635) con una claridad sin precedentes.\" width=\"550\" height=\"157\" border=\"0\" \/><\/p>\n<p style=\"text-align: justify;\">\n<p style=\"text-align: justify;\">Los materiales sencillos como el Hidr\u00f3geno que se hicieron m\u00e1s complejos en los hornos nucleares de las estrellas para formar materiales cada vez m\u00e1s evolucionados que en las adecuadas condiciones de un planeta, nos llevaron hasta lo que conocemos como \u00a1vida! y todo ello, se pudo producior&#8230;\u00a0 \u00bfA partir de la materia inerte?<\/p>\n<p style=\"text-align: justify;\">Hace ahora 3.500-3.200 millones de a\u00f1os que c\u00e9lulas vivas microsc\u00f3picas evolucionan sobre la Tierra, 1.800 millones de a\u00f1os hac\u00eda atr\u00e1s en el tiempo aparecieron las primeras plantas. El ox\u00edgeno envenena la atm\u00f3sfera de la Tierra y proliferan los organismos aer\u00f3bicos (\u201camantes del ox\u00edgeno\u201d). Han pasado 900 millones de a\u00f1os desde que la divisi\u00f3n sexual aceler\u00f3 el ritmo de la evoluci\u00f3n biol\u00f3gica. Pasados 200 millones de a\u00f1os (hace ahora 700), aparecen los animales, en su mayor\u00eda plantelmintos y medusas. 100 a\u00f1os m\u00e1s tarde, aparecen los crust\u00e1ceos y otros 100 a\u00f1os despu\u00e9s los primeros vertebrados. Mirando 425 millones de a\u00f1os hac\u00eda atr\u00e1s en el tiempo podr\u00edamos ver como la vida emigr\u00f3 a la tierra seca, y, poco despu\u00e9s, aparecieron los primeros insectos. Los primeros vertebrados terrestres tienen ahora unos 325 millones de a\u00f1os y 200 los primeros mam\u00edferos.<\/p>\n<p style=\"text-align: justify;\">Norteam\u00e9rica se separ\u00f3 de \u00c1frica hace ahora 180 millones de a\u00f1os; y, se preduce el g\u00e9nesis del Atl\u00e1ntico. 100 millones de a\u00f1os antes del presente, hace ya medio a\u00f1o gal\u00e1ctico que la Tierra daba al otro lado del Universo. La evoluci\u00f3n de los preprimates hace ya 70 millones de a\u00f1os que se produjo y los primeros caballos aparecieron hace ahora 55 millones de a\u00f1os. Los gastos y perros llegaron despu\u00e9s, hace unos 35 millones de a\u00f1os.<\/p>\n<p style=\"text-align: justify;\">\n<p style=\"text-align: justify;\">\n<p style=\"text-align: justify;\">\u00a0<img decoding=\"async\" src=\"http:\/\/bioinformatica.uab.cat\/divulgacio\/antropoides.jpg\" alt=\"\" border=\"0\" \/><\/p>\n<p style=\"text-align: justify;\">Filogenia actual del humanos y antropomorfos modernos que integra los datos moleculares y morfol\u00f3gicos. H: hombre, C: Chimpanc\u00e9, G: Gorila, O: Orangut\u00e1n y G: Gib\u00f3n.\u00a0 Podemos tener un antepasado com\u00fan, es posible, pero lleg\u00f3 un momento en el que se divergieron en dos ramas distintas, Una fue la nuestra que continu\u00f3 su evoluci\u00f3n imparable.<\/p>\n<p style=\"text-align: justify;\">Los pastos tienen una edad de 24 millones de a\u00f1os y tres millones de a\u00f1os m\u00e1s tarde se separan los caminos evolutivos de los simios y los monos. Ya se han cumplido 20 millones de a\u00f1os desde que la atm\u00f3sfera terrestre obtuvo su composici\u00f3n moderna. La Ant\u00e1rtica se hel\u00f3 hace 15 millones de a\u00f1os y, cuatro millones de a\u00f1os m\u00e1s tarde ya proliferaban los animales de pastoreo.<\/p>\n<p style=\"text-align: justify;\">Se han cumplido 5 millones de a\u00f1os desde que el hombre mono se separ\u00f3 de la familia del chimpanc\u00e9, y, 3,7 millones de a\u00f1os desde que el hombre-mono camin\u00f3 erguido, poco despu\u00e9s fue el principio de la \u00faltima serie de glaciaciones.<\/p>\n<p style=\"text-align: justify;\">\n<p style=\"text-align: justify;\">\n<p style=\"text-align: justify;\">\u00a0<img decoding=\"async\" src=\"http:\/\/web.educastur.princast.es\/proyectos\/grupotecne\/archivos\/investiga\/erectus2006.jpg\" alt=\"\" width=\"280\" \/><\/p>\n<p style=\"text-align: justify;\" align=\"center\"><em> Reconstrucci\u00f3n de un grupo de Homo Erectus alimentando un fuego<\/em><\/p>\n<p style=\"text-align: justify;\" align=\"center\">\n<p style=\"text-align: justify;\">1,8-1,7 millones de a\u00f1os han pasado desde que el Homo-erectus, \u201cel primer hombre verdadero\u201d, vive en China, y, hace ya 600.000 a\u00f1os que surgi\u00f3 el Homo Sapiens. El uso com\u00fan del fuego se generaliz\u00f3 entre el genero homo hace ahora unos 360.000 a\u00f1os, y hace 150.000 a\u00f1os que podr\u00edamos haber contemplado la presencia del mamut lanudo.<\/p>\n<p style=\"text-align: justify;\">Han pasado ya 100.000 a\u00f1os desde que las estrellas adoptaron las formas de las constelaciones modernas reconocibles, y, 40.000 a\u00f1os han pasado desde que nuestra especie invent\u00f3 el lenguaje complejo y aparecieron los seres humanos modernos. El hombre de Neandertal desapareci\u00f3 hace ya 35.000 a\u00f1os, y, por aquel entonces, aunque algo r\u00fasticos, se construyeron los primeros instrumentos musicales que acompa\u00f1aron a los pueblos desde muy temprano.<\/p>\n<p style=\"text-align: justify;\">\n<p style=\"text-align: justify;\">\n<p style=\"text-align: justify;\">\u00a0<img decoding=\"async\" title=\"neolitico.jpg\" src=\"http:\/\/ism6caula.wikispaces.com\/file\/view\/neolitico.jpg\/217380648\/neolitico.jpg\" alt=\"neolitico.jpg\" \/><\/p>\n<p style=\"text-align: justify;\">\n<p style=\"text-align: justify;\">La Agricultura hizo acto de presencia hace ya 20.000 a\u00f1os. Poco m\u00e1s tarde (1.000 a\u00f1os) comienza el doblamiento de Am\u00e9rica. Los seres humanos, hace 18.000 a\u00f1os que cr\u00edan animales e inventaron los anzuelos r\u00fasticos para pescar en los r\u00edos, as\u00ed como empez\u00f3 el oficio de alfarero. El trigo y el arroz se comenzaron a cultivar hace ya unos 10.000 a\u00f1os.<\/p>\n<p style=\"text-align: justify;\">\u00a0<img decoding=\"async\" loading=\"lazy\" src=\"http:\/\/divulgamat2.ehu.es\/divulgamat15\/images\/stories\/Exposiciones\/Expode\/calendario\/CalendarioBabilonico.jpg\" alt=\"Calendario Babil\u00f3nico\" width=\"200\" height=\"173\" border=\"0\" \/><\/p>\n<div style=\"text-align: justify;\">Comentario: Calendario Babil\u00f3nico (Irak), Foto Magnum en \u201cCiencia y Vida\u201d.<\/div>\n<p style=\"text-align: justify;\">Los babilonios introdujeron el sistema sexagesimal con la HORA de 60 minutos y el MINUTO de 60 segundos<\/p>\n<p style=\"text-align: justify;\">El Calendario Babil\u00f3nico entr\u00f3 en uso hace 6.700 a\u00f1os y por aquellas fechas se comenz\u00f3 la fundici\u00f3n del cobre y poco despu\u00e9s se comenz\u00f3 a utilizar el calendario solar m\u00e1s perfeccionado. Hace 5.600 a\u00f1os que aparecieron los primeros impuestos. 3.600 a\u00f1os a. C. en Per\u00fa y M\u00e9xico se cultivaba el algod\u00f3n.<\/p>\n<p style=\"text-align: justify;\">\n<p style=\"text-align: justify;\">\u00a0<img decoding=\"async\" loading=\"lazy\" src=\"http:\/\/www.portalciencia.net\/images\/stonehenge10.jpg\" alt=\"http:\/\/www.portalciencia.net\/images\/stonehenge10.jpg\" width=\"672\" height=\"504\" \/><\/p>\n<p style=\"text-align: justify;\">\n<p style=\"text-align: justify;\">2.500 a\u00f1os a. de C., Stonehenge, y, por aquel tiempo, surge la astronom\u00eda sistem\u00e1tica en Egipto, Babilonia, la India y China. 1.500 a\u00f1os a. de C. se invent\u00f3 el reloj de Sol en Egipto. 1.000 a\u00f1os a. de C. Homero declam\u00f3 la Odisea y poco m\u00e1s tarde, surgi\u00f3 la cultura olmeca en M\u00e9xico. En el a\u00f1o 700 a. C. Hes\u00edodo escribe los trabajos y los d\u00edas y florece la Cultura Maya en Guatemala. 600 a\u00f1os a. de C., Lao-Tse, Confucio, Buda, Zoroastro; y el Antiguo Testamento en Hebreo.<\/p>\n<p style=\"text-align: justify;\">\n<p style=\"text-align: justify;\">\n<p style=\"text-align: justify;\">\u00a0<img decoding=\"async\" loading=\"lazy\" src=\"http:\/\/www.freemasons-freemasonry.com\/Diapositiva2.JPG\" alt=\"Escuela de Atenas, Raffaello Sanzio\" width=\"255\" height=\"300\" border=\"0\" \/><\/p>\n<p>&nbsp;<\/p>\n<p style=\"text-align: justify;\">Pit\u00e1goras en la Escuela de Atenas de Rafael Sandio de Urbino.<\/p>\n<p style=\"text-align: justify;\">\n<p style=\"text-align: justify;\">Pit\u00e1goras ense\u00f1a que \u201ctodo es n\u00famero\u201d 540 a\u00f1os a. de C., y, nos dice que toda la Naturaleza es armoniosa. Leucipo y Dem\u00f3crito conjeturan que la materia est\u00e1 hecha de entidades invisibles, los \u00e1tomos. Las paradojas de Zen\u00f3n plantean dudas sobre el concepto de lo infinitesimal. Por aquellos tiempos, Plat\u00f3n ense\u00f1a que el mundo material s\u00f3lo es la sombra de una realidad geom\u00e9tricamente perfecta. Arist\u00f3teles y Euxodo especulan que el universo se compone de esferas cristalinas centradas en la Tierra.<\/p>\n<p style=\"text-align: justify;\">300 a\u00f1os a. de C., la geometr\u00eda de Euclides une la perfecci\u00f3n matem\u00e1tica al mundo de la experiencia. Poco despu\u00e9s, Aristarco de Samos adopta la hip\u00f3tesis de que la Tierra gira alrededor del Sol en un Universo gigantesco, y, eso lo dijo, 260 a\u00f1os a. de C. 150 a\u00f1os m\u00e1s tarde Claudio Tolomeo construye un complejo modelo cosmol\u00f3gico geoc\u00e9ntrico que \u201csalva las apariencias\u201d, es decir, hace predicciones razonablemente exactas a expensas de las pretensiones de representar la realidad f\u00edsica. Ya en aquellos tiempos, navegantes chinos llegaron a las costas de la India.<\/p>\n<p style=\"text-align: justify;\">\n<p>&nbsp;<\/p>\n<p><img decoding=\"async\" loading=\"lazy\" src=\"http:\/\/upload.wikimedia.org\/wikipedia\/commons\/3\/35\/Lucretius2.png\" alt=\"File:Lucretius2.png\" width=\"199\" height=\"237\" \/><\/p>\n<p style=\"text-align: justify;\">\u00a0\u00a0\u00a0\u00a0\u00a0\u00a0\u00a0\u00a0\u00a0\u00a0\u00a0\u00a0\u00a0\u00a0\u00a0\u00a0\u00a0\u00a0\u00a0\u00a0\u00a0\u00a0\u00a0 Lucrecio<\/p>\n<p style=\"text-align: justify;\">\n<p style=\"text-align: justify;\">60 a\u00f1os a. de C. Lucrecio escribe De rerum natura (Sobre la Naturaleza de las cosas), donde se muestra partidario de la cosmolog\u00eda epicurea.<\/p>\n<p style=\"text-align: justify;\">Llegamos al a\u00f1o 325 d. de C. con el Concilio de Nicea, el comienzo de la Edad Media que hace aletargar la ciencia, los v\u00e1ndalos saquean Roma y llega el Renacimiento en Europa. <strong>Concilio de Nicea<\/strong> fue la antesala que determin\u00f3 el cristianismo como religi\u00f3n del Imperio Romano en el 325 por Constantino. <strong>Constantino El Grande<\/strong> deb\u00eda mantener la unidad del Imperio ante las diferentes amenazas que aquejaban en ese momento hist\u00f3rico, la religi\u00f3n era una de ellas.<\/p>\n<p style=\"text-align: justify;\">\n<p style=\"text-align: justify;\">\u00a0<img decoding=\"async\" src=\"http:\/\/4.bp.blogspot.com\/_55EMQhsUrW0\/TR4Dnn4qhFI\/AAAAAAAAALo\/3tiGeOEhEYg\/s1600\/nicea.jpg\" alt=\"\" \/><\/p>\n<p style=\"text-align: justify;\">\u00a0 \u00a0 \u00a0 \u00a0 \u00a0 \u00a0 \u00a0 \u00a0 \u00a0 \u00a0 \u00a0 \u00a0 \u00a0 \u00a0 \u00a0 \u00a0 \u00a0 \u00a0 \u00a0 \u00a0 \u00a0 \u00a0 \u00a0 \u00a0 \u00a0 \u00a0 \u00a0 \u00a0 \u00a0 \u00a0 Concilio de Nicea<\/p>\n<p style=\"text-align: justify;\">A partir de ah\u00ed, todos estamos al tanto de lo que ha pasado, de los grandes descubrimientos y avances de la Astronom\u00eda, la F\u00edsica, la Qu\u00edmica, la Biolog\u00eda, la Gen\u00e9tica, la Neurocirug\u00eda, la IA y la Rob\u00f3tica, y, todo lo que el mundo moderno nos ha tra\u00eddo.<\/p>\n<p style=\"text-align: justify;\">\n<p style=\"text-align: justify;\">\n<p style=\"text-align: justify;\">\u00a0<img decoding=\"async\" src=\"http:\/\/www.monografias.com\/trabajos83\/ie-inteligencia-artificial\/image001.jpg\" alt=\"Monografias.com\" \/><\/p>\n<p style=\"text-align: justify;\">\n<p style=\"text-align: justify;\" align=\"center\">Podemos decir que, desde las ramas de los \u00e1rboles hemos evolucionado tanto que, desde inventar la escritura y todas las maravillas que ah\u00ed arriba quedan descritas, hemos llegado a crear seres artificiales que, en el futuro pr\u00f3ximo, ser\u00e1n nuestros embajadores den el espacio interestelar<\/p>\n<p style=\"text-align: justify;\">Espero que este leve repaso de lo que ocurri\u00f3 desde el comienzo del universo hasta lo que podr\u00edamos considerar el comienzo de nuestra era, con el Imperio Romano y el Renacimiento, os aporte datos de inter\u00e9s y agrande vuestros conocimientos, o, al menos, sacie, en parte, la curiosidad que hab\u00e9is sentido sobre algunos hechos.<\/p>\n<p style=\"text-align: justify;\">Est\u00e1 claro que es un repaso sin profundidad y simplemente se se\u00f1alan algunos hechos dejando otros muchos por detr\u00e1s pero, pormenorizar en todo lo ocurrido en la historia de la Humanidad desde que lleg\u00f3 a la Tierra\u2026es imposible. Por una poarte porque tiene muchos espacios \u201cvac\u00edos\u201d de los que nada podemos decir, y, en segundo lugar, ser\u00eda tan largo el texto que nos aburrir\u00edas tantos datos. Buscamos que la lectura sea corta y amena y nos incite a debatir.<\/p>\n<p style=\"text-align: justify;\"><em>emilio silvera<\/em><\/p>\n<\/div>\n<div class='bookmark'>\r\n\t\t<table align='left' border='0' cellpadding='0' width='100%'>\r\n\t\t<tr><td><span class='pushbutton'><a href='http:\/\/delicious.com\/post?url=http%3A%2F%2Fwww.emiliosilveravazquez.com%2Fblog%2F2013%2F01%2F07%2Flo-que-creemos-que-pudo-suceder%2F&amp;title=Lo+que+creemos+que+pudo+suceder' title='Delicious' target='_blank' rel='nofollow'><img src='http:\/\/www.emiliosilveravazquez.com\/blog\/wp-content\/plugins\/knxdt-bookmarks-wordpress-plugin\/images\/delicious.png'  alt='' class='book_img' border='none' style='margin:1px; padding: 0;'  \/><\/a><\/span><span class='pushbutton'><a href='http:\/\/digg.com\/submit?url=http%3A%2F%2Fwww.emiliosilveravazquez.com%2Fblog%2F2013%2F01%2F07%2Flo-que-creemos-que-pudo-suceder%2F&amp;title=Lo+que+creemos+que+pudo+suceder' title='Digg' target='_blank' rel='nofollow'><img src='http:\/\/www.emiliosilveravazquez.com\/blog\/wp-content\/plugins\/knxdt-bookmarks-wordpress-plugin\/images\/digg.png'  alt='' class='book_img' border='none' style='margin:1px; padding: 0;'  \/><\/a><\/span><span class='pushbutton'><a href='http:\/\/www.google.com\/bookmarks\/mark?op=edit&amp;bkmk=http%3A%2F%2Fwww.emiliosilveravazquez.com%2Fblog%2F2013%2F01%2F07%2Flo-que-creemos-que-pudo-suceder%2F&amp;title=Lo+que+creemos+que+pudo+suceder' title='Google' target='_blank' rel='nofollow'><img src='http:\/\/www.emiliosilveravazquez.com\/blog\/wp-content\/plugins\/knxdt-bookmarks-wordpress-plugin\/images\/google.png'   alt='' class='book_img' border='none' style='margin:1px; padding: 0;'  \/><\/a><\/span><span class='pushbutton'><a href='http:\/\/myweb2.search.yahoo.com\/myresults\/bookmarklet?u=http%3A%2F%2Fwww.emiliosilveravazquez.com%2Fblog%2F2013%2F01%2F07%2Flo-que-creemos-que-pudo-suceder%2F&amp;t=Lo+que+creemos+que+pudo+suceder' title='Yahoo' target='_blank' rel='nofollow'><img src='http:\/\/www.emiliosilveravazquez.com\/blog\/wp-content\/plugins\/knxdt-bookmarks-wordpress-plugin\/images\/yahoo.png'  alt='' class='book_img' border='none' style='margin:1px; padding: 0;'  \/><\/a><\/span><span class='pushbutton'><a href='http:\/\/www.technorati.com\/faves?add=http%3A%2F%2Fwww.emiliosilveravazquez.com%2Fblog%2F2013%2F01%2F07%2Flo-que-creemos-que-pudo-suceder%2F' title='Technorati' target='_blank' rel='nofollow'><img src='http:\/\/www.emiliosilveravazquez.com\/blog\/wp-content\/plugins\/knxdt-bookmarks-wordpress-plugin\/images\/technorati.png'  alt='' class='book_img' border='none' style='margin:1px; padding: 0;'  \/><\/a><\/span><span class='pushbutton'><a href='http:\/\/meneame.net\/submit.php?url=http%3A%2F%2Fwww.emiliosilveravazquez.com%2Fblog%2F2013%2F01%2F07%2Flo-que-creemos-que-pudo-suceder%2F' title='Meneame' target='_blank' rel='nofollow'><img src='http:\/\/www.emiliosilveravazquez.com\/blog\/wp-content\/plugins\/knxdt-bookmarks-wordpress-plugin\/images\/meneame.png'  alt='' class='book_img' border='none' style='margin:1px; padding: 0;'  \/><\/a><\/span><span class='pushbutton'><a href='http:\/\/enchilame.com\/submit.php?url=http:\/\/www.emiliosilveravazquez.com\/blog\/2013\/01\/07\/lo-que-creemos-que-pudo-suceder\/' target='_blank' rel='nofollow'><img title='Enchilame' src='http:\/\/www.emiliosilveravazquez.com\/blog\/wp-content\/plugins\/knxdt-bookmarks-wordpress-plugin\/images\/enchilame.png'  alt='' class='book_img' border='none' style='margin:1px; padding: 0;'  \/><\/a><\/span><span class='pushbutton'><a href='http:\/\/www.blinklist.com\/index.php?Action=Blink\/addblink.php&amp;Description=&amp;Url=http%3A%2F%2Fwww.emiliosilveravazquez.com%2Fblog%2F2013%2F01%2F07%2Flo-que-creemos-que-pudo-suceder%2F&amp;title=Lo+que+creemos+que+pudo+suceder' title='BlinkList' target='_blank' rel='nofollow'><img src='http:\/\/www.emiliosilveravazquez.com\/blog\/wp-content\/plugins\/knxdt-bookmarks-wordpress-plugin\/images\/blinklist.png'  alt='' class='book_img' border='none' style='margin:1px; padding: 0;'  \/><\/a><\/span><span class='pushbutton'><a href='http:\/\/reddit.com\/submit?url=http%3A%2F%2Fwww.emiliosilveravazquez.com%2Fblog%2F2013%2F01%2F07%2Flo-que-creemos-que-pudo-suceder%2F&amp;title=Lo+que+creemos+que+pudo+suceder' title='Reddit' target='_blank' rel='nofollow'><img src='http:\/\/www.emiliosilveravazquez.com\/blog\/wp-content\/plugins\/knxdt-bookmarks-wordpress-plugin\/images\/reddit.png'  alt='' class='book_img' border='none' style='margin:1px; padding: 0;'  \/><\/a><\/span><span class='pushbutton'><a href='http:\/\/www.tecnologiadiaria.com\/2009\/07\/abrir-com-hotmail-correo.html' target='_blank' title='hotmail'><img src='http:\/\/www.emiliosilveravazquez.com\/blog\/wp-content\/plugins\/knxdt-bookmarks-wordpress-plugin\/images\/linklove.png' alt='hotmail correo' class='book_img' border='none' style='margin:1px; padding: 0;' \/><\/a><\/span><span class='pushbutton'><a href='http:\/\/bitacoras.com\/votar\/anotacion\/externo\/mini\/www.emiliosilveravazquez.com\/blog\/2013\/01\/07\/lo-que-creemos-que-pudo-suceder\/' title='Bitacoras.com' target='_blank' rel='nofollow'><img src='http:\/\/www.emiliosilveravazquez.com\/blog\/wp-content\/plugins\/knxdt-bookmarks-wordpress-plugin\/images\/bitacoras.png'  alt='' class='book_img' border='none' style='margin:1px; padding: 0;'  \/><\/a><\/span><span class='pushbutton'><a href='http:\/\/www.wikio.es\/vote?url=http%3A%2F%2Fwww.emiliosilveravazquez.com%2Fblog%2F2013%2F01%2F07%2Flo-que-creemos-que-pudo-suceder%2F' title='Wikio' target='_blank' rel='nofollow'><img src='http:\/\/www.emiliosilveravazquez.com\/blog\/wp-content\/plugins\/knxdt-bookmarks-wordpress-plugin\/images\/wikio.png'   alt='' class='book_img' border='none' style='margin:1px; padding: 0;'   \/><\/a><\/span><span class='pushbutton'><a href='http:\/\/friendfeed.com\/?url=http%3A%2F%2Fwww.emiliosilveravazquez.com%2Fblog%2F2013%2F01%2F07%2Flo-que-creemos-que-pudo-suceder%2F&amp;title=Lo+que+creemos+que+pudo+suceder' title='Friend Feed' target='_blank' rel='nofollow'><img src='http:\/\/www.emiliosilveravazquez.com\/blog\/wp-content\/plugins\/knxdt-bookmarks-wordpress-plugin\/images\/friendfeed.png'  alt='' class='book_img' border='none' style='margin:1px; padding: 0;'  \/><\/a><\/span><span class='pushbutton'><a href='http:\/\/www.facebook.com\/share.php?u=http%3A%2F%2Fwww.emiliosilveravazquez.com%2Fblog%2F2013%2F01%2F07%2Flo-que-creemos-que-pudo-suceder%2F&amp;t=Lo+que+creemos+que+pudo+suceder' title='Facebook' target='_blank' rel='nofollow'><img src='http:\/\/www.emiliosilveravazquez.com\/blog\/wp-content\/plugins\/knxdt-bookmarks-wordpress-plugin\/images\/facebook.png'  alt='' class='book_img' border='none' style='margin:1px; padding: 0;'  \/><\/a><\/span><span class='pushbutton'><a href='http:\/\/twitter.com\/home?status=Lo+que+creemos+que+pudo+suceder: http%3A%2F%2Fwww.emiliosilveravazquez.com%2Fblog%2F2013%2F01%2F07%2Flo-que-creemos-que-pudo-suceder%2F' title='Twitter' target='_blank' rel='nofollow'><img src='http:\/\/www.emiliosilveravazquez.com\/blog\/wp-content\/plugins\/knxdt-bookmarks-wordpress-plugin\/images\/twitter.png'  alt='' class='book_img' border='none' style='margin:1px; padding: 0;'  \/><\/a><\/span><span class='pushbutton'><a href='http:\/\/www.feedburner.com\/fb\/a\/emailFlare?itemTitle=Lo+que+creemos+que+pudo+suceder&amp;uri=http%3A%2F%2Fwww.emiliosilveravazquez.com%2Fblog%2F2013%2F01%2F07%2Flo-que-creemos-que-pudo-suceder%2F' title='Enviar por Email' target='_blank' rel='nofollow'><img src='http:\/\/www.emiliosilveravazquez.com\/blog\/wp-content\/plugins\/knxdt-bookmarks-wordpress-plugin\/images\/email.png'  alt='' class='book_img' border='none' style='margin:1px; padding: 0;'  \/><\/a><\/span><span style='font-weight:bold; padding-left: 5px;'><a href='http:\/\/wordpress.org\/extend\/plugins\/knxdt-bookmarks-wordpress-plugin\/' title='Plugin' rel='nofollow' target='_blank'>[?]<\/a><\/span><\/td><\/tr><\/table><br\/><br\/><\/div>","protected":false},"excerpt":{"rendered":"<p>UN RECORRIDO POR LA HISTORIA DEL UNIVERSO En el tiempo cero, comenz\u00f3 el origen del espaciotiempo y la energ\u00eda del universo que conocemos. Despu\u00e9s del comienzo del tiempo, y, finalizada la \u00e9poca de Planck; la radiaci\u00f3n gravitatoria sale del equilibrio t\u00e9rmico con el resto del universo. El universo, en un estado de vac\u00edo, empieza a [&hellip;]<\/p>\n","protected":false},"author":2,"featured_media":0,"comment_status":"open","ping_status":"open","sticky":false,"template":"","format":"standard","meta":{"_s2mail":"yes","footnotes":""},"categories":[57],"tags":[],"_links":{"self":[{"href":"http:\/\/www.emiliosilveravazquez.com\/blog\/wp-json\/wp\/v2\/posts\/7250"}],"collection":[{"href":"http:\/\/www.emiliosilveravazquez.com\/blog\/wp-json\/wp\/v2\/posts"}],"about":[{"href":"http:\/\/www.emiliosilveravazquez.com\/blog\/wp-json\/wp\/v2\/types\/post"}],"author":[{"embeddable":true,"href":"http:\/\/www.emiliosilveravazquez.com\/blog\/wp-json\/wp\/v2\/users\/2"}],"replies":[{"embeddable":true,"href":"http:\/\/www.emiliosilveravazquez.com\/blog\/wp-json\/wp\/v2\/comments?post=7250"}],"version-history":[{"count":0,"href":"http:\/\/www.emiliosilveravazquez.com\/blog\/wp-json\/wp\/v2\/posts\/7250\/revisions"}],"wp:attachment":[{"href":"http:\/\/www.emiliosilveravazquez.com\/blog\/wp-json\/wp\/v2\/media?parent=7250"}],"wp:term":[{"taxonomy":"category","embeddable":true,"href":"http:\/\/www.emiliosilveravazquez.com\/blog\/wp-json\/wp\/v2\/categories?post=7250"},{"taxonomy":"post_tag","embeddable":true,"href":"http:\/\/www.emiliosilveravazquez.com\/blog\/wp-json\/wp\/v2\/tags?post=7250"}],"curies":[{"name":"wp","href":"https:\/\/api.w.org\/{rel}","templated":true}]}}