{"id":7249,"date":"2013-07-02T06:00:17","date_gmt":"2013-07-02T05:00:17","guid":{"rendered":"http:\/\/www.emiliosilveravazquez.com\/blog\/?p=7249"},"modified":"2013-07-02T09:11:40","modified_gmt":"2013-07-02T08:11:40","slug":"no-siempre-hablamos-con-propiedad","status":"publish","type":"post","link":"http:\/\/www.emiliosilveravazquez.com\/blog\/2013\/07\/02\/no-siempre-hablamos-con-propiedad\/","title":{"rendered":"No siempre hablamos con propiedad"},"content":{"rendered":"<p style=\"text-align: justify;\"><strong>\u00bfSabremos alg\u00fan d\u00eda, como son las cosas?<\/strong><\/p>\n<p style=\"text-align: justify;\">Los cosm\u00f3logos hablan y hablan y no pocas veces utilizan conceptos y par\u00e1metros que, sin haber sido comprobados, est\u00e1n ah\u00ed unamovibles como si de verdades como monta\u00f1as se tratara. La Energ\u00eda y la Materia Oscura son una buena muestra. Las colocan por todas partes y, aunque nadie sabe lo que es (ellos los primeros), es uno de los platos que m\u00e1s suelen degustar cuando hablan de la expansi\u00f3n acelerada del universo.<\/p>\n<p style=\"text-align: justify;\">Lo que sucede primero, no es necesariamente el principio. Antes del \u201cprincipio\u201d, de ese principio que nosotros llamamos <a href=\"http:\/\/www.emiliosilveravazquez.com\/blog\/2012\/08\/16\/conociendo-el-universo-2\/#\"><a href=\"#\" onclick=\"referencia('big bang',event); return false;\">Big Bang<\/a><\/a>, tuvieron que suceder muchas cosas que, de momento, no hemos podido llegar a conocer, nos topamos con la oscuridad del Tiempo de Planck, esa infinitesimal fracci\u00f3n en la que, seg\u00fan parece, debieron suceder muchas cosas que desconocemos y que pudieran ser, el verdadero principio de todo. Adem\u00e1s, hasta es posible que ni hubiera principio y, nuestro Universo, surgiera a parti4r de una fluctuaci\u00f3n de vac\u00edo\u00a0 en otro universo que rasgando el espacio-tiempo, lo hizo &#8220;nacer&#8221; como otro m\u00e1s de los muchos que conforman un Metaverso infinito.<\/p>\n<p style=\"text-align: justify;\">\n<p style=\"text-align: justify;\">\n<p style=\"text-align: justify;\"><img decoding=\"async\" src=\"http:\/\/3.bp.blogspot.com\/-JsIWtquD-tI\/T6G8mdBGFUI\/AAAAAAAAA3g\/K2BEtB6eXtw\/s1600\/Evoluci%25C3%25B3n_Universo_WMAP.jpeg\" alt=\"http:\/\/3.bp.blogspot.com\/-JsIWtquD-tI\/T6G8mdBGFUI\/AAAAAAAAA3g\/K2BEtB6eXtw\/s1600\/Evoluci%25C3%25B3n_Universo_WMAP.jpeg\" \/><\/p>\n<p style=\"text-align: justify;\">\n<p style=\"text-align: justify;\">\n<p style=\"text-align: justify;\">Los f\u00edsicos, cuando se han topado con inconvenientes que no sab\u00edan a qu\u00e9eran debidos (los infinitos es una buena muestra de ello), han actuado con m\u00e1s racionalidad que los cosm\u00f3logos y, se inventaron la renormalizaci\u00f3n que es una especie de truco que elimina esos infinitos sin sentido de las ecuaciones de la mec\u00e1nica cu\u00e1ntica y, para ello, se buscaron el procedimiento matem\u00e1tico de introducir otros infinitos con el prop\u00f3sito de anular los primeros.\u00a0 El caso es que da resultados.<\/p>\n<p style=\"text-align: justify;\">Incluso en cosmolog\u00eda, las explicaciones m\u00e1s racionales, han llegado de la mano de la F\u00edsica y, por ejemplo,para explicar lo que es una <a href=\"#\" onclick=\"referencia('singularidad',event); return false;\">singularidad<\/a>, nos dicen: Punto de curvatura infinita del espacio donde las ecuaciones de la <a href=\"#\" onclick=\"referencia('relatividad',event); return false;\">relatividad<\/a> general pierden su validez. Un <a href=\"#\" onclick=\"referencia('agujero negro',event); return false;\">agujero negro<\/a> es una <a href=\"#\" onclick=\"referencia('singularidad',event); return false;\">singularidad<\/a>; lo mismo, quiz\u00e1, lo fuera el universo en el primer momento en ese preciso instante en el que naci\u00f3 el espaciotiempo. Claro que, los F\u00edsicos han trabajado y avanzado m\u00e1s por las pistas encontradas que va dejando la Naturaleza que por sus sue\u00f1os o inventos.<\/p>\n<p style=\"text-align: justify;\">\n<p style=\"text-align: justify;\">\n<p style=\"text-align: justify;\">\n<p style=\"text-align: justify;\"><img decoding=\"async\" loading=\"lazy\" id=\"il_fi\" src=\"http:\/\/francisthemulenews.files.wordpress.com\/2011\/11\/dibujo20120530-gluon-red-antired-in-spanish.jpg\" alt=\"\" width=\"565\" height=\"509\" \/><\/p>\n<p style=\"text-align: justify;\">\n<p style=\"text-align: justify;\">\n<p style=\"text-align: justify;\">Siguiendo la estela que dejan las invariancias <a href=\"http:\/\/www.emiliosilveravazquez.com\/blog\/2012\/08\/16\/conociendo-el-universo-2\/#\"><a href=\"#\" onclick=\"referencia('gauge',event); return false;\">gauge<\/a><\/a>, gracias a la importante aportaci\u00f3n iniciada en 1954 por los trabajos de Yang y Mills, ya se ha conseguido la primera gran unificaci\u00f3n, la de la <a href=\"http:\/\/www.emiliosilveravazquez.com\/blog\/2012\/08\/16\/conociendo-el-universo-2\/#\"><a href=\"#\" onclick=\"referencia('fuerza nuclear debil',event); return false;\">fuerza electrod\u00e9bil<\/a><\/a> ( electromagn\u00e9tica + d\u00e9bil) que mereci\u00f3 en 1979 el Premio Nobel de F\u00edsica para sus autores, Glashow, Salam y Eeinberg. Aunque el camino no se encuentra, ni mucho menos, libre de formidables obst\u00e1culos, sabemos que las cuatro interacciones fundamentales de la naturaleza est\u00e1n regidas por este tipo de invariancias.que relacionan las fuerzas con la propia geometr\u00eda de la materia-espacio-tiempo, tal como aspiraba Hermann Weyl . En su libro : \u201cTiempo, espacio,materia\u201d ( 1922), comentaba con emoci\u00f3n: \u201c\u2026 Han llegado a nuestro o\u00eddo algunos acordes vigorosos de aquella armon\u00eda de las esferas con que so\u00f1aban Pit\u00e1goras y Kepler.\u201d Hay cosas que no cambian nunca, si nos detenemos a recordarlas te puede apetecer hablar de ellas. Hace tiempo, los sucesos que constitu\u00edan historias eran las irregularidades de la experiencia: lo inesperado, lo catastr\u00f3fico y lo ominoso.<\/p>\n<p style=\"text-align: justify;\">\n<p style=\"text-align: justify;\">\n<p style=\"text-align: justify;\"><img decoding=\"async\" src=\"http:\/\/ubuntulife.files.wordpress.com\/2011\/03\/luna_llena.jpg\" alt=\"http:\/\/ubuntulife.files.wordpress.com\/2011\/03\/luna_llena.jpg\" \/><\/p>\n<p style=\"text-align: justify;\">\n<p style=\"text-align: justify;\">\n<p style=\"text-align: justify;\">La Luna llena, amiga de los enamorados a los que alumbra con sus reflejos de plata, siempre ha sido igual y, a los humanos habitantes del planeta Tierra, ese objeto familiar nos acompa\u00f1\u00f3 a lo largo de los siglos para hacer posible que, pudi\u00e9ramos comprobar que su comportamiento era estable e inamovible. Invariante.<\/p>\n<p style=\"text-align: justify;\">\n<p style=\"text-align: justify;\">\n<dl>\n<dt><img decoding=\"async\" loading=\"lazy\" src=\"http:\/\/www.voltairenet.org\/local\/cache-vignettes\/L390xH270\/es-terremoto-390-1173c.jpg\" alt=\"JPEG - 24.8 KB\" width=\"390\" height=\"270\" \/><\/dt>\n<dt><\/dt>\n<dt><\/dt>\n<dt><\/dt>\n<dt><\/dt>\n<dt><\/dt>\n<dt><\/dt>\n<dt><\/dt>\n<dt><\/dt>\n<\/dl>\n<p style=\"text-align: justify;\">\u00a0 El 19 de enero de 1995 ocurri\u00f3 el sismo de Kobe, Jap\u00f3n, uno de los terremotos m\u00e1s devastadores de la historia. En general las consecuencias de los sismos son evaluadas en n\u00famero de v\u00edctimas: Shaanxi, China 1556, 830.000 v\u00edctimas; Calcuta, India 1737, 300.000; Lisboa, 1755, 60.000; Mesina, Italia 1908, 85.000; Tokio-Yokohama, 1923, 143.000; A\u00f1adir, Marruecos 1960, 14.000; Ancash, Per\u00fa 1970, 52.000; Tang-Shan, China 1976, 400.000; Ir\u00e1n 1978, 25.000; M\u00e9xico, 1985, 10.000; Armenia 1988, 25.000. \u00a0 Pero el sismo de Kobe, aparte de los 6.000 muertos y los 30.000 heridos, tuvo nefastas consecuencias de car\u00e1cter econ\u00f3mico: dej\u00f3 a 300.000 personas sin hogar, destruy\u00f3 o da\u00f1\u00f3 severamente 100.000 edificios, se produjeron 148 incendios que destruyeron un \u00e1rea de 65 hect\u00e1reas y los da\u00f1os se estimaron inicialmente en 200.000 millones de d\u00f3lares. El caso de Kobe es particular, porque en Jap\u00f3n se consideraba que era una zona de riesgo s\u00edsmico moderado. Los hechos demostraron lo contrario: Kobe se encuentra en la zona de encuentro de cuatro placas tect\u00f3nicas. \u00a0 Aunque estos sucesos, en un principio, nos parezcan catastr\u00f3ficos (que lo son), tambi\u00e9n es verdad que son la manera de reciclaje que tiene la Naturaleza para hacer surgir las nuevas cosas y la vida nueva.<\/p>\n<p style=\"text-align: justify;\">Poco a poco, los cient\u00edficos llegaron a apreciar el misterio de la regularidad y predecibilidad del mundo. Pese a la concatenaci\u00f3n de movimientos ca\u00f3ticamente impredecibles de \u00e1tomos y mol\u00e9culas, nuestra experiencia es la de un mundo que posee una profunda consistencia y continuidad. Nuestra b\u00fasqueda de la fuente de dicha consistencia atend\u00eda primero a las \u201cleyes\u201d de la Naturaleza (Interacci\u00f3n Gravitacional, Fuerzas Nucleares D\u00e9bil y Fuerte y el Electromagnetismo) que gobiernan como cambian las cosas. \u00a0 Tambi\u00e9n, poco a poco, hemos llegado a identificar una colecci\u00f3n de n\u00fameros misteriosos arraigados en la regularidad de la experiencia. Son las Constantes de la Naturaleza. Dan al Universo su car\u00e1cter distintivo y lo singularizan de otros que podr\u00edamos imaginar. Capturan de una vez nuestro m\u00e1ximo conocimiento y nuestra m\u00e1xima ignorancia sobre el Universo.<\/p>\n<p style=\"text-align: justify;\">\n<p style=\"text-align: justify;\">\n<p style=\"text-align: justify;\"><img decoding=\"async\" loading=\"lazy\" src=\"http:\/\/3.bp.blogspot.com\/_ms_ATMCR9jA\/TVHvKuC1I4I\/AAAAAAAAGao\/ejZuDdH34nE\/s1600\/image002.jpg\" alt=\"\" width=\"554\" height=\"298\" \/><\/p>\n<p style=\"text-align: justify;\">\n<p style=\"text-align: justify;\">\n<p style=\"text-align: justify;\">Constantes fundamentales, valores supuestamente invariables de ciertas magnitudes referidas a los constituyentes m\u00e1s b\u00e1sicos del Universo. Precisamente esas constantes con esos valores, son los que permiten que nuestro mundo sea como es. Pues, aunque las medimos con una precisi\u00f3n cada vez mayor y modelamos nuestros patrones fundamentales de la masa y tiempo alrededor de su invariancia no podemos explicar sus valores. Nunca hemos podido explicar el valor num\u00e9rico de ninguna de las constantes de la Naturaleza. Hemos descubierto otras nuevas, hemos relacionado las viejas y hemos entendido su papel crucial para hacer que las cosas sean como son, pero la raz\u00f3n de sus valores sigue siendo un profundo secreto. Para buscarla necesitamos desentra\u00f1ar la teor\u00eda m\u00e1s fundamental de las leyes de la Naturaleza.<\/p>\n<p style=\"text-align: justify;\">\n<p style=\"text-align: justify;\">\n<p style=\"text-align: justify;\"><img decoding=\"async\" loading=\"lazy\" id=\"il_fi\" src=\"http:\/\/i40.tinypic.com\/5feuyx.jpg\" alt=\"\" width=\"698\" height=\"439\" \/><\/p>\n<p style=\"text-align: justify;\">\n<p style=\"text-align: justify;\">\n<p style=\"text-align: justify;\">El problema de si las constantes f\u00edsicas son constantes se las trae. Aparte del trabalenguas terminol\u00f3gico arrastra tras de s\u00ed unas profundas consecuencias conceptuales. Ahora unos experimentos han obtenido resultados que van encaminados hacia el hecho de que la constante de estrucutra fina, pudiera ser variante con el tiempo y el lugar, lo cual, al menos a m\u00ed no me cuadra por muchos gr\u00e1ficos que nos quieran presentar como el de abajo.<\/p>\n<p style=\"text-align: justify;\">\n<p style=\"text-align: justify;\">\n<p style=\"text-align: justify;\"><img decoding=\"async\" loading=\"lazy\" src=\"http:\/\/i42.tinypic.com\/219vxoj.jpg\" alt=\"\" width=\"639\" height=\"402\" \/><\/p>\n<p style=\"text-align: justify;\">\n<p style=\"text-align: justify;\">\n<p style=\"text-align: justify;\">En verde, los datos obtenidos \u00fanicamente a trav\u00e9s del telescopio Keck. El azul, solo los del VLT y la regi\u00f3n roja es la combinaci\u00f3n de ambos. La parte gris corresponde a la v\u00eda l\u00e1ctea. Todo est\u00e1 representado en coordenadas ecuatoriales (ascensi\u00f3n recta y declinaci\u00f3n).<\/p>\n<p style=\"text-align: justify;\">Si la constante variara de forma espacial esto tocar\u00eda la fibra sensible de la Relatividad aunque no es algo que pille de nuevas porque hay ya algunas teor\u00edas que plantean que esto pueda suceder. Si la variaci\u00f3n es muy suave tambi\u00e9n podr\u00eda significar que el universo es mucho mayor que la parte observable del mismo y entonces estar\u00edamos hablando de un universo que incluso podr\u00eda ser infinitamente grande donde las constantes variaran muy poco en el radio del universo observable, lo bastante poco para que nos parecieran constantes hasta que nos fij\u00e1ramos lo suficiente.<\/p>\n<p style=\"text-align: justify;\">Pero esto no es tan simple. Un peque\u00f1o cambio ya hace que no sean constantes y eso trae problemas a nivel te\u00f3rico. Tambi\u00e9n nos complicar\u00eda un poco la vida pensar en c\u00f3mo ser\u00eda el universo en otras regiones donde las constantes tengan valores muy distintos a los que conocemos actualmente. Es tan antinatural que, no creo que alfa, la constante de estrucutra fina, no sea invariante.<\/p>\n<p style=\"text-align: justify;\">Esas constantes de la Naturaleza est\u00e1n estrechamente emparentadas con las constantes de nuestros cuerpos que, como todo en el Universo, est\u00e1n conectados por unos hilos invisibles, a los par\u00e1m,etros, constantes y fuerzas que todo lo rigen. \u00a0 Descubrir si las constantes que las definen est\u00e1n determinadas y conformadas por alguna consistencia l\u00f3gica superior o sigue habiendo un papel para el Azar. \u00a0 Nuestras primeras ojeadas revelan una situaci\u00f3n muy peculiar, Mientras parece que ciertas constantes estuvieran fijadas, otras tienen espacio para ser distintas de las que son y algunas no parecen afectadas por ninguna otra cosa en el Universo. \u00bfCaen sus valores al Azar? \u00bfPodr\u00edan ser realmente diferentes? Y, si lo fueran, \u00bfPodr\u00eda existir vida en el Universo?<\/p>\n<p style=\"text-align: justify;\">\n<p style=\"text-align: justify;\">\n<p style=\"text-align: justify;\"><img decoding=\"async\" loading=\"lazy\" src=\"http:\/\/blogtecadefisica.files.wordpress.com\/2010\/02\/programa-por-delante_red.jpg\" alt=\"http:\/\/blogtecadefisica.files.wordpress.com\/2010\/02\/programa-por-delante_red.jpg\" width=\"419\" height=\"629\" \/><\/p>\n<p style=\"text-align: justify;\">\n<p style=\"text-align: justify;\">\u00a0\u00a0\u00a0\u00a0\u00a0\u00a0\u00a0\u00a0 S\u00ed, las Constantes Universales siempre dieron mucho que hablar<\/p>\n<p style=\"text-align: justify;\">\n<p style=\"text-align: justify;\">Si esas constantes variaran, \u00bfque ser\u00eda de nosotros? Sabemos que, universos con las constantes ligeramente alteradas nacer\u00edan muertos, privados del potencial para desarrollar y sostener el tipo de complejidad organizada que llamamos vida. \u00a0 \u00bfSon las Constantes de la Naturaleza realmente constantes? \u00a0 Un experimento llevado a buen fin por un grupo de investigadores, han puesto en pr\u00e1ctica un m\u00e9todo por ellos ideado mediante el cual, han podido examinar las Constantes de la Naturaleza durante los \u00faltimos 11.000 millones de a\u00f1os de la historia del Universo. \u00a0 Considerando las pautas at\u00f3micas que son similares a c\u00f3digos de barras en la luz que nos llega de Cu\u00e1sares lejanos, podemos mirar y ver c\u00f3mo eran los \u00e1tomos cuando la luz inici\u00f3 su viaje hace miles de millones de a\u00f1os. As\u00ed, \u00bffueron siempre iguales las constantes de la Naturaleza? La respuesta, inesperada y escandalosa, plantea nuevas posibilidades para el Universo y las leyes que lo rigen.<\/p>\n<p style=\"text-align: justify;\">\n<p style=\"text-align: justify;\">\n<p style=\"text-align: justify;\">\u00a0 <img decoding=\"async\" loading=\"lazy\" id=\"BLOGGER_PHOTO_ID_5517159695899927906\" src=\"http:\/\/1.bp.blogspot.com\/_F5nfiHttwKE\/TJDjgyM3pWI\/AAAAAAAABHM\/VpoVmbqfDl0\/s400\/03-castellano-ecuacion2.jpg\" alt=\"\" width=\"400\" height=\"204\" border=\"0\" \/><\/p>\n<p style=\"text-align: justify;\">\n<p style=\"text-align: justify;\">\u00bfQu\u00e9 secretos tan profundos se esconden detr\u00e1s de esta simple ecuaci\u00f3n? Desde el comienzo de la \u201cbuena\u201d F\u00edsica, los mejores han tratado de desvelar lo que ah\u00ed est\u00e1 escondido. Es la Constante de estructura Fina, otra vez el n\u00famero puro y adimensional, 137 que guarda los misterios del electromagnetismo, e, la Relatividad de <a href=\"http:\/\/www.emiliosilveravazquez.com\/blog\/2012\/08\/16\/conociendo-el-universo-2\/#\"><a href=\"#\" onclick=\"referencia('einstein',event); return false;\">Einstein<\/a><\/a>, c, y, la constante de Planc, h. \u00a0 A pesar del cambio incesante y la din\u00e1mica del mundo visible, existen aspectos de la f\u00e1brica del Universo misteriosos en su inquebrantable constancia. Son esas misteriosas cosas invariables las que hacen de nuestro Universo el que es y lo distingue de otros que pudieran existir. \u00a0 Est\u00e1 presente un hilo dorado que teje una continuidad a trav\u00e9s del espacio-tiempo y que, afecta a toda la Naturaleza que, de esa manera, se conforma como un todo, como un Sistema cerrado en el que, las constantes marcan un ritmo de funcionamiento y las leyes o fuerzas naturales dicen como deben cambiar las cosas.<\/p>\n<p style=\"text-align: justify;\">\n<p style=\"text-align: justify;\">\n<p style=\"text-align: justify;\">\u00a0<img decoding=\"async\" loading=\"lazy\" src=\"http:\/\/www.letraherido.com\/images\/imagenes%20evolucion%20universo\/cronologia%205.jpg\" alt=\"\" width=\"550\" height=\"302\" border=\"0\" \/><\/p>\n<p style=\"text-align: justify;\">\n<p style=\"text-align: justify;\">\n<p style=\"text-align: justify;\">Como si fuera un hilo de oro que brotaba del abismo de los tiempos, el Universo unifica, todo lo que dentro de \u00e9l existe, y, de alguna manera, aunque nos de la sensaci\u00f3n de heterogeneidad, al final, todo es lo mismo, es decir, proviene de la misma fuente, simplemete cambia con el tiempo. Lo que hoy es inanimado, ma\u00f1ana estar\u00e1 muy vivo. Lo que hoy no tiene consciencia, ma\u00f1ana la tendr\u00e1. Todas las cosas son, aunque no de la misma manera pero, ese simple pensamiento, eleva a todas las cosas a la categor\u00eda de SER. \u00a0 As\u00ed las cosas, y, con esos datos en las manos, nos aconseja esperar que ciertas cosas sean iguales en otros lugares del Espacio adem\u00e1s de aqu\u00ed, en la Tierra; que esas constantes fueron y ser\u00e1n las mismas en otros tiempos adem\u00e1s de hoy; que para algunos casos, ni la historia ni la geograf\u00eda importan. De hecho, quiz\u00e1 sin un substrato semejante de realidades invariables no podr\u00eda haber corrientes superficiales de cambio ni ninguna complejidad de mente y materia. \u00a0 Desde entonces, los cosm\u00f3logos han encontrado cada vez m\u00e1s formas en que el Universo podr\u00eda mostrar variaciones en sus constantes definitorias; cada vez m\u00e1s maneras en que la vida podr\u00eda no haber llegado a existir en el Universo. Tambi\u00e9n han empezado a tener en serio la posibilidad y realidad de otros universos en los que las constantes de la Naturaleza toman valores diferentes. \u00bfInevitablemente nos encontramos en un mundo donde las cosas salieron bien? Pero, \u00bfCu\u00e1l era la posibilidad de que todo esto sucediera as\u00ed?<\/p>\n<p style=\"text-align: justify;\">\u00bfQu\u00e9 clase de vida -si es que la hubiera- existir\u00edan en otros universos? El clima y la topograf\u00eda de nuestro planeta var\u00edan continuamente, como las especies que viven en \u00e9l. Y lo que es m\u00e1s espectacular, hemos descubierto que todo el Universo de estrellas y galaxias est\u00e1n en estado de cambio din\u00e1mico, en el que grandes c\u00famulos de galaxias se alejan unos de otros hacia un futuro que ser\u00e1 diferente del presente. Hemos empezado a darnos cuenta de que vivimos en un tiempo prestado, los sucesos astron\u00f3micos catastr\u00f3ficos son comunes; los mundos colisionan.<\/p>\n<p style=\"text-align: justify;\">\n<p style=\"text-align: justify;\">\n<p style=\"text-align: justify;\"><img decoding=\"async\" loading=\"lazy\" src=\"http:\/\/cocotu.com\/wp-content\/uploads\/2010\/01\/asteroid.jpg\" alt=\"\" width=\"371\" height=\"300\" border=\"0\" \/><\/p>\n<p style=\"text-align: justify;\">\n<p style=\"text-align: justify;\">\n<p style=\"text-align: justify;\">\u00a0 Hasta el momento, hemos tenido mucha suerte. El planeta Tierra ha sufrido en el pasado el impacto de cometas y asteroides. Un d\u00eda se le acabar\u00e1 la suerte; el escudo que tan fortuitamente nos proporciona el enorme planeta J\u00fapiter, que guarda los confines exteriores de nuestro Sistema Solar, no ser\u00e1 capaz de salvarlo. Al final, incluso nuestro Sol morir\u00e1. Nuestra V\u00eda L\u00e1ctea ser\u00e1 engullida por un enorme <a href=\"http:\/\/www.emiliosilveravazquez.com\/blog\/2012\/08\/16\/conociendo-el-universo-2\/#\"><a href=\"#\" onclick=\"referencia('agujero negro',event); return false;\">agujero negro<\/a><\/a> central. La vida tal como la conocemos terminar\u00e1. Los supervivientes tendr\u00e1n que haber cambiado su forma, sus hogares y su naturaleza en tal medida que hoy, nos costar\u00eda llamarlo \u201cvida\u201d seg\u00fan nuestros criterios actuales, a esa existencia prolongada y exenta de enfermedad. Hemos reconocido los secretos simples del Caos y de la impredecibilidad que asedian tantas partes del mundo que nos rodea. Entendemos que nuestro clima es cambiante pero no podemos predecir los cambios. Hemos apreciado las similitudes entre complejidades como esta y las que emergen de los sistemas de interacci\u00f3n humana \u2013sociedades, econom\u00edas, elecciones, ecosistemas- y el interior de la mente humana.<\/p>\n<p style=\"text-align: justify;\">\n<p style=\"text-align: justify;\">\n<p style=\"text-align: justify;\"><img decoding=\"async\" loading=\"lazy\" src=\"http:\/\/rainforestradio.com\/wordpress\/wp-content\/uploads\/2010\/06\/ecomarino.jpg\" alt=\"\" width=\"410\" height=\"307\" \/><\/p>\n<p style=\"text-align: justify;\">\n<p style=\"text-align: justify;\">\u00a0Debemos procurar que sitios como este perduren, nuestro futuro depende de ellos.<\/p>\n<p style=\"text-align: justify;\">\n<p style=\"text-align: justify;\">Todas estas sorprendentes complejidades tratan de convencernos de que el mundo es como una monta\u00f1a rusa desbocada, rodando y dando bandazos; que todo lo que una vez se ha tenido por cierto podr\u00eda ser derrocado alg\u00fan d\u00eda.<\/p>\n<p style=\"text-align: justify;\">Si revisamos las escalas desde un \u00e1tomo, el ADN, una Bacteria, un insecto, un planeta, un ser humano, un \u00e1rbol, un meteorito, un asteroide, una estrella, una galaxia, o un c\u00famulo de galaxias.<\/p>\n<p style=\"text-align: justify;\">\n<p style=\"text-align: justify;\"><img decoding=\"async\" loading=\"lazy\" src=\"http:\/\/www.cienciasmc.es\/web\/u2\/images\/estrellas.jpg\" alt=\"\" width=\"600\" height=\"445\" \/><\/p>\n<p style=\"text-align: justify;\">\n<p style=\"text-align: justify;\">\n<p style=\"text-align: justify;\">Todos los objetos del Universo son el resulta de fuerzas antag\u00f3nicas que, al ser iguales, se equilibran y consiguen la estabilidad. Las estrellas son el mejor ejemplo: La Gravedad trata de comprimir a la estrella que, mediante la fusi\u00f3n tiende a expandirse y, la lucha de esas dos fuerzas crea la estabilidad.<\/p>\n<p style=\"text-align: justify;\">Estas estructuras, podemos decir que son entidades estables que existen en el Universo. Existen porque son malabarismos estables entre fuerzas competidoras de atracci\u00f3n y repulsi\u00f3n. Por ejemplo, en el caso de un planeta, como la Tierra, hay un equilibrio entre la fuerza atractiva de la Gravedad y la repulsi\u00f3n at\u00f3mica que aparece cuando los \u00e1tomos se comprimen demasiado juntos. Todos estos equilibrios pueden expresarse aproximadamente en t\u00e9rminos de dos n\u00fameros puros creados a partir de las constantes e (<a href=\"http:\/\/www.emiliosilveravazquez.com\/blog\/2012\/08\/16\/conociendo-el-universo-2\/#\">electr\u00f3n<\/a>), h (<a href=\"http:\/\/www.emiliosilveravazquez.com\/blog\/2012\/08\/16\/conociendo-el-universo-2\/#\"><a href=\"#\" onclick=\"referencia('planck constante de',event); return false;\">constante de Planck<\/a><\/a>), G (constante de gravitaci\u00f3n) y mp (masa del <a href=\"http:\/\/www.emiliosilveravazquez.com\/blog\/2012\/08\/16\/conociendo-el-universo-2\/#\"><a href=\"#\" onclick=\"referencia('proton',event); return false;\">prot\u00f3n<\/a><\/a>).<\/p>\n<p style=\"text-align: justify;\">Hasta tal punto son importantes estas constantes de la Naturaleza que, simplemente con que la masa o la carga del <a href=\"http:\/\/www.emiliosilveravazquez.com\/blog\/2012\/08\/16\/conociendo-el-universo-2\/#\">electr\u00f3n<\/a> variara una diez millon\u00e9sima, la vida, no podr\u00eda existir.<\/p>\n<p style=\"text-align: justify;\">emilio silvera<\/p>\n<p>&nbsp;<\/p>\n<div class='bookmark'>\r\n\t\t<table align='left' border='0' cellpadding='0' width='100%'>\r\n\t\t<tr><td><span class='pushbutton'><a href='http:\/\/delicious.com\/post?url=http%3A%2F%2Fwww.emiliosilveravazquez.com%2Fblog%2F2013%2F07%2F02%2Fno-siempre-hablamos-con-propiedad%2F&amp;title=No+siempre+hablamos+con+propiedad' title='Delicious' target='_blank' rel='nofollow'><img src='http:\/\/www.emiliosilveravazquez.com\/blog\/wp-content\/plugins\/knxdt-bookmarks-wordpress-plugin\/images\/delicious.png'  alt='' class='book_img' border='none' style='margin:1px; padding: 0;'  \/><\/a><\/span><span class='pushbutton'><a href='http:\/\/digg.com\/submit?url=http%3A%2F%2Fwww.emiliosilveravazquez.com%2Fblog%2F2013%2F07%2F02%2Fno-siempre-hablamos-con-propiedad%2F&amp;title=No+siempre+hablamos+con+propiedad' title='Digg' target='_blank' rel='nofollow'><img src='http:\/\/www.emiliosilveravazquez.com\/blog\/wp-content\/plugins\/knxdt-bookmarks-wordpress-plugin\/images\/digg.png'  alt='' class='book_img' border='none' style='margin:1px; padding: 0;'  \/><\/a><\/span><span class='pushbutton'><a href='http:\/\/www.google.com\/bookmarks\/mark?op=edit&amp;bkmk=http%3A%2F%2Fwww.emiliosilveravazquez.com%2Fblog%2F2013%2F07%2F02%2Fno-siempre-hablamos-con-propiedad%2F&amp;title=No+siempre+hablamos+con+propiedad' title='Google' target='_blank' rel='nofollow'><img src='http:\/\/www.emiliosilveravazquez.com\/blog\/wp-content\/plugins\/knxdt-bookmarks-wordpress-plugin\/images\/google.png'   alt='' class='book_img' border='none' style='margin:1px; padding: 0;'  \/><\/a><\/span><span class='pushbutton'><a href='http:\/\/myweb2.search.yahoo.com\/myresults\/bookmarklet?u=http%3A%2F%2Fwww.emiliosilveravazquez.com%2Fblog%2F2013%2F07%2F02%2Fno-siempre-hablamos-con-propiedad%2F&amp;t=No+siempre+hablamos+con+propiedad' title='Yahoo' target='_blank' rel='nofollow'><img src='http:\/\/www.emiliosilveravazquez.com\/blog\/wp-content\/plugins\/knxdt-bookmarks-wordpress-plugin\/images\/yahoo.png'  alt='' class='book_img' border='none' style='margin:1px; padding: 0;'  \/><\/a><\/span><span class='pushbutton'><a href='http:\/\/www.technorati.com\/faves?add=http%3A%2F%2Fwww.emiliosilveravazquez.com%2Fblog%2F2013%2F07%2F02%2Fno-siempre-hablamos-con-propiedad%2F' title='Technorati' target='_blank' rel='nofollow'><img src='http:\/\/www.emiliosilveravazquez.com\/blog\/wp-content\/plugins\/knxdt-bookmarks-wordpress-plugin\/images\/technorati.png'  alt='' class='book_img' border='none' style='margin:1px; padding: 0;'  \/><\/a><\/span><span class='pushbutton'><a href='http:\/\/meneame.net\/submit.php?url=http%3A%2F%2Fwww.emiliosilveravazquez.com%2Fblog%2F2013%2F07%2F02%2Fno-siempre-hablamos-con-propiedad%2F' title='Meneame' target='_blank' rel='nofollow'><img src='http:\/\/www.emiliosilveravazquez.com\/blog\/wp-content\/plugins\/knxdt-bookmarks-wordpress-plugin\/images\/meneame.png'  alt='' class='book_img' border='none' style='margin:1px; padding: 0;'  \/><\/a><\/span><span class='pushbutton'><a href='http:\/\/enchilame.com\/submit.php?url=http:\/\/www.emiliosilveravazquez.com\/blog\/2013\/07\/02\/no-siempre-hablamos-con-propiedad\/' target='_blank' rel='nofollow'><img title='Enchilame' src='http:\/\/www.emiliosilveravazquez.com\/blog\/wp-content\/plugins\/knxdt-bookmarks-wordpress-plugin\/images\/enchilame.png'  alt='' class='book_img' border='none' style='margin:1px; padding: 0;'  \/><\/a><\/span><span class='pushbutton'><a href='http:\/\/www.blinklist.com\/index.php?Action=Blink\/addblink.php&amp;Description=&amp;Url=http%3A%2F%2Fwww.emiliosilveravazquez.com%2Fblog%2F2013%2F07%2F02%2Fno-siempre-hablamos-con-propiedad%2F&amp;title=No+siempre+hablamos+con+propiedad' title='BlinkList' target='_blank' rel='nofollow'><img src='http:\/\/www.emiliosilveravazquez.com\/blog\/wp-content\/plugins\/knxdt-bookmarks-wordpress-plugin\/images\/blinklist.png'  alt='' class='book_img' border='none' style='margin:1px; padding: 0;'  \/><\/a><\/span><span class='pushbutton'><a href='http:\/\/reddit.com\/submit?url=http%3A%2F%2Fwww.emiliosilveravazquez.com%2Fblog%2F2013%2F07%2F02%2Fno-siempre-hablamos-con-propiedad%2F&amp;title=No+siempre+hablamos+con+propiedad' title='Reddit' target='_blank' rel='nofollow'><img src='http:\/\/www.emiliosilveravazquez.com\/blog\/wp-content\/plugins\/knxdt-bookmarks-wordpress-plugin\/images\/reddit.png'  alt='' class='book_img' border='none' style='margin:1px; padding: 0;'  \/><\/a><\/span><span class='pushbutton'><a href='http:\/\/www.tecnologiadiaria.com\/2009\/07\/abrir-com-hotmail-correo.html' target='_blank' title='hotmail'><img src='http:\/\/www.emiliosilveravazquez.com\/blog\/wp-content\/plugins\/knxdt-bookmarks-wordpress-plugin\/images\/linklove.png' alt='hotmail correo' class='book_img' border='none' style='margin:1px; padding: 0;' \/><\/a><\/span><span class='pushbutton'><a href='http:\/\/bitacoras.com\/votar\/anotacion\/externo\/mini\/www.emiliosilveravazquez.com\/blog\/2013\/07\/02\/no-siempre-hablamos-con-propiedad\/' title='Bitacoras.com' target='_blank' rel='nofollow'><img src='http:\/\/www.emiliosilveravazquez.com\/blog\/wp-content\/plugins\/knxdt-bookmarks-wordpress-plugin\/images\/bitacoras.png'  alt='' class='book_img' border='none' style='margin:1px; padding: 0;'  \/><\/a><\/span><span class='pushbutton'><a href='http:\/\/www.wikio.es\/vote?url=http%3A%2F%2Fwww.emiliosilveravazquez.com%2Fblog%2F2013%2F07%2F02%2Fno-siempre-hablamos-con-propiedad%2F' title='Wikio' target='_blank' rel='nofollow'><img src='http:\/\/www.emiliosilveravazquez.com\/blog\/wp-content\/plugins\/knxdt-bookmarks-wordpress-plugin\/images\/wikio.png'   alt='' class='book_img' border='none' style='margin:1px; padding: 0;'   \/><\/a><\/span><span class='pushbutton'><a href='http:\/\/friendfeed.com\/?url=http%3A%2F%2Fwww.emiliosilveravazquez.com%2Fblog%2F2013%2F07%2F02%2Fno-siempre-hablamos-con-propiedad%2F&amp;title=No+siempre+hablamos+con+propiedad' title='Friend Feed' target='_blank' rel='nofollow'><img src='http:\/\/www.emiliosilveravazquez.com\/blog\/wp-content\/plugins\/knxdt-bookmarks-wordpress-plugin\/images\/friendfeed.png'  alt='' class='book_img' border='none' style='margin:1px; padding: 0;'  \/><\/a><\/span><span class='pushbutton'><a href='http:\/\/www.facebook.com\/share.php?u=http%3A%2F%2Fwww.emiliosilveravazquez.com%2Fblog%2F2013%2F07%2F02%2Fno-siempre-hablamos-con-propiedad%2F&amp;t=No+siempre+hablamos+con+propiedad' title='Facebook' target='_blank' rel='nofollow'><img src='http:\/\/www.emiliosilveravazquez.com\/blog\/wp-content\/plugins\/knxdt-bookmarks-wordpress-plugin\/images\/facebook.png'  alt='' class='book_img' border='none' style='margin:1px; padding: 0;'  \/><\/a><\/span><span class='pushbutton'><a href='http:\/\/twitter.com\/home?status=No+siempre+hablamos+con+propiedad: http%3A%2F%2Fwww.emiliosilveravazquez.com%2Fblog%2F2013%2F07%2F02%2Fno-siempre-hablamos-con-propiedad%2F' title='Twitter' target='_blank' rel='nofollow'><img src='http:\/\/www.emiliosilveravazquez.com\/blog\/wp-content\/plugins\/knxdt-bookmarks-wordpress-plugin\/images\/twitter.png'  alt='' class='book_img' border='none' style='margin:1px; padding: 0;'  \/><\/a><\/span><span class='pushbutton'><a href='http:\/\/www.feedburner.com\/fb\/a\/emailFlare?itemTitle=No+siempre+hablamos+con+propiedad&amp;uri=http%3A%2F%2Fwww.emiliosilveravazquez.com%2Fblog%2F2013%2F07%2F02%2Fno-siempre-hablamos-con-propiedad%2F' title='Enviar por Email' target='_blank' rel='nofollow'><img src='http:\/\/www.emiliosilveravazquez.com\/blog\/wp-content\/plugins\/knxdt-bookmarks-wordpress-plugin\/images\/email.png'  alt='' class='book_img' border='none' style='margin:1px; padding: 0;'  \/><\/a><\/span><span style='font-weight:bold; padding-left: 5px;'><a href='http:\/\/wordpress.org\/extend\/plugins\/knxdt-bookmarks-wordpress-plugin\/' title='Plugin' rel='nofollow' target='_blank'>[?]<\/a><\/span><\/td><\/tr><\/table><br\/><br\/><\/div>","protected":false},"excerpt":{"rendered":"<p>\u00bfSabremos alg\u00fan d\u00eda, como son las cosas? Los cosm\u00f3logos hablan y hablan y no pocas veces utilizan conceptos y par\u00e1metros que, sin haber sido comprobados, est\u00e1n ah\u00ed unamovibles como si de verdades como monta\u00f1as se tratara. La Energ\u00eda y la Materia Oscura son una buena muestra. Las colocan por todas partes y, aunque nadie sabe [&hellip;]<\/p>\n","protected":false},"author":2,"featured_media":0,"comment_status":"open","ping_status":"open","sticky":false,"template":"","format":"standard","meta":{"_s2mail":"yes","footnotes":""},"categories":[57],"tags":[],"_links":{"self":[{"href":"http:\/\/www.emiliosilveravazquez.com\/blog\/wp-json\/wp\/v2\/posts\/7249"}],"collection":[{"href":"http:\/\/www.emiliosilveravazquez.com\/blog\/wp-json\/wp\/v2\/posts"}],"about":[{"href":"http:\/\/www.emiliosilveravazquez.com\/blog\/wp-json\/wp\/v2\/types\/post"}],"author":[{"embeddable":true,"href":"http:\/\/www.emiliosilveravazquez.com\/blog\/wp-json\/wp\/v2\/users\/2"}],"replies":[{"embeddable":true,"href":"http:\/\/www.emiliosilveravazquez.com\/blog\/wp-json\/wp\/v2\/comments?post=7249"}],"version-history":[{"count":0,"href":"http:\/\/www.emiliosilveravazquez.com\/blog\/wp-json\/wp\/v2\/posts\/7249\/revisions"}],"wp:attachment":[{"href":"http:\/\/www.emiliosilveravazquez.com\/blog\/wp-json\/wp\/v2\/media?parent=7249"}],"wp:term":[{"taxonomy":"category","embeddable":true,"href":"http:\/\/www.emiliosilveravazquez.com\/blog\/wp-json\/wp\/v2\/categories?post=7249"},{"taxonomy":"post_tag","embeddable":true,"href":"http:\/\/www.emiliosilveravazquez.com\/blog\/wp-json\/wp\/v2\/tags?post=7249"}],"curies":[{"name":"wp","href":"https:\/\/api.w.org\/{rel}","templated":true}]}}