{"id":6991,"date":"2025-05-01T11:57:25","date_gmt":"2025-05-01T10:57:25","guid":{"rendered":"http:\/\/www.emiliosilveravazquez.com\/blog\/?p=6991"},"modified":"2025-05-01T12:02:06","modified_gmt":"2025-05-01T11:02:06","slug":"%c2%a1la-naturaleza-ademas-de-bella-es-%c2%a1asombrosa","status":"publish","type":"post","link":"http:\/\/www.emiliosilveravazquez.com\/blog\/2025\/05\/01\/%c2%a1la-naturaleza-ademas-de-bella-es-%c2%a1asombrosa\/","title":{"rendered":"\u00a1La Naturaleza! Adem\u00e1s de Bella, es&#8230;\u00a1Asombrosa!"},"content":{"rendered":"<blockquote><p><img decoding=\"async\" src=\"https:\/\/blogger.googleusercontent.com\/img\/b\/R29vZ2xl\/AVvXsEi2ykuewHrXzkOLA-YhSWUcBnJKFpxPKv15_0ChAGJi7BVw62qqupvoYGg6jI_vf74uAo4GsPtVMrb-UV8cMRu2FByS3whRSKHFLSNJyvCB7HiQ10DVGLcgRvkyJwnLQNeYg62xDdIOFYI\/s1600\/75-jpg-e1334686685358.gif\" alt=\"F\u00cdSICA Y QU\u00cdMICA I.E.S L\u00c1ZARO C\u00c1RDENAS: noviembre 2015\" \/><\/p><\/blockquote>\n<p>&nbsp;<\/p>\n<p>&nbsp;<\/p>\n<p>&nbsp;<\/p>\n<p style=\"text-align: justify;\">No pocas veces nos encontramos con hechos que aunque han tenido la participaci\u00f3n de los humanos, parecen tener su origen en otro \u00e1mbito m\u00e1s alto de \u00e9ste nuestro, en otro lugar donde el entendimiento ser\u00eda superior y las mentes tuvieran la potestad de ver secretos de la Naturaleza profundamente escondidos. En f\u00edsica tenemos multitud de ejemplos de esto que digo: Me vienen a la mente las ecuaciones conocidas como de <a href=\"#\" onclick=\"referencia('yang mills',event); return false;\">Yang-Mills<\/a> que indicaban que los <a href=\"#\" onclick=\"referencia('gluones',event); return false;\">gluones<\/a>, las part\u00edculas <a href=\"#\" onclick=\"referencia('gauge',event); return false;\">gauge<\/a> que transportan la fuerza m\u00e1s poderosa de las cuatro conocidas para mantener unidos los Quarks dentro del n\u00facleo, deb\u00edan carecer de masa, como los <a href=\"#\" onclick=\"referencia('foton',event); return false;\">fotones<\/a> y los <a href=\"#\" onclick=\"referencia('graviton',event); return false;\">gravitones<\/a>.<\/p>\n<p style=\"text-align: justify;\">\u00bfPor qu\u00e9, entonces la <a href=\"#\" onclick=\"referencia('fuerza nuclear fuerte',event); return false;\">fuerza nuclear fuerte<\/a> se hace sentir s\u00f3lo a corta distancia, cuando la luz y la gravitaci\u00f3n tienen un alcanza infinito?<\/p>\n<p style=\"text-align: justify;\"><img decoding=\"async\" loading=\"lazy\" id=\"il_fi\" src=\"http:\/\/4.bp.blogspot.com\/-h2HHA5MdYUI\/Tvs9sQKV0qI\/AAAAAAAAZSA\/Qp1E4Zw4M5U\/s640\/8.jpg\" alt=\"\" width=\"556\" height=\"328\" \/><\/p>\n<p style=\"text-align: justify;\">La respuesta la tenemos en la Cromodin\u00e1mica cu\u00e1ntica, la teor\u00eda de la fuerza intensa, es que \u00e9sta aumenta su poder cuando los Quarks que aprisiona tratan de separarse, en vez de debilitarse como el electromagnetismo y la gravitaci\u00f3n con la distancia, la <a href=\"#\" onclick=\"referencia('fuerza nuclear fuerte',event); return false;\">fuerza nuclear fuerte<\/a> aumenta. Ah\u00ed surgi\u00f3 el origen de confinamiento de los Quarks&#8221; que, obligados por una &#8220;nube&#8221; de Gluones, el Bos\u00f3n mediador de esta fuerza.<\/p>\n<p>&nbsp;<\/p>\n<p style=\"text-align: justify;\"><img decoding=\"async\" loading=\"lazy\" id=\"il_fi\" src=\"http:\/\/www.blogodisea.com\/wp-content\/uploads\/2010\/09\/desintegracion-radiactiva-desintegracion-explicacion.jpg\" alt=\"\" width=\"400\" height=\"374\" \/><\/p>\n<p>&nbsp;<\/p>\n<p style=\"text-align: justify;\">Tambi\u00e9n aclar\u00f3 la Cromodin\u00e1mica cu\u00e1ntica el funcionamiento de la fuerza d\u00e9bil: el fen\u00f3meno antes misterioso de la desintegraci\u00f3n radiactiva Beta que pudo ser interpreta ahora como la conversi\u00f3n de un Quark down en un Quark up, convirti\u00e9ndose el <a href=\"#\" onclick=\"referencia('neutron',event); return false;\">neutr\u00f3n<\/a>,\u00a0 formado por dos Quarks down y un Quark up, en un <a href=\"#\" onclick=\"referencia('proton',event); return false;\">prot\u00f3n<\/a> que consiste en dos Quarks up y un Quark down.<\/p>\n<p>&nbsp;<\/p>\n<p><img decoding=\"async\" loading=\"lazy\" class=\"\" src=\"https:\/\/scontent.fsvq2-1.fna.fbcdn.net\/v\/t39.30808-6\/489803328_1065103628983497_5732947855120343585_n.jpg?_nc_cat=109&amp;ccb=1-7&amp;_nc_sid=127cfc&amp;_nc_ohc=pO0CvJd3YkcQ7kNvwHyTJ-c&amp;_nc_oc=AdlCHFvNIYtpXmqVHqUe2YFkN8sE_KPPEA4zPbffrA_GuDJEgcvRGYnqVxqKpzRIFbY&amp;_nc_zt=23&amp;_nc_ht=scontent.fsvq2-1.fna&amp;_nc_gid=rrxE6565cJzMebSm74FW6g&amp;oh=00_AfHr5Uc6wpi-ALOvgQ8EbfHD1jSOLHmoye7RJlztZddw_g&amp;oe=6818FDA8\" alt=\"Puede ser una imagen de una persona y texto que dice &quot;&gt; m2 m1 V1 m1 OL dga ga) \u1345 \u0111qa 40=0 =0 6aa dt&quot;\" width=\"598\" height=\"336\" \/><\/p>\n<p style=\"text-align: justify;\"><strong>Emmy Noether<\/strong> demostr\u00f3 que las leyes f\u00edsicas fundamentales son solo una consecuencia de simetr\u00edas simples. Un siglo despu\u00e9s, sus ideas siguen dando forma a la f\u00edsica.<\/p>\n<p style=\"text-align: justify;\">La simetr\u00eda como se pudo ver m\u00e1s tarde, iba a desempe\u00f1ar un papel destacado en el ulterior desarrollo de la teor\u00eda cu\u00e1ntica de campo, y hasta se\u00f1al\u00f3 el camino hacia una teor\u00eda unificada de la &#8220;<a href=\"#\" onclick=\"referencia('supersimetria',event); return false;\">supersimetr\u00eda<\/a>&#8221;, capaz de unir todas las part\u00edculas y campos bajo el manto de un s\u00f3lo conjunto de ecuaciones. Yang escribi\u00f3:<\/p>\n<p>&nbsp;<\/p>\n<p><img decoding=\"async\" src=\"https:\/\/bloggy.ific.uv.es\/bloggy\/wp-content\/uploads\/2022\/03\/yang.jpg\" alt=\"Cumple 100 a\u00f1os Yang Chen-Ning, f\u00edsico puntero en la teor\u00eda cu\u00e1ntica de  campos del siglo XX \u2013 Entre cientIFIC@s\" \/><\/p>\n<p><strong>\u00a0 \u00a0 \u00a0 \u00a0 \u00a0Yang Chen-Ning<\/strong><\/p>\n<p style=\"text-align: justify;\"><strong>&#8220;La Naturaleza parece aprovechar la representaci\u00f3n matem\u00e1tica simple de las leyes de simetr\u00eda. La elegancia intr\u00ednseca y la bella perfecci\u00f3n del razonamiento matem\u00e1tico involucrado, as\u00ed como la complejidad y profundidad de sus consecuencias f\u00edsicas, son una gran fuente de est\u00edmulo para los f\u00edsicos. Uno aprende a alentar la esperanza de que la Naturaleza posee un orden que podemos aspirar a comprender.&#8221;<\/strong><\/p>\n<p style=\"text-align: justify;\"><img decoding=\"async\" loading=\"lazy\" src=\"http:\/\/www.desarrolloweb.com\/articulos\/images\/diseno\/4\/simetria_1.gif\" alt=\"\" width=\"244\" height=\"172\" \/><img decoding=\"async\" id=\"BLOGGER_PHOTO_ID_5511351236186522418\" src=\"http:\/\/4.bp.blogspot.com\/_s6rFVknrfIg\/THxAv7lOwzI\/AAAAAAAAAvM\/F12KbVD2BtI\/s320\/simetria+monroe.jpg\" alt=\"\" border=\"0\" \/><img decoding=\"async\" loading=\"lazy\" id=\"il_fi\" src=\"http:\/\/1.bp.blogspot.com\/_s6rFVknrfIg\/THxBAuT0NCI\/AAAAAAAAAvU\/N8UwyRjMgts\/s1600\/simetria+mariposa+yuxtap6re%5B1%5D.jpg\" alt=\"\" width=\"275\" height=\"276\" \/><\/p>\n<p>&nbsp;<\/p>\n<p style=\"text-align: justify;\">La Simetr\u00eda de la Naturaleza nos rodea por todas partes y, a nuestro alrededor, miremos donde podamos mirar, all\u00ed est\u00e1 presente y, sin embargo, de ninguna manera son manifiestas todas las simetr\u00edas de la Naturaleza. Vivimos en un mundo imperfecto, en el que muchas de las simetr\u00edas que aparecen en las ecuaciones est\u00e1n rotas.<\/p>\n<blockquote><p><img decoding=\"async\" src=\"https:\/\/ninos.kiddle.co\/images\/thumb\/a\/aa\/Beta-minus_Decay.svg\/300px-Beta-minus_Decay.svg.png\" alt=\"Interacci\u00f3n d\u00e9bil para Ni\u00f1os\" \/><\/p><\/blockquote>\n<p>&nbsp;<\/p>\n<p>&nbsp;<\/p>\n<p style=\"text-align: justify;\">De todos es bien conocido que, el mismo Yang, en colaboraci\u00f3n con<strong> Tsung Dao Lee<\/strong>, identific\u00f3 una discreta simetr\u00eda en la fuerza d\u00e9bil, llamada violaci\u00f3n de la paridad. En 1956, ambos predijeron sobre bases te\u00f3ricas, que el <a href=\"#\" onclick=\"referencia('espin',event); return false;\">esp\u00edn<\/a> de las part\u00edculas provenientes de la desintegraci\u00f3n Beta mostrar\u00edan una ligera preferencia por una direcci\u00f3n sobre la otra. Experimentos realizados, as\u00ed lo confirmaron y les vali\u00f3 el Premio Nobel a Lee y Yang (aunque no a Wu por razones desconocidas). Aquello sirvi\u00f3 para atraer la atenci\u00f3n sobre el hecho de que la Naturaleza, sea sim\u00e9trica en algunos aspectos y asim\u00e9trica en otros.<\/p>\n<p>&nbsp;<\/p>\n<p style=\"text-align: justify;\"><img decoding=\"async\" loading=\"lazy\" class=\"\" src=\"https:\/\/cdn.agenciasinc.es\/var\/ezwebin_site\/storage\/images\/_aliases\/img_1col\/noticias\/nuevo-avance-para-sintetizar-moleculas-quirales-con-dos-catalizadores\/5703758-3-esl-MX\/Nuevo-avance-para-sintetizar-moleculas-quirales-con-dos-catalizadores.jpg\" alt=\"Nuevo avance para sintetizar mol\u00e9culas quirales con dos catalizadores\" width=\"452\" height=\"302\" \/><img decoding=\"async\" loading=\"lazy\" class=\"\" src=\"https:\/\/www.quimicaorganica.org\/images\/stories\/organica-i\/estereoquimica\/estereoisomeria\/imagen-especular-bromocloroyodometano.png\" alt=\"Quiralidad molecular y enanti\u00f3meros\" width=\"449\" height=\"238\" \/><\/p>\n<p>&nbsp;<\/p>\n<p style=\"text-align: justify;\"><span data-huuid=\"14122404931242770792\">Las mol\u00e9culas quirales son aquellas que no pueden superponerse con su imagen especular<\/span><span data-huuid=\"14122404931242770792\"><mark class=\"QVRyCf\">\u00a0<\/mark>(imagen reflejada en un espejo).\u00a0<\/span><span data-huuid=\"14122404931242772903\">Esto se debe a la disposici\u00f3n espacial de sus \u00e1tomos, especialmente a la presencia de un carbono asim\u00e9trico (carbono con cuatro grupos diferentes unidos a el.<\/span><\/p>\n<p style=\"text-align: justify;\">Las conocidas como mol\u00e9culas quirales pueden existir en dos formas, siendo una la imagen especular no superponible de una sobre la otra, incluso aunque ambas tienen la misma composici\u00f3n qu\u00edmica &#8230; Si bien los experimentos de laboratorio tienden a producir cantidades iguales de las versiones dextr\u00f3giras y lev\u00f3giras, muchas de <strong>las mol\u00e9culas quirales encontradas en organismos vivos proceden de una de las variedades &#8230;<\/strong> Por ejemplo, los amino\u00e1cidos que forman las prote\u00ednas solo aparecen en la forma lev\u00f3gira, mientras que los az\u00facares del ADN s\u00f3lo en la dextr\u00f3gira \u2026 ( la dextrosa o glucosa, es un az\u00facar que desv\u00eda el plano de polarizaci\u00f3n a la derecha) \u2026<\/p>\n<p>&nbsp;<\/p>\n<p><img decoding=\"async\" loading=\"lazy\" class=\"\" src=\"https:\/\/ichef.bbci.co.uk\/ace\/ws\/640\/cpsprodpb\/afa3\/live\/a3e38980-6bb7-11ef-93ee-6f9b99da9308.jpg.webp\" alt=\"Por qu\u00e9 nuestros cuerpos y los de la mayor\u00eda de los animales son sim\u00e9tricos  (por fuera) - BBC News Mundo\" width=\"524\" height=\"295\" \/><img decoding=\"async\" loading=\"lazy\" class=\"\" src=\"https:\/\/img.freepik.com\/foto-gratis\/primer-plano-cabeza-hermoso-leon_181624-35855.jpg\" alt=\"Primer plano de la cabeza de un hermoso le\u00f3n | Foto Gratis\" width=\"522\" height=\"522\" \/><img decoding=\"async\" loading=\"lazy\" class=\"\" src=\"https:\/\/blogger.googleusercontent.com\/img\/b\/R29vZ2xl\/AVvXsEhknzliR4_6_JnOz0KldKBedeGgqYMa65DXKGkf0Ff3PxgzON19TniDeRrCNzgeeYaJHCDFGqXjxecfyc-OAn8J27sO-t1mTewocy_R-Yr2vPnDks8MpdbB9rP_Zl_Pt3ydoGOp_21KTOLR\/s1600\/Hombre+y+mujer.jpg\" alt=\"Arquitectamos locos?: Simetr\u00eda y no s\u00e9 si f\u00edsica cu\u00e1ntica (I)\" width=\"521\" height=\"761\" \/><\/p>\n<p><strong>La simetr\u00eda est\u00e1 por todo el Universo, no importa hacia donde miremos, all\u00ed estar\u00e1<\/strong><\/p>\n<p style=\"text-align: justify;\">Los cient\u00edficos han debatido desde hace mucho sobre esta <strong>asimetr\u00eda en los seres vivos &#8230;<\/strong> Algunos han defendido que un n\u00famero igual de ambas versiones de la mol\u00e9cula quiral estaba presente en el inicio de la vida, y que s\u00f3lo durante la evoluci\u00f3n biol\u00f3gica tuvo lugar el desequilibrio &#8230; Esa visi\u00f3n se ha ido haciendo cada vez menos popular, no obstante, al darnos cuenta de que el proceso fundamentalmente importante del plegamiento de prote\u00ednas parece requerir un desequilibrio quiral, aunque el que la naturaleza haya seleccionado <strong>la quiralidad derecha o izquierda para cada mol\u00e9cula durante la evoluci\u00f3n implicar\u00eda procesos extremadamente complejos &#8230;<\/strong><\/p>\n<p>&nbsp;<\/p>\n<div><a href=\"http:\/\/1.bp.blogspot.com\/_iOUWsYnNbmo\/TTYJoHxivkI\/AAAAAAAAJ0U\/_RgYcquG_9w\/s1600\/Whirlpool.jpg\"><img decoding=\"async\" loading=\"lazy\" src=\"http:\/\/1.bp.blogspot.com\/_iOUWsYnNbmo\/TTYJoHxivkI\/AAAAAAAAJ0U\/_RgYcquG_9w\/s640\/Whirlpool.jpg\" alt=\"\" width=\"640\" height=\"342\" border=\"0\" \/><\/a><\/div>\n<div><\/div>\n<blockquote>\n<div><strong>Simetr\u00eda en las Galaxias espirales<\/strong><\/div>\n<div><\/div>\n<\/blockquote>\n<div style=\"text-align: justify;\">Los investigadores han concluido que <strong>es posible crear \u201cmol\u00e9culas asim\u00e9tricas de la vida\u201d<\/strong> en condiciones espaciales a partir de una mezcla que inicialmente no contiene ninguna sustancia quiral. El miembro del equipo Laurent Nahon, que trabaja en SOLEIL, se\u00f1ala que la cifra de 1,3% es del mismo orden de magnitud que la fracci\u00f3n de amino\u00e1cidos descubiertos en los meteoritos primitivos, por lo que da m\u00e1s peso a la idea de que la asimetr\u00eda quiral se origin\u00f3 en el espacio &#8230;<\/div>\n<div><\/div>\n<div><\/div>\n<div>\n<div class=\"aspect_ratio__container\"><picture class=\"responsive-image\"><img decoding=\"async\" loading=\"lazy\" class=\"width_full height_full article__lead-art-photo image_placeholder\" src=\"https:\/\/tn.com.ar\/resizer\/v2\/los-pilares-de-luz-son-unas-lineas-verticales-bastante-brillantes-que-parecen-emerger-del-horizonte-con-destino-al-cielo-foto-archivo-72F6KPRUUFCTRNBJXJCDVBBN2E.jpg?auth=64d59186b6b4b0cacf21e70a85862a600802e52fb482a3c71cad68ac81992cc5&amp;width=767\" alt=\"Los pilares de luz son unas l\u00edneas verticales bastante brillantes que parecen emerger del horizonte con destino al cielo. (Foto: Archivo)\" width=\"620\" height=\"349\" \/><\/picture><\/div>\n<blockquote>\n<div style=\"text-align: justify;\"><\/div>\n<div class=\"image_caption font__body\" style=\"text-align: justify;\">Los pilares de luz son unas l\u00edneas verticales bastante brillantes que parecen emerger del horizonte con destino al cielo.<\/div>\n<\/blockquote>\n<div class=\"image_caption font__body\">(Foto: Archivo)<\/div>\n<div><\/div>\n<\/div>\n<div><\/div>\n<div><img decoding=\"async\" loading=\"lazy\" class=\"\" src=\"https:\/\/tn.com.ar\/resizer\/v2\/volcan-antartico-y-sus-tubos-de-nieve-foto-archivo-IGJKQAPMLJAXBARG2OKWZTOMFY.jpg?auth=8b740c179b92510828589d0ba961d5506a312f3676de6da449ecb7c9e19081fb&amp;width=767\" alt=\"Volc\u00e1n ant\u00e1rtico y sus tubos de nieve. (Foto: Archivo)\" width=\"623\" height=\"350\" \/><\/div>\n<div><\/div>\n<div>\n<h2 class=\"font--primary font__display\">Volc\u00e1n ant\u00e1rtico y sus tubos de nieve<\/h2>\n<p class=\"paragraph font__body-regular\" style=\"text-align: justify;\">Entre los hielos, aunque resulte inimaginable, hay\u00a0<a href=\"https:\/\/tn.com.ar\/internacional\/2021\/02\/10\/video-fue-a-meditar-al-medio-de-la-montana-y-termino-grabando-la-erupcion-de-un-volcan\/\" target=\"_blank\" rel=\"noopener\">volcanes<\/a>.\u00a0<b>\u201cErebus\u201d<\/b>\u00a0es uno de los m\u00e1s altos del Ant\u00e1rtico y el m\u00e1s activo de ellos. Est\u00e1 cubierto con tubos de nieve, formados como resultado de la constante transformaci\u00f3n de vapor, el cual sale por las grietas, en el hielo y la nieve. Muchos tubos de nieve emiten vapor de agua.<\/p>\n<p>&nbsp;<\/p>\n<\/div>\n<p><img decoding=\"async\" src=\"https:\/\/hacialosalvaje.wordpress.com\/wp-content\/uploads\/2015\/11\/bosque-ruso.jpg?w=628\" alt=\"Bosque Ruso | hacialosalvaje\" \/><\/p>\n<div>\n<figure class=\"\" data-testid=\"figure-testid\">\n<div class=\"aspect_ratio__container\"><picture class=\"responsive-image\"><source srcset=\"https:\/\/tn.com.ar\/resizer\/v2\/volcan-antartico-y-sus-tubos-de-nieve-foto-archivo-IGJKQAPMLJAXBARG2OKWZTOMFY.jpg?auth=8b740c179b92510828589d0ba961d5506a312f3676de6da449ecb7c9e19081fb&amp;width=767\" type=\"image\/jpg\" media=\"(max-width: 728px)\" \/><source srcset=\"https:\/\/tn.com.ar\/resizer\/v2\/volcan-antartico-y-sus-tubos-de-nieve-foto-archivo-IGJKQAPMLJAXBARG2OKWZTOMFY.jpg?auth=8b740c179b92510828589d0ba961d5506a312f3676de6da449ecb7c9e19081fb&amp;width=1023\" type=\"image\/jpg\" media=\"(max-width: 1023px)\" \/><source srcset=\"https:\/\/tn.com.ar\/resizer\/v2\/volcan-antartico-y-sus-tubos-de-nieve-foto-archivo-IGJKQAPMLJAXBARG2OKWZTOMFY.jpg?auth=8b740c179b92510828589d0ba961d5506a312f3676de6da449ecb7c9e19081fb&amp;width=1440\" type=\"image\/jpg\" \/><\/picture><\/div>\n<\/figure>\n<\/div>\n<div>\n<h2 class=\"font--primary font__display\">El Bosque \u201cbailar\u00edn\u201d<\/h2>\n<p class=\"paragraph font__body-regular\" style=\"text-align: justify;\">En Kaliningrado, Rusia, existe un \u00e1rea del bosque con \u00e1rboles torcidos de forma peculiar. Los cient\u00edficos a\u00fan no tienen una opini\u00f3n definitiva al respecto de este fen\u00f3meno: unos creen que se trata de par\u00e1sitos que traumatizan los pinos en ciertas etapas de su crecimiento. Otros, les echan la culpa a los vientos fuertes del mar. Los mayores le tienen miedo a este lugar, creyendo que ah\u00ed habitan esp\u00edritus malignos. Lugares similares existen tambi\u00e9n en Dinamarca y Kazajst\u00e1n.<\/p>\n<\/div>\n<p>&nbsp;<\/p>\n<p><img decoding=\"async\" loading=\"lazy\" class=\"\" src=\"https:\/\/mfe.losandes.com.ar\/uploads\/2021\/01\/image5ff38f6e01b33.jpg\" alt=\"La peligrosa \u201cmarea roja\" width=\"639\" height=\"420\" \/><\/p>\n<h2 class=\"font--primary font__display\">Mares rojos<\/h2>\n<p class=\"paragraph font__body-regular\" style=\"text-align: justify;\">La marea roja es un fen\u00f3meno producido por la acumulaci\u00f3n en exceso de algas rojas microsc\u00f3picas en la superficie del agua. Bajo ciertas circunstancias, los microorganismos empiezan a multiplicarse demasiado r\u00e1pido. En general, es lo mismo que la proliferaci\u00f3n de algas.<\/p>\n<p>&nbsp;<\/p>\n<p><img decoding=\"async\" loading=\"lazy\" class=\"\" src=\"https:\/\/st1.uvnimg.com\/dims4\/default\/7ae536e\/2147483647\/thumbnail\/400x225\/quality\/75\/?url=https%3A%2F%2Fuvn-brightspot.s3.amazonaws.com%2Fassets%2Fvixes%2Fbtg%2Fbandada-de-aves.jpg\" alt=\"Default image alt\" width=\"526\" height=\"296\" \/><\/p>\n<h2 class=\"font--primary font__display\">El valle de las aves ca\u00eddas<\/h2>\n<p class=\"paragraph font__body-regular\" style=\"text-align: justify;\">En la India existe el valle de Jatinga donde, en los \u00faltimos d\u00edas de verano, las aves se comportan de manera muy extra\u00f1a, y esto se repite desde hace ya muchos a\u00f1os. Vuelan justo encima de las cabezas de las personas, y algunas de ellas caen al piso de inmediato en un estado semiinconsciente.<\/p>\n<p>&nbsp;<\/p>\n<p><img decoding=\"async\" loading=\"lazy\" class=\"\" src=\"https:\/\/tn.com.ar\/resizer\/v2\/los-5-secretos-mas-sorprendentes-que-la-naturaleza-esconde-MI7CCYFTJJCEFO7AETMFYJW754.jfif?auth=19573511c2ce747eeddf854f10df9c81ef8cbd6612d24fe611f73a2d78dcf7c7&amp;width=767\" alt=\"Los 5 secretos m\u00e1s sorprendentes que la naturaleza esconde\" width=\"571\" height=\"320\" \/><\/p>\n<h2 class=\"font--primary font__display\">Naga y las esferas de fuego<\/h2>\n<p class=\"paragraph font__body-regular\" style=\"text-align: justify;\">Desde las profundidades del r\u00edo Mekong, en Tailandia, de vez en cuando salen unas esferas rojas luminosas con una forma parecida a un huevo. Se elevan unos 10 o 20 metros sobre la superficie del r\u00edo y desaparecen. Aparecen con mayor frecuencia en octubre. En esa \u00e9poca, en los pueblos cercanos, se celebra el festival dedicado a este fen\u00f3meno. Los cient\u00edficos intentan explicarlo a partir de la inflamaci\u00f3n de gases que se elevan del fondo del r\u00edo. Sin embargo, los residentes locales est\u00e1n seguros de que estas esferas son creadas por Naga, semi-serpiente, semi-humano que vive en el r\u00edo.<\/p>\n<p>&nbsp;<\/p>\n<p><img decoding=\"async\" loading=\"lazy\" class=\"\" src=\"https:\/\/tn.com.ar\/resizer\/v2\/el-dedo-de-la-muerte-un-fenomeno-natural-debido-al-frio-y-la-sal-que-resulta-lento-hermoso-elegante-y-letal-foto-archivo-IX47SXYYYJB2FNS3MFQFMN2YMA.jpg?auth=fa7a33b72b9bc8a5b96dc258942f4f289893f36fc21b603c5ddb1d08670993ba&amp;width=767\" alt=\"El dedo de la muerte, un fen\u00f3meno natural debido al fr\u00edo y la sal que resulta lento, hermoso, elegante y letal. (Foto: Archivo)\" width=\"561\" height=\"316\" \/><\/p>\n<h2 class=\"font--primary font__display\">El \u201cdedo de la muerte\u201d de hielo<\/h2>\n<p class=\"paragraph font__body-regular\" style=\"text-align: justify;\">Este fen\u00f3meno sucede en las aguas \u00e1rticas subglaciales debido a las diferentes temperaturas de congelaci\u00f3n del agua con diferente salinidad. Por fuera, luce como un crecimiento inesperado de un car\u00e1mbano que, al llegar al fondo, se convierte en un riachuelo de hielo. Los animales marinos que se encuentran con brinicle (tubo hueco de hielo que crece hacia abajo y encierra una columna de salmuera descendente que se forma debajo del hielo marino en desarrollo), se cubren r\u00e1pidamente de una costra de hielo y se congelan.<\/p>\n<p>\u00bfC\u00f3mo poder explicar secretos que la Naturaleza esconde si no los observamos y estudiamos?<\/p>\n<p>&nbsp;<\/p>\n<div>\n<p class=\"paragraph font__body-regular\" style=\"text-align: justify;\">A veces los seres humanos creemos conocer todo acerca del planeta que habitamos y, para algunos, las ciencias -como la geolog\u00eda, geograf\u00eda y meteorolog\u00eda- ya no tienen nada para ofrecer. Pero, claramente, no es as\u00ed. Existen diversos<b>\u00a0fen\u00f3menos extra\u00f1os<\/b>\u00a0e impresionantes que, al identificarlos, nos hacer dar cuenta de que la Tierra a\u00fan tiene mucho m\u00e1s para sorprendernos. Algunos de ellos pueden resultar tenebrosos, mientras que otros son incre\u00edblemente bellos.<\/p>\n<\/div>\n<div style=\"text-align: justify;\"><strong>Lo dicho: \u00a1Tiene y esconde, tantos secretos la Naturaleza!<\/strong><\/div>\n<div><\/div>\n<div><\/div>\n<div><img decoding=\"async\" loading=\"lazy\" class=\"\" src=\"https:\/\/pbs.twimg.com\/media\/FKdpOBRXoAMZVS9.jpg\" alt=\"COMB\u039e on X: &quot;7. As\u00ed como gran parte de las figuras geom\u00e9tricas contenidas  en la naturaleza https:\/\/t.co\/oRXBPToKAu&quot; \/ X\" width=\"582\" height=\"422\" \/><\/div>\n<div><\/div>\n<div style=\"text-align: justify;\">Siempre han llamado nuestra atenci\u00f3n esas figuras perfectas, armoniosas y sim\u00e9tricas que, aparecen en la Naturaleza, ante nuestros ojos, y, a pesar de que algunas tienen conformaciones complejas, se repiten con una perfecci\u00f3n que causa en nosotros\u00a0 un cierto asombro no exento de curiosidad. Tanto en el \u201cuniverso\u201d del microcosmos como en el del macrocosmos, existen estructuras regulares y armoniosas en espiral, esf\u00e9ricas o con forma de h\u00e9lice que nuestra innata curisidad nos ha llevado a investigar para llegar a saber que obedecen a precisas reglas matem\u00e1ticas y biol\u00f3gicas en algunos casos.<\/div>\n<div><\/div>\n<p>&nbsp;<\/p>\n<blockquote><p><img decoding=\"async\" loading=\"lazy\" class=\"\" src=\"https:\/\/media.istockphoto.com\/id\/1137333483\/es\/foto\/cabra-con-cuernos-grandes-se-encuentra-solo-en-una-roca-paisaje-de-monta%C3%B1a-y-el-cielo.jpg?s=612x612&amp;w=0&amp;k=20&amp;c=fto4M088xSpshc2fpcugnINMjs_XCAWY5UtdT_CBeRs=\" alt=\"Cabra Con Cuernos Grandes Se Encuentra Solo En Una Roca Paisaje De Monta\u00f1a  Y El Cielo Foto de stock y m\u00e1s banco de im\u00e1genes de Marjor - iStock\" width=\"147\" height=\"221\" \/><img decoding=\"async\" loading=\"lazy\" class=\"\" src=\"https:\/\/i.blogs.es\/cca9c0\/lester-madeline\/1366_2000.jpg\" alt=\"As\u00ed de imponentes lucen los huracanes cuando se ven desde el espacio\" width=\"355\" height=\"219\" \/><img decoding=\"async\" src=\"https:\/\/neofronteras.com\/wp-content\/photos\/m74.jpg\" alt=\"NeoFronteras \u00bb El Universo parece girar sobre s\u00ed mismo - Portada -\" \/><img decoding=\"async\" loading=\"lazy\" class=\"\" src=\"https:\/\/www.dim.uchile.cl\/~simetria\/biologico\/imagenes\/nautilusA.JPG\" alt=\"Simetr\u00eda y patrones en sus manchas.\" width=\"315\" height=\"226\" \/><img decoding=\"async\" src=\"https:\/\/matematicasentumundo.es\/CURIOSIDADES\/Florence%20Colgate%202dcha.jpg\" alt=\"Simetr\u00eda y belleza - Matem\u00e1ticas en tu mundo\" \/><img decoding=\"async\" loading=\"lazy\" class=\"\" src=\"https:\/\/s3.amazonaws.com\/arc-wordpress-client-uploads\/infobae-wp\/wp-content\/uploads\/2016\/07\/18122849\/cara-la-m%C3%A1s-linda-SF-1-899x1024.jpg\" alt=\"La ciencia revel\u00f3 el rostro m\u00e1s lindo del mundo - Infobae\" width=\"350\" height=\"399\" \/><\/p>\n<p>&nbsp;<\/p><\/blockquote>\n<p style=\"text-align: justify;\">Los cuernos de una cabra paquistan\u00ed, la imagen de un cicl\u00f3n visto desde el espacio, una galaxia o una concha, la chica que arriba nos mira. Son formas que se nos viene a la vista, aspectos de la realidad que llaman poderosamente nuestra atenci\u00f3n y nos lleva a preguntar: \u00bfPor qu\u00e9 se forman y repiten esas figuras una y otra vez, y, en cada caso, una es la \u201ccopia exacta\u201d de todas las dem\u00e1s de su g\u00e9nero? \u00bfEs posible que el hombre, al contemplar tales maravillas comenzara a hacer preguntas y diera lugar al nacimiento de la Ciencia? Las matem\u00e1ticas comenzaron por el asombro que despertaban las formas geom\u00e9tricas\u00a0 y de la misma manera, nacieron los primeros problemas de la f\u00edsica cl\u00e1sica centrada en las \u00f3rbitas de los astros y las trayectorias de proyectiles.<\/p>\n<p style=\"text-align: justify;\">La geolog\u00eda estudia la forma de las piedras y volcanes y la biolog\u00eda se ocupa de las formas de los seres vivos y de como \u00e9sta ha ido cambiando a lo largo del tiempo. Pero, \u00bfC\u00f3mo explicar los mecanismos que crean el aspecto exterior de la realidad que podemos percibir? \u00bfY por qu\u00e9 existen las mismas estructuras tanto en los organismos vivos como en el mundo inanimado?<\/p>\n<p style=\"text-align: justify;\">Observamos la Naturaleza y podemos contemplar formas armoniosas y elegantes, entendiendo que son cuerpos bellos y sim\u00e9tricos en todas sus versiones. Por ejemplo, a m\u00ed siempre me llam\u00f3 la atenci\u00f3n la simetr\u00eda por traslaci\u00f3n que se puede encontrar en la disposici\u00f3n de las hojas.<\/p>\n<p style=\"text-align: justify;\">Si nos fijamos y analizamos como se van desarrollando hacia la extremidad de su rama, aparecen con la misma forma inicial. Un asimetr\u00eda que est\u00e1 presente en los organismos que cuentan con una estructura en la que se repiten segmentos iguales, con los mismos aparatos y los mismos \u00f3rganos, como el trilobites, f\u00f3sil del Paleozoico (lombriz y sanguijuela), y algunas plantas.<\/p>\n<p>&nbsp;<\/p>\n<p><img decoding=\"async\" loading=\"lazy\" class=\"\" src=\"https:\/\/cdn.agenciasinc.es\/var\/ezwebin_site\/storage\/images\/noticias\/los-fosiles-de-plantas-mas-antiguos-del-mundo-tienen-1.600-millones-de-anos\/5949415-10-esl-MX\/Los-fosiles-de-plantas-mas-antiguos-del-mundo-tienen-1.600-millones-de-anos.jpg\" alt=\"Los f\u00f3siles de plantas m\u00e1s antiguos del mundo tienen 1.600 millones de a\u00f1os\" width=\"356\" height=\"214\" \/><img decoding=\"async\" loading=\"lazy\" class=\"\" src=\"https:\/\/static.nationalgeographic.es\/files\/styles\/image_3200\/public\/02-bristle-worm.jpg?w=1600&amp;h=1067\" alt=\"Un f\u00f3sil de 508 millones de a\u00f1os, la clave de la evoluci\u00f3n de los gusanos |  National Geographic\" width=\"317\" height=\"211\" \/><\/p>\n<p><img decoding=\"async\" loading=\"lazy\" src=\"http:\/\/historiadoreshistericos.files.wordpress.com\/2010\/05\/trilobites-2.jpg\" alt=\"\" width=\"500\" height=\"519\" \/><\/p>\n<p>&nbsp;<\/p>\n<p style=\"text-align: justify;\">En cambio la simetr\u00eda por rotaci\u00f3n se encuentra en los p\u00e9talos de una flor o en los tent\u00e1culos de una medusa: aunque sus cuerpos roten, permanecen iguales. No debemos olvidar la simetr\u00eda bilateral que hace que los lados derecho e izquierdo sean iguales y se presenta en casi todos los animales, incluido nosotros. Pero es uniendo estos aspectos cuando se obtienen figuras realmente armoniosas. Si se trata de desplazamiento y rotaci\u00f3n en un\u00a0 mismo plano hablamos de una espiral, mientras que en el espacio ser\u00eda una h\u00e9lice, aunque ambas se encuentran por todas partes en la naturaleza.<\/p>\n<p style=\"text-align: justify;\">Las simetr\u00edas se generan mediante las fuerzas que act\u00faan sobre los cuerpos, descritas por leyes rigurosas e inequ\u00edvocas, como una f\u00f3rmula matem\u00e1tica y dependen de la existencia de fuerzas distintas que act\u00faan en diversas\u00a0 direcciones. Si \u00e9stas permanecen en equilibrio, no hay preferencia alguna hacia arriba o abajo, a la derecha o a la izquierda, y los cuerpos tender\u00e1n a ser perfectamente esf\u00e9ricos, como suele ocurrir en el caso de virus y bacterias. Adem\u00e1s, cuando el aspecto no es el de una esfera perfecta, la Naturaleza har\u00e1 todo lo posible para acercarse a esta forma.<\/p>\n<p>En todo esto, y, para que as\u00ed ocurra, tiene que estar presente la Gravedad. Veamos:<\/p>\n<p>&nbsp;<\/p>\n<p><img decoding=\"async\" loading=\"lazy\" class=\"\" src=\"https:\/\/storage.googleapis.com\/portaleducativo-net-class-g3p6\/biblioteca\/contenidos\/ley-gravitacion-newton.jpg\" alt=\"Ley de la gravitaci\u00f3n universal de Newton | Wited\" width=\"453\" height=\"411\" \/><\/p>\n<p style=\"text-align: justify;\">Par\u00e9monos un momento en la gravitaci\u00f3n y generalicemos el concepto de simetr\u00eda, ampli\u00e1ndolo a las f\u00f3rmulas matem\u00e1ticas. Veamos\u00a0 la f\u00f3rmula de <a href=\"http:\/\/www.emiliosilveravazquez.com\/blog\/2012\/06\/18\/naturaleza-simetria-belleza\/#\"><a href=\"#\" onclick=\"referencia('newton',event); return false;\">Newton<\/a><\/a>, pero expres\u00e1ndola con palabras, de esta manera: la fuerza de atracci\u00f3n entre dos cuerpos es proporcional al producto de dos t\u00e9rminos: el primero es la masa de un cuerpo dividido por su distancia al otro. El segundo t\u00e9rmino es la masa del otro cuerpo dividido por su distancia al primero.<\/p>\n<p style=\"text-align: justify;\">Con s\u00edmbolos matem\u00e1ticos escribir\u00edamos:<\/p>\n<p><strong>F<img decoding=\"async\" loading=\"lazy\" src=\"http:\/\/www.iac.es\/cosmoeduca\/gravedad\/varios\/signo.gif\" alt=\"\" width=\"15\" height=\"13\" align=\"absbottom\" \/>(M\/d) \u00d7 (m\/d)<\/strong><\/p>\n<p>&nbsp;<\/p>\n<p style=\"text-align: justify;\">Es la misma f\u00f3rmula de siempre, pero la hemos puesto as\u00ed para visualizar que la gravitaci\u00f3n se puede expresar con una f\u00f3rmula bastante sim\u00e9trica: los dos t\u00e9rminos de la derecha de la ecuaci\u00f3n son \u201ccasi\u201d sim\u00e9tricos \u00bfno es verdad?<\/p>\n<p style=\"text-align: justify;\">Este concepto m\u00e1s general de simetr\u00eda es muy profundo, porque nos lleva a pensar que la Naturaleza y las leyes f\u00edsicas que la describen tambi\u00e9n obedecen a las leyes de la simetr\u00eda, igual que la materia, en sus manifestaciones externas, las obedece en muchos casos.\u201d<\/p>\n<p style=\"text-align: justify;\">\u00bfSer\u00eda posible que la simetr\u00eda\u00a0<em>material<\/em> tuviera un paralelismo en la abstracci\u00f3n\u00a0<em>intelectual<\/em> que son las leyes f\u00edsicas? Desde luego hace falta un esfuerzo mental considerable para pasar de lo material a lo intelectual, pero cuando se profundiza en ellla, la conexi\u00f3n aparece.<\/p>\n<p style=\"text-align: justify;\">En la naturaleza existen muchas cosas que nos pueden llevar a pensar en lo complejo que puede llegar a resultar entender cosas que, a primera vista, parec\u00edan sencillas. Me explico:<\/p>\n<p>&nbsp;<\/p>\n<p>&nbsp;<\/p>\n<p><img decoding=\"async\" loading=\"lazy\" class=\"\" src=\"https:\/\/aefi.es\/wp-content\/uploads\/2023\/07\/girasol-2-e1689589833727.jpg\" alt=\"Girasol, flor del mes de agosto \u2013 Asociaci\u00f3n Espa\u00f1ola de Floristas\" width=\"521\" height=\"293\" \/><\/p>\n<p style=\"text-align: justify;\">Fij\u00e9monos, por ejemplo, en una Flor de Girasol y en las matem\u00e1ticas que sus semillas conllevan. Forman una serie de n\u00fameros en la que cada cifra es la suma de las dos precedentes (por ejemplo 1, 1, 2, 3, 5, 8, 13, 21, 34, 55, 89, 144, 233\u2026) se denomina, en t\u00e9rminos matem\u00e1ticos, sucesi\u00f3n de Fibonacci, una ley que se cumple incluso en el mundo vegetal, como hemos podido comprobar en las semillas del girasol, dispuestas en espiral y que respetan \u00e9sta f\u00f3rmula.<\/p>\n<p>&nbsp;<\/p>\n<p><img decoding=\"async\" loading=\"lazy\" class=\"\" src=\"https:\/\/biodynamizer.com\/wp-content\/uploads\/2022\/10\/Cristal-de-agua-ES-1024x581.png\" alt=\"Cristales de agua - Biodynamizer\" width=\"502\" height=\"285\" \/><\/p>\n<blockquote><p><strong>Cristales de agua<\/strong><\/p><\/blockquote>\n<p style=\"text-align: justify;\">En el mundo inorg\u00e1nico las leyes de la cristalizaci\u00f3n del agua congelada, determinadas por las fuerzas que act\u00faan entre las mol\u00e9culas, hacen que los cristales adopten formas que son infinitas y var\u00edan con respecto a un tema com\u00fan: la estrella de seis puntas. Sin embargo, los planetas son esf\u00e9ricos porque han nacido en la nube primordial que rodeaba al Sol, atrayendo materia indeferentemente de todas partes.<\/p>\n<p style=\"text-align: justify;\">Por otro lado, cuando la fuerza de la Gravedad act\u00faa en una direcci\u00f3n y permite distinguir lo alto de lo bajo, los cuerpos asumen formas que gozan de simetr\u00eda por rotaci\u00f3n, en torno a un eje vertical, como las flores, los \u00e1rboles, las medusas. Si este organismo presente ojos y boca sobre la parte anterior del cuerpo para alcanzar la comida antes que sus competidores (que es lo que sucede con los animales superiores) tender\u00e1 a mantener una correspondencia bilateral, lo que hace relativamente intercambiables derecha e izquierda.<\/p>\n<p>&nbsp;<\/p>\n<blockquote><p><img decoding=\"async\" loading=\"lazy\" class=\"\" src=\"http:\/\/www.iac.es\/cosmoeduca\/gravedad\/complementos\/vitruvian_small.jpg\" alt=\"imagen ampliada\" width=\"330\" height=\"370\" \/><\/p><\/blockquote>\n<p style=\"text-align: justify;\">Los seres humanos (su exterior) somos buenos ejemplos de esto. Tenemos una\u00a0<em>casi<\/em> igualdad entre las dos partes de nuestro cuerpo que se obtendr\u00edan dividi\u00e9ndolo por una l\u00ednea que pasa por el centro de la nariz y por el centro del ombligo. La figura de arriba muestra el famoso estudio sobre la simetr\u00eda del cuerpo humano de Leonardo da Vinci.<\/p>\n<p>&nbsp;<\/p>\n<p><img decoding=\"async\" loading=\"lazy\" src=\"http:\/\/www.blogodisea.com\/wp-content\/uploads\/2010\/10\/leopardo-manchas-pelaje-piel.jpg\" alt=\"\" width=\"484\" height=\"634\" \/><\/p>\n<p style=\"text-align: justify;\">\u00bfC\u00f3mo podemos llegar a la simetr\u00eda presente en las manchas del leopardo? Pues, tiene su explicaci\u00f3n cient\u00edfica, tanto en este animal como en otros felinos, ocurre \u00e9sta particularidad de ser poseedores de una piel exterior que los singulariza de otros por su perfecta simetr\u00eda y belleza de las formas en su conjunto.<\/p>\n<p style=\"text-align: justify;\">Claro que, en la Naturaleza, nada ocurre porque s\u00ed, todo tiene su por qu\u00e9, y, todo lo que en ella podemos contemplar posee una funcionalidad que est\u00e1 directamente relacionada con su mec\u00e1nica, con el medio en el que habita, con lo que el Universo espera que haga en su medio y, para ello, dota a cada figura con aquellos \u201ctrajes\u201d que mejor les permita realizar aquello para lo que est\u00e1n destinados.<\/p>\n<p style=\"text-align: justify;\">Vamos a generalizar un paso m\u00e1s el concepto de simetr\u00eda, plante\u00e1ndonos ahora si es posible\u00a0<em>que una ley f\u00edsica se cumpla en cualquier lugar<\/em>. \u00bfEn cualquier lugar\u2026 de d\u00f3nde?, \u00bfde nuestra ciudad?, \u00bfde nuestro planeta? No: del universo. Una ley que fuera v\u00e1lida en cualquier lugar del universo ser\u00eda una ley\u00a0<em>sim\u00e9trica respecto al espacio<\/em>. Se cumplir\u00eda dondequiera que se hiciese un experimento para comprobarla.<\/p>\n<p><img decoding=\"async\" src=\"https:\/\/cdn.fisimat.com.mx\/wp-content\/uploads\/2019\/01\/ecuacion_simetrica_de_la_recta_2.png\" alt=\"\u25b7 Ecuaci\u00f3n de la Recta en su forma sim\u00e9trica - Fisimat\" \/><\/p>\n<p style=\"text-align: justify;\">F\u00edjense que nuestra idea de simetr\u00eda se va haciendo m\u00e1s compleja y m\u00e1s profunda. Ahora no nos detenemos en ver si la forma material de un objeto es sim\u00e9trica, ni de si la escritura de una f\u00f3rmula matem\u00e1tica es sim\u00e9trica. Ahora nos preguntamos si una ley f\u00edsica es v\u00e1lida en todo el Universo.<\/p>\n<p style=\"text-align: justify;\">La otra simetr\u00eda interesante para una ley f\u00edsica es la que se refiere al tiempo. Cierta ley f\u00edsica se cumple ahora; \u00bfantes tambi\u00e9n?, \u00bfse cumplir\u00e1 pasado alg\u00fan tiempo? Una ley que fuera cierta en\u00a0<em>cualquier instante<\/em> de la historia del universo ser\u00eda una ley\u00a0<em>sim\u00e9trica respecto al tiempo<\/em>.<\/p>\n<p style=\"text-align: justify;\">Lo que ahora nos preguntamos es: \u00bfson sim\u00e9tricas o no las leyes de la f\u00edsica?<\/p>\n<p style=\"text-align: justify;\">Hasta donde alcanzan nuestras medidas,\u00a0<em>las leyes f\u00edsicas<\/em> (y, por tanto, la interacci\u00f3n gravitatoria)\u00a0<em>s\u00ed son sim\u00e9tricas respecto al espacio y respecto al tiempo. <\/em>En cualquier lugar y momento temporal del universo, la Naturaleza se comporta igual que aqu\u00ed y ahora en lo que se refiere a estas leyes.<\/p>\n<p style=\"text-align: justify;\">Esta simetr\u00eda es un arma muy poderosa para investigar hacia el pasado y hacia el futuro, ya que nos permite suponer (y, en la medida en que confiemos en la seguridad de la simetr\u00eda, <em>conocer<\/em>) condiciones locales donde jam\u00e1s podremos llegar por la distancia espacial y temporal que nos separa de muchas partes del universo. As\u00ed, por ejemplo, gracias a esta simetr\u00eda, podemos calcular que el Sol lleva 5.000 millones de a\u00f1os produciendo energ\u00eda y que le quedan, probablemente, otros 5.000 millones hasta que consuma toda su masa. Esto lo podemos aventurar suponiendo que en ese enorme tramo de 5.000 + 5.000 = 10.000 millones de a\u00f1os las leyes f\u00edsicas que determinan los procesos mediante los cuales el Sol consume su propia masa como combustible (las reacciones nucleares que le permiten producir energ\u00eda), fueron, son y ser\u00e1n las mismas aqu\u00ed en el Brazo de ori\u00f3n donde nos encontramos como en los arrabales de la Galaxia Andr\u00f3meda donde luce una estrella como nuestro Sol que, tambi\u00e9n env\u00eda luz y calor a sus planetas circundantes, y, por muy lejos que podamos mirar, siempre veremos lo mismo.<\/p>\n<p>&nbsp;<\/p>\n<p>&nbsp;<\/p>\n<p><img decoding=\"async\" loading=\"lazy\" class=\"\" src=\"https:\/\/encrypted-tbn0.gstatic.com\/images?q=tbn:ANd9GcQEuhI-qRpBok7iEc_m_kPHBEjvKaTJZ9_Q4g&amp;s\" alt=\"Galaxia de Andr\u00f3meda - Wikipedia, la enciclopedia libre\" width=\"412\" height=\"272\" \/><\/p>\n<p>Por tanto, en cierto modo, la simetr\u00eda se vuelve tan importante o m\u00e1s que la propia ley f\u00edsica.<\/p>\n<p style=\"text-align: justify;\">La regularidad de las formas de la Naturaleza se refleja incluso en la cultura humana, que desde siempre intenta inspirarse en el mundo natural para conformar su propio mundo. Existen h\u00e9lices en las escaleras de palacios, castillos y minaretes y en las decoraciones de esculturas y columnas. Las espirales abundan en los vasos, en los bajorrelieves, en los cuadros,\u00a0 en las esculturas en los collares egipcios, griegos, celtas, precolombinos e hind\u00faes e, incluso, en los tatuajes con los que los maor\u00edes neozelandeses se decoran el rostro.<\/p>\n<p>&nbsp;<\/p>\n<p>&nbsp;<\/p>\n<p><img decoding=\"async\" loading=\"lazy\" class=\"\" src=\"https:\/\/elcomercio.pe\/resizer\/v2\/NWWCZA763FBS3N7H45WIQBANVQ.jpg?auth=c65e20eaf0d6210e9a7b78a6ff7f82ec46c558dcda1dde5af3ac8e32679691be&amp;width=1200&amp;height=675&amp;quality=90&amp;smart=true\" alt=\"Viral | \u00bfSe puede resolver (\u2202 + m) \u03c8 = 0? Conoce m\u00e1s sobre ...\" width=\"455\" height=\"256\" \/><\/p>\n<p style=\"text-align: justify;\">La b\u00fasqueda de la perfecci\u00f3n geom\u00e9ttrica y de las propiedades matem\u00e1ticas pueden ser tambi\u00e9n una gu\u00eda importante en el estudio cient\u00edfico del mundo. Paul Dirac, una de los padres de la moderna mec\u00e1nica cu\u00e1ntica, sol\u00eda decir que \u201csi una teor\u00eda es bella desde el punto de vista matem\u00e1tico, muy probablemente es tambi\u00e9n verdadera\u201d.<\/p>\n<p>&nbsp;<\/p>\n<p>&nbsp;<\/p>\n<p><img decoding=\"async\" loading=\"lazy\" class=\"\" src=\"https:\/\/img2.rtve.es\/im\/6107329\/?w=900\" alt=\"De Donatella Versace a Camilo Sesto y otros desastres est\u00e9ticos\" width=\"525\" height=\"364\" \/><\/p>\n<p><strong>El Tiempo lo cambia todo<\/strong><\/p>\n<p style=\"text-align: justify;\">A todo esto, no debemos olvidar que todo, sin excepci\u00f3n, en nuestro Universo, est\u00e1 sometido a la Entrop\u00eda que nos trae el paso inexorable de eso que llamamos \u201cTiempo\u201d, y que, convierte perfectas simetr\u00edas de joven belleza en deteriorados objetos o entidades que, nos viene a recordar que nada es perpetuo, que todo pasa y se transforma.<\/p>\n<p style=\"text-align: justify;\">Un dolor que llevo dentro de m\u00ed es el no poder contemplar la verdadera belleza que, est\u00e1ndo presente en los seres vivos inteligentes, en la mayor\u00eda de los casos, se nos queda oculta a nuestra percepci\u00f3n, toda vez que, esa clase de belleza que no podemos ver pero s\u00ed percibir, s\u00f3lo la podemos captar con el trato y la convivencia y, verdaderamente, tengo que admitir que, algunas bellezas que he tenido la suerte de poder \u201cver\u201d con los ojos del esp\u00edritu, llegan a ser segadoras, deslumbrantes, su explendor es muy superior al de la estrella m\u00e1s brillante del cielo, y,\u00a0 seguramente (estoy seguro) como a muchos de ustedes les pasa, tengo la suerte de tenerla junto a m\u00ed desde hace muchos a\u00f1os. y, si pienso en ello en profundidad y detenimiento, no tengo m\u00e1s remedio que concluir que es ese brillo y esplendor el que me da la fuerza para seguir cada dia en la dura lucha que nos ha tocado participar.<\/p>\n<p>\u00a1S\u00ed que es importante la Belleza! Dirac ten\u00eda toda la raz\u00f3n.<\/p>\n<p><strong><em>Emilio Silvera V\u00e1zquez<\/em><\/strong><\/p>\n<div class='bookmark'>\r\n\t\t<table align='left' border='0' cellpadding='0' width='100%'>\r\n\t\t<tr><td><span class='pushbutton'><a href='http:\/\/delicious.com\/post?url=http%3A%2F%2Fwww.emiliosilveravazquez.com%2Fblog%2F2025%2F05%2F01%2F%25c2%25a1la-naturaleza-ademas-de-bella-es-%25c2%25a1asombrosa%2F&amp;title=%C2%A1La+Naturaleza%21+Adem%C3%A1s+de+Bella%2C+es%26%238230%3B%C2%A1Asombrosa%21' title='Delicious' target='_blank' rel='nofollow'><img src='http:\/\/www.emiliosilveravazquez.com\/blog\/wp-content\/plugins\/knxdt-bookmarks-wordpress-plugin\/images\/delicious.png'  alt='' class='book_img' border='none' style='margin:1px; padding: 0;'  \/><\/a><\/span><span class='pushbutton'><a href='http:\/\/digg.com\/submit?url=http%3A%2F%2Fwww.emiliosilveravazquez.com%2Fblog%2F2025%2F05%2F01%2F%25c2%25a1la-naturaleza-ademas-de-bella-es-%25c2%25a1asombrosa%2F&amp;title=%C2%A1La+Naturaleza%21+Adem%C3%A1s+de+Bella%2C+es%26%238230%3B%C2%A1Asombrosa%21' title='Digg' target='_blank' rel='nofollow'><img src='http:\/\/www.emiliosilveravazquez.com\/blog\/wp-content\/plugins\/knxdt-bookmarks-wordpress-plugin\/images\/digg.png'  alt='' class='book_img' border='none' style='margin:1px; padding: 0;'  \/><\/a><\/span><span class='pushbutton'><a href='http:\/\/www.google.com\/bookmarks\/mark?op=edit&amp;bkmk=http%3A%2F%2Fwww.emiliosilveravazquez.com%2Fblog%2F2025%2F05%2F01%2F%25c2%25a1la-naturaleza-ademas-de-bella-es-%25c2%25a1asombrosa%2F&amp;title=%C2%A1La+Naturaleza%21+Adem%C3%A1s+de+Bella%2C+es%26%238230%3B%C2%A1Asombrosa%21' title='Google' target='_blank' rel='nofollow'><img src='http:\/\/www.emiliosilveravazquez.com\/blog\/wp-content\/plugins\/knxdt-bookmarks-wordpress-plugin\/images\/google.png'   alt='' class='book_img' border='none' style='margin:1px; padding: 0;'  \/><\/a><\/span><span class='pushbutton'><a href='http:\/\/myweb2.search.yahoo.com\/myresults\/bookmarklet?u=http%3A%2F%2Fwww.emiliosilveravazquez.com%2Fblog%2F2025%2F05%2F01%2F%25c2%25a1la-naturaleza-ademas-de-bella-es-%25c2%25a1asombrosa%2F&amp;t=%C2%A1La+Naturaleza%21+Adem%C3%A1s+de+Bella%2C+es%26%238230%3B%C2%A1Asombrosa%21' title='Yahoo' target='_blank' rel='nofollow'><img src='http:\/\/www.emiliosilveravazquez.com\/blog\/wp-content\/plugins\/knxdt-bookmarks-wordpress-plugin\/images\/yahoo.png'  alt='' class='book_img' border='none' style='margin:1px; padding: 0;'  \/><\/a><\/span><span class='pushbutton'><a href='http:\/\/www.technorati.com\/faves?add=http%3A%2F%2Fwww.emiliosilveravazquez.com%2Fblog%2F2025%2F05%2F01%2F%25c2%25a1la-naturaleza-ademas-de-bella-es-%25c2%25a1asombrosa%2F' title='Technorati' target='_blank' rel='nofollow'><img src='http:\/\/www.emiliosilveravazquez.com\/blog\/wp-content\/plugins\/knxdt-bookmarks-wordpress-plugin\/images\/technorati.png'  alt='' class='book_img' border='none' style='margin:1px; padding: 0;'  \/><\/a><\/span><span class='pushbutton'><a href='http:\/\/meneame.net\/submit.php?url=http%3A%2F%2Fwww.emiliosilveravazquez.com%2Fblog%2F2025%2F05%2F01%2F%25c2%25a1la-naturaleza-ademas-de-bella-es-%25c2%25a1asombrosa%2F' title='Meneame' target='_blank' rel='nofollow'><img src='http:\/\/www.emiliosilveravazquez.com\/blog\/wp-content\/plugins\/knxdt-bookmarks-wordpress-plugin\/images\/meneame.png'  alt='' class='book_img' border='none' style='margin:1px; padding: 0;'  \/><\/a><\/span><span class='pushbutton'><a href='http:\/\/enchilame.com\/submit.php?url=http:\/\/www.emiliosilveravazquez.com\/blog\/2025\/05\/01\/%c2%a1la-naturaleza-ademas-de-bella-es-%c2%a1asombrosa\/' target='_blank' rel='nofollow'><img title='Enchilame' src='http:\/\/www.emiliosilveravazquez.com\/blog\/wp-content\/plugins\/knxdt-bookmarks-wordpress-plugin\/images\/enchilame.png'  alt='' class='book_img' border='none' style='margin:1px; padding: 0;'  \/><\/a><\/span><span class='pushbutton'><a href='http:\/\/www.blinklist.com\/index.php?Action=Blink\/addblink.php&amp;Description=&amp;Url=http%3A%2F%2Fwww.emiliosilveravazquez.com%2Fblog%2F2025%2F05%2F01%2F%25c2%25a1la-naturaleza-ademas-de-bella-es-%25c2%25a1asombrosa%2F&amp;title=%C2%A1La+Naturaleza%21+Adem%C3%A1s+de+Bella%2C+es%26%238230%3B%C2%A1Asombrosa%21' title='BlinkList' target='_blank' rel='nofollow'><img src='http:\/\/www.emiliosilveravazquez.com\/blog\/wp-content\/plugins\/knxdt-bookmarks-wordpress-plugin\/images\/blinklist.png'  alt='' class='book_img' border='none' style='margin:1px; padding: 0;'  \/><\/a><\/span><span class='pushbutton'><a href='http:\/\/reddit.com\/submit?url=http%3A%2F%2Fwww.emiliosilveravazquez.com%2Fblog%2F2025%2F05%2F01%2F%25c2%25a1la-naturaleza-ademas-de-bella-es-%25c2%25a1asombrosa%2F&amp;title=%C2%A1La+Naturaleza%21+Adem%C3%A1s+de+Bella%2C+es%26%238230%3B%C2%A1Asombrosa%21' title='Reddit' target='_blank' rel='nofollow'><img src='http:\/\/www.emiliosilveravazquez.com\/blog\/wp-content\/plugins\/knxdt-bookmarks-wordpress-plugin\/images\/reddit.png'  alt='' class='book_img' border='none' style='margin:1px; padding: 0;'  \/><\/a><\/span><span class='pushbutton'><a href='http:\/\/www.tecnologiadiaria.com\/2009\/07\/abrir-com-hotmail-correo.html' target='_blank' title='hotmail'><img src='http:\/\/www.emiliosilveravazquez.com\/blog\/wp-content\/plugins\/knxdt-bookmarks-wordpress-plugin\/images\/linklove.png' alt='hotmail correo' class='book_img' border='none' style='margin:1px; padding: 0;' \/><\/a><\/span><span class='pushbutton'><a href='http:\/\/bitacoras.com\/votar\/anotacion\/externo\/mini\/www.emiliosilveravazquez.com\/blog\/2025\/05\/01\/%c2%a1la-naturaleza-ademas-de-bella-es-%c2%a1asombrosa\/' title='Bitacoras.com' target='_blank' rel='nofollow'><img src='http:\/\/www.emiliosilveravazquez.com\/blog\/wp-content\/plugins\/knxdt-bookmarks-wordpress-plugin\/images\/bitacoras.png'  alt='' class='book_img' border='none' style='margin:1px; padding: 0;'  \/><\/a><\/span><span class='pushbutton'><a href='http:\/\/www.wikio.es\/vote?url=http%3A%2F%2Fwww.emiliosilveravazquez.com%2Fblog%2F2025%2F05%2F01%2F%25c2%25a1la-naturaleza-ademas-de-bella-es-%25c2%25a1asombrosa%2F' title='Wikio' target='_blank' rel='nofollow'><img src='http:\/\/www.emiliosilveravazquez.com\/blog\/wp-content\/plugins\/knxdt-bookmarks-wordpress-plugin\/images\/wikio.png'   alt='' class='book_img' border='none' style='margin:1px; padding: 0;'   \/><\/a><\/span><span class='pushbutton'><a href='http:\/\/friendfeed.com\/?url=http%3A%2F%2Fwww.emiliosilveravazquez.com%2Fblog%2F2025%2F05%2F01%2F%25c2%25a1la-naturaleza-ademas-de-bella-es-%25c2%25a1asombrosa%2F&amp;title=%C2%A1La+Naturaleza%21+Adem%C3%A1s+de+Bella%2C+es%26%238230%3B%C2%A1Asombrosa%21' title='Friend Feed' target='_blank' rel='nofollow'><img src='http:\/\/www.emiliosilveravazquez.com\/blog\/wp-content\/plugins\/knxdt-bookmarks-wordpress-plugin\/images\/friendfeed.png'  alt='' class='book_img' border='none' style='margin:1px; padding: 0;'  \/><\/a><\/span><span class='pushbutton'><a href='http:\/\/www.facebook.com\/share.php?u=http%3A%2F%2Fwww.emiliosilveravazquez.com%2Fblog%2F2025%2F05%2F01%2F%25c2%25a1la-naturaleza-ademas-de-bella-es-%25c2%25a1asombrosa%2F&amp;t=%C2%A1La+Naturaleza%21+Adem%C3%A1s+de+Bella%2C+es%26%238230%3B%C2%A1Asombrosa%21' title='Facebook' target='_blank' rel='nofollow'><img src='http:\/\/www.emiliosilveravazquez.com\/blog\/wp-content\/plugins\/knxdt-bookmarks-wordpress-plugin\/images\/facebook.png'  alt='' class='book_img' border='none' style='margin:1px; padding: 0;'  \/><\/a><\/span><span class='pushbutton'><a href='http:\/\/twitter.com\/home?status=%C2%A1La+Naturaleza%21+Adem%C3%A1s+de+Bella%2C+es%26%238230%3B%C2%A1Asombrosa%21: http%3A%2F%2Fwww.emiliosilveravazquez.com%2Fblog%2F2025%2F05%2F01%2F%25c2%25a1la-naturaleza-ademas-de-bella-es-%25c2%25a1asombrosa%2F' title='Twitter' target='_blank' rel='nofollow'><img src='http:\/\/www.emiliosilveravazquez.com\/blog\/wp-content\/plugins\/knxdt-bookmarks-wordpress-plugin\/images\/twitter.png'  alt='' class='book_img' border='none' style='margin:1px; padding: 0;'  \/><\/a><\/span><span class='pushbutton'><a href='http:\/\/www.feedburner.com\/fb\/a\/emailFlare?itemTitle=%C2%A1La+Naturaleza%21+Adem%C3%A1s+de+Bella%2C+es%26%238230%3B%C2%A1Asombrosa%21&amp;uri=http%3A%2F%2Fwww.emiliosilveravazquez.com%2Fblog%2F2025%2F05%2F01%2F%25c2%25a1la-naturaleza-ademas-de-bella-es-%25c2%25a1asombrosa%2F' title='Enviar por Email' target='_blank' rel='nofollow'><img src='http:\/\/www.emiliosilveravazquez.com\/blog\/wp-content\/plugins\/knxdt-bookmarks-wordpress-plugin\/images\/email.png'  alt='' class='book_img' border='none' style='margin:1px; padding: 0;'  \/><\/a><\/span><span style='font-weight:bold; padding-left: 5px;'><a href='http:\/\/wordpress.org\/extend\/plugins\/knxdt-bookmarks-wordpress-plugin\/' title='Plugin' rel='nofollow' target='_blank'>[?]<\/a><\/span><\/td><\/tr><\/table><br\/><br\/><\/div>","protected":false},"excerpt":{"rendered":"<p>&nbsp; &nbsp; &nbsp; No pocas veces nos encontramos con hechos que aunque han tenido la participaci\u00f3n de los humanos, parecen tener su origen en otro \u00e1mbito m\u00e1s alto de \u00e9ste nuestro, en otro lugar donde el entendimiento ser\u00eda superior y las mentes tuvieran la potestad de ver secretos de la Naturaleza profundamente escondidos. En f\u00edsica [&hellip;]<\/p>\n","protected":false},"author":2,"featured_media":0,"comment_status":"open","ping_status":"open","sticky":false,"template":"","format":"standard","meta":{"_s2mail":"yes","footnotes":""},"categories":[7],"tags":[],"_links":{"self":[{"href":"http:\/\/www.emiliosilveravazquez.com\/blog\/wp-json\/wp\/v2\/posts\/6991"}],"collection":[{"href":"http:\/\/www.emiliosilveravazquez.com\/blog\/wp-json\/wp\/v2\/posts"}],"about":[{"href":"http:\/\/www.emiliosilveravazquez.com\/blog\/wp-json\/wp\/v2\/types\/post"}],"author":[{"embeddable":true,"href":"http:\/\/www.emiliosilveravazquez.com\/blog\/wp-json\/wp\/v2\/users\/2"}],"replies":[{"embeddable":true,"href":"http:\/\/www.emiliosilveravazquez.com\/blog\/wp-json\/wp\/v2\/comments?post=6991"}],"version-history":[{"count":0,"href":"http:\/\/www.emiliosilveravazquez.com\/blog\/wp-json\/wp\/v2\/posts\/6991\/revisions"}],"wp:attachment":[{"href":"http:\/\/www.emiliosilveravazquez.com\/blog\/wp-json\/wp\/v2\/media?parent=6991"}],"wp:term":[{"taxonomy":"category","embeddable":true,"href":"http:\/\/www.emiliosilveravazquez.com\/blog\/wp-json\/wp\/v2\/categories?post=6991"},{"taxonomy":"post_tag","embeddable":true,"href":"http:\/\/www.emiliosilveravazquez.com\/blog\/wp-json\/wp\/v2\/tags?post=6991"}],"curies":[{"name":"wp","href":"https:\/\/api.w.org\/{rel}","templated":true}]}}