{"id":695,"date":"2010-11-13T08:56:23","date_gmt":"2010-11-13T06:56:23","guid":{"rendered":"http:\/\/www.emiliosilveravazquez.com\/blog\/?p=695"},"modified":"2010-11-13T13:36:28","modified_gmt":"2010-11-13T11:36:28","slug":"ano-internacional-de-la-astronomia-2009-en-espana-aia-iya2009-41","status":"publish","type":"post","link":"http:\/\/www.emiliosilveravazquez.com\/blog\/2010\/11\/13\/ano-internacional-de-la-astronomia-2009-en-espana-aia-iya2009-41\/","title":{"rendered":"Cosas que nos gusta saber"},"content":{"rendered":"<p style=\"text-align: justify;\">Si el universo es casi por completo de hidr\u00f3geno, \u00bfc\u00f3mo llegaron los otros elementos?<\/p>\n<p style=\"text-align: justify;\">Una estrella de tama\u00f1o ordinario, como nuestro Sol, tiene un di\u00e1metro aproximado de 1.400.000 Km; en comparaci\u00f3n con el de la Tierra (13.000 Km) es 1.000 veces mayor, y el volumen (que depende del cubo del radio) es nada menos que mil millones de veces superior (10<sup>9<\/sup>).<\/p>\n<p style=\"text-align: justify;\">Pues bien, el enorme globo de gas (<a href=\"#\" onclick=\"referencia('plasma',event); return false;\">plasma<\/a>), que es una estrella no es homog\u00e9neo ni en composici\u00f3n ni en temperatura, que aumenta por la presi\u00f3n de la fuerza gravitatoria a medida que nos acercaos al n\u00facleo, de manera tal que, como m\u00ednimo, en el centro o n\u00facleo de la estrella tendremos una temperatura de 15 millones de grados. Resulta razonable suponer que la densidad aumente con la profundidad, ya que cuanto mayor es \u00e9sta lo es tambi\u00e9n la presi\u00f3n (recordad que la densidad es proporcional a la presi\u00f3n). Las zonas interiores soportan el peso de las exteriores, lo que produce enormes temperaturas en el n\u00facleo.<\/p>\n<p style=\"text-align: justify;\">El horno termonuclear de una estrella posee unos mecanismos de control gracias a los cuales mantiene entre estrechos l\u00edmites sus constantes vitales, siendo por una parte la temperatura y por otra la gravedad, los dos elementos que finalmente mantienen el equilibrio de la estrella. Bueno, m\u00e1s que la temperatura, la fusi\u00f3n nuclear que produce que hace expandirse a la estrella que es frenada por la inmensa fuerza gravitatoria. Es el mecanismo c\u00f3smico que hace posible la estabilidad y el equilibrio de la estrella.<\/p>\n<p style=\"text-align: justify;\">As\u00ed, brillando en el vac\u00edo estelar, las estrellas dan luz y calor a los planetas de sus sistemas solares. Precisamente esa luz y ese calor es la p\u00e9rdida de masa de las estrellas que fusionan hidr\u00f3geno en helio y una peque\u00f1a parte se va de la estrella para calentar y alumbrar planetas. La potencia energ\u00e9tica desprendida por una estrella en equilibrio es enorme en relaci\u00f3n con nuestros est\u00e1ndares, y si esa potencia depende de la velocidad a la que unos n\u00facleos se transforman en otros, los de hidr\u00f3geno en helio, los de helio en litio, etc, parece razonable suponer que la composici\u00f3n del gas del horno termonuclear var\u00ede con el tiempo, disminuyendo la cantidad de hidr\u00f3geno al tiempo que aumentan otros elementos. La energ\u00eda desprendida se obtiene precisamente a partir de esa masa gastada utilizando la ya conocida ley de equivalencia de <a href=\"#\" onclick=\"referencia('einstein',event); return false;\">Einstein<\/a> E = mc<sup>2<\/sup>.<\/p>\n<p><!--more--><\/p>\n<p style=\"text-align: justify;\">Como tantas veces he explicado, nuestro sol cada segundo consume 4.654.000 toneladas de hidr\u00f3geno, de las que 4.650.000 toneladas perdidas son precisamente las que en forma de luz y calor son lanzadas al espacio c\u00f3smico, y una peque\u00f1a parte llega a nuestro planeta para hacer posible la fotos\u00edntesis y la vida.<\/p>\n<p style=\"text-align: justify;\">Seg\u00fan las temperaturas de cada momento, la estrella ir\u00e1 fusionando helio, carbono, etc, hasta que, no pudiendo continuar fusionando materiales m\u00e1s complejos, finalmente cede y se queda a merced de la fuerza gravitatoria; sin embargo antes, haciendo un \u00faltimo esfuerzo de resistencia, se convierte en gigante roja, antes de explotar como supernova para convertirse, seg\u00fan su masa:<\/p>\n<ul>\n<li style=\"text-align: justify;\">S\u00faper-masivas en <a href=\"#\" onclick=\"referencia('agujero negro',event); return false;\">agujeros negros<\/a>.<\/li>\n<li style=\"text-align: justify;\">Masivas en estrella de <a href=\"#\" onclick=\"referencia('neutron',event); return false;\">neutrones<\/a>.<\/li>\n<li style=\"text-align: justify;\">Similares al Sol en enanas blancas.<\/li>\n<\/ul>\n<p style=\"text-align: justify;\">Es all\u00ed, en las estrellas, en sus hornos nucleares y en las explosiones de supernovas, donde a miles de millones de grados de temperatura se crean los elementos m\u00e1s complejos que el hidr\u00f3geno y el helio. Aparece el litio, el carbono, el silicio o el nitr\u00f3geno y el hierro.<\/p>\n<p style=\"text-align: justify;\">De estos materiales estamos nosotros hechos, y l\u00f3gicamente se fabricaron en las estrellas.<\/p>\n<p style=\"text-align: justify;\">En una supernova, en orden decreciente tenemos la secuencia de n\u00facleos H, He, O, C, N, Fe, que coincide bastante bien con una ordenaci\u00f3n en la tabla peri\u00f3dica que es:<\/p>\n<p style=\"text-align: center;\">H, He, (Li, Be, B) C, N, O\u2026 Fe<\/p>\n<p style=\"text-align: justify;\">\u00bfApreci\u00e1is la maravilla? Las estrellas brillan en el cielo para hacer posible que nosotros estemos aqu\u00ed descubriendo los enigmas del universo y\u2026 de la vida inteligente.<\/p>\n<p style=\"text-align: justify;\">Pero est\u00e1 claro que todo el proceso estelar evolutivo inorg\u00e1nico nos condujo desde el simple gas y polvo c\u00f3smico a la formaci\u00f3n de estrellas y nebulosas solares hasta los planetas, la Tierra en particular, en cuyo medio \u00edgneo describimos la formaci\u00f3n de las estructuras de los silicatos, despleg\u00e1ndose con ello una enorme diversidad de composiciones, formas y colores, asisti\u00e9ndose, por primera vez en la historia de la materia, a unas manifestaciones que contrastan con las que hemos mencionado en relaci\u00f3n al proceso de las estrellas.<\/p>\n<p style=\"text-align: justify;\">Desde el punto de vista del orden es la primera vez que nos encontramos con objetos de tama\u00f1o comparables al nuestro, en los que la ordenaci\u00f3n de sus constituyentes es el rasgo m\u00e1s caracter\u00edstico.<\/p>\n<p style=\"text-align: justify;\">Al mismo tiempo nos ha parecido reconocer que esos objetos, es decir, sus redes cristalinas \u201creales\u201d, almacenan informaci\u00f3n (memoria) que se nos muestra muy diversa y que puede cobrar inter\u00e9s en ciertos casos, como el de los microcristales de arcilla, en los que, seg\u00fan Cairns-Smith, puede incluso llegar a transmitirse.<\/p>\n<p style=\"text-align: justify;\">Porque, \u00bfqu\u00e9 sabemos en realidad de lo que llamamos materia inerte? Lo \u00fanico que sabemos de ella son los datos referidos a sus condiciones f\u00edsicas de dureza, composici\u00f3n, etc; en otros aspectos ni sabemos si pueden existir otras propiedades distintas a las meramente f\u00edsicas.<\/p>\n<p style=\"text-align: justify;\">\u00bfNo os hace pensar que nosotros estemos hechos, precisamente, de lo que llamamos materia inerte?<\/p>\n<p style=\"text-align: justify;\">Pero el mundo inorg\u00e1nico es s\u00f3lo una parte del inmenso mundo molecular. El resto lo constituye el mundo org\u00e1nico, que es el de las mol\u00e9culas que contienen carbono y otros \u00e1tomos y del que quedan excluidos, por convenio y caracter\u00edsticas especiales, los carbonatos, bicarbonatos y carburos met\u00e1licos, los cuales se incluyen en el mundo inorg\u00e1nico.<\/p>\n<p style=\"text-align: justify;\">Seg\u00fan dec\u00eda en p\u00e1ginas anteriores, los <a href=\"#\" onclick=\"referencia('quarks',event); return false;\">quarks<\/a> <em>u<\/em> y <em>d<\/em> se hallan en el seno de los <a href=\"#\" onclick=\"referencia('nucleones',event); return false;\">nucleones<\/a> (<a href=\"#\" onclick=\"referencia('proton',event); return false;\">protones<\/a> y <a href=\"#\" onclick=\"referencia('neutron',event); return false;\">neutrones<\/a>) y, por tanto, en los n\u00facleos at\u00f3micos. Hoy d\u00eda, \u00e9stos se consideran como una subclase de los <a href=\"#\" onclick=\"referencia('hadrones',event); return false;\">hadrones<\/a>.<\/p>\n<p style=\"text-align: justify;\">La composici\u00f3n de los n\u00facleos (lo que en qu\u00edmica se llama an\u00e1lisis cualitativo) es extraordinariamente sencilla, ya que como es sabido, constan de <a href=\"#\" onclick=\"referencia('neutron',event); return false;\">neutrones<\/a> y <a href=\"#\" onclick=\"referencia('proton',event); return false;\">protones<\/a> que se pueden considerar como unidades que dentro del n\u00facleo mantienen su identidad. Tal simplicidad cualitativa recuerda, por ejemplo, el caso de las series org\u00e1nicas, siendo la de los hidrocarburos saturados la m\u00e1s conocida. Recordad que su f\u00f3rmula general es , lo que significa que una mol\u00e9cula de hidrocarburo contiene n \u00e1tomos de carbono (s\u00edmbolo C) y (2n+2) \u00e1tomos de hidr\u00f3geno (s\u00edmbolo H).<\/p>\n<p style=\"text-align: justify;\">El n\u00famero de <a href=\"#\" onclick=\"referencia('proton',event); return false;\">protones<\/a> y <a href=\"#\" onclick=\"referencia('neutron',event); return false;\">neutrones<\/a> determina al elemento, desde el hidr\u00f3geno (el m\u00e1s simple), al uranio (el m\u00e1s complejo), siempre referido a elementos naturales que son 92; el resto son artificiales, los conocidos transur\u00e1nicos en cuyo grupo est\u00e1n el einstenio o el plutonio, artificiales todos ellos.<\/p>\n<p style=\"text-align: justify;\">Los n\u00facleos, como sistemas din\u00e1micos de <a href=\"#\" onclick=\"referencia('nucleones',event); return false;\">nucleones<\/a>, pertenecen obviamente a la microf\u00edsica y, por consiguiente, para su descripci\u00f3n es necesario acudir a la mec\u00e1nica cu\u00e1ntica. La materia, en general, aunque presumimos de conocerla, en realidad, nos queda mucho por aprender de ella.<\/p>\n<p style=\"text-align: justify;\">Hablemos un poco de mol\u00e9culas.<\/p>\n<p style=\"text-align: justify;\">El n\u00famero de espec\u00edmenes at\u00f3micos es finito, existiendo ciertas razones para suponer que hacia el n\u00famero at\u00f3mico 173 los correspondientes n\u00facleos ser\u00edan inestables, no por razones intr\u00ednsecas de inestabilidad \u201cradiactiva\u201d nuclear, sino por razones relativistas. Ya antes me referir\u00eda a las especies at\u00f3micas, naturales y artificiales que son de unos pocos millares; en cambio, el n\u00famero de mol\u00e9culas conocidas hasta ahora comprende varios millones de espec\u00edmenes, aumentando continuamente el n\u00famero de ellas gracias a las s\u00edntesis que se llevan a cabo en numerosos laboratorios repartidos por todo el mundo.<\/p>\n<p style=\"text-align: justify;\">Una mol\u00e9cula es una estructura con individualidad propia, constituida por n\u00facleos y <a href=\"#\" onclick=\"referencia('electron',event); return false;\">electrones<\/a>. Obviamente, en una mol\u00e9cula las interacciones deben tener lugar entre n\u00facleos y <a href=\"#\" onclick=\"referencia('electron',event); return false;\">electrones<\/a>, n\u00facleos y n\u00facleos y <a href=\"#\" onclick=\"referencia('electron',event); return false;\">electrones<\/a> y <a href=\"#\" onclick=\"referencia('electron',event); return false;\">electrones<\/a>, siendo del tipo electromagn\u00e9tico.<\/p>\n<p style=\"text-align: justify;\">Debido al confinamiento de los n\u00facleos, el papel que desempe\u00f1an, aparte del de proporcionar la casi totalidad de la masa de la mol\u00e9cula, es poco relevante, a no ser que se trate de mol\u00e9culas livianas, como la del hidr\u00f3geno. De una manera gr\u00e1fica podr\u00edamos decir que los n\u00facleos en una mol\u00e9cula constituyen el armaz\u00f3n de la misma, el esqueleto, cuya misi\u00f3n ser\u00eda proporcionar el soporte del edificio. El papel m\u00e1s relevante lo proporcionan los <a href=\"#\" onclick=\"referencia('electron',event); return false;\">electrones<\/a> y en particular los llamados de valencia, que son los que de modo mayoritario intervienen en los enlaces, debido a que su energ\u00eda es comparativamente inferior a la de los dem\u00e1s, lo que desempe\u00f1a un importante papel en la evoluci\u00f3n.<\/p>\n<p style=\"text-align: justify;\">Desde las mol\u00e9culas m\u00e1s sencilla, como la del hidr\u00f3geno con un total de 2 <a href=\"#\" onclick=\"referencia('electron',event); return false;\">electrones<\/a>, hasta las m\u00e1s complejas, como las de las prote\u00ednas con muchos miles de ellos, existe toda una gama, seg\u00fan dec\u00eda, de varios millones. Esta extraordinaria variedad de especies moleculares contrasta con la de las especies nucleares e incluso at\u00f3micas.<\/p>\n<p style=\"text-align: justify;\">Sin entrar en las posibles diferencias interpretativas de estas notables divergencias, se\u00f1alar\u00e9 que desde el punto de vista de la informaci\u00f3n, las especies moleculares la poseen en mucho mayor grado que las nucleares y at\u00f3micas.<\/p>\n<p style=\"text-align: justify;\">Dejando aparte los n\u00facleos, la informaci\u00f3n que soportan los \u00e1tomos se podr\u00eda atribuir a la distribuci\u00f3n de su carga el\u00e9ctrica, y en particular a la de los <a href=\"#\" onclick=\"referencia('electron',event); return false;\">electrones<\/a> m\u00e1s d\u00e9bilmente ligados. Concretando un poco se podr\u00eda admitir que la citada informaci\u00f3n la soportan los orbitales at\u00f3micos, pues son precisamente estos orbitales las que introducen diferencias \u201cgeom\u00e9tricas\u201d entre los diferentes <a href=\"#\" onclick=\"referencia('electron',event); return false;\">electrones<\/a> corticales.<\/p>\n<p style=\"text-align: justify;\">Justamente esa informaci\u00f3n es la que va a determinar las capacidades de uni\u00f3n de unos \u00e1tomos con otros, previo el \u201creconocimiento\u201d entre los orbitales correspondientes. De acuerdo con la mec\u00e1nica cu\u00e1ntica, el n\u00famero de orbitales se reduce a unos pocos. Se individualizan por unas letras, habl\u00e1ndose de orbitales s, p, d, f, g, h. Este peque\u00f1o n\u00famero nos proporciona una gran diversidad.<\/p>\n<p style=\"text-align: justify;\">La llamada hibridaci\u00f3n (una especie de mezcla) de orbitales es un modo de aumentar el n\u00famero de mensajes, esto es, la informaci\u00f3n, bien entendido que esta hibridaci\u00f3n ocurre en tanto y en cuanto dos \u00e1tomos se preparan para enlazarse y formar una mol\u00e9cula. En las mol\u00e9culas, la informaci\u00f3n, obviamente, debe abarcar todo el edificio, por lo que en principio parece que deber\u00eda ser m\u00e1s rica que en los \u00e1tomos. La ganancia de informaci\u00f3n equivale a una disminuci\u00f3n de <a href=\"#\" onclick=\"referencia('entropia',event); return false;\">entrop\u00eda<\/a>; por esta raz\u00f3n, a la informaci\u00f3n se la llama tambi\u00e9n negantrop\u00eda.<\/p>\n<p style=\"text-align: justify;\">En t\u00e9rminos electr\u00f3nicos, la informaci\u00f3n se podr\u00eda considerar proporcionada por un campo de densidad el\u00e9ctrica, con valles, cimas, collados, etc, es decir, curvas isoelectr\u00f3nicas equivalentes formalmente a las de nivel en topograf\u00eda. Parece razonable suponer que cuanto m\u00e1s diverso sean los \u00e1tomos de una mol\u00e9cula, m\u00e1s rica y variada podr\u00e1 ser su informaci\u00f3n, la informaci\u00f3n que pueda soportar.<\/p>\n<p style=\"text-align: justify;\">La enorme variedad de formas, colores, comportamientos, etc que acompa\u00f1a a los objetos, incluidos los vivientes, ser\u00eda una consecuencia de la riqueza en la informaci\u00f3n que soportan las mol\u00e9culas (y sus agregados) que forman parte de dichos objetos. Ello explicar\u00eda que las mol\u00e9culas de la vida sean en general de grandes dimensiones (macromol\u00e9culas). La inmensa mayor\u00eda de ellas contiene carbono. Debido a su tetravalencia y a la gran capacidad que posee dicho \u00e1tomo para unirse consigo mismo, dichas mol\u00e9culas pueden considerarse como un esqueleto formado por cadenas de esos \u00e1tomos.<\/p>\n<p style=\"text-align: justify;\">El carbono no es el \u00fanico \u00e1tomo con capacidad para formar los citados esqueletos. Pr\u00f3ximos al carbono en la tabla peri\u00f3dica, el silicio, f\u00f3sforo y boro comparten con dicho \u00e1tomo esa caracter\u00edstica, si bien en un grado mucho menor.<\/p>\n<p style=\"text-align: justify;\">Refiri\u00e9ndonos al silicio, que para nosotros es el m\u00e1s importante, se\u00f1alaremos que las \u201cmol\u00e9culas\u201d que dicho \u00e1tomo forma con el ox\u00edgeno y otros \u00e1tomos, generalmente met\u00e1licos poseyendo gran nivel de informaci\u00f3n, difieren en varios aspectos de las mol\u00e9culas org\u00e1nicas, es decir, de las que poseen un esqueleto de \u00e1tomos de carbono.<\/p>\n<p style=\"text-align: justify;\">El mundo de los silicatos es de una gran diversidad, existiendo centenares de especies minerol\u00f3gicas. Esas diferencias se refieren fundamentalmente a que el enlace qu\u00edmico en el caso de las mol\u00e9culas org\u00e1nicas es covalente, y cuando se forma la sustancia correspondiente (cuatrillones de mol\u00e9culas) o es un l\u00edquido, como es el caso de los aceites, o bien un s\u00f3lido que funde f\u00e1cilmente. Entre las mol\u00e9culas que lo forman se ejercen unas fuerzas, llamadas de Van der Waals, que pueden considerarse como residuales de las fuerzas electromagn\u00e9ticas, algo m\u00e1s d\u00e9biles que \u00e9stas. En cambio, en los silicatos s\u00f3lidos (como en el caso del topacio) el enlace covalente o i\u00f3nico no se limita a una mol\u00e9cula, sino que se extiende en el espacio ocupado por el s\u00f3lido, resultando un entramado particularmente fuerte.<\/p>\n<p style=\"text-align: justify;\">Al igual que para los cristales de hielo, en la mayor\u00eda de los silicatos la informaci\u00f3n que soportan es peque\u00f1a, aunque conviene matizar este punto. Para un cristal ideal as\u00ed ser\u00eda en efecto, pero ocurre que en la realidad el cristal ideal es una abstracci\u00f3n, ya que en el cristal real existen aqu\u00ed y all\u00e1 los llamados defectos puntuales que trastocan la periodicidad espacial propia de las redes ideales. Precisamente esos defectos puntuales pod\u00edan proporcionar una mayor informaci\u00f3n.<\/p>\n<p style=\"text-align: justify;\">Si prescindimos de las org\u00e1nicas, el resto de las mol\u00e9culas que resultan de la combinaci\u00f3n entre los diferentes \u00e1tomos no llega a 100.000, frente a los varios millones de las primeras. Resulta ranozable suponer que toda la enorme variedad de mol\u00e9culas existentes, principalmente en los planetas rocosos, se haya formado por evoluci\u00f3n de los \u00e1tomos, como corresponde a un proceso evolutivo. La mol\u00e9cula poseer\u00eda mayor orden que los \u00e1tomos de donde procede, esto es, menor <a href=\"#\" onclick=\"referencia('entropia',event); return false;\">entrop\u00eda<\/a>. En su formaci\u00f3n, el ambiente se habr\u00eda desordenado al ganar <a href=\"#\" onclick=\"referencia('entropia',event); return false;\">entrop\u00eda<\/a> en una cierta cantidad tal, que arrojarse un balance total positivo.<\/p>\n<p style=\"text-align: justify;\">No puedo dejar pasar la oportunidad, aunque sea de pasada, de mencionar las sustancias.<\/p>\n<p style=\"text-align: justify;\">Las as\u00ed llamadas, son cuerpos formados por mol\u00e9culas id\u00e9nticas, entre las cuales pueden o no existir enlaces qu\u00edmicos. Veremos varios ejemplos. Las sustancias como el ox\u00edgeno, cloro, metano, amon\u00edaco, etc, se presentan en estado gaseoso en condiciones ordinarias de presi\u00f3n y temperatura. Para su confinamiento se embotellan, aunque existen casos en que se encuentran mezcladas en el aire (os pod\u00e9is dar una vueltecita por el polo qu\u00edmico de Huelva).<\/p>\n<p style=\"text-align: justify;\">En cualquier caso, un gas como los citados consiste en un enjambre de las mol\u00e9culas correspondientes. Entre ellas no se ejercen fuerzas, salvo cuando colisionan, lo que hacen con una frecuencia que depende de la concentraci\u00f3n, es decir, del n\u00famero de ellas que est\u00e1n concentradas en la unidad de volumen; n\u00famero que podemos calcular conociendo la presi\u00f3n y temperatura de la masa de gas confinada en un volumen conocido.<\/p>\n<p style=\"text-align: justify;\">Dec\u00eda que no existen fuerzas entre las mol\u00e9culas de un gas. En realidad es m\u00e1s exacto que el valor de esas fuerzas es insignificante porque las fuerzas residuales de las electromagn\u00e9ticas, a las que antes me refer\u00ed, disminuyen m\u00e1s r\u00e1pidamente con la distancia que las fuerzas de Coulomb; y esta distancia es ordinariamente de varios di\u00e1metros moleculares.<\/p>\n<p style=\"text-align: justify;\">Podemos conseguir que la intensidad de esas fuerzas aumente tratando de disminuir la distancia media entre las mol\u00e9culas. Esto se puede lograr haciendo descender la temperatura, aumentando la presi\u00f3n o ambas cosas. Alcanzada una determinada temperatura, las mol\u00e9culas comienzan a sentir las fuerzas de Van der Waals y aparece el estado l\u00edquido; si se sigue enfriando aparece el s\u00f3lido. El orden crece desde el gas al l\u00edquido, siendo el s\u00f3lido el m\u00e1s ordenado. Se trata de una red tridimensional en la que los nudos o v\u00e9rtices del entramado est\u00e1n ocupados por mol\u00e9culas.<\/p>\n<p style=\"text-align: justify;\">Todas las sustancias conocidas pueden presentarse en cualquiera de los tres estados de la materia (estados ordinarios y cotidianos en nuestras vidas del d\u00eda a d\u00eda).<\/p>\n<p style=\"text-align: justify;\">Si las temperaturas reinantes, como dec\u00edamos en p\u00e1ginas anteriores, es de miles de millones de grados, el estado de la materia es el <a href=\"#\" onclick=\"referencia('plasma',event); return false;\">plasma<\/a>, el material m\u00e1s com\u00fan del universo, el de las estrellas (aparte de la <a href=\"#\" onclick=\"referencia('materia oscura',event); return false;\">materia oscura<\/a>, que no sabemos ni lo que es, ni donde est\u00e1, ni que \u201cestado\u201d es el suyo).<\/p>\n<p style=\"text-align: justify;\">En condiciones ordinarias de presi\u00f3n, la temperatura por debajo de la cual existe el l\u00edquido y\/o s\u00f3lido depende del tipo de sustancia. Se denomina temperatura de ebullici\u00f3n o fusi\u00f3n la que corresponde a los sucesivos equilibrios (a presi\u00f3n dada) de fases: vapor \u2194 l\u00edquido \u2194 s\u00f3lido. Estas temperaturas son muy variadas, por ejemplo, para los gases nobles son muy bajas; tambi\u00e9n para el ox\u00edgeno (O2) e hidr\u00f3geno (H2). En cambio, la mayor\u00eda de las sustancias son s\u00f3lidos en condiciones ordinarias (grasas, ceras, etc).<\/p>\n<p style=\"text-align: justify;\">Las sustancias pueden ser simples y compuestas, seg\u00fan que la mol\u00e9cula correspondiente tenga \u00e1tomos iguales o diferentes. El n\u00famero de las primeras es enormemente inferior al de las segundas.<\/p>\n<p style=\"text-align: justify;\">El concepto de mol\u00e9cula, como individuo f\u00edsico y qu\u00edmico, pierde su significado en ciertas sustancias que no hemos considerado a\u00fan. Entre ellas figuran las llamadas sales, el paradigma de las cuales es la sal de cocina. Se trata de cloruro de sodio, por lo que cualquier estudiante de E.G.B. escribir\u00eda sin titubear su f\u00f3rmula: Cl Na. Sin embargo, le podr\u00edamos poner en un aprieto si le pregunt\u00e1semos d\u00f3nde se puede encontrar aisladamente individuos moleculares que respondan a esa composici\u00f3n. Le podemos orientar dici\u00e9ndole que en el gas Cl H o en el vapor de agua existen mol\u00e9culas como individualidades. En realidad y salvo casos especiales, por ejemplo, a temperaturas elevadas, no existen mol\u00e9culas aisladas de sal, sino una especie de mol\u00e9cula gigante que se extiende por todo el cristal. Este edificio de cristal de sal consiste en una red o entramado, como un tablero de ajedrez de tres dimensiones, en cuyos nudos o v\u00e9rtices se encuentran, alternativamente, las constituyentes, que no son los \u00e1tomos de Cl y Na sino los iones Cl- y Na+. El primero es un \u00e1tomo de Cl que ha ganado un <a href=\"#\" onclick=\"referencia('electron',event); return false;\">electr\u00f3n<\/a>, complet\u00e1ndose todos los orbitales de valencia; el segundo, un \u00e1tomo de Na que ha perdido el <a href=\"#\" onclick=\"referencia('electron',event); return false;\">electr\u00f3n<\/a> del orbital s.<\/p>\n<p style=\"text-align: justify;\">Cuando los \u00e1tomos de Cl y Na interaccionan por aproximarse suficientemente sus nubes electr\u00f3nicas, existe un reajuste de cargas, porque el n\u00facleo de Cl atrae con m\u00e1s fuerza los <a href=\"#\" onclick=\"referencia('electron',event); return false;\">electrones<\/a> que el de Na, as\u00ed uno pierde un <a href=\"#\" onclick=\"referencia('electron',event); return false;\">electr\u00f3n<\/a> que gana el otro. El resultado es que la colectividad de \u00e1tomos se transforma en colectividad de iones, positivos los de Na y negativos los de Cl. Las fuerzas electromagn\u00e9ticas entre esos iones determinan su ordenaci\u00f3n en un cristal, el Cl Na. Por consiguiente, en los nudos de la red existen, de manera alternativa, iones de Na e iones de Cl, resultando una red mucho m\u00e1s fuerte que en el caso de que las fuerzas actuantes fueran de Van der Waals. Por ello, las sales poseen puntos de fusi\u00f3n elevados en relaci\u00f3n con los de las redes moleculares.<\/p>\n<p style=\"text-align: justify;\">Hablemos de cuerpos.<\/p>\n<p style=\"text-align: justify;\">Me referir\u00e9 en primer lugar a los que constituyen nuestro entorno ordinario, que ser\u00eda todo el entorno que abarca nuestro planeta. En segundo lugar considerare los dem\u00e1s cuerpos y objetos del universo. El an\u00e1lisis de muestras de esos diversos cuerpos ha puesto de manifiesto que, en funci\u00f3n de la composici\u00f3n, los cuerpos pueden ser simples y compuestos. Los primeros son, precisamente, los llamados elementos qu\u00edmicos, a las que el insigne Lavoisier (conocido como padre de la qu\u00edmica), consider\u00f3 como el \u00faltimo t\u00e9rmino a que se llega mediante la aplicaci\u00f3n del an\u00e1lisis qu\u00edmico.<\/p>\n<p style=\"text-align: justify;\">Hoy sabemos que son colectividades de \u00e1tomos isot\u00f3picos.<\/p>\n<p style=\"text-align: justify;\">La mayor\u00eda de ellos son s\u00f3lidos y se encuentran en la naturaleza (nuestro entorno terr\u00e1queo) en estado libre o en combinaci\u00f3n qu\u00edmica con otros elementos, formando los diversos minerales.<\/p>\n<p style=\"text-align: justify;\">La ordenaci\u00f3n de los iones en las redes se manifiesta externamente en multitud de formas y colores. No obstante debo se\u00f1alar que, aun siendo abundante esta variedad, no es tan rica como la que corresponde a los cuerpos vivos, tanto animales como vegetales. La explicaci\u00f3n se basa en que el n\u00famero de espec\u00edmenes moleculares y su complejidad son mucho mayores que en el reino inorg\u00e1nico.<\/p>\n<p style=\"text-align: justify;\">Ser\u00eda conveniente, salir al paso de una posible interpretaci\u00f3n err\u00f3nea. Me refiero a que pudiera pensarse que los reinos que acabamos de mencionar constituyen clases disyuntas, esto es, sin conexi\u00f3n mutua. Y no lo digo porque est\u00e9 considerando el hecho de que el carbono forma compuestos inorg\u00e1nicos y org\u00e1nicos (lo que tambi\u00e9n hace el silicio), sino porque haya existido, y a\u00fan pueda existir, una conclusi\u00f3n, mejor conexi\u00f3n evolutiva del mundo inorg\u00e1nico y el viviente que no se puede descartar, de hecho yo particularmente estoy seguro de ello. Estamos totalmente conectados con los r\u00edos, las monta\u00f1as y los valles, con la tierra que pisamos, el aire que respiramos y con todo el resto del universo del que formamos parte.<\/p>\n<p style=\"text-align: justify;\">La teor\u00eda de Cairns Smith considera que el eslab\u00f3n entre ambos mundos se halla localizado en los microcristales de arcilla. Mi teor\u00eda particular es que no hay eslab\u00f3n perdido en dicha conexi\u00f3n, sino que es el tiempo el que pone en cada momento una u otra materia en uno u otro lugar. Ahora nos ha tocado estar aqu\u00ed como ser complejo, pensante y sensitivo. El e\u00f3n que viene nos puede colocar formando parte de un enorme \u00e1rbol, de un monte, o simplemente estar reposando como fina arena en el lecho de un r\u00edo. Sin dudarlo, J. M. y P. formar\u00e1n parte de un hermoso jard\u00edn perfumado y lleno de aromas que la brisa regalar\u00e1 a los que pasen cerca de all\u00ed.<\/p>\n<p style=\"text-align: justify;\">El granito, por ejemplo, consiste b\u00e1sicamente en una mezcla de tres cuerpos compuestos: cuarzo, mica y feldespato. \u00bfQui\u00e9n puede decir hoy lo que seremos ma\u00f1ana?<\/p>\n<p style=\"text-align: justify;\">En todos los cuerpos que hemos estado considerando hasta ahora, las mol\u00e9culas, los \u00e1tomos o los iones se hallan situados en los nudos de la correspondiente red, as\u00ed que, los <a href=\"#\" onclick=\"referencia('electron',event); return false;\">electrones<\/a> de esos individuos se encuentran tambi\u00e9n localizados en el entorno inmediato de esos lugares. Podr\u00edamos decir que la densidad electr\u00f3nica es una funci\u00f3n peri\u00f3dica espacial, lo que significa que al recorrer la red siguiendo una determinada direcci\u00f3n ir\u00edan apareciendo altibajos, es decir, crestas y valles de la densidad electr\u00f3nica.<\/p>\n<p style=\"text-align: justify;\">La estructura de los cuerpos met\u00e1licos, as\u00ed como las aleaciones, merecen una consideraci\u00f3n especial. La estructura de los metales y aleaciones difiere de la de los dem\u00e1s cuerpos en un aspecto muy importante que considerar\u00e9 a continuaci\u00f3n.<\/p>\n<p style=\"text-align: justify;\">Me refiero a que en los cuerpos met\u00e1licos existe una deslocalizaci\u00f3n de los <a href=\"#\" onclick=\"referencia('electron',event); return false;\">electrones<\/a> que est\u00e1n menos fuertemente enlazados en los correspondientes n\u00facleos, es decir, de los <a href=\"#\" onclick=\"referencia('electron',event); return false;\">electrones<\/a> de valencia.<\/p>\n<p style=\"text-align: justify;\">Vamos a precisar un poco. Supongamos, para fijar las ideas, que tenemos un trozo de plata met\u00e1lica pura. En los nudos de la red correspondientes los \u00e1tomos han perdido su <a href=\"#\" onclick=\"referencia('electron',event); return false;\">electr\u00f3n<\/a> de valencia, pero ocurre que cada uno de estos <a href=\"#\" onclick=\"referencia('electron',event); return false;\">electrones<\/a> forma una colectividad que se halla desparramada o dispersa por todo el s\u00f3lido. Una primera imagen de esta situaci\u00f3n fue establecida por el gran f\u00edsico italiano Enrico <a href=\"#\" onclick=\"referencia('fermi',event); return false;\">Fermi<\/a>, por lo que se habla de un gas electr\u00f3nico, llamado tambi\u00e9n de <a href=\"#\" onclick=\"referencia('fermi',event); return false;\">Fermi<\/a>, que llenar\u00eda los espacios libres, es decir, no ocupados por los iones met\u00e1licos.<\/p>\n<p style=\"text-align: justify;\">Este gas electr\u00f3nico es el responsable de las propiedades met\u00e1licas, tales como el brillo, conductibilidades el\u00e9ctrica y t\u00e9rmica, etc. La aplicaci\u00f3n de la mec\u00e1nica cu\u00e1ntica a la descripci\u00f3n del estado met\u00e1lico conduce a la obtenci\u00f3n del mapa de la densidad electr\u00f3nica, o como dec\u00eda antes, a las caracter\u00edsticas de la informaci\u00f3n correspondiente.<\/p>\n<p style=\"text-align: justify;\">Sin entrar en detalles que desviar\u00edan nuestra atenci\u00f3n hacia otros conceptos fuera de los l\u00edmites de lo que ahora estoy pretendiendo, utilizar\u00e9 el mismo lenguaje que para las estructuras de n\u00facleos y \u00e1tomos.<\/p>\n<p style=\"text-align: justify;\">Recordemos que en la sociedad de los <a href=\"#\" onclick=\"referencia('nucleones',event); return false;\">nucleones<\/a> y <a href=\"#\" onclick=\"referencia('electron',event); return false;\">electrones<\/a> existen las relaciones verticales y las de estratificaci\u00f3n, que se manifiestan en las capas y subcapas. En el caso de los metales tendr\u00edamos una colectividad de n\u00facleos, arropados con sus capas cerradas, ocupando los nudos de la red; \u00fanicamente los <a href=\"#\" onclick=\"referencia('electron',event); return false;\">electrones<\/a> de valencia de cada \u00e1tomo forman la colectividad del gas electr\u00f3nico.<\/p>\n<p style=\"text-align: justify;\">La pregunta que nos debemos hacer es: \u00bfestos <a href=\"#\" onclick=\"referencia('electron',event); return false;\">electrones<\/a>, en n\u00famero igual por lo menos al de los \u00e1tomos, se hallan estratificados? La respuesta es que s\u00ed. Existe una estratificaci\u00f3n de estos <a href=\"#\" onclick=\"referencia('electron',event); return false;\">electrones<\/a> en las llamadas bandas. El concepto de banda energ\u00e9tica resulta de la consideraci\u00f3n simult\u00e1nea de dos aspectos: la cuantizaci\u00f3n energ\u00e9tica (o la estratificaci\u00f3n de los niveles energ\u00e9ticos en los \u00e1tomos) y el grand\u00edsimo n\u00famero de <a href=\"#\" onclick=\"referencia('electron',event); return false;\">electrones<\/a> existentes. Este colectivo no podr\u00eda ubicarse en un n\u00famero finito y escaso de niveles. Esta dificultad queda soslayada si se admite que cada uno de esos niveles at\u00f3micos de los n \u00e1tomos que forman el cuerpo se funde en otros tantos niveles de cierta anchura donde ya pueden alojarse los <a href=\"#\" onclick=\"referencia('electron',event); return false;\">electrones<\/a> disponibles.<\/p>\n<p style=\"text-align: justify;\">Esa fusi\u00f3n de los niveles at\u00f3micos da lugar a las bandas. Esta imagen equivaldr\u00eda a considerar un metal como un \u00e1tomo gigante en el que los niveles energ\u00e9ticos poseyeran una anchura finita.<\/p>\n<p style=\"text-align: justify;\">Como cuando me sumerjo en los misterios del Universo, no puedo controlar el tiempo ni los caminos que puedo recorrer, dejo aqu\u00ed este comentario que, como todos los anteriores, s\u00f3lo pretende explicar las cosas que en el Universo ocurren y por qu\u00e9 son de esa manera.<\/p>\n<p style=\"text-align: justify;\">Est\u00e1 claro, muy claro que, nos queda mucho camino por recorrer, es mucho m\u00e1s lo que no sabemos y, por tal motivo, tenemos la obligaci\u00f3n de continuar profundizando en los secretos del saber que, en el Universo, subyacen profundamente escondidos.<\/p>\n<p style=\"text-align: right;\"><em>emilio silvera<\/em><\/p>\n<div class='bookmark'>\r\n\t\t<table align='left' border='0' cellpadding='0' width='100%'>\r\n\t\t<tr><td><span class='pushbutton'><a href='http:\/\/delicious.com\/post?url=http%3A%2F%2Fwww.emiliosilveravazquez.com%2Fblog%2F2010%2F11%2F13%2Fano-internacional-de-la-astronomia-2009-en-espana-aia-iya2009-41%2F&amp;title=Cosas+que+nos+gusta+saber' title='Delicious' target='_blank' rel='nofollow'><img src='http:\/\/www.emiliosilveravazquez.com\/blog\/wp-content\/plugins\/knxdt-bookmarks-wordpress-plugin\/images\/delicious.png'  alt='' class='book_img' border='none' style='margin:1px; padding: 0;'  \/><\/a><\/span><span class='pushbutton'><a href='http:\/\/digg.com\/submit?url=http%3A%2F%2Fwww.emiliosilveravazquez.com%2Fblog%2F2010%2F11%2F13%2Fano-internacional-de-la-astronomia-2009-en-espana-aia-iya2009-41%2F&amp;title=Cosas+que+nos+gusta+saber' title='Digg' target='_blank' rel='nofollow'><img src='http:\/\/www.emiliosilveravazquez.com\/blog\/wp-content\/plugins\/knxdt-bookmarks-wordpress-plugin\/images\/digg.png'  alt='' class='book_img' border='none' style='margin:1px; padding: 0;'  \/><\/a><\/span><span class='pushbutton'><a href='http:\/\/www.google.com\/bookmarks\/mark?op=edit&amp;bkmk=http%3A%2F%2Fwww.emiliosilveravazquez.com%2Fblog%2F2010%2F11%2F13%2Fano-internacional-de-la-astronomia-2009-en-espana-aia-iya2009-41%2F&amp;title=Cosas+que+nos+gusta+saber' title='Google' target='_blank' rel='nofollow'><img src='http:\/\/www.emiliosilveravazquez.com\/blog\/wp-content\/plugins\/knxdt-bookmarks-wordpress-plugin\/images\/google.png'   alt='' class='book_img' border='none' style='margin:1px; padding: 0;'  \/><\/a><\/span><span class='pushbutton'><a href='http:\/\/myweb2.search.yahoo.com\/myresults\/bookmarklet?u=http%3A%2F%2Fwww.emiliosilveravazquez.com%2Fblog%2F2010%2F11%2F13%2Fano-internacional-de-la-astronomia-2009-en-espana-aia-iya2009-41%2F&amp;t=Cosas+que+nos+gusta+saber' title='Yahoo' target='_blank' rel='nofollow'><img src='http:\/\/www.emiliosilveravazquez.com\/blog\/wp-content\/plugins\/knxdt-bookmarks-wordpress-plugin\/images\/yahoo.png'  alt='' class='book_img' border='none' style='margin:1px; padding: 0;'  \/><\/a><\/span><span class='pushbutton'><a href='http:\/\/www.technorati.com\/faves?add=http%3A%2F%2Fwww.emiliosilveravazquez.com%2Fblog%2F2010%2F11%2F13%2Fano-internacional-de-la-astronomia-2009-en-espana-aia-iya2009-41%2F' title='Technorati' target='_blank' rel='nofollow'><img src='http:\/\/www.emiliosilveravazquez.com\/blog\/wp-content\/plugins\/knxdt-bookmarks-wordpress-plugin\/images\/technorati.png'  alt='' class='book_img' border='none' style='margin:1px; padding: 0;'  \/><\/a><\/span><span class='pushbutton'><a href='http:\/\/meneame.net\/submit.php?url=http%3A%2F%2Fwww.emiliosilveravazquez.com%2Fblog%2F2010%2F11%2F13%2Fano-internacional-de-la-astronomia-2009-en-espana-aia-iya2009-41%2F' title='Meneame' target='_blank' rel='nofollow'><img src='http:\/\/www.emiliosilveravazquez.com\/blog\/wp-content\/plugins\/knxdt-bookmarks-wordpress-plugin\/images\/meneame.png'  alt='' class='book_img' border='none' style='margin:1px; padding: 0;'  \/><\/a><\/span><span class='pushbutton'><a href='http:\/\/enchilame.com\/submit.php?url=http:\/\/www.emiliosilveravazquez.com\/blog\/2010\/11\/13\/ano-internacional-de-la-astronomia-2009-en-espana-aia-iya2009-41\/' target='_blank' rel='nofollow'><img title='Enchilame' src='http:\/\/www.emiliosilveravazquez.com\/blog\/wp-content\/plugins\/knxdt-bookmarks-wordpress-plugin\/images\/enchilame.png'  alt='' class='book_img' border='none' style='margin:1px; padding: 0;'  \/><\/a><\/span><span class='pushbutton'><a href='http:\/\/www.blinklist.com\/index.php?Action=Blink\/addblink.php&amp;Description=&amp;Url=http%3A%2F%2Fwww.emiliosilveravazquez.com%2Fblog%2F2010%2F11%2F13%2Fano-internacional-de-la-astronomia-2009-en-espana-aia-iya2009-41%2F&amp;title=Cosas+que+nos+gusta+saber' title='BlinkList' target='_blank' rel='nofollow'><img src='http:\/\/www.emiliosilveravazquez.com\/blog\/wp-content\/plugins\/knxdt-bookmarks-wordpress-plugin\/images\/blinklist.png'  alt='' class='book_img' border='none' style='margin:1px; padding: 0;'  \/><\/a><\/span><span class='pushbutton'><a href='http:\/\/reddit.com\/submit?url=http%3A%2F%2Fwww.emiliosilveravazquez.com%2Fblog%2F2010%2F11%2F13%2Fano-internacional-de-la-astronomia-2009-en-espana-aia-iya2009-41%2F&amp;title=Cosas+que+nos+gusta+saber' title='Reddit' target='_blank' rel='nofollow'><img src='http:\/\/www.emiliosilveravazquez.com\/blog\/wp-content\/plugins\/knxdt-bookmarks-wordpress-plugin\/images\/reddit.png'  alt='' class='book_img' border='none' style='margin:1px; padding: 0;'  \/><\/a><\/span><span class='pushbutton'><a href='http:\/\/www.tecnologiadiaria.com\/2009\/07\/abrir-com-hotmail-correo.html' target='_blank' title='hotmail'><img src='http:\/\/www.emiliosilveravazquez.com\/blog\/wp-content\/plugins\/knxdt-bookmarks-wordpress-plugin\/images\/linklove.png' alt='hotmail correo' class='book_img' border='none' style='margin:1px; padding: 0;' \/><\/a><\/span><span class='pushbutton'><a href='http:\/\/bitacoras.com\/votar\/anotacion\/externo\/mini\/www.emiliosilveravazquez.com\/blog\/2010\/11\/13\/ano-internacional-de-la-astronomia-2009-en-espana-aia-iya2009-41\/' title='Bitacoras.com' target='_blank' rel='nofollow'><img src='http:\/\/www.emiliosilveravazquez.com\/blog\/wp-content\/plugins\/knxdt-bookmarks-wordpress-plugin\/images\/bitacoras.png'  alt='' class='book_img' border='none' style='margin:1px; padding: 0;'  \/><\/a><\/span><span class='pushbutton'><a href='http:\/\/www.wikio.es\/vote?url=http%3A%2F%2Fwww.emiliosilveravazquez.com%2Fblog%2F2010%2F11%2F13%2Fano-internacional-de-la-astronomia-2009-en-espana-aia-iya2009-41%2F' title='Wikio' target='_blank' rel='nofollow'><img src='http:\/\/www.emiliosilveravazquez.com\/blog\/wp-content\/plugins\/knxdt-bookmarks-wordpress-plugin\/images\/wikio.png'   alt='' class='book_img' border='none' style='margin:1px; padding: 0;'   \/><\/a><\/span><span class='pushbutton'><a href='http:\/\/friendfeed.com\/?url=http%3A%2F%2Fwww.emiliosilveravazquez.com%2Fblog%2F2010%2F11%2F13%2Fano-internacional-de-la-astronomia-2009-en-espana-aia-iya2009-41%2F&amp;title=Cosas+que+nos+gusta+saber' title='Friend Feed' target='_blank' rel='nofollow'><img src='http:\/\/www.emiliosilveravazquez.com\/blog\/wp-content\/plugins\/knxdt-bookmarks-wordpress-plugin\/images\/friendfeed.png'  alt='' class='book_img' border='none' style='margin:1px; padding: 0;'  \/><\/a><\/span><span class='pushbutton'><a href='http:\/\/www.facebook.com\/share.php?u=http%3A%2F%2Fwww.emiliosilveravazquez.com%2Fblog%2F2010%2F11%2F13%2Fano-internacional-de-la-astronomia-2009-en-espana-aia-iya2009-41%2F&amp;t=Cosas+que+nos+gusta+saber' title='Facebook' target='_blank' rel='nofollow'><img src='http:\/\/www.emiliosilveravazquez.com\/blog\/wp-content\/plugins\/knxdt-bookmarks-wordpress-plugin\/images\/facebook.png'  alt='' class='book_img' border='none' style='margin:1px; padding: 0;'  \/><\/a><\/span><span class='pushbutton'><a href='http:\/\/twitter.com\/home?status=Cosas+que+nos+gusta+saber: http%3A%2F%2Fwww.emiliosilveravazquez.com%2Fblog%2F2010%2F11%2F13%2Fano-internacional-de-la-astronomia-2009-en-espana-aia-iya2009-41%2F' title='Twitter' target='_blank' rel='nofollow'><img src='http:\/\/www.emiliosilveravazquez.com\/blog\/wp-content\/plugins\/knxdt-bookmarks-wordpress-plugin\/images\/twitter.png'  alt='' class='book_img' border='none' style='margin:1px; padding: 0;'  \/><\/a><\/span><span class='pushbutton'><a href='http:\/\/www.feedburner.com\/fb\/a\/emailFlare?itemTitle=Cosas+que+nos+gusta+saber&amp;uri=http%3A%2F%2Fwww.emiliosilveravazquez.com%2Fblog%2F2010%2F11%2F13%2Fano-internacional-de-la-astronomia-2009-en-espana-aia-iya2009-41%2F' title='Enviar por Email' target='_blank' rel='nofollow'><img src='http:\/\/www.emiliosilveravazquez.com\/blog\/wp-content\/plugins\/knxdt-bookmarks-wordpress-plugin\/images\/email.png'  alt='' class='book_img' border='none' style='margin:1px; padding: 0;'  \/><\/a><\/span><span style='font-weight:bold; padding-left: 5px;'><a href='http:\/\/wordpress.org\/extend\/plugins\/knxdt-bookmarks-wordpress-plugin\/' title='Plugin' rel='nofollow' target='_blank'>[?]<\/a><\/span><\/td><\/tr><\/table><br\/><br\/><\/div>","protected":false},"excerpt":{"rendered":"<p>Si el universo es casi por completo de hidr\u00f3geno, \u00bfc\u00f3mo llegaron los otros elementos? Una estrella de tama\u00f1o ordinario, como nuestro Sol, tiene un di\u00e1metro aproximado de 1.400.000 Km; en comparaci\u00f3n con el de la Tierra (13.000 Km) es 1.000 veces mayor, y el volumen (que depende del cubo del radio) es nada menos que [&hellip;]<\/p>\n","protected":false},"author":2,"featured_media":0,"comment_status":"open","ping_status":"open","sticky":false,"template":"","format":"standard","meta":{"_s2mail":"","footnotes":""},"categories":[14],"tags":[],"_links":{"self":[{"href":"http:\/\/www.emiliosilveravazquez.com\/blog\/wp-json\/wp\/v2\/posts\/695"}],"collection":[{"href":"http:\/\/www.emiliosilveravazquez.com\/blog\/wp-json\/wp\/v2\/posts"}],"about":[{"href":"http:\/\/www.emiliosilveravazquez.com\/blog\/wp-json\/wp\/v2\/types\/post"}],"author":[{"embeddable":true,"href":"http:\/\/www.emiliosilveravazquez.com\/blog\/wp-json\/wp\/v2\/users\/2"}],"replies":[{"embeddable":true,"href":"http:\/\/www.emiliosilveravazquez.com\/blog\/wp-json\/wp\/v2\/comments?post=695"}],"version-history":[{"count":0,"href":"http:\/\/www.emiliosilveravazquez.com\/blog\/wp-json\/wp\/v2\/posts\/695\/revisions"}],"wp:attachment":[{"href":"http:\/\/www.emiliosilveravazquez.com\/blog\/wp-json\/wp\/v2\/media?parent=695"}],"wp:term":[{"taxonomy":"category","embeddable":true,"href":"http:\/\/www.emiliosilveravazquez.com\/blog\/wp-json\/wp\/v2\/categories?post=695"},{"taxonomy":"post_tag","embeddable":true,"href":"http:\/\/www.emiliosilveravazquez.com\/blog\/wp-json\/wp\/v2\/tags?post=695"}],"curies":[{"name":"wp","href":"https:\/\/api.w.org\/{rel}","templated":true}]}}