{"id":6245,"date":"2012-03-12T08:18:33","date_gmt":"2012-03-12T07:18:33","guid":{"rendered":"http:\/\/www.emiliosilveravazquez.com\/blog\/?p=6245"},"modified":"2012-03-12T13:29:54","modified_gmt":"2012-03-12T12:29:54","slug":"japon-un-ano-despues","status":"publish","type":"post","link":"http:\/\/www.emiliosilveravazquez.com\/blog\/2012\/03\/12\/japon-un-ano-despues\/","title":{"rendered":"Jap\u00f3n: Un A\u00f1o Despu\u00e9s"},"content":{"rendered":"<p style=\"text-align: center;\"><img decoding=\"async\" loading=\"lazy\" class=\"aligncenter\" style=\"border: 0pt none;\" src=\"http:\/\/www.panoramadiario.com\/typo3temp\/pics\/e3ff7bc1e2.jpg\" alt=\"\" width=\"440\" height=\"330\" border=\"0\" \/><\/p>\n<p style=\"text-align: center;\">Detectan radiaci\u00f3n<\/p>\n<p style=\"text-align: justify;\">La <a href=\"#\" onclick=\"referencia('radiactividad',event); return false;\">radiactividad<\/a> causada por el desastre de una planta nuclear en Jap\u00f3n el a\u00f1o pasado ha sido detectada hasta una distancia de 643 kil\u00f3metros (400 millas) mar adentro en el Oc\u00e9ano Pac\u00ed\u00adfico. Los cient\u00ed\u00adficos dijeron que las aguas del oc\u00e9ano revelaron niveles de hasta mil veces m\u00e1s la sustancia cesio 137, procedente de la planta nuclear de Fukushima. Pero, recordemos lo que pas\u00f3.<\/p>\n<p style=\"text-align: justify;\">D\u00edas despu\u00e9s del doble desastre, un terremoto de magnitud 9 y un maremoto que barri\u00f3 innumerables pueblos del litoral nororiental del Jap\u00f3n, millones de personas sobreviven con escasa comida y agua, sin calefacci\u00f3n bajo g\u00e9lidas temperaturas, en medio de una crisis nuclear sin precedente. Miles perdieron sus viviendas y el n\u00famero de muertos y desaparecidos supera los 11.000.<\/p>\n<p style=\"text-align: center;\"><img decoding=\"async\" loading=\"lazy\" class=\"aligncenter\" src=\"http:\/\/4.bp.blogspot.com\/-yDZh96DDwww\/TXpRQRBu6NI\/AAAAAAAAAhQ\/VAhqWCU3aWM\/s1600\/JAPON_I.JPG\" alt=\"\" width=\"648\" height=\"458\" \/><\/p>\n<p style=\"text-align: justify;\">Actualmente, unas 450.000 personas viven en albergues temporales, en muchos casos durmiendo en el suelo de gimnasios escolares.<\/p>\n<p><!--more--><\/p>\n<p style=\"text-align: justify;\">Las autoridades informaron el mi\u00e9rcoles que la cifra oficial de muertes a ra\u00edz de la tragedia llegaba a los 3.676. M\u00e1s de 11.000 personas han muerto o han desaparecido, y muchos funcionarios creen que el balance de muertos superar\u00eda las 10.000 personas. Entretanto unas 434.000 perdieron sus viviendas y ahora viven en albergues.<\/p>\n<p style=\"text-align: center;\"><img decoding=\"async\" loading=\"lazy\" class=\"aligncenter\" src=\"http:\/\/3.bp.blogspot.com\/-4yOLaUDdw-c\/TX9R7HYJ7kI\/AAAAAAAACIY\/ZRpXaq3NNDM\/s1600\/japon%2Bdesastre.jpg\" alt=\"\" width=\"400\" height=\"235\" \/><\/p>\n<p style=\"text-align: justify;\">En un inusual mensaje a la naci\u00f3n, el emperador Akihito expres\u00f3 sus condolencias a las v\u00edctimas de su pa\u00eds devastado por un terremoto y un maremoto, y exhort\u00f3 a los japoneses a que no desmayen.<\/p>\n<p style=\"text-align: justify;\">&#8220;Es importante que cada uno de nosotros comparta los d\u00edas aciagos que se nos presentan&#8221;, destac\u00f3 Akihito, de 77 a\u00f1os, una figura profundamente respetada en todo el pa\u00eds. &#8220;Rezo para que todos nos cuidemos mutuamente y superemos esta tragedia&#8221;, agreg\u00f3.<\/p>\n<p style=\"text-align: center;\"><img decoding=\"async\" loading=\"lazy\" class=\"aligncenter\" src=\"http:\/\/www.somoslanoticia.com\/secciones\/internacionales\/tepco-pagara-indemnizaciones-por-desastre-nuclear-en-japon\/big-tepco-pagara-indemnizaciones-por-desastre-nuclear-en-japon.jpg\" alt=\"\" width=\"400\" height=\"230\" \/><\/p>\n<p style=\"text-align: justify;\">Asimismo expres\u00f3 su preocupaci\u00f3n por la crisis en la planta nuclear da\u00f1ada por los desastres que han provocado una fuga radiactiva. &#8220;Con la ayuda de todos los involucrados espero que las cosas no empeoren&#8221;. estos eran los comentarios de algunos responsables de atender el desastre.<\/p>\n<p style=\"text-align: justify;\">Conforme pasan los d\u00edas, cada vez m\u00e1s van surgiendo las incre\u00edbles historias dram\u00e1ticas de los sobrevientes y de las v\u00edctimas de los pueblos devastados del litoral nororiental del Jap\u00f3n.<\/p>\n<p style=\"text-align: justify;\">Desde el violento terremoto que fue seguido por un devastador maremoto, las autoridades han luchado para impedir una cat\u00e1strofe ambiental por los da\u00f1os causados a la planta Fukushima Dai-ichi, situada a 220 kil\u00f3metros (140 millas) al norte de Tokio. El maremoto derrib\u00f3 los generadores diesel de emergencia, necesarios para mantener fr\u00edo el combustible nuclerar, provocando una crisis at\u00f3mica.<\/p>\n<p style=\"text-align: center;\"><img decoding=\"async\" loading=\"lazy\" class=\"aligncenter\" src=\"http:\/\/www.patriagrande.com.ve\/wp-content\/uploads\/2011\/03\/tsunami-arrasa-edificios-520x389.jpg\" alt=\"\" width=\"520\" height=\"389\" \/><\/p>\n<p style=\"text-align: justify;\">Se trata de la peor crisis nuclear que haya afectado Jap\u00f3n desde las bombas at\u00f3micas arrojadas a Hiroshima y Nagasaki durante la Segunda Guerra Mundial. Asimismo es la primera vez que ese tipo de amenaza nuclear se ha presentado en el mundo desde el desastre de la planta nuclear de Chernobyl, Rusia, en 1986.<\/p>\n<p style=\"text-align: justify;\">La devastadora muralla de agua que el terremoto desat\u00f3 mat\u00f3 a miles de habitantes del litoral nororiental de Jap\u00f3n, arras\u00f3 pueblos completos, inund\u00f3 carreteras y destruy\u00f3 puertos, refinerias petroleras, plantas sider\u00fargicas y dej\u00f3 cientos de f\u00e1bricas sin funcionamiento.<\/p>\n<p style=\"text-align: center;\"><img decoding=\"async\" loading=\"lazy\" class=\"aligncenter\" src=\"http:\/\/www.cubadebate.cu\/wp-content\/uploads\/2011\/03\/desastre-japon.jpg\" alt=\"\" width=\"432\" height=\"611\" \/><\/p>\n<p style=\"text-align: justify;\">Los expertos se\u00f1alan que el costo de la destrucci\u00f3n excede el monto que provoc\u00f3 el catastr\u00f3fico terremoto de 1995 en Kobe, que seg\u00fan Standard &amp; Poor&#8217;s ascendi\u00f3 a un total de 159.000 millones de d\u00f3lares.<\/p>\n<p style=\"text-align: justify;\">Las prefecturas m\u00e1s afectadas son cuatro, Iwate, Miyagi, Fukushima e Ibaraki, que albergan industrias desde los sectores agr\u00edcola, hasta los de autopartes y electrodom\u00e9sticos, que constituyen un 6% de la econom\u00eda del Jap\u00f3n.<\/p>\n<p style=\"text-align: justify;\">Cientos de miles de personas han pasado cinco noches con escaso alimento, agua ni calefacci\u00f3n bajo temperaturas g\u00e9lidas muchos de ellos sin vivienda, mientras tratan de buscar a sus seres queridos.<\/p>\n<p style=\"text-align: center;\"><img decoding=\"async\" loading=\"lazy\" class=\"aligncenter\" src=\"http:\/\/www.abc.es\/Media\/201103\/14\/donaciones--644x362.JPG\" alt=\"\" width=\"644\" height=\"362\" \/><\/p>\n<p style=\"text-align: justify;\">El puerto de Sendai, el m\u00e1s importante del noreste ha quedado destruido. A trav\u00e9s de sus muelles pasaban vastos cargamentos de exportaci\u00f3n de todo tipo. Otros tres puertos, Hachinohe, Ishinomaki y Onahama, han tenido da\u00f1os considerables y es probable que no funcionen en varios meses.<\/p>\n<p style=\"text-align: justify;\">No debemos olvidad tan grave suceso, aparte de los que perdieron la vida y del dolor de sus familiares, otros muchos a\u00fan lo est\u00e1n pasando mal, enfermos y carentes de muchas cosas que necesitan.<\/p>\n<p style=\"text-align: justify;\">S\u00ed, sabemos que todo fue producto del bramido de la naturaleza pero, la acci\u00f3n del hombre, su quehacer, lo agrav\u00f3 m\u00e1s a\u00fan al exponer sus obras (muy peligrosas) a la acci\u00f3n inexorable de la Naturaleza que no entiende de ciertas cuestiones y se limita, inexorable, a desarrollar las acciones de reciclaje que el planeta necesita en cada momento y lugar.<\/p>\n<p style=\"text-align: center;\"><img decoding=\"async\" loading=\"lazy\" class=\"aligncenter\" src=\"http:\/\/www.noticiascaracol.com\/sites\/noticiascaracol.com\/files\/imgs_galerias\/716b92fe8f23cab2aaa3a613780bb122.jpg\" alt=\"\" width=\"665\" height=\"441\" \/><strong> <\/strong><\/p>\n<p style=\"text-align: center;\">Prendas de vestir que quedaron entre los escombros de las casas destruidas.<\/p>\n<p style=\"text-align: center;\"><img decoding=\"async\" loading=\"lazy\" class=\"aligncenter\" src=\"http:\/\/www.noticiascaracol.com\/sites\/noticiascaracol.com\/files\/imgs_galerias\/ddf3a7caebea54e77721d5505c3ba261.jpg\" alt=\"\" width=\"665\" height=\"441\" \/><strong> <\/strong><\/p>\n<p style=\"text-align: center;\">Miles de gr\u00faas hechas de papel con la t\u00e9cnica origami en honor a las v\u00edctimas. En la cultura japonesa la gr\u00faa significa el verano, el fuego y el coraz\u00f3n.<\/p>\n<p style=\"text-align: center;\"><img decoding=\"async\" loading=\"lazy\" class=\"aligncenter\" src=\"http:\/\/www.noticiascaracol.com\/sites\/noticiascaracol.com\/files\/imgs_galerias\/deafa62f336f0f7476c17c68dc036c67.jpg\" alt=\"\" width=\"665\" height=\"441\" \/><strong> <\/strong><\/p>\n<p style=\"text-align: center;\">Un a\u00f1o despu\u00e9s, los trabajos contin\u00faan en la central nuclear de Fukushima Dai-ichi.<\/p>\n<p style=\"text-align: center;\"><img decoding=\"async\" loading=\"lazy\" class=\"aligncenter\" src=\"http:\/\/www.noticiascaracol.com\/sites\/noticiascaracol.com\/files\/imgs_galerias\/275fd140bacb4b2bc5d0519e675ce2ea.jpg\" alt=\"\" width=\"665\" height=\"441\" \/><strong> <\/strong><\/p>\n<p style=\"text-align: center;\">Ancianos utilizan trajes aisladores para protegerse de la radiaci\u00f3n propagada por la central nuclear de Fukushima Dai-ichi.<\/p>\n<p style=\"text-align: center;\"><img decoding=\"async\" loading=\"lazy\" class=\"aligncenter\" src=\"http:\/\/www.noticiascaracol.com\/sites\/noticiascaracol.com\/files\/imgs_galerias\/783424624afeeec83ad223c66b39d248.jpg\" alt=\"\" width=\"665\" height=\"441\" \/><strong> <\/strong><\/p>\n<p style=\"text-align: center;\">En la ceremonia se encuentran los empleados de la planta Nuclear de Fukushima Dai-ichi.<\/p>\n<p style=\"text-align: justify;\">En Jap\u00f3n, un a\u00f1o despu\u00e9s del desastre, a\u00fan se pueden contemplar grandes zonas que llevan la marca de aquel fat\u00edcico acontecimiento que tanto da\u00f1o caus\u00f3 y sigue causando al nombre pueblo japon\u00e9s. Lo \u00fanico que nos queda es seguir estando al lado de tan adnegada Sociedad y, desear que pronto, la recuperaci\u00f3n sea total. Sin dejar de olvidar a todos aquellos que perdieron la vida y reconfortar, con nuestros mejores deseos a todos sus familiares.<\/p>\n<p style=\"text-align: justify;\">Recordemos a los amigos de Jap\u00f3n.<\/p>\n<p style=\"text-align: right;\"><em>emilio silvera<\/em><\/p>\n<div class='bookmark'>\r\n\t\t<table align='left' border='0' cellpadding='0' width='100%'>\r\n\t\t<tr><td><span class='pushbutton'><a href='http:\/\/delicious.com\/post?url=http%3A%2F%2Fwww.emiliosilveravazquez.com%2Fblog%2F2012%2F03%2F12%2Fjapon-un-ano-despues%2F&amp;title=Jap%C3%B3n%3A+Un+A%C3%B1o+Despu%C3%A9s' title='Delicious' target='_blank' rel='nofollow'><img src='http:\/\/www.emiliosilveravazquez.com\/blog\/wp-content\/plugins\/knxdt-bookmarks-wordpress-plugin\/images\/delicious.png'  alt='' class='book_img' border='none' style='margin:1px; padding: 0;'  \/><\/a><\/span><span class='pushbutton'><a href='http:\/\/digg.com\/submit?url=http%3A%2F%2Fwww.emiliosilveravazquez.com%2Fblog%2F2012%2F03%2F12%2Fjapon-un-ano-despues%2F&amp;title=Jap%C3%B3n%3A+Un+A%C3%B1o+Despu%C3%A9s' title='Digg' target='_blank' rel='nofollow'><img src='http:\/\/www.emiliosilveravazquez.com\/blog\/wp-content\/plugins\/knxdt-bookmarks-wordpress-plugin\/images\/digg.png'  alt='' class='book_img' border='none' style='margin:1px; padding: 0;'  \/><\/a><\/span><span class='pushbutton'><a href='http:\/\/www.google.com\/bookmarks\/mark?op=edit&amp;bkmk=http%3A%2F%2Fwww.emiliosilveravazquez.com%2Fblog%2F2012%2F03%2F12%2Fjapon-un-ano-despues%2F&amp;title=Jap%C3%B3n%3A+Un+A%C3%B1o+Despu%C3%A9s' title='Google' target='_blank' rel='nofollow'><img src='http:\/\/www.emiliosilveravazquez.com\/blog\/wp-content\/plugins\/knxdt-bookmarks-wordpress-plugin\/images\/google.png'   alt='' class='book_img' border='none' style='margin:1px; padding: 0;'  \/><\/a><\/span><span class='pushbutton'><a href='http:\/\/myweb2.search.yahoo.com\/myresults\/bookmarklet?u=http%3A%2F%2Fwww.emiliosilveravazquez.com%2Fblog%2F2012%2F03%2F12%2Fjapon-un-ano-despues%2F&amp;t=Jap%C3%B3n%3A+Un+A%C3%B1o+Despu%C3%A9s' title='Yahoo' target='_blank' rel='nofollow'><img src='http:\/\/www.emiliosilveravazquez.com\/blog\/wp-content\/plugins\/knxdt-bookmarks-wordpress-plugin\/images\/yahoo.png'  alt='' class='book_img' border='none' style='margin:1px; padding: 0;'  \/><\/a><\/span><span class='pushbutton'><a href='http:\/\/www.technorati.com\/faves?add=http%3A%2F%2Fwww.emiliosilveravazquez.com%2Fblog%2F2012%2F03%2F12%2Fjapon-un-ano-despues%2F' title='Technorati' target='_blank' rel='nofollow'><img src='http:\/\/www.emiliosilveravazquez.com\/blog\/wp-content\/plugins\/knxdt-bookmarks-wordpress-plugin\/images\/technorati.png'  alt='' class='book_img' border='none' style='margin:1px; padding: 0;'  \/><\/a><\/span><span class='pushbutton'><a href='http:\/\/meneame.net\/submit.php?url=http%3A%2F%2Fwww.emiliosilveravazquez.com%2Fblog%2F2012%2F03%2F12%2Fjapon-un-ano-despues%2F' title='Meneame' target='_blank' rel='nofollow'><img src='http:\/\/www.emiliosilveravazquez.com\/blog\/wp-content\/plugins\/knxdt-bookmarks-wordpress-plugin\/images\/meneame.png'  alt='' class='book_img' border='none' style='margin:1px; padding: 0;'  \/><\/a><\/span><span class='pushbutton'><a href='http:\/\/enchilame.com\/submit.php?url=http:\/\/www.emiliosilveravazquez.com\/blog\/2012\/03\/12\/japon-un-ano-despues\/' target='_blank' rel='nofollow'><img title='Enchilame' src='http:\/\/www.emiliosilveravazquez.com\/blog\/wp-content\/plugins\/knxdt-bookmarks-wordpress-plugin\/images\/enchilame.png'  alt='' class='book_img' border='none' style='margin:1px; padding: 0;'  \/><\/a><\/span><span class='pushbutton'><a href='http:\/\/www.blinklist.com\/index.php?Action=Blink\/addblink.php&amp;Description=&amp;Url=http%3A%2F%2Fwww.emiliosilveravazquez.com%2Fblog%2F2012%2F03%2F12%2Fjapon-un-ano-despues%2F&amp;title=Jap%C3%B3n%3A+Un+A%C3%B1o+Despu%C3%A9s' title='BlinkList' target='_blank' rel='nofollow'><img src='http:\/\/www.emiliosilveravazquez.com\/blog\/wp-content\/plugins\/knxdt-bookmarks-wordpress-plugin\/images\/blinklist.png'  alt='' class='book_img' border='none' style='margin:1px; padding: 0;'  \/><\/a><\/span><span class='pushbutton'><a href='http:\/\/reddit.com\/submit?url=http%3A%2F%2Fwww.emiliosilveravazquez.com%2Fblog%2F2012%2F03%2F12%2Fjapon-un-ano-despues%2F&amp;title=Jap%C3%B3n%3A+Un+A%C3%B1o+Despu%C3%A9s' title='Reddit' target='_blank' rel='nofollow'><img src='http:\/\/www.emiliosilveravazquez.com\/blog\/wp-content\/plugins\/knxdt-bookmarks-wordpress-plugin\/images\/reddit.png'  alt='' class='book_img' border='none' style='margin:1px; padding: 0;'  \/><\/a><\/span><span class='pushbutton'><a href='http:\/\/www.tecnologiadiaria.com\/2009\/07\/abrir-com-hotmail-correo.html' target='_blank' title='hotmail'><img src='http:\/\/www.emiliosilveravazquez.com\/blog\/wp-content\/plugins\/knxdt-bookmarks-wordpress-plugin\/images\/linklove.png' alt='hotmail correo' class='book_img' border='none' style='margin:1px; padding: 0;' \/><\/a><\/span><span class='pushbutton'><a href='http:\/\/bitacoras.com\/votar\/anotacion\/externo\/mini\/www.emiliosilveravazquez.com\/blog\/2012\/03\/12\/japon-un-ano-despues\/' title='Bitacoras.com' target='_blank' rel='nofollow'><img src='http:\/\/www.emiliosilveravazquez.com\/blog\/wp-content\/plugins\/knxdt-bookmarks-wordpress-plugin\/images\/bitacoras.png'  alt='' class='book_img' border='none' style='margin:1px; padding: 0;'  \/><\/a><\/span><span class='pushbutton'><a href='http:\/\/www.wikio.es\/vote?url=http%3A%2F%2Fwww.emiliosilveravazquez.com%2Fblog%2F2012%2F03%2F12%2Fjapon-un-ano-despues%2F' title='Wikio' target='_blank' rel='nofollow'><img src='http:\/\/www.emiliosilveravazquez.com\/blog\/wp-content\/plugins\/knxdt-bookmarks-wordpress-plugin\/images\/wikio.png'   alt='' class='book_img' border='none' style='margin:1px; padding: 0;'   \/><\/a><\/span><span class='pushbutton'><a href='http:\/\/friendfeed.com\/?url=http%3A%2F%2Fwww.emiliosilveravazquez.com%2Fblog%2F2012%2F03%2F12%2Fjapon-un-ano-despues%2F&amp;title=Jap%C3%B3n%3A+Un+A%C3%B1o+Despu%C3%A9s' title='Friend Feed' target='_blank' rel='nofollow'><img src='http:\/\/www.emiliosilveravazquez.com\/blog\/wp-content\/plugins\/knxdt-bookmarks-wordpress-plugin\/images\/friendfeed.png'  alt='' class='book_img' border='none' style='margin:1px; padding: 0;'  \/><\/a><\/span><span class='pushbutton'><a href='http:\/\/www.facebook.com\/share.php?u=http%3A%2F%2Fwww.emiliosilveravazquez.com%2Fblog%2F2012%2F03%2F12%2Fjapon-un-ano-despues%2F&amp;t=Jap%C3%B3n%3A+Un+A%C3%B1o+Despu%C3%A9s' title='Facebook' target='_blank' rel='nofollow'><img src='http:\/\/www.emiliosilveravazquez.com\/blog\/wp-content\/plugins\/knxdt-bookmarks-wordpress-plugin\/images\/facebook.png'  alt='' class='book_img' border='none' style='margin:1px; padding: 0;'  \/><\/a><\/span><span class='pushbutton'><a href='http:\/\/twitter.com\/home?status=Jap%C3%B3n%3A+Un+A%C3%B1o+Despu%C3%A9s: http%3A%2F%2Fwww.emiliosilveravazquez.com%2Fblog%2F2012%2F03%2F12%2Fjapon-un-ano-despues%2F' title='Twitter' target='_blank' rel='nofollow'><img src='http:\/\/www.emiliosilveravazquez.com\/blog\/wp-content\/plugins\/knxdt-bookmarks-wordpress-plugin\/images\/twitter.png'  alt='' class='book_img' border='none' style='margin:1px; padding: 0;'  \/><\/a><\/span><span class='pushbutton'><a href='http:\/\/www.feedburner.com\/fb\/a\/emailFlare?itemTitle=Jap%C3%B3n%3A+Un+A%C3%B1o+Despu%C3%A9s&amp;uri=http%3A%2F%2Fwww.emiliosilveravazquez.com%2Fblog%2F2012%2F03%2F12%2Fjapon-un-ano-despues%2F' title='Enviar por Email' target='_blank' rel='nofollow'><img src='http:\/\/www.emiliosilveravazquez.com\/blog\/wp-content\/plugins\/knxdt-bookmarks-wordpress-plugin\/images\/email.png'  alt='' class='book_img' border='none' style='margin:1px; padding: 0;'  \/><\/a><\/span><span style='font-weight:bold; padding-left: 5px;'><a href='http:\/\/wordpress.org\/extend\/plugins\/knxdt-bookmarks-wordpress-plugin\/' title='Plugin' rel='nofollow' target='_blank'>[?]<\/a><\/span><\/td><\/tr><\/table><br\/><br\/><\/div>","protected":false},"excerpt":{"rendered":"<p>Detectan radiaci\u00f3n La radiactividad causada por el desastre de una planta nuclear en Jap\u00f3n el a\u00f1o pasado ha sido detectada hasta una distancia de 643 kil\u00f3metros (400 millas) mar adentro en el Oc\u00e9ano Pac\u00ed\u00adfico. Los cient\u00ed\u00adficos dijeron que las aguas del oc\u00e9ano revelaron niveles de hasta mil veces m\u00e1s la sustancia cesio 137, procedente de [&hellip;]<\/p>\n","protected":false},"author":2,"featured_media":0,"comment_status":"open","ping_status":"open","sticky":false,"template":"","format":"standard","meta":{"_s2mail":"yes","footnotes":""},"categories":[1],"tags":[],"_links":{"self":[{"href":"http:\/\/www.emiliosilveravazquez.com\/blog\/wp-json\/wp\/v2\/posts\/6245"}],"collection":[{"href":"http:\/\/www.emiliosilveravazquez.com\/blog\/wp-json\/wp\/v2\/posts"}],"about":[{"href":"http:\/\/www.emiliosilveravazquez.com\/blog\/wp-json\/wp\/v2\/types\/post"}],"author":[{"embeddable":true,"href":"http:\/\/www.emiliosilveravazquez.com\/blog\/wp-json\/wp\/v2\/users\/2"}],"replies":[{"embeddable":true,"href":"http:\/\/www.emiliosilveravazquez.com\/blog\/wp-json\/wp\/v2\/comments?post=6245"}],"version-history":[{"count":0,"href":"http:\/\/www.emiliosilveravazquez.com\/blog\/wp-json\/wp\/v2\/posts\/6245\/revisions"}],"wp:attachment":[{"href":"http:\/\/www.emiliosilveravazquez.com\/blog\/wp-json\/wp\/v2\/media?parent=6245"}],"wp:term":[{"taxonomy":"category","embeddable":true,"href":"http:\/\/www.emiliosilveravazquez.com\/blog\/wp-json\/wp\/v2\/categories?post=6245"},{"taxonomy":"post_tag","embeddable":true,"href":"http:\/\/www.emiliosilveravazquez.com\/blog\/wp-json\/wp\/v2\/tags?post=6245"}],"curies":[{"name":"wp","href":"https:\/\/api.w.org\/{rel}","templated":true}]}}