{"id":6137,"date":"2012-07-01T05:00:52","date_gmt":"2012-07-01T04:00:52","guid":{"rendered":"http:\/\/www.emiliosilveravazquez.com\/blog\/?p=6137"},"modified":"2012-07-01T08:23:58","modified_gmt":"2012-07-01T07:23:58","slug":"la-vida-en-el-universo-2","status":"publish","type":"post","link":"http:\/\/www.emiliosilveravazquez.com\/blog\/2012\/07\/01\/la-vida-en-el-universo-2\/","title":{"rendered":"La Vida en el Universo"},"content":{"rendered":"<div style=\"text-align: justify;\">Cuando un cient\u00edfico hace afirmaciones exageradas de cuestiones que ata\u00f1en a su disciplina simplemente por buscar sobresalir y que sus afirmaciones llamen la atenci\u00f3n y ganen la atenci\u00f3n del p\u00fablico para mejor vender el producto, cuando eso ocurre, flaco favor est\u00e1n haciendo a la Ciencia en general y a sus compa\u00f1eros en particular, ya que, los que escuchan o leen sus afirmaciones, al no ser expertos en la materia, pueden creer cuestiones que no se atienen a la verdad.<\/div>\n<div style=\"text-align: justify;\">Tambi\u00e9n es cierto que, la ignorancia de los cient\u00edficos, les estimula a seguir buscando, observando, experimentando a la b\u00fasqueda de esa respuesta tan esperada, de la certeza de lo que &#8220;aquello es, o, significa&#8221;. No pocas veces, la motivaci\u00f3n es mayor en el desconocimiento que en la certeza vaga e incompleta.<\/div>\n<div style=\"text-align: justify;\">\n<p align=\"center\"><img decoding=\"async\" title=\"\" src=\"http:\/\/www.eurocosmos.net\/astro\/images\/stories\/astronomia\/Marte.jpg\" alt=\"\" border=\"0\" hspace=\"6\" \/><\/p>\n<p><strong>\u00a0\u00a0\u00a0\u00a0\u00a0\u00a0\u00a0\u00a0\u00a0\u00a0\u00a0\u00a0\u00a0\u00a0\u00a0\u00a0\u00a0\u00a0\u00a0\u00a0\u00a0\u00a0\u00a0\u00a0\u00a0\u00a0\u00a0\u00a0\u00a0\u00a0\u00a0\u00a0\u00a0\u00a0\u00a0\u00a0\u00a0\u00a0\u00a0\u00a0\u00a0\u00a0\u00a0\u00a0\u00a0\u00a0\u00a0\u00a0\u00a0\u00a0\u00a0 \u00a0 \u00a0 \u00a0 \u00a0 \u00a0 \u00a0 \u00a0 \u00a0 \u00a0 \u00a0\u00a0 El\u00a0<\/strong><strong>\u00a0planeta Marte en los cielos nocturnos.<\/strong><\/p>\n<\/div>\n<div style=\"text-align: justify;\">Me viene a la memoria un hecho cierto como que, los Astr\u00f3nomos consideran que planetas exteriores como Saturno y j\u00fapiter y muchas de sus lunas, son gigantescos laboratorios prebi\u00f3ticos en donde los pasos que llevaron\u00a0 la vida a la Tierra han quedado congelados en el tiempo atrapados a mitad de camino entre el dominio de la qu\u00edmica compleja y el camino de la verdadera biolog\u00eda.<\/div>\n<div style=\"text-align: justify;\">En el caso de Marte, parece probable que haya cruzado la l\u00ednea entre la no vida y la vida y que, en alguna etapa del pasado, la vida floreci\u00f3 en el planeta rojo. De hecho, seg\u00fan creo, la vida en aquel planeta en el pasado, para m\u00ed, es de una certeza total, y, si nos referimos al presente, no pocas veces ha quedado aqu\u00ed <a href=\"#\" onclick=\"referencia('plasma',event); return false;\">plasma<\/a>do, en mis trabajos, mi creencia de que, la vida pulula en Marte en esos laberintos del subsuelo, donde las temperaturas son m\u00e1s altas y el agua l\u00edquida corre cantarina permitiendo ecosistemas donde las bacterias, l\u00edquenes y hongos campan a sus anchas. Pero&#8230;concretemos.<\/div>\n<div style=\"text-align: justify;\"><strong>\u00a0\u00a0\u00a0\u00a0\u00a0\u00a0\u00a0\u00a0\u00a0\u00a0\u00a0\u00a0\u00a0\u00a0\u00a0\u00a0\u00a0\u00a0\u00a0\u00a0\u00a0\u00a0\u00a0\u00a0\u00a0\u00a0\u00a0\u00a0\u00a0\u00a0\u00a0\u00a0\u00a0 Vida en el Cosmos<\/strong><\/div>\n<p style=\"text-align: justify;\"><img decoding=\"async\" loading=\"lazy\" src=\"http:\/\/universo.iaa.es\/amiga\/FCKeditor\/UserFiles\/Image\/Concepto\/Astrobiology.jpg\" alt=\"Astrobiologia\" width=\"420\" height=\"432\" \/><\/p>\n<p style=\"text-align: justify;\">\n<p style=\"text-align: justify;\">Una caracter\u00edstica sorprendente de nuestro retrato reconstruido del antepasado primitivo es su car\u00e1cter moderno. Si este organismo lo encontr\u00e1ramos hoy, seguramente no delatar\u00eda su inmensa antig\u00fcedad, excepto por sus secuencias de DNA. Tuvo que estar precedido, necesariamente, por formas m\u00e1s rudimentarias, estadios intermedios en la g\u00e9nesis de sistemas estructurales, metab\u00f3licos, energ\u00e9ticos y gen\u00e9ticos complejos que son compartidos por todos los seres vivos de hoy en d\u00eda. Por desgracia, tales formas no han dejado descendientes igualmente primitivos que permitan su caracterizaci\u00f3n. Esta carencia complica mucho el problema del origen de la vida.<\/p>\n<div style=\"text-align: justify;\">\n<p><a title=\"homo_sapiens.gif\" href=\"http:\/\/blog.levante-emv.com\/angostohojaslibres\/files\/2010\/08\/homo_sapiens.gif\"><img decoding=\"async\" src=\"http:\/\/blog.levante-emv.com\/angostohojaslibres\/files\/2010\/08\/homo_sapiens.gif\" alt=\"homo_sapiens.gif\" \/><\/a><\/p>\n<p>&nbsp;<\/p>\n<p>Pasado por un buen ba\u00f1o, una peluqueria y con un buen traje, podr\u00eda, sin duda alguna, pasar inadvertido por cualquier calle del mundo.<\/p>\n<\/div>\n<p style=\"text-align: justify;\">La Tierra naci\u00f3 hace unos 4.550 millones de a\u00f1os. Se condens\u00f3, junto con los otros planetas del sistema solar, en un disco de gas y polvo que giraba alrededor de una joven estrella que iba a convertirse en nuestro Sol. Fen\u00f3menos de violencia extrema,\u00a0 incompatible con el mantenimiento de ning\u00fan tipo de vida, rodearon este nacimiento. Durante al menos quinientos millones de a\u00f1os, cometas y asteroides sacudieron la Tierra en formaci\u00f3n, con lo que la hicieron capaz de albergar vida durante todo este tiempo. Algunos impactos pudieron haber sido incluso suficientemente violentos como para producir la p\u00e9rdida de toda agua terrestre por vaporizaci\u00f3n, despu\u00e9s de lo cual los oc\u00e9anos se habr\u00edan vuelto a llenar con agua aportada por cometas. Seg\u00fan esta versi\u00f3n de\u00a0 los acontecimientos, los oc\u00e9anos actuales de remontar\u00edan a la \u00faltima oleada de bombardeo cometario intenso, que los expertos creen que tuvo lugar hace unos cuatro mil millones de a\u00f1os. Existen se\u00f1ales de que hab\u00eda vida en la Tierra poco despu\u00e9s de que dichos cataclismos llegaran a su fin.<\/p>\n<p style=\"text-align: justify;\">Algunos investigadores creen que el tiempo que pas\u00f3 entre el momento en el que la Tierra se hizo habitable y aquel en el que apareci\u00f3 la vida, fue demasiado corto para que surgiera algo tan complejo como una c\u00e9lula viva. De ah\u00ed la hip\u00f3tesis de que la vida lleg\u00f3 desde otro lugar. \u00bfQu\u00e9 debemos pensar de ello?<\/p>\n<p style=\"text-align: justify;\">\n<p style=\"text-align: justify;\">\u00a0 \u00a0 \u00a0 \u00a0 \u00a0 \u00a0 \u00a0 \u00a0 \u00a0 \u00a0 \u00a0 \u00a0 \u00bf Que la vida lleg\u00f3 del espacio exterior?<\/p>\n<p style=\"text-align: justify;\" align=\"center\">\u00a0<img decoding=\"async\" loading=\"lazy\" src=\"http:\/\/www.uni-graz.at\/en\/print\/uarc1www_boltzmann_mitarbeiter.jpg\" alt=\"Boltzmann-Mitarbeiter\" width=\"400\" height=\"357\" \/><\/p>\n<p style=\"text-align: justify;\">\u201eNun aber, lieber Svante, mache Dich bald auf die Beine und \u201akomm\u2019 herab, o Donna Theresa\u2019, wie dies Nernst in Graz gesungen hat.\u201c<\/p>\n<p style=\"text-align: justify;\">La teor\u00eda de que la vida es de origen extraterrestre ha tenido ilustres defensores. Entre ellos, el qu\u00edmico sueco Svante Arrhenius, ganador del premio Nobel de qu\u00edmica de 1903 y recordado hoy por su concepci\u00f3n prof\u00e9tica del efecto invernadero, acu\u00f1\u00f3 el t\u00e9rmino &lt;&lt;panspermia&gt;&gt; para su teor\u00eda de que hay g\u00e9rmenes de vida que existen en todo el cosmos y caen continuamente sobre la Tierra. M\u00e1s recientemente, un c\u00e9lebre astr\u00f3nomo ingl\u00e9s, sir Fred Hoyle, quien muri\u00f3\u00a0 en 2001, afirm\u00f3, junto con un colega de Sri Lanka, Chandra Wickramasinghe, haber detectado pruebas espectrosc\u00f3picas de la presencia de organismos vivos en cometas. M\u00e1s adelante veremos cu\u00e1les son estas pruebas. Francis Crick, codescubridor con James Watson de la estructura en doble h\u00e9lice del DNA, ha propuesto incluso, con otro cient\u00edfico de origen ingl\u00e9s, Leslie Orgel, que los primeros organismos vivos pudieron haber alcanzado la Tierra a bordo de una nave espacial enviada por alguna &lt;&lt;civilizaci\u00f3n distante&gt;&gt;. Ha dado el nombre de &lt;&lt;panspermia directa&gt;&gt; a esta hip\u00f3tesis.<\/p>\n<p style=\"text-align: justify;\">Dejando a un lado la nave espacial, de la que hasta ahora no se ha encontrado se\u00f1al alguna, un origen extraterrestre de la vida es perfectamente veros\u00edmil. La objeci\u00f3n que tantas veces se ha manifestado de que organismos vivos no podr\u00edan soportar las condiciones f\u00edsicas que hay en el espacio, especialmente la intensa radiaci\u00f3n ultravioleta, no se sostiene, porque r\u00e1pidamente se advierte que cometas o meteoritos pueden ofrecer protecci\u00f3n a los organismos. La destrucci\u00f3n por el calor durante su entrada en la atm\u00f3sfera terrestre podr\u00eda evitarse de forma similar. Adem\u00e1s, la posibilidad de que la vida pueda ser un fen\u00f3meno extendido, que exista en muchos lugares del universo, es algo que tiene cada vez m\u00e1s adeptos. As\u00ed, la eventualidad de que organismos vivos viajen a trav\u00e9s del espacio en varios &lt;&lt;objetos voladores&gt;&gt; est\u00e1 lejos de ser inveros\u00edmil. Pero, \u00bfqu\u00e9 hay de las pruebas?<\/p>\n<p style=\"text-align: justify;\">\n<p style=\"text-align: justify;\">\n<p style=\"text-align: justify;\"><img decoding=\"async\" src=\"http:\/\/imagenes.publico.es\/resources\/archivos\/2011\/8\/8\/1312837333947MARTEdn.jpg\" alt=\"Bombardeo de asteroides en la Tierra temprana. d. a. aguilar\/harvard-smithsonian\" \/><\/p>\n<h3 style=\"text-align: justify;\">Bombardeo de cometas y asteroides en la Tierra primigenia<\/h3>\n<p>&nbsp;<\/p>\n<p style=\"text-align: justify;\">La argumentaci\u00f3n de que no hubo tiempo suficiente para que la vida surgiera localmente en la Tierra se basa en una valoraci\u00f3n puramente subjetiva y arbitraria, que no est\u00e1 corroborada por ning\u00fan elemento objetivo. No existe prueba alguna de que la aparici\u00f3n de la vida requiera cientos de millones de a\u00f1os, como se ha afirmado. Por el contrario, como se\u00f1alar\u00e9 m\u00e1s adelante, la visi\u00f3n esencialmente qu\u00edmica y determinista que hay que tener de este fen\u00f3meno lleva a creer, m\u00e1s bien, que la vida surgi\u00f3 de manera relativamente r\u00e1pida, en un per\u00edodo de tiempo que ocn probabilidad hay que contar milenios y no en millones de a\u00f1os, Seg\u00fan esta concepci\u00f3n, el margen de unos cien millones de a\u00f1os que permiten los datos actuales deja tiempo suficiente para que la vida naciera en la Tierra. Es incluso posible que la vida surgiera y desapareciera varias veces antes de establecerse.<\/p>\n<p style=\"text-align: justify;\">Buscar mol\u00e9culas de azucar en el espacio exterior, ser\u00eda una manera de acercarnos a posibles formas de vida en las que, estas mol\u00e9culas est\u00e1n presentes.<\/p>\n<p style=\"text-align: justify;\">Quedan todas esas observaciones, claramente innegables, que demuestran que los constituyentes elementales de la vida existen en cometas y otros objetos celestes. Pero, \u00bfestas sustancias son producto de la vida, como creen los defensores de la panspermia? \u00bfO bien son, por el contrario, el fruto de reacciones qu\u00edmicas espont\u00e1neas? la segunda explicaci\u00f3n se considera la m\u00e1s probable de las dos.<\/p>\n<p style=\"text-align: justify;\">Es probable que los procesos que tienen lugar en el espacio exterior hayan llevado a que las mol\u00e9culas biol\u00f3gicas se encuentren exclusivamente en forma destr\u00f3gira o lev\u00f3girao. Esta es la conclusi\u00f3n que arroja unos experimentos llevados a cabo en la instalaci\u00f3n de sincrotr\u00f3n SOLEIL cerca de Par\u00eds, en la cual se encontr\u00f3 que un n\u00famero de mol\u00e9culas simples en regiones de formaci\u00f3n estelar expuestas a radiaci\u00f3n polarizada creaban amino\u00e1cidos con un desequilibrio de mol\u00e9culas dextr\u00f3giras y lev\u00f3giras.<\/p>\n<p style=\"text-align: justify;\">Las conocidas como m0l\u00e9culas quirales pueden existir en dos formas, siendo una la imagen especular no superponible de una sobre la otra, incluso aunque ambas tienen la misma composici\u00f3n qu\u00edmica. Si bien los experimentos de laboratorio tienden a producir cantidades iguales de las versiones dextr\u00f3giras y lev\u00f3giras, muchas de las mol\u00e9culas quirales encontradas en organismos vivos proceden de una de las variedades. Por ejemplo, los amino\u00e1cidos que forman las prote\u00ednas solo aparecen en la forma lev\u00f3gira, mientras que los az\u00facares del ADN s\u00f3lo en la dextr\u00f3gira.<\/p>\n<p style=\"text-align: justify;\">\n<p style=\"text-align: justify;\">\n<p style=\"text-align: justify;\"><strong><img decoding=\"async\" src=\"http:\/\/www.educarm.es\/templates\/portal\/ficheros\/websDinamicas\/32\/m42gran.jpg\" alt=\"\" border=\"0\" \/><br \/>\n<\/strong><\/p>\n<p style=\"text-align: justify;\">\n<p style=\"text-align: justify;\"><strong>Ahora se cree que es posible que mol\u00e9culas como las encontradas en esta gigantesca nube, hayan sido de gran ayuda para crear la vida en la Tierra. Estamos en la inmensa Ori\u00f3n, ah\u00ed, el mayor Laboratorio qu\u00edmico que podamos imaginar har\u00edan las delicias de todos los qu\u00edmicoas de la Tierra y, no digamos de los astr\u00f3nomos que dar\u00edan parte de su vida por ver, in situ, como se forman las estrellas nuevas. Tambien ah\u00ed est\u00e1n presentes transformaciones maravillosas que van dejando a punto esos \u201cladrillos\u00b7 constituyentes que dar\u00e1n lugar a que, en alg\u00edn mundo cercano, pueda surgir la vida.<\/strong><\/p>\n<p style=\"text-align: justify;\">Tenemos un amplio campo\u00a0 de complejas respuestas que tenemos que desvelar, descorriendo para ello el velo de ignorancia que cubre nuestras mentes. En este dif\u00edcil tema de la Vida, aunque mucho es lo que hemos llegado a comprender, es mucho m\u00e1s lo que de ella ignoramos y, nadie, hasta el momento ha podido decir con palabras plenas qu\u00e9 es la Vida. Sin embargo, ah\u00ed est\u00e1, en mil formas y estados que hacen despertar nuestra curiosidad y nos empuja a querer llegar a comprender, lo que la vida es.<\/p>\n<p style=\"text-align: justify;\">Desde una charca fangoza y caliente, hasta la copia de los \u00e1rboles pera, seguir hasta los pensamientos y, ahora, tratar de llegar a las estrellas. No, no ha sido f\u00e1cil ni corto el camino que hemos tenido que realizar y, aunque s\u00f3lo sea una fracci\u00f3n del tiempo del Universo, para nosotros, nuestra especie humana, es much\u00edsimo tiempo en el que, hemos podido, al menos, llegar a comprender que a\u00fan nos queda mucho por hacer.<\/p>\n<p style=\"text-align: justify;\">\n<p style=\"text-align: justify;\">\n<div id=\"main_content\" style=\"text-align: justify;\">\n<div id=\"gallery\">\n<div id=\"gallery_body\"><img decoding=\"async\" loading=\"lazy\" src=\"http:\/\/www.animateprojects.org\/images\/biogenesis_448_1.jpg\" alt=\"Biogenesis, William Latham\" width=\"448\" height=\"336\" \/><\/div>\n<div>\u00a0\u00a0\u00a0\u00a0\u00a0\u00a0\u00a0\u00a0\u00a0\u00a0\u00a0\u00a0\u00a0\u00a0\u00a0\u00a0\u00a0\u00a0\u00a0\u00a0\u00a0\u00a0\u00a0\u00a0\u00a0\u00a0\u00a0\u00a0\u00a0\u00a0\u00a0\u00a0\u00a0\u00a0\u00a0\u00a0\u00a0\u00a0\u00a0 Biogenesis, William Latham<\/div>\n<\/div>\n<\/div>\n<p style=\"text-align: justify;\">Resolver el misterio de la biog\u00e9nesis no es s\u00f3lo un problema m\u00e1s en una larga lista de proyectos cient\u00edficos indispensables. Como el origen del Universo y el origen de la consciencia, representa algo en conjunto mucho m\u00e1s profundo, puesto que pone a prueba las bases mismas de nuestra ciencia y nuestra visi\u00f3n del mundo.\u00a0 El misterio del origen de la Vida a intrigado a fil\u00f3sofos, te\u00f3logos y cient\u00edficos durante m\u00e1s de dos mil quinientos a\u00f1os. Durante las pr\u00f3ximas d\u00e9cadas, tenemos la oportunidad de hacer algunos descubrimientos importantes y llevar a buen t\u00e9rmino avances fundamentales en este campo, La Astrof\u00edsica nos puede dar algunos de los secretos mejor guardados que, de manera inesperada, podr\u00edan estar fuera de nuestro mundo.<\/p>\n<p style=\"text-align: justify;\">emilio silvera<\/p>\n<div class='bookmark'>\r\n\t\t<table align='left' border='0' cellpadding='0' width='100%'>\r\n\t\t<tr><td><span class='pushbutton'><a href='http:\/\/delicious.com\/post?url=http%3A%2F%2Fwww.emiliosilveravazquez.com%2Fblog%2F2012%2F07%2F01%2Fla-vida-en-el-universo-2%2F&amp;title=La+Vida+en+el+Universo' title='Delicious' target='_blank' rel='nofollow'><img src='http:\/\/www.emiliosilveravazquez.com\/blog\/wp-content\/plugins\/knxdt-bookmarks-wordpress-plugin\/images\/delicious.png'  alt='' class='book_img' border='none' style='margin:1px; padding: 0;'  \/><\/a><\/span><span class='pushbutton'><a href='http:\/\/digg.com\/submit?url=http%3A%2F%2Fwww.emiliosilveravazquez.com%2Fblog%2F2012%2F07%2F01%2Fla-vida-en-el-universo-2%2F&amp;title=La+Vida+en+el+Universo' title='Digg' target='_blank' rel='nofollow'><img src='http:\/\/www.emiliosilveravazquez.com\/blog\/wp-content\/plugins\/knxdt-bookmarks-wordpress-plugin\/images\/digg.png'  alt='' class='book_img' border='none' style='margin:1px; padding: 0;'  \/><\/a><\/span><span class='pushbutton'><a href='http:\/\/www.google.com\/bookmarks\/mark?op=edit&amp;bkmk=http%3A%2F%2Fwww.emiliosilveravazquez.com%2Fblog%2F2012%2F07%2F01%2Fla-vida-en-el-universo-2%2F&amp;title=La+Vida+en+el+Universo' title='Google' target='_blank' rel='nofollow'><img src='http:\/\/www.emiliosilveravazquez.com\/blog\/wp-content\/plugins\/knxdt-bookmarks-wordpress-plugin\/images\/google.png'   alt='' class='book_img' border='none' style='margin:1px; padding: 0;'  \/><\/a><\/span><span class='pushbutton'><a href='http:\/\/myweb2.search.yahoo.com\/myresults\/bookmarklet?u=http%3A%2F%2Fwww.emiliosilveravazquez.com%2Fblog%2F2012%2F07%2F01%2Fla-vida-en-el-universo-2%2F&amp;t=La+Vida+en+el+Universo' title='Yahoo' target='_blank' rel='nofollow'><img src='http:\/\/www.emiliosilveravazquez.com\/blog\/wp-content\/plugins\/knxdt-bookmarks-wordpress-plugin\/images\/yahoo.png'  alt='' class='book_img' border='none' style='margin:1px; padding: 0;'  \/><\/a><\/span><span class='pushbutton'><a href='http:\/\/www.technorati.com\/faves?add=http%3A%2F%2Fwww.emiliosilveravazquez.com%2Fblog%2F2012%2F07%2F01%2Fla-vida-en-el-universo-2%2F' title='Technorati' target='_blank' rel='nofollow'><img src='http:\/\/www.emiliosilveravazquez.com\/blog\/wp-content\/plugins\/knxdt-bookmarks-wordpress-plugin\/images\/technorati.png'  alt='' class='book_img' border='none' style='margin:1px; padding: 0;'  \/><\/a><\/span><span class='pushbutton'><a href='http:\/\/meneame.net\/submit.php?url=http%3A%2F%2Fwww.emiliosilveravazquez.com%2Fblog%2F2012%2F07%2F01%2Fla-vida-en-el-universo-2%2F' title='Meneame' target='_blank' rel='nofollow'><img src='http:\/\/www.emiliosilveravazquez.com\/blog\/wp-content\/plugins\/knxdt-bookmarks-wordpress-plugin\/images\/meneame.png'  alt='' class='book_img' border='none' style='margin:1px; padding: 0;'  \/><\/a><\/span><span class='pushbutton'><a href='http:\/\/enchilame.com\/submit.php?url=http:\/\/www.emiliosilveravazquez.com\/blog\/2012\/07\/01\/la-vida-en-el-universo-2\/' target='_blank' rel='nofollow'><img title='Enchilame' src='http:\/\/www.emiliosilveravazquez.com\/blog\/wp-content\/plugins\/knxdt-bookmarks-wordpress-plugin\/images\/enchilame.png'  alt='' class='book_img' border='none' style='margin:1px; padding: 0;'  \/><\/a><\/span><span class='pushbutton'><a href='http:\/\/www.blinklist.com\/index.php?Action=Blink\/addblink.php&amp;Description=&amp;Url=http%3A%2F%2Fwww.emiliosilveravazquez.com%2Fblog%2F2012%2F07%2F01%2Fla-vida-en-el-universo-2%2F&amp;title=La+Vida+en+el+Universo' title='BlinkList' target='_blank' rel='nofollow'><img src='http:\/\/www.emiliosilveravazquez.com\/blog\/wp-content\/plugins\/knxdt-bookmarks-wordpress-plugin\/images\/blinklist.png'  alt='' class='book_img' border='none' style='margin:1px; padding: 0;'  \/><\/a><\/span><span class='pushbutton'><a href='http:\/\/reddit.com\/submit?url=http%3A%2F%2Fwww.emiliosilveravazquez.com%2Fblog%2F2012%2F07%2F01%2Fla-vida-en-el-universo-2%2F&amp;title=La+Vida+en+el+Universo' title='Reddit' target='_blank' rel='nofollow'><img src='http:\/\/www.emiliosilveravazquez.com\/blog\/wp-content\/plugins\/knxdt-bookmarks-wordpress-plugin\/images\/reddit.png'  alt='' class='book_img' border='none' style='margin:1px; padding: 0;'  \/><\/a><\/span><span class='pushbutton'><a href='http:\/\/www.tecnologiadiaria.com\/2009\/07\/abrir-com-hotmail-correo.html' target='_blank' title='hotmail'><img src='http:\/\/www.emiliosilveravazquez.com\/blog\/wp-content\/plugins\/knxdt-bookmarks-wordpress-plugin\/images\/linklove.png' alt='hotmail correo' class='book_img' border='none' style='margin:1px; padding: 0;' \/><\/a><\/span><span class='pushbutton'><a href='http:\/\/bitacoras.com\/votar\/anotacion\/externo\/mini\/www.emiliosilveravazquez.com\/blog\/2012\/07\/01\/la-vida-en-el-universo-2\/' title='Bitacoras.com' target='_blank' rel='nofollow'><img src='http:\/\/www.emiliosilveravazquez.com\/blog\/wp-content\/plugins\/knxdt-bookmarks-wordpress-plugin\/images\/bitacoras.png'  alt='' class='book_img' border='none' style='margin:1px; padding: 0;'  \/><\/a><\/span><span class='pushbutton'><a href='http:\/\/www.wikio.es\/vote?url=http%3A%2F%2Fwww.emiliosilveravazquez.com%2Fblog%2F2012%2F07%2F01%2Fla-vida-en-el-universo-2%2F' title='Wikio' target='_blank' rel='nofollow'><img src='http:\/\/www.emiliosilveravazquez.com\/blog\/wp-content\/plugins\/knxdt-bookmarks-wordpress-plugin\/images\/wikio.png'   alt='' class='book_img' border='none' style='margin:1px; padding: 0;'   \/><\/a><\/span><span class='pushbutton'><a href='http:\/\/friendfeed.com\/?url=http%3A%2F%2Fwww.emiliosilveravazquez.com%2Fblog%2F2012%2F07%2F01%2Fla-vida-en-el-universo-2%2F&amp;title=La+Vida+en+el+Universo' title='Friend Feed' target='_blank' rel='nofollow'><img src='http:\/\/www.emiliosilveravazquez.com\/blog\/wp-content\/plugins\/knxdt-bookmarks-wordpress-plugin\/images\/friendfeed.png'  alt='' class='book_img' border='none' style='margin:1px; padding: 0;'  \/><\/a><\/span><span class='pushbutton'><a href='http:\/\/www.facebook.com\/share.php?u=http%3A%2F%2Fwww.emiliosilveravazquez.com%2Fblog%2F2012%2F07%2F01%2Fla-vida-en-el-universo-2%2F&amp;t=La+Vida+en+el+Universo' title='Facebook' target='_blank' rel='nofollow'><img src='http:\/\/www.emiliosilveravazquez.com\/blog\/wp-content\/plugins\/knxdt-bookmarks-wordpress-plugin\/images\/facebook.png'  alt='' class='book_img' border='none' style='margin:1px; padding: 0;'  \/><\/a><\/span><span class='pushbutton'><a href='http:\/\/twitter.com\/home?status=La+Vida+en+el+Universo: http%3A%2F%2Fwww.emiliosilveravazquez.com%2Fblog%2F2012%2F07%2F01%2Fla-vida-en-el-universo-2%2F' title='Twitter' target='_blank' rel='nofollow'><img src='http:\/\/www.emiliosilveravazquez.com\/blog\/wp-content\/plugins\/knxdt-bookmarks-wordpress-plugin\/images\/twitter.png'  alt='' class='book_img' border='none' style='margin:1px; padding: 0;'  \/><\/a><\/span><span class='pushbutton'><a href='http:\/\/www.feedburner.com\/fb\/a\/emailFlare?itemTitle=La+Vida+en+el+Universo&amp;uri=http%3A%2F%2Fwww.emiliosilveravazquez.com%2Fblog%2F2012%2F07%2F01%2Fla-vida-en-el-universo-2%2F' title='Enviar por Email' target='_blank' rel='nofollow'><img src='http:\/\/www.emiliosilveravazquez.com\/blog\/wp-content\/plugins\/knxdt-bookmarks-wordpress-plugin\/images\/email.png'  alt='' class='book_img' border='none' style='margin:1px; padding: 0;'  \/><\/a><\/span><span style='font-weight:bold; padding-left: 5px;'><a href='http:\/\/wordpress.org\/extend\/plugins\/knxdt-bookmarks-wordpress-plugin\/' title='Plugin' rel='nofollow' target='_blank'>[?]<\/a><\/span><\/td><\/tr><\/table><br\/><br\/><\/div>","protected":false},"excerpt":{"rendered":"<p>Cuando un cient\u00edfico hace afirmaciones exageradas de cuestiones que ata\u00f1en a su disciplina simplemente por buscar sobresalir y que sus afirmaciones llamen la atenci\u00f3n y ganen la atenci\u00f3n del p\u00fablico para mejor vender el producto, cuando eso ocurre, flaco favor est\u00e1n haciendo a la Ciencia en general y a sus compa\u00f1eros en particular, ya que, [&hellip;]<\/p>\n","protected":false},"author":2,"featured_media":0,"comment_status":"open","ping_status":"open","sticky":false,"template":"","format":"standard","meta":{"_s2mail":"yes","footnotes":""},"categories":[57],"tags":[],"_links":{"self":[{"href":"http:\/\/www.emiliosilveravazquez.com\/blog\/wp-json\/wp\/v2\/posts\/6137"}],"collection":[{"href":"http:\/\/www.emiliosilveravazquez.com\/blog\/wp-json\/wp\/v2\/posts"}],"about":[{"href":"http:\/\/www.emiliosilveravazquez.com\/blog\/wp-json\/wp\/v2\/types\/post"}],"author":[{"embeddable":true,"href":"http:\/\/www.emiliosilveravazquez.com\/blog\/wp-json\/wp\/v2\/users\/2"}],"replies":[{"embeddable":true,"href":"http:\/\/www.emiliosilveravazquez.com\/blog\/wp-json\/wp\/v2\/comments?post=6137"}],"version-history":[{"count":0,"href":"http:\/\/www.emiliosilveravazquez.com\/blog\/wp-json\/wp\/v2\/posts\/6137\/revisions"}],"wp:attachment":[{"href":"http:\/\/www.emiliosilveravazquez.com\/blog\/wp-json\/wp\/v2\/media?parent=6137"}],"wp:term":[{"taxonomy":"category","embeddable":true,"href":"http:\/\/www.emiliosilveravazquez.com\/blog\/wp-json\/wp\/v2\/categories?post=6137"},{"taxonomy":"post_tag","embeddable":true,"href":"http:\/\/www.emiliosilveravazquez.com\/blog\/wp-json\/wp\/v2\/tags?post=6137"}],"curies":[{"name":"wp","href":"https:\/\/api.w.org\/{rel}","templated":true}]}}