{"id":6091,"date":"2012-08-11T07:00:18","date_gmt":"2012-08-11T06:00:18","guid":{"rendered":"http:\/\/www.emiliosilveravazquez.com\/blog\/?p=6091"},"modified":"2012-08-12T10:25:58","modified_gmt":"2012-08-12T09:25:58","slug":"%c2%bfel-tiempo-ese-escaso-bien","status":"publish","type":"post","link":"http:\/\/www.emiliosilveravazquez.com\/blog\/2012\/08\/11\/%c2%bfel-tiempo-ese-escaso-bien\/","title":{"rendered":"\u00bfEl Tiempo! Ese escaso bien"},"content":{"rendered":"<p>\u00bfQu\u00e9s es el Tiempo?<\/p>\n<p>&nbsp;<\/p>\n<p><a href=\"http:\/\/blogs.tudiscovery.com\/.a\/6a010535f2c8a4970c0147e229aca2970b-pi\"><img decoding=\"async\" title=\"Monopolos\" src=\"http:\/\/blogs.tudiscovery.com\/.a\/6a010535f2c8a4970c0147e229aca2970b-800wi\" alt=\"Monopolos\" border=\"0\" \/><\/a><\/p>\n<p>&nbsp;<\/p>\n<p style=\"text-align: justify;\">\u00a0\u00bfTranscurrir\u00eda el tiempo si viaj\u00e1ramos por los t\u00faneles del hiperespacio? Sabemos tan poco sobre \u00e9l que, no dejamos de preguntar: qu\u00e9 es el tiempo:<\/p>\n<p style=\"text-align: justify;\">Bueno, se podr\u00eda decir que es la dimensi\u00f3n que permite distinguir entre dos sucesos que ocurren en el mismo punto del espacio y que de otra forma ser\u00edan id\u00e9nticos. El intervalo entre dos de esos suscesos constituye la base de la realidad del tiempo. Claro que, para prop\u00f3sito m\u00e1s generales, nos agarramos a la rotaci\u00f3n de la Tierra sobre su eje que nos sirve para definir las unidades del reloj, es decir, el d\u00eda. Tambi\u00e9n la \u00f3rbita de la Tierra alrededor del Sol es utilizada por nosotros para definir las unidades del calendario que conforma un a\u00f1o. Para fines cient\u00edficos, los intervalos de tiempo son ahora definidos mediante la frecuencia de una radiaci\u00f3n electromagn\u00e9tica especificada (ya hemos hablado aqu\u00ed del reloj de Cesio).<\/p>\n<p style=\"text-align: justify;\">Claro que, en esto del Tiempo, no podemos estar seguros de nada, se nos puede acabar en cualquier momento y por cualquier causa inesperada. Los f\u00edsicos se refieren al tiempo de generaci\u00f3n para expresar el promedio transcurrido entre la emisi\u00f3n de un <a href=\"#\" onclick=\"referencia('neutron',event); return false;\">neutr\u00f3n<\/a> por fisi\u00f3n y la fisi\u00f3n producida por ese <a href=\"#\" onclick=\"referencia('neutron',event); return false;\">neutr\u00f3n<\/a>.<\/p>\n<p style=\"text-align: justify;\">Tambi\u00e9n tenemos el Tiempo que necesita un <a href=\"#\" onclick=\"referencia('foton',event); return false;\">fot\u00f3n<\/a> (viajando a la velocidad de la luz, c) para moverse a trav\u00e9s de una distancia igual a la Longitud de Planck, es decir, L<sub>p<\/sub> = \u221a(G<em>\u045b<\/em>\/h<sup>5<\/sup>), el valor de este Tiempo de Planck es del orden de 10<sup>-43<\/sup> segundos. En la cosmolog\u00eda del big-bang , hasta un T<sub>p<\/sub> despu\u00e9s del instante inicial, es necesario usar una teor\u00eda cu\u00e1ntica de la Gravedad para describir la evoluci\u00f3n del universo.<\/p>\n<p style=\"text-align: justify;\">El Tiempo de reverberaci\u00f3n se refiere al Tiempo necesario para que la densidad de energ\u00eda de un sonido que es 10<sup>6<\/sup> veces m\u00e1s potente que el umbral de audici\u00f3n disminuya hasta el propio umbral de audici\u00f3n, es decir,\u00a0 una disminuci\u00f3n de 60 decibelios. Es una caracter\u00edstica importante de un auditorio. El valor \u00f3ptimo es proporcional a las dimensiones lineales del auditorio.<\/p>\n<p style=\"text-align: justify;\"><img decoding=\"async\" title=\"M\u00e1s...\" src=\"http:\/\/www.emiliosilveravazquez.com\/blog\/wp-includes\/js\/tinymce\/plugins\/wordpress\/img\/trans.gif\" alt=\"\" \/><\/p>\n<p style=\"text-align: justify;\"><img decoding=\"async\" src=\"http:\/\/2.bp.blogspot.com\/_hD4RF6nojC0\/RtWzaYUFJfI\/AAAAAAAAAFU\/lRGI6juuzes\/s1600\/foucault.jpg\" alt=\"[foucault.jpg]\" border=\"0\" \/><\/p>\n<p style=\"text-align: justify;\">El tiempo, inexorable transcurre y las Sociedades cambian, llegan otras costumbres y tecnolog\u00edas que hace de nuestro mundo algo distinto, diferente de lo que nuestros ancestros conocieron y, as\u00ed, en alguna ocasi\u00f3n hemos dicho, por ejemplo: &#8220;Si <a href=\"#\" onclick=\"referencia('einstein',event); return false;\">Einstein<\/a> levantara la cabeza y viera la F\u00edsica de hoy&#8230;&#8221;<\/p>\n<p style=\"text-align: justify;\">Podemos hablar, en otra variedad del Tiempo de efem\u00e9rides en referencia a un sistema de tiempos que tiene un ritmo uniforme, al contrario de otros sistemas que se basan en la velocidad de rotaci\u00f3n de la Tierra que tiene irregularidades inherentes. Comienza a contar en un instante de 1900 cuando la longitud media del Sol era 279,696 677 8\u00ba. La unidad en la que se mide el Tiempo de efem\u00e9rides es el a\u00f1o tr\u00f3pico, que contiene 31 556 925,9747 segundos efem\u00e9rides. Esta definici\u00f3n fundamental del segundo fue reemplaza en 1964 por el segundo de Tiempo at\u00f3mico basado en el cesio.<\/p>\n<p style=\"text-align: justify;\"><img decoding=\"async\" loading=\"lazy\" id=\"yui_3_4_0_3_1316756584219_387\" src=\"http:\/\/farm4.static.flickr.com\/3179\/3049242525_85a27e8354_z.jpg\" alt=\"foto\" width=\"640\" height=\"441\" \/><\/p>\n<p style=\"text-align: justify;\">IC-434 Nebulosa de la Cabeza de Caballo. \u00bfObservais la enorme cantidad de estrellas nuevas masivas y azuladas que radian con fuerza en el ultravioleta ionixando todo el material de la regi\u00f3n. Es un lugar de incre\u00edble fuerza para la formaci\u00f3n de estrellas nuevas. \u00bfQui\u00e9n sabe lo que podr\u00e1 exisitr ah\u00ed dentro de un mill\u00f3n de a\u00f1os. Lo que s\u00ed sabemos es que, las estrellas necesitaron diez mil millones de a\u00f1os para hacer posible que nosotros, pudi\u00e9ramos estar aqu\u00ed, ahora, hablando de lo que el Tiempo es.<\/p>\n<p style=\"text-align: justify;\">Algunos hablan del Tiempo libre promedio transcurrido entre colisiones de mol\u00e9culas en un gas, <a href=\"#\" onclick=\"referencia('electron',event); return false;\">electrones<\/a> en un cristal, <a href=\"#\" onclick=\"referencia('neutron',event); return false;\">neutrones<\/a> en un moderador, etc. Sin embargo, en realidad se est\u00e1n refiriendo al recorrido libre medio que, de acuerdo con la teor\u00eda cin\u00e9tica, el recorrido libre medio entre colisiones de mol\u00e9culas de gas (asumiendo que son esferas r\u00edgidas) es 1 \u221a2n\u03c0 d<sup>2<\/sup>, como en n es proporcional a la presi\u00f3n del gas, el recorrido libre medio es inversamente proporcional a la presi\u00f3n.<\/p>\n<p style=\"text-align: justify;\">En la f\u00edsica cl\u00e1sica de Galileo y <a href=\"#\" onclick=\"referencia('newton',event); return false;\">Newton<\/a>, el Tiempo ten\u00eda un significado absoluto y pod\u00eda adoptarse en principio una escala de tiempo de manera que todos los observadores estuvieran de acuerdo con el instante en que ocurre cualquier suceso. Diferentes observadores ver\u00edan que el suceso ocurre en &#8220;tiempos&#8221; distintos, pero estas diferencias pod\u00edan explicarse por el tiempo de viaje de la luz desde el evento hasta el observador. Es m\u00e1s, en f\u00edsica cl\u00e1sica, esta escala de tiempo com\u00fan estaba sincronizada con la medida local del tiempo de cada observador, el &#8220;tiempo propio&#8221;. Todos los observadores estar\u00edan de acuerdo en que el tiempo de cualquier evento es el tiempo registrado por el reloj local.<\/p>\n<div style=\"text-align: justify;\"><img decoding=\"async\" src=\"http:\/\/2.bp.blogspot.com\/_ZUNFycUufDo\/TMr8cWXYAwI\/AAAAAAAAAIU\/TpygCwq_03U\/s1600\/20070717klphisuni_185_Ies_SCO.jpg\" alt=\"\" \/><\/div>\n<p style=\"text-align: justify;\">Dedujo <a href=\"#\" onclick=\"referencia('newton',event); return false;\">Newton<\/a> (al contemplar el efecto de la luz que pasa por un prisma) que la luz blanca corriente era una mezcla de varias luces que excitaban por separado nuestros ojos para producir las diversas sensaciones de colores.\u00a0 La amplia banda de sus componentes se denomin\u00f3 spectrum (palabra latina que significa \u201cespectro\u201d fantasma). Tambi\u00e9n nos habl\u00f3 de la Gravedad pero, del tiempo, se qued\u00f3 en silencio al no saber que decir.<\/p>\n<p style=\"text-align: justify;\">La teor\u00eda de <a href=\"#\" onclick=\"referencia('newton',event); return false;\">Newton<\/a> de la Gravedad aporta una descripci\u00f3n muy precisa del movimiento orbital dentro del Sistema Solar, permitiendo el c\u00e1lculo de la posici\u00f3n de un cuerpo en cualquier instante de Tiempo. Ya hemos hablado del Tiempo de Efem\u00e9rides que se contrapone al Tiempo Universal, que, como el Tiempo Sidereo se basa en la rotaci\u00f3n de la Tierra. El tiempo at\u00f3mico es finalmente el escogido por la Ciencia para tener una\u00a0m\u00e1s exacta noci\u00f3n de eso que hemos conformado como tiempo para poder regir nuestras vidas cotidianas en el devenir del planeta Tierra.<\/p>\n<p style=\"text-align: justify;\">Llleg\u00f3 Einsteon y en su teor\u00eda de la <a href=\"#\" onclick=\"referencia('relatividad',event); return false;\">relatividad<\/a>, el Tiempo aparece en las ecuaciones de la misma manera que las dimensiones espaciales. Incluso en la F\u00edsica newtoniana, estas dimensiones espaciales son relativas y tienen diferentes significados para distintos observadores. En <a href=\"#\" onclick=\"referencia('relatividad',event); return false;\">relatividad<\/a>, el Tiempo\u00a0tambi\u00e9n es relativo, de manera que cada observador mide su propio Tiempo propio, perdiendo el Tiempo su significado absoluto. Es todav\u00eda necesario, sin embargo, tener una versi\u00f3n global del Tiempo como medio de etiquetar sucesos acontecidos a lo largo del espacio y del tiempo. Esto lo suministra el Tiempo cooordinado, que es el tiempo propio de un observador espec\u00edficamente seleccionado.<\/p>\n<p style=\"text-align: justify;\">Con el fin de contemplar la existencia de efectos relativistas como la deflexi\u00f3n gravitacional de la luz, el TE (Tiempo de Efem\u00e9rides) fue reemplazado en 1984 por dos nuevas escalas din\u00e1micas de Tiempo. La primera de ellas es el Tiempo Terrestre (TT, conocido originalmente como tiempo Din\u00e1mico Terrestre). Se utiliza para calcular posiciones geoc\u00e9ntricas de los cuerpos del Sistema Solar, como las publicadas en The Astronomical Almanac. Es esencialmente el tiempo propio para cualquier observador al nivel del mar medio.<\/p>\n<p style=\"text-align: justify;\"><img decoding=\"async\" loading=\"lazy\" src=\"http:\/\/weedbrothers.files.wordpress.com\/2008\/03\/future.jpg?w=500\" alt=\"\" width=\"400\" height=\"300\" \/><\/p>\n<p style=\"text-align: justify;\">Con el paso del tiempo todo cambia: nosotros, las ciudades y los mundos&#8230;<\/p>\n<p style=\"text-align: justify;\">El Tiempo at\u00f3mico hemos dicho que\u00a0son escalas de Tiempo\u00a0utilizadas para medir de manera m\u00e1s precisa. Se basa en la frecuencia at\u00f3mica y es la m\u00e1s precisa y consistente disponible hoy en d\u00eda. La unidad fundamental es el segundo del <a href=\"#\" onclick=\"referencia('unidades del si',event); return false;\">SI<\/a> (Sistema Internacional) que se define a partir de una linea espectral particular del \u00e1tomo de cesio-133. La frecuencia de esta linea de microondas se adopta como 9 192 631 770 Hz y fue adoptado en enero de 1972.<\/p>\n<p style=\"text-align: justify;\">Claro que, adem\u00e1s, existen muchas otras &#8220;clases&#8221; de Tiempo\u00a0y, podr\u00edamos hablar del Tiempo at\u00f3mico Internacional, de Tiempo civil, de Tiempo coordinado, de crecimiento, de cruce, de integraci\u00f3n, de relajaci\u00f3n (en relaci\u00f3n a la \u00f3rbita de una estrella en un c\u00famulo), din\u00e1mico, din\u00e1mico bericentro, din\u00e1mico terrestre, tiempo de uso horario, est\u00e1ndar, tiempo local, Tiempo luz, tiempo medio, medio local, tiempo propio, sidereo, aparente, sidereo local, sidereo medio, Tiempo Solar, solar aparente, solar medio, tiempo terrestre, Tiempo Universal, Tiempo Universal Coordinado&#8230;<\/p>\n<p style=\"text-align: justify;\">Cada uno de estos &#8220;Tiempos&#8221; tienen sus propios significados que, en realidad, son aquellos que le ha querido dar el hombre para de esa manera, saber a qu\u00e9 Tiempo se est\u00e1n refiriendo en cada momento y en cada cuesti\u00f3n que se est\u00e9 tratando, pero, \u00bfqu\u00e9 es, en realidad el Tiempo?<\/p>\n<p style=\"text-align: justify;\"><img decoding=\"async\" loading=\"lazy\" src=\"http:\/\/4.bp.blogspot.com\/_D14xuoFVbrQ\/TDcgs6hffAI\/AAAAAAAAACo\/Ur1yaDqjNEk\/s1600\/16331.jpg\" alt=\"\" width=\"614\" height=\"461\" \/><\/p>\n<p style=\"text-align: justify;\">Conforme a la pregunta que formulamos, y\u00a0 a lo que arriba decimos, con el paso del tiempo se producen fen\u00f3menos y se ponen en marcha mecanismos que hacen posible que, la imagen que vemos, pueda ser posible gracias a la presencia de fuerzas que, aunque no las podamos ver, su presencia se hace patente por los resultados. Adem\u00e1s, \u00bfEn qu\u00e9 lugares estarmos en ese futuro lejano?<\/p>\n<p style=\"text-align: justify;\">El Tiempo es algo de la Naturaleza, no es nada que hayan ijnventado los hombres, y, ese es, el verdadero Tiempo que me gustar\u00eda conocer. Sin embargo, de ese Tiempo, siempre hemos o\u00eddo vaguedades y explicaciones escurridizas que nunca han explicado de manera satisfactoria, lo que el Tiempo es.<\/p>\n<p style=\"text-align: justify;\">Para nosotros, a nivel propio, nuestro tiempo comienza cuando nacemos y finaliza cuando morimos y, en ese trayecto, en eser corto espacio de &#8220;Tiempo&#8221; que se nos da a cada uno de nosotros, tenemos que <a href=\"#\" onclick=\"referencia('plasma',event); return false;\">plasma<\/a>r una sucesiones de hechos que conformaran nuestra propia historia.<\/p>\n<p style=\"text-align: justify;\"><img decoding=\"async\" loading=\"lazy\" src=\"http:\/\/www.nuevoordenmundial.es\/wp-content\/uploads\/2011\/05\/Ciudad-del-futuro.jpg\" alt=\"http:\/\/www.nuevoordenmundial.es\/wp-content\/uploads\/2011\/05\/Ciudad-del-futuro.jpg\" width=\"491\" height=\"394\" \/><\/p>\n<p style=\"text-align: justify;\">El tiempo, posiblemente, posibilit\u00e1 construir ciudades en el medio de los oc\u00e9anos e incluso, en otros planetas. Los campos de fuerza de Faraday han dado lugar a que, la imaginaci\u00f3n se desboque y corriendo hacia el futuro, haya imaginado inmensas ciudades que, situadas en lugares imposibles, sostienen sin problema a sus habitantes que, resguardados por un \u201ccampo de fuerza\u201d est\u00e1n al resguardo de cualquier peligro que del exterior les pueda venir<\/p>\n<p style=\"text-align: justify;\">Claro que, aunque en realidad el Tiempo siempre sea el mismo, en &#8220;nuestra realidad&#8221; siempre ser\u00e1 un Tiempo diferente para cada uno de nosotros y, depender\u00e1 su transcurrir de \u00a1tantas cosas! En momento felices veremos pasar el tiempo como un rayo, y, en los de dolor y tristeza, el tiempo ser\u00e1 eterno, nos parecer\u00e1 que no pasa, que no fluye, que est\u00e1 est\u00e1tico y congelado.<\/p>\n<p style=\"text-align: justify;\">Para resumir, al menos a m\u00ed me pasa, despu\u00e9s de hablar largamente del Tiempo y de muchas clases de &#8220;tiempos&#8221; que los humanos nos hemos inventado para cada cosa u ocasi\u00f3n, la \u00fanica verdad es que, el &#8220;verdadero Tiempo&#8221; sigue su discurrir oculto, no quiere que sepamos lo que es, y, lo \u00fanico que deja ver es que, siempre va acompa\u00f1ado por eso que hemos dado en llamar Entrop\u00eda, y, ese compa\u00f1ero, nos destruye, lo destruye todo a su paso.<\/p>\n<p style=\"text-align: justify;\">El Tiempo transcurre inexorable para siempre mientras que, todo lo dem\u00e1s, en el Universo que conocemos, se transforma y cambia, nace, vive y muere, mientras que \u00e9l, el Tiempo, nos mira y sonrie con esa mirada del sabio que sabe lo que todo es, siempre, desde el princio ha estado aqu\u00ed y, estar\u00e1 hasta el final, mientras que todo lo dem\u00e1s, habr\u00e1 desaparecido.<\/p>\n<p style=\"text-align: justify;\">\u00a1El Tiempo!\u00a0Un misterio por desvelar.<\/p>\n<p style=\"text-align: justify;\"><em>emilio silvera<\/em><\/p>\n<div class='bookmark'>\r\n\t\t<table align='left' border='0' cellpadding='0' width='100%'>\r\n\t\t<tr><td><span class='pushbutton'><a href='http:\/\/delicious.com\/post?url=http%3A%2F%2Fwww.emiliosilveravazquez.com%2Fblog%2F2012%2F08%2F11%2F%25c2%25bfel-tiempo-ese-escaso-bien%2F&amp;title=%C2%BFEl+Tiempo%21+Ese+escaso+bien' title='Delicious' target='_blank' rel='nofollow'><img src='http:\/\/www.emiliosilveravazquez.com\/blog\/wp-content\/plugins\/knxdt-bookmarks-wordpress-plugin\/images\/delicious.png'  alt='' class='book_img' border='none' style='margin:1px; padding: 0;'  \/><\/a><\/span><span class='pushbutton'><a href='http:\/\/digg.com\/submit?url=http%3A%2F%2Fwww.emiliosilveravazquez.com%2Fblog%2F2012%2F08%2F11%2F%25c2%25bfel-tiempo-ese-escaso-bien%2F&amp;title=%C2%BFEl+Tiempo%21+Ese+escaso+bien' title='Digg' target='_blank' rel='nofollow'><img src='http:\/\/www.emiliosilveravazquez.com\/blog\/wp-content\/plugins\/knxdt-bookmarks-wordpress-plugin\/images\/digg.png'  alt='' class='book_img' border='none' style='margin:1px; padding: 0;'  \/><\/a><\/span><span class='pushbutton'><a href='http:\/\/www.google.com\/bookmarks\/mark?op=edit&amp;bkmk=http%3A%2F%2Fwww.emiliosilveravazquez.com%2Fblog%2F2012%2F08%2F11%2F%25c2%25bfel-tiempo-ese-escaso-bien%2F&amp;title=%C2%BFEl+Tiempo%21+Ese+escaso+bien' title='Google' target='_blank' rel='nofollow'><img src='http:\/\/www.emiliosilveravazquez.com\/blog\/wp-content\/plugins\/knxdt-bookmarks-wordpress-plugin\/images\/google.png'   alt='' class='book_img' border='none' style='margin:1px; padding: 0;'  \/><\/a><\/span><span class='pushbutton'><a href='http:\/\/myweb2.search.yahoo.com\/myresults\/bookmarklet?u=http%3A%2F%2Fwww.emiliosilveravazquez.com%2Fblog%2F2012%2F08%2F11%2F%25c2%25bfel-tiempo-ese-escaso-bien%2F&amp;t=%C2%BFEl+Tiempo%21+Ese+escaso+bien' title='Yahoo' target='_blank' rel='nofollow'><img src='http:\/\/www.emiliosilveravazquez.com\/blog\/wp-content\/plugins\/knxdt-bookmarks-wordpress-plugin\/images\/yahoo.png'  alt='' class='book_img' border='none' style='margin:1px; padding: 0;'  \/><\/a><\/span><span class='pushbutton'><a href='http:\/\/www.technorati.com\/faves?add=http%3A%2F%2Fwww.emiliosilveravazquez.com%2Fblog%2F2012%2F08%2F11%2F%25c2%25bfel-tiempo-ese-escaso-bien%2F' title='Technorati' target='_blank' rel='nofollow'><img src='http:\/\/www.emiliosilveravazquez.com\/blog\/wp-content\/plugins\/knxdt-bookmarks-wordpress-plugin\/images\/technorati.png'  alt='' class='book_img' border='none' style='margin:1px; padding: 0;'  \/><\/a><\/span><span class='pushbutton'><a href='http:\/\/meneame.net\/submit.php?url=http%3A%2F%2Fwww.emiliosilveravazquez.com%2Fblog%2F2012%2F08%2F11%2F%25c2%25bfel-tiempo-ese-escaso-bien%2F' title='Meneame' target='_blank' rel='nofollow'><img src='http:\/\/www.emiliosilveravazquez.com\/blog\/wp-content\/plugins\/knxdt-bookmarks-wordpress-plugin\/images\/meneame.png'  alt='' class='book_img' border='none' style='margin:1px; padding: 0;'  \/><\/a><\/span><span class='pushbutton'><a href='http:\/\/enchilame.com\/submit.php?url=http:\/\/www.emiliosilveravazquez.com\/blog\/2012\/08\/11\/%c2%bfel-tiempo-ese-escaso-bien\/' target='_blank' rel='nofollow'><img title='Enchilame' src='http:\/\/www.emiliosilveravazquez.com\/blog\/wp-content\/plugins\/knxdt-bookmarks-wordpress-plugin\/images\/enchilame.png'  alt='' class='book_img' border='none' style='margin:1px; padding: 0;'  \/><\/a><\/span><span class='pushbutton'><a href='http:\/\/www.blinklist.com\/index.php?Action=Blink\/addblink.php&amp;Description=&amp;Url=http%3A%2F%2Fwww.emiliosilveravazquez.com%2Fblog%2F2012%2F08%2F11%2F%25c2%25bfel-tiempo-ese-escaso-bien%2F&amp;title=%C2%BFEl+Tiempo%21+Ese+escaso+bien' title='BlinkList' target='_blank' rel='nofollow'><img src='http:\/\/www.emiliosilveravazquez.com\/blog\/wp-content\/plugins\/knxdt-bookmarks-wordpress-plugin\/images\/blinklist.png'  alt='' class='book_img' border='none' style='margin:1px; padding: 0;'  \/><\/a><\/span><span class='pushbutton'><a href='http:\/\/reddit.com\/submit?url=http%3A%2F%2Fwww.emiliosilveravazquez.com%2Fblog%2F2012%2F08%2F11%2F%25c2%25bfel-tiempo-ese-escaso-bien%2F&amp;title=%C2%BFEl+Tiempo%21+Ese+escaso+bien' title='Reddit' target='_blank' rel='nofollow'><img src='http:\/\/www.emiliosilveravazquez.com\/blog\/wp-content\/plugins\/knxdt-bookmarks-wordpress-plugin\/images\/reddit.png'  alt='' class='book_img' border='none' style='margin:1px; padding: 0;'  \/><\/a><\/span><span class='pushbutton'><a href='http:\/\/www.tecnologiadiaria.com\/2009\/07\/abrir-com-hotmail-correo.html' target='_blank' title='hotmail'><img src='http:\/\/www.emiliosilveravazquez.com\/blog\/wp-content\/plugins\/knxdt-bookmarks-wordpress-plugin\/images\/linklove.png' alt='hotmail correo' class='book_img' border='none' style='margin:1px; padding: 0;' \/><\/a><\/span><span class='pushbutton'><a href='http:\/\/bitacoras.com\/votar\/anotacion\/externo\/mini\/www.emiliosilveravazquez.com\/blog\/2012\/08\/11\/%c2%bfel-tiempo-ese-escaso-bien\/' title='Bitacoras.com' target='_blank' rel='nofollow'><img src='http:\/\/www.emiliosilveravazquez.com\/blog\/wp-content\/plugins\/knxdt-bookmarks-wordpress-plugin\/images\/bitacoras.png'  alt='' class='book_img' border='none' style='margin:1px; padding: 0;'  \/><\/a><\/span><span class='pushbutton'><a href='http:\/\/www.wikio.es\/vote?url=http%3A%2F%2Fwww.emiliosilveravazquez.com%2Fblog%2F2012%2F08%2F11%2F%25c2%25bfel-tiempo-ese-escaso-bien%2F' title='Wikio' target='_blank' rel='nofollow'><img src='http:\/\/www.emiliosilveravazquez.com\/blog\/wp-content\/plugins\/knxdt-bookmarks-wordpress-plugin\/images\/wikio.png'   alt='' class='book_img' border='none' style='margin:1px; padding: 0;'   \/><\/a><\/span><span class='pushbutton'><a href='http:\/\/friendfeed.com\/?url=http%3A%2F%2Fwww.emiliosilveravazquez.com%2Fblog%2F2012%2F08%2F11%2F%25c2%25bfel-tiempo-ese-escaso-bien%2F&amp;title=%C2%BFEl+Tiempo%21+Ese+escaso+bien' title='Friend Feed' target='_blank' rel='nofollow'><img src='http:\/\/www.emiliosilveravazquez.com\/blog\/wp-content\/plugins\/knxdt-bookmarks-wordpress-plugin\/images\/friendfeed.png'  alt='' class='book_img' border='none' style='margin:1px; padding: 0;'  \/><\/a><\/span><span class='pushbutton'><a href='http:\/\/www.facebook.com\/share.php?u=http%3A%2F%2Fwww.emiliosilveravazquez.com%2Fblog%2F2012%2F08%2F11%2F%25c2%25bfel-tiempo-ese-escaso-bien%2F&amp;t=%C2%BFEl+Tiempo%21+Ese+escaso+bien' title='Facebook' target='_blank' rel='nofollow'><img src='http:\/\/www.emiliosilveravazquez.com\/blog\/wp-content\/plugins\/knxdt-bookmarks-wordpress-plugin\/images\/facebook.png'  alt='' class='book_img' border='none' style='margin:1px; padding: 0;'  \/><\/a><\/span><span class='pushbutton'><a href='http:\/\/twitter.com\/home?status=%C2%BFEl+Tiempo%21+Ese+escaso+bien: http%3A%2F%2Fwww.emiliosilveravazquez.com%2Fblog%2F2012%2F08%2F11%2F%25c2%25bfel-tiempo-ese-escaso-bien%2F' title='Twitter' target='_blank' rel='nofollow'><img src='http:\/\/www.emiliosilveravazquez.com\/blog\/wp-content\/plugins\/knxdt-bookmarks-wordpress-plugin\/images\/twitter.png'  alt='' class='book_img' border='none' style='margin:1px; padding: 0;'  \/><\/a><\/span><span class='pushbutton'><a href='http:\/\/www.feedburner.com\/fb\/a\/emailFlare?itemTitle=%C2%BFEl+Tiempo%21+Ese+escaso+bien&amp;uri=http%3A%2F%2Fwww.emiliosilveravazquez.com%2Fblog%2F2012%2F08%2F11%2F%25c2%25bfel-tiempo-ese-escaso-bien%2F' title='Enviar por Email' target='_blank' rel='nofollow'><img src='http:\/\/www.emiliosilveravazquez.com\/blog\/wp-content\/plugins\/knxdt-bookmarks-wordpress-plugin\/images\/email.png'  alt='' class='book_img' border='none' style='margin:1px; padding: 0;'  \/><\/a><\/span><span style='font-weight:bold; padding-left: 5px;'><a href='http:\/\/wordpress.org\/extend\/plugins\/knxdt-bookmarks-wordpress-plugin\/' title='Plugin' rel='nofollow' target='_blank'>[?]<\/a><\/span><\/td><\/tr><\/table><br\/><br\/><\/div>","protected":false},"excerpt":{"rendered":"<p>\u00bfQu\u00e9s es el Tiempo? &nbsp; &nbsp; \u00a0\u00bfTranscurrir\u00eda el tiempo si viaj\u00e1ramos por los t\u00faneles del hiperespacio? Sabemos tan poco sobre \u00e9l que, no dejamos de preguntar: qu\u00e9 es el tiempo: Bueno, se podr\u00eda decir que es la dimensi\u00f3n que permite distinguir entre dos sucesos que ocurren en el mismo punto del espacio y que de [&hellip;]<\/p>\n","protected":false},"author":2,"featured_media":0,"comment_status":"open","ping_status":"open","sticky":false,"template":"","format":"standard","meta":{"_s2mail":"yes","footnotes":""},"categories":[26],"tags":[],"_links":{"self":[{"href":"http:\/\/www.emiliosilveravazquez.com\/blog\/wp-json\/wp\/v2\/posts\/6091"}],"collection":[{"href":"http:\/\/www.emiliosilveravazquez.com\/blog\/wp-json\/wp\/v2\/posts"}],"about":[{"href":"http:\/\/www.emiliosilveravazquez.com\/blog\/wp-json\/wp\/v2\/types\/post"}],"author":[{"embeddable":true,"href":"http:\/\/www.emiliosilveravazquez.com\/blog\/wp-json\/wp\/v2\/users\/2"}],"replies":[{"embeddable":true,"href":"http:\/\/www.emiliosilveravazquez.com\/blog\/wp-json\/wp\/v2\/comments?post=6091"}],"version-history":[{"count":0,"href":"http:\/\/www.emiliosilveravazquez.com\/blog\/wp-json\/wp\/v2\/posts\/6091\/revisions"}],"wp:attachment":[{"href":"http:\/\/www.emiliosilveravazquez.com\/blog\/wp-json\/wp\/v2\/media?parent=6091"}],"wp:term":[{"taxonomy":"category","embeddable":true,"href":"http:\/\/www.emiliosilveravazquez.com\/blog\/wp-json\/wp\/v2\/categories?post=6091"},{"taxonomy":"post_tag","embeddable":true,"href":"http:\/\/www.emiliosilveravazquez.com\/blog\/wp-json\/wp\/v2\/tags?post=6091"}],"curies":[{"name":"wp","href":"https:\/\/api.w.org\/{rel}","templated":true}]}}