{"id":6076,"date":"2013-01-18T03:00:25","date_gmt":"2013-01-18T02:00:25","guid":{"rendered":"http:\/\/www.emiliosilveravazquez.com\/blog\/?p=6076"},"modified":"2013-01-18T10:34:13","modified_gmt":"2013-01-18T09:34:13","slug":"%c2%bfque-es-la-vida","status":"publish","type":"post","link":"http:\/\/www.emiliosilveravazquez.com\/blog\/2013\/01\/18\/%c2%bfque-es-la-vida\/","title":{"rendered":"\u00bfQu\u00e9 es la Vida?"},"content":{"rendered":"<p><img decoding=\"async\" loading=\"lazy\" src=\"http:\/\/2.bp.blogspot.com\/-az-rChkzpD4\/Tm9SUJr4G_I\/AAAAAAAAHMM\/iynnMNxF0Cg\/s1600\/m42_vargas.jpg\" alt=\"http:\/\/2.bp.blogspot.com\/-az-rChkzpD4\/Tm9SUJr4G_I\/AAAAAAAAHMM\/iynnMNxF0Cg\/s1600\/m42_vargas.jpg\" width=\"648\" height=\"504\" \/><\/p>\n<p>&nbsp;<\/p>\n<p style=\"text-align: justify;\"><strong>La gran Nebulosa (M42). En el Bazo de Ori\u00f3n, en su parte interna, est\u00e1 nuestro Sisterma Solar a 30.000 a.l. del Centro de la Galaxia. En esa zona tranquila, nuestro planeta situado a una distnacia adecuada del Sol, aloja la vida que, consciente, se pregunta c\u00f3mo pudo llegar hasta aqu\u00ed.<br \/>\n<\/strong><\/p>\n<p style=\"text-align: justify;\">\u00bfC\u00f3mo empez\u00f3 exactamente? \u00bfQu\u00e9 procesos f\u00edsicos y qu\u00edmicos pueden transformar la materia \u201cinerte\u201d hasta constituirse en un organismo vivo? Est\u00e1 claro que, contestar a cualquiera de estas preguntas no resulta nada f\u00e1cil y, el peliagudo problema, persiste en nuestros d\u00edas como uno de los m\u00e1s importantes retos con los que se enfrentan los cient\u00edficos.<\/p>\n<p style=\"text-align: justify;\">Siendo un tema que siempre me ha fascinado, he le\u00eddo cuanto en relaci\u00f3n a ella ha ca\u00eddo en mis manos, y, verdaderos ej\u00e9rcitos de qu\u00edmicos, bi\u00f3logos, astr\u00f3nomos, astrof\u00edsicos y hasta matem\u00e1ticos se han visto implicados en el estudio de su origen y han tratado de abrirse camino hacia ese comienzo remoto de aquella primera c\u00e9lula replicante. No en pocos casos, algunos llegaron a pensar que, el Universo, o, mejor la Naturaleza, ten\u00eda ama\u00f1ados los par\u00e1metros y las leyes a favor de la vida que, en circunstancias inauditas, se hace presente en contra de toda l\u00f3gica.<\/p>\n<p style=\"text-align: justify;\">\n<p style=\"text-align: justify;\">\u00a0<img decoding=\"async\" src=\"http:\/\/2.bp.blogspot.com\/_hA_491tXd5k\/THJf2ngPHqI\/AAAAAAAAAA4\/sAF-JLzx6IQ\/s1600\/ovnisadentro.jpg.210.0.thumb\" alt=\"\" \/><\/p>\n<p style=\"text-align: justify;\">\u00a0 \u00a1La Vida! puede estar presente en t\u00e1ntos mundos<\/p>\n<p style=\"text-align: justify;\">\n<p style=\"text-align: justify;\">Muchos son ya los que piensan que la Vida, en sus m\u00faltiples formas, puede estar presente, no ya en la Tierra, sino en cualquier lugar del Universo y, si me apur\u00e1is mucho, a no tardar podr\u00eda aparecer en alg\u00fan tubo de ensayo. Si eso es as\u00ed (como creo que lo es), significar\u00eda que la Vida formar\u00eda parte de un Orden Natural y que nosotros, no estamos tan solos como algunos creen.<\/p>\n<p style=\"text-align: justify;\">Esta manera de ver y entender la presencia de la Vida en el Universo, al ser expuesta por m\u00ed en muchas ocasiones y lugares, no ha dejado de encontrar una enconada r\u00e9plica de parte de la religi\u00f3n (con la que no quiero cuentas y pienso que, cada cual es libre de pensar y tener sus creencias que, respeto como a las m\u00edas propias), es bien conocida la tesis de que la Vida es fruto de un universo concebido para contener criaturas vivas y, aunque muchos cient\u00edficos puedan despreciar tales ideas, e insisten en que el origen de la vida fue un accidente an\u00f3malo de la qu\u00edmica que s\u00f3lo se dio en la Tierra y que, organismos complejos (entre los que est\u00e1n los seres conscientes como nosotros), es, as\u00ed mismo, el resultado fortuito de un Azar, o, de una \u201cLoter\u00eda C\u00f3smica\u201d que vino a caernos, precisamente, en este planeta.<\/p>\n<p style=\"text-align: justify;\">Claro que, pensar eso a estas alturas, no parece ni l\u00f3gico ni racional. Ayer mismo dejaba aqu\u00ed expuesto en uno de los trabajos (<strong>Un breve recorrido por el comienzo<\/strong>), lo que piensan los astr\u00f3nomos de c\u00f3mo se form\u00f3 el Universo, evolucion\u00f3 la materia y surgieron las leyes que todo lo rigen y, aquella sopa primordial de <a href=\"#\" onclick=\"referencia('proton',event); return false;\">protones<\/a>, <a href=\"#\" onclick=\"referencia('neutron',event); return false;\">neutrones<\/a> y <a href=\"#\" onclick=\"referencia('electron',event); return false;\">electrones<\/a>, ba\u00f1ada en\u00a0 radiaci\u00f3n a una temperatura de diez mil millones de grados en un universo homog\u00e9neo y sim\u00e9trico que, comparado con los patrones actuales, difiere al haber evolucionado hasta una asimetr\u00eda que, ha tra\u00eddo la diversidad en el material c\u00f3smico disperso por todo el espacio. La materia, descompuesta en sus constituyentes b\u00e1sicos por el tremendo calor reinante, estaba en un estado de tremenda simplicidad. Si fuese posible volver hacia atr\u00e1s en el tiempo, contemplar aquel panorama y emitir un veredicto sobre el futuro, no creo, que ning\u00fan observador hubiera podido conjeturar a partir de aquel estado presente lo que m\u00e1s tarde, con el paso de m\u00e1s de diez mil millones de a\u00f1os, suceder\u00eda, y, desde luego, no podr\u00eda haberse percatado de las inmensas potenciales que estaban presentes en aquel universo temprano.<\/p>\n<p style=\"text-align: justify;\">\n<p style=\"text-align: justify;\">\n<div><img decoding=\"async\" src=\"http:\/\/1.bp.blogspot.com\/-6KxWm0Z-kLk\/Two14sLtOPI\/AAAAAAAAAYk\/iTt-2U9Z3o4\/s1600\/estrellas1.jpg\" alt=\"\" \/><\/div>\n<p>cientos de miles de millones de estrellas fulgurantes<\/p>\n<p>&nbsp;<\/p>\n<p style=\"text-align: justify;\">Ninguna clave pod\u00eda desvelar que, algunos miles de a\u00f1os despu\u00e9s, billones de estrellas fulgurantes, se organizar\u00edan en miles de millones de galaxias espirales repartidas por todo el Universo; que aparecer\u00edan multitud de mundos, cristales, nubes y oc\u00e9anos, monta\u00f1as y glaciares y que, al menos uno de esos planetas (es lo que sabemos de momento) ser\u00eda habitado por plantas y \u00e1rboles y, sobre todo, por bacterias que, durante miles de millones de a\u00f1os, cambiaron la faz de la Tierra y transformaron su atm\u00f3sfera, m\u00e1s tarde, aparecieron peces en los oc\u00e9anos y diversos animales en tierra y, finalmente, se pudieron o\u00edr sonidos guturales, gemidos y risas. Nada de todo eso podr\u00eda haber sido predicho al ver aquel universo primero.<\/p>\n<p style=\"text-align: justify;\">Ya hemos contado aqu\u00ed muchas veces c\u00f3mo se expandi\u00f3 y enfri\u00f3 el Universo desde el Comienzo del Tiempo y del Espacio para que, algunas estrellas explotaran y crearan Nebulosas y mundos a partir de materiales m\u00e1s complejos y ricos de los que, con el tiempo y bajo las condiciones adecuadas, surgi\u00f3 la vida en los mundos (digo los mundos por el simple hecho de que, me niego rotundamente a que s\u00f3lo sea la Tierra, el \u00fanico planeta con vida de todo el Universo) que, repartidos a lo largo y lo ancho de un inmenso Cosmos, proliferan a cientos de miles de millones como probables hogares de criaturas que s\u00f3lo podemos imaginar.<\/p>\n<p style=\"text-align: justify;\">As\u00ed que, el tiempo pasaba mientras cosas maravillosas emerg\u00edan por todas partes: <a href=\"#\" onclick=\"referencia('agujero negro',event); return false;\">agujeros negros<\/a> monstruosos tan masivos como miles de millones de soles que, engull\u00edan estrellas y arrojaban chorros de gases, estrellas masivas que explotaban en Supernovas y, dejando inmensas regiones de espacio interestelar regados de gases y polvo estelar, dejaba en el centro el resultado final que, no era otra cosa que una estrella de <a href=\"#\" onclick=\"referencia('neutron',event); return false;\">neutrones<\/a> que, asombrosamente, giraba miles de veces cada segundo, como si de un faro c\u00f3smico se tratara y que est\u00e1 compuesta por <a href=\"#\" onclick=\"referencia('neutron',event); return false;\">neutrones<\/a> que est\u00e1 comprimida hasta una densidad de mil millones de toneladas por cent\u00edmetro c\u00fabico; part\u00edculas subat\u00f3micas tan esquivas que pod\u00edan atravesar una capa de plomo de a\u00f1os-luz de espesor, Ondas Gravitatorias fantasmales surgidas de los <a href=\"#\" onclick=\"referencia('agujero negro',event); return false;\">agujeros negros<\/a> rotatorios y que no dejan ninguna huella discernible que podamos medir (de momento) y, de entre todas esas maravillas y, muchas m\u00e1s, es el fen\u00f3meno de la Vida el m\u00e1s notable que surgi\u00f3 del Universo, nada de lo anteriormente relacionado, a\u00fan siendo maravilloso, puede ser comparado con la magnificencia que la vida es. Y, desde luego, el surgir de la vida, cambi\u00f3 por completo el concepto que del Universo se pudiera tener, ya que, pasar de \u201calgo inerte\u201d a lo que conocemos como \u201cVida\u201d ha sido un salto tan grande en la evoluci\u00f3n de la materia que, se podr\u00eda pensar que \u00e9sta, alcanz\u00f3 uno de sus mayores niveles.<\/p>\n<p style=\"text-align: justify;\">\n<p style=\"text-align: justify;\">\n<div id=\"gsImageView\"><img decoding=\"async\" loading=\"lazy\" src=\"http:\/\/www.astrored.org\/astrofotos\/d\/3680-1\/ngc290_hst.jpg\" alt=\"El c\u00famulo abierto NGC 290: un joyero estelar\" longdesc=\"M\u00e1s informaci\u00f3n en http:\/\/observatorio.info\/2006\/05\/el-cumulo-abierto-ngc-290-un-joyero-estelar\" width=\"800\" height=\"600\" \/><\/div>\n<p style=\"text-align: justify;\">\n<p style=\"text-align: justify;\">Nuevas estrellas, vientos estelares, radiaci\u00f3n, energ\u00edas, estrellas de meutrones, <a href=\"#\" onclick=\"referencia('pulsar',event); return false;\">p\u00falsares<\/a> y <a href=\"#\" onclick=\"referencia('agujero negro',event); return false;\">agujeros negros<\/a>. Tambi\u00e9n, mediante la evoluci\u00f3n del Universo, se producen cambios a partir del material primario que se constituye en estrellas dentro de cuyos hornos nucleares, se fabrican &#8220;los ladrillos&#8221; necesarios para la Vida.<\/p>\n<p style=\"text-align: justify;\">He dicho, queriendo, uno de sus mayores niveles, toda vez que, firmemente creo que, la vida consciente est\u00e1 simplemente en un estadio intermedio y que, seguir\u00e1 evolucionando hacia cotas mayores que, de conocerlas ahora, ser\u00eda el asombro de todos.<\/p>\n<p style=\"text-align: justify;\">Muchos libros he le\u00eddo del origen de la vida y de la biog\u00e9nesis y, dentro de lo que he podido, he tratado de seguir aquellos pensamientos dispersos por el mundo sobre el tema de la vida, e, incluso, me he sumergido (m\u00e1s de una vez) en novelas de ciencia ficci\u00f3n que nos hablaban de estos temas con cierta fantas\u00eda pero, en el fondo, siempre conten\u00edan mensajes de verdad.<\/p>\n<p style=\"text-align: justify;\">Recuerdo aqu\u00ed aquella novela del gran Fred Hoyle: <strong>La Nube Negra<\/strong>. La llegada a nuestro Sistema solar de una gran nube de gas procedente del espacio interestelar. De esas Nubes hemos tenido muchas visitas por aqu\u00ed, las hemos llamado Nebulosas y hemos tratado de contar y explicar lo que en ellas est\u00e1 presente. Y, efectivamente, Hoyle, introduc\u00eda en su novela la idea de que, la nube, pod\u00eda estar \u201cviva\u201d. \u00bfC\u00f3mo puede estar viva una nube? S\u00ed, todos sabemos que las nubes de gas se rigen por las leyes de la f\u00edsica y, en ellas, se producen importantes acontecimientos y cambios de fases cuyo resultado es, transformar elementos simples en complejos y, tales cambios ha llevado a que, en ellas, sean detectados elementos y \u00e1tomos que, de ninguna manera deber\u00edan estar ah\u00ed. No parec\u00eda m\u00e1s que, esas nubes, tengan vida propia.<\/p>\n<p style=\"text-align: justify;\">\n<p style=\"text-align: justify;\">\n<p style=\"text-align: justify;\"><img decoding=\"async\" loading=\"lazy\" src=\"http:\/\/www.astronoo.com\/images\/images_nebuleuses\/Orion.jpg\" alt=\"http:\/\/www.astronoo.com\/images\/images_nebuleuses\/Orion.jpg\" width=\"721\" height=\"541\" \/><\/p>\n<p style=\"text-align: justify;\">\n<p style=\"text-align: justify;\">\n<p style=\"text-align: justify;\">Esta misma podr\u00eda ser la Nube Negra de Hoyle. En realidad, una inmensa Nebulosa Molecular con los ingredientes para la Vida<\/p>\n<p style=\"text-align: justify;\">Pero, no debemos olvidar algo importante: todos los organismos obedecen a las leyes de la F\u00edsica y, la brillante idea de Hoyle consisti\u00f3 en utilizar ese ejemplo en una nube para exponer dicha paradoja de la manera m\u00e1s cruda. \u00c9l, gran astrof\u00edsico, sab\u00eda bien de las transformaciones que en esas nubes se producen y tambi\u00e9n sab\u00eda que, en ellas, est\u00e1n presentes los materiales necesarios para la vida, esos que, en su conjunto, hemos llamado CHON (Carbono, Hidr\u00f3geno, Ox\u00edgeno y Nitr\u00f3geno).<\/p>\n<p style=\"text-align: justify;\">Por aquellos tiempos, all\u00e1 por los a\u00f1os setenta, cuando le\u00ed la obra de Hoyle, me dej\u00f3 profundamente impresionado y, aunque no pose\u00eda a\u00fan, los pocos conocimientos que sobre el tema tengo hoy, llegu\u00e9 a comprender el mensaje de que, la Vida, pod\u00eda estar presente en\u2026casi cualquier parte. Como por otra parte, resulta ser.<\/p>\n<p style=\"text-align: justify;\">As\u00ed, segu\u00ed leyendo sobre el tema y lo mismo Brandon Carter que Schr\u00f6dinger, me surtieron de buen material para poder adentrarme en esos dif\u00edciles caminos del origen de la vida y de su presencia aqu\u00ed, en la Tierra.<\/p>\n<p style=\"text-align: justify;\">Carter, se alejaba de posibles problemas y soslay\u00f3 hablar acerca de en qu\u00e9 consiste la vida o c\u00f3mo comenz\u00f3. Carter planteaba la pregunta: \u00bfQu\u00e9 propiedades debe contener el universo para que pueda existir una vida de cualquier tipo? \u00c9l hacia un alarde imaginaci\u00f3n y dec\u00eda: \u201cSupongamos que podemos cambiar las condiciones iniciales del universo \u00bfhasta qu\u00e9 punto se podr\u00edan alterar las leyes b\u00e1sicas o las estructuras de la Naturaleza sin que dejara de admitir la presencia de la vida? Pon\u00eda el ejemplo sencillo de que el universo tal como lo conocemos requiere elementos qu\u00edmicos, en especial Carbono. Pero pocos \u00e1tomos de Carbono se crearon en el <a href=\"#\" onclick=\"referencia('big bang',event); return false;\">Big Bang<\/a>, la mayor\u00eda fueron fabricados en el interior de las estrellas y, parad\u00f3jicamente, fue Fred Hoyle el que encontr\u00f3 el proceso de dicha fabricaci\u00f3n que, era un asunto delicado y muy complejo, dif\u00edcil de entender y que tra\u00eda a los astrof\u00edsicos del mundo de cabeza dada la complejidad que conlleva dicha din\u00e1mica de la producci\u00f3n del Carbono que, finalmente, se llam\u00f3 el proceso triple Alfa, que depende de manera muy precisa del proceso presente en las fuerzas nucleares que hace posible el surgir del Carbono a partir de materiales m\u00e1s sencillos.<\/p>\n<p style=\"text-align: justify;\">\n<div><a title=\"Diagrama del proceso triple-\u03b1\" href=\"http:\/\/es.wikipedia.org\/wiki\/Archivo:Triple-Alpha_Process.svg\"><img decoding=\"async\" loading=\"lazy\" src=\"http:\/\/upload.wikimedia.org\/wikipedia\/commons\/thumb\/5\/5d\/Triple-Alpha_Process.svg\/350px-Triple-Alpha_Process.svg.png\" alt=\"Diagrama del proceso triple-\u03b1\" width=\"350\" height=\"233\" \/><\/a><\/div>\n<p style=\"text-align: justify;\">El <strong>proceso triple alfa<\/strong> es el proceso por el cual tres n\u00facleos de helio (<a href=\"#\" onclick=\"referencia('particula alfa',event); return false;\">part\u00edculas alfa<\/a>) se transforman en Carbono<\/p>\n<p style=\"text-align: justify;\">Siendo eso as\u00ed (que lo es), cambiar las leyes b\u00e1sicas nucleares del universo y \u00e9ste, tendr\u00eda poco a nada de ese preciado material que llamamos carbono y que es, como sabemos, la base de la vida que en la Tierra est\u00e1 presente.<\/p>\n<p style=\"text-align: justify;\">Las ideas de Carter llegaron a conocerse como \u201cel principio antr\u00f3pico\u201d, y suger\u00edan de forma audaz, que la misma existencia de la vida es un asunto incierto, una consecuencia de ciertas y felices coincidencias en la estructura matem\u00e1tica subyacente al universo.<\/p>\n<p style=\"text-align: justify;\">Por provocativo que resultara el art\u00edculo de Carter, dejaba sin explicar, el secreto de la vida. Despu\u00e9s de aquello, pude adentrarme en la lectura de un peque\u00f1o librito: \u00bfQu\u00e9 es la vida?, estaba escrito por el F\u00edsico Eewin Schr\u00f6dinger que parec\u00eda abordar el mismo problema pero \u00e9l, trataba de explicar por qu\u00e9 los organismos biol\u00f3gicos parecen tan misteriosos desde el punto de vista de la f\u00edsica. El libro, hab\u00eda alcanzado una enorme influencia en su momento, en aquellos primeros d\u00edas de la disciplina de Biolog\u00eda Molecular.<\/p>\n<p style=\"text-align: justify;\">Claro que, el libro, planteaba m\u00e1s preguntas de las que respond\u00eda, estaba claro que, para el autor, el problema de \u201cbiog\u00e9nesis\u201d era muy dif\u00edcil de entender. Muchos antes y despu\u00e9s que ellos, han tratado sobre el tema y, es innegable que los avances han sido grandes. Sin embargo, grandes no significa maravillosos, sino que, simplemente, los podr\u00edamos dejar en aceptables, toda vez que, en el problema de la vida est\u00e1 implicado algo de una complejidad que, posiblemente, s\u00f3lo la del universo se le podr\u00eda comparar: La Mente.<\/p>\n<p style=\"text-align: justify;\">\n<div><img decoding=\"async\" src=\"http:\/\/lh3.ggpht.com\/_vmAcvInAioQ\/TTNxkCp7ajI\/AAAAAAAAAiM\/NJy8itzkBHE\/s1600\/hawking-aliens-09%5B3%5D.jpg\" alt=\"[hawking-aliens-09[3].jpg]\" border=\"0\" \/><\/div>\n<p style=\"text-align: justify;\">\n<p style=\"text-align: justify;\">Sobre el misterio de la Vida, muchas son las cosas que se han dicho y las que se seguir\u00e1n diciendo: Su origen\u2026es incierto, y, sin ninguna duda, lo podemos clasificar como la mayor maravilla que en el universo est\u00e1 presente, ya que, muchas han sido las coincidencias que han tenido que estar presentes para que, la Vida, pudiera surgir y se pusiera en marcha evolucionando hacia la consciencia.<\/p>\n<p style=\"text-align: justify;\">Mi padre, de familia de marineros y marinero \u00e9l tambi\u00e9n. Cuando pod\u00eda, me llevaba en su barca de Vela Latina (las he visto deslizarse suavemente por el Nilo), me llevaba por el R\u00edo Odiel hasta el embarcadero del Monasterio de La R\u00e1bida, ese lugar en el que, los franciscanos, acogieron a Col\u00f3n y a su hijo antes de que partiera para la Am\u00e9ricas. En mi mente de ni\u00f1o so\u00f1ador (aquellas lecturas de Homero y otros me abr\u00edan la mente hacia mundos lejanos), mientras miraba las tranquilas aguas que brillaban al recibir los rayos del Sol, me transportaba a otros mundos, a otros lugares en los que, unas veces fant\u00e1sticos animales y seres me acog\u00edan y otras, en las que, extra\u00f1os escenarios de mares violetas y soles azules y verdes, me hac\u00edan sentir en otra dimensi\u00f3n. En uno de esos mundos, me acerqu\u00e9 a la orilla del Oc\u00e9ano, la arena era de maravilloso polvo dorado que se pegaba a la piel y, las olas, llegaban suaves hasta la orilla y cuando ba\u00f1aban aquel dorado material, \u00e9ste se convert\u00eda en peque\u00f1os seres que se retorc\u00edan, amontonados en una mara\u00f1a de incre\u00edble nudosidad.<\/p>\n<p style=\"text-align: justify;\">\n<p style=\"text-align: justify;\">\n<p><img decoding=\"async\" loading=\"lazy\" src=\"http:\/\/lh3.ggpht.com\/_o9BLyKHDLd8\/TCRWjLHOvwI\/AAAAAAAAAxM\/FgLsh2JMoOk\/s1600\/o_Universo3yhumanos3.jpg\" alt=\"[o_Universo3yhumanos3.jpg]\" width=\"533\" height=\"350\" border=\"0\" \/><\/p>\n<p>\u00a1Otros mundos! \u00a1Otras Tierras! pero, \u00bfde difentes maneras?<\/p>\n<p>&nbsp;<\/p>\n<p style=\"text-align: justify;\">All\u00ed reinaba el silencio, todo era suave y, al contrario que en la Tierra, los ruidos estaban ausentes. Extra\u00f1o mundo aquel y, cuando parec\u00eda que, a lo lejos, algo se mov\u00eda hacia m\u00ed, la voz de mi padre me transport\u00f3 de nuevo a nuestro mundo.<\/p>\n<p style=\"text-align: justify;\">&#8211;\u00a0\u00a0\u00a0\u00a0\u00a0\u00a0\u00a0\u00a0 \u00bfHas visto que Sargo ha saltado por babor? (aqu\u00ed Kike me dijo que los sargos no saltan).<\/p>\n<p style=\"text-align: justify;\">&#8211;\u00a0\u00a0\u00a0\u00a0\u00a0\u00a0\u00a0\u00a0 No, estaba distra\u00eddo.<\/p>\n<p style=\"text-align: justify;\">&#8211;\u00a0\u00a0\u00a0\u00a0\u00a0\u00a0\u00a0\u00a0 Pues espera y ver\u00e1s como de nuevo se deja ver.<\/p>\n<p style=\"text-align: justify;\">Y, efectivamente, aquel sargo juguet\u00f3n, como me pasaba a m\u00ed, quer\u00eda dejar, por un momento \u201csu mundo\u201d para venir al m\u00edo. Salt\u00f3 y sus doradas escamas brillaron, mojadas, a la luz del Sol.<\/p>\n<p style=\"text-align: justify;\">En aquellas sencillas escenas guardo el recuerdo de mi padre, hombre humilde y trabajador que, a su manera, entregaba todo el amor del mundo por su familia. Aunque taciturno y poco hablador, sus hechos le delataban y, con claridad pod\u00eda ver, a\u00fan en mi corta edad, donde estaban sus prioridades. Todo aquello, me sirvi\u00f3 de escuela para entender el proceder humano que, en la familia tiene lo m\u00e1s importante de sus vidas.<\/p>\n<p style=\"text-align: justify;\">Y, hablando de vida, he dejado el tema que trataba a un lado, los recuerdos de otros tiempos me arrastraron hasta el r\u00edo Odiel y revivieron en m\u00ed, escenas que, no cambiar\u00eda por nada.<\/p>\n<p style=\"text-align: justify;\">emilio silvera<\/p>\n<div class='bookmark'>\r\n\t\t<table align='left' border='0' cellpadding='0' width='100%'>\r\n\t\t<tr><td><span class='pushbutton'><a href='http:\/\/delicious.com\/post?url=http%3A%2F%2Fwww.emiliosilveravazquez.com%2Fblog%2F2013%2F01%2F18%2F%25c2%25bfque-es-la-vida%2F&amp;title=%C2%BFQu%C3%A9+es+la+Vida%3F' title='Delicious' target='_blank' rel='nofollow'><img src='http:\/\/www.emiliosilveravazquez.com\/blog\/wp-content\/plugins\/knxdt-bookmarks-wordpress-plugin\/images\/delicious.png'  alt='' class='book_img' border='none' style='margin:1px; padding: 0;'  \/><\/a><\/span><span class='pushbutton'><a href='http:\/\/digg.com\/submit?url=http%3A%2F%2Fwww.emiliosilveravazquez.com%2Fblog%2F2013%2F01%2F18%2F%25c2%25bfque-es-la-vida%2F&amp;title=%C2%BFQu%C3%A9+es+la+Vida%3F' title='Digg' target='_blank' rel='nofollow'><img src='http:\/\/www.emiliosilveravazquez.com\/blog\/wp-content\/plugins\/knxdt-bookmarks-wordpress-plugin\/images\/digg.png'  alt='' class='book_img' border='none' style='margin:1px; padding: 0;'  \/><\/a><\/span><span class='pushbutton'><a href='http:\/\/www.google.com\/bookmarks\/mark?op=edit&amp;bkmk=http%3A%2F%2Fwww.emiliosilveravazquez.com%2Fblog%2F2013%2F01%2F18%2F%25c2%25bfque-es-la-vida%2F&amp;title=%C2%BFQu%C3%A9+es+la+Vida%3F' title='Google' target='_blank' rel='nofollow'><img src='http:\/\/www.emiliosilveravazquez.com\/blog\/wp-content\/plugins\/knxdt-bookmarks-wordpress-plugin\/images\/google.png'   alt='' class='book_img' border='none' style='margin:1px; padding: 0;'  \/><\/a><\/span><span class='pushbutton'><a href='http:\/\/myweb2.search.yahoo.com\/myresults\/bookmarklet?u=http%3A%2F%2Fwww.emiliosilveravazquez.com%2Fblog%2F2013%2F01%2F18%2F%25c2%25bfque-es-la-vida%2F&amp;t=%C2%BFQu%C3%A9+es+la+Vida%3F' title='Yahoo' target='_blank' rel='nofollow'><img src='http:\/\/www.emiliosilveravazquez.com\/blog\/wp-content\/plugins\/knxdt-bookmarks-wordpress-plugin\/images\/yahoo.png'  alt='' class='book_img' border='none' style='margin:1px; padding: 0;'  \/><\/a><\/span><span class='pushbutton'><a href='http:\/\/www.technorati.com\/faves?add=http%3A%2F%2Fwww.emiliosilveravazquez.com%2Fblog%2F2013%2F01%2F18%2F%25c2%25bfque-es-la-vida%2F' title='Technorati' target='_blank' rel='nofollow'><img src='http:\/\/www.emiliosilveravazquez.com\/blog\/wp-content\/plugins\/knxdt-bookmarks-wordpress-plugin\/images\/technorati.png'  alt='' class='book_img' border='none' style='margin:1px; padding: 0;'  \/><\/a><\/span><span class='pushbutton'><a href='http:\/\/meneame.net\/submit.php?url=http%3A%2F%2Fwww.emiliosilveravazquez.com%2Fblog%2F2013%2F01%2F18%2F%25c2%25bfque-es-la-vida%2F' title='Meneame' target='_blank' rel='nofollow'><img src='http:\/\/www.emiliosilveravazquez.com\/blog\/wp-content\/plugins\/knxdt-bookmarks-wordpress-plugin\/images\/meneame.png'  alt='' class='book_img' border='none' style='margin:1px; padding: 0;'  \/><\/a><\/span><span class='pushbutton'><a href='http:\/\/enchilame.com\/submit.php?url=http:\/\/www.emiliosilveravazquez.com\/blog\/2013\/01\/18\/%c2%bfque-es-la-vida\/' target='_blank' rel='nofollow'><img title='Enchilame' src='http:\/\/www.emiliosilveravazquez.com\/blog\/wp-content\/plugins\/knxdt-bookmarks-wordpress-plugin\/images\/enchilame.png'  alt='' class='book_img' border='none' style='margin:1px; padding: 0;'  \/><\/a><\/span><span class='pushbutton'><a href='http:\/\/www.blinklist.com\/index.php?Action=Blink\/addblink.php&amp;Description=&amp;Url=http%3A%2F%2Fwww.emiliosilveravazquez.com%2Fblog%2F2013%2F01%2F18%2F%25c2%25bfque-es-la-vida%2F&amp;title=%C2%BFQu%C3%A9+es+la+Vida%3F' title='BlinkList' target='_blank' rel='nofollow'><img src='http:\/\/www.emiliosilveravazquez.com\/blog\/wp-content\/plugins\/knxdt-bookmarks-wordpress-plugin\/images\/blinklist.png'  alt='' class='book_img' border='none' style='margin:1px; padding: 0;'  \/><\/a><\/span><span class='pushbutton'><a href='http:\/\/reddit.com\/submit?url=http%3A%2F%2Fwww.emiliosilveravazquez.com%2Fblog%2F2013%2F01%2F18%2F%25c2%25bfque-es-la-vida%2F&amp;title=%C2%BFQu%C3%A9+es+la+Vida%3F' title='Reddit' target='_blank' rel='nofollow'><img src='http:\/\/www.emiliosilveravazquez.com\/blog\/wp-content\/plugins\/knxdt-bookmarks-wordpress-plugin\/images\/reddit.png'  alt='' class='book_img' border='none' style='margin:1px; padding: 0;'  \/><\/a><\/span><span class='pushbutton'><a href='http:\/\/www.tecnologiadiaria.com\/2009\/07\/abrir-com-hotmail-correo.html' target='_blank' title='hotmail'><img src='http:\/\/www.emiliosilveravazquez.com\/blog\/wp-content\/plugins\/knxdt-bookmarks-wordpress-plugin\/images\/linklove.png' alt='hotmail correo' class='book_img' border='none' style='margin:1px; padding: 0;' \/><\/a><\/span><span class='pushbutton'><a href='http:\/\/bitacoras.com\/votar\/anotacion\/externo\/mini\/www.emiliosilveravazquez.com\/blog\/2013\/01\/18\/%c2%bfque-es-la-vida\/' title='Bitacoras.com' target='_blank' rel='nofollow'><img src='http:\/\/www.emiliosilveravazquez.com\/blog\/wp-content\/plugins\/knxdt-bookmarks-wordpress-plugin\/images\/bitacoras.png'  alt='' class='book_img' border='none' style='margin:1px; padding: 0;'  \/><\/a><\/span><span class='pushbutton'><a href='http:\/\/www.wikio.es\/vote?url=http%3A%2F%2Fwww.emiliosilveravazquez.com%2Fblog%2F2013%2F01%2F18%2F%25c2%25bfque-es-la-vida%2F' title='Wikio' target='_blank' rel='nofollow'><img src='http:\/\/www.emiliosilveravazquez.com\/blog\/wp-content\/plugins\/knxdt-bookmarks-wordpress-plugin\/images\/wikio.png'   alt='' class='book_img' border='none' style='margin:1px; padding: 0;'   \/><\/a><\/span><span class='pushbutton'><a href='http:\/\/friendfeed.com\/?url=http%3A%2F%2Fwww.emiliosilveravazquez.com%2Fblog%2F2013%2F01%2F18%2F%25c2%25bfque-es-la-vida%2F&amp;title=%C2%BFQu%C3%A9+es+la+Vida%3F' title='Friend Feed' target='_blank' rel='nofollow'><img src='http:\/\/www.emiliosilveravazquez.com\/blog\/wp-content\/plugins\/knxdt-bookmarks-wordpress-plugin\/images\/friendfeed.png'  alt='' class='book_img' border='none' style='margin:1px; padding: 0;'  \/><\/a><\/span><span class='pushbutton'><a href='http:\/\/www.facebook.com\/share.php?u=http%3A%2F%2Fwww.emiliosilveravazquez.com%2Fblog%2F2013%2F01%2F18%2F%25c2%25bfque-es-la-vida%2F&amp;t=%C2%BFQu%C3%A9+es+la+Vida%3F' title='Facebook' target='_blank' rel='nofollow'><img src='http:\/\/www.emiliosilveravazquez.com\/blog\/wp-content\/plugins\/knxdt-bookmarks-wordpress-plugin\/images\/facebook.png'  alt='' class='book_img' border='none' style='margin:1px; padding: 0;'  \/><\/a><\/span><span class='pushbutton'><a href='http:\/\/twitter.com\/home?status=%C2%BFQu%C3%A9+es+la+Vida%3F: http%3A%2F%2Fwww.emiliosilveravazquez.com%2Fblog%2F2013%2F01%2F18%2F%25c2%25bfque-es-la-vida%2F' title='Twitter' target='_blank' rel='nofollow'><img src='http:\/\/www.emiliosilveravazquez.com\/blog\/wp-content\/plugins\/knxdt-bookmarks-wordpress-plugin\/images\/twitter.png'  alt='' class='book_img' border='none' style='margin:1px; padding: 0;'  \/><\/a><\/span><span class='pushbutton'><a href='http:\/\/www.feedburner.com\/fb\/a\/emailFlare?itemTitle=%C2%BFQu%C3%A9+es+la+Vida%3F&amp;uri=http%3A%2F%2Fwww.emiliosilveravazquez.com%2Fblog%2F2013%2F01%2F18%2F%25c2%25bfque-es-la-vida%2F' title='Enviar por Email' target='_blank' rel='nofollow'><img src='http:\/\/www.emiliosilveravazquez.com\/blog\/wp-content\/plugins\/knxdt-bookmarks-wordpress-plugin\/images\/email.png'  alt='' class='book_img' border='none' style='margin:1px; padding: 0;'  \/><\/a><\/span><span style='font-weight:bold; padding-left: 5px;'><a href='http:\/\/wordpress.org\/extend\/plugins\/knxdt-bookmarks-wordpress-plugin\/' title='Plugin' rel='nofollow' target='_blank'>[?]<\/a><\/span><\/td><\/tr><\/table><br\/><br\/><\/div>","protected":false},"excerpt":{"rendered":"<p>&nbsp; La gran Nebulosa (M42). En el Bazo de Ori\u00f3n, en su parte interna, est\u00e1 nuestro Sisterma Solar a 30.000 a.l. del Centro de la Galaxia. En esa zona tranquila, nuestro planeta situado a una distnacia adecuada del Sol, aloja la vida que, consciente, se pregunta c\u00f3mo pudo llegar hasta aqu\u00ed. \u00bfC\u00f3mo empez\u00f3 exactamente? \u00bfQu\u00e9 [&hellip;]<\/p>\n","protected":false},"author":2,"featured_media":0,"comment_status":"open","ping_status":"open","sticky":false,"template":"","format":"standard","meta":{"_s2mail":"yes","footnotes":""},"categories":[57],"tags":[],"_links":{"self":[{"href":"http:\/\/www.emiliosilveravazquez.com\/blog\/wp-json\/wp\/v2\/posts\/6076"}],"collection":[{"href":"http:\/\/www.emiliosilveravazquez.com\/blog\/wp-json\/wp\/v2\/posts"}],"about":[{"href":"http:\/\/www.emiliosilveravazquez.com\/blog\/wp-json\/wp\/v2\/types\/post"}],"author":[{"embeddable":true,"href":"http:\/\/www.emiliosilveravazquez.com\/blog\/wp-json\/wp\/v2\/users\/2"}],"replies":[{"embeddable":true,"href":"http:\/\/www.emiliosilveravazquez.com\/blog\/wp-json\/wp\/v2\/comments?post=6076"}],"version-history":[{"count":0,"href":"http:\/\/www.emiliosilveravazquez.com\/blog\/wp-json\/wp\/v2\/posts\/6076\/revisions"}],"wp:attachment":[{"href":"http:\/\/www.emiliosilveravazquez.com\/blog\/wp-json\/wp\/v2\/media?parent=6076"}],"wp:term":[{"taxonomy":"category","embeddable":true,"href":"http:\/\/www.emiliosilveravazquez.com\/blog\/wp-json\/wp\/v2\/categories?post=6076"},{"taxonomy":"post_tag","embeddable":true,"href":"http:\/\/www.emiliosilveravazquez.com\/blog\/wp-json\/wp\/v2\/tags?post=6076"}],"curies":[{"name":"wp","href":"https:\/\/api.w.org\/{rel}","templated":true}]}}