{"id":5972,"date":"2013-08-25T03:50:27","date_gmt":"2013-08-25T02:50:27","guid":{"rendered":"http:\/\/www.emiliosilveravazquez.com\/blog\/?p=5972"},"modified":"2013-08-25T06:58:17","modified_gmt":"2013-08-25T05:58:17","slug":"el-tiempo-inexorable","status":"publish","type":"post","link":"http:\/\/www.emiliosilveravazquez.com\/blog\/2013\/08\/25\/el-tiempo-inexorable\/","title":{"rendered":"El Tiempo inexorable y cosas que en \u00e9l suceden"},"content":{"rendered":"<p style=\"text-align: justify;\">Cada uno de nosotros, a lo largo de nuestras vidas, podemos nombrar el tiempo una ingente cantidad de veces, es uno de los conceptos m\u00e1s familiares que con nosotros convive y, sin embargo, es, a su vez, uno de los m\u00e1s desconocidos con que se ha encontrado la Humanidad: \u00a1El Tiempo vuela! \u00a1El Tiempo es oro! \u00a1Aprovecha el Tiempo! \u00a1No tenemos Tiempo! \u00a1Me falta Tiempo! \u00a1El Tiempo que pas\u00f3, ya no regresar\u00e1! \u00a1El Tiempo futuro! Y, a todo esto, no dejamos de preguntarnos lo que es el Tiempo. Nadie lo sabe.<\/p>\n<p style=\"text-align: justify;\">\u00bfDe d\u00f3nde proce el Tiempo? \u00bfHabr\u00e1 alg\u00fan universo sin tiempo? \u00bfHay m\u00e1s de una dimensi\u00f3n temporal que, como nos pasa con las de espacio, no podemos observar? \u00bfEs, en verdad, relativo el Tiempo, o, por el contrario fluye de la misma manera para todos? \u00bfC\u00f3mo puede ser que, mediante la velocidad podamos &#8220;frenar&#8221; el transcurso del Tiempo? \u00bfSer\u00e1 posible alg\u00fan d\u00eda viajar en el Tiempo? \u00bfC\u00f3mo ser\u00e1 -si lo hay- el cuanto de tiempo? \u00bfEs el Tiempo, en realidad, un ingrediente fundamental en la construcci\u00f3n del Cosmos? \u00bfEs la presencia del Tiempo -si es que est\u00e1- ineludible en un universo como el nuestro? \u00bfEl Tiempo y el Espacio, son gemelos nacidos en el mismo instante y que, desde entonces, caminan juntos y se llaman espaciotiempo?<\/p>\n<p style=\"text-align: justify;\">Claro que, tal como lo concebimos notros, el Tiempo no deja de fluir y, eso llev\u00f3 a decir a un buen amigo nuestro lo siguiente:<\/p>\n<p style=\"text-align: justify;\"><em>\u201cDentro de miles de millones de a\u00f1os a partir de ahora, habr\u00e1 un \u00faltimo d\u00eda perfecto en la Tierra\u2026 Las capas de hielo \u00c1rtica y Ant\u00e1rtica se fundir\u00e1n, inundando las costas del mundo. Las altas temperaturas oce\u00e1nicas liberar\u00e1n m\u00e1s vapor de agua al aire, incrementando la nubosidad y escondiendo a la Tierra de la luz solar retrasando el final. Pero la evoluci\u00f3n solar es inexorable.\u00a0 Finalmente los oc\u00e9anos hervir\u00e1n, la atm\u00f3sfera se evaporar\u00e1 en el espacio y nuestro planeta ser\u00e1 destruido por una cat\u00e1strofe de proporciones que ni podemos imaginar.\u201d As\u00ed se expresaba Carl Sagan al pensar en el futuro de nuestra Tierra cuando el Sol, agotado su combustible nuclear, llegara a su final<\/em><\/p>\n<p style=\"text-align: justify;\">\n<p style=\"text-align: justify;\">\n<p style=\"text-align: justify;\"><img decoding=\"async\" loading=\"lazy\" src=\"http:\/\/www.tareasfacil.info\/imaganes\/clip_image002_0388.jpg\" alt=\"Marte (planeta)\" width=\"556\" height=\"414\" \/><\/p>\n<p style=\"text-align: justify;\">\n<p style=\"text-align: justify;\">Se quedar\u00eda la Tierra, entonces, como ahora podemos ver a nuestro planeta hermano, Marte, sin atm\u00f3sfera y est\u00e9ril, en ausencia de ac\u00e9anos<\/p>\n<p style=\"text-align: justify;\">Es bueno para el ser humano que sepa el por qu\u00e9 de las cosas, que se interese por lo que ocurre a su alrededor, por su planeta que le acoge, por el lugar que ocupamos en el universo, por c\u00f3mo empez\u00f3 todo, c\u00f3mo terminar\u00e1 y qu\u00e9 ser\u00e1 del futuro de nuestra civilizaci\u00f3n y de la Humanidad en este universo que, como todo, alg\u00fan d\u00eda lejano del futuro el tiempo inexorable, llevar\u00e1 al final de sus d\u00edas.<\/p>\n<p style=\"text-align: justify;\">El fin del universo es irreversible, de ello hemos dejado amplio testimonio a lo largo de muchos trabajos, su final estar\u00e1 determinado por la Densidad Cr\u00edtica, la cantidad de materia que contenga nuestro universo que ser\u00e1 la que lo clasifique como universo plano, universo abierto, o universo cerrado. En cada uno de estos modelos de universos, el final ser\u00e1 distinto\u2026,\u00a0 claro que para nosotros, la Humanidad, ser\u00e1 indiferente el\u00a0 modelo que pueda resultar; en ninguno de ellos podr\u00edamos sobrevivir cuando llegara ese momento l\u00edmite del fin. La congelaci\u00f3n y el fr\u00edo del cero absoluto o la calcinaci\u00f3n del fuego final a miles de millones de grados, acabar\u00e1n con nosotros, si para entonces, estuvi\u00e9ramos a\u00fan por aqu\u00fa (que no es probable).<\/p>\n<p style=\"text-align: justify;\">Para evitar eso se est\u00e1 trabajando desde hace d\u00e9cadas. Se buscan formas de superar dificultades que nos hacen presas f\u00e1ciles de los elementos. La naturaleza indomable, sus leyes y sus fuerzas, hoy por hoy son barreras insuperables, para poder hacerlo, necesitamos saber.<\/p>\n<p style=\"text-align: justify;\"><img decoding=\"async\" title=\"M\u00e1s...\" src=\"http:\/\/www.emiliosilveravazquez.com\/blog\/wp-includes\/js\/tinymce\/plugins\/wordpress\/img\/trans.gif\" alt=\"\" \/><\/p>\n<p style=\"text-align: justify;\"><img decoding=\"async\" loading=\"lazy\" id=\"irc_mi\" style=\"margin-top: 47px;\" src=\"http:\/\/www.windows2universe.org\/sun\/images\/sunspots_earth_size_med.jpg\" alt=\"\" width=\"400\" height=\"300\" \/><\/p>\n<p style=\"text-align: justify;\">\n<p style=\"text-align: justify;\">El Sol, cuando llegue su final, ser\u00e1 una gigante roja y se tragar\u00e1 la Tierra.Mucho antes de que eso llegue, los oc\u00e9anos y mares se evaporar\u00e1n y, la vida, desaparecer\u00e1 de este hermoso planeta que habr\u00e1 cumplido con creces su funci\u00f3n de mantener y permitir evolucionar a una serie de seres de distintas especies. Lo que pase despu\u00e9s, si es que seguimos aqu\u00ed, ser\u00e1 cosa de nosotros.<\/p>\n<p style=\"text-align: justify;\"><img decoding=\"async\" loading=\"lazy\" id=\"irc_mi\" style=\"margin-top: 47px;\" src=\"http:\/\/173.203.63.122\/wp-content\/uploads\/2013\/03\/fire.jpg\" alt=\"\" width=\"479\" height=\"300\" \/><\/p>\n<p style=\"text-align: justify;\">\n<p style=\"text-align: justify;\">\u00a0\u00a0\u00a0\u00a0\u00a0\u00a0\u00a0\u00a0\u00a0\u00a0\u00a0\u00a0\u00a0\u00a0\u00a0\u00a0\u00a0\u00a0\u00a0\u00a0\u00a0\u00a0\u00a0 Estamos irremisiblemente llamamos a evolucionar, ese es, nuestro destino y, creer que estamos solos\u2026Es un enorme error. de todo eso hablamos un d\u00eda unos amigos alrededor de una hoguera pero, no se lleg\u00f3 a ning\u00fan acuerdo y, cada cual, ten\u00eda su propia versi\u00f3n. \u00a1As\u00ed somos!<\/p>\n<p style=\"text-align: justify;\">El saber nos dar\u00e1 soluciones para conseguir m\u00e1s energ\u00edas, viajar m\u00e1s r\u00e1pido y con menos riesgos, vivir mejor y m\u00e1s tiempo, superar barreras hoy impensables como las del l\u00edmite de Planck, la barrera de la luz (para poder viajar a las estrellas) y el saber tambi\u00e9n posibilitar\u00e1, alg\u00fan d\u00eda, que nuestras generaciones futuras puedan colonizar otros mundos en sistemas solares de estrellas lejanas, viajar a otras galaxias, viajar a otro tiempo y, finalmente, viajar para escapar del destino final del universo&#8230;\u00a0 a otros universos.<\/p>\n<p style=\"text-align: justify;\">S\u00ed, lo s\u00e9, algunos de los que esto puedan leer pensar\u00e1n que estoy fantaseando, pero la verdad es que no he hablado con m\u00e1s seriedad en mi vida, ya que, si no fuera como estoy diciendo, entonces, \u00bfpara qu\u00e9 tantas calamidades, desvelos y sufrimientos? \u00bfqu\u00e9 sentido tendr\u00eda nuestra presencia aqu\u00ed? Creo que la Humanidad tiene que cumplir su destino, primero en las estrellas lejanas, en otros mundos dentro y fuera de nuestra galaxia, y despu\u00e9s\u2026, \u00bfqui\u00e9n sabe?<\/p>\n<p style=\"text-align: justify;\">Claro que, a todo esto, debemos contar con eso que denominamos TIEMPO.<\/p>\n<p style=\"text-align: justify;\">Nos referimos al tiempo en m\u00faltiples ocasiones y para distintas situaciones y motivos, como al referirnos a la duraci\u00f3n de las cosas sujetas a cambios, \u00e9poca durante la cual ocurrieron unos hechos, edad de los objetos, estaci\u00f3n del a\u00f1o, el per\u00edodo de vida de alguien desde que crece hasta que deja de existir, ocasi\u00f3n o coyuntura de hacer algo, cada uno de los actos sucesivos en que dividimos la ejecuci\u00f3n de un trabajo, y otros mil temas que requieren la referencia temporal.<\/p>\n<p style=\"text-align: justify;\"><img decoding=\"async\" loading=\"lazy\" title=\"gravedad\" src=\"..\/wp-content\/uploads\/2008\/07\/gravedad.jpg\" alt=\"gravedad\" width=\"459\" height=\"292\" \/><\/p>\n<p style=\"text-align: justify;\">\n<p style=\"text-align: justify;\">\n<p style=\"text-align: justify;\">Como se puede ver, el objeto pesado o masivo colocado en el centro de la superficie el\u00e1stica, se ha hundido a consecuencia del peso y ha provocado una distorsi\u00f3n que cambia completamente la medida original del di\u00e1metro de esa circunferencia que, al ser hundida por el peso, se agranda en funci\u00f3n de \u00e9ste. De la misma manera, nuestras mentes se agrandan a medida que van recibiendo m\u00e1s y m\u00e1s informaci\u00f3n, y, de esa manera, podremos llegar a comprender, lo que el Universo es.<\/p>\n<p style=\"text-align: justify;\">\n<p style=\"text-align: justify;\">\n<p><img decoding=\"async\" loading=\"lazy\" src=\"http:\/\/sp0.fotolog.com\/photo\/0\/0\/10\/javi4ever\/1238362741960_f.jpg\" alt=\"Hipernova\" width=\"500\" height=\"312\" \/><\/p>\n<p>&nbsp;<\/p>\n<p>Esta Hipernova es tambi\u00e9n la consecuencia del paso del Tiempo<\/p>\n<p>&nbsp;<\/p>\n<p style=\"text-align: justify;\">En f\u00edsica, el tiempo es la cuarta coordenada espacial en el continuo espacio-tiempo. En gram\u00e1tica es la categor\u00eda que indica el momento relativo en que se realiza o sucede la acci\u00f3n del verbo: pret\u00e9rito, lo que ha sucedido; presente, lo que sucede en ese momento y futuro, lo que a\u00fan no ha sucedido. Nos referimos al tiempo meteorol\u00f3gico para explicar el estado del clima (hace mal tiempo; qu\u00e9 tiempo m\u00e1s bueno hace hoy, etc). En mec\u00e1nica, el tiempo puede estar referido a las fases de un motor. Tambi\u00e9n est\u00e1n los tiempos referidos a cada una de las partes de igual duraci\u00f3n en que se divide el comp\u00e1s musical. En astronom\u00eda nos referimos al tiempo de aberraci\u00f3n en relaci\u00f3n al recorrido de un planeta hasta llegar a un observador terrestre. El tiempo est\u00e1 tambi\u00e9n en la forma de c\u00e1lculo horario que empleamos en nuestra vida cotidiana para controlar nuestros actos y evitar el caos (\u00bfqu\u00e9 har\u00edamos sin horario de trenes, de comercio, bancos, oficinas, etc?).<\/p>\n<p style=\"text-align: justify;\">Ahora dedicamos nuestro tiempo a bucear en&#8230; \u00a1Los Oceanos de <a href=\"#\" onclick=\"referencia('higgs',event); return false;\">Higgs<\/a>!<\/p>\n<p style=\"text-align: justify;\">\n<div>\n<div>\n<p>&nbsp;<\/p>\n<\/div>\n<\/div>\n<div>\n<p><img decoding=\"async\" loading=\"lazy\" src=\"http:\/\/3.bp.blogspot.com\/-6TPKlbgZZG4\/TlVHFGFNFRI\/AAAAAAAABVk\/lLa0blh-7zI\/s1600\/boson-de-higgs-particula-de-dios.jpg\" alt=\"http:\/\/3.bp.blogspot.com\/-6TPKlbgZZG4\/TlVHFGFNFRI\/AAAAAAAABVk\/lLa0blh-7zI\/s1600\/boson-de-higgs-particula-de-dios.jpg\" width=\"630\" height=\"504\" \/><\/p>\n<p>&nbsp;<\/p>\n<p>&nbsp;<\/p>\n<p style=\"text-align: justify;\">El tiempo pasa y en el LHC no aparece el Bos\u00f3n de <a href=\"..\/2012\/02\/23\/%C2%A1los-oceanos-de-higgs-%C2%BFtoman-las-particulas-su-masa-por-el-efecto-frenado\/#\"><a href=\"#\" onclick=\"referencia('higgs',event); return false;\">Higgs<\/a><\/a>. Ahora comenzar\u00e1n a utilizar 8 TeV con la esperanza de que, antes de final de este a\u00f1o, puedan aparecer, no ya el Bos\u00f3n de <a href=\"..\/2012\/02\/23\/%C2%A1los-oceanos-de-higgs-%C2%BFtoman-las-particulas-su-masa-por-el-efecto-frenado\/#\"><a href=\"#\" onclick=\"referencia('higgs',event); return false;\">Higgs<\/a><\/a>, sino algunos objetos m\u00e1s como part\u00edculas sim\u00e9tricas y ex\u00f3ticas, la sombre de la <a href=\"..\/2012\/02\/23\/%C2%A1los-oceanos-de-higgs-%C2%BFtoman-las-particulas-su-masa-por-el-efecto-frenado\/#\"><a href=\"#\" onclick=\"referencia('materia oscura',event); return false;\">materia oscura<\/a><\/a>, o, incluso, indicios de fluctuaciones de vac\u00edo que nos hablen de esas energ\u00edas \u201cinvisibles\u201d que est\u00e1n m\u00e1s all\u00e1 de nuestros dominios.<\/p>\n<\/div>\n<div style=\"text-align: justify;\">Mucho es lo que se habla de los oc\u00e9anos de <a href=\"..\/2012\/02\/23\/%C2%A1los-oceanos-de-higgs-%C2%BFtoman-las-particulas-su-masa-por-el-efecto-frenado\/#\"><a href=\"#\" onclick=\"referencia('higgs',event); return false;\">Higgs<\/a><\/a> que dicen permear todo el espacio, pero la energ\u00eda potencial tomada del campo de <a href=\"..\/2012\/02\/23\/%C2%A1los-oceanos-de-higgs-%C2%BFtoman-las-particulas-su-masa-por-el-efecto-frenado\/#\"><a href=\"#\" onclick=\"referencia('higgs',event); return false;\">Higgs<\/a><\/a> difiere en varios aspectos de la acci\u00f3n de los campos familiares. La masa tomada de <a href=\"..\/2012\/02\/23\/%C2%A1los-oceanos-de-higgs-%C2%BFtoman-las-particulas-su-masa-por-el-efecto-frenado\/#\"><a href=\"#\" onclick=\"referencia('higgs',event); return false;\">Higgs<\/a><\/a> es en realidad masa en reposo. De hecho, en la que quiz\u00e1 sea la versi\u00f3n m\u00e1s apasionante de la teor\u00eda del campo de <a href=\"..\/2012\/02\/23\/%C2%A1los-oceanos-de-higgs-%C2%BFtoman-las-particulas-su-masa-por-el-efecto-frenado\/#\"><a href=\"#\" onclick=\"referencia('higgs',event); return false;\">Higgs<\/a><\/a>, \u00e9ste genera toda la masa en reposo.\u00a0 Otra diferencia es que la cantidad de masa que se traga del campo es distinta para las distintas part\u00edculas.<\/div>\n<p>&nbsp;<\/p>\n<p>&nbsp;<\/p>\n<p><img decoding=\"async\" src=\"http:\/\/www.muyinteresante.es\/lhc\/images\/slide3.jpg\" alt=\"\" border=\"0\" \/><\/p>\n<p>&nbsp;<\/p>\n<p>\u00bfQu\u00e9 hace? \u00a0 \u00bfestar\u00e1 buscando el Bos\u00f3n de <a href=\"..\/2012\/02\/23\/%C2%A1los-oceanos-de-higgs-%C2%BFtoman-las-particulas-su-masa-por-el-efecto-frenado\/#\"><a href=\"#\" onclick=\"referencia('higgs',event); return false;\">Higgs<\/a><\/a>?<\/p>\n<p>&nbsp;<\/p>\n<p style=\"text-align: justify;\">Los te\u00f3ricos dicen que las masas de las part\u00edculas de nuestro modelo est\u00e1ndar miden con qu\u00e9 intensidad se acoplan \u00e9stas al campo de <a href=\"..\/2012\/02\/23\/%C2%A1los-oceanos-de-higgs-%C2%BFtoman-las-particulas-su-masa-por-el-efecto-frenado\/#\"><a href=\"#\" onclick=\"referencia('higgs',event); return false;\">Higgs<\/a><\/a>.\u00a0 La influencia de <a href=\"..\/2012\/02\/23\/%C2%A1los-oceanos-de-higgs-%C2%BFtoman-las-particulas-su-masa-por-el-efecto-frenado\/#\"><a href=\"#\" onclick=\"referencia('higgs',event); return false;\">Higgs<\/a><\/a> en las masas de los <a href=\"..\/2012\/02\/23\/%C2%A1los-oceanos-de-higgs-%C2%BFtoman-las-particulas-su-masa-por-el-efecto-frenado\/#\">quarks<\/a> y de los <a href=\"..\/2012\/02\/23\/%C2%A1los-oceanos-de-higgs-%C2%BFtoman-las-particulas-su-masa-por-el-efecto-frenado\/#\"><a href=\"#\" onclick=\"referencia('leptones',event); return false;\">leptones<\/a><\/a>, nos recuerda el descubrimiento por P. Zeeman, en 1.896, de la divisi\u00f3n de los niveles de energ\u00eda de un <a href=\"..\/2012\/02\/23\/%C2%A1los-oceanos-de-higgs-%C2%BFtoman-las-particulas-su-masa-por-el-efecto-frenado\/#\">electr\u00f3n<\/a> cuando se aplica un campo magn\u00e9tico al \u00e1tomo.\u00a0 El campo (que representa metaf\u00f3ricamente el papel de <a href=\"..\/2012\/02\/23\/%C2%A1los-oceanos-de-higgs-%C2%BFtoman-las-particulas-su-masa-por-el-efecto-frenado\/#\"><a href=\"#\" onclick=\"referencia('higgs',event); return false;\">Higgs<\/a><\/a>) rompe la simetr\u00eda del espacio de la que el <a href=\"..\/2012\/02\/23\/%C2%A1los-oceanos-de-higgs-%C2%BFtoman-las-particulas-su-masa-por-el-efecto-frenado\/#\">electr\u00f3n<\/a> disfrutaba.<\/p>\n<p style=\"text-align: justify;\">Hasta ahora no tenemos ni idea de que reglas controlan los incrementos de masa generados por el <a href=\"..\/2012\/02\/23\/%C2%A1los-oceanos-de-higgs-%C2%BFtoman-las-particulas-su-masa-por-el-efecto-frenado\/#\"><a href=\"#\" onclick=\"referencia('higgs',event); return false;\">Higgs<\/a><\/a> (de ah\u00ed la expectaci\u00f3n creada por el nuevo acelerador de part\u00edculas LHC). Pero el problema es irritante: \u00bfpor qu\u00e9 s\u00f3lo esas masas \u2013Las masas de los W<sup>+<\/sup>, W<sup>&#8211;<\/sup>, y Z<sup>\u00ba<\/sup>, y el up, el down, el encanto, el extra\u00f1o, el top y el bottom, as\u00ed como los <a href=\"..\/2012\/02\/23\/%C2%A1los-oceanos-de-higgs-%C2%BFtoman-las-particulas-su-masa-por-el-efecto-frenado\/#\"><a href=\"#\" onclick=\"referencia('leptones',event); return false;\">leptones<\/a><\/a> \u2013 que no forman ning\u00fan patr\u00f3n obvio?<\/p>\n<p>&nbsp;<\/p>\n<p>&nbsp;<\/p>\n<p>&nbsp;<\/p>\n<p><img decoding=\"async\" src=\"http:\/\/img.seti.cl\/vacuum1.gif\" alt=\"\" border=\"0\" \/><\/p>\n<p>&nbsp;<\/p>\n<p>&nbsp;<\/p>\n<p>&nbsp;<\/p>\n<p style=\"text-align: justify;\">Las masas van de la del <a href=\"..\/2012\/02\/23\/%C2%A1los-oceanos-de-higgs-%C2%BFtoman-las-particulas-su-masa-por-el-efecto-frenado\/#\">electr\u00f3n<\/a> 0\u20190005 GeV, a la del top, mayor que 91 GeV.\u00a0 Deber\u00edamos recordar que esta extra\u00f1a idea (el <a href=\"..\/2012\/02\/23\/%C2%A1los-oceanos-de-higgs-%C2%BFtoman-las-particulas-su-masa-por-el-efecto-frenado\/#\"><a href=\"#\" onclick=\"referencia('higgs',event); return false;\">Higgs<\/a><\/a>) se emple\u00f3 con mucho \u00e9xito para formular la teor\u00eda electro d\u00e9bil (Weinberg-Salam).\u00a0 All\u00ed se propuso el campo de <a href=\"..\/2012\/02\/23\/%C2%A1los-oceanos-de-higgs-%C2%BFtoman-las-particulas-su-masa-por-el-efecto-frenado\/#\"><a href=\"#\" onclick=\"referencia('higgs',event); return false;\">Higgs<\/a><\/a> como una forma de ocultar la unidad de las fuerzas electromagn\u00e9ticas y d\u00e9biles.\u00a0 En la unidad hay cuatro part\u00edculas mensajeras sin masa\u00a0 los W<sup>+<\/sup>, W<sup>&#8211;<\/sup>, Z<sup>\u00ba <\/sup>y <a href=\"..\/2012\/02\/23\/%C2%A1los-oceanos-de-higgs-%C2%BFtoman-las-particulas-su-masa-por-el-efecto-frenado\/#\">fot\u00f3n<\/a> que llevan la fuerza electro-d\u00e9bil.\u00a0 Adem\u00e1s est\u00e1 el campo de <a href=\"..\/2012\/02\/23\/%C2%A1los-oceanos-de-higgs-%C2%BFtoman-las-particulas-su-masa-por-el-efecto-frenado\/#\"><a href=\"#\" onclick=\"referencia('higgs',event); return false;\">Higgs<\/a><\/a>, y, r\u00e1pidamente, los W y Z chupan la esencia de <a href=\"..\/2012\/02\/23\/%C2%A1los-oceanos-de-higgs-%C2%BFtoman-las-particulas-su-masa-por-el-efecto-frenado\/#\"><a href=\"#\" onclick=\"referencia('higgs',event); return false;\">Higgs<\/a><\/a> y se hacen pesados; el <a href=\"..\/2012\/02\/23\/%C2%A1los-oceanos-de-higgs-%C2%BFtoman-las-particulas-su-masa-por-el-efecto-frenado\/#\">fot\u00f3n<\/a> permanece intacto. La <a href=\"..\/2012\/02\/23\/%C2%A1los-oceanos-de-higgs-%C2%BFtoman-las-particulas-su-masa-por-el-efecto-frenado\/#\"><a href=\"#\" onclick=\"referencia('fuerza nuclear debil',event); return false;\">fuerza electrod\u00e9bil<\/a><\/a> se fragmenta en la d\u00e9bil (d\u00e9bil porque los mensajeros son muy gordos) y la electromagn\u00e9tica, cuyas propiedades determina el <a href=\"..\/2012\/02\/23\/%C2%A1los-oceanos-de-higgs-%C2%BFtoman-las-particulas-su-masa-por-el-efecto-frenado\/#\">fot\u00f3n<\/a>, carente de masa.\u00a0 La simetr\u00eda se rompe espont\u00e1neamente, dicen los te\u00f3ricos.\u00a0 Prefiero la descripci\u00f3n seg\u00fan la cual el <a href=\"..\/2012\/02\/23\/%C2%A1los-oceanos-de-higgs-%C2%BFtoman-las-particulas-su-masa-por-el-efecto-frenado\/#\"><a href=\"#\" onclick=\"referencia('higgs',event); return false;\">Higgs<\/a><\/a> oculta la simetr\u00eda con su poder dador de masa.<\/p>\n<p style=\"text-align: justify;\">Las masas de los W y el Z se predijeron con \u00e9xito a partir de los par\u00e1metros de la teor\u00eda electro d\u00e9bil. Y las relajadas sonrisas de los f\u00edsicos te\u00f3ricos nos recuerdan que Gerard\u00a0 \u00b4t Hooft y Veltman dejaron sentado que la teor\u00eda entera esta libre de infinitos.<\/p>\n<p>&nbsp;<\/p>\n<p>&nbsp;<\/p>\n<p>&nbsp;<\/p>\n<div><img decoding=\"async\" loading=\"lazy\" id=\"imageChecker-13208173679340\" src=\"http:\/\/farm5.static.flickr.com\/4154\/5187079774_af6b8c3186_z.jpg\" alt=\"foto\" width=\"640\" height=\"520\" \/><\/div>\n<div id=\"meta\">\n<div id=\"description_div5187079774\">\n<p style=\"text-align: justify;\">Hasta hace algunas decenas de a\u00f1os, se consideraba que el espacio entre las estrellas estaba completamente vac\u00edo. Las observaciones \u00f3pticas y radioastron\u00f3micas han demostrado, en cambio, que \u00e9ste est\u00e1 lleno de materia interestelar formada predominantemente por hidr\u00f3geno mezclado con min\u00fasculas part\u00edculas s\u00f3lidas, llamadas gen\u00e9ricamente polvo interestelar.<\/p>\n<\/div>\n<\/div>\n<div>\n<p style=\"text-align: justify;\">Todos los intentos y los esfuerzos por hallar una pista del cu\u00e1l era el origen de la masa fallaron.\u00a0 Feynman escribi\u00f3 su famosa pregunta: \u201c\u00bfPor qu\u00e9 pesa el mu\u00f3n?\u201d.\u00a0 Ahora, por lo menos, tenemos una respuesta parcial, en absoluto completa.\u00a0 Una vez potente y segura nos dice: \u201c! <a href=\"..\/2012\/02\/23\/%C2%A1los-oceanos-de-higgs-%C2%BFtoman-las-particulas-su-masa-por-el-efecto-frenado\/#\"><a href=\"#\" onclick=\"referencia('higgs',event); return false;\">Higgs<\/a><\/a> \u00a1\u201d Durante m\u00e1s de 60 a\u00f1os los f\u00edsicos experimentadores se rompieron la cabeza con el origen de la masa, y ahora el campo <a href=\"..\/2012\/02\/23\/%C2%A1los-oceanos-de-higgs-%C2%BFtoman-las-particulas-su-masa-por-el-efecto-frenado\/#\"><a href=\"#\" onclick=\"referencia('higgs',event); return false;\">Higgs<\/a><\/a> presenta el problema en un contexto nuevo; no se trata s\u00f3lo del <a href=\"..\/2012\/02\/23\/%C2%A1los-oceanos-de-higgs-%C2%BFtoman-las-particulas-su-masa-por-el-efecto-frenado\/#\">mu\u00f3n<\/a>. Proporciona, por lo menos, una fuente com\u00fan para todas las masas. La nueva pregunta feynmariana podr\u00eda ser: \u00bfC\u00f3mo determina el campo de <a href=\"..\/2012\/02\/23\/%C2%A1los-oceanos-de-higgs-%C2%BFtoman-las-particulas-su-masa-por-el-efecto-frenado\/#\"><a href=\"#\" onclick=\"referencia('higgs',event); return false;\">Higgs<\/a><\/a> la secuencia de masas, aparentemente sin patr\u00f3n, que da a las part\u00edculas de la materia?<\/p>\n<p>&nbsp;<\/p>\n<p>&nbsp;<\/p>\n<p>&nbsp;<\/p>\n<div><img decoding=\"async\" src=\"http:\/\/1.bp.blogspot.com\/_QEZSmAej8OU\/TLAQTuOPJDI\/AAAAAAAACPo\/os61-NH504o\/s1600\/Apophysis.png\" alt=\"\" \/><\/div>\n<p>&nbsp;<\/p>\n<p>&nbsp;<\/p>\n<p>&nbsp;<\/p>\n<p style=\"text-align: justify;\">Siempre nos hemos preguntado de d\u00f3nde vino la materia. Hemos llegado a comprender que toda la materia est\u00e1 hecha y es energ\u00eda concentrada. Con el paso del tiempo pudimos desmenuzar sus componentes y llegamos a ser conscientes de que toda la masa del Universo est\u00e1 conformada a partir de min\u00fasculos objetos que llamamos part\u00edculas. Todo lo grande est\u00e1 hecho de cosas peque\u00f1as.<\/p>\n<\/div>\n<p style=\"text-align: justify;\">La variaci\u00f3n de la masa con el estado de movimiento, el cambio de masa con la configuraci\u00f3n del sistema y el que algunas part\u00edculas (el <a href=\"..\/2012\/02\/23\/%C2%A1los-oceanos-de-higgs-%C2%BFtoman-las-particulas-su-masa-por-el-efecto-frenado\/#\">fot\u00f3n<\/a> seguramente y los <a href=\"..\/2012\/02\/23\/%C2%A1los-oceanos-de-higgs-%C2%BFtoman-las-particulas-su-masa-por-el-efecto-frenado\/#\">neutrinos<\/a> posiblemente) tengan masa en reposo nula son tres hechos que ponen entre dicho que el concepto de masa sea una tributo fundamental de la materia.\u00a0 Habr\u00e1 que recordar aquel c\u00e1lculo de la masa que daba infinito y nunca pudimos resolver; los f\u00edsicos s\u00f3lo se deshicieron de \u00e9l \u201crenormaliz\u00e1ndolo\u201d, ese truco matem\u00e1tico que emplean cuando no saben hacerlo bien.<\/p>\n<p style=\"text-align: justify;\">Ese es el problema de trasfondo con el que tenemos que encarar el problema de los <a href=\"..\/2012\/02\/23\/%C2%A1los-oceanos-de-higgs-%C2%BFtoman-las-particulas-su-masa-por-el-efecto-frenado\/#\">quarks<\/a>, los <a href=\"..\/2012\/02\/23\/%C2%A1los-oceanos-de-higgs-%C2%BFtoman-las-particulas-su-masa-por-el-efecto-frenado\/#\"><a href=\"#\" onclick=\"referencia('leptones',event); return false;\">leptones<\/a><\/a> y los veh\u00edculos de las fuerzas, que se diferencian por sus masas.\u00a0 Hace que la historia de <a href=\"..\/2012\/02\/23\/%C2%A1los-oceanos-de-higgs-%C2%BFtoman-las-particulas-su-masa-por-el-efecto-frenado\/#\"><a href=\"#\" onclick=\"referencia('higgs',event); return false;\">Higgs<\/a><\/a> se tenga en pie: la masa no es una propiedad intr\u00ednseca de las part\u00edculas, sino una propiedad adquirida por la interacci\u00f3n de las part\u00edculas y su entorno, y, seg\u00fan mi amigo Ram\u00f3n M\u00e1rquez, las part\u00edculas toman su masa debido al efecto frenado.<\/p>\n<p>&nbsp;<\/p>\n<p>&nbsp;<\/p>\n<p>&nbsp;<\/p>\n<div><img decoding=\"async\" src=\"http:\/\/1.bp.blogspot.com\/-HiAwOYg4ZV8\/Te6BgaGKw3I\/AAAAAAAAA20\/qRiLOFJY6AE\/s1600\/7LUZ.jpg\" alt=\"\" \/><\/div>\n<div>\u00a0\u00a0\u00a0\u00a0 Lo cierto es que, el Tiempo, se nos escapa de entre los dedos de las manos, no podemos retenerlo<\/div>\n<div style=\"text-align: justify;\">Estar\u00eda bien que alguna vez, alguien nos pudiera explicar lo que el tiempo es, o, si por el contrario no es otra cosa que, un copcepto, una abstracci\u00f3n humana inventada para poder manejar nuestras vidas cotidianas y medir, de esa manera, el transcurrir&#8230;\u00bfdel tiempo?<\/div>\n<p style=\"text-align: justify;\">El tiempo es tan importante en nuestras vidas que est\u00e1 presente siempre, de mil formas diferentes, desde que nacemos (cuando comienza \u201cnuestro tiempo\u201d), hasta que morimos (cuando \u201cnuestro tiempo ha terminado\u201d). El tiempo siempre est\u00e1. Es algo que, simplemente, est\u00e1 ah\u00ed.<\/p>\n<p style=\"text-align: justify;\">San Agust\u00edn dec\u00eda saber lo que era el Tiempo pero, explicarlo&#8230;n0<\/p>\n<p style=\"text-align: justify;\">Sin embargo, a pesar de lo importante que es el TIEMPO, no he podido leer nunca una explicaci\u00f3n satisfactoria sobre el mismo; una explicaci\u00f3n que lo defina con sencillez y claridad sin restarle la importancia que tiene para todos y lo que en realidad es dentro del contexto \u2013 no ya de nuestras vidas, simples e insignificantes puntos en la inmensidad del universo \u2013 de la naturaleza c\u00f3smica de la que formamos parte.<\/p>\n<p style=\"text-align: justify;\">Como nos ocurre con tantas otras cosas y conceptos, debemos saber, de una vez por todas qu\u00e9 es, en realidad el Tiempo. Creo que cuando sepamos comprender lo que el Tiempo es, la Humanidad habr\u00e1 dado un paso tan importante en su caminar por el Mundo que, a partir de ese momento, lo podremos &#8220;ver&#8221; todo de otra manera, con otra perspectiva m\u00e1s amplia y que nos permitir\u00e1 &#8220;ver&#8221; m\u00e1s lejos en la comprensi\u00f3n del Universo Universo mismo.<\/p>\n<p style=\"text-align: justify;\">\u00a1El Tiempo! Qu\u00e9 dolor de cabeza.<\/p>\n<p style=\"text-align: justify;\">emilio silvera<\/p>\n<div class='bookmark'>\r\n\t\t<table align='left' border='0' cellpadding='0' width='100%'>\r\n\t\t<tr><td><span class='pushbutton'><a href='http:\/\/delicious.com\/post?url=http%3A%2F%2Fwww.emiliosilveravazquez.com%2Fblog%2F2013%2F08%2F25%2Fel-tiempo-inexorable%2F&amp;title=El+Tiempo+inexorable+y+cosas+que+en+%C3%A9l+suceden' title='Delicious' target='_blank' rel='nofollow'><img src='http:\/\/www.emiliosilveravazquez.com\/blog\/wp-content\/plugins\/knxdt-bookmarks-wordpress-plugin\/images\/delicious.png'  alt='' class='book_img' border='none' style='margin:1px; padding: 0;'  \/><\/a><\/span><span class='pushbutton'><a href='http:\/\/digg.com\/submit?url=http%3A%2F%2Fwww.emiliosilveravazquez.com%2Fblog%2F2013%2F08%2F25%2Fel-tiempo-inexorable%2F&amp;title=El+Tiempo+inexorable+y+cosas+que+en+%C3%A9l+suceden' title='Digg' target='_blank' rel='nofollow'><img src='http:\/\/www.emiliosilveravazquez.com\/blog\/wp-content\/plugins\/knxdt-bookmarks-wordpress-plugin\/images\/digg.png'  alt='' class='book_img' border='none' style='margin:1px; padding: 0;'  \/><\/a><\/span><span class='pushbutton'><a href='http:\/\/www.google.com\/bookmarks\/mark?op=edit&amp;bkmk=http%3A%2F%2Fwww.emiliosilveravazquez.com%2Fblog%2F2013%2F08%2F25%2Fel-tiempo-inexorable%2F&amp;title=El+Tiempo+inexorable+y+cosas+que+en+%C3%A9l+suceden' title='Google' target='_blank' rel='nofollow'><img src='http:\/\/www.emiliosilveravazquez.com\/blog\/wp-content\/plugins\/knxdt-bookmarks-wordpress-plugin\/images\/google.png'   alt='' class='book_img' border='none' style='margin:1px; padding: 0;'  \/><\/a><\/span><span class='pushbutton'><a href='http:\/\/myweb2.search.yahoo.com\/myresults\/bookmarklet?u=http%3A%2F%2Fwww.emiliosilveravazquez.com%2Fblog%2F2013%2F08%2F25%2Fel-tiempo-inexorable%2F&amp;t=El+Tiempo+inexorable+y+cosas+que+en+%C3%A9l+suceden' title='Yahoo' target='_blank' rel='nofollow'><img src='http:\/\/www.emiliosilveravazquez.com\/blog\/wp-content\/plugins\/knxdt-bookmarks-wordpress-plugin\/images\/yahoo.png'  alt='' class='book_img' border='none' style='margin:1px; padding: 0;'  \/><\/a><\/span><span class='pushbutton'><a href='http:\/\/www.technorati.com\/faves?add=http%3A%2F%2Fwww.emiliosilveravazquez.com%2Fblog%2F2013%2F08%2F25%2Fel-tiempo-inexorable%2F' title='Technorati' target='_blank' rel='nofollow'><img src='http:\/\/www.emiliosilveravazquez.com\/blog\/wp-content\/plugins\/knxdt-bookmarks-wordpress-plugin\/images\/technorati.png'  alt='' class='book_img' border='none' style='margin:1px; padding: 0;'  \/><\/a><\/span><span class='pushbutton'><a href='http:\/\/meneame.net\/submit.php?url=http%3A%2F%2Fwww.emiliosilveravazquez.com%2Fblog%2F2013%2F08%2F25%2Fel-tiempo-inexorable%2F' title='Meneame' target='_blank' rel='nofollow'><img src='http:\/\/www.emiliosilveravazquez.com\/blog\/wp-content\/plugins\/knxdt-bookmarks-wordpress-plugin\/images\/meneame.png'  alt='' class='book_img' border='none' style='margin:1px; padding: 0;'  \/><\/a><\/span><span class='pushbutton'><a href='http:\/\/enchilame.com\/submit.php?url=http:\/\/www.emiliosilveravazquez.com\/blog\/2013\/08\/25\/el-tiempo-inexorable\/' target='_blank' rel='nofollow'><img title='Enchilame' src='http:\/\/www.emiliosilveravazquez.com\/blog\/wp-content\/plugins\/knxdt-bookmarks-wordpress-plugin\/images\/enchilame.png'  alt='' class='book_img' border='none' style='margin:1px; padding: 0;'  \/><\/a><\/span><span class='pushbutton'><a href='http:\/\/www.blinklist.com\/index.php?Action=Blink\/addblink.php&amp;Description=&amp;Url=http%3A%2F%2Fwww.emiliosilveravazquez.com%2Fblog%2F2013%2F08%2F25%2Fel-tiempo-inexorable%2F&amp;title=El+Tiempo+inexorable+y+cosas+que+en+%C3%A9l+suceden' title='BlinkList' target='_blank' rel='nofollow'><img src='http:\/\/www.emiliosilveravazquez.com\/blog\/wp-content\/plugins\/knxdt-bookmarks-wordpress-plugin\/images\/blinklist.png'  alt='' class='book_img' border='none' style='margin:1px; padding: 0;'  \/><\/a><\/span><span class='pushbutton'><a href='http:\/\/reddit.com\/submit?url=http%3A%2F%2Fwww.emiliosilveravazquez.com%2Fblog%2F2013%2F08%2F25%2Fel-tiempo-inexorable%2F&amp;title=El+Tiempo+inexorable+y+cosas+que+en+%C3%A9l+suceden' title='Reddit' target='_blank' rel='nofollow'><img src='http:\/\/www.emiliosilveravazquez.com\/blog\/wp-content\/plugins\/knxdt-bookmarks-wordpress-plugin\/images\/reddit.png'  alt='' class='book_img' border='none' style='margin:1px; padding: 0;'  \/><\/a><\/span><span class='pushbutton'><a href='http:\/\/www.tecnologiadiaria.com\/2009\/07\/abrir-com-hotmail-correo.html' target='_blank' title='hotmail'><img src='http:\/\/www.emiliosilveravazquez.com\/blog\/wp-content\/plugins\/knxdt-bookmarks-wordpress-plugin\/images\/linklove.png' alt='hotmail correo' class='book_img' border='none' style='margin:1px; padding: 0;' \/><\/a><\/span><span class='pushbutton'><a href='http:\/\/bitacoras.com\/votar\/anotacion\/externo\/mini\/www.emiliosilveravazquez.com\/blog\/2013\/08\/25\/el-tiempo-inexorable\/' title='Bitacoras.com' target='_blank' rel='nofollow'><img src='http:\/\/www.emiliosilveravazquez.com\/blog\/wp-content\/plugins\/knxdt-bookmarks-wordpress-plugin\/images\/bitacoras.png'  alt='' class='book_img' border='none' style='margin:1px; padding: 0;'  \/><\/a><\/span><span class='pushbutton'><a href='http:\/\/www.wikio.es\/vote?url=http%3A%2F%2Fwww.emiliosilveravazquez.com%2Fblog%2F2013%2F08%2F25%2Fel-tiempo-inexorable%2F' title='Wikio' target='_blank' rel='nofollow'><img src='http:\/\/www.emiliosilveravazquez.com\/blog\/wp-content\/plugins\/knxdt-bookmarks-wordpress-plugin\/images\/wikio.png'   alt='' class='book_img' border='none' style='margin:1px; padding: 0;'   \/><\/a><\/span><span class='pushbutton'><a href='http:\/\/friendfeed.com\/?url=http%3A%2F%2Fwww.emiliosilveravazquez.com%2Fblog%2F2013%2F08%2F25%2Fel-tiempo-inexorable%2F&amp;title=El+Tiempo+inexorable+y+cosas+que+en+%C3%A9l+suceden' title='Friend Feed' target='_blank' rel='nofollow'><img src='http:\/\/www.emiliosilveravazquez.com\/blog\/wp-content\/plugins\/knxdt-bookmarks-wordpress-plugin\/images\/friendfeed.png'  alt='' class='book_img' border='none' style='margin:1px; padding: 0;'  \/><\/a><\/span><span class='pushbutton'><a href='http:\/\/www.facebook.com\/share.php?u=http%3A%2F%2Fwww.emiliosilveravazquez.com%2Fblog%2F2013%2F08%2F25%2Fel-tiempo-inexorable%2F&amp;t=El+Tiempo+inexorable+y+cosas+que+en+%C3%A9l+suceden' title='Facebook' target='_blank' rel='nofollow'><img src='http:\/\/www.emiliosilveravazquez.com\/blog\/wp-content\/plugins\/knxdt-bookmarks-wordpress-plugin\/images\/facebook.png'  alt='' class='book_img' border='none' style='margin:1px; padding: 0;'  \/><\/a><\/span><span class='pushbutton'><a href='http:\/\/twitter.com\/home?status=El+Tiempo+inexorable+y+cosas+que+en+%C3%A9l+suceden: http%3A%2F%2Fwww.emiliosilveravazquez.com%2Fblog%2F2013%2F08%2F25%2Fel-tiempo-inexorable%2F' title='Twitter' target='_blank' rel='nofollow'><img src='http:\/\/www.emiliosilveravazquez.com\/blog\/wp-content\/plugins\/knxdt-bookmarks-wordpress-plugin\/images\/twitter.png'  alt='' class='book_img' border='none' style='margin:1px; padding: 0;'  \/><\/a><\/span><span class='pushbutton'><a href='http:\/\/www.feedburner.com\/fb\/a\/emailFlare?itemTitle=El+Tiempo+inexorable+y+cosas+que+en+%C3%A9l+suceden&amp;uri=http%3A%2F%2Fwww.emiliosilveravazquez.com%2Fblog%2F2013%2F08%2F25%2Fel-tiempo-inexorable%2F' title='Enviar por Email' target='_blank' rel='nofollow'><img src='http:\/\/www.emiliosilveravazquez.com\/blog\/wp-content\/plugins\/knxdt-bookmarks-wordpress-plugin\/images\/email.png'  alt='' class='book_img' border='none' style='margin:1px; padding: 0;'  \/><\/a><\/span><span style='font-weight:bold; padding-left: 5px;'><a href='http:\/\/wordpress.org\/extend\/plugins\/knxdt-bookmarks-wordpress-plugin\/' title='Plugin' rel='nofollow' target='_blank'>[?]<\/a><\/span><\/td><\/tr><\/table><br\/><br\/><\/div>","protected":false},"excerpt":{"rendered":"<p>Cada uno de nosotros, a lo largo de nuestras vidas, podemos nombrar el tiempo una ingente cantidad de veces, es uno de los conceptos m\u00e1s familiares que con nosotros convive y, sin embargo, es, a su vez, uno de los m\u00e1s desconocidos con que se ha encontrado la Humanidad: \u00a1El Tiempo vuela! \u00a1El Tiempo es [&hellip;]<\/p>\n","protected":false},"author":2,"featured_media":0,"comment_status":"open","ping_status":"open","sticky":false,"template":"","format":"standard","meta":{"_s2mail":"yes","footnotes":""},"categories":[135],"tags":[],"_links":{"self":[{"href":"http:\/\/www.emiliosilveravazquez.com\/blog\/wp-json\/wp\/v2\/posts\/5972"}],"collection":[{"href":"http:\/\/www.emiliosilveravazquez.com\/blog\/wp-json\/wp\/v2\/posts"}],"about":[{"href":"http:\/\/www.emiliosilveravazquez.com\/blog\/wp-json\/wp\/v2\/types\/post"}],"author":[{"embeddable":true,"href":"http:\/\/www.emiliosilveravazquez.com\/blog\/wp-json\/wp\/v2\/users\/2"}],"replies":[{"embeddable":true,"href":"http:\/\/www.emiliosilveravazquez.com\/blog\/wp-json\/wp\/v2\/comments?post=5972"}],"version-history":[{"count":0,"href":"http:\/\/www.emiliosilveravazquez.com\/blog\/wp-json\/wp\/v2\/posts\/5972\/revisions"}],"wp:attachment":[{"href":"http:\/\/www.emiliosilveravazquez.com\/blog\/wp-json\/wp\/v2\/media?parent=5972"}],"wp:term":[{"taxonomy":"category","embeddable":true,"href":"http:\/\/www.emiliosilveravazquez.com\/blog\/wp-json\/wp\/v2\/categories?post=5972"},{"taxonomy":"post_tag","embeddable":true,"href":"http:\/\/www.emiliosilveravazquez.com\/blog\/wp-json\/wp\/v2\/tags?post=5972"}],"curies":[{"name":"wp","href":"https:\/\/api.w.org\/{rel}","templated":true}]}}