{"id":5961,"date":"2012-01-26T13:05:53","date_gmt":"2012-01-26T12:05:53","guid":{"rendered":"http:\/\/www.emiliosilveravazquez.com\/blog\/?p=5961"},"modified":"2012-01-26T13:06:14","modified_gmt":"2012-01-26T12:06:14","slug":"posible-caida-de-la-web","status":"publish","type":"post","link":"http:\/\/www.emiliosilveravazquez.com\/blog\/2012\/01\/26\/posible-caida-de-la-web\/","title":{"rendered":"Posible ca\u00edda de la web"},"content":{"rendered":"<p style=\"text-align: justify;\">Buenas a todos.<\/p>\n<p style=\"text-align: justify;\">Escribo para informar que, debido a la gran afluencia de lectores en este \u00faltimo mes y al mayor contenido gr\u00e1fico de las \u00faltimas entradas, hemos sobrepasado el tr\u00e1fico contratado para la web. La consecuencia es que, con una alta probabilidad, la web quede cerrada hasta el comienzo del nuevo mes.<\/p>\n<p style=\"text-align: justify;\">Si realmente se confirman mis sospechas, siento los inconvenientes que puedan causarles. Trataremos que solucionarlo.<\/p>\n<p style=\"text-align: justify;\">Un saludo<\/p>\n<div class='bookmark'>\r\n\t\t<table align='left' border='0' cellpadding='0' width='100%'>\r\n\t\t<tr><td><span class='pushbutton'><a href='http:\/\/delicious.com\/post?url=http%3A%2F%2Fwww.emiliosilveravazquez.com%2Fblog%2F2012%2F01%2F26%2Fposible-caida-de-la-web%2F&amp;title=Posible+ca%C3%ADda+de+la+web' title='Delicious' target='_blank' rel='nofollow'><img src='http:\/\/www.emiliosilveravazquez.com\/blog\/wp-content\/plugins\/knxdt-bookmarks-wordpress-plugin\/images\/delicious.png'  alt='' class='book_img' border='none' style='margin:1px; padding: 0;'  \/><\/a><\/span><span class='pushbutton'><a href='http:\/\/digg.com\/submit?url=http%3A%2F%2Fwww.emiliosilveravazquez.com%2Fblog%2F2012%2F01%2F26%2Fposible-caida-de-la-web%2F&amp;title=Posible+ca%C3%ADda+de+la+web' title='Digg' target='_blank' rel='nofollow'><img src='http:\/\/www.emiliosilveravazquez.com\/blog\/wp-content\/plugins\/knxdt-bookmarks-wordpress-plugin\/images\/digg.png'  alt='' class='book_img' border='none' style='margin:1px; padding: 0;'  \/><\/a><\/span><span class='pushbutton'><a href='http:\/\/www.google.com\/bookmarks\/mark?op=edit&amp;bkmk=http%3A%2F%2Fwww.emiliosilveravazquez.com%2Fblog%2F2012%2F01%2F26%2Fposible-caida-de-la-web%2F&amp;title=Posible+ca%C3%ADda+de+la+web' title='Google' target='_blank' rel='nofollow'><img src='http:\/\/www.emiliosilveravazquez.com\/blog\/wp-content\/plugins\/knxdt-bookmarks-wordpress-plugin\/images\/google.png'   alt='' class='book_img' border='none' style='margin:1px; padding: 0;'  \/><\/a><\/span><span class='pushbutton'><a href='http:\/\/myweb2.search.yahoo.com\/myresults\/bookmarklet?u=http%3A%2F%2Fwww.emiliosilveravazquez.com%2Fblog%2F2012%2F01%2F26%2Fposible-caida-de-la-web%2F&amp;t=Posible+ca%C3%ADda+de+la+web' title='Yahoo' target='_blank' rel='nofollow'><img src='http:\/\/www.emiliosilveravazquez.com\/blog\/wp-content\/plugins\/knxdt-bookmarks-wordpress-plugin\/images\/yahoo.png'  alt='' class='book_img' border='none' style='margin:1px; padding: 0;'  \/><\/a><\/span><span class='pushbutton'><a href='http:\/\/www.technorati.com\/faves?add=http%3A%2F%2Fwww.emiliosilveravazquez.com%2Fblog%2F2012%2F01%2F26%2Fposible-caida-de-la-web%2F' title='Technorati' target='_blank' rel='nofollow'><img src='http:\/\/www.emiliosilveravazquez.com\/blog\/wp-content\/plugins\/knxdt-bookmarks-wordpress-plugin\/images\/technorati.png'  alt='' class='book_img' border='none' style='margin:1px; padding: 0;'  \/><\/a><\/span><span class='pushbutton'><a href='http:\/\/meneame.net\/submit.php?url=http%3A%2F%2Fwww.emiliosilveravazquez.com%2Fblog%2F2012%2F01%2F26%2Fposible-caida-de-la-web%2F' title='Meneame' target='_blank' rel='nofollow'><img src='http:\/\/www.emiliosilveravazquez.com\/blog\/wp-content\/plugins\/knxdt-bookmarks-wordpress-plugin\/images\/meneame.png'  alt='' class='book_img' border='none' style='margin:1px; padding: 0;'  \/><\/a><\/span><span class='pushbutton'><a href='http:\/\/enchilame.com\/submit.php?url=http:\/\/www.emiliosilveravazquez.com\/blog\/2012\/01\/26\/posible-caida-de-la-web\/' target='_blank' rel='nofollow'><img title='Enchilame' src='http:\/\/www.emiliosilveravazquez.com\/blog\/wp-content\/plugins\/knxdt-bookmarks-wordpress-plugin\/images\/enchilame.png'  alt='' class='book_img' border='none' style='margin:1px; padding: 0;'  \/><\/a><\/span><span class='pushbutton'><a href='http:\/\/www.blinklist.com\/index.php?Action=Blink\/addblink.php&amp;Description=&amp;Url=http%3A%2F%2Fwww.emiliosilveravazquez.com%2Fblog%2F2012%2F01%2F26%2Fposible-caida-de-la-web%2F&amp;title=Posible+ca%C3%ADda+de+la+web' title='BlinkList' target='_blank' rel='nofollow'><img src='http:\/\/www.emiliosilveravazquez.com\/blog\/wp-content\/plugins\/knxdt-bookmarks-wordpress-plugin\/images\/blinklist.png'  alt='' class='book_img' border='none' style='margin:1px; padding: 0;'  \/><\/a><\/span><span class='pushbutton'><a href='http:\/\/reddit.com\/submit?url=http%3A%2F%2Fwww.emiliosilveravazquez.com%2Fblog%2F2012%2F01%2F26%2Fposible-caida-de-la-web%2F&amp;title=Posible+ca%C3%ADda+de+la+web' title='Reddit' target='_blank' rel='nofollow'><img src='http:\/\/www.emiliosilveravazquez.com\/blog\/wp-content\/plugins\/knxdt-bookmarks-wordpress-plugin\/images\/reddit.png'  alt='' class='book_img' border='none' style='margin:1px; padding: 0;'  \/><\/a><\/span><span class='pushbutton'><a href='http:\/\/www.tecnologiadiaria.com\/2009\/07\/abrir-com-hotmail-correo.html' target='_blank' title='hotmail'><img src='http:\/\/www.emiliosilveravazquez.com\/blog\/wp-content\/plugins\/knxdt-bookmarks-wordpress-plugin\/images\/linklove.png' alt='hotmail correo' class='book_img' border='none' style='margin:1px; padding: 0;' \/><\/a><\/span><span class='pushbutton'><a href='http:\/\/bitacoras.com\/votar\/anotacion\/externo\/mini\/www.emiliosilveravazquez.com\/blog\/2012\/01\/26\/posible-caida-de-la-web\/' title='Bitacoras.com' target='_blank' rel='nofollow'><img src='http:\/\/www.emiliosilveravazquez.com\/blog\/wp-content\/plugins\/knxdt-bookmarks-wordpress-plugin\/images\/bitacoras.png'  alt='' class='book_img' border='none' style='margin:1px; padding: 0;'  \/><\/a><\/span><span class='pushbutton'><a href='http:\/\/www.wikio.es\/vote?url=http%3A%2F%2Fwww.emiliosilveravazquez.com%2Fblog%2F2012%2F01%2F26%2Fposible-caida-de-la-web%2F' title='Wikio' target='_blank' rel='nofollow'><img src='http:\/\/www.emiliosilveravazquez.com\/blog\/wp-content\/plugins\/knxdt-bookmarks-wordpress-plugin\/images\/wikio.png'   alt='' class='book_img' border='none' style='margin:1px; padding: 0;'   \/><\/a><\/span><span class='pushbutton'><a href='http:\/\/friendfeed.com\/?url=http%3A%2F%2Fwww.emiliosilveravazquez.com%2Fblog%2F2012%2F01%2F26%2Fposible-caida-de-la-web%2F&amp;title=Posible+ca%C3%ADda+de+la+web' title='Friend Feed' target='_blank' rel='nofollow'><img src='http:\/\/www.emiliosilveravazquez.com\/blog\/wp-content\/plugins\/knxdt-bookmarks-wordpress-plugin\/images\/friendfeed.png'  alt='' class='book_img' border='none' style='margin:1px; padding: 0;'  \/><\/a><\/span><span class='pushbutton'><a href='http:\/\/www.facebook.com\/share.php?u=http%3A%2F%2Fwww.emiliosilveravazquez.com%2Fblog%2F2012%2F01%2F26%2Fposible-caida-de-la-web%2F&amp;t=Posible+ca%C3%ADda+de+la+web' title='Facebook' target='_blank' rel='nofollow'><img src='http:\/\/www.emiliosilveravazquez.com\/blog\/wp-content\/plugins\/knxdt-bookmarks-wordpress-plugin\/images\/facebook.png'  alt='' class='book_img' border='none' style='margin:1px; padding: 0;'  \/><\/a><\/span><span class='pushbutton'><a href='http:\/\/twitter.com\/home?status=Posible+ca%C3%ADda+de+la+web: http%3A%2F%2Fwww.emiliosilveravazquez.com%2Fblog%2F2012%2F01%2F26%2Fposible-caida-de-la-web%2F' title='Twitter' target='_blank' rel='nofollow'><img src='http:\/\/www.emiliosilveravazquez.com\/blog\/wp-content\/plugins\/knxdt-bookmarks-wordpress-plugin\/images\/twitter.png'  alt='' class='book_img' border='none' style='margin:1px; padding: 0;'  \/><\/a><\/span><span class='pushbutton'><a href='http:\/\/www.feedburner.com\/fb\/a\/emailFlare?itemTitle=Posible+ca%C3%ADda+de+la+web&amp;uri=http%3A%2F%2Fwww.emiliosilveravazquez.com%2Fblog%2F2012%2F01%2F26%2Fposible-caida-de-la-web%2F' title='Enviar por Email' target='_blank' rel='nofollow'><img src='http:\/\/www.emiliosilveravazquez.com\/blog\/wp-content\/plugins\/knxdt-bookmarks-wordpress-plugin\/images\/email.png'  alt='' class='book_img' border='none' style='margin:1px; padding: 0;'  \/><\/a><\/span><span style='font-weight:bold; padding-left: 5px;'><a href='http:\/\/wordpress.org\/extend\/plugins\/knxdt-bookmarks-wordpress-plugin\/' title='Plugin' rel='nofollow' target='_blank'>[?]<\/a><\/span><\/td><\/tr><\/table><br\/><br\/><\/div>","protected":false},"excerpt":{"rendered":"<p>Buenas a todos. Escribo para informar que, debido a la gran afluencia de lectores en este \u00faltimo mes y al mayor contenido gr\u00e1fico de las \u00faltimas entradas, hemos sobrepasado el tr\u00e1fico contratado para la web. La consecuencia es que, con una alta probabilidad, la web quede cerrada hasta el comienzo del nuevo mes. Si realmente [&hellip;]<\/p>\n","protected":false},"author":1,"featured_media":0,"comment_status":"open","ping_status":"open","sticky":false,"template":"","format":"standard","meta":{"_s2mail":"yes","footnotes":""},"categories":[1],"tags":[],"_links":{"self":[{"href":"http:\/\/www.emiliosilveravazquez.com\/blog\/wp-json\/wp\/v2\/posts\/5961"}],"collection":[{"href":"http:\/\/www.emiliosilveravazquez.com\/blog\/wp-json\/wp\/v2\/posts"}],"about":[{"href":"http:\/\/www.emiliosilveravazquez.com\/blog\/wp-json\/wp\/v2\/types\/post"}],"author":[{"embeddable":true,"href":"http:\/\/www.emiliosilveravazquez.com\/blog\/wp-json\/wp\/v2\/users\/1"}],"replies":[{"embeddable":true,"href":"http:\/\/www.emiliosilveravazquez.com\/blog\/wp-json\/wp\/v2\/comments?post=5961"}],"version-history":[{"count":0,"href":"http:\/\/www.emiliosilveravazquez.com\/blog\/wp-json\/wp\/v2\/posts\/5961\/revisions"}],"wp:attachment":[{"href":"http:\/\/www.emiliosilveravazquez.com\/blog\/wp-json\/wp\/v2\/media?parent=5961"}],"wp:term":[{"taxonomy":"category","embeddable":true,"href":"http:\/\/www.emiliosilveravazquez.com\/blog\/wp-json\/wp\/v2\/categories?post=5961"},{"taxonomy":"post_tag","embeddable":true,"href":"http:\/\/www.emiliosilveravazquez.com\/blog\/wp-json\/wp\/v2\/tags?post=5961"}],"curies":[{"name":"wp","href":"https:\/\/api.w.org\/{rel}","templated":true}]}}