{"id":5916,"date":"2023-12-09T07:08:11","date_gmt":"2023-12-09T06:08:11","guid":{"rendered":"http:\/\/www.emiliosilveravazquez.com\/blog\/?p=5916"},"modified":"2023-12-09T07:11:48","modified_gmt":"2023-12-09T06:11:48","slug":"incertidumbre-orden-caos-entropia%e2%80%a6vida","status":"publish","type":"post","link":"http:\/\/www.emiliosilveravazquez.com\/blog\/2023\/12\/09\/incertidumbre-orden-caos-entropia%e2%80%a6vida\/","title":{"rendered":"Incertidumbre, Orden, Caos, Entrop\u00eda\u2026Vida."},"content":{"rendered":"<p><img decoding=\"async\" src=\"https:\/\/media-temporary.preziusercontent.com\/frames-public\/0\/6\/5\/d\/f\/d4125914373b303626b59c4ee76380.jpeg\" alt=\"Mol\u00e9culas Biol\u00f3gicas by Dayanis Martinez\" \/><img decoding=\"async\" loading=\"lazy\" class=\"\" src=\"https:\/\/i.ytimg.com\/vi\/tsFZK4Y9OCA\/maxresdefault.jpg\" alt=\"Bloques b\u00e1sicos de construcci\u00f3n de mol\u00e9culas biol\u00f3gicas | Khan Academy en Espa\u00f1ol - YouTube\" width=\"331\" height=\"186\" \/><\/p>\n<p><strong>\u00a0 \u00a0 \u00a0 \u00a0 \u00a0 \u00a0 \u00a0 \u00a0 \u00a0 \u00a0 \u00a0 \u00a0 \u00a0 Mol\u00e9culas, \u00e1tomos y conexiones para formar pensamientos<\/strong><\/p>\n<p><img decoding=\"async\" loading=\"lazy\" class=\"\" src=\"https:\/\/img.freepik.com\/fotos-premium\/cerebro-big-data-ai-mente-humana-futura-3d-red-mundo-digital-tecnologia-abstracta-organo-conocimiento-cibernetico-e-inteligencia-neurologia-o-neurociencia-holograma-tecnologico_590464-162320.jpg?w=360\" alt=\"Cerebro big data y ai con mente humana futura y 3d y red con mundo digital y tecnolog\u00eda abstracta \u00f3rgano de conocimiento cibern\u00e9tico e inteligencia neurolog\u00eda o neurociencia y holograma tecnol\u00f3gico | Foto Premium\" width=\"342\" height=\"342\" \/><img decoding=\"async\" loading=\"lazy\" class=\"\" src=\"https:\/\/pijamasurf.com\/wp-content\/uploads\/10.208.149.45\/uploads\/2010\/11\/brain-neurons_849_600x450.jpg?width=1200&amp;enable=upscale\" alt=\"Neurociencia, arte y tecnolog\u00eda c\u00f3smica: incre\u00edbles im\u00e1genes del cerebro humano\" width=\"456\" height=\"342\" \/><img decoding=\"async\" loading=\"lazy\" class=\"\" src=\"https:\/\/img.freepik.com\/fotos-premium\/muestra-cerebro-colorido-fondo-negro-palabra-cerebro_920403-21.jpg?w=2000\" alt=\"Se muestra un cerebro colorido con un fondo negro y la palabra cerebro en \u00e9l. | Foto Premium\" width=\"800\" height=\"800\" \/><\/p>\n<p>A veces, al ver la presencia de vida en el Universo, uno est\u00e1 tentado de pensar que existe una Conciencia C\u00f3smica<\/p>\n<p style=\"text-align: justify;\">Imaginemos una mente inteligente que, en todo momento, pudiera tener conocimiento de todas las fuerzas que controlan la Naturaleza y tambi\u00e9n, de las condiciones en que se encuentran en cada momento todas las unidades de que consta \u00e9sta. Si esta mente tuviera una inteligencia suficiente para analizar todos estos datos, podr\u00eda abarcar en una sola f\u00f3rmula los movimientos de los cuerpos de mayor tama\u00f1o del universo y los de los \u00e1tomos m\u00e1s ligeros; para ella nada ser\u00eda incierto; el futuro y el pasado estar\u00edan ambos presentes ante sus ojos.<\/p>\n<p>&nbsp;<\/p>\n<p><img decoding=\"async\" loading=\"lazy\" class=\"\" src=\"https:\/\/img.datacentermarket.es\/wp-content\/uploads\/2023\/08\/24095659\/ordenador-cuantico-apertura.jpeg\" alt=\"Ordenador cu\u00e1ntico, la gu\u00eda definitiva | Data Center Market\" width=\"631\" height=\"420\" \/><\/p>\n<p>&nbsp;<\/p>\n<p style=\"text-align: justify;\">El equivalente moderno de esta mente ser\u00eda un superordenador que conociera todas las posiciones y las velocidades de todas las part\u00edculas del universo, y pudiera utilizar las leyes de <a href=\"#\" onclick=\"referencia('newton',event); return false;\">Newton<\/a> y las que describen las fuerzas de la naturaleza (como la gravedad y el electromagnetismo), no solo para predecir la trayectoria futura de cada part\u00edcula, sino para averiguar toda la historia de su procedencia \u2013porque en las leyes de <a href=\"#\" onclick=\"referencia('newton',event); return false;\">Newton<\/a> no hay nada que nos revele la direcci\u00f3n del tiempo y funcionan de la misma manera si \u00e9ste transcurre en sentido contrario, como podemos ver f\u00e1cilmente si nos imaginamos el proceso inverso del choque entre dos bolas de billar, o si invertimos el movimiento orbital de todos los planetas del Sistema Solar-.<\/p>\n<p>&nbsp;<\/p>\n<p>&nbsp;<\/p>\n<p><img decoding=\"async\" loading=\"lazy\" class=\"\" src=\"https:\/\/static.dw.com\/image\/63109160_1006.jpg\" alt=\"Cient\u00edficos desvelan el misterio de la flecha del tiempo \u2013 DW \u2013 13\/09\/2022\" width=\"678\" height=\"297\" \/><\/p>\n<p><strong>Los cient\u00edfico0s dicen que los misterios de ,la Flecha del Tiempo est\u00e1 aqu\u00ed. Solo hay que saber buscar<\/strong><\/p>\n<p style=\"text-align: justify;\">No hay una flecha del tiempo en las leyes de <a href=\"#\" onclick=\"referencia('newton',event); return false;\">Newton<\/a> y, seg\u00fan Laplace y muchos otros, estas leyes parecen describir un mundo completamente determinista en el cual el pasado y el futuro est\u00e1n fijados de una manera r\u00edgida y no hay lugar para el libre albedr\u00edo.<\/p>\n<p style=\"text-align: justify;\">Lo que ninguno de estos cient\u00edficos parece haber observado es que el argumento fundamental se desploma si, en cualquier momento y lugar del universo, se produce una colisi\u00f3n simult\u00e1nea entre tres part\u00edculas \u2013aunque la valoraci\u00f3n de si esto ser\u00eda suficiente para restablecer el libre albedr\u00edo es una cuesti\u00f3n cuya discusi\u00f3n prefiero dejar a la filosof\u00eda.<\/p>\n<p>&nbsp;<\/p>\n<p>&nbsp;<\/p>\n<p>&nbsp;<\/p>\n<p><img decoding=\"async\" src=\"https:\/\/sicutdeux.files.wordpress.com\/2011\/05\/entropia2.jpg\" alt=\"La Entrop\u00eda! Con el paso del Tiempo todo lo destruye : Blog de Emilio Silvera V.\" \/><\/p>\n<p><strong>\u00a0 \u00a0 \u00a0 \u00a0 \u00a0 \u00a0 \u00a0 \u00a0 \u00a0 \u00a0 El tiempo y la <a href=\"#\" onclick=\"referencia('entropia',event); return false;\">entrop\u00eda<\/a> destructora<\/strong><\/p>\n<p><strong>&#8220;&#8230;Con el paso de los Eones, hasta la misma muerte tendr\u00e1 que morir&#8221;<\/strong><\/p>\n<p>&nbsp;<\/p>\n<p><img decoding=\"async\" loading=\"lazy\" class=\"\" src=\"https:\/\/marcapps.com\/file\/2020\/07\/Las-3-leyes-naturales.jpg\" alt=\"Las tres leyes de la naturaleza que te ayudar\u00e1n a lograr el \u00e9xito\" width=\"557\" height=\"348\" \/>\u00a0 \u00a0 \u00a0 \u00a0 \u00a0 \u00a0 \u00a0 \u00a0 \u00a0 \u00a0 \u00a0 \u00a0 \u00a0 \u00a0 \u00a0 \u00a0 \u00a0 \u00a0 \u00a0 \u00a0 \u00a0 \u00a0 \u00a0 \u00a0 \u00a0 \u00a0 \u00a0 \u00a0 \u00a0 \u00a0 \u00a0 \u00a0 \u00a0 \u00a0 \u00a0 \u00a0 \u00a0 \u00a0 \u00a0 \u00a0 \u00a0 \u00a0 \u00a0 \u00a0 \u00a0 \u00a0 \u00a0 \u00a0 \u00a0 \u00a0 \u00a0 \u00a0 \u00a0 \u00a0 \u00a0 \u00a0 \u00a0 \u00a0 \u00a0 \u00a0<img decoding=\"async\" src=\"https:\/\/2.bp.blogspot.com\/-POKBJ1ZNW3k\/VyEB25SQZyI\/AAAAAAAAALs\/fNeyHLPHlzgBFbAyt4GOSTqR-GENhaoYgCKgB\/s1600\/picasion.com_ed377cb5026e837f781244df777367c3.gif\" alt=\"PASAR LA VIDA SONRIENDO: SIEMBRA\" \/><\/p>\n<p>&nbsp;<\/p>\n<p style=\"text-align: justify;\">En la f\u00edsica del movimiento y sus causas -Din\u00e1mica- las leyes de la naturaleza funcionan tanto si el tiempo transcurre \u201chacia adelante\u201d como tambi\u00e9n si lo hiciera \u201chacia atr\u00e1s\u201d, es decir que <em>son sim\u00e9tricas y reversibles en el tiempo<\/em>. Si filmamos un choque entre dos part\u00edculas, o la \u00f3rbita de un planeta entorno a su sol, y pasamos la pel\u00edcula al rev\u00e9s, notaremos que las trayectorias est\u00e1n invertidas, lo cual es totalmente coherente para la f\u00edsica: no hay nada que nos indique que el tiempo est\u00e1 trascurriendo en sentido contrario. Si las leyes de la naturaleza no distinguen entre el pasado y el futuro, entonces <strong>\u00bfpor qu\u00e9 notamos que el tiempo fluye en un sentido y no en otro?<\/strong> \u00bfDe d\u00f3nde sale esa asimetr\u00eda del tiempo? \u00bfPor qu\u00e9 recordamos el pasado pero no el futuro?<\/p>\n<p>&nbsp;<\/p>\n<p><img decoding=\"async\" src=\"https:\/\/s03.s3c.es\/imag\/_v0\/770x420\/2\/5\/8\/james-clerk-maxwell-1-1.jpg\" alt=\"Por qu\u00e9 las leyes de Maxwell no se pueden aplicar en la empresa?\" \/><\/p>\n<ul>\n<li><strong><span id=\"speechify-first-word-listening-nudge-0\">El f\u00edsico expres\u00f3<\/span>\u00a0de la forma m\u00e1s bella los principios sobre la electricidad y el magnetismo<\/strong><\/li>\n<li><strong><span id=\"speechify-first-word-listening-nudge-root-1\"><\/span><span id=\"speechify-first-word-listening-nudge-1\">&#8220;Los cuerpos del<\/span>\u00a0mismo signo se repelen y los cuerpos de signo diferente se atraen&#8221;.<\/strong><\/li>\n<\/ul>\n<p style=\"text-align: justify;\">Este mismo problema relativo al tiempo se plante\u00f3 a partir de uno de los mayores triunfos de la f\u00edsica del siglo XIX: la investigaci\u00f3n de la naturaleza de la luz y de otras formas de radiaci\u00f3n electromagn\u00e9tica, que tuvo su momento culminante en la obra del escoc\u00e9s James Clerk Maxwell (1831-1879). La explicaci\u00f3n dada por <strong>Maxwell<\/strong> sobre la radiaci\u00f3n electromagn\u00e9tica se basa en la obra de Michael Faraday, que vivi\u00f3 entre 1791 y 1867, y propuso la definici\u00f3n de los \u201ccampos\u201d el\u00e9ctrico y magn\u00e9tico que surgen en torno a los objetos que poseen una carga el\u00e9ctrica.<\/p>\n<p>&nbsp;<\/p>\n<p><img decoding=\"async\" src=\"https:\/\/www.bbvaopenmind.com\/wp-content\/uploads\/2015\/06\/BBVA-OpenMind-Michael-Faraday-2jpg-1.jpg\" alt=\"Faraday y la teor\u00eda electromagn\u00e9tica de la luz | OpenMind\" \/><\/p>\n<p><strong>Faraday y su teor\u00eda electromagn\u00e9tica que no supo explicar en ecuaciones y lo hizo Maxwell<\/strong><\/p>\n<p style=\"text-align: justify;\"><strong>Fue Faraday<\/strong> el primero en sugerir que la luz podr\u00eda estar producida por alg\u00fan tipo de vibraci\u00f3n de las l\u00edneas de fuerza asociadas con im\u00e1genes y part\u00edculas \u201ccargadas\u201d, que vibrar\u00edan como lo hacen las cuerdas de un viol\u00edn al ser pulsadas. El problema estaba en que, Faraday, carec\u00eda de los conocimientos matem\u00e1ticos necesarios para desarrollar la idea de maneta tal que se desarrollara un modelo perfectamente configurado. As\u00ed, en la d\u00e9cada de 1860, lleg\u00f3 Maxwell para rematar el trabajo de Faraday con sus maravillosas ecuaciones vectoriales para demostrar que todos los fen\u00f3menos el\u00e9ctricos y magn\u00e9ticos conocidos en aquella \u00e9poca, incluido el comportamiento de la luz, pod\u00eda ser descrito mediante un conjunto de s\u00f3lo cuatro ecuaciones, que actualmente se denominan ecuaciones de Maxwell.<\/p>\n<p>&nbsp;<\/p>\n<p style=\"text-align: justify;\">\u00a0 \u00a0 \u00a0 \u00a0 \u00a0 \u00a0 \u00a0 \u00a0 \u00a0 \u00a0 \u00a0 \u00a0 \u00a0 \u00a0 \u00a0<img decoding=\"async\" loading=\"lazy\" class=\"\" src=\"https:\/\/www.iluminet.com\/press\/wp-content\/uploads\/2021\/09\/infografia_michael_faraday-1.jpg\" alt=\"Michael Faraday, el 'mago' de la electricidad | Iluminet revista de iluminaci\u00f3n\" width=\"636\" height=\"827\" \/><\/p>\n<p><strong>\u00a0 \u00a0 \u00a0 \u00a0 \u00a0 \u00a0 \u00a0 \u00a0 \u00a0 \u00a0 \u00a0 \u00a0 \u00a0 \u00a0 \u00a0 \u00a0 \u00a0 \u00a0 \u00a0 \u00a0 \u00a0 \u00a0 \u00a0 \u00a0 \u00a0 \u00a0 \u00a0 \u00a0 \u00a0 \u00a0 \u00a0 \u00a0 \u00a0 \u00a0 \u00a0 \u00a0 \u00a0 Faraday fue el experimentador<\/strong><\/p>\n<p style=\"text-align: justify;\"><a href=\"#\" onclick=\"referencia('newton',event); return false;\">Newton<\/a> y Maxwell, dieron al mundo el conjunto de herramientas matem\u00e1ticas necesarias para controlar todo lo que la f\u00edsica conoc\u00eda a mediados del siglo XIX. Por otra parte, lo m\u00e1s maravilloso de las ecuaciones de Maxwell era que, sin que se hubiera pedido, proporcionaban una descripci\u00f3n de la luz \u2013las ecuaciones se crearon para describir otros fen\u00f3menos electromagn\u00e9ticos, pero inclu\u00edan en s\u00ed misma una soluci\u00f3n que describ\u00eda las ondas electromagn\u00e9ticas que se desplazaban por el espacio a cierta velocidad- Esta velocidad es exactamente la de la luz (que ya hab\u00eda quedado bien determinada en la d\u00e9cada de 1860 y pronto podr\u00eda medirse con una precisi\u00f3n a\u00fan mayor), no dejando lugar a dudas de que la luz se desplaza como una onda electromagn\u00e9tica.<\/p>\n<p style=\"text-align: justify;\">Las ecuaciones de Maxwell tienen dos caracter\u00edsticas curiosas: una de ellas pronto tendr\u00eda un profundo impacto en la f\u00edsica, y la otra fue considerada hasta tiempos muy recientes s\u00f3lo como una rareza de menor importancia. La primera caracter\u00edstica innovadora de estas ecuaciones es que dan la velocidad de la luz como un valor constante, independientemente de c\u00f3mo se mueva su fuente con respecto a la persona o al aparato que mida su velocidad (<a href=\"#\" onclick=\"referencia('einstein',event); return false;\">Einstein<\/a> lo supo ver con claridad cuando lo incorpor\u00f3 a su teor\u00eda de la <a href=\"#\" onclick=\"referencia('relatividad',event); return false;\">relatividad<\/a> especial).<\/p>\n<p>&nbsp;<\/p>\n<p style=\"text-align: justify;\"><a id=\"rg_hl\" href=\"http:\/\/www.google.es\/imgres?q=la+flecha+del+tiempo&amp;num=10&amp;um=1&amp;hl=es&amp;safe=strict&amp;biw=1280&amp;bih=557&amp;tbm=isch&amp;tbnid=JhiJr_LqC6BX_M:&amp;imgrefurl=http:\/\/101matrix.blogspot.com\/2008\/05\/la-flecha-del-tiempo-en-nuestro.html&amp;docid=epCfH2EWn70aJM&amp;imgurl=http:\/\/2.bp.blogspot.com\/_XUYRunxOQHk\/SDWfQhxcWII\/AAAAAAAAAC0\/3jaHnDXvct0\/s320\/AB230924-FA4D-9EAC-5E5E8D5152C227B1_1.jpg&amp;w=320&amp;h=320&amp;ei=y3saT8b0I4ue-Qb474ydCg&amp;zoom=1&amp;iact=hc&amp;vpx=164&amp;vpy=121&amp;dur=3625&amp;hovh=225&amp;hovw=225&amp;tx=222&amp;ty=299&amp;sig=110542388979233403734&amp;sqi=2&amp;page=1&amp;tbnh=108&amp;tbnw=113&amp;start=0&amp;ndsp=25&amp;ved=1t:429,r:0,s:0\"><img decoding=\"async\" loading=\"lazy\" id=\"rg_hi\" class=\"\" src=\"http:\/\/t1.gstatic.com\/images?q=tbn:ANd9GcTPosoFsGjeQiL3wRbgZY5EeFuLL4Rd5Y8QrqMkeaPqRIsiPp1rNA\" alt=\"\" width=\"575\" height=\"575\" data-height=\"225\" data-width=\"225\" \/><\/a><\/p>\n<p style=\"text-align: justify;\"><strong>\u00a0 \u00a0 \u00a0 \u00a0La Flecha del Tiempo en el Universo&#8230;siempre hacia el futuro<br \/>\n<\/strong><\/p>\n<p style=\"text-align: justify;\">Claro que, como todo, tambi\u00e9n las ecuaciones de Maxwell ten\u00edan sus limitaciones, especialmente en la descripci\u00f3n de fen\u00f3menos que se producen a escalas muy peque\u00f1as, tales como el comportamiento de los \u00e1tomos y de las part\u00edculas que los componen. En este caso, es preciso modificar tanto la descripci\u00f3n cl\u00e1sica de las descripciones electromagn\u00e9ticas (Maxwell), como la descripci\u00f3n cl\u00e1sica de las interacciones entre part\u00edculas (<a href=\"#\" onclick=\"referencia('newton',event); return false;\">Newton<\/a>), fen\u00f3menos en los cuales se cumplen las reglas de la f\u00edsica cu\u00e1ntica. As\u00ed, las ecuaciones de Maxwell, como las de <a href=\"#\" onclick=\"referencia('newton',event); return false;\">Newton<\/a>, tampoco contienen la flecha del tiempo.<\/p>\n<p style=\"text-align: justify;\">Lo que fue durante mucho tiempo la explicaci\u00f3n habitual la raz\u00f3n por la que vemos una direcci\u00f3n predominante del tiempo surgi\u00f3 a partir de otro gran triunfo de la f\u00edsica del siglo XIX: la descripci\u00f3n de la relaci\u00f3n entre calor y movimiento (termodin\u00e1mica). Esto tuvo una importancia pr\u00e1ctica fundamental en el mundo industrial cuando se utilizaba la fuerza de las m\u00e1quinas de vapor.<\/p>\n<p style=\"text-align: justify;\">Lo cierto es que, la importancia de la termodin\u00e1mica reside en que permite a los f\u00edsicos explicar el comportamiento de gran n\u00famero de objetos \u2013en especial, part\u00edculas de gas- que, en cierto sentido, funcionan juntos en un sistema complejo. Esto incluye el uso de promedios y estad\u00edsticas, pero se basa en gran medida en la idea de que un gas est\u00e1 constituido por una cantidad innumerable de part\u00edculas diminutas (\u00e1tomos y mol\u00e9culas) que no cesan de rebotar y chocar entre s\u00ed y con las paredes del recipiente que las contiene, cumpliendo las leyes del movimiento de <a href=\"#\" onclick=\"referencia('newton',event); return false;\">Newton<\/a>. Esta teor\u00eda cin\u00e9tica de los gases fue un ejemplo importante del modo en que las leyes universales de la f\u00edsica pon\u00edan orden en el caos.<\/p>\n<p>&nbsp;<\/p>\n<div><a href=\"http:\/\/commons.wikimedia.org\/wiki\/File:Boltzmann_age31.jpg\"><img decoding=\"async\" loading=\"lazy\" src=\"http:\/\/upload.wikimedia.org\/wikipedia\/commons\/c\/c3\/Boltzmann_age31.jpg\" alt=\"Ludwing Boltzmann (1844-1906)\" width=\"262\" height=\"355\" \/><\/a><\/div>\n<div><\/div>\n<div><strong>Ludwig Boltzmann (1844-1906)<\/strong><\/div>\n<p style=\"text-align: justify;\">La palabra \u201cgas\u201d fue acu\u00f1ada por el f\u00edsico flamenco <strong>Joannes van Helmont<\/strong> a partir de la palabra griega que significa \u201ccaos\u201d; este t\u00e9rmino apareci\u00f3 impreso por primera vez en el libro de van Helmont titulado Ortus medicinae, publicado cuatro a\u00f1os despu\u00e9s del fallecimiento de Joannes, en 1648. La idea de que los gases eran como un caos se consider\u00f3 acertada durante trescientos a\u00f1os, hasta que Maxwell desde Gran Breta\u00f1a, y su contempor\u00e1neo Ludwig Boltzmann, desde Viena, consolidaron la teor\u00eda cin\u00e9tica (que hasta entonces hab\u00eda sido s\u00f3lo una especulaci\u00f3n), d\u00e1ndole una firme base cient\u00edfica fundamentada en las leyes de <a href=\"#\" onclick=\"referencia('newton',event); return false;\">Newton<\/a>.<\/p>\n<p>&nbsp;<\/p>\n<p>&nbsp;<\/p>\n<h1 align=\"center\">Segundo Principio de la Termodin\u00e1mica<\/h1>\n<p>&nbsp;<\/p>\n<p><img decoding=\"async\" loading=\"lazy\" class=\"\" src=\"https:\/\/encrypted-tbn0.gstatic.com\/images?q=tbn:ANd9GcRtlE_w9x3Mk1XkkV1gp3DU_jXlnD4-AosnkTxBHieURJkKPMSIXUgyAUwq1wNoSAwg8Hw&amp;usqp=CAU\" alt=\"Second Law of Thermodynamics\" width=\"581\" height=\"256\" \/><\/p>\n<p>&nbsp;<\/p>\n<p style=\"text-align: justify;\">La segunda ley de la termodin\u00e1mica es un principio general que impone restricciones a la direcci\u00f3n de la\u00a0<a href=\"http:\/\/hyperphysics.phy-astr.gsu.edu\/hbasees\/thermo\/heatra.html#c1\">transferencia de calor<\/a>, y a la eficiencia posible en los\u00a0<a href=\"http:\/\/hyperphysics.phy-astr.gsu.edu\/hbasees\/thermo\/heaeng.html#c1\">motores t\u00e9rmicos<\/a>. De este modo, va m\u00e1s all\u00e1 de las limitaciones impuestas por la\u00a0<a href=\"http:\/\/hyperphysics.phy-astr.gsu.edu\/hbasees\/thermo\/firlaw.html#c1\">primera ley de la termodin\u00e1mica<\/a>. Sus implicaciones se pueden visualizar en t\u00e9rminos de la analog\u00eda con la cascada<\/p>\n<h2 align=\"right\"><a href=\"http:\/\/www.sc.ehu.es\/sbweb\/fisica\/estadistica\/estadistica.htm\">F\u00edsica Estad\u00edstica y Termodin\u00e1mica<\/a><\/h2>\n<p><a href=\"http:\/\/www.sc.ehu.es\/sbweb\/fisica\/estadistica\/segundo\/segundo.htm#Enunciados%20de%20Clausius%20y%20Kelvin-Planck\">Enunciados de Clausius y Kelvin-Planck<\/a><\/p>\n<p><a href=\"http:\/\/www.sc.ehu.es\/sbweb\/fisica\/estadistica\/segundo\/segundo.htm#Equivalencia%20entre%20el%20enunciados%20de%20Clausius%20y%20de%20Kelvin-Planck\">Equivalencia entre los enunciado de Clausius y de Kelvin-Planck<\/a><\/p>\n<p><a href=\"http:\/\/www.sc.ehu.es\/sbweb\/fisica\/estadistica\/segundo\/segundo.htm#L%C3%ADmite%20en%20el%20rendimiento%20de%20un%20motor%20real\">L\u00edmite en el rendimiento de un motor real<\/a><\/p>\n<p><a href=\"http:\/\/www.sc.ehu.es\/sbweb\/fisica\/estadistica\/segundo\/segundo.htm#Concepto%20de%20entrop%C3%ADa\">Concepto de <a href=\"#\" onclick=\"referencia('entropia',event); return false;\">entrop\u00eda<\/a><\/a><\/p>\n<p><a href=\"http:\/\/www.sc.ehu.es\/sbweb\/fisica\/estadistica\/segundo\/segundo.htm#Variaciones%20de%20entrop%C3%ADa%20en%20procesos%20termodin%C3%A1micos\">Variaciones de <a href=\"#\" onclick=\"referencia('entropia',event); return false;\">entrop\u00eda<\/a> en procesos irreversibles<\/a><\/p>\n<p>&nbsp;<\/p>\n<p><img decoding=\"async\" loading=\"lazy\" class=\"\" src=\"https:\/\/i.ytimg.com\/vi\/LAmBg7OzUcE\/maxresdefault.jpg\" alt=\"&#x1f4aa; TERMODIN\u00c1MICA. TODO lo que DEBES SABER para ESTUDIAR TERMODIN\u00c1MICA [&#x1f449; PARTE 1 ESPECIAL PARA T\u00cd] - YouTube\" width=\"644\" height=\"362\" \/><\/p>\n<p style=\"text-align: justify;\">Lo que actualmente se conoce como segundo principio de la termodin\u00e1mica se puede expresar de muchas formas diferentes, pero su primer enunciado se debe al f\u00edsico brit\u00e1nico William Thomson (quien fuera posteriormente lord Kelvin) en 1852. La cuesti\u00f3n principal sobre la que Thomson llam\u00f3 la atenci\u00f3n era la idea de la disipaci\u00f3n \u2013que, aunque el modo en que funciona el mundo natural se puede describir como un gran motor que convierte el calor en trabajo (o en movimiento, que viene a ser lo mismo), debe haber siempre algo de calor que se disipa durante el proceso, aunque realmente no se pierde, sino que se propaga por todo el universo, haciendo que la temperatura global suba una pizca, una cantidad imperceptible-Esto va m\u00e1s all\u00e1 del principio, o ley, de la conservaci\u00f3n de la energ\u00eda (el primer principio de la termodin\u00e1mica), porque en este caso, aunque la cantidad total de energ\u00eda del mundo (expresi\u00f3n con la que los victorianos se refer\u00edan a lo que actualmente llamar\u00edamos el universo) se mantiene siempre igual, la cantidad de energ\u00eda \u00fatil siempre est\u00e1 disminuyendo. Esto implica que los f\u00edsicos necesitaban un m\u00e9todo para cuantificar la cantidad de energ\u00eda \u00fatil existente en un sistema cerrado, o en el mundo (el universo en toda su amplitud), de tal manera que pudiera tenerla en cuenta y manejarla en sus ecuaciones. Esto indujo a Rudolf Clausius a proponer el concepto de <a href=\"#\" onclick=\"referencia('entropia',event); return false;\">entrop\u00eda<\/a>, lo cual hizo en Alemania a mediados de la d\u00e9cada de 1860.<\/p>\n<p>&nbsp;<\/p>\n<p><img decoding=\"async\" src=\"https:\/\/joseantoniomartin.files.wordpress.com\/2019\/06\/que-es-la-entropia.jpg?w=461&amp;h=283\" alt=\"La Entrop\u00eda | Blog de Jose Antonio Martin\" \/><\/p>\n<p>&nbsp;<\/p>\n<p style=\"text-align: justify;\">La <a href=\"#\" onclick=\"referencia('entropia',event); return false;\">entrop\u00eda<\/a> mide la cantidad de orden que hay en un sistema y, si el desorden aumenta, tambi\u00e9n lo hace la <a href=\"#\" onclick=\"referencia('entropia',event); return false;\">entrop\u00eda<\/a>. Sabiendo que en el mundo real el desorden crece en todo sistema cerrado (las cosas se desgastan) a medida que pasa el tiempo, el inevitable aumento de la <a href=\"#\" onclick=\"referencia('entropia',event); return false;\">entrop\u00eda<\/a> define una direcci\u00f3n del tiempo, una flecha que parte del pasado ordenado y apunta hacia el futuro desordenado. Dado que este proceso parec\u00eda inevitable y universal, los especialistas en termodin\u00e1mica de la era victoriana preve\u00edan un destino \u00faltimo del universo en el que toda la energ\u00eda \u00fatil se habr\u00eda convertido en calor y todo ser\u00eda una mezcla templada de materia a temperatura uniforme, una situaci\u00f3n desoladora que llamaban la \u201cmuerte t\u00e9rmica\u201d del universo.<\/p>\n<p>&nbsp;<\/p>\n<p><img decoding=\"async\" loading=\"lazy\" class=\"\" src=\"https:\/\/media.admagazine.com\/photos\/618a61c851ab72df0a764121\/master\/w_1600%2Cc_limit\/81808.jpg\" alt=\"7 h\u00e1bitos para tener una vida m\u00e1s sustentable en 2021 | Architectural Digest\" width=\"349\" height=\"183\" \/><img decoding=\"async\" loading=\"lazy\" class=\"\" src=\"https:\/\/definicion.de\/wp-content\/uploads\/2010\/04\/felicidad.jpg\" alt=\"Vida - Qu\u00e9 es, definici\u00f3n y concepto\" width=\"324\" height=\"182\" \/><img decoding=\"async\" loading=\"lazy\" class=\"\" src=\"https:\/\/www.plenainclusion.org\/wp-content\/uploads\/2022\/12\/ilustracion-evolucion-edad-mujeres-historia-de-vida.png\" alt=\"Historia de vida - Plena inclusi\u00f3n\" width=\"672\" height=\"453\" \/><\/p>\n<p><strong>La vida, como sistema cerrado, est\u00e1 ineludiblemente sometida a la Entrop\u00eda con el paso del Tiempo<\/strong><\/p>\n<p style=\"text-align: justify;\">La vida, por supuesto, parece desafiar este proceso creando orden y estructuras a partir de materiales desordenados (o, en todo caso, menos desordenados). No parece m\u00e1s que, el Universo, act\u00faa como si tuviera una consciencia y, hubiera creado la vida para que, a trav\u00e9s de ella, pudiera evitar ese final. Una planta, por ejemplo, construye su estructura, y puede fabricar flores de gran belleza, a partir del di\u00f3xido de carbono, agua y unos pocos restos de otros productos qu\u00edmicos. Pero s\u00f3lo puede hacerlo con la ayuda de la luz solar, es decir, con energ\u00eda procedente de una fuente externa. La Tierra, y en particular la vida que se desarrolla en ella, no es un sistema cerrado. Es posible demostrar, utilizando las ecuaciones desarrolladas por Thomson, Clausius y sus contempor\u00e1neos, que, en cualquier lugar del Universo donde aparece un foco de orden, esto se hace a costa de que se produzca m\u00e1s desorden en otro lugar.<\/p>\n<p>&nbsp;<\/p>\n<p><img decoding=\"async\" src=\"https:\/\/www.researchgate.net\/publication\/270157378\/figure\/fig2\/AS:669545463308301@1536643486595\/Figura-2-Escala-microscopica-y-nanoscopica-en-diferentes-particulas-y-su-relacion-con-el.ppm\" alt=\"Escala microsc\u00f3pica y nanosc\u00f3pica en diferentes part\u00edculas y su... | Download Scientific Diagram\" \/><img decoding=\"async\" loading=\"lazy\" class=\"\" src=\"https:\/\/www.adeituv.es\/wp-content\/uploads\/Screenshot_2022-03-11_at_00.27.28.png\" alt=\"Explorar el universo, desde escalas microsc\u00f3picas hasta distancias cosmol\u00f3gicas, en un workshop orientado a postgraduados - ADEIT | Fundaci\u00f3n Universidad-Empresa de la Universitat de Val\u00e8ncia\" width=\"504\" height=\"286\" \/><\/p>\n<p>&nbsp;<\/p>\n<p style=\"text-align: justify;\">A escala macrosc\u00f3pica, seg\u00fan unas leyes deducidas a partir de experimentos y observaci\u00f3n siguiendo procedimientos cient\u00edficos aprobados, ensayados y comprobados, el universo act\u00faa de un modo irreversible. Nunca se puede hacer que las cosas vuelvan a ser como sol\u00edan, todo lo que surge, aunque nos parezca igual, no lo es. Todo lo nuevo que surge a partir de lo que hab\u00eda, est\u00e1 m\u00e1s evolucionado y, de alguna manera, es diferente. Pero precisamente en nuestro sencillo y cl\u00e1sico ejemplo de irreversibilidad termodin\u00e1mica, la <a href=\"#\" onclick=\"referencia('entropia',event); return false;\">entrop\u00eda<\/a> y la flecha del tiempo podemos observar con claridad la dicotom\u00eda aparente entre el mundo macrosc\u00f3pico y el mundo microsc\u00f3pico. A nivel de los \u00e1tomos y las mol\u00e9culas que componen el gas (en realidad un nivel sub-microsc\u00f3pico, pero nadie lo tiene en cuenta), toda colisi\u00f3n es, seg\u00fan las leyes de <a href=\"#\" onclick=\"referencia('newton',event); return false;\">Newton<\/a>, perfectamente reversible y, en ese modelo del movimiento inverso no habr\u00eda nada que estuviera prohibido por las leyes de <a href=\"#\" onclick=\"referencia('newton',event); return false;\">Newton<\/a>. Obedeciendo ciegamente esas leyes, los \u00e1tomos y las mol\u00e9culas recorrer\u00edan su camino inverso para volver a quedarse en su posici\u00f3n original, con independencia del n\u00famero de sucesos e interacciones que pudieran haber sufrido durante el proceso. Sin embargo, en el mundo real, nunca vemos que los sistemas act\u00faen de esa manera. Las civilizaciones pasan y llegan otras nuevas, aquellas que se fueron, nunca volver\u00e1n. De la misma manera, cuando una estrella, al final de su vida, explota como supernova y deja sembrado el espacio interestelar de una hermosa Nebulosa de la que, mucho m\u00e1s tarde, surgir\u00e1n nuevas estrellas, \u00e9stas, ser\u00e1n de otra generaci\u00f3n, m\u00e1s complejas y, aunque seguir\u00e1n siendo estrellas, estar\u00e1n clasificadas como diferentes, m\u00e1s complejas y evolucionadas que aquellas en las que tienen su origen.<\/p>\n<p>&nbsp;<\/p>\n<p><img decoding=\"async\" src=\"https:\/\/www.mheducation.es\/download-resource\/blog\/23-el-caos-es-cosa-matematica-600.jpg\" alt=\"El caos es cosa matem\u00e1tica\" \/><\/p>\n<p><strong>\u00a0 \u00a0 \u00a0 \u00a0 \u00a0 \u00a0 \u00a0 \u00a0 \u00a0 \u00a0 \u00a0 \u00a0 \u00a0 \u00a0 \u00a0 \u00a0 \u00a0 \u00a0 \u00a0 \u00a0 \u00a0 \u00a0 \u00a0 \u00a0 \u00a0 \u00a0 \u00a0 \u00a0 \u00a0El Caos fue siempre un tema matem\u00e1tico<\/strong><\/p>\n<p style=\"text-align: justify;\">Me propon\u00eda al comenzar este trabajo a exponer muchas m\u00e1s cosas pero, como siempre pasa, el espacio y el tiempo no dan para tanto en este lugar y, dejo pendiente explicar c\u00f3mo surge el Caos a partir del Orden y el Orden a partir del Caos, c\u00f3mo podemos llegar al borde del Caos y qu\u00e9 transiciones de fase tienen que producirse para que, la normalidad y la simetr\u00eda vuelva a reinar a partir de ese desorden que, en un principio, podr\u00eda parecer irreversible.<\/p>\n<p style=\"text-align: justify;\">De todo lo que aqu\u00ed hemos hablado, se puede tomar raz\u00f3n y llegar a tener una razonada conciencia en el estudio de una galaxia espiral que, con sus millones de estrellas brillantes en los brazos espirales y sus estrellas rojas y m\u00e1s viejas en el centro gal\u00e1ctico, nos hablan claramente de la flecha del tiempo y de la <a href=\"#\" onclick=\"referencia('entropia',event); return false;\">entrop\u00eda<\/a> al considerar, la galaxia, como el sistema cerrado que, poco a poco, va torn\u00e1ndose m\u00e1s y m\u00e1s compleja en la composici\u00f3n de la materia que la conforma que, de manera irreversible va sufriendo transformaciones de todo tipo que, finalmente, la llevar\u00e1 a un estado cr\u00edtico que hasta se podr\u00eda transformar en un inmenso <a href=\"#\" onclick=\"referencia('agujero negro',event); return false;\">agujero negro<\/a> como resultado final del proceso.<\/p>\n<p style=\"text-align: justify;\">Mucho es lo que nos queda por saber, lo que sabemos, reconociendo que no es poco para el exiguo tiempo que llevamos aqu\u00ed (en la medida del reloj del universo), es a\u00fan insuficiente para lo que la Humanidad necesita saber. Nuestra ignorancia es grande, muy grande\u2026, casi infinita, si la contraponemos con todo aquellos que nos queda por descubrir de los secretos de la Naturaleza. Nunca podremos acabar ese aprendizaje que se pierde en la lejan\u00eda de la flecha del tiempo en ese infinito que llamamos futuro.<\/p>\n<p style=\"text-align: justify;\">emilio silvera<\/p>\n<div class='bookmark'>\r\n\t\t<table align='left' border='0' cellpadding='0' width='100%'>\r\n\t\t<tr><td><span class='pushbutton'><a href='http:\/\/delicious.com\/post?url=http%3A%2F%2Fwww.emiliosilveravazquez.com%2Fblog%2F2023%2F12%2F09%2Fincertidumbre-orden-caos-entropia%25e2%2580%25a6vida%2F&amp;title=Incertidumbre%2C+Orden%2C+Caos%2C+Entrop%C3%ADa%E2%80%A6Vida.' title='Delicious' target='_blank' rel='nofollow'><img src='http:\/\/www.emiliosilveravazquez.com\/blog\/wp-content\/plugins\/knxdt-bookmarks-wordpress-plugin\/images\/delicious.png'  alt='' class='book_img' border='none' style='margin:1px; padding: 0;'  \/><\/a><\/span><span class='pushbutton'><a href='http:\/\/digg.com\/submit?url=http%3A%2F%2Fwww.emiliosilveravazquez.com%2Fblog%2F2023%2F12%2F09%2Fincertidumbre-orden-caos-entropia%25e2%2580%25a6vida%2F&amp;title=Incertidumbre%2C+Orden%2C+Caos%2C+Entrop%C3%ADa%E2%80%A6Vida.' title='Digg' target='_blank' rel='nofollow'><img src='http:\/\/www.emiliosilveravazquez.com\/blog\/wp-content\/plugins\/knxdt-bookmarks-wordpress-plugin\/images\/digg.png'  alt='' class='book_img' border='none' style='margin:1px; padding: 0;'  \/><\/a><\/span><span class='pushbutton'><a href='http:\/\/www.google.com\/bookmarks\/mark?op=edit&amp;bkmk=http%3A%2F%2Fwww.emiliosilveravazquez.com%2Fblog%2F2023%2F12%2F09%2Fincertidumbre-orden-caos-entropia%25e2%2580%25a6vida%2F&amp;title=Incertidumbre%2C+Orden%2C+Caos%2C+Entrop%C3%ADa%E2%80%A6Vida.' title='Google' target='_blank' rel='nofollow'><img src='http:\/\/www.emiliosilveravazquez.com\/blog\/wp-content\/plugins\/knxdt-bookmarks-wordpress-plugin\/images\/google.png'   alt='' class='book_img' border='none' style='margin:1px; padding: 0;'  \/><\/a><\/span><span class='pushbutton'><a href='http:\/\/myweb2.search.yahoo.com\/myresults\/bookmarklet?u=http%3A%2F%2Fwww.emiliosilveravazquez.com%2Fblog%2F2023%2F12%2F09%2Fincertidumbre-orden-caos-entropia%25e2%2580%25a6vida%2F&amp;t=Incertidumbre%2C+Orden%2C+Caos%2C+Entrop%C3%ADa%E2%80%A6Vida.' title='Yahoo' target='_blank' rel='nofollow'><img src='http:\/\/www.emiliosilveravazquez.com\/blog\/wp-content\/plugins\/knxdt-bookmarks-wordpress-plugin\/images\/yahoo.png'  alt='' class='book_img' border='none' style='margin:1px; padding: 0;'  \/><\/a><\/span><span class='pushbutton'><a href='http:\/\/www.technorati.com\/faves?add=http%3A%2F%2Fwww.emiliosilveravazquez.com%2Fblog%2F2023%2F12%2F09%2Fincertidumbre-orden-caos-entropia%25e2%2580%25a6vida%2F' title='Technorati' target='_blank' rel='nofollow'><img src='http:\/\/www.emiliosilveravazquez.com\/blog\/wp-content\/plugins\/knxdt-bookmarks-wordpress-plugin\/images\/technorati.png'  alt='' class='book_img' border='none' style='margin:1px; padding: 0;'  \/><\/a><\/span><span class='pushbutton'><a href='http:\/\/meneame.net\/submit.php?url=http%3A%2F%2Fwww.emiliosilveravazquez.com%2Fblog%2F2023%2F12%2F09%2Fincertidumbre-orden-caos-entropia%25e2%2580%25a6vida%2F' title='Meneame' target='_blank' rel='nofollow'><img src='http:\/\/www.emiliosilveravazquez.com\/blog\/wp-content\/plugins\/knxdt-bookmarks-wordpress-plugin\/images\/meneame.png'  alt='' class='book_img' border='none' style='margin:1px; padding: 0;'  \/><\/a><\/span><span class='pushbutton'><a href='http:\/\/enchilame.com\/submit.php?url=http:\/\/www.emiliosilveravazquez.com\/blog\/2023\/12\/09\/incertidumbre-orden-caos-entropia%e2%80%a6vida\/' target='_blank' rel='nofollow'><img title='Enchilame' src='http:\/\/www.emiliosilveravazquez.com\/blog\/wp-content\/plugins\/knxdt-bookmarks-wordpress-plugin\/images\/enchilame.png'  alt='' class='book_img' border='none' style='margin:1px; padding: 0;'  \/><\/a><\/span><span class='pushbutton'><a href='http:\/\/www.blinklist.com\/index.php?Action=Blink\/addblink.php&amp;Description=&amp;Url=http%3A%2F%2Fwww.emiliosilveravazquez.com%2Fblog%2F2023%2F12%2F09%2Fincertidumbre-orden-caos-entropia%25e2%2580%25a6vida%2F&amp;title=Incertidumbre%2C+Orden%2C+Caos%2C+Entrop%C3%ADa%E2%80%A6Vida.' title='BlinkList' target='_blank' rel='nofollow'><img src='http:\/\/www.emiliosilveravazquez.com\/blog\/wp-content\/plugins\/knxdt-bookmarks-wordpress-plugin\/images\/blinklist.png'  alt='' class='book_img' border='none' style='margin:1px; padding: 0;'  \/><\/a><\/span><span class='pushbutton'><a href='http:\/\/reddit.com\/submit?url=http%3A%2F%2Fwww.emiliosilveravazquez.com%2Fblog%2F2023%2F12%2F09%2Fincertidumbre-orden-caos-entropia%25e2%2580%25a6vida%2F&amp;title=Incertidumbre%2C+Orden%2C+Caos%2C+Entrop%C3%ADa%E2%80%A6Vida.' title='Reddit' target='_blank' rel='nofollow'><img src='http:\/\/www.emiliosilveravazquez.com\/blog\/wp-content\/plugins\/knxdt-bookmarks-wordpress-plugin\/images\/reddit.png'  alt='' class='book_img' border='none' style='margin:1px; padding: 0;'  \/><\/a><\/span><span class='pushbutton'><a href='http:\/\/www.tecnologiadiaria.com\/2009\/07\/abrir-com-hotmail-correo.html' target='_blank' title='hotmail'><img src='http:\/\/www.emiliosilveravazquez.com\/blog\/wp-content\/plugins\/knxdt-bookmarks-wordpress-plugin\/images\/linklove.png' alt='hotmail correo' class='book_img' border='none' style='margin:1px; padding: 0;' \/><\/a><\/span><span class='pushbutton'><a href='http:\/\/bitacoras.com\/votar\/anotacion\/externo\/mini\/www.emiliosilveravazquez.com\/blog\/2023\/12\/09\/incertidumbre-orden-caos-entropia%e2%80%a6vida\/' title='Bitacoras.com' target='_blank' rel='nofollow'><img src='http:\/\/www.emiliosilveravazquez.com\/blog\/wp-content\/plugins\/knxdt-bookmarks-wordpress-plugin\/images\/bitacoras.png'  alt='' class='book_img' border='none' style='margin:1px; padding: 0;'  \/><\/a><\/span><span class='pushbutton'><a href='http:\/\/www.wikio.es\/vote?url=http%3A%2F%2Fwww.emiliosilveravazquez.com%2Fblog%2F2023%2F12%2F09%2Fincertidumbre-orden-caos-entropia%25e2%2580%25a6vida%2F' title='Wikio' target='_blank' rel='nofollow'><img src='http:\/\/www.emiliosilveravazquez.com\/blog\/wp-content\/plugins\/knxdt-bookmarks-wordpress-plugin\/images\/wikio.png'   alt='' class='book_img' border='none' style='margin:1px; padding: 0;'   \/><\/a><\/span><span class='pushbutton'><a href='http:\/\/friendfeed.com\/?url=http%3A%2F%2Fwww.emiliosilveravazquez.com%2Fblog%2F2023%2F12%2F09%2Fincertidumbre-orden-caos-entropia%25e2%2580%25a6vida%2F&amp;title=Incertidumbre%2C+Orden%2C+Caos%2C+Entrop%C3%ADa%E2%80%A6Vida.' title='Friend Feed' target='_blank' rel='nofollow'><img src='http:\/\/www.emiliosilveravazquez.com\/blog\/wp-content\/plugins\/knxdt-bookmarks-wordpress-plugin\/images\/friendfeed.png'  alt='' class='book_img' border='none' style='margin:1px; padding: 0;'  \/><\/a><\/span><span class='pushbutton'><a href='http:\/\/www.facebook.com\/share.php?u=http%3A%2F%2Fwww.emiliosilveravazquez.com%2Fblog%2F2023%2F12%2F09%2Fincertidumbre-orden-caos-entropia%25e2%2580%25a6vida%2F&amp;t=Incertidumbre%2C+Orden%2C+Caos%2C+Entrop%C3%ADa%E2%80%A6Vida.' title='Facebook' target='_blank' rel='nofollow'><img src='http:\/\/www.emiliosilveravazquez.com\/blog\/wp-content\/plugins\/knxdt-bookmarks-wordpress-plugin\/images\/facebook.png'  alt='' class='book_img' border='none' style='margin:1px; padding: 0;'  \/><\/a><\/span><span class='pushbutton'><a href='http:\/\/twitter.com\/home?status=Incertidumbre%2C+Orden%2C+Caos%2C+Entrop%C3%ADa%E2%80%A6Vida.: http%3A%2F%2Fwww.emiliosilveravazquez.com%2Fblog%2F2023%2F12%2F09%2Fincertidumbre-orden-caos-entropia%25e2%2580%25a6vida%2F' title='Twitter' target='_blank' rel='nofollow'><img src='http:\/\/www.emiliosilveravazquez.com\/blog\/wp-content\/plugins\/knxdt-bookmarks-wordpress-plugin\/images\/twitter.png'  alt='' class='book_img' border='none' style='margin:1px; padding: 0;'  \/><\/a><\/span><span class='pushbutton'><a href='http:\/\/www.feedburner.com\/fb\/a\/emailFlare?itemTitle=Incertidumbre%2C+Orden%2C+Caos%2C+Entrop%C3%ADa%E2%80%A6Vida.&amp;uri=http%3A%2F%2Fwww.emiliosilveravazquez.com%2Fblog%2F2023%2F12%2F09%2Fincertidumbre-orden-caos-entropia%25e2%2580%25a6vida%2F' title='Enviar por Email' target='_blank' rel='nofollow'><img src='http:\/\/www.emiliosilveravazquez.com\/blog\/wp-content\/plugins\/knxdt-bookmarks-wordpress-plugin\/images\/email.png'  alt='' class='book_img' border='none' style='margin:1px; padding: 0;'  \/><\/a><\/span><span style='font-weight:bold; padding-left: 5px;'><a href='http:\/\/wordpress.org\/extend\/plugins\/knxdt-bookmarks-wordpress-plugin\/' title='Plugin' rel='nofollow' target='_blank'>[?]<\/a><\/span><\/td><\/tr><\/table><br\/><br\/><\/div>","protected":false},"excerpt":{"rendered":"<p>\u00a0 \u00a0 \u00a0 \u00a0 \u00a0 \u00a0 \u00a0 \u00a0 \u00a0 \u00a0 \u00a0 \u00a0 \u00a0 Mol\u00e9culas, \u00e1tomos y conexiones para formar pensamientos A veces, al ver la presencia de vida en el Universo, uno est\u00e1 tentado de pensar que existe una Conciencia C\u00f3smica Imaginemos una mente inteligente que, en todo momento, pudiera tener conocimiento de todas las [&hellip;]<\/p>\n","protected":false},"author":2,"featured_media":0,"comment_status":"open","ping_status":"open","sticky":false,"template":"","format":"standard","meta":{"_s2mail":"yes","footnotes":""},"categories":[68],"tags":[],"_links":{"self":[{"href":"http:\/\/www.emiliosilveravazquez.com\/blog\/wp-json\/wp\/v2\/posts\/5916"}],"collection":[{"href":"http:\/\/www.emiliosilveravazquez.com\/blog\/wp-json\/wp\/v2\/posts"}],"about":[{"href":"http:\/\/www.emiliosilveravazquez.com\/blog\/wp-json\/wp\/v2\/types\/post"}],"author":[{"embeddable":true,"href":"http:\/\/www.emiliosilveravazquez.com\/blog\/wp-json\/wp\/v2\/users\/2"}],"replies":[{"embeddable":true,"href":"http:\/\/www.emiliosilveravazquez.com\/blog\/wp-json\/wp\/v2\/comments?post=5916"}],"version-history":[{"count":0,"href":"http:\/\/www.emiliosilveravazquez.com\/blog\/wp-json\/wp\/v2\/posts\/5916\/revisions"}],"wp:attachment":[{"href":"http:\/\/www.emiliosilveravazquez.com\/blog\/wp-json\/wp\/v2\/media?parent=5916"}],"wp:term":[{"taxonomy":"category","embeddable":true,"href":"http:\/\/www.emiliosilveravazquez.com\/blog\/wp-json\/wp\/v2\/categories?post=5916"},{"taxonomy":"post_tag","embeddable":true,"href":"http:\/\/www.emiliosilveravazquez.com\/blog\/wp-json\/wp\/v2\/tags?post=5916"}],"curies":[{"name":"wp","href":"https:\/\/api.w.org\/{rel}","templated":true}]}}