{"id":5741,"date":"2013-08-10T04:16:37","date_gmt":"2013-08-10T03:16:37","guid":{"rendered":"http:\/\/www.emiliosilveravazquez.com\/blog\/?p=5741"},"modified":"2013-08-10T11:11:35","modified_gmt":"2013-08-10T10:11:35","slug":"%c2%bfcomo-se-desarrollo-la-t-de-la-rel","status":"publish","type":"post","link":"http:\/\/www.emiliosilveravazquez.com\/blog\/2013\/08\/10\/%c2%bfcomo-se-desarrollo-la-t-de-la-rel\/","title":{"rendered":"\u00bfC\u00f3mo se desarroll\u00f3 la  T. de la Relatividad?"},"content":{"rendered":"<p style=\"text-align: justify;\">A ella se pudo llegar gracias al desarrollo de una serie de pensamientos que comienza por Faraday y Maxwell y asentados en el principio de que todo suceso f\u00edsico debe atribuirse a acciones cercanas, o, dicho en t\u00e9rminos m\u00e1s matem\u00e1ticos, en ecuaciones a derivadas parciales. Maxwell consigui\u00f3 expresarlo as\u00ed para el caso de los fen\u00f3menos electromagn\u00e9ticos en cuerpos inm\u00f3viles, desarrollando la idea del efecto magn\u00e9tico de la corriente de desplazamiento en el vac\u00edo y proponiendo la identidad entre los campos &#8220;electromotores&#8221; producidos por inducci\u00f3n y los campos electrost\u00e1ticos.<\/p>\n<p style=\"text-align: justify;\">\n<p style=\"text-align: justify;\">\n<p style=\"text-align: center;\"><img decoding=\"async\" loading=\"lazy\" class=\"aligncenter\" src=\"http:\/\/4.bp.blogspot.com\/-7HTxOSn_yeg\/TYJ_knLF_rI\/AAAAAAAAAEY\/3itOCoSTr2w\/s1600\/geomaginfo1.jpg\" alt=\"\" width=\"450\" height=\"329\" \/><\/p>\n<p style=\"text-align: center;\">\n<p style=\"text-align: center;\">Con esta reconocida imagen nos podemos hacer una idea del campo magn\u00e9tico<\/p>\n<p style=\"text-align: justify;\">La ampliaci\u00f3n de la electrodin\u00e1mica al caso de los cuerpos en movimiento fue una tarea que qued\u00f3 para los sucesores de Maxwell. H. Hertz intent\u00f3 resolver el problema asignado al espacio vac\u00edo (\u00e9ter) unas propiedades f\u00edsicas totalmente similares a las de la materia ponderable; en particular, el \u00e9ter, al igual que la materia deber\u00eda poseer determinada velocidad en cada punto. La inducci\u00f3n electromagn\u00e9tica o magneto-el\u00e9ctrica deb\u00eda estar determinada por la velocidad de variaci\u00f3n del flujo el\u00e9ctrico, o magn\u00e9tico, como en los cuerpos en reposo, siempre que estas variaciones de velocidad se produjeran con respecto a elementos de la superficie que se movieran con el cuerpo. Sin embargo, la teor\u00eda de Hertz contradec\u00eda el experimento fundamental de Fizeau sobre la propagaci\u00f3n de la luz a trav\u00e9s de fluidos en movimiento. La ampliaci\u00f3n m\u00e1s inmediata de la teor\u00eda de Maxwell a los cuerpos en movimiento era incompatible con el experimento.<\/p>\n<p style=\"text-align: justify;\">En ese punto la salvaci\u00f3n lleg\u00f3 de la mano de H. A. Lorentz. Siendo partidiario incondicional de la teor\u00eda atomista de la materia, Lorentz no pod\u00b4\u00e7ia concebir esta \u00faltima como un emplazamiento de campos electromagn\u00e9ticos continuos. En consecuencia, concibi\u00f3 estos campos como condiciones o estados del \u00e9ter, quer se consideraba continuo. Lorentz se imaginaba el \u00e7eter como algo que en esencia era independiente de la amteria, tanto mec\u00e1nica como f\u00edsicamente. El \u00e9ter no deb\u00eda participar del movimientod de la amteria y s\u00f3lo deb\u00b4\u00e7ia mantener una interacci\u00f3n con ella en tanto que la materia se conceb\u00eda como conductora de cargas el\u00e9cricas ligadas a ella.<\/p>\n<p><!--more--><\/p>\n<p style=\"text-align: center;\"><img decoding=\"async\" loading=\"lazy\" class=\"aligncenter\" src=\"http:\/\/es.dreamstime.com\/n-uacutecleo-at-oacutemico-thumb17187841.jpg\" alt=\"N\u00facleo At\u00f3mico\" width=\"400\" height=\"400\" \/><\/p>\n<p>&nbsp;<\/p>\n<p>&nbsp;<\/p>\n<p style=\"text-align: justify;\">Bien sabido es de todos que el \u00e1tomo es un conglomerado de cargas el\u00e9ctricas que, siendo positivas (<a href=\"#\" onclick=\"referencia('proton',event); return false;\">protones<\/a>) y negativas (<a href=\"#\" onclick=\"referencia('electron',event); return false;\">electrones<\/a>), al ser equivalentes se anulan las unas a las otras y se logra la armon\u00eda y estabilidad requerida para que, al universe formen las mol\u00e9culas y, \u00e9stas, se agrupan para conformar la materia.<\/p>\n<p style=\"text-align: justify;\">El gran avance metodol\u00f3gico de la teor\u00eda de Lorentz resid\u00eda en el hecho de que, gracias a ella, toda la electrodin\u00e1mica de los cuerpos en reposo y en movimiento se pod\u00eda reducir a las ecuaciones del espacio vac\u00edo de Maxwell. Esta teor\u00eda no s\u00f3lo era superior a la de Hertz desde un punto de vista metodol\u00f3gico, sino que, adem\u00e1s, gracias a ella, H. A. Lorentz consigui\u00f3 dar una explicaci\u00f3n asombrosamente acertada de los hechos experimentales.<\/p>\n<p style=\"text-align: justify;\">S\u00f3lo hay un punto de importancia fundamental en el que la teor\u00eda no resulta satisfactoria. Parece ser que daba preferencia a un sistema de coordenadas que se encontrara en un determinado estado de movimiento (un sistema de coordenadas que estaba en reposo con respecto al \u00e9ter lumin\u00edfero) frente a todos los dem\u00e1s sistemas de coordenadas que se encontraran en movimiento con relaci\u00f3n a \u00e9ste. En este punto parec\u00eda que la teor\u00eda estaba en contradicci\u00f3n frontal con la mec\u00e1nica cl\u00e1sica, en la cual todos los sistemas inerciales (que tienen un movimiento uniforme unos con respecto a otros) son equivalentes como sistemas de coordenadas (principio especial de la <a href=\"#\" onclick=\"referencia('relatividad',event); return false;\">relatividad<\/a>). En este sentido, todos los experimentos realizados en el \u00e1mbito de la electrodin\u00e1mica (en particular el experimento de Michelson) pon\u00eda de manifiesto la equivalencia de todos los sistemas inerciales, es decir, apoyaban el principio especial de la <a href=\"#\" onclick=\"referencia('relatividad',event); return false;\">relatividad<\/a>.<\/p>\n<p style=\"text-align: justify;\">\n<p style=\"text-align: justify;\">\n<p style=\"text-align: center;\"><img decoding=\"async\" loading=\"lazy\" id=\"rg_hi\" class=\"aligncenter\" src=\"http:\/\/t1.gstatic.com\/images?q=tbn:ANd9GcQwlNXMkcML8DFVKKMMt-Tdu1uQ41c5aD8NDwZ112dztYdvMC_43Q\" alt=\"\" width=\"225\" height=\"225\" data-height=\"225\" data-width=\"225\" \/><\/p>\n<p style=\"text-align: center;\">\n<p style=\"text-align: center;\">\n<p style=\"text-align: center;\">\n<p id=\"rg_ht\" style=\"text-align: justify;\">El movimiento del \u00e9ter siempre fue un misterio que muchos quisieron resolver y, para ello, se hicieron experimentos de todo tipo. El de Michelson-Morley vino a dejar claro el tema y sirvi\u00f3 a <a href=\"#\" onclick=\"referencia('einstein',event); return false;\">Einstein<\/a> para descartar el \u00e9ter de su teor\u00eda. Sin embargo, pasado el tiempo, ahora mismo, se est\u00e1 hablando de nuevo de la existencia de una especie de &#8220;\u00e9ter&#8221; que impregna todo el espacio.<\/p>\n<p style=\"text-align: justify;\">As\u00ed las cosas, la teor\u00eda especial de la <a href=\"#\" onclick=\"referencia('relatividad',event); return false;\">relatividad<\/a> surgi\u00f3 precisamente gracias a esta dificultad inicial, que en s\u00ed misma resultaba insoportable. La teor\u00eda naci\u00f3 como respuesta a la pregunta: \u00bfRealmente existe una contradicci\u00f3n entre el principio especial de la <a href=\"#\" onclick=\"referencia('relatividad',event); return false;\">relatividad<\/a> y las ecuaciones de campo de Maxwell para el espacio vac\u00edo? Aparentemente la respuesta ten\u00eda que ser afirmativa. Las mencionadas ecuaciones son va\u00b4lidas para un sistema de coordenadas K y se introduce un nuevo sistema de coordenadas K<sup>1<\/sup> mediante las ecuaciones de transformaci\u00f3n, aparentemente f\u00e1ciles de justificar (aqu\u00ed las obviar\u00e9) y que nos llevan a la transformaci\u00f3n de Galileo y, entonces, las ecuaciones de campo de Maxwell ya no se cumplen para esas nuevas coordenadas.<\/p>\n<p style=\"text-align: justify;\">\n<p style=\"text-align: justify;\">\n<p style=\"text-align: center;\">\u00a0<img decoding=\"async\" loading=\"lazy\" class=\"aligncenter\" title=\"Estaci\u00f3n Espacial Internacional \" src=\"http:\/\/esamultimedia.esa.int\/images\/ISS\/ISS_S5flight.jpg\" alt=\"\" width=\"432\" height=\"415\" \/><\/p>\n<p style=\"text-align: center;\">Las coordenadas han sido muy \u00fatiles y de fruct\u00edfero rendimiento<\/p>\n<p style=\"text-align: center;\">\n<p style=\"text-align: justify;\">Pero siguiendo con en tema tenemos que decir que, muchas veces, las apariencias enga\u00f1an. Mediante un an\u00e1lisis m\u00e1s profundo del significado f\u00edsico del espacio y del tiempo se puede ver que la transformaci\u00f3n de Galileo se basa en suposiciones arbitrarias, especialmente en la hip\u00f3tesis de que la afirmaci\u00f3n de la simultaneidad tiene un sentido independiente del estado de movimiento que tenga el sistema de coordenadas utilizado. Queda claro que las ecuciones de campo en el vac\u00edo satisfac\u00edan el principio especial de la <a href=\"#\" onclick=\"referencia('relatividad',event); return false;\">relatividad<\/a> cuando se utilizaban las ecuciones de la Transformaci\u00f3n de Lorentz.<\/p>\n<p style=\"text-align: justify;\">Es estas ecuaciones, x, y, z son las coordenadas medidas con una vara de medir que se encuentra en reposo con respecto al sistema de coordenadas (y aunque no las he querido reflejar aqu\u00ed para no enredar), y en ellas, t representa el tiempo medido con un reloj que se encuentra en reposo y est\u00e1 debidamente ajustado.<\/p>\n<p style=\"text-align: center;\">\u00a0<img decoding=\"async\" loading=\"lazy\" id=\"irc_mi\" style=\"margin-top: 68px;\" src=\"http:\/\/1.bp.blogspot.com\/_r40UrYfXcwc\/TAWbqw66qDI\/AAAAAAAAAAM\/7-tTiOgYc_M\/s1600\/galatomo.jpg\" alt=\"\" width=\"350\" height=\"258\" \/><\/p>\n<p style=\"text-align: center;\">Lo grande y lo peque\u00f1o: Eso es la Teor\u00eda<\/p>\n<p style=\"text-align: center;\">\n<p style=\"text-align: justify;\">Ahora bien, para que pueda cumplirse el principio especial de la <a href=\"#\" onclick=\"referencia('relatividad',event); return false;\">relatividad<\/a>, es necesario que todas las ecuaciones de la f\u00edasica conserven invariable su forma al pasar de un sistema inercial a otro, cuando utilizamos para este cambio la Transformaci\u00f3n de Lorentz. En lenguaje matem\u00e1tico, diremos que todos los sistemas de ecuaciones que expresan leyes f\u00edsicas deben ser covariantes con respecto a la Transformaci\u00f3n de Lorentz. Por consiguiente, bajo un punto de vista metodol\u00f3gico, el principio especial de la <a href=\"#\" onclick=\"referencia('relatividad',event); return false;\">relatividad<\/a> es comparable al principio de Carnot, que afirma la imposibilidad del perpetuum mobile (movimiento perpetuo o continuo) de segunda especie, ya que, al igual que este \u00faltimo, establece una condici\u00f3n general que deben cumplir todas las leyes naturales.<\/p>\n<p style=\"text-align: justify;\">Para esta condici\u00f3n de covariancia encontr\u00f3 H. <a href=\"#\" onclick=\"referencia('minkowski',event); return false;\">Minkowski<\/a> una espresi\u00f3n especialmente bella y sugerente que revela un parentesco formal entre la geometr\u00eda euclidea tridimensional y el continuo espacio-tiempo de la f\u00edsica.<\/p>\n<p style=\"text-align: justify;\">Seguidamente tendr\u00eda que ezponer aqu\u00ed un esquema con ecuaciones de la geometr\u00eda euclidea tridimensional y otro (para comparar) de la teor\u00eda especial de la <a href=\"#\" onclick=\"referencia('relatividad',event); return false;\">relatividad<\/a>. Sin embargo, no queriendo complejidades que desv\u00eden al lector de la historia esencial, dir\u00e9 que de ellas se deduce que el tiempo es equivalente a las cooordenadas espaciales (dejando a un lado sus relaciones con la realidad), no por lo que respecta a su significado f\u00edsico, sino por el papel que desempe\u00f1a en las ecuaciones de la f\u00edsica. desde este punto de vista, la f\u00edsica es en cierto modo una geometr\u00eda euclidea de cuatro dimensiones o, mejor dicho, un determinado tipo de est\u00e1tica en un continuo euclideo cuatridimensional.<\/p>\n<p style=\"text-align: justify;\">\n<p style=\"text-align: justify;\">\n<p style=\"text-align: center;\"><img decoding=\"async\" loading=\"lazy\" class=\"aligncenter\" src=\"http:\/\/smolinacalvo.files.wordpress.com\/2011\/04\/250px-world_line-es-svg1.png\" alt=\"http:\/\/smolinacalvo.files.wordpress.com\/2011\/04\/250px-world_line-es-svg1.png\" width=\"250\" height=\"255\" \/><\/p>\n<p style=\"text-align: center;\">Cono de luz en un espacio-tiempo de <a href=\"#\" onclick=\"referencia('minkowski',event); return false;\">Minkowski<\/a><\/p>\n<p style=\"text-align: center;\">\n<p style=\"text-align: center;\">\n<p style=\"text-align: justify;\">El desarrollo de la teor\u00eda especial de la <a href=\"#\" onclick=\"referencia('relatividad',event); return false;\">relatividad<\/a> se desarroll\u00f3 en dos pasos principales: la adaptaci\u00f3n de la m\u00e9trica espacio-temporal a la electrodin\u00e1mica de Maxwell y una adaptaci\u00f3n del resto de la f\u00edsca a esa m\u00e9trica espacio-temporal modificada. El primero de estos procesos de adaptaci\u00f3n profujo la relativizaci\u00f3n de la simultaneidad, la influencia del mocimiento en varas de medir y relojes, una modificaci\u00f3n de la cinem\u00e1tica y, en particular, un nuevo teorema de adici\u00edn de las velocidades.<\/p>\n<p style=\"text-align: justify;\">El segundo proceso de adaptaci\u00f3n dio lugar a una modificaci\u00f3n de las leyes newtonianas del movimiento para grandes velocidades, as\u00ed como una aclaraci\u00f3n sobre la naturaleza de la masa inercial cuya importancia es fundamental. Se descubri\u00f3 que la inercia no es una propiedad fundamental de la materia, ni una magnitud irreducible, sino una propiedad de la energ\u00eda. Si a un cuerpo se le suministra una energ\u00eda E, su masa inercial aumenta en una cantidad E\/c<sup>2<\/sup>, donde c es la velocidad de la luz en el vac\u00edo; a la inversa, un cuerpo de masa m debe ser considerado como una reserva de energ\u00eda de magnitud mc<sup>2<\/sup>.<\/p>\n<p style=\"text-align: justify;\">Cuando se intent\u00f3 establecer el v\u00ednculo entre las teor\u00edas de la gravitaci\u00f3n y la teor\u00eda especial de la <a href=\"#\" onclick=\"referencia('relatividad',event); return false;\">relatividad<\/a>, no tard\u00f3 en verse que esto no era posible de una manera natural. A prop\u00f3sito de ello a <a href=\"#\" onclick=\"referencia('einstein',event); return false;\">Einstein<\/a> de le ocurri\u00f3 que la fuerza de la gravedad posee una propiedad fundamental que la distingue de la <a href=\"#\" onclick=\"referencia('fuerza electromagnetica',event); return false;\">fuerza electromagn\u00e9tica<\/a>: todos los cuerpos caen en un campo gravitatorio con la misma aceleraci\u00f3n, o -formulando lo mismo de otra manera- la masa inercial y gravitatoria de un cuerpo son num\u00e9ricamente iguales.<\/p>\n<p style=\"text-align: justify;\">\n<p style=\"text-align: justify;\">\n<p style=\"text-align: center;\">\u00a0<img decoding=\"async\" loading=\"lazy\" id=\"rg_hi\" class=\"aligncenter\" src=\"http:\/\/t1.gstatic.com\/images?q=tbn:ANd9GcSAIvcs_3aOZol2uaIkBBTDZ62gEAVO3Pf6LcDgHGEy2cua8dKW-w\" alt=\"\" width=\"276\" height=\"183\" data-height=\"183\" data-width=\"276\" \/><\/p>\n<p style=\"text-align: center;\">\n<p id=\"rg_ht\">\u00a0\u00a0\u00a0\u00a0\u00a0\u00a0\u00a0\u00a0\u00a0\u00a0 \u00a0 \u00a0 \u00a0 \u00a0 \u00a0 \u00a0 \u00a0 \u00a0 \u00a0 \u00a0 \u00a0\u00a0 La vinculaci\u00f3n gravitatoria de los cuerpos es bien patente y, en la Tierra y la Luna, tenemos la mejor prueba de ello.<\/p>\n<p>&nbsp;<\/p>\n<p style=\"text-align: justify;\">Esta igualdad num\u00e9rica de la masa inercial y gravitatoria nos hace sospechar que ambas sean esencialmente id\u00e9nticas; pero \u00bfpueden las masas inerciales y gravitatorias ser realmente iguales? Esta pregunta nos lleva directamente a la teor\u00eda general de la <a href=\"#\" onclick=\"referencia('relatividad',event); return false;\">relatividad<\/a>. \u00bfNo ser\u00eda posible considerar que la Tierra no realiza un movimiento de rotaci\u00f3n, si concibo la fuerza centr\u00edfuga, que act\u00faa sobre los cuerpos que est\u00e1n en reposo con respecto a la Tierra, como un campo gravitatorio &#8220;real&#8221; (o como una parte del campo gravitatorio)? Si esta idea es viable, entonces est\u00e1 realmente demostrado que las masas inercial y gravitatoria son id\u00e9nticas, ya que el mismo efecto que se considera como inercia desde el punto de vista de un sistema que &#8220;no toma parte en la rotaci\u00f3n&#8221;, puede interpretarse como gravedad si se observa desde un sistema que comparte la rotaci\u00f3n. Seg\u00fan <a href=\"#\" onclick=\"referencia('newton',event); return false;\">Newton<\/a>, esta interpretaci\u00f3n es imposible, porque no se puede considerar seg\u00fan la ley de <a href=\"#\" onclick=\"referencia('newton',event); return false;\">Newton<\/a> que el campo centr\u00edfugo est\u00e9 generado por masas, y porque un campo &#8220;real&#8221; del tipo de &#8220;campo de Coriolis&#8221; no est\u00e1 contemplado en la teor\u00eda newtoniana.<\/p>\n<p style=\"text-align: center;\">\n<p style=\"text-align: center;\">\n<p style=\"text-align: center;\"><img decoding=\"async\" loading=\"lazy\" class=\"aligncenter\" title=\"velocidad-luz\" src=\"http:\/\/tec.nologia.com\/wp-content\/uploads\/2011\/09\/velocidad-luz.jpg\" alt=\"\" width=\"400\" height=\"320\" \/><\/p>\n<p style=\"text-align: center;\">\n<p style=\"text-align: center;\">\n<p style=\"text-align: justify;\">Pero, \u00bfser\u00eda posible sustituir la ley de campos de <a href=\"#\" onclick=\"referencia('newton',event); return false;\">Newton<\/a> por alguna otra compatible con el campo que puede existir con respecto a un sistema de coordenadas &#8220;en rotaci\u00f3n&#8221;? El convencimiento de que las masas inercial y gravitatoria son id\u00e9nticas inspir\u00f3 a <a href=\"#\" onclick=\"referencia('einstein',event); return false;\">Einstein<\/a> una confianza incondicional en la validez de esta interpretaci\u00f3n y, una idea le llen\u00f3 de esperanza: conocemos los campos &#8220;aparentes&#8221; que son v\u00e1lidos con respecto a cualquier sistema de coordenadas que se mueve arbitrariamente con relaci\u00f3n a un sistema inercial; utilizando los campos (especiales) se podr\u00e1 estudiar la ley que cunplen en general los campos gravitatorios. para ello habr\u00e1 que tener en cuanta que, como generadoras de estos campos, ser\u00e1n determinantes las masas ponderables, o bien lo ser\u00e1 la densidad de energ\u00eda (una magnitud que posee el caracter transformador de un tensor), seg\u00fan el resultado fundamental de la teor\u00eda especial de la <a href=\"#\" onclick=\"referencia('relatividad',event); return false;\">relatividad<\/a>.<\/p>\n<p style=\"text-align: justify;\">A partir de aqu\u00ed, tendr\u00edamos que entrar en el Tensor m\u00e9trico de Riemann pero, \u00a1el tiempo! como pasa siempre, me lo impide as\u00ed que, dejaremos para mejor ocasi\u00f3n el continuar con el tema que, como todo lo que concierne a <a href=\"#\" onclick=\"referencia('einstein',event); return false;\">Einstein<\/a>, termina siendo fascinante porque, dentro de su complejidad, subyace una sencillez de ideas que, finalmente, terminan por conquistarnos.<\/p>\n<p style=\"text-align: right;\"><em>emilio silvera<\/em><\/p>\n<div class='bookmark'>\r\n\t\t<table align='left' border='0' cellpadding='0' width='100%'>\r\n\t\t<tr><td><span class='pushbutton'><a href='http:\/\/delicious.com\/post?url=http%3A%2F%2Fwww.emiliosilveravazquez.com%2Fblog%2F2013%2F08%2F10%2F%25c2%25bfcomo-se-desarrollo-la-t-de-la-rel%2F&amp;title=%C2%BFC%C3%B3mo+se+desarroll%C3%B3+la++T.+de+la+Relatividad%3F' title='Delicious' target='_blank' rel='nofollow'><img src='http:\/\/www.emiliosilveravazquez.com\/blog\/wp-content\/plugins\/knxdt-bookmarks-wordpress-plugin\/images\/delicious.png'  alt='' class='book_img' border='none' style='margin:1px; padding: 0;'  \/><\/a><\/span><span class='pushbutton'><a href='http:\/\/digg.com\/submit?url=http%3A%2F%2Fwww.emiliosilveravazquez.com%2Fblog%2F2013%2F08%2F10%2F%25c2%25bfcomo-se-desarrollo-la-t-de-la-rel%2F&amp;title=%C2%BFC%C3%B3mo+se+desarroll%C3%B3+la++T.+de+la+Relatividad%3F' title='Digg' target='_blank' rel='nofollow'><img src='http:\/\/www.emiliosilveravazquez.com\/blog\/wp-content\/plugins\/knxdt-bookmarks-wordpress-plugin\/images\/digg.png'  alt='' class='book_img' border='none' style='margin:1px; padding: 0;'  \/><\/a><\/span><span class='pushbutton'><a href='http:\/\/www.google.com\/bookmarks\/mark?op=edit&amp;bkmk=http%3A%2F%2Fwww.emiliosilveravazquez.com%2Fblog%2F2013%2F08%2F10%2F%25c2%25bfcomo-se-desarrollo-la-t-de-la-rel%2F&amp;title=%C2%BFC%C3%B3mo+se+desarroll%C3%B3+la++T.+de+la+Relatividad%3F' title='Google' target='_blank' rel='nofollow'><img src='http:\/\/www.emiliosilveravazquez.com\/blog\/wp-content\/plugins\/knxdt-bookmarks-wordpress-plugin\/images\/google.png'   alt='' class='book_img' border='none' style='margin:1px; padding: 0;'  \/><\/a><\/span><span class='pushbutton'><a href='http:\/\/myweb2.search.yahoo.com\/myresults\/bookmarklet?u=http%3A%2F%2Fwww.emiliosilveravazquez.com%2Fblog%2F2013%2F08%2F10%2F%25c2%25bfcomo-se-desarrollo-la-t-de-la-rel%2F&amp;t=%C2%BFC%C3%B3mo+se+desarroll%C3%B3+la++T.+de+la+Relatividad%3F' title='Yahoo' target='_blank' rel='nofollow'><img src='http:\/\/www.emiliosilveravazquez.com\/blog\/wp-content\/plugins\/knxdt-bookmarks-wordpress-plugin\/images\/yahoo.png'  alt='' class='book_img' border='none' style='margin:1px; padding: 0;'  \/><\/a><\/span><span class='pushbutton'><a href='http:\/\/www.technorati.com\/faves?add=http%3A%2F%2Fwww.emiliosilveravazquez.com%2Fblog%2F2013%2F08%2F10%2F%25c2%25bfcomo-se-desarrollo-la-t-de-la-rel%2F' title='Technorati' target='_blank' rel='nofollow'><img src='http:\/\/www.emiliosilveravazquez.com\/blog\/wp-content\/plugins\/knxdt-bookmarks-wordpress-plugin\/images\/technorati.png'  alt='' class='book_img' border='none' style='margin:1px; padding: 0;'  \/><\/a><\/span><span class='pushbutton'><a href='http:\/\/meneame.net\/submit.php?url=http%3A%2F%2Fwww.emiliosilveravazquez.com%2Fblog%2F2013%2F08%2F10%2F%25c2%25bfcomo-se-desarrollo-la-t-de-la-rel%2F' title='Meneame' target='_blank' rel='nofollow'><img src='http:\/\/www.emiliosilveravazquez.com\/blog\/wp-content\/plugins\/knxdt-bookmarks-wordpress-plugin\/images\/meneame.png'  alt='' class='book_img' border='none' style='margin:1px; padding: 0;'  \/><\/a><\/span><span class='pushbutton'><a href='http:\/\/enchilame.com\/submit.php?url=http:\/\/www.emiliosilveravazquez.com\/blog\/2013\/08\/10\/%c2%bfcomo-se-desarrollo-la-t-de-la-rel\/' target='_blank' rel='nofollow'><img title='Enchilame' src='http:\/\/www.emiliosilveravazquez.com\/blog\/wp-content\/plugins\/knxdt-bookmarks-wordpress-plugin\/images\/enchilame.png'  alt='' class='book_img' border='none' style='margin:1px; padding: 0;'  \/><\/a><\/span><span class='pushbutton'><a href='http:\/\/www.blinklist.com\/index.php?Action=Blink\/addblink.php&amp;Description=&amp;Url=http%3A%2F%2Fwww.emiliosilveravazquez.com%2Fblog%2F2013%2F08%2F10%2F%25c2%25bfcomo-se-desarrollo-la-t-de-la-rel%2F&amp;title=%C2%BFC%C3%B3mo+se+desarroll%C3%B3+la++T.+de+la+Relatividad%3F' title='BlinkList' target='_blank' rel='nofollow'><img src='http:\/\/www.emiliosilveravazquez.com\/blog\/wp-content\/plugins\/knxdt-bookmarks-wordpress-plugin\/images\/blinklist.png'  alt='' class='book_img' border='none' style='margin:1px; padding: 0;'  \/><\/a><\/span><span class='pushbutton'><a href='http:\/\/reddit.com\/submit?url=http%3A%2F%2Fwww.emiliosilveravazquez.com%2Fblog%2F2013%2F08%2F10%2F%25c2%25bfcomo-se-desarrollo-la-t-de-la-rel%2F&amp;title=%C2%BFC%C3%B3mo+se+desarroll%C3%B3+la++T.+de+la+Relatividad%3F' title='Reddit' target='_blank' rel='nofollow'><img src='http:\/\/www.emiliosilveravazquez.com\/blog\/wp-content\/plugins\/knxdt-bookmarks-wordpress-plugin\/images\/reddit.png'  alt='' class='book_img' border='none' style='margin:1px; padding: 0;'  \/><\/a><\/span><span class='pushbutton'><a href='http:\/\/www.tecnologiadiaria.com\/2009\/07\/abrir-com-hotmail-correo.html' target='_blank' title='hotmail'><img src='http:\/\/www.emiliosilveravazquez.com\/blog\/wp-content\/plugins\/knxdt-bookmarks-wordpress-plugin\/images\/linklove.png' alt='hotmail correo' class='book_img' border='none' style='margin:1px; padding: 0;' \/><\/a><\/span><span class='pushbutton'><a href='http:\/\/bitacoras.com\/votar\/anotacion\/externo\/mini\/www.emiliosilveravazquez.com\/blog\/2013\/08\/10\/%c2%bfcomo-se-desarrollo-la-t-de-la-rel\/' title='Bitacoras.com' target='_blank' rel='nofollow'><img src='http:\/\/www.emiliosilveravazquez.com\/blog\/wp-content\/plugins\/knxdt-bookmarks-wordpress-plugin\/images\/bitacoras.png'  alt='' class='book_img' border='none' style='margin:1px; padding: 0;'  \/><\/a><\/span><span class='pushbutton'><a href='http:\/\/www.wikio.es\/vote?url=http%3A%2F%2Fwww.emiliosilveravazquez.com%2Fblog%2F2013%2F08%2F10%2F%25c2%25bfcomo-se-desarrollo-la-t-de-la-rel%2F' title='Wikio' target='_blank' rel='nofollow'><img src='http:\/\/www.emiliosilveravazquez.com\/blog\/wp-content\/plugins\/knxdt-bookmarks-wordpress-plugin\/images\/wikio.png'   alt='' class='book_img' border='none' style='margin:1px; padding: 0;'   \/><\/a><\/span><span class='pushbutton'><a href='http:\/\/friendfeed.com\/?url=http%3A%2F%2Fwww.emiliosilveravazquez.com%2Fblog%2F2013%2F08%2F10%2F%25c2%25bfcomo-se-desarrollo-la-t-de-la-rel%2F&amp;title=%C2%BFC%C3%B3mo+se+desarroll%C3%B3+la++T.+de+la+Relatividad%3F' title='Friend Feed' target='_blank' rel='nofollow'><img src='http:\/\/www.emiliosilveravazquez.com\/blog\/wp-content\/plugins\/knxdt-bookmarks-wordpress-plugin\/images\/friendfeed.png'  alt='' class='book_img' border='none' style='margin:1px; padding: 0;'  \/><\/a><\/span><span class='pushbutton'><a href='http:\/\/www.facebook.com\/share.php?u=http%3A%2F%2Fwww.emiliosilveravazquez.com%2Fblog%2F2013%2F08%2F10%2F%25c2%25bfcomo-se-desarrollo-la-t-de-la-rel%2F&amp;t=%C2%BFC%C3%B3mo+se+desarroll%C3%B3+la++T.+de+la+Relatividad%3F' title='Facebook' target='_blank' rel='nofollow'><img src='http:\/\/www.emiliosilveravazquez.com\/blog\/wp-content\/plugins\/knxdt-bookmarks-wordpress-plugin\/images\/facebook.png'  alt='' class='book_img' border='none' style='margin:1px; padding: 0;'  \/><\/a><\/span><span class='pushbutton'><a href='http:\/\/twitter.com\/home?status=%C2%BFC%C3%B3mo+se+desarroll%C3%B3+la++T.+de+la+Relatividad%3F: http%3A%2F%2Fwww.emiliosilveravazquez.com%2Fblog%2F2013%2F08%2F10%2F%25c2%25bfcomo-se-desarrollo-la-t-de-la-rel%2F' title='Twitter' target='_blank' rel='nofollow'><img src='http:\/\/www.emiliosilveravazquez.com\/blog\/wp-content\/plugins\/knxdt-bookmarks-wordpress-plugin\/images\/twitter.png'  alt='' class='book_img' border='none' style='margin:1px; padding: 0;'  \/><\/a><\/span><span class='pushbutton'><a href='http:\/\/www.feedburner.com\/fb\/a\/emailFlare?itemTitle=%C2%BFC%C3%B3mo+se+desarroll%C3%B3+la++T.+de+la+Relatividad%3F&amp;uri=http%3A%2F%2Fwww.emiliosilveravazquez.com%2Fblog%2F2013%2F08%2F10%2F%25c2%25bfcomo-se-desarrollo-la-t-de-la-rel%2F' title='Enviar por Email' target='_blank' rel='nofollow'><img src='http:\/\/www.emiliosilveravazquez.com\/blog\/wp-content\/plugins\/knxdt-bookmarks-wordpress-plugin\/images\/email.png'  alt='' class='book_img' border='none' style='margin:1px; padding: 0;'  \/><\/a><\/span><span style='font-weight:bold; padding-left: 5px;'><a href='http:\/\/wordpress.org\/extend\/plugins\/knxdt-bookmarks-wordpress-plugin\/' title='Plugin' rel='nofollow' target='_blank'>[?]<\/a><\/span><\/td><\/tr><\/table><br\/><br\/><\/div>","protected":false},"excerpt":{"rendered":"<p>A ella se pudo llegar gracias al desarrollo de una serie de pensamientos que comienza por Faraday y Maxwell y asentados en el principio de que todo suceso f\u00edsico debe atribuirse a acciones cercanas, o, dicho en t\u00e9rminos m\u00e1s matem\u00e1ticos, en ecuaciones a derivadas parciales. Maxwell consigui\u00f3 expresarlo as\u00ed para el caso de los fen\u00f3menos [&hellip;]<\/p>\n","protected":false},"author":2,"featured_media":0,"comment_status":"open","ping_status":"open","sticky":false,"template":"","format":"standard","meta":{"_s2mail":"yes","footnotes":""},"categories":[8],"tags":[],"_links":{"self":[{"href":"http:\/\/www.emiliosilveravazquez.com\/blog\/wp-json\/wp\/v2\/posts\/5741"}],"collection":[{"href":"http:\/\/www.emiliosilveravazquez.com\/blog\/wp-json\/wp\/v2\/posts"}],"about":[{"href":"http:\/\/www.emiliosilveravazquez.com\/blog\/wp-json\/wp\/v2\/types\/post"}],"author":[{"embeddable":true,"href":"http:\/\/www.emiliosilveravazquez.com\/blog\/wp-json\/wp\/v2\/users\/2"}],"replies":[{"embeddable":true,"href":"http:\/\/www.emiliosilveravazquez.com\/blog\/wp-json\/wp\/v2\/comments?post=5741"}],"version-history":[{"count":0,"href":"http:\/\/www.emiliosilveravazquez.com\/blog\/wp-json\/wp\/v2\/posts\/5741\/revisions"}],"wp:attachment":[{"href":"http:\/\/www.emiliosilveravazquez.com\/blog\/wp-json\/wp\/v2\/media?parent=5741"}],"wp:term":[{"taxonomy":"category","embeddable":true,"href":"http:\/\/www.emiliosilveravazquez.com\/blog\/wp-json\/wp\/v2\/categories?post=5741"},{"taxonomy":"post_tag","embeddable":true,"href":"http:\/\/www.emiliosilveravazquez.com\/blog\/wp-json\/wp\/v2\/tags?post=5741"}],"curies":[{"name":"wp","href":"https:\/\/api.w.org\/{rel}","templated":true}]}}