{"id":5698,"date":"2025-06-07T09:06:33","date_gmt":"2025-06-07T08:06:33","guid":{"rendered":"http:\/\/www.emiliosilveravazquez.com\/blog\/?p=5698"},"modified":"2025-06-07T09:08:07","modified_gmt":"2025-06-07T08:08:07","slug":"a-cada-cual-lo-suyo","status":"publish","type":"post","link":"http:\/\/www.emiliosilveravazquez.com\/blog\/2025\/06\/07\/a-cada-cual-lo-suyo\/","title":{"rendered":"\u00bfEl mayor descubrimiento? \u00a1Son t\u00e1ntos!"},"content":{"rendered":"<div style=\"text-align: justify;\"><\/div>\n<div><img decoding=\"async\" loading=\"lazy\" class=\"\" src=\"https:\/\/cdn.agenciasinc.es\/var\/ezwebin_site\/storage\/images\/_aliases\/img_1col\/noticias\/avances-cientificos-del-ano-2024-segun-la-revista-science\/12208277-1-esl-MX\/Avances-cientificos-del-ano-2024-segun-la-revista-Science.jpg\" alt=\"Virus de la inmunodeficiencia humana (VIH)\" width=\"728\" height=\"410\" \/><\/div>\n<div><\/div>\n<div>\n<section class=\"zone zone-post_header\">\n<div class=\"bm-block bm-column bm-vt-column \">\n<div class=\"container\">\n<div class=\"bg-column-transparent bg-column-block-transparent xxx-large\">\n<div class=\"bm-block bm-article_fotografia bm-vt-article_fotografia_article \">\n<div class=\"fotografia1c sp-embargo\">\n<div class=\"credits_foto\"><strong>\u00a0 \u00a0 \u00a0 \u00a0 \u00a0 \u00a0 \u00a0 \u00a0 \u00a0 \u00a0 \u00a0 \u00a0 \u00a0 \u00a0Virus de la inmunodeficiencia humana (VIH)<\/strong><\/div>\n<\/div>\n<\/div>\n<\/div>\n<\/div>\n<\/div>\n<\/section>\n<section class=\"zone zone-main\">\n<div class=\"bm-block bm-two_columns bm-vt-two_columns_66_33 \">\n<div class=\"container\">\n<div class=\"row bg-block-transparent\">\n<div class=\"col-md-8 bg-transparent xxx-large\">\n<div class=\"bm-block bm-article_body bm-vt-article_full_body \">\n<blockquote>\n<p style=\"text-align: justify;\">&#8220;La revista <em>Science<\/em> ha seleccionado su top 10 (2.024) de avances m\u00e1s relevantes en los distintos campos de la ciencia. En esta ocasi\u00f3n, el avance de a\u00f1o es el f\u00e1rmaco <strong>lenacapavir<\/strong> contra el VIH, un medicamento inyectable que protege a las personas durante 6 meses con cada inyecci\u00f3n.&#8221;<\/p>\n<\/blockquote>\n<\/div>\n<\/div>\n<\/div>\n<\/div>\n<\/div>\n<\/section>\n<\/div>\n<div><\/div>\n<div><img decoding=\"async\" loading=\"lazy\" class=\"\" src=\"https:\/\/cdn.agenciasinc.es\/var\/ezwebin_site\/storage\/images\/_aliases\/img_1col\/media\/images\/nf_galaxies\/12208347-1-esl-MX\/nf_galaxies.jpg\" alt=\"Enrojecidas por la distancia, las primeras galaxias se amontonan en una de las primeras im\u00e1genes del JWST. \/ NASA; ESA; CSA; STScI\" width=\"746\" height=\"420\" \/><\/div>\n<div>\n<blockquote>\n<h2>El JWST explora el amanecer c\u00f3smico<\/h2>\n<\/blockquote>\n<p style=\"text-align: justify;\">&#8220;Desde que el observatorio <a href=\"https:\/\/science.nasa.gov\/mission\/webb\/\" target=\"_blank\" rel=\"noopener\">James Webb Space Telescope<\/a>\u00a0(JWST) de la NASA abri\u00f3 su gigantesco ojo en febrero de 2022, el telescopio espacial ha detectado\u00a0<a href=\"https:\/\/www.science.org\/content\/article\/earliest-galaxies-challenge-ideas-about-star-birth-infant-universe\" target=\"_blank\" rel=\"noopener\">m\u00e1s galaxias brillantes<\/a> en las primeras \u00e9pocas del universo de lo que los te\u00f3ricos cre\u00edan posible. Este a\u00f1o, estudios detallados de la luz antigua de las galaxias han comenzado a explicar lo que podr\u00eda estar sucediendo.&#8221;<\/p>\n<p>&nbsp;<\/p>\n<p><img decoding=\"async\" loading=\"lazy\" class=\"\" src=\"https:\/\/cdn.agenciasinc.es\/var\/ezwebin_site\/storage\/images\/_aliases\/img_1col\/media\/images\/_organelle\/12208413-1-esl-MX\/_organelle.jpg\" alt=\"Un nuevo org\u00e1nulo, el nitroplasto (objeto circular, abajo a la derecha), fue descubierto en el alga marina 'Braarudosphaera bigelowii'. \/ Tyler Coale\" width=\"650\" height=\"366\" \/><\/p>\n<\/div>\n<div>\n<div class=\"image-container\">\n<div class=\"peufoto\">\n<div class=\"ezxmltext-field\">\n<blockquote>\n<p style=\"text-align: justify;\">Un nuevo org\u00e1nulo, el nitroplasto (objeto circular, abajo a la derecha), fue descubierto en el alga marina &#8216;Braarudosphaera bigelowii&#8217;. \/ Tyler Coale.<\/p>\n<\/blockquote>\n<\/div>\n<\/div>\n<\/div>\n<\/div>\n<h2>Descubrimiento de org\u00e1nulos<\/h2>\n<p>&nbsp;<\/p>\n<p><img decoding=\"async\" loading=\"lazy\" class=\"\" src=\"https:\/\/www.cimmyt.org\/content\/uploads\/2020\/12\/graphic_Nitrogen-cycle_web-1-1024x498.jpg\" alt=\"El nitr\u00f3geno en la agricultura \u2013 CIMMYT\" width=\"517\" height=\"251\" \/><\/p>\n<p>&nbsp;<\/p>\n<p style=\"text-align: justify;\">&#8220;Algunas bacterias logran la haza\u00f1a, pero hasta este a\u00f1o, no se sab\u00eda que ning\u00fan eucariota (un organismo con una c\u00e9lula compleja, como plantas y animales) &#8220;fijara&#8221; el nitr\u00f3geno de la atm\u00f3sfera, convirti\u00e9ndolo en amon\u00edaco, que las plantas pueden usar para producir prote\u00ednas y otras mol\u00e9culas esenciales.&#8221;<\/p>\n<p>&nbsp;<\/p>\n<p><img decoding=\"async\" src=\"https:\/\/imagenes.primicias.ec\/files\/image_480_270\/uploads\/2024\/05\/25\/6652c183abc87.jpeg\" alt=\"Ilustraci\u00f3n con los 10 avances cient\u00edficos del a\u00f1o, elegidos por la revista Science. \" \/><\/p>\n<p>Ilustraci\u00f3n con los 10 avances cient\u00edficos del a\u00f1o, elegidos por la revista Science.<\/p>\n<p style=\"text-align: justify;\">El telescopio espacial m\u00e1s potente jam\u00e1s creado, <strong>James Webb<\/strong>, encabeza la lista de los mejores adelantos cient\u00edficos de 2022, anunci\u00f3 la prestigiosa revista Science. Para hacer uso de este contenido cite la fuente y haga un enlace a la nota original en https:\/\/www.primicias.ec\/noticias\/tecnologia\/top-diez-avances-cientificos-science\/<\/p>\n<p>&nbsp;<\/p>\n<p><iframe loading=\"lazy\" title=\"JWST&#039;s golden eye sees the universe anew\" width=\"500\" height=\"281\" src=\"https:\/\/www.youtube.com\/embed\/MZ3ldOYGzOI?feature=oembed\" frameborder=\"0\" allow=\"accelerometer; autoplay; clipboard-write; encrypted-media; gyroscope; picture-in-picture; web-share\" referrerpolicy=\"strict-origin-when-cross-origin\" allowfullscreen><\/iframe><\/p>\n<p><strong>El ojo del universo<\/strong><\/p>\n<p style=\"text-align: justify;\">Tras 20 a\u00f1os de desarrollo y un costo de USD 10.000 millones, el telescopio espacial James Webb permiti\u00f3 en 2022 observar el universo con un detalle asombroso y sin precedentes. A trav\u00e9s de su c\u00e1mara infrarroja mostr\u00f3 c\u00f3mo nacen las estrellas y un sinn\u00famero de cuerpos espaciales nunca antes observados. El James Webb tambi\u00e9n fue elegido como uno de los inventos del a\u00f1o por la revista del MIT.<\/p>\n<p style=\"text-align: justify;\">Para hacer uso de este contenido cite la fuente y haga un enlace a la nota original en https:\/\/www.primicias.ec\/noticias\/tecnologia\/top-diez-avances-cientificos-science\/<\/p>\n<p>&nbsp;<\/p>\n<p><img decoding=\"async\" src=\"https:\/\/imagenes.primicias.ec\/files\/image_414_238\/uploads\/2024\/05\/25\/6652934750ab0.jpeg\" alt=\"Piedras del manglar de la isla de Guadalupe con muestras de la nueva bacteria Thiomargarita magnifica. \" \/><\/p>\n<p>Piedras del manglar de la isla de Guadalupe con muestras de la nueva bacteria Thiomargarita magnifica. Tomado de Diario del Cuyo. Para hacer uso de este contenido cite la fuente y haga un enlace a la nota original en <a href=\"https:\/\/www.primicias.ec\/noticias\/tecnologia\/top-diez-avances-cientificos-science\/\">https:\/\/www.primicias.ec\/noticias\/tecnologia\/top-diez-avances-cientificos-science\/<\/a><\/p>\n<p>&nbsp;<\/p>\n<p><strong>Un grano de arroz super-poderoso<\/strong><\/p>\n<p>&nbsp;<\/p>\n<p><img decoding=\"async\" src=\"https:\/\/imagenes.primicias.ec\/files\/image_414_238\/uploads\/2024\/05\/26\/6652dd6040ef6.jpeg\" alt=\"Investigadores de la Universidad de Yunnan (China) desarrollaron el arroz perenne. \" \/><img decoding=\"async\" loading=\"lazy\" class=\"\" src=\"https:\/\/mf.b37mrtl.ru\/actualidad\/public_images\/2022.02\/thumbnail\/6211e8d2e9ff71501b1e87b8.jpg\" alt=\"Crean arroz perenne de alto rendimiento durante a\u00f1os solo una plantaci\u00f3n\" width=\"417\" height=\"234\" \/><\/p>\n<p>Investigadores de la Universidad de Yunnan (China) desarrollaron el arroz perenne. Tomado de The Land Institute<br \/>\nPara hacer uso de este contenido cite la fuente y haga un enlace a la nota original en <a href=\"https:\/\/www.primicias.ec\/noticias\/tecnologia\/top-diez-avances-cientificos-science\/\">https:\/\/www.primicias.ec\/noticias\/tecnologia\/top-diez-avances-cientificos-science\/<\/a><\/p>\n<p>&nbsp;<\/p>\n<p><img decoding=\"async\" src=\"https:\/\/imagenes.primicias.ec\/files\/image_414_238\/uploads\/2024\/06\/06\/6661f849768d5.jpeg\" alt=\"Investigadores en Londres analizaron los restos de quienes murieron durante la pandemia de peste negra. \" \/><\/p>\n<blockquote><p><strong>Investigadores en Londres analizaron los restos de quienes murieron durante la pandemia de peste negra.<\/strong><\/p><\/blockquote>\n<p><strong>Reconstrucci\u00f3n del ADN<\/strong><\/p>\n<p>&nbsp;<\/p>\n<p><img decoding=\"async\" loading=\"lazy\" class=\"\" src=\"https:\/\/imagenes.primicias.ec\/files\/image_414_238\/uploads\/2024\/06\/06\/6661f84bbf8fb.jpeg\" alt=\"Gracias al ADN antiguo ambiental, investigadores lograron reconstruir el norte de Groenlandia. \" width=\"343\" height=\"192\" \/><img decoding=\"async\" loading=\"lazy\" class=\"\" src=\"https:\/\/encrypted-tbn0.gstatic.com\/images?q=tbn:ANd9GcQYFcypXgMybZj53LbS1628z8VioNjtyReBAQ&amp;s\" alt=\"Muere el cient\u00edfico chino Yuan Longping, el &quot;padre del arroz h\u00edbrido&quot; | Ciencia\" width=\"293\" height=\"195\" \/><\/p>\n<p style=\"text-align: justify;\">Un estudio, publicado en la revista Nature, prob\u00f3 el poder del ADN Ambiental para reconstruir mundos perdidos, y as\u00ed conocer m\u00e1s del pasado de los humanos y las especies.\u00a0 Este hallazgo se logr\u00f3 luego de extraer y analizar diminutos fragmentos de ADN de 2.000 millones de a\u00f1os del suelo helado del \u00c1rtico.<\/p>\n<p><strong>Vacunas contra el VSR<\/strong><\/p>\n<p>&nbsp;<\/p>\n<p><img decoding=\"async\" src=\"https:\/\/imagenes.primicias.ec\/files\/image_414_238\/uploads\/2024\/05\/26\/6652f37e1d588.jpeg\" alt=\"Una cient\u00edfica durante ensayos de la vacuna contra el virus sincicial respiratorio. \" \/><\/p>\n<p style=\"text-align: justify;\">El virus sincicial respiratorio o VSR es un pat\u00f3geno que est\u00e1 poniendo de cabeza a las salas de emergencia, por su brote agresivo en ni\u00f1os y en adultos.\u00a0 La buena noticia es que dos vacunas se han probado con \u00e9xito en lactantes y adultos mayores. Las dosis se basan en ensayos de 2013, puesto que el virus no es nuevo, pero hasta ahora no se hab\u00eda conseguido un f\u00e1rmaco efectivo. Una cient\u00edfica durante ensayos de la vacuna contra el virus sincicial respiratorio. Reuters<\/p>\n<p style=\"text-align: justify;\"><strong>El \u00e9xito de DART.<\/strong><\/p>\n<p>&nbsp;<\/p>\n<p><img decoding=\"async\" src=\"https:\/\/imagenes.primicias.ec\/files\/image_414_238\/uploads\/2024\/05\/25\/6652a64c8fa22.jpeg\" alt=\"Ilustraci\u00f3n de la nave espacial DART de la NASA y del microsat\u00e9lite LICIACube de la Agencia Espacial Italiana (ASI) antes del impacto en el sistema binario Didymos, el 25 de septiembre. \" \/><\/p>\n<p>lustraci\u00f3n de la nave espacial DART de la NASA y del microsat\u00e9lite LICIACube de la Agencia Espacial Italiana (A<a href=\"#\" onclick=\"referencia('unidades del si',event); return false;\">SI<\/a>) antes del impacto en el sistema binario Didymos, el 25 de septiembre.<\/p>\n<p>EFE<\/p>\n<p>Para hacer uso de este contenido cite la fuente y haga un enlace a la nota original en <a href=\"https:\/\/www.primicias.ec\/noticias\/tecnologia\/top-diez-avances-cientificos-science\/\">https:\/\/www.primicias.ec\/noticias\/tecnologia\/top-diez-avances-cientificos-science\/<\/a><\/p>\n<p style=\"text-align: justify;\">Durante a\u00f1os, un peque\u00f1o asteroide daba vueltas alrededor de otro m\u00e1s grande y si bien no era una amenaza a la Tierra, la NASA quer\u00eda probar que pod\u00eda destruirlo.\u00a0 Fue as\u00ed que los cient\u00edficos crearon la sonda DART, del tama\u00f1o de una refrigeradora y que se estrell\u00f3 con \u00e9xito contra el asteroide y destruy\u00e9ndolo por completo. La sonda protagoniz\u00f3 el primer simulacro de defensa planetaria de los humanos. Ilustraci\u00f3n de la nave espacial DART de la NASA y del microsat\u00e9lite LICIA Cube de la Agencia Espacial Italiana (A<a href=\"#\" onclick=\"referencia('unidades del si',event); return false;\">SI<\/a>) antes del impacto en el sistema binario Didymos, el 25 de septiembre.<\/p>\n<p style=\"text-align: justify;\">EFE<\/p>\n<p>&nbsp;<\/p>\n<p style=\"text-align: justify;\"><img decoding=\"async\" loading=\"lazy\" class=\"\" src=\"https:\/\/img2.rtve.es\/imagenes\/dia-mundial-del-clima\/01742992513254.jpg\" alt=\"Cambio clim\u00e1tico- RTVE.es\" width=\"694\" height=\"390\" \/><\/p>\n<p style=\"text-align: justify;\"><strong>Ley contra el cambio clim\u00e1tico (ESTO ES UN MONTAJE)<\/strong><\/p>\n<p style=\"text-align: justify;\">SOLO TENEMOS QUE RETROTRAERNOS EN EL TIEMPO Y VEREMOS CUANTOS CAMBIOS CLIM\u00c1TICOS HAN TENIFO LUGAR EN EL PLANETA, INCLUSO CUANDO NO HAB\u00cdA F\u00c1BRICAS, NI VEH\u00cdCULOS UTILIZANDO COMBUSTIBLE F\u00d3<a href=\"#\" onclick=\"referencia('unidades del si',event); return false;\">SI<\/a>L. lA tIERRA SE RECICLA DE MANERA NATURAL: VOLCANES, PLACAS TECT\u00d3NICAS, TERREMOTOS, TSUNAMIS, INUNDACIONES&#8230;\u00a0 GLACIACIONES&#8230; CON TODO ELLO SE RECICLE Y <a href=\"#\" onclick=\"referencia('unidades del si',event); return false;\">SI<\/a>GUE REMOZADA HACA ADELANTE. LOS HUMANOS NO TIENEN PODER PARA DA\u00d1AR EL PLANETA CON SUS ACTIVIDADES, AUQNEU ALGUNOS INTERESADOS TRATAN DE VENDERNOS ESA CANTINELA.<\/p>\n<p>&nbsp;<\/p>\n<p><img decoding=\"async\" loading=\"lazy\" class=\"\" src=\"https:\/\/global.unitednations.entermediadb.net\/assets\/mediadb\/services\/module\/asset\/downloads\/preset\/Collections\/Embargoed\/24-11-2020_Unsplash_Sweden.jpg\/image1440x560cropped.jpg\" alt=\"Reducir las emisiones de metano un 45% en 10 a\u00f1os es factible y crucial para frenar el cambio clim\u00e1tico | Noticias ONU\" width=\"679\" height=\"264\" \/><\/p>\n<p>\u00bfQu\u00e9 cantidad de gases contaminantes lanzan a la atm\u00f3sfera China, EE. UU., India, Pakistan&#8230; y, otras<\/p>\n<p style=\"text-align: justify;\">Seg\u00fan la revista Science, el mayor acuerdo para frenar el calentamiento global no sali\u00f3 de la Cumbre Clim\u00e1tica COP21 de este a\u00f1o. Destaca m\u00e1s bien la Ley de Reducci\u00f3n de la Inflaci\u00f3n de Estados Unidos.\u00a0 La ley, se\u00f1ala la publicaci\u00f3n, es importante porque destina USD 369.000 millones durante 10 a\u00f1os para apoyar la generaci\u00f3n de electricidad de fuentes renovables y de energ\u00eda nuclear. Se estima que con la norma, Estados Unidos podr\u00eda reducir sus emisiones de CO2 en un 40% hasta 2030.<\/p>\n<p>&nbsp;<\/p>\n<p><img decoding=\"async\" loading=\"lazy\" class=\"\" src=\"https:\/\/images.forococheselectricos.com\/image\/l\/1320w\/wp-content\/uploads\/2018\/09\/california-box-charge.jpg\" alt=\"En California hay una estaci\u00f3n de carga de coches el\u00e9ctricos cada cinco gasolineras\" width=\"538\" height=\"359\" \/><\/p>\n<p><img decoding=\"async\" loading=\"lazy\" class=\"\" src=\"https:\/\/media.es.wired.com\/photos\/6654ba6177a2efdf525adfa2\/1:1\/w_1800,h_1800,c_limit\/How-Many-EV-Chargers-Do-We-Need--Gear-GettyImages-1242853407.jpg\" alt=\"Cu\u00e1ntas estaciones de carga para autos el\u00e9ctricos necesita ...\" width=\"692\" height=\"692\" \/><\/p>\n<p>Una estaci\u00f3n para cargar autos el\u00e9ctricos dom\u00e9sticos en California, el 7 de marzo de 2022.<\/p>\n<p>Reuters Inteligencia artificial y creativa<\/p>\n<p>&nbsp;<\/p>\n<p><img decoding=\"async\" src=\"https:\/\/i.blogs.es\/aa5bfa\/dalle-pinta\/500_333.jpeg\" alt=\"DALL-E: qu\u00e9 es, c\u00f3mo funciona y c\u00f3mo puedes utilizar esta inteligencia artificial para crear im\u00e1genes\" \/><\/p>\n<p>Pero la revista Science resalta de esta empresa otro invento llamado DALL-E. Se trata de un programa que a trav\u00e9s de t\u00e9cnicas de aprendizaje autom\u00e1tico es capaz de crear im\u00e1genes, que surgen del ruido o descripciones habladas. Incluso, un artista utiliz\u00f3 el programa para ganar un concurso de arte en la Feria Estatal de Colorado.<\/p>\n<p>Cuadro de Jason Allen, ganador de una concurso de arte en Colorado usando herramientas de Inteligencia Artificial.<br \/>\n10El virus detr\u00e1s de la esclerosis m\u00faltiple.<\/p>\n<p>&nbsp;<\/p>\n<p><img decoding=\"async\" loading=\"lazy\" class=\"\" src=\"https:\/\/static.elsevier.es\/multimedia\/15769887\/0000002500000002\/v2_202405080710\/S1576988724000025\/v2_202405080710\/es\/main.assets\/gr1.jpeg\" alt=\"Estado actual del herpes z\u00f3ster y las nuevas perspectivas para su prevenci\u00f3n | Vacunas\" width=\"566\" height=\"265\" \/><\/p>\n<p style=\"text-align: justify;\">Los cient\u00edficos confirmaron en 2022 que el virus del herpes com\u00fan, el Epstein-Barr, es un factor esencial de la esclerosis m\u00faltiple. Esta enfermedad ataca el sistema inmunitario y las neuronas. Gracias a este hallazgo, los investigadores ahora pueden desarrollar nuevas formas para tratar y prevenir el trastorno. Para confirmar que el virus, transmitido principalmente por la saliva, es el causante de la enfermedad se analizaron 20 a\u00f1os de historiales m\u00e9dicos de 10 millones de militares estadounidenses.<\/p>\n<p>&nbsp;<\/p>\n<p><img decoding=\"async\" src=\"https:\/\/www.guadanews.es\/fotos\/149\/SCIENCE_GUADANEWS_thumb_720.jpg\" alt=\"Los diez avances cient\u00edficos de 2023 seg\u00fan la revista \u2018Science\u2019\" \/><\/p>\n<blockquote>\n<p style=\"text-align: justify;\"><strong>Y siguen otros. Sin embargo en esta ocasi\u00f3n me referir\u00e9 a los Top 10 de la Ciencia referidos a 2.023 publicados por la Revista Sciencie<\/strong><\/p>\n<\/blockquote>\n<p>&nbsp;<\/p>\n<p><img decoding=\"async\" loading=\"lazy\" class=\"\" src=\"https:\/\/imagenes.elpais.com\/resizer\/v2\/K6L7QPUUFRGK7JRIRWWDKGVMKY.JPG?auth=9c9208659f7f754914f4d0fd395ae7a4797addef3d32eea97b686485ea89dd6d&amp;width=1960&amp;height=1470&amp;smart=true\" alt=\"Los medicamentos contra la obesidad, avance cient\u00edfico del a\u00f1o para la revista 'Science' | Salud y bienestar | EL PA\u00cdS\" width=\"669\" height=\"501\" \/><\/p>\n<p style=\"text-align: justify;\">Los finalistas de este a\u00f1o est\u00e1n encabezados por un tipo de medicamentos inyectables prometedores para los problemas de salud asociados a la obesidad. Adem\u00e1s, tambi\u00e9n aparecen en el ranking, el desarrollo de terapias con anticuerpos que pueden ralentizar la neurodegeneraci\u00f3n en los enfermos de alzh\u00e9imer o el descubrimiento de fuentes naturales de hidr\u00f3geno bajo la superficie de la Tierra<\/p>\n<blockquote>\n<h1 class=\"titulo\" style=\"text-align: justify;\">Los diez avance ciet\u00edficos de 2023 seg\u00fan la revista \u2018Science\u2019<\/h1>\n<\/blockquote>\n<p>&nbsp;<\/p>\n<p><img decoding=\"async\" loading=\"lazy\" class=\"\" src=\"https:\/\/imagenes.20minutos.es\/files\/image_990_556\/uploads\/imagenes\/2025\/04\/10\/actualmente-hay-unas-200-000-personas-con-parkinson-en-espana.jpeg\" alt=\"Dos ensayos muestran la seguridad de las terapias de c\u00e9lulas madre para el p\u00e1rkinson\" width=\"573\" height=\"322\" \/><\/p>\n<p>&nbsp;<\/p>\n<p style=\"text-align: justify;\">Este a\u00f1o, dos ensayos cl\u00ednicos demostraron que los agonistas del GLP-1 produc\u00edan beneficios significativos para la salud m\u00e1s all\u00e1 de la propia p\u00e9rdida de peso. Adem\u00e1s, hay varios ensayos en curso que investigan su uso en el tratamiento de la drogadicci\u00f3n, el Alzheimer y el Parkinson.<\/p>\n<p>&#8220;Pero, a pesar de todo lo que prometen, los agonistas del receptor GLP-1 han suscitado m\u00e1s preguntas que respuestas, lo que caracteriza a un verdadero avance&#8221;, a\u00f1ade <strong>Holden Thorp<\/strong>, redactor jefe de\u00a0<em>Science<\/em>, en un editorial relacionado.<\/p>\n<p>&nbsp;<\/p>\n<p><img decoding=\"async\" src=\"https:\/\/cdn.agenciasinc.es\/var\/ezwebin_site\/storage\/images\/_aliases\/seo\/noticias\/revelado-el-mecanismo-de-la-proteina-beta-amiloide-que-causa-alzheimer-en-ratones\/2608859-2-esl-MX\/Revelado-el-mecanismo-de-la-proteina-beta-amiloide-que-causa-alzheimer-en-ratones.jpg\" alt=\"Revelado el mecanismo de la prote\u00edna beta amiloide que causa alzh\u00e9imer en ratones\" \/><\/p>\n<p style=\"text-align: justify;\">Los cerebros de los enfermos de alzh\u00e9imer contienen unos grumos de prote\u00edna llamados beta amiloide, y durante a\u00f1os los cient\u00edficos han debatido si eliminarlos ayudar\u00eda a los pacientes. Varias terapias que lo hac\u00edan fracasaron.<\/p>\n<p style=\"text-align: justify;\">EE UU y Jap\u00f3n han aprobado este a\u00f1o un nuevo tratamiento con el medicamento llamado lecanemab. Los ensayos probaron que se ralentiz\u00f3 la p\u00e9rdida de cognici\u00f3n en un 27 % de los pacientes, en comparaci\u00f3n con el placebo, en un ensayo de 18 meses.<\/p>\n<p style=\"text-align: justify;\">Otro ensayo realizado este verano con un tratamiento de anticuerpos, tambi\u00e9n dirigido contra el amiloide cerebral, denominado donanemab, ralentiz\u00f3 el deterioro cognitivo hasta en un 35 % frente a placebo en una poblaci\u00f3n de pacientes ligeramente distinta. Ambas terapias se administran por v\u00eda intravenosa.<\/p>\n<p>&nbsp;<\/p>\n<p><img decoding=\"async\" loading=\"lazy\" class=\"\" src=\"https:\/\/www.swissinfo.ch\/content\/wp-content\/uploads\/sites\/13\/2023\/10\/1a10044c81e45b0da734334d6006bc66-230914-natural-hydrogene-16to9-i-00_00_21_09-still003-data.jpg\" alt=\"Hidr\u00f3geno natural, la b\u00fasqueda de &quot;petr\u00f3leo&quot; limpio tambi\u00e9n pasa por Suiza - SWI swissinfo.ch\" width=\"698\" height=\"392\" \/><\/p>\n<p><strong>B\u00fasqueda de hidr\u00f3geno natural<\/strong><\/p>\n<p style=\"text-align: justify;\">Que la Tierra contenga hidr\u00f3geno desaf\u00eda la sabidur\u00eda geol\u00f3gica convencional. Debido a que los cient\u00edficos pensaban que en la corteza terrestre la mayor parte del hidr\u00f3geno ser\u00eda devorado por los microbios o convertido en otros compuestos.<\/p>\n<p style=\"text-align: justify;\">Su sorprendente existencia en m\u00faltiples localizaciones del planeta ha llevado a especular con la posibilidad de que se filtre desde el n\u00facleo de la Tierra o se cree cuando los elementos radiactivos de la corteza dividen el agua. Pero muchos investigadores creen que se genera cuando el agua reacciona con minerales ricos en hierro a altas temperaturas y presiones.<\/p>\n<p>&nbsp;<\/p>\n<p><img decoding=\"async\" loading=\"lazy\" class=\"\" src=\"https:\/\/images.ecestaticos.com\/1kb7-35LWFvR3c-ofjxxKTDbqqg=\/0x0:2272x1482\/1338x752\/filters:fill(white):format(jpg)\/f.elconfidencial.com%2Foriginal%2F53b%2F5ab%2F7f6%2F53b5ab7f640eed28cd64423084b57aab.jpg\" alt=\"Encuentran por casualidad la que puede ser una las mayores reservas de hidr\u00f3geno del mundo\" width=\"636\" height=\"357\" \/><\/p>\n<p>Prospecciones actuales est\u00e1n encontrando indicios de importantes dep\u00f3sitos de hidr\u00f3geno en todos los continentes, excepto en la Ant\u00e1rtida<\/p>\n<p style=\"text-align: justify;\">Est\u00e1bamos en el a\u00f1o 2012, y me pareci\u00f3 curioso, cuando cog\u00ed aquella revista que asiduamente le\u00eda, os hablo de la <strong>Revista Science<\/strong>, que publicaba lo que ellos cre\u00edan su top 10 de la Ciencia referidos al 2.010 y nos expresaban su parecer sobre la mejor ciencia de entre 20 casos. Est\u00e1 claro que, la Revista, dirigida por personas imperfectas, como todo en este mundo, entra dentro de un margen de error que es ineludible en toda acci\u00f3n humana.<\/p>\n<p><img decoding=\"async\" title=\"\" src=\"http:\/\/www.quo.es\/var\/quo\/storage\/images\/ciencia\/noticias\/la_mejor_ciencia_de_2010\/315409-1-esl-ES\/la_mejor_ciencia_de_2010_articulo_landscape.jpg\" alt=\"\" \/><\/p>\n<p><img decoding=\"async\" loading=\"lazy\" class=\"\" src=\"https:\/\/cdn.agenciasinc.es\/var\/ezwebin_site\/storage\/images\/_aliases\/img_1col\/visual\/fotografias\/la-vida-sintetica-puede-ser-la-solucion-a-los-problemas-del-planeta\/2216503-1-esl-MX\/La-vida-sintetica-puede-ser-la-solucion-a-los-problemas-del-planeta.jpg\" alt=\"La vida sint\u00e9tica puede ser la soluci\u00f3n a los problemas del planeta&quot;\" width=\"639\" height=\"538\" \/><\/p>\n<p>&nbsp;<\/p>\n<p style=\"text-align: justify;\"><strong>La vida sint\u00e9tica lleg\u00f3 en 2010.\u00a0 El primer hombre en proveer a una c\u00e9lula de ADN artificial, Craig Venter, dio ayer una conferencia en el Trinity College de Dubl\u00edn con el t\u00edtulo &#8216;\u00bfQu\u00e9 es la vida?&#8217; en la que afirm\u00f3 que el siguiente paso hacia la vida totalmente sint\u00e9tica &#8220;se lograr\u00e1 muy pronto&#8221;. Fue un homenaje a la charla del mismo nombre que en 1943 pronunci\u00f3 el f\u00edsico Erwin Schr\u00f6dinger y que abri\u00f3 la mente de los bi\u00f3logos moleculares de la \u00e9poca. Entre ellos, James Watson, descubridor de la doble h\u00e9lice de ADN, que a sus 84 a\u00f1os tambi\u00e9n ha participado en ESOF 2012.<\/strong><\/p>\n<blockquote>\n<h2 class=\"a_st\" style=\"text-align: justify;\">Obama encarga un informe sobre el descubrimiento de Craig Venter &#8211; El Vaticano teme un &#8220;salto a lo desconocido&#8221; &#8211; Los expertos, divididos sobre su relevancia.<\/h2>\n<p><strong>Entonces dec\u00edan:<\/strong><\/p><\/blockquote>\n<p style=\"text-align: justify;\">&#8220;La creaci\u00f3n de la primera c\u00e9lula sint\u00e9tica, anunciada anteayer por el cient\u00edfico y empresario Craig Venter (uno de los padres del genoma humano), ha causado una perplejidad extendida. Los bio\u00e9ticos saludan en general las posibilidades que abre la t\u00e9cnica, si bien discuten que suponga la creaci\u00f3n de vida artificial. El Vaticano se ha puesto &#8220;en guardia contra un salto a lo desconocido&#8221;.<\/p>\n<p style=\"text-align: justify;\">Muchas voces mencionaron los riesgos bioterroristas y de seguridad p\u00fablica. El presidente Obama encarg\u00f3 un informe a sus propios asesores. Y casi todos los sectores -empezando por el propio Venter- piden regulaciones legales de una t\u00e9cnica poderosa e impredecible&#8230;.<\/p>\n<p style=\"text-align: justify;\">Esta fue una de las publicadas por la revista Science publica todos los a\u00f1os su &#8220;top 10&#8221; con los mayores descubrimientos que han pasado por sus p\u00e1ginas durante el a\u00f1o, los cuales, teniendo en cuenta que es una de las publicaciones de referencia en ciencia, suelen encontrarse entre los m\u00e1s importantes.<\/p>\n<p>&nbsp;<\/p>\n<p><img decoding=\"async\" loading=\"lazy\" class=\"\" src=\"https:\/\/cdn.agenciasinc.es\/var\/ezwebin_site\/storage\/images\/_aliases\/img_1col\/noticias\/la-primera-maquina-cuantica-es-el-mayor-avance-de-2010-segun-la-revista-science\/1325126-1-esl-MX\/La-primera-maquina-cuantica-es-el-mayor-avance-de-2010-segun-la-revista-Science.jpg\" alt=\"La primera m\u00e1quina cu\u00e1ntica es el mayor avance de 2010 seg\u00fan la revista 'Science'\" width=\"315\" height=\"222\" \/><img decoding=\"async\" loading=\"lazy\" class=\"\" src=\"https:\/\/a.files.bbci.co.uk\/worldservice\/live\/assets\/images\/2010\/12\/17\/101217152515_cuantica_226.gif\" alt=\"El avance cient\u00edfico del a\u00f1o - BBC News Mundo\" width=\"296\" height=\"223\" \/><img decoding=\"async\" loading=\"lazy\" class=\"\" src=\"https:\/\/tendencias21.levante-emv.com\/wp-content\/uploads\/2019\/06\/2721294-3850157.jpg\" alt=\"Los simuladores cu\u00e1nticos se abren al mundo \u2022 Tendencias21\" width=\"317\" height=\"242\" \/><img decoding=\"async\" loading=\"lazy\" class=\"\" src=\"https:\/\/blogger.googleusercontent.com\/img\/b\/R29vZ2xl\/AVvXsEhU-bvm_9sQW6XCfneXGuI80mA7tT8v5bTIUerw0FbO_Qjdsx37V4sFPacfshddA25MPP_jBzP6xiZd4-81GXxGzomRrqpe6EtPCgDuK_ZURz8aaaOiU2NnG8viMQVV5d095bz5Z7XiR8kE\/s1600\/Realidad+Virtual.jpg\" alt=\"tecnolog\u00eda avanzada\" width=\"334\" height=\"243\" \/><\/p>\n<p><img decoding=\"async\" loading=\"lazy\" class=\"\" src=\"https:\/\/www.loquenuncaviste.com\/imgs\/articulos\/articulos4_4367.jpg\" alt=\"El descubrimiento cient\u00edfico del 2010: La Primera M\u00e1quina Cu\u00e1ntica Avances Tecnol\u00f3gicos\" width=\"644\" height=\"483\" \/><\/p>\n<p style=\"text-align: justify;\">Para 2010, sus responsables han eligieron como \u201cDescubrimiento del A\u00f1o\u201d a la \u201cPrimera M\u00e1quina Cu\u00e1ntica\u201d. En marzo, los f\u00edsicos Andrew Cleland y John Martinis de la Universidad de California en Santa B\u00e1rbara y su equipo dise\u00f1aron una m\u00e1quina, una diminuta paleta met\u00e1lica de semiconductor, visible a simple vista, y la hicieron que funcionara seg\u00fan los principios de la mec\u00e1nica cu\u00e1ntica, que gobierna el comportamiento de lo m\u00e1s peque\u00f1o, como mol\u00e9culas, \u00e1tomos y part\u00edculas subat\u00f3micas. Entre otras cosas, lograron poner el aparato en ambos estados al mismo tiempo, por lo que literalmente vibr\u00f3 poco y mucho al mismo tiempo, un extra\u00f1o pero posible fen\u00f3meno en el mundo de la mec\u00e1nica cu\u00e1ntica.<\/p>\n<p><a href=\"https:\/\/www.abc.com.py\/ciencia\/el-descubrimiento-del-ano-la-primera-maquina-cuantica-197828.html\">https:\/\/www.abc.com.py\/ciencia\/el-descubrimiento-del-ano-la-primera-maquina-cuantica-197828.html<\/a><\/p>\n<p><!--more--><\/p>\n<p>&nbsp;<\/p>\n<p><img decoding=\"async\" loading=\"lazy\" class=\"\" src=\"https:\/\/static.nationalgeographic.es\/files\/styles\/image_3200\/public\/02brinemars.jpg?w=1900&amp;h=988\" alt=\"La NASA encuentra \u201cdefinitivamente\u201d agua l\u00edquida en Marte | National Geographic\" width=\"703\" height=\"366\" \/><\/p>\n<blockquote><p><strong>Descubren la presencia de Agua en Marte<\/strong><\/p><\/blockquote>\n<p style=\"text-align: justify;\">Asimismo, para celebrar el final de aquella d\u00e9cada, reporteros y editores de noticias de Science dieron su top 10 de las \u201cvisiones cient\u00edficas que han cambiado la cara de la ciencia desde el amanecer del nuevo milenio\u201d. Estos 10 temas son el genoma oscuro, la cosmolog\u00eda de precisi\u00f3n, las biomol\u00e9culas antiguas, el agua en Marte, la reprogramaci\u00f3n celular, los microbiomas (genomas colectivos del anfitri\u00f3n y las otras criaturas que viven en o dentro de \u00e9l), los exoplanetas, la inflamaci\u00f3n, los meta-materiales y el cambio clim\u00e1tico.<\/p>\n<p><strong>La lista de los otros nueve logros innovadores de 2010 seg\u00fan <em>Science<\/em> es la siguiente:<\/strong><\/p>\n<p><strong>Biolog\u00eda Sint\u00e9tica<\/strong><\/p>\n<p>&nbsp;<\/p>\n<p><img decoding=\"async\" src=\"https:\/\/www.shutterstock.com\/image-illustration\/molecules-3d-model-atoms-chemical-600nw-2499664001.jpg\" alt=\"Biolog\u00eda sint\u00e9tica: M\u00e1s de 4,151 ilustraciones y dibujos de ...\" \/><img decoding=\"async\" loading=\"lazy\" class=\"\" src=\"https:\/\/img.freepik.com\/foto-gratis\/fondo-medico-3d-celula-virus-hebra-adn_1048-9641.jpg\" alt=\"P\u00e1gina 16 | Im\u00e1genes de Biologia Sintetica - Descarga ...\" width=\"606\" height=\"504\" \/><\/p>\n<p>&nbsp;<\/p>\n<p style=\"text-align: justify;\">La construcci\u00f3n de un genoma sint\u00e9tico, utilizado para transformar la identidad de una bacteria, produjo tambi\u00e9n mucha expectaci\u00f3n en su d\u00eda, aunque no supuso la creaci\u00f3n de &#8220;vida artificial&#8221; como algunos dijeron. El genoma reemplaz\u00f3 el ADN de la bacteria por lo que produjo una nueva serie de prote\u00ednas. El trabajo abre el camino para que en el futuro los investigadores puedan crear genomas sint\u00e9ticos a medida para generar biocombustibles, farmac\u00e9uticos u otros productos qu\u00edmicos \u00fatiles.<\/p>\n<p style=\"text-align: justify;\">Y, as\u00ed siguen otros temas de inter\u00e9s elegidos que, al no ser el tema que aqu\u00ed se tratar\u00e1, ya que, el comienzo es s\u00f3lo a t\u00edtulo de presentaci\u00f3n de lo que la Revista viene haciendo desde a\u00f1os atr\u00e1s para destacar esas cuestiones importantes que, en la Ciencia, se dan cada a\u00f1o. Y, aqu\u00ed, nos vamos a referir precisamente a uno de esos a\u00f1os, el 2000 cuando en el n\u00ba 14 de la Revista, se publicaron algunas cosas y se omitieron otras.<\/p>\n<p>&nbsp;<\/p>\n<p><img decoding=\"async\" loading=\"lazy\" class=\"\" src=\"https:\/\/www.yarquitectura.com\/wp-content\/uploads\/2023\/06\/arquitectura-de-babilonia.jpg\" alt=\"Arquitectura De Babilonia - Y Arquitectura\" width=\"331\" height=\"179\" \/><img decoding=\"async\" loading=\"lazy\" class=\"\" src=\"https:\/\/historiadelarteen.com\/wp-content\/uploads\/2012\/08\/interpretacion-de-los-jardines-colgantes-de-babilonia-por-el-artista-martin-heemskerck.jpg?w=768&amp;h=576\" alt=\"CULTURA BABILONICA | Historia del arte en resumen\" width=\"246\" height=\"184\" \/><\/p>\n<p style=\"text-align: justify;\">\u00a0\u00a0\u00a0\u00a0\u00a0\u00a0 <strong>\u00a0 Se olvidaron de las Obras que hicieron los Babilonios, en arquitectura, jardines colgantes<\/strong><\/p>\n<p>&nbsp;<\/p>\n<p><img decoding=\"async\" loading=\"lazy\" class=\"\" src=\"https:\/\/historiadelarteen.com\/wp-content\/uploads\/2012\/08\/el-rey-y-guerrero-hammurabi-convirtic3b3-la-ciudad-de-babilonia-en-un-gran-centro-religioso.jpg?w=738&amp;h=553\" width=\"599\" height=\"458\" \/><img decoding=\"async\" loading=\"lazy\" class=\"\" src=\"https:\/\/historiadelarteen.com\/wp-content\/uploads\/2012\/08\/placas-de-arcilla-mostrando-aspectos-de-la-vida-cotidiana-asi-como-de-la-figura-real.jpg?w=655&amp;h=504\" width=\"600\" height=\"462\" \/><img decoding=\"async\" loading=\"lazy\" class=\"\" src=\"https:\/\/historiadelarteen.com\/wp-content\/uploads\/2012\/08\/tabletas-que-relatan-aspectos-de-las-epopeyas-de-gilgamesh.jpg?w=819&amp;h=630\" width=\"597\" height=\"459\" \/><img decoding=\"async\" loading=\"lazy\" class=\"\" src=\"https:\/\/historiadelarteen.com\/wp-content\/uploads\/2012\/08\/mapa-de-mesopotamia-en-que-se-refleja-el-punto-de-vista-de-los-babilonios-en-cuanto-a-la-mitologia.jpg?w=631&amp;h=486\" width=\"587\" height=\"453\" \/><\/p>\n<blockquote><p><strong>Arte y Cultura<\/strong><\/p><\/blockquote>\n<p>&nbsp;<\/p>\n<p><img decoding=\"async\" loading=\"lazy\" class=\"\" src=\"https:\/\/media-front.elmostrador.cl\/2016\/06\/revista-700x352.jpg\" alt=\"Revista Science pide preservar la colaboraci\u00f3n cient\u00edfica tras el \u00abbrexit\u00bb\" width=\"636\" height=\"320\" \/><\/p>\n<p>&nbsp;<\/p>\n<p style=\"text-align: justify;\">En su n\u00famero 14 de enero de 2000 (no pude encontrar la portada), con ocasi\u00f3n del comienzo del tercer milenio, la Revista Science, conjuntamente con la American Association for the Advancement os Science, public\u00f3 una cronolog\u00eda, titulada <strong>APathways of Discovery&#8221;<\/strong>, que especificaba noventas y seis de los logros cient\u00edficos m\u00e1s importantes que est\u00e1n registrados en la historia de la ciencia. La cronolog\u00eda que publicaba Science inclu\u00eda algunas opciones sofisticadas que muchos educadores habr\u00edan omitido: la obra realizada por William Farrel en 1856 sobre los vientos y las corrientes oce\u00e1nicas, la teor\u00eda celular de Matthias Schleiden y Theodor Schwann en 1600, <strong>donde se dec\u00eda que la Tierra se comporta como un gigantesco im\u00e1n.<\/strong><\/p>\n<p>&nbsp;<\/p>\n<p><iframe loading=\"lazy\" title=\"\ud83e\uddf2\ud83c\udf0d El Campo Magn\u00e9tico Terrestre \u2013 Comisi\u00f3n Espa\u00f1ola de Geodesia y Geof\u00edsica\" width=\"500\" height=\"281\" src=\"https:\/\/www.youtube.com\/embed\/O5uUu5dy6k4?feature=oembed\" frameborder=\"0\" allow=\"accelerometer; autoplay; clipboard-write; encrypted-media; gyroscope; picture-in-picture; web-share\" referrerpolicy=\"strict-origin-when-cross-origin\" allowfullscreen><\/iframe><\/p>\n<p>&nbsp;<\/p>\n<p style=\"text-align: justify;\">De estos noventa y seis logros cient\u00edficos, s\u00f3lo eran dos los que se atribu\u00edan a cient\u00edficos que no fueran de raza blanca ni occidentales: la invenci\u00f3n del cero en la India en los primeros siglos de nuestra era y las observaciones astron\u00f3micas de los mayas y los hind\u00faes hacia el a\u00f1o 1000 despu\u00e9s de Cristo. Incluso estos dos logros hab\u00edan sido ignorados por los editores de Science. A los indios orientales s\u00f3lo les reconoci\u00f3 la creaci\u00f3n del &#8220;s\u00edmbolo del cero&#8221; y no el concepto en s\u00ed mismo. Los &#8220;observadores celestes&#8221; (la palabra &#8220;astr\u00f3nomo&#8221; no se utilizaba) mayas e hind\u00faes realizaron sus observaciones, seg\u00fan esta publ8icaci\u00f3n, s\u00f3lo con &#8220;prop\u00f3sito agr\u00edcolas y religiosos&#8221;.<\/p>\n<p style=\"text-align: justify;\"><img decoding=\"async\" loading=\"lazy\" src=\"http:\/\/v7.cache8.c.bigcache.googleapis.com\/static.panoramio.com\/photos\/original\/10780330.jpg?redirect_counter=2\" alt=\"http:\/\/v7.cache8.c.bigcache.googleapis.com\/static.panoramio.com\/photos\/original\/10780330.jpg?redirect_counter=2\" width=\"639\" height=\"480\" \/><\/p>\n<p>&nbsp;<\/p>\n<p><img decoding=\"async\" src=\"https:\/\/encrypted-tbn0.gstatic.com\/images?q=tbn:ANd9GcSpydYigg8J7HTlxNZy7_v1HUjg2UxCRp7jMw&amp;s\" alt=\"Los mayas y la astronom\u00eda - Aztro Desarrollos Inmobiliarios\" \/><img decoding=\"async\" loading=\"lazy\" class=\"\" src=\"https:\/\/www.ecured.cu\/images\/8\/81\/Astronom%C3%ADa_Maya.jpg\" alt=\"Astronom\u00eda Maya.jpg\" width=\"222\" height=\"166\" \/><img decoding=\"async\" loading=\"lazy\" class=\"\" src=\"https:\/\/osr.org\/wp-content\/uploads\/2020\/05\/cosmovision-291x300.jpg\" alt=\"La astronom\u00eda en los pueblos precolombinos - Online Star Register\" width=\"167\" height=\"172\" \/><\/p>\n<p>&nbsp;<\/p>\n<p style=\"text-align: justify;\">En Am\u00e9rica durante la \u00e9poca precolombina se desarroll\u00f3 un estudio astron\u00f3mico bastante extenso. Algunas observaciones Mayas son bien conocidas, como el eclipse lunar del 15 de Febrero de 3379 a.C. Ten\u00edan su propio calendario solar y conoc\u00edan la periodicidad de los eclipses. Inscribieron en monumentos de piedra f\u00f3rmulas para predecir eclipses solares y la salida heliaca de Venus.<\/p>\n<p style=\"text-align: justify;\">Si los distintos pueblos del M\u00e9xico antiguo llegaron hasta la fase jerogl\u00edfica, los mayas lograron la fase sil\u00e1bico-alfab\u00e9tica en su escritura. La numeraci\u00f3n iniciada por los olmecas con base vigesimal, la perfeccionan los mayas, en los siglos III y IV a. C.<\/p>\n<p style=\"text-align: justify;\">Pero lo m\u00e1s interesante es la primera l\u00ednea que aparece en la mencionada cronolog\u00eda del n\u00ba 14 de la Revista Science:<\/p>\n<p>&nbsp;<\/p>\n<p><iframe loading=\"lazy\" title=\"\u00bfQui\u00e9nes son los FIL\u00d3SOFOS PRESOCR\u00c1TICOS?\" width=\"500\" height=\"281\" src=\"https:\/\/www.youtube.com\/embed\/-vxh-JqYTkk?feature=oembed\" frameborder=\"0\" allow=\"accelerometer; autoplay; clipboard-write; encrypted-media; gyroscope; picture-in-picture; web-share\" referrerpolicy=\"strict-origin-when-cross-origin\" allowfullscreen><\/iframe><\/p>\n<p>&nbsp;<\/p>\n<p style=\"text-align: justify;\">&#8220;Con anterioridad al a\u00f1o 600 a.C. tiene lugar la era precient\u00edfica&#8221;. Sciencie afirmaba que durante aquella \u00e9poca, anterior a los fil\u00f3sofos presocr\u00e1ticos del siglo IV a.C., &#8220;los fen\u00f3menos se explicaban en el contexto de magia, religi\u00f3n y experiencia.&#8221; De esta manera, Science ignoraba m\u00e1s de dos milenios de historia, durante los cuales los babilonios hab\u00edan inventado el \u00e1baco y el \u00e1lgebra, los sumerios hab\u00edan registrado las fases de Venus, los hind\u00faes hab\u00edan propuesto una teor\u00eda at\u00f3mica, los chinos hab\u00edan inventado el an\u00e1lisis qu\u00edmico cuantitativo, y los egipcios hab\u00edan construido pir\u00e1mides.<\/p>\n<p>&nbsp;<\/p>\n<blockquote><p><img decoding=\"async\" src=\"http:\/\/1.bp.blogspot.com\/_F8kRL6vVe5c\/S_b00P4s-OI\/AAAAAAAAB5Q\/GLnUOKOYA2U\/s1600\/ABACO-TIWANAKU-1.jpg\" alt=\"\" \/><\/p><\/blockquote>\n<p style=\"text-align: justify;\"><strong>\u00a0 \u00a0 KITUS \u00f3 Computador Prehisp\u00e1nico encontrado en Tiahuanaco, Bolivia.<\/strong><\/p>\n<p>&nbsp;<\/p>\n<p>&nbsp;<\/p>\n<p><img decoding=\"async\" loading=\"lazy\" class=\"\" src=\"https:\/\/assets.sutori.com\/user-uploads\/image\/5e359d50-a9f3-48d1-86a1-7133753d555b\/7e7463d7413a4f2eeb7e05588ab47ab2.jpeg\" alt=\"EVOLUCION DE LA TECNOLOGIA | Sutori\" width=\"368\" height=\"239\" \/><img decoding=\"async\" loading=\"lazy\" class=\"\" src=\"https:\/\/blogger.googleusercontent.com\/img\/b\/R29vZ2xl\/AVvXsEiKpEs3pVwY_JKlRZzg2nguxkDkNr_RjVnNa-_HacLAISTNnZPoe74yNIYNGbikwMeDdzCLj2W4q15KfUzo2DTY_3e35uNEUChnqjeKpD48_chGMjEznBEE0yQ6UyYr-GtUIdZiS_okokI\/s1600\/ABACO-TWANAKU-2.jpg\" alt=\"ABAX MUSEUM: 7.CRONOLOGIA DE LA HISTORIA DEL \u00c1BACO\" width=\"304\" height=\"241\" \/><\/p>\n<p>&nbsp;<\/p>\n<p style=\"text-align: justify;\">1. 3500 a.C. &#8211; La inform\u00e1tica no es un invento en si misma, sino un largo proceso a trav\u00e9s de la Historia, cuyos inicios se pueden datar en el a\u00f1o 3500 a. C. con <strong>el invento del \u00e1baco en Babilonia<\/strong>. Primera generaci\u00f3n Es la que se desarroll\u00f3 durante los a\u00f1os 50, utilizandose la &#8230;La inform\u00e1tica no es un invento en si misma, sino un largo proceso a trav\u00e9s de la Historia, cuyos inicios se pueden datar en el a\u00f1o 3500 aC con el invento del \u00e1baco en Babilonia. Primera generaci\u00f3n Es la que se desarroll\u00f3 durante los a\u00f1os 50, utiliz\u00e1ndose la tecnolog\u00eda de las v\u00e1lvulas de vac\u00edo. El lenguaje de Programaci\u00f3n era b\u00e1sicamente de bajo nivel.<\/p>\n<p style=\"text-align: justify;\">2. 2500 a.C. &#8211; L\u00ednea de Tiempo de la Computaci\u00f3n 2500 a. C. El \u00e1baco , su origen se asocia a diversas civilizaciones, especialmente a los Babilonios y los Chinos. El \u00e1baco fue el primer instrumento mec\u00e1nico utilizado por el hombre para facilitar sus operaciones de c\u00e1lculo. L\u00ednea de Tiempo de la Computaci\u00f3n 2500 a. C. El \u00e1baco , su origen se asocia a diversas civilizaciones, especialmente a los Babilonios y los Chinos. El \u00e1baco fue el primer instrumento mec\u00e1nico utilizado por el hombre para facilitar sus operaciones de c\u00e1lculo. 1944 1947 1671 1642 1833 1893 1847 1889 1890 1941 1943 2500 a. C. 2000 a. C. 6000 aC 500 a. C .1633.<\/p>\n<p>&nbsp;<\/p>\n<p><img decoding=\"async\" loading=\"lazy\" class=\"\" src=\"https:\/\/img.rtve.es\/imagenes\/condensador-fluzo-gutenberg-imprenta\/01707298845631.jpg\" alt=\"Gutenberg no invent\u00f3 la imprenta?\" width=\"594\" height=\"334\" \/><\/p>\n<p>&nbsp;<\/p>\n<p style=\"text-align: justify;\">Adem\u00e1s, Science reconoc\u00eda a <strong>Johannes Gutenberg<\/strong> el m\u00e9rito de haber inventado la prensa de imprimir en 1454, aunque hab\u00eda sido inventada al menos dos siglos antes por los<strong> chinos<\/strong> y los <strong>koreanos<\/strong>. Un precursor esencial para la prensa de imprimir es el papel, que se invent\u00f3 en China y no lleg\u00f3 a Europa hasta la primera d\u00e9cada del siglo XIV. Science citaba la obra de Francis Bacon como uno de los noventa y seis logros cient\u00edficos mencionados por dicha revista, pero ignoraba la opini\u00f3n de \u00e9ste seg\u00fan la cual los inventos procedentes de China crearon el mundo moderno.<\/p>\n<p>&nbsp;<\/p>\n<p><img decoding=\"async\" src=\"https:\/\/encrypted-tbn0.gstatic.com\/images?q=tbn:ANd9GcR8RlvKPMk6dm3aw6BWXizskLFtT51HPHw2YQ&amp;s\" alt=\"Otras culturas: Los inventos de la antigua China - Historiactiva\" \/><img decoding=\"async\" loading=\"lazy\" class=\"\" src=\"https:\/\/st1.uvnimg.com\/dims4\/default\/69f69da\/2147483647\/thumbnail\/480x270\/quality\/75\/?url=https%3A%2F%2Fuvn-brightspot.s3.amazonaws.com%2Fassets%2Fvixes%2Fbtg%2Fcuriosidades.batanga.com%2Ffiles%2F10-inventos-que-le-debemos-a-los-chino-1.jpg\" alt=\"10 inventos que le debemos a los chinos | Explora | Univision\" width=\"327\" height=\"184\" \/><\/p>\n<p style=\"text-align: justify;\">\u00a0\u00a0\u00a0\u00a0\u00a0\u00a0\u00a0\u00a0<strong> \u00a0\u00a0 Gracias a los Chinos, inventores de la P\u00f3lvora, podemos gozar de los fuegos artificiales, tambi\u00e9n inventaron:<\/strong><\/p>\n<blockquote>\n<h2 style=\"text-align: justify;\">Comp\u00e1s, el Papel, las Pastas, La carretilla, el Sism\u00f3grafo, los Cometas con los que juegan los ni\u00f1os, las Alas Deltas y la Seda .<\/h2>\n<p>&nbsp;<\/p><\/blockquote>\n<p><img decoding=\"async\" loading=\"lazy\" class=\"\" src=\"https:\/\/tribunaeconomica.com.mx\/assets\/media\/fotos\/publicacion\/detalle\/2023\/10\/05\/mayas_el_cero.jpg\" alt=\"Los mayas y la creaci\u00f3n del cero\" width=\"570\" height=\"652\" \/><\/p>\n<p>&nbsp;<\/p>\n<p style=\"text-align: justify;\">Los tradicionalistas han evitado durante mucho tiempo mencionar los avances cient\u00edficos precolombinos que se lograron en el Nuevo Mundo. Los mayas inventaron el cero casi al mismo tiempo que los hind\u00faes y, practicaron unas matem\u00e1ticas y una astronom\u00eda que superaba con mucho la de la Europa Medieval. En el medio oeste americano los nativos construyeron pir\u00e1mides y otras estructuras de un tama\u00f1o mucho mayor que las de cualquiera que exist\u00edan entonces en Europa.<\/p>\n<p>&nbsp;<\/p>\n<p><img decoding=\"async\" src=\"https:\/\/static.wixstatic.com\/media\/4ee63d_1fe7847c577c4ed48dda5bb8aeb80e83.jpg\/v1\/fill\/w_479,h_260,al_c,lg_1,q_80,enc_avif,quality_auto\/4ee63d_1fe7847c577c4ed48dda5bb8aeb80e83.jpg\" alt=\"Crisis de la polis griega\" \/><\/p>\n<blockquote><p><strong>La Crisis de la Polis Griega<\/strong><\/p><\/blockquote>\n<p style=\"text-align: justify;\">Muchos historiadores occidentales tradicionales creen que despu\u00e9s del hundimiento de la Civilizaci\u00f3n griega se produjeron pocos hallazgos originales en el campo de la ciencia; que los \u00e1rabes copiaron obras de Euclides, Tolomeo, Apolon\u00edo y otros, y que Europa, finalmente, recuper\u00f3 su patrimonio cient\u00edfico a trav\u00e9s de los \u00e1rabes. Durante la Edad Media los eruditos \u00e1rabes se entregaron a la b\u00fasqueda de manuscritos griegos y fundaron centros de estudios y traducci\u00f3n en Jund-i Sahpur, Persia y en Bagdad, Irak. A los historiadores occidentales no le suelen gustar admitir que esos mismos eruditos tambi\u00e9n buscaron manuscritos de China y de la India, y crearon su propia Ciencia.<\/p>\n<p><img decoding=\"async\" src=\"http:\/\/upload.wikimedia.org\/wikipedia\/commons\/thumb\/6\/63\/Alhazen%2C_the_Persian.gif\/300px-Alhazen%2C_the_Persian.gif\" alt=\"Alhazen, el gran erudito persa.\" \/><\/p>\n<p><strong>Alhacen, el gran erudito Persa<\/strong><\/p>\n<p>&nbsp;<\/p>\n<p style=\"text-align: justify;\">La ciencia es el estudio del mundo f\u00edsico, pero no es s\u00f3lo un campo de inter\u00e9s. Es una disciplina de un sistema de investigaci\u00f3n que se adhiere a una metodolog\u00eda espec\u00edfica. Esa metodolog\u00eda es conocida como la <em>m\u00e9todo cient\u00edfico<\/em>. Se compone de siete pasos: 1) la observaci\u00f3n, 2) la declaraci\u00f3n de un problema o pregunta, 3) formulaci\u00f3n de una hip\u00f3tesis o una posible respuesta al problema o pregunta, 4) prueba de la hip\u00f3tesis con un experimento, y 5) an\u00e1lisis de los resultados del experimento, 6) interpretaci\u00f3n de los datos y la formulaci\u00f3n de una conclusi\u00f3n, y 7) la publicaci\u00f3n de los resultados. Se puede estudiar la naturaleza sin respetar el <em>m\u00e9todo cient\u00edfico<\/em>, por supuesto. El resultado, sin embargo, no es ciencia.<\/p>\n<p>&nbsp;<\/p>\n<p><img decoding=\"async\" loading=\"lazy\" class=\"\" src=\"https:\/\/i.ytimg.com\/vi\/pVR8KJadDk0\/maxresdefault.jpg\" alt=\"M\u00e9todo de Arist\u00f3teles\" width=\"638\" height=\"359\" \/><\/p>\n<p>&nbsp;<\/p>\n<p style=\"text-align: justify;\">Muchas personas a lo largo de la historia han estudiado la naturaleza, sin el m\u00e9todo cient\u00edfico. Algunas de las personas m\u00e1s conocidas en hacerlo fueron <em>Los antiguos griegos<\/em>. Estudiosos como <em>Arist\u00f3teles<\/em> trat\u00f3 de explicar los fen\u00f3menos naturales, pero no a prueba sus ideas con experimentos. Ellos basaron sus hallazgos en la l\u00f3gica. Como resultado, muchas veces se equivoc\u00f3. Estos errores fueron descubiertas m\u00e1s tarde por los eruditos utilizando el m\u00e9todo cient\u00edfico.<\/p>\n<p align=\"center\"><img decoding=\"async\" src=\"https:\/\/upload.wikimedia.org\/wikipedia\/commons\/thumb\/2\/22\/Toledo_-_02.jpg\/320px-Toledo_-_02.jpg\" \/><\/p>\n<p style=\"text-align: justify;\">\u00a0 \u00a0 \u00a0 \u00a0 \u00a0 \u00a0 \u00a0 \u00a0 \u00a0 \u00a0 \u00a0 \u00a0 \u00a0 \u00a0 \u00a0 \u00a0 \u00a0 \u00a0 \u00a0 \u00a0 \u00a0 \u00a0 \u00a0 \u00a0 \u00a0 \u00a0 \u00a0 \u00a0 \u00a0 \u00a0 \u00a0 \u00a0 \u00a0 \u00a0 \u00a0 \u00a0 \u00a0<strong>\u00a0 \u00a0 \u00a0 \u00a0 \u00a0 \u00a0 \u00a0 \u00a0Toledo antiguo<\/strong><\/p>\n<p style=\"text-align: justify;\">La erudici\u00f3n pas\u00f3 de El Cairo a C\u00f3rdoba y Toledo, en Espa\u00f1a. Cuando el Imperio musulm\u00e1n se extendi\u00f3 invadiendo Europa. Cuando los cristianos lograron reconquistar Toledo, los eruditos de Europa cayeron como cuervos sobre los socumentos que los arabes hab\u00edan traduciso, no ya de los griegos, sino tambi\u00e9n de egipcios, chinos, hind\u00faes y babilonios cuyos conocimientos fueron encausados hacia Europa a trav\u00e9s de Espa\u00f1a.<\/p>\n<p>&nbsp;<\/p>\n<p><img decoding=\"async\" loading=\"lazy\" class=\"\" src=\"https:\/\/mundoislam.com\/wp-content\/uploads\/2018\/07\/astronomia-islamica-medieval.jpg\" alt=\"La astronom\u00eda isl\u00e1mica medieval\" width=\"258\" height=\"182\" \/><img decoding=\"async\" src=\"https:\/\/upload.wikimedia.org\/wikipedia\/commons\/thumb\/5\/57\/Heliocentric.jpg\/220px-Heliocentric.jpg\" alt=\"Astronom\u00eda isl\u00e1mica - Wikipedia, la enciclopedia libre\" \/><\/p>\n<blockquote><p><strong>Astronom\u00eda Isl\u00e1mica<\/strong><\/p><\/blockquote>\n<p style=\"text-align: justify;\">Hay muchas pruebas de ese intenso tr\u00e1fico de obras que, desde Espa\u00f1a, circul\u00f3 por toda Europa: Damasco y Padua se benefici\u00f3 de un intenso tr\u00e1fico de manuscritos \u00e1rabes a principios de la primera d\u00e9cada del siglo XVI, en todas las bibliotecas europeas se estaba redescubriendo cada vez m\u00e1s documentos escritos en \u00e1rabe y proveniente de las m\u00e1s diversas culturas. El mismo Cop\u00e9rnico se inspir\u00f3 en obras \u00e1rabes de Astronom\u00eda.<\/p>\n<p>&nbsp;<\/p>\n<p><iframe loading=\"lazy\" title=\"La Antigua Grecia en 15 minutos\" width=\"500\" height=\"281\" src=\"https:\/\/www.youtube.com\/embed\/9LMlD7L4Vdk?feature=oembed\" frameborder=\"0\" allow=\"accelerometer; autoplay; clipboard-write; encrypted-media; gyroscope; picture-in-picture; web-share\" referrerpolicy=\"strict-origin-when-cross-origin\" allowfullscreen><\/iframe><\/p>\n<p>&nbsp;<\/p>\n<p style=\"text-align: justify;\">El historiador Glen Bowersock del Institute for Advanced Studies escribe que &#8220;los antecedentes cl\u00e1sicos de la civilizaci\u00f3n occidental han servido en gran medida para justificar el estudio de la Grecia antigua y de la cultura romana&#8221;, pero admite que &#8220;la porosidad de la cultura griega y el paralelismo que guarda con otras culturas nunca ha sido un secreto&#8230;Los griegos no surgieron como Atenea de la cabeza de Zeus, equipados completamente con su arsenal de cultura&#8230;Una expresi\u00f3n tal como &#8220;El milagro griego&#8221; era una frase atractiva para incluirla en los grandes dramas, escribirla bajo estatuas her\u00f3icas y en el Parten\u00f3n, pero todo eso estaba inmerso en un contexto hist\u00f3rico. Para los griegos, ese contexto era Fenicia y Egipto.<\/p>\n<p>&nbsp;<\/p>\n<p><img decoding=\"async\" loading=\"lazy\" title=\"fenicios\" src=\"http:\/\/www.escuelapedia.com\/wp-content\/uploads\/2011\/07\/fenicios.jpg\" alt=\"fenicios\" width=\"544\" height=\"363\" \/><\/p>\n<p>&nbsp;<\/p>\n<p style=\"text-align: justify;\">Los fenicios fueron localizados en la parte norte de Palestina, en lo que hoy es el L\u00edbano. El pueblo natal de esta civilizaci\u00f3n son los semitas que, dejando la costa norte del Mar Rojo, se asentaron en Palestina practicando el cultivo de cereales, vid y olivo. Adem\u00e1s de la agricultura, la pesca y la artesan\u00eda tambi\u00e9n desarrollaron otras actividades.<\/p>\n<p style=\"text-align: justify;\">La proximidad al mar y el comienzo del comercio de productos agr\u00edcolas con que los egipcios dieron las condiciones \u00f3ptimas para el comercio mar\u00edtimo y se destaca como uno de los sectores m\u00e1s din\u00e1micos de la econom\u00eda de los fenicios. A lo largo de la costa ocupada por ellos hab\u00eda varias ciudades-estado como Arad, Biblos, Tiro, Sid\u00f3n y Ugarit. En cada una de estas ciudades un gobierno independiente era responsable de los asuntos pol\u00edticos y administrativos.<\/p>\n<p>&nbsp;<\/p>\n<p><img decoding=\"async\" src=\"https:\/\/storage.ning.com\/topology\/rest\/1.0\/file\/get\/9521541690?profile=RESIZE_710x\" alt=\"Gadir, una potencia econ\u00f3mica heredera de Tiro en el Mediterr\u00e1neo occidental - Arqueologia, Historia Antigua y Medieval - Terrae Antiqvae\" \/><\/p>\n<p>&nbsp;<\/p>\n<p style=\"text-align: justify;\">&#8220;Tradicionalmente, cuando se abordaba el origen de la presencia fenicia en la ciudad de C\u00e1diz, siempre choc\u00e1bamos con dos tendencias contrapuestas y excluyentes que afectaba directamente a su horizonte cronol\u00f3gico y fundacional. Por un lado, ten\u00edamos una corriente que situaba los or\u00edgenes de Gadir en el siglo VIII a. C., tomando como referente la documentaci\u00f3n arqueol\u00f3gica hallada hasta el momento en la ciudad, y, por otro, quienes remont\u00e1ndose al siglo XII a. C., eran fieles seguidores de las fuentes escritas. Hoy esta bipolaridad cronol\u00f3gica ha quedado superada tras los trabajos arqueol\u00f3gicos que llegaban a su fin en julio del a\u00f1o 2010 en C\u00e1diz, puestos en marcha por un equipo de arque\u00f3logos, dirigido por Juan Miguel Pajuelo, y practicados en el solar que tiempo atr\u00e1s ocupaba el Teatro C\u00f3mico, ubicado en la c\/ San Miguel.&#8221;<\/p>\n<blockquote>\n<p style=\"text-align: justify;\">La ciudad fue fundada en 1100 A.C. por\u00a0<b>comerciantes fenicios de Tiros<\/b>, vieja ciudad fenicia situada en el sur del actual L\u00edbano, llam\u00e1ndola Gadir, (reducto, fortaleza). En Gadir construyeron un puerto y levantaron un templo donde supuestamente guardaban las cenizas de H\u00e9rcules.<\/p>\n<\/blockquote>\n<p style=\"text-align: justify;\">De lo que hicieron en Espa\u00f1a <strong>(fundaron Gadir -hoy C\u00e1diz<\/strong>), todos tenemos noticias y, tambi\u00e9n recorrieron las costas de Tartessos, y lo que ahora se conoce como <strong>Huelva<\/strong>, lugar al que llevaron cultura, ense\u00f1anzas de oficios y trueques.<\/p>\n<p style=\"text-align: justify;\">Podr\u00edamos alargar el comentario y dejar claro que, la Revista Science, no fue muy ecu\u00e1nime en su elecci\u00f3n, dejando de lado grandes inventos y descubrimientos realizados mucho antes de que llegaron los Griegos, y, adem\u00e1s, tampoco reconocieron a avispados inventores que, no siendo occidentales, tambi\u00e9n se merecen el m\u00e9rito de sus ideas y obras.<\/p>\n<p>&nbsp;<\/p>\n<p><img decoding=\"async\" loading=\"lazy\" class=\"\" src=\"https:\/\/blogger.googleusercontent.com\/img\/b\/R29vZ2xl\/AVvXsEhqwtgyQhHLb6qdd91heCUGz4H-kGvk64bhpGCReKyKlFVHKomqfuPrJT7qUkTQLOK7qfbzU6DzaLhTH-t-UDCoYqZo33mt8C1d12IuGuyDPeVGgFdrACW0zEg2elH7wrShLWpxA_GRmCg\/s1600\/Emilio+Silvera+V%C3%A1zquez,+estudiante+del+Universo..jpg\" alt=\"Cr\u00f3nicas de Huelva: Emilio Silvera\" width=\"416\" height=\"611\" \/><\/p>\n<blockquote><p>&nbsp;<\/p>\n<p style=\"text-align: justify;\"><strong>Me encanta contaros estas historias que permanecen olvidadas en legajos llenos de polvo, ignoradas por la turbulenta din\u00e1mica de las sociedades del presente que&#8230; \u00a1No saben lo que se pierden!<\/strong><\/p>\n<p><strong>Emilio Silvera V\u00e1zquez<\/strong><\/p><\/blockquote>\n<p style=\"text-align: right;\">\n<div class='bookmark'>\r\n\t\t<table align='left' border='0' cellpadding='0' width='100%'>\r\n\t\t<tr><td><span class='pushbutton'><a href='http:\/\/delicious.com\/post?url=http%3A%2F%2Fwww.emiliosilveravazquez.com%2Fblog%2F2025%2F06%2F07%2Fa-cada-cual-lo-suyo%2F&amp;title=%C2%BFEl+mayor+descubrimiento%3F+%C2%A1Son+t%C3%A1ntos%21' title='Delicious' target='_blank' rel='nofollow'><img src='http:\/\/www.emiliosilveravazquez.com\/blog\/wp-content\/plugins\/knxdt-bookmarks-wordpress-plugin\/images\/delicious.png'  alt='' class='book_img' border='none' style='margin:1px; padding: 0;'  \/><\/a><\/span><span class='pushbutton'><a href='http:\/\/digg.com\/submit?url=http%3A%2F%2Fwww.emiliosilveravazquez.com%2Fblog%2F2025%2F06%2F07%2Fa-cada-cual-lo-suyo%2F&amp;title=%C2%BFEl+mayor+descubrimiento%3F+%C2%A1Son+t%C3%A1ntos%21' title='Digg' target='_blank' rel='nofollow'><img src='http:\/\/www.emiliosilveravazquez.com\/blog\/wp-content\/plugins\/knxdt-bookmarks-wordpress-plugin\/images\/digg.png'  alt='' class='book_img' border='none' style='margin:1px; padding: 0;'  \/><\/a><\/span><span class='pushbutton'><a href='http:\/\/www.google.com\/bookmarks\/mark?op=edit&amp;bkmk=http%3A%2F%2Fwww.emiliosilveravazquez.com%2Fblog%2F2025%2F06%2F07%2Fa-cada-cual-lo-suyo%2F&amp;title=%C2%BFEl+mayor+descubrimiento%3F+%C2%A1Son+t%C3%A1ntos%21' title='Google' target='_blank' rel='nofollow'><img src='http:\/\/www.emiliosilveravazquez.com\/blog\/wp-content\/plugins\/knxdt-bookmarks-wordpress-plugin\/images\/google.png'   alt='' class='book_img' border='none' style='margin:1px; padding: 0;'  \/><\/a><\/span><span class='pushbutton'><a href='http:\/\/myweb2.search.yahoo.com\/myresults\/bookmarklet?u=http%3A%2F%2Fwww.emiliosilveravazquez.com%2Fblog%2F2025%2F06%2F07%2Fa-cada-cual-lo-suyo%2F&amp;t=%C2%BFEl+mayor+descubrimiento%3F+%C2%A1Son+t%C3%A1ntos%21' title='Yahoo' target='_blank' rel='nofollow'><img src='http:\/\/www.emiliosilveravazquez.com\/blog\/wp-content\/plugins\/knxdt-bookmarks-wordpress-plugin\/images\/yahoo.png'  alt='' class='book_img' border='none' style='margin:1px; padding: 0;'  \/><\/a><\/span><span class='pushbutton'><a href='http:\/\/www.technorati.com\/faves?add=http%3A%2F%2Fwww.emiliosilveravazquez.com%2Fblog%2F2025%2F06%2F07%2Fa-cada-cual-lo-suyo%2F' title='Technorati' target='_blank' rel='nofollow'><img src='http:\/\/www.emiliosilveravazquez.com\/blog\/wp-content\/plugins\/knxdt-bookmarks-wordpress-plugin\/images\/technorati.png'  alt='' class='book_img' border='none' style='margin:1px; padding: 0;'  \/><\/a><\/span><span class='pushbutton'><a href='http:\/\/meneame.net\/submit.php?url=http%3A%2F%2Fwww.emiliosilveravazquez.com%2Fblog%2F2025%2F06%2F07%2Fa-cada-cual-lo-suyo%2F' title='Meneame' target='_blank' rel='nofollow'><img src='http:\/\/www.emiliosilveravazquez.com\/blog\/wp-content\/plugins\/knxdt-bookmarks-wordpress-plugin\/images\/meneame.png'  alt='' class='book_img' border='none' style='margin:1px; padding: 0;'  \/><\/a><\/span><span class='pushbutton'><a href='http:\/\/enchilame.com\/submit.php?url=http:\/\/www.emiliosilveravazquez.com\/blog\/2025\/06\/07\/a-cada-cual-lo-suyo\/' target='_blank' rel='nofollow'><img title='Enchilame' src='http:\/\/www.emiliosilveravazquez.com\/blog\/wp-content\/plugins\/knxdt-bookmarks-wordpress-plugin\/images\/enchilame.png'  alt='' class='book_img' border='none' style='margin:1px; padding: 0;'  \/><\/a><\/span><span class='pushbutton'><a href='http:\/\/www.blinklist.com\/index.php?Action=Blink\/addblink.php&amp;Description=&amp;Url=http%3A%2F%2Fwww.emiliosilveravazquez.com%2Fblog%2F2025%2F06%2F07%2Fa-cada-cual-lo-suyo%2F&amp;title=%C2%BFEl+mayor+descubrimiento%3F+%C2%A1Son+t%C3%A1ntos%21' title='BlinkList' target='_blank' rel='nofollow'><img src='http:\/\/www.emiliosilveravazquez.com\/blog\/wp-content\/plugins\/knxdt-bookmarks-wordpress-plugin\/images\/blinklist.png'  alt='' class='book_img' border='none' style='margin:1px; padding: 0;'  \/><\/a><\/span><span class='pushbutton'><a href='http:\/\/reddit.com\/submit?url=http%3A%2F%2Fwww.emiliosilveravazquez.com%2Fblog%2F2025%2F06%2F07%2Fa-cada-cual-lo-suyo%2F&amp;title=%C2%BFEl+mayor+descubrimiento%3F+%C2%A1Son+t%C3%A1ntos%21' title='Reddit' target='_blank' rel='nofollow'><img src='http:\/\/www.emiliosilveravazquez.com\/blog\/wp-content\/plugins\/knxdt-bookmarks-wordpress-plugin\/images\/reddit.png'  alt='' class='book_img' border='none' style='margin:1px; padding: 0;'  \/><\/a><\/span><span class='pushbutton'><a href='http:\/\/www.tecnologiadiaria.com\/2009\/07\/abrir-com-hotmail-correo.html' target='_blank' title='hotmail'><img src='http:\/\/www.emiliosilveravazquez.com\/blog\/wp-content\/plugins\/knxdt-bookmarks-wordpress-plugin\/images\/linklove.png' alt='hotmail correo' class='book_img' border='none' style='margin:1px; padding: 0;' \/><\/a><\/span><span class='pushbutton'><a href='http:\/\/bitacoras.com\/votar\/anotacion\/externo\/mini\/www.emiliosilveravazquez.com\/blog\/2025\/06\/07\/a-cada-cual-lo-suyo\/' title='Bitacoras.com' target='_blank' rel='nofollow'><img src='http:\/\/www.emiliosilveravazquez.com\/blog\/wp-content\/plugins\/knxdt-bookmarks-wordpress-plugin\/images\/bitacoras.png'  alt='' class='book_img' border='none' style='margin:1px; padding: 0;'  \/><\/a><\/span><span class='pushbutton'><a href='http:\/\/www.wikio.es\/vote?url=http%3A%2F%2Fwww.emiliosilveravazquez.com%2Fblog%2F2025%2F06%2F07%2Fa-cada-cual-lo-suyo%2F' title='Wikio' target='_blank' rel='nofollow'><img src='http:\/\/www.emiliosilveravazquez.com\/blog\/wp-content\/plugins\/knxdt-bookmarks-wordpress-plugin\/images\/wikio.png'   alt='' class='book_img' border='none' style='margin:1px; padding: 0;'   \/><\/a><\/span><span class='pushbutton'><a href='http:\/\/friendfeed.com\/?url=http%3A%2F%2Fwww.emiliosilveravazquez.com%2Fblog%2F2025%2F06%2F07%2Fa-cada-cual-lo-suyo%2F&amp;title=%C2%BFEl+mayor+descubrimiento%3F+%C2%A1Son+t%C3%A1ntos%21' title='Friend Feed' target='_blank' rel='nofollow'><img src='http:\/\/www.emiliosilveravazquez.com\/blog\/wp-content\/plugins\/knxdt-bookmarks-wordpress-plugin\/images\/friendfeed.png'  alt='' class='book_img' border='none' style='margin:1px; padding: 0;'  \/><\/a><\/span><span class='pushbutton'><a href='http:\/\/www.facebook.com\/share.php?u=http%3A%2F%2Fwww.emiliosilveravazquez.com%2Fblog%2F2025%2F06%2F07%2Fa-cada-cual-lo-suyo%2F&amp;t=%C2%BFEl+mayor+descubrimiento%3F+%C2%A1Son+t%C3%A1ntos%21' title='Facebook' target='_blank' rel='nofollow'><img src='http:\/\/www.emiliosilveravazquez.com\/blog\/wp-content\/plugins\/knxdt-bookmarks-wordpress-plugin\/images\/facebook.png'  alt='' class='book_img' border='none' style='margin:1px; padding: 0;'  \/><\/a><\/span><span class='pushbutton'><a href='http:\/\/twitter.com\/home?status=%C2%BFEl+mayor+descubrimiento%3F+%C2%A1Son+t%C3%A1ntos%21: http%3A%2F%2Fwww.emiliosilveravazquez.com%2Fblog%2F2025%2F06%2F07%2Fa-cada-cual-lo-suyo%2F' title='Twitter' target='_blank' rel='nofollow'><img src='http:\/\/www.emiliosilveravazquez.com\/blog\/wp-content\/plugins\/knxdt-bookmarks-wordpress-plugin\/images\/twitter.png'  alt='' class='book_img' border='none' style='margin:1px; padding: 0;'  \/><\/a><\/span><span class='pushbutton'><a href='http:\/\/www.feedburner.com\/fb\/a\/emailFlare?itemTitle=%C2%BFEl+mayor+descubrimiento%3F+%C2%A1Son+t%C3%A1ntos%21&amp;uri=http%3A%2F%2Fwww.emiliosilveravazquez.com%2Fblog%2F2025%2F06%2F07%2Fa-cada-cual-lo-suyo%2F' title='Enviar por Email' target='_blank' rel='nofollow'><img src='http:\/\/www.emiliosilveravazquez.com\/blog\/wp-content\/plugins\/knxdt-bookmarks-wordpress-plugin\/images\/email.png'  alt='' class='book_img' border='none' style='margin:1px; padding: 0;'  \/><\/a><\/span><span style='font-weight:bold; padding-left: 5px;'><a href='http:\/\/wordpress.org\/extend\/plugins\/knxdt-bookmarks-wordpress-plugin\/' title='Plugin' rel='nofollow' target='_blank'>[?]<\/a><\/span><\/td><\/tr><\/table><br\/><br\/><\/div>","protected":false},"excerpt":{"rendered":"<p>\u00a0 \u00a0 \u00a0 \u00a0 \u00a0 \u00a0 \u00a0 \u00a0 \u00a0 \u00a0 \u00a0 \u00a0 \u00a0 \u00a0Virus de la inmunodeficiencia humana (VIH) &#8220;La revista Science ha seleccionado su top 10 (2.024) de avances m\u00e1s relevantes en los distintos campos de la ciencia. En esta ocasi\u00f3n, el avance de a\u00f1o es el f\u00e1rmaco lenacapavir contra el VIH, un medicamento [&hellip;]<\/p>\n","protected":false},"author":2,"featured_media":0,"comment_status":"open","ping_status":"open","sticky":false,"template":"","format":"standard","meta":{"_s2mail":"yes","footnotes":""},"categories":[11],"tags":[],"_links":{"self":[{"href":"http:\/\/www.emiliosilveravazquez.com\/blog\/wp-json\/wp\/v2\/posts\/5698"}],"collection":[{"href":"http:\/\/www.emiliosilveravazquez.com\/blog\/wp-json\/wp\/v2\/posts"}],"about":[{"href":"http:\/\/www.emiliosilveravazquez.com\/blog\/wp-json\/wp\/v2\/types\/post"}],"author":[{"embeddable":true,"href":"http:\/\/www.emiliosilveravazquez.com\/blog\/wp-json\/wp\/v2\/users\/2"}],"replies":[{"embeddable":true,"href":"http:\/\/www.emiliosilveravazquez.com\/blog\/wp-json\/wp\/v2\/comments?post=5698"}],"version-history":[{"count":0,"href":"http:\/\/www.emiliosilveravazquez.com\/blog\/wp-json\/wp\/v2\/posts\/5698\/revisions"}],"wp:attachment":[{"href":"http:\/\/www.emiliosilveravazquez.com\/blog\/wp-json\/wp\/v2\/media?parent=5698"}],"wp:term":[{"taxonomy":"category","embeddable":true,"href":"http:\/\/www.emiliosilveravazquez.com\/blog\/wp-json\/wp\/v2\/categories?post=5698"},{"taxonomy":"post_tag","embeddable":true,"href":"http:\/\/www.emiliosilveravazquez.com\/blog\/wp-json\/wp\/v2\/tags?post=5698"}],"curies":[{"name":"wp","href":"https:\/\/api.w.org\/{rel}","templated":true}]}}