{"id":556,"date":"2010-08-13T09:45:41","date_gmt":"2010-08-13T07:45:41","guid":{"rendered":"http:\/\/www.emiliosilveravazquez.com\/blog\/?p=556"},"modified":"2010-08-13T09:45:40","modified_gmt":"2010-08-13T07:45:40","slug":"el-universo-se-expande-la-mente-tambien-xiv","status":"publish","type":"post","link":"http:\/\/www.emiliosilveravazquez.com\/blog\/2010\/08\/13\/el-universo-se-expande-la-mente-tambien-xiv\/","title":{"rendered":"El Universo se expande, la Mente tambi\u00e9n"},"content":{"rendered":"<p class=\"MsoNormal\" style=\"margin: 0cm 0cm 0pt; text-indent: 45.35pt; text-align: justify; tab-stops: 0cm 234.0pt;\"><span style=\"font-size: 11pt; font-family: Verdana;\">No puedo, dejar pasar la oportunidad, aunque sea de pasada, de mencionar las sustancias.<\/span><\/p>\n<p class=\"MsoNormal\" style=\"margin: 0cm 0cm 0pt; text-indent: 45.35pt; text-align: justify; tab-stops: 0cm 234.0pt;\"><span style=\"font-size: 11pt; font-family: Verdana;\">\u00a0<\/span><\/p>\n<p class=\"MsoNormal\" style=\"margin: 0cm 0cm 0pt; text-indent: 45.35pt; text-align: justify; tab-stops: 0cm 234.0pt;\"><span style=\"font-size: 11pt; font-family: Verdana;\">\u00a0<\/span><\/p>\n<p class=\"MsoNormal\" style=\"margin: 0cm 0cm 0pt; text-indent: 45.35pt; text-align: justify; tab-stops: 0cm 234.0pt;\"><span style=\"font-size: 11pt; font-family: Verdana;\">Las as\u00ed llamadas, son cuerpos formados por mol\u00e9culas id\u00e9nticas, entre las cuales pueden o no existir enlaces qu\u00edmicos.<span style=\"mso-spacerun: yes;\">\u00a0 <\/span>Veremos varios ejemplos.<span style=\"mso-spacerun: yes;\">\u00a0 <\/span>Las sustancias como el ox\u00edgeno, cloro, metano, amon\u00edaco, etc., se presentan en estado gaseoso en condiciones ordinarias de presi\u00f3n y temperatura.<span style=\"mso-spacerun: yes;\">\u00a0 <\/span>Para su confinamiento se embotellan, aunque existen casos en que se encuentran mezcladas en el aire (os pod\u00e9is dar una vueltecita por el Polo qu\u00edmico de Huelva -Espa\u00f1a-).<\/span><\/p>\n<p class=\"MsoNormal\" style=\"margin: 0cm 0cm 0pt; text-indent: 45.35pt; text-align: justify; tab-stops: 0cm 234.0pt;\"><span style=\"font-size: 11pt; font-family: Verdana;\">\u00a0<\/span><\/p>\n<p class=\"MsoNormal\" style=\"margin: 0cm 0cm 0pt; text-indent: 45.35pt; text-align: justify; tab-stops: 0cm 234.0pt;\"><span style=\"font-size: 11pt; font-family: Verdana;\">\u00a0<\/span><\/p>\n<p class=\"MsoNormal\" style=\"margin: 0cm 0cm 0pt; text-indent: 45.35pt; text-align: justify; tab-stops: 0cm 234.0pt;\"><span style=\"font-size: 11pt; font-family: Verdana;\">En cualquier caso, un gas como los citados consiste en un enjambre de las mol\u00e9culas correspondientes.<span style=\"mso-spacerun: yes;\">\u00a0 <\/span>Entre ellas no se ejercen fuerzas, salvo cuando colisionan, lo que hacen con una frecuencia que depende de la concentraci\u00f3n, es decir, del n\u00famero de ellas que est\u00e1n concentradas en la unidad de volumen; n\u00famero que podemos calcular conociendo la presi\u00f3n y temperatura de la masa de gas confinada en un volumen conocido.<\/span><\/p>\n<p class=\"MsoNormal\" style=\"margin: 0cm 0cm 0pt; text-indent: 45.35pt; text-align: justify; tab-stops: 0cm 234.0pt;\"><span style=\"font-size: 11pt; font-family: Verdana;\">\u00a0<\/span><\/p>\n<p class=\"MsoNormal\" style=\"margin: 0cm 0cm 0pt; text-indent: 45.35pt; text-align: justify; tab-stops: 0cm 234.0pt;\"><span style=\"font-size: 11pt; font-family: Verdana;\">\u00a0<\/span><\/p>\n<p class=\"MsoNormal\" style=\"margin: 0cm 0cm 0pt; text-indent: 45.35pt; text-align: justify; tab-stops: 0cm 234.0pt;\"><span style=\"font-size: 11pt; font-family: Verdana;\">Dec\u00eda que no existen fuerzas entre las mol\u00e9culas de un gas.<span style=\"mso-spacerun: yes;\">\u00a0 <\/span>En realidad, es m\u00e1s exacto que el valor de esas fuerzas es insignificante porque las fuerzas residuales de las electromagn\u00e9ticas, a las que antes me refer\u00ed, disminuyen m\u00e1s r\u00e1pidamente con la distancia que las fuerzas de Coulomb; y esta distancia es ordinariamente de varios di\u00e1metros moleculares.<\/span><\/p>\n<p class=\"MsoNormal\" style=\"margin: 0cm 0cm 0pt; text-indent: 45.35pt; text-align: justify; tab-stops: 0cm 234.0pt;\"><span style=\"font-size: 11pt; font-family: Verdana;\">\u00a0<\/span><\/p>\n<p class=\"MsoNormal\" style=\"margin: 0cm 0cm 0pt; text-indent: 45.35pt; text-align: justify; tab-stops: 0cm 234.0pt;\"><span style=\"font-size: 11pt; font-family: Verdana;\">Podemos conseguir que la intensidad de esas fuerzas aumenten tratando de disminuir la distancia media entre las mol\u00e9culas.<span style=\"mso-spacerun: yes;\">\u00a0 <\/span>Esto se puede lograr haciendo descender la temperatura, aumentando la presi\u00f3n o ambas cosas.<span style=\"mso-spacerun: yes;\">\u00a0 <\/span>Alcanzada una determinada temperatura, las mol\u00e9culas comienzan a sentir las fuerzas de Van der Waals y aparece el estado l\u00edquido; si se sigue enfriando aparece el s\u00f3lido.<span style=\"mso-spacerun: yes;\">\u00a0 <\/span>El orden crece desde el gas al l\u00edquido, siendo el s\u00f3lido el m\u00e1s ordenado.<span style=\"mso-spacerun: yes;\">\u00a0 <\/span>Se trata de una red tridimensional en la que los nudos o v\u00e9rtices del entramado est\u00e1n ocupados por mol\u00e9culas.<\/span><\/p>\n<p class=\"MsoNormal\" style=\"margin: 0cm 0cm 0pt; text-indent: 45.35pt; text-align: justify; tab-stops: 0cm 234.0pt;\"><span style=\"font-size: 11pt; font-family: Verdana;\">\u00a0<\/span><\/p>\n<p class=\"MsoNormal\" style=\"margin: 0cm 0cm 0pt; text-indent: 45.35pt; text-align: justify; tab-stops: 0cm 234.0pt;\"><span style=\"font-size: 11pt; font-family: Verdana;\">\u00a0<\/span><\/p>\n<p class=\"MsoNormal\" style=\"margin: 0cm 0cm 0pt; text-indent: 45.35pt; text-align: justify; tab-stops: 0cm 234.0pt;\"><span style=\"font-size: 11pt; font-family: Verdana;\">Todas las sustancias conocidas pueden presentarse en cualquiera de los tres estados de la materia (estados ordinarios y cotidianos en nuestras vidas del d\u00eda a d\u00eda).<\/span><\/p>\n<p class=\"MsoNormal\" style=\"margin: 0cm 0cm 0pt; text-indent: 45.35pt; text-align: justify; tab-stops: 0cm 234.0pt;\"><span style=\"font-size: 11pt; font-family: Verdana;\">\u00a0<\/span><\/p>\n<p class=\"MsoNormal\" style=\"margin: 0cm 0cm 0pt; text-indent: 45.35pt; text-align: justify; tab-stops: 0cm 234.0pt;\"><span style=\"font-size: 11pt; font-family: Verdana;\">\u00a0<\/span><\/p>\n<p class=\"MsoNormal\" style=\"margin: 0cm 0cm 0pt; text-indent: 45.35pt; text-align: justify; tab-stops: 0cm 234.0pt;\"><span style=\"font-size: 11pt; font-family: Verdana;\">Si las temperaturas reinantes, como dec\u00edamos en p\u00e1ginas anteriores, es de miles de millones de grados, el estado de la materia es el <a href=\"#\" onclick=\"referencia('plasma',event); return false;\">plasma<\/a>, el material m\u00e1s com\u00fan del Universo, el de las estrellas (aparte de la <a href=\"#\" onclick=\"referencia('materia oscura',event); return false;\">materia oscura<\/a>, que no sabemos ni lo que es, ni donde est\u00e1, ni que \u201cestado\u201d es el suyo).<\/span><\/p>\n<p class=\"MsoNormal\" style=\"margin: 0cm 0cm 0pt; text-indent: 45.35pt; text-align: justify; tab-stops: 0cm 234.0pt;\"><span style=\"font-size: 11pt; font-family: Verdana;\">\u00a0<\/span><\/p>\n<p class=\"MsoNormal\" style=\"margin: 0cm 0cm 0pt; text-indent: 45.35pt; text-align: justify; tab-stops: 0cm 234.0pt;\"><span style=\"font-size: 11pt; font-family: Verdana;\">\u00a0<\/span><\/p>\n<p class=\"MsoNormal\" style=\"margin: 0cm 0cm 0pt; text-indent: 45.35pt; text-align: justify; tab-stops: 0cm 234.0pt;\"><span style=\"font-size: 11pt; font-family: Verdana;\">En condiciones ordinarias de presi\u00f3n, la temperatura por debajo de la cual existe el l\u00edquido y\/o s\u00f3lido depende del tipo de sustancia.<span style=\"mso-spacerun: yes;\">\u00a0 <\/span>Se denomina temperatura de ebullici\u00f3n o fusi\u00f3n la que corresponde a los sucesivos equilibrios(a presi\u00f3n dada) de fases: vapor &lt;-&gt; l\u00edquido &lt;-&gt; s\u00f3lido.<span style=\"mso-spacerun: yes;\">\u00a0 <\/span>Estas temperaturas son muy variadas.<span style=\"mso-spacerun: yes;\">\u00a0 <\/span>Por ejemplo, para los gases nobles son muy bajas; tambi\u00e9n para el ox\u00edgeno (O<sub>2<\/sub>) e hidr\u00f3geno (H<sub>2<\/sub>).<span style=\"mso-spacerun: yes;\">\u00a0 <\/span>En cambio, la mayor\u00eda de las sustancias son s\u00f3lidos en condiciones ordinarias (grasas,<span style=\"mso-spacerun: yes;\">\u00a0 <\/span>ceras, etc.)<\/span><\/p>\n<p class=\"MsoNormal\" style=\"margin: 0cm 0cm 0pt; text-indent: 45.35pt; text-align: justify; tab-stops: 0cm 234.0pt;\"><span style=\"font-size: 11pt; font-family: Verdana;\">\u00a0<\/span><\/p>\n<p class=\"MsoNormal\" style=\"margin: 0cm 0cm 0pt; text-indent: 45.35pt; text-align: justify; tab-stops: 0cm 234.0pt;\"><span style=\"font-size: 11pt; font-family: Verdana;\">\u00a0<\/span><\/p>\n<p class=\"MsoNormal\" style=\"margin: 0cm 0cm 0pt; text-indent: 45.35pt; text-align: justify; tab-stops: 0cm 234.0pt;\"><span style=\"font-size: 11pt; font-family: Verdana;\">Las sustancias pueden ser simples y compuestas, seg\u00fan que la mol\u00e9cula correspondiente tenga \u00e1tomos iguales o diferentes.<span style=\"mso-spacerun: yes;\">\u00a0 <\/span>El n\u00famero de las primeras es enormemente inferior al de las segundas.<\/span><\/p>\n<p class=\"MsoNormal\" style=\"margin: 0cm 0cm 0pt; text-indent: 45.35pt; text-align: justify; tab-stops: 0cm 234.0pt;\"><span style=\"font-size: 11pt; font-family: Verdana;\">\u00a0<\/span><\/p>\n<p class=\"MsoNormal\" style=\"margin: 0cm 0cm 0pt; text-indent: 45.35pt; text-align: justify; tab-stops: 0cm 234.0pt;\"><span style=\"font-size: 11pt; font-family: Verdana;\">\u00a0<\/span><\/p>\n<p class=\"MsoNormal\" style=\"margin: 0cm 0cm 0pt; text-indent: 45.35pt; text-align: justify; tab-stops: 0cm 234.0pt;\"><span style=\"font-size: 11pt; font-family: Verdana;\">El concepto de mol\u00e9cula, como individuo-f\u00edsico y qu\u00edmico, pierde su significado en ciertas sustancias que no hemos considerado aun.<span style=\"mso-spacerun: yes;\">\u00a0 <\/span>Entre ellas figuran las llamadas sales, el paradigma de las cuales es la sal de cocina.<span style=\"mso-spacerun: yes;\">\u00a0 <\/span>Se trata de cloruro de<span style=\"mso-spacerun: yes;\">\u00a0 <\/span>sodio, por lo que cualquiera estudiante de E.G.B. escribir\u00eda sin titubear, su f\u00f3rmula: C<\/span><span style=\"font-size: 14pt;\"><span style=\"font-family: Times New Roman;\">l<\/span><\/span><span style=\"font-size: 14pt; font-family: Verdana;\"> <\/span><span style=\"font-size: 11pt; font-family: Verdana;\">Na.<span style=\"mso-spacerun: yes;\">\u00a0 <\/span>Sin embargo, le podr\u00edamos poner en un aprieto si le pregunt\u00e1semos donde se puede encontrar aisladamente individuos moleculares que respondan a esa composici\u00f3n.<span style=\"mso-spacerun: yes;\">\u00a0 <\/span>Le podemos orientar dici\u00e9ndole que en el gas C<\/span><span style=\"font-size: 14pt;\"><span style=\"font-family: Times New Roman;\">l<\/span><\/span><span style=\"font-size: 14pt; font-family: Verdana;\"> <\/span><span style=\"font-size: 11pt; font-family: Verdana;\">H o en el vapor de agua existen mol\u00e9culas como individualidades.<span style=\"mso-spacerun: yes;\">\u00a0 <\/span><\/span><\/p>\n<p class=\"MsoNormal\" style=\"margin: 0cm 0cm 0pt; text-indent: 45.35pt; text-align: justify; tab-stops: 0cm 234.0pt;\"><span style=\"font-size: 11pt; font-family: Verdana;\"><span style=\"mso-spacerun: yes;\">\u00a0<\/span><\/span><\/p>\n<p class=\"MsoNormal\" style=\"margin: 0cm 0cm 0pt; text-indent: 45.35pt; text-align: justify; tab-stops: 0cm 234.0pt;\"><span style=\"font-size: 11pt; font-family: Verdana;\"><span style=\"mso-spacerun: yes;\">\u00a0<\/span>En realidad y salvo casos especiales, por ejemplo, a temperaturas elevadas, no existen mol\u00e9culas aisladas de sal, sino una especie de mol\u00e9cula gigante que se extiende por todo el cristal.<span style=\"mso-spacerun: yes;\">\u00a0 <\/span>Este edificio de cristal de sal consiste en una red o entramado, como un tablero de ajedrez de tres dimensiones, en cuyos nudos o v\u00e9rtices se encuentran, alternativamente, las constituyentes, que no son los \u00e1tomos de<span style=\"mso-spacerun: yes;\">\u00a0\u00a0 <\/span>C<\/span><span style=\"font-size: 14pt;\"><span style=\"font-family: Times New Roman;\">l<\/span><\/span><span style=\"font-size: 14pt; font-family: Verdana;\"> <span style=\"mso-spacerun: yes;\">\u00a0<\/span><\/span><span style=\"font-size: 11pt; font-family: Verdana;\">y <\/span><span style=\"font-size: 14pt; font-family: Verdana;\"><span style=\"mso-spacerun: yes;\">\u00a0<\/span><\/span><span style=\"font-size: 11pt; font-family: Verdana;\">Na<span style=\"mso-spacerun: yes;\">\u00a0 <\/span>sino los iones C<\/span><span style=\"font-family: Times New Roman;\"><span style=\"font-size: 14pt;\">l<\/span><sup><span style=\"font-size: 18pt;\">&#8211;<\/span><\/sup><span style=\"font-size: 14pt;\"><span style=\"mso-spacerun: yes;\">\u00a0 <\/span><\/span><\/span><span style=\"font-size: 11pt; font-family: Verdana;\">y Na<sup>+<\/sup>.<span style=\"mso-spacerun: yes;\">\u00a0 <\/span>El primero es un \u00e1tomo de C<\/span><span style=\"font-size: 14pt;\"><span style=\"font-family: Times New Roman;\">l que ha ganado un <a href=\"#\" onclick=\"referencia('electron',event); return false;\">electr\u00f3n<\/a>, complet\u00e1ndose todos los orbitales de valencia; el segundo, un \u00e1tomo de Na que ha perdido el <a href=\"#\" onclick=\"referencia('electron',event); return false;\">electr\u00f3n<\/a> del orbital s.<\/span><\/span><\/p>\n<p class=\"MsoNormal\" style=\"margin: 0cm 0cm 0pt; text-indent: 45.35pt; text-align: justify; tab-stops: 0cm 234.0pt;\"><span style=\"font-size: 14pt;\"><span style=\"font-family: Times New Roman;\">\u00a0<\/span><\/span><\/p>\n<p class=\"MsoNormal\" style=\"margin: 0cm 0cm 0pt; text-indent: 45.35pt; text-align: justify; tab-stops: 0cm 234.0pt;\"><span style=\"font-size: 14pt;\"><span style=\"font-family: Times New Roman;\">\u00a0<\/span><\/span><\/p>\n<p class=\"MsoNormal\" style=\"margin: 0cm 0cm 0pt; text-indent: 45.35pt; text-align: justify; tab-stops: 0cm 234.0pt;\"><span style=\"font-size: 14pt;\"><span style=\"font-family: Times New Roman;\">Cuando los \u00e1tomos de <\/span><\/span><span style=\"font-size: 11pt; font-family: Verdana;\">C<\/span><span style=\"font-size: 14pt;\"><span style=\"font-family: Times New Roman;\">l y Na interaccionan por aproximarse suficientemente sus nubes electr\u00f3nicas, existe un reajuste de cargas, porque el n\u00facleo de <\/span><\/span><span style=\"font-size: 11pt; font-family: Verdana;\">C<\/span><span style=\"font-size: 14pt;\"><span style=\"font-family: Times New Roman;\">l atrae con m\u00e1s fuerza los <a href=\"#\" onclick=\"referencia('electron',event); return false;\">electrones<\/a> que el de Na, as\u00ed uno pierde un <a href=\"#\" onclick=\"referencia('electron',event); return false;\">electr\u00f3n<\/a> que gana el otro.<span style=\"mso-spacerun: yes;\">\u00a0 <\/span>El resultado es que, la colectividad de \u00e1tomos se transforma en colectividad de iones, positivos los de Na y negativos los de <\/span><\/span><span style=\"font-size: 11pt; font-family: Verdana;\">C<\/span><span style=\"font-size: 14pt;\"><span style=\"font-family: Times New Roman;\">l.<span style=\"mso-spacerun: yes;\">\u00a0 <\/span>Las fuerzas electromagn\u00e9ticas entre esos iones determinan su ordenaci\u00f3n en un cristal, el <\/span><\/span><span style=\"font-size: 11pt; font-family: Verdana;\">C<\/span><span style=\"font-size: 14pt;\"><span style=\"font-family: Times New Roman;\">lNa.<span style=\"mso-spacerun: yes;\">\u00a0 <\/span>Por consiguiente, en los nudos de la red existen, de manera alternativa, iones de Na e iones de <\/span><\/span><span style=\"font-size: 11pt; font-family: Verdana;\">C<\/span><span style=\"font-size: 14pt;\"><span style=\"font-family: Times New Roman;\">l, resultando una red mucho m\u00e1s fuerte que en el caso de que las fuerzas actuantes fueran de Van der Waals.<span style=\"mso-spacerun: yes;\">\u00a0 <\/span>Por ello, las sales poseen puntos de fusi\u00f3n elevados en relaci\u00f3n con los de las redes moleculares.<\/span><\/span><\/p>\n<p class=\"MsoNormal\" style=\"margin: 0cm 0cm 0pt; text-indent: 45.35pt; text-align: justify; tab-stops: 0cm 234.0pt;\"><span style=\"font-size: 14pt;\"><span style=\"font-family: Times New Roman;\">\u00a0<\/span><\/span><\/p>\n<p class=\"MsoNormal\" style=\"margin: 0cm 0cm 0pt; text-indent: 45.35pt; text-align: justify; tab-stops: 0cm 234.0pt;\"><span style=\"font-size: 14pt;\"><span style=\"font-family: Times New Roman;\">\u00a0<\/span><\/span><\/p>\n<p class=\"MsoNormal\" style=\"margin: 0cm 0cm 0pt; text-indent: 45.35pt; text-align: justify; tab-stops: 0cm 234.0pt;\"><span style=\"font-size: 14pt;\"><span style=\"font-family: Times New Roman;\">Hablemos de cuerpos.<\/span><\/span><\/p>\n<p class=\"MsoNormal\" style=\"margin: 0cm 0cm 0pt; text-indent: 45.35pt; text-align: justify; tab-stops: 0cm 234.0pt;\"><span style=\"font-size: 14pt;\"><span style=\"font-family: Times New Roman;\">\u00a0<\/span><\/span><\/p>\n<p class=\"MsoNormal\" style=\"margin: 0cm 0cm 0pt; text-indent: 45.35pt; text-align: justify; tab-stops: 0cm 234.0pt;\"><span style=\"font-size: 14pt;\"><span style=\"font-family: Times New Roman;\">\u00a0<\/span><\/span><\/p>\n<p class=\"MsoNormal\" style=\"margin: 0cm 0cm 0pt; text-indent: 45.35pt; text-align: justify; tab-stops: 0cm 234.0pt;\"><span style=\"font-size: 14pt;\"><span style=\"font-family: Times New Roman;\">Me referir\u00e9 en primer lugar a los que constituyen nuestro entorno ordinario, que ser\u00eda todo el entorno que abarca nuestro planeta.<span style=\"mso-spacerun: yes;\">\u00a0 <\/span>En segundo lugar considerare los dem\u00e1s cuerpos y objetos del Universo.<span style=\"mso-spacerun: yes;\">\u00a0 <\/span>El an\u00e1lisis de muestras de esos diversos cuerpos ha puesto de manifiesto que, en funci\u00f3n de la composici\u00f3n, los cuerpos pueden ser simples y compuestos.<span style=\"mso-spacerun: yes;\">\u00a0 <\/span>Los primeros son, precisamente, los llamados elementos qu\u00edmicos, a las que el insigne Lavoisier (conocido como padre de la Qu\u00edmica), consider\u00f3 como el \u00faltimo t\u00e9rmino a que se llega mediante la aplicaci\u00f3n del an\u00e1lisis qu\u00edmico.<\/span><\/span><\/p>\n<p class=\"MsoNormal\" style=\"margin: 0cm 0cm 0pt; text-indent: 45.35pt; text-align: justify; tab-stops: 0cm 234.0pt;\"><span style=\"font-size: 14pt;\"><span style=\"font-family: Times New Roman;\">\u00a0<\/span><\/span><\/p>\n<p class=\"MsoNormal\" style=\"margin: 0cm 0cm 0pt; text-indent: 45.35pt; text-align: justify; tab-stops: 0cm 234.0pt;\"><span style=\"font-size: 14pt;\"><span style=\"font-family: Times New Roman;\">\u00a0<\/span><\/span><\/p>\n<p class=\"MsoNormal\" style=\"margin: 0cm 0cm 0pt; text-indent: 45.35pt; text-align: justify; tab-stops: 0cm 234.0pt;\"><span style=\"font-size: 14pt;\"><span style=\"font-family: Times New Roman;\">Hoy sabemos que son colectividades de \u00e1tomos isot\u00f3picos. <\/span><\/span><\/p>\n<p class=\"MsoNormal\" style=\"margin: 0cm 0cm 0pt; text-indent: 45.35pt; text-align: justify; tab-stops: 0cm 234.0pt;\"><span style=\"font-size: 14pt;\"><span style=\"font-family: Times New Roman;\">\u00a0<\/span><\/span><\/p>\n<p class=\"MsoNormal\" style=\"margin: 0cm 0cm 0pt; text-indent: 45.35pt; text-align: justify; tab-stops: 0cm 234.0pt;\"><span style=\"font-size: 14pt;\"><span style=\"font-family: Times New Roman;\">\u00a0<\/span><\/span><\/p>\n<p class=\"MsoNormal\" style=\"margin: 0cm 0cm 0pt; text-indent: 45.35pt; text-align: justify; tab-stops: 0cm 234.0pt;\"><span style=\"font-size: 14pt;\"><span style=\"font-family: Times New Roman;\">La mayor\u00eda de ellos son s\u00f3lidos y se encuentran en la Naturaleza (nuestro entorno terr\u00e1queo) en estado libre o en combinaci\u00f3n qu\u00edmica con otros elementos, formando los diversos minerales.<\/span><\/span><\/p>\n<p class=\"MsoNormal\" style=\"margin: 0cm 0cm 0pt; text-indent: 45.35pt; text-align: justify; tab-stops: 0cm 234.0pt;\"><span style=\"font-size: 14pt;\"><span style=\"font-family: Times New Roman;\">\u00a0<\/span><\/span><\/p>\n<p class=\"MsoNormal\" style=\"margin: 0cm 0cm 0pt; text-indent: 45.35pt; text-align: justify; tab-stops: 0cm 234.0pt;\"><span style=\"font-size: 14pt;\"><span style=\"font-family: Times New Roman;\">\u00a0<\/span><\/span><\/p>\n<p class=\"MsoNormal\" style=\"margin: 0cm 0cm 0pt; text-indent: 45.35pt; text-align: justify; tab-stops: 0cm 234.0pt;\"><span style=\"font-size: 14pt;\"><span style=\"font-family: Times New Roman;\">La ordenaci\u00f3n de los iones en las redes se manifiesta externamente en multitud de formas y colores.<span style=\"mso-spacerun: yes;\">\u00a0 <\/span>No obstante, debo se\u00f1alar que, aun siendo abundante esta variedad, no es tan rica como la que corresponde a los cuerpos vivos, tanto animales como vegetales.<span style=\"mso-spacerun: yes;\">\u00a0\u00a0 <\/span>La explicaci\u00f3n se basa en que el n\u00famero de especimenes moleculares y su complejidad son mucho mayores que en el reino inorg\u00e1nico.<\/span><\/span><\/p>\n<p class=\"MsoNormal\" style=\"margin: 0cm 0cm 0pt; text-indent: 45.35pt; text-align: justify; tab-stops: 0cm 234.0pt;\"><span style=\"font-size: 14pt;\"><span style=\"font-family: Times New Roman;\">\u00a0<\/span><\/span><\/p>\n<p class=\"MsoNormal\" style=\"margin: 0cm 0cm 0pt; text-indent: 45.35pt; text-align: justify; tab-stops: 0cm 234.0pt;\"><span style=\"font-size: 14pt;\"><span style=\"font-family: Times New Roman;\">\u00a0<\/span><\/span><\/p>\n<p class=\"MsoNormal\" style=\"margin: 0cm 0cm 0pt; text-indent: 45.35pt; text-align: justify; tab-stops: 0cm 234.0pt;\"><span style=\"font-size: 14pt;\"><span style=\"font-family: Times New Roman;\">Ser\u00eda conveniente, salir al paso de una posible interpretaci\u00f3n err\u00f3nea.<span style=\"mso-spacerun: yes;\">\u00a0 <\/span>Me refiero a que pudiera pensarse que los reinos que acabamos de mencionar constituyen clases disyuntas, esto es, sin conexi\u00f3n mutua.<span style=\"mso-spacerun: yes;\">\u00a0 <\/span>Y no lo digo porque est\u00e9 considerando el hecho de que el carbono forma compuestos inorg\u00e1nicos y org\u00e1nicos (lo que tambi\u00e9n hace el silicio), sino porque haya existido, y a\u00fan pueda existir, una conclusi\u00f3n, mejor conexi\u00f3n evolutiva del mundo inorg\u00e1nico y el viviente que no se puede descartar, de hecho, yo particularmente, estoy seguro de ello.<span style=\"mso-spacerun: yes;\">\u00a0 <\/span>Estamos totalmente conectados con los r\u00edos, las monta\u00f1as y los valles, con la tierra que pisamos, el aire que respiramos y con todo el resto del Universo del que formamos parte.<\/span><\/span><\/p>\n<p class=\"MsoNormal\" style=\"margin: 0cm 0cm 0pt; text-indent: 45.35pt; text-align: justify; tab-stops: 0cm 234.0pt;\"><span style=\"font-size: 11pt; font-family: Verdana;\">\u00a0<\/span><\/p>\n<p class=\"MsoNormal\" style=\"margin: 0cm 0cm 0pt; text-indent: 45.35pt; text-align: justify; tab-stops: 0cm 234.0pt;\"><span style=\"font-size: 11pt; font-family: Verdana;\">\u00a0<\/span><\/p>\n<p class=\"MsoNormal\" style=\"margin: 0cm 0cm 0pt; text-indent: 45.35pt; text-align: justify; tab-stops: 0cm 234.0pt;\"><span style=\"font-size: 11pt; font-family: Verdana;\">La teor\u00eda de Cairos Swith considera que el eslab\u00f3n entre ambos mundos se halla localizado en los microcristales de arcilla.<span style=\"mso-spacerun: yes;\">\u00a0 <\/span>Mi teor\u00eda particular es que no hay eslab\u00f3n perdido en dicha conexi\u00f3n, sino que es el tiempo el que pone, en cada momento, una u otra materia en uno u otro lugar.<span style=\"mso-spacerun: yes;\">\u00a0 <\/span>Ahora, nos ha tocado estar aqu\u00ed como ser complejo, pensante y sensitivo.<span style=\"mso-spacerun: yes;\">\u00a0 <\/span>El e\u00f3n que viene nos puede colocar formando parte de un enorme \u00e1rbol, de un monte, o, simplemente estar reposando como fina arena en el lecho de un r\u00edo.<span style=\"mso-spacerun: yes;\">\u00a0 <\/span>Sin dudarlo,<span style=\"mso-spacerun: yes;\">\u00a0 <\/span>J.M. y P. (unos amigos) formar\u00e1n parte de un hermoso jard\u00edn perfumado y lleno de aromas.<\/span><\/p>\n<p class=\"MsoNormal\" style=\"margin: 0cm 0cm 0pt; text-indent: 45.35pt; text-align: justify; tab-stops: 0cm 234.0pt;\"><span style=\"font-size: 11pt; font-family: Verdana;\">\u00a0<\/span><\/p>\n<p class=\"MsoNormal\" style=\"margin: 0cm 0cm 0pt; text-indent: 45.35pt; text-align: justify; tab-stops: 0cm 234.0pt;\"><span style=\"font-size: 11pt; font-family: Verdana;\">\u00a0<\/span><\/p>\n<p class=\"MsoNormal\" style=\"margin: 0cm 0cm 0pt; text-indent: 45.35pt; text-align: justify; tab-stops: 0cm 234.0pt;\"><span style=\"font-size: 11pt; font-family: Verdana;\">El granito, por ejemplo, consiste b\u00e1sicamente en una mezcla de tres cuerpos compuestos:<span style=\"mso-spacerun: yes;\">\u00a0 <\/span>cuarzo, mica y feldespato. \u00bfQui\u00e9n puede decir hoy lo que seremos ma\u00f1ana?<\/span><\/p>\n<p class=\"MsoNormal\" style=\"margin: 0cm 0cm 0pt; text-indent: 45.35pt; text-align: justify; tab-stops: 0cm 234.0pt;\"><span style=\"font-size: 11pt; font-family: Verdana;\">\u00a0<\/span><\/p>\n<p class=\"MsoNormal\" style=\"margin: 0cm 0cm 0pt; text-indent: 45.35pt; text-align: justify; tab-stops: 0cm 234.0pt;\"><span style=\"font-size: 11pt; font-family: Verdana;\">\u00a0<\/span><\/p>\n<p class=\"MsoNormal\" style=\"margin: 0cm 0cm 0pt; text-indent: 45.35pt; text-align: justify; tab-stops: 0cm 234.0pt;\"><span style=\"font-size: 11pt; font-family: Verdana;\">En todos los cuerpos que hemos estado considerando hasta ahora, las mol\u00e9culas, los \u00e1tomos o los iones se hallan situados en los nudos de la correspondiente red, as\u00ed que, los <a href=\"#\" onclick=\"referencia('electron',event); return false;\">electrones<\/a> de esos individuos se encuentran tambi\u00e9n localizados en el entorno inmediato de esos lugares.<span style=\"mso-spacerun: yes;\">\u00a0 <\/span>Podr\u00edamos decir que la densidad electr\u00f3nica es una funci\u00f3n peri\u00f3dica espacial, lo que significa que al recorrer la red siguiendo una determinada direcci\u00f3n ir\u00edan apareciendo altibajos, es decir, crestas y valles de la densidad electr\u00f3nica.<\/span><\/p>\n<p class=\"MsoNormal\" style=\"margin: 0cm 0cm 0pt; text-indent: 45.35pt; text-align: justify; tab-stops: 0cm 234.0pt;\"><span style=\"font-size: 11pt; font-family: Verdana;\">\u00a0<\/span><\/p>\n<p class=\"MsoNormal\" style=\"margin: 0cm 0cm 0pt; text-indent: 45.35pt; text-align: justify; tab-stops: 0cm 234.0pt;\"><span style=\"font-size: 11pt; font-family: Verdana;\">\u00a0<\/span><\/p>\n<p class=\"MsoNormal\" style=\"margin: 0cm 0cm 0pt; text-indent: 45.35pt; text-align: justify; tab-stops: 0cm 234.0pt;\"><span style=\"font-size: 11pt; font-family: Verdana;\">La estructura de los cuerpos met\u00e1licos, as\u00ed como las aleaciones, merecen una consideraci\u00f3n especial.<span style=\"mso-spacerun: yes;\">\u00a0 <\/span>La estructura de los metales y aleaciones difiere de la de los dem\u00e1s cuerpos en un aspecto muy importante que considerar\u00e9 a continuaci\u00f3n.<\/span><\/p>\n<p class=\"MsoNormal\" style=\"margin: 0cm 0cm 0pt; text-indent: 45.35pt; text-align: justify; tab-stops: 0cm 234.0pt;\"><span style=\"font-size: 11pt; font-family: Verdana;\">\u00a0<\/span><\/p>\n<p class=\"MsoNormal\" style=\"margin: 0cm 0cm 0pt; text-indent: 45.35pt; text-align: justify; tab-stops: 0cm 234.0pt;\"><span style=\"font-size: 11pt; font-family: Verdana;\">\u00a0<\/span><\/p>\n<p class=\"MsoNormal\" style=\"margin: 0cm 0cm 0pt; text-indent: 45.35pt; text-align: justify; tab-stops: 0cm 234.0pt;\"><span style=\"font-size: 11pt; font-family: Verdana;\">Me refiero a que en los cuerpos met\u00e1licos existe una deslocalizaci\u00f3n de los <a href=\"#\" onclick=\"referencia('electron',event); return false;\">electrones<\/a> que est\u00e1n menos fuertemente enlazados en los correspondientes n\u00facleos, es decir, de los <a href=\"#\" onclick=\"referencia('electron',event); return false;\">electrones<\/a> de valencia.<\/span><\/p>\n<p class=\"MsoNormal\" style=\"margin: 0cm 0cm 0pt; text-indent: 45.35pt; text-align: justify; tab-stops: 0cm 234.0pt;\"><span style=\"font-size: 11pt; font-family: Verdana;\">\u00a0<\/span><\/p>\n<p class=\"MsoNormal\" style=\"margin: 0cm 0cm 0pt; text-indent: 45.35pt; text-align: justify; tab-stops: 0cm 234.0pt;\"><span style=\"font-size: 11pt; font-family: Verdana;\">\u00a0<\/span><\/p>\n<p class=\"MsoNormal\" style=\"margin: 0cm 0cm 0pt; text-indent: 45.35pt; text-align: justify; tab-stops: 0cm 234.0pt;\"><span style=\"font-size: 11pt; font-family: Verdana;\">Vamos a precisar un poco.<span style=\"mso-spacerun: yes;\">\u00a0 <\/span>Supongamos, para fijar las ideas, que tenemos un trozo de plata met\u00e1lica pura. En los nudos de la red correspondientes los \u00e1tomos han perdido su <a href=\"#\" onclick=\"referencia('electron',event); return false;\">electr\u00f3n<\/a> de valencia, pero ocurre que cada uno de estos <a href=\"#\" onclick=\"referencia('electron',event); return false;\">electrones<\/a> forma una colectividad que se halla desparramada o dispersa por todo el s\u00f3lido.<span style=\"mso-spacerun: yes;\">\u00a0 <\/span>Una primera imagen de esta situaci\u00f3n fue establecida por el gran f\u00edsico italiano Enrico <a href=\"#\" onclick=\"referencia('fermi',event); return false;\">Fermi<\/a>, por lo que se habla de un gas electr\u00f3nico, llamado tambi\u00e9n de <a href=\"#\" onclick=\"referencia('fermi',event); return false;\">Fermi<\/a>, que llenar\u00eda los espacios libres, es decir, no ocupados por los iones met\u00e1licos.<\/span><\/p>\n<p class=\"MsoNormal\" style=\"margin: 0cm 0cm 0pt; text-indent: 45.35pt; text-align: justify; tab-stops: 0cm 234.0pt;\"><span style=\"font-size: 11pt; font-family: Verdana;\">\u00a0<\/span><\/p>\n<p class=\"MsoNormal\" style=\"margin: 0cm 0cm 0pt; text-indent: 45.35pt; text-align: justify; tab-stops: 0cm 234.0pt;\"><span style=\"font-size: 11pt; font-family: Verdana;\">\u00a0<\/span><\/p>\n<p class=\"MsoNormal\" style=\"margin: 0cm 0cm 0pt; text-indent: 45.35pt; text-align: justify; tab-stops: 0cm 234.0pt;\"><span style=\"font-size: 11pt; font-family: Verdana;\">Este gas electr\u00f3nico es el responsable de las propiedades met\u00e1licas, tales como el brillo, conductibilidades el\u00e9ctrica y t\u00e9rmica, etc.<span style=\"mso-spacerun: yes;\">\u00a0 <\/span>La aplicaci\u00f3n de la mec\u00e1nica cu\u00e1ntica a la descripci\u00f3n del estado met\u00e1lico conduce a la obtenci\u00f3n del mapa de la densidad electr\u00f3nica, o, como dec\u00eda antes, a las caracter\u00edsticas de la informaci\u00f3n correspondiente.<\/span><\/p>\n<p class=\"MsoNormal\" style=\"margin: 0cm 0cm 0pt; text-indent: 45.35pt; text-align: justify; tab-stops: 0cm 234.0pt;\"><span style=\"font-size: 11pt; font-family: Verdana;\">\u00a0<\/span><\/p>\n<p class=\"MsoNormal\" style=\"margin: 0cm 0cm 0pt; text-indent: 45.35pt; text-align: justify; tab-stops: 0cm 234.0pt;\"><span style=\"font-size: 11pt; font-family: Verdana;\">\u00a0<\/span><\/p>\n<p class=\"MsoNormal\" style=\"margin: 0cm 0cm 0pt; text-indent: 45.35pt; text-align: justify; tab-stops: 0cm 234.0pt;\"><span style=\"font-size: 11pt; font-family: Verdana;\">Sin entrar en detalles que desviar\u00edan nuestra atenci\u00f3n hacia otros conceptos fuera de los l\u00edmites de lo que ahora estoy pretendiendo, utilizar\u00e9 el mismo lenguaje que para las estructuras de n\u00facleos y \u00e1tomos.<\/span><\/p>\n<p class=\"MsoNormal\" style=\"margin: 0cm 0cm 0pt; text-indent: 45.35pt; text-align: justify; tab-stops: 0cm 234.0pt;\"><span style=\"font-size: 11pt; font-family: Verdana;\">\u00a0<\/span><\/p>\n<p class=\"MsoNormal\" style=\"margin: 0cm 0cm 0pt; text-indent: 45.35pt; text-align: justify; tab-stops: 0cm 234.0pt;\"><span style=\"font-size: 11pt; font-family: Verdana;\">\u00a0<\/span><\/p>\n<p class=\"MsoNormal\" style=\"margin: 0cm 0cm 0pt; text-indent: 45.35pt; text-align: justify; tab-stops: 0cm 234.0pt;\"><span style=\"font-size: 11pt; font-family: Verdana;\">Recordemos que en la sociedad de los <a href=\"#\" onclick=\"referencia('nucleones',event); return false;\">nucleones<\/a> y <a href=\"#\" onclick=\"referencia('electron',event); return false;\">electrones<\/a> existen las relaciones verticales y las de estratificaci\u00f3n, que se manifiestan en las capas y subcapas.<span style=\"mso-spacerun: yes;\">\u00a0 <\/span>En el caso de los metales tendr\u00edamos una colecci\u00f3n, mejor una colectividad de n\u00facleos, arropados con sus capas cerradas, ocupando los nudos de la red; \u00fanicamente los <a href=\"#\" onclick=\"referencia('electron',event); return false;\">electrones<\/a> de valencia de cada \u00e1tomo forman la colectividad del gas electr\u00f3nico.<\/span><\/p>\n<p class=\"MsoNormal\" style=\"margin: 0cm 0cm 0pt; text-indent: 45.35pt; text-align: justify; tab-stops: 0cm 234.0pt;\"><span style=\"font-size: 11pt; font-family: Verdana;\">\u00a0<\/span><\/p>\n<p class=\"MsoNormal\" style=\"margin: 0cm 0cm 0pt; text-indent: 45.35pt; text-align: justify; tab-stops: 0cm 234.0pt;\"><span style=\"font-size: 11pt; font-family: Verdana;\">\u00a0<\/span><\/p>\n<p class=\"MsoNormal\" style=\"margin: 0cm 0cm 0pt; text-indent: 45.35pt; text-align: justify; tab-stops: 0cm 234.0pt;\"><span style=\"font-size: 11pt; font-family: Verdana;\">La pregunta que nos debemos hacer es: \u00bfestos <a href=\"#\" onclick=\"referencia('electron',event); return false;\">electrones<\/a>, en n\u00famero igual, por lo menos,<span style=\"mso-spacerun: yes;\">\u00a0 <\/span>al de los \u00e1tomos, se hallan estratificados?<span style=\"mso-spacerun: yes;\">\u00a0 <\/span>La respuesta es que s\u00ed.<span style=\"mso-spacerun: yes;\">\u00a0 <\/span>Existe una estratificaci\u00f3n de estos <a href=\"#\" onclick=\"referencia('electron',event); return false;\">electrones<\/a> en las llamadas bandas.<span style=\"mso-spacerun: yes;\">\u00a0 <\/span>El concepto de banda energ\u00e9tica resulta de la consideraci\u00f3n simult\u00e1nea de dos aspectos: la cuantizaci\u00f3n energ\u00e9tica ( o la estratificaci\u00f3n de los niveles energ\u00e9ticos en los \u00e1tomos) y el grand\u00edsimo n\u00famero de <a href=\"#\" onclick=\"referencia('electron',event); return false;\">electrones<\/a> existentes.<span style=\"mso-spacerun: yes;\">\u00a0 <\/span>Este colectivo no podr\u00eda ubicarse en un n\u00famero finito y escaso de niveles.<span style=\"mso-spacerun: yes;\">\u00a0\u00a0 <\/span>Esta dificultad queda soslayada si se admite que cada uno de esos niveles at\u00f3micos de los N \u00e1tomos que forman el cuerpo se funde en otros tantos niveles de cierta anchura donde ya pueden alojarse los <a href=\"#\" onclick=\"referencia('electron',event); return false;\">electrones<\/a> disponibles.<\/span><\/p>\n<p class=\"MsoNormal\" style=\"margin: 0cm 0cm 0pt; text-indent: 45.35pt; text-align: justify; tab-stops: 0cm 234.0pt;\"><span style=\"font-size: 11pt; font-family: Verdana;\">\u00a0<\/span><\/p>\n<p class=\"MsoNormal\" style=\"margin: 0cm 0cm 0pt; text-indent: 45.35pt; text-align: justify; tab-stops: 0cm 234.0pt;\"><span style=\"font-size: 11pt; font-family: Verdana;\">\u00a0<\/span><\/p>\n<p class=\"MsoNormal\" style=\"margin: 0cm 0cm 0pt; text-indent: 45.35pt; text-align: justify; tab-stops: 0cm 234.0pt;\"><span style=\"font-size: 11pt; font-family: Verdana;\">Esa fusi\u00f3n de los niveles at\u00f3micos da lugar a las bandas.<span style=\"mso-spacerun: yes;\">\u00a0 <\/span>Esta imagen equivaldr\u00eda a considerar un metal como un \u00e1tomo gigante en el que los niveles energ\u00e9ticos poseyeran una anchura finita.<\/span><\/p>\n<p class=\"MsoNormal\" style=\"margin: 0cm 0cm 0pt; text-indent: 45.35pt; text-align: justify; tab-stops: 0cm 234.0pt;\"><span style=\"font-size: 11pt; font-family: Verdana;\">\u00a0<\/span><\/p>\n<p class=\"MsoNormal\" style=\"margin: 0cm 0cm 0pt; text-indent: 45.35pt; text-align: justify; tab-stops: 0cm 234.0pt;\"><span style=\"font-size: 11pt; font-family: Verdana;\">\u00a0<\/span><\/p>\n<p class=\"MsoNormal\" style=\"margin: 0cm 0cm 0pt; text-indent: 45.35pt; text-align: justify; tab-stops: 0cm 234.0pt;\"><span style=\"font-size: 11pt; font-family: Verdana;\">En cuanto a la informaci\u00f3n que puede soportar un metal, podr\u00edamos se\u00f1alar que ser\u00eda parecida a la del correspondiente \u00e1tomo, pero mucha m\u00e1s extendida espacialmente.<span style=\"mso-spacerun: yes;\">\u00a0\u00a0 <\/span>Una informaci\u00f3n puntual, la del \u00e1tomo, dar\u00eda paso a otra espacial, si bien vendr\u00eda a ser una mera repetici\u00f3n peri\u00f3dica de aquella.<\/span><\/p>\n<p class=\"MsoNormal\" style=\"margin: 0cm 0cm 0pt; text-indent: 45.35pt; text-align: justify; tab-stops: 0cm 234.0pt;\"><span style=\"font-size: 11pt; font-family: Verdana;\">\u00a0<\/span><\/p>\n<p class=\"MsoNormal\" style=\"margin: 0cm 0cm 0pt; text-indent: 45.35pt; text-align: justify; tab-stops: 0cm 234.0pt;\"><span style=\"font-size: 11pt; font-family: Verdana;\">\u00a0<\/span><\/p>\n<p class=\"MsoNormal\" style=\"margin: 0cm 0cm 0pt; text-indent: 45.35pt; text-align: justify; tab-stops: 0cm 234.0pt;\"><span style=\"font-size: 11pt; font-family: Verdana;\">\u00bfY los cuerpos que pueblan el resto del Universo?<\/span><\/p>\n<p class=\"MsoNormal\" style=\"margin: 0cm 0cm 0pt; text-indent: 45.35pt; text-align: justify; tab-stops: 0cm 234.0pt;\"><span style=\"font-size: 11pt; font-family: Verdana;\">\u00a0<\/span><\/p>\n<p class=\"MsoNormal\" style=\"margin: 0cm 0cm 0pt; text-indent: 45.35pt; text-align: justify; tab-stops: 0cm 234.0pt;\"><span style=\"font-size: 11pt; font-family: Verdana;\">\u00a0<\/span><\/p>\n<p class=\"MsoNormal\" style=\"margin: 0cm 0cm 0pt; text-indent: 45.35pt; text-align: justify; tab-stops: 0cm 234.0pt;\"><span style=\"font-size: 11pt; font-family: Verdana;\">Cuando un cuerpo sobrepasa unas determinadas dimensiones, aparece algo que conocemos como fuerza gravitatoria y que se deja sentir en la forma que todos conocemos y, que da lugar, primeramente a la fusi\u00f3n de los diversos materiales que forman los cuerpos.<\/span><\/p>\n<p class=\"MsoNormal\" style=\"margin: 0cm 0cm 0pt; text-indent: 45.35pt; text-align: justify; tab-stops: 0cm 234.0pt;\"><span style=\"font-size: 11pt; font-family: Verdana;\">\u00a0<\/span><\/p>\n<p class=\"MsoNormal\" style=\"margin: 0cm 0cm 0pt; text-indent: 45.35pt; text-align: justify; tab-stops: 0cm 234.0pt;\"><span style=\"font-size: 11pt; font-family: Verdana;\">\u00a0<\/span><\/p>\n<p class=\"MsoNormal\" style=\"margin: 0cm 0cm 0pt; text-indent: 45.35pt; text-align: justify; tab-stops: 0cm 234.0pt;\"><span style=\"font-size: 11pt; font-family: Verdana;\">As\u00ed, por ejemplo, en el cuerpo que llamamos Tierra, la presi\u00f3n crece con la profundidad, por lo que, a partir de un determinado valor de \u00e9sta, aparece el estado l\u00edquido y con \u00e9l una estratificaci\u00f3n que trata de establecer el equilibrio hidrost\u00e1tico.<\/span><\/p>\n<p class=\"MsoNormal\" style=\"margin: 0cm 0cm 0pt; text-indent: 45.35pt; text-align: justify; tab-stops: 0cm 234.0pt;\"><span style=\"font-size: 11pt; font-family: Verdana;\">\u00a0<\/span><\/p>\n<p class=\"MsoNormal\" style=\"margin: 0cm 0cm 0pt; text-indent: 45.35pt; text-align: justify; tab-stops: 0cm 234.0pt;\"><span style=\"font-size: 11pt; font-family: Verdana;\">\u00a0<\/span><\/p>\n<p class=\"MsoNormal\" style=\"margin: 0cm 0cm 0pt; text-indent: 45.35pt; text-align: justify; tab-stops: 0cm 234.0pt;\"><span style=\"font-size: 11pt; font-family: Verdana;\">Dentro de nuestro sistema planetario se distinguen las planetas rocosos, hasta Marte Y meteoritos inclusive, y el resto de ellos, desde J\u00fapiter en adelante, incluido este.<span style=\"mso-spacerun: yes;\">\u00a0 <\/span>Estos \u00faltimos difieren esencialmente de los primeros en su composici\u00f3n.<span style=\"mso-spacerun: yes;\">\u00a0 <\/span>Recu\u00e9rdese que la de J\u00fapiter es mucho m\u00e1s simple que la de los planetas rocosos.<span style=\"mso-spacerun: yes;\">\u00a0 <\/span>Consta fundamentalmente de hidr\u00f3geno, helio, agua, amoniaco y metano, con un n\u00facleo rocoso en su interior.<span style=\"mso-spacerun: yes;\">\u00a0 <\/span>El hidr\u00f3geno que rodea a este n\u00facleo se encuentra en forma de hidr\u00f3geno at\u00f3mico s\u00f3lido<\/span><a name=\"_ftnref1\" href=\"http:\/\/www.emiliosilveravazquez.com\/blog\/wp-admin\/#_ftn1\"><span class=\"MsoFootnoteReference\"><span style=\"font-size: 16pt; font-family: Symbol; mso-ascii-font-family: Verdana; mso-hansi-font-family: Verdana; mso-char-type: symbol; mso-symbol-font-family: Symbol;\"><span style=\"mso-char-type: symbol; mso-symbol-font-family: Symbol;\">*<\/span><\/span><\/span><\/a><span style=\"font-size: 16pt; font-family: Verdana;\"> <\/span><\/p>\n<p class=\"MsoNormal\" style=\"margin: 0cm 0cm 0pt; text-indent: 45.35pt; text-align: justify; tab-stops: 0cm 234.0pt;\"><span style=\"font-size: 11pt; font-family: Verdana;\">\u00a0<\/span><\/p>\n<p class=\"MsoNormal\" style=\"margin: 0cm 0cm 0pt; text-indent: 45.35pt; text-align: justify; tab-stops: 0cm 234.0pt;\"><span style=\"font-size: 11pt; font-family: Verdana;\">\u00a0<\/span><\/p>\n<p class=\"MsoNormal\" style=\"margin: 0cm 0cm 0pt; text-indent: 45.35pt; text-align: justify; tab-stops: 0cm 234.0pt;\"><span style=\"font-size: 11pt; font-family: Verdana;\">Tambi\u00e9n la composici\u00f3n del Sol (y todas las estrellas que brillan) es m\u00e1s simple que la de los planetas rocosos, su estado f\u00edsico es el de <a href=\"#\" onclick=\"referencia('plasma',event); return false;\">plasma<\/a> y su contenido est\u00e1 reducido (mayormente) a hidr\u00f3geno y helio.<span style=\"mso-spacerun: yes;\">\u00a0 <\/span>Mas variedad de materiales existe en las estrellas supernovas, donde el primitivo hidr\u00f3geno ha evolucionado de la manera que expliqu\u00e9 en otra parte de este trabajo.<\/span><\/p>\n<p class=\"MsoNormal\" style=\"margin: 0cm 0cm 0pt; text-indent: 45.35pt; text-align: justify; tab-stops: 0cm 234.0pt;\"><span style=\"font-size: 11pt; font-family: Verdana;\">\u00a0<\/span><\/p>\n<p class=\"MsoNormal\" style=\"margin: 0cm 0cm 0pt; text-indent: 45.35pt; text-align: justify; tab-stops: 0cm 234.0pt;\">\u00a0<\/p>\n<p class=\"MsoNormal\" style=\"margin: 0cm 0cm 0pt; text-indent: 45.35pt; text-align: justify; tab-stops: 0cm 234.0pt;\"><span style=\"font-size: 11pt; font-family: Verdana;\">emilio silvera<\/span><\/p>\n<div style=\"mso-element: footnote-list;\">\n<div id=\"ftn1\" style=\"mso-element: footnote;\">\n<p class=\"MsoFootnoteText\" style=\"margin: 0cm 0cm 0pt;\"><a name=\"_ftn1\" href=\"http:\/\/www.emiliosilveravazquez.com\/blog\/wp-admin\/#_ftnref1\"><span class=\"MsoFootnoteReference\"><span style=\"font-size: 18pt; font-family: Symbol; mso-ascii-font-family: Verdana; mso-hansi-font-family: Verdana; mso-char-type: symbol; mso-symbol-font-family: Symbol;\"><span style=\"mso-char-type: symbol; mso-symbol-font-family: Symbol;\">*<\/span><\/span><\/span><\/a><span style=\"font-size: 18pt; font-family: Verdana;\"> <\/span><\/p>\n<\/div>\n<\/div>\n<div class='bookmark'>\r\n\t\t<table align='left' border='0' cellpadding='0' width='100%'>\r\n\t\t<tr><td><span class='pushbutton'><a href='http:\/\/delicious.com\/post?url=http%3A%2F%2Fwww.emiliosilveravazquez.com%2Fblog%2F2010%2F08%2F13%2Fel-universo-se-expande-la-mente-tambien-xiv%2F&amp;title=El+Universo+se+expande%2C+la+Mente+tambi%C3%A9n' title='Delicious' target='_blank' rel='nofollow'><img src='http:\/\/www.emiliosilveravazquez.com\/blog\/wp-content\/plugins\/knxdt-bookmarks-wordpress-plugin\/images\/delicious.png'  alt='' class='book_img' border='none' style='margin:1px; padding: 0;'  \/><\/a><\/span><span class='pushbutton'><a href='http:\/\/digg.com\/submit?url=http%3A%2F%2Fwww.emiliosilveravazquez.com%2Fblog%2F2010%2F08%2F13%2Fel-universo-se-expande-la-mente-tambien-xiv%2F&amp;title=El+Universo+se+expande%2C+la+Mente+tambi%C3%A9n' title='Digg' target='_blank' rel='nofollow'><img src='http:\/\/www.emiliosilveravazquez.com\/blog\/wp-content\/plugins\/knxdt-bookmarks-wordpress-plugin\/images\/digg.png'  alt='' class='book_img' border='none' style='margin:1px; padding: 0;'  \/><\/a><\/span><span class='pushbutton'><a href='http:\/\/www.google.com\/bookmarks\/mark?op=edit&amp;bkmk=http%3A%2F%2Fwww.emiliosilveravazquez.com%2Fblog%2F2010%2F08%2F13%2Fel-universo-se-expande-la-mente-tambien-xiv%2F&amp;title=El+Universo+se+expande%2C+la+Mente+tambi%C3%A9n' title='Google' target='_blank' rel='nofollow'><img src='http:\/\/www.emiliosilveravazquez.com\/blog\/wp-content\/plugins\/knxdt-bookmarks-wordpress-plugin\/images\/google.png'   alt='' class='book_img' border='none' style='margin:1px; padding: 0;'  \/><\/a><\/span><span class='pushbutton'><a href='http:\/\/myweb2.search.yahoo.com\/myresults\/bookmarklet?u=http%3A%2F%2Fwww.emiliosilveravazquez.com%2Fblog%2F2010%2F08%2F13%2Fel-universo-se-expande-la-mente-tambien-xiv%2F&amp;t=El+Universo+se+expande%2C+la+Mente+tambi%C3%A9n' title='Yahoo' target='_blank' rel='nofollow'><img src='http:\/\/www.emiliosilveravazquez.com\/blog\/wp-content\/plugins\/knxdt-bookmarks-wordpress-plugin\/images\/yahoo.png'  alt='' class='book_img' border='none' style='margin:1px; padding: 0;'  \/><\/a><\/span><span class='pushbutton'><a href='http:\/\/www.technorati.com\/faves?add=http%3A%2F%2Fwww.emiliosilveravazquez.com%2Fblog%2F2010%2F08%2F13%2Fel-universo-se-expande-la-mente-tambien-xiv%2F' title='Technorati' target='_blank' rel='nofollow'><img src='http:\/\/www.emiliosilveravazquez.com\/blog\/wp-content\/plugins\/knxdt-bookmarks-wordpress-plugin\/images\/technorati.png'  alt='' class='book_img' border='none' style='margin:1px; padding: 0;'  \/><\/a><\/span><span class='pushbutton'><a href='http:\/\/meneame.net\/submit.php?url=http%3A%2F%2Fwww.emiliosilveravazquez.com%2Fblog%2F2010%2F08%2F13%2Fel-universo-se-expande-la-mente-tambien-xiv%2F' title='Meneame' target='_blank' rel='nofollow'><img src='http:\/\/www.emiliosilveravazquez.com\/blog\/wp-content\/plugins\/knxdt-bookmarks-wordpress-plugin\/images\/meneame.png'  alt='' class='book_img' border='none' style='margin:1px; padding: 0;'  \/><\/a><\/span><span class='pushbutton'><a href='http:\/\/enchilame.com\/submit.php?url=http:\/\/www.emiliosilveravazquez.com\/blog\/2010\/08\/13\/el-universo-se-expande-la-mente-tambien-xiv\/' target='_blank' rel='nofollow'><img title='Enchilame' src='http:\/\/www.emiliosilveravazquez.com\/blog\/wp-content\/plugins\/knxdt-bookmarks-wordpress-plugin\/images\/enchilame.png'  alt='' class='book_img' border='none' style='margin:1px; padding: 0;'  \/><\/a><\/span><span class='pushbutton'><a href='http:\/\/www.blinklist.com\/index.php?Action=Blink\/addblink.php&amp;Description=&amp;Url=http%3A%2F%2Fwww.emiliosilveravazquez.com%2Fblog%2F2010%2F08%2F13%2Fel-universo-se-expande-la-mente-tambien-xiv%2F&amp;title=El+Universo+se+expande%2C+la+Mente+tambi%C3%A9n' title='BlinkList' target='_blank' rel='nofollow'><img src='http:\/\/www.emiliosilveravazquez.com\/blog\/wp-content\/plugins\/knxdt-bookmarks-wordpress-plugin\/images\/blinklist.png'  alt='' class='book_img' border='none' style='margin:1px; padding: 0;'  \/><\/a><\/span><span class='pushbutton'><a href='http:\/\/reddit.com\/submit?url=http%3A%2F%2Fwww.emiliosilveravazquez.com%2Fblog%2F2010%2F08%2F13%2Fel-universo-se-expande-la-mente-tambien-xiv%2F&amp;title=El+Universo+se+expande%2C+la+Mente+tambi%C3%A9n' title='Reddit' target='_blank' rel='nofollow'><img src='http:\/\/www.emiliosilveravazquez.com\/blog\/wp-content\/plugins\/knxdt-bookmarks-wordpress-plugin\/images\/reddit.png'  alt='' class='book_img' border='none' style='margin:1px; padding: 0;'  \/><\/a><\/span><span class='pushbutton'><a href='http:\/\/www.tecnologiadiaria.com\/2009\/07\/abrir-com-hotmail-correo.html' target='_blank' title='hotmail'><img src='http:\/\/www.emiliosilveravazquez.com\/blog\/wp-content\/plugins\/knxdt-bookmarks-wordpress-plugin\/images\/linklove.png' alt='hotmail correo' class='book_img' border='none' style='margin:1px; padding: 0;' \/><\/a><\/span><span class='pushbutton'><a href='http:\/\/bitacoras.com\/votar\/anotacion\/externo\/mini\/www.emiliosilveravazquez.com\/blog\/2010\/08\/13\/el-universo-se-expande-la-mente-tambien-xiv\/' title='Bitacoras.com' target='_blank' rel='nofollow'><img src='http:\/\/www.emiliosilveravazquez.com\/blog\/wp-content\/plugins\/knxdt-bookmarks-wordpress-plugin\/images\/bitacoras.png'  alt='' class='book_img' border='none' style='margin:1px; padding: 0;'  \/><\/a><\/span><span class='pushbutton'><a href='http:\/\/www.wikio.es\/vote?url=http%3A%2F%2Fwww.emiliosilveravazquez.com%2Fblog%2F2010%2F08%2F13%2Fel-universo-se-expande-la-mente-tambien-xiv%2F' title='Wikio' target='_blank' rel='nofollow'><img src='http:\/\/www.emiliosilveravazquez.com\/blog\/wp-content\/plugins\/knxdt-bookmarks-wordpress-plugin\/images\/wikio.png'   alt='' class='book_img' border='none' style='margin:1px; padding: 0;'   \/><\/a><\/span><span class='pushbutton'><a href='http:\/\/friendfeed.com\/?url=http%3A%2F%2Fwww.emiliosilveravazquez.com%2Fblog%2F2010%2F08%2F13%2Fel-universo-se-expande-la-mente-tambien-xiv%2F&amp;title=El+Universo+se+expande%2C+la+Mente+tambi%C3%A9n' title='Friend Feed' target='_blank' rel='nofollow'><img src='http:\/\/www.emiliosilveravazquez.com\/blog\/wp-content\/plugins\/knxdt-bookmarks-wordpress-plugin\/images\/friendfeed.png'  alt='' class='book_img' border='none' style='margin:1px; padding: 0;'  \/><\/a><\/span><span class='pushbutton'><a href='http:\/\/www.facebook.com\/share.php?u=http%3A%2F%2Fwww.emiliosilveravazquez.com%2Fblog%2F2010%2F08%2F13%2Fel-universo-se-expande-la-mente-tambien-xiv%2F&amp;t=El+Universo+se+expande%2C+la+Mente+tambi%C3%A9n' title='Facebook' target='_blank' rel='nofollow'><img src='http:\/\/www.emiliosilveravazquez.com\/blog\/wp-content\/plugins\/knxdt-bookmarks-wordpress-plugin\/images\/facebook.png'  alt='' class='book_img' border='none' style='margin:1px; padding: 0;'  \/><\/a><\/span><span class='pushbutton'><a href='http:\/\/twitter.com\/home?status=El+Universo+se+expande%2C+la+Mente+tambi%C3%A9n: http%3A%2F%2Fwww.emiliosilveravazquez.com%2Fblog%2F2010%2F08%2F13%2Fel-universo-se-expande-la-mente-tambien-xiv%2F' title='Twitter' target='_blank' rel='nofollow'><img src='http:\/\/www.emiliosilveravazquez.com\/blog\/wp-content\/plugins\/knxdt-bookmarks-wordpress-plugin\/images\/twitter.png'  alt='' class='book_img' border='none' style='margin:1px; padding: 0;'  \/><\/a><\/span><span class='pushbutton'><a href='http:\/\/www.feedburner.com\/fb\/a\/emailFlare?itemTitle=El+Universo+se+expande%2C+la+Mente+tambi%C3%A9n&amp;uri=http%3A%2F%2Fwww.emiliosilveravazquez.com%2Fblog%2F2010%2F08%2F13%2Fel-universo-se-expande-la-mente-tambien-xiv%2F' title='Enviar por Email' target='_blank' rel='nofollow'><img src='http:\/\/www.emiliosilveravazquez.com\/blog\/wp-content\/plugins\/knxdt-bookmarks-wordpress-plugin\/images\/email.png'  alt='' class='book_img' border='none' style='margin:1px; padding: 0;'  \/><\/a><\/span><span style='font-weight:bold; padding-left: 5px;'><a href='http:\/\/wordpress.org\/extend\/plugins\/knxdt-bookmarks-wordpress-plugin\/' title='Plugin' rel='nofollow' target='_blank'>[?]<\/a><\/span><\/td><\/tr><\/table><br\/><br\/><\/div>","protected":false},"excerpt":{"rendered":"<p>No puedo, dejar pasar la oportunidad, aunque sea de pasada, de mencionar las sustancias. \u00a0 \u00a0 Las as\u00ed llamadas, son cuerpos formados por mol\u00e9culas id\u00e9nticas, entre las cuales pueden o no existir enlaces qu\u00edmicos.\u00a0 Veremos varios ejemplos.\u00a0 Las sustancias como el ox\u00edgeno, cloro, metano, amon\u00edaco, etc., se presentan en estado gaseoso en condiciones ordinarias de [&hellip;]<\/p>\n","protected":false},"author":2,"featured_media":0,"comment_status":"open","ping_status":"open","sticky":false,"template":"","format":"standard","meta":{"_s2mail":"","footnotes":""},"categories":[6],"tags":[],"_links":{"self":[{"href":"http:\/\/www.emiliosilveravazquez.com\/blog\/wp-json\/wp\/v2\/posts\/556"}],"collection":[{"href":"http:\/\/www.emiliosilveravazquez.com\/blog\/wp-json\/wp\/v2\/posts"}],"about":[{"href":"http:\/\/www.emiliosilveravazquez.com\/blog\/wp-json\/wp\/v2\/types\/post"}],"author":[{"embeddable":true,"href":"http:\/\/www.emiliosilveravazquez.com\/blog\/wp-json\/wp\/v2\/users\/2"}],"replies":[{"embeddable":true,"href":"http:\/\/www.emiliosilveravazquez.com\/blog\/wp-json\/wp\/v2\/comments?post=556"}],"version-history":[{"count":0,"href":"http:\/\/www.emiliosilveravazquez.com\/blog\/wp-json\/wp\/v2\/posts\/556\/revisions"}],"wp:attachment":[{"href":"http:\/\/www.emiliosilveravazquez.com\/blog\/wp-json\/wp\/v2\/media?parent=556"}],"wp:term":[{"taxonomy":"category","embeddable":true,"href":"http:\/\/www.emiliosilveravazquez.com\/blog\/wp-json\/wp\/v2\/categories?post=556"},{"taxonomy":"post_tag","embeddable":true,"href":"http:\/\/www.emiliosilveravazquez.com\/blog\/wp-json\/wp\/v2\/tags?post=556"}],"curies":[{"name":"wp","href":"https:\/\/api.w.org\/{rel}","templated":true}]}}