{"id":554,"date":"2010-05-17T12:48:50","date_gmt":"2010-05-17T10:48:50","guid":{"rendered":"http:\/\/www.emiliosilveravazquez.com\/blog\/?p=554"},"modified":"2010-05-17T13:43:41","modified_gmt":"2010-05-17T11:43:41","slug":"el-universo-se-expande-la-mente-tambien-xiii","status":"publish","type":"post","link":"http:\/\/www.emiliosilveravazquez.com\/blog\/2010\/05\/17\/el-universo-se-expande-la-mente-tambien-xiii\/","title":{"rendered":"El Universo se expande, la Mente tambi\u00e9n XIII"},"content":{"rendered":"<p style=\"text-align: justify;\">Final de XII<\/p>\n<p style=\"text-align: justify;\">De estos materiales estamos nosotros hechos, y, l\u00f3gicamente, se fabricaron en las estrellas.<\/p>\n<p style=\"text-align: justify;\">En una supernova, en orden decreciente tenemos la secuencia de n\u00facleos H He O C N Fe,<\/p>\n<p style=\"text-align: justify;\">que coincide bastante bien con un ordenaci\u00f3n en la tabla peri\u00f3dica que es:<\/p>\n<p style=\"text-align: center;\">H He (Li Be B) C N O\u2026\u2026 Fe<\/p>\n<p style=\"text-align: justify;\">\u00bfApreci\u00e1is la maravilla? Las estrellas brillan en el cielo para hacer posible que nosotros estemos aqu\u00ed descubriendo los enigmas del Universo y\u2026. de la vida inteligente.<\/p>\n<p style=\"text-align: justify;\">Pero est\u00e1 claro que, todo el proceso estelar evolutivo inorg\u00e1nico nos condujo desde el simple gas y polvo c\u00f3smico a la formaci\u00f3n de estrellas y nebulosas solares hasta los planetas, la Tierra en particular, en cuyo medio \u00edgneo describimos la formaci\u00f3n de las estructuras de los silicatos, despleg\u00e1ndose con ello una enorme diversidad de composiciones, formas y colores, asisti\u00e9ndose, por primera vez en la historia de la materia, a unas manifestaciones que contrastan con las que hemos mencionado en relaci\u00f3n al proceso de las estrellas.<\/p>\n<p style=\"text-align: justify;\">Comienza XIII<\/p>\n<p style=\"text-align: justify;\">Desde el punto de vista del orden es la primera vez que nos encontramos con objetos de tama\u00f1o comparables al nuestro, en los que la ordenaci\u00f3n de sus constituyentes es el rasgo m\u00e1s caracter\u00edstico.<\/p>\n<p><!--more--><\/p>\n<p style=\"text-align: justify;\">Al mismo tiempo nos ha parecido reconocer que esos objetos, es decir, sus redes cristalinas \u201creales\u201d, almacenan informaci\u00f3n (memoria) que se nos muestra muy diversa y que puede cobrar inter\u00e9s en ciertos casos, como el de los microcristales de arcilla, en los que, seg\u00fan Cairos-Swith, puede incluso llegar a transmitirse.<\/p>\n<p style=\"text-align: justify;\">Porque \u00bfqu\u00e9 sabemos en realidad de lo que llamamos materia inerte? Lo \u00fanico que sabemos de ella son los datos referidos a sus condiciones f\u00edsicas de dureza, composici\u00f3n, etc., en otros aspectos, ni sabemos si pueden existir otras propiedades distintas a las meramente-f\u00edsicas.<\/p>\n<p style=\"text-align: justify;\">\u00bfNo os hace pensar que nosotros estemos hechos, precisamente, de lo que llamamos materia inerte?<\/p>\n<p style=\"text-align: justify;\">Pero el mundo inorg\u00e1nico es s\u00f3lo una parte del inmenso mundo molecular. El resto lo constituye el mundo org\u00e1nico, que es el de las mol\u00e9culas que contienen carbono y otros \u00e1tomos y del que quedan excluidos, por convenio y caracter\u00edsticas especiales, los carbonatos, bicarbonatos y carburos met\u00e1licos, los cuales se incluyen en el mundo inorg\u00e1nico.<\/p>\n<p style=\"text-align: justify;\">Seg\u00fan dec\u00eda en p\u00e1ginas anteriores, los <a href=\"#\" onclick=\"referencia('quarks',event); return false;\">quarks<\/a> u y d se hallan en el seno de los <a href=\"#\" onclick=\"referencia('nucleones',event); return false;\">nucleones<\/a> (<a href=\"#\" onclick=\"referencia('proton',event); return false;\">protones<\/a> y <a href=\"#\" onclick=\"referencia('neutron',event); return false;\">neutrones<\/a>) y, por tanto, en los n\u00facleos at\u00f3micos. Hoy d\u00eda, estos se consideran como una subclase de los <a href=\"#\" onclick=\"referencia('hadrones',event); return false;\">hadrones<\/a>.<\/p>\n<p style=\"text-align: justify;\">La composici\u00f3n de los n\u00facleos (lo que en Qu\u00edmica se llama an\u00e1lisis cualitativo) es extraordinariamente sencilla ya que, como es sabido, constan de <a href=\"#\" onclick=\"referencia('neutron',event); return false;\">neutrones<\/a> y <a href=\"#\" onclick=\"referencia('proton',event); return false;\">protones<\/a> que se pueden considerar como unidades que, dentro del n\u00facleo, mantienen su identidad. Tal simplicidad cualitativa recuerda, por ejemplo, el caso de las series org\u00e1nicas, siendo la de los hidrocarburos saturados la m\u00e1s conocida. Recordad la sencilles de su f\u00f3rmula general lo que significa que una mol\u00e9cula de hidrocarburo contiene n \u00e1tomos de carbono (s\u00edmbolo C) y (2n+2) \u00e1tomos de hidr\u00f3geno (s\u00edmbolo H).<\/p>\n<p style=\"text-align: justify;\">El n\u00famero de <a href=\"#\" onclick=\"referencia('proton',event); return false;\">protones<\/a> y <a href=\"#\" onclick=\"referencia('neutron',event); return false;\">neutrones<\/a> determina al elemento, desde el hidr\u00f3geno (el m\u00e1s simple), al Uranio ( el m\u00e1s complejo), siempre referido a elementos naturales que son 92, el resto, son artificiales, los conocidos transur\u00e1nicos en cuyo grupo est\u00e1n el Einstenio o el Plutonio, artif\u00edcales todos ellos.<\/p>\n<p style=\"text-align: justify;\">Los n\u00facleos, como sistemas din\u00e1micos de <a href=\"#\" onclick=\"referencia('nucleones',event); return false;\">nucleones<\/a>, pertenecen obviamente a la microf\u00edsica y, por consiguiente, para su descripci\u00f3n es necesario acudir a la mec\u00e1nica cu\u00e1ntica.<\/p>\n<p style=\"text-align: justify;\">La materia, en general, aunque presumimos de conocerla, en realidad, nos queda mucho por aprender de ella.<\/p>\n<p style=\"text-align: justify;\">Hablemos un poco de mol\u00e9culas.<\/p>\n<p style=\"text-align: justify;\">El n\u00famero de especimenes at\u00f3micos es finito, existiendo ciertas razones para suponer que hacia el n\u00famero at\u00f3mico 173 los correspondientes n\u00facleos ser\u00edan inestables, no por razones intr\u00ednsecas de inestabilidad \u201cradiactiva\u201d nuclear, sino por razones relativistas. Ya antes me referir\u00eda a las especies at\u00f3micas, naturales y artificiales que son de unos pocos millares; en cambio; el n\u00famero de mol\u00e9culas conocidas hasta ahora comprende varios millones de especimenes, aumentando continuamente el n\u00famero de ellas gracias a las s\u00edntesis que se llevan a cabo en numerosos laboratorios repartidos por todo el mundo.<\/p>\n<p style=\"text-align: justify;\">Una mol\u00e9cula es una estructura, con individualidad propia, constituida por n\u00facleos y <a href=\"#\" onclick=\"referencia('electron',event); return false;\">electrones<\/a>. Obviamente, en una mol\u00e9cula las interacciones deben tener lugar entre n\u00facleos y <a href=\"#\" onclick=\"referencia('electron',event); return false;\">electrones<\/a>, n\u00facleos y <a href=\"#\" onclick=\"referencia('electron',event); return false;\">electrones<\/a> y <a href=\"#\" onclick=\"referencia('electron',event); return false;\">electrones<\/a>, siendo del tipo electromagn\u00e9tico.<\/p>\n<p style=\"text-align: justify;\">Debido al confinamiento de los n\u00facleos, el papel que desempe\u00f1an, aparte del de proporcionar la casi totalidad de la masa de la mol\u00e9cula, es poco relevante, a no ser que se trate de mol\u00e9culas livianas, como la del hidr\u00f3geno. De una manera gr\u00e1fica podr\u00edamos decir que los n\u00facleos en una mol\u00e9cula constituyen el armaz\u00f3n de la misma, el esqueleto, cuya misi\u00f3n ser\u00eda proporcionar el soporte del edificio. El papel m\u00e1s relevante lo proporcionan los <a href=\"#\" onclick=\"referencia('electron',event); return false;\">electrones<\/a> y en particular los llamados de valencia, que son los que de modo mayoritario intervienen en los enlaces, debido a que su energ\u00eda es comparativamente inferior a la de los dem\u00e1s, lo que desempe\u00f1a muy importante papel en la evoluci\u00f3n.<\/p>\n<p style=\"text-align: justify;\">Desde las mol\u00e9culas m\u00e1s sencilla, como la del hidr\u00f3geno, con un total de 2 <a href=\"#\" onclick=\"referencia('electron',event); return false;\">electrones<\/a>, hasta las m\u00e1s complejas, como las de las prote\u00ednas, con muchos miles de ellos, existe toda una gama, seg\u00fan dec\u00eda, de varios millones. Esta extraordinaria variedad de especies moleculares contrasta con la de las especies nucleares e incluso at\u00f3micas.<\/p>\n<p style=\"text-align: justify;\">Sin entrar en las posibles diferencias interpretativas de estas notables divergencias, se\u00f1alar\u00e9 que, desde el punto de vista de la informaci\u00f3n, las especies moleculares la poseen en mucho mayor grado que los nucleares y at\u00f3micas.<\/p>\n<p style=\"text-align: justify;\">Dejando aparte los n\u00facleos, la informaci\u00f3n que soportan los \u00e1tomos se podr\u00eda atribuir a la distribuci\u00f3n de su carga el\u00e9ctrica, y en particular a la de los <a href=\"#\" onclick=\"referencia('electron',event); return false;\">electrones<\/a> m\u00e1s d\u00e9bilmente ligados. Concretando un poco se podr\u00eda admitir que la citada informaci\u00f3n la soportan los orbitales at\u00f3micos, pues son precisamente estos orbitales las que introducen diferencias \u201cgeom\u00e9tricas\u201d entre los diferentes <a href=\"#\" onclick=\"referencia('electron',event); return false;\">electrones<\/a> corticales.<\/p>\n<p style=\"text-align: justify;\">Justamente esa informaci\u00f3n es la que v\u00e1 a determinar las capacidades de uni\u00f3n de unos \u00e1tomos con otros, previo el \u201creconocimiento\u201d entre las orbitales correspondientes. De acuerdo con la mec\u00e1nica cu\u00e1ntica el n\u00famero orbitales se reduce a unos pocos. Se individualizan por unas letras habl\u00e1ndose de orbitales, s,p,d,f,g,h. Este peque\u00f1o n\u00famero no proporciona una gran diversidad.<\/p>\n<p style=\"text-align: justify;\">La llamada hibridaci\u00f3n (una especie de mezcla) de orbitales es un modo de aumentar el n\u00famero de mensajes, esto es, la informaci\u00f3n, bien entendido que esta hibridaci\u00f3n ocurre en tanto y en cuanto dos \u00e1tomos se preparan para enlazarse y formar una mol\u00e9cula. En las mol\u00e9culas, la informaci\u00f3n, obviamente, debe de abarcar a todo el edificio, por lo que en principio parece que deber\u00eda ser m\u00e1s rica que en los \u00e1tomos. La ganancia de informaci\u00f3n equivale a una disminuci\u00f3n de <a href=\"#\" onclick=\"referencia('entropia',event); return false;\">entrop\u00eda<\/a>; por esta raz\u00f3n, a la informaci\u00f3n se la llama tambi\u00e9n negantrop\u00eda.<\/p>\n<p style=\"text-align: justify;\">En t\u00e9rminos electr\u00f3nicos, la informaci\u00f3n se podr\u00eda considerar proporcionada por un campo de densidad el\u00e9ctrica, con valles, cimas, collados, etc., es decir, curvas isoelectr\u00f3nicas, equivalentes formalmente a las de nivel en topograf\u00eda. Parece razonable suponer que cuanto m\u00e1s diverso sean los \u00e1tomos de una mol\u00e9cula, m\u00e1s rica y variada podr\u00e1 ser su informaci\u00f3n, la informaci\u00f3n que pueda soportar.<\/p>\n<p style=\"text-align: justify;\">La enorme variedad de formas, colores, comportamientos, etc., que acompa\u00f1a a los objetos, incluidos los vivientes, ser\u00eda una consecuencia de la riqueza en la informaci\u00f3n que soportan las mol\u00e9culas ( y sus agregados) que forman parte de dichos objetos. Ello explicar\u00eda que las mol\u00e9culas de la vida sean en general de grandes dimensiones (macromol\u00e9culas). La inmensa mayor\u00eda de ellas contiene carbono. Debido a su tetravalencia y a la gran capacidad que posee dicho \u00e1tomo par unirse consigo mismo, dichas mol\u00e9culas pueden considerarse como un esqueleto formado por cadenas de esos \u00e1tomos.<\/p>\n<p style=\"text-align: justify;\">El carbono no es el \u00fanico \u00e1tomo con capacidad para formar los citados esqueletos. Pr\u00f3ximos al carbono en la tabla peri\u00f3dica, el silicio, f\u00f3sforo y boro comparten con dicho \u00e1tomo esa caracter\u00edstica, si bien en un grado mucho menor.<\/p>\n<p style=\"text-align: justify;\">Refiri\u00e9ndonos al silicio, que para nosotros es el m\u00e1s importante, se\u00f1alaremos que las \u201cmol\u00e9culas\u201d que dicho \u00e1tomo forma con el ox\u00edgeno y otros \u00e1tomos, generalmente met\u00e1licos, poseyendo gran nivel de informaci\u00f3n, difieren, en varios aspectos, de las mol\u00e9culas org\u00e1nicas, es decir, de las que poseen un esqueleto de \u00e1tomos de carbono.<\/p>\n<p style=\"text-align: justify;\">El mundo de los silicatos es de una gran diversidad, existiendo centenares de especies minerol\u00f3gicas. Esas diferencias se refieren, fundamentalmente, a que el enlace qu\u00edmico en el caso de las mol\u00e9culas org\u00e1nicas es covalente, y cuando se forma la sustancia correspondiente (cuatrillones de mol\u00e9culas) o es un l\u00edquido, como es el caso de los aceites, o bien un s\u00f3lido que funde f\u00e1cilmente. Entre las mol\u00e9culas que lo forman se ejercen unas fuerzas, llamadas de Van der Waals, que, pueden considerarse como residuales de las fuerzas electromagn\u00e9ticas, algo m\u00e1s d\u00e9biles que \u00e9stas. En cambio, en los silicatos s\u00f3lidos (como en el caso del topacio) el enlace covalente o i\u00f3nico no se limita a una mol\u00e9cula, sino que se extiende en el espacio ocupado por el s\u00f3lido, resultando un entramado particularmente fuerte.<\/p>\n<p style=\"text-align: justify;\">Al igual que para los cristales de hielo, en la mayor\u00eda de los silicatos la informaci\u00f3n que soportan es peque\u00f1a, aunque conviene matizar este punto. Para un cristal ideal as\u00ed ser\u00eda en efecto, pero ocurre que en la realidad el cristal ideal es una abstracci\u00f3n, ya que en el cristal real existen aqu\u00ed y all\u00e1 los llamados defectos puntuales que trastocan la periodicidad espacial propia de las redes ideales. Precisamente esos defectos puntuales pod\u00edan proporcionar una mayor informaci\u00f3n.<\/p>\n<p style=\"text-align: justify;\">Si prescindimos de las org\u00e1nicas, el resto de las mol\u00e9culas que resultan de la combinaci\u00f3n entre los diferentes \u00e1tomos no llega a 100.000, frente a los varios millones de las primeras. Resulta ranozable suponer que toda la enorme variedad de mol\u00e9culas existentes, principalmente en los planetas rocosos, se haya formado or evoluci\u00f3n de los \u00e1tomos, como corresponde a un proceso evolutivo. La mol\u00e9cula poseer\u00eda mayor orden que los \u00e1tomos de donde procede, esto es, menor <a href=\"#\" onclick=\"referencia('entropia',event); return false;\">entrop\u00eda<\/a>. En su formaci\u00f3n, el ambiente se habr\u00eda desordenado al ganar <a href=\"#\" onclick=\"referencia('entropia',event); return false;\">entrop\u00eda<\/a> en una cierta cantidad tal, que arrojarse un balance total positivo.<\/p>\n<p style=\"text-align: right;\"><em>emilio silvera<\/em><\/p>\n<div class='bookmark'>\r\n\t\t<table align='left' border='0' cellpadding='0' width='100%'>\r\n\t\t<tr><td><span class='pushbutton'><a href='http:\/\/delicious.com\/post?url=http%3A%2F%2Fwww.emiliosilveravazquez.com%2Fblog%2F2010%2F05%2F17%2Fel-universo-se-expande-la-mente-tambien-xiii%2F&amp;title=El+Universo+se+expande%2C+la+Mente+tambi%C3%A9n+XIII' title='Delicious' target='_blank' rel='nofollow'><img src='http:\/\/www.emiliosilveravazquez.com\/blog\/wp-content\/plugins\/knxdt-bookmarks-wordpress-plugin\/images\/delicious.png'  alt='' class='book_img' border='none' style='margin:1px; padding: 0;'  \/><\/a><\/span><span class='pushbutton'><a href='http:\/\/digg.com\/submit?url=http%3A%2F%2Fwww.emiliosilveravazquez.com%2Fblog%2F2010%2F05%2F17%2Fel-universo-se-expande-la-mente-tambien-xiii%2F&amp;title=El+Universo+se+expande%2C+la+Mente+tambi%C3%A9n+XIII' title='Digg' target='_blank' rel='nofollow'><img src='http:\/\/www.emiliosilveravazquez.com\/blog\/wp-content\/plugins\/knxdt-bookmarks-wordpress-plugin\/images\/digg.png'  alt='' class='book_img' border='none' style='margin:1px; padding: 0;'  \/><\/a><\/span><span class='pushbutton'><a href='http:\/\/www.google.com\/bookmarks\/mark?op=edit&amp;bkmk=http%3A%2F%2Fwww.emiliosilveravazquez.com%2Fblog%2F2010%2F05%2F17%2Fel-universo-se-expande-la-mente-tambien-xiii%2F&amp;title=El+Universo+se+expande%2C+la+Mente+tambi%C3%A9n+XIII' title='Google' target='_blank' rel='nofollow'><img src='http:\/\/www.emiliosilveravazquez.com\/blog\/wp-content\/plugins\/knxdt-bookmarks-wordpress-plugin\/images\/google.png'   alt='' class='book_img' border='none' style='margin:1px; padding: 0;'  \/><\/a><\/span><span class='pushbutton'><a href='http:\/\/myweb2.search.yahoo.com\/myresults\/bookmarklet?u=http%3A%2F%2Fwww.emiliosilveravazquez.com%2Fblog%2F2010%2F05%2F17%2Fel-universo-se-expande-la-mente-tambien-xiii%2F&amp;t=El+Universo+se+expande%2C+la+Mente+tambi%C3%A9n+XIII' title='Yahoo' target='_blank' rel='nofollow'><img src='http:\/\/www.emiliosilveravazquez.com\/blog\/wp-content\/plugins\/knxdt-bookmarks-wordpress-plugin\/images\/yahoo.png'  alt='' class='book_img' border='none' style='margin:1px; padding: 0;'  \/><\/a><\/span><span class='pushbutton'><a href='http:\/\/www.technorati.com\/faves?add=http%3A%2F%2Fwww.emiliosilveravazquez.com%2Fblog%2F2010%2F05%2F17%2Fel-universo-se-expande-la-mente-tambien-xiii%2F' title='Technorati' target='_blank' rel='nofollow'><img src='http:\/\/www.emiliosilveravazquez.com\/blog\/wp-content\/plugins\/knxdt-bookmarks-wordpress-plugin\/images\/technorati.png'  alt='' class='book_img' border='none' style='margin:1px; padding: 0;'  \/><\/a><\/span><span class='pushbutton'><a href='http:\/\/meneame.net\/submit.php?url=http%3A%2F%2Fwww.emiliosilveravazquez.com%2Fblog%2F2010%2F05%2F17%2Fel-universo-se-expande-la-mente-tambien-xiii%2F' title='Meneame' target='_blank' rel='nofollow'><img src='http:\/\/www.emiliosilveravazquez.com\/blog\/wp-content\/plugins\/knxdt-bookmarks-wordpress-plugin\/images\/meneame.png'  alt='' class='book_img' border='none' style='margin:1px; padding: 0;'  \/><\/a><\/span><span class='pushbutton'><a href='http:\/\/enchilame.com\/submit.php?url=http:\/\/www.emiliosilveravazquez.com\/blog\/2010\/05\/17\/el-universo-se-expande-la-mente-tambien-xiii\/' target='_blank' rel='nofollow'><img title='Enchilame' src='http:\/\/www.emiliosilveravazquez.com\/blog\/wp-content\/plugins\/knxdt-bookmarks-wordpress-plugin\/images\/enchilame.png'  alt='' class='book_img' border='none' style='margin:1px; padding: 0;'  \/><\/a><\/span><span class='pushbutton'><a href='http:\/\/www.blinklist.com\/index.php?Action=Blink\/addblink.php&amp;Description=&amp;Url=http%3A%2F%2Fwww.emiliosilveravazquez.com%2Fblog%2F2010%2F05%2F17%2Fel-universo-se-expande-la-mente-tambien-xiii%2F&amp;title=El+Universo+se+expande%2C+la+Mente+tambi%C3%A9n+XIII' title='BlinkList' target='_blank' rel='nofollow'><img src='http:\/\/www.emiliosilveravazquez.com\/blog\/wp-content\/plugins\/knxdt-bookmarks-wordpress-plugin\/images\/blinklist.png'  alt='' class='book_img' border='none' style='margin:1px; padding: 0;'  \/><\/a><\/span><span class='pushbutton'><a href='http:\/\/reddit.com\/submit?url=http%3A%2F%2Fwww.emiliosilveravazquez.com%2Fblog%2F2010%2F05%2F17%2Fel-universo-se-expande-la-mente-tambien-xiii%2F&amp;title=El+Universo+se+expande%2C+la+Mente+tambi%C3%A9n+XIII' title='Reddit' target='_blank' rel='nofollow'><img src='http:\/\/www.emiliosilveravazquez.com\/blog\/wp-content\/plugins\/knxdt-bookmarks-wordpress-plugin\/images\/reddit.png'  alt='' class='book_img' border='none' style='margin:1px; padding: 0;'  \/><\/a><\/span><span class='pushbutton'><a href='http:\/\/www.tecnologiadiaria.com\/2009\/07\/abrir-com-hotmail-correo.html' target='_blank' title='hotmail'><img src='http:\/\/www.emiliosilveravazquez.com\/blog\/wp-content\/plugins\/knxdt-bookmarks-wordpress-plugin\/images\/linklove.png' alt='hotmail correo' class='book_img' border='none' style='margin:1px; padding: 0;' \/><\/a><\/span><span class='pushbutton'><a href='http:\/\/bitacoras.com\/votar\/anotacion\/externo\/mini\/www.emiliosilveravazquez.com\/blog\/2010\/05\/17\/el-universo-se-expande-la-mente-tambien-xiii\/' title='Bitacoras.com' target='_blank' rel='nofollow'><img src='http:\/\/www.emiliosilveravazquez.com\/blog\/wp-content\/plugins\/knxdt-bookmarks-wordpress-plugin\/images\/bitacoras.png'  alt='' class='book_img' border='none' style='margin:1px; padding: 0;'  \/><\/a><\/span><span class='pushbutton'><a href='http:\/\/www.wikio.es\/vote?url=http%3A%2F%2Fwww.emiliosilveravazquez.com%2Fblog%2F2010%2F05%2F17%2Fel-universo-se-expande-la-mente-tambien-xiii%2F' title='Wikio' target='_blank' rel='nofollow'><img src='http:\/\/www.emiliosilveravazquez.com\/blog\/wp-content\/plugins\/knxdt-bookmarks-wordpress-plugin\/images\/wikio.png'   alt='' class='book_img' border='none' style='margin:1px; padding: 0;'   \/><\/a><\/span><span class='pushbutton'><a href='http:\/\/friendfeed.com\/?url=http%3A%2F%2Fwww.emiliosilveravazquez.com%2Fblog%2F2010%2F05%2F17%2Fel-universo-se-expande-la-mente-tambien-xiii%2F&amp;title=El+Universo+se+expande%2C+la+Mente+tambi%C3%A9n+XIII' title='Friend Feed' target='_blank' rel='nofollow'><img src='http:\/\/www.emiliosilveravazquez.com\/blog\/wp-content\/plugins\/knxdt-bookmarks-wordpress-plugin\/images\/friendfeed.png'  alt='' class='book_img' border='none' style='margin:1px; padding: 0;'  \/><\/a><\/span><span class='pushbutton'><a href='http:\/\/www.facebook.com\/share.php?u=http%3A%2F%2Fwww.emiliosilveravazquez.com%2Fblog%2F2010%2F05%2F17%2Fel-universo-se-expande-la-mente-tambien-xiii%2F&amp;t=El+Universo+se+expande%2C+la+Mente+tambi%C3%A9n+XIII' title='Facebook' target='_blank' rel='nofollow'><img src='http:\/\/www.emiliosilveravazquez.com\/blog\/wp-content\/plugins\/knxdt-bookmarks-wordpress-plugin\/images\/facebook.png'  alt='' class='book_img' border='none' style='margin:1px; padding: 0;'  \/><\/a><\/span><span class='pushbutton'><a href='http:\/\/twitter.com\/home?status=El+Universo+se+expande%2C+la+Mente+tambi%C3%A9n+XIII: http%3A%2F%2Fwww.emiliosilveravazquez.com%2Fblog%2F2010%2F05%2F17%2Fel-universo-se-expande-la-mente-tambien-xiii%2F' title='Twitter' target='_blank' rel='nofollow'><img src='http:\/\/www.emiliosilveravazquez.com\/blog\/wp-content\/plugins\/knxdt-bookmarks-wordpress-plugin\/images\/twitter.png'  alt='' class='book_img' border='none' style='margin:1px; padding: 0;'  \/><\/a><\/span><span class='pushbutton'><a href='http:\/\/www.feedburner.com\/fb\/a\/emailFlare?itemTitle=El+Universo+se+expande%2C+la+Mente+tambi%C3%A9n+XIII&amp;uri=http%3A%2F%2Fwww.emiliosilveravazquez.com%2Fblog%2F2010%2F05%2F17%2Fel-universo-se-expande-la-mente-tambien-xiii%2F' title='Enviar por Email' target='_blank' rel='nofollow'><img src='http:\/\/www.emiliosilveravazquez.com\/blog\/wp-content\/plugins\/knxdt-bookmarks-wordpress-plugin\/images\/email.png'  alt='' class='book_img' border='none' style='margin:1px; padding: 0;'  \/><\/a><\/span><span style='font-weight:bold; padding-left: 5px;'><a href='http:\/\/wordpress.org\/extend\/plugins\/knxdt-bookmarks-wordpress-plugin\/' title='Plugin' rel='nofollow' target='_blank'>[?]<\/a><\/span><\/td><\/tr><\/table><br\/><br\/><\/div>","protected":false},"excerpt":{"rendered":"<p>Final de XII De estos materiales estamos nosotros hechos, y, l\u00f3gicamente, se fabricaron en las estrellas. En una supernova, en orden decreciente tenemos la secuencia de n\u00facleos H He O C N Fe, que coincide bastante bien con un ordenaci\u00f3n en la tabla peri\u00f3dica que es: H He (Li Be B) C N O\u2026\u2026 Fe [&hellip;]<\/p>\n","protected":false},"author":2,"featured_media":0,"comment_status":"open","ping_status":"open","sticky":false,"template":"","format":"standard","meta":{"_s2mail":"","footnotes":""},"categories":[6],"tags":[],"_links":{"self":[{"href":"http:\/\/www.emiliosilveravazquez.com\/blog\/wp-json\/wp\/v2\/posts\/554"}],"collection":[{"href":"http:\/\/www.emiliosilveravazquez.com\/blog\/wp-json\/wp\/v2\/posts"}],"about":[{"href":"http:\/\/www.emiliosilveravazquez.com\/blog\/wp-json\/wp\/v2\/types\/post"}],"author":[{"embeddable":true,"href":"http:\/\/www.emiliosilveravazquez.com\/blog\/wp-json\/wp\/v2\/users\/2"}],"replies":[{"embeddable":true,"href":"http:\/\/www.emiliosilveravazquez.com\/blog\/wp-json\/wp\/v2\/comments?post=554"}],"version-history":[{"count":0,"href":"http:\/\/www.emiliosilveravazquez.com\/blog\/wp-json\/wp\/v2\/posts\/554\/revisions"}],"wp:attachment":[{"href":"http:\/\/www.emiliosilveravazquez.com\/blog\/wp-json\/wp\/v2\/media?parent=554"}],"wp:term":[{"taxonomy":"category","embeddable":true,"href":"http:\/\/www.emiliosilveravazquez.com\/blog\/wp-json\/wp\/v2\/categories?post=554"},{"taxonomy":"post_tag","embeddable":true,"href":"http:\/\/www.emiliosilveravazquez.com\/blog\/wp-json\/wp\/v2\/tags?post=554"}],"curies":[{"name":"wp","href":"https:\/\/api.w.org\/{rel}","templated":true}]}}