{"id":550,"date":"2010-05-17T12:46:07","date_gmt":"2010-05-17T10:46:07","guid":{"rendered":"http:\/\/www.emiliosilveravazquez.com\/blog\/?p=550"},"modified":"2010-05-17T13:46:48","modified_gmt":"2010-05-17T11:46:48","slug":"el-universo-se-expande-la-mente-tambien-xii","status":"publish","type":"post","link":"http:\/\/www.emiliosilveravazquez.com\/blog\/2010\/05\/17\/el-universo-se-expande-la-mente-tambien-xii\/","title":{"rendered":"El Universo se expande, la Mente tambi\u00e9n XII"},"content":{"rendered":"<p style=\"text-align: justify;\">Los principios te\u00f3ricos de los griegos se transmitieron a la m\u00fasica lit\u00fargica cristiana a trav\u00e9s de autores como san Agust\u00edn, Boecio y Casiodoro. Durante los primeros siglos del cristianismo, la m\u00fasica se circunscribi\u00f3 al \u00e1mbito religioso, concretamente al canto lit\u00fargico, cuyo fundamento est\u00e1 constituido por la s\u00edntesis entre el sistema modal griego y ciertas influencias de la tradici\u00f3n jud\u00eda.<\/p>\n<p style=\"text-align: justify;\">Como veo que esto se me va de las manos y puedo terminar este trabajo escribiendo una historia de la m\u00fasica, mejor lo dejo y me dedico a lo que en realidad me debo: El pensamiento, el saber, la inteligencia, la mente, el Universo de lo sensorial, etc. etc. etc.<\/p>\n<p style=\"text-align: justify;\">Comienza XII<\/p>\n<p style=\"text-align: justify;\">En realidad, para m\u00ed, comentar el contrapunto es, como comentar la simetr\u00eda (conjunto de invariancias de un sistema), en el contrapunt\u00f3 y en la simetr\u00eda se trata de que todo encaje y de que reine la armon\u00eda y la est\u00e9tica. Todo es F\u00edsica, la m\u00fasica tambi\u00e9n.<\/p>\n<p style=\"text-align: justify;\">\u00bfQu\u00e9 podr\u00edamos hacer sin las matem\u00e1ticas, la f\u00edsica y la qu\u00edmica?<\/p>\n<p style=\"text-align: justify;\">Me parece que nada.<\/p>\n<p style=\"text-align: justify;\">Todo existe y puede ser explicado a partir de esas tres disciplinas. Absolutamente todo. Empezando por nosotros mismos que, si lo pensamos detenida y profundamente, veremos que somos n\u00fameros (el pensamiento, la complejidad, lo que llamamos alma que, en realidad, es un conglomerado de infinitos circuitos el\u00e9ctricos e impulsos sensoriales-n\u00fameros-que nos permiten ser), somos f\u00edsica (la materia de la que est\u00e1 formado nuestro cuerpo y nuestro cerebro), y, somos qu\u00edmica (los componentes y flujos que discurren por nosotros y nos permiten desarrollar las funciones f\u00edsicas y ps\u00edquicas que nos hace ser lo que somos).<\/p>\n<p><!--more--><\/p>\n<p style=\"text-align: justify;\">Por eso decimos que algunas de las simetr\u00edas son directamente f\u00edsicas. Algunos ejemplos son las reflexiones y las rotaciones en las mol\u00e9culas y las translaciones en las redes cristalinas. Existen simetr\u00edas m\u00e1s generales y abstractas como la invariancia CPT y las simetr\u00edas asociadas a las teor\u00edas <a href=\"#\" onclick=\"referencia('gauge',event); return false;\">gauge<\/a>.<\/p>\n<p style=\"text-align: justify;\">En f\u00edsica de part\u00edculas, un ejemplo de simetr\u00eda rota, ser\u00eda el <a href=\"#\" onclick=\"referencia('weinberg salam modelo de',event); return false;\">modelo de Weinberg-Salam<\/a> (teor\u00eda electrod\u00e9bil), teor\u00eda cu\u00e1ntica de campos relativistas con simetr\u00eda rota.<\/p>\n<p style=\"text-align: justify;\">Como la mente humana es imparable, cuando coge algo ya no lo suelta, as\u00ed, con la simetr\u00eda, al parecerle poco, se pas\u00f3 a la <a href=\"#\" onclick=\"referencia('supersimetria',event); return false;\">supersimetr\u00eda<\/a> que es la simetr\u00eda que puede ser aplicada a las part\u00edculas elementales con el fin de transformar un <a href=\"#\" onclick=\"referencia('bosones',event); return false;\">bos\u00f3n<\/a> en un <a href=\"#\" onclick=\"referencia('fermion',event); return false;\">fermi\u00f3n<\/a> y viceversa.<\/p>\n<p style=\"text-align: justify;\">En las teor\u00edas supersim\u00e9tricas m\u00e1s simples, cada <a href=\"#\" onclick=\"referencia('bosones',event); return false;\">bos\u00f3n<\/a> tiene un compa\u00f1ero <a href=\"#\" onclick=\"referencia('fermion',event); return false;\">fermi\u00f3n<\/a>ico y cada <a href=\"#\" onclick=\"referencia('fermion',event); return false;\">fermi\u00f3n<\/a> tiene un compa\u00f1ero bos\u00f3nico. Los compa\u00f1eros bos\u00f3nicos de los <a href=\"#\" onclick=\"referencia('fermion',event); return false;\">fermiones<\/a> tienen nombres formados a\u00f1adiendo \u201cs\u201d al principio del nombre del <a href=\"#\" onclick=\"referencia('fermion',event); return false;\">fermi\u00f3n<\/a>, por ejemplo, s<a href=\"#\" onclick=\"referencia('electron',event); return false;\">electr\u00f3n<\/a>, squak y s<a href=\"#\" onclick=\"referencia('leptones',event); return false;\">lept\u00f3n<\/a>. Los compa\u00f1eros fermionicos de los <a href=\"#\" onclick=\"referencia('bosones',event); return false;\">bosones<\/a> tienen nombres formados reemplazando el \u201coy\u201d del final del nombre del <a href=\"#\" onclick=\"referencia('bosones',event); return false;\">bos\u00f3n<\/a> por \u201cino\u201d o a\u00f1adiendo \u201cino\u201d, por ejemplo, gluino, fotito, mino y zino.<\/p>\n<p style=\"text-align: justify;\">Los infinitos que causan problemas en las teor\u00edas cu\u00e1nticas de campos relativistas (renormalizaci\u00f3n) son menos severos en las teor\u00edas supersim\u00e9tricas, porque las contribuciones los infinitos de los <a href=\"#\" onclick=\"referencia('bosones',event); return false;\">bosones<\/a> y los <a href=\"#\" onclick=\"referencia('fermion',event); return false;\">fermiones<\/a> se pueden cancelar unos a otros.<\/p>\n<p style=\"text-align: justify;\">Si la <a href=\"#\" onclick=\"referencia('supersimetria',event); return false;\">supersimetr\u00eda<\/a> es realmente una simetr\u00eda de la Naturaleza, debe ser una simetr\u00eda rota, aunque por el momento no hay evidencias concluyentes que muestren a que energ\u00eda debe asociarse. Aunque no tenemos ninguna evidencia experimental para esta teor\u00eda, s\u00ed se piensa que puede ser un ingrediente esencial para una teor\u00eda unificada de las interacciones o fuerzas fundamentales de la Naturaleza.<\/p>\n<p style=\"text-align: justify;\">Pero como muestra osad\u00eda no tiene l\u00edmites, sin haber comprobado a\u00fan, experimentalmente, la teor\u00eda de la <a href=\"#\" onclick=\"referencia('supersimetria',event); return false;\">supersimetr\u00eda<\/a>, ya tenemos otra teor\u00eda que v\u00e1 mucho m\u00e1s all\u00e1 en la b\u00fasqueda de unificaci\u00f3n de las fuerzas de la naturaleza.<\/p>\n<p style=\"text-align: justify;\">La <a href=\"#\" onclick=\"referencia('supercuerdas teoria',event); return false;\">teor\u00eda de supercuerdas<\/a><\/p>\n<p style=\"text-align: justify;\">Ya hemos hablado ampliamente, en otros trabajos, de esta teor\u00eda unificada de las fuerzas fundamentales de la Naturaleza y que incorpora otras teor\u00edas como supergravedad, <a href=\"#\" onclick=\"referencia('supersimetria',event); return false;\">supersimetr\u00eda<\/a>, teor\u00eda de cuerdas, etc., y en la que los objetos b\u00e1sicos son unidimensionales (como filamentos vibrantes) que tienen una escala de longitud de unos 10-35 m y, como distancias muy cortas est\u00e1n asociadas a energ\u00edas muy altas, tienen una escala de energ\u00eda del orden de 10con exponente 19 GeV (antes, en p\u00e1ginas anteriores, lo hemos mencionado), que est\u00e1 muy por encima de la energ\u00eda que, de momento, podamos alcanzar.<\/p>\n<p style=\"text-align: justify;\">Esta teor\u00eda, s\u00f3lo es v\u00e1lida en 10 y en 26 dimensiones, as\u00ed se tiene el espacio suficiente para que todas las fuerzas est\u00e9n c\u00f3modamente instaladas, evitando as\u00ed el rechazo que, en otras teor\u00edas, se produce entre Mec\u00e1nica Cu\u00e1ntica y Relatividad General.<\/p>\n<p style=\"text-align: justify;\">Claro que, ahora, todas esas teor\u00edas de cuerdas, hasta un n\u00famero de cinco, han sido unificadas por E. Witten en una sola denominada Teor\u00eda M de 11 dimensiones y, al parecer, \u00e9sta puede ser la buena. Sus resultados son m\u00e1s que convincentes.<\/p>\n<p style=\"text-align: justify;\">Mira que damos vueltas y m\u00e1s vueltas, y, al final, siempre estamos en el mismo lugar: El Universo, con toda la materia, las fuerzas que lo forman y el espacio-tiempo. Nosotros estamos dentro de todo eso y, aunque materia, hemos tenido la suerte de caer en la fase en la que, esa porci\u00f3n de \u201cmateria\u201d, puede pensar.<\/p>\n<p style=\"text-align: justify;\">Sin embargo, somos un aut\u00e9ntico peligro para nosotros mismos y para nuestro entorno. Se nos ha concedido un poder (de pensar, de ser conscientes) que, al menos de momento, no sabemos controlar y, yo por mi parte, creo que, en realidad, somos seres con una consciencia que no utilizamos, por lo tanto, inconscientes.<\/p>\n<p style=\"text-align: justify;\">Falta mucho en el proceso de evoluci\u00f3n para que alcancemos un nivel aceptable, para poder ser clasificado como un grupo inteligente racional.<\/p>\n<p style=\"text-align: justify;\">Si miramos a nuestro alrededor, yo, al menos, siento verg\u00fcenza. \u00bfQu\u00e9 nos pasa? \u00bfC\u00f3mo podemos ser tan torpes? Es incre\u00edble el desinter\u00e9s que demuestra la gente, en general, y, los gobernantes, en particular, por todo aquello que en realidad importa, por las maravillas que nos rodean y destruimos. \u00a1Parece mentira!<\/p>\n<p style=\"text-align: justify;\">Sin embargo, esa es, desgraciadamente, la verdad.<\/p>\n<p style=\"text-align: justify;\">Mientras tanto, unos pocos, a sufrir, tratando, con sus rid\u00edculos medios de luchar contra esas fuerzas descomunales y destructivas. \u00bfGanar\u00e1n ellos<a name=\"r_pie\" href=\"#pie\">*<\/a>? \u00a1Ser\u00eda una Pena!<\/p>\n<p style=\"text-align: justify;\">Pero si nos paramos a pensar, se puede comprender, queremos, pero no podemos. Hoy nos atrevemos a comentar sobre una teor\u00eda futura que no podemos demostrar, las supercuerdas o <a href=\"#\" onclick=\"referencia('supercuerdas teoria',event); return false;\">teor\u00eda M<\/a>. Ma\u00f1ana hablaremos de la teor\u00eda superlum\u00ednica, las cuerdas vibrantes se habr\u00e1n transformado en briznas luminosas, menos que <a href=\"#\" onclick=\"referencia('foton',event); return false;\">fotones<\/a> que, en realidad, es la materia prima de todo el Universo que esta hecho de masa-energ\u00eda\u2026. En definitiva de luz, y nosotros mismos somos luz en reposo, congelada, de donde, de vez en cuando, surge alg\u00fan destello que nos deslumbra.<\/p>\n<p style=\"text-align: justify;\">Si dentro de unos miles de a\u00f1os pudiera volver para releer \u00e9stas l\u00edneas; me sonreir\u00eda, al ver que, llevaba toda la raz\u00f3n. \u00a1Un destello!<\/p>\n<p style=\"text-align: justify;\">Nuestros peque\u00f1os pensamientos individuales, unidos todos, pueden llegar a ser algo grande, la mala noticia est\u00e1 en que somos muy pocos los que dedicamos tiempo a pensar. \u00a1Qu\u00e9 lastima!<\/p>\n<p style=\"text-align: justify;\">Tenemos tanta riqueza en nosotros mismos que, es una aut\u00e9ntica pena que no estemos m\u00e1s preocupados por obtener el verdadero rendimiento que en descubrir nuevas armas para destruir.<\/p>\n<p style=\"text-align: justify;\">Por cierto, y, cambiando de tema, tengo que recordar aqu\u00ed a Stanley Miller, investigador del origen de la vida a quien mencione ampliamente en uno de mis trabajos.<\/p>\n<p style=\"text-align: justify;\">Con solo 23 a\u00f1os, mientas estudiaba el Doctorado en la Universidad de Chicago, el cient\u00edfico Stanley Miller logr\u00f3 reproducir en su labortorio el modo en que las mol\u00e9culas esenciales para la vida pudieron surgir en la Tierra primitiva. Consciente de la importancia de este trabajo, su director de tesis, el c\u00e9lebre qu\u00edmico Harold Urey, le anim\u00f3 en un acto de generosidad a que firmara en solitario sus resultados y los enviara a la prestigiosa revista Science: \u201cYo ya tengo mi premio Nobel\u201d dijo al estudiante, de modo que este seminal art\u00edculo sobre el origen de los seres vivos apareci\u00f3, en contra de la costumbre, con el reci\u00e9n licenciado como \u00fanico firmante.<\/p>\n<p style=\"text-align: justify;\">Miller tuvo suerte de contar con un maestro como Urey (galardonado por la Real Academia de Suecia en 1.934 por sus trabajos con el hidr\u00f3geno pesado y uno de los m\u00e1ximos responsables de la exploraci\u00f3n lunar en los 60), y, aunque \u00e9l no recibi\u00f3 el Nobel, su trabajo experimental, mediante el cual reprodujo en un sistema cerrado de probetas las condiciones de la atm\u00f3sfera primigenia, abriendo nuevos campos a la qu\u00edmica y la biolog\u00eda, y a\u00fan, muchos a\u00f1os despu\u00e9s, se repite en el laboratorio de todas las partes del mundo con el fin de arrojar luz sobre uno de los m\u00e1s grandes misterios a las que nos enfrentamos los de nuestra especie: c\u00f3mo surgi\u00f3 la vida.<\/p>\n<p style=\"text-align: justify;\">El informe de Miller constaba de s\u00f3lo ocho p\u00e1rrafos, un dibujo y un diagrama, pero estaba redactado con tal sencillez y concisi\u00f3n que a menudo acompa\u00f1a a los grandes descubrimientos.<\/p>\n<p style=\"text-align: justify;\">La simulaci\u00f3n de atm\u00f3sfera que \u00e9l cre\u00f3, pensando que era la que ten\u00eda el planeta Tierra en aquellos tiempos: metano, amon\u00edaco, agua e hidr\u00f3geno, a lo que aplic\u00f3 descargas el\u00e9ctricas y, junto con Urey, pudo constatar que de aquella mezcla bombardeada el\u00e9ctricamente, surg\u00edan varios de los amino\u00e1cidos que constituyen los ladrillos a partir de los cuales surgi\u00f3 el edificio de la vida en el planeta tierra.<\/p>\n<p style=\"text-align: justify;\">El experimento es mundialmente conocido y dio, por distintas razones, fama a Miller y a Urey. Stanley Miller, bi\u00f3logo, naci\u00f3 el 7 de marzo de 1.930 en Dakland (California) y ha muerto el pasado 20 de mayo de este mismo a\u00f1o 2007 en Capital City (California).<\/p>\n<p style=\"text-align: justify;\">Como me gusta hacer con todos aquellas que, con su trabajo, han ayudado a la Humanidad, para seguir avanzando, sea este peque\u00f1o recuerdo con mi humildad su homenaje.<\/p>\n<p style=\"text-align: justify;\">Parece un milagro que, partiendo del hidr\u00f3geno se pueda llegar a conseguir materia compleja y necesaria para la vida como la nuestra. El hidr\u00f3geno, como saben todos los ni\u00f1os de primaria, es el elemento qu\u00edmico m\u00e1s abundante del Universo (\u00bflo es?) comprendiendo un 75% de su masa \u2013 nos referimos, claro est\u00e1, a la materia Bari\u00f3nica, la que podemos ver \u2013 Es el elemento m\u00e1s simple, formado por \u00e1tomos que s\u00f3lo contienen un <a href=\"#\" onclick=\"referencia('proton',event); return false;\">prot\u00f3n<\/a> y un <a href=\"#\" onclick=\"referencia('electron',event); return false;\">electr\u00f3n<\/a>, la forma m\u00e1s com\u00fan de todos en las que podemos encontrarlo, est\u00e1 en las estrellas y las nebulosas.<\/p>\n<p style=\"text-align: justify;\">Otras formas son el hidr\u00f3geno met\u00e1lico con \u00e1tomos altamente comprimidos por la intensa presi\u00f3n, como en el interior de los planetas gaseosos masivos J\u00fapiter y Saturno. Bajo tales condiciones, el hidr\u00f3geno se comporta como un metal l\u00edquido y puede, por tanto, conducir la electricidad y generar un campo magn\u00e9tico.<\/p>\n<p style=\"text-align: justify;\">El hidr\u00f3geno que podemos encontrar, m\u00e1s com\u00fanmente, en la Tierra (s\u00edmbolo H2), es el hidr\u00f3geno molecular, con dos \u00e1tomos de hidr\u00f3geno ligados por dos <a href=\"#\" onclick=\"referencia('electron',event); return false;\">electrones<\/a> compartidos. Las mol\u00e9culas de Hidr\u00f3geno no pueden sobrevivir en la mayor\u00eda de las regiones del espacio, porque son f\u00e1cilmente disociadas (separadas) por la luz ultravioleta de las estrellas, aunque s\u00ed que aparecen en las densas y fr\u00edas nubes moleculares siendo sus principales constituyentes, aunque es dif\u00edcil observarlas directamente, pues se trata de una mol\u00e9cula sim\u00e9trica sin l\u00edneas espectrales intensas en ondas de radio o milim\u00e9tricas.<\/p>\n<p style=\"text-align: justify;\">El hidr\u00f3geno que est\u00e1 constituido por \u00e1tomos el\u00e9ctricamente neutros, generalmente, es un gas y se denomina hidr\u00f3geno neutro.<\/p>\n<p style=\"text-align: justify;\">Si el Universo es casi por completo de hidr\u00f3geno \u00bfc\u00f3mo llegaron los otros elementos?<\/p>\n<p style=\"text-align: justify;\">Una estrella de tama\u00f1o ordinario, como nuestro Sol, tiene un di\u00e1metro aproximado de 1.400.000 Km; en comparaci\u00f3n con el de la Tierra (13.000Km) es 1.000 veces mayor, y el volumen (que depende del cubo del radio) es, nada menos, que mil millones de veces superior (109).<\/p>\n<p style=\"text-align: justify;\">Pues bien, el enorme globo de gas (<a href=\"#\" onclick=\"referencia('plasma',event); return false;\">plasma<\/a>), que es una estrella, no es homog\u00e9neo, ni en composici\u00f3n ni en temperatura que aumenta por la presi\u00f3n de la fuerza gravitatoria a medida que nos acercaos al n\u00facleo, de manera tal que, como m\u00ednimo, en el centro o n\u00facleo de la estrella, tendremos una temperatura de 15 millones de grados. Resulta razonable suponer que la densidad aumente con la profundidad, ya que cuanto mayor es esta lo es tambi\u00e9n la presi\u00f3n (recordad que la densidad es proporcional a la presi\u00f3n). Las zonas interiores soportan el peso de las exteriores, lo que produce enormes temperaturas en el n\u00facleo.<\/p>\n<p style=\"text-align: justify;\">El horno termonuclear de una estrella posee unos mecanismos de control gracias a los cuales mantiene entre estrechos l\u00edmites sus constantes vitales, siendo por una parte la temperatura  y por otra la Gravedad, los dos elementos que finalmente mantienen el equilibrio de la estrella. Bueno, m\u00e1s que la temperatura la fusi\u00f3n nuclear que produce y que hace expandirse a la estrella que, es frenada, pro la inmensa fuerza gravitatoria. Es el mecanismo c\u00f3smico que hace posible la estabilidad y el equilibrio de la estrella.<\/p>\n<p style=\"text-align: justify;\">As\u00ed, brillando, y enviando luz y color al vac\u00edo estelar, las estrellas dan luz y calor a los planetas de sus sistemas solares. Precisamente, esa luz y ese calor es la p\u00e9rdida de masa de las estrellas que fusionan hidr\u00f3geno en helio y una peque\u00f1a parte se va de la estrella para calentar y alumbrar planetas. La potencia energ\u00e9tica desprendida por una estrella en equilibrio es enorme en relaci\u00f3n con nuestros est\u00e1ndares, y si esa potencia depende de la velocidad a la que unos n\u00facleos se transforman en otros, los de hidr\u00f3geno en helio, los de helio en litio, etc y parece razonable suponer que la composici\u00f3n del gas del horno termonuclear var\u00ede con el tiempo, disminuyendo la cantidad de hidr\u00f3geno y al tiempo que aumentan otros elementos. La energ\u00eda desprendida se obtiene, precisamente, a partir de esa masa gastada utilizando la ya conocida ley de equivalencia de <a href=\"#\" onclick=\"referencia('einstein',event); return false;\">Einstein<\/a> E=mc2.<\/p>\n<p style=\"text-align: justify;\">Como tantas veces he explicado, nuestro sol, cada segundo consume 4.654.000 toneladas de Hidr\u00f3geno, de las que 4.650.000 toneladas perdidas, son precisamente, las que en forma de luz y calor son lanzadas al espacio c\u00f3smico, y, una peque\u00f1a parte, llega a nuestro planeta para hacer posible la fotos\u00edntesis y la vida.<\/p>\n<p style=\"text-align: justify;\">Seg\u00fan las temperaturas de cada momento, la estrella ir\u00e1 fusionando helio, carbono, etc. Hasta que, no pudiendo continuar fusionando materiales m\u00e1s complejos, finalmente cede y se queda a merced de la fuerza Gravitatoria, sin embargo antes, haciendo un \u00faltimo esfuerzo de resistencia, se convierte en Gigante roja, antes de explotar como supernova para convertirse, seg\u00fan su masa:<\/p>\n<ul>\n<li style=\"text-align: justify;\">Supermasivas: en <a href=\"#\" onclick=\"referencia('agujero negro',event); return false;\">agujeros negros<\/a><\/li>\n<li style=\"text-align: justify;\">Masivas: en estrella de <a href=\"#\" onclick=\"referencia('neutron',event); return false;\">neutrones<\/a><\/li>\n<li style=\"text-align: justify;\">Similares al Sol: en enanas blancas<\/li>\n<\/ul>\n<p style=\"text-align: justify;\">Es all\u00ed, en las estrellas, en sus hornos nucleares y en las explosiones de supernovas, donde a miles de millones de grados de temperatura, se crean los elementos m\u00e1s complejos que el hidr\u00f3geno y el helio. Aparece el litio, el carbono, el silicio o el nitr\u00f3geno y el hierro.<\/p>\n<p style=\"text-align: justify;\">De estos materiales estamos nosotros hechos, y, l\u00f3gicamente, se fabricaron en las estrellas.<\/p>\n<p style=\"text-align: justify;\">En una supernova, en orden decreciente tenemos la secuencia de n\u00facleos H He O C N Fe,<\/p>\n<p style=\"text-align: justify;\">que coincide bastante bien con un ordenaci\u00f3n en la tabla peri\u00f3dica que es:<\/p>\n<p style=\"text-align: justify;\">H He (Li Be B) C N O\u2026\u2026 Fe<\/p>\n<p style=\"text-align: justify;\">\u00bfApreci\u00e1is la maravilla? Las estrellas brillan en el cielo para hacer posible que nosotros estemos aqu\u00ed descubriendo los enigmas del Universo y\u2026. de la vida inteligente.<\/p>\n<p style=\"text-align: justify;\">Pero est\u00e1 claro que, todo el proceso estelar evolutivo inorg\u00e1nico nos condujo desde el simple gas y polvo c\u00f3smico a la formaci\u00f3n de estrellas y nebulosas solares hasta los planetas, la Tierra en particular, en cuyo medio \u00edgneo describimos la formaci\u00f3n de las estructuras de los silicatos, despleg\u00e1ndose con ello una enorme diversidad de composiciones, formas y colores, asisti\u00e9ndose, por primera vez en la historia de la materia, a unas manifestaciones que contrastan con las que hemos mencionado en relaci\u00f3n al proceso de las estrellas.<\/p>\n<p style=\"text-align: right;\"><em>emilio silvera<\/em><\/p>\n<hr \/>\n<p style=\"text-align: justify;\"><a name=\"pie\">*<\/a> Ellos son en este caso los grandes Consorcios y Multinacionales. <a href=\"#r_pie\">Volver<\/a><\/p>\n<div class='bookmark'>\r\n\t\t<table align='left' border='0' cellpadding='0' width='100%'>\r\n\t\t<tr><td><span class='pushbutton'><a href='http:\/\/delicious.com\/post?url=http%3A%2F%2Fwww.emiliosilveravazquez.com%2Fblog%2F2010%2F05%2F17%2Fel-universo-se-expande-la-mente-tambien-xii%2F&amp;title=El+Universo+se+expande%2C+la+Mente+tambi%C3%A9n+XII' title='Delicious' target='_blank' rel='nofollow'><img src='http:\/\/www.emiliosilveravazquez.com\/blog\/wp-content\/plugins\/knxdt-bookmarks-wordpress-plugin\/images\/delicious.png'  alt='' class='book_img' border='none' style='margin:1px; padding: 0;'  \/><\/a><\/span><span class='pushbutton'><a href='http:\/\/digg.com\/submit?url=http%3A%2F%2Fwww.emiliosilveravazquez.com%2Fblog%2F2010%2F05%2F17%2Fel-universo-se-expande-la-mente-tambien-xii%2F&amp;title=El+Universo+se+expande%2C+la+Mente+tambi%C3%A9n+XII' title='Digg' target='_blank' rel='nofollow'><img src='http:\/\/www.emiliosilveravazquez.com\/blog\/wp-content\/plugins\/knxdt-bookmarks-wordpress-plugin\/images\/digg.png'  alt='' class='book_img' border='none' style='margin:1px; padding: 0;'  \/><\/a><\/span><span class='pushbutton'><a href='http:\/\/www.google.com\/bookmarks\/mark?op=edit&amp;bkmk=http%3A%2F%2Fwww.emiliosilveravazquez.com%2Fblog%2F2010%2F05%2F17%2Fel-universo-se-expande-la-mente-tambien-xii%2F&amp;title=El+Universo+se+expande%2C+la+Mente+tambi%C3%A9n+XII' title='Google' target='_blank' rel='nofollow'><img src='http:\/\/www.emiliosilveravazquez.com\/blog\/wp-content\/plugins\/knxdt-bookmarks-wordpress-plugin\/images\/google.png'   alt='' class='book_img' border='none' style='margin:1px; padding: 0;'  \/><\/a><\/span><span class='pushbutton'><a href='http:\/\/myweb2.search.yahoo.com\/myresults\/bookmarklet?u=http%3A%2F%2Fwww.emiliosilveravazquez.com%2Fblog%2F2010%2F05%2F17%2Fel-universo-se-expande-la-mente-tambien-xii%2F&amp;t=El+Universo+se+expande%2C+la+Mente+tambi%C3%A9n+XII' title='Yahoo' target='_blank' rel='nofollow'><img src='http:\/\/www.emiliosilveravazquez.com\/blog\/wp-content\/plugins\/knxdt-bookmarks-wordpress-plugin\/images\/yahoo.png'  alt='' class='book_img' border='none' style='margin:1px; padding: 0;'  \/><\/a><\/span><span class='pushbutton'><a href='http:\/\/www.technorati.com\/faves?add=http%3A%2F%2Fwww.emiliosilveravazquez.com%2Fblog%2F2010%2F05%2F17%2Fel-universo-se-expande-la-mente-tambien-xii%2F' title='Technorati' target='_blank' rel='nofollow'><img src='http:\/\/www.emiliosilveravazquez.com\/blog\/wp-content\/plugins\/knxdt-bookmarks-wordpress-plugin\/images\/technorati.png'  alt='' class='book_img' border='none' style='margin:1px; padding: 0;'  \/><\/a><\/span><span class='pushbutton'><a href='http:\/\/meneame.net\/submit.php?url=http%3A%2F%2Fwww.emiliosilveravazquez.com%2Fblog%2F2010%2F05%2F17%2Fel-universo-se-expande-la-mente-tambien-xii%2F' title='Meneame' target='_blank' rel='nofollow'><img src='http:\/\/www.emiliosilveravazquez.com\/blog\/wp-content\/plugins\/knxdt-bookmarks-wordpress-plugin\/images\/meneame.png'  alt='' class='book_img' border='none' style='margin:1px; padding: 0;'  \/><\/a><\/span><span class='pushbutton'><a href='http:\/\/enchilame.com\/submit.php?url=http:\/\/www.emiliosilveravazquez.com\/blog\/2010\/05\/17\/el-universo-se-expande-la-mente-tambien-xii\/' target='_blank' rel='nofollow'><img title='Enchilame' src='http:\/\/www.emiliosilveravazquez.com\/blog\/wp-content\/plugins\/knxdt-bookmarks-wordpress-plugin\/images\/enchilame.png'  alt='' class='book_img' border='none' style='margin:1px; padding: 0;'  \/><\/a><\/span><span class='pushbutton'><a href='http:\/\/www.blinklist.com\/index.php?Action=Blink\/addblink.php&amp;Description=&amp;Url=http%3A%2F%2Fwww.emiliosilveravazquez.com%2Fblog%2F2010%2F05%2F17%2Fel-universo-se-expande-la-mente-tambien-xii%2F&amp;title=El+Universo+se+expande%2C+la+Mente+tambi%C3%A9n+XII' title='BlinkList' target='_blank' rel='nofollow'><img src='http:\/\/www.emiliosilveravazquez.com\/blog\/wp-content\/plugins\/knxdt-bookmarks-wordpress-plugin\/images\/blinklist.png'  alt='' class='book_img' border='none' style='margin:1px; padding: 0;'  \/><\/a><\/span><span class='pushbutton'><a href='http:\/\/reddit.com\/submit?url=http%3A%2F%2Fwww.emiliosilveravazquez.com%2Fblog%2F2010%2F05%2F17%2Fel-universo-se-expande-la-mente-tambien-xii%2F&amp;title=El+Universo+se+expande%2C+la+Mente+tambi%C3%A9n+XII' title='Reddit' target='_blank' rel='nofollow'><img src='http:\/\/www.emiliosilveravazquez.com\/blog\/wp-content\/plugins\/knxdt-bookmarks-wordpress-plugin\/images\/reddit.png'  alt='' class='book_img' border='none' style='margin:1px; padding: 0;'  \/><\/a><\/span><span class='pushbutton'><a href='http:\/\/www.tecnologiadiaria.com\/2009\/07\/abrir-com-hotmail-correo.html' target='_blank' title='hotmail'><img src='http:\/\/www.emiliosilveravazquez.com\/blog\/wp-content\/plugins\/knxdt-bookmarks-wordpress-plugin\/images\/linklove.png' alt='hotmail correo' class='book_img' border='none' style='margin:1px; padding: 0;' \/><\/a><\/span><span class='pushbutton'><a href='http:\/\/bitacoras.com\/votar\/anotacion\/externo\/mini\/www.emiliosilveravazquez.com\/blog\/2010\/05\/17\/el-universo-se-expande-la-mente-tambien-xii\/' title='Bitacoras.com' target='_blank' rel='nofollow'><img src='http:\/\/www.emiliosilveravazquez.com\/blog\/wp-content\/plugins\/knxdt-bookmarks-wordpress-plugin\/images\/bitacoras.png'  alt='' class='book_img' border='none' style='margin:1px; padding: 0;'  \/><\/a><\/span><span class='pushbutton'><a href='http:\/\/www.wikio.es\/vote?url=http%3A%2F%2Fwww.emiliosilveravazquez.com%2Fblog%2F2010%2F05%2F17%2Fel-universo-se-expande-la-mente-tambien-xii%2F' title='Wikio' target='_blank' rel='nofollow'><img src='http:\/\/www.emiliosilveravazquez.com\/blog\/wp-content\/plugins\/knxdt-bookmarks-wordpress-plugin\/images\/wikio.png'   alt='' class='book_img' border='none' style='margin:1px; padding: 0;'   \/><\/a><\/span><span class='pushbutton'><a href='http:\/\/friendfeed.com\/?url=http%3A%2F%2Fwww.emiliosilveravazquez.com%2Fblog%2F2010%2F05%2F17%2Fel-universo-se-expande-la-mente-tambien-xii%2F&amp;title=El+Universo+se+expande%2C+la+Mente+tambi%C3%A9n+XII' title='Friend Feed' target='_blank' rel='nofollow'><img src='http:\/\/www.emiliosilveravazquez.com\/blog\/wp-content\/plugins\/knxdt-bookmarks-wordpress-plugin\/images\/friendfeed.png'  alt='' class='book_img' border='none' style='margin:1px; padding: 0;'  \/><\/a><\/span><span class='pushbutton'><a href='http:\/\/www.facebook.com\/share.php?u=http%3A%2F%2Fwww.emiliosilveravazquez.com%2Fblog%2F2010%2F05%2F17%2Fel-universo-se-expande-la-mente-tambien-xii%2F&amp;t=El+Universo+se+expande%2C+la+Mente+tambi%C3%A9n+XII' title='Facebook' target='_blank' rel='nofollow'><img src='http:\/\/www.emiliosilveravazquez.com\/blog\/wp-content\/plugins\/knxdt-bookmarks-wordpress-plugin\/images\/facebook.png'  alt='' class='book_img' border='none' style='margin:1px; padding: 0;'  \/><\/a><\/span><span class='pushbutton'><a href='http:\/\/twitter.com\/home?status=El+Universo+se+expande%2C+la+Mente+tambi%C3%A9n+XII: http%3A%2F%2Fwww.emiliosilveravazquez.com%2Fblog%2F2010%2F05%2F17%2Fel-universo-se-expande-la-mente-tambien-xii%2F' title='Twitter' target='_blank' rel='nofollow'><img src='http:\/\/www.emiliosilveravazquez.com\/blog\/wp-content\/plugins\/knxdt-bookmarks-wordpress-plugin\/images\/twitter.png'  alt='' class='book_img' border='none' style='margin:1px; padding: 0;'  \/><\/a><\/span><span class='pushbutton'><a href='http:\/\/www.feedburner.com\/fb\/a\/emailFlare?itemTitle=El+Universo+se+expande%2C+la+Mente+tambi%C3%A9n+XII&amp;uri=http%3A%2F%2Fwww.emiliosilveravazquez.com%2Fblog%2F2010%2F05%2F17%2Fel-universo-se-expande-la-mente-tambien-xii%2F' title='Enviar por Email' target='_blank' rel='nofollow'><img src='http:\/\/www.emiliosilveravazquez.com\/blog\/wp-content\/plugins\/knxdt-bookmarks-wordpress-plugin\/images\/email.png'  alt='' class='book_img' border='none' style='margin:1px; padding: 0;'  \/><\/a><\/span><span style='font-weight:bold; padding-left: 5px;'><a href='http:\/\/wordpress.org\/extend\/plugins\/knxdt-bookmarks-wordpress-plugin\/' title='Plugin' rel='nofollow' target='_blank'>[?]<\/a><\/span><\/td><\/tr><\/table><br\/><br\/><\/div>","protected":false},"excerpt":{"rendered":"<p>Los principios te\u00f3ricos de los griegos se transmitieron a la m\u00fasica lit\u00fargica cristiana a trav\u00e9s de autores como san Agust\u00edn, Boecio y Casiodoro. Durante los primeros siglos del cristianismo, la m\u00fasica se circunscribi\u00f3 al \u00e1mbito religioso, concretamente al canto lit\u00fargico, cuyo fundamento est\u00e1 constituido por la s\u00edntesis entre el sistema modal griego y ciertas influencias [&hellip;]<\/p>\n","protected":false},"author":2,"featured_media":0,"comment_status":"open","ping_status":"open","sticky":false,"template":"","format":"standard","meta":{"_s2mail":"","footnotes":""},"categories":[9],"tags":[],"_links":{"self":[{"href":"http:\/\/www.emiliosilveravazquez.com\/blog\/wp-json\/wp\/v2\/posts\/550"}],"collection":[{"href":"http:\/\/www.emiliosilveravazquez.com\/blog\/wp-json\/wp\/v2\/posts"}],"about":[{"href":"http:\/\/www.emiliosilveravazquez.com\/blog\/wp-json\/wp\/v2\/types\/post"}],"author":[{"embeddable":true,"href":"http:\/\/www.emiliosilveravazquez.com\/blog\/wp-json\/wp\/v2\/users\/2"}],"replies":[{"embeddable":true,"href":"http:\/\/www.emiliosilveravazquez.com\/blog\/wp-json\/wp\/v2\/comments?post=550"}],"version-history":[{"count":0,"href":"http:\/\/www.emiliosilveravazquez.com\/blog\/wp-json\/wp\/v2\/posts\/550\/revisions"}],"wp:attachment":[{"href":"http:\/\/www.emiliosilveravazquez.com\/blog\/wp-json\/wp\/v2\/media?parent=550"}],"wp:term":[{"taxonomy":"category","embeddable":true,"href":"http:\/\/www.emiliosilveravazquez.com\/blog\/wp-json\/wp\/v2\/categories?post=550"},{"taxonomy":"post_tag","embeddable":true,"href":"http:\/\/www.emiliosilveravazquez.com\/blog\/wp-json\/wp\/v2\/tags?post=550"}],"curies":[{"name":"wp","href":"https:\/\/api.w.org\/{rel}","templated":true}]}}