{"id":548,"date":"2010-05-17T12:45:45","date_gmt":"2010-05-17T10:45:45","guid":{"rendered":"http:\/\/www.emiliosilveravazquez.com\/blog\/?p=548"},"modified":"2010-05-17T13:48:54","modified_gmt":"2010-05-17T11:48:54","slug":"el-universo-se-expande-la-mente-tambien-xi","status":"publish","type":"post","link":"http:\/\/www.emiliosilveravazquez.com\/blog\/2010\/05\/17\/el-universo-se-expande-la-mente-tambien-xi\/","title":{"rendered":"El Universo se expande, la Mente tambi\u00e9n XI"},"content":{"rendered":"<p style=\"text-align: justify;\">Final de X<\/p>\n<p style=\"text-align: justify;\">Muchas veces, como el balbuceo de un ni\u00f1o, hablamos de cosas que no entendemos, es simplemente una mara\u00f1a de ideas que nos ronda por la cabeza y, nosotros, osados como siempre, decimos lo que se nos ocurre sobre ellas, y, lo sorprendente es, que a veces, hasta acertamos.<\/p>\n<p style=\"text-align: justify;\">Comienza XI<\/p>\n<p style=\"text-align: justify;\">Lo actual, y pese a las cr\u00edticas que ha recibido esta disciplina a lo largo del pasado siglo, la metaf\u00edsica no ha desaparecido de la investigaci\u00f3n filos\u00f3fica que denuncia, precisamente, el \u201colvido del ser\u201d que, a favor del \u201cente\u201d, hab\u00eda caracterizado a la metaf\u00edsica tradicional.<\/p>\n<p style=\"text-align: justify;\">El proyecto siempre est\u00e1 abierto y tambi\u00e9n inconcluso y, sit\u00faa al SER humano, en el centro de la reflexi\u00f3n metaf\u00edsica.<\/p>\n<p style=\"text-align: justify;\">Todas las reflexiones y pensamientos sobre este tema son buenos y, mucho a poco, ayudan a seguir avanzando en la direcci\u00f3n correcta y con un solo proyecto: llegar a conocernos, porque\u2026.. \u00bfQui\u00e9nes somos? \u00bfPor qu\u00e9 precisamente nosotros? \u00bfPor qu\u00e9 ahora?<\/p>\n<p style=\"text-align: justify;\">S\u00ed, me gustar\u00eda poder responder a tales preguntas, sin embargo, mi limitaci\u00f3n e ignorancia es\u2026.. metaf\u00edsica.<\/p>\n<p style=\"text-align: justify;\">Me gustar\u00eda saber como me he metido en \u00e9ste embrollo de la metaf\u00edsica, campo que no es el m\u00edo y del que puedo hablar de o\u00eddas, pero, como dije antes, \u00a1Somos tan osados!<\/p>\n<p><!--more--><\/p>\n<p style=\"text-align: justify;\">Esa sustancia espiritual e inmortal que es capaz de entender, de sufrir y querer, de sentir y de informar al cuerpo humano del que se vale para ir y venir, ese esp\u00edritu digo, tiene mucha complejidad, y, su capacidad a\u00fan dormido, juega con los conceptos y trata de desvelar lo que subyace dentro de ella, y, al decir ella, me refiero al Alma, y, al decir Alma me refiero a nuestro cerebro, nuestro saber, nuestros sensores.<\/p>\n<p style=\"text-align: justify;\">Desde ni\u00f1o fui un tipo curioso, todo me interesaba. Es posible, no lo s\u00e9, que parte importante de mi comportamiento sea debido a que, cuando ten\u00eda dos a\u00f1os, qued\u00e9 impedido de mi pierna izquierda, y. aquello que me restaba posibilidades f\u00edsicas, me empuj\u00f3 a refugiarme m\u00e1s tarde, en la lectura y en el yo interior, he tenido una vida interior muy potente que, estoy seguro, fortaleci\u00f3 mis sentidos y mi mente.<\/p>\n<p style=\"text-align: justify;\">Una manera de competir con los dem\u00e1s (para no ser menos), era la de saber m\u00e1s, era una forma de imponer mi criterio sobre el de los otros que, de alguna manera, se somet\u00edan a ese mayor saber.<\/p>\n<p style=\"text-align: justify;\">Recuerdo, aquellas noches de verano, en que todos los ni\u00f1os de mi calle y de las lim\u00edtrofes, sentados en la acera a m\u00ed alrededor, me o\u00edan contar historias de Argantonio, aquel rey Tartessos y les hablaba del mito de Geri\u00f3n o del d\u00e9cimo trabajo de H\u00e9rcules, localizado en nuestra zona que era, para los griegos el fin de occidente. Les hablaba de leyendas y mitos relativos al Jard\u00edn de los Hesp\u00e9rides o del und\u00e9cimo trabajo de H\u00e9rcules, el de Atlas, Prometeo y los Titanes, as\u00ed como de la leyenda de la Atl\u00e1ntida.<\/p>\n<p style=\"text-align: justify;\">Es curioso como puedo ver n\u00edtidamente en mi mente, sus caras de asombro a medida que mi voz les relataba aquellas historias.<\/p>\n<p style=\"text-align: justify;\">Hace un par de meses me encontr\u00e9 con Mat\u00edas \u00c1lvarez, uno de aquellos ni\u00f1os que escuchaban embelezados mis historias. Es Ingeniero Industrial superior que ejerce fuera de Huelva, por donde se deja caer cuando puede para visitar a su hermana Remedios.<\/p>\n<p style=\"text-align: justify;\">Despu\u00e9s de los abrazos y saludos (hac\u00eda m\u00e1s de 20 a\u00f1os que nos separamos), me recordaba:<\/p>\n<p style=\"text-align: justify;\">&#8220;A mis hijos les he contado muchas veces las mismas historias que t\u00fa nos contaba a los ni\u00f1os del barrio. Nunca he olvidado al monarca Argantonio, y todas aquellas tradiciones de car\u00e1cter hist\u00f3rico recogidas por Estes\u00edcoro (ra\u00edces arg\u00e9nteas del r\u00edo Tartessos) Anacreonte (longevidad de su monarca Argantonio), Hecateo (Habla de una tal Hlibyrge, ciudad de Tartessos), Herodoto (Tartessos como emporio de gran riqueza m\u00e1s all\u00e1 de las Columnas de H\u00e9rcules, as\u00ed como de relaciones con los focenses), Eforo, Arist\u00f3fanes, Estrab\u00f3n (Tartessos como ciudad, r\u00edo, regi\u00f3n y centro de concentraci\u00f3n de metales) y Avieno, que ofrece la m\u00e1s abundante informaci\u00f3n de \u00edndole geogr\u00e1fica. La ciudad llamada Tartessos esta identificada por aqu\u00ed, cerca de lo que hoy es Huelva.&#8221;<\/p>\n<p style=\"text-align: justify;\">Aquellos recuerdos de cuando \u00e9ramos ni\u00f1os fue algo estimulante, y, sobre todo, comprob\u00e9 que, aquellas interminables charlas, sentados en el suelo en el calor de las noches de verano, con el botijo cerca, al parecer, no hab\u00edan ca\u00eddo en el vac\u00edo, algunos la recordaban.<\/p>\n<p style=\"text-align: justify;\">Por aquella \u00e9poca, mi voracidad lectora era inmensa. Cre\u00eda firmemente que Tartessos estaba en Huelva y que el Jard\u00edn de las Hesp\u00e9rides estaba situado en lo que hoy conocemos como Isla Salt\u00e9s. Esa fue la conclusi\u00f3n a la que llegu\u00e9 despu\u00e9s de leer todo lo que encontr\u00e9 sobre el tema. Hasta las insinuaciones de Homero, sit\u00faan Tartessos en Hueva. \u00bfSabeis que en el centro de la Isla Saltes existen unas ruinas de un templo de Artemisa?<\/p>\n<p style=\"text-align: justify;\">De nuevo me he desviado para contaros una batallita de mi juventud, perdonad, seguir\u00e9 con temas m\u00e1s interesantes para el lector. \u00a1AH! Tambi\u00e9n les contaba otras historias inventadas sobre la marcha en la que ellos eran los personajes. Esas les gustaban m\u00e1s que las de verdad, ya que, por mi parte, procuraba que todos, en uno u otro momento, fueran h\u00e9roes en alguna de las muchas empresas dif\u00edciles que introduc\u00eda en esas historias \u00a1Qu\u00e9 cosas! \u00a1Que gente! \u00a1Qu\u00e9 tiempo!<\/p>\n<p style=\"text-align: justify;\">De alguna manera les hac\u00eda olvidar el hambre que ten\u00edan procurando llevarlos a mi mundo particular de ficci\u00f3n.<\/p>\n<p style=\"text-align: justify;\">En aquella \u00e9poca, \u00a1Lastima!, no ten\u00eda los conocimientos necesarios para haberles hablado de F\u00edsica y Astronom\u00eda, seguro que les habr\u00eda gustado y habr\u00edan aprendido algunas cosas. Pero a esa edad, todos prefer\u00edan la aventura y el misterio, yo tambi\u00e9n. Era la edad.<\/p>\n<p style=\"text-align: justify;\">Antes de que lo olvide:<\/p>\n<p style=\"text-align: justify;\">Erguido en el punto m\u00e1s alto de la isla canaria de La Palma, por encima del mar de nubes y envuelto en la cristalina atm\u00f3sfera que proporcionan los vientos aliseos, el Gran Telescopio de Canarias (GTC) est\u00e1 a punto de ver su primera luz el pr\u00f3ximo 13 de julio (el pasado a\u00f1o). El observatorio, que ser\u00e1 una de las m\u00e1s importantes instalaciones cient\u00edficas espa\u00f1olas, recibir\u00e1 as\u00ed su bautizo astron\u00f3mico y podr\u00e1 mirar al cielo por primera vez, pese a que no se espera que funcione a pleno rendimiento hasta dentro de un a\u00f1o.<\/p>\n<p style=\"text-align: justify;\">Su construcci\u00f3n por segmentos, inspirada en los tambi\u00e9n gigantes telescopios de Hawai, conocidos por keck, facilita su manejo y traslado por carretera. Est\u00e1 hecho de un material llamado Zerodur (vitrocer\u00e1mica) y han sido construidas por una compa\u00f1\u00eda alemana.<\/p>\n<p style=\"text-align: justify;\">Gracias a la calidad de imagen extraordinariamente alta, los astr\u00f3nomos podr\u00e1n estudiar otros sistemas planetarios lejanos. Schott ha fabricado 42 espejos hexagonales (36 m\u00e1s 6 de repuesto) realizados en cristal cer\u00e1mico aluminizado.<\/p>\n<p style=\"text-align: justify;\">\u00a1SUERTE!<\/p>\n<p style=\"text-align: justify;\">Alguien de la R.S.E.F., que aunque no entiendo el por qu\u00e9, le gusta leer mis libretas, me comenta:<\/p>\n<blockquote>\n<p style=\"text-align: justify;\">\u201cLo que encuentro ameno y divertido es el enfoque que le das a las cuestiones que est\u00e1s tratando, y, la manera tan original que tienes de contarlo.\u201d<\/p>\n<\/blockquote>\n<blockquote>\n<p style=\"text-align: justify;\">\u201cTambi\u00e9n me resulta curioso el ver como trata temas dispares entre s\u00ed, y como lo planteas de manera que, en realidad, no parecen tan dispares y dan la sensaci\u00f3n de estar conectados del alguna manera.\u201d<\/p>\n<\/blockquote>\n<p style=\"text-align: justify;\">Esto me dice mi amigo en su \u00faltima carta, en la que me felicita por Los misterios de la Tierra. Yo, sinceramente, agradezco a mis lectores (en realidad un grupo de amigos parciales en sus diagn\u00f3sticos sobre mis trabajos), el hecho de que, al menos por amistad, resalten lo que escribo, de alguna manera me incentivan para seguir.<\/p>\n<p style=\"text-align: justify;\">En realidad, el expresar en un papel en blanco los pensamientos que fluyen en mi cabeza, es una necesidad, me sirve como ejercicio de relajaci\u00f3n y, de camino, repaso y estoy aprendiendo cosas nuevas.<\/p>\n<p style=\"text-align: justify;\">Reconozco que soy inquieto, en una consulta del m\u00e9dico, cuando me marcho, es f\u00e1cil que deje llenas, las hojas con huecos en blanco, de las revistas, de m\u00faltiples ecuaciones de f\u00edsica y ensayos de mec\u00e1nica cu\u00e1ntica o <a href=\"#\" onclick=\"referencia('relatividad',event); return false;\">relatividad<\/a> general. El que llegue detr\u00e1s de m\u00ed y eche un vistazo a lo escrito, no me extra\u00f1a que para \u00e9l comente. \u201cDe qu\u00e9 habla \u00e9ste\u201d.<\/p>\n<p style=\"text-align: justify;\">Pero la mayor\u00eda de las veces tengo ideas que me gustar\u00eda comentar con otras personas que entiendan estas inquietudes del SER, del Universo, de la materia o del espacio-tiempo, y sin embargo, no encuentro ninguna a mi lado, as\u00ed que he terminado acostumbr\u00e1ndome a una charla conmigo mismo con el bol\u00edgrafo y el papel a mano, as\u00ed al menos, no se pierde todo lo que pasa por mi cabeza.<\/p>\n<p style=\"text-align: justify;\">El conocimiento es tener noci\u00f3n de saber, es inteligencia.<\/p>\n<p style=\"text-align: justify;\">El problema filos\u00f3fico de las cuestiones relacionadas con el conocimiento, es decir, la forma del conocimiento de la realidad, las posibilidades existentes de que ese conocimiento responda exactamente a lo que \u00e9sta es en s\u00ed, etc, no constituy\u00f3 una preocupaci\u00f3n fundamental para los fil\u00f3sofos hasta la llegada de Kant que, en el S.XVIII, suscit\u00f3 en gran escala estas dificultades. Con anterioridad a Kant, el problema se reduc\u00eda al sujeto que conoce y objeto conocido, se fijaban fundamentalmente en el segundo de ellas, y la filosof\u00eda moderna, por el contrario, est\u00e1 centrada en el sujeto cognoscente.<\/p>\n<p style=\"text-align: justify;\">La inquietud por este problema comienza con Descartes, Leibniz, Locke, Berkeley, Hume que influy\u00f3 decisivamente en Kant en quien el problema a esta cuesti\u00f3n, como ya he comentado antes, en alguna parte de este mismo trabajo, la  formulo as\u00ed: todo conocimiento arrana o nace de nuestras experiencias sensoriales, es decir, los datos que nos suministran nuestros cinco sentidos, pero no todo en \u00e9l procede de estos datos. Dicho de otra manera, hay en nosotros dos fuentes o potencias distintas que nos capacitan para conocer, y son la sensibilidad (los sentidos) y el entendimiento o inteligencia. Esta no puede elaborar ninguna idea sin los sentidos, pero tambi\u00e9n estos son in\u00fatiles sin la ayuda del entendimiento, es como un conjunto sim\u00e9trico, algo perfectamente acoplado para formar un todo.<\/p>\n<p style=\"text-align: justify;\">Me viene a la memoria en este punto, la explicaci\u00f3n que me dio una vez, mi hija Mar\u00eda, cuando por curiosidad le pregunt\u00e9: \u00bfQu\u00e9 es el contrapunto?<\/p>\n<blockquote>\n<p style=\"text-align: justify;\">\u201cEs la concordancia arm\u00f3nca de dos o m\u00e1s veces cada una con su l\u00ednea mel\u00f3dica, de cuya superposici\u00f3n resulta la armon\u00eda de la obra musical.&#8221;<\/p>\n<\/blockquote>\n<p style=\"text-align: justify;\">Se aplica adem\u00e1s el arte de conducir las voces con cierta independencia, sin incurrir en falta contra las reglas de la armon\u00eda. El contrapunto severo se atiene estrictamente a ellas, mientras que el libre admite cierta soltura, siempre que no incurra en desarmon\u00eda y cacofon\u00eda. En el doble las voces pueden ser intercambiadas. Los m\u00e9todos empleados son la imitaci\u00f3n de un motivo, el canon y la fuga, y estos \u00faltimos son complicados entre lanzamientos del motivo de la melod\u00eda.<\/p>\n<p style=\"text-align: justify;\">La palabra contrapunto la utiliz\u00f3 por primera vez Philippe de Vitro, te\u00f3rico del siglo XIV.<\/p>\n<p style=\"text-align: justify;\">El contrapunto es la t\u00e9cnica compositiva por la cual, sobre una melod\u00eda dada, se construye un conjunto de una o varias contramelod\u00edas o contrapuntos, consiguiendo que, finalmente todo sea un conjunto armonioso.<\/p>\n<p style=\"text-align: justify;\">Mi hija Mar\u00eda, estudia m\u00fasica desde los 8 a\u00f1os, ahora ha cumplido 22 el doce de junio de 2.008. Es pianista profesional y estudia 2\u00ba de clave (m\u00fasica antigua) y 2\u00ba de Pedagog\u00eda en el Real Conservatorio Superior de M\u00fasica de Madrid, y, recientemente (aunque contin\u00faa sus estudios) ha obtenido una plaza en el M\u00ba de Cultura, concretamente en la Compa\u00f1\u00eda Nacional de Teatro Cl\u00e1sico, donde toca el clave.<\/p>\n<p style=\"text-align: justify;\">Aunque lo m\u00edo es la f\u00edsica y otras ramas del conocimiento, de vez en cuando, recurro a Mar\u00eda para preguntarle algunas cuestiones bajo el punto de vista musical que, no en pocas ocasiones, coincide con temas cient\u00edficos.<\/p>\n<p style=\"text-align: justify;\">La respuesta que me dio sobre el contrapunto es aplicable a un sin fin de cuestiones y problemas cient\u00edficos y cotidianos: buscar la armon\u00eda en la diferencia.<\/p>\n<p style=\"text-align: justify;\">Podr\u00edamos aplicar el arte de combinar los sonidos de las voces humanos o los instrumentos, o de unos y otros a la vez para causar un efecto est\u00e9tico, a nuestra vida social y sobre todo a la pol\u00edtica, procurando que unos y otros, voces discordantes y pensamientos distintos, guiados por una regla de \u00e9tica y moral, pudieran reflejar un comportamiento est\u00e9tico.<\/p>\n<p style=\"text-align: justify;\">La m\u00fasica enaltece al ser humano, no eleva y nos hace mejores, una m\u00fasica que nos llega y es capaz de despertar nuestros sentimientos, nos puede transportar muy lejos, all\u00ed donde encontraremos el amor y la felicidad que, en este mundo nuestro, est\u00e1 escondida.<\/p>\n<p style=\"text-align: justify;\">El t\u00e9rmino procede del griego mousik\u00e9 a trav\u00e9s de la adaptaci\u00f3n latina m\u00fasica. En el mundo griego se designaban con este nombre todas las ramas del arte que eran presididas por las Musas. Pit\u00e1goras fue el te\u00f3rico musical m\u00e1s importante de la Antig\u00fcedad.<\/p>\n<p style=\"text-align: justify;\">Formul\u00f3 el concepto de armon\u00eda y a partir de sus an\u00e1lisis sobre la naturaleza del sonido se cre\u00f3 el c\u00e1lculo pitag\u00f3rico de intervalos y las escalas modales, cuya importancia fue decisiva en el desarrollo de la m\u00fasica medieval.<\/p>\n<p style=\"text-align: justify;\">Los principios te\u00f3ricos de los griegos se transmitieron a la m\u00fasica lit\u00fargica cristiana a trav\u00e9s de autores como san Agust\u00edn, Boecio y Casiodoro. Durante los primeros siglos del cristianismo, la m\u00fasica se circunscribi\u00f3 al \u00e1mbito religioso, concretamente al canto lit\u00fargico, cuyo fundamento est\u00e1 constituido por la s\u00edntesis entre el sistema modal griego y ciertas influencias de la tradici\u00f3n jud\u00eda.<\/p>\n<p style=\"text-align: justify;\">Como veo que esto se me va de las manos y puedo terminar este trabajo escribiendo una historia de la m\u00fasica, mejor lo dejo y me dedico a lo que en realidad me debo: El pensamiento, el saber, la inteligencia, la mente, el Universo de lo sensorial.<\/p>\n<p style=\"text-align: right;\"><em>emilio silvera<\/em><\/p>\n<div class='bookmark'>\r\n\t\t<table align='left' border='0' cellpadding='0' width='100%'>\r\n\t\t<tr><td><span class='pushbutton'><a href='http:\/\/delicious.com\/post?url=http%3A%2F%2Fwww.emiliosilveravazquez.com%2Fblog%2F2010%2F05%2F17%2Fel-universo-se-expande-la-mente-tambien-xi%2F&amp;title=El+Universo+se+expande%2C+la+Mente+tambi%C3%A9n+XI' title='Delicious' target='_blank' rel='nofollow'><img src='http:\/\/www.emiliosilveravazquez.com\/blog\/wp-content\/plugins\/knxdt-bookmarks-wordpress-plugin\/images\/delicious.png'  alt='' class='book_img' border='none' style='margin:1px; padding: 0;'  \/><\/a><\/span><span class='pushbutton'><a href='http:\/\/digg.com\/submit?url=http%3A%2F%2Fwww.emiliosilveravazquez.com%2Fblog%2F2010%2F05%2F17%2Fel-universo-se-expande-la-mente-tambien-xi%2F&amp;title=El+Universo+se+expande%2C+la+Mente+tambi%C3%A9n+XI' title='Digg' target='_blank' rel='nofollow'><img src='http:\/\/www.emiliosilveravazquez.com\/blog\/wp-content\/plugins\/knxdt-bookmarks-wordpress-plugin\/images\/digg.png'  alt='' class='book_img' border='none' style='margin:1px; padding: 0;'  \/><\/a><\/span><span class='pushbutton'><a href='http:\/\/www.google.com\/bookmarks\/mark?op=edit&amp;bkmk=http%3A%2F%2Fwww.emiliosilveravazquez.com%2Fblog%2F2010%2F05%2F17%2Fel-universo-se-expande-la-mente-tambien-xi%2F&amp;title=El+Universo+se+expande%2C+la+Mente+tambi%C3%A9n+XI' title='Google' target='_blank' rel='nofollow'><img src='http:\/\/www.emiliosilveravazquez.com\/blog\/wp-content\/plugins\/knxdt-bookmarks-wordpress-plugin\/images\/google.png'   alt='' class='book_img' border='none' style='margin:1px; padding: 0;'  \/><\/a><\/span><span class='pushbutton'><a href='http:\/\/myweb2.search.yahoo.com\/myresults\/bookmarklet?u=http%3A%2F%2Fwww.emiliosilveravazquez.com%2Fblog%2F2010%2F05%2F17%2Fel-universo-se-expande-la-mente-tambien-xi%2F&amp;t=El+Universo+se+expande%2C+la+Mente+tambi%C3%A9n+XI' title='Yahoo' target='_blank' rel='nofollow'><img src='http:\/\/www.emiliosilveravazquez.com\/blog\/wp-content\/plugins\/knxdt-bookmarks-wordpress-plugin\/images\/yahoo.png'  alt='' class='book_img' border='none' style='margin:1px; padding: 0;'  \/><\/a><\/span><span class='pushbutton'><a href='http:\/\/www.technorati.com\/faves?add=http%3A%2F%2Fwww.emiliosilveravazquez.com%2Fblog%2F2010%2F05%2F17%2Fel-universo-se-expande-la-mente-tambien-xi%2F' title='Technorati' target='_blank' rel='nofollow'><img src='http:\/\/www.emiliosilveravazquez.com\/blog\/wp-content\/plugins\/knxdt-bookmarks-wordpress-plugin\/images\/technorati.png'  alt='' class='book_img' border='none' style='margin:1px; padding: 0;'  \/><\/a><\/span><span class='pushbutton'><a href='http:\/\/meneame.net\/submit.php?url=http%3A%2F%2Fwww.emiliosilveravazquez.com%2Fblog%2F2010%2F05%2F17%2Fel-universo-se-expande-la-mente-tambien-xi%2F' title='Meneame' target='_blank' rel='nofollow'><img src='http:\/\/www.emiliosilveravazquez.com\/blog\/wp-content\/plugins\/knxdt-bookmarks-wordpress-plugin\/images\/meneame.png'  alt='' class='book_img' border='none' style='margin:1px; padding: 0;'  \/><\/a><\/span><span class='pushbutton'><a href='http:\/\/enchilame.com\/submit.php?url=http:\/\/www.emiliosilveravazquez.com\/blog\/2010\/05\/17\/el-universo-se-expande-la-mente-tambien-xi\/' target='_blank' rel='nofollow'><img title='Enchilame' src='http:\/\/www.emiliosilveravazquez.com\/blog\/wp-content\/plugins\/knxdt-bookmarks-wordpress-plugin\/images\/enchilame.png'  alt='' class='book_img' border='none' style='margin:1px; padding: 0;'  \/><\/a><\/span><span class='pushbutton'><a href='http:\/\/www.blinklist.com\/index.php?Action=Blink\/addblink.php&amp;Description=&amp;Url=http%3A%2F%2Fwww.emiliosilveravazquez.com%2Fblog%2F2010%2F05%2F17%2Fel-universo-se-expande-la-mente-tambien-xi%2F&amp;title=El+Universo+se+expande%2C+la+Mente+tambi%C3%A9n+XI' title='BlinkList' target='_blank' rel='nofollow'><img src='http:\/\/www.emiliosilveravazquez.com\/blog\/wp-content\/plugins\/knxdt-bookmarks-wordpress-plugin\/images\/blinklist.png'  alt='' class='book_img' border='none' style='margin:1px; padding: 0;'  \/><\/a><\/span><span class='pushbutton'><a href='http:\/\/reddit.com\/submit?url=http%3A%2F%2Fwww.emiliosilveravazquez.com%2Fblog%2F2010%2F05%2F17%2Fel-universo-se-expande-la-mente-tambien-xi%2F&amp;title=El+Universo+se+expande%2C+la+Mente+tambi%C3%A9n+XI' title='Reddit' target='_blank' rel='nofollow'><img src='http:\/\/www.emiliosilveravazquez.com\/blog\/wp-content\/plugins\/knxdt-bookmarks-wordpress-plugin\/images\/reddit.png'  alt='' class='book_img' border='none' style='margin:1px; padding: 0;'  \/><\/a><\/span><span class='pushbutton'><a href='http:\/\/www.tecnologiadiaria.com\/2009\/07\/abrir-com-hotmail-correo.html' target='_blank' title='hotmail'><img src='http:\/\/www.emiliosilveravazquez.com\/blog\/wp-content\/plugins\/knxdt-bookmarks-wordpress-plugin\/images\/linklove.png' alt='hotmail correo' class='book_img' border='none' style='margin:1px; padding: 0;' \/><\/a><\/span><span class='pushbutton'><a href='http:\/\/bitacoras.com\/votar\/anotacion\/externo\/mini\/www.emiliosilveravazquez.com\/blog\/2010\/05\/17\/el-universo-se-expande-la-mente-tambien-xi\/' title='Bitacoras.com' target='_blank' rel='nofollow'><img src='http:\/\/www.emiliosilveravazquez.com\/blog\/wp-content\/plugins\/knxdt-bookmarks-wordpress-plugin\/images\/bitacoras.png'  alt='' class='book_img' border='none' style='margin:1px; padding: 0;'  \/><\/a><\/span><span class='pushbutton'><a href='http:\/\/www.wikio.es\/vote?url=http%3A%2F%2Fwww.emiliosilveravazquez.com%2Fblog%2F2010%2F05%2F17%2Fel-universo-se-expande-la-mente-tambien-xi%2F' title='Wikio' target='_blank' rel='nofollow'><img src='http:\/\/www.emiliosilveravazquez.com\/blog\/wp-content\/plugins\/knxdt-bookmarks-wordpress-plugin\/images\/wikio.png'   alt='' class='book_img' border='none' style='margin:1px; padding: 0;'   \/><\/a><\/span><span class='pushbutton'><a href='http:\/\/friendfeed.com\/?url=http%3A%2F%2Fwww.emiliosilveravazquez.com%2Fblog%2F2010%2F05%2F17%2Fel-universo-se-expande-la-mente-tambien-xi%2F&amp;title=El+Universo+se+expande%2C+la+Mente+tambi%C3%A9n+XI' title='Friend Feed' target='_blank' rel='nofollow'><img src='http:\/\/www.emiliosilveravazquez.com\/blog\/wp-content\/plugins\/knxdt-bookmarks-wordpress-plugin\/images\/friendfeed.png'  alt='' class='book_img' border='none' style='margin:1px; padding: 0;'  \/><\/a><\/span><span class='pushbutton'><a href='http:\/\/www.facebook.com\/share.php?u=http%3A%2F%2Fwww.emiliosilveravazquez.com%2Fblog%2F2010%2F05%2F17%2Fel-universo-se-expande-la-mente-tambien-xi%2F&amp;t=El+Universo+se+expande%2C+la+Mente+tambi%C3%A9n+XI' title='Facebook' target='_blank' rel='nofollow'><img src='http:\/\/www.emiliosilveravazquez.com\/blog\/wp-content\/plugins\/knxdt-bookmarks-wordpress-plugin\/images\/facebook.png'  alt='' class='book_img' border='none' style='margin:1px; padding: 0;'  \/><\/a><\/span><span class='pushbutton'><a href='http:\/\/twitter.com\/home?status=El+Universo+se+expande%2C+la+Mente+tambi%C3%A9n+XI: http%3A%2F%2Fwww.emiliosilveravazquez.com%2Fblog%2F2010%2F05%2F17%2Fel-universo-se-expande-la-mente-tambien-xi%2F' title='Twitter' target='_blank' rel='nofollow'><img src='http:\/\/www.emiliosilveravazquez.com\/blog\/wp-content\/plugins\/knxdt-bookmarks-wordpress-plugin\/images\/twitter.png'  alt='' class='book_img' border='none' style='margin:1px; padding: 0;'  \/><\/a><\/span><span class='pushbutton'><a href='http:\/\/www.feedburner.com\/fb\/a\/emailFlare?itemTitle=El+Universo+se+expande%2C+la+Mente+tambi%C3%A9n+XI&amp;uri=http%3A%2F%2Fwww.emiliosilveravazquez.com%2Fblog%2F2010%2F05%2F17%2Fel-universo-se-expande-la-mente-tambien-xi%2F' title='Enviar por Email' target='_blank' rel='nofollow'><img src='http:\/\/www.emiliosilveravazquez.com\/blog\/wp-content\/plugins\/knxdt-bookmarks-wordpress-plugin\/images\/email.png'  alt='' class='book_img' border='none' style='margin:1px; padding: 0;'  \/><\/a><\/span><span style='font-weight:bold; padding-left: 5px;'><a href='http:\/\/wordpress.org\/extend\/plugins\/knxdt-bookmarks-wordpress-plugin\/' title='Plugin' rel='nofollow' target='_blank'>[?]<\/a><\/span><\/td><\/tr><\/table><br\/><br\/><\/div>","protected":false},"excerpt":{"rendered":"<p>Final de X Muchas veces, como el balbuceo de un ni\u00f1o, hablamos de cosas que no entendemos, es simplemente una mara\u00f1a de ideas que nos ronda por la cabeza y, nosotros, osados como siempre, decimos lo que se nos ocurre sobre ellas, y, lo sorprendente es, que a veces, hasta acertamos. Comienza XI Lo actual, [&hellip;]<\/p>\n","protected":false},"author":2,"featured_media":0,"comment_status":"open","ping_status":"open","sticky":false,"template":"","format":"standard","meta":{"_s2mail":"","footnotes":""},"categories":[10],"tags":[],"_links":{"self":[{"href":"http:\/\/www.emiliosilveravazquez.com\/blog\/wp-json\/wp\/v2\/posts\/548"}],"collection":[{"href":"http:\/\/www.emiliosilveravazquez.com\/blog\/wp-json\/wp\/v2\/posts"}],"about":[{"href":"http:\/\/www.emiliosilveravazquez.com\/blog\/wp-json\/wp\/v2\/types\/post"}],"author":[{"embeddable":true,"href":"http:\/\/www.emiliosilveravazquez.com\/blog\/wp-json\/wp\/v2\/users\/2"}],"replies":[{"embeddable":true,"href":"http:\/\/www.emiliosilveravazquez.com\/blog\/wp-json\/wp\/v2\/comments?post=548"}],"version-history":[{"count":0,"href":"http:\/\/www.emiliosilveravazquez.com\/blog\/wp-json\/wp\/v2\/posts\/548\/revisions"}],"wp:attachment":[{"href":"http:\/\/www.emiliosilveravazquez.com\/blog\/wp-json\/wp\/v2\/media?parent=548"}],"wp:term":[{"taxonomy":"category","embeddable":true,"href":"http:\/\/www.emiliosilveravazquez.com\/blog\/wp-json\/wp\/v2\/categories?post=548"},{"taxonomy":"post_tag","embeddable":true,"href":"http:\/\/www.emiliosilveravazquez.com\/blog\/wp-json\/wp\/v2\/tags?post=548"}],"curies":[{"name":"wp","href":"https:\/\/api.w.org\/{rel}","templated":true}]}}