{"id":5465,"date":"2012-05-01T09:20:36","date_gmt":"2012-05-01T08:20:36","guid":{"rendered":"http:\/\/www.emiliosilveravazquez.com\/blog\/?p=5465"},"modified":"2012-05-01T09:21:59","modified_gmt":"2012-05-01T08:21:59","slug":"%c2%bfquien-fue-riemann","status":"publish","type":"post","link":"http:\/\/www.emiliosilveravazquez.com\/blog\/2012\/05\/01\/%c2%bfquien-fue-riemann\/","title":{"rendered":"\u00bfQui\u00e9n fue Riemann?"},"content":{"rendered":"<p style=\"text-align: justify;\">Arthur C. Clarke nos dijo:<em> \u201cMagia es cualquier tecnolog\u00eda suficientemente avanzada\u201d<\/em><\/p>\n<p style=\"text-align: justify;\">\n<p style=\"text-align: center;\"><img decoding=\"async\" loading=\"lazy\" class=\"aligncenter\" src=\"http:\/\/www.a-ipi.net\/IMG\/jpg\/es-estacion390-2.jpg\" alt=\"\" width=\"390\" height=\"324\" \/><\/p>\n<p>\u00a0\u00a0\u00a0\u00a0\u00a0\u00a0\u00a0\u00a0\u00a0\u00a0\u00a0\u00a0\u00a0\u00a0\u00a0\u00a0\u00a0\u00a0\u00a0\u00a0\u00a0\u00a0\u00a0\u00a0\u00a0\u00a0\u00a0\u00a0\u00a0\u00a0\u00a0\u00a0\u00a0\u00a0\u00a0\u00a0\u00a0\u00a0\u00a0\u00a0\u00a0\u00a0\u00a0\u00a0\u00a0\u00a0\u00a0\u00a0\u00a0\u00a0\u00a0\u00a0\u00a0\u00a0\u00a0\u00a0\u00a0\u00a0\u00a0\u00a0\u00a0\u00a0\u00a0\u00a0\u00a0\u00a0\u00a0\u00a0\u00a0\u00a0\u00a0\u00a0\u00a0\u00a0\u00a0\u00a0\u00a0\u00a0\u00a0\u00a0\u00a0\u00a0\u00a0\u00a0\u00a0\u00a0\u00a0\u00a0\u00a0\u00a0\u00a0\u00a0\u00a0\u00a0\u00a0\u00a0\u00a0\u00a0\u00a0\u00a0\u00a0\u00a0\u00a0\u00a0\u00a0 Seg\u00fan Clarke, todo esto es magia&#8230;<\/p>\n<p style=\"text-align: justify;\">Pero tambi\u00e9n es magia el hecho de que en cualquier tiempo y lugar, de manera inesperada, aparezca una persona dotada de condiciones especiales que le permiten ver estructuras complejas matem\u00e1ticas que hacen posible que la humanidad avance considerablemente a trav\u00e9s de esos nuevos conceptos que nos permiten entrar en espacios antes cerrados, ampliando el horizonte de nuestro saber.<\/p>\n<p><!--more--><\/p>\n<p style=\"text-align: justify;\">Record\u00e9mos aqu\u00ed uno de esos extra\u00f1os casos que surgi\u00f3 el d\u00eda 10 de Junio de 1.854 con el nacimiento de una nueva geometr\u00eda: la teor\u00eda de dimensiones m\u00e1s altas que fue introducida cuando Georg Friedrich Bernhard Riemann dio su c\u00e9lebre conferencia en la facultad de la Universidad de G\u00f6ttingen en Alemania. Aquello fue como abrir de golpe todas las ventanas cerradas durante 2.000 a\u00f1os de una l\u00f3brega habitaci\u00f3n que, de pronto, se ve inundada por la luz cegadora de un Sol radiante. Riemann regal\u00f3 al mundo las sorprendentes propiedades del espacio multidimensional.<\/p>\n<p style=\"text-align: justify;\">\n<p style=\"text-align: center;\"><img decoding=\"async\" loading=\"lazy\" class=\"aligncenter\" style=\"border: 0pt none;\" src=\"http:\/\/www.fisicanet.com.ar\/biografias\/cientificos\/r\/img\/riemann.jpg\" alt=\"Georg Friedrich Bernhard Riemann\" width=\"230\" height=\"324\" border=\"0\" \/><\/p>\n<p style=\"text-align: center;\">Georg Friedrich Bernhard Riemann<\/p>\n<p style=\"text-align: justify;\">Su ensayo, de profunda importancia y elegancia excepcional, \u201c<em>sobre las hip\u00f3tesis que subyacen en los fundamentos de la geometr\u00eda<\/em>\u201d derrib\u00f3 pilares de la geometr\u00eda cl\u00e1sica griega, que hab\u00edan resistido con \u00e9xito todos los asaltos de los esc\u00e9pticos durante dos milenios. La vieja geometr\u00eda de Euclides, en la cual todas las figuras geom\u00e9tricas son de dos o tres dimensiones, se ven\u00eda abajo, mientras una nueva geometr\u00eda riemanniana surg\u00eda de sus ruinas. La revoluci\u00f3n riemanniana iba a tener grandes consecuencias para el futuro de las artes y las ciencias. En menos de tres decenios, la \u201cmisteriosa cuarta dimensi\u00f3n\u201d influir\u00eda en la evoluci\u00f3n del arte, la filosof\u00eda y la literatura en toda Europa. Antes de que hubieran pasado seis decenios a partir de la conferencia de Riemann, <a href=\"#\" onclick=\"referencia('einstein',event); return false;\">Einstein<\/a> utilizar\u00eda la geometr\u00eda riemanniana tetradimensional para explicar la creaci\u00f3n del universo y su evoluci\u00f3n mediante su asombrosa teor\u00eda de la <a href=\"#\" onclick=\"referencia('relatividad',event); return false;\">relatividad<\/a> general. Ciento treinta a\u00f1os despu\u00e9s de su conferencia, los f\u00edsicos utilizar\u00edan la geometr\u00eda decadimensional para intentar unir todas las leyes del universo. El n\u00facleo de la obra de Riemann era la comprensi\u00f3n de las leyes f\u00edsicas mediante su simplificaci\u00f3n al contemplarlas en espacios de m\u00e1s dimensiones.<\/p>\n<p style=\"text-align: justify;\">\n<p style=\"text-align: center;\"><strong><img decoding=\"async\" loading=\"lazy\" class=\"aligncenter\" style=\"border: 0pt none;\" src=\"http:\/\/lh4.ggpht.com\/_rKLeARkZHg0\/SrCbgyzwGOI\/AAAAAAAAPp0\/HVP1AITYa8I\/s800\/branas-3.jpg\" alt=\"\" width=\"340\" height=\"340\" border=\"0\" \/> <\/strong><\/p>\n<p style=\"text-align: justify;\">\u00bfPodr\u00eda ser nuestro universo una membrana flotando en un espacio de m\u00e1s dimensiones, que se rompe muchas veces en un universo circundante? Seg\u00fan una rama de la teor\u00eda de las cuerdas llamada braneword, hay una gran cantidad de dimensiones extra de espacio, y aunque la gravedad puede llegar a salir, nosotros estamos confinados a nuestro propio universo \u201cbrana\u201d, con s\u00f3lo tres dimensiones.<\/p>\n<p style=\"text-align: justify;\">Contradictoriamente, Riemann era la persona menos indicada para anunciar tan profunda y completa evoluci\u00f3n en el pensamiento matem\u00e1tico y f\u00edsico. Era hura\u00f1o, solitario y sufr\u00eda crisis nerviosas. De salud muy precaria que arruin\u00f3 su vida en la miseria abyecta y la tuberculosis. Riemann naci\u00f3 en 1.826 en Hannover, Alemania, segundo de los seis hijos de un pobre pastor luterano que trabaj\u00f3 y se esforz\u00f3 como humilde predicador para alimentar a su numerosa familia que, mal alimentada, tendr\u00edan una delicada salud que les llevar\u00eda a una temprana muerte. La madre de Riemann tambi\u00e9n muri\u00f3 antes de que sus hijos hubieran crecido.<\/p>\n<p style=\"text-align: justify;\">\n<p style=\"text-align: center;\"><img decoding=\"async\" loading=\"lazy\" class=\"aligncenter\" style=\"border: 0pt none;\" src=\"http:\/\/lh3.ggpht.com\/_4SAReLW4ZHE\/TULOiSbPF2I\/AAAAAAAABgQ\/o-d_FL5GbVw\/s800\/foto_panoramica.jpg\" alt=\"\" width=\"600\" height=\"240\" border=\"0\" \/><\/p>\n<p style=\"text-align: center;\">Hannover, Alemania<\/p>\n<p style=\"text-align: justify;\">A la\u00a0 edad muy temprana, Riemann mostraba ya los rasgos que le hicieron famoso: incre\u00edble capacidad de c\u00e1lculo que era el contrapunto a su gran timidez y temor a expresarse en p\u00fablico. Terriblemente apocado era objeto de bromas de otros ni\u00f1os, lo que le hizo recogerse a\u00fan m\u00e1s en un mundo matem\u00e1tico intensamente privado que le salvaba del mundo hostil exterior.<\/p>\n<p style=\"text-align: justify;\">Para complacer a su padre, Riemann se propuso hacerse estudiante de teolog\u00eda, obtener un puesto remunerado como pastor y ayudar a su familia.\u00a0 En la escuela secundaria estudi\u00f3 la Biblia con intensidad, pero sus pensamientos volv\u00edan siempre a las matem\u00e1ticas. Aprend\u00eda tan r\u00e1pidamente que siempre estaba por delante de los conocimientos de sus instructores, que encontraron imposible mantenerse a su altura. Finalmente, el director de la escuela dio a Riemann un pesado libro para mantenerle ocupado. El libro era la Teor\u00eda de n\u00fameros de Adrien-Marie Legendre, una voluminosa obra maestra de 859 p\u00e1ginas, el tratado m\u00e1s avanzado del mundo sobre el dif\u00edcil tema de la teor\u00eda de n\u00fameros. Riemann devor\u00f3 el libro en seis d\u00edas.<\/p>\n<p style=\"text-align: justify;\"><img decoding=\"async\" loading=\"lazy\" class=\"alignleft\" src=\"http:\/\/virtual.uptc.edu.co\/ova\/estadistica\/docs\/autores\/pag\/mat\/LEGENDRE-NOMBRES.gif\" alt=\"Legendre: Sobre la teor\u00eda de los n\u00fameros\" width=\"150\" height=\"206\" \/><\/p>\n<p style=\"text-align: justify;\">Portada de la segunda edici\u00f3n del \u201cEssai sur la Th\u00e9orie des Nombres\u201d de A. M. Legendre (1798)<\/p>\n<p style=\"text-align: justify;\">Cuando el director le pregunt\u00f3: \u201c<em>\u00bfhasta d\u00f3nde has le\u00eddo?<\/em>\u201d, el joven Riemann respondi\u00f3: \u201c<em>este es un libro maravilloso. Ya me lo s\u00e9 todo<\/em>\u201d.<\/p>\n<p style=\"text-align: justify;\">Sin creerse realmente la afirmaci\u00f3n de su pupilo, el director le plante\u00f3 varios meses despu\u00e9s cuestiones complejas sobre el contenido del libro, que Riemann respondi\u00f3 correctamente y, en alg\u00fan caso, hizo puntualizaciones que mejoraban el enunciado del libro y sus respuestas.<\/p>\n<p style=\"text-align: justify;\">Con mil sacrificios, el padre de Riemann consigui\u00f3 reunir los fondos necesarios para que a los 19 a\u00f1os pudiera acudir a la Universidad de G\u00f6ttingen, donde encontr\u00f3 a Carl Friedrich Gauss, el aclamado por todos \u201cPr\u00edncipe de las Matem\u00e1ticas\u201d, uno de los mayores matem\u00e1ticos de todos los tiempos. Incluso hoy, si hacemos una selecci\u00f3n por expertos para distinguir a los matem\u00e1ticos m\u00e1s grandes de la Historia, aparecer\u00e1 indudablemente Euclides, Arqu\u00edmedes, <a href=\"#\" onclick=\"referencia('newton',event); return false;\">Newton<\/a> y Gauss.<\/p>\n<p style=\"text-align: justify;\">\n<p style=\"text-align: center;\"><img decoding=\"async\" loading=\"lazy\" class=\"aligncenter\" src=\"http:\/\/espawiki.com\/w\/images\/thumb\/7\/7b\/Grape_-_G%C3%B6ttinger_Universit%C3%A4ts-_und_Bibliotheksgeb%C3%A4ude_1815.jpg\/800px-Grape_-_G%C3%B6ttinger_Universit%C3%A4ts-_und_Bibliotheksgeb%C3%A4ude_1815.jpg\" alt=\"Archivo:Grape - G\u00f6ttinger Universit\u00e4ts- und Bibliotheksgeb\u00e4ude 1815.jpg\" width=\"640\" height=\"474\" \/><\/p>\n<p style=\"text-align: center;\">As\u00ed era la Universidad donde estudi\u00f3 Riemann<\/p>\n<p style=\"text-align: justify;\">Los estudios de Riemann no fueron un camino de rosas precisamente.\u00a0 Alemania sacudida por disturbios, manifestaciones y levantamientos, fue reclutado en el cuerpo de estudiantes para proteger al rey en el palacio real de Berl\u00edn y sus estudios quedaron interrumpidos.<\/p>\n<p style=\"text-align: justify;\">En aquel ambiente, el problema que capt\u00f3 el inter\u00e9s de Riemann fue el colapso que, seg\u00fan el pensaba, supon\u00eda la geometr\u00eda euclidiana, que mantiene que el espacio es tridimensional y \u201cplano\u201d (en el espacio plano, la distancia m\u00e1s corta entre dos puntos es la l\u00ednea recta; lo que descarta la posibilidad de que el espacio pueda estar curvado, como en una esfera).<\/p>\n<p style=\"text-align: center;\"><img decoding=\"async\" loading=\"lazy\" class=\"aligncenter\" src=\"http:\/\/www.puntoyrayafestival.com\/imagenes\/riemann.gif\" alt=\"\" width=\"338\" height=\"86\" \/><\/p>\n<p style=\"text-align: center;\">\n<p style=\"text-align: justify;\">Para Riemann, la geometr\u00eda de Euclides era particularmente est\u00e9ril cuando se la comparaba con la rica diversidad del mundo. En ninguna parte ve\u00eda Riemann las figuras geom\u00e9tricas planas idealizadas por Euclides. Las monta\u00f1as, las olas del mar, las nubes y los torbellinos no son c\u00edrculos, tri\u00e1ngulos o cuadrados perfectos, sino objetos curvos que se doblan y retuercen en una diversidad infinita. Riemann, ante aquella realidad, se rebel\u00f3 contra la aparente precisi\u00f3n matem\u00e1tica de la geometr\u00eda griega, cuyos fundamentos, descubri\u00f3 \u00e9l, estaban basados en definitiva sobre las arenas movedizas del sentido com\u00fan y la intuici\u00f3n, no sobre el terreno firme de la l\u00f3gica y la realidad del mundo.<\/p>\n<p style=\"text-align: justify;\">Euclides nos habl\u00f3 de la obviedad de que un punto no tiene dimensi\u00f3n.\u00a0 Una l\u00ednea tiene una dimensi\u00f3n: longitud. Un plano tiene dos dimensiones: longitud y anchura. Un s\u00f3lido tiene tres dimensiones: longitud, anchura y altura. Y all\u00ed se detiene. Nada tiene cuatro dimensiones, incluso Arist\u00f3teles afirm\u00f3 que la cuarta dimensi\u00f3n era imposible. En <em>Sobre el cielo<\/em>, escribi\u00f3: \u201c<em>La l\u00ednea tiene magnitud en una direcci\u00f3n, el plano en dos direcciones, y el s\u00f3lido en tres direcciones, y m\u00e1s all\u00e1 de \u00e9stas no hay otra magnitud porque los tres son todas<\/em>\u201d. Adem\u00e1s, en el a\u00f1o 150 d. C. el astr\u00f3nomo Ptolomeo de Alejandr\u00eda fue m\u00e1s all\u00e1 de Arist\u00f3teles y ofreci\u00f3, en su libro sobre la distancia, la primera \u201cdemostraci\u00f3n\u201d ingeniosa de que la cuarta dimensi\u00f3n es imposible.<\/p>\n<p style=\"text-align: justify;\">No podemos ver un hipercubo porque estamos &#8220;encerrados&#8221; en tres dimensiones, por lo que solo podemos ver la sombra de lo que seria un hipercubo. Se parece a dos cubos anidados, con todos los v\u00e9rtices conectados por l\u00edneas. Pero en el teseracto real de cuatro dimensiones todas las l\u00edneas tendr\u00edan la misma longitud y todos los \u00e1ngulos ser\u00edan \u00e1ngulos rectos.<\/p>\n<p style=\"text-align: justify;\">\n<div><img decoding=\"async\" loading=\"lazy\" class=\"aligncenter\" style=\"border: 0pt none;\" src=\"http:\/\/4.bp.blogspot.com\/_31JbVO28UsQ\/S8TkcQDchtI\/AAAAAAAAAOg\/7jRtMs_VyDo\/s400\/Cuarta-Dimension.png\" alt=\"\" width=\"400\" height=\"397\" border=\"0\" \/><\/div>\n<p style=\"text-align: justify;\">En realidad, lo \u00fanico que Ptolomeo demostraba era que era imposible visualizar la cuarta dimensi\u00f3n con nuestros cerebros tridimensionales (de hecho, hoy sabemos que muchos objetos matem\u00e1ticos no pueden ser visualizados, aunque puede demostrarse que en realidad, existen). Ptolomeo puede pasar a la Historia como el hombre que se opuso a dos grandes ideas en la ciencia: el sistema solar helioc\u00e9ntrico y la cuarta dimensi\u00f3n.<\/p>\n<p style=\"text-align: justify;\">La ruptura decisiva con la geometr\u00eda euclidiana lleg\u00f3 cuando Gauss pidi\u00f3 a su disc\u00edpulo Riemann que preparara una presentaci\u00f3n oral sobre los \u201cfundamentos de la geometr\u00eda\u201d. Gauss estaba muy interesado en ver si su disc\u00edpulo pod\u00eda desarrollar una alternativa a la geometr\u00eda de Euclides.<\/p>\n<p style=\"text-align: justify;\">\n<p style=\"text-align: center;\"><img decoding=\"async\" loading=\"lazy\" class=\"aligncenter\" style=\"border: 0pt none;\" title=\"corte-riemann\" src=\"http:\/\/www.emiliosilveravazquez.com\/blog\/wp-content\/uploads\/2008\/09\/corte-riemann.jpg\" alt=\"\" width=\"299\" height=\"172\" border=\"0\" \/><\/p>\n<p style=\"text-align: center;\">\n<p style=\"text-align: justify;\">Gr\u00e1fico: Un corte de Riemann, con dos hojas conectadas a lo largo de una l\u00ednea.\u00a0 Si caminamos alrededor del corte, permanecemos dentro del mismo espacio.\u00a0 Pero si atravesamos el corte, pasamos de una hoja a la continua.\u00a0 Esta es una superficie m\u00faltiplemente conexa.<\/p>\n<p style=\"text-align: justify;\">Riemann desarroll\u00f3 su teor\u00eda de dimensiones m\u00e1s altas.<\/p>\n<p style=\"text-align: justify;\">Finalmente, cuando hizo su presentaci\u00f3n oral en 1.854, la recepci\u00f3n fue entusiasta. Visto en retrospectiva, esta fue, sin discusi\u00f3n, una de las conferencias p\u00fablicas m\u00e1s importantes en la historia de las matem\u00e1ticas. R\u00e1pidamente se entendi\u00f3 por toda Europa la noticia de que Riemann hab\u00eda roto definitivamente los l\u00edmites de la geometr\u00eda de Euclides que hab\u00eda regido las matem\u00e1ticas durante dos milenios.<\/p>\n<p style=\"text-align: justify;\">\n<p style=\"text-align: center;\"><img decoding=\"async\" loading=\"lazy\" class=\"aligncenter\" style=\"border: 0pt none;\" title=\"matriz\" src=\"http:\/\/www.emiliosilveravazquez.com\/blog\/wp-content\/uploads\/2008\/09\/matriz.gif\" alt=\"\" width=\"157\" height=\"103\" border=\"0\" \/><\/p>\n<p>&nbsp;<\/p>\n<p style=\"text-align: justify;\">El tensor de Riemann contiene toda la informaci\u00f3n necesaria para poder describir un espacio curvo en N-dimensiones. Se necesita diecis\u00e9is n\u00fameros para describir el <a href=\"#\" onclick=\"referencia('tensor metrico',event); return false;\">tensor m\u00e9trico<\/a> en un espacio tetradimensional. Estos n\u00fameros pueden disponerse en una matriz cuadrada (seis de dichos n\u00fameros son realmente redundantes; de modo que el <a href=\"#\" onclick=\"referencia('tensor metrico',event); return false;\">tensor m\u00e9trico<\/a> tiene diez n\u00fameros independientes).<\/p>\n<p style=\"text-align: justify;\">De hecho, en las nuevas teor\u00edas de supercuerdas, planteadas en diez y veintis\u00e9is dimensiones, tendr\u00edamos que hablar del super <a href=\"#\" onclick=\"referencia('tensor metrico',event); return false;\">tensor m\u00e9trico<\/a> de Riemann y de cientos de componentes.<\/p>\n<p style=\"text-align: justify;\">Riemann cre\u00f3 su <em><a href=\"#\" onclick=\"referencia('tensor metrico',event); return false;\">tensor m\u00e9trico<\/a><\/em> para que, a partir de ese momento, otros dispusieran de una poderosa herramienta que les hac\u00eda posible expresarse, a partir del famoso teorema de Pit\u00e1goras (uno de los grandes descubrimientos de los griegos en matem\u00e1ticas que establece la relaci\u00f3n entre las longitudes de los tres lados de un tri\u00e1ngulo rect\u00e1ngulo: afirma que la suma de los cuadrados de los lados menores es igual al cuadrado del lado mayor, la hipotenusa; es decir, si <em>a<\/em> y <em>b<\/em> son los longitudes de los dos catetos, y <em>c<\/em> es la longitud de la hipotenusa, entonces a<sup>2 <\/sup>+ b<sup>2 <\/sup>= c<sup>2<\/sup>.\u00a0 El teorema de Pit\u00e1goras, por supuesto, es la base de toda la arquitectura; toda estructura construida en este planeta est\u00e1 basada en \u00e9l. Claro que, es una herramienta para utilizar en un mundo tridimensional).<\/p>\n<p style=\"text-align: justify;\">El <a href=\"#\" onclick=\"referencia('tensor metrico',event); return false;\">tensor m\u00e9trico<\/a> de Riemann, o <em>N dimensiones<\/em>, fue mucho m\u00e1s all\u00e1 y podemos decir que es el teorema para dimensiones m\u00e1s altas con el que podemos describir fen\u00f3menos espaciales que no son planos, tales como un remolino causado en el agua o en la atm\u00f3sfera, como por ejemplo tambi\u00e9n la curvatura del espacio en presencia de grandes masas. Precisamente, el tensor de Riemann permiti\u00f3 a <a href=\"#\" onclick=\"referencia('einstein',event); return false;\">Einstein<\/a> formular su teor\u00eda de la gravedad y posteriormente lo utilizo Kaluza y Klein para su teor\u00eda en la quinta dimensi\u00f3n de la que a\u00f1os m\u00e1s tarde se derivaron las teor\u00edas de supergravedad, <a href=\"#\" onclick=\"referencia('supersimetria',event); return false;\">supersimetr\u00eda<\/a> y, finalmente, las supercuerdas.<\/p>\n<p style=\"text-align: justify;\">\n<p style=\"text-align: center;\"><img decoding=\"async\" loading=\"lazy\" class=\"aligncenter\" src=\"http:\/\/mundodesconocido.com\/WordPress\/wp-content\/uploads\/2011\/07\/Einstein-Rosen.jpg\" alt=\"http:\/\/mundodesconocido.com\/WordPress\/wp-content\/uploads\/2011\/07\/Einstein-Rosen.jpg\" width=\"400\" height=\"292\" \/><\/p>\n<p style=\"text-align: center;\">\n<p style=\"text-align: justify;\">Topol\u00f3gicamente hablando, el dibujo adjunto es equivalente a lo que ser\u00eda un <a href=\"#\" onclick=\"referencia('agujero de gusano',event); return false;\">agujero de gusano<\/a> con boca de entrada y de salida en regiones que nos llevar\u00edan a otro tiempo. Riemann anticip\u00f3 otro desarrollo de la f\u00edsica; fue uno de los primeros en discutir espacios m\u00faltiples y conexos, o <a href=\"#\" onclick=\"referencia('agujero de gusano',event); return false; return false;\">agujeros de gusano<\/a>.<\/p>\n<p style=\"text-align: justify;\">Para asombro de <a href=\"#\" onclick=\"referencia('einstein',event); return false;\">Einstein<\/a>, cuando tuvo ante sus ojos la conferencia de Riemann de 1.854 que le hab\u00eda enviado su amigo Marcel Grossman, r\u00e1pidamente se dio cuenta de que all\u00ed estaba la clave para resolver su problema.\u00a0 Descubri\u00f3 que pod\u00eda incorporar todo el cuerpo del trabajo de Riemann en la reformulaci\u00f3n de su principio. Casi l\u00ednea por l\u00ednea, el gran trabajo de Riemann encontraba su verdadero lugar en el principio de <a href=\"#\" onclick=\"referencia('einstein',event); return false;\">Einstein<\/a> de la <a href=\"#\" onclick=\"referencia('relatividad',event); return false;\">relatividad<\/a> general. Esta fue la obra m\u00e1s soberbia de <a href=\"#\" onclick=\"referencia('einstein',event); return false;\">Einstein<\/a>, incluso m\u00e1s que su celebrada ecuaci\u00f3n E = mc<sup>2<\/sup>. La reinterpretaci\u00f3n f\u00edsica de la famosa conferencia de Riemann se denomina ahora <a href=\"#\" onclick=\"referencia('relatividad',event); return false;\">relatividad<\/a> general, y las ecuaciones de campo de <a href=\"#\" onclick=\"referencia('einstein',event); return false;\">Einstein<\/a> se sit\u00faan entre las ideas m\u00e1s profundas de la historia de la ciencia.<\/p>\n<p style=\"text-align: justify;\">\n<p style=\"text-align: center;\"><img decoding=\"async\" loading=\"lazy\" class=\"aligncenter\" style=\"border: 0pt none;\" title=\"formas-de-universos\" src=\"http:\/\/www.emiliosilveravazquez.com\/blog\/wp-content\/uploads\/2008\/09\/formas-de-universos-300x149.jpg\" alt=\"\" width=\"429\" height=\"213\" border=\"0\" \/><\/p>\n<p style=\"text-align: center;\">\n<p style=\"text-align: justify;\">Pero volvamos al trabajo de Riemann. Su prop\u00f3sito era introducir un nuevo objeto en las matem\u00e1ticas que le capacitase para describir todas las superficies, por complicadas que fueran. \u00c9sto le condujo inevitablemente a reintroducir el concepto de campo de Faraday.<\/p>\n<p style=\"text-align: justify;\">El campo de Faraday, record\u00e9moslo, era como un campo de granjero que ocupa una regi\u00f3n de un espacio bidimensional. El campo de Faraday ocupa una regi\u00f3n de un espacio tridimensional; a cualquier punto del espacio le asignamos una colecci\u00f3n de n\u00fameros que describe la fuerza el\u00e9ctrica o magn\u00e9tica en dicho punto. La idea de Riemann consist\u00eda en introducir una colecci\u00f3n de n\u00fameros en cada punto del espacio que descubriera cu\u00e1nto estaba torcido o curvado.<\/p>\n<p style=\"text-align: justify;\">Por ejemplo, para una superficie bidimensional ordinaria, Riemann introdujo una colecci\u00f3n de tres n\u00fameros en cada punto que describe completamente la curvatura de dicha superficie. Riemann descubri\u00f3 que en cuatro dimensiones espaciales se necesita una colecci\u00f3n de diez n\u00fameros en cada punto del espacio para describir sus propiedades. Por muy retorcido o distorsionado que est\u00e9 el espacio, esta colecci\u00f3n de diez n\u00fameros en cada punto es suficiente para codificar toda la informaci\u00f3n sobre dicho espacio. Hoy, esta colecci\u00f3n de n\u00fameros se denomina el <em>Tensor m\u00e9trico de Riemann<\/em>.\u00a0 Hablando crudamente, cuanto mayor es el valor del <a href=\"#\" onclick=\"referencia('tensor metrico',event); return false;\">tensor m\u00e9trico<\/a>, mayor es el arrugamiento de la superficie, digamos de una hoja de papel, y el <a href=\"#\" onclick=\"referencia('tensor metrico',event); return false;\">tensor m\u00e9trico<\/a> nos da un medio sencillo para medir la curvatura en cada punto.\u00a0 Si alisamos completamente la hoja arrugada, entonces recuperamos la f\u00f3rmula de Pit\u00e1goras.<\/p>\n<p><em><strong>TEOREMA DE PIT\u00c1GORAS<\/strong><\/em><\/p>\n<p style=\"text-align: center;\"><img decoding=\"async\" loading=\"lazy\" id=\"BLOGGER_PHOTO_ID_5332535451225968834\" class=\"aligncenter\" style=\"border: 0pt none;\" src=\"http:\/\/4.bp.blogspot.com\/_5CxRrd8nLME\/SgD4vWqAUMI\/AAAAAAAAADA\/ypx3hec9Bl0\/s320\/Image6942.gif\" alt=\"\" width=\"320\" height=\"292\" border=\"0\" \/><\/p>\n<p>En todo tri\u00e1ngulo Rect\u00e1ngulo la suma de las \u00e1reas que forman los cuadrados de los catetos es igual al \u00e1rea del cuadrado formado por la hipotenusa (hay cosas que nunca cambian). De hecho, esta f\u00f3rmula est\u00e1 presente en la mayor\u00eda de las construcciones de todos los tiempos. Pero volvamos a Riemann.<\/p>\n<p style=\"text-align: justify;\">El <a href=\"#\" onclick=\"referencia('tensor metrico',event); return false;\">tensor m\u00e9trico<\/a> de Riemann le permiti\u00f3 erigir un potente aparato para describir espacios de cualquier dimensi\u00f3n con curvatura arbitrar\u00eda. Para su sorpresa, encontr\u00f3 que todos estos espacios est\u00e1n bien definidos y son autoconsistentes. Previamente, se pensaba que aparecer\u00edan terribles contradicciones al investigar el mundo prohibido de dimensiones m\u00e1s altas. Riemann no encontr\u00f3 ninguna. De hecho, resultaba casi trivial extender su trabajo a un espacio N-dimensional. El <a href=\"#\" onclick=\"referencia('tensor metrico',event); return false;\">tensor m\u00e9trico<\/a> se parec\u00eda ahora a un tablero de ajedrez de N x N casillas.<\/p>\n<p style=\"text-align: justify;\">\u00a0El tensor de Riemann contiene toda la informaci\u00f3n necesaria para poder describir un espacio curvo en N-dimensiones. Se necesita diecis\u00e9is n\u00fameros para describir el <a href=\"#\" onclick=\"referencia('tensor metrico',event); return false;\">tensor m\u00e9trico<\/a> en un espacio tetradimensional. Estos n\u00fameros pueden disponerse en una matriz cuadrada (seis de dichos n\u00fameros son realmente redundantes; de modo que el <a href=\"#\" onclick=\"referencia('tensor metrico',event); return false;\">tensor m\u00e9trico<\/a> tiene diez n\u00fameros independientes).<\/p>\n<p style=\"text-align: justify;\">\n<div><img decoding=\"async\" loading=\"lazy\" class=\"aligncenter\" src=\"http:\/\/3.bp.blogspot.com\/_it4LgMqBUzQ\/Srx31ukmKSI\/AAAAAAAAAIw\/erBZIKg417o\/s320\/imagen002a.jpg\" alt=\"\" width=\"320\" height=\"304\" \/><\/div>\n<div style=\"text-align: justify;\">\u00bfExisten en la realidad y no s\u00f3lo matem\u00e1ticamente hablando, infinitas dimensiones que nosotros no podemos captar al estar confinados en un mundo brana de 4 dimensiones? Podemos captar tres espaciales y una temporal pero, a partir de ah\u00ed, por muchos esfuerzos que podamos realizar&#8230;Ninguna diomensi\u00f3n extra se nos aparece, no ya f\u00edsicamente hablando,\u00a0 tampoco en nuestras mentes.<\/div>\n<p style=\"text-align: justify;\">De hecho, en las nuevas teor\u00edas de supercuerdas, planteadas en diez y veintis\u00e9is dimensiones, tendr\u00edamos que hablar del super<a href=\"#\" onclick=\"referencia('tensor metrico',event); return false;\">tensor m\u00e9trico<\/a> de Riemann y de cientos de componentes.<\/p>\n<p style=\"text-align: justify;\">\n<p style=\"text-align: center;\"><img decoding=\"async\" loading=\"lazy\" id=\"il_fi\" class=\"aligncenter\" src=\"http:\/\/es.sott.net\/image\/image\/s3\/76164\/full\/quark.jpg\" alt=\"\" width=\"676\" height=\"405\" \/><\/p>\n<p style=\"text-align: center;\">\n<p style=\"text-align: justify;\">\u00a0De la lecci\u00f3n de Riemann se deduce que en espacios multidimensionales se crea el principio de que el espacio m\u00faltiple (de m\u00e1s dimensiones) unifica las leyes de la naturaleza encaj\u00e1ndolas en el <a href=\"#\" onclick=\"referencia('tensor metrico',event); return false;\">tensor m\u00e9trico<\/a> como piezas de un rompecabezas N-dimensional. Riemann anticip\u00f3 otro desarrollo de la f\u00edsica; fue uno de los primeros en discutir espacios m\u00faltiples y conexos, o <a href=\"#\" onclick=\"referencia('agujero de gusano',event); return false; return false;\">agujeros de gusano<\/a>.<\/p>\n<p style=\"text-align: justify;\">\n<p style=\"text-align: center;\">\u00a0<img decoding=\"async\" loading=\"lazy\" id=\"il_fi\" class=\"aligncenter\" src=\"http:\/\/www.universetoday.com\/wp-content\/uploads\/2008\/01\/fractal_unparticle.jpg\" alt=\"\" width=\"600\" height=\"450\" \/><\/p>\n<p style=\"text-align: center;\">\n<p style=\"text-align: justify;\">El legado de Riemann (a pesar de su muerte prematura) fue extenso y en general muy valioso. En 1958, anunci\u00f3 incluso que finalmente hab\u00eda logrado una descripci\u00f3n unificada de la luz y la electricidad. Escribi\u00f3: \u201c<em>Estoy completamente convencido de que mi teor\u00eda es la correcta, y de que en pocos a\u00f1os ser\u00e1 reconocida como tal<\/em>\u201d. Aunque su <a href=\"#\" onclick=\"referencia('tensor metrico',event); return false;\">tensor m\u00e9trico<\/a> le proporcion\u00f3 un medio poderoso de describir cualquier espacio curvo en cualquier dimensi\u00f3n, \u00e9l no conoc\u00eda las ecuaciones exactas a que obedec\u00eda el <a href=\"#\" onclick=\"referencia('tensor metrico',event); return false;\">tensor m\u00e9trico<\/a>; es decir, no sab\u00eda qu\u00e7e es lo que hac\u00eda que la hoja se arrugase, eso lo vio seis d\u00e9cadas m\u00e1s tarde <a href=\"#\" onclick=\"referencia('einstein',event); return false;\">Einstein<\/a> que se dio cuenta de que, en presencia de grandes masas, tales como planetas o estrellas \u2013 entre otros \u2013, el espacio se \u201carruga\u201d o \u201cdistorsiona\u201d, se curva. Sin embargo <a href=\"#\" onclick=\"referencia('einstein',event); return false;\">Einstein<\/a> sab\u00eda el origen de las arrugas y le faltaba el <a href=\"#\" onclick=\"referencia('tensor metrico',event); return false;\">tensor m\u00e9trico<\/a> que, finalmente, le permiti\u00f3 legar al mundo su magnifica teor\u00eda.<\/p>\n<p style=\"text-align: justify;\">El trabajo de Riemann, al utilizar el espacio multidimensional, logr\u00f3 simplificar las leyes de la naturaleza, es decir, para \u00e9l, la electricidad y el magnetismo y tambi\u00e9n la gravedad eran simplemente los efectos causados por el arrugamiento o distorsi\u00f3n del hiperespacio.<\/p>\n<p style=\"text-align: justify;\">Su asombroso trabajo (que no termin\u00f3), fue rematado por dos genios como Maxwell (electricidad y magnetismo) y <a href=\"#\" onclick=\"referencia('einstein',event); return false;\">Einstein<\/a> (gravedad).<\/p>\n<p style=\"text-align: justify;\">Publica emilio silvera a partir de varias fuentes.<\/p>\n<div class='bookmark'>\r\n\t\t<table align='left' border='0' cellpadding='0' width='100%'>\r\n\t\t<tr><td><span class='pushbutton'><a href='http:\/\/delicious.com\/post?url=http%3A%2F%2Fwww.emiliosilveravazquez.com%2Fblog%2F2012%2F05%2F01%2F%25c2%25bfquien-fue-riemann%2F&amp;title=%C2%BFQui%C3%A9n+fue+Riemann%3F' title='Delicious' target='_blank' rel='nofollow'><img src='http:\/\/www.emiliosilveravazquez.com\/blog\/wp-content\/plugins\/knxdt-bookmarks-wordpress-plugin\/images\/delicious.png'  alt='' class='book_img' border='none' style='margin:1px; padding: 0;'  \/><\/a><\/span><span class='pushbutton'><a href='http:\/\/digg.com\/submit?url=http%3A%2F%2Fwww.emiliosilveravazquez.com%2Fblog%2F2012%2F05%2F01%2F%25c2%25bfquien-fue-riemann%2F&amp;title=%C2%BFQui%C3%A9n+fue+Riemann%3F' title='Digg' target='_blank' rel='nofollow'><img src='http:\/\/www.emiliosilveravazquez.com\/blog\/wp-content\/plugins\/knxdt-bookmarks-wordpress-plugin\/images\/digg.png'  alt='' class='book_img' border='none' style='margin:1px; padding: 0;'  \/><\/a><\/span><span class='pushbutton'><a href='http:\/\/www.google.com\/bookmarks\/mark?op=edit&amp;bkmk=http%3A%2F%2Fwww.emiliosilveravazquez.com%2Fblog%2F2012%2F05%2F01%2F%25c2%25bfquien-fue-riemann%2F&amp;title=%C2%BFQui%C3%A9n+fue+Riemann%3F' title='Google' target='_blank' rel='nofollow'><img src='http:\/\/www.emiliosilveravazquez.com\/blog\/wp-content\/plugins\/knxdt-bookmarks-wordpress-plugin\/images\/google.png'   alt='' class='book_img' border='none' style='margin:1px; padding: 0;'  \/><\/a><\/span><span class='pushbutton'><a href='http:\/\/myweb2.search.yahoo.com\/myresults\/bookmarklet?u=http%3A%2F%2Fwww.emiliosilveravazquez.com%2Fblog%2F2012%2F05%2F01%2F%25c2%25bfquien-fue-riemann%2F&amp;t=%C2%BFQui%C3%A9n+fue+Riemann%3F' title='Yahoo' target='_blank' rel='nofollow'><img src='http:\/\/www.emiliosilveravazquez.com\/blog\/wp-content\/plugins\/knxdt-bookmarks-wordpress-plugin\/images\/yahoo.png'  alt='' class='book_img' border='none' style='margin:1px; padding: 0;'  \/><\/a><\/span><span class='pushbutton'><a href='http:\/\/www.technorati.com\/faves?add=http%3A%2F%2Fwww.emiliosilveravazquez.com%2Fblog%2F2012%2F05%2F01%2F%25c2%25bfquien-fue-riemann%2F' title='Technorati' target='_blank' rel='nofollow'><img src='http:\/\/www.emiliosilveravazquez.com\/blog\/wp-content\/plugins\/knxdt-bookmarks-wordpress-plugin\/images\/technorati.png'  alt='' class='book_img' border='none' style='margin:1px; padding: 0;'  \/><\/a><\/span><span class='pushbutton'><a href='http:\/\/meneame.net\/submit.php?url=http%3A%2F%2Fwww.emiliosilveravazquez.com%2Fblog%2F2012%2F05%2F01%2F%25c2%25bfquien-fue-riemann%2F' title='Meneame' target='_blank' rel='nofollow'><img src='http:\/\/www.emiliosilveravazquez.com\/blog\/wp-content\/plugins\/knxdt-bookmarks-wordpress-plugin\/images\/meneame.png'  alt='' class='book_img' border='none' style='margin:1px; padding: 0;'  \/><\/a><\/span><span class='pushbutton'><a href='http:\/\/enchilame.com\/submit.php?url=http:\/\/www.emiliosilveravazquez.com\/blog\/2012\/05\/01\/%c2%bfquien-fue-riemann\/' target='_blank' rel='nofollow'><img title='Enchilame' src='http:\/\/www.emiliosilveravazquez.com\/blog\/wp-content\/plugins\/knxdt-bookmarks-wordpress-plugin\/images\/enchilame.png'  alt='' class='book_img' border='none' style='margin:1px; padding: 0;'  \/><\/a><\/span><span class='pushbutton'><a href='http:\/\/www.blinklist.com\/index.php?Action=Blink\/addblink.php&amp;Description=&amp;Url=http%3A%2F%2Fwww.emiliosilveravazquez.com%2Fblog%2F2012%2F05%2F01%2F%25c2%25bfquien-fue-riemann%2F&amp;title=%C2%BFQui%C3%A9n+fue+Riemann%3F' title='BlinkList' target='_blank' rel='nofollow'><img src='http:\/\/www.emiliosilveravazquez.com\/blog\/wp-content\/plugins\/knxdt-bookmarks-wordpress-plugin\/images\/blinklist.png'  alt='' class='book_img' border='none' style='margin:1px; padding: 0;'  \/><\/a><\/span><span class='pushbutton'><a href='http:\/\/reddit.com\/submit?url=http%3A%2F%2Fwww.emiliosilveravazquez.com%2Fblog%2F2012%2F05%2F01%2F%25c2%25bfquien-fue-riemann%2F&amp;title=%C2%BFQui%C3%A9n+fue+Riemann%3F' title='Reddit' target='_blank' rel='nofollow'><img src='http:\/\/www.emiliosilveravazquez.com\/blog\/wp-content\/plugins\/knxdt-bookmarks-wordpress-plugin\/images\/reddit.png'  alt='' class='book_img' border='none' style='margin:1px; padding: 0;'  \/><\/a><\/span><span class='pushbutton'><a href='http:\/\/www.tecnologiadiaria.com\/2009\/07\/abrir-com-hotmail-correo.html' target='_blank' title='hotmail'><img src='http:\/\/www.emiliosilveravazquez.com\/blog\/wp-content\/plugins\/knxdt-bookmarks-wordpress-plugin\/images\/linklove.png' alt='hotmail correo' class='book_img' border='none' style='margin:1px; padding: 0;' \/><\/a><\/span><span class='pushbutton'><a href='http:\/\/bitacoras.com\/votar\/anotacion\/externo\/mini\/www.emiliosilveravazquez.com\/blog\/2012\/05\/01\/%c2%bfquien-fue-riemann\/' title='Bitacoras.com' target='_blank' rel='nofollow'><img src='http:\/\/www.emiliosilveravazquez.com\/blog\/wp-content\/plugins\/knxdt-bookmarks-wordpress-plugin\/images\/bitacoras.png'  alt='' class='book_img' border='none' style='margin:1px; padding: 0;'  \/><\/a><\/span><span class='pushbutton'><a href='http:\/\/www.wikio.es\/vote?url=http%3A%2F%2Fwww.emiliosilveravazquez.com%2Fblog%2F2012%2F05%2F01%2F%25c2%25bfquien-fue-riemann%2F' title='Wikio' target='_blank' rel='nofollow'><img src='http:\/\/www.emiliosilveravazquez.com\/blog\/wp-content\/plugins\/knxdt-bookmarks-wordpress-plugin\/images\/wikio.png'   alt='' class='book_img' border='none' style='margin:1px; padding: 0;'   \/><\/a><\/span><span class='pushbutton'><a href='http:\/\/friendfeed.com\/?url=http%3A%2F%2Fwww.emiliosilveravazquez.com%2Fblog%2F2012%2F05%2F01%2F%25c2%25bfquien-fue-riemann%2F&amp;title=%C2%BFQui%C3%A9n+fue+Riemann%3F' title='Friend Feed' target='_blank' rel='nofollow'><img src='http:\/\/www.emiliosilveravazquez.com\/blog\/wp-content\/plugins\/knxdt-bookmarks-wordpress-plugin\/images\/friendfeed.png'  alt='' class='book_img' border='none' style='margin:1px; padding: 0;'  \/><\/a><\/span><span class='pushbutton'><a href='http:\/\/www.facebook.com\/share.php?u=http%3A%2F%2Fwww.emiliosilveravazquez.com%2Fblog%2F2012%2F05%2F01%2F%25c2%25bfquien-fue-riemann%2F&amp;t=%C2%BFQui%C3%A9n+fue+Riemann%3F' title='Facebook' target='_blank' rel='nofollow'><img src='http:\/\/www.emiliosilveravazquez.com\/blog\/wp-content\/plugins\/knxdt-bookmarks-wordpress-plugin\/images\/facebook.png'  alt='' class='book_img' border='none' style='margin:1px; padding: 0;'  \/><\/a><\/span><span class='pushbutton'><a href='http:\/\/twitter.com\/home?status=%C2%BFQui%C3%A9n+fue+Riemann%3F: http%3A%2F%2Fwww.emiliosilveravazquez.com%2Fblog%2F2012%2F05%2F01%2F%25c2%25bfquien-fue-riemann%2F' title='Twitter' target='_blank' rel='nofollow'><img src='http:\/\/www.emiliosilveravazquez.com\/blog\/wp-content\/plugins\/knxdt-bookmarks-wordpress-plugin\/images\/twitter.png'  alt='' class='book_img' border='none' style='margin:1px; padding: 0;'  \/><\/a><\/span><span class='pushbutton'><a href='http:\/\/www.feedburner.com\/fb\/a\/emailFlare?itemTitle=%C2%BFQui%C3%A9n+fue+Riemann%3F&amp;uri=http%3A%2F%2Fwww.emiliosilveravazquez.com%2Fblog%2F2012%2F05%2F01%2F%25c2%25bfquien-fue-riemann%2F' title='Enviar por Email' target='_blank' rel='nofollow'><img src='http:\/\/www.emiliosilveravazquez.com\/blog\/wp-content\/plugins\/knxdt-bookmarks-wordpress-plugin\/images\/email.png'  alt='' class='book_img' border='none' style='margin:1px; padding: 0;'  \/><\/a><\/span><span style='font-weight:bold; padding-left: 5px;'><a href='http:\/\/wordpress.org\/extend\/plugins\/knxdt-bookmarks-wordpress-plugin\/' title='Plugin' rel='nofollow' target='_blank'>[?]<\/a><\/span><\/td><\/tr><\/table><br\/><br\/><\/div>","protected":false},"excerpt":{"rendered":"<p>Arthur C. Clarke nos dijo: \u201cMagia es cualquier tecnolog\u00eda suficientemente avanzada\u201d \u00a0\u00a0\u00a0\u00a0\u00a0\u00a0\u00a0\u00a0\u00a0\u00a0\u00a0\u00a0\u00a0\u00a0\u00a0\u00a0\u00a0\u00a0\u00a0\u00a0\u00a0\u00a0\u00a0\u00a0\u00a0\u00a0\u00a0\u00a0\u00a0\u00a0\u00a0\u00a0\u00a0\u00a0\u00a0\u00a0\u00a0\u00a0\u00a0\u00a0\u00a0\u00a0\u00a0\u00a0\u00a0\u00a0\u00a0\u00a0\u00a0\u00a0\u00a0\u00a0\u00a0\u00a0\u00a0\u00a0\u00a0\u00a0\u00a0\u00a0\u00a0\u00a0\u00a0\u00a0\u00a0\u00a0\u00a0\u00a0\u00a0\u00a0\u00a0\u00a0\u00a0\u00a0\u00a0\u00a0\u00a0\u00a0\u00a0\u00a0\u00a0\u00a0\u00a0\u00a0\u00a0\u00a0\u00a0\u00a0\u00a0\u00a0\u00a0\u00a0\u00a0\u00a0\u00a0\u00a0\u00a0\u00a0\u00a0\u00a0\u00a0\u00a0\u00a0\u00a0\u00a0 Seg\u00fan Clarke, todo esto es magia&#8230; Pero tambi\u00e9n es magia el hecho de que en cualquier tiempo y lugar, de manera inesperada, aparezca una persona dotada de condiciones especiales que le permiten ver estructuras complejas matem\u00e1ticas que hacen posible que la humanidad avance [&hellip;]<\/p>\n","protected":false},"author":2,"featured_media":0,"comment_status":"open","ping_status":"open","sticky":false,"template":"","format":"standard","meta":{"_s2mail":"yes","footnotes":""},"categories":[6],"tags":[],"_links":{"self":[{"href":"http:\/\/www.emiliosilveravazquez.com\/blog\/wp-json\/wp\/v2\/posts\/5465"}],"collection":[{"href":"http:\/\/www.emiliosilveravazquez.com\/blog\/wp-json\/wp\/v2\/posts"}],"about":[{"href":"http:\/\/www.emiliosilveravazquez.com\/blog\/wp-json\/wp\/v2\/types\/post"}],"author":[{"embeddable":true,"href":"http:\/\/www.emiliosilveravazquez.com\/blog\/wp-json\/wp\/v2\/users\/2"}],"replies":[{"embeddable":true,"href":"http:\/\/www.emiliosilveravazquez.com\/blog\/wp-json\/wp\/v2\/comments?post=5465"}],"version-history":[{"count":0,"href":"http:\/\/www.emiliosilveravazquez.com\/blog\/wp-json\/wp\/v2\/posts\/5465\/revisions"}],"wp:attachment":[{"href":"http:\/\/www.emiliosilveravazquez.com\/blog\/wp-json\/wp\/v2\/media?parent=5465"}],"wp:term":[{"taxonomy":"category","embeddable":true,"href":"http:\/\/www.emiliosilveravazquez.com\/blog\/wp-json\/wp\/v2\/categories?post=5465"},{"taxonomy":"post_tag","embeddable":true,"href":"http:\/\/www.emiliosilveravazquez.com\/blog\/wp-json\/wp\/v2\/tags?post=5465"}],"curies":[{"name":"wp","href":"https:\/\/api.w.org\/{rel}","templated":true}]}}