{"id":5269,"date":"2013-03-22T04:00:05","date_gmt":"2013-03-22T03:00:05","guid":{"rendered":"http:\/\/www.emiliosilveravazquez.com\/blog\/?p=5269"},"modified":"2013-03-22T06:21:11","modified_gmt":"2013-03-22T05:21:11","slug":"un-canto-a-la-naturaleza","status":"publish","type":"post","link":"http:\/\/www.emiliosilveravazquez.com\/blog\/2013\/03\/22\/un-canto-a-la-naturaleza\/","title":{"rendered":"Un canto a la Naturaleza"},"content":{"rendered":"<p style=\"text-align: justify;\"><em>Nuestro compa\u00f1ero y contertulio Floren, nos envi\u00f3 un documento que, a su vez, lo recibi\u00f3 de otra amiga de este lugar, Vanessa. Que consider\u00e1ndolo de inter\u00e9s para todos, aqu\u00ed os lo muestr\u00e9 para que, ley\u00e9ndolo con atenci\u00f3n, pudi\u00e9ris valorar las palabras que, el buen Jefe Seattle dej\u00f3 salir de su coraz\u00f3n expresando todos los sentimientos que por la Tierra, y los dem\u00e1s seres vivos que la pueblan sent\u00eda, y, \u00e9l, como muchos hombres sabios que en la historia de la Humanidad han sido, nos viene a decir que &#8220;todas las cosas son&#8221; y, con ese pensamiento, elev\u00f3 a las &#8220;cosas&#8221; a la categor\u00eda de SER.<\/em><\/p>\n<p style=\"text-align: center;\">\n<p style=\"text-align: center;\"><img decoding=\"async\" loading=\"lazy\" id=\"irc_mi\" src=\"http:\/\/2.bp.blogspot.com\/-P2N804ovLcI\/Tw9dvtzqEWI\/AAAAAAAAE0c\/oc6dU2hDflQ\/s400\/indio_seattle.jpg\" alt=\"\" width=\"317\" height=\"317\" \/><\/p>\n<p style=\"text-align: center;\">\n<p style=\"text-align: center;\">Jefe Indio Seattle (1786 &#8211; 1866)<\/p>\n<p style=\"text-align: center;\">\n<p style=\"text-align: justify;\">Antiguo es el mundo, pero parece que por fin empezamos a mirar los detalles y a buscar una forma de vida m\u00e1s ecol\u00f3gica, y al fin y al cabo, mejor para nosotros, ya que uno sin lo otro no ser\u00eda posible. En este articulo hablamos del Jefe indio Seattle, un jefe indio que tuvo que negociar con el progreso que el hombre blanco implant\u00f3 en las tierras de Am\u00e9rica, tierras en las que hab\u00edan convivido en paz durante tantas generaciones y con el respeto hacia unos medios naturales que m\u00e1s tarde fueron explotados sin consideraci\u00f3n, todo lo contrario a lo que indicaban las doctrinas de su pueblo.<\/p>\n<p style=\"text-align: justify;\">\n<p style=\"text-align: justify;\">\n<p><!--more--><\/p>\n<p style=\"text-align: center;\"><img decoding=\"async\" loading=\"lazy\" class=\"aligncenter\" style=\"border-style: initial; border-color: initial; border-width: 0px;\" src=\"http:\/\/2.bp.blogspot.com\/-01gDucE_6Ac\/TbNWDs90WlI\/AAAAAAAAAAU\/k7S2OlmI0rs\/s400\/CMO_SE%257E1.JPG\" alt=\"\" width=\"400\" height=\"300\" border=\"0\" \/><\/p>\n<p style=\"text-align: center;\">\n<p style=\"text-align: center;\">\n<p style=\"text-align: justify;\">Se comprenden las palabras del Jefe Seattle al ahondar en la forma de vida de su pueblo. La simbiosis con la madre Tierra era total y, como bien expresa en su dircurso, ellos se sent\u00edan de la tierra y no al rev\u00e9s.<\/p>\n<p style=\"text-align: justify;\">No entraremos en buscar buenos y malos en este articulo, solo queremos destacar como, tras tanto tiempo de su muerte, se convierte en icono de la ecolog\u00eda.<\/p>\n<p style=\"text-align: justify;\">\n<p align=\"justify\"><big><big>Mis palabras son inmutables como estrellas.<\/big><\/big><\/p>\n<p align=\"center\"><img decoding=\"async\" loading=\"lazy\" src=\"http:\/\/www.galeon.com\/sloren\/yosemit\/tiendas.jpg\" alt=\"Grabados de tiendas indias.\" width=\"428\" height=\"211\" \/><\/p>\n<p align=\"center\">\n<p align=\"justify\"><big><big>\u00a0<\/big><\/big><big><big> \u00a0\u00a0 \u00bfComo pod\u00e9is comprar o vender el cielo o el calor de la tierra?<\/big><\/big><\/p>\n<p align=\"justify\"><big><big>La flor perfumada, el ciervo, el caballo, el \u00e1guila majestuosa: todos son nuestros hermanos. Las rocas de las cumbres, el jugo de la hierba fresca, la calor de la piel del potro: todo pertenece a nuestra familia.<\/big><\/big><\/p>\n<p align=\"justify\">\n<p align=\"center\"><img decoding=\"async\" loading=\"lazy\" src=\"http:\/\/www.galeon.com\/sloren\/yosemit\/Indio10.jpg\" alt=\"South MacMillan rivers.\" width=\"300\" height=\"206\" \/><\/p>\n<p align=\"center\">\n<p align=\"center\"><big><big>\u00a0El murmullo del agua es la voz del padre de mi padre.<\/big><\/big><\/p>\n<p align=\"center\">\n<p style=\"text-align: justify;\"><em>El siguiente documento es uno de los m\u00e1s preciados por los ecologistas, se trata de la carta que envi\u00f3 en 1855 el jefe indio Seattle de la tribu Suwamish al presidente de los Estados Unidos Franklin Pierce en respuesta a la oferta de compra de las tierras de los Suwamish en el noroeste de los Estados Unidos, lo que ahora es el Estado de Washinton. Los indios americanos estaban muy unidos a su tierra no conociendo la propiedad, es m\u00e1s consideraban la tierra due\u00f1a de los hombres. En numerosos \u00e1mbitos ecologistas se le considera como \u201cla declaraci\u00f3n m\u00e1s hermosa y profunda que jam\u00e1s se haya hecho sobre el medio ambiente\u201d.<\/em><\/p>\n<p style=\"text-align: justify;\">\n<strong><\/strong><\/p>\n<p style=\"text-align: justify;\"><strong>Carta del Jefe Indio Seattle<\/strong><\/p>\n<p style=\"text-align: justify;\">El Gran Jefe de Washington manda decir que desea comprar nuestras tierras. El Gran Jefe tambi\u00e9n nos env\u00eda palabras de amistad y buena voluntad. Apreciamos esta gentileza porque sabemos que poca falta le hace, en cambio, nuestra amistad. Vamos a considerar su oferta, pues sabemos que, de no hacerlo, el hombre blanco podr\u00e1 venir con sus armas de fuego y tomarse nuestras tierras. El Gran Jefe de Washington podr\u00e1 confiar en lo que dice el Jefe Seattle con la misma certeza con que nuestros hermanos blancos podr\u00e1n confiar en la vuelta de las estaciones. Mis palabras son inmutables como las estrellas.<\/p>\n<p style=\"text-align: justify;\">\n<p style=\"text-align: justify;\">\n<p align=\"center\"><img decoding=\"async\" loading=\"lazy\" src=\"http:\/\/www.galeon.com\/sloren\/yosemit\/Indio11.jpg\" alt=\"The Snake River area.\" width=\"250\" height=\"295\" \/><\/p>\n<p align=\"center\">\n<p align=\"justify\"><big><big>\u00a0<\/big><\/big><big><big>\u00a0\u00a0\u00a0\u00a0\u00a0\u00a0\u00a0\u00a0\u00a0\u00a0\u00a0\u00a0\u00a0\u00a0\u00a0\u00a0\u00a0\u00a0\u00a0\u00a0\u00a0\u00a0\u00a0\u00a0\u00a0\u00a0\u00a0\u00a0\u00a0\u00a0\u00a0\u00a0\u00a0\u00a0\u00a0\u00a0\u00a0\u00a0\u00a0\u00a0\u00a0\u00a0\u00a0 \u00a0\u00a0\u00a0\u00a0\u00a0\u00a0\u00a0\u00a0\u00a0\u00a0\u00a0\u00a0\u00a0\u00a0\u00a0\u00a0\u00a0\u00a0\u00a0\u00a0\u00a0\u00a0\u00a0\u00a0\u00a0\u00a0\u00a0\u00a0\u00a0 Los r\u00edos son hermanos nuestros.<\/big><\/big><\/p>\n<p align=\"justify\">\n<p style=\"text-align: justify;\">\u00bfC\u00f3mo pod\u00e9is comprar o vender el cielo, el calor de la tierra? Esta idea nos parece extra\u00f1a. No somos due\u00f1os de la frescura del aire ni del centelleo del agua. \u00bfC\u00f3mo podr\u00edais comprarlos a nosotros? Lo decimos oportunamente. Habeis de saber que cada part\u00edcula de esta tierra es sagrada para mi pueblo. Cada hoja resplandeciente, cada playa arenosa, cada neblina en el oscuro bosque, cada claro y cada insecto con su zumbido son sagrados en la memoria y la experiencia de mi pueblo. La savia que circula en los \u00e1rboles porta las memorias del hombre de piel roja.<\/p>\n<p style=\"text-align: justify;\"><big><big>Su hambre insaciable devorar\u00e1 la tierra y detr\u00e1s suyo dejar\u00e1 tan s\u00f3lo un desierto.<\/big><\/big><\/p>\n<p style=\"text-align: justify;\">\n<p align=\"center\"><img decoding=\"async\" loading=\"lazy\" src=\"http:\/\/www.galeon.com\/sloren\/yosemit\/espect01.jpg\" alt=\"\" width=\"378\" height=\"338\" border=\"0\" \/><\/p>\n<p align=\"center\">\n<p align=\"justify\"><big><big>\u00a0\u00a0<\/big><\/big><big><big>\u00a0\u00a0 No lo puedo comprender. Nosotros somos de una manera de ser muy diferente. Vuestras ciudades hacen da\u00f1o a los ojos del hombre de piel roja.<\/big><\/big><\/p>\n<p style=\"text-align: justify;\">Los muertos del hombre blanco se olvidan de su tierra natal cuando se van a caminar por entre las estrellas. Nuestros muertos jam\u00e1s olvidan esta hermosa tierra porque ella es la madre del hombre de piel roja. Somos parte de la tierra y ella es parte de nosotros. Las fragantes flores son nuestras hermanas; el venado, el caballo, el \u00e1guila majestuosa son nuestros hermanos. Las praderas, el calor corporal del potrillo y el hombre, todos pertenecen a la misma familia. \u201cPor eso, cuando el Gran Jefe de Washington manda decir que desea comprar nuestras tierras, es mucho lo que pide. El Gran Jefe manda decir que nos reservar\u00e1 un lugar para que podamos vivir c\u00f3modamente entre nosotros. El ser\u00e1 nuestro padre y nosotros seremos sus hijos. Por eso consideraremos su oferta de comprar nuestras tierras. Mas, ello no ser\u00e1 f\u00e1cil porque estas tierras son sagradas para nosotros.<\/p>\n<p style=\"text-align: justify;\">\n<p style=\"text-align: justify;\">\n<p style=\"text-align: center;\"><a href=\"http:\/\/byfiles.storage.live.com\/y1pmuMbyRauAMlnkEjp921zt6tzVPXrtYsuGqQzp0ufGBmU6j5YK4BSIXi4-7cQ1bVZTJ40eck_g8M\" target=\"_blank\"><span style=\"color: #ffffff;\"><img decoding=\"async\" loading=\"lazy\" class=\"aligncenter\" src=\"http:\/\/byfiles.storage.live.com\/y1pmuMbyRauAMlnkEjp921zt6tzVPXrtYsuGqQzp0ufGBmU6j5YK4BSIXi4-7cQ1bVZTJ40eck_g8M\" alt=\"animated-5\" width=\"262\" height=\"150\" \/><\/span><\/a><\/p>\n<p style=\"text-align: justify;\">El agua centelleante que corre por los r\u00edos y esteros no es meramente agua sino la sangre de nuestros antepasados. Si os vendemos estas tierras, tendr\u00e9is que recordar que ellas son sagradas y deber\u00e9is ense\u00f1ar a vuestros hijos que lo son y que cada reflejo fantasmal en las aguas claras de los lagos habla de acontecimientos y recuerdos de la vida de mi pueblo. El murmullo del agua es la voz del padre de mi padre.<\/p>\n<p style=\"text-align: justify;\">\n<p style=\"text-align: justify;\">\n<p style=\"text-align: center;\"><a id=\"rg_hl\" href=\"http:\/\/images.google.com\/imgres?q=El+Jefe+Indio+Seattle&amp;hl=es&amp;gl=es&amp;biw=1109&amp;bih=574&amp;tbm=isch&amp;tbnid=rR5zKKrn9r2DbM:&amp;imgrefurl=http:\/\/etelesetel.wordpress.com\/2008\/03\/15\/carta-de-jefe-indio-a-presidente-de-estados-unidos\/&amp;docid=mGLwPKYemX9WPM&amp;w=381&amp;h=344&amp;ei=oGVXTtGjMIm68gPPp_GaDA&amp;zoom=1&amp;iact=hc&amp;vpx=768&amp;vpy=96&amp;dur=5689&amp;hovh=213&amp;hovw=236&amp;tx=148&amp;ty=292&amp;page=2&amp;tbnh=123&amp;tbnw=136&amp;start=18&amp;ndsp=18&amp;ved=1t:429,r:4,s:18\"><img decoding=\"async\" loading=\"lazy\" id=\"rg_hi\" class=\"aligncenter\" src=\"http:\/\/t3.gstatic.com\/images?q=tbn:ANd9GcTaezdorg-4kfxCkeyKMTwQzoaC7JRX_JMphIWiYWBQVV_vMNUL\" alt=\"\" width=\"236\" height=\"213\" data-width=\"236\" data-height=\"213\" \/><\/a><\/p>\n<p style=\"text-align: center;\">\n<p style=\"text-align: justify;\">Los r\u00edos son nuestros hermanos, ellos calman nuestra sed. Los r\u00edos llevan nuestras canoas y alimentan a nuestros hijos. Si os vendemos nuestras tierras, deber\u00e9is recordar y ense\u00f1ar a vuestros hijos que los r\u00edos son nuestros hermanos y hermanos de vosotros; deber\u00e9is en adelante dar a los r\u00edos el trato bondadoso que dar\u00e9is a cualquier hermano.<\/p>\n<p style=\"text-align: justify;\">Sabemos que el hombre blanco no comprende nuestra manera de ser. Le da lo mismo un pedazo de tierra que el otro porque \u00e9l es un extra\u00f1o que llega en la noche a sacar de la tierra lo que necesita. La tierra no es su hermano sino su enemigo. Cuando la ha conquistado la abandona y sigue su camino. Deja detr\u00e1s de \u00e9l las sepulturas de sus padres sin que le importe. Despoja de la tierra a sus hijos sin que le importe. Olvida la sepultura de su padre y los derechos de sus hijos. Trata a su madre, la tierra, y a su hermano el cielo, como si fuesen cosas que se pueden comprar, saquear y vender, como si fuesen corderos y cuentas de vidrio. Su insaciable apetito devorar\u00e1 la tierra y dejar\u00e1 tras s\u00ed s\u00f3lo un desierto.<\/p>\n<p style=\"text-align: justify;\">Alguien, conmovido, al leerla dijo: &#8220;Para mi es la declaraci\u00f3n m\u00e1s hermosa y profunda que jam\u00e1s se haya hecho sobre el medio ambiente. Es un tema muy conocido por todos, pero no s\u00e9 porque hoy se me ha venido a la cabeza y despu\u00e9s de leerla de nuevo, me ha vuelto a remover algo por adentro, sobre todo hoy en d\u00eda que vivimos tan deprisa y mal. Muchos ya la conoc\u00e9is y otros a lo mejor la conoc\u00e9is pero nunca la hab\u00e9is le\u00eddo. Por favor para todos leerla.&#8221;<\/p>\n<p style=\"text-align: justify;\">\n<p style=\"text-align: justify;\">\n<p style=\"text-align: center;\"><a href=\"http:\/\/www.amfona.org\/blog\/wp-content\/uploads\/2008\/05\/jefeindio.jpg\"><img decoding=\"async\" loading=\"lazy\" class=\"aligncenter\" title=\"jefeindio\" src=\"http:\/\/www.amfona.org\/blog\/wp-content\/uploads\/2008\/05\/jefeindio.jpg\" alt=\"\" width=\"586\" height=\"458\" \/><\/a><\/p>\n<p style=\"text-align: center;\">\n<p style=\"text-align: center;\">\n<p style=\"text-align: justify;\">No lo comprendo. Nuestra manera de ser es diferente a la vuestra. La vista de vuestras ciudades hace doler los ojos al hombre de piel roja. Pero quiz\u00e1 sea as\u00ed porque el hombre de piel roja es un salvaje y no comprende las cosas. No hay ning\u00fan lugar tranquilo en las ciudades del hombre blanco, ning\u00fan lugar donde pueda escucharse el desplegarse de las hojas en primavera o el orzar de las alas de un insecto. Pero quiz\u00e1 sea as\u00ed porque soy un salvaje y no puedo comprender las cosas. El ruido de la ciudad parece insultar los o\u00eddos. \u00bfY qu\u00e9 clase de vida es cuando el hombre no es capaz de escuchar el solitario grito de la garza o la discusi\u00f3n nocturna de las ranas alrededor de la laguna? Soy un hombre de piel roja y no lo comprendo. Los indios preferimos el suave sonido del viento que acaricia la cala del lago y el olor del mismo viento purificado por la lluvia del mediod\u00eda o perfumado por la fragancia de los pinos.<\/p>\n<p style=\"text-align: justify;\">\n<p style=\"text-align: justify;\">\n<div id=\"mc\">\n<div id=\"main\">\n<div id=\"pst\">\n<div id=\"h\">\n<h1><img decoding=\"async\" loading=\"lazy\" id=\"ctl00_cphContent_imgNota\" class=\"aligncenter\" style=\"border-style: initial; border-color: initial; border-width: 0px;\" src=\"http:\/\/www.igooh.com\/uc\/in\/19685.jpg\" alt=\"\" width=\"530\" height=\"368\" border=\"0\" \/><\/h1>\n<p>&nbsp;<\/p>\n<p>&nbsp;<\/p>\n<p style=\"text-align: justify;\">El Jefe Indio Seattle, que vivi\u00f3 en la sencillez, sin grandes comodidades y, en una verdadera simbiosis con la Tierra de la que, lleg\u00f3 a formar parte y a la que, como se puede deducir de sus palabras, comprendi\u00f3 a la perfecci\u00f3n.<\/p>\n<\/div>\n<\/div>\n<\/div>\n<\/div>\n<p style=\"text-align: justify;\">El aire es algo precioso para el hombre de piel roja porque todas las cosas comparten el mismo aliento: el animal, el \u00e1rbol y el hombre. El hombre blanco parece no sentir el aire que respira. Al igual que un hombre muchos d\u00edas agonizante, se ha vuelto insensible al hedor. Mas, si os vendemos nuestras tierras, deb\u00e9is recordar que el aire es precioso para nosotros, que el aire comparte su esp\u00edritu con toda la vida que sustenta. Y, si os vendemos nuestras tierras, deb\u00e9is dejarlas aparte y mantenerlas sagradas como un lugar al cual podr\u00e1 llegar incluso el hombre blanco a saborear el viento dulcificado por las flores de la pradera.<\/p>\n<p style=\"text-align: justify;\">\n<p style=\"text-align: justify;\">\n<div>\n<div>\n<p style=\"text-align: center;\">\u00a0<a id=\"rg_hl\" href=\"http:\/\/images.google.com\/imgres?q=El+Jefe+Indio+Seattle&amp;hl=es&amp;gl=es&amp;biw=1109&amp;bih=574&amp;tbm=isch&amp;tbnid=OIv-bwIHGCDdwM:&amp;imgrefurl=http:\/\/chavela.lacoctelera.net\/post\/2008\/06\/25\/carta-del-jefe-indio-seattle&amp;docid=daAEaAAK_WWNpM&amp;w=1024&amp;h=768&amp;ei=oGVXTtGjMIm68gPPp_GaDA&amp;zoom=1&amp;iact=hc&amp;vpx=386&amp;vpy=282&amp;dur=2522&amp;hovh=194&amp;hovw=259&amp;tx=169&amp;ty=274&amp;page=3&amp;tbnh=129&amp;tbnw=167&amp;start=36&amp;ndsp=20&amp;ved=1t:429,r:9,s:36\"><img decoding=\"async\" loading=\"lazy\" id=\"rg_hi\" class=\"aligncenter\" src=\"http:\/\/t2.gstatic.com\/images?q=tbn:ANd9GcTGEY9dDlmRm-syehg9wsD3Jl2fALwbBaeA6toT6cSVzJopLB09\" alt=\"\" width=\"259\" height=\"194\" data-width=\"259\" data-height=\"194\" \/><\/a><\/p>\n<p style=\"text-align: center;\">Tambi\u00e9n \u00e9l es un ser de la Naturaleza<\/p>\n<p style=\"text-align: center;\">\n<div id=\"rg_hx\">\n<p id=\"rg_ht\" style=\"text-align: justify;\"><span style=\"font-size: small;\"><span style=\"color: #000000;\">El piel roja retrocedi\u00f3 siempre ante el hombre blanco invasor, como la niebla temprana se repliega en las monta\u00f1as ante el sol de la ma\u00f1ana. Pero las cenizas de nuestros padres son sagradas, sus tumbas son suelo sagrado, y por ello estas colinas, estos \u00e1rboles, esta parte del mundo es sagrada para nosotros. Sabemos que el hombre blanco no comprende nuestra forma de ser. Tanto le da un pedazo de tierra que otro porque es como un extra\u00f1o que llega en la noche a sacar de la tierra lo que necesita. La tierra no es su hermana sino su enemiga. Cuando la ha conquistado la desprecia y sigue su camino, dejando tras \u00e9l las tumbas de sus padres sin preocuparse. Despoja a sus hijos de la tierra sin que le importe. Olvida la sepultura de sus padres, de igual forma que desprecia el patrimonio de sus hijos. Trata a su madre, la tierra, y a su hermano el cielo, como si fuesen cosas que se pueden comprar, saquear y vender, como si fuesen corderos o cuentas de vidrio. Su insaciable apetito devorar\u00e1 la tierra y dejar\u00e1 tras de s\u00ed s\u00f3lo un desierto.<\/span><\/span><\/p>\n<p style=\"text-align: justify;\">\n<p style=\"text-align: justify;\">\n<p style=\"text-align: center;\"><span style=\"font-size: small;\"><span style=\"color: #000000;\"><a id=\"rg_hl\" href=\"http:\/\/images.google.com\/imgres?q=El+Jefe+Indio+Seattle&amp;hl=es&amp;gl=es&amp;biw=1109&amp;bih=574&amp;tbm=isch&amp;tbnid=QR49BC25EPdAVM:&amp;imgrefurl=http:\/\/elhociconchismoson.blogspot.com\/2010\/09\/querido-amigo-dios.html&amp;docid=2wna3t0GgdtcCM&amp;w=800&amp;h=563&amp;ei=oGVXTtGjMIm68gPPp_GaDA&amp;zoom=1&amp;iact=hc&amp;vpx=800&amp;vpy=229&amp;dur=1943&amp;hovh=188&amp;hovw=268&amp;tx=187&amp;ty=268&amp;page=5&amp;tbnh=128&amp;tbnw=177&amp;start=74&amp;ndsp=18&amp;ved=1t:429,r:17,s:74\"><img decoding=\"async\" loading=\"lazy\" id=\"rg_hi\" class=\"aligncenter\" src=\"http:\/\/t1.gstatic.com\/images?q=tbn:ANd9GcQpMNh7XZIAeNR4CZU9wn9x3XlBk37x7_q1fAURL5QfgpJFWXb_Jw\" alt=\"\" width=\"268\" height=\"188\" data-width=\"268\" data-height=\"188\" \/><\/a><\/span><\/span><\/p>\n<p style=\"text-align: justify;\"><span style=\"color: #000000; font-size: small;\">No lo comprendo. Nuestra manera de ser es diferente a la vuestra. Vuestras ciudades hieren los ojos del hombre piel roja. Quiz\u00e1 es porque somos salvajes y no comprendemos. No hay silencio en las ciudades del hombre blanco, ning\u00fan lugar donde pueda escucharse como se abren las hojas en primavera o el rumor de las alas de un insecto. Pero quiz\u00e1 sea porque soy un salvaje y no comprendo bien las cosas. El ruido de la ciudad ofende los o\u00eddos del hombre piel roja. \u00bfY qu\u00e9 clase de vida tiene el hombre que no es capaz de escuchar el solitario grito de la garza o la discusi\u00f3n nocturna de las ranas alrededor del estanque? Soy un hombre piel roja y nada comprendo. Nosotros preferimos el suave sonido del viento que acaricia la superficie del lago o el olor de la brisa purificada por la lluvia del mediod\u00eda o perfumada por la fragancia de los pinos. <\/span><\/p>\n<p style=\"text-align: justify;\">\n<p style=\"text-align: justify;\">\n<\/div>\n<p style=\"text-align: center;\"><a id=\"rg_hl\" href=\"http:\/\/images.google.com\/imgres?q=El+Jefe+Indio+Seattle&amp;hl=es&amp;gl=es&amp;biw=1109&amp;bih=574&amp;tbm=isch&amp;tbnid=5rAn9yDsKYnJIM:&amp;imgrefurl=http:\/\/etelesetel.wordpress.com\/2008\/03\/15\/carta-de-jefe-indio-a-presidente-de-estados-unidos\/&amp;docid=mGLwPKYemX9WPM&amp;w=524&amp;h=300&amp;ei=SnJXTrPeJ4So8AOaoJS9DA&amp;zoom=1\"><img decoding=\"async\" loading=\"lazy\" id=\"rg_hi\" class=\"aligncenter\" src=\"http:\/\/t3.gstatic.com\/images?q=tbn:ANd9GcQxgh3aS3U9leTm8auguaWUCXxoO7F0TEajO-EyFc1ayaN90GMw\" alt=\"\" width=\"297\" height=\"170\" data-width=\"297\" data-height=\"170\" \/><\/a><\/p>\n<p style=\"text-align: center;\">\n<p style=\"text-align: center;\">\n<p style=\"text-align: justify;\"><span style=\"font-size: small;\"><span style=\"color: #000000;\">El aire tiene un valor inestimable para el hombre piel roja porque todos los seres comparten el mismo aliento: el animal, el \u00e1rbol y el hombre. El hombre blanco no parece consciente del aire que respira. Al igual que un hombre muchos d\u00edas agonizando, se ha vuelto insensible al hedor. Sin embargo, si os vendemos estas tierras, deb\u00e9is recordar que el aire es algo precioso porque comparte su esp\u00edritu con toda la vida que sustenta. El aire dio a nuestros padres su primer aliento y recibi\u00f3 su \u00faltima expiraci\u00f3n. Y el aire tambi\u00e9n debe dar a nuestros hijos el esp\u00edritu de la vida. Y si nosotros os vendemos nuestras tierras, deb\u00e9is apreciarlas como algo excepcional y sagrado, como el lugar donde tambi\u00e9n el hombre blanco sienta que el viento tiene el dulce aroma de las flores de las praderas. <\/span><\/span><\/p>\n<p style=\"text-align: justify;\"><span style=\"font-size: small;\"><span style=\"color: #000000;\">Cuando el \u00faltimo piel roja haya desaparecido de esta tierra. Cuando no sea m\u00e1s que un recuerdo su sombra, como el de una nube que pasa por la pradera, entonces todav\u00eda estas riberas y estos bosques, estar\u00e1n poblados por el esp\u00edritu de mi pueblo. Porque nosotros amamos este pa\u00eds, como ama el ni\u00f1o los latidos del coraz\u00f3n de su madre.<\/span><\/span><\/p>\n<p style=\"text-align: justify;\">\n<p style=\"text-align: justify;\">\n<p style=\"text-align: justify;\">\n<p style=\"text-align: center;\"><a onblur=\"try {parent.deselectBloggerImageGracefully();} catch(e) {}\" href=\"http:\/\/lh3.ggpht.com\/_Cd49qcBB3Uo\/Sy5uwgY2bDI\/AAAAAAAAAGE\/i6ADzN-1Cnc\/contador.jpg\"><img decoding=\"async\" loading=\"lazy\" class=\"aligncenter\" style=\"border-style: initial; border-color: initial; border-width: 0px;\" src=\"http:\/\/lh3.ggpht.com\/_Cd49qcBB3Uo\/Sy5uwgY2bDI\/AAAAAAAAAGE\/i6ADzN-1Cnc\/contador.jpg\" alt=\"\" width=\"418\" height=\"357\" border=\"0\" \/><\/a><\/p>\n<p style=\"text-align: center;\">\n<p style=\"text-align: center;\">\n<p style=\"text-align: justify;\">\u00a0<span style=\"font-size: small;\"><span style=\"color: #000000;\">Consideraremos vuestra oferta de comprar estas tierras. Si decidimos aceptarla, pondr\u00e9 una condici\u00f3n: que el hombre blanco deber\u00e1 tratar a los animales como hermanos. Soy un salvaje y no comprendo otro modo de conducta. He visto miles de b\u00fafalos pudri\u00e9ndose sobre las praderas, abandonados all\u00ed por el hombre blanco que les dispar\u00f3 desde un tren en marcha. Soy un salvaje y no comprendo como el humeante caballo de vapor puede ser m\u00e1s importante que nuestro hermano el b\u00fafalo al que nosotros s\u00f3lo matamos para sobrevivir.<\/span><\/span><\/p>\n<p style=\"text-align: justify;\">\n<p style=\"text-align: justify;\">\n<p style=\"text-align: justify;\">\n<p style=\"text-align: center;\"><a href=\"http:\/\/2.bp.blogspot.com\/_-hywBKJJ7ng\/R6boyyTmb8I\/AAAAAAAAALk\/qGJZqo_XeXI\/s1600-h\/Jefe+Indio+v1.jpg\"><img decoding=\"async\" loading=\"lazy\" id=\"BLOGGER_PHOTO_ID_5163069982021939138\" class=\"aligncenter\" style=\"border-style: initial; border-color: initial; border-width: 0px;\" src=\"http:\/\/2.bp.blogspot.com\/_-hywBKJJ7ng\/R6boyyTmb8I\/AAAAAAAAALk\/qGJZqo_XeXI\/s320\/Jefe+Indio+v1.jpg\" alt=\"\" width=\"320\" height=\"223\" border=\"0\" \/><\/a><\/p>\n<p style=\"text-align: justify;\"><span style=\"font-size: small;\"><span style=\"color: #000000;\">\u00bfQu\u00e9 ser\u00eda del hombre sin los animales? Si todos los animales hubiesen desaparecido, el hombre morir\u00eda de una gran soledad espiritual porque todas las cosas est\u00e1n ligadas. <\/span><\/span><\/p>\n<p style=\"text-align: justify;\"><span style=\"font-size: small;\"><span style=\"color: #000000;\">D<\/span><\/span><span style=\"font-size: small;\"><span style=\"color: #000000;\">e una cosa estamos bien seguros: la tierra no pertenece al hombre. Es el hombre el que pertenece a la tierra. Todo va enlazado, como la sangre en una familia. Todo lo que le ocurra a la tierra, le ocurrir\u00e1 al hombre.<\/span><\/span><\/p>\n<p style=\"text-align: justify;\">\n<p style=\"text-align: justify;\">\n<p style=\"text-align: justify;\">\n<p style=\"text-align: center;\"><span style=\"font-size: small;\"><span style=\"color: #000000;\"><a id=\"rg_hl\" href=\"http:\/\/images.google.com\/imgres?q=El+Jefe+Indio+Seattle&amp;hl=es&amp;gl=es&amp;biw=1109&amp;bih=574&amp;tbm=isch&amp;tbnid=lh1x3eOd4crklM:&amp;imgrefurl=http:\/\/lag98f.multiply.com\/journal\/item\/166&amp;docid=ndk6LhDcoWIXSM&amp;w=300&amp;h=297&amp;ei=oGVXTtGjMIm68gPPp_GaDA&amp;zoom=1&amp;iact=hc&amp;vpx=131&amp;vpy=237&amp;dur=8100&amp;hovh=223&amp;hovw=226&amp;tx=168&amp;ty=301&amp;page=8&amp;tbnh=125&amp;tbnw=119&amp;start=130&amp;ndsp=17&amp;ved=1t:429,r:0,s:130\"><img decoding=\"async\" loading=\"lazy\" id=\"rg_hi\" class=\"aligncenter\" src=\"http:\/\/t1.gstatic.com\/images?q=tbn:ANd9GcQahXegdsjydlRGUg0-vqhL-8s4dT82kaiTzipiG0dCnDEf98ib\" alt=\"\" width=\"226\" height=\"223\" data-width=\"226\" data-height=\"223\" \/><\/a><\/span><\/span><\/p>\n<p style=\"text-align: center;\">\n<p style=\"text-align: center;\">\n<p style=\"text-align: center;\">\n<p style=\"text-align: justify;\"><span style=\"font-size: small;\"><span style=\"color: #000000;\">Vosotros deb\u00e9is ense\u00f1ar a vuestros hijos que el suelo bajo sus pies es la ceniza de nuestros abuelos. Para que respeten la tierra, deb\u00e9is decir a vuestros hijos que la tierra est\u00e1 plena de vida de nuestros antepasados. Deb\u00e9is ense\u00f1ar a vuestros hijos lo que nosotros hemos ense\u00f1ados a los nuestros: que la tierra es nuestra madre. Todo lo que afecta a la tierra afecta a los hijos de la tierra. Cuando los hombres escupen en el suelo se escupen a s\u00ed mismos. El hombre no ha tejido la red de la vida: es s\u00f3lo una hebra m\u00e1s. Todo lo que le haga a la red se lo har\u00e1 a s\u00ed mismo. Lo que le ocurre a la tierra le ocurrir\u00e1 al hombre. Lo sabemos. Todas las cosas est\u00e1n relacionadas como la sangre en una familia. <\/span><\/span><br \/>\n<span style=\"font-size: small;\"><span style=\"color: #000000;\">Ni si quiera el hombre blanco, cuyo Dios se pasea y habla con \u00e9l de amigo a amigo, puede estar exento del destino com\u00fan. Quiz\u00e1 seamos hermanos, despu\u00e9s de todo. Ya veremos. <\/span><\/span><\/p>\n<p style=\"text-align: justify;\">\n<p style=\"text-align: justify;\">\n<p style=\"text-align: justify;\">\n<p style=\"text-align: center;\"><span style=\"font-size: small;\"><span style=\"color: #000000;\"><a id=\"rg_hl\" href=\"http:\/\/images.google.com\/imgres?q=El+Jefe+Indio+Seattle&amp;hl=es&amp;gl=es&amp;biw=1109&amp;bih=574&amp;tbm=isch&amp;tbnid=tI5rq8pzyDfcYM:&amp;imgrefurl=http:\/\/sociedadterritorioyprocesoshistoricoculturales.wordpress.com\/tema-1\/&amp;docid=K1Jk2mqfp_CD5M&amp;w=721&amp;h=560&amp;ei=oGVXTtGjMIm68gPPp_GaDA&amp;zoom=1&amp;iact=hc&amp;vpx=734&amp;vpy=261&amp;dur=5683&amp;hovh=198&amp;hovw=255&amp;tx=157&amp;ty=262&amp;page=8&amp;tbnh=121&amp;tbnw=156&amp;start=130&amp;ndsp=17&amp;ved=1t:429,r:4,s:130\"><img decoding=\"async\" loading=\"lazy\" id=\"rg_hi\" class=\"aligncenter\" src=\"http:\/\/t3.gstatic.com\/images?q=tbn:ANd9GcR8XFiKFAS-TnGXZviJvWrkWnPeuzUhXPyIb1Rkj_f6mdEc77T5BQ\" alt=\"\" width=\"255\" height=\"198\" data-width=\"255\" data-height=\"198\" \/><\/a><\/span><\/span><\/p>\n<div id=\"rg_hx\">\n<p id=\"rg_ht\" style=\"text-align: center;\">carta del Jefe Indio Seattle<\/p>\n<p>&nbsp;<\/p>\n<\/div>\n<p style=\"text-align: justify;\"><span style=\"font-size: small;\"><span style=\"color: #000000;\">Seguir\u00e1n, tal vez antes que las dem\u00e1s tribus. Si contamin\u00e1is vuestra cama, morir\u00e9is cualquier noche sofocados por vuestros propios excrementos. El d\u00eda y la noche no pueden convivir. Somos diferentes. Nuestros muertos viven en los dulces r\u00edos de la tierra, regresan con el paso silencioso de la primavera y su esp\u00edritu perdura en el viento que riza la superficie del lago. <\/span><\/span><\/p>\n<p style=\"text-align: justify;\"><span style=\"font-size: small;\"><span style=\"color: #000000;\">Meditaremos la idea del hombre blanco de comprar estas tierras. <\/span><\/span><span style=\"font-size: small;\"><span style=\"color: #000000;\">Pero, \u00bfpuede acaso un hombre ser due\u00f1o de su madre? Mi pueblo pregunta: \u00bfSe puede comprar el aire o la agilidad del venado? \u00bfC\u00f3mo podemos nosotros vender esas cosas, y vosotros c\u00f3mo podr\u00edais comprarlas? \u00bfPod\u00e9is acaso hacer con la tierra lo que os plazca, simplemente porque un piel roja firme un pedazo de papel y se lo entregue a un hombre blanco? Si nosotros no poseemos la frescura del aire, ni el reflejo del agua, \u00bfc\u00f3mo podr\u00e9is comprarlos? \u00bfAcaso podr\u00e9is volver a comprar los bisontes, cuando hay\u00e1is matado hasta el \u00faltimo? <\/span><\/span><\/p>\n<p style=\"text-align: justify;\">\n<p style=\"text-align: justify;\">\n<p style=\"text-align: justify;\">\n<p style=\"text-align: center;\"><span style=\"font-size: small;\"><span style=\"color: #000000;\"><a id=\"rg_hl\" href=\"http:\/\/images.google.com\/imgres?q=El+Jefe+Indio+Seattle&amp;hl=es&amp;gl=es&amp;biw=1109&amp;bih=574&amp;tbm=isch&amp;tbnid=Bqb0RUATQDzzzM:&amp;imgrefurl=http:\/\/www.malditoinsolente.com\/index.php\/la-mente-del-lobo\/bailando-con-lobos\/680-carta-del-jefe-indio-seattle&amp;docid=Kvs1cKWQUg3pFM&amp;w=630&amp;h=481&amp;ei=oGVXTtGjMIm68gPPp_GaDA&amp;zoom=1&amp;iact=hc&amp;vpx=599&amp;vpy=264&amp;dur=2796&amp;hovh=196&amp;hovw=257&amp;tx=163&amp;ty=278&amp;page=9&amp;tbnh=127&amp;tbnw=161&amp;start=147&amp;ndsp=18&amp;ved=1t:429,r:3,s:147\"><img decoding=\"async\" loading=\"lazy\" id=\"rg_hi\" class=\"aligncenter\" src=\"http:\/\/t0.gstatic.com\/images?q=tbn:ANd9GcQQMPc-Gv3NFpS1z_Ki93yqCraaTW9PMYPjQeeGpgmuVzkdRQtKIg\" alt=\"\" width=\"257\" height=\"196\" data-width=\"257\" data-height=\"196\" \/><\/a><\/span><\/span><\/p>\n<div id=\"rg_hx\" style=\"text-align: justify;\">\n<p id=\"rg_ht\" style=\"text-align: center;\">La conexi\u00f3n con la Naturaleza era perfecta<\/p>\n<p style=\"text-align: center;\">\n<\/div>\n<p style=\"text-align: justify;\"><span style=\"font-size: small;\"><span style=\"color: #000000;\">El hombre blanco caminar\u00e1 hacia la destrucci\u00f3n rodeado de gloria. Pero a\u00fan en vuestra hora final os sentir\u00e9is iluminados por la idea de que Dios os trajo a estas tierras y os dio el dominio sobre ellas y sobre el hombre piel roja con alg\u00fan prop\u00f3sito especial. Este designio es un misterio para nosotros. Quiz\u00e1s lo comprendi\u00e9ramos si supi\u00e9semos con qu\u00e9 sue\u00f1a el hombre blanco, qu\u00e9 esperanzas trasmite a sus hijos en las largas noches de invierno y qu\u00e9 ilusiones bullen en su imaginaci\u00f3n para anhelar el ma\u00f1ana. Pero nosotros somos salvajes y los sue\u00f1os del hombre blanco nos permanecen<strong> <\/strong>ocultos.<\/span><\/span><\/p>\n<p style=\"text-align: justify;\"><span style=\"font-size: small;\"><span style=\"color: #000000;\">Cuando todos los b\u00fafalos hayan sido exterminados y todos los caballos salvajes domados, cuando los rec\u00f3nditos rincones de los bosques sean profanados por el aliento de muchos hombres y la vista de las exuberantes colinas est\u00e9 cerrada por un enjambre de cables parlantes\u2026 nos preguntaremos: <\/span><\/span><\/p>\n<p><span style=\"font-size: small;\"><span style=\"color: #000000;\">\u00bfD\u00f3nde est\u00e1 el espeso bosque? Desapareci\u00f3. <\/span><\/span><\/p>\n<p><span style=\"font-size: small;\"><span style=\"color: #000000;\">\u00bfD\u00f3nde est\u00e1 el \u00e1guila? Desapareci\u00f3.<\/span><\/span><\/p>\n<p><span style=\"font-size: small;\"><span style=\"color: #000000;\">As\u00ed termina la vida y comienza la lucha por la supervivencia&#8230;. <\/span><\/span><\/p>\n<p>&nbsp;<\/p>\n<p>&nbsp;<\/p>\n<p>&nbsp;<\/p>\n<p style=\"text-align: center;\"><span style=\"font-size: small;\"><span style=\"color: #000000;\"><a id=\"rg_hl\" href=\"http:\/\/images.google.com\/imgres?q=El+Jefe+Indio+Seattle&amp;hl=es&amp;gl=es&amp;biw=1109&amp;bih=574&amp;tbm=isch&amp;tbnid=rWqQ4el4EofHdM:&amp;imgrefurl=http:\/\/lavozdelarbol.blogspot.com\/2008\/06\/oracin-por-la-naturaleza-de-un-piel.html&amp;docid=COIPOYsHH0uSlM&amp;w=400&amp;h=300&amp;ei=oGVXTtGjMIm68gPPp_GaDA&amp;zoom=1&amp;iact=hc&amp;vpx=421&amp;vpy=266&amp;dur=3131&amp;hovh=194&amp;hovw=259&amp;tx=191&amp;ty=261&amp;page=9&amp;tbnh=127&amp;tbnw=169&amp;start=147&amp;ndsp=18&amp;ved=1t:429,r:2,s:147\"><img decoding=\"async\" loading=\"lazy\" id=\"rg_hi\" class=\"aligncenter\" src=\"http:\/\/t0.gstatic.com\/images?q=tbn:ANd9GcRXH35P4xCluQ5qt2Hveb12fuCy8rkGoXq9ewiwASJy189Ai3k5\" alt=\"\" width=\"259\" height=\"194\" data-width=\"259\" data-height=\"194\" \/><\/a><\/span><\/span><\/p>\n<p style=\"text-align: center;\">\n<p style=\"text-align: center;\">\n<p style=\"text-align: center;\">\n<p style=\"text-align: justify;\">\u00a0<span class=\"Apple-style-span\" style=\"font-size: small;\">Pero nosotros meditaremos vuestra oferta de comprar nuestra tierra, pues sabemos que si no aceptamos vendr\u00e1 seguramente el hombre blanco con armas y nos expulsar\u00e1. Porque el hombre blanco, que detenta moment\u00e1neamente el poder, cree que ya es Dios, a quien pertenece el mundo.<\/span><\/p>\n<p style=\"text-align: justify;\"><span style=\"font-size: small;\"><span style=\"color: #000000;\">Si os cedemos esta tierra amadla tanto como nosotros la am\u00e1bamos, cuidadla tanto como nosotros la cuidamos, y conservad el recuerdo de c\u00f3mo era cuando la tomasteis. Ense\u00f1ad a vuestros hijos lo que nosotros hemos ense\u00f1ado a los nuestros, educadlos como nosotros, para que respeten y amen la tierra con <\/span><\/span><span style=\"font-size: small;\"><span style=\"color: #000000;\">todo su coraz\u00f3n y su esp\u00edritu porque es sagrada.<\/span><\/span><\/p>\n<p style=\"text-align: justify;\"><span style=\"font-size: small;\"><span style=\"color: #000000;\">Verdaderamente conmovedor.<\/span><\/span><\/p>\n<p style=\"text-align: justify;\">\n<p style=\"text-align: justify;\">\n<p style=\"text-align: center;\"><a href=\"http:\/\/bp2.blogger.com\/_q-7wCFvGT6c\/SCa1KwZH4OI\/AAAAAAAAADk\/xVWisVLzfLU\/s1600-h\/canada.jpg\"><img decoding=\"async\" loading=\"lazy\" id=\"BLOGGER_PHOTO_ID_5199042016239411426\" class=\"aligncenter\" style=\"border-style: initial; border-color: initial; border-width: 0px;\" src=\"http:\/\/bp2.blogger.com\/_q-7wCFvGT6c\/SCa1KwZH4OI\/AAAAAAAAADk\/xVWisVLzfLU\/s320\/canada.jpg\" alt=\"\" width=\"320\" height=\"240\" border=\"0\" \/><\/a><\/p>\n<p style=\"text-align: center;\">\n<div style=\"text-align: justify;\">Hermosos lugares como este llev\u00f3 al Jefe Indio Seattle a pensar como lo hac\u00eda, la Naturaleza, la Tierra, era para \u00e9l todo, y, en ella, estaban todos sus antepasados. Cuando miraba la tierra y el discurrir rumoroso de un r\u00edo, o\u00eda las voces de su gente. El mensaje que recib\u00eda era inequ\u00edvoco.<\/div>\n<p>\u00a1En todas partes, en todos los tiempos, en todos los pueblos, existieron hombres sabios!<\/p>\n<\/div>\n<\/div>\n<p>&nbsp;<\/p>\n<div class='bookmark'>\r\n\t\t<table align='left' border='0' cellpadding='0' width='100%'>\r\n\t\t<tr><td><span class='pushbutton'><a href='http:\/\/delicious.com\/post?url=http%3A%2F%2Fwww.emiliosilveravazquez.com%2Fblog%2F2013%2F03%2F22%2Fun-canto-a-la-naturaleza%2F&amp;title=Un+canto+a+la+Naturaleza' title='Delicious' target='_blank' rel='nofollow'><img src='http:\/\/www.emiliosilveravazquez.com\/blog\/wp-content\/plugins\/knxdt-bookmarks-wordpress-plugin\/images\/delicious.png'  alt='' class='book_img' border='none' style='margin:1px; padding: 0;'  \/><\/a><\/span><span class='pushbutton'><a href='http:\/\/digg.com\/submit?url=http%3A%2F%2Fwww.emiliosilveravazquez.com%2Fblog%2F2013%2F03%2F22%2Fun-canto-a-la-naturaleza%2F&amp;title=Un+canto+a+la+Naturaleza' title='Digg' target='_blank' rel='nofollow'><img src='http:\/\/www.emiliosilveravazquez.com\/blog\/wp-content\/plugins\/knxdt-bookmarks-wordpress-plugin\/images\/digg.png'  alt='' class='book_img' border='none' style='margin:1px; padding: 0;'  \/><\/a><\/span><span class='pushbutton'><a href='http:\/\/www.google.com\/bookmarks\/mark?op=edit&amp;bkmk=http%3A%2F%2Fwww.emiliosilveravazquez.com%2Fblog%2F2013%2F03%2F22%2Fun-canto-a-la-naturaleza%2F&amp;title=Un+canto+a+la+Naturaleza' title='Google' target='_blank' rel='nofollow'><img src='http:\/\/www.emiliosilveravazquez.com\/blog\/wp-content\/plugins\/knxdt-bookmarks-wordpress-plugin\/images\/google.png'   alt='' class='book_img' border='none' style='margin:1px; padding: 0;'  \/><\/a><\/span><span class='pushbutton'><a href='http:\/\/myweb2.search.yahoo.com\/myresults\/bookmarklet?u=http%3A%2F%2Fwww.emiliosilveravazquez.com%2Fblog%2F2013%2F03%2F22%2Fun-canto-a-la-naturaleza%2F&amp;t=Un+canto+a+la+Naturaleza' title='Yahoo' target='_blank' rel='nofollow'><img src='http:\/\/www.emiliosilveravazquez.com\/blog\/wp-content\/plugins\/knxdt-bookmarks-wordpress-plugin\/images\/yahoo.png'  alt='' class='book_img' border='none' style='margin:1px; padding: 0;'  \/><\/a><\/span><span class='pushbutton'><a href='http:\/\/www.technorati.com\/faves?add=http%3A%2F%2Fwww.emiliosilveravazquez.com%2Fblog%2F2013%2F03%2F22%2Fun-canto-a-la-naturaleza%2F' title='Technorati' target='_blank' rel='nofollow'><img src='http:\/\/www.emiliosilveravazquez.com\/blog\/wp-content\/plugins\/knxdt-bookmarks-wordpress-plugin\/images\/technorati.png'  alt='' class='book_img' border='none' style='margin:1px; padding: 0;'  \/><\/a><\/span><span class='pushbutton'><a href='http:\/\/meneame.net\/submit.php?url=http%3A%2F%2Fwww.emiliosilveravazquez.com%2Fblog%2F2013%2F03%2F22%2Fun-canto-a-la-naturaleza%2F' title='Meneame' target='_blank' rel='nofollow'><img src='http:\/\/www.emiliosilveravazquez.com\/blog\/wp-content\/plugins\/knxdt-bookmarks-wordpress-plugin\/images\/meneame.png'  alt='' class='book_img' border='none' style='margin:1px; padding: 0;'  \/><\/a><\/span><span class='pushbutton'><a href='http:\/\/enchilame.com\/submit.php?url=http:\/\/www.emiliosilveravazquez.com\/blog\/2013\/03\/22\/un-canto-a-la-naturaleza\/' target='_blank' rel='nofollow'><img title='Enchilame' src='http:\/\/www.emiliosilveravazquez.com\/blog\/wp-content\/plugins\/knxdt-bookmarks-wordpress-plugin\/images\/enchilame.png'  alt='' class='book_img' border='none' style='margin:1px; padding: 0;'  \/><\/a><\/span><span class='pushbutton'><a href='http:\/\/www.blinklist.com\/index.php?Action=Blink\/addblink.php&amp;Description=&amp;Url=http%3A%2F%2Fwww.emiliosilveravazquez.com%2Fblog%2F2013%2F03%2F22%2Fun-canto-a-la-naturaleza%2F&amp;title=Un+canto+a+la+Naturaleza' title='BlinkList' target='_blank' rel='nofollow'><img src='http:\/\/www.emiliosilveravazquez.com\/blog\/wp-content\/plugins\/knxdt-bookmarks-wordpress-plugin\/images\/blinklist.png'  alt='' class='book_img' border='none' style='margin:1px; padding: 0;'  \/><\/a><\/span><span class='pushbutton'><a href='http:\/\/reddit.com\/submit?url=http%3A%2F%2Fwww.emiliosilveravazquez.com%2Fblog%2F2013%2F03%2F22%2Fun-canto-a-la-naturaleza%2F&amp;title=Un+canto+a+la+Naturaleza' title='Reddit' target='_blank' rel='nofollow'><img src='http:\/\/www.emiliosilveravazquez.com\/blog\/wp-content\/plugins\/knxdt-bookmarks-wordpress-plugin\/images\/reddit.png'  alt='' class='book_img' border='none' style='margin:1px; padding: 0;'  \/><\/a><\/span><span class='pushbutton'><a href='http:\/\/www.tecnologiadiaria.com\/2009\/07\/abrir-com-hotmail-correo.html' target='_blank' title='hotmail'><img src='http:\/\/www.emiliosilveravazquez.com\/blog\/wp-content\/plugins\/knxdt-bookmarks-wordpress-plugin\/images\/linklove.png' alt='hotmail correo' class='book_img' border='none' style='margin:1px; padding: 0;' \/><\/a><\/span><span class='pushbutton'><a href='http:\/\/bitacoras.com\/votar\/anotacion\/externo\/mini\/www.emiliosilveravazquez.com\/blog\/2013\/03\/22\/un-canto-a-la-naturaleza\/' title='Bitacoras.com' target='_blank' rel='nofollow'><img src='http:\/\/www.emiliosilveravazquez.com\/blog\/wp-content\/plugins\/knxdt-bookmarks-wordpress-plugin\/images\/bitacoras.png'  alt='' class='book_img' border='none' style='margin:1px; padding: 0;'  \/><\/a><\/span><span class='pushbutton'><a href='http:\/\/www.wikio.es\/vote?url=http%3A%2F%2Fwww.emiliosilveravazquez.com%2Fblog%2F2013%2F03%2F22%2Fun-canto-a-la-naturaleza%2F' title='Wikio' target='_blank' rel='nofollow'><img src='http:\/\/www.emiliosilveravazquez.com\/blog\/wp-content\/plugins\/knxdt-bookmarks-wordpress-plugin\/images\/wikio.png'   alt='' class='book_img' border='none' style='margin:1px; padding: 0;'   \/><\/a><\/span><span class='pushbutton'><a href='http:\/\/friendfeed.com\/?url=http%3A%2F%2Fwww.emiliosilveravazquez.com%2Fblog%2F2013%2F03%2F22%2Fun-canto-a-la-naturaleza%2F&amp;title=Un+canto+a+la+Naturaleza' title='Friend Feed' target='_blank' rel='nofollow'><img src='http:\/\/www.emiliosilveravazquez.com\/blog\/wp-content\/plugins\/knxdt-bookmarks-wordpress-plugin\/images\/friendfeed.png'  alt='' class='book_img' border='none' style='margin:1px; padding: 0;'  \/><\/a><\/span><span class='pushbutton'><a href='http:\/\/www.facebook.com\/share.php?u=http%3A%2F%2Fwww.emiliosilveravazquez.com%2Fblog%2F2013%2F03%2F22%2Fun-canto-a-la-naturaleza%2F&amp;t=Un+canto+a+la+Naturaleza' title='Facebook' target='_blank' rel='nofollow'><img src='http:\/\/www.emiliosilveravazquez.com\/blog\/wp-content\/plugins\/knxdt-bookmarks-wordpress-plugin\/images\/facebook.png'  alt='' class='book_img' border='none' style='margin:1px; padding: 0;'  \/><\/a><\/span><span class='pushbutton'><a href='http:\/\/twitter.com\/home?status=Un+canto+a+la+Naturaleza: http%3A%2F%2Fwww.emiliosilveravazquez.com%2Fblog%2F2013%2F03%2F22%2Fun-canto-a-la-naturaleza%2F' title='Twitter' target='_blank' rel='nofollow'><img src='http:\/\/www.emiliosilveravazquez.com\/blog\/wp-content\/plugins\/knxdt-bookmarks-wordpress-plugin\/images\/twitter.png'  alt='' class='book_img' border='none' style='margin:1px; padding: 0;'  \/><\/a><\/span><span class='pushbutton'><a href='http:\/\/www.feedburner.com\/fb\/a\/emailFlare?itemTitle=Un+canto+a+la+Naturaleza&amp;uri=http%3A%2F%2Fwww.emiliosilveravazquez.com%2Fblog%2F2013%2F03%2F22%2Fun-canto-a-la-naturaleza%2F' title='Enviar por Email' target='_blank' rel='nofollow'><img src='http:\/\/www.emiliosilveravazquez.com\/blog\/wp-content\/plugins\/knxdt-bookmarks-wordpress-plugin\/images\/email.png'  alt='' class='book_img' border='none' style='margin:1px; padding: 0;'  \/><\/a><\/span><span style='font-weight:bold; padding-left: 5px;'><a href='http:\/\/wordpress.org\/extend\/plugins\/knxdt-bookmarks-wordpress-plugin\/' title='Plugin' rel='nofollow' target='_blank'>[?]<\/a><\/span><\/td><\/tr><\/table><br\/><br\/><\/div>","protected":false},"excerpt":{"rendered":"<p>Nuestro compa\u00f1ero y contertulio Floren, nos envi\u00f3 un documento que, a su vez, lo recibi\u00f3 de otra amiga de este lugar, Vanessa. Que consider\u00e1ndolo de inter\u00e9s para todos, aqu\u00ed os lo muestr\u00e9 para que, ley\u00e9ndolo con atenci\u00f3n, pudi\u00e9ris valorar las palabras que, el buen Jefe Seattle dej\u00f3 salir de su coraz\u00f3n expresando todos los sentimientos [&hellip;]<\/p>\n","protected":false},"author":2,"featured_media":0,"comment_status":"open","ping_status":"open","sticky":false,"template":"","format":"standard","meta":{"_s2mail":"yes","footnotes":""},"categories":[36],"tags":[],"_links":{"self":[{"href":"http:\/\/www.emiliosilveravazquez.com\/blog\/wp-json\/wp\/v2\/posts\/5269"}],"collection":[{"href":"http:\/\/www.emiliosilveravazquez.com\/blog\/wp-json\/wp\/v2\/posts"}],"about":[{"href":"http:\/\/www.emiliosilveravazquez.com\/blog\/wp-json\/wp\/v2\/types\/post"}],"author":[{"embeddable":true,"href":"http:\/\/www.emiliosilveravazquez.com\/blog\/wp-json\/wp\/v2\/users\/2"}],"replies":[{"embeddable":true,"href":"http:\/\/www.emiliosilveravazquez.com\/blog\/wp-json\/wp\/v2\/comments?post=5269"}],"version-history":[{"count":0,"href":"http:\/\/www.emiliosilveravazquez.com\/blog\/wp-json\/wp\/v2\/posts\/5269\/revisions"}],"wp:attachment":[{"href":"http:\/\/www.emiliosilveravazquez.com\/blog\/wp-json\/wp\/v2\/media?parent=5269"}],"wp:term":[{"taxonomy":"category","embeddable":true,"href":"http:\/\/www.emiliosilveravazquez.com\/blog\/wp-json\/wp\/v2\/categories?post=5269"},{"taxonomy":"post_tag","embeddable":true,"href":"http:\/\/www.emiliosilveravazquez.com\/blog\/wp-json\/wp\/v2\/tags?post=5269"}],"curies":[{"name":"wp","href":"https:\/\/api.w.org\/{rel}","templated":true}]}}