{"id":524,"date":"2012-05-12T09:25:26","date_gmt":"2012-05-12T08:25:26","guid":{"rendered":"http:\/\/www.emiliosilveravazquez.com\/blog\/?p=524"},"modified":"2012-05-12T09:26:34","modified_gmt":"2012-05-12T08:26:34","slug":"el-universo-se-expande-la-mente-tambien-x","status":"publish","type":"post","link":"http:\/\/www.emiliosilveravazquez.com\/blog\/2012\/05\/12\/el-universo-se-expande-la-mente-tambien-x\/","title":{"rendered":"El Universo se expande, la Mente tambi\u00e9n"},"content":{"rendered":"<p style=\"margin: 0cm 0cm 0pt; text-indent: 45.35pt; text-align: justify; tab-stops: 0cm;\">Sin la teor\u00eda del cuanto de acci\u00f3n de Planck, la radiaci\u00f3n de cuerpo negro, Einnstein no podr\u00eda haber realizado su trabajo sobre el efecto fotoel\u00e9ctrico que m\u00e1s tarde posibilito la construcci\u00f3n de laceres y <a href=\"#\" onclick=\"referencia('maser',event); return false;\">m\u00e1seres<\/a>.\u00a0\u00a0 Tampoco Heisemberg, Dirac, Schr\u00f6dinger y otros muchos, podr\u00edan haber desarrollado la teor\u00eda cu\u00e1ntica sin aquella idea seminal de Planck.<\/p>\n<p style=\"margin: 0cm 0cm 0pt; text-indent: 45.35pt; text-align: justify; tab-stops: 0cm;\">\n<p style=\"margin: 0cm 0cm 0pt; text-indent: 45.35pt; text-align: justify; tab-stops: 0cm;\">Tenemos la obligaci\u00f3n de exponer nuestras ideas que, pareciendo muchas veces incompletas, pueden ser el punto de partida para el desarrollo de grandes teor\u00edas y descubrimientos.\u00a0 Muchas veces se me ocurren ideas que, por pudor, no me atrevo a escribir.\u00a0 Cuando las medito, a m\u00ed mismo me parecen descabelladas y, sin embargo, no me extra\u00f1ar\u00eda que est\u00e9 equivocado en tal clasificaci\u00f3n.\u00a0 Hasta podr\u00edan ser ciertas.<\/p>\n<p style=\"margin: 0cm 0cm 0pt; text-indent: 45.35pt; text-align: justify; tab-stops: 0cm;\">\n<p style=\"margin: 0cm 0cm 0pt; text-indent: 45.35pt; text-align: justify; tab-stops: 0cm;\">Incluso Fedor Dostoievski, en los hermanos karamazov, hizo que su protagonista Ivan Karamazov especulara sobre la existencia de dimensiones m\u00e1s altas y geometr\u00edas no euclinianas durante una discusi\u00f3n sobre la existencia de Dios.<\/p>\n<p style=\"margin: 0cm 0cm 0pt; text-indent: 45.35pt; text-align: justify; tab-stops: 0cm;\">\n<p style=\"margin: 0cm 0cm 0pt; text-indent: 45.35pt; text-align: justify; tab-stops: 0cm;\">Desde siempre, la imaginaci\u00f3n humana, ha especulado con otras dimensiones y universos paralelos (Alicia en el Pa\u00eds de las maravillas).\u00a0 \u00bfSer\u00e1 acaso una especie de mensajes que nos llegan como recuerdos de la materia?<\/p>\n<p style=\"margin: 0cm 0cm 0pt; text-indent: 45.35pt; text-align: justify; tab-stops: 0cm;\">\n<p style=\"margin: 0cm 0cm 0pt; text-indent: 45.35pt; text-align: justify; tab-stops: 0cm;\">Imaginaci\u00f3n:<\/p>\n<p style=\"margin: 0cm 0cm 0pt 90.7pt; text-indent: 45.35pt; text-align: justify; tab-stops: 0cm;\">&#8220;Se trataba de Andr\u00f3meda, hija de Cefeo, rey et\u00edope de Yope, y de Casiopea.\u00a0 Esta se hab\u00eda jactado de que la belleza de su hija superaba a la de todas las Nereidas juntas.\u00a0 Ofendidas por este insulto, las ninfas marinas se quejaron a Poseid\u00f3n, su protector, quien, como castigo, envi\u00f3 un diluvio y al monstruo marino para que asolar\u00eda el reino de Yope.<\/p>\n<p><!--more--><\/p>\n<p style=\"margin: 0cm 0cm 0pt 90.7pt; text-indent: 45.35pt; text-align: justify; tab-stops: 0cm;\">Desesperado, el rey consult\u00f3 or\u00e1culo de Am\u00f3n, que declar\u00f3 que el monstruo no desaparecer\u00eda hasta que la princesa Andr\u00f3meda no fuese sacrificada.\u00a0 Con el coraz\u00f3n partido el rey sigui\u00f3 las indicaciones del or\u00e1culo y abandon\u00f3 a su hija encadenada a una roca voladiza.<\/p>\n<p style=\"margin: 0cm 0cm 0pt 90.7pt; text-indent: 45.35pt; text-align: justify; tab-stops: 0cm;\">Las aguas comenzaron a subir y a bullir en espuma, mientras el monstruo, que estaba cubierto de espumas, energ\u00eda lentamente.<\/p>\n<p style=\"margin: 0cm 0cm 0pt 90.7pt; text-indent: 45.35pt; text-align: justify; tab-stops: 0cm;\">Todos, desde la distancia, estaban mirando la escena, pendientes del monstruo.\u00a0 Nadie se fijo de que manera apareci\u00f3 aquel joven de pies alados que, lanz\u00e1ndose al cuello de la bestia blandiendo una cimitarra (como ya hiciera con Medusa), de un solo golpe decapit\u00f3 al monstruo.<\/p>\n<p style=\"margin: 0cm 0cm 0pt 90.7pt; text-indent: 45.35pt; text-align: justify; tab-stops: 0cm;\">Cuando Perseo liber\u00f3 a Andr\u00f3meda de sus cadenas, sus miradas se encontraron y naci\u00f3 el amor entre sus almas.&#8221;<\/p>\n<p style=\"margin: 0cm 0cm 0pt; text-indent: 45.35pt; text-align: justify; tab-stops: 0cm;\">Historias as\u00ed jalonan la antig\u00fcedad, y, nos muestra, la rica imaginaci\u00f3n que poseemos los humanos, capaces de inventar mundos y situaciones que pueden ser recreados en nuestros pensamientos, los unos terribles y los otros de una inmensa belleza.<\/p>\n<p style=\"margin: 0cm 0cm 0pt; text-indent: 45.35pt; text-align: justify; tab-stops: 0cm;\">Es precisamente, esa imaginaci\u00f3n sin l\u00edmite, la que hace posible que recreemos esos nuevos mundos que, aunque no son reales en el nuestro, no quiere decir que no existan en alg\u00fan otro lugar del Universo que \u00a1es t\u00e1n grande! Es casi tan grande como nuestro poder para imaginar.<\/p>\n<p style=\"margin: 0cm 0cm 0pt; text-indent: 45.35pt; text-align: justify; tab-stops: 0cm;\">\n<p style=\"margin: 0cm 0cm 0pt; text-indent: 45.35pt; text-align: justify; tab-stops: 0cm;\">Imaginaci\u00f3n:<\/p>\n<p style=\"margin: 0cm 0cm 0pt 90.7pt; text-indent: 45.35pt; text-align: justify; tab-stops: 0cm;\">Humel, con paso cansino, agotado, vi\u00f3, por fin, a lo lejos, las luces mortecins del poblado.\u00a0 Su cansancio no era suficiente para ensombrecer la alegr\u00eda que embargaba su coraz\u00f3n.<\/p>\n<p style=\"margin: 0cm 0cm 0pt 90.7pt; text-indent: 45.35pt; text-align: justify; tab-stops: 0cm;\">Hab\u00eda partido de Abera, hac\u00eda ya treinta noches, el camino hasta Adra, la que ahora ten\u00eda delante, era largo y muy peligroso.\u00a0 Sin embargo, el premio val\u00eda la pena.<\/p>\n<p style=\"margin: 0cm 0cm 0pt 90.7pt; text-indent: 45.35pt; text-align: justify; tab-stops: 0cm;\">A todos lo confines del reino hab\u00eda llegado la proclama del rey Yuno, el que pasara las pruebas, se casar\u00eda con su hija, la bella Hilema&#8230;&#8230;.<\/p>\n<p style=\"margin: 0cm 0cm 0pt 90.7pt; text-indent: 45.35pt; text-align: justify; tab-stops: 0cm;\">\n<p style=\"margin: 0cm 0cm 0pt; text-indent: 45.35pt; text-align: justify; tab-stops: 0cm;\">De esta manera podr\u00eda continuar durante mil folios y contar una bella historia de personajes que ir\u00edan viviendo situaciones conforme quisiera mi imaginaci\u00f3n.\u00a0 Tenemos a nuestra disposici\u00f3n un enorme tesoro que, muchas veces, no sabemos aprovechar.<\/p>\n<p style=\"margin: 0cm 0cm 0pt; text-indent: 45.35pt; text-align: justify; tab-stops: 0cm;\">Bueno, lo que trato de decir con tanta palabrer\u00eda, es que estamos en posesi\u00f3n de una herramienta de enorme poder, el cerebro.\u00a0 \u00bfQu\u00e9 se nos puede resistir? Creo, que con tiempo por delante, Nada.<\/p>\n<p style=\"margin: 0cm 0cm 0pt; text-indent: 45.35pt; text-align: justify; tab-stops: 0cm;\">\n<p style=\"margin: 0cm 0cm 0pt; text-indent: 45.35pt; text-align: justify; tab-stops: 0cm;\">Ahora encontraremos la part\u00edcula de <a href=\"#\" onclick=\"referencia('higgs',event); return false;\">Higgs<\/a> que nos dar\u00e1 informaci\u00f3n para poder abrir muchas puertas cerradas, ser\u00e1 una llave maestra.\u00a0 Seguramente, tambi\u00e9n con el LHC, aparecer\u00e1n los esquivos <a href=\"#\" onclick=\"referencia('quarks',event); return false;\">quarks<\/a> y tambi\u00e9n los Gluones, daremos un paso enorme en el conocimiento de la materia y del Universo. Y, \u00bfel <a href=\"#\" onclick=\"referencia('graviton',event); return false;\">gravit\u00f3n<\/a>?.<\/p>\n<p style=\"margin: 0cm 0cm 0pt; text-indent: 45.35pt; text-align: justify; tab-stops: 0cm;\">\n<p style=\"margin: 0cm 0cm 0pt; text-indent: 45.35pt; text-align: justify; tab-stops: 0cm;\">Despu\u00e9s continuaremos, teniendo nuevas ideas y conocimientos, con la dichosa <a href=\"#\" onclick=\"referencia('supercuerdas teoria',event); return false;\">teor\u00eda M<\/a> que, a\u00fan nos queda muy lejos.\u00a0 Para verificarla necesitar\u00edamos disponer de la energ\u00eda de Planck.<\/p>\n<p style=\"margin: 0cm 0cm 0pt; text-indent: 45.35pt; text-align: justify; tab-stops: 0cm;\">\n<p style=\"margin: 0cm 0cm 0pt; text-indent: 45.35pt; text-align: justify; tab-stops: 0cm 234.0pt;\">Pensemos en la masa de una part\u00edcula cuya longitud de onda compton es igual a la <a href=\"#\" onclick=\"referencia('planck longitud de',event); return false;\">longitud de Planck<\/a>.\u00a0 Esta dada por F\u00f3rmula, donde \u0452 es la <a href=\"#\" onclick=\"referencia('planck constante de',event); return false;\">constante de Planck<\/a> racionalizada, c es la velocidad de la luz y G es la constante gravitacional.\u00a0 La descripci\u00f3n de una part\u00edcula elemental de esta masa, o part\u00edculas que interaccionan con energ\u00edas por part\u00edcula equivalente a ella, requiere una teor\u00eda cu\u00e1ntica de la gravedad.\u00a0 Como la <a href=\"#\" onclick=\"referencia('planck masa de',event); return false;\">masa de Planck<\/a> es del orden de 10<sup>-8<\/sup> Kg (equivalente a una energ\u00eda de 10<sup>19<\/sup> GeV) y, por ejemplo, la masa del <a href=\"#\" onclick=\"referencia('proton',event); return false;\">prot\u00f3n<\/a> es del orden de 10<sup>-27<\/sup> kg y las mayores energ\u00edas alcanzables en los aceleradores de part\u00edculas actuales (antes del LHC) son del orden de 10<sup>3<\/sup> GeV, los efectos de gravitaci\u00f3n cu\u00e1ntica no aparecen en los laboratorios de f\u00edsica de part\u00edculas.\u00a0Sin embargo, en el universo primitivo las part\u00edculas ten\u00edan energ\u00edas del orden de la <a href=\"#\" onclick=\"referencia('planck masa de',event); return false;\">masa de Planck<\/a>, de acuerdo con la teor\u00eda del <a href=\"#\" onclick=\"referencia('big bang',event); return false;\">Big Bang<\/a>, y es, por tanto, necesaria una teor\u00eda cu\u00e1ntica de la Gravedad que es, precisamente, lo que nos promete, la <a href=\"#\" onclick=\"referencia('supercuerdas teoria',event); return false;\">teor\u00eda M<\/a>:<\/p>\n<p style=\"margin: 0cm 0cm 0pt; text-indent: 45.35pt; text-align: justify; tab-stops: 0cm 234.0pt;\">\n<p style=\"margin: 0cm 0cm 0pt; text-indent: 45.35pt; text-align: justify; tab-stops: 0cm 234.0pt;\">Mec\u00e1nica Cu\u00e1ntica y Relatividad General \u00bfjuntas? \u00bfPara Cu\u00e1ndo?<\/p>\n<p style=\"margin: 0cm 0cm 0pt; text-indent: 45.35pt; text-align: justify; tab-stops: 0cm 234.0pt;\">\n<p style=\"margin: 0cm 0cm 0pt; text-indent: 45.35pt; text-align: justify; tab-stops: 0cm 234.0pt;\">Ese nuevo Universo de dimensiones m\u00e1s altas donde todo tiene cabida cualquier interacci\u00f3n incorporando <a href=\"#\" onclick=\"referencia('supersimetria',event); return false;\">supersimetr\u00eda<\/a> y en la que los objetos b\u00e1sicos son objetos unidimensionales (supercuerdas).<\/p>\n<p style=\"margin: 0cm 0cm 0pt; text-indent: 45.35pt; text-align: justify; tab-stops: 0cm 234.0pt;\">\n<p style=\"margin: 0cm 0cm 0pt; text-indent: 45.35pt; text-align: justify; tab-stops: 0cm 234.0pt;\">Se piensa que las supercuerdas tienen una escala de longitud de unos 10<sup>-35<\/sup>m y, como distancias muy cortas est\u00e1n asociadas a energ\u00edas muy altas que, como dije antes, son del orden de 10<sup>19 <\/sup>GeV, muy por encima de la energ\u00eda que se podr\u00eda conseguir hoy.<\/p>\n<p style=\"margin: 0cm 0cm 0pt; text-indent: 45.35pt; text-align: justify; tab-stops: 0cm 234.0pt;\">\n<p style=\"margin: 0cm 0cm 0pt; text-indent: 45.35pt; text-align: justify; tab-stops: 0cm 234.0pt;\">Las cuerdas asociadas con los <a href=\"#\" onclick=\"referencia('bosones',event); return false;\">bosones<\/a> s\u00f3lo son consistentes como teor\u00edas cu\u00e1nticas en un espacio-tiempo de 26 dimensiones; aquellas asociadas con <a href=\"#\" onclick=\"referencia('fermion',event); return false;\">fermiones<\/a> s\u00f3lo lo son en un espacio-tiempo de 10 dimensiones.\u00a0 Se piensa que las cuatro dimensiones microsc\u00f3picas surgen por un mecanismo de <a href=\"#\" onclick=\"referencia('kaluza klein',event); return false;\">Kaluza-Klein<\/a>, estando las restantes dimensiones &#8220;enrolladas&#8221; para ser muy peque\u00f1as en la <a href=\"#\" onclick=\"referencia('planck longitud de',event); return false;\">longitud de Planck<\/a>.<\/p>\n<p style=\"margin: 0cm 0cm 0pt; text-indent: 45.35pt; text-align: justify; tab-stops: 0cm 234.0pt;\">\n<p style=\"margin: 0cm 0cm 0pt; text-indent: 45.35pt; text-align: justify; tab-stops: 0cm 234.0pt;\">Una de las caracter\u00edsticas m\u00e1s atractivas de la <a href=\"#\" onclick=\"referencia('supercuerdas teoria',event); return false;\">teor\u00eda de supercuerdas<\/a> es que dan lugar a part\u00edculas de <a href=\"#\" onclick=\"referencia('espin',event); return false;\">esp\u00edn<\/a> 2, que son identificadas con los <a href=\"#\" onclick=\"referencia('graviton',event); return false;\">gravitones<\/a>.\u00a0 Por tanto, una <a href=\"#\" onclick=\"referencia('supercuerdas teoria',event); return false;\">teor\u00eda de supercuerdas<\/a> autom\u00e1ticamente contiene una teor\u00eda cu\u00e1ntica de la interacci\u00f3n gravitacional.\u00a0 Se piensa que las supercuerdas est\u00e1n libres de infinitos que no pueden ser elminados por renormalizaci\u00f3n, que plagan todos los intentos de construir una teor\u00eda cu\u00e1ntica de campos que incorpore la gravedad.\u00a0 Hay algunas evidencias de que la <a href=\"#\" onclick=\"referencia('supercuerdas teoria',event); return false;\">teor\u00eda de supercuerdas<\/a> esta libre de esos infinitos indeseables,\u00a0 pero no hay prueba definitiva.<\/p>\n<p style=\"margin: 0cm 0cm 0pt; text-indent: 45.35pt; text-align: justify; tab-stops: 0cm 234.0pt;\">\n<p style=\"margin: 0cm 0cm 0pt; text-indent: 45.35pt; text-align: justify; tab-stops: 0cm 234.0pt;\">Aunque carecemos de pruebas evidentes de supercuerdas, algunas caracter\u00edstica de las supercuerdas son compatibles con los hechos experimentales observados en las part\u00edculas elementales, como la posibilidad de las part\u00edculas nos respeten paridad, lo que en efecto ocurre en las interacciones d\u00e9biles.<\/p>\n<p style=\"margin: 0cm 0cm 0pt; text-indent: 45.35pt; text-align: justify; tab-stops: 0cm 234.0pt;\">\n<p style=\"margin: 0cm 0cm 0pt; text-indent: 45.35pt; text-align: justify; tab-stops: 0cm 234.0pt;\">Aunque nuestras posibilidades energ\u00e9ticas y t\u00e9cnicas, hoy en d\u00eda, son nulos para obtener las 10<sup>19<\/sup> GeV que ser\u00edan necesarios para verificar las supercuerdas, no tenemos que descartar que, se pueda avanzar por indicios y datos experimentales indirectos que vayan cubriendo peque\u00f1as parcelas de ese total que ser\u00e1 la <a href=\"#\" onclick=\"referencia('supercuerdas teoria',event); return false;\">teor\u00eda M<\/a>.<\/p>\n<p style=\"margin: 0cm 0cm 0pt; text-indent: 45.35pt; text-align: justify; tab-stops: 0cm 234.0pt;\">\n<p style=\"margin: 0cm 0cm 0pt; text-indent: 45.35pt; text-align: justify; tab-stops: 0cm 234.0pt;\">Mientras tanto, Edgard Witten, contin\u00faa pensando, su privilegiado cerebro matem\u00e1tico desarrollo cientos de ecuaciones mientras parece que mira, fijamente, al paisaje.<\/p>\n<p style=\"margin: 0cm 0cm 0pt; text-indent: 45.35pt; text-align: justify; tab-stops: 0cm 234.0pt;\">\n<p style=\"margin: 0cm 0cm 0pt; text-indent: 45.35pt; text-align: justify; tab-stops: 0cm 234.0pt;\">Parece que esa rama de la geometr\u00eda que se ocupa de las propiedades de los objetos geom\u00e9tricos que permanecen inalterados bajo deformaciones continuas, como el doblado, estirado, etc.\u00a0 Son t\u00e9cnicas matem\u00e1ticas que emplean la topolog\u00eda son de gran importancia en las teor\u00edas modernas de las interacciones fundamentales.<\/p>\n<p style=\"margin: 0cm 0cm 0pt; text-indent: 45.35pt; text-align: justify; tab-stops: 0cm 234.0pt;\">\n<p style=\"margin: 0cm 0cm 0pt; text-indent: 45.35pt; text-align: justify; tab-stops: 0cm 234.0pt;\">Haber qu\u00e9 matem\u00e1ticas podemos tener en las pr\u00f3ximos 30 a\u00f1os, cuando tengamos la fusi\u00f3n para producir energ\u00eda barata, y, entonces, seguramente, Witten, o cualquier otro nuevo genio, nos dar\u00eda una agradable sorpresa.<\/p>\n<p style=\"margin: 0cm 0cm 0pt; text-indent: 45.35pt; text-align: justify; tab-stops: 0cm 234.0pt;\">\n<p style=\"margin: 0cm 0cm 0pt; text-indent: 45.35pt; text-align: justify; tab-stops: 0cm 234.0pt;\">El t\u00edtulo del presente trabajo, referido a la expansi\u00f3n del Universo y de la mente, no tiene m\u00e1s conexi\u00f3n que la que, en s\u00ed mismo se lee.\u00a0 El Universo se expansiona continuamente, nuestra mente tambi\u00e9n. Formamos parte del Universo y con \u00e9l, crecemos.<\/p>\n<p style=\"margin: 0cm 0cm 0pt; text-indent: 45.35pt; text-align: justify; tab-stops: 0cm 234.0pt;\">\n<p style=\"margin: 0cm 0cm 0pt; text-indent: 45.35pt; text-align: justify; tab-stops: 0cm 234.0pt;\">En el tratado filos\u00f3fico de Arist\u00f3teles, a los que los comentaristas llamaron Filosof\u00eda primera y tambi\u00e9n Teolog\u00eda, aparecen referencias a la Metaf\u00edsica como la ciencia del ser, y trata de indagar las primeras causas y principios de las cosas, la naturaleza \u00edntima y el destino de los seres.<\/p>\n<p style=\"margin: 0cm 0cm 0pt; text-indent: 45.35pt; text-align: justify; tab-stops: 0cm 234.0pt;\">\n<p style=\"margin: 0cm 0cm 0pt; text-indent: 45.35pt; text-align: justify; tab-stops: 0cm 234.0pt;\">La metaf\u00edsica, desde Wolf, se ha dividido en autolog\u00eda o doctrina del ser, y metaf\u00edsica especial, que se subdivide en cosmolog\u00eda, que trata de la naturaleza, causa y origen del mundo; <a href=\"#\" onclick=\"referencia('psi',event); return false;\">psi<\/a>colog\u00eda racional, que hace el mismo estudio en relaci\u00f3n al Alma Humana, y teolog\u00eda natural o teodicea, cuyo objeto es la demostraci\u00f3n de la existencia de Dios, la naturaleza divina y sus relaciones con el mundo.\u00a0 Ha sido combatida por los emp\u00edricos, naturalistas y agn\u00f3sticos.\u00a0 En especial Kant y los sistemas positivistas modernos son los que tuvieron m\u00e1s peque\u00f1o en negar su posibilidad y su car\u00e1cter cient\u00edfico.<\/p>\n<p style=\"margin: 0cm 0cm 0pt; text-indent: 45.35pt; text-align: justify; tab-stops: 0cm 234.0pt;\">\n<p style=\"margin: 0cm 0cm 0pt; text-indent: 45.35pt; text-align: justify; tab-stops: 0cm 234.0pt;\">Es interesante, profundicemos algo m\u00e1s. (Ta meta ta physika) Obra de Arist\u00f3teles, dada a conocer por su disc\u00edpulo Andr\u00f3nico de Rodas h.70 a. de C.Su autor se centra en el estudio del ser en tanto ser, es decir, del ser en un sentido eminente, forma sin materia o acto puro.\u00a0\u00a0 Aborda la metaf\u00edsica a partir de una cr\u00edtica de los sistemas precedentes, en especial el de Plat\u00f3n.<\/p>\n<p style=\"margin: 0cm 0cm 0pt; text-indent: 45.35pt; text-align: justify; tab-stops: 0cm 234.0pt;\">\n<p style=\"margin: 0cm 0cm 0pt; text-indent: 45.35pt; text-align: justify; tab-stops: 0cm 234.0pt;\">Arist\u00f3teles abord\u00f3 el saber emp\u00edrico, techn\u00e9 y ciencia, la metaf\u00edsica en particular, el m\u00e9todo para estudiar metaf\u00edsica, an\u00e1lisis de ciertos axiomas como el principio de no-contradicci\u00f3n, claves y conceptos de metaf\u00edsica, la sustancia y el movimiento, de lo uno y lo m\u00faltiple, del primer motor inm\u00f3vil (la divinidad) y sobre las ideas.<\/p>\n<p style=\"margin: 0cm 0cm 0pt; text-indent: 45.35pt; text-align: justify; tab-stops: 0cm 234.0pt;\">\n<p style=\"margin: 0cm 0cm 0pt; text-indent: 45.35pt; text-align: justify; tab-stops: 0cm 234.0pt;\">Fue el primer fil\u00f3sofo que escribi\u00f3 un tratado sistem\u00e1tico de metaf\u00edsica y definido el objeto de esta disciplina.\u00a0 Andr\u00f3nico, como antes dec\u00eda, se top\u00f3 con unos manuscritos del maestro, situados m\u00e1s all\u00e1 de los libros de la F\u00edsica (Ta meta ta physika), de ah\u00ed el nombre: metaf\u00edsica.\u00a0 No es de extra\u00f1ar, por lo tanto, que esta palabra, que connota un tipo de conocimiento transf\u00edsico, haya sido utilizada por numerosas doctrinas ocultistas de toda indole.<\/p>\n<p style=\"margin: 0cm 0cm 0pt; text-indent: 45.35pt; text-align: justify; tab-stops: 0cm 234.0pt;\">El t\u00e9rmino tuvo excelente acogida y fue utilizado, en adelante, para denominar a aquella parte de la filosof\u00eda que versa sobre el ser (to \u00f3n).<\/p>\n<p style=\"margin: 0cm 0cm 0pt; text-indent: 45.35pt; text-align: justify; tab-stops: 0cm 234.0pt;\">\n<p style=\"margin: 0cm 0cm 0pt; text-indent: 45.35pt; text-align: justify; tab-stops: 0cm 234.0pt;\">Mus\u00eda: la sustancia, la esencia.<\/p>\n<p style=\"margin: 0cm 0cm 0pt; text-indent: 45.35pt; text-align: justify; tab-stops: 0cm 234.0pt;\">\n<p style=\"margin: 0cm 0cm 0pt; text-indent: 45.35pt; text-align: justify; tab-stops: 0cm 234.0pt;\">El problema de definir el objeto y el m\u00e9todo de la metaf\u00edsica surge de la dificultad inherente al problema del ser (to \u00f3n), cuya multiplicidad de sentidos (todas las cosas son, pero no de la misma manera) se deduce de un an\u00e1lisis de las oraciones copulativas, en las que un predicado se atribuye a un sujeto de dos maneras radicalmente distintas entre s\u00ed: afirmando aquellas caracter\u00edsticas que definen esencialmente al sujeto (esencia, sustancia, que es algo) o a una cualidad o caracter\u00edstica inherente al sujeto y en ning\u00fan modo definitoria de su esencia (accidentes).<\/p>\n<p style=\"margin: 0cm 0cm 0pt; text-indent: 45.35pt; text-align: justify; tab-stops: 0cm 234.0pt;\">\n<p style=\"margin: 0cm 0cm 0pt; text-indent: 45.35pt; text-align: justify; tab-stops: 0cm 234.0pt;\">Estas maneras de decirse el ser se corresponden, seg\u00fan el estagirita, con las diez categor\u00edas de formas de ligarse un predicado a un sujeto: esencia o sustancia, cantidad, cualidad, relaci\u00f3n, lugar, tiempo, situaci\u00f3n, posesi\u00f3n, acci\u00f3n y pasi\u00f3n.<\/p>\n<p style=\"margin: 0cm 0cm 0pt; text-indent: 45.35pt; text-align: justify; tab-stops: 0cm 234.0pt;\">\n<p style=\"margin: 0cm 0cm 0pt; text-indent: 45.35pt; text-align: justify; tab-stops: 0cm 234.0pt;\">En cuanto al m\u00e9todo de conocimiento utilizado por la metaf\u00edsica, este no es experimental (a posteriori) o emp\u00edrico, sino que se basa en deducciones anticipadas, es decir, independiente de la experiencia.<\/p>\n<p style=\"margin: 0cm 0cm 0pt; text-indent: 45.35pt; text-align: justify; tab-stops: 0cm 234.0pt;\">\n<p style=\"margin: 0cm 0cm 0pt; text-indent: 45.35pt; text-align: justify; tab-stops: 0cm 234.0pt;\">Arist\u00f3teles, \u00bfqu\u00e9 duda nos puede caber?, fue un pilar de la filosof\u00eda y el pensamiento que ha llegado a nuestros d\u00edas con m\u00faltiples variantes de la evoluci\u00f3n l\u00f3gica de los tiempos.<\/p>\n<p style=\"margin: 0cm 0cm 0pt; text-indent: 45.35pt; text-align: justify; tab-stops: 0cm 234.0pt;\">\n<p style=\"margin: 0cm 0cm 0pt; text-indent: 45.35pt; text-align: justify; tab-stops: 0cm 234.0pt;\">&#8220;Todas las cosas son, pero no de la misma manera.&#8221;<\/p>\n<p style=\"margin: 0cm 0cm 0pt; text-indent: 45.35pt; text-align: justify; tab-stops: 0cm 234.0pt;\">\n<p style=\"margin: 0cm 0cm 0pt; text-indent: 45.35pt; text-align: justify; tab-stops: 0cm 234.0pt;\">La frase tiene guasa.\u00a0 En tan simple expresi\u00f3n est\u00e1 encerrada la verdad del Universo.\u00a0 Nosotros hablamos de &#8220;ser&#8221; y queremos referirnos a lo que piensa y siente, a lo que tiene conciencia.<\/p>\n<p style=\"margin: 0cm 0cm 0pt; text-indent: 45.35pt; text-align: justify; tab-stops: 0cm 234.0pt;\">\n<p style=\"margin: 0cm 0cm 0pt; text-indent: 45.35pt; text-align: justify; tab-stops: 0cm 234.0pt;\">En la frasecita de marras, a las cosas (la materia), se le concede la categor\u00eda de ser.\u00a0 Si lo pensamos detenida y profundamente, es as\u00ed.\u00a0 Todo, en cada momento, ocupa su lugar en el tiempo que le ha tocado vivir.\u00a0 La ley de la conservaci\u00f3n de la masa es muy significativa. \u00bfD\u00f3nde estaba la materia que conforma ni ser, hace 3.000 millones de a\u00f1os? Posiblemente estaba a miles de millones de grados de temperatura en el n\u00facleo de una estrella situada a 9.500 a\u00f1os-luz de nuestro (ahora) Sistema Solar.<\/p>\n<p style=\"margin: 0cm 0cm 0pt; text-indent: 45.35pt; text-align: justify; tab-stops: 0cm 234.0pt;\">\n<p style=\"margin: 0cm 0cm 0pt; text-indent: 45.35pt; text-align: justify; tab-stops: 0cm 234.0pt;\">Pero esa materia era, y, a su manera, ten\u00eda su propia conciencia, en aquel momento y en aquel lugar, le toc\u00f3 <span style=\"text-decoration: underline;\">ser<\/span> aquella cosa.\u00a0 Todo\u00a0 ES.<\/p>\n<p style=\"margin: 0cm 0cm 0pt; text-indent: 45.35pt; text-align: justify; tab-stops: 0cm 234.0pt;\">\n<p style=\"margin: 0cm 0cm 0pt; text-indent: 45.35pt; text-align: justify; tab-stops: 0cm 234.0pt;\">La metaf\u00edsica es lo que trasciende, lo superior, el ser supremo, el Universo de lo sensorial, tener el conocimiento sin saberlo.<\/p>\n<p style=\"margin: 0cm 0cm 0pt; text-indent: 45.35pt; text-align: justify; tab-stops: 0cm 234.0pt;\">\n<p style=\"margin: 0cm 0cm 0pt; text-indent: 45.35pt; text-align: justify; tab-stops: 0cm 234.0pt;\">Cuando se rebasan los l\u00edmites de la raz\u00f3n, las ideas entran en el mundo de lo ilusorio, sin embargo, d\u00f3nde est\u00e1 ese limite.<\/p>\n<p style=\"margin: 0cm 0cm 0pt; text-indent: 45.35pt; text-align: justify; tab-stops: 0cm 234.0pt;\">\n<p style=\"margin: 0cm 0cm 0pt; text-indent: 45.35pt; text-align: justify; tab-stops: 0cm 234.0pt;\">El cuerpo y El alma: Heterog\u00e9neos e incluso incompatibles entre s\u00ed: el mundo material, el cuerpo humano es una m\u00e1quina que se comporta siguiendo las estrictas leyes del mecanismo.<\/p>\n<p style=\"margin: 0cm 0cm 0pt; text-indent: 45.35pt; text-align: justify; tab-stops: 0cm 234.0pt;\">\n<p style=\"margin: 0cm 0cm 0pt; text-indent: 45.35pt; text-align: justify; tab-stops: 0cm 234.0pt;\">La mente, sin embargo, no puede ser reducida a lo puramente mec\u00e1nico, rigi\u00e9ndose por otros principios absolutamente diferentes, divergentes, superiores.<\/p>\n<p style=\"margin: 0cm 0cm 0pt; text-indent: 45.35pt; text-align: justify; tab-stops: 0cm 234.0pt;\">\n<p style=\"margin: 0cm 0cm 0pt; text-indent: 45.35pt; text-align: justify; tab-stops: 0cm 234.0pt;\">Por lo tanto, dependiendo de si lo que existe se concibe como una entidad material o una entidad puramente espiritual, la metaf\u00edsica genera dos concepciones radicalmente distintas: el materialismo (Dem\u00f3crito, Epicuro, Hobbes, Marx y Engels, etc.) y el idealismo (Plat\u00f3n, Berkeley, Hegels, etc). Concepciones que se reflejan no s\u00f3lo en el \u00e1mbito estrictamente filos\u00f3fico, sino en la propia ciencia que, como sabemos, no est\u00e1 al margen de presupuestos metaf\u00edsicos.<\/p>\n<p style=\"margin: 0cm 0cm 0pt; text-indent: 45.35pt; text-align: justify; tab-stops: 0cm 234.0pt;\">\n<p style=\"margin: 0cm 0cm 0pt; text-indent: 45.35pt; text-align: justify; tab-stops: 0cm 234.0pt;\">Muchas veces, como el balbuceo de un ni\u00f1o, hablamos de cosas que no entendemos, es simplemente una mara\u00f1a de ideas que nos ronda por la cabeza y, nosotros, osados como siempre, decimos lo que se nos ocurre sobre ellas, y, lo sorprendente es, que a veces, hasta acertamos.<\/p>\n<p style=\"margin: 0cm 0cm 0pt; text-indent: 45.35pt; text-align: justify; tab-stops: 0cm 234.0pt;\">\u00bfNo estaremos llamados a empresas m\u00e1s grandes y trancendentes?<\/p>\n<p style=\"margin: 0cm 0cm 0pt; text-indent: 45.35pt; text-align: justify; tab-stops: 0cm 234.0pt;\">Nuestro lugar final ser\u00e1 el del regreso a las estrellas de donde procedemos, y, como para que eso llegue y sea una realidad a\u00fan falta mucho, esperemos mientras tanto aprovechando el tiempo y trabajando para desvelar los misterios de la Naturaleza que nos impiden avanzar.<\/p>\n<p style=\"margin: 0cm 0cm 0pt; text-indent: 45.35pt; text-align: justify; tab-stops: 0cm 234.0pt;\">emilio silvera<\/p>\n<div class='bookmark'>\r\n\t\t<table align='left' border='0' cellpadding='0' width='100%'>\r\n\t\t<tr><td><span class='pushbutton'><a href='http:\/\/delicious.com\/post?url=http%3A%2F%2Fwww.emiliosilveravazquez.com%2Fblog%2F2012%2F05%2F12%2Fel-universo-se-expande-la-mente-tambien-x%2F&amp;title=El+Universo+se+expande%2C+la+Mente+tambi%C3%A9n' title='Delicious' target='_blank' rel='nofollow'><img src='http:\/\/www.emiliosilveravazquez.com\/blog\/wp-content\/plugins\/knxdt-bookmarks-wordpress-plugin\/images\/delicious.png'  alt='' class='book_img' border='none' style='margin:1px; padding: 0;'  \/><\/a><\/span><span class='pushbutton'><a href='http:\/\/digg.com\/submit?url=http%3A%2F%2Fwww.emiliosilveravazquez.com%2Fblog%2F2012%2F05%2F12%2Fel-universo-se-expande-la-mente-tambien-x%2F&amp;title=El+Universo+se+expande%2C+la+Mente+tambi%C3%A9n' title='Digg' target='_blank' rel='nofollow'><img src='http:\/\/www.emiliosilveravazquez.com\/blog\/wp-content\/plugins\/knxdt-bookmarks-wordpress-plugin\/images\/digg.png'  alt='' class='book_img' border='none' style='margin:1px; padding: 0;'  \/><\/a><\/span><span class='pushbutton'><a href='http:\/\/www.google.com\/bookmarks\/mark?op=edit&amp;bkmk=http%3A%2F%2Fwww.emiliosilveravazquez.com%2Fblog%2F2012%2F05%2F12%2Fel-universo-se-expande-la-mente-tambien-x%2F&amp;title=El+Universo+se+expande%2C+la+Mente+tambi%C3%A9n' title='Google' target='_blank' rel='nofollow'><img src='http:\/\/www.emiliosilveravazquez.com\/blog\/wp-content\/plugins\/knxdt-bookmarks-wordpress-plugin\/images\/google.png'   alt='' class='book_img' border='none' style='margin:1px; padding: 0;'  \/><\/a><\/span><span class='pushbutton'><a href='http:\/\/myweb2.search.yahoo.com\/myresults\/bookmarklet?u=http%3A%2F%2Fwww.emiliosilveravazquez.com%2Fblog%2F2012%2F05%2F12%2Fel-universo-se-expande-la-mente-tambien-x%2F&amp;t=El+Universo+se+expande%2C+la+Mente+tambi%C3%A9n' title='Yahoo' target='_blank' rel='nofollow'><img src='http:\/\/www.emiliosilveravazquez.com\/blog\/wp-content\/plugins\/knxdt-bookmarks-wordpress-plugin\/images\/yahoo.png'  alt='' class='book_img' border='none' style='margin:1px; padding: 0;'  \/><\/a><\/span><span class='pushbutton'><a href='http:\/\/www.technorati.com\/faves?add=http%3A%2F%2Fwww.emiliosilveravazquez.com%2Fblog%2F2012%2F05%2F12%2Fel-universo-se-expande-la-mente-tambien-x%2F' title='Technorati' target='_blank' rel='nofollow'><img src='http:\/\/www.emiliosilveravazquez.com\/blog\/wp-content\/plugins\/knxdt-bookmarks-wordpress-plugin\/images\/technorati.png'  alt='' class='book_img' border='none' style='margin:1px; padding: 0;'  \/><\/a><\/span><span class='pushbutton'><a href='http:\/\/meneame.net\/submit.php?url=http%3A%2F%2Fwww.emiliosilveravazquez.com%2Fblog%2F2012%2F05%2F12%2Fel-universo-se-expande-la-mente-tambien-x%2F' title='Meneame' target='_blank' rel='nofollow'><img src='http:\/\/www.emiliosilveravazquez.com\/blog\/wp-content\/plugins\/knxdt-bookmarks-wordpress-plugin\/images\/meneame.png'  alt='' class='book_img' border='none' style='margin:1px; padding: 0;'  \/><\/a><\/span><span class='pushbutton'><a href='http:\/\/enchilame.com\/submit.php?url=http:\/\/www.emiliosilveravazquez.com\/blog\/2012\/05\/12\/el-universo-se-expande-la-mente-tambien-x\/' target='_blank' rel='nofollow'><img title='Enchilame' src='http:\/\/www.emiliosilveravazquez.com\/blog\/wp-content\/plugins\/knxdt-bookmarks-wordpress-plugin\/images\/enchilame.png'  alt='' class='book_img' border='none' style='margin:1px; padding: 0;'  \/><\/a><\/span><span class='pushbutton'><a href='http:\/\/www.blinklist.com\/index.php?Action=Blink\/addblink.php&amp;Description=&amp;Url=http%3A%2F%2Fwww.emiliosilveravazquez.com%2Fblog%2F2012%2F05%2F12%2Fel-universo-se-expande-la-mente-tambien-x%2F&amp;title=El+Universo+se+expande%2C+la+Mente+tambi%C3%A9n' title='BlinkList' target='_blank' rel='nofollow'><img src='http:\/\/www.emiliosilveravazquez.com\/blog\/wp-content\/plugins\/knxdt-bookmarks-wordpress-plugin\/images\/blinklist.png'  alt='' class='book_img' border='none' style='margin:1px; padding: 0;'  \/><\/a><\/span><span class='pushbutton'><a href='http:\/\/reddit.com\/submit?url=http%3A%2F%2Fwww.emiliosilveravazquez.com%2Fblog%2F2012%2F05%2F12%2Fel-universo-se-expande-la-mente-tambien-x%2F&amp;title=El+Universo+se+expande%2C+la+Mente+tambi%C3%A9n' title='Reddit' target='_blank' rel='nofollow'><img src='http:\/\/www.emiliosilveravazquez.com\/blog\/wp-content\/plugins\/knxdt-bookmarks-wordpress-plugin\/images\/reddit.png'  alt='' class='book_img' border='none' style='margin:1px; padding: 0;'  \/><\/a><\/span><span class='pushbutton'><a href='http:\/\/www.tecnologiadiaria.com\/2009\/07\/abrir-com-hotmail-correo.html' target='_blank' title='hotmail'><img src='http:\/\/www.emiliosilveravazquez.com\/blog\/wp-content\/plugins\/knxdt-bookmarks-wordpress-plugin\/images\/linklove.png' alt='hotmail correo' class='book_img' border='none' style='margin:1px; padding: 0;' \/><\/a><\/span><span class='pushbutton'><a href='http:\/\/bitacoras.com\/votar\/anotacion\/externo\/mini\/www.emiliosilveravazquez.com\/blog\/2012\/05\/12\/el-universo-se-expande-la-mente-tambien-x\/' title='Bitacoras.com' target='_blank' rel='nofollow'><img src='http:\/\/www.emiliosilveravazquez.com\/blog\/wp-content\/plugins\/knxdt-bookmarks-wordpress-plugin\/images\/bitacoras.png'  alt='' class='book_img' border='none' style='margin:1px; padding: 0;'  \/><\/a><\/span><span class='pushbutton'><a href='http:\/\/www.wikio.es\/vote?url=http%3A%2F%2Fwww.emiliosilveravazquez.com%2Fblog%2F2012%2F05%2F12%2Fel-universo-se-expande-la-mente-tambien-x%2F' title='Wikio' target='_blank' rel='nofollow'><img src='http:\/\/www.emiliosilveravazquez.com\/blog\/wp-content\/plugins\/knxdt-bookmarks-wordpress-plugin\/images\/wikio.png'   alt='' class='book_img' border='none' style='margin:1px; padding: 0;'   \/><\/a><\/span><span class='pushbutton'><a href='http:\/\/friendfeed.com\/?url=http%3A%2F%2Fwww.emiliosilveravazquez.com%2Fblog%2F2012%2F05%2F12%2Fel-universo-se-expande-la-mente-tambien-x%2F&amp;title=El+Universo+se+expande%2C+la+Mente+tambi%C3%A9n' title='Friend Feed' target='_blank' rel='nofollow'><img src='http:\/\/www.emiliosilveravazquez.com\/blog\/wp-content\/plugins\/knxdt-bookmarks-wordpress-plugin\/images\/friendfeed.png'  alt='' class='book_img' border='none' style='margin:1px; padding: 0;'  \/><\/a><\/span><span class='pushbutton'><a href='http:\/\/www.facebook.com\/share.php?u=http%3A%2F%2Fwww.emiliosilveravazquez.com%2Fblog%2F2012%2F05%2F12%2Fel-universo-se-expande-la-mente-tambien-x%2F&amp;t=El+Universo+se+expande%2C+la+Mente+tambi%C3%A9n' title='Facebook' target='_blank' rel='nofollow'><img src='http:\/\/www.emiliosilveravazquez.com\/blog\/wp-content\/plugins\/knxdt-bookmarks-wordpress-plugin\/images\/facebook.png'  alt='' class='book_img' border='none' style='margin:1px; padding: 0;'  \/><\/a><\/span><span class='pushbutton'><a href='http:\/\/twitter.com\/home?status=El+Universo+se+expande%2C+la+Mente+tambi%C3%A9n: http%3A%2F%2Fwww.emiliosilveravazquez.com%2Fblog%2F2012%2F05%2F12%2Fel-universo-se-expande-la-mente-tambien-x%2F' title='Twitter' target='_blank' rel='nofollow'><img src='http:\/\/www.emiliosilveravazquez.com\/blog\/wp-content\/plugins\/knxdt-bookmarks-wordpress-plugin\/images\/twitter.png'  alt='' class='book_img' border='none' style='margin:1px; padding: 0;'  \/><\/a><\/span><span class='pushbutton'><a href='http:\/\/www.feedburner.com\/fb\/a\/emailFlare?itemTitle=El+Universo+se+expande%2C+la+Mente+tambi%C3%A9n&amp;uri=http%3A%2F%2Fwww.emiliosilveravazquez.com%2Fblog%2F2012%2F05%2F12%2Fel-universo-se-expande-la-mente-tambien-x%2F' title='Enviar por Email' target='_blank' rel='nofollow'><img src='http:\/\/www.emiliosilveravazquez.com\/blog\/wp-content\/plugins\/knxdt-bookmarks-wordpress-plugin\/images\/email.png'  alt='' class='book_img' border='none' style='margin:1px; padding: 0;'  \/><\/a><\/span><span style='font-weight:bold; padding-left: 5px;'><a href='http:\/\/wordpress.org\/extend\/plugins\/knxdt-bookmarks-wordpress-plugin\/' title='Plugin' rel='nofollow' target='_blank'>[?]<\/a><\/span><\/td><\/tr><\/table><br\/><br\/><\/div>","protected":false},"excerpt":{"rendered":"<p>Sin la teor\u00eda del cuanto de acci\u00f3n de Planck, la radiaci\u00f3n de cuerpo negro, Einnstein no podr\u00eda haber realizado su trabajo sobre el efecto fotoel\u00e9ctrico que m\u00e1s tarde posibilito la construcci\u00f3n de laceres y m\u00e1seres.\u00a0\u00a0 Tampoco Heisemberg, Dirac, Schr\u00f6dinger y otros muchos, podr\u00edan haber desarrollado la teor\u00eda cu\u00e1ntica sin aquella idea seminal de Planck. Tenemos [&hellip;]<\/p>\n","protected":false},"author":2,"featured_media":0,"comment_status":"open","ping_status":"open","sticky":false,"template":"","format":"standard","meta":{"_s2mail":"yes","footnotes":""},"categories":[10],"tags":[],"_links":{"self":[{"href":"http:\/\/www.emiliosilveravazquez.com\/blog\/wp-json\/wp\/v2\/posts\/524"}],"collection":[{"href":"http:\/\/www.emiliosilveravazquez.com\/blog\/wp-json\/wp\/v2\/posts"}],"about":[{"href":"http:\/\/www.emiliosilveravazquez.com\/blog\/wp-json\/wp\/v2\/types\/post"}],"author":[{"embeddable":true,"href":"http:\/\/www.emiliosilveravazquez.com\/blog\/wp-json\/wp\/v2\/users\/2"}],"replies":[{"embeddable":true,"href":"http:\/\/www.emiliosilveravazquez.com\/blog\/wp-json\/wp\/v2\/comments?post=524"}],"version-history":[{"count":0,"href":"http:\/\/www.emiliosilveravazquez.com\/blog\/wp-json\/wp\/v2\/posts\/524\/revisions"}],"wp:attachment":[{"href":"http:\/\/www.emiliosilveravazquez.com\/blog\/wp-json\/wp\/v2\/media?parent=524"}],"wp:term":[{"taxonomy":"category","embeddable":true,"href":"http:\/\/www.emiliosilveravazquez.com\/blog\/wp-json\/wp\/v2\/categories?post=524"},{"taxonomy":"post_tag","embeddable":true,"href":"http:\/\/www.emiliosilveravazquez.com\/blog\/wp-json\/wp\/v2\/tags?post=524"}],"curies":[{"name":"wp","href":"https:\/\/api.w.org\/{rel}","templated":true}]}}