{"id":520,"date":"2025-05-20T05:49:44","date_gmt":"2025-05-20T04:49:44","guid":{"rendered":"http:\/\/www.emiliosilveravazquez.com\/blog\/?p=520"},"modified":"2025-05-20T09:50:09","modified_gmt":"2025-05-20T08:50:09","slug":"ano-internacional-de-la-astronomia-2009-en-espana-aia-iya2009-30","status":"publish","type":"post","link":"http:\/\/www.emiliosilveravazquez.com\/blog\/2025\/05\/20\/ano-internacional-de-la-astronomia-2009-en-espana-aia-iya2009-30\/","title":{"rendered":"Rayos C\u00f3smicos y otros temas del Universo"},"content":{"rendered":"<p style=\"text-align: justify;\">Daremos un simple repaso a lo que son los Rayos C\u00f3smicos: Son part\u00edculas at\u00f3micas que se mueven por el espacio a la velocidades pr\u00f3ximas a la de la luz, con una energ\u00eda extremadamente alta (10<sup>8 <\/sup>&#8211; 10<sup>20<\/sup> eV). En las colisiones con los \u00e1tomos de la atm\u00f3sfera de la Tierra, un rayo c\u00f3smico primario produce tormentas de rayos c\u00f3smicos secundarios. Estas part\u00edculas secundarias se desintegran en <a href=\"#\" onclick=\"referencia('electron',event); return false;\">electrones<\/a>, positrones y <a href=\"#\" onclick=\"referencia('neutrinos',event); return false;\">neutrinos<\/a>. La deceleraci\u00f3n de los <a href=\"#\" onclick=\"referencia('electron',event); return false;\">electrones<\/a> y positrones por la atm\u00f3sfera produce un destello de luz que puede ser observado desde el suelo con un telescopio especial, lo que suministra informaci\u00f3n sobre el rayo c\u00f3smico primario.<\/p>\n<p>&nbsp;<\/p>\n<p style=\"text-align: center;\"><img decoding=\"async\" loading=\"lazy\" class=\"aligncenter\" title=\"Resuelto el misterio de los rayos c\u00f3smicos que golpean la Tierra\" src=\"http:\/\/www.abc.es\/Media\/201104\/11\/rayos_cosmicos--644x362.jpg\" alt=\"Resuelto el misterio de los rayos c\u00f3smicos que golpean la Tierra\" width=\"644\" height=\"362\" \/><\/p>\n<p style=\"text-align: center;\">NASA Recreaci\u00f3n del Impacto de rayos c\u00f3smicos contra la Tierra<\/p>\n<p style=\"text-align: justify;\">Los rayos c\u00f3smicos secundarios producidos por los rayos c\u00f3smicos primarios al entrar en la atm\u00f3sfera de la Tierra, cuando interaccionan, producen primero <a href=\"#\" onclick=\"referencia('pion',event); return false;\">piones<\/a>, que posteriormente se desintegran en <a href=\"#\" onclick=\"referencia('muon',event); return false;\">muones<\/a>, pudiendo desintegrarse a su vez algunos de ellos en <a href=\"#\" onclick=\"referencia('electron',event); return false;\">electrones<\/a>. La mayor\u00eda de los rayos c\u00f3smicos secundarios presentes a nivel del mar son <a href=\"#\" onclick=\"referencia('muon',event); return false;\">muones<\/a>.<\/p>\n<p>&nbsp;<\/p>\n<p><img decoding=\"async\" loading=\"lazy\" class=\"\" src=\"https:\/\/revistapesquisa.fapesp.br\/wp-content\/uploads\/2012\/10\/020_Raios-cosmicos_200-2_novo1.jpg\" alt=\"El origen y fin de los rayos c\u00f3smicos : Revista Pesquisa Fapesp\" width=\"679\" height=\"632\" \/><\/p>\n<p>&nbsp;<\/p>\n<p style=\"text-align: justify;\"><span data-huuid=\"8410599300290653105\">S\u00ed, los rayos c\u00f3smicos son conocidos por ser impredecibles en cuanto a su energ\u00eda.\u00a0<\/span><span data-huuid=\"8410599300290653166\">Su energ\u00eda puede variar enormemente, desde niveles relativamente bajos hasta energ\u00edas extremadamente altas, y no hay un patr\u00f3n claro en cuanto a su origen o intensidad.<span class=\"pjBG2e\" data-cid=\"d032ed78-59e3-42af-9bb6-f7ccc445929f\"><span class=\"UV3uM\">\u00a0<\/span><\/span><\/span><\/p>\n<p style=\"text-align: justify;\">Los rayos c\u00f3smicos son impredecibles en cuanto a su energ\u00eda aleatoria. Hace ya aproximadamente un siglo que fueron descubiertos por un padre jesuita de nombre Theodor Wolf en lo alto de la Torre Eiffel en Par\u00eds. Desde entonces, el conocimiento adquirido de estos rayos es bastante aceptable; se buscan y miden mediante el envio de contadores de radiaci\u00f3n en cohetes e incluso en sat\u00e9lites a gran altura alrededor del planeta Tierra para minimizar agentes interceptores como los efectos atmosf\u00e9ricos que contaminan las se\u00f1ales. Cuando los rayos energ\u00e9ticos, altamente energ\u00e9ticos, inciden en la atm\u00f3sfera, rompen los \u00e1tomos que encuentran a su paso y los fragmentos que se forman caen a tierra donde son detectados por aparatos colocados al efecto en la superficie.<\/p>\n<p style=\"text-align: justify;\"><!--more-->El detector de Utah, a unos 140 Km al suroeste de Salt Lake City, es lo suficientemente sensible como para detectar la procedencia, el origen de los rayos c\u00f3smicos m\u00e1s energ\u00e9ticos. Hasta el momento, Cygnus X-3 y H\u00e9rcules X-1 han sido identificados como poderosos emisores de rayos c\u00f3smicos. Probablemente son grandes estrellas de <a href=\"#\" onclick=\"referencia('neutron',event); return false;\">neutrones<\/a>, o incluso <a href=\"#\" onclick=\"referencia('agujero negro',event); return false;\">agujeros negros<\/a> en rotaci\u00f3n engullendo a sus estrellas vecinas que, inocentes, han osado traspasar el horizonte de sucesos. Cuando el material de la estrella traspasa ese punto de no regreso, crea un gran v\u00f3rtice de energ\u00eda y escupe cantidades gigantescas de radiaci\u00f3n (por ejemplo, <a href=\"#\" onclick=\"referencia('proton',event); return false;\">protones<\/a>) al espacio exterior.<\/p>\n<p>&nbsp;<\/p>\n<p>&nbsp;<\/p>\n<p><img decoding=\"async\" loading=\"lazy\" class=\"\" src=\"https:\/\/www.infoespacial.com\/images\/showid2\/5224147?w=900&amp;mh=700\" alt=\"La ESA estudia el impacto de la radiaci\u00f3n espacial en los humanos\" width=\"534\" height=\"415\" \/><img decoding=\"async\" loading=\"lazy\" class=\"\" src=\"https:\/\/estaticos-cdn.prensaiberica.es\/clip\/0d251c8e-792d-424b-ba12-0b3199ecf57c_media-libre-aspect-ratio_default_0.jpg\" alt=\"Identifican una misteriosa fuente de rayos c\u00f3smicos cerca del Sistema Solar\" width=\"527\" height=\"296\" \/><\/p>\n<p>&nbsp;<\/p>\n<p style=\"text-align: center;\">\n<p style=\"text-align: justify;\">Las Instalaciones de rayos c\u00f3smicos est\u00e1n situadas en muchos lugares de la Tierra y tambi\u00e9n en el espacio (En la Estaci\u00f3n Espacial) y, en diversas sondas y sat\u00e9lites que estudian su procedencia primaria para saber, c\u00f3mo se forman en origen esas misteriosas y energ\u00e9ticas part\u00edculas.<\/p>\n<p style=\"text-align: justify;\">Hasta la fecha, el rayo c\u00f3smico m\u00e1s energ\u00e9tico detectado ten\u00eda una energ\u00eda de 10<sup>20<\/sup> <a href=\"#\" onclick=\"referencia('electron',event); return false;\">electr\u00f3n<\/a> voltios. Esta cifra supone una incre\u00edble energ\u00eda diez millones de veces mayor de la que se habr\u00eda producido en el SSC. Dentro de este siglo, seguramente, ser\u00e1 dif\u00edcil alcanzar con nuestras m\u00e1quinas, energ\u00edas aproximadas. Aunque esta fant\u00e1stica energ\u00eda es todav\u00eda cien millones de veces menor que las energ\u00edas necesarias para sondear la d\u00e9cima dimensi\u00f3n, se espera que energ\u00edas producidas en el interior profundo de los <a href=\"#\" onclick=\"referencia('agujero negro',event); return false;\">agujeros negros<\/a> en nuestra galaxia se acercaran a la energ\u00eda de Planck. Con grandes naves espaciales en orbita deber\u00edamos ser capaces (seremos) de sondear en lo m\u00e1s profundo de estas estructuras gigantescas de fuentes energ\u00e9ticas que, abundantemente, est\u00e1n repartidas a lo largo y ancho del universo.<\/p>\n<p>&nbsp;<\/p>\n<p style=\"text-align: center;\"><strong> <img decoding=\"async\" loading=\"lazy\" id=\"imagenprincipal\" class=\"aligncenter\" title=\"Rayos c\u00f3smicos de los centros gal\u00e1cticos\" src=\"http:\/\/antwrp.gsfc.nasa.gov\/apod\/image\/0711\/cr_auger.jpg\" alt=\"Rayos c\u00f3smicos de los centros gal\u00e1cticos\" width=\"523\" height=\"392\" \/><\/strong><\/p>\n<p style=\"text-align: center;\"><strong>\u00bfDe donde vienen los rayos c\u00f3smicos?<\/strong><\/p>\n<p style=\"text-align: justify;\">Un importante paso en la respuesta de la vieja pregunta del siglo podr\u00eda venir del proyecto del Observatorio Auger, el primer observatorio de rayos c\u00f3smicos del mundo. Que las part\u00edculas fundamentales de alta energ\u00eda est\u00e1n por el Universo se sabe desde hace un siglo. Como los rayos c\u00f3smicos de alta energ\u00eda son tan extra\u00f1os y sus direcciones extrapoladas son tan imprecisas, ning\u00fan objeto progenitor ha estado alguna vez implicado inequ\u00edvocamente. Sin embargo, nuevos resultados desde el Auger indican que 12 de cada 15 rayos c\u00f3smicos de alta energ\u00eda tienen direcciones estad\u00edsticamente consistentes con posiciones cercanas al n\u00facleo activo gal\u00e1ctico.<\/p>\n<p style=\"text-align: justify;\">Estos centros gal\u00e1cticos son ya conocidos por emitir grandes cantidades de luz y su energ\u00eda viene probablemente de grandes <a href=\"#\" onclick=\"referencia('agujero negro',event); return false;\">agujeros negros<\/a>. Los resultados del Auger tambi\u00e9n indican que los rayos c\u00f3smicos de alta energ\u00eda son <a href=\"#\" onclick=\"referencia('proton',event); return false;\">protones<\/a>, ya que la carga el\u00e9ctrica de los n\u00facleos de alta energ\u00eda forzar\u00edan al campo magn\u00e9tico de la V\u00eda L\u00e1ctea a desviar y borrar en definitiva la direcci\u00f3n de la fuente progenitora (Imagen y traducci\u00f3n de Observatorio).<\/p>\n<p>&nbsp;<\/p>\n<p><img decoding=\"async\" loading=\"lazy\" class=\"\" src=\"https:\/\/cloudfront-us-east-1.images.arcpublishing.com\/infobae\/6NDUV6VOARCPNPVZQLHHJDUQ74.jpg\" alt=\"El observatorio de rayos c\u00f3smicos m\u00e1s grande del mundo seguir\u00e1 operando en  Mendoza hasta 2035 - Infobae\" width=\"457\" height=\"257\" \/><\/p>\n<p><strong>Gigantesco detector de rayos c\u00f3smicos: Observatorio Auger<\/strong><\/p>\n<p id=\"pp_full_res\" style=\"text-align: center;\">\n<p style=\"text-align: justify;\">Seg\u00fan una teor\u00eda favorita, la mayor fuente de energ\u00eda dentro de nuestra galaxia (mucho m\u00e1s all\u00e1 de cualquier cosa imaginable), est\u00e1 en el mismo coraz\u00f3n de la V\u00eda L\u00e1ctea, en el centro, a 30.000 a\u00f1os luz de nuestro Sistema Solar, y puede constar de millones de <a href=\"#\" onclick=\"referencia('agujero negro',event); return false;\">agujeros negros<\/a>.<\/p>\n<p style=\"text-align: center;\">\n<p>&nbsp;<\/p>\n<p><img decoding=\"async\" loading=\"lazy\" class=\"\" src=\"https:\/\/cdn.agenciasinc.es\/var\/ezwebin_site\/storage\/images\/_aliases\/img_1col\/noticias\/los-rayos-cosmicos-de-muy-alta-energia-vienen-de-fuera-de-la-via-lactea\/6046932-14-esl-MX\/Los-rayos-cosmicos-de-muy-alta-energia-vienen-de-fuera-de-la-Via-Lactea.jpg\" alt=\"Los rayos c\u00f3smicos de muy alta energ\u00eda vienen de fuera de la V\u00eda L\u00e1ctea \" width=\"673\" height=\"384\" \/><\/p>\n<blockquote>\n<h1 class=\"\" style=\"text-align: justify;\"><span class=\"ezstring-field\">Los rayos c\u00f3smicos de muy alta energ\u00eda vienen de fuera de la V\u00eda L\u00e1ctea. Eso es lo que parece confirmar un reciente estudio.<\/span><\/h1>\n<\/blockquote>\n<p>&nbsp;<\/p>\n<p><img decoding=\"async\" loading=\"lazy\" class=\"\" src=\"https:\/\/es.gizmodo.com\/app\/uploads\/2021\/05\/47baf662912a6220ebe3253ec8ff0b7f.jpg\" alt=\"Y si lo que se esconde en el centro de nuestra Galaxia no es un agujero  negro? Eso es lo que propone este estudio\" width=\"512\" height=\"512\" \/><img decoding=\"async\" loading=\"lazy\" class=\"\" src=\"https:\/\/www.iaa.csic.es\/sites\/default\/files\/hs-2009-28-g-pdf.jpg\" alt=\"Los extra\u00f1os objetos del centro de nuestra galaxia: nubes de gas que se  comportan como estrellas | Instituto de Astrof\u00edsica de Andaluc\u00eda - CSIC\" width=\"510\" height=\"255\" \/><\/p>\n<p>&nbsp;<\/p>\n<p style=\"text-align: justify;\">Nuestro Centro Gal\u00e1ctico es un lugar de mucha agitaci\u00f3n y, en presencia de agujeros gigantes, la seguridad est\u00e1 ausente. Mejor nos quedamos por aqu\u00ed, en Ori\u00f3n, la Nebulosa m\u00e1s bonita de la Galaxia que nos ha cedido un brazo para situar nuestro h\u00e1bitat en paz. Por aquellas regiones las energ\u00edas desatadas son inmensas y, se cree que all\u00ed pueden radicar muchas de esas fuentes de rayos c\u00f3smicos que buscamos.<\/p>\n<p style=\"text-align: justify;\">En f\u00edsica nada se puede descartar, la inaccesibilidad de hoy a la energ\u00eda de Planck se puede suplir por descubrimientos inesperados que, poco a poco, nos lleve cada vez m\u00e1s cerca de ella, hasta que finalmente tengamos el conocimiento y la tecnolog\u00eda necesarias para poder alcanzarla.<\/p>\n<p>&nbsp;<\/p>\n<p style=\"text-align: center;\"><img decoding=\"async\" loading=\"lazy\" class=\"aligncenter\" src=\"http:\/\/lh3.ggpht.com\/_CGpuide4fUc\/TEgQAOiCj_I\/AAAAAAAAFYg\/DqDjSxEZmD8\/quasar-universo-temprano.jpg\" alt=\"\" width=\"512\" height=\"384\" \/><\/p>\n<p>&nbsp;<\/p>\n<p style=\"text-align: justify;\">Hoy, a pesar de lo que pensaban aquellos cient\u00edficos del siglo XIX, sabemos con much\u00edsima precisi\u00f3n no ya de qu\u00e9 est\u00e1n hechas las estrellas, sino como surgen a la vida, como desarrollan su actividad mientras duran y, finalmente, c\u00f3mo y por qu\u00e9 raz\u00f3n mueren y que ocurre con ellas despu\u00e9s de ese final que s\u00f3lo es un comienzo.<\/p>\n<p style=\"text-align: justify;\">No olvidemos que en el siglo XIX, algunos cient\u00edficos declararon que la composici\u00f3n de las estrellas estar\u00eda siempre fuera del alcance del experimento, y que la \u00fanica manera que tendr\u00edamos de conocerlas ser\u00eda la de mirar al cielo y verlas all\u00ed, inalcanzables como puntos de luz brillantes y lejanos en la oscuridad del vac\u00edo del cosmos. Sin embargo, podemos decir hoy, a comienzos del siglo XXI, a\u00f1o 2.011, que conocemos &#8220;casi&#8221; todos los secretos que las estrellas, en aquellos tiempos nos guardaban.<\/p>\n<p style=\"text-align: justify;\">Particularmente creo que el ser humano es capaz de realizar todo aquello en lo que piensa dentro de unos l\u00edmites racionales. Podremos, en un futuro no muy lejano, alargar de manera considerable la media de vida. Podremos colonizar otros planetas y explotar recurso mineros en las lunas de nuestro Sistema Solar; los turistas ir\u00e1n al planeta Marte o a las lunas Gan\u00edmedes o Europa. Los transportes de hoy ser\u00e1n reliquias del pasado y nos trasladaremos mediante sistemas de transportes m\u00e1s limpios, r\u00e1pidos y exentos de colisiones. Tendremos computadoras de cifrado cu\u00e1ntico que har\u00e1n m\u00e1s seguras las comunicaciones y el intercambio de datos ser\u00e1 realmente el de la velocidad de <em style=\"mso-bidi-font-style: normal;\">c<\/em>, as\u00ed en todos los campos del saber humano.<\/p>\n<p>&nbsp;<\/p>\n<p style=\"text-align: center;\"><img decoding=\"async\" loading=\"lazy\" class=\"aligncenter\" style=\"border: 0pt none;\" src=\"http:\/\/www.kabytes.com\/wp-content\/uploads\/2008\/07\/robot-corriendo.jpg\" alt=\"\" width=\"480\" height=\"300\" border=\"0\" \/><\/p>\n<p>&nbsp;<\/p>\n<p style=\"text-align: justify;\">En un futuro no muy lejano, los robots ser\u00e1n capaces de viajar a los confines del universo. Guiar\u00e1n el camino en la exploraci\u00f3n de las profundidades del espacio y ser\u00e1n los primeros en colonizar nuevos mundos. \u00bfSon los robots el futuro de la humanidad? Seg\u00fan parece, y teniendo en cuenta nuestra fragilidad para poder realizar esos largos viajes&#8230;Parece que no queda otro camino. Al menos ellos ser\u00e1n los que ir\u00e1n por delante, hacia otros mundos que, cuando est\u00e9n preparados y tengan las instalaciones adecuadas, entonces s\u00ed, podremos ir los humanos.<\/p>\n<p>&nbsp;<\/p>\n<p><img decoding=\"async\" loading=\"lazy\" class=\"\" src=\"https:\/\/qph.cf2.quoracdn.net\/main-qimg-35d09022b2579d62a9fde034cedce4a4-lq\" width=\"543\" height=\"306\" \/><img decoding=\"async\" loading=\"lazy\" class=\"\" src=\"https:\/\/miredvista.co\/wp-content\/uploads\/2023\/09\/inteligencia-2.jpeg\" alt=\"MiRedVista.co | Moderna revista digital.\" width=\"535\" height=\"307\" \/><\/p>\n<p style=\"text-align: justify;\"><strong>Estamos inmersos en un avance exponencial, imparable. En lo que se refiere a viajes espaciales, si intentamos algunos con hum<\/strong><strong>anos, ser\u00e1 un fracaso, no estamos todav\u00eda preparados para esa misi\u00f3n, y, cuando eso suceda, se echar\u00e1 manos de los Robots de \u00faltima generaci\u00f3n que s\u00ed, podr\u00e1n viajar a otros mundos y prepararlos para la llegada de nuestra especie.<\/strong><\/p>\n<p>&nbsp;<\/p>\n<p><img decoding=\"async\" loading=\"lazy\" class=\"\" src=\"https:\/\/cdn.slidesharecdn.com\/ss_thumbnails\/teoriaatomica85-121106091716-phpapp01-thumbnail.jpg?width=560&amp;fit=bounds\" alt=\"Los \u00e1tomos y sus enlaces | PPT\" width=\"339\" height=\"254\" \/><img decoding=\"async\" loading=\"lazy\" class=\"\" src=\"https:\/\/upload.wikimedia.org\/wikipedia\/commons\/6\/63\/Gamma-ray-microscope.svg\" alt=\"Relaci\u00f3n de indeterminaci\u00f3n de Heisenberg - Wikipedia, la enciclopedia libre\" width=\"193\" height=\"257\" \/><\/p>\n<p>&nbsp;<\/p>\n<p style=\"text-align: justify;\">Otro ejemplo de una idea &#8220;inverificable&#8221; la tenemos en la existencia del \u00e1tomo. En el siglo XIX, la hip\u00f3tesis at\u00f3mica se revel\u00f3 como el paso decisivo en la comprensi\u00f3n de las leyes de la qu\u00edmica y la termodin\u00e1mica. Sin embargo, muchos f\u00edsicos se negaban a creer que los \u00e1tomos existieran realmente, los aceptaban como un concepto o herramienta matem\u00e1tica para operar en su trabajo que, por accidente, daba la descripci\u00f3n correcta del mundo. Hoy somos todav\u00eda incapaces de tomar im\u00e1genes directas del \u00e1tomo debido al <a href=\"#\" onclick=\"referencia('indeterminacion principio de',event); return false;\">principio de incertidumbre<\/a> de Heisenberg, aunque ahora existen m\u00e9todos indirectos. En 1.905, <a href=\"#\" onclick=\"referencia('einstein',event); return false;\">Einstein<\/a> proporcion\u00f3 la evidencia m\u00e1s convincente, aunque indirecta, de la existencia de \u00e1tomos cuando demostr\u00f3 que el movimiento browniano (es decir, el movimiento aleatorio de part\u00edculas de polvo suspendidas en un l\u00edquido) puede ser explicado como colisiones aleatorias entre las part\u00edculas y los \u00e1tomos del l\u00edquido.<\/p>\n<p>&nbsp;<\/p>\n<p><img decoding=\"async\" src=\"https:\/\/naukas.com\/fx\/uploads\/2017\/08\/imagen4.gif\" alt=\"C\u00f3mo sabemos que existen los \u00e1tomos? - Naukas\" \/><\/p>\n<blockquote>\n<p style=\"text-align: justify;\"><span data-huuid=\"13359456295909506633\">El movimiento browniano es el movimiento aleatorio de part\u00edculas microsc\u00f3picas en un fluido (l\u00edquido o gas) debido a colisiones con las mol\u00e9culas de fluido.<\/span><span data-huuid=\"13359456295909506633\">\u00a0<\/span><span data-huuid=\"13359456295909503530\">Este fen\u00f3meno fue observado por Robert Brown en 1827.<span class=\"pjBG2e\" data-cid=\"d07ebaa7-da91-4bf1-8fa9-58caa05dd3b0\"><span class=\"UV3uM\">\u00a0<\/span><\/span><\/span><\/p>\n<\/blockquote>\n<p style=\"text-align: center;\">\n<p style=\"text-align: justify;\"><strong>El movimiento browniano<\/strong> es uno de aquellos temas olvidados, que apenas aparece en los libros de texto; pero que fue la primera prueba concluyente de la hip\u00f3tesis at\u00f3mica y que, adem\u00e1s, hizo que cambi\u00e1ramos el modo en que entendemos hacer ciencia.<\/p>\n<p style=\"text-align: justify;\">Por analog\u00eda, podr\u00edamos esperar la confirmaci\u00f3n experimental de la f\u00edsica de la d\u00e9cima dimensi\u00f3n utilizando m\u00e9todos indirectos que a\u00fan ni se han inventado o descubierto. En lugar de fotografiar el objeto que deseamos, quiz\u00e1 nos conformar\u00edamos, de momento, con fotografiar la &#8220;sombra&#8221; del mismo.<\/p>\n<p>&nbsp;<\/p>\n<p><img decoding=\"async\" loading=\"lazy\" class=\"\" src=\"https:\/\/static.skillshare.com\/uploads\/video\/thumbnails\/07a8d888741d6268778d7888bcd30fe8\/original\" alt=\"Puestas de sol y picos: pintar paisajes de monta\u00f1as serenos con t\u00e9cnicas de  acuarela | Will Elliston | Skillshare\" width=\"613\" height=\"350\" \/><img decoding=\"async\" loading=\"lazy\" class=\"\" src=\"https:\/\/miencuentroconlaliteratura.wordpress.com\/wp-content\/uploads\/2024\/08\/downloaded-image1723340320697.jpg?w=1024\" alt=\"Veamos c\u00f3mo Jules Verne nos capacita para apreciar los diferentes niveles  de lectura \u2013 Mi Encuentro Con La Literatura\" width=\"600\" height=\"600\" \/><\/p>\n<p><strong>Claro que, captar la sombra de la d\u00e9cima dimensi\u00f3n&#8230;No ser\u00e1 tan f\u00e1cil. Aunque eso s\u00ed, la han buscado por todas partes&#8230; \u00a1Sin \u00e9xito!<\/strong><\/p>\n<p style=\"text-align: center;\">\n<p style=\"text-align: justify;\">Tambi\u00e9n la existencia de los <a href=\"#\" onclick=\"referencia('neutrinos',event); return false;\">neutrinos<\/a>, propuestos por Wolfgang Pauli en 1.930 para dar cuenta de la energ\u00eda perdida en ciertos experimentos sobre <a href=\"#\" onclick=\"referencia('radiactividad',event); return false;\">radiactividad<\/a> que parec\u00edan violar la conservaci\u00f3n de la materia y la energ\u00eda, dijeron que era inverificable (en aquel momento). Pauli comprendi\u00f3 que los <a href=\"#\" onclick=\"referencia('neutrinos',event); return false;\">neutrinos<\/a> ser\u00edan casi imposibles de observar experimentalmente, porque interaccionar\u00edan muy d\u00e9bilmente y, por consiguiente, muy raramente con la materia. La materia, toda la materia, si profundizamos en ella a niveles microsc\u00f3picos, podremos comprobar el hecho de que en un 99% est\u00e1 constituida de espacios vac\u00edos y, siendo as\u00ed, los <a href=\"#\" onclick=\"referencia('neutrinos',event); return false;\">neutrinos<\/a> pueden atravesarla sin rozar siquiera sus \u00e1tomos; de hecho, pueden atravesar la Tierra como si ni siquiera existiera y, al mismo tiempo, tambi\u00e9n nosotros somos atravesados continuamente por billones de <a href=\"#\" onclick=\"referencia('neutrinos',event); return false;\">neutrinos<\/a> emitidos por el sol, incluso por la noche mientras apaciblemente dormimos.<\/p>\n<p>&nbsp;<\/p>\n<p><img decoding=\"async\" loading=\"lazy\" class=\"\" src=\"https:\/\/www.iagua.es\/sites\/default\/files\/images\/medium\/subdury-neutrino-observatory_estructura.jpg\" alt=\"Agua para detectar neutrinos, el Premio Nobel de F\u00edsica 2015 | iAgua\" width=\"583\" height=\"386\" \/><\/p>\n<p><strong>In enorme dep\u00f3sito de agua pesada en el fondo de una vieja mina para capturar <a href=\"#\" onclick=\"referencia('neutrinos',event); return false;\">neutrinos<\/a><\/strong><\/p>\n<p style=\"text-align: center;\">\n<p style=\"text-align: justify;\">Neutrinos, <a href=\"#\" onclick=\"referencia('foton',event); return false;\">fotones<\/a>, <a href=\"#\" onclick=\"referencia('quarks',event); return false;\">quarks<\/a>, <a href=\"#\" onclick=\"referencia('leptones',event); return false;\">leptones<\/a>, <a href=\"#\" onclick=\"referencia('hadrones',event); return false;\">hadrones<\/a>: <a href=\"#\" onclick=\"referencia('barion',event); return false;\">bariones<\/a> y <a href=\"#\" onclick=\"referencia('mesones',event); return false;\">mesones<\/a>, todos, en definitiva son lo mismo, distintos estados de la materia que conforman unos y otros en determinadas ocasiones, y, en cada momento, ocupan el lugar que les destina en Universo adoptando la forma que en ese preciso instante les corresponde.<\/p>\n<p style=\"text-align: justify;\">Pauli admiti\u00f3: &#8220;<em style=\"mso-bidi-font-style: normal;\">He cometido el pecado m\u00e1s grave, he predicho la existencia de una part\u00edcula que nunca puede ser observada<\/em>&#8220;. Claro que, como tantas otras veces otros, se equivoc\u00f3. Lo que hay nos parece imposible ma\u00f1ana ser\u00e1 cosa cotidiana. Imaginad a un grupo de nuestros antepasados corriendo a la casa de un Mamut que, de pronto, vieran descender del cielo una nave plateada y silenciosa. \u00bfQu\u00e9 pensar\u00edan que aquello podr\u00eda ser?<\/p>\n<p style=\"text-align: justify;\">Pero incluso Pauli, con todos sus enormes conocimientos, se equivocaba, y el <a href=\"#\" onclick=\"referencia('neutrinos',event); return false;\">neutrino<\/a> ha sido comprobado mediante distintos m\u00e9todos que no dejan dudas de su existencia. Incluso producimos regularmente haces de <a href=\"#\" onclick=\"referencia('neutrinos',event); return false;\">neutrinos<\/a> en colisionadores de \u00e1tomos, realizamos experimentos con los <a href=\"#\" onclick=\"referencia('neutrinos',event); return false;\">neutrinos<\/a> emitidos por reactores nucleares y detectamos su presencia en enormes dep\u00f3sitos de agua pesada colocados en profundas minas abandonadas en las entra\u00f1as de la Tierra. Cuando una espectacular supernova se ilumin\u00f3 en el cielo del hemisferio sur en 1.987, los f\u00edsicos registraron una r\u00e1faga de <a href=\"#\" onclick=\"referencia('neutrinos',event); return false;\">neutrinos<\/a> que atravesaron sus detectores situados, precisamente, en profundas minas.<\/p>\n<p>&nbsp;<\/p>\n<p style=\"text-align: center;\"><img decoding=\"async\" loading=\"lazy\" class=\"aligncenter\" src=\"http:\/\/3.bp.blogspot.com\/_4sTV2D6NvA0\/TSM4EZg7LBI\/AAAAAAAAIBk\/_H3mwzmY9yQ\/s1600\/IceCube+Neutrino+observatory.jpg\" alt=\"\" width=\"644\" height=\"362\" \/><\/p>\n<p>&nbsp;<\/p>\n<p style=\"text-align: justify;\">La construcci\u00f3n del <strong>IceCube Neutrino Observatory<\/strong>, una gigantesca instalaci\u00f3n de m\u00e1s de un kil\u00f3metro c\u00fabico enterrada a 1.400 metros de profundidad en los hielos ant\u00e1rticos, ha finalizado. Su objetivo es detectar la llamada \u00abradiaci\u00f3n de Cherenkov\u00bb que se produce cuando los <a href=\"#\" onclick=\"referencia('neutrinos',event); return false;\">neutrinos<\/a> chocan contra \u00e1tomos de hielo.<\/p>\n<p style=\"text-align: justify;\">Echando una larga mirada a la historia de la ciencia, creo que existen motivos para un moderado optimismo. Witten est\u00e1 convencido de que la ciencia ser\u00eda alg\u00fan d\u00eda capaz de sondear hasta las energ\u00edas de Planck. E. Witten, padre de la versi\u00f3n m\u00e1s avanzada de la <a href=\"#\" onclick=\"referencia('supercuerdas teoria',event); return false;\">teor\u00eda de supercuerdas<\/a>, la <a href=\"#\" onclick=\"referencia('supercuerdas teoria',event); return false;\">teor\u00eda M<\/a>, dice:<\/p>\n<blockquote>\n<p style=\"text-align: justify;\">&#8220;No siempre es tan f\u00e1cil decir cu\u00e1les son las preguntas f\u00e1ciles y cu\u00e1les las dif\u00edciles. En el siglo XIX, la pregunta de por qu\u00e9 el agua hierve a 100 grados era desesperadamente inaccesible. Si usted hubiera dicho a un f\u00edsico del siglo XIX que hacia el S. XX ser\u00eda capaz de calcularlo, le habr\u00eda parecido un cuento de hadas&#8230; La teor\u00eda cu\u00e1ntica de campos es tan dif\u00edcil que nadie la crey\u00f3 completamente durante veinticinco a\u00f1os.&#8221;<\/p>\n<p style=\"text-align: justify;\">Lo mismo que otros muchos, no creo que tengamos que esperar un siglo antes de que nuestro ingenio y nuestras m\u00e1quinas puedan sondear de manera indirecta la d\u00e9cima dimensi\u00f3n; alguien sabr\u00e1, durante ese periodo de tiempo, resolver esa teor\u00eda de campos de cuerdas o alguna otra f\u00f3rmula no perturbativa. El problema es te\u00f3rico, no experimental. Necesitamos alguien con el ingenio y la inteligencia necesaria (adem\u00e1s de un enorme \u00edndice de observaci\u00f3n), para saber &#8220;ver&#8221; lo que probablemente tenemos ante nuestras narices, utilizando para ello todos los datos e indicios existentes de gente como <a href=\"#\" onclick=\"referencia('einstein',event); return false;\">Einstein<\/a>, <strong>Kaluza y Klein, Veneziano y Suzuki<\/strong>, el cuarteto de cuerdas de Princeton, <strong>Michio Kaku, Witten<\/strong>&#8230;,\u00a0 y tantos otros.<\/p>\n<\/blockquote>\n<p>&nbsp;<\/p>\n<p><img decoding=\"async\" src=\"https:\/\/encrypted-tbn0.gstatic.com\/images?q=tbn:ANd9GcTw6t0ayPIhvu5F0RTHFOHkoV4gXrU_IMltjg&amp;s\" alt=\"F\u00edsica en el ring : nexciencia.exactas.uba.ar\" \/><img decoding=\"async\" loading=\"lazy\" class=\"\" src=\"https:\/\/desafiaciencia.cl\/wp-content\/uploads\/2024\/04\/Desafia-10-1024x683.jpeg\" alt=\"Ser\u00e1 esta la teor\u00eda que logre explicarlo todo? - DESAF\u00cdA\" width=\"304\" height=\"203\" \/><\/p>\n<p>&nbsp;<\/p>\n<p style=\"text-align: center;\">\n<p style=\"text-align: justify;\">Lo que nos cuenta Witten del agua hirviendo, se puede trasladar a su teor\u00eda, de la que hablamos y hablamos, sin saber, a ciencia cierta, de qu\u00e9 estamos hablando cuando situamos &#8220;ese mundo&#8221; en once dimensiones, un lugar que, s\u00f3lo matem\u00e1ticamente (y no por completo) puede ser explicado, lo cual, excluye a la mayor\u00eda de los mortales de llegar a comprender de qu\u00e9 universo est\u00e1n hablando.<\/p>\n<p style=\"text-align: justify;\">Suponiendo que alg\u00fan f\u00edsico brillante resuelva la teor\u00eda de campos de cuerdas y derive las propiedades conocidas de nuestro universo, sigue existiendo el problema pr\u00e1ctico de cu\u00e1ndo ser\u00edamos capaces de aprovechar el poder de la <strong style=\"mso-bidi-font-weight: normal;\">teor\u00eda del hiperespacio.<\/strong> Existen dos posibilidades:<\/p>\n<ol>\n<li style=\"text-align: justify;\">Esperar que nuestra civilizaci\u00f3n alcance la capacidad para dominar energ\u00edas miles de millones de veces mayores que las de hoy.<\/li>\n<li style=\"text-align: justify;\">Encontrar civilizaciones extraterrestres que, m\u00e1s avanzadas, hayan dominado el arte de manipular el hiperespacio.<\/li>\n<\/ol>\n<p>&nbsp;<\/p>\n<p style=\"text-align: center;\"><img decoding=\"async\" loading=\"lazy\" class=\"aligncenter\" src=\"http:\/\/4.bp.blogspot.com\/_eqb8qL2GKZc\/SwWkkDDALgI\/AAAAAAAACSs\/LKgpCnAvOcc\/s1600\/hyperspace.jpg\" alt=\"http:\/\/4.bp.blogspot.com\/_eqb8qL2GKZc\/SwWkkDDALgI\/AAAAAAAACSs\/LKgpCnAvOcc\/s1600\/hyperspace.jpg\" width=\"250\" height=\"239\" \/><\/p>\n<p>&nbsp;<\/p>\n<p style=\"text-align: justify;\">Para poder viajar por el Hiperespacio, primero debemos encontrar la puerta que nos lleve a \u00e9l, y, me temo que, las posibles naves que pudieran realizar tales viajes, necesitar\u00edan poseer condiciones y disponer de energ\u00edas que ahora, ni podemos imaginar. Pero, eso s\u00ed, el Hiperespacio est\u00e1 ah\u00ed, esper\u00e1ndonos.<\/p>\n<p style=\"text-align: justify;\">Antes de que Edison y sus colaboradores aprovecharan los descubrimientos de Faraday y las ecuaciones de Maxwell sobre la electricidad y el magnetismo, para explotarlos de manera pr\u00e1ctica pasaron unos setenta a\u00f1os. La civilizaci\u00f3n moderna depende crucialmente del aprovechamiento la fuerza nuclear que fue descubierta casi con el cambio de siglo. Pas\u00f3 todo el siglo XX y estamos en la primera d\u00e9cada del XXI, han pasado 100 a\u00f1os y, sin embargo, todav\u00eda no tenemos medios de aprovecharla con \u00e9xito en reactores de fusi\u00f3n, la energ\u00eda limpia que produce el Sol.<\/p>\n<p style=\"text-align: justify;\">El pr\u00f3ximo paso, el aprovechar la potencia de la teor\u00eda de campo unificado, requiere un salto mucho mayor en nuestra tecnolog\u00eda, aunque sea un salto que probablemente tendr\u00e1 implicaciones much\u00edsimo m\u00e1s importantes. El problema reside en que obligamos a la <a href=\"#\" onclick=\"referencia('supercuerdas teoria',event); return false;\">teor\u00eda de supercuerdas<\/a> a responder preguntas y, para ello, utilizamos energ\u00edas cotidianas, cuando su &#8220;\u00e1mbito natural&#8221; est\u00e1 en la energ\u00eda de Planck. Energ\u00eda que s\u00f3lo fue liberada en el propio instante de la creaci\u00f3n. Es decir, la <a href=\"#\" onclick=\"referencia('supercuerdas teoria',event); return false;\">teor\u00eda de supercuerdas<\/a> es una teor\u00eda de la propia creaci\u00f3n, as\u00ed nos puede explicar todas las part\u00edculas y la materia, las fuerzas fundamentales y el espacio-tiempo, es decir, es la teor\u00eda del propio universo.<\/p>\n<p style=\"text-align: justify;\">Durante estos comentarios, frecuentemente he rese\u00f1ado la palabra &#8220;espacio-tiempo&#8221; refiri\u00e9ndome a una geometr\u00eda que incluye las tres dimensiones espaciales y una cuarta dimensi\u00f3n temporal. En la f\u00edsica newtoniana, el espacio y el tiempo se consideraban como entidades separadas y el que los sucesos fueran simult\u00e1neos o no, era una materia que se consideraba como obvia para cualquier observador capacitado.<\/p>\n<p>&nbsp;<\/p>\n<p><img decoding=\"async\" loading=\"lazy\" class=\"\" src=\"https:\/\/desafiaciencia.cl\/wp-content\/uploads\/2024\/04\/YA7SYWBDHFFKXCLVSJE4YWWXIM.webp\" alt=\"teor\u00eda de cuerdas f\u00edsica\" width=\"558\" height=\"314\" \/><\/p>\n<p><strong>La materia crea la geometr\u00eda del Espacio-Tiempo<\/strong><\/p>\n<p style=\"text-align: center;\">\n<p style=\"text-align: justify;\">En el concepto de <a href=\"#\" onclick=\"referencia('einstein',event); return false;\">Einstein<\/a> del universo f\u00edsico, basado en el sistema de geometr\u00eda inventada por H. <a href=\"#\" onclick=\"referencia('minkowski',event); return false;\">Minkowski<\/a> (1864 &#8211; 1909), el espacio y el tiempo estaban considerados como enlazados, de manera que dos observadores en movimiento relativo pod\u00edan estar en desacuerdo sobre la simultaneidad de sucesos distantes. En la geometr\u00eda de <a href=\"#\" onclick=\"referencia('minkowski',event); return false;\">Minkowski<\/a> (inspirada a partir de la teor\u00eda de la <a href=\"#\" onclick=\"referencia('relatividad',event); return false;\">relatividad<\/a> especial de <a href=\"#\" onclick=\"referencia('einstein',event); return false;\">Einstein<\/a>), un suceso se consideraba como un punto de universo en un continuo de cuatro dimensiones.<\/p>\n<p style=\"text-align: justify;\">Pero volvamos a las supercuerdas. El problema fundamental al que se enfrenta esta teor\u00eda es este: de los millones de universos posibles que pueden ser generados matem\u00e1ticamente por la <a href=\"#\" onclick=\"referencia('supercuerdas teoria',event); return false;\">teor\u00eda de supercuerdas<\/a>, \u00bfCu\u00e1l es el correcto? Como ha dicho David Gross:<\/p>\n<p>&nbsp;<\/p>\n<p><img decoding=\"async\" src=\"https:\/\/cdn.slidesharecdn.com\/ss_thumbnails\/dimensiones-130309212249-phpapp01-thumbnail.jpg?width=640&amp;height=640&amp;fit=bounds\" alt=\"Dimensiones | PPT\" \/><\/p>\n<blockquote>\n<p style=\"margin: 18pt 0cm 0pt 54pt; text-indent: 24pt; line-height: 15pt; text-align: justify; mso-para-margin-right: 0cm; mso-para-margin-bottom: .0001pt; mso-para-margin-left: 54.0pt;\">&#8220;Existen millones y millones de soluciones con tres dimensiones espaciales. Existe una enorme abundancia de soluciones cl\u00e1sicas posibles&#8230; Esta abundancia de riqueza era originalmente muy satisfactoria porque proporcionaba evidencia de que una teor\u00eda como la de la cuerda heter\u00f3tica pod\u00eda tener un aspecto muy parecido al mundo real. Estas soluciones, adem\u00e1s de tener cuatro dimensiones espacio-temporales, ten\u00edan otras muchas propiedades que se asemejaban a nuestro mundo: el tipo correcto de part\u00edculas tales como <a href=\"#\" onclick=\"referencia('quarks',event); return false;\">quarks<\/a> y <a href=\"#\" onclick=\"referencia('leptones',event); return false;\">leptones<\/a>, y el tiempo correcto de interacciones&#8230; Esto constituy\u00f3 una fuente de excitaci\u00f3n en su momento.&#8221;<\/p>\n<p style=\"margin: 18pt 0cm 0pt 54pt; text-indent: 24pt; line-height: 15pt; text-align: justify; mso-para-margin-right: 0cm; mso-para-margin-bottom: .0001pt; mso-para-margin-left: 54.0pt;\">\n<\/blockquote>\n<p style=\"text-align: center;\"><strong><em><img decoding=\"async\" loading=\"lazy\" class=\"aligncenter\" src=\"http:\/\/4.bp.blogspot.com\/_6RcWao-ydQA\/TAIFPpXh11I\/AAAAAAAAAB4\/UNUUuqVn3k0\/s1600\/infinito%5B1%5D.jpg\" alt=\"\" width=\"358\" height=\"245\" \/><\/em><\/strong><\/p>\n<p style=\"text-align: center;\">\u00bfQui\u00e9n sabe cu\u00e1ntas criaturas est\u00e1n presentes, en el Universo nuestro y, en esos otros que presentimos?<\/p>\n<p style=\"text-align: justify;\">Gross, sin embargo, advierte que aunque algunas de estas soluciones est\u00e1n muy pr\u00f3ximas al <strong style=\"mso-bidi-font-weight: normal;\">modelo est\u00e1ndar<\/strong>, otras dan lugar a propiedades f\u00edsicas muy embarazosas e indeseables, lo que finalmente se traduce en una aut\u00e9ntica incomodidad o problema, ya que tenemos muchas soluciones pero ninguna forma aceptable de escoger entre ellas. Adem\u00e1s, algunas tienen propiedades deseadas y otras potencialmente desastrosas.<\/p>\n<p style=\"text-align: justify;\">Un profano, al o\u00edr esto por primera vez, puede quedar intrigado para preguntar: \u00bfpor qu\u00e9 no calcular simplemente qu\u00e9 soluci\u00f3n se adapta o prefiere la cuerda? Puesto que la teor\u00eda de cuerdas es una teor\u00eda bien definida, parece enigm\u00e1tico que los f\u00edsicos no puedan calcular la respuesta.<\/p>\n<p style=\"text-align: justify;\">Lo \u00fanico seguro es que los f\u00edsicos seguir\u00e1n trabajando a la b\u00fasqueda de la soluci\u00f3n que, m\u00e1s pronto o m\u00e1s tarde, llegar\u00e1.<\/p>\n<p style=\"margin: 18pt 0cm 0pt; text-indent: 28pt; line-height: 15pt; text-align: center;\"><img decoding=\"async\" loading=\"lazy\" class=\"aligncenter\" src=\"http:\/\/upload.wikimedia.org\/wikipedia\/commons\/5\/50\/EffetTunnel.gif\" alt=\"Archivo:EffetTunnel.gif\" width=\"200\" height=\"200\" \/><strong>No se dispone de una resoluci\u00f3n m\u00e1s alta.<\/strong><\/p>\n<p style=\"margin: 18pt 0cm 0pt; text-indent: 28pt; line-height: 15pt; text-align: justify;\"><strong style=\"mso-bidi-font-weight: normal;\">Efecto t\u00fanel a trav\u00e9s del espacio y del tiempo <\/strong><\/p>\n<p style=\"text-align: justify;\">En definitiva, estamos planteando la misma cuesti\u00f3n propuesta por<strong> Kaluza<\/strong>, cuando en 1.919 escribi\u00f3 una carta a <a href=\"#\" onclick=\"referencia('einstein',event); return false;\">Einstein<\/a> proponi\u00e9ndole su teor\u00eda de la quinta dimensi\u00f3n para unificar el electromagnetismo de James Clark Maxwell y la propia teor\u00eda de la <a href=\"#\" onclick=\"referencia('relatividad',event); return false;\">relatividad<\/a> general, \u00bfd\u00f3nde est\u00e1 la quinta dimensi\u00f3n?, pero ahora en un nivel mucho m\u00e1s alto. Como Klein se\u00f1al\u00f3 en 1.926, la respuesta a esta cuesti\u00f3n tiene que ver con la teor\u00eda cu\u00e1ntica. Quiz\u00e1 el fen\u00f3meno m\u00e1s extraordinario (y complejo) de la teor\u00eda cu\u00e1ntica es el efecto t\u00fanel.<\/p>\n<p style=\"text-align: justify;\">El efecto t\u00fanel se refiere al hecho de que los <a href=\"#\" onclick=\"referencia('electron',event); return false;\">electrones<\/a> son capaces de atravesar una barrera (mirad la imagen de arriba), al parecer infranqueable, hacia una regi\u00f3n que estar\u00eda prohibida si los <a href=\"#\" onclick=\"referencia('electron',event); return false;\">electrones<\/a> fuesen tratados como part\u00edculas cl\u00e1sicas. El que haya una probabilidad finita de que un <a href=\"#\" onclick=\"referencia('electron',event); return false;\">electr\u00f3n<\/a> haga un t\u00fanel entre una regi\u00f3n cl\u00e1sicamente permitida a otra que no lo est\u00e1, surge como consecuencia de la mec\u00e1nica cu\u00e1ntica. El efecto es usado en el diodo t\u00fanel. La desintegraci\u00f3n alfa es un ejemplo de proceso de efecto t\u00fanel.<\/p>\n<p>&nbsp;<\/p>\n<p><iframe loading=\"lazy\" title=\"La quinta dimensi\u00f3n y la expansi\u00f3n de la conciencia - Dr. Ren\u00e9 Santizo Fi\u00f3n\" width=\"500\" height=\"281\" src=\"https:\/\/www.youtube.com\/embed\/2CTzMu3Wbdw?feature=oembed\" frameborder=\"0\" allow=\"accelerometer; autoplay; clipboard-write; encrypted-media; gyroscope; picture-in-picture; web-share\" referrerpolicy=\"strict-origin-when-cross-origin\" allowfullscreen><\/iframe><\/p>\n<p style=\"text-align: center;\">\n<h2 style=\"text-align: justify;\">\u00a0 \u00a0 Activaci\u00f3n de la Conciencia Gal\u00e1ctica de la Quinta Dimensi\u00f3n. Todo depende de la perspectiva con la que cada lo podamos mirar.<\/h2>\n<p>&nbsp;<\/p>\n<p style=\"text-align: justify;\">Antes pregunt\u00e1bamos, en relaci\u00f3n a la teor\u00eda de<strong> <a href=\"#\" onclick=\"referencia('kaluza klein',event); return false;\">Kaluza-Klein<\/a><\/strong>, el destino o el lugar en el que se encontraba la quinta dimensi\u00f3n.<\/p>\n<p style=\"text-align: justify; mso-outline-level: 1;\">La respuesta de Klein a esta pregunta fue ingeniosa al decir que estaba enrollada o compactada en la distancia o l\u00edmite de Planck, ya que, cuando comenz\u00f3 el <a href=\"#\" onclick=\"referencia('big bang',event); return false;\">Big Bang<\/a>, el universo se expandi\u00f3 s\u00f3lo en las cuatro dimensiones conocidas de espacio y una de tiempo, pero esta dimensi\u00f3n no fue afectada por la expansi\u00f3n y continua compactada en <img decoding=\"async\" loading=\"lazy\" class=\"alignnone size-full wp-image-417\" title=\"long_planck\" src=\"http:\/\/www.emiliosilveravazquez.com\/blog\/wp-content\/uploads\/2008\/07\/long_planck.png\" alt=\"\" width=\"101\" height=\"22\" border=\"0\" \/> cuyo valor es del orden de 10<sup>-35<\/sup> metros, distancia que no podemos ni tenemos medios de alcanzar, es 20 ordenes de magnitud menor que el <a href=\"#\" onclick=\"referencia('proton',event); return false;\">prot\u00f3n<\/a> que est\u00e1 en <strong>10<sup>-15<\/sup> metros<\/strong>.<\/p>\n<p style=\"text-align: justify;\">Pues las dimensiones que nos faltan en la teor\u00eda deca-dimensional, como en la de <a href=\"#\" onclick=\"referencia('kaluza klein',event); return false;\">Kaluza-Klein<\/a>, tambi\u00e9n est\u00e1n compactadas en una recta o en un c\u00edrculo en esa distancia o l\u00edmite de Planck que, al menos por el momento, no tenemos medios de comprobar dada su enorme peque\u00f1ez, menor que un <a href=\"#\" onclick=\"referencia('proton',event); return false;\">prot\u00f3n<\/a>. De hecho ser\u00eda 10<sup>-35 <\/sup>metros, lo que pone muy dif\u00edcil que lo podamos ver.<\/p>\n<p>&nbsp;<\/p>\n<p style=\"text-align: center;\"><img decoding=\"async\" loading=\"lazy\" class=\"aligncenter\" src=\"http:\/\/3.bp.blogspot.com\/_DvHSK-p7zDo\/SecTybzoAoI\/AAAAAAAABDg\/4JxVL28A1GU\/s1600\/Dimensiones_enrolladas.jpg\" alt=\"\" width=\"401\" height=\"400\" \/><\/p>\n<p style=\"text-align: center;\"><strong>\u00bfC\u00f3mo pueden estar enrolladas unas dimensiones?<\/strong><\/p>\n<p style=\"text-align: justify;\">Bueno, igual que para explicar de manera sencilla la gravedad mediante el ejemplo de una s\u00e1bana estirada por los 4 extremos, en la que ponemos un enorme peso en su centro y se forma una especie de hondonada que distorsiona la superficie antes lisa de la s\u00e1bana, al igual que un planeta distorsiona el espacio a su alrededor, de manera tal que cualquier objeto que se acerca a la masa del objeto pesado, se ve atra\u00eddo hacia \u00e9l. Pues bien, en las dimensiones de espacio enrolladas, utilizamos el s\u00edmil de la s\u00e1bana con bandas el\u00e1sticas en las esquinas.<\/p>\n<p>&nbsp;<\/p>\n<p><img decoding=\"async\" loading=\"lazy\" class=\"alignleft\" src=\"http:\/\/3.bp.blogspot.com\/-D0UyYvHu5-A\/TWWiykFlYdI\/AAAAAAAABao\/dGl_Zdgjz-w\/s1600\/espacio+tiemp+curvado+1.jpg\" alt=\"\" width=\"250\" height=\"255\" \/><\/p>\n<p style=\"text-align: justify;\">La s\u00e1bana que tenemos es peque\u00f1a y la cama es grande. Con esfuerzo logramos encajar las cuatro esquinas, pero la tensi\u00f3n es demasiado grande; una de las bandas el\u00e1sticas salta de una esquina, y la s\u00e1bana se enrolla. Este proceso se llama ruptura de simetr\u00eda. La s\u00e1bana uniformemente estirada posee un alto grado de simetr\u00eda. Se puede girar la cama 180\u00ba alrededor de cualquier eje y la s\u00e1bana permanece igual. Este estado altamente sim\u00e9trico se denomina falso vac\u00edo. Aunque el falso vac\u00edo aparece muy sim\u00e9trico, no es estable. La s\u00e1bana no quiere estar en esta condici\u00f3n estirada. Hay demasiada tensi\u00f3n y la energ\u00eda es demasiado alta. Pero la s\u00e1bana el\u00e1stica salta y se enrolla. La simetr\u00eda se rompe y la s\u00e1bana pasa a un estado de energ\u00eda m\u00e1s baja con menor simetr\u00eda. Si notamos la s\u00e1bana enrollada 180\u00ba alrededor de un eje ya no volvemos a tener la misma s\u00e1bana.<\/p>\n<p style=\"text-align: justify;\">Reemplacemos ahora la s\u00e1bana por el espacio-tiempo deca-dimensional, es espacio-tiempo de simetr\u00eda definitiva. En el comienzo del tiempo, el universo era perfectamente sim\u00e9trico. Si alguien hubiera estado all\u00ed en ese instante, podr\u00eda moverse libremente y sin problemas por cualquiera de las diez dimensiones. En esa \u00e9poca, la gravedad y las fuerzas d\u00e9biles y fuertes y electromagn\u00e9ticas estaban todas ellas unificadas por la supercuerda. Sin embargo, esta simetr\u00eda no pod\u00eda durar. El universo decadimensional, aunque perfectamente sim\u00e9trico, era inestable. La energ\u00eda existente muy alta, exactamente igual que la s\u00e1bana, estaba en un falso vac\u00edo. Por lo tanto, el paso por efecto t\u00fanel hacia un estado de menor energ\u00eda era inevitable. Cuando finalmente ocurri\u00f3 el efecto t\u00fanel, tuvo lugar una transici\u00f3n de fase y se perdi\u00f3 la simetr\u00eda.<\/p>\n<p>&nbsp;<\/p>\n<p style=\"text-align: center;\"><img decoding=\"async\" loading=\"lazy\" class=\"aligncenter\" style=\"border: 0pt none;\" src=\"http:\/\/1.bp.blogspot.com\/-kBdm-5ckamE\/Tad1XxcYhtI\/AAAAAAAABB4\/NpWrsN61Pa8\/s400\/ngc1999.jpg\" alt=\"\" width=\"393\" height=\"400\" border=\"0\" \/><\/p>\n<p>&nbsp;<\/p>\n<p style=\"text-align: justify;\">No digo que esas dimensiones que tan incansablemente buscan los f\u00edsicos para encajar la teor\u00eda de cuerdas no existan pero, encontrar el hueco por el que se puede acceder a ellas&#8230;No ser\u00e1 nada f\u00e1cil, ya que, carecen de los medios para ellos: \u00bfEnerg\u00eda? \u00bfMatem\u00e1ticas? \u00bfImaginaci\u00f3n? \u00a1Quien sabe!<\/p>\n<p style=\"text-align: justify;\">Puesto que el universo empez\u00f3 a dividirse en un universo de cuatro y otro de seis dimensiones, el universo ya no era sim\u00e9trico. Seis dimensiones se hab\u00edan enrollado (como la s\u00e1bana el\u00e1stica). Pero n\u00f3tese que la s\u00e1bana puede enrollarse de cuatro maneras, dependiendo de qu\u00e9 esquina haya saltado. Para el universo deca-dimensional, sin embargo, existen aparentemente millones de modos de enrollarse. Para calcular qu\u00e9 estado prefiere el universo decadimensional, necesitamos resolver la teor\u00eda de campos de cuerdas utilizando la teor\u00eda de transiciones de fase, el problema m\u00e1s dif\u00edcil en la teor\u00eda cu\u00e1ntica.<\/p>\n<p style=\"text-align: justify;\">Las transiciones de fase no son nada nuevo. Traslad\u00e9moslo a nuestras propias vidas. En un libro llamado <em style=\"mso-bidi-font-style: normal;\">Pasajes<\/em>, el autor, Gail Sheehy, destaca que la vida no es un flujo continuo de experiencias, como parece, sino que realmente pasa por varios estadios, caracterizados por conflictos espec\u00edficos que debemos resolver y por objetivos que debemos cumplir. Cuando esas fases se producen, la evoluci\u00f3n como personas se van cumpliendo y, no todos, pasan la prueba de la misma manera.<\/p>\n<p>&nbsp;<\/p>\n<blockquote><p><img decoding=\"async\" src=\"https:\/\/encrypted-tbn0.gstatic.com\/images?q=tbn:ANd9GcSRZD70BpUJhqxD52GnlD98RjKPxpz8AZc94g&amp;s\" alt=\"Descubre por qu\u00e9 a algunas personas no les funciona &quot;el ojo de la mente&quot;\" \/><\/p><\/blockquote>\n<p style=\"text-align: center;\">\n<p style=\"text-align: justify;\">Los &#8220;ojos&#8221; de la Mente, desde la infancia, se desarrollan hasta poder alcanzar una &#8220;visi\u00f3n&#8221; -comprensi\u00f3n) de las cosas que nos rodean, del mundo y del Universo, que nos llevan a completar nuestra aprendizaje local. M\u00e1s tarde, en las Universidades, seguimos nutriendo nuestra mente con los saberes m\u00e1s profundos y espec\u00edficos que cada cual pueda elegir, ya que, nadie podr\u00e1 saberlo todo sobre todo nunca. As\u00ed, como somos muchos, nos repartimos el &#8220;mundo del conocimiento&#8221; para que, entre todos, lleguemos a comprender donde estamos, e, incluso, hasta d\u00f3nde podemos llegar.<\/p>\n<p style=\"text-align: justify;\">El <a href=\"#\" onclick=\"referencia('psi',event); return false;\">psi<\/a>c\u00f3logo Eric Ericsson lleg\u00f3 a proponer una teor\u00eda de estadios <a href=\"#\" onclick=\"referencia('psi',event); return false;\">psi<\/a>col\u00f3gicos del desarrollo. Un conflicto fundamental caracteriza cada fase. Si este conflicto no queda resuelto, puede enconarse e incluso provocar una regresi\u00f3n a un periodo anterior. An\u00e1logamente, el <a href=\"#\" onclick=\"referencia('psi',event); return false;\">psi<\/a>c\u00f3logo Jean Piaget demostr\u00f3 que el desarrollo mental de la primera infancia tampoco es un desarrollo continuo de aprendizaje, sino que est\u00e1 realmente caracterizado por estadios discontinuos en la capacidad de conceptualizaci\u00f3n de un ni\u00f1o. Un mes, un ni\u00f1o puede dejar de buscar una pelota una vez que ha rodado fuera de su campo de visi\u00f3n, sin comprender que la pelota existe aunque no la vea. Al mes siguiente, esto resultar\u00e1 obvio para el ni\u00f1o.<\/p>\n<p style=\"text-align: justify;\">Esta es la esencia de la dial\u00e9ctica. Seg\u00fan esta filosof\u00eda, todos los objetos (personas, gases, estrellas, el propio universo) pasan por una serie de estadios. Cada estadio est\u00e1 caracterizado por un conflicto entre dos fuerzas opuestas. La naturaleza de dicho conflicto determina, de hecho, la naturaleza del estadio. Cuando el conflicto se resuelve, el objeto pasa a un objetivo o estadio superior, llamado s\u00edntesis, donde empieza una nueva contradicci\u00f3n, y el proceso pasa de nuevo a un nivel superior.<\/p>\n<p>&nbsp;<\/p>\n<p style=\"text-align: center;\"><img decoding=\"async\" loading=\"lazy\" class=\"aligncenter\" style=\"border: 0pt none;\" src=\"http:\/\/4.bp.blogspot.com\/_aHHa5mGHHC4\/TIOQDS41UuI\/AAAAAAAABIU\/YZAdyiMSbgQ\/s400\/variaciones_circulares_7.jpg\" alt=\"\" width=\"400\" height=\"400\" border=\"0\" \/><\/p>\n<blockquote><p><strong>S\u00f3lo a trav\u00e9s de profundos pensamientos y la imaginaci\u00f3n, podremos llegar a esos lugares que, algunos creen inaccesibles pero, est\u00e1n ah\u00ed.<\/strong><\/p><\/blockquote>\n<p style=\"text-align: justify;\">Los fil\u00f3sofos llaman a esto transici\u00f3n de la &#8220;cantidad&#8221; a la &#8220;cualidad&#8221;. Peque\u00f1os cambios cuantitativos se acumulan hasta que, eventualmente, se produce una ruptura cualitativa con el pasado. Esta teor\u00eda se aplica tambi\u00e9n a las sociedades o culturas. Las tensiones en una sociedad pueden crecer espectacularmente, como la hicieron en Francia a finales del siglo XVIII. Los campesinos se enfrenaban al hambre, se produjeron motines espont\u00e1neos y la aristocracia se retir\u00f3 a sus fortalezas. Cuando las tensiones alcanzaron su punto de ruptura, ocurri\u00f3 una <strong style=\"mso-bidi-font-weight: normal;\">transici\u00f3n de fase<\/strong> de lo <strong style=\"mso-bidi-font-weight: normal;\">cuantitativo <\/strong>a los <strong style=\"mso-bidi-font-weight: normal;\">cualitativo<\/strong>: los campesinos tomaron las armas, tomaron Par\u00eds y asaltaron la Bastilla.<\/p>\n<p style=\"text-align: justify;\">Las transiciones de fases pueden ser tambi\u00e9n asuntos bastante explosivos. Por ejemplo, pensemos en un r\u00edo que ha sido represado. Tras la presa se forma r\u00e1pidamente un embalse con agua a enorme presi\u00f3n. Puesto que es inestable, el embalse est\u00e1 en el <strong style=\"mso-bidi-font-weight: normal;\">falso vac\u00edo<\/strong>. El agua preferir\u00eda estar en su verdadero vac\u00edo, significando esto que preferir\u00eda reventar la presa y correr aguas abajo, hacia un estado de menor energ\u00eda. As\u00ed pues, una transici\u00f3n de fase implicar\u00eda un estallido de la presa, que tendr\u00eda consecuencias desastrosas.<\/p>\n<p>&nbsp;<\/p>\n<p style=\"text-align: center;\"><img decoding=\"async\" loading=\"lazy\" class=\"aligncenter\" src=\"http:\/\/4.bp.blogspot.com\/-K_abWEO08Ok\/TX-5RobQskI\/AAAAAAAACtQ\/9g4WxklnDfY\/s1600\/bomba-nuclear.jpg\" alt=\"http:\/\/4.bp.blogspot.com\/-K_abWEO08Ok\/TX-5RobQskI\/AAAAAAAACtQ\/9g4WxklnDfY\/s1600\/bomba-nuclear.jpg\" width=\"659\" height=\"504\" \/><\/p>\n<p style=\"text-align: center;\"><strong>Mejor que nunca m\u00e1s podamos ver esta imagen<\/strong><\/p>\n<p style=\"text-align: justify;\">Tambi\u00e9n podr\u00eda poner aqu\u00ed el ejemplo m\u00e1s explosivo de una bomba at\u00f3mica, donde el falso vac\u00edo corresponde al n\u00facleo inestable de uranio donde residen atrapadas enormes energ\u00edas explosivas que son un mill\u00f3n de veces m\u00e1s poderosas, para masas iguales, que para un explosivo qu\u00edmico. De vez en cuando, el n\u00facleo pasa por efecto t\u00fanel a un estado m\u00e1s bajo, lo que significa que el n\u00facleo se rompe espont\u00e1neamente. Esto se denomina desintegraci\u00f3n radiactiva. Sin embargo, disparando <a href=\"#\" onclick=\"referencia('neutron',event); return false;\">neutrones<\/a> contra los n\u00facleos de uranio, es posible liberar de golpe esta energ\u00eda encerrada seg\u00fan la formula de <a href=\"#\" onclick=\"referencia('einstein',event); return false;\">Einstein<\/a> E = mc<sup>2<\/sup>. Por supuesto, dicha liberaci\u00f3n es una explosi\u00f3n at\u00f3mica; \u00a1menuda transici\u00f3n de fase!<\/p>\n<p style=\"text-align: justify;\">Las nuevas caracter\u00edsticas descubiertas por los cient\u00edficos en las transiciones de fases es que normalmente van acompa\u00f1adas de una ruptura de simetr\u00eda. Al premio Nobel <strong>Abdus Salam<\/strong> le gusta la ilustraci\u00f3n siguiente: consideremos una mesa de banquete circular, donde todos los comensales est\u00e1n sentados con una copa de champ\u00e1n a cada lado. Aqu\u00ed existe simetr\u00eda. Mirando la mesa del banquete reflejada en un espejo, vemos lo mismo: cada comensal sentado en torno a la mesa, con copas de champ\u00e1n a cada lado. Asimismo, podemos girar la mesa de banquete circular y la disposici\u00f3n sigue siendo la misma.<\/p>\n<p style=\"text-align: justify;\">Rompamos ahora la simetr\u00eda. Supongamos ahora que el primer comensal toma la copa que hay a su derecha. Siguiendo la pauta, todos los dem\u00e1s comensales tomaran la copa de champ\u00e1n de su derecha. N\u00f3tese que la imagen de la mesa del banquete vista en el espejo produce la situaci\u00f3n opuesta. Cada comensal ha tomado la copa izquierda. De este modo, la simetr\u00eda izquierda-derecha se ha roto.<\/p>\n<p>&nbsp;<\/p>\n<p><img decoding=\"async\" loading=\"lazy\" class=\"\" src=\"https:\/\/www.sabermas.umich.mx\/images\/stories\/24\/simetria.JPG\" alt=\"SIMETR\u00cdAS: LAS MATEM\u00c1TICAS DETR\u00c1S DE LA BELLEZA\" width=\"455\" height=\"211\" \/><img decoding=\"async\" loading=\"lazy\" class=\"\" src=\"https:\/\/encrypted-tbn0.gstatic.com\/images?q=tbn:ANd9GcR7hxC2m_AT_eWEmn7bCjUegrRLX1HLcD_lgQ&amp;s\" alt=\"Conseguir un rostro perfecto | CIRUG\u00cdA FACIAL DORSIA\" width=\"165\" height=\"214\" \/><img decoding=\"async\" src=\"https:\/\/encrypted-tbn0.gstatic.com\/images?q=tbn:ANd9GcSJ-7oNj40ZJASJEqtPTM3xA_Us9nF7Q7KJ0w&amp;s\" alt=\"Retrato de una belleza | ESO Espa\u00f1a\" \/><img decoding=\"async\" loading=\"lazy\" class=\"\" src=\"https:\/\/capital24.com.ar\/download\/multimedia.normal.a57a52a059873752.Zi5lbGNvbmZpZGVuY2lhbC5jb21fb3JpZ2luYWxfODFfbm9ybWFsLndlYnA%3D.webp\" alt=\"Impactante imagen nos regala el Telescopio Espacial Hubble y la belleza del  Universo\" width=\"283\" height=\"220\" \/><\/p>\n<p><strong>\u00a0 \u00a0 \u00a0 \u00a0 \u00a0 \u00a0 \u00a0 \u00a0 \u00a0 \u00a0 \u00a0 \u00a0 Simetr\u00eda y belleza por todas partes<\/strong><\/p>\n<p style=\"text-align: center;\">\n<p style=\"text-align: justify;\">As\u00ed pues, el estado de m\u00e1xima simetr\u00eda es con frecuencia tambi\u00e9n un estado inestable, y por lo tanto corresponde a un falso vac\u00edo.<\/p>\n<p style=\"text-align: justify;\">Todo esto ocurre en el Universo que nos acoge y que contiene los misterios que debemos desvelar, de ah\u00ed la importancia de la Astronom\u00eda, la Astrof\u00edsica, la F\u00edsica, la Qu\u00edmica, la Biolog\u00eda y, delante de todas estas disciplinas, abanderando el desfile, est\u00e1n las matem\u00e1ticas que, cuando el lenguaje hablado de las palabras no pueden explicar los asuntos complejos, son ellas las que intervienen para poner orden y hacer la descripci\u00f3n comprensible del Universo que nos acoge.<\/p>\n<p><strong>Emilio Silvera V\u00e1zquez<\/strong><\/p>\n<div class='bookmark'>\r\n\t\t<table align='left' border='0' cellpadding='0' width='100%'>\r\n\t\t<tr><td><span class='pushbutton'><a href='http:\/\/delicious.com\/post?url=http%3A%2F%2Fwww.emiliosilveravazquez.com%2Fblog%2F2025%2F05%2F20%2Fano-internacional-de-la-astronomia-2009-en-espana-aia-iya2009-30%2F&amp;title=Rayos+C%C3%B3smicos+y+otros+temas+del+Universo' title='Delicious' target='_blank' rel='nofollow'><img src='http:\/\/www.emiliosilveravazquez.com\/blog\/wp-content\/plugins\/knxdt-bookmarks-wordpress-plugin\/images\/delicious.png'  alt='' class='book_img' border='none' style='margin:1px; padding: 0;'  \/><\/a><\/span><span class='pushbutton'><a href='http:\/\/digg.com\/submit?url=http%3A%2F%2Fwww.emiliosilveravazquez.com%2Fblog%2F2025%2F05%2F20%2Fano-internacional-de-la-astronomia-2009-en-espana-aia-iya2009-30%2F&amp;title=Rayos+C%C3%B3smicos+y+otros+temas+del+Universo' title='Digg' target='_blank' rel='nofollow'><img src='http:\/\/www.emiliosilveravazquez.com\/blog\/wp-content\/plugins\/knxdt-bookmarks-wordpress-plugin\/images\/digg.png'  alt='' class='book_img' border='none' style='margin:1px; padding: 0;'  \/><\/a><\/span><span class='pushbutton'><a href='http:\/\/www.google.com\/bookmarks\/mark?op=edit&amp;bkmk=http%3A%2F%2Fwww.emiliosilveravazquez.com%2Fblog%2F2025%2F05%2F20%2Fano-internacional-de-la-astronomia-2009-en-espana-aia-iya2009-30%2F&amp;title=Rayos+C%C3%B3smicos+y+otros+temas+del+Universo' title='Google' target='_blank' rel='nofollow'><img src='http:\/\/www.emiliosilveravazquez.com\/blog\/wp-content\/plugins\/knxdt-bookmarks-wordpress-plugin\/images\/google.png'   alt='' class='book_img' border='none' style='margin:1px; padding: 0;'  \/><\/a><\/span><span class='pushbutton'><a href='http:\/\/myweb2.search.yahoo.com\/myresults\/bookmarklet?u=http%3A%2F%2Fwww.emiliosilveravazquez.com%2Fblog%2F2025%2F05%2F20%2Fano-internacional-de-la-astronomia-2009-en-espana-aia-iya2009-30%2F&amp;t=Rayos+C%C3%B3smicos+y+otros+temas+del+Universo' title='Yahoo' target='_blank' rel='nofollow'><img src='http:\/\/www.emiliosilveravazquez.com\/blog\/wp-content\/plugins\/knxdt-bookmarks-wordpress-plugin\/images\/yahoo.png'  alt='' class='book_img' border='none' style='margin:1px; padding: 0;'  \/><\/a><\/span><span class='pushbutton'><a href='http:\/\/www.technorati.com\/faves?add=http%3A%2F%2Fwww.emiliosilveravazquez.com%2Fblog%2F2025%2F05%2F20%2Fano-internacional-de-la-astronomia-2009-en-espana-aia-iya2009-30%2F' title='Technorati' target='_blank' rel='nofollow'><img src='http:\/\/www.emiliosilveravazquez.com\/blog\/wp-content\/plugins\/knxdt-bookmarks-wordpress-plugin\/images\/technorati.png'  alt='' class='book_img' border='none' style='margin:1px; padding: 0;'  \/><\/a><\/span><span class='pushbutton'><a href='http:\/\/meneame.net\/submit.php?url=http%3A%2F%2Fwww.emiliosilveravazquez.com%2Fblog%2F2025%2F05%2F20%2Fano-internacional-de-la-astronomia-2009-en-espana-aia-iya2009-30%2F' title='Meneame' target='_blank' rel='nofollow'><img src='http:\/\/www.emiliosilveravazquez.com\/blog\/wp-content\/plugins\/knxdt-bookmarks-wordpress-plugin\/images\/meneame.png'  alt='' class='book_img' border='none' style='margin:1px; padding: 0;'  \/><\/a><\/span><span class='pushbutton'><a href='http:\/\/enchilame.com\/submit.php?url=http:\/\/www.emiliosilveravazquez.com\/blog\/2025\/05\/20\/ano-internacional-de-la-astronomia-2009-en-espana-aia-iya2009-30\/' target='_blank' rel='nofollow'><img title='Enchilame' src='http:\/\/www.emiliosilveravazquez.com\/blog\/wp-content\/plugins\/knxdt-bookmarks-wordpress-plugin\/images\/enchilame.png'  alt='' class='book_img' border='none' style='margin:1px; padding: 0;'  \/><\/a><\/span><span class='pushbutton'><a href='http:\/\/www.blinklist.com\/index.php?Action=Blink\/addblink.php&amp;Description=&amp;Url=http%3A%2F%2Fwww.emiliosilveravazquez.com%2Fblog%2F2025%2F05%2F20%2Fano-internacional-de-la-astronomia-2009-en-espana-aia-iya2009-30%2F&amp;title=Rayos+C%C3%B3smicos+y+otros+temas+del+Universo' title='BlinkList' target='_blank' rel='nofollow'><img src='http:\/\/www.emiliosilveravazquez.com\/blog\/wp-content\/plugins\/knxdt-bookmarks-wordpress-plugin\/images\/blinklist.png'  alt='' class='book_img' border='none' style='margin:1px; padding: 0;'  \/><\/a><\/span><span class='pushbutton'><a href='http:\/\/reddit.com\/submit?url=http%3A%2F%2Fwww.emiliosilveravazquez.com%2Fblog%2F2025%2F05%2F20%2Fano-internacional-de-la-astronomia-2009-en-espana-aia-iya2009-30%2F&amp;title=Rayos+C%C3%B3smicos+y+otros+temas+del+Universo' title='Reddit' target='_blank' rel='nofollow'><img src='http:\/\/www.emiliosilveravazquez.com\/blog\/wp-content\/plugins\/knxdt-bookmarks-wordpress-plugin\/images\/reddit.png'  alt='' class='book_img' border='none' style='margin:1px; padding: 0;'  \/><\/a><\/span><span class='pushbutton'><a href='http:\/\/www.tecnologiadiaria.com\/2009\/07\/abrir-com-hotmail-correo.html' target='_blank' title='hotmail'><img src='http:\/\/www.emiliosilveravazquez.com\/blog\/wp-content\/plugins\/knxdt-bookmarks-wordpress-plugin\/images\/linklove.png' alt='hotmail correo' class='book_img' border='none' style='margin:1px; padding: 0;' \/><\/a><\/span><span class='pushbutton'><a href='http:\/\/bitacoras.com\/votar\/anotacion\/externo\/mini\/www.emiliosilveravazquez.com\/blog\/2025\/05\/20\/ano-internacional-de-la-astronomia-2009-en-espana-aia-iya2009-30\/' title='Bitacoras.com' target='_blank' rel='nofollow'><img src='http:\/\/www.emiliosilveravazquez.com\/blog\/wp-content\/plugins\/knxdt-bookmarks-wordpress-plugin\/images\/bitacoras.png'  alt='' class='book_img' border='none' style='margin:1px; padding: 0;'  \/><\/a><\/span><span class='pushbutton'><a href='http:\/\/www.wikio.es\/vote?url=http%3A%2F%2Fwww.emiliosilveravazquez.com%2Fblog%2F2025%2F05%2F20%2Fano-internacional-de-la-astronomia-2009-en-espana-aia-iya2009-30%2F' title='Wikio' target='_blank' rel='nofollow'><img src='http:\/\/www.emiliosilveravazquez.com\/blog\/wp-content\/plugins\/knxdt-bookmarks-wordpress-plugin\/images\/wikio.png'   alt='' class='book_img' border='none' style='margin:1px; padding: 0;'   \/><\/a><\/span><span class='pushbutton'><a href='http:\/\/friendfeed.com\/?url=http%3A%2F%2Fwww.emiliosilveravazquez.com%2Fblog%2F2025%2F05%2F20%2Fano-internacional-de-la-astronomia-2009-en-espana-aia-iya2009-30%2F&amp;title=Rayos+C%C3%B3smicos+y+otros+temas+del+Universo' title='Friend Feed' target='_blank' rel='nofollow'><img src='http:\/\/www.emiliosilveravazquez.com\/blog\/wp-content\/plugins\/knxdt-bookmarks-wordpress-plugin\/images\/friendfeed.png'  alt='' class='book_img' border='none' style='margin:1px; padding: 0;'  \/><\/a><\/span><span class='pushbutton'><a href='http:\/\/www.facebook.com\/share.php?u=http%3A%2F%2Fwww.emiliosilveravazquez.com%2Fblog%2F2025%2F05%2F20%2Fano-internacional-de-la-astronomia-2009-en-espana-aia-iya2009-30%2F&amp;t=Rayos+C%C3%B3smicos+y+otros+temas+del+Universo' title='Facebook' target='_blank' rel='nofollow'><img src='http:\/\/www.emiliosilveravazquez.com\/blog\/wp-content\/plugins\/knxdt-bookmarks-wordpress-plugin\/images\/facebook.png'  alt='' class='book_img' border='none' style='margin:1px; padding: 0;'  \/><\/a><\/span><span class='pushbutton'><a href='http:\/\/twitter.com\/home?status=Rayos+C%C3%B3smicos+y+otros+temas+del+Universo: http%3A%2F%2Fwww.emiliosilveravazquez.com%2Fblog%2F2025%2F05%2F20%2Fano-internacional-de-la-astronomia-2009-en-espana-aia-iya2009-30%2F' title='Twitter' target='_blank' rel='nofollow'><img src='http:\/\/www.emiliosilveravazquez.com\/blog\/wp-content\/plugins\/knxdt-bookmarks-wordpress-plugin\/images\/twitter.png'  alt='' class='book_img' border='none' style='margin:1px; padding: 0;'  \/><\/a><\/span><span class='pushbutton'><a href='http:\/\/www.feedburner.com\/fb\/a\/emailFlare?itemTitle=Rayos+C%C3%B3smicos+y+otros+temas+del+Universo&amp;uri=http%3A%2F%2Fwww.emiliosilveravazquez.com%2Fblog%2F2025%2F05%2F20%2Fano-internacional-de-la-astronomia-2009-en-espana-aia-iya2009-30%2F' title='Enviar por Email' target='_blank' rel='nofollow'><img src='http:\/\/www.emiliosilveravazquez.com\/blog\/wp-content\/plugins\/knxdt-bookmarks-wordpress-plugin\/images\/email.png'  alt='' class='book_img' border='none' style='margin:1px; padding: 0;'  \/><\/a><\/span><span style='font-weight:bold; padding-left: 5px;'><a href='http:\/\/wordpress.org\/extend\/plugins\/knxdt-bookmarks-wordpress-plugin\/' title='Plugin' rel='nofollow' target='_blank'>[?]<\/a><\/span><\/td><\/tr><\/table><br\/><br\/><\/div>","protected":false},"excerpt":{"rendered":"<p>Daremos un simple repaso a lo que son los Rayos C\u00f3smicos: Son part\u00edculas at\u00f3micas que se mueven por el espacio a la velocidades pr\u00f3ximas a la de la luz, con una energ\u00eda extremadamente alta (108 &#8211; 1020 eV). En las colisiones con los \u00e1tomos de la atm\u00f3sfera de la Tierra, un rayo c\u00f3smico primario produce [&hellip;]<\/p>\n","protected":false},"author":2,"featured_media":0,"comment_status":"open","ping_status":"open","sticky":false,"template":"","format":"standard","meta":{"_s2mail":"yes","footnotes":""},"categories":[6],"tags":[],"_links":{"self":[{"href":"http:\/\/www.emiliosilveravazquez.com\/blog\/wp-json\/wp\/v2\/posts\/520"}],"collection":[{"href":"http:\/\/www.emiliosilveravazquez.com\/blog\/wp-json\/wp\/v2\/posts"}],"about":[{"href":"http:\/\/www.emiliosilveravazquez.com\/blog\/wp-json\/wp\/v2\/types\/post"}],"author":[{"embeddable":true,"href":"http:\/\/www.emiliosilveravazquez.com\/blog\/wp-json\/wp\/v2\/users\/2"}],"replies":[{"embeddable":true,"href":"http:\/\/www.emiliosilveravazquez.com\/blog\/wp-json\/wp\/v2\/comments?post=520"}],"version-history":[{"count":0,"href":"http:\/\/www.emiliosilveravazquez.com\/blog\/wp-json\/wp\/v2\/posts\/520\/revisions"}],"wp:attachment":[{"href":"http:\/\/www.emiliosilveravazquez.com\/blog\/wp-json\/wp\/v2\/media?parent=520"}],"wp:term":[{"taxonomy":"category","embeddable":true,"href":"http:\/\/www.emiliosilveravazquez.com\/blog\/wp-json\/wp\/v2\/categories?post=520"},{"taxonomy":"post_tag","embeddable":true,"href":"http:\/\/www.emiliosilveravazquez.com\/blog\/wp-json\/wp\/v2\/tags?post=520"}],"curies":[{"name":"wp","href":"https:\/\/api.w.org\/{rel}","templated":true}]}}