{"id":5159,"date":"2011-01-05T09:00:25","date_gmt":"2011-01-05T08:00:25","guid":{"rendered":"http:\/\/www.emiliosilveravazquez.com\/blog\/?p=5159"},"modified":"2012-01-05T08:13:18","modified_gmt":"2012-01-05T07:13:18","slug":"%c2%bfes-la-materia-oscura-la-que-expande-el-universo","status":"publish","type":"post","link":"http:\/\/www.emiliosilveravazquez.com\/blog\/2011\/01\/05\/%c2%bfes-la-materia-oscura-la-que-expande-el-universo\/","title":{"rendered":"\u00bfEs la materia oscura la que expande el Universo?"},"content":{"rendered":"<p style=\"text-align: center;\"><img decoding=\"async\" loading=\"lazy\" class=\"aligncenter\" src=\"http:\/\/www.laregiondigital.com.mx\/web\/images\/stories\/Imagenes\/21-05-2011\/energia-oscura.jpg\" alt=\"Confirman que la energ\u00eda oscura hace que el universo se expanda.\" width=\"459\" height=\"309\" \/><\/p>\n<p style=\"text-align: center;\">\n<p style=\"text-align: justify;\">&#8220;Un estudio de 200.000 galaxias a lo largo de cinco a\u00f1os ha dado lugar a\u00a0<strong>una de las mejores confirmaciones de que la energ\u00eda oscura est\u00e1 impulsando nuestro universo a acelerarse<\/strong>&#8220;. El estudio utiliz\u00f3 datos de la nave espacial de la\u00a0NASA\u00a0<em>Galaxy Evolution Explorer <\/em>y del Telescopio Anglo-Australiano de\u00a0<em>Siding Spring Mountain<\/em>.<\/p>\n<p style=\"text-align: justify;\">Los resultados ofrecen un\u00a0<strong>nuevo soporte para la teor\u00eda a favor de que la energ\u00eda oscura funciona como una fuerza constante<\/strong>, uniforme, que afecta al universo y propulsa su expansi\u00f3n fuera de control. Sin embargo, est\u00e1n\u00a0<strong>en contradicci\u00f3n con una teor\u00eda alternativa, donde la gravedad, no la energ\u00eda oscura, es la fuerza que empuja a la separaci\u00f3n en el espacio<\/strong>.<\/p>\n<p><!--more--><\/p>\n<p style=\"text-align: justify;\">De acuerdo con esta teor\u00eda alternativa, con la que los resultados del nuevo estudio no son coherentes, el concepto de\u00a0Albert <a href=\"#\" onclick=\"referencia('einstein',event); return false;\">Einstein<\/a> de la gravedad est\u00e1 equivocado, y la gravedad repele en lugar de atraer cuando act\u00faa a grandes distancias. (Me parece una chorrada, al menos explicado as\u00ed).<\/p>\n<p style=\"text-align: justify;\">&#8220;La acci\u00f3n de la energ\u00eda oscura es como si se tira una pelota en el aire y se mantiene una aceleraci\u00f3n hacia arriba en el cielo cada vez m\u00e1s r\u00e1pida&#8221;, dijo Chris Blake, de la Universidad Tecnol\u00f3gica de Swinburne en Melbourne, Australia. Blake es el autor principal de dos art\u00edculos que describen los resultados en la revista\u00a0<em>Monthly Notices of the Royal Astronomical Society<\/em>.<\/p>\n<p style=\"text-align: justify;\">&#8220;Los resultados nos dicen que\u00a0<strong>la energ\u00eda oscura es una constante cosmol\u00f3gica, que <a href=\"#\" onclick=\"referencia('einstein',event); return false;\">Einstein<\/a> propuso<\/strong>. Si la gravedad fuera la culpable, entonces no estar\u00edamos viendo los efectos constantes de la energ\u00eda oscura a trav\u00e9s del tiempo&#8221;, a\u00f1ade Blake.<\/p>\n<p style=\"text-align: justify;\">Se cree que la energ\u00eda oscura domina nuestro universo, representando alrededor del 74 por ciento. La\u00a0<a href=\"#\" onclick=\"referencia('materia oscura',event); return false;\">materia oscura<\/a> representa el 22 por ciento. Y la llamada materia normal, formada \u00e1tomos y la materia que compone los seres vivos, los planetas y las estrellas, es s\u00f3lo aproximadamente el cuatro por ciento del cosmos.&#8221;<\/p>\n<p style=\"text-align: justify;\">No estoy de acuerdo con algunas de las afirmaciones que aqu\u00ed se hacen. \u00bfLa Materia Oscura? En realidad existe una fuerza que no podemos explicar y nos hemos inventado esa clase de materia transparente o invisible de la que s\u00f3lo detectamos &#8220;sus efectos&#8221; mediante la &#8220;Gravedad Negativa&#8221; que dicen que genera. Sin embargo, no creo que erso pueda ser as\u00ed.<\/p>\n<p style=\"text-align: justify;\">Hay algo que no hemos llegado a comprender, y, posiblemente, esa expansi\u00f3n acelerada s\u00f3lo ocurre en las galaxias o c\u00famulos lejanos que, distantes del Grupo Local, pueden estar siendo atra\u00eddos por otras fuentes de Gravedad, como por ejemplo, \u00bfotros Universos?<\/p>\n<p style=\"text-align: justify;\">\n<p style=\"text-align: center;\"><img decoding=\"async\" loading=\"lazy\" class=\"aligncenter\" src=\"http:\/\/1.bp.blogspot.com\/-OKfPX39TEGU\/TZB060PS75I\/AAAAAAAAARw\/Vfr915SdFnU\/s1600\/expande.jpg\" alt=\"\" width=\"608\" height=\"403\" \/><\/p>\n<p style=\"text-align: center;\">\n<p style=\"text-align: justify;\">Nos faltan datos y sobre todo, carecemos de los conocimientos necesarios para poder aseverar que, las galaxias se alejan las unas de las otras por causa de la &#8220;Materia Oscura&#8221; que, como dec\u00eda aquel F\u00edsico, es una alfombra debajo de la que barremos nuestra ignorancia. La <a href=\"#\" onclick=\"referencia('materia oscura',event); return false;\">materia oscura<\/a> se invent\u00f3 para que las cuentas cuadraran, ya que, nadie sab\u00eda explicar de manera coherente, lo que estaba pasando conforme a las observaciones, y, surgi\u00f3 la idea, \u00a1la <a href=\"#\" onclick=\"referencia('materia oscura',event); return false;\">materia oscura<\/a>! salvadora. Claro que, saber lo que la <a href=\"#\" onclick=\"referencia('materia oscura',event); return false;\">materia oscura<\/a> es&#8230;<\/p>\n<p style=\"text-align: justify;\">\n<p style=\"text-align: center;\"><img decoding=\"async\" loading=\"lazy\" class=\"aligncenter\" src=\"http:\/\/t2.gstatic.com\/images?q=tbn:ANd9GcTEp2aijBf28QPrpuF5Z-D2vXM5fk59DS_myyHDDRcNFnNzYLUJWQ\" alt=\"\" width=\"247\" height=\"204\" \/><\/p>\n<p>S\u00ed, es verdad, el Universo se expande pero, \u00bfsabemos a ciencia cierta la causa de que as\u00ed sea?<\/p>\n<p>&nbsp;<\/p>\n<p><a href=\"http:\/\/3.bp.blogspot.com\/_QXqM250dpAI\/TSbCrdtYJHI\/AAAAAAAAABM\/UvYcqlmdOGI\/s1600\/universo.jpg\"><img decoding=\"async\" loading=\"lazy\" class=\"alignleft\" style=\"border: 0px initial initial;\" src=\"http:\/\/3.bp.blogspot.com\/_QXqM250dpAI\/TSbCrdtYJHI\/AAAAAAAAABM\/UvYcqlmdOGI\/s1600\/universo.jpg\" alt=\"\" width=\"249\" height=\"166\" border=\"0\" \/><\/a><\/p>\n<p style=\"text-align: justify;\">Cada hora el Universo se expande m\u00e1s de mil millones de Kil\u00f3metros en todas direcciones. Sin embargo, a m\u00ed me gustar\u00eda conocer la verdadera causa de que as\u00ed se produzcan las cosas, y, las peregrinas explicaciones de unos y otros, la verdad, no me convencen para nada. Cuando alegremente se habla de <a href=\"#\" onclick=\"referencia('materia oscura',event); return false;\">materia oscura<\/a>, se olvidan muchas cuestiones, por ejemplo, las fluctuaciones de vac\u00edo que, por ser complejas y misteriosas, hacen que los f\u00edsicos huyan despavoridos ante tales complejidades en las que no encuentran una explicaci\u00f3n. All\u00ed, en esos desgarros del espacio-tiempo, existen objetos y energ\u00edas (tambi\u00e9n fuerzas, \u00bfpor qu\u00e9 no?) que no podemos ni imaginar.<\/p>\n<p style=\"text-align: justify;\">\u00bfSe ha descubierto el Gravit\u00f3n? \u00a1NO!, y, precisamente esa pueda ser una de las causas de tener que acudir a la <a href=\"#\" onclick=\"referencia('materia oscura',event); return false;\">materia oscura<\/a> para pretender explicar lo inexplicable. Todas las fuerzas tienen su particula portadora, los <a href=\"#\" onclick=\"referencia('bosones',event); return false;\">bosones<\/a> intermediarios de la fuerza:<\/p>\n<p style=\"text-align: justify;\">La fuerza Nuclear fuerte tiene a los Gluones.<\/p>\n<p style=\"text-align: justify;\">La Fuerza d\u00e9bil cuenta con las part\u00edculas W<sup>+<\/sup>, W<sup>&#8211;<\/sup> y Z.<\/p>\n<p style=\"text-align: justify;\">El electromagnetismo tiene su contrato con el Fot\u00f3n.<\/p>\n<p style=\"text-align: justify;\">La Gravedad, seg\u00fan se cree cuenta con el Gravit\u00f3n (que al ser la fuerza tan d\u00e9bil y actuar en todos los \u00e1mbitos del Universo, a\u00fan no ha podido ser encontrado).<\/p>\n<p style=\"text-align: justify;\">Pero, \u00bfsabemos que part\u00edcula es la mediadora de esa Gravedad negativa que genera la Materia Oscura? \u00a1NO! Claro que no lo sabemos, y, para no saber tampoco sabemos lo que la <a href=\"#\" onclick=\"referencia('materia oscura',event); return false;\">materia oscura<\/a> pueda ser, de qu\u00e9 est\u00e1 hecha, qu\u00e9 clase de part\u00edculas la conforma, de donde surgi\u00f3 o se cre\u00f3, en fin, surgen miles de preguntas que nadie sabe contestar pero, eso s\u00ed, se habla de la <a href=\"#\" onclick=\"referencia('materia oscura',event); return false;\">materia oscura<\/a> como si de mi tia Felisa se tratara.<\/p>\n<p style=\"text-align: justify;\">\n<p style=\"text-align: center;\"><img decoding=\"async\" loading=\"lazy\" id=\"il_fi\" class=\"aligncenter\" src=\"http:\/\/www.revistasintaxis.com\/images\/stories\/articulos\/materia-oscura.jpg\" alt=\"\" width=\"650\" height=\"440\" \/><\/p>\n<p style=\"text-align: center;\">\n<p style=\"text-align: justify;\">\u00bfCu\u00e1ntos dise\u00f1os y gr\u00e1ficos o modelos por ordenador se han realizado para querer representar la <a href=\"#\" onclick=\"referencia('materia oscura',event); return false;\">materia oscura<\/a>? Muchos, much\u00edsimos, y, sin embargo ninguno de ellos ha podido dejar constancia de su existencia, ya que, para ello, la Ciencia exige pruebas y, eso, no lo tenemos.<\/p>\n<p style=\"text-align: justify;\">\n<p style=\"text-align: center;\"><img decoding=\"async\" loading=\"lazy\" id=\"il_fi\" class=\"aligncenter\" src=\"http:\/\/www.astronoo.com\/images\/images_articles\/matiereNoire.jpg\" alt=\"\" width=\"608\" height=\"400\" \/><\/p>\n<p style=\"text-align: center;\">\n<p style=\"text-align: justify;\">Eso s\u00ed, im\u00e1genes de todo tipo mediante las cu\u00e1les se nos quiere hacer ver que, la <a href=\"#\" onclick=\"referencia('materia oscura',event); return false;\">materia oscura<\/a> est\u00e1 ah\u00ed presente, sin embargo, nada de lo que estamos viendo es <a href=\"#\" onclick=\"referencia('materia oscura',event); return false;\">materia oscura<\/a> son filamentos de <a href=\"#\" onclick=\"referencia('plasma',event); return false;\">plasma<\/a>, polvo y gas interestelar, y otros objetos y sustancias que en el Universo se producen mediante la qu\u00edmica de la energ\u00eda de las estrellas presente en esos lugares pero, &#8220;<a href=\"#\" onclick=\"referencia('materia oscura',event); return false;\">materia oscura<\/a>&#8221; me parece que no.<\/p>\n<p style=\"text-align: justify;\">\n<p style=\"text-align: center;\"><img decoding=\"async\" loading=\"lazy\" id=\"il_fi\" class=\"aligncenter\" src=\"http:\/\/zconciencia.files.wordpress.com\/2010\/11\/materia_oscura-478x350.jpg?w=478&amp;h=349\" alt=\"\" width=\"478\" height=\"349\" \/><\/p>\n<p style=\"text-align: justify;\">\u00a0\u00a0\u00a0\u00a0\u00a0\u00a0\u00a0\u00a0\u00a0\u00a0\u00a0\u00a0\u00a0\u00a0\u00a0\u00a0\u00a0\u00a0\u00a0\u00a0\u00a0\u00a0\u00a0\u00a0\u00a0\u00a0\u00a0\u00a0\u00a0\u00a0\u00a0\u00a0\u00a0\u00a0\u00a0\u00a0\u00a0\u00a0\u00a0\u00a0\u00a0\u00a0\u00a0\u00a0\u00a0\u00a0\u00a0\u00a0\u00a0\u00a0\u00a0\u00a0\u00a0\u00a0\u00a0\u00a0\u00a0\u00a0\u00a0\u00a0\u00a0\u00a0\u00a0\u00a0 Aqu\u00ed se nos dice que todas esas galaxias est\u00e1n rodeadas de <a href=\"#\" onclick=\"referencia('materia oscura',event); return false;\">materia oscura<\/a><\/p>\n<p>Si leemos un medio de comunicaci\u00f3n, su Corresponsal, en este caso Alba Fuentes Delp\u00f3n, nos puede decir:<\/p>\n<p style=\"text-align: justify;\">&#8220;Un equipo de astr\u00f3nomos ha conseguido crear uno de los mejores mapas de la materia\u00a0oscura. Han sido realizadas alrededor de un gigantesco c\u00famulo de galaxias a\u00a02,2 millones de a\u00f1os luz de distancia de la Tierra, pueden dar pistas sobre la formaci\u00f3n del Cosmos en sus primeros a\u00f1os y ayudar en la b\u00fasqueda de una explicaci\u00f3n sobre qu\u00e9 es esta <a href=\"#\" onclick=\"referencia('materia oscura',event); return false;\">materia oscura<\/a>,\u00a0uno de los problemas centrales de la f\u00edsica y astronom\u00eda modernas.&#8221;<\/p>\n<p style=\"text-align: justify;\">Ante afirmaciones como esta de arriba, yo me sonrojo, siento verguenza ajena, \u00bfc\u00f3mo se puede hablar con esa propiedad de lo que a ciencia cierta se ignora?<\/p>\n<p style=\"text-align: justify;\">Bueno, amigos, la negaci\u00f3n de la <a href=\"#\" onclick=\"referencia('materia oscura',event); return false;\">materia oscura<\/a> es una simple opini\u00f3n personal que, no digo que no pueda existir la dichosa materia, lo que digo es que hablar de ella por hablar y sin fundamentos, no teniendo los datos precisos que den fe de su existencia&#8230;es desalentador.<\/p>\n<p style=\"text-align: right;\">emilio silvera<\/p>\n<div class='bookmark'>\r\n\t\t<table align='left' border='0' cellpadding='0' width='100%'>\r\n\t\t<tr><td><span class='pushbutton'><a href='http:\/\/delicious.com\/post?url=http%3A%2F%2Fwww.emiliosilveravazquez.com%2Fblog%2F2011%2F01%2F05%2F%25c2%25bfes-la-materia-oscura-la-que-expande-el-universo%2F&amp;title=%C2%BFEs+la+materia+oscura+la+que+expande+el+Universo%3F' title='Delicious' target='_blank' rel='nofollow'><img src='http:\/\/www.emiliosilveravazquez.com\/blog\/wp-content\/plugins\/knxdt-bookmarks-wordpress-plugin\/images\/delicious.png'  alt='' class='book_img' border='none' style='margin:1px; padding: 0;'  \/><\/a><\/span><span class='pushbutton'><a href='http:\/\/digg.com\/submit?url=http%3A%2F%2Fwww.emiliosilveravazquez.com%2Fblog%2F2011%2F01%2F05%2F%25c2%25bfes-la-materia-oscura-la-que-expande-el-universo%2F&amp;title=%C2%BFEs+la+materia+oscura+la+que+expande+el+Universo%3F' title='Digg' target='_blank' rel='nofollow'><img src='http:\/\/www.emiliosilveravazquez.com\/blog\/wp-content\/plugins\/knxdt-bookmarks-wordpress-plugin\/images\/digg.png'  alt='' class='book_img' border='none' style='margin:1px; padding: 0;'  \/><\/a><\/span><span class='pushbutton'><a href='http:\/\/www.google.com\/bookmarks\/mark?op=edit&amp;bkmk=http%3A%2F%2Fwww.emiliosilveravazquez.com%2Fblog%2F2011%2F01%2F05%2F%25c2%25bfes-la-materia-oscura-la-que-expande-el-universo%2F&amp;title=%C2%BFEs+la+materia+oscura+la+que+expande+el+Universo%3F' title='Google' target='_blank' rel='nofollow'><img src='http:\/\/www.emiliosilveravazquez.com\/blog\/wp-content\/plugins\/knxdt-bookmarks-wordpress-plugin\/images\/google.png'   alt='' class='book_img' border='none' style='margin:1px; padding: 0;'  \/><\/a><\/span><span class='pushbutton'><a href='http:\/\/myweb2.search.yahoo.com\/myresults\/bookmarklet?u=http%3A%2F%2Fwww.emiliosilveravazquez.com%2Fblog%2F2011%2F01%2F05%2F%25c2%25bfes-la-materia-oscura-la-que-expande-el-universo%2F&amp;t=%C2%BFEs+la+materia+oscura+la+que+expande+el+Universo%3F' title='Yahoo' target='_blank' rel='nofollow'><img src='http:\/\/www.emiliosilveravazquez.com\/blog\/wp-content\/plugins\/knxdt-bookmarks-wordpress-plugin\/images\/yahoo.png'  alt='' class='book_img' border='none' style='margin:1px; padding: 0;'  \/><\/a><\/span><span class='pushbutton'><a href='http:\/\/www.technorati.com\/faves?add=http%3A%2F%2Fwww.emiliosilveravazquez.com%2Fblog%2F2011%2F01%2F05%2F%25c2%25bfes-la-materia-oscura-la-que-expande-el-universo%2F' title='Technorati' target='_blank' rel='nofollow'><img src='http:\/\/www.emiliosilveravazquez.com\/blog\/wp-content\/plugins\/knxdt-bookmarks-wordpress-plugin\/images\/technorati.png'  alt='' class='book_img' border='none' style='margin:1px; padding: 0;'  \/><\/a><\/span><span class='pushbutton'><a href='http:\/\/meneame.net\/submit.php?url=http%3A%2F%2Fwww.emiliosilveravazquez.com%2Fblog%2F2011%2F01%2F05%2F%25c2%25bfes-la-materia-oscura-la-que-expande-el-universo%2F' title='Meneame' target='_blank' rel='nofollow'><img src='http:\/\/www.emiliosilveravazquez.com\/blog\/wp-content\/plugins\/knxdt-bookmarks-wordpress-plugin\/images\/meneame.png'  alt='' class='book_img' border='none' style='margin:1px; padding: 0;'  \/><\/a><\/span><span class='pushbutton'><a href='http:\/\/enchilame.com\/submit.php?url=http:\/\/www.emiliosilveravazquez.com\/blog\/2011\/01\/05\/%c2%bfes-la-materia-oscura-la-que-expande-el-universo\/' target='_blank' rel='nofollow'><img title='Enchilame' src='http:\/\/www.emiliosilveravazquez.com\/blog\/wp-content\/plugins\/knxdt-bookmarks-wordpress-plugin\/images\/enchilame.png'  alt='' class='book_img' border='none' style='margin:1px; padding: 0;'  \/><\/a><\/span><span class='pushbutton'><a href='http:\/\/www.blinklist.com\/index.php?Action=Blink\/addblink.php&amp;Description=&amp;Url=http%3A%2F%2Fwww.emiliosilveravazquez.com%2Fblog%2F2011%2F01%2F05%2F%25c2%25bfes-la-materia-oscura-la-que-expande-el-universo%2F&amp;title=%C2%BFEs+la+materia+oscura+la+que+expande+el+Universo%3F' title='BlinkList' target='_blank' rel='nofollow'><img src='http:\/\/www.emiliosilveravazquez.com\/blog\/wp-content\/plugins\/knxdt-bookmarks-wordpress-plugin\/images\/blinklist.png'  alt='' class='book_img' border='none' style='margin:1px; padding: 0;'  \/><\/a><\/span><span class='pushbutton'><a href='http:\/\/reddit.com\/submit?url=http%3A%2F%2Fwww.emiliosilveravazquez.com%2Fblog%2F2011%2F01%2F05%2F%25c2%25bfes-la-materia-oscura-la-que-expande-el-universo%2F&amp;title=%C2%BFEs+la+materia+oscura+la+que+expande+el+Universo%3F' title='Reddit' target='_blank' rel='nofollow'><img src='http:\/\/www.emiliosilveravazquez.com\/blog\/wp-content\/plugins\/knxdt-bookmarks-wordpress-plugin\/images\/reddit.png'  alt='' class='book_img' border='none' style='margin:1px; padding: 0;'  \/><\/a><\/span><span class='pushbutton'><a href='http:\/\/www.tecnologiadiaria.com\/2009\/07\/abrir-com-hotmail-correo.html' target='_blank' title='hotmail'><img src='http:\/\/www.emiliosilveravazquez.com\/blog\/wp-content\/plugins\/knxdt-bookmarks-wordpress-plugin\/images\/linklove.png' alt='hotmail correo' class='book_img' border='none' style='margin:1px; padding: 0;' \/><\/a><\/span><span class='pushbutton'><a href='http:\/\/bitacoras.com\/votar\/anotacion\/externo\/mini\/www.emiliosilveravazquez.com\/blog\/2011\/01\/05\/%c2%bfes-la-materia-oscura-la-que-expande-el-universo\/' title='Bitacoras.com' target='_blank' rel='nofollow'><img src='http:\/\/www.emiliosilveravazquez.com\/blog\/wp-content\/plugins\/knxdt-bookmarks-wordpress-plugin\/images\/bitacoras.png'  alt='' class='book_img' border='none' style='margin:1px; padding: 0;'  \/><\/a><\/span><span class='pushbutton'><a href='http:\/\/www.wikio.es\/vote?url=http%3A%2F%2Fwww.emiliosilveravazquez.com%2Fblog%2F2011%2F01%2F05%2F%25c2%25bfes-la-materia-oscura-la-que-expande-el-universo%2F' title='Wikio' target='_blank' rel='nofollow'><img src='http:\/\/www.emiliosilveravazquez.com\/blog\/wp-content\/plugins\/knxdt-bookmarks-wordpress-plugin\/images\/wikio.png'   alt='' class='book_img' border='none' style='margin:1px; padding: 0;'   \/><\/a><\/span><span class='pushbutton'><a href='http:\/\/friendfeed.com\/?url=http%3A%2F%2Fwww.emiliosilveravazquez.com%2Fblog%2F2011%2F01%2F05%2F%25c2%25bfes-la-materia-oscura-la-que-expande-el-universo%2F&amp;title=%C2%BFEs+la+materia+oscura+la+que+expande+el+Universo%3F' title='Friend Feed' target='_blank' rel='nofollow'><img src='http:\/\/www.emiliosilveravazquez.com\/blog\/wp-content\/plugins\/knxdt-bookmarks-wordpress-plugin\/images\/friendfeed.png'  alt='' class='book_img' border='none' style='margin:1px; padding: 0;'  \/><\/a><\/span><span class='pushbutton'><a href='http:\/\/www.facebook.com\/share.php?u=http%3A%2F%2Fwww.emiliosilveravazquez.com%2Fblog%2F2011%2F01%2F05%2F%25c2%25bfes-la-materia-oscura-la-que-expande-el-universo%2F&amp;t=%C2%BFEs+la+materia+oscura+la+que+expande+el+Universo%3F' title='Facebook' target='_blank' rel='nofollow'><img src='http:\/\/www.emiliosilveravazquez.com\/blog\/wp-content\/plugins\/knxdt-bookmarks-wordpress-plugin\/images\/facebook.png'  alt='' class='book_img' border='none' style='margin:1px; padding: 0;'  \/><\/a><\/span><span class='pushbutton'><a href='http:\/\/twitter.com\/home?status=%C2%BFEs+la+materia+oscura+la+que+expande+el+Universo%3F: http%3A%2F%2Fwww.emiliosilveravazquez.com%2Fblog%2F2011%2F01%2F05%2F%25c2%25bfes-la-materia-oscura-la-que-expande-el-universo%2F' title='Twitter' target='_blank' rel='nofollow'><img src='http:\/\/www.emiliosilveravazquez.com\/blog\/wp-content\/plugins\/knxdt-bookmarks-wordpress-plugin\/images\/twitter.png'  alt='' class='book_img' border='none' style='margin:1px; padding: 0;'  \/><\/a><\/span><span class='pushbutton'><a href='http:\/\/www.feedburner.com\/fb\/a\/emailFlare?itemTitle=%C2%BFEs+la+materia+oscura+la+que+expande+el+Universo%3F&amp;uri=http%3A%2F%2Fwww.emiliosilveravazquez.com%2Fblog%2F2011%2F01%2F05%2F%25c2%25bfes-la-materia-oscura-la-que-expande-el-universo%2F' title='Enviar por Email' target='_blank' rel='nofollow'><img src='http:\/\/www.emiliosilveravazquez.com\/blog\/wp-content\/plugins\/knxdt-bookmarks-wordpress-plugin\/images\/email.png'  alt='' class='book_img' border='none' style='margin:1px; padding: 0;'  \/><\/a><\/span><span style='font-weight:bold; padding-left: 5px;'><a href='http:\/\/wordpress.org\/extend\/plugins\/knxdt-bookmarks-wordpress-plugin\/' title='Plugin' rel='nofollow' target='_blank'>[?]<\/a><\/span><\/td><\/tr><\/table><br\/><br\/><\/div>","protected":false},"excerpt":{"rendered":"<p>&#8220;Un estudio de 200.000 galaxias a lo largo de cinco a\u00f1os ha dado lugar a\u00a0una de las mejores confirmaciones de que la energ\u00eda oscura est\u00e1 impulsando nuestro universo a acelerarse&#8220;. El estudio utiliz\u00f3 datos de la nave espacial de la\u00a0NASA\u00a0Galaxy Evolution Explorer y del Telescopio Anglo-Australiano de\u00a0Siding Spring Mountain. Los resultados ofrecen un\u00a0nuevo soporte para [&hellip;]<\/p>\n","protected":false},"author":2,"featured_media":0,"comment_status":"open","ping_status":"open","sticky":false,"template":"","format":"standard","meta":{"_s2mail":"yes","footnotes":""},"categories":[9],"tags":[],"_links":{"self":[{"href":"http:\/\/www.emiliosilveravazquez.com\/blog\/wp-json\/wp\/v2\/posts\/5159"}],"collection":[{"href":"http:\/\/www.emiliosilveravazquez.com\/blog\/wp-json\/wp\/v2\/posts"}],"about":[{"href":"http:\/\/www.emiliosilveravazquez.com\/blog\/wp-json\/wp\/v2\/types\/post"}],"author":[{"embeddable":true,"href":"http:\/\/www.emiliosilveravazquez.com\/blog\/wp-json\/wp\/v2\/users\/2"}],"replies":[{"embeddable":true,"href":"http:\/\/www.emiliosilveravazquez.com\/blog\/wp-json\/wp\/v2\/comments?post=5159"}],"version-history":[{"count":0,"href":"http:\/\/www.emiliosilveravazquez.com\/blog\/wp-json\/wp\/v2\/posts\/5159\/revisions"}],"wp:attachment":[{"href":"http:\/\/www.emiliosilveravazquez.com\/blog\/wp-json\/wp\/v2\/media?parent=5159"}],"wp:term":[{"taxonomy":"category","embeddable":true,"href":"http:\/\/www.emiliosilveravazquez.com\/blog\/wp-json\/wp\/v2\/categories?post=5159"},{"taxonomy":"post_tag","embeddable":true,"href":"http:\/\/www.emiliosilveravazquez.com\/blog\/wp-json\/wp\/v2\/tags?post=5159"}],"curies":[{"name":"wp","href":"https:\/\/api.w.org\/{rel}","templated":true}]}}