{"id":5005,"date":"2025-06-06T11:34:45","date_gmt":"2025-06-06T10:34:45","guid":{"rendered":"http:\/\/www.emiliosilveravazquez.com\/blog\/?p=5005"},"modified":"2025-06-06T11:34:26","modified_gmt":"2025-06-06T10:34:26","slug":"nosotros-y-nuestra-ignorancia","status":"publish","type":"post","link":"http:\/\/www.emiliosilveravazquez.com\/blog\/2025\/06\/06\/nosotros-y-nuestra-ignorancia\/","title":{"rendered":"Nosotros y nuestra ignorancia"},"content":{"rendered":"<blockquote><p><img decoding=\"async\" src=\"https:\/\/www.bbc.com\/staticarchive\/f9f8e714cd84436502001932a52cb3ec12dc99aa.jpg\" alt=\"BBC Mundo - Noticias - Un planeta devorado por su propia estrella\" \/><\/p>\n<p><strong>El Sol se convertir\u00e1 en Gigante Roja, crecer\u00e1 y arrasar\u00e1 la Tierra<\/strong><\/p>\n<p style=\"text-align: justify;\"><em>\u201cDentro de miles de millones de a\u00f1os a partir de ahora, habr\u00e1 un \u00faltimo d\u00eda perfecto en la Tierra\u2026 Las capas de hielo \u00c1rtica y Ant\u00e1rtica se fundir\u00e1n, inundando las costas del mundo. Las altas temperaturas oce\u00e1nicas liberar\u00e1n m\u00e1s vapor de agua al aire, incrementando la nubosidad y escondiendo a la Tierra de la luz solar retrasando el final. Pero la evoluci\u00f3n solar es inexorable.\u00a0 Finalmente los oc\u00e9anos hervir\u00e1n, la atm\u00f3sfera se evaporar\u00e1 en el espacio y nuestro planeta ser\u00e1 destruido por una cat\u00e1strofe de proporciones que ni podemos imaginar.\u201d<\/em><\/p>\n<p><strong>Cal Sagan<\/strong><\/p>\n<p>&nbsp;<\/p>\n<p style=\"text-align: justify;\">\u00a0<img decoding=\"async\" loading=\"lazy\" class=\"\" src=\"https:\/\/danielmarin.naukas.com\/files\/2011\/12\/redgiant.jpg\" alt=\"Planetas que sobreviven a la fase de gigante roja - Eureka\" width=\"486\" height=\"486\" \/><\/p>\n<\/blockquote>\n<p>Las temperaturas subir\u00e1n y los oc\u00e9anos se evaporar\u00e1n, la vida tal como la conocemos no estar\u00e1<\/p>\n<p style=\"text-align: justify;\"><strong>\u00a0Lo que entonces pueda quedar&#8230;\u00bfQu\u00e9 importa ahora? ?Ser\u00e1 un nuevo comienzo?<\/strong><\/p>\n<p style=\"text-align: justify;\"><em>As\u00ed se expresaba Carl Sagan al pensar en el futuro de nuestra Tierra cuando el Sol, agotado su combustible nuclear, llegara a su final.<\/em><\/p>\n<p>&nbsp;<\/p>\n<p><img decoding=\"async\" src=\"https:\/\/s1.abcstatics.com\/media\/ciencia\/2018\/11\/29\/AdobeStock_58371101-kd0--620x349@abc.jpg\" alt=\"Ocho naves espaciales con las que podremos abandonar el Sistema Solar\" \/><\/p>\n<blockquote>\n<p style=\"text-align: justify;\">Espero que antes de que eso llegue (si a\u00fan estamos aqu\u00ed), hayamos aprendido lo suficiente para haber podido alcanzar tecnolog\u00edas muy avanzadas que nos permitan construir grandes naves para escapar al Espacio y buscar otros planetas habitables que nos den la oportunidad de comenzar de nuevo, y, si somos racionales, habiendo aprendido de nuestros errores (la Historia est\u00e1 para eso), haber llegado a comprender que la vida es preciosa y no merece la pena desperdiciarla en aras de una desmedida ambici\u00f3n, denigrando a los dem\u00e1s.<\/p>\n<\/blockquote>\n<p>&nbsp;<\/p>\n<p><img decoding=\"async\" loading=\"lazy\" class=\"\" src=\"https:\/\/danielmarin.naukas.com\/files\/2019\/05\/asas.jpg\" alt=\"Cu\u00e1nto tiempo puede ser habitable un planeta alrededor de una estrella gigante roja? - Eureka\" width=\"590\" height=\"443\" \/><\/p>\n<blockquote>\n<p style=\"text-align: justify;\">Despu\u00e9s de mucho tiempo como Gigante roja, estando ya la Tierra arrasada y sin vida, el Sol (la Gigante roja), se derrumbar\u00e1 sobre s\u00ed mismo, sometido por la Gravedad de su propio peso. Esa condensaci\u00f3n de toda esa ingente masa har\u00e1 que los <a href=\"#\" onclick=\"referencia('electron',event); return false;\">electrones<\/a> (sometidos al Principio de exclusi\u00f3n de Pauli -son Fermiones-), se degeneren y comiencen a moverse a velocidades relativistas, lo que har\u00e1 de freno a la Gravedad, y, lo que quedar\u00e1 ser\u00e1 una estrella <a href=\"#\" onclick=\"referencia('enana blanca',event); return false;\">enana blanca<\/a> que ionizar\u00e1 a la Nebulosa planetaria que antes se habr\u00e1 formado con las capas exteriores de la Gigante roja eyectadas al Espacio Interestelar.<\/p>\n<\/blockquote>\n<p style=\"text-align: justify;\">Es bueno para el ser humano que sepa el por qu\u00e9 de las cosas, que se interese por lo que ocurre a su alrededor, por su planeta que le acoge, por el lugar que ocupamos en el universo, por c\u00f3mo empez\u00f3 todo, c\u00f3mo terminar\u00e1 y qu\u00e9 ser\u00e1 del futuro de nuestra civilizaci\u00f3n y de la Humanidad en este universo que, como todo, alg\u00fan d\u00eda lejano del futuro el tiempo inexorable, llevar\u00e1 al final de sus d\u00edas.<\/p>\n<p>&nbsp;<\/p>\n<p><img decoding=\"async\" loading=\"lazy\" class=\"\" src=\"https:\/\/i.ytimg.com\/vi\/7RBXQmLPlkw\/maxresdefault.jpg\" alt=\"C\u00f3mo y cu\u00e1ndo ser\u00e1 el fin del universo? - UNAM Global\" width=\"493\" height=\"278\" \/><\/p>\n<blockquote>\n<p style=\"text-align: justify;\">Realmente no sabemos como ser\u00e1, y, si es debido a la &#8220;muerte t\u00e9rmica&#8221;, la llegada al Cero Absoluto -273,15 \u00baC&#8230; \u00a1Ni los \u00e1tomos se mover\u00e1n! Las estrellas estar\u00e1n muertas, en el Universo no habr\u00e1 energ\u00eda, la Entrop\u00eda se adue\u00f1ar\u00e1 de todo, ser\u00e1 el final.<\/p>\n<\/blockquote>\n<p style=\"text-align: justify;\">El fin del universo es irreversible, de ello hemos dejado amplio testimonio a lo largo de muchos trabajos, su final estar\u00e1 determinado por la Densidad Cr\u00edtica, la cantidad de materia que contenga nuestro universo que ser\u00e1 la que lo clasifique como universo plano, universo abierto, o universo cerrado. En cada uno de estos modelos de universos, el final ser\u00e1 distinto\u2026,\u00a0 claro que para nosotros, la Humanidad, ser\u00e1 indiferente el\u00a0 modelo que pueda resultar; en ninguno de ellos podr\u00edamos sobrevivir cuando llegara ese momento l\u00edmite del fin. La congelaci\u00f3n y el fr\u00edo del cero absoluto o la calcinaci\u00f3n del fuego final a miles de millones de grados, acabar\u00e1n con nosotros, si para entonces, estuvi\u00e9ramos a\u00fan por aqu\u00ed (que no es probable).<\/p>\n<p>&nbsp;<\/p>\n<p><iframe loading=\"lazy\" title=\"Experimentos cient\u00edficos viajan al espacio profundo con Artemis I\" width=\"500\" height=\"281\" src=\"https:\/\/www.youtube.com\/embed\/tjzCW1MaRls?feature=oembed\" frameborder=\"0\" allow=\"accelerometer; autoplay; clipboard-write; encrypted-media; gyroscope; picture-in-picture; web-share\" referrerpolicy=\"strict-origin-when-cross-origin\" allowfullscreen><\/iframe><\/p>\n<p>&nbsp;<\/p>\n<p style=\"text-align: justify;\">Para evitar eso se est\u00e1 trabajando desde hace d\u00e9cadas. Se buscan formas de superar dificultades que nos hacen presas f\u00e1ciles de los elementos. La naturaleza indomable, sus leyes y sus fuerzas, hoy por hoy son barreras insuperables, para poder hacerlo, necesitamos saber.<\/p>\n<p><!--more--><\/p>\n<p style=\"text-align: justify;\">El saber nos dar\u00e1 soluciones para conseguir m\u00e1s energ\u00edas, viajar m\u00e1s r\u00e1pido y con menos riesgos, vivir mejor y m\u00e1s tiempo, superar barreras hoy impensables como las del l\u00edmite de Planck, la barrera de la luz (para poder viajar a las estrellas) y el saber tambi\u00e9n posibilitar\u00e1, alg\u00fan d\u00eda, que nuestras generaciones futuras puedan colonizar otros mundos en sistemas solares de estrellas lejanas, viajar a otras galaxias, viajar a otro tiempo y, finalmente, viajar para escapar de nuestro destino, a otros universos.<\/p>\n<p>&nbsp;<\/p>\n<blockquote>\n<p style=\"text-align: justify;\"><img decoding=\"async\" src=\"http:\/\/farm3.static.flickr.com\/2442\/4168315983_aca8e27301.jpg\" alt=\"http:\/\/farm3.static.flickr.com\/2442\/4168315983_aca8e27301.jpg\" \/><\/p>\n<\/blockquote>\n<p style=\"text-align: justify;\">\u00a0\u00a0\u00a0\u00a0<strong>\u00a0\u00a0\u00a0\u00a0\u00a0\u00a0\u00a0 Pero, \u00bfC\u00f3mo ser\u00edan esos otros universos?<\/strong><\/p>\n<p style=\"text-align: justify;\">S\u00ed, lo s\u00e9, algunos de los que esto puedan leer pensar\u00e1n que estoy fantaseando, pero la verdad es que no he hablado con m\u00e1s seriedad en mi vida, ya que, si no fuera como estoy diciendo, entonces, \u00bfpara qu\u00e9 tantas calamidades, desvelos y sufrimientos? Creo que la Humanidad tiene que cumplir su destino, primero en las estrellas lejanas, en otros mundos dentro y fuera de nuestra galaxia, y despu\u00e9s\u2026, \u00bfQui\u00e9n sabe? Claro que, a todo esto, debemos contar con eso que denominamos TIEMPO.<\/p>\n<p style=\"text-align: justify;\">Nos referimos al Tiempo en m\u00faltiples ocasiones y para distintas situaciones y motivos, como al referirnos a la duraci\u00f3n de las cosas sujetas a cambios, \u00e9poca durante la cual ocurrieron unos hechos, edad de los objetos, estaci\u00f3n del a\u00f1o, el per\u00edodo de vida de alguien desde que crece hasta que deja de existir, ocasi\u00f3n o coyuntura de hacer algo, cada uno de los actos sucesivos en que dividimos la ejecuci\u00f3n de un trabajo, y otros mil temas que requieren la referencia temporal.<\/p>\n<p>&nbsp;<\/p>\n<blockquote>\n<p style=\"text-align: justify;\"><img decoding=\"async\" id=\"BLOGGER_PHOTO_ID_5465620212848889266\" src=\"http:\/\/1.bp.blogspot.com\/_WEdCmjdCurs\/S9nIoCANjbI\/AAAAAAAAAH0\/YpTAYksV7F8\/s400\/tiempo.jpg\" alt=\"\" border=\"0\" \/><\/p>\n<\/blockquote>\n<p style=\"text-align: justify;\">Dicen que va unido al espacio. Pero, tambi\u00e9n que es relativo. Pero, tambi\u00e9n que es una abstracci\u00f3n y que no existe en realidad. Pero, todos queremos disponer de \u00e9l. Pero, vemos los efectos de su transcurrir. Pero, sin tiempo no podemos hacer nada ni tener esperanzas de futuro. \u00bfQu\u00e9 ser\u00e1, en realidad el Tiempo?<\/p>\n<p style=\"text-align: justify;\">En f\u00edsica, el tiempo es la cuarta coordenada espacial en el continuo Espacio-Tiempo. En gram\u00e1tica es la categor\u00eda que indica el momento relativo en que se realiza o sucede la acci\u00f3n del verbo: pret\u00e9rito, lo que ha sucedido; presente, lo que sucede en ese momento y futuro, lo que a\u00fan no ha sucedido. Nos referimos al tiempo meteorol\u00f3gico para explicar el estado del clima (hace mal tiempo; qu\u00e9 tiempo m\u00e1s bueno hace hoy, etc). En mec\u00e1nica, el tiempo puede estar referido a las fases de un motor. Tambi\u00e9n est\u00e1n los tiempos referidos a cada una de las partes de igual duraci\u00f3n en que se divide el comp\u00e1s musical. En astronom\u00eda nos referimos al tiempo de aberraci\u00f3n en relaci\u00f3n al recorrido de un planeta hasta llegar a un observador terrestre. El tiempo est\u00e1 tambi\u00e9n en la forma de c\u00e1lculo horario que empleamos en nuestra vida cotidiana para controlar nuestros actos y evitar el caos (\u00bfQu\u00e9 har\u00edamos sin horario de trenes, de comercio, bancos, oficinas, etc?).<\/p>\n<p>&nbsp;<\/p>\n<blockquote><p><img decoding=\"async\" src=\"https:\/\/blogger.googleusercontent.com\/img\/b\/R29vZ2xl\/AVvXsEhPuWaLRzTjFY9HD1kmF2TuLyDNpPAyItZq4OZyQ0oWzaqG2BsJ8rNA1eE-h1q72jB1dXhCv5NM5XmQTZwojjogs4T3f7vN5YFUKEqVSDkqc2niU48gsiWfW3c4LwgIyWdoUExFcg0Eri0\/s1600\/psic%25C3%25B3logos+algorta+2.png\" alt=\"Mi Psic\u00f3logo Getxo. Algorta-Getxo. Primera Consulta GRATIS: LA IMPORTANCIA DEL TIEMPO EN NUESTRAS VIDAS\" \/><\/p><\/blockquote>\n<p style=\"text-align: justify;\">El tiempo es tan importante en nuestras vidas que est\u00e1 presente siempre, de mil formas diferentes, desde que nacemos (cuando comienza \u201cnuestro tiempo\u201d), hasta que morimos (cuando \u201cnuestro tiempo ha terminado\u201d). El tiempo siempre est\u00e1. Es algo que, simplemente, est\u00e1 ah\u00ed.<\/p>\n<p>&nbsp;<\/p>\n<blockquote><p><img decoding=\"async\" loading=\"lazy\" class=\"\" src=\"https:\/\/encrypted-tbn0.gstatic.com\/images?q=tbn:ANd9GcQP6TIyGUKBhkZx4ykAFBt2VfoVGNAonLvvIg&amp;s\" alt=\"Explorando el Tiempo en San Agust\u00edn\" width=\"280\" height=\"500\" \/><\/p><\/blockquote>\n<p>&nbsp;<\/p>\n<p style=\"text-align: justify;\">Sin embargo, a pesar de lo importante que es el TIEMPO, no he podido leer nunca una explicaci\u00f3n satisfactoria sobre el mismo; una explicaci\u00f3n que lo defina con sencillez y claridad sin restarle la importancia que tiene para todos y lo que en realidad es dentro del contexto \u2013 no ya de nuestras vidas, simples e insignificantes puntos en la inmensidad del universo \u2013 de la naturaleza c\u00f3smica de la que formamos parte.<\/p>\n<p>&nbsp;<\/p>\n<p><img decoding=\"async\" src=\"http:\/\/1.bp.blogspot.com\/-vwR9Vg7Izx8\/TWeUOBkiztI\/AAAAAAAAALk\/Rc0H4oBRLxw\/s1600\/tiempo.jpg\" alt=\"\" border=\"0\" \/><\/p>\n<blockquote>\n<div style=\"text-align: justify;\"><strong><em>&#8220;Si nadie me lo pregunta, lo s\u00e9; <\/em><\/strong><strong><em>pero si quiero explic\u00e1rselo al que me lo pregunta, no lo s\u00e9.<\/em><\/strong><\/div>\n<div><\/div>\n<div style=\"text-align: justify;\"><strong><em>Lo que s\u00ed digo sin vacilaci\u00f3n es que s\u00e9 que si nada pasase no habr\u00eda tiempo pasado, <\/em><\/strong><strong><em>y si nada sucediese no habr\u00eda tiempo futuro, <\/em><\/strong><strong><em>y si nada existiese no habr\u00eda tiempo presente.<\/em><\/strong><\/div>\n<div><\/div>\n<div style=\"text-align: justify;\"><strong><em>Pero aquellos dos tiempos, pasado y futuro, <\/em><\/strong><strong><em>\u00bfC\u00f3mo pueden ser, si el pasado ya no es \u00e9l y el futuro todav\u00eda no es?<\/em><\/strong><\/div>\n<div><\/div>\n<div><strong><em>Y en cuanto al presente, <\/em><\/strong><strong><em>si fuese siempre presente y no pasase a ser, pasado <\/em><\/strong><strong><em>ya no ser\u00eda tiempo, sino eternidad.<\/em><\/strong><\/div>\n<div><\/div>\n<div style=\"text-align: justify;\"><strong><em>Si, pues, el presente para ser tiempo es necesario que pase a ser pasado, <\/em><\/strong><strong><em>\u00bfC\u00f3mo decimos que existe este, cuya causa o raz\u00f3n de ser est\u00e1 en dejar de ser, <\/em><\/strong><strong><em>de tal modo que no podemos decir con verdad que existe el tiempo en cuanto tiende a no ser?&#8221;<\/em><\/strong><\/div>\n<div><\/div>\n<div><\/div>\n<div><img decoding=\"async\" loading=\"lazy\" class=\"\" src=\"https:\/\/juancarrion.files.wordpress.com\/2010\/03\/reloj_dali11.jpg\" alt=\"El Tiempo inexorable : Blog de Emilio Silvera V.\" width=\"422\" height=\"542\" \/><\/div>\n<div><\/div>\n<div><strong>El transcurso inexorable del Tiempo que se escurre sin que lo podamos detener<\/strong><\/div>\n<\/blockquote>\n<p style=\"text-align: justify;\">Como nos ocurre con tantas otras cosas y conceptos, debemos saber, de una vez por todas qu\u00e9 es, en realidad el Tiempo. Creo que cuando sepamos comprender lo que el Tiempo es, la Humanidad habr\u00e1 dado un paso tan importante en su caminar por el Mundo que, a partir de ese momento, lo podremos &#8220;ver&#8221; todo de otra manera, con otra perspectiva m\u00e1s amplia y que nos permitir\u00e1 &#8220;ver&#8221; m\u00e1s lejos en la comprensi\u00f3n del Universo Universo mismo.<\/p>\n<p style=\"text-align: justify;\"><strong>\u00a1Saber lo que es el Tiempo! \u00a1Un dolor de cabeza!<\/strong><\/p>\n<p>&nbsp;<\/p>\n<p><img decoding=\"async\" loading=\"lazy\" class=\"\" src=\"https:\/\/estaticos-cdn.prensaiberica.es\/clip\/8b2b880d-3aa8-428e-9eaa-db60e84c6daa_16-9-discover-aspect-ratio_default_0.jpg\" alt=\"Crean un cron\u00f3metro capaz de medir en attosegundos los movimientos de los  electrones\" width=\"702\" height=\"395\" \/><\/p>\n<p>&nbsp;<\/p>\n<p style=\"text-align: justify;\">Lo cierto es que, como no sabemos lo que el Tiempo es, ni tenemos la menor idea a qu\u00e9 velocidad se mueve, para cumplir nuestras necesidades sociales en el peque\u00f1o mundo que llamamos Tierra, hemos inventado un Tiempo Artificial, y, lo hemos cuantizado en segundo como la medida m\u00e1s peque\u00f1a, y, para otros escenarios, hemos seguido con los minutos, las horas, los d\u00edas, los a\u00f1os, los siglos, los milenios, los millones de a\u00f1os y&#8230; \u00a1Los Eones!<\/p>\n<p>&nbsp;<\/p>\n<p><img decoding=\"async\" loading=\"lazy\" class=\"\" src=\"https:\/\/i.ytimg.com\/vi\/tpBrlHtR3GA\/maxresdefault.jpg\" alt=\"Pasado, Presente y Futuro | Aprendemos Cantando. Canciones para Ni\u00f1os.\" width=\"691\" height=\"389\" \/><\/p>\n<p>&nbsp;<\/p>\n<p>Tambi\u00e9n hemos dividido ese Tiempo Artificial en Pasado, en Presente y en Futuro: El Tiempo que se fue y lo que all\u00ed pudo pasar, el Tiempo que vivimos y lo que est\u00e1 sucediendo, y, el Tiempo que vendr\u00e1 y lo que podr\u00eda suceder.<\/p>\n<p style=\"text-align: justify;\">As\u00ed, desde siempre, hemos navegado en un r\u00edo de incertidumbre y de ignorancia, no ya porque no sabemos lo que es el Tiempo, sino porque ignoramos much\u00edsimas cuestiones e incluso ignoramos que esas &#8220;cuestiones&#8221; puedan existir.<\/p>\n<p><strong>Ya lo dijo aquel fil\u00f3sofo sabio:<\/strong><\/p>\n<p><strong>&#8220;Cambiar\u00eda todo lo que se, por la mitad de lo que no se&#8221;.<\/strong><\/p>\n<p><strong>No, tonto no era el hombre.<\/strong><\/p>\n<blockquote>\n<p style=\"text-align: justify;\"><strong>Emilio Silvera V\u00e1zquez<\/strong><\/p>\n<\/blockquote>\n<div class='bookmark'>\r\n\t\t<table align='left' border='0' cellpadding='0' width='100%'>\r\n\t\t<tr><td><span class='pushbutton'><a href='http:\/\/delicious.com\/post?url=http%3A%2F%2Fwww.emiliosilveravazquez.com%2Fblog%2F2025%2F06%2F06%2Fnosotros-y-nuestra-ignorancia%2F&amp;title=Nosotros+y+nuestra+ignorancia' title='Delicious' target='_blank' rel='nofollow'><img src='http:\/\/www.emiliosilveravazquez.com\/blog\/wp-content\/plugins\/knxdt-bookmarks-wordpress-plugin\/images\/delicious.png'  alt='' class='book_img' border='none' style='margin:1px; padding: 0;'  \/><\/a><\/span><span class='pushbutton'><a href='http:\/\/digg.com\/submit?url=http%3A%2F%2Fwww.emiliosilveravazquez.com%2Fblog%2F2025%2F06%2F06%2Fnosotros-y-nuestra-ignorancia%2F&amp;title=Nosotros+y+nuestra+ignorancia' title='Digg' target='_blank' rel='nofollow'><img src='http:\/\/www.emiliosilveravazquez.com\/blog\/wp-content\/plugins\/knxdt-bookmarks-wordpress-plugin\/images\/digg.png'  alt='' class='book_img' border='none' style='margin:1px; padding: 0;'  \/><\/a><\/span><span class='pushbutton'><a href='http:\/\/www.google.com\/bookmarks\/mark?op=edit&amp;bkmk=http%3A%2F%2Fwww.emiliosilveravazquez.com%2Fblog%2F2025%2F06%2F06%2Fnosotros-y-nuestra-ignorancia%2F&amp;title=Nosotros+y+nuestra+ignorancia' title='Google' target='_blank' rel='nofollow'><img src='http:\/\/www.emiliosilveravazquez.com\/blog\/wp-content\/plugins\/knxdt-bookmarks-wordpress-plugin\/images\/google.png'   alt='' class='book_img' border='none' style='margin:1px; padding: 0;'  \/><\/a><\/span><span class='pushbutton'><a href='http:\/\/myweb2.search.yahoo.com\/myresults\/bookmarklet?u=http%3A%2F%2Fwww.emiliosilveravazquez.com%2Fblog%2F2025%2F06%2F06%2Fnosotros-y-nuestra-ignorancia%2F&amp;t=Nosotros+y+nuestra+ignorancia' title='Yahoo' target='_blank' rel='nofollow'><img src='http:\/\/www.emiliosilveravazquez.com\/blog\/wp-content\/plugins\/knxdt-bookmarks-wordpress-plugin\/images\/yahoo.png'  alt='' class='book_img' border='none' style='margin:1px; padding: 0;'  \/><\/a><\/span><span class='pushbutton'><a href='http:\/\/www.technorati.com\/faves?add=http%3A%2F%2Fwww.emiliosilveravazquez.com%2Fblog%2F2025%2F06%2F06%2Fnosotros-y-nuestra-ignorancia%2F' title='Technorati' target='_blank' rel='nofollow'><img src='http:\/\/www.emiliosilveravazquez.com\/blog\/wp-content\/plugins\/knxdt-bookmarks-wordpress-plugin\/images\/technorati.png'  alt='' class='book_img' border='none' style='margin:1px; padding: 0;'  \/><\/a><\/span><span class='pushbutton'><a href='http:\/\/meneame.net\/submit.php?url=http%3A%2F%2Fwww.emiliosilveravazquez.com%2Fblog%2F2025%2F06%2F06%2Fnosotros-y-nuestra-ignorancia%2F' title='Meneame' target='_blank' rel='nofollow'><img src='http:\/\/www.emiliosilveravazquez.com\/blog\/wp-content\/plugins\/knxdt-bookmarks-wordpress-plugin\/images\/meneame.png'  alt='' class='book_img' border='none' style='margin:1px; padding: 0;'  \/><\/a><\/span><span class='pushbutton'><a href='http:\/\/enchilame.com\/submit.php?url=http:\/\/www.emiliosilveravazquez.com\/blog\/2025\/06\/06\/nosotros-y-nuestra-ignorancia\/' target='_blank' rel='nofollow'><img title='Enchilame' src='http:\/\/www.emiliosilveravazquez.com\/blog\/wp-content\/plugins\/knxdt-bookmarks-wordpress-plugin\/images\/enchilame.png'  alt='' class='book_img' border='none' style='margin:1px; padding: 0;'  \/><\/a><\/span><span class='pushbutton'><a href='http:\/\/www.blinklist.com\/index.php?Action=Blink\/addblink.php&amp;Description=&amp;Url=http%3A%2F%2Fwww.emiliosilveravazquez.com%2Fblog%2F2025%2F06%2F06%2Fnosotros-y-nuestra-ignorancia%2F&amp;title=Nosotros+y+nuestra+ignorancia' title='BlinkList' target='_blank' rel='nofollow'><img src='http:\/\/www.emiliosilveravazquez.com\/blog\/wp-content\/plugins\/knxdt-bookmarks-wordpress-plugin\/images\/blinklist.png'  alt='' class='book_img' border='none' style='margin:1px; padding: 0;'  \/><\/a><\/span><span class='pushbutton'><a href='http:\/\/reddit.com\/submit?url=http%3A%2F%2Fwww.emiliosilveravazquez.com%2Fblog%2F2025%2F06%2F06%2Fnosotros-y-nuestra-ignorancia%2F&amp;title=Nosotros+y+nuestra+ignorancia' title='Reddit' target='_blank' rel='nofollow'><img src='http:\/\/www.emiliosilveravazquez.com\/blog\/wp-content\/plugins\/knxdt-bookmarks-wordpress-plugin\/images\/reddit.png'  alt='' class='book_img' border='none' style='margin:1px; padding: 0;'  \/><\/a><\/span><span class='pushbutton'><a href='http:\/\/www.tecnologiadiaria.com\/2009\/07\/abrir-com-hotmail-correo.html' target='_blank' title='hotmail'><img src='http:\/\/www.emiliosilveravazquez.com\/blog\/wp-content\/plugins\/knxdt-bookmarks-wordpress-plugin\/images\/linklove.png' alt='hotmail correo' class='book_img' border='none' style='margin:1px; padding: 0;' \/><\/a><\/span><span class='pushbutton'><a href='http:\/\/bitacoras.com\/votar\/anotacion\/externo\/mini\/www.emiliosilveravazquez.com\/blog\/2025\/06\/06\/nosotros-y-nuestra-ignorancia\/' title='Bitacoras.com' target='_blank' rel='nofollow'><img src='http:\/\/www.emiliosilveravazquez.com\/blog\/wp-content\/plugins\/knxdt-bookmarks-wordpress-plugin\/images\/bitacoras.png'  alt='' class='book_img' border='none' style='margin:1px; padding: 0;'  \/><\/a><\/span><span class='pushbutton'><a href='http:\/\/www.wikio.es\/vote?url=http%3A%2F%2Fwww.emiliosilveravazquez.com%2Fblog%2F2025%2F06%2F06%2Fnosotros-y-nuestra-ignorancia%2F' title='Wikio' target='_blank' rel='nofollow'><img src='http:\/\/www.emiliosilveravazquez.com\/blog\/wp-content\/plugins\/knxdt-bookmarks-wordpress-plugin\/images\/wikio.png'   alt='' class='book_img' border='none' style='margin:1px; padding: 0;'   \/><\/a><\/span><span class='pushbutton'><a href='http:\/\/friendfeed.com\/?url=http%3A%2F%2Fwww.emiliosilveravazquez.com%2Fblog%2F2025%2F06%2F06%2Fnosotros-y-nuestra-ignorancia%2F&amp;title=Nosotros+y+nuestra+ignorancia' title='Friend Feed' target='_blank' rel='nofollow'><img src='http:\/\/www.emiliosilveravazquez.com\/blog\/wp-content\/plugins\/knxdt-bookmarks-wordpress-plugin\/images\/friendfeed.png'  alt='' class='book_img' border='none' style='margin:1px; padding: 0;'  \/><\/a><\/span><span class='pushbutton'><a href='http:\/\/www.facebook.com\/share.php?u=http%3A%2F%2Fwww.emiliosilveravazquez.com%2Fblog%2F2025%2F06%2F06%2Fnosotros-y-nuestra-ignorancia%2F&amp;t=Nosotros+y+nuestra+ignorancia' title='Facebook' target='_blank' rel='nofollow'><img src='http:\/\/www.emiliosilveravazquez.com\/blog\/wp-content\/plugins\/knxdt-bookmarks-wordpress-plugin\/images\/facebook.png'  alt='' class='book_img' border='none' style='margin:1px; padding: 0;'  \/><\/a><\/span><span class='pushbutton'><a href='http:\/\/twitter.com\/home?status=Nosotros+y+nuestra+ignorancia: http%3A%2F%2Fwww.emiliosilveravazquez.com%2Fblog%2F2025%2F06%2F06%2Fnosotros-y-nuestra-ignorancia%2F' title='Twitter' target='_blank' rel='nofollow'><img src='http:\/\/www.emiliosilveravazquez.com\/blog\/wp-content\/plugins\/knxdt-bookmarks-wordpress-plugin\/images\/twitter.png'  alt='' class='book_img' border='none' style='margin:1px; padding: 0;'  \/><\/a><\/span><span class='pushbutton'><a href='http:\/\/www.feedburner.com\/fb\/a\/emailFlare?itemTitle=Nosotros+y+nuestra+ignorancia&amp;uri=http%3A%2F%2Fwww.emiliosilveravazquez.com%2Fblog%2F2025%2F06%2F06%2Fnosotros-y-nuestra-ignorancia%2F' title='Enviar por Email' target='_blank' rel='nofollow'><img src='http:\/\/www.emiliosilveravazquez.com\/blog\/wp-content\/plugins\/knxdt-bookmarks-wordpress-plugin\/images\/email.png'  alt='' class='book_img' border='none' style='margin:1px; padding: 0;'  \/><\/a><\/span><span style='font-weight:bold; padding-left: 5px;'><a href='http:\/\/wordpress.org\/extend\/plugins\/knxdt-bookmarks-wordpress-plugin\/' title='Plugin' rel='nofollow' target='_blank'>[?]<\/a><\/span><\/td><\/tr><\/table><br\/><br\/><\/div>","protected":false},"excerpt":{"rendered":"<p>El Sol se convertir\u00e1 en Gigante Roja, crecer\u00e1 y arrasar\u00e1 la Tierra \u201cDentro de miles de millones de a\u00f1os a partir de ahora, habr\u00e1 un \u00faltimo d\u00eda perfecto en la Tierra\u2026 Las capas de hielo \u00c1rtica y Ant\u00e1rtica se fundir\u00e1n, inundando las costas del mundo. Las altas temperaturas oce\u00e1nicas liberar\u00e1n m\u00e1s vapor de agua al [&hellip;]<\/p>\n","protected":false},"author":2,"featured_media":0,"comment_status":"open","ping_status":"open","sticky":false,"template":"","format":"standard","meta":{"_s2mail":"yes","footnotes":""},"categories":[10],"tags":[],"_links":{"self":[{"href":"http:\/\/www.emiliosilveravazquez.com\/blog\/wp-json\/wp\/v2\/posts\/5005"}],"collection":[{"href":"http:\/\/www.emiliosilveravazquez.com\/blog\/wp-json\/wp\/v2\/posts"}],"about":[{"href":"http:\/\/www.emiliosilveravazquez.com\/blog\/wp-json\/wp\/v2\/types\/post"}],"author":[{"embeddable":true,"href":"http:\/\/www.emiliosilveravazquez.com\/blog\/wp-json\/wp\/v2\/users\/2"}],"replies":[{"embeddable":true,"href":"http:\/\/www.emiliosilveravazquez.com\/blog\/wp-json\/wp\/v2\/comments?post=5005"}],"version-history":[{"count":0,"href":"http:\/\/www.emiliosilveravazquez.com\/blog\/wp-json\/wp\/v2\/posts\/5005\/revisions"}],"wp:attachment":[{"href":"http:\/\/www.emiliosilveravazquez.com\/blog\/wp-json\/wp\/v2\/media?parent=5005"}],"wp:term":[{"taxonomy":"category","embeddable":true,"href":"http:\/\/www.emiliosilveravazquez.com\/blog\/wp-json\/wp\/v2\/categories?post=5005"},{"taxonomy":"post_tag","embeddable":true,"href":"http:\/\/www.emiliosilveravazquez.com\/blog\/wp-json\/wp\/v2\/tags?post=5005"}],"curies":[{"name":"wp","href":"https:\/\/api.w.org\/{rel}","templated":true}]}}