{"id":4991,"date":"2011-06-04T07:48:52","date_gmt":"2011-06-04T06:48:52","guid":{"rendered":"http:\/\/www.emiliosilveravazquez.com\/blog\/?p=4991"},"modified":"2011-06-14T11:47:33","modified_gmt":"2011-06-14T10:47:33","slug":"paul-dirac-gran-fisico-y-matematico","status":"publish","type":"post","link":"http:\/\/www.emiliosilveravazquez.com\/blog\/2011\/06\/04\/paul-dirac-gran-fisico-y-matematico\/","title":{"rendered":"Paul Dirac, gran f\u00edsico y matem\u00e1tico"},"content":{"rendered":"<p style=\"text-align: justify;\"><img decoding=\"async\" src=\"http:\/\/scientia1.files.wordpress.com\/2011\/05\/logo_carnaval1.jpg\" alt=\"\" \/><\/p>\n<p style=\"text-align: justify;\">Algunas de las cosas que se cuentan de la vida de Dirac, el f\u00edsico que predijo la existencia de la antimateria, el positr\u00f3n.<\/p>\n<p style=\"text-align: justify;\">Paul Dirac ocup\u00f3 la c\u00e1tedra lucaciana de matem\u00e1ticas en Cambridge durante parte del tiempo en que Eddington estuvo viviendo en los observatorios. Las historias que se cuentan de Paul Dirac dejan muy claro que era un tipo con un car\u00e1cter peculiar, y ejerc\u00eda de matem\u00e1tico las 24 h. del d\u00eda. Se pudo saber que su inesperada incursi\u00f3n en los grandes n\u00fameros fue escrita durante su viaje de novios (Luna de miel), en febrero de 1937.<\/p>\n<p><!--more--><\/p>\n<p style=\"text-align: justify;\">Aunque no muy convencido de las explicaciones de Eddington, escribi\u00f3 que era muy poco probable que n\u00fameros adimensionales muy grandes, que toman valores como 10<sup>40 <\/sup> y 10<sup>80<\/sup>, sean accidentes independientes y no relacionados: debe existir alguna f\u00f3rmula matem\u00e1tica no descubierta que liga las cantidades implicadas. Deben ser consecuencias m\u00e1s que coincidencias.<\/p>\n<p style=\"text-align: justify;\">Esta es la hip\u00f3tesis de los grandes n\u00fameros seg\u00fan Dirac:<\/p>\n<blockquote>\n<p style=\"text-align: justify;\"><em>\u201cDos cualesquiera de los n\u00fameros adimensionales muy grandes que ocurren en la naturaleza est\u00e1n conectados por una sencilla relaci\u00f3n matem\u00e1tica, en la que los coeficientes son del orden de la unidad\u201d.<\/em><\/p>\n<\/blockquote>\n<p style=\"text-align: justify;\">Los grandes n\u00fameros de que se val\u00eda Dirac para formular esta atrevida hip\u00f3tesis sal\u00edan del trabajo de Eddington y eran tres:<\/p>\n<p style=\"text-align: center;\">N<sub>1<\/sub> = (tama\u00f1o del universo observable) <strong>\/<\/strong> (radio del <a href=\"#\" onclick=\"referencia('electron',event); return false;\">electr\u00f3n<\/a>) = ct (e<sup>2<\/sup>\/m<sub>e<\/sub>c<sup>2<\/sup>) \u2248 10<sup>40<\/sup><\/p>\n<p style=\"text-align: center;\">N<sub>2<\/sub> = Raz\u00f3n <a href=\"#\" onclick=\"referencia('fuerza electromagnetica',event); return false;\">fuerza electromagn\u00e9tica<\/a>-a-gravitatoria entre <a href=\"#\" onclick=\"referencia('proton',event); return false;\">prot\u00f3n<\/a> y <a href=\"#\" onclick=\"referencia('electron',event); return false;\">electr\u00f3n<\/a> = e<sup>2<\/sup>\/Gm<sub>e <\/sub>m<sub>p<\/sub> \u2248 10<sup>40<\/sup><\/p>\n<p style=\"text-align: center;\">N = n\u00famero de <a href=\"#\" onclick=\"referencia('proton',event); return false;\">protones<\/a> en el universo observable = c<sup>3<\/sup>t\/Gm<sub>p<\/sub> \u2248 10<sup>80<\/sup><\/p>\n<p style=\"text-align: justify;\">Aqu\u00ed t es la edad actual del universo, m<sub>e<\/sub> es la masa de un <a href=\"#\" onclick=\"referencia('electron',event); return false;\">electr\u00f3n<\/a>, m<sub>p<\/sub> es la masa de un <a href=\"#\" onclick=\"referencia('proton',event); return false;\">prot\u00f3n<\/a>, G la constante de gravitaci\u00f3n, c la velocidad de la luz y e la carga del <a href=\"#\" onclick=\"referencia('electron',event); return false;\">electr\u00f3n<\/a>.<\/p>\n<p style=\"text-align: justify;\">Seg\u00fan la hip\u00f3tesis de Dirac, los n\u00fameros <em>N<sub>1<\/sub>, N<sub>2<\/sub><\/em><sub> <\/sub>y \u00a0eran realmente iguales salvo peque\u00f1os factores num\u00e9ricos del orden de la unidad. Con esto quer\u00eda decir que debe haber leyes de la naturaleza que exijan f\u00f3rmulas como N<sub>1<\/sub> = N<sub>2<\/sub>, o incluso N<sub>1<\/sub> = 2N<sub>2.<\/sub> Un n\u00famero como 2 \u00f3 3, no terriblemente diferente de 1 est\u00e1 permitido porque es mucho m\u00e1s peque\u00f1o que los grandes n\u00fameros implicados en la f\u00f3rmula; esto es lo que \u00e9l quer\u00eda decir por \u201ccoeficientes\u2026.\u00a0 del orden de la unidad\u201d.<\/p>\n<p style=\"text-align: justify;\">Esta hip\u00f3tesis de igualdad entre grandes n\u00fameros no era en s\u00ed misma original de Dirac. Eddington y otros hab\u00edan escrito antes relaciones muy semejantes, pero Eddington no hab\u00eda distinguido entre el n\u00famero de part\u00edculas del universo observable, que se define como una esfera centrada en nosotros con un radio igual a la velocidad de la luz multiplicada por la edad actual del universo, o lo que es lo mismo:<\/p>\n<p style=\"text-align: center;\">Universo observable: R = 300.000 \u00d7 13.500.000.000<\/p>\n<p style=\"text-align: justify;\">El cambio radical expuesto por Dirac en su hip\u00f3tesis de grandes n\u00fameros es que nos exige que creamos que un conjunto de constantes tradicionales de la naturaleza, como N<sub>2<\/sub>, debe estar cambiando a medida que el universo envejece en el tiempo, t:<\/p>\n<p style=\"text-align: justify;\">Puesto que Dirac hab\u00eda incluido dos combinaciones que conten\u00edan la edad del universo, t, en su cat\u00e1logo de grandes n\u00fameros, la relaci\u00f3n que \u00e9l propone requiere que una combinaci\u00f3n de tres de las constantes de la naturaleza tradicionales no sea constante en absoluto, sino que su valor debe aumentar continuamente a medida que el universo se hace m\u00e1s viejo, de modo que<\/p>\n<p style=\"text-align: justify;\">Dirac decidi\u00f3 acomodar este requisito abandonando la constancia de la constante de gravitaci\u00f3n de <a href=\"#\" onclick=\"referencia('newton',event); return false;\">Newton<\/a>, G. Sugiri\u00f3 que estaba decreciendo en proporci\u00f3n directa a la edad del universo en escalas de tiempo c\u00f3smicas, como<\/p>\n<p style=\"text-align: justify;\">As\u00ed pues, en el pasado G era mayor y en el futuro ser\u00e1 menor que lo que mide hoy. Ahora veremos que \u00a0y la enorme magnitud de los tres grandes n\u00fameros es una consecuencia de la gran edad del universo: todas aumentan con el paso del tiempo.<\/p>\n<p style=\"text-align: justify;\">La propuesta de Dirac provoc\u00f3 un revuelo entre un grupo de cient\u00edficos vociferantes que inundaron las p\u00e1ginas de las revistas especializadas de cartas y art\u00edculos a favor y en contra. Dirac, mientras tanto, manten\u00eda su calma y sus tranquilas costumbres, pero escribi\u00f3 sobre su creencia en los grandes n\u00fameros cuya importancia encerraba la comprensi\u00f3n del universo con palabras que podr\u00edan haber sido de Eddington, pues reflejan muy estrechamente la filosof\u00eda de la fracasada \u201cteor\u00eda fundamental\u201d.<\/p>\n<blockquote>\n<p style=\"text-align: justify;\"><em>\u201c\u00bfNo cabr\u00eda la posibilidad de que todos los grandes sucesos presentes correspondan a propiedades de este Gran N\u00famero [10<sup>40<\/sup>] y, generalizando a\u00fan m\u00e1s, que la historia entera del universo corresponda a propiedades de la serie entera de los n\u00fameros naturales\u2026? Hay as\u00ed una posibilidad de que el viejo sue\u00f1o de los fil\u00f3sofos de conectar la naturaleza con las propiedades de los n\u00fameros enteros se realice alg\u00fan d\u00eda\u201d.<\/em><\/p>\n<\/blockquote>\n<p style=\"text-align: justify;\">La propuesta de Dirac levant\u00f3 controversias entre los f\u00edsicos, y Edward Teller en 1.948, demostr\u00f3 que si en el pasado la gravedad hubiera sido como dice Dirac, la emisi\u00f3n de la energ\u00eda del Sol habr\u00eda cambiado y la  Tierra habr\u00eda estado mucho m\u00e1s caliente en el pasado de lo que se supon\u00eda normalmente, los oc\u00e9anos habr\u00edan estado hirviendo en la era prec\u00e1mbrica, hace doscientos o trescientos millones de a\u00f1os, y la vida tal como la conocemos no habr\u00eda sobrevivido, pese a que la evidencia geol\u00f3gica entonces disponible demostraba que la vida hab\u00eda existido hace al menos quinientos millones de a\u00f1os.<\/p>\n<p style=\"text-align: justify;\">El euf\u00f3rico George Gamow era buen amigo de Teller y respondi\u00f3 al problema del oc\u00e9ano hirviente sugiriendo que pod\u00eda paliarse si se supon\u00eda que las coincidencias propuestas por Dirac eran debidas a una variaci\u00f3n temporal en e, la carga del <a href=\"#\" onclick=\"referencia('electron',event); return false;\">electr\u00f3n<\/a>, con e<sup>2<\/sup> aumentando con el tiempo como requiere la ecuaci\u00f3n<\/p>\n<p style=\"text-align: justify;\">Por desgracia, la propuesta de Gamow de una e variable ten\u00eda todo tipo de consecuencias inaceptables para la vida sobre la Tierra. Pronto se advirti\u00f3 que la sugerencia de Gamow hubiera dado como resultado que el Sol habr\u00eda agotado hace tiempo todo su combustible nuclear, no estar\u00eda brillando hoy si e<sup>2<\/sup> crece en proporci\u00f3n a la edad del universo. Su valor en el pasado demasiado peque\u00f1o habr\u00eda impedido que se formaran estrellas como el Sol. Las consecuencias de haber comprimido antes su combustible nuclear, el hidr\u00f3geno, hubiera sido la de convertirse primero en gigante roja y despu\u00e9s en <a href=\"#\" onclick=\"referencia('enana blanca',event); return false;\">enana blanca<\/a> y, por el camino, en el proceso, los mares y oc\u00e9anos de la Tierra se habr\u00edan evaporado y la vida habr\u00eda desaparecido de la faz del planeta.<\/p>\n<p style=\"text-align: justify;\">Gamow tuvo varias discusiones con Dirac sobre estas variantes de su hip\u00f3tesis de G variable. Dirac dio una interesante respuesta a Gamow con respecto a su idea de la carga del <a href=\"#\" onclick=\"referencia('electron',event); return false;\">electr\u00f3n<\/a>, y con ello la constante de estructura fina, pudiera estar variando.<\/p>\n<p style=\"text-align: justify;\">Recordando sin duda la creencia inicial de Eddington en que la constante de estructura fina era un n\u00famero racional, escribe a Gamow en 1.961 habl\u00e1ndole de las consecuencias cosmol\u00f3gicas de su variaci\u00f3n con el logaritmo de la edad del universo.<\/p>\n<blockquote>\n<p style=\"text-align: justify;\"><em> \u201cEs dif\u00edcil formular cualquier teor\u00eda firme sobre las etapas primitivas del universo porque no sabemos si hc\/e<sup>2<\/sup> es constante o var\u00eda proporcionalmente a log(t). Si hc\/e<sup>2<\/sup> fuera un entero tendr\u00eda que ser una constante, pero los experimentadores dicen ahora que no es un entero, de modo que bien podr\u00eda estar variando. Si realmente var\u00eda, la qu\u00edmica de las etapas primitivas ser\u00eda completamente diferente, y la <a href=\"#\" onclick=\"referencia('radiactividad',event); return false;\">radiactividad<\/a> tambi\u00e9n estar\u00eda afectada. Cuando empec\u00e9 a trabajar sobre la gravedad esperaba encontrar alguna conexi\u00f3n entre ella y los <a href=\"#\" onclick=\"referencia('neutrinos',event); return false;\">neutrinos<\/a>, pero esto ha fracasado.\u201d<\/em><\/p>\n<\/blockquote>\n<p style=\"text-align: justify;\">Dirac no iba a suscribir una e variable f\u00e1cilmente, como soluci\u00f3n al problema de los grandes n\u00fameros. Precisamente, su trabajo cient\u00edfico m\u00e1s importante hab\u00eda hecho comprensible la estructura de los \u00e1tomos y el comportamiento del <a href=\"#\" onclick=\"referencia('electron',event); return false;\">electr\u00f3n<\/a>, y dijo que exist\u00eda el positr\u00f3n. Todo ello basado en la hip\u00f3tesis, compartida por casi todos, de que e era una verdadera constante, la misma en todo tiempo y todo lugar en el universo, un <a href=\"#\" onclick=\"referencia('electron',event); return false;\">electr\u00f3n<\/a> y su carga negativa eran exactas en la Tierra y en el m\u00e1s\u00a0 alejado planeta de la m\u00e1s alejada estrella de la galaxia Andr\u00f3meda. As\u00ed que Gamow pronto abandon\u00f3 la teor\u00eda de la e variable y concluyo que:<\/p>\n<blockquote>\n<p style=\"text-align: justify;\"><em> \u201cEl valor de e se mantiene en pie como el Pe\u00f1\u00f3n de Gibraltar durante los \u00faltimos 6\u00d710<sup>9<\/sup> a\u00f1os.\u201d<\/em><\/p>\n<\/blockquote>\n<p style=\"text-align: justify;\">Pero lo que est\u00e1 claro es que, como ocurre siempre en ciencia, la propuesta de Dirac levant\u00f3 una gran controversia que llev\u00f3 a cientos de f\u00edsicos a realizar pruebas y buscar m\u00e1s a fondo en el problema, lo que dio lugar a nuevos detalles importantes sobre el tema.<\/p>\n<p style=\"text-align: justify;\">\u00a1Qu\u00e9 cosas!<\/p>\n<div class='bookmark'>\r\n\t\t<table align='left' border='0' cellpadding='0' width='100%'>\r\n\t\t<tr><td><span class='pushbutton'><a href='http:\/\/delicious.com\/post?url=http%3A%2F%2Fwww.emiliosilveravazquez.com%2Fblog%2F2011%2F06%2F04%2Fpaul-dirac-gran-fisico-y-matematico%2F&amp;title=Paul+Dirac%2C+gran+f%C3%ADsico+y+matem%C3%A1tico' title='Delicious' target='_blank' rel='nofollow'><img src='http:\/\/www.emiliosilveravazquez.com\/blog\/wp-content\/plugins\/knxdt-bookmarks-wordpress-plugin\/images\/delicious.png'  alt='' class='book_img' border='none' style='margin:1px; padding: 0;'  \/><\/a><\/span><span class='pushbutton'><a href='http:\/\/digg.com\/submit?url=http%3A%2F%2Fwww.emiliosilveravazquez.com%2Fblog%2F2011%2F06%2F04%2Fpaul-dirac-gran-fisico-y-matematico%2F&amp;title=Paul+Dirac%2C+gran+f%C3%ADsico+y+matem%C3%A1tico' title='Digg' target='_blank' rel='nofollow'><img src='http:\/\/www.emiliosilveravazquez.com\/blog\/wp-content\/plugins\/knxdt-bookmarks-wordpress-plugin\/images\/digg.png'  alt='' class='book_img' border='none' style='margin:1px; padding: 0;'  \/><\/a><\/span><span class='pushbutton'><a href='http:\/\/www.google.com\/bookmarks\/mark?op=edit&amp;bkmk=http%3A%2F%2Fwww.emiliosilveravazquez.com%2Fblog%2F2011%2F06%2F04%2Fpaul-dirac-gran-fisico-y-matematico%2F&amp;title=Paul+Dirac%2C+gran+f%C3%ADsico+y+matem%C3%A1tico' title='Google' target='_blank' rel='nofollow'><img src='http:\/\/www.emiliosilveravazquez.com\/blog\/wp-content\/plugins\/knxdt-bookmarks-wordpress-plugin\/images\/google.png'   alt='' class='book_img' border='none' style='margin:1px; padding: 0;'  \/><\/a><\/span><span class='pushbutton'><a href='http:\/\/myweb2.search.yahoo.com\/myresults\/bookmarklet?u=http%3A%2F%2Fwww.emiliosilveravazquez.com%2Fblog%2F2011%2F06%2F04%2Fpaul-dirac-gran-fisico-y-matematico%2F&amp;t=Paul+Dirac%2C+gran+f%C3%ADsico+y+matem%C3%A1tico' title='Yahoo' target='_blank' rel='nofollow'><img src='http:\/\/www.emiliosilveravazquez.com\/blog\/wp-content\/plugins\/knxdt-bookmarks-wordpress-plugin\/images\/yahoo.png'  alt='' class='book_img' border='none' style='margin:1px; padding: 0;'  \/><\/a><\/span><span class='pushbutton'><a href='http:\/\/www.technorati.com\/faves?add=http%3A%2F%2Fwww.emiliosilveravazquez.com%2Fblog%2F2011%2F06%2F04%2Fpaul-dirac-gran-fisico-y-matematico%2F' title='Technorati' target='_blank' rel='nofollow'><img src='http:\/\/www.emiliosilveravazquez.com\/blog\/wp-content\/plugins\/knxdt-bookmarks-wordpress-plugin\/images\/technorati.png'  alt='' class='book_img' border='none' style='margin:1px; padding: 0;'  \/><\/a><\/span><span class='pushbutton'><a href='http:\/\/meneame.net\/submit.php?url=http%3A%2F%2Fwww.emiliosilveravazquez.com%2Fblog%2F2011%2F06%2F04%2Fpaul-dirac-gran-fisico-y-matematico%2F' title='Meneame' target='_blank' rel='nofollow'><img src='http:\/\/www.emiliosilveravazquez.com\/blog\/wp-content\/plugins\/knxdt-bookmarks-wordpress-plugin\/images\/meneame.png'  alt='' class='book_img' border='none' style='margin:1px; padding: 0;'  \/><\/a><\/span><span class='pushbutton'><a href='http:\/\/enchilame.com\/submit.php?url=http:\/\/www.emiliosilveravazquez.com\/blog\/2011\/06\/04\/paul-dirac-gran-fisico-y-matematico\/' target='_blank' rel='nofollow'><img title='Enchilame' src='http:\/\/www.emiliosilveravazquez.com\/blog\/wp-content\/plugins\/knxdt-bookmarks-wordpress-plugin\/images\/enchilame.png'  alt='' class='book_img' border='none' style='margin:1px; padding: 0;'  \/><\/a><\/span><span class='pushbutton'><a href='http:\/\/www.blinklist.com\/index.php?Action=Blink\/addblink.php&amp;Description=&amp;Url=http%3A%2F%2Fwww.emiliosilveravazquez.com%2Fblog%2F2011%2F06%2F04%2Fpaul-dirac-gran-fisico-y-matematico%2F&amp;title=Paul+Dirac%2C+gran+f%C3%ADsico+y+matem%C3%A1tico' title='BlinkList' target='_blank' rel='nofollow'><img src='http:\/\/www.emiliosilveravazquez.com\/blog\/wp-content\/plugins\/knxdt-bookmarks-wordpress-plugin\/images\/blinklist.png'  alt='' class='book_img' border='none' style='margin:1px; padding: 0;'  \/><\/a><\/span><span class='pushbutton'><a href='http:\/\/reddit.com\/submit?url=http%3A%2F%2Fwww.emiliosilveravazquez.com%2Fblog%2F2011%2F06%2F04%2Fpaul-dirac-gran-fisico-y-matematico%2F&amp;title=Paul+Dirac%2C+gran+f%C3%ADsico+y+matem%C3%A1tico' title='Reddit' target='_blank' rel='nofollow'><img src='http:\/\/www.emiliosilveravazquez.com\/blog\/wp-content\/plugins\/knxdt-bookmarks-wordpress-plugin\/images\/reddit.png'  alt='' class='book_img' border='none' style='margin:1px; padding: 0;'  \/><\/a><\/span><span class='pushbutton'><a href='http:\/\/www.tecnologiadiaria.com\/2009\/07\/abrir-com-hotmail-correo.html' target='_blank' title='hotmail'><img src='http:\/\/www.emiliosilveravazquez.com\/blog\/wp-content\/plugins\/knxdt-bookmarks-wordpress-plugin\/images\/linklove.png' alt='hotmail correo' class='book_img' border='none' style='margin:1px; padding: 0;' \/><\/a><\/span><span class='pushbutton'><a href='http:\/\/bitacoras.com\/votar\/anotacion\/externo\/mini\/www.emiliosilveravazquez.com\/blog\/2011\/06\/04\/paul-dirac-gran-fisico-y-matematico\/' title='Bitacoras.com' target='_blank' rel='nofollow'><img src='http:\/\/www.emiliosilveravazquez.com\/blog\/wp-content\/plugins\/knxdt-bookmarks-wordpress-plugin\/images\/bitacoras.png'  alt='' class='book_img' border='none' style='margin:1px; padding: 0;'  \/><\/a><\/span><span class='pushbutton'><a href='http:\/\/www.wikio.es\/vote?url=http%3A%2F%2Fwww.emiliosilveravazquez.com%2Fblog%2F2011%2F06%2F04%2Fpaul-dirac-gran-fisico-y-matematico%2F' title='Wikio' target='_blank' rel='nofollow'><img src='http:\/\/www.emiliosilveravazquez.com\/blog\/wp-content\/plugins\/knxdt-bookmarks-wordpress-plugin\/images\/wikio.png'   alt='' class='book_img' border='none' style='margin:1px; padding: 0;'   \/><\/a><\/span><span class='pushbutton'><a href='http:\/\/friendfeed.com\/?url=http%3A%2F%2Fwww.emiliosilveravazquez.com%2Fblog%2F2011%2F06%2F04%2Fpaul-dirac-gran-fisico-y-matematico%2F&amp;title=Paul+Dirac%2C+gran+f%C3%ADsico+y+matem%C3%A1tico' title='Friend Feed' target='_blank' rel='nofollow'><img src='http:\/\/www.emiliosilveravazquez.com\/blog\/wp-content\/plugins\/knxdt-bookmarks-wordpress-plugin\/images\/friendfeed.png'  alt='' class='book_img' border='none' style='margin:1px; padding: 0;'  \/><\/a><\/span><span class='pushbutton'><a href='http:\/\/www.facebook.com\/share.php?u=http%3A%2F%2Fwww.emiliosilveravazquez.com%2Fblog%2F2011%2F06%2F04%2Fpaul-dirac-gran-fisico-y-matematico%2F&amp;t=Paul+Dirac%2C+gran+f%C3%ADsico+y+matem%C3%A1tico' title='Facebook' target='_blank' rel='nofollow'><img src='http:\/\/www.emiliosilveravazquez.com\/blog\/wp-content\/plugins\/knxdt-bookmarks-wordpress-plugin\/images\/facebook.png'  alt='' class='book_img' border='none' style='margin:1px; padding: 0;'  \/><\/a><\/span><span class='pushbutton'><a href='http:\/\/twitter.com\/home?status=Paul+Dirac%2C+gran+f%C3%ADsico+y+matem%C3%A1tico: http%3A%2F%2Fwww.emiliosilveravazquez.com%2Fblog%2F2011%2F06%2F04%2Fpaul-dirac-gran-fisico-y-matematico%2F' title='Twitter' target='_blank' rel='nofollow'><img src='http:\/\/www.emiliosilveravazquez.com\/blog\/wp-content\/plugins\/knxdt-bookmarks-wordpress-plugin\/images\/twitter.png'  alt='' class='book_img' border='none' style='margin:1px; padding: 0;'  \/><\/a><\/span><span class='pushbutton'><a href='http:\/\/www.feedburner.com\/fb\/a\/emailFlare?itemTitle=Paul+Dirac%2C+gran+f%C3%ADsico+y+matem%C3%A1tico&amp;uri=http%3A%2F%2Fwww.emiliosilveravazquez.com%2Fblog%2F2011%2F06%2F04%2Fpaul-dirac-gran-fisico-y-matematico%2F' title='Enviar por Email' target='_blank' rel='nofollow'><img src='http:\/\/www.emiliosilveravazquez.com\/blog\/wp-content\/plugins\/knxdt-bookmarks-wordpress-plugin\/images\/email.png'  alt='' class='book_img' border='none' style='margin:1px; padding: 0;'  \/><\/a><\/span><span style='font-weight:bold; padding-left: 5px;'><a href='http:\/\/wordpress.org\/extend\/plugins\/knxdt-bookmarks-wordpress-plugin\/' title='Plugin' rel='nofollow' target='_blank'>[?]<\/a><\/span><\/td><\/tr><\/table><br\/><br\/><\/div>","protected":false},"excerpt":{"rendered":"<p>Algunas de las cosas que se cuentan de la vida de Dirac, el f\u00edsico que predijo la existencia de la antimateria, el positr\u00f3n. Paul Dirac ocup\u00f3 la c\u00e1tedra lucaciana de matem\u00e1ticas en Cambridge durante parte del tiempo en que Eddington estuvo viviendo en los observatorios. Las historias que se cuentan de Paul Dirac dejan muy [&hellip;]<\/p>\n","protected":false},"author":2,"featured_media":0,"comment_status":"open","ping_status":"open","sticky":false,"template":"","format":"standard","meta":{"_s2mail":"yes","footnotes":""},"categories":[22,1],"tags":[],"_links":{"self":[{"href":"http:\/\/www.emiliosilveravazquez.com\/blog\/wp-json\/wp\/v2\/posts\/4991"}],"collection":[{"href":"http:\/\/www.emiliosilveravazquez.com\/blog\/wp-json\/wp\/v2\/posts"}],"about":[{"href":"http:\/\/www.emiliosilveravazquez.com\/blog\/wp-json\/wp\/v2\/types\/post"}],"author":[{"embeddable":true,"href":"http:\/\/www.emiliosilveravazquez.com\/blog\/wp-json\/wp\/v2\/users\/2"}],"replies":[{"embeddable":true,"href":"http:\/\/www.emiliosilveravazquez.com\/blog\/wp-json\/wp\/v2\/comments?post=4991"}],"version-history":[{"count":0,"href":"http:\/\/www.emiliosilveravazquez.com\/blog\/wp-json\/wp\/v2\/posts\/4991\/revisions"}],"wp:attachment":[{"href":"http:\/\/www.emiliosilveravazquez.com\/blog\/wp-json\/wp\/v2\/media?parent=4991"}],"wp:term":[{"taxonomy":"category","embeddable":true,"href":"http:\/\/www.emiliosilveravazquez.com\/blog\/wp-json\/wp\/v2\/categories?post=4991"},{"taxonomy":"post_tag","embeddable":true,"href":"http:\/\/www.emiliosilveravazquez.com\/blog\/wp-json\/wp\/v2\/tags?post=4991"}],"curies":[{"name":"wp","href":"https:\/\/api.w.org\/{rel}","templated":true}]}}