{"id":4988,"date":"2011-06-03T07:21:50","date_gmt":"2011-06-03T06:21:50","guid":{"rendered":"http:\/\/www.emiliosilveravazquez.com\/blog\/?p=4988"},"modified":"2011-06-14T11:48:12","modified_gmt":"2011-06-14T10:48:12","slug":"%c2%a1einstein-que-personaje","status":"publish","type":"post","link":"http:\/\/www.emiliosilveravazquez.com\/blog\/2011\/06\/03\/%c2%a1einstein-que-personaje\/","title":{"rendered":"\u00a1Einstein! Qu\u00e9 personaje."},"content":{"rendered":"<p style=\"text-align: justify;\"><img decoding=\"async\" src=\"http:\/\/scientia1.files.wordpress.com\/2011\/05\/logo_espanol1.png\" alt=\"\" \/><\/p>\n<p style=\"text-align: justify;\"><a href=\"#\" onclick=\"referencia('einstein',event); return false;\">Einstein<\/a> hizo m\u00e1s que cualquier otro cient\u00edfico por crear la imagen moderna de las leyes de la naturaleza. Desempe\u00f1\u00f3 un papel principal en la creaci\u00f3n de la perspectiva correcta sobre el car\u00e1cter at\u00f3mico y cu\u00e1ntico del mundo material a peque\u00f1a escala, demostr\u00f3 que la velocidad de la luz introduc\u00eda una <a href=\"#\" onclick=\"referencia('relatividad',event); return false;\">relatividad<\/a> en la visi\u00f3n del espacio de cada observador, y encontr\u00f3 por s\u00ed solo la teor\u00eda de la gravedad que sustituy\u00f3 la imagen cl\u00e1sica creada por Isaac <a href=\"#\" onclick=\"referencia('newton',event); return false;\">Newton<\/a> m\u00e1s de dos siglos antes que \u00e9l. Su famosa f\u00f3rmula de E = mc<sup>2<\/sup> es una f\u00f3rmula milagrosa, es lo que los f\u00edsicos definen como la aut\u00e9ntica belleza. Decir mucho con pocos signos y, desde luego, nunca ning\u00fan f\u00edsico dijo tanto con tan poco. En esa reducida expresi\u00f3n de E = mc<sup>2<\/sup>, est\u00e1 contenido uno de los mensajes de mayor calado del universo: masa y energ\u00eda,son la misma cosa.<\/p>\n<p><!--more--><\/p>\n<p style=\"text-align: justify;\"><a href=\"#\" onclick=\"referencia('einstein',event); return false;\">Einstein<\/a> siempre estuvo fascinado por el hecho de que algunas cosas deben parecer siempre iguales, independientemente de c\u00f3mo se mueva el que las ve, como la luz en el vac\u00edo, c. \u00c9l nos dijo el l\u00edmite con que podr\u00edamos recibir informaci\u00f3n en el universo, la velocidad de c.<\/p>\n<p style=\"text-align: justify;\">\u00c9l revel\u00f3 todo el alcance de lo que Stoney y Planck simplemente hab\u00edan supuesto: que la velocidad de la luz era una constante sobrehumana fundamental de la naturaleza. Tambi\u00e9n sab\u00eda el maestro que, en el proceso de nuevas teor\u00edas, la b\u00fasqueda de la teor\u00eda final que incluyera a otras fuerzas de la naturaleza distintas de la gravedad, dar\u00eda lugar a teor\u00edas nuevas y cada vez mejores que ir\u00edan sustituyendo a las antiguas teor\u00edas. De hecho, \u00e9l mismo la busc\u00f3 durante los 30 \u00faltimos a\u00f1os de su vida pero, desgraciadamente, sin \u00e9xito. Ahora se ha llegado a la <a href=\"#\" onclick=\"referencia('supercuerdas teoria',event); return false;\">teor\u00eda de supercuerdas<\/a> que s\u00f3lo funciona en 10, 11 y 26 dimensiones y es la teor\u00eda m\u00e1s prometedora para ser la candidata a esa teor\u00eda final de la que hablan los f\u00edsicos.<\/p>\n<p style=\"text-align: justify;\">El f\u00edsico espera que las constantes de la naturaleza respondan en t\u00e9rminos de n\u00fameros puros que pueda ser calculado con tanta precisi\u00f3n como uno quiera. En ese sentido se lo expres\u00f3 <a href=\"#\" onclick=\"referencia('einstein',event); return false;\">Einstein<\/a> a su amiga Ilse Rosenthal- Schneider, interesada en la ciencia y muy amiga de Planck y <a href=\"#\" onclick=\"referencia('einstein',event); return false;\">Einstein<\/a> en la juventud.<\/p>\n<p style=\"text-align: justify;\">Lo que <a href=\"#\" onclick=\"referencia('einstein',event); return false;\">Einstein<\/a> explic\u00f3 a su amiga por cartas es que existen algunas constantes aparentes que son debidas a nuestro h\u00e1bito de medir las cosas en unidades particulares. La constante de Boltzmann es de este tipo. Es s\u00f3lo un factor de conversi\u00f3n entre unidades de energ\u00eda y temperatura, parecido a los factores de conversi\u00f3n entre las escalas de temperatura Fahrenheit y cent\u00edgrada.<\/p>\n<p style=\"text-align: justify;\">Las verdaderas constantes tienen que ser n\u00fameros puros y no cantidades con \u201cdimensiones\u201d, como una velocidad, una masa o una longitud. Las cantidades con dimensiones siempre cambian sus valores num\u00e9ricos si cambiamos las unidades en las que se expresan.<\/p>\n<p style=\"text-align: justify;\">La interpretaci\u00f3n de las unidades naturales de Stoney y Planck no era en absoluto obvia para los f\u00edsicos. Aparte de ocasionarles algunos quebraderos de cabeza al tener que pensar en tan reducidas unidades, y s\u00f3lo a finales de la d\u00e9cada de 1.960 el estudio renovado de la cosmolog\u00eda llev\u00f3 a una plena comprensi\u00f3n de estos patrones extra\u00f1os. Uno de los curiosos problemas de la F\u00edsica es que tiene dos teor\u00edas hermosamente efectivas (la mec\u00e1nica cu\u00e1ntica y la <a href=\"#\" onclick=\"referencia('relatividad',event); return false;\">relatividad<\/a> general) pero gobiernan diferentes dominios de la naturaleza.<\/p>\n<p style=\"text-align: justify;\">La mec\u00e1nica cu\u00e1ntica domina en el micromundo de los \u00e1tomos y de las part\u00edculas \u201celementales\u201d. Nos ense\u00f1a que en la naturaleza cualquier masa, por s\u00f3lida o puntual que pueda parecer, tiene un aspecto ondulatorio. Esta onda no es como una onda de agua. Se parece m\u00e1s a una ola delictiva o una ola de histeria: es una onda de informaci\u00f3n. Nos indica la probabilidad de detectar una part\u00edcula. La longitud de onda de una part\u00edcula, la longitud cu\u00e1ntica, se hace menor cuanto mayor es la masa de esa part\u00edcula.<\/p>\n<p>Por el contrario, la <a href=\"#\" onclick=\"referencia('relatividad',event); return false;\">relatividad<\/a> general era siempre necesaria cuando se trataba con situaciones donde algo viaja a la velocidad de la luz, o est\u00e1 muy\u00a0 cerca o donde la gravedad es muy intensa. Se utiliza para describir la expansi\u00f3n del universo o el comportamiento en situaciones extremas, como la formaci\u00f3n de <a href=\"#\" onclick=\"referencia('agujero negro',event); return false;\">agujeros negros<\/a>. Sin embargo, la gravedad es muy d\u00e9bil comparada con las fuerzas que unen \u00e1tomos y mol\u00e9culas y demasiado d\u00e9bil para tener cualquier efecto sobre la estructura del \u00e1tomo o de part\u00edculas subat\u00f3micas, se trata con masas tan insignificantes que la incidencia gravitatoria es despreciable. Todo lo contrario que ocurre en presencia de masas considerables como planetas, estrellas y galaxias, donde la presencia de la gravitaci\u00f3n curva el espacio y distorsiona el tiempo.<\/p>\n<p style=\"text-align: justify;\">Como resultado de estas propiedades antag\u00f3nicas, la teor\u00eda cu\u00e1ntica y la teor\u00eda relativista gobiernan reinos diferentes, muy dispares, en el universo de lo muy peque\u00f1o o en el universo de lo muy grande. Nadie ha encontrado la manera de unir, sin fisuras, estas dos teor\u00edas en una sola y nueva de Gravedad- Cu\u00e1ntica.<\/p>\n<p style=\"text-align: justify;\">\u00bfCu\u00e1les son los l\u00edmites de la teor\u00eda cu\u00e1ntica y de la teor\u00eda de la <a href=\"#\" onclick=\"referencia('relatividad',event); return false;\">relatividad<\/a> general de <a href=\"#\" onclick=\"referencia('einstein',event); return false;\">Einstein<\/a>? Afortunadamente, hay una respuesta simple y las unidades de Planck nos dicen cuales son.<\/p>\n<p style=\"text-align: justify;\">Finalmente, ser\u00e1 la F\u00edsica la que nos abra la puerta donde est\u00e1n encerradas todas las respuestas que la Naturaleza tan celosamente esconde, y, la raz\u00f3n es s\u00f3lo una: a\u00fan no estamos preparados para entenderlo todo. Una bomba de <a href=\"#\" onclick=\"referencia('neutron',event); return false;\">neutrones<\/a> en manos de un ni\u00f1o, podr\u00eda causar estragos.<\/p>\n<div class='bookmark'>\r\n\t\t<table align='left' border='0' cellpadding='0' width='100%'>\r\n\t\t<tr><td><span class='pushbutton'><a href='http:\/\/delicious.com\/post?url=http%3A%2F%2Fwww.emiliosilveravazquez.com%2Fblog%2F2011%2F06%2F03%2F%25c2%25a1einstein-que-personaje%2F&amp;title=%C2%A1Einstein%21+Qu%C3%A9+personaje.' title='Delicious' target='_blank' rel='nofollow'><img src='http:\/\/www.emiliosilveravazquez.com\/blog\/wp-content\/plugins\/knxdt-bookmarks-wordpress-plugin\/images\/delicious.png'  alt='' class='book_img' border='none' style='margin:1px; padding: 0;'  \/><\/a><\/span><span class='pushbutton'><a href='http:\/\/digg.com\/submit?url=http%3A%2F%2Fwww.emiliosilveravazquez.com%2Fblog%2F2011%2F06%2F03%2F%25c2%25a1einstein-que-personaje%2F&amp;title=%C2%A1Einstein%21+Qu%C3%A9+personaje.' title='Digg' target='_blank' rel='nofollow'><img src='http:\/\/www.emiliosilveravazquez.com\/blog\/wp-content\/plugins\/knxdt-bookmarks-wordpress-plugin\/images\/digg.png'  alt='' class='book_img' border='none' style='margin:1px; padding: 0;'  \/><\/a><\/span><span class='pushbutton'><a href='http:\/\/www.google.com\/bookmarks\/mark?op=edit&amp;bkmk=http%3A%2F%2Fwww.emiliosilveravazquez.com%2Fblog%2F2011%2F06%2F03%2F%25c2%25a1einstein-que-personaje%2F&amp;title=%C2%A1Einstein%21+Qu%C3%A9+personaje.' title='Google' target='_blank' rel='nofollow'><img src='http:\/\/www.emiliosilveravazquez.com\/blog\/wp-content\/plugins\/knxdt-bookmarks-wordpress-plugin\/images\/google.png'   alt='' class='book_img' border='none' style='margin:1px; padding: 0;'  \/><\/a><\/span><span class='pushbutton'><a href='http:\/\/myweb2.search.yahoo.com\/myresults\/bookmarklet?u=http%3A%2F%2Fwww.emiliosilveravazquez.com%2Fblog%2F2011%2F06%2F03%2F%25c2%25a1einstein-que-personaje%2F&amp;t=%C2%A1Einstein%21+Qu%C3%A9+personaje.' title='Yahoo' target='_blank' rel='nofollow'><img src='http:\/\/www.emiliosilveravazquez.com\/blog\/wp-content\/plugins\/knxdt-bookmarks-wordpress-plugin\/images\/yahoo.png'  alt='' class='book_img' border='none' style='margin:1px; padding: 0;'  \/><\/a><\/span><span class='pushbutton'><a href='http:\/\/www.technorati.com\/faves?add=http%3A%2F%2Fwww.emiliosilveravazquez.com%2Fblog%2F2011%2F06%2F03%2F%25c2%25a1einstein-que-personaje%2F' title='Technorati' target='_blank' rel='nofollow'><img src='http:\/\/www.emiliosilveravazquez.com\/blog\/wp-content\/plugins\/knxdt-bookmarks-wordpress-plugin\/images\/technorati.png'  alt='' class='book_img' border='none' style='margin:1px; padding: 0;'  \/><\/a><\/span><span class='pushbutton'><a href='http:\/\/meneame.net\/submit.php?url=http%3A%2F%2Fwww.emiliosilveravazquez.com%2Fblog%2F2011%2F06%2F03%2F%25c2%25a1einstein-que-personaje%2F' title='Meneame' target='_blank' rel='nofollow'><img src='http:\/\/www.emiliosilveravazquez.com\/blog\/wp-content\/plugins\/knxdt-bookmarks-wordpress-plugin\/images\/meneame.png'  alt='' class='book_img' border='none' style='margin:1px; padding: 0;'  \/><\/a><\/span><span class='pushbutton'><a href='http:\/\/enchilame.com\/submit.php?url=http:\/\/www.emiliosilveravazquez.com\/blog\/2011\/06\/03\/%c2%a1einstein-que-personaje\/' target='_blank' rel='nofollow'><img title='Enchilame' src='http:\/\/www.emiliosilveravazquez.com\/blog\/wp-content\/plugins\/knxdt-bookmarks-wordpress-plugin\/images\/enchilame.png'  alt='' class='book_img' border='none' style='margin:1px; padding: 0;'  \/><\/a><\/span><span class='pushbutton'><a href='http:\/\/www.blinklist.com\/index.php?Action=Blink\/addblink.php&amp;Description=&amp;Url=http%3A%2F%2Fwww.emiliosilveravazquez.com%2Fblog%2F2011%2F06%2F03%2F%25c2%25a1einstein-que-personaje%2F&amp;title=%C2%A1Einstein%21+Qu%C3%A9+personaje.' title='BlinkList' target='_blank' rel='nofollow'><img src='http:\/\/www.emiliosilveravazquez.com\/blog\/wp-content\/plugins\/knxdt-bookmarks-wordpress-plugin\/images\/blinklist.png'  alt='' class='book_img' border='none' style='margin:1px; padding: 0;'  \/><\/a><\/span><span class='pushbutton'><a href='http:\/\/reddit.com\/submit?url=http%3A%2F%2Fwww.emiliosilveravazquez.com%2Fblog%2F2011%2F06%2F03%2F%25c2%25a1einstein-que-personaje%2F&amp;title=%C2%A1Einstein%21+Qu%C3%A9+personaje.' title='Reddit' target='_blank' rel='nofollow'><img src='http:\/\/www.emiliosilveravazquez.com\/blog\/wp-content\/plugins\/knxdt-bookmarks-wordpress-plugin\/images\/reddit.png'  alt='' class='book_img' border='none' style='margin:1px; padding: 0;'  \/><\/a><\/span><span class='pushbutton'><a href='http:\/\/www.tecnologiadiaria.com\/2009\/07\/abrir-com-hotmail-correo.html' target='_blank' title='hotmail'><img src='http:\/\/www.emiliosilveravazquez.com\/blog\/wp-content\/plugins\/knxdt-bookmarks-wordpress-plugin\/images\/linklove.png' alt='hotmail correo' class='book_img' border='none' style='margin:1px; padding: 0;' \/><\/a><\/span><span class='pushbutton'><a href='http:\/\/bitacoras.com\/votar\/anotacion\/externo\/mini\/www.emiliosilveravazquez.com\/blog\/2011\/06\/03\/%c2%a1einstein-que-personaje\/' title='Bitacoras.com' target='_blank' rel='nofollow'><img src='http:\/\/www.emiliosilveravazquez.com\/blog\/wp-content\/plugins\/knxdt-bookmarks-wordpress-plugin\/images\/bitacoras.png'  alt='' class='book_img' border='none' style='margin:1px; padding: 0;'  \/><\/a><\/span><span class='pushbutton'><a href='http:\/\/www.wikio.es\/vote?url=http%3A%2F%2Fwww.emiliosilveravazquez.com%2Fblog%2F2011%2F06%2F03%2F%25c2%25a1einstein-que-personaje%2F' title='Wikio' target='_blank' rel='nofollow'><img src='http:\/\/www.emiliosilveravazquez.com\/blog\/wp-content\/plugins\/knxdt-bookmarks-wordpress-plugin\/images\/wikio.png'   alt='' class='book_img' border='none' style='margin:1px; padding: 0;'   \/><\/a><\/span><span class='pushbutton'><a href='http:\/\/friendfeed.com\/?url=http%3A%2F%2Fwww.emiliosilveravazquez.com%2Fblog%2F2011%2F06%2F03%2F%25c2%25a1einstein-que-personaje%2F&amp;title=%C2%A1Einstein%21+Qu%C3%A9+personaje.' title='Friend Feed' target='_blank' rel='nofollow'><img src='http:\/\/www.emiliosilveravazquez.com\/blog\/wp-content\/plugins\/knxdt-bookmarks-wordpress-plugin\/images\/friendfeed.png'  alt='' class='book_img' border='none' style='margin:1px; padding: 0;'  \/><\/a><\/span><span class='pushbutton'><a href='http:\/\/www.facebook.com\/share.php?u=http%3A%2F%2Fwww.emiliosilveravazquez.com%2Fblog%2F2011%2F06%2F03%2F%25c2%25a1einstein-que-personaje%2F&amp;t=%C2%A1Einstein%21+Qu%C3%A9+personaje.' title='Facebook' target='_blank' rel='nofollow'><img src='http:\/\/www.emiliosilveravazquez.com\/blog\/wp-content\/plugins\/knxdt-bookmarks-wordpress-plugin\/images\/facebook.png'  alt='' class='book_img' border='none' style='margin:1px; padding: 0;'  \/><\/a><\/span><span class='pushbutton'><a href='http:\/\/twitter.com\/home?status=%C2%A1Einstein%21+Qu%C3%A9+personaje.: http%3A%2F%2Fwww.emiliosilveravazquez.com%2Fblog%2F2011%2F06%2F03%2F%25c2%25a1einstein-que-personaje%2F' title='Twitter' target='_blank' rel='nofollow'><img src='http:\/\/www.emiliosilveravazquez.com\/blog\/wp-content\/plugins\/knxdt-bookmarks-wordpress-plugin\/images\/twitter.png'  alt='' class='book_img' border='none' style='margin:1px; padding: 0;'  \/><\/a><\/span><span class='pushbutton'><a href='http:\/\/www.feedburner.com\/fb\/a\/emailFlare?itemTitle=%C2%A1Einstein%21+Qu%C3%A9+personaje.&amp;uri=http%3A%2F%2Fwww.emiliosilveravazquez.com%2Fblog%2F2011%2F06%2F03%2F%25c2%25a1einstein-que-personaje%2F' title='Enviar por Email' target='_blank' rel='nofollow'><img src='http:\/\/www.emiliosilveravazquez.com\/blog\/wp-content\/plugins\/knxdt-bookmarks-wordpress-plugin\/images\/email.png'  alt='' class='book_img' border='none' style='margin:1px; padding: 0;'  \/><\/a><\/span><span style='font-weight:bold; padding-left: 5px;'><a href='http:\/\/wordpress.org\/extend\/plugins\/knxdt-bookmarks-wordpress-plugin\/' title='Plugin' rel='nofollow' target='_blank'>[?]<\/a><\/span><\/td><\/tr><\/table><br\/><br\/><\/div>","protected":false},"excerpt":{"rendered":"<p>Einstein hizo m\u00e1s que cualquier otro cient\u00edfico por crear la imagen moderna de las leyes de la naturaleza. Desempe\u00f1\u00f3 un papel principal en la creaci\u00f3n de la perspectiva correcta sobre el car\u00e1cter at\u00f3mico y cu\u00e1ntico del mundo material a peque\u00f1a escala, demostr\u00f3 que la velocidad de la luz introduc\u00eda una relatividad en la visi\u00f3n del [&hellip;]<\/p>\n","protected":false},"author":2,"featured_media":0,"comment_status":"open","ping_status":"open","sticky":false,"template":"","format":"standard","meta":{"_s2mail":"yes","footnotes":""},"categories":[22,1],"tags":[],"_links":{"self":[{"href":"http:\/\/www.emiliosilveravazquez.com\/blog\/wp-json\/wp\/v2\/posts\/4988"}],"collection":[{"href":"http:\/\/www.emiliosilveravazquez.com\/blog\/wp-json\/wp\/v2\/posts"}],"about":[{"href":"http:\/\/www.emiliosilveravazquez.com\/blog\/wp-json\/wp\/v2\/types\/post"}],"author":[{"embeddable":true,"href":"http:\/\/www.emiliosilveravazquez.com\/blog\/wp-json\/wp\/v2\/users\/2"}],"replies":[{"embeddable":true,"href":"http:\/\/www.emiliosilveravazquez.com\/blog\/wp-json\/wp\/v2\/comments?post=4988"}],"version-history":[{"count":0,"href":"http:\/\/www.emiliosilveravazquez.com\/blog\/wp-json\/wp\/v2\/posts\/4988\/revisions"}],"wp:attachment":[{"href":"http:\/\/www.emiliosilveravazquez.com\/blog\/wp-json\/wp\/v2\/media?parent=4988"}],"wp:term":[{"taxonomy":"category","embeddable":true,"href":"http:\/\/www.emiliosilveravazquez.com\/blog\/wp-json\/wp\/v2\/categories?post=4988"},{"taxonomy":"post_tag","embeddable":true,"href":"http:\/\/www.emiliosilveravazquez.com\/blog\/wp-json\/wp\/v2\/tags?post=4988"}],"curies":[{"name":"wp","href":"https:\/\/api.w.org\/{rel}","templated":true}]}}