{"id":475,"date":"2011-01-02T10:00:48","date_gmt":"2011-01-02T09:00:48","guid":{"rendered":"http:\/\/www.emiliosilveravazquez.com\/blog\/?p=475"},"modified":"2012-01-02T11:36:49","modified_gmt":"2012-01-02T10:36:49","slug":"ano-internacional-de-la-astronomia-2009-en-espana-aia-iya2009-26","status":"publish","type":"post","link":"http:\/\/www.emiliosilveravazquez.com\/blog\/2011\/01\/02\/ano-internacional-de-la-astronomia-2009-en-espana-aia-iya2009-26\/","title":{"rendered":"\u00bfSabremos alg\u00fan d\u00eda, lo que la Conciencia es?"},"content":{"rendered":"<p style=\"text-align: justify; mso-para-margin-top: 1.5gd; mso-char-indent-count: 2.0; mso-line-height-rule: exactly; mso-outline-level: 1; mso-para-margin-right: 0cm; mso-para-margin-bottom: 7.0pt; mso-para-margin-left: 0cm;\">Todo el mundo sabe (m\u00e1s o menos) lo que es la Conciencia: es lo que nos abandona cada noche cuando dormimos y reaparece a la ma\u00f1ana siguiente cuando nos despertamos. Esta enga\u00f1osa simplicidad nos lleva a recordar lo que William James dec\u00eda a finales del siglo XIX sobre la atenci\u00f3n: &#8220;Todo el mundo sabe lo que es la atenci\u00f3n; es la toma de posesi\u00f3n por la Mente, de una forma clara e intensa, de un hilo de pensamiento de entre varios simult\u00e1neamente posibles&#8221;. M\u00e1s de cien a\u00f1os m\u00e1s tarde, son muchos los que creen que seguimos sin tener una comprensi\u00f3n de fondo ni de la atenci\u00f3n, ni de la Conciencia.<\/p>\n<p style=\"text-align: justify; mso-para-margin-top: 1.5gd; mso-char-indent-count: 2.0; mso-line-height-rule: exactly; mso-outline-level: 1; mso-para-margin-right: 0cm; mso-para-margin-bottom: 7.0pt; mso-para-margin-left: 0cm;\">\n<p style=\"text-align: center;\"><span class=\"Apple-style-span\" style=\"line-height: 20px;\"><img decoding=\"async\" loading=\"lazy\" id=\"BLOGGER_PHOTO_ID_5287436963074900018\" class=\"aligncenter\" style=\"border-style: initial; border-color: initial; border-width: 0px;\" src=\"http:\/\/3.bp.blogspot.com\/_Tw5ZvKYKnwM\/SWC_52RZgDI\/AAAAAAAABYY\/ftWZz6-DXcY\/s400\/2007-12-18-xl--Mente_humana.jpg\" alt=\"\" width=\"400\" height=\"314\" border=\"0\" \/><\/span><\/p>\n<p style=\"text-align: center;\"><span class=\"Apple-style-span\" style=\"line-height: 20px;\">\u00a1La Conciencia! Que no siempre est\u00e1 con nosotros<\/span><\/p>\n<p style=\"text-align: justify; mso-para-margin-top: 1.5gd; mso-char-indent-count: 2.0; mso-line-height-rule: exactly; mso-outline-level: 1; mso-para-margin-right: 0cm; mso-para-margin-bottom: 7.0pt; mso-para-margin-left: 0cm;\"><span class=\"Apple-style-span\" style=\"line-height: 20px;\">El cogito ergo sum, &#8220;pienso, luego existo&#8221;, que formul\u00f3 Descartes como fundamento de su filosof\u00eda en Meditationes de prima philosophia, era un reconocimiento expl\u00edcito del papel central que representaba la conciencia respecto a la ontolog\u00eda (qu\u00e9 es) y la epistemolog\u00eda (qu\u00e9 conocemos y c\u00f3mo lo conocemos).<\/span><\/p>\n<p><!--more--><\/p>\n<p style=\"text-align: justify; mso-para-margin-top: 1.5gd; mso-char-indent-count: 2.0; mso-line-height-rule: exactly; mso-outline-level: 1; mso-para-margin-right: 0cm; mso-para-margin-bottom: 7.0pt; mso-para-margin-left: 0cm;\"><span class=\"Apple-style-span\" style=\"line-height: 20px;\">Si lo tomamos a pie juntillas, &#8220;soy consciente, luego existo&#8221; conduce a la creencia de que nada existe fuera de la propia conciencia, una proposici\u00f3n que naturalmente no puede seducir al alejarse de la realidad. La Mente, el lugar de residencia de la Conciencia genera ideas, percepci\u00f3n, pensamientos&#8230; La Conciencia Humana es una funci\u00f3n comnpuesta.<\/span><\/p>\n<p style=\"text-align: justify; mso-para-margin-top: 1.5gd; mso-char-indent-count: 2.0; mso-line-height-rule: exactly; mso-outline-level: 1; mso-para-margin-right: 0cm; mso-para-margin-bottom: 7.0pt; mso-para-margin-left: 0cm;\">\n<p style=\"text-align: center;\"><img decoding=\"async\" loading=\"lazy\" class=\"aligncenter\" style=\"border-style: initial; border-color: initial; border-width: 0px;\" src=\"http:\/\/www.arnoldoaguila.com\/conciencia.gif\" alt=\"\" width=\"600\" height=\"480\" align=\"middle\" border=\"0\" \/><\/p>\n<p style=\"text-align: justify; mso-para-margin-top: 1.5gd; mso-char-indent-count: 2.0; mso-line-height-rule: exactly; mso-outline-level: 1; mso-para-margin-right: 0cm; mso-para-margin-bottom: 7.0pt; mso-para-margin-left: 0cm;\">Hace mucho que existe un debate filos\u00f3fico sobre el problema del cuerpo-mente que hoy alcanza unos niveles extraordinariamente sofisticado y, dentro de su gran diversidad, las disputas entre fil\u00f3sofos nos hacen saber de las divergencias existentes en las ideas que, sobre el tema se tiene, lo cual nos lleva a saber que existe a\u00fan, una gran ignorancia, y, aunque llevamos mucho tiempo intentando resolver el problema cuerpo-mente, la realidad es que el problema se nos ha resistido de forma obstrinada y sigue persistiendo. Hasta tal punto es as\u00ed que muchos se preguntan si seremos capaces de resolverlo alguna vez.<\/p>\n<div style=\"text-align: justify;\" align=\"center\">M\u00e1s Planck, con acierto, dec\u00eda: &#8220;El problema de comprender el Universo, radica en que nosotros, que tratamos de resolverlo, formamos parte de \u00e9l.&#8221; Es decir, nos quer\u00eda transmitir el mensaje de que, podemos llegar a conocer como nacen, viven y mueren las estrellas, qu\u00e9 son las Nebulosas y c\u00f3mo se forman los mundos. Sin embargo, mientras no sepamos qui\u00e9nes somos, seguiremos sin conocer al completo, lo que el Universo es.<\/div>\n<div style=\"text-align: justify;\" align=\"center\">\n<p style=\"text-align: center;\"><img decoding=\"async\" loading=\"lazy\" class=\"aligncenter\" title=\"alteraciones de la conciencia\" src=\"http:\/\/www.hombreysalud.com\/wp-content\/uploads\/2010\/03\/alteraciones-de-la-conciencia-300x300.jpg\" alt=\"alteraciones de la conciencia\" width=\"300\" height=\"300\" \/><\/p>\n<p style=\"text-align: center;\">\n<p>Un <strong>estado alterado de conciencia<\/strong> es un estado del cerebro en la que uno pierde el sentido de identidad con el propio cuerpo o con\u00a0 el mundo que le rodea. La &#8220;ciencia de la mente&#8221; siempre ha tenido problemas para situar el problema central -la conciencia- dentro de un marco te\u00f3rico aceptable. Aqu\u00ed si que cabe decir que hemos estado (y, estamos)m dando palos de ciego&#8230;<\/p>\n<p>&nbsp;<\/p>\n<p style=\"text-align: center;\"><img decoding=\"async\" loading=\"lazy\" class=\"aligncenter\" src=\"http:\/\/1.bp.blogspot.com\/-L5GjvP5haZ8\/TYFJFOQdMwI\/AAAAAAAAFps\/eD2vIuqlPIw\/s1600\/conciencia.jpg\" alt=\"http:\/\/1.bp.blogspot.com\/-L5GjvP5haZ8\/TYFJFOQdMwI\/AAAAAAAAFps\/eD2vIuqlPIw\/s1600\/conciencia.jpg\" width=\"567\" height=\"440\" \/><\/p>\n<p style=\"text-align: center;\">\n<p>La Conciencia trasciende al cuerpo y sale de nosotros, viaja hacia el infinito y sin barreras que la pueda parar, instant\u00e1nemanete, puede estar en la Galaxia Andr\u00f3meda o dentro del n\u00facleo de un \u00e1tomo. Nada en el Universo se le puede igualar, adquiere informaci\u00f3n de alguna cosa, conoce lo que aquello es, y, de manera inmediata, puede formar parte de \u00e9l, se trate de lo que se trate: Una estrella, una Nebulosa, Supernova, o, P\u00falsar&#8230;la Conciencia se puede situar all\u00ed y contemplar los acontecimientos que est\u00e1n sucediendo y, para ello, s\u00f3lo necesita la informaci\u00f3n de lo que el objeto es. Nada en nuestro Universo se puede comparar con nuestra Imaginaci\u00f3n, es decir, la Conciencia.<\/p>\n<p>Claro est\u00e1 que s\u00f3lo soy un curioso deseoso de saber, y, desde luego, tengo mis propias ideas sobre el tema que no siempre coinciden con las que de la Conciencia nos dan &#8220;los expertos&#8221; que se refieren y hablan del conocimiento neurol\u00f3gico con gran parquedad, sin tener en cuenta que la base neurol\u00f3gica de la conciencia reside en el cerebro entero, y, para ocultar su ignorancia, se esconden detr\u00e1s de palabras rimbombantes tales como: n\u00facleos telem\u00e1ticos, el n\u00facleo reticular, la formaci\u00f3n reticular mesencef\u00e1lica, la red intracortical tangencial de capas I-II y los bucles talamocorticales&#8230;\u00a1imponentes! pero, \u00bfqu\u00e9 peque\u00f1etas quieren decir con todo eso?.<\/p>\n<p>&nbsp;<\/p>\n<p style=\"text-align: center;\"><img decoding=\"async\" loading=\"lazy\" class=\"aligncenter\" style=\"border-style: initial; border-color: initial; border-width: 0px;\" src=\"http:\/\/2.bp.blogspot.com\/_xyYFMwz4t6g\/TKYz6OIxhhI\/AAAAAAAADrI\/22ZCA0x1kD4\/s1600\/Varios+79.jpg\" alt=\"\" width=\"600\" height=\"489\" border=\"0\" \/><\/p>\n<p>\u00a0\u00a0\u00a0\u00a0\u00a0\u00a0\u00a0\u00a0\u00a0\u00a0\u00a0\u00a0\u00a0\u00a0\u00a0\u00a0\u00a0\u00a0\u00a0\u00a0\u00a0\u00a0\u00a0\u00a0\u00a0\u00a0\u00a0\u00a0\u00a0\u00a0\u00a0\u00a0\u00a0\u00a0\u00a0\u00a0\u00a0\u00a0\u00a0\u00a0\u00a0\u00a0\u00a0\u00a0\u00a0\u00a0\u00a0\u00a0\u00a0\u00a0\u00a0\u00a0\u00a0\u00a0\u00a0\u00a0\u00a0\u00a0\u00a0\u00a0\u00a0\u00a0\u00a0\u00a0\u00a0\u00a0\u00a0\u00a0\u00a0\u00a0\u00a0 \u00bfContribuye la corteza visual primaria a la experiencia consciente?<\/p>\n<p style=\"text-align: center;\"><img decoding=\"async\" loading=\"lazy\" class=\"aligncenter\" style=\"border-style: initial; border-color: initial; border-width: 0px;\" title=\"\u00bfHermoso paisaje pac\u00edfica con r\u00edo de bosque? y \u00e1rboles verdes Foto de archivo\" src=\"http:\/\/eu.123rf.com\/400wm\/400\/400\/photopiano\/photopiano1105\/photopiano110500005\/9475889-hermoso-paisaje-pac-fica-con-r-o-de-bosque-y-rboles-verdes.jpg\" alt=\"\u00bfHermoso paisaje pac\u00edfica con r\u00edo de bosque? y \u00e1rboles verdes Foto de archivo - 9475889\" width=\"600\" height=\"365\" border=\"0\" \/><\/p>\n<p style=\"text-align: center;\">\n<p>Pensemos por un momento que tenemos un amigo ciego al que contamos lo que estamos viendo un d\u00eda soleado del mes de abril: el cielo despejado, limpio y celeste, el Sol all\u00ed arriba esplendoroso y cegador que nos env\u00eda su luz y su calor, los \u00e1rboles y los arbustos llenos de flores de mil colores que son asediados por las abejas, el aroma y el rumor del r\u00edo, cuyas aguas cantarinas no cesan de correr transparentes, los pajarillos de distintos plumajes que lanzan alegres trinos en sus vuelos por el ramaje que se mece movido por una brisa suave, todo esto lo contamos a nuestro amigo ciego que, si de pronto pudiera ver, comprobar\u00eda que la experiencia directa de sus sentidos ante tales maravillas nada tiene que ver con la pobreza de aquello que le contamos, por muy hermosas palabras que para hacer la descripci\u00f3n emple\u00e1ramos.<\/p>\n<p><span class=\"Apple-style-span\" style=\"line-height: 20px;\">La mente humana es tan compleja que no todos ante la misma cosa vemos lo mismo. Nos ense\u00f1an figuras y dibujos y nos piden que digamos (sin pensarlo) la primera cosa que nos sugiere. De entre diez personas, s\u00f3lo coinciden tres, los otros siete divergen en la apreciaci\u00f3n de lo que el dibujo o la figura les sugiere.<\/span><\/p>\n<p>&nbsp;<\/p>\n<p>&nbsp;<\/p>\n<p style=\"text-align: center;\"><img decoding=\"async\" loading=\"lazy\" class=\"aligncenter\" style=\"border-style: initial; border-color: initial; border-width: 0px;\" src=\"http:\/\/1.bp.blogspot.com\/_xyYFMwz4t6g\/S7-euKLPDFI\/AAAAAAAACkY\/ur2Aaiw1zHg\/s400\/conciencia+03.jpg\" alt=\"\" width=\"400\" height=\"390\" border=\"0\" \/><\/p>\n<p style=\"text-align: center;\">\u00a1Es verdad! Formamos parte del Universo.<\/p>\n<p style=\"text-align: center;\">\n<p><span class=\"Apple-style-span\" style=\"line-height: 20px;\">Esto nos viene a demostrar la individualidad de pensamiento, el libre albedr\u00edo para decidir. Sin embargo, la misma prueba realizada en grupos de conocimientos cient\u00edficos similares y espec\u00edficos: f\u00edsicos, matem\u00e1ticos, qu\u00edmicos, etc, hace que el n\u00famero de coincidencias sea m\u00e1s elevado; m\u00e1s personas ven la misma respuesta al problema planteado. Esto nos sugiere que la mente est\u00e1 en un estado virgen que cuenta con todos los elementos necesarios para dar respuestas pero que necesita experiencias y aprendizaje para desarrollarse.<\/span><\/p>\n<p><span class=\"Apple-style-span\" style=\"line-height: 20px;\">\u00bfDebemos concluir entonces que una explicaci\u00f3n cient\u00edfica satisfactoria de la conciencia queda para siempre fuera de nuestro alcance? \u00bfO es de alguna manera posible, romper esa barrera, tanto te\u00f3rica como experimental, para resolver las paradojas de la conciencia?<\/span><\/p>\n<p>&nbsp;<\/p>\n<p>&nbsp;<\/p>\n<p style=\"text-align: center;\"><span class=\"Apple-style-span\" style=\"line-height: 20px;\"><img decoding=\"async\" loading=\"lazy\" class=\"aligncenter\" src=\"http:\/\/lh4.ggpht.com\/_8sCW0FOR5XA\/S7jOW7vkcRI\/AAAAAAAABkw\/lGHaj87_Usc\/s800\/d0b0453e9beb4e1c106ac9f7c88aa260.jpg\" alt=\"\" width=\"563\" height=\"378\" \/><\/span><\/p>\n<p style=\"text-align: center;\">\n<p style=\"text-align: center;\">\n<p><span class=\"Apple-style-span\" style=\"line-height: 20px;\">\u00a1Somos tan osados! No nos conocemos a nosotros mismos y estamos pensando en poner sentimientos en seres artificiales&#8230;Lo m\u00e1s parad\u00f3jico es que, con el tiempo, lo conseguiremos y, seguiremos ignorantes de lo que nuestra conciencia es.<\/span><\/p>\n<p><span class=\"Apple-style-span\" style=\"line-height: 20px;\">La respuesta a estas y otras preguntas, en mi opini\u00f3n, radica en reconocer nuestras limitaciones actuales en este campo del conocimiento complejo de la mente, y como en la f\u00edsica cu\u00e1ntica, existe un <a href=\"#\" onclick=\"referencia('indeterminacion principio de',event); return false;\">principio de incertidumbre<\/a> que, al menos de momento (y creo que en muchos cientos de a\u00f1os), nos impide saberlo todo sobre los mecanismos de la conciencia, y aunque podremos ir contestando a preguntas parciales, alcanzar la plenitud del conocimiento total de la mente no ser\u00e1 nada sencillo, entre otras razones est\u00e1 el serio inconveniente que suponemos nosotros mismos, ya que con nuestro quehacer podemos, en cualquier momento, provocar la propia destrucci\u00f3n interrumpienso el aprendizaje que nos lleve a conocer&#8230;La Conciencia.<\/span><\/p>\n<p><span class=\"Apple-style-span\" style=\"line-height: 20px;\">Una cosa s\u00ed est\u00e1 clara: <strong>Ninguna explicaci\u00f3n cient\u00edfica de la Mente podr\u00e1 nunca sustituir al fen\u00f3meno real que la propia mente pueda experimentar y sentir.<\/strong><\/span><\/p>\n<p>&nbsp;<\/p>\n<p>&nbsp;<\/p>\n<p style=\"text-align: center;\"><span class=\"Apple-style-span\" style=\"line-height: 20px;\"><img decoding=\"async\" loading=\"lazy\" id=\"BLOGGER_PHOTO_ID_5563946233818159314\" class=\"aligncenter\" style=\"border-style: initial; border-color: initial; border-width: 0px;\" src=\"http:\/\/2.bp.blogspot.com\/_m5QWyjMxpcs\/TTcbnuAamNI\/AAAAAAAAACk\/UFe54AF0x_Q\/s320\/conciencia-plena.jpg\" alt=\"\" width=\"320\" height=\"291\" border=\"0\" \/><\/span><\/p>\n<p><span class=\"Apple-style-span\" style=\"line-height: 20px;\">\u00a0\u00a0\u00a0\u00a0\u00a0\u00a0\u00a0\u00a0\u00a0\u00a0\u00a0\u00a0\u00a0\u00a0\u00a0\u00a0\u00a0\u00a0\u00a0\u00a0\u00a0\u00a0\u00a0\u00a0\u00a0\u00a0\u00a0\u00a0\u00a0\u00a0\u00a0\u00a0\u00a0\u00a0\u00a0\u00a0\u00a0\u00a0\u00a0\u00a0\u00a0\u00a0\u00a0\u00a0\u00a0\u00a0\u00a0\u00a0\u00a0\u00a0\u00a0\u00a0\u00a0\u00a0\u00a0\u00a0\u00a0\u00a0\u00a0\u00a0\u00a0\u00a0\u00a0\u00a0\u00a0\u00a0\u00a0\u00a0\u00a0\u00a0\u00a0\u00a0\u00a0\u00a0\u00a0\u00a0 \u00bfQui\u00e9n duda a estas alturas de nuestra conexi\u00f3n con el Cosmos?<\/span><\/p>\n<p><span class=\"Apple-style-span\" style=\"line-height: 20px;\">Estoy totalmente convencido de que de alguna manera, nuestras mentes est\u00e1n conectadas con el Cosmos del que formamos parte. Estamos aqu\u00ed y nos parece de lo m\u00e1s natural, nunca nos paramos a pensar en c\u00f3mo fue eso posible, en c\u00f3mo surgi\u00f3 tal maravilla. A partir de la materia &#8220;inerte&#8221; evolucionada surgen entes pensantes, vivos, \u00bfc\u00f3mo fue posible? Hay que pensar (lo he referido en muchas ocasiones) que el material del que estamos hechos se fabric\u00f3 en las estrellas a partir del elemento m\u00e1s simple, el hidr\u00f3geno, que evolucionado a materiales m\u00e1s complejos llegaron hasta nuestro Sistema Solar primitivo en formaci\u00f3n para constituirse en parte del planeta Tierra en el que, bajo ciertas condiciones atmosf\u00e9ricas, presencia de agua y de radiaci\u00f3n c\u00f3smica, dio lugar al nacimiento de aquella primera c\u00e9lula capaz de reproducirse, que evolucion\u00f3 hasta nosotros.<\/span><\/p>\n<p>&nbsp;<\/p>\n<p>&nbsp;<\/p>\n<p style=\"text-align: center;\"><a href=\"http:\/\/javierdelucas.es\/misnebulosas_archivos\/ic043402.jpg\" target=\"_blank\"><span class=\"Apple-style-span\" style=\"line-height: 20px;\"><img decoding=\"async\" loading=\"lazy\" class=\"marco aligncenter\" src=\"http:\/\/javierdelucas.es\/misnebulosas_archivos\/ic043402.jpg\" alt=\"\" width=\"603\" height=\"403\" border=\"0\" \/><\/span><\/a><\/p>\n<p><span class=\"Apple-style-span\" style=\"line-height: 20px;\">Aqu\u00ed, en Nebulosas como \u00e9sta, est\u00e1n los materiales que dejaron explosiones dee supernovas para que pudieran surgir nuevos mundos y formas de vida que, evolucionadas, pudieran llegar hasta el nivel de Consciencia del que estamos aqu\u00ed hablando, y, esos seres vivos pueden llegar a constituirse:<\/span><\/p>\n<p><span class=\"Apple-style-span\" style=\"line-height: 20px;\"><strong>Combinando de muy diversas maneras los elementos que lo componen, el organismo logra formar los miles y miles de compuestos qu\u00edmicos que lo estructuran.<\/strong> En cierta forma, nuestro cuerpo es de lo m\u00e1s com\u00fan y corriente; los m\u00e1s de 20 elementos que lo componen pueden encontrarse en cualquier pu\u00f1ado de tierra, y no hay uno que no forme parte de los objetos m\u00e1s triviales. Pero, combinando de muy diversas maneras los elementos que lo componen, el organismo logra formar los miles y miles de compuestos qu\u00edmicos que lo estructuran. El que m\u00e1s abunda, representa del 70 al 85% del peso total, es un compuesto muy com\u00fan, el agua; pero hay muchos otros que no existen fuera del mundo org\u00e1nico. Despu\u00e9s del agua, los principales componentes de nuestro cuerpo son las prote\u00ednas, que constituyen del 10 al 20% del total. Siguen en importancia cuantitativa las sales inorg\u00e1nicas (combinaciones de metales con no metales), los l\u00edpidos (grasas), los carbohidratos (az\u00facares y almidones) y los extraordinarios \u00e1cidos nucleicos. Entre estos \u00faltimos hay dos de suma importancia: el ADN, que lleva codificado el proyecto de organizaci\u00f3n de nuestro cuerpo, y el ARN, que permite al organismo llevar a cabo ese proyecto. Lo m\u00e1s notable es que el cuerpo, lejos de ser un conjunto est\u00e1tico de compuestos qu\u00edmicos, es un organismo vivo, din\u00e1mico, altamente organizado y magn\u00edficamente dise\u00f1ado, capaz de construirse por s\u00ed mismo, crecer, actuar y reaccionar ante el medio externo, regular sus propias funciones y mantener todas sus partes en bastante buen estada Adem\u00e1s de todo esto, se reproduce para asegurar la continuidad de la especie humana.<\/span><\/p>\n<p><span class=\"Apple-style-span\" style=\"line-height: 20px;\">Estamos hechos de energ\u00eda pura fabricada en las estrellas y nuestras mentes evolucionan formando parte de un universo en constante expansi\u00f3n del que, sin que nos demos cuenta, recibimos continuos mensajes que nos mantiene conectados a esa fuerza invisible que nos hace pensar para descubrir su fuente.<\/span><\/p>\n<p>&nbsp;<\/p>\n<p>&nbsp;<\/p>\n<p style=\"text-align: center;\"><span class=\"Apple-style-span\" style=\"font-style: italic;\"><img decoding=\"async\" loading=\"lazy\" class=\"aligncenter\" title=\"abstracto-1\" src=\"http:\/\/www.federacion-ocd-mx.org\/wp-content\/uploads\/2009\/11\/abstracto-1.jpg\" alt=\"abstracto-1\" width=\"264\" height=\"264\" \/><\/span><\/p>\n<p><span class=\"Apple-style-span\" style=\"font-style: italic;\">Es enga\u00f1oso creer que la mara\u00f1a de conexiones de nuestra mente, resulte ser un Caos, nada m\u00e1s lejos de la realidad. Dentro de toda esa complejidad, se desarrollan procesos cognitivos que nos llevan a la comprensi\u00f3n del mundo que nos rodea y, desde el aprendizaje y la experiencia, a trav\u00e9s de los mensajes ede los sentidos, llegaremos a adquirir, cada vez, una mayor consciencia.<\/span><\/p>\n<p>&nbsp;<\/p>\n<p>&nbsp;<\/p>\n<p><span class=\"Apple-style-span\" style=\"line-height: 20px;\">En alg\u00fan momento breve he tenido la sensaci\u00f3n de tener en mi mente la soluci\u00f3n a un pensamiento continuado sobre un problema cient\u00edfico que me preocupa y quisiera conocer. La sensaci\u00f3n de ese saber, de tener esa respuesta deseada, es fugaz, pasa con la misma rapidez que lleg\u00f3. Me deja inquieto y decepcionado, estaba a mi alcance y no se dej\u00f3 atrapar. Me ocurre con cierta frecuencia con distintos temas que me rondan por la cabeza. Sin embargo, esa luz fugaz del saber aparece y se va sin dejar rastro en mi mente que me permita, a partir de una simple huella, llegar al fondo de la cuesti\u00f3n origen del fen\u00f3meno.<\/span><\/p>\n<p><span class=\"Apple-style-span\" style=\"line-height: 20px;\">La mente humana es una maravilla. Esas sensaciones que antes he mencionado y que en m\u00ed, llegan y se van sin dejar huellas, son las mismas que sintieron Galileo, Kepler, <a href=\"#\" onclick=\"referencia('newton',event); return false;\">Newton<\/a>, Planck o <a href=\"#\" onclick=\"referencia('einstein',event); return false;\">Einstein<\/a>, lo \u00fanico diferente es que en ellos la sensaci\u00f3n no fue tan fugaz; se qued\u00f3 el tiempo suficiente en sus mentes como para que pudieran digerir el mensaje y comunicar al mundo lo que les hab\u00eda transmitido. As\u00ed, a fogonazos de luz del saber, avanza la Humanidad.<\/span><\/p>\n<p><span class=\"Apple-style-span\" style=\"line-height: 20px;\">Nadie ha podido explicar nunca como llegan esos fogonazos de luz del conocimiento a unas pocas mentes elegidas.<\/span><\/p>\n<p><span class=\"Apple-style-span\" style=\"line-height: 20px;\">Yo y el libre albedr\u00edo.<\/span><\/p>\n<p>&nbsp;<\/p>\n<p>&nbsp;<\/p>\n<p style=\"text-align: center;\"><img decoding=\"async\" loading=\"lazy\" class=\"aligncenter\" src=\"http:\/\/lh3.ggpht.com\/_Wbrv4TZOFic\/Scf-kVcyNNI\/AAAAAAAABYY\/x19wDGD_xBw\/s800\/La%20conciencia%20del%20Siglo%20XXI%20q.jpg\" alt=\"\" width=\"400\" height=\"284\" \/><\/p>\n<p><span class=\"Apple-style-span\" style=\"line-height: 20px;\">El cerebro se cuenta entre los objetos m\u00e1s complicados del universo y es sin duda una de las estructuras m\u00e1s notables que haya producido la evoluci\u00f3n. Hace mucho tiempo, cuando a\u00fan no se conoc\u00eda la neurociencia, se sab\u00eda ya que el cerebro es necesario para la percepci\u00f3n, los sentimientos y los pensamientos.<\/span><\/p>\n<p>&nbsp;<\/p>\n<p>&nbsp;<\/p>\n<p><span class=\"Apple-style-span\" style=\"line-height: 20px;\">En tanto que es objeto y sistema, el cerebro humano es muy especial: su conectividad, su din\u00e1mica, su forma de funcionamiento, su relaci\u00f3n con el cuerpo y con el mundo&#8230; no se parece a nada que la conciencia conozca.\u00a0 Su car\u00e1cter \u00fanico hace que el ofrecer una imagen del cerebro se convierta en un reto extraordinario. Aunque todav\u00eda estamos lejos de ofrecer una imagen completa del cerebro, s\u00ed podemos ofrecer retazos y datos parciales de algunos de sus complicados mecanismos. Sin embargo, carecemos de informaci\u00f3n para generar una teor\u00eda satisfactoria de la conciencia.<\/span><\/p>\n<p><span class=\"Apple-style-span\" style=\"line-height: 20px;\">\u00a1Incre\u00edble, grandioso!\u00a0 \u00bfPero sabemos encausarlo? De momento: NO.<\/span><\/p>\n<p style=\"text-align: right;\"><em><span class=\"Apple-style-span\" style=\"line-height: 20px;\">emilio silvera<\/span><\/em><\/p>\n<\/div>\n<p style=\"margin: 18pt 0cm 7pt; text-indent: 24pt; line-height: 15pt; text-align: justify; mso-para-margin-top: 1.5gd; mso-char-indent-count: 2.0; mso-line-height-rule: exactly; mso-outline-level: 1; mso-para-margin-right: 0cm; mso-para-margin-bottom: 7.0pt; mso-para-margin-left: 0cm;\">Nota: Agradecer aqu\u00ed\u00a0 a Gerald M. Edelman y Giulio Tononi, su libro &#8220;El Universo de la Conciencia&#8221; en el que, despu\u00e9s de leerlo pude saber &#8220;C\u00f3mo la materia se convierte en imaginaci\u00f3n&#8221;.<\/p>\n<div class='bookmark'>\r\n\t\t<table align='left' border='0' cellpadding='0' width='100%'>\r\n\t\t<tr><td><span class='pushbutton'><a href='http:\/\/delicious.com\/post?url=http%3A%2F%2Fwww.emiliosilveravazquez.com%2Fblog%2F2011%2F01%2F02%2Fano-internacional-de-la-astronomia-2009-en-espana-aia-iya2009-26%2F&amp;title=%C2%BFSabremos+alg%C3%BAn+d%C3%ADa%2C+lo+que+la+Conciencia+es%3F' title='Delicious' target='_blank' rel='nofollow'><img src='http:\/\/www.emiliosilveravazquez.com\/blog\/wp-content\/plugins\/knxdt-bookmarks-wordpress-plugin\/images\/delicious.png'  alt='' class='book_img' border='none' style='margin:1px; padding: 0;'  \/><\/a><\/span><span class='pushbutton'><a href='http:\/\/digg.com\/submit?url=http%3A%2F%2Fwww.emiliosilveravazquez.com%2Fblog%2F2011%2F01%2F02%2Fano-internacional-de-la-astronomia-2009-en-espana-aia-iya2009-26%2F&amp;title=%C2%BFSabremos+alg%C3%BAn+d%C3%ADa%2C+lo+que+la+Conciencia+es%3F' title='Digg' target='_blank' rel='nofollow'><img src='http:\/\/www.emiliosilveravazquez.com\/blog\/wp-content\/plugins\/knxdt-bookmarks-wordpress-plugin\/images\/digg.png'  alt='' class='book_img' border='none' style='margin:1px; padding: 0;'  \/><\/a><\/span><span class='pushbutton'><a href='http:\/\/www.google.com\/bookmarks\/mark?op=edit&amp;bkmk=http%3A%2F%2Fwww.emiliosilveravazquez.com%2Fblog%2F2011%2F01%2F02%2Fano-internacional-de-la-astronomia-2009-en-espana-aia-iya2009-26%2F&amp;title=%C2%BFSabremos+alg%C3%BAn+d%C3%ADa%2C+lo+que+la+Conciencia+es%3F' title='Google' target='_blank' rel='nofollow'><img src='http:\/\/www.emiliosilveravazquez.com\/blog\/wp-content\/plugins\/knxdt-bookmarks-wordpress-plugin\/images\/google.png'   alt='' class='book_img' border='none' style='margin:1px; padding: 0;'  \/><\/a><\/span><span class='pushbutton'><a href='http:\/\/myweb2.search.yahoo.com\/myresults\/bookmarklet?u=http%3A%2F%2Fwww.emiliosilveravazquez.com%2Fblog%2F2011%2F01%2F02%2Fano-internacional-de-la-astronomia-2009-en-espana-aia-iya2009-26%2F&amp;t=%C2%BFSabremos+alg%C3%BAn+d%C3%ADa%2C+lo+que+la+Conciencia+es%3F' title='Yahoo' target='_blank' rel='nofollow'><img src='http:\/\/www.emiliosilveravazquez.com\/blog\/wp-content\/plugins\/knxdt-bookmarks-wordpress-plugin\/images\/yahoo.png'  alt='' class='book_img' border='none' style='margin:1px; padding: 0;'  \/><\/a><\/span><span class='pushbutton'><a href='http:\/\/www.technorati.com\/faves?add=http%3A%2F%2Fwww.emiliosilveravazquez.com%2Fblog%2F2011%2F01%2F02%2Fano-internacional-de-la-astronomia-2009-en-espana-aia-iya2009-26%2F' title='Technorati' target='_blank' rel='nofollow'><img src='http:\/\/www.emiliosilveravazquez.com\/blog\/wp-content\/plugins\/knxdt-bookmarks-wordpress-plugin\/images\/technorati.png'  alt='' class='book_img' border='none' style='margin:1px; padding: 0;'  \/><\/a><\/span><span class='pushbutton'><a href='http:\/\/meneame.net\/submit.php?url=http%3A%2F%2Fwww.emiliosilveravazquez.com%2Fblog%2F2011%2F01%2F02%2Fano-internacional-de-la-astronomia-2009-en-espana-aia-iya2009-26%2F' title='Meneame' target='_blank' rel='nofollow'><img src='http:\/\/www.emiliosilveravazquez.com\/blog\/wp-content\/plugins\/knxdt-bookmarks-wordpress-plugin\/images\/meneame.png'  alt='' class='book_img' border='none' style='margin:1px; padding: 0;'  \/><\/a><\/span><span class='pushbutton'><a href='http:\/\/enchilame.com\/submit.php?url=http:\/\/www.emiliosilveravazquez.com\/blog\/2011\/01\/02\/ano-internacional-de-la-astronomia-2009-en-espana-aia-iya2009-26\/' target='_blank' rel='nofollow'><img title='Enchilame' src='http:\/\/www.emiliosilveravazquez.com\/blog\/wp-content\/plugins\/knxdt-bookmarks-wordpress-plugin\/images\/enchilame.png'  alt='' class='book_img' border='none' style='margin:1px; padding: 0;'  \/><\/a><\/span><span class='pushbutton'><a href='http:\/\/www.blinklist.com\/index.php?Action=Blink\/addblink.php&amp;Description=&amp;Url=http%3A%2F%2Fwww.emiliosilveravazquez.com%2Fblog%2F2011%2F01%2F02%2Fano-internacional-de-la-astronomia-2009-en-espana-aia-iya2009-26%2F&amp;title=%C2%BFSabremos+alg%C3%BAn+d%C3%ADa%2C+lo+que+la+Conciencia+es%3F' title='BlinkList' target='_blank' rel='nofollow'><img src='http:\/\/www.emiliosilveravazquez.com\/blog\/wp-content\/plugins\/knxdt-bookmarks-wordpress-plugin\/images\/blinklist.png'  alt='' class='book_img' border='none' style='margin:1px; padding: 0;'  \/><\/a><\/span><span class='pushbutton'><a href='http:\/\/reddit.com\/submit?url=http%3A%2F%2Fwww.emiliosilveravazquez.com%2Fblog%2F2011%2F01%2F02%2Fano-internacional-de-la-astronomia-2009-en-espana-aia-iya2009-26%2F&amp;title=%C2%BFSabremos+alg%C3%BAn+d%C3%ADa%2C+lo+que+la+Conciencia+es%3F' title='Reddit' target='_blank' rel='nofollow'><img src='http:\/\/www.emiliosilveravazquez.com\/blog\/wp-content\/plugins\/knxdt-bookmarks-wordpress-plugin\/images\/reddit.png'  alt='' class='book_img' border='none' style='margin:1px; padding: 0;'  \/><\/a><\/span><span class='pushbutton'><a href='http:\/\/www.tecnologiadiaria.com\/2009\/07\/abrir-com-hotmail-correo.html' target='_blank' title='hotmail'><img src='http:\/\/www.emiliosilveravazquez.com\/blog\/wp-content\/plugins\/knxdt-bookmarks-wordpress-plugin\/images\/linklove.png' alt='hotmail correo' class='book_img' border='none' style='margin:1px; padding: 0;' \/><\/a><\/span><span class='pushbutton'><a href='http:\/\/bitacoras.com\/votar\/anotacion\/externo\/mini\/www.emiliosilveravazquez.com\/blog\/2011\/01\/02\/ano-internacional-de-la-astronomia-2009-en-espana-aia-iya2009-26\/' title='Bitacoras.com' target='_blank' rel='nofollow'><img src='http:\/\/www.emiliosilveravazquez.com\/blog\/wp-content\/plugins\/knxdt-bookmarks-wordpress-plugin\/images\/bitacoras.png'  alt='' class='book_img' border='none' style='margin:1px; padding: 0;'  \/><\/a><\/span><span class='pushbutton'><a href='http:\/\/www.wikio.es\/vote?url=http%3A%2F%2Fwww.emiliosilveravazquez.com%2Fblog%2F2011%2F01%2F02%2Fano-internacional-de-la-astronomia-2009-en-espana-aia-iya2009-26%2F' title='Wikio' target='_blank' rel='nofollow'><img src='http:\/\/www.emiliosilveravazquez.com\/blog\/wp-content\/plugins\/knxdt-bookmarks-wordpress-plugin\/images\/wikio.png'   alt='' class='book_img' border='none' style='margin:1px; padding: 0;'   \/><\/a><\/span><span class='pushbutton'><a href='http:\/\/friendfeed.com\/?url=http%3A%2F%2Fwww.emiliosilveravazquez.com%2Fblog%2F2011%2F01%2F02%2Fano-internacional-de-la-astronomia-2009-en-espana-aia-iya2009-26%2F&amp;title=%C2%BFSabremos+alg%C3%BAn+d%C3%ADa%2C+lo+que+la+Conciencia+es%3F' title='Friend Feed' target='_blank' rel='nofollow'><img src='http:\/\/www.emiliosilveravazquez.com\/blog\/wp-content\/plugins\/knxdt-bookmarks-wordpress-plugin\/images\/friendfeed.png'  alt='' class='book_img' border='none' style='margin:1px; padding: 0;'  \/><\/a><\/span><span class='pushbutton'><a href='http:\/\/www.facebook.com\/share.php?u=http%3A%2F%2Fwww.emiliosilveravazquez.com%2Fblog%2F2011%2F01%2F02%2Fano-internacional-de-la-astronomia-2009-en-espana-aia-iya2009-26%2F&amp;t=%C2%BFSabremos+alg%C3%BAn+d%C3%ADa%2C+lo+que+la+Conciencia+es%3F' title='Facebook' target='_blank' rel='nofollow'><img src='http:\/\/www.emiliosilveravazquez.com\/blog\/wp-content\/plugins\/knxdt-bookmarks-wordpress-plugin\/images\/facebook.png'  alt='' class='book_img' border='none' style='margin:1px; padding: 0;'  \/><\/a><\/span><span class='pushbutton'><a href='http:\/\/twitter.com\/home?status=%C2%BFSabremos+alg%C3%BAn+d%C3%ADa%2C+lo+que+la+Conciencia+es%3F: http%3A%2F%2Fwww.emiliosilveravazquez.com%2Fblog%2F2011%2F01%2F02%2Fano-internacional-de-la-astronomia-2009-en-espana-aia-iya2009-26%2F' title='Twitter' target='_blank' rel='nofollow'><img src='http:\/\/www.emiliosilveravazquez.com\/blog\/wp-content\/plugins\/knxdt-bookmarks-wordpress-plugin\/images\/twitter.png'  alt='' class='book_img' border='none' style='margin:1px; padding: 0;'  \/><\/a><\/span><span class='pushbutton'><a href='http:\/\/www.feedburner.com\/fb\/a\/emailFlare?itemTitle=%C2%BFSabremos+alg%C3%BAn+d%C3%ADa%2C+lo+que+la+Conciencia+es%3F&amp;uri=http%3A%2F%2Fwww.emiliosilveravazquez.com%2Fblog%2F2011%2F01%2F02%2Fano-internacional-de-la-astronomia-2009-en-espana-aia-iya2009-26%2F' title='Enviar por Email' target='_blank' rel='nofollow'><img src='http:\/\/www.emiliosilveravazquez.com\/blog\/wp-content\/plugins\/knxdt-bookmarks-wordpress-plugin\/images\/email.png'  alt='' class='book_img' border='none' style='margin:1px; padding: 0;'  \/><\/a><\/span><span style='font-weight:bold; padding-left: 5px;'><a href='http:\/\/wordpress.org\/extend\/plugins\/knxdt-bookmarks-wordpress-plugin\/' title='Plugin' rel='nofollow' target='_blank'>[?]<\/a><\/span><\/td><\/tr><\/table><br\/><br\/><\/div>","protected":false},"excerpt":{"rendered":"<p>Todo el mundo sabe (m\u00e1s o menos) lo que es la Conciencia: es lo que nos abandona cada noche cuando dormimos y reaparece a la ma\u00f1ana siguiente cuando nos despertamos. Esta enga\u00f1osa simplicidad nos lleva a recordar lo que William James dec\u00eda a finales del siglo XIX sobre la atenci\u00f3n: &#8220;Todo el mundo sabe lo [&hellip;]<\/p>\n","protected":false},"author":2,"featured_media":0,"comment_status":"open","ping_status":"open","sticky":false,"template":"","format":"standard","meta":{"_s2mail":"yes","footnotes":""},"categories":[10],"tags":[],"_links":{"self":[{"href":"http:\/\/www.emiliosilveravazquez.com\/blog\/wp-json\/wp\/v2\/posts\/475"}],"collection":[{"href":"http:\/\/www.emiliosilveravazquez.com\/blog\/wp-json\/wp\/v2\/posts"}],"about":[{"href":"http:\/\/www.emiliosilveravazquez.com\/blog\/wp-json\/wp\/v2\/types\/post"}],"author":[{"embeddable":true,"href":"http:\/\/www.emiliosilveravazquez.com\/blog\/wp-json\/wp\/v2\/users\/2"}],"replies":[{"embeddable":true,"href":"http:\/\/www.emiliosilveravazquez.com\/blog\/wp-json\/wp\/v2\/comments?post=475"}],"version-history":[{"count":0,"href":"http:\/\/www.emiliosilveravazquez.com\/blog\/wp-json\/wp\/v2\/posts\/475\/revisions"}],"wp:attachment":[{"href":"http:\/\/www.emiliosilveravazquez.com\/blog\/wp-json\/wp\/v2\/media?parent=475"}],"wp:term":[{"taxonomy":"category","embeddable":true,"href":"http:\/\/www.emiliosilveravazquez.com\/blog\/wp-json\/wp\/v2\/categories?post=475"},{"taxonomy":"post_tag","embeddable":true,"href":"http:\/\/www.emiliosilveravazquez.com\/blog\/wp-json\/wp\/v2\/tags?post=475"}],"curies":[{"name":"wp","href":"https:\/\/api.w.org\/{rel}","templated":true}]}}