{"id":4640,"date":"2011-02-01T09:27:02","date_gmt":"2011-02-01T08:27:02","guid":{"rendered":"http:\/\/www.emiliosilveravazquez.com\/blog\/?p=4640"},"modified":"2011-02-01T12:30:15","modified_gmt":"2011-02-01T11:30:15","slug":"presentemos-a-riemann","status":"publish","type":"post","link":"http:\/\/www.emiliosilveravazquez.com\/blog\/2011\/02\/01\/presentemos-a-riemann\/","title":{"rendered":"Presentemos a Riemann"},"content":{"rendered":"<p style=\"text-align: justify;\">Recuerdo aqu\u00ed uno de  esos extra\u00f1os casos que surgi\u00f3 el d\u00eda 10 de Junio de 1.854 con el  nacimiento de una nueva geometr\u00eda: la teor\u00eda de dimensiones m\u00e1s altas  que fue introducida cuando Georg Friedrich Bernhard Riemann dio su  c\u00e9lebre conferencia en la facultad de la Universidad de G\u00f6ttingen en  Alemania. Aquello fue como abrir de golpe todas las ventanas cerradas  durante 2.000 a\u00f1os de una l\u00f3brega habitaci\u00f3n que, de pronto, se ve  inundada por la luz cegadora de un Sol radiante. Riemann regal\u00f3 al mundo  las sorprendentes propiedades del espacio multidimensional.<\/p>\n<p style=\"text-align: justify;\">Su ensayo, de profunda importancia y elegancia excepcional, \u201c<em>sobre las hip\u00f3tesis que subyacen en los fundamentos de la geometr\u00eda<\/em>\u201d  derrib\u00f3 pilares de la geometr\u00eda cl\u00e1sica griega, que hab\u00edan resistido  con \u00e9xito todos los asaltos de los esc\u00e9pticos durante dos milenios. La  vieja geometr\u00eda de Euclides, en la cual todas las figuras geom\u00e9tricas  son de dos o tres dimensiones, se ven\u00eda abajo, mientras una nueva  geometr\u00eda riemanniana surg\u00eda de sus ruinas. La revoluci\u00f3n riemanniana  iba a tener grandes consecuencias para el futuro de las artes y las  ciencias. En menos de tres decenios, la \u201cmisteriosa cuarta dimensi\u00f3n\u201d  influir\u00eda en la evoluci\u00f3n del arte, la filosof\u00eda y la literatura en toda  Europa. Antes de que hubieran pasado seis decenios a partir de la  conferencia de Riemann, <a href=\"#\" onclick=\"referencia('einstein',event); return false;\">Einstein<\/a> utilizar\u00eda la geometr\u00eda riemanniana tetradimensional para explicar la  creaci\u00f3n del universo y su evoluci\u00f3n mediante su asombrosa teor\u00eda de la <a href=\"#\" onclick=\"referencia('relatividad',event); return false;\">relatividad<\/a> general. Ciento treinta a\u00f1os despu\u00e9s de su conferencia, los f\u00edsicos  utilizar\u00edan la geometr\u00eda decadimensional para intentar unir todas las  leyes del universo. El n\u00facleo de la obra de Riemann era la comprensi\u00f3n  de las leyes f\u00edsicas mediante su simplificaci\u00f3n al contemplarlas en  espacios de m\u00e1s dimensiones.<\/p>\n<p style=\"text-align: justify;\">Contradictoriamente,  Riemann era la persona menos indicada para anunciar tan profunda y  completa evoluci\u00f3n en el pensamiento matem\u00e1tico y f\u00edsico. Era hura\u00f1o,  solitario y sufr\u00eda crisis nerviosas. De salud muy precaria que arruin\u00f3  su vida en la miseria abyecta y la tuberculosis.<\/p>\n<p><!--more--><\/p>\n<p style=\"text-align: justify;\">Riemann naci\u00f3 en  1.826 en Hannover, Alemania, segundo de los seis hijos de un pobre  pastor luterano que trabaj\u00f3 y se esforz\u00f3 como humilde predicador para  alimentar a su numerosa familia que, mal alimentada, tendr\u00edan una  delicada salud que les llevar\u00eda a una temprana muerte. La madre de  Riemann tambi\u00e9n muri\u00f3 antes de que sus hijos hubieran crecido.<\/p>\n<p style=\"text-align: justify;\">A edad muy temprana,  Riemann mostraba ya los rasgos que le hicieron famoso: incre\u00edble  capacidad de c\u00e1lculo que era el contrapunto a su gran timidez y temor a  expresarse en p\u00fablico. Terriblemente apocado era objeto de bromas de  otros ni\u00f1os, lo que le hizo recogerse a\u00fan m\u00e1s en un mundo matem\u00e1tico  intensamente privado que le salvaba del mundo hostil exterior.<\/p>\n<p style=\"text-align: justify;\">Para complacer a su  padre, Riemann se propuso hacerse estudiante de teolog\u00eda, obtener un  puesto remunerado como pastor y ayudar a su familia.\u00a0 En la escuela  secundaria estudi\u00f3 la Biblia con intensidad, pero sus pensamientos  volv\u00edan siempre a las matem\u00e1ticas. Aprend\u00eda tan r\u00e1pidamente que siempre  estaba por delante de los conocimientos de sus instructores, que  encontraron imposible mantenerse a su altura. Finalmente, el director de  la escuela dio a Riemann un pesado libro para mantenerle ocupado. El  libro era la Teor\u00eda de n\u00fameros de Adrien-Marie Legendre, una voluminosa  obra maestra de 859 p\u00e1ginas, el tratado m\u00e1s avanzado del mundo sobre el  dif\u00edcil tema de la teor\u00eda de n\u00fameros. Riemann devor\u00f3 el libro en seis  d\u00edas.<\/p>\n<p style=\"text-align: justify;\">Cuando el director le pregunt\u00f3: \u201c<em>\u00bfhasta d\u00f3nde has le\u00eddo?<\/em>\u201d, el joven Riemann respondi\u00f3: \u201c<em>este es un libro maravilloso. Ya me lo s\u00e9 todo<\/em>\u201d.<\/p>\n<p style=\"text-align: justify;\">Sin creerse realmente  la afirmaci\u00f3n de su pupilo, el director le plante\u00f3 varios meses despu\u00e9s  cuestiones complejas sobre el contenido del libro, que Riemann  respondi\u00f3 correctamente.<\/p>\n<p style=\"text-align: justify;\">Con mil sacrificios,  el padre de Riemann consigui\u00f3 reunir los fondos necesarios para que a  los 19 a\u00f1os pudiera acudir a la Universidad de G\u00f6ttingen, donde encontr\u00f3  a Carl Friedrich Gauss, el aclamado por todos \u201cPr\u00edncipe de las  Matem\u00e1ticas\u201d, uno de los mayores matem\u00e1ticos de todos los tiempos.  Incluso hoy, si hacemos una selecci\u00f3n por expertos para distinguir a los  matem\u00e1ticos m\u00e1s grandes de la Historia, aparecer\u00e1 indudablemente  Euclides, Arqu\u00edmedes, <a href=\"#\" onclick=\"referencia('newton',event); return false;\">Newton<\/a> y Gauss.<\/p>\n<p style=\"text-align: justify;\">Los estudios de  Riemann no fueron un camino de rosas precisamente.\u00a0 Alemania sacudida  por disturbios, manifestaciones y levantamientos, fue reclutado en el  cuerpo de estudiantes para proteger al rey en el palacio real de Berl\u00edn y  sus estudios quedaron interrumpidos.<\/p>\n<p style=\"text-align: justify;\">En aquel ambiente, el  problema que capt\u00f3 el inter\u00e9s de Riemann fue el colapso que, seg\u00fan el  pensaba, supon\u00eda la geometr\u00eda euclidiana, que mantiene que el espacio es  tridimensional y \u201cplano\u201d (en el espacio plano, la distancia m\u00e1s corta  entre dos puntos es la l\u00ednea recta; lo que descarta la posibilidad de  que el espacio pueda estar curvado, como en una esfera).<\/p>\n<p style=\"text-align: justify;\">Para Riemann, la  geometr\u00eda de Euclides era particularmente est\u00e9ril cuando se la comparaba  con la rica diversidad del mundo. En ninguna parte ve\u00eda Riemann las  figuras geom\u00e9tricas planas idealizadas por Euclides. Las monta\u00f1as, las  olas del mar, las nubes y los torbellinos no son c\u00edrculos, tri\u00e1ngulos o  cuadrados perfectos, sino objetos curvos que se doblan y retuercen en  una diversidad infinita. Riemann, ante aquella realidad, se rebel\u00f3  contra la aparente precisi\u00f3n matem\u00e1tica de la geometr\u00eda griega, cuyos  fundamentos, descubri\u00f3 \u00e9l, estaban basados en definitiva sobre las  arenas movedizas del sentido com\u00fan y la intuici\u00f3n, no sobre el terreno  firme de la l\u00f3gica y la realidad del mundo.<\/p>\n<p style=\"text-align: justify;\">Euclides nos habl\u00f3 de  la obviedad de que un punto no tiene dimensi\u00f3n.\u00a0 Una l\u00ednea tiene una  dimensi\u00f3n: longitud. Un plano tiene dos dimensiones: longitud y anchura.  Un s\u00f3lido tiene tres dimensiones: longitud, anchura y altura. Y all\u00ed se  detiene. Nada tiene cuatro dimensiones, incluso Arist\u00f3teles afirm\u00f3 que  la cuarta dimensi\u00f3n era imposible. En <em>Sobre el cielo<\/em>, escribi\u00f3: \u201c<em>La  l\u00ednea tiene magnitud en una direcci\u00f3n, el plano en dos direcciones, y  el s\u00f3lido en tres direcciones, y m\u00e1s all\u00e1 de \u00e9stas no hay otra magnitud  porque los tres son todas<\/em>\u201d. Adem\u00e1s, en el a\u00f1o 150 d. C. el  astr\u00f3nomo Ptolomeo de Alejandr\u00eda fue m\u00e1s all\u00e1 de Arist\u00f3teles y ofreci\u00f3,  en su libro sobre la distancia, la primera \u201cdemostraci\u00f3n\u201d ingeniosa de  que la cuarta dimensi\u00f3n es imposible.<\/p>\n<p style=\"text-align: justify;\">En realidad, lo \u00fanico  que Ptolomeo demostraba era que era imposible visualizar la cuarta  dimensi\u00f3n con nuestros cerebros tridimensionales (de hecho, hoy sabemos  que muchos objetos matem\u00e1ticos no pueden ser visualizados, aunque puede  demostrarse que en realidad, existen). Ptolomeo puede pasar a la  Historia como el hombre que se opuso a dos grandes ideas en la ciencia:  el sistema solar helioc\u00e9ntrico y la cuarta dimensi\u00f3n.<\/p>\n<p style=\"text-align: justify;\">La ruptura decisiva  con la geometr\u00eda euclidiana lleg\u00f3 cuando Gauss pidi\u00f3 a su disc\u00edpulo  Riemann que preparara una presentaci\u00f3n oral sobre los \u201cfundamentos de la  geometr\u00eda\u201d. Gauss estaba muy interesado en ver si su disc\u00edpulo pod\u00eda  desarrollar una alternativa a la geometr\u00eda de Euclides.<\/p>\n<p style=\"text-align: justify;\">Riemann desarroll\u00f3 su teor\u00eda de dimensiones m\u00e1s altas para hacer posible la comprensi\u00f3n del Universo en el que vivimos. M\u00e1s tarde, lleg\u00f3 <a href=\"#\" onclick=\"referencia('einstein',event); return false;\">Einstein<\/a> para comprender la grandeza del trabajo de Riemann y hacer posible el desarrollo final de su teor\u00eda de la Gravedad.<\/p>\n<p style=\"text-align: justify;\">Todos estos conocimientos los podeis tener a mano simplemente leyendo el libro &#8220;Hiperespacio&#8221; de Michio Kaku que, con magistral sencillez, nos explica todo esto y m\u00e1s.<\/p>\n<p style=\"text-align: justify;\">Pero vayamos a la siguiente entrada y conozcamos mejor a Riemann.<\/p>\n<div class='bookmark'>\r\n\t\t<table align='left' border='0' cellpadding='0' width='100%'>\r\n\t\t<tr><td><span class='pushbutton'><a href='http:\/\/delicious.com\/post?url=http%3A%2F%2Fwww.emiliosilveravazquez.com%2Fblog%2F2011%2F02%2F01%2Fpresentemos-a-riemann%2F&amp;title=Presentemos+a+Riemann' title='Delicious' target='_blank' rel='nofollow'><img src='http:\/\/www.emiliosilveravazquez.com\/blog\/wp-content\/plugins\/knxdt-bookmarks-wordpress-plugin\/images\/delicious.png'  alt='' class='book_img' border='none' style='margin:1px; padding: 0;'  \/><\/a><\/span><span class='pushbutton'><a href='http:\/\/digg.com\/submit?url=http%3A%2F%2Fwww.emiliosilveravazquez.com%2Fblog%2F2011%2F02%2F01%2Fpresentemos-a-riemann%2F&amp;title=Presentemos+a+Riemann' title='Digg' target='_blank' rel='nofollow'><img src='http:\/\/www.emiliosilveravazquez.com\/blog\/wp-content\/plugins\/knxdt-bookmarks-wordpress-plugin\/images\/digg.png'  alt='' class='book_img' border='none' style='margin:1px; padding: 0;'  \/><\/a><\/span><span class='pushbutton'><a href='http:\/\/www.google.com\/bookmarks\/mark?op=edit&amp;bkmk=http%3A%2F%2Fwww.emiliosilveravazquez.com%2Fblog%2F2011%2F02%2F01%2Fpresentemos-a-riemann%2F&amp;title=Presentemos+a+Riemann' title='Google' target='_blank' rel='nofollow'><img src='http:\/\/www.emiliosilveravazquez.com\/blog\/wp-content\/plugins\/knxdt-bookmarks-wordpress-plugin\/images\/google.png'   alt='' class='book_img' border='none' style='margin:1px; padding: 0;'  \/><\/a><\/span><span class='pushbutton'><a href='http:\/\/myweb2.search.yahoo.com\/myresults\/bookmarklet?u=http%3A%2F%2Fwww.emiliosilveravazquez.com%2Fblog%2F2011%2F02%2F01%2Fpresentemos-a-riemann%2F&amp;t=Presentemos+a+Riemann' title='Yahoo' target='_blank' rel='nofollow'><img src='http:\/\/www.emiliosilveravazquez.com\/blog\/wp-content\/plugins\/knxdt-bookmarks-wordpress-plugin\/images\/yahoo.png'  alt='' class='book_img' border='none' style='margin:1px; padding: 0;'  \/><\/a><\/span><span class='pushbutton'><a href='http:\/\/www.technorati.com\/faves?add=http%3A%2F%2Fwww.emiliosilveravazquez.com%2Fblog%2F2011%2F02%2F01%2Fpresentemos-a-riemann%2F' title='Technorati' target='_blank' rel='nofollow'><img src='http:\/\/www.emiliosilveravazquez.com\/blog\/wp-content\/plugins\/knxdt-bookmarks-wordpress-plugin\/images\/technorati.png'  alt='' class='book_img' border='none' style='margin:1px; padding: 0;'  \/><\/a><\/span><span class='pushbutton'><a href='http:\/\/meneame.net\/submit.php?url=http%3A%2F%2Fwww.emiliosilveravazquez.com%2Fblog%2F2011%2F02%2F01%2Fpresentemos-a-riemann%2F' title='Meneame' target='_blank' rel='nofollow'><img src='http:\/\/www.emiliosilveravazquez.com\/blog\/wp-content\/plugins\/knxdt-bookmarks-wordpress-plugin\/images\/meneame.png'  alt='' class='book_img' border='none' style='margin:1px; padding: 0;'  \/><\/a><\/span><span class='pushbutton'><a href='http:\/\/enchilame.com\/submit.php?url=http:\/\/www.emiliosilveravazquez.com\/blog\/2011\/02\/01\/presentemos-a-riemann\/' target='_blank' rel='nofollow'><img title='Enchilame' src='http:\/\/www.emiliosilveravazquez.com\/blog\/wp-content\/plugins\/knxdt-bookmarks-wordpress-plugin\/images\/enchilame.png'  alt='' class='book_img' border='none' style='margin:1px; padding: 0;'  \/><\/a><\/span><span class='pushbutton'><a href='http:\/\/www.blinklist.com\/index.php?Action=Blink\/addblink.php&amp;Description=&amp;Url=http%3A%2F%2Fwww.emiliosilveravazquez.com%2Fblog%2F2011%2F02%2F01%2Fpresentemos-a-riemann%2F&amp;title=Presentemos+a+Riemann' title='BlinkList' target='_blank' rel='nofollow'><img src='http:\/\/www.emiliosilveravazquez.com\/blog\/wp-content\/plugins\/knxdt-bookmarks-wordpress-plugin\/images\/blinklist.png'  alt='' class='book_img' border='none' style='margin:1px; padding: 0;'  \/><\/a><\/span><span class='pushbutton'><a href='http:\/\/reddit.com\/submit?url=http%3A%2F%2Fwww.emiliosilveravazquez.com%2Fblog%2F2011%2F02%2F01%2Fpresentemos-a-riemann%2F&amp;title=Presentemos+a+Riemann' title='Reddit' target='_blank' rel='nofollow'><img src='http:\/\/www.emiliosilveravazquez.com\/blog\/wp-content\/plugins\/knxdt-bookmarks-wordpress-plugin\/images\/reddit.png'  alt='' class='book_img' border='none' style='margin:1px; padding: 0;'  \/><\/a><\/span><span class='pushbutton'><a href='http:\/\/www.tecnologiadiaria.com\/2009\/07\/abrir-com-hotmail-correo.html' target='_blank' title='hotmail'><img src='http:\/\/www.emiliosilveravazquez.com\/blog\/wp-content\/plugins\/knxdt-bookmarks-wordpress-plugin\/images\/linklove.png' alt='hotmail correo' class='book_img' border='none' style='margin:1px; padding: 0;' \/><\/a><\/span><span class='pushbutton'><a href='http:\/\/bitacoras.com\/votar\/anotacion\/externo\/mini\/www.emiliosilveravazquez.com\/blog\/2011\/02\/01\/presentemos-a-riemann\/' title='Bitacoras.com' target='_blank' rel='nofollow'><img src='http:\/\/www.emiliosilveravazquez.com\/blog\/wp-content\/plugins\/knxdt-bookmarks-wordpress-plugin\/images\/bitacoras.png'  alt='' class='book_img' border='none' style='margin:1px; padding: 0;'  \/><\/a><\/span><span class='pushbutton'><a href='http:\/\/www.wikio.es\/vote?url=http%3A%2F%2Fwww.emiliosilveravazquez.com%2Fblog%2F2011%2F02%2F01%2Fpresentemos-a-riemann%2F' title='Wikio' target='_blank' rel='nofollow'><img src='http:\/\/www.emiliosilveravazquez.com\/blog\/wp-content\/plugins\/knxdt-bookmarks-wordpress-plugin\/images\/wikio.png'   alt='' class='book_img' border='none' style='margin:1px; padding: 0;'   \/><\/a><\/span><span class='pushbutton'><a href='http:\/\/friendfeed.com\/?url=http%3A%2F%2Fwww.emiliosilveravazquez.com%2Fblog%2F2011%2F02%2F01%2Fpresentemos-a-riemann%2F&amp;title=Presentemos+a+Riemann' title='Friend Feed' target='_blank' rel='nofollow'><img src='http:\/\/www.emiliosilveravazquez.com\/blog\/wp-content\/plugins\/knxdt-bookmarks-wordpress-plugin\/images\/friendfeed.png'  alt='' class='book_img' border='none' style='margin:1px; padding: 0;'  \/><\/a><\/span><span class='pushbutton'><a href='http:\/\/www.facebook.com\/share.php?u=http%3A%2F%2Fwww.emiliosilveravazquez.com%2Fblog%2F2011%2F02%2F01%2Fpresentemos-a-riemann%2F&amp;t=Presentemos+a+Riemann' title='Facebook' target='_blank' rel='nofollow'><img src='http:\/\/www.emiliosilveravazquez.com\/blog\/wp-content\/plugins\/knxdt-bookmarks-wordpress-plugin\/images\/facebook.png'  alt='' class='book_img' border='none' style='margin:1px; padding: 0;'  \/><\/a><\/span><span class='pushbutton'><a href='http:\/\/twitter.com\/home?status=Presentemos+a+Riemann: http%3A%2F%2Fwww.emiliosilveravazquez.com%2Fblog%2F2011%2F02%2F01%2Fpresentemos-a-riemann%2F' title='Twitter' target='_blank' rel='nofollow'><img src='http:\/\/www.emiliosilveravazquez.com\/blog\/wp-content\/plugins\/knxdt-bookmarks-wordpress-plugin\/images\/twitter.png'  alt='' class='book_img' border='none' style='margin:1px; padding: 0;'  \/><\/a><\/span><span class='pushbutton'><a href='http:\/\/www.feedburner.com\/fb\/a\/emailFlare?itemTitle=Presentemos+a+Riemann&amp;uri=http%3A%2F%2Fwww.emiliosilveravazquez.com%2Fblog%2F2011%2F02%2F01%2Fpresentemos-a-riemann%2F' title='Enviar por Email' target='_blank' rel='nofollow'><img src='http:\/\/www.emiliosilveravazquez.com\/blog\/wp-content\/plugins\/knxdt-bookmarks-wordpress-plugin\/images\/email.png'  alt='' class='book_img' border='none' style='margin:1px; padding: 0;'  \/><\/a><\/span><span style='font-weight:bold; padding-left: 5px;'><a href='http:\/\/wordpress.org\/extend\/plugins\/knxdt-bookmarks-wordpress-plugin\/' title='Plugin' rel='nofollow' target='_blank'>[?]<\/a><\/span><\/td><\/tr><\/table><br\/><br\/><\/div>","protected":false},"excerpt":{"rendered":"<p>Recuerdo aqu\u00ed uno de esos extra\u00f1os casos que surgi\u00f3 el d\u00eda 10 de Junio de 1.854 con el nacimiento de una nueva geometr\u00eda: la teor\u00eda de dimensiones m\u00e1s altas que fue introducida cuando Georg Friedrich Bernhard Riemann dio su c\u00e9lebre conferencia en la facultad de la Universidad de G\u00f6ttingen en Alemania. Aquello fue como abrir [&hellip;]<\/p>\n","protected":false},"author":2,"featured_media":0,"comment_status":"open","ping_status":"open","sticky":false,"template":"","format":"standard","meta":{"_s2mail":"yes","footnotes":""},"categories":[1],"tags":[],"_links":{"self":[{"href":"http:\/\/www.emiliosilveravazquez.com\/blog\/wp-json\/wp\/v2\/posts\/4640"}],"collection":[{"href":"http:\/\/www.emiliosilveravazquez.com\/blog\/wp-json\/wp\/v2\/posts"}],"about":[{"href":"http:\/\/www.emiliosilveravazquez.com\/blog\/wp-json\/wp\/v2\/types\/post"}],"author":[{"embeddable":true,"href":"http:\/\/www.emiliosilveravazquez.com\/blog\/wp-json\/wp\/v2\/users\/2"}],"replies":[{"embeddable":true,"href":"http:\/\/www.emiliosilveravazquez.com\/blog\/wp-json\/wp\/v2\/comments?post=4640"}],"version-history":[{"count":0,"href":"http:\/\/www.emiliosilveravazquez.com\/blog\/wp-json\/wp\/v2\/posts\/4640\/revisions"}],"wp:attachment":[{"href":"http:\/\/www.emiliosilveravazquez.com\/blog\/wp-json\/wp\/v2\/media?parent=4640"}],"wp:term":[{"taxonomy":"category","embeddable":true,"href":"http:\/\/www.emiliosilveravazquez.com\/blog\/wp-json\/wp\/v2\/categories?post=4640"},{"taxonomy":"post_tag","embeddable":true,"href":"http:\/\/www.emiliosilveravazquez.com\/blog\/wp-json\/wp\/v2\/tags?post=4640"}],"curies":[{"name":"wp","href":"https:\/\/api.w.org\/{rel}","templated":true}]}}